{"id":901,"date":"2020-02-06T14:26:38","date_gmt":"2020-02-06T17:26:38","guid":{"rendered":"http:\/\/blog.ninamartinelli.com.br\/?p=901"},"modified":"2020-02-06T15:23:08","modified_gmt":"2020-02-06T18:23:08","slug":"o-verde-e-o-relevo-3d-que-deram-personalidade-a-fachada-contemporanea-em-piracicaba","status":"publish","type":"post","link":"https:\/\/ninamartinelli.com.br\/blog2\/o-verde-e-o-relevo-3d-que-deram-personalidade-a-fachada-contemporanea-em-piracicaba\/","title":{"rendered":"O verde e o relevo 3D que deram personalidade \u00e0 fachada contempor\u00e2nea em Piracicaba"},"content":{"rendered":"<p><em><strong>Im\u00f3vel projetado em linhas retas, grandes v\u00e3os e volumes bem proporcionais ganhou fachada com toque sofisticado de design com o revestimento Esagonale<\/strong><\/em><\/p>\n<p>O Residencial Villa D\u2019\u00c1quilla, em Piracicaba, pode ser considerado um dos mais diferenciados e importantes empreendimentos imobili\u00e1rios residenciais j\u00e1 lan\u00e7ados nessa important\u00edssima cidade paulista. E os motivos s\u00e3o v\u00e1rios. Agregado ao Parque Jequitib\u00e1, com quase 90 mil m\u00b2 de \u00e1rea verde, fruto de um caprichoso projeto de recupera\u00e7\u00e3o ambiental, o Villa D\u2019\u00c1quilla oferece uma estrutura de clube privado aos seus moradores e, para al\u00e9m dos equipamentos de lazer, \u00e9 tamb\u00e9m pr\u00f3ximo ao Shopping Piracicaba, numa das mais valorizadas regi\u00f5es do munic\u00edpio.<\/p>\n<p>Nesse contexto de excel\u00eancia, os clientes da arquiteta <strong>Manoela Serafini<\/strong>, do escrit\u00f3rio MS Arquitetura &amp; Interiores, solicitaram um projeto pr\u00e1tico, moderno e muito funcional para uma resid\u00eancia que abrigasse um casal com crian\u00e7as pequenas.<br \/>\nManoela ent\u00e3o projetou uma casa com 300 m\u00b2 de constru\u00e7\u00e3o, compostos de sala de estar, sala de TV, cozinha gourmet, quatro su\u00edtes, escrit\u00f3rio e garagem para tr\u00eas carros.<\/p>\n<p>Como os clientes queriam uma fachada contempor\u00e2nea, a profissional tirou partido das linhas retas e de um imponente p\u00e9-direito duplo, ladeado por uma ampla sacada e por um grande v\u00e3o livre da garagem. Os volumes bem proporcionados, as esquadrias modernas, muito vidro transl\u00facido e um paisagismo ao mesmo tempo minimalista e impactante, acrescentaram personalidade \u00e0 fachada do im\u00f3vel.<\/p>\n<p><img loading=\"lazy\" decoding=\"async\" class=\"alignleft wp-image-907 size-medium\" src=\"http:\/\/blog.ninamartinelli.com.br\/wp-content\/uploads\/2020\/02\/esagonale_nina_4-300x300.jpg\" alt=\"\" width=\"300\" height=\"300\" srcset=\"https:\/\/ninamartinelli.com.br\/blog2\/wp-content\/uploads\/2020\/02\/esagonale_nina_4-300x300.jpg 300w, https:\/\/ninamartinelli.com.br\/blog2\/wp-content\/uploads\/2020\/02\/esagonale_nina_4-150x150.jpg 150w, https:\/\/ninamartinelli.com.br\/blog2\/wp-content\/uploads\/2020\/02\/esagonale_nina_4-50x50.jpg 50w, https:\/\/ninamartinelli.com.br\/blog2\/wp-content\/uploads\/2020\/02\/esagonale_nina_4.jpg 500w\" sizes=\"auto, (max-width: 300px) 100vw, 300px\" \/>Faltava, entretanto, uma textura que quebrasse a homogeneidade das superf\u00edcies lisas dos elementos arquitet\u00f4nicos, e desse movimento ao conjunto.<br \/>\nEfeito obtido com a escolha do revestimento <strong>Esagonale<\/strong>, da Nina Martinelli, para \u2018vestir\u2019 parte da fachada e tamb\u00e9m uma das paredes da garagem, mais especificamente aquela junto \u00e0 entrada principal da casa, onde foram instaladas tr\u00eas arandelas de duplo facho longo.<br \/>\nCom suas formas geom\u00e9tricas, o Esagonale Nina Martinelli confere design e sofistica\u00e7\u00e3o aos ambientes \u2013 internos ou externos. \u00c9 fabricado em corpo \u00fanico, ou seja, sem emendas. O que garante aplica\u00e7\u00e3o f\u00e1cil, perfeita e com acamento refinado.<\/p>\n<p>Dispon\u00edvel nas cores Beige, Bianco,\u00a0 Grigio e Concreto \u2013 esta \u00faltima a escolhida por Manoela, o Esagonale tem 26x26cm \u00e9 feito de cimento com alta tecnologia agregada, o que resulta num material que oferece beleza, durabilidade e facilidade de manuten\u00e7\u00e3o.<\/p>\n<h3>Contraste perfeito<\/h3>\n<p>&nbsp;<\/p>\n<p>Segundo Manoela, o resultado foi plenamente alcan\u00e7ado e os clientes ficaram totalmente satisfeitos. <strong><em>\u201cCom o Esagonale da Nina Martinelli, garantimos um material diferenciado \u00e0 fachada, que \u00e9 alta. Conseguimos um efeito tridimensional que contrasta perfeitamente com o paisagismo, com um resultado muito elegante\u201d<\/em><\/strong>, explica ela. <strong><em>\u201cAl\u00e9m disso, o Esagonale \u00e9 muito f\u00e1cil de ser instalado\u201d<\/em><\/strong>, complementa. <strong><em>\u201cFicou maravilhoso\u201d<\/em><\/strong>, conclui ela.<\/p>\n<hr \/>\n<p>&nbsp;<\/p>\n<p><img loading=\"lazy\" decoding=\"async\" class=\"aligncenter size-full wp-image-902\" src=\"http:\/\/blog.ninamartinelli.com.br\/wp-content\/uploads\/2020\/02\/esagonale_nina_2.jpg\" alt=\"\" width=\"1000\" height=\"500\" srcset=\"https:\/\/ninamartinelli.com.br\/blog2\/wp-content\/uploads\/2020\/02\/esagonale_nina_2.jpg 1000w, https:\/\/ninamartinelli.com.br\/blog2\/wp-content\/uploads\/2020\/02\/esagonale_nina_2-300x150.jpg 300w, https:\/\/ninamartinelli.com.br\/blog2\/wp-content\/uploads\/2020\/02\/esagonale_nina_2-768x384.jpg 768w\" sizes=\"auto, (max-width: 1000px) 100vw, 1000px\" \/><\/p>\n<p><img loading=\"lazy\" decoding=\"async\" class=\"aligncenter size-full wp-image-912\" src=\"http:\/\/blog.ninamartinelli.com.br\/wp-content\/uploads\/2020\/02\/esagonale_nina_5.jpg\" alt=\"\" width=\"1000\" height=\"500\" srcset=\"https:\/\/ninamartinelli.com.br\/blog2\/wp-content\/uploads\/2020\/02\/esagonale_nina_5.jpg 1000w, https:\/\/ninamartinelli.com.br\/blog2\/wp-content\/uploads\/2020\/02\/esagonale_nina_5-300x150.jpg 300w, https:\/\/ninamartinelli.com.br\/blog2\/wp-content\/uploads\/2020\/02\/esagonale_nina_5-768x384.jpg 768w\" sizes=\"auto, (max-width: 1000px) 100vw, 1000px\" \/><\/p>\n<p>&nbsp;<\/p>\n<hr \/>\n<h4>Fachada de im\u00f3vel residencial \u2013 Villa D\u2019\u00c1quila \u2013 Piracicaba SP<br \/>\nRevestimento Esagonale 26x26cm \u2013 cor Concreto<br \/>\nProjeto: Manoela Serafini \u2013 MS Arquitetura &amp; Interiores <a href=\"https:\/\/www.instagram.com\/ms_arquiteturaeinteriores\/\" target=\"_blank\" rel=\"noopener noreferrer\">@ms_arquiteturaeinteriores<\/a><br \/>\nPaisagismo: Amaury Neto<br \/>\nFotos: Graziela Nogueira<\/h4>\n","protected":false},"excerpt":{"rendered":"<p>Im\u00f3vel projetado em linhas retas, grandes v\u00e3os e volumes bem proporcionais ganhou fachada com toque<\/p>\n","protected":false},"author":1,"featured_media":906,"comment_status":"open","ping_status":"open","sticky":false,"template":"","format":"standard","meta":{"footnotes":""},"categories":[60,8,26],"tags":[54,69,66],"class_list":["post-901","post","type-post","status-publish","format-standard","has-post-thumbnail","hentry","category-cimento","category-colezione-cemento","category-revestimentos","tag-cimenticio","tag-condominio","tag-fachada"],"yoast_head":"<!-- This site is optimized with the Yoast SEO plugin v26.8 - https:\/\/yoast.com\/product\/yoast-seo-wordpress\/ -->\n<title>O verde e o relevo 3D que deram personalidade \u00e0 fachada contempor\u00e2nea em Piracicaba - Blog Nina<\/title>\n<meta name=\"robots\" content=\"index, follow, max-snippet:-1, max-image-preview:large, max-video-preview:-1\" \/>\n<link rel=\"canonical\" href=\"https:\/\/ninamartinelli.com.br\/blog2\/o-verde-e-o-relevo-3d-que-deram-personalidade-a-fachada-contemporanea-em-piracicaba\/\" \/>\n<meta property=\"og:locale\" content=\"pt_BR\" \/>\n<meta property=\"og:type\" content=\"article\" \/>\n<meta property=\"og:title\" content=\"O verde e o relevo 3D que deram personalidade \u00e0 fachada contempor\u00e2nea em Piracicaba - Blog Nina\" \/>\n<meta property=\"og:description\" content=\"Im\u00f3vel projetado em linhas retas, grandes v\u00e3os e volumes bem proporcionais ganhou fachada com toque\" \/>\n<meta property=\"og:url\" content=\"https:\/\/ninamartinelli.com.br\/blog2\/o-verde-e-o-relevo-3d-que-deram-personalidade-a-fachada-contemporanea-em-piracicaba\/\" \/>\n<meta property=\"og:site_name\" content=\"Blog Nina\" \/>\n<meta property=\"article:author\" content=\"http:\/\/facebook.com.br\/ninamartinellioficial\" \/>\n<meta property=\"article:published_time\" content=\"2020-02-06T17:26:38+00:00\" \/>\n<meta property=\"article:modified_time\" content=\"2020-02-06T18:23:08+00:00\" \/>\n<meta property=\"og:image\" content=\"https:\/\/ninamartinelli.com.br\/blog2\/wp-content\/uploads\/2020\/02\/esagonale_nina_1.jpg\" \/>\n\t<meta property=\"og:image:width\" content=\"900\" \/>\n\t<meta property=\"og:image:height\" content=\"900\" \/>\n\t<meta property=\"og:image:type\" content=\"image\/jpeg\" \/>\n<meta name=\"author\" content=\"Comunica\u00e7\u00e3o Nina\" \/>\n<meta name=\"twitter:card\" content=\"summary_large_image\" \/>\n<meta name=\"twitter:label1\" content=\"Escrito por\" \/>\n\t<meta name=\"twitter:data1\" content=\"Comunica\u00e7\u00e3o Nina\" \/>\n\t<meta name=\"twitter:label2\" content=\"Est. tempo de leitura\" \/>\n\t<meta name=\"twitter:data2\" content=\"2 minutos\" \/>\n<script type=\"application\/ld+json\" class=\"yoast-schema-graph\">{\"@context\":\"https:\/\/schema.org\",\"@graph\":[{\"@type\":\"Article\",\"@id\":\"https:\/\/ninamartinelli.com.br\/blog2\/o-verde-e-o-relevo-3d-que-deram-personalidade-a-fachada-contemporanea-em-piracicaba\/#article\",\"isPartOf\":{\"@id\":\"https:\/\/ninamartinelli.com.br\/blog2\/o-verde-e-o-relevo-3d-que-deram-personalidade-a-fachada-contemporanea-em-piracicaba\/\"},\"author\":{\"name\":\"Comunica\u00e7\u00e3o Nina\",\"@id\":\"https:\/\/ninamartinelli.com.br\/blog2\/#\/schema\/person\/880a2cdee0a047e9b55254085d24f922\"},\"headline\":\"O verde e o relevo 3D que deram personalidade \u00e0 fachada contempor\u00e2nea em Piracicaba\",\"datePublished\":\"2020-02-06T17:26:38+00:00\",\"dateModified\":\"2020-02-06T18:23:08+00:00\",\"mainEntityOfPage\":{\"@id\":\"https:\/\/ninamartinelli.com.br\/blog2\/o-verde-e-o-relevo-3d-que-deram-personalidade-a-fachada-contemporanea-em-piracicaba\/\"},\"wordCount\":502,\"commentCount\":0,\"publisher\":{\"@id\":\"https:\/\/ninamartinelli.com.br\/blog2\/#organization\"},\"image\":{\"@id\":\"https:\/\/ninamartinelli.com.br\/blog2\/o-verde-e-o-relevo-3d-que-deram-personalidade-a-fachada-contemporanea-em-piracicaba\/#primaryimage\"},\"thumbnailUrl\":\"https:\/\/ninamartinelli.com.br\/blog2\/wp-content\/uploads\/2020\/02\/esagonale_nina_1.jpg\",\"keywords\":[\"cimenticio\",\"condominio\",\"fachada\"],\"articleSection\":[\"Cimento\",\"Colezione Cemento\",\"Revestimentos\"],\"inLanguage\":\"pt-BR\",\"potentialAction\":[{\"@type\":\"CommentAction\",\"name\":\"Comment\",\"target\":[\"https:\/\/ninamartinelli.com.br\/blog2\/o-verde-e-o-relevo-3d-que-deram-personalidade-a-fachada-contemporanea-em-piracicaba\/#respond\"]}]},{\"@type\":\"WebPage\",\"@id\":\"https:\/\/ninamartinelli.com.br\/blog2\/o-verde-e-o-relevo-3d-que-deram-personalidade-a-fachada-contemporanea-em-piracicaba\/\",\"url\":\"https:\/\/ninamartinelli.com.br\/blog2\/o-verde-e-o-relevo-3d-que-deram-personalidade-a-fachada-contemporanea-em-piracicaba\/\",\"name\":\"O verde e o relevo 3D que deram personalidade \u00e0 fachada contempor\u00e2nea em Piracicaba - Blog Nina\",\"isPartOf\":{\"@id\":\"https:\/\/ninamartinelli.com.br\/blog2\/#website\"},\"primaryImageOfPage\":{\"@id\":\"https:\/\/ninamartinelli.com.br\/blog2\/o-verde-e-o-relevo-3d-que-deram-personalidade-a-fachada-contemporanea-em-piracicaba\/#primaryimage\"},\"image\":{\"@id\":\"https:\/\/ninamartinelli.com.br\/blog2\/o-verde-e-o-relevo-3d-que-deram-personalidade-a-fachada-contemporanea-em-piracicaba\/#primaryimage\"},\"thumbnailUrl\":\"https:\/\/ninamartinelli.com.br\/blog2\/wp-content\/uploads\/2020\/02\/esagonale_nina_1.jpg\",\"datePublished\":\"2020-02-06T17:26:38+00:00\",\"dateModified\":\"2020-02-06T18:23:08+00:00\",\"breadcrumb\":{\"@id\":\"https:\/\/ninamartinelli.com.br\/blog2\/o-verde-e-o-relevo-3d-que-deram-personalidade-a-fachada-contemporanea-em-piracicaba\/#breadcrumb\"},\"inLanguage\":\"pt-BR\",\"potentialAction\":[{\"@type\":\"ReadAction\",\"target\":[\"https:\/\/ninamartinelli.com.br\/blog2\/o-verde-e-o-relevo-3d-que-deram-personalidade-a-fachada-contemporanea-em-piracicaba\/\"]}]},{\"@type\":\"ImageObject\",\"inLanguage\":\"pt-BR\",\"@id\":\"https:\/\/ninamartinelli.com.br\/blog2\/o-verde-e-o-relevo-3d-que-deram-personalidade-a-fachada-contemporanea-em-piracicaba\/#primaryimage\",\"url\":\"https:\/\/ninamartinelli.com.br\/blog2\/wp-content\/uploads\/2020\/02\/esagonale_nina_1.jpg\",\"contentUrl\":\"https:\/\/ninamartinelli.com.br\/blog2\/wp-content\/uploads\/2020\/02\/esagonale_nina_1.jpg\",\"width\":900,\"height\":900},{\"@type\":\"BreadcrumbList\",\"@id\":\"https:\/\/ninamartinelli.com.br\/blog2\/o-verde-e-o-relevo-3d-que-deram-personalidade-a-fachada-contemporanea-em-piracicaba\/#breadcrumb\",\"itemListElement\":[{\"@type\":\"ListItem\",\"position\":1,\"name\":\"In\u00edcio\",\"item\":\"https:\/\/ninamartinelli.com.br\/blog2\/\"},{\"@type\":\"ListItem\",\"position\":2,\"name\":\"O verde e o relevo 3D que deram personalidade \u00e0 fachada contempor\u00e2nea em Piracicaba\"}]},{\"@type\":\"WebSite\",\"@id\":\"https:\/\/ninamartinelli.com.br\/blog2\/#website\",\"url\":\"https:\/\/ninamartinelli.com.br\/blog2\/\",\"name\":\"Nina Martinelli\",\"description\":\"#Nina_Martinelli\",\"publisher\":{\"@id\":\"https:\/\/ninamartinelli.com.br\/blog2\/#organization\"},\"potentialAction\":[{\"@type\":\"SearchAction\",\"target\":{\"@type\":\"EntryPoint\",\"urlTemplate\":\"https:\/\/ninamartinelli.com.br\/blog2\/?s={search_term_string}\"},\"query-input\":{\"@type\":\"PropertyValueSpecification\",\"valueRequired\":true,\"valueName\":\"search_term_string\"}}],\"inLanguage\":\"pt-BR\"},{\"@type\":\"Organization\",\"@id\":\"https:\/\/ninamartinelli.com.br\/blog2\/#organization\",\"name\":\"Blog Novidades\",\"url\":\"https:\/\/ninamartinelli.com.br\/blog2\/\",\"logo\":{\"@type\":\"ImageObject\",\"inLanguage\":\"pt-BR\",\"@id\":\"https:\/\/ninamartinelli.com.br\/blog2\/#\/schema\/logo\/image\/\",\"url\":\"http:\/\/blog.ninamartinelli.com.br\/wp-content\/uploads\/2022\/03\/logo_nina_blog.png\",\"contentUrl\":\"http:\/\/blog.ninamartinelli.com.br\/wp-content\/uploads\/2022\/03\/logo_nina_blog.png\",\"width\":500,\"height\":104,\"caption\":\"Blog Novidades\"},\"image\":{\"@id\":\"https:\/\/ninamartinelli.com.br\/blog2\/#\/schema\/logo\/image\/\"}},{\"@type\":\"Person\",\"@id\":\"https:\/\/ninamartinelli.com.br\/blog2\/#\/schema\/person\/880a2cdee0a047e9b55254085d24f922\",\"name\":\"Comunica\u00e7\u00e3o Nina\",\"image\":{\"@type\":\"ImageObject\",\"inLanguage\":\"pt-BR\",\"@id\":\"https:\/\/ninamartinelli.com.br\/blog2\/#\/schema\/person\/image\/\",\"url\":\"https:\/\/secure.gravatar.com\/avatar\/0d3d763fb83768dd001497d074d4c4f6?s=96&d=mm&r=g\",\"contentUrl\":\"https:\/\/secure.gravatar.com\/avatar\/0d3d763fb83768dd001497d074d4c4f6?s=96&d=mm&r=g\",\"caption\":\"Comunica\u00e7\u00e3o Nina\"},\"sameAs\":[\"http:\/\/ninamartinelli.com.br\",\"http:\/\/facebook.com.br\/ninamartinellioficial\",\"http:\/\/instagram.com\/ninamartinellioficial\"],\"url\":\"https:\/\/ninamartinelli.com.br\/blog2\/author\/nina\/\"}]}<\/script>\n<!-- \/ Yoast SEO plugin. -->","yoast_head_json":{"title":"O verde e o relevo 3D que deram personalidade \u00e0 fachada contempor\u00e2nea em Piracicaba - Blog Nina","robots":{"index":"index","follow":"follow","max-snippet":"max-snippet:-1","max-image-preview":"max-image-preview:large","max-video-preview":"max-video-preview:-1"},"canonical":"https:\/\/ninamartinelli.com.br\/blog2\/o-verde-e-o-relevo-3d-que-deram-personalidade-a-fachada-contemporanea-em-piracicaba\/","og_locale":"pt_BR","og_type":"article","og_title":"O verde e o relevo 3D que deram personalidade \u00e0 fachada contempor\u00e2nea em Piracicaba - Blog Nina","og_description":"Im\u00f3vel projetado em linhas retas, grandes v\u00e3os e volumes bem proporcionais ganhou fachada com toque","og_url":"https:\/\/ninamartinelli.com.br\/blog2\/o-verde-e-o-relevo-3d-que-deram-personalidade-a-fachada-contemporanea-em-piracicaba\/","og_site_name":"Blog Nina","article_author":"http:\/\/facebook.com.br\/ninamartinellioficial","article_published_time":"2020-02-06T17:26:38+00:00","article_modified_time":"2020-02-06T18:23:08+00:00","og_image":[{"width":900,"height":900,"url":"https:\/\/ninamartinelli.com.br\/blog2\/wp-content\/uploads\/2020\/02\/esagonale_nina_1.jpg","type":"image\/jpeg"}],"author":"Comunica\u00e7\u00e3o Nina","twitter_card":"summary_large_image","twitter_misc":{"Escrito por":"Comunica\u00e7\u00e3o Nina","Est. tempo de leitura":"2 minutos"},"schema":{"@context":"https:\/\/schema.org","@graph":[{"@type":"Article","@id":"https:\/\/ninamartinelli.com.br\/blog2\/o-verde-e-o-relevo-3d-que-deram-personalidade-a-fachada-contemporanea-em-piracicaba\/#article","isPartOf":{"@id":"https:\/\/ninamartinelli.com.br\/blog2\/o-verde-e-o-relevo-3d-que-deram-personalidade-a-fachada-contemporanea-em-piracicaba\/"},"author":{"name":"Comunica\u00e7\u00e3o Nina","@id":"https:\/\/ninamartinelli.com.br\/blog2\/#\/schema\/person\/880a2cdee0a047e9b55254085d24f922"},"headline":"O verde e o relevo 3D que deram personalidade \u00e0 fachada contempor\u00e2nea em Piracicaba","datePublished":"2020-02-06T17:26:38+00:00","dateModified":"2020-02-06T18:23:08+00:00","mainEntityOfPage":{"@id":"https:\/\/ninamartinelli.com.br\/blog2\/o-verde-e-o-relevo-3d-que-deram-personalidade-a-fachada-contemporanea-em-piracicaba\/"},"wordCount":502,"commentCount":0,"publisher":{"@id":"https:\/\/ninamartinelli.com.br\/blog2\/#organization"},"image":{"@id":"https:\/\/ninamartinelli.com.br\/blog2\/o-verde-e-o-relevo-3d-que-deram-personalidade-a-fachada-contemporanea-em-piracicaba\/#primaryimage"},"thumbnailUrl":"https:\/\/ninamartinelli.com.br\/blog2\/wp-content\/uploads\/2020\/02\/esagonale_nina_1.jpg","keywords":["cimenticio","condominio","fachada"],"articleSection":["Cimento","Colezione Cemento","Revestimentos"],"inLanguage":"pt-BR","potentialAction":[{"@type":"CommentAction","name":"Comment","target":["https:\/\/ninamartinelli.com.br\/blog2\/o-verde-e-o-relevo-3d-que-deram-personalidade-a-fachada-contemporanea-em-piracicaba\/#respond"]}]},{"@type":"WebPage","@id":"https:\/\/ninamartinelli.com.br\/blog2\/o-verde-e-o-relevo-3d-que-deram-personalidade-a-fachada-contemporanea-em-piracicaba\/","url":"https:\/\/ninamartinelli.com.br\/blog2\/o-verde-e-o-relevo-3d-que-deram-personalidade-a-fachada-contemporanea-em-piracicaba\/","name":"O verde e o relevo 3D que deram personalidade \u00e0 fachada contempor\u00e2nea em Piracicaba - Blog Nina","isPartOf":{"@id":"https:\/\/ninamartinelli.com.br\/blog2\/#website"},"primaryImageOfPage":{"@id":"https:\/\/ninamartinelli.com.br\/blog2\/o-verde-e-o-relevo-3d-que-deram-personalidade-a-fachada-contemporanea-em-piracicaba\/#primaryimage"},"image":{"@id":"https:\/\/ninamartinelli.com.br\/blog2\/o-verde-e-o-relevo-3d-que-deram-personalidade-a-fachada-contemporanea-em-piracicaba\/#primaryimage"},"thumbnailUrl":"https:\/\/ninamartinelli.com.br\/blog2\/wp-content\/uploads\/2020\/02\/esagonale_nina_1.jpg","datePublished":"2020-02-06T17:26:38+00:00","dateModified":"2020-02-06T18:23:08+00:00","breadcrumb":{"@id":"https:\/\/ninamartinelli.com.br\/blog2\/o-verde-e-o-relevo-3d-que-deram-personalidade-a-fachada-contemporanea-em-piracicaba\/#breadcrumb"},"inLanguage":"pt-BR","potentialAction":[{"@type":"ReadAction","target":["https:\/\/ninamartinelli.com.br\/blog2\/o-verde-e-o-relevo-3d-que-deram-personalidade-a-fachada-contemporanea-em-piracicaba\/"]}]},{"@type":"ImageObject","inLanguage":"pt-BR","@id":"https:\/\/ninamartinelli.com.br\/blog2\/o-verde-e-o-relevo-3d-que-deram-personalidade-a-fachada-contemporanea-em-piracicaba\/#primaryimage","url":"https:\/\/ninamartinelli.com.br\/blog2\/wp-content\/uploads\/2020\/02\/esagonale_nina_1.jpg","contentUrl":"https:\/\/ninamartinelli.com.br\/blog2\/wp-content\/uploads\/2020\/02\/esagonale_nina_1.jpg","width":900,"height":900},{"@type":"BreadcrumbList","@id":"https:\/\/ninamartinelli.com.br\/blog2\/o-verde-e-o-relevo-3d-que-deram-personalidade-a-fachada-contemporanea-em-piracicaba\/#breadcrumb","itemListElement":[{"@type":"ListItem","position":1,"name":"In\u00edcio","item":"https:\/\/ninamartinelli.com.br\/blog2\/"},{"@type":"ListItem","position":2,"name":"O verde e o relevo 3D que deram personalidade \u00e0 fachada contempor\u00e2nea em Piracicaba"}]},{"@type":"WebSite","@id":"https:\/\/ninamartinelli.com.br\/blog2\/#website","url":"https:\/\/ninamartinelli.com.br\/blog2\/","name":"Nina Martinelli","description":"#Nina_Martinelli","publisher":{"@id":"https:\/\/ninamartinelli.com.br\/blog2\/#organization"},"potentialAction":[{"@type":"SearchAction","target":{"@type":"EntryPoint","urlTemplate":"https:\/\/ninamartinelli.com.br\/blog2\/?s={search_term_string}"},"query-input":{"@type":"PropertyValueSpecification","valueRequired":true,"valueName":"search_term_string"}}],"inLanguage":"pt-BR"},{"@type":"Organization","@id":"https:\/\/ninamartinelli.com.br\/blog2\/#organization","name":"Blog Novidades","url":"https:\/\/ninamartinelli.com.br\/blog2\/","logo":{"@type":"ImageObject","inLanguage":"pt-BR","@id":"https:\/\/ninamartinelli.com.br\/blog2\/#\/schema\/logo\/image\/","url":"http:\/\/blog.ninamartinelli.com.br\/wp-content\/uploads\/2022\/03\/logo_nina_blog.png","contentUrl":"http:\/\/blog.ninamartinelli.com.br\/wp-content\/uploads\/2022\/03\/logo_nina_blog.png","width":500,"height":104,"caption":"Blog Novidades"},"image":{"@id":"https:\/\/ninamartinelli.com.br\/blog2\/#\/schema\/logo\/image\/"}},{"@type":"Person","@id":"https:\/\/ninamartinelli.com.br\/blog2\/#\/schema\/person\/880a2cdee0a047e9b55254085d24f922","name":"Comunica\u00e7\u00e3o Nina","image":{"@type":"ImageObject","inLanguage":"pt-BR","@id":"https:\/\/ninamartinelli.com.br\/blog2\/#\/schema\/person\/image\/","url":"https:\/\/secure.gravatar.com\/avatar\/0d3d763fb83768dd001497d074d4c4f6?s=96&d=mm&r=g","contentUrl":"https:\/\/secure.gravatar.com\/avatar\/0d3d763fb83768dd001497d074d4c4f6?s=96&d=mm&r=g","caption":"Comunica\u00e7\u00e3o Nina"},"sameAs":["http:\/\/ninamartinelli.com.br","http:\/\/facebook.com.br\/ninamartinellioficial","http:\/\/instagram.com\/ninamartinellioficial"],"url":"https:\/\/ninamartinelli.com.br\/blog2\/author\/nina\/"}]}},"_links":{"self":[{"href":"https:\/\/ninamartinelli.com.br\/blog2\/wp-json\/wp\/v2\/posts\/901","targetHints":{"allow":["GET"]}}],"collection":[{"href":"https:\/\/ninamartinelli.com.br\/blog2\/wp-json\/wp\/v2\/posts"}],"about":[{"href":"https:\/\/ninamartinelli.com.br\/blog2\/wp-json\/wp\/v2\/types\/post"}],"author":[{"embeddable":true,"href":"https:\/\/ninamartinelli.com.br\/blog2\/wp-json\/wp\/v2\/users\/1"}],"replies":[{"embeddable":true,"href":"https:\/\/ninamartinelli.com.br\/blog2\/wp-json\/wp\/v2\/comments?post=901"}],"version-history":[{"count":8,"href":"https:\/\/ninamartinelli.com.br\/blog2\/wp-json\/wp\/v2\/posts\/901\/revisions"}],"predecessor-version":[{"id":914,"href":"https:\/\/ninamartinelli.com.br\/blog2\/wp-json\/wp\/v2\/posts\/901\/revisions\/914"}],"wp:featuredmedia":[{"embeddable":true,"href":"https:\/\/ninamartinelli.com.br\/blog2\/wp-json\/wp\/v2\/media\/906"}],"wp:attachment":[{"href":"https:\/\/ninamartinelli.com.br\/blog2\/wp-json\/wp\/v2\/media?parent=901"}],"wp:term":[{"taxonomy":"category","embeddable":true,"href":"https:\/\/ninamartinelli.com.br\/blog2\/wp-json\/wp\/v2\/categories?post=901"},{"taxonomy":"post_tag","embeddable":true,"href":"https:\/\/ninamartinelli.com.br\/blog2\/wp-json\/wp\/v2\/tags?post=901"}],"curies":[{"name":"wp","href":"https:\/\/api.w.org\/{rel}","templated":true}]}}