{"id":839,"date":"2020-01-08T17:24:35","date_gmt":"2020-01-08T20:24:35","guid":{"rendered":"http:\/\/blog.ninamartinelli.com.br\/?p=839"},"modified":"2020-01-08T17:33:07","modified_gmt":"2020-01-08T20:33:07","slug":"casa-em-condominio-na-praia-projetado-por-arthur-casas","status":"publish","type":"post","link":"https:\/\/ninamartinelli.com.br\/blog2\/casa-em-condominio-na-praia-projetado-por-arthur-casas\/","title":{"rendered":"Casa em condom\u00ednio na praia, projetado por Arthur Casas"},"content":{"rendered":"<p><em><strong>Aberturas generosas e amplos pain\u00e9is de vidro enquadram o mar na maioria dos ambientes desta casa de 700 m\u00b2 no litoral paulista.<\/strong><\/em><\/p>\n<p>Com quase 30 anos de carreira, o arquiteto Arthur Casas traz no curr\u00edculo in\u00fameras obras, de moradias a restaurantes. At\u00e9 2008, no entanto, ainda faltava um condom\u00ednio na praia. Encomenda de uma construtora no litoral norte de S\u00e3o Paulo, este projeto saiu-se uma bela estreia: foi um dos vencedores do pr\u00eamio O Melhor da Arquitetura, de A&amp;C, em 2011. <em>\u201cA planta tinha que agradar a diversas fam\u00edlias, por isso h\u00e1 muitos quartos, espa\u00e7os de conviv\u00eancia e \u00e1rea lazer completa\u201d,<\/em> diz Arthur. Ainda que o cliente fosse indefinido, n\u00e3o importa, pois suas cria\u00e7\u00f5es sempre surgem de dentro para fora. Primeiro, ele pensa nas \u00e1reas internas, e s\u00f3 depois na forma. <em>\u201cEu me preocupo em fazer algo bonito, mas principalmente agrad\u00e1vel\u201d,<\/em> revela. A presen\u00e7a do mar ao fundo facilitou ambas as premissas e sugeriu a dilui\u00e7\u00e3o dos limites entre \u00e1reas internas e externas. \u201cConsegui v\u00e1rias situa\u00e7\u00f5es para contempl\u00e1-lo\u201d, completa.<\/p>\n<hr \/>\n<div id='gallery-1' class='gallery galleryid-839 gallery-columns-4 gallery-size-medium'><figure class='gallery-item'>\n\t\t\t<div class='gallery-icon landscape'>\n\t\t\t\t<a href='https:\/\/ninamartinelli.com.br\/blog2\/wp-content\/uploads\/2020\/01\/02-aec298-88-azul.jpeg'><img loading=\"lazy\" decoding=\"async\" width=\"300\" height=\"200\" src=\"https:\/\/ninamartinelli.com.br\/blog2\/wp-content\/uploads\/2020\/01\/02-aec298-88-azul-300x200.jpeg\" class=\"attachment-medium size-medium\" alt=\"\" srcset=\"https:\/\/ninamartinelli.com.br\/blog2\/wp-content\/uploads\/2020\/01\/02-aec298-88-azul-300x200.jpeg 300w, https:\/\/ninamartinelli.com.br\/blog2\/wp-content\/uploads\/2020\/01\/02-aec298-88-azul-768x511.jpeg 768w, https:\/\/ninamartinelli.com.br\/blog2\/wp-content\/uploads\/2020\/01\/02-aec298-88-azul.jpeg 921w\" sizes=\"auto, (max-width: 300px) 100vw, 300px\" \/><\/a>\n\t\t\t<\/div><\/figure><figure class='gallery-item'>\n\t\t\t<div class='gallery-icon landscape'>\n\t\t\t\t<a href='https:\/\/ninamartinelli.com.br\/blog2\/wp-content\/uploads\/2020\/01\/03-aec298-88-azul.jpeg'><img loading=\"lazy\" decoding=\"async\" width=\"300\" height=\"200\" src=\"https:\/\/ninamartinelli.com.br\/blog2\/wp-content\/uploads\/2020\/01\/03-aec298-88-azul-300x200.jpeg\" class=\"attachment-medium size-medium\" alt=\"\" srcset=\"https:\/\/ninamartinelli.com.br\/blog2\/wp-content\/uploads\/2020\/01\/03-aec298-88-azul-300x200.jpeg 300w, https:\/\/ninamartinelli.com.br\/blog2\/wp-content\/uploads\/2020\/01\/03-aec298-88-azul-768x513.jpeg 768w, https:\/\/ninamartinelli.com.br\/blog2\/wp-content\/uploads\/2020\/01\/03-aec298-88-azul.jpeg 918w\" sizes=\"auto, (max-width: 300px) 100vw, 300px\" \/><\/a>\n\t\t\t<\/div><\/figure><figure class='gallery-item'>\n\t\t\t<div class='gallery-icon landscape'>\n\t\t\t\t<a href='https:\/\/ninamartinelli.com.br\/blog2\/wp-content\/uploads\/2020\/01\/04-aec298-88-azul.jpeg'><img loading=\"lazy\" decoding=\"async\" width=\"300\" height=\"200\" src=\"https:\/\/ninamartinelli.com.br\/blog2\/wp-content\/uploads\/2020\/01\/04-aec298-88-azul-300x200.jpeg\" class=\"attachment-medium size-medium\" alt=\"\" srcset=\"https:\/\/ninamartinelli.com.br\/blog2\/wp-content\/uploads\/2020\/01\/04-aec298-88-azul-300x200.jpeg 300w, https:\/\/ninamartinelli.com.br\/blog2\/wp-content\/uploads\/2020\/01\/04-aec298-88-azul-768x512.jpeg 768w, https:\/\/ninamartinelli.com.br\/blog2\/wp-content\/uploads\/2020\/01\/04-aec298-88-azul.jpeg 920w\" sizes=\"auto, (max-width: 300px) 100vw, 300px\" \/><\/a>\n\t\t\t<\/div><\/figure><figure class='gallery-item'>\n\t\t\t<div class='gallery-icon landscape'>\n\t\t\t\t<a href='https:\/\/ninamartinelli.com.br\/blog2\/wp-content\/uploads\/2020\/01\/05-aec298-88-azul.jpeg'><img loading=\"lazy\" decoding=\"async\" width=\"300\" height=\"200\" src=\"https:\/\/ninamartinelli.com.br\/blog2\/wp-content\/uploads\/2020\/01\/05-aec298-88-azul-300x200.jpeg\" class=\"attachment-medium size-medium\" alt=\"\" srcset=\"https:\/\/ninamartinelli.com.br\/blog2\/wp-content\/uploads\/2020\/01\/05-aec298-88-azul-300x200.jpeg 300w, https:\/\/ninamartinelli.com.br\/blog2\/wp-content\/uploads\/2020\/01\/05-aec298-88-azul-768x512.jpeg 768w, https:\/\/ninamartinelli.com.br\/blog2\/wp-content\/uploads\/2020\/01\/05-aec298-88-azul.jpeg 920w\" sizes=\"auto, (max-width: 300px) 100vw, 300px\" \/><\/a>\n\t\t\t<\/div><\/figure><figure class='gallery-item'>\n\t\t\t<div class='gallery-icon landscape'>\n\t\t\t\t<a href='https:\/\/ninamartinelli.com.br\/blog2\/wp-content\/uploads\/2020\/01\/07-aec298-88-azul.jpeg'><img loading=\"lazy\" decoding=\"async\" width=\"300\" height=\"200\" src=\"https:\/\/ninamartinelli.com.br\/blog2\/wp-content\/uploads\/2020\/01\/07-aec298-88-azul-300x200.jpeg\" class=\"attachment-medium size-medium\" alt=\"\" srcset=\"https:\/\/ninamartinelli.com.br\/blog2\/wp-content\/uploads\/2020\/01\/07-aec298-88-azul-300x200.jpeg 300w, https:\/\/ninamartinelli.com.br\/blog2\/wp-content\/uploads\/2020\/01\/07-aec298-88-azul-768x512.jpeg 768w, https:\/\/ninamartinelli.com.br\/blog2\/wp-content\/uploads\/2020\/01\/07-aec298-88-azul.jpeg 920w\" sizes=\"auto, (max-width: 300px) 100vw, 300px\" \/><\/a>\n\t\t\t<\/div><\/figure><figure class='gallery-item'>\n\t\t\t<div class='gallery-icon landscape'>\n\t\t\t\t<a href='https:\/\/ninamartinelli.com.br\/blog2\/wp-content\/uploads\/2020\/01\/08-aec298-88-azul.jpeg'><img loading=\"lazy\" decoding=\"async\" width=\"300\" height=\"200\" src=\"https:\/\/ninamartinelli.com.br\/blog2\/wp-content\/uploads\/2020\/01\/08-aec298-88-azul-300x200.jpeg\" class=\"attachment-medium size-medium\" alt=\"\" srcset=\"https:\/\/ninamartinelli.com.br\/blog2\/wp-content\/uploads\/2020\/01\/08-aec298-88-azul-300x200.jpeg 300w, https:\/\/ninamartinelli.com.br\/blog2\/wp-content\/uploads\/2020\/01\/08-aec298-88-azul-768x512.jpeg 768w, https:\/\/ninamartinelli.com.br\/blog2\/wp-content\/uploads\/2020\/01\/08-aec298-88-azul.jpeg 920w\" sizes=\"auto, (max-width: 300px) 100vw, 300px\" \/><\/a>\n\t\t\t<\/div><\/figure><figure class='gallery-item'>\n\t\t\t<div class='gallery-icon landscape'>\n\t\t\t\t<a href='https:\/\/ninamartinelli.com.br\/blog2\/wp-content\/uploads\/2020\/01\/11-aec298-88-azul.jpeg'><img loading=\"lazy\" decoding=\"async\" width=\"300\" height=\"200\" src=\"https:\/\/ninamartinelli.com.br\/blog2\/wp-content\/uploads\/2020\/01\/11-aec298-88-azul-300x200.jpeg\" class=\"attachment-medium size-medium\" alt=\"\" srcset=\"https:\/\/ninamartinelli.com.br\/blog2\/wp-content\/uploads\/2020\/01\/11-aec298-88-azul-300x200.jpeg 300w, https:\/\/ninamartinelli.com.br\/blog2\/wp-content\/uploads\/2020\/01\/11-aec298-88-azul.jpeg 640w\" sizes=\"auto, (max-width: 300px) 100vw, 300px\" \/><\/a>\n\t\t\t<\/div><\/figure><figure class='gallery-item'>\n\t\t\t<div class='gallery-icon portrait'>\n\t\t\t\t<a href='https:\/\/ninamartinelli.com.br\/blog2\/wp-content\/uploads\/2020\/01\/10-aec298-88-azul.jpeg'><img loading=\"lazy\" decoding=\"async\" width=\"200\" height=\"300\" src=\"https:\/\/ninamartinelli.com.br\/blog2\/wp-content\/uploads\/2020\/01\/10-aec298-88-azul-200x300.jpeg\" class=\"attachment-medium size-medium\" alt=\"\" srcset=\"https:\/\/ninamartinelli.com.br\/blog2\/wp-content\/uploads\/2020\/01\/10-aec298-88-azul-200x300.jpeg 200w, https:\/\/ninamartinelli.com.br\/blog2\/wp-content\/uploads\/2020\/01\/10-aec298-88-azul.jpeg 409w\" sizes=\"auto, (max-width: 200px) 100vw, 200px\" \/><\/a>\n\t\t\t<\/div><\/figure>\n\t\t<\/div>\n\n<p>&nbsp;<\/p>\n<hr \/>\n<h3>Conhe\u00e7a os materiais naturais usados por Arthur Casas<\/h3>\n<p>Outro cuidado constante nos trabalhos de Arthur Casas \u00e9 mimetizar a arquitetura na paisagem, por isso nesta constru\u00e7\u00e3o predominam materiais naturais, como madeira e cer\u00e2mica.<em> \u201cTenho avers\u00e3o a uma casa branca de frente para o mar ou no meio da mata. Ela precisa aparecer de forma elegante\u201d<\/em>, explica. Nos \u00faltimos anos, o card\u00e1pio tamb\u00e9m passou a contar com solu\u00e7\u00f5es e materiais sustent\u00e1veis, representados aqui pela cobertura verde nas lajes. <em>\u201cMais do que bonito, esse recurso promove um bom isolamento t\u00e9rmico e ac\u00fastico<\/em>\u201d, completa. Sobre sua arquitetura de linhas retas, influenciada pelas ideias racionalistas da escola alem\u00e3 Bauhaus, ele acredita que houve poucas mudan\u00e7as desde quando concluiu a universidade. <em>\u201cPassei a conhecer melhor o que fa\u00e7o e me tornei mais exigente e perfeccionista\u201d<\/em>, afirma. Para observar de perto o cumprimento do projeto e sanar as d\u00favidas durante a execu\u00e7\u00e3o, o acompanhamento \u00e9 indispens\u00e1vel. <em>\u201cE n\u00e3o pode faltar um engenheiro meticuloso\u201d<\/em>, reconhece.<\/p>\n<h4>Conte\u00fado extra\u00eddo de reportagem de Danilo Costa (texto) em Casa.abril.com.br<\/h4>\n<p><strong>Link para a mat\u00e9ria:<\/strong> <a href=\"https:\/\/casa.abril.com.br\/casas-apartamentos\/casa-em-condominio-na-praia-projetado-por-arthur-casas\/\" target=\"_blank\" rel=\"noopener noreferrer\">https:\/\/casa.abril.com.br\/casas-apartamentos\/casa-em-condominio-na-praia-projetado-por-arthur-casas\/<\/a><\/p>\n<h3><\/h3>\n","protected":false},"excerpt":{"rendered":"<p>Aberturas generosas e amplos pain\u00e9is de vidro enquadram o mar na maioria dos ambientes desta<\/p>\n","protected":false},"author":1,"featured_media":855,"comment_status":"open","ping_status":"open","sticky":false,"template":"","format":"standard","meta":{"footnotes":""},"categories":[59,20,26],"tags":[71,69,70],"class_list":["post-839","post","type-post","status-publish","format-standard","has-post-thumbnail","hentry","category-ceramica","category-colezione-eleganza","category-revestimentos","tag-arthur-casas","tag-condominio","tag-praia"],"yoast_head":"<!-- This site is optimized with the Yoast SEO plugin v26.8 - https:\/\/yoast.com\/product\/yoast-seo-wordpress\/ -->\n<title>Casa em condom\u00ednio na praia, projetado por Arthur Casas - Blog Nina<\/title>\n<meta name=\"robots\" content=\"index, follow, max-snippet:-1, max-image-preview:large, max-video-preview:-1\" \/>\n<link rel=\"canonical\" href=\"https:\/\/ninamartinelli.com.br\/blog2\/casa-em-condominio-na-praia-projetado-por-arthur-casas\/\" \/>\n<meta property=\"og:locale\" content=\"pt_BR\" \/>\n<meta property=\"og:type\" content=\"article\" \/>\n<meta property=\"og:title\" content=\"Casa em condom\u00ednio na praia, projetado por Arthur Casas - Blog Nina\" \/>\n<meta property=\"og:description\" content=\"Aberturas generosas e amplos pain\u00e9is de vidro enquadram o mar na maioria dos ambientes desta\" \/>\n<meta property=\"og:url\" content=\"https:\/\/ninamartinelli.com.br\/blog2\/casa-em-condominio-na-praia-projetado-por-arthur-casas\/\" \/>\n<meta property=\"og:site_name\" content=\"Blog Nina\" \/>\n<meta property=\"article:author\" content=\"http:\/\/facebook.com.br\/ninamartinellioficial\" \/>\n<meta property=\"article:published_time\" content=\"2020-01-08T20:24:35+00:00\" \/>\n<meta property=\"article:modified_time\" content=\"2020-01-08T20:33:07+00:00\" \/>\n<meta property=\"og:image\" content=\"https:\/\/ninamartinelli.com.br\/blog2\/wp-content\/uploads\/2020\/01\/ninamartinelli-arthur-casas.jpg\" \/>\n\t<meta property=\"og:image:width\" content=\"900\" \/>\n\t<meta property=\"og:image:height\" content=\"900\" \/>\n\t<meta property=\"og:image:type\" content=\"image\/jpeg\" \/>\n<meta name=\"author\" content=\"Comunica\u00e7\u00e3o Nina\" \/>\n<meta name=\"twitter:card\" content=\"summary_large_image\" \/>\n<meta name=\"twitter:label1\" content=\"Escrito por\" \/>\n\t<meta name=\"twitter:data1\" content=\"Comunica\u00e7\u00e3o Nina\" \/>\n\t<meta name=\"twitter:label2\" content=\"Est. tempo de leitura\" \/>\n\t<meta name=\"twitter:data2\" content=\"2 minutos\" \/>\n<script type=\"application\/ld+json\" class=\"yoast-schema-graph\">{\"@context\":\"https:\/\/schema.org\",\"@graph\":[{\"@type\":\"Article\",\"@id\":\"https:\/\/ninamartinelli.com.br\/blog2\/casa-em-condominio-na-praia-projetado-por-arthur-casas\/#article\",\"isPartOf\":{\"@id\":\"https:\/\/ninamartinelli.com.br\/blog2\/casa-em-condominio-na-praia-projetado-por-arthur-casas\/\"},\"author\":{\"name\":\"Comunica\u00e7\u00e3o Nina\",\"@id\":\"https:\/\/ninamartinelli.com.br\/blog2\/#\/schema\/person\/880a2cdee0a047e9b55254085d24f922\"},\"headline\":\"Casa em condom\u00ednio na praia, projetado por Arthur Casas\",\"datePublished\":\"2020-01-08T20:24:35+00:00\",\"dateModified\":\"2020-01-08T20:33:07+00:00\",\"mainEntityOfPage\":{\"@id\":\"https:\/\/ninamartinelli.com.br\/blog2\/casa-em-condominio-na-praia-projetado-por-arthur-casas\/\"},\"wordCount\":401,\"commentCount\":0,\"publisher\":{\"@id\":\"https:\/\/ninamartinelli.com.br\/blog2\/#organization\"},\"image\":{\"@id\":\"https:\/\/ninamartinelli.com.br\/blog2\/casa-em-condominio-na-praia-projetado-por-arthur-casas\/#primaryimage\"},\"thumbnailUrl\":\"https:\/\/ninamartinelli.com.br\/blog2\/wp-content\/uploads\/2020\/01\/ninamartinelli-arthur-casas.jpg\",\"keywords\":[\"arthur casas\",\"condominio\",\"praia\"],\"articleSection\":[\"Cer\u00e2mica\",\"Colezione Eleganza\",\"Revestimentos\"],\"inLanguage\":\"pt-BR\",\"potentialAction\":[{\"@type\":\"CommentAction\",\"name\":\"Comment\",\"target\":[\"https:\/\/ninamartinelli.com.br\/blog2\/casa-em-condominio-na-praia-projetado-por-arthur-casas\/#respond\"]}]},{\"@type\":\"WebPage\",\"@id\":\"https:\/\/ninamartinelli.com.br\/blog2\/casa-em-condominio-na-praia-projetado-por-arthur-casas\/\",\"url\":\"https:\/\/ninamartinelli.com.br\/blog2\/casa-em-condominio-na-praia-projetado-por-arthur-casas\/\",\"name\":\"Casa em condom\u00ednio na praia, projetado por Arthur Casas - Blog Nina\",\"isPartOf\":{\"@id\":\"https:\/\/ninamartinelli.com.br\/blog2\/#website\"},\"primaryImageOfPage\":{\"@id\":\"https:\/\/ninamartinelli.com.br\/blog2\/casa-em-condominio-na-praia-projetado-por-arthur-casas\/#primaryimage\"},\"image\":{\"@id\":\"https:\/\/ninamartinelli.com.br\/blog2\/casa-em-condominio-na-praia-projetado-por-arthur-casas\/#primaryimage\"},\"thumbnailUrl\":\"https:\/\/ninamartinelli.com.br\/blog2\/wp-content\/uploads\/2020\/01\/ninamartinelli-arthur-casas.jpg\",\"datePublished\":\"2020-01-08T20:24:35+00:00\",\"dateModified\":\"2020-01-08T20:33:07+00:00\",\"breadcrumb\":{\"@id\":\"https:\/\/ninamartinelli.com.br\/blog2\/casa-em-condominio-na-praia-projetado-por-arthur-casas\/#breadcrumb\"},\"inLanguage\":\"pt-BR\",\"potentialAction\":[{\"@type\":\"ReadAction\",\"target\":[\"https:\/\/ninamartinelli.com.br\/blog2\/casa-em-condominio-na-praia-projetado-por-arthur-casas\/\"]}]},{\"@type\":\"ImageObject\",\"inLanguage\":\"pt-BR\",\"@id\":\"https:\/\/ninamartinelli.com.br\/blog2\/casa-em-condominio-na-praia-projetado-por-arthur-casas\/#primaryimage\",\"url\":\"https:\/\/ninamartinelli.com.br\/blog2\/wp-content\/uploads\/2020\/01\/ninamartinelli-arthur-casas.jpg\",\"contentUrl\":\"https:\/\/ninamartinelli.com.br\/blog2\/wp-content\/uploads\/2020\/01\/ninamartinelli-arthur-casas.jpg\",\"width\":900,\"height\":900},{\"@type\":\"BreadcrumbList\",\"@id\":\"https:\/\/ninamartinelli.com.br\/blog2\/casa-em-condominio-na-praia-projetado-por-arthur-casas\/#breadcrumb\",\"itemListElement\":[{\"@type\":\"ListItem\",\"position\":1,\"name\":\"In\u00edcio\",\"item\":\"https:\/\/ninamartinelli.com.br\/blog2\/\"},{\"@type\":\"ListItem\",\"position\":2,\"name\":\"Casa em condom\u00ednio na praia, projetado por Arthur Casas\"}]},{\"@type\":\"WebSite\",\"@id\":\"https:\/\/ninamartinelli.com.br\/blog2\/#website\",\"url\":\"https:\/\/ninamartinelli.com.br\/blog2\/\",\"name\":\"Nina Martinelli\",\"description\":\"#Nina_Martinelli\",\"publisher\":{\"@id\":\"https:\/\/ninamartinelli.com.br\/blog2\/#organization\"},\"potentialAction\":[{\"@type\":\"SearchAction\",\"target\":{\"@type\":\"EntryPoint\",\"urlTemplate\":\"https:\/\/ninamartinelli.com.br\/blog2\/?s={search_term_string}\"},\"query-input\":{\"@type\":\"PropertyValueSpecification\",\"valueRequired\":true,\"valueName\":\"search_term_string\"}}],\"inLanguage\":\"pt-BR\"},{\"@type\":\"Organization\",\"@id\":\"https:\/\/ninamartinelli.com.br\/blog2\/#organization\",\"name\":\"Blog Novidades\",\"url\":\"https:\/\/ninamartinelli.com.br\/blog2\/\",\"logo\":{\"@type\":\"ImageObject\",\"inLanguage\":\"pt-BR\",\"@id\":\"https:\/\/ninamartinelli.com.br\/blog2\/#\/schema\/logo\/image\/\",\"url\":\"http:\/\/blog.ninamartinelli.com.br\/wp-content\/uploads\/2022\/03\/logo_nina_blog.png\",\"contentUrl\":\"http:\/\/blog.ninamartinelli.com.br\/wp-content\/uploads\/2022\/03\/logo_nina_blog.png\",\"width\":500,\"height\":104,\"caption\":\"Blog Novidades\"},\"image\":{\"@id\":\"https:\/\/ninamartinelli.com.br\/blog2\/#\/schema\/logo\/image\/\"}},{\"@type\":\"Person\",\"@id\":\"https:\/\/ninamartinelli.com.br\/blog2\/#\/schema\/person\/880a2cdee0a047e9b55254085d24f922\",\"name\":\"Comunica\u00e7\u00e3o Nina\",\"image\":{\"@type\":\"ImageObject\",\"inLanguage\":\"pt-BR\",\"@id\":\"https:\/\/ninamartinelli.com.br\/blog2\/#\/schema\/person\/image\/\",\"url\":\"https:\/\/secure.gravatar.com\/avatar\/0d3d763fb83768dd001497d074d4c4f6?s=96&d=mm&r=g\",\"contentUrl\":\"https:\/\/secure.gravatar.com\/avatar\/0d3d763fb83768dd001497d074d4c4f6?s=96&d=mm&r=g\",\"caption\":\"Comunica\u00e7\u00e3o Nina\"},\"sameAs\":[\"http:\/\/ninamartinelli.com.br\",\"http:\/\/facebook.com.br\/ninamartinellioficial\",\"http:\/\/instagram.com\/ninamartinellioficial\"],\"url\":\"https:\/\/ninamartinelli.com.br\/blog2\/author\/nina\/\"}]}<\/script>\n<!-- \/ Yoast SEO plugin. -->","yoast_head_json":{"title":"Casa em condom\u00ednio na praia, projetado por Arthur Casas - Blog Nina","robots":{"index":"index","follow":"follow","max-snippet":"max-snippet:-1","max-image-preview":"max-image-preview:large","max-video-preview":"max-video-preview:-1"},"canonical":"https:\/\/ninamartinelli.com.br\/blog2\/casa-em-condominio-na-praia-projetado-por-arthur-casas\/","og_locale":"pt_BR","og_type":"article","og_title":"Casa em condom\u00ednio na praia, projetado por Arthur Casas - Blog Nina","og_description":"Aberturas generosas e amplos pain\u00e9is de vidro enquadram o mar na maioria dos ambientes desta","og_url":"https:\/\/ninamartinelli.com.br\/blog2\/casa-em-condominio-na-praia-projetado-por-arthur-casas\/","og_site_name":"Blog Nina","article_author":"http:\/\/facebook.com.br\/ninamartinellioficial","article_published_time":"2020-01-08T20:24:35+00:00","article_modified_time":"2020-01-08T20:33:07+00:00","og_image":[{"width":900,"height":900,"url":"https:\/\/ninamartinelli.com.br\/blog2\/wp-content\/uploads\/2020\/01\/ninamartinelli-arthur-casas.jpg","type":"image\/jpeg"}],"author":"Comunica\u00e7\u00e3o Nina","twitter_card":"summary_large_image","twitter_misc":{"Escrito por":"Comunica\u00e7\u00e3o Nina","Est. tempo de leitura":"2 minutos"},"schema":{"@context":"https:\/\/schema.org","@graph":[{"@type":"Article","@id":"https:\/\/ninamartinelli.com.br\/blog2\/casa-em-condominio-na-praia-projetado-por-arthur-casas\/#article","isPartOf":{"@id":"https:\/\/ninamartinelli.com.br\/blog2\/casa-em-condominio-na-praia-projetado-por-arthur-casas\/"},"author":{"name":"Comunica\u00e7\u00e3o Nina","@id":"https:\/\/ninamartinelli.com.br\/blog2\/#\/schema\/person\/880a2cdee0a047e9b55254085d24f922"},"headline":"Casa em condom\u00ednio na praia, projetado por Arthur Casas","datePublished":"2020-01-08T20:24:35+00:00","dateModified":"2020-01-08T20:33:07+00:00","mainEntityOfPage":{"@id":"https:\/\/ninamartinelli.com.br\/blog2\/casa-em-condominio-na-praia-projetado-por-arthur-casas\/"},"wordCount":401,"commentCount":0,"publisher":{"@id":"https:\/\/ninamartinelli.com.br\/blog2\/#organization"},"image":{"@id":"https:\/\/ninamartinelli.com.br\/blog2\/casa-em-condominio-na-praia-projetado-por-arthur-casas\/#primaryimage"},"thumbnailUrl":"https:\/\/ninamartinelli.com.br\/blog2\/wp-content\/uploads\/2020\/01\/ninamartinelli-arthur-casas.jpg","keywords":["arthur casas","condominio","praia"],"articleSection":["Cer\u00e2mica","Colezione Eleganza","Revestimentos"],"inLanguage":"pt-BR","potentialAction":[{"@type":"CommentAction","name":"Comment","target":["https:\/\/ninamartinelli.com.br\/blog2\/casa-em-condominio-na-praia-projetado-por-arthur-casas\/#respond"]}]},{"@type":"WebPage","@id":"https:\/\/ninamartinelli.com.br\/blog2\/casa-em-condominio-na-praia-projetado-por-arthur-casas\/","url":"https:\/\/ninamartinelli.com.br\/blog2\/casa-em-condominio-na-praia-projetado-por-arthur-casas\/","name":"Casa em condom\u00ednio na praia, projetado por Arthur Casas - Blog Nina","isPartOf":{"@id":"https:\/\/ninamartinelli.com.br\/blog2\/#website"},"primaryImageOfPage":{"@id":"https:\/\/ninamartinelli.com.br\/blog2\/casa-em-condominio-na-praia-projetado-por-arthur-casas\/#primaryimage"},"image":{"@id":"https:\/\/ninamartinelli.com.br\/blog2\/casa-em-condominio-na-praia-projetado-por-arthur-casas\/#primaryimage"},"thumbnailUrl":"https:\/\/ninamartinelli.com.br\/blog2\/wp-content\/uploads\/2020\/01\/ninamartinelli-arthur-casas.jpg","datePublished":"2020-01-08T20:24:35+00:00","dateModified":"2020-01-08T20:33:07+00:00","breadcrumb":{"@id":"https:\/\/ninamartinelli.com.br\/blog2\/casa-em-condominio-na-praia-projetado-por-arthur-casas\/#breadcrumb"},"inLanguage":"pt-BR","potentialAction":[{"@type":"ReadAction","target":["https:\/\/ninamartinelli.com.br\/blog2\/casa-em-condominio-na-praia-projetado-por-arthur-casas\/"]}]},{"@type":"ImageObject","inLanguage":"pt-BR","@id":"https:\/\/ninamartinelli.com.br\/blog2\/casa-em-condominio-na-praia-projetado-por-arthur-casas\/#primaryimage","url":"https:\/\/ninamartinelli.com.br\/blog2\/wp-content\/uploads\/2020\/01\/ninamartinelli-arthur-casas.jpg","contentUrl":"https:\/\/ninamartinelli.com.br\/blog2\/wp-content\/uploads\/2020\/01\/ninamartinelli-arthur-casas.jpg","width":900,"height":900},{"@type":"BreadcrumbList","@id":"https:\/\/ninamartinelli.com.br\/blog2\/casa-em-condominio-na-praia-projetado-por-arthur-casas\/#breadcrumb","itemListElement":[{"@type":"ListItem","position":1,"name":"In\u00edcio","item":"https:\/\/ninamartinelli.com.br\/blog2\/"},{"@type":"ListItem","position":2,"name":"Casa em condom\u00ednio na praia, projetado por Arthur Casas"}]},{"@type":"WebSite","@id":"https:\/\/ninamartinelli.com.br\/blog2\/#website","url":"https:\/\/ninamartinelli.com.br\/blog2\/","name":"Nina Martinelli","description":"#Nina_Martinelli","publisher":{"@id":"https:\/\/ninamartinelli.com.br\/blog2\/#organization"},"potentialAction":[{"@type":"SearchAction","target":{"@type":"EntryPoint","urlTemplate":"https:\/\/ninamartinelli.com.br\/blog2\/?s={search_term_string}"},"query-input":{"@type":"PropertyValueSpecification","valueRequired":true,"valueName":"search_term_string"}}],"inLanguage":"pt-BR"},{"@type":"Organization","@id":"https:\/\/ninamartinelli.com.br\/blog2\/#organization","name":"Blog Novidades","url":"https:\/\/ninamartinelli.com.br\/blog2\/","logo":{"@type":"ImageObject","inLanguage":"pt-BR","@id":"https:\/\/ninamartinelli.com.br\/blog2\/#\/schema\/logo\/image\/","url":"http:\/\/blog.ninamartinelli.com.br\/wp-content\/uploads\/2022\/03\/logo_nina_blog.png","contentUrl":"http:\/\/blog.ninamartinelli.com.br\/wp-content\/uploads\/2022\/03\/logo_nina_blog.png","width":500,"height":104,"caption":"Blog Novidades"},"image":{"@id":"https:\/\/ninamartinelli.com.br\/blog2\/#\/schema\/logo\/image\/"}},{"@type":"Person","@id":"https:\/\/ninamartinelli.com.br\/blog2\/#\/schema\/person\/880a2cdee0a047e9b55254085d24f922","name":"Comunica\u00e7\u00e3o Nina","image":{"@type":"ImageObject","inLanguage":"pt-BR","@id":"https:\/\/ninamartinelli.com.br\/blog2\/#\/schema\/person\/image\/","url":"https:\/\/secure.gravatar.com\/avatar\/0d3d763fb83768dd001497d074d4c4f6?s=96&d=mm&r=g","contentUrl":"https:\/\/secure.gravatar.com\/avatar\/0d3d763fb83768dd001497d074d4c4f6?s=96&d=mm&r=g","caption":"Comunica\u00e7\u00e3o Nina"},"sameAs":["http:\/\/ninamartinelli.com.br","http:\/\/facebook.com.br\/ninamartinellioficial","http:\/\/instagram.com\/ninamartinellioficial"],"url":"https:\/\/ninamartinelli.com.br\/blog2\/author\/nina\/"}]}},"_links":{"self":[{"href":"https:\/\/ninamartinelli.com.br\/blog2\/wp-json\/wp\/v2\/posts\/839","targetHints":{"allow":["GET"]}}],"collection":[{"href":"https:\/\/ninamartinelli.com.br\/blog2\/wp-json\/wp\/v2\/posts"}],"about":[{"href":"https:\/\/ninamartinelli.com.br\/blog2\/wp-json\/wp\/v2\/types\/post"}],"author":[{"embeddable":true,"href":"https:\/\/ninamartinelli.com.br\/blog2\/wp-json\/wp\/v2\/users\/1"}],"replies":[{"embeddable":true,"href":"https:\/\/ninamartinelli.com.br\/blog2\/wp-json\/wp\/v2\/comments?post=839"}],"version-history":[{"count":11,"href":"https:\/\/ninamartinelli.com.br\/blog2\/wp-json\/wp\/v2\/posts\/839\/revisions"}],"predecessor-version":[{"id":856,"href":"https:\/\/ninamartinelli.com.br\/blog2\/wp-json\/wp\/v2\/posts\/839\/revisions\/856"}],"wp:featuredmedia":[{"embeddable":true,"href":"https:\/\/ninamartinelli.com.br\/blog2\/wp-json\/wp\/v2\/media\/855"}],"wp:attachment":[{"href":"https:\/\/ninamartinelli.com.br\/blog2\/wp-json\/wp\/v2\/media?parent=839"}],"wp:term":[{"taxonomy":"category","embeddable":true,"href":"https:\/\/ninamartinelli.com.br\/blog2\/wp-json\/wp\/v2\/categories?post=839"},{"taxonomy":"post_tag","embeddable":true,"href":"https:\/\/ninamartinelli.com.br\/blog2\/wp-json\/wp\/v2\/tags?post=839"}],"curies":[{"name":"wp","href":"https:\/\/api.w.org\/{rel}","templated":true}]}}