{"id":807,"date":"2019-12-19T13:45:33","date_gmt":"2019-12-19T16:45:33","guid":{"rendered":"http:\/\/blog.ninamartinelli.com.br\/?p=807"},"modified":"2019-12-19T13:45:33","modified_gmt":"2019-12-19T16:45:33","slug":"composizione-nero-aflora-emocoes-em-projeto-que-une-rusticidade-e-contemporaneidade","status":"publish","type":"post","link":"https:\/\/ninamartinelli.com.br\/blog2\/composizione-nero-aflora-emocoes-em-projeto-que-une-rusticidade-e-contemporaneidade\/","title":{"rendered":"Composizione Nero aflora emo\u00e7\u00f5es em projeto que une rusticidade e contemporaneidade"},"content":{"rendered":"<p><em><strong>Cer\u00e2mica filetada que lembra as tijoleiras e o barro t\u00e3o presentes no Nordeste valorizou toda a volumetria da casa de campo, feita para conv\u00edvio familiar e entre amigos<\/strong><\/em><\/p>\n<p>Localizado pr\u00f3ximo \u00e0 regi\u00e3o serrana de Pernambuco, na divisa entre os munic\u00edpios de Sair\u00e9 e Gravat\u00e1, o Residencial Monte Castelo \u00e9 um empreendimento privilegiado, seja pela geografia do local, seja pela vizinhan\u00e7a exclusiva do hotel fazenda que leva o mesmo nome, seja pelo conjunto de itens que agregam muito valor \u00e0s propriedades nele localizadas.<br \/>\nNum terreno de nada menos do que 3 mil m\u00b2, o escrit\u00f3rio S\u00f4nia Beltr\u00e3o Arquitetura, de Recife\/PE, recebeu a miss\u00e3o de conceber uma casa que oferecesse aos propriet\u00e1rios o aconchego e a rusticidade do campo, mas com o conforto, a funcionalidade e a contemporaneidade da vida urbana.<\/p>\n<p>Desafio complexo, considerando-se as dimens\u00f5es do projeto, com 700 m\u00b2 de \u00e1rea constru\u00edda, 6 su\u00edtes e grandes ambientes integrados \u2013 salas, varanda, \u00e1rea gourmet e piscina, tudo deliciosamente conectado a um lindo pomar.<br \/>\nA arquiteta S\u00f4nia Beltr\u00e3o detalha os principais desejos do cliente. <em>\u201cEle queria uma casa confort\u00e1vel e funcional para receber poucos e bons amigos e conviver intensamente com a fam\u00edlia\u201d<\/em>, diz a profissional. <em>\u201cProjetamos a casa toda voltada para o interior dos lotes, favorecendo a privacidade dos ambientes. Quem trafega pela rua n\u00e3o consegue ter ideia da vida e da configura\u00e7\u00e3o do im\u00f3vel\u201d<\/em>, explica.<\/p>\n<p><img loading=\"lazy\" decoding=\"async\" class=\"alignleft wp-image-830\" src=\"http:\/\/blog.ninamartinelli.com.br\/wp-content\/uploads\/2019\/12\/composizione1-300x300.jpg\" alt=\"\" width=\"250\" height=\"250\" srcset=\"https:\/\/ninamartinelli.com.br\/blog2\/wp-content\/uploads\/2019\/12\/composizione1-300x300.jpg 300w, https:\/\/ninamartinelli.com.br\/blog2\/wp-content\/uploads\/2019\/12\/composizione1-150x150.jpg 150w, https:\/\/ninamartinelli.com.br\/blog2\/wp-content\/uploads\/2019\/12\/composizione1-50x50.jpg 50w, https:\/\/ninamartinelli.com.br\/blog2\/wp-content\/uploads\/2019\/12\/composizione1.jpg 500w\" sizes=\"auto, (max-width: 250px) 100vw, 250px\" \/>Com linhas modernas e impressionantes v\u00e3os livres, sendo um deles com 13 metros, a casa se abre graciosamente para a natureza ao redor. A distribui\u00e7\u00e3o dos ambientes onde todos podem estar juntos, pedia, assim como os sonhos do cliente, acabamentos que criassem uma atmosfera acolhedora, sem que se abrisse m\u00e3o da sofistica\u00e7\u00e3o e da praticidade. <em>\u201cQuer\u00edamos que a fam\u00edlia chegasse na casa e pudesse desfrutar do local e do conv\u00edvio, sem ter que ficar se preocupando muito com a manuten\u00e7\u00e3o do im\u00f3vel\u201d,<\/em> conta a arquiteta. Nessa busca pelo equil\u00edbrio entre o r\u00fastico e o moderno, e por ambientes que mexessem com os sentidos, S\u00f4nia acabou por escolher ecoblocos de madeira e o revestimento <strong>Composizione<\/strong>, da Nina Martinelli, para destacar e valorizar todos os elementos que marcam a volumetria do projeto.<\/p>\n<p>O Composizione \u00e9 apresentado na forma de cer\u00e2mica r\u00fastica filetada e agregada em telas. Integrante da linha Eleganza, em telas de 30X30cm, tem diversos acabamentos inspirados na natureza. As pe\u00e7as possuem um toque r\u00fastico e original, com muita sofistica\u00e7\u00e3o, nas cores Paglia, Bianco, Rosso e Nero \u2013 justamente esta \u00faltima cor escolhida por S\u00f4nia Beltr\u00e3o para a linda resid\u00eancia.<\/p>\n<h3>Arquitetura emocional<\/h3>\n<p><em>\u201cO Composizione Nero na verdade tem uma discreta varia\u00e7\u00e3o de tons, mesmo na cor escolhida, e isso ajudou a trazer um aspecto das tijoleiras que tanto lembram o Nordeste, onde o uso do barro sempre foi t\u00e3o presente\u201d,<\/em> argumenta ela, que usou cerca de 300 m\u00b2 do produto para revestir colunas, p\u00f3rtico e a caixa de uma imponente escada, que esconde um grande reservat\u00f3rio de \u00e1gua na parte superior. <em>\u201cUma laje colorida em amarelo que demarca e protege uma \u00e1rea na parte posterior da casa comp\u00f4s lindamente com o Composizione Nero. O resultado ficou bel\u00edssimo\u201d<\/em>, afirma S\u00f4nia.<\/p>\n<p>O conjunto arquitet\u00f4nico e os acabamentos evidenciaram toda a inten\u00e7\u00e3o do projeto, que era agregar fam\u00edlia e amigos muito especiais, num conv\u00edvio marcante e muito valorizado. <em>\u201cN\u00e3o foi uma casa projetada e constru\u00edda para ficar lotada, mas sim para acolher pessoas especiais, que t\u00eam realmente algum sentimento em rela\u00e7\u00e3o a estar ali. Foi uma arquitetura emocional, com tudo muito pensado, escolhido minuciosamente. A Nina Martinelli fez parte disso e n\u00f3s amamos o resultado\u201d<\/em>, conclui a profissional.<\/p>\n<h4>Residencial Monte Castelo &#8211; Casa de campo FD<br \/>\nProjeto: S\u00f4nia Beltr\u00e3o Arquitetura &#8211; <a href=\"https:\/\/www.instagram.com\/soniabeltraoarq\/\" target=\"_blank\" rel=\"noopener noreferrer\">@soniabeltraoarq<\/a><br \/>\nFotos: Gabriel Beltr\u00e3o <a href=\"https:\/\/www.instagram.com\/beltrao.gabriel\/\" target=\"_blank\" rel=\"noopener noreferrer\">@beltrao.gabriel\u00a0<\/a><\/h4>\n<hr \/>\n<h4><a href=\"http:\/\/blog.ninamartinelli.com.br\/category\/colezione-eleganza\/\" target=\"_blank\" rel=\"noopener noreferrer\">CLIQUE AQUI<\/a> e conhe\u00e7a mais revestimentos da Colezione Eleganza<\/h4>\n<hr \/>\n<p><img loading=\"lazy\" decoding=\"async\" class=\"aligncenter size-full wp-image-832\" src=\"http:\/\/blog.ninamartinelli.com.br\/wp-content\/uploads\/2019\/12\/composizione3.jpg\" alt=\"\" width=\"1000\" height=\"500\" srcset=\"https:\/\/ninamartinelli.com.br\/blog2\/wp-content\/uploads\/2019\/12\/composizione3.jpg 1000w, https:\/\/ninamartinelli.com.br\/blog2\/wp-content\/uploads\/2019\/12\/composizione3-300x150.jpg 300w, https:\/\/ninamartinelli.com.br\/blog2\/wp-content\/uploads\/2019\/12\/composizione3-768x384.jpg 768w\" sizes=\"auto, (max-width: 1000px) 100vw, 1000px\" \/><\/p>\n<p><img loading=\"lazy\" decoding=\"async\" class=\"aligncenter size-full wp-image-833\" src=\"http:\/\/blog.ninamartinelli.com.br\/wp-content\/uploads\/2019\/12\/composizione4.jpg\" alt=\"\" width=\"1000\" height=\"500\" srcset=\"https:\/\/ninamartinelli.com.br\/blog2\/wp-content\/uploads\/2019\/12\/composizione4.jpg 1000w, https:\/\/ninamartinelli.com.br\/blog2\/wp-content\/uploads\/2019\/12\/composizione4-300x150.jpg 300w, https:\/\/ninamartinelli.com.br\/blog2\/wp-content\/uploads\/2019\/12\/composizione4-768x384.jpg 768w\" sizes=\"auto, (max-width: 1000px) 100vw, 1000px\" \/><\/p>\n<hr \/>\n<p>&nbsp;<\/p>\n","protected":false},"excerpt":{"rendered":"<p>Cer\u00e2mica filetada que lembra as tijoleiras e o barro t\u00e3o presentes no Nordeste valorizou toda<\/p>\n","protected":false},"author":1,"featured_media":831,"comment_status":"open","ping_status":"open","sticky":false,"template":"","format":"standard","meta":{"footnotes":""},"categories":[59,20,26],"tags":[68,45,46],"class_list":["post-807","post","type-post","status-publish","format-standard","has-post-thumbnail","hentry","category-ceramica","category-colezione-eleganza","category-revestimentos","tag-casa-de-campo","tag-ceramica","tag-revestimento"],"yoast_head":"<!-- This site is optimized with the Yoast SEO plugin v26.8 - https:\/\/yoast.com\/product\/yoast-seo-wordpress\/ -->\n<title>Composizione Nero aflora emo\u00e7\u00f5es em projeto que une rusticidade e contemporaneidade - Blog Nina<\/title>\n<meta name=\"robots\" content=\"index, follow, max-snippet:-1, max-image-preview:large, max-video-preview:-1\" \/>\n<link rel=\"canonical\" href=\"https:\/\/ninamartinelli.com.br\/blog2\/composizione-nero-aflora-emocoes-em-projeto-que-une-rusticidade-e-contemporaneidade\/\" \/>\n<meta property=\"og:locale\" content=\"pt_BR\" \/>\n<meta property=\"og:type\" content=\"article\" \/>\n<meta property=\"og:title\" content=\"Composizione Nero aflora emo\u00e7\u00f5es em projeto que une rusticidade e contemporaneidade - Blog Nina\" \/>\n<meta property=\"og:description\" content=\"Cer\u00e2mica filetada que lembra as tijoleiras e o barro t\u00e3o presentes no Nordeste valorizou toda\" \/>\n<meta property=\"og:url\" content=\"https:\/\/ninamartinelli.com.br\/blog2\/composizione-nero-aflora-emocoes-em-projeto-que-une-rusticidade-e-contemporaneidade\/\" \/>\n<meta property=\"og:site_name\" content=\"Blog Nina\" \/>\n<meta property=\"article:author\" content=\"http:\/\/facebook.com.br\/ninamartinellioficial\" \/>\n<meta property=\"article:published_time\" content=\"2019-12-19T16:45:33+00:00\" \/>\n<meta property=\"og:image\" content=\"https:\/\/ninamartinelli.com.br\/blog2\/wp-content\/uploads\/2019\/12\/composizione2.jpg\" \/>\n\t<meta property=\"og:image:width\" content=\"1000\" \/>\n\t<meta property=\"og:image:height\" content=\"1000\" \/>\n\t<meta property=\"og:image:type\" content=\"image\/jpeg\" \/>\n<meta name=\"author\" content=\"Comunica\u00e7\u00e3o Nina\" \/>\n<meta name=\"twitter:card\" content=\"summary_large_image\" \/>\n<meta name=\"twitter:label1\" content=\"Escrito por\" \/>\n\t<meta name=\"twitter:data1\" content=\"Comunica\u00e7\u00e3o Nina\" \/>\n\t<meta name=\"twitter:label2\" content=\"Est. tempo de leitura\" \/>\n\t<meta name=\"twitter:data2\" content=\"3 minutos\" \/>\n<script type=\"application\/ld+json\" class=\"yoast-schema-graph\">{\"@context\":\"https:\/\/schema.org\",\"@graph\":[{\"@type\":\"Article\",\"@id\":\"https:\/\/ninamartinelli.com.br\/blog2\/composizione-nero-aflora-emocoes-em-projeto-que-une-rusticidade-e-contemporaneidade\/#article\",\"isPartOf\":{\"@id\":\"https:\/\/ninamartinelli.com.br\/blog2\/composizione-nero-aflora-emocoes-em-projeto-que-une-rusticidade-e-contemporaneidade\/\"},\"author\":{\"name\":\"Comunica\u00e7\u00e3o Nina\",\"@id\":\"https:\/\/ninamartinelli.com.br\/blog2\/#\/schema\/person\/880a2cdee0a047e9b55254085d24f922\"},\"headline\":\"Composizione Nero aflora emo\u00e7\u00f5es em projeto que une rusticidade e contemporaneidade\",\"datePublished\":\"2019-12-19T16:45:33+00:00\",\"mainEntityOfPage\":{\"@id\":\"https:\/\/ninamartinelli.com.br\/blog2\/composizione-nero-aflora-emocoes-em-projeto-que-une-rusticidade-e-contemporaneidade\/\"},\"wordCount\":684,\"commentCount\":0,\"publisher\":{\"@id\":\"https:\/\/ninamartinelli.com.br\/blog2\/#organization\"},\"image\":{\"@id\":\"https:\/\/ninamartinelli.com.br\/blog2\/composizione-nero-aflora-emocoes-em-projeto-que-une-rusticidade-e-contemporaneidade\/#primaryimage\"},\"thumbnailUrl\":\"https:\/\/ninamartinelli.com.br\/blog2\/wp-content\/uploads\/2019\/12\/composizione2.jpg\",\"keywords\":[\"casa de campo\",\"ceramica\",\"revestimento\"],\"articleSection\":[\"Cer\u00e2mica\",\"Colezione Eleganza\",\"Revestimentos\"],\"inLanguage\":\"pt-BR\",\"potentialAction\":[{\"@type\":\"CommentAction\",\"name\":\"Comment\",\"target\":[\"https:\/\/ninamartinelli.com.br\/blog2\/composizione-nero-aflora-emocoes-em-projeto-que-une-rusticidade-e-contemporaneidade\/#respond\"]}]},{\"@type\":\"WebPage\",\"@id\":\"https:\/\/ninamartinelli.com.br\/blog2\/composizione-nero-aflora-emocoes-em-projeto-que-une-rusticidade-e-contemporaneidade\/\",\"url\":\"https:\/\/ninamartinelli.com.br\/blog2\/composizione-nero-aflora-emocoes-em-projeto-que-une-rusticidade-e-contemporaneidade\/\",\"name\":\"Composizione Nero aflora emo\u00e7\u00f5es em projeto que une rusticidade e contemporaneidade - Blog Nina\",\"isPartOf\":{\"@id\":\"https:\/\/ninamartinelli.com.br\/blog2\/#website\"},\"primaryImageOfPage\":{\"@id\":\"https:\/\/ninamartinelli.com.br\/blog2\/composizione-nero-aflora-emocoes-em-projeto-que-une-rusticidade-e-contemporaneidade\/#primaryimage\"},\"image\":{\"@id\":\"https:\/\/ninamartinelli.com.br\/blog2\/composizione-nero-aflora-emocoes-em-projeto-que-une-rusticidade-e-contemporaneidade\/#primaryimage\"},\"thumbnailUrl\":\"https:\/\/ninamartinelli.com.br\/blog2\/wp-content\/uploads\/2019\/12\/composizione2.jpg\",\"datePublished\":\"2019-12-19T16:45:33+00:00\",\"breadcrumb\":{\"@id\":\"https:\/\/ninamartinelli.com.br\/blog2\/composizione-nero-aflora-emocoes-em-projeto-que-une-rusticidade-e-contemporaneidade\/#breadcrumb\"},\"inLanguage\":\"pt-BR\",\"potentialAction\":[{\"@type\":\"ReadAction\",\"target\":[\"https:\/\/ninamartinelli.com.br\/blog2\/composizione-nero-aflora-emocoes-em-projeto-que-une-rusticidade-e-contemporaneidade\/\"]}]},{\"@type\":\"ImageObject\",\"inLanguage\":\"pt-BR\",\"@id\":\"https:\/\/ninamartinelli.com.br\/blog2\/composizione-nero-aflora-emocoes-em-projeto-que-une-rusticidade-e-contemporaneidade\/#primaryimage\",\"url\":\"https:\/\/ninamartinelli.com.br\/blog2\/wp-content\/uploads\/2019\/12\/composizione2.jpg\",\"contentUrl\":\"https:\/\/ninamartinelli.com.br\/blog2\/wp-content\/uploads\/2019\/12\/composizione2.jpg\",\"width\":1000,\"height\":1000},{\"@type\":\"BreadcrumbList\",\"@id\":\"https:\/\/ninamartinelli.com.br\/blog2\/composizione-nero-aflora-emocoes-em-projeto-que-une-rusticidade-e-contemporaneidade\/#breadcrumb\",\"itemListElement\":[{\"@type\":\"ListItem\",\"position\":1,\"name\":\"In\u00edcio\",\"item\":\"https:\/\/ninamartinelli.com.br\/blog2\/\"},{\"@type\":\"ListItem\",\"position\":2,\"name\":\"Composizione Nero aflora emo\u00e7\u00f5es em projeto que une rusticidade e contemporaneidade\"}]},{\"@type\":\"WebSite\",\"@id\":\"https:\/\/ninamartinelli.com.br\/blog2\/#website\",\"url\":\"https:\/\/ninamartinelli.com.br\/blog2\/\",\"name\":\"Nina Martinelli\",\"description\":\"#Nina_Martinelli\",\"publisher\":{\"@id\":\"https:\/\/ninamartinelli.com.br\/blog2\/#organization\"},\"potentialAction\":[{\"@type\":\"SearchAction\",\"target\":{\"@type\":\"EntryPoint\",\"urlTemplate\":\"https:\/\/ninamartinelli.com.br\/blog2\/?s={search_term_string}\"},\"query-input\":{\"@type\":\"PropertyValueSpecification\",\"valueRequired\":true,\"valueName\":\"search_term_string\"}}],\"inLanguage\":\"pt-BR\"},{\"@type\":\"Organization\",\"@id\":\"https:\/\/ninamartinelli.com.br\/blog2\/#organization\",\"name\":\"Blog Novidades\",\"url\":\"https:\/\/ninamartinelli.com.br\/blog2\/\",\"logo\":{\"@type\":\"ImageObject\",\"inLanguage\":\"pt-BR\",\"@id\":\"https:\/\/ninamartinelli.com.br\/blog2\/#\/schema\/logo\/image\/\",\"url\":\"http:\/\/blog.ninamartinelli.com.br\/wp-content\/uploads\/2022\/03\/logo_nina_blog.png\",\"contentUrl\":\"http:\/\/blog.ninamartinelli.com.br\/wp-content\/uploads\/2022\/03\/logo_nina_blog.png\",\"width\":500,\"height\":104,\"caption\":\"Blog Novidades\"},\"image\":{\"@id\":\"https:\/\/ninamartinelli.com.br\/blog2\/#\/schema\/logo\/image\/\"}},{\"@type\":\"Person\",\"@id\":\"https:\/\/ninamartinelli.com.br\/blog2\/#\/schema\/person\/880a2cdee0a047e9b55254085d24f922\",\"name\":\"Comunica\u00e7\u00e3o Nina\",\"image\":{\"@type\":\"ImageObject\",\"inLanguage\":\"pt-BR\",\"@id\":\"https:\/\/ninamartinelli.com.br\/blog2\/#\/schema\/person\/image\/\",\"url\":\"https:\/\/secure.gravatar.com\/avatar\/0d3d763fb83768dd001497d074d4c4f6?s=96&d=mm&r=g\",\"contentUrl\":\"https:\/\/secure.gravatar.com\/avatar\/0d3d763fb83768dd001497d074d4c4f6?s=96&d=mm&r=g\",\"caption\":\"Comunica\u00e7\u00e3o Nina\"},\"sameAs\":[\"http:\/\/ninamartinelli.com.br\",\"http:\/\/facebook.com.br\/ninamartinellioficial\",\"http:\/\/instagram.com\/ninamartinellioficial\"],\"url\":\"https:\/\/ninamartinelli.com.br\/blog2\/author\/nina\/\"}]}<\/script>\n<!-- \/ Yoast SEO plugin. -->","yoast_head_json":{"title":"Composizione Nero aflora emo\u00e7\u00f5es em projeto que une rusticidade e contemporaneidade - Blog Nina","robots":{"index":"index","follow":"follow","max-snippet":"max-snippet:-1","max-image-preview":"max-image-preview:large","max-video-preview":"max-video-preview:-1"},"canonical":"https:\/\/ninamartinelli.com.br\/blog2\/composizione-nero-aflora-emocoes-em-projeto-que-une-rusticidade-e-contemporaneidade\/","og_locale":"pt_BR","og_type":"article","og_title":"Composizione Nero aflora emo\u00e7\u00f5es em projeto que une rusticidade e contemporaneidade - Blog Nina","og_description":"Cer\u00e2mica filetada que lembra as tijoleiras e o barro t\u00e3o presentes no Nordeste valorizou toda","og_url":"https:\/\/ninamartinelli.com.br\/blog2\/composizione-nero-aflora-emocoes-em-projeto-que-une-rusticidade-e-contemporaneidade\/","og_site_name":"Blog Nina","article_author":"http:\/\/facebook.com.br\/ninamartinellioficial","article_published_time":"2019-12-19T16:45:33+00:00","og_image":[{"width":1000,"height":1000,"url":"https:\/\/ninamartinelli.com.br\/blog2\/wp-content\/uploads\/2019\/12\/composizione2.jpg","type":"image\/jpeg"}],"author":"Comunica\u00e7\u00e3o Nina","twitter_card":"summary_large_image","twitter_misc":{"Escrito por":"Comunica\u00e7\u00e3o Nina","Est. tempo de leitura":"3 minutos"},"schema":{"@context":"https:\/\/schema.org","@graph":[{"@type":"Article","@id":"https:\/\/ninamartinelli.com.br\/blog2\/composizione-nero-aflora-emocoes-em-projeto-que-une-rusticidade-e-contemporaneidade\/#article","isPartOf":{"@id":"https:\/\/ninamartinelli.com.br\/blog2\/composizione-nero-aflora-emocoes-em-projeto-que-une-rusticidade-e-contemporaneidade\/"},"author":{"name":"Comunica\u00e7\u00e3o Nina","@id":"https:\/\/ninamartinelli.com.br\/blog2\/#\/schema\/person\/880a2cdee0a047e9b55254085d24f922"},"headline":"Composizione Nero aflora emo\u00e7\u00f5es em projeto que une rusticidade e contemporaneidade","datePublished":"2019-12-19T16:45:33+00:00","mainEntityOfPage":{"@id":"https:\/\/ninamartinelli.com.br\/blog2\/composizione-nero-aflora-emocoes-em-projeto-que-une-rusticidade-e-contemporaneidade\/"},"wordCount":684,"commentCount":0,"publisher":{"@id":"https:\/\/ninamartinelli.com.br\/blog2\/#organization"},"image":{"@id":"https:\/\/ninamartinelli.com.br\/blog2\/composizione-nero-aflora-emocoes-em-projeto-que-une-rusticidade-e-contemporaneidade\/#primaryimage"},"thumbnailUrl":"https:\/\/ninamartinelli.com.br\/blog2\/wp-content\/uploads\/2019\/12\/composizione2.jpg","keywords":["casa de campo","ceramica","revestimento"],"articleSection":["Cer\u00e2mica","Colezione Eleganza","Revestimentos"],"inLanguage":"pt-BR","potentialAction":[{"@type":"CommentAction","name":"Comment","target":["https:\/\/ninamartinelli.com.br\/blog2\/composizione-nero-aflora-emocoes-em-projeto-que-une-rusticidade-e-contemporaneidade\/#respond"]}]},{"@type":"WebPage","@id":"https:\/\/ninamartinelli.com.br\/blog2\/composizione-nero-aflora-emocoes-em-projeto-que-une-rusticidade-e-contemporaneidade\/","url":"https:\/\/ninamartinelli.com.br\/blog2\/composizione-nero-aflora-emocoes-em-projeto-que-une-rusticidade-e-contemporaneidade\/","name":"Composizione Nero aflora emo\u00e7\u00f5es em projeto que une rusticidade e contemporaneidade - Blog Nina","isPartOf":{"@id":"https:\/\/ninamartinelli.com.br\/blog2\/#website"},"primaryImageOfPage":{"@id":"https:\/\/ninamartinelli.com.br\/blog2\/composizione-nero-aflora-emocoes-em-projeto-que-une-rusticidade-e-contemporaneidade\/#primaryimage"},"image":{"@id":"https:\/\/ninamartinelli.com.br\/blog2\/composizione-nero-aflora-emocoes-em-projeto-que-une-rusticidade-e-contemporaneidade\/#primaryimage"},"thumbnailUrl":"https:\/\/ninamartinelli.com.br\/blog2\/wp-content\/uploads\/2019\/12\/composizione2.jpg","datePublished":"2019-12-19T16:45:33+00:00","breadcrumb":{"@id":"https:\/\/ninamartinelli.com.br\/blog2\/composizione-nero-aflora-emocoes-em-projeto-que-une-rusticidade-e-contemporaneidade\/#breadcrumb"},"inLanguage":"pt-BR","potentialAction":[{"@type":"ReadAction","target":["https:\/\/ninamartinelli.com.br\/blog2\/composizione-nero-aflora-emocoes-em-projeto-que-une-rusticidade-e-contemporaneidade\/"]}]},{"@type":"ImageObject","inLanguage":"pt-BR","@id":"https:\/\/ninamartinelli.com.br\/blog2\/composizione-nero-aflora-emocoes-em-projeto-que-une-rusticidade-e-contemporaneidade\/#primaryimage","url":"https:\/\/ninamartinelli.com.br\/blog2\/wp-content\/uploads\/2019\/12\/composizione2.jpg","contentUrl":"https:\/\/ninamartinelli.com.br\/blog2\/wp-content\/uploads\/2019\/12\/composizione2.jpg","width":1000,"height":1000},{"@type":"BreadcrumbList","@id":"https:\/\/ninamartinelli.com.br\/blog2\/composizione-nero-aflora-emocoes-em-projeto-que-une-rusticidade-e-contemporaneidade\/#breadcrumb","itemListElement":[{"@type":"ListItem","position":1,"name":"In\u00edcio","item":"https:\/\/ninamartinelli.com.br\/blog2\/"},{"@type":"ListItem","position":2,"name":"Composizione Nero aflora emo\u00e7\u00f5es em projeto que une rusticidade e contemporaneidade"}]},{"@type":"WebSite","@id":"https:\/\/ninamartinelli.com.br\/blog2\/#website","url":"https:\/\/ninamartinelli.com.br\/blog2\/","name":"Nina Martinelli","description":"#Nina_Martinelli","publisher":{"@id":"https:\/\/ninamartinelli.com.br\/blog2\/#organization"},"potentialAction":[{"@type":"SearchAction","target":{"@type":"EntryPoint","urlTemplate":"https:\/\/ninamartinelli.com.br\/blog2\/?s={search_term_string}"},"query-input":{"@type":"PropertyValueSpecification","valueRequired":true,"valueName":"search_term_string"}}],"inLanguage":"pt-BR"},{"@type":"Organization","@id":"https:\/\/ninamartinelli.com.br\/blog2\/#organization","name":"Blog Novidades","url":"https:\/\/ninamartinelli.com.br\/blog2\/","logo":{"@type":"ImageObject","inLanguage":"pt-BR","@id":"https:\/\/ninamartinelli.com.br\/blog2\/#\/schema\/logo\/image\/","url":"http:\/\/blog.ninamartinelli.com.br\/wp-content\/uploads\/2022\/03\/logo_nina_blog.png","contentUrl":"http:\/\/blog.ninamartinelli.com.br\/wp-content\/uploads\/2022\/03\/logo_nina_blog.png","width":500,"height":104,"caption":"Blog Novidades"},"image":{"@id":"https:\/\/ninamartinelli.com.br\/blog2\/#\/schema\/logo\/image\/"}},{"@type":"Person","@id":"https:\/\/ninamartinelli.com.br\/blog2\/#\/schema\/person\/880a2cdee0a047e9b55254085d24f922","name":"Comunica\u00e7\u00e3o Nina","image":{"@type":"ImageObject","inLanguage":"pt-BR","@id":"https:\/\/ninamartinelli.com.br\/blog2\/#\/schema\/person\/image\/","url":"https:\/\/secure.gravatar.com\/avatar\/0d3d763fb83768dd001497d074d4c4f6?s=96&d=mm&r=g","contentUrl":"https:\/\/secure.gravatar.com\/avatar\/0d3d763fb83768dd001497d074d4c4f6?s=96&d=mm&r=g","caption":"Comunica\u00e7\u00e3o Nina"},"sameAs":["http:\/\/ninamartinelli.com.br","http:\/\/facebook.com.br\/ninamartinellioficial","http:\/\/instagram.com\/ninamartinellioficial"],"url":"https:\/\/ninamartinelli.com.br\/blog2\/author\/nina\/"}]}},"_links":{"self":[{"href":"https:\/\/ninamartinelli.com.br\/blog2\/wp-json\/wp\/v2\/posts\/807","targetHints":{"allow":["GET"]}}],"collection":[{"href":"https:\/\/ninamartinelli.com.br\/blog2\/wp-json\/wp\/v2\/posts"}],"about":[{"href":"https:\/\/ninamartinelli.com.br\/blog2\/wp-json\/wp\/v2\/types\/post"}],"author":[{"embeddable":true,"href":"https:\/\/ninamartinelli.com.br\/blog2\/wp-json\/wp\/v2\/users\/1"}],"replies":[{"embeddable":true,"href":"https:\/\/ninamartinelli.com.br\/blog2\/wp-json\/wp\/v2\/comments?post=807"}],"version-history":[{"count":6,"href":"https:\/\/ninamartinelli.com.br\/blog2\/wp-json\/wp\/v2\/posts\/807\/revisions"}],"predecessor-version":[{"id":837,"href":"https:\/\/ninamartinelli.com.br\/blog2\/wp-json\/wp\/v2\/posts\/807\/revisions\/837"}],"wp:featuredmedia":[{"embeddable":true,"href":"https:\/\/ninamartinelli.com.br\/blog2\/wp-json\/wp\/v2\/media\/831"}],"wp:attachment":[{"href":"https:\/\/ninamartinelli.com.br\/blog2\/wp-json\/wp\/v2\/media?parent=807"}],"wp:term":[{"taxonomy":"category","embeddable":true,"href":"https:\/\/ninamartinelli.com.br\/blog2\/wp-json\/wp\/v2\/categories?post=807"},{"taxonomy":"post_tag","embeddable":true,"href":"https:\/\/ninamartinelli.com.br\/blog2\/wp-json\/wp\/v2\/tags?post=807"}],"curies":[{"name":"wp","href":"https:\/\/api.w.org\/{rel}","templated":true}]}}