{"id":743,"date":"2019-10-17T10:24:07","date_gmt":"2019-10-17T13:24:07","guid":{"rendered":"http:\/\/blog.ninamartinelli.com.br\/?p=743"},"modified":"2019-10-17T10:24:07","modified_gmt":"2019-10-17T13:24:07","slug":"area-funcional-da-casacor-ribeirao-preto-2019-ganha-charme-e-beleza-com-revestimento-bellini-de-nina-martinelli","status":"publish","type":"post","link":"https:\/\/ninamartinelli.com.br\/blog2\/area-funcional-da-casacor-ribeirao-preto-2019-ganha-charme-e-beleza-com-revestimento-bellini-de-nina-martinelli\/","title":{"rendered":"\u00c1rea funcional da CasaCor Ribeir\u00e3o Preto 2019 ganha charme e beleza com revestimento Bellini, de Nina Martinelli"},"content":{"rendered":"<p style=\"text-align: center;\"><img loading=\"lazy\" decoding=\"async\" class=\"aligncenter wp-image-546 size-thumbnail\" src=\"http:\/\/blog.ninamartinelli.com.br\/wp-content\/uploads\/2019\/09\/cc-150x150.png\" alt=\"\" width=\"150\" height=\"150\" srcset=\"https:\/\/ninamartinelli.com.br\/blog2\/wp-content\/uploads\/2019\/09\/cc-150x150.png 150w, https:\/\/ninamartinelli.com.br\/blog2\/wp-content\/uploads\/2019\/09\/cc-50x50.png 50w, https:\/\/ninamartinelli.com.br\/blog2\/wp-content\/uploads\/2019\/09\/cc.png 300w\" sizes=\"auto, (max-width: 150px) 100vw, 150px\" \/><\/p>\n<p>A CasaCor Ribeir\u00e3o Preto 2019, mostra das mais prestigiadas do pa\u00eds no segmento arquitetura e designer de ambientes, e que vai at\u00e9 dia 22 de setembro na cidade, \u00e9 uma das maiores vitrines do Brasil para expor linhas criativas de todos os estilos e perfis.<br \/>\nAl\u00e9m dos 41 ambientes assinados por profissionais prestigiados em todo o interior paulista e em outras regi\u00f5es, o im\u00f3vel da mostra, com mais de 2.700 m\u00b2, conta com \u00e1reas comuns e funcionais importantes para o bom andamento do evento e para o conforto dos seus milhares de visitantes.<\/p>\n<p>Uma dessas \u00e1reas funcionais \u00e9 a que d\u00e1 acesso aos banheiros do belo im\u00f3vel localizado na avenida Carlos Consoni, no Jardim Canad\u00e1. A \u00e1rea foi pensada pela organiza\u00e7\u00e3o para oferecer boa circula\u00e7\u00e3o e praticidade, sem que se abrisse m\u00e3o do cuidado est\u00e9tico com toda a concep\u00e7\u00e3o do complexo.<\/p>\n<p><img loading=\"lazy\" decoding=\"async\" class=\"alignleft wp-image-744 size-medium\" src=\"http:\/\/blog.ninamartinelli.com.br\/wp-content\/uploads\/2019\/10\/bellini-ninamartinelli-300x300.png\" alt=\"\" width=\"300\" height=\"300\" srcset=\"https:\/\/ninamartinelli.com.br\/blog2\/wp-content\/uploads\/2019\/10\/bellini-ninamartinelli-300x300.png 300w, https:\/\/ninamartinelli.com.br\/blog2\/wp-content\/uploads\/2019\/10\/bellini-ninamartinelli-150x150.png 150w, https:\/\/ninamartinelli.com.br\/blog2\/wp-content\/uploads\/2019\/10\/bellini-ninamartinelli-50x50.png 50w, https:\/\/ninamartinelli.com.br\/blog2\/wp-content\/uploads\/2019\/10\/bellini-ninamartinelli.png 500w\" sizes=\"auto, (max-width: 300px) 100vw, 300px\" \/>Para dar volume, textura e personalidade a um dos muros do acesso ao conjunto de toaletes, a escolha recaiu sobre o <strong>revestimento Bellini,<\/strong> da Nina Martinelli.<br \/>\nFeito em cer\u00e2mica r\u00fastica, composto de filetes com relevos diferenciados e dispostos na cl\u00e1ssica configura\u00e7\u00e3o chevron, o Bellini \u00e9 oferecido nas dimens\u00f5es 15,5&#215;30,5cm.<br \/>\nVers\u00e1til e perfeito para dar destaque a paredes de espa\u00e7os internos ou externos, \u00e9 fabricado nas cores Scuro, Rossastro, Bianchi e Cennere, esta \u00faltima, a cor escolhida para o acesso funcional aos toaletes da CasaCor Ribeir\u00e3o Preto.<br \/>\nAcompanhado de um projeto luminot\u00e9cnico cuidadoso e de um paisagismo tamb\u00e9m diferenciado, o Bellini proporcionou personalidade e beleza a um ambiente que mesmo utilit\u00e1rio, precisava &#8211; e conseguiu fazer jus ao alt\u00edssimo n\u00edvel de cuidados dispensados a toda a mostra.<\/p>\n<p>&nbsp;<\/p>\n<hr \/>\n<p>&nbsp;<\/p>\n<p>&nbsp;<\/p>\n<p><img loading=\"lazy\" decoding=\"async\" class=\"aligncenter size-full wp-image-747\" src=\"http:\/\/blog.ninamartinelli.com.br\/wp-content\/uploads\/2019\/10\/bellini-ninamartinelli-2.png\" alt=\"\" width=\"1000\" height=\"500\" srcset=\"https:\/\/ninamartinelli.com.br\/blog2\/wp-content\/uploads\/2019\/10\/bellini-ninamartinelli-2.png 1000w, https:\/\/ninamartinelli.com.br\/blog2\/wp-content\/uploads\/2019\/10\/bellini-ninamartinelli-2-300x150.png 300w, https:\/\/ninamartinelli.com.br\/blog2\/wp-content\/uploads\/2019\/10\/bellini-ninamartinelli-2-768x384.png 768w\" sizes=\"auto, (max-width: 1000px) 100vw, 1000px\" \/><\/p>\n","protected":false},"excerpt":{"rendered":"<p>A CasaCor Ribeir\u00e3o Preto 2019, mostra das mais prestigiadas do pa\u00eds no segmento arquitetura e<\/p>\n","protected":false},"author":1,"featured_media":746,"comment_status":"open","ping_status":"open","sticky":false,"template":"","format":"standard","meta":{"footnotes":""},"categories":[27,59,20,26],"tags":[],"class_list":["post-743","post","type-post","status-publish","format-standard","has-post-thumbnail","hentry","category-casa-cor","category-ceramica","category-colezione-eleganza","category-revestimentos"],"yoast_head":"<!-- This site is optimized with the Yoast SEO plugin v26.8 - https:\/\/yoast.com\/product\/yoast-seo-wordpress\/ -->\n<title>\u00c1rea funcional da CasaCor Ribeir\u00e3o Preto 2019 ganha charme e beleza com revestimento Bellini, de Nina Martinelli - Blog Nina<\/title>\n<meta name=\"robots\" content=\"index, follow, max-snippet:-1, max-image-preview:large, max-video-preview:-1\" \/>\n<link rel=\"canonical\" href=\"https:\/\/ninamartinelli.com.br\/blog2\/area-funcional-da-casacor-ribeirao-preto-2019-ganha-charme-e-beleza-com-revestimento-bellini-de-nina-martinelli\/\" \/>\n<meta property=\"og:locale\" content=\"pt_BR\" \/>\n<meta property=\"og:type\" content=\"article\" \/>\n<meta property=\"og:title\" content=\"\u00c1rea funcional da CasaCor Ribeir\u00e3o Preto 2019 ganha charme e beleza com revestimento Bellini, de Nina Martinelli - Blog Nina\" \/>\n<meta property=\"og:description\" content=\"A CasaCor Ribeir\u00e3o Preto 2019, mostra das mais prestigiadas do pa\u00eds no segmento arquitetura e\" \/>\n<meta property=\"og:url\" content=\"https:\/\/ninamartinelli.com.br\/blog2\/area-funcional-da-casacor-ribeirao-preto-2019-ganha-charme-e-beleza-com-revestimento-bellini-de-nina-martinelli\/\" \/>\n<meta property=\"og:site_name\" content=\"Blog Nina\" \/>\n<meta property=\"article:author\" content=\"http:\/\/facebook.com.br\/ninamartinellioficial\" \/>\n<meta property=\"article:published_time\" content=\"2019-10-17T13:24:07+00:00\" \/>\n<meta property=\"og:image\" content=\"https:\/\/ninamartinelli.com.br\/blog2\/wp-content\/uploads\/2019\/10\/bellini-ninamartinelli-1.png\" \/>\n\t<meta property=\"og:image:width\" content=\"900\" \/>\n\t<meta property=\"og:image:height\" content=\"900\" \/>\n\t<meta property=\"og:image:type\" content=\"image\/png\" \/>\n<meta name=\"author\" content=\"Comunica\u00e7\u00e3o Nina\" \/>\n<meta name=\"twitter:card\" content=\"summary_large_image\" \/>\n<meta name=\"twitter:label1\" content=\"Escrito por\" \/>\n\t<meta name=\"twitter:data1\" content=\"Comunica\u00e7\u00e3o Nina\" \/>\n\t<meta name=\"twitter:label2\" content=\"Est. tempo de leitura\" \/>\n\t<meta name=\"twitter:data2\" content=\"1 minuto\" \/>\n<script type=\"application\/ld+json\" class=\"yoast-schema-graph\">{\"@context\":\"https:\/\/schema.org\",\"@graph\":[{\"@type\":\"Article\",\"@id\":\"https:\/\/ninamartinelli.com.br\/blog2\/area-funcional-da-casacor-ribeirao-preto-2019-ganha-charme-e-beleza-com-revestimento-bellini-de-nina-martinelli\/#article\",\"isPartOf\":{\"@id\":\"https:\/\/ninamartinelli.com.br\/blog2\/area-funcional-da-casacor-ribeirao-preto-2019-ganha-charme-e-beleza-com-revestimento-bellini-de-nina-martinelli\/\"},\"author\":{\"name\":\"Comunica\u00e7\u00e3o Nina\",\"@id\":\"https:\/\/ninamartinelli.com.br\/blog2\/#\/schema\/person\/880a2cdee0a047e9b55254085d24f922\"},\"headline\":\"\u00c1rea funcional da CasaCor Ribeir\u00e3o Preto 2019 ganha charme e beleza com revestimento Bellini, de Nina Martinelli\",\"datePublished\":\"2019-10-17T13:24:07+00:00\",\"mainEntityOfPage\":{\"@id\":\"https:\/\/ninamartinelli.com.br\/blog2\/area-funcional-da-casacor-ribeirao-preto-2019-ganha-charme-e-beleza-com-revestimento-bellini-de-nina-martinelli\/\"},\"wordCount\":304,\"commentCount\":0,\"publisher\":{\"@id\":\"https:\/\/ninamartinelli.com.br\/blog2\/#organization\"},\"image\":{\"@id\":\"https:\/\/ninamartinelli.com.br\/blog2\/area-funcional-da-casacor-ribeirao-preto-2019-ganha-charme-e-beleza-com-revestimento-bellini-de-nina-martinelli\/#primaryimage\"},\"thumbnailUrl\":\"https:\/\/ninamartinelli.com.br\/blog2\/wp-content\/uploads\/2019\/10\/bellini-ninamartinelli-1.png\",\"articleSection\":[\"CASA COR\",\"Cer\u00e2mica\",\"Colezione Eleganza\",\"Revestimentos\"],\"inLanguage\":\"pt-BR\",\"potentialAction\":[{\"@type\":\"CommentAction\",\"name\":\"Comment\",\"target\":[\"https:\/\/ninamartinelli.com.br\/blog2\/area-funcional-da-casacor-ribeirao-preto-2019-ganha-charme-e-beleza-com-revestimento-bellini-de-nina-martinelli\/#respond\"]}]},{\"@type\":\"WebPage\",\"@id\":\"https:\/\/ninamartinelli.com.br\/blog2\/area-funcional-da-casacor-ribeirao-preto-2019-ganha-charme-e-beleza-com-revestimento-bellini-de-nina-martinelli\/\",\"url\":\"https:\/\/ninamartinelli.com.br\/blog2\/area-funcional-da-casacor-ribeirao-preto-2019-ganha-charme-e-beleza-com-revestimento-bellini-de-nina-martinelli\/\",\"name\":\"\u00c1rea funcional da CasaCor Ribeir\u00e3o Preto 2019 ganha charme e beleza com revestimento Bellini, de Nina Martinelli - Blog Nina\",\"isPartOf\":{\"@id\":\"https:\/\/ninamartinelli.com.br\/blog2\/#website\"},\"primaryImageOfPage\":{\"@id\":\"https:\/\/ninamartinelli.com.br\/blog2\/area-funcional-da-casacor-ribeirao-preto-2019-ganha-charme-e-beleza-com-revestimento-bellini-de-nina-martinelli\/#primaryimage\"},\"image\":{\"@id\":\"https:\/\/ninamartinelli.com.br\/blog2\/area-funcional-da-casacor-ribeirao-preto-2019-ganha-charme-e-beleza-com-revestimento-bellini-de-nina-martinelli\/#primaryimage\"},\"thumbnailUrl\":\"https:\/\/ninamartinelli.com.br\/blog2\/wp-content\/uploads\/2019\/10\/bellini-ninamartinelli-1.png\",\"datePublished\":\"2019-10-17T13:24:07+00:00\",\"breadcrumb\":{\"@id\":\"https:\/\/ninamartinelli.com.br\/blog2\/area-funcional-da-casacor-ribeirao-preto-2019-ganha-charme-e-beleza-com-revestimento-bellini-de-nina-martinelli\/#breadcrumb\"},\"inLanguage\":\"pt-BR\",\"potentialAction\":[{\"@type\":\"ReadAction\",\"target\":[\"https:\/\/ninamartinelli.com.br\/blog2\/area-funcional-da-casacor-ribeirao-preto-2019-ganha-charme-e-beleza-com-revestimento-bellini-de-nina-martinelli\/\"]}]},{\"@type\":\"ImageObject\",\"inLanguage\":\"pt-BR\",\"@id\":\"https:\/\/ninamartinelli.com.br\/blog2\/area-funcional-da-casacor-ribeirao-preto-2019-ganha-charme-e-beleza-com-revestimento-bellini-de-nina-martinelli\/#primaryimage\",\"url\":\"https:\/\/ninamartinelli.com.br\/blog2\/wp-content\/uploads\/2019\/10\/bellini-ninamartinelli-1.png\",\"contentUrl\":\"https:\/\/ninamartinelli.com.br\/blog2\/wp-content\/uploads\/2019\/10\/bellini-ninamartinelli-1.png\",\"width\":900,\"height\":900},{\"@type\":\"BreadcrumbList\",\"@id\":\"https:\/\/ninamartinelli.com.br\/blog2\/area-funcional-da-casacor-ribeirao-preto-2019-ganha-charme-e-beleza-com-revestimento-bellini-de-nina-martinelli\/#breadcrumb\",\"itemListElement\":[{\"@type\":\"ListItem\",\"position\":1,\"name\":\"In\u00edcio\",\"item\":\"https:\/\/ninamartinelli.com.br\/blog2\/\"},{\"@type\":\"ListItem\",\"position\":2,\"name\":\"\u00c1rea funcional da CasaCor Ribeir\u00e3o Preto 2019 ganha charme e beleza com revestimento Bellini, de Nina Martinelli\"}]},{\"@type\":\"WebSite\",\"@id\":\"https:\/\/ninamartinelli.com.br\/blog2\/#website\",\"url\":\"https:\/\/ninamartinelli.com.br\/blog2\/\",\"name\":\"Nina Martinelli\",\"description\":\"#Nina_Martinelli\",\"publisher\":{\"@id\":\"https:\/\/ninamartinelli.com.br\/blog2\/#organization\"},\"potentialAction\":[{\"@type\":\"SearchAction\",\"target\":{\"@type\":\"EntryPoint\",\"urlTemplate\":\"https:\/\/ninamartinelli.com.br\/blog2\/?s={search_term_string}\"},\"query-input\":{\"@type\":\"PropertyValueSpecification\",\"valueRequired\":true,\"valueName\":\"search_term_string\"}}],\"inLanguage\":\"pt-BR\"},{\"@type\":\"Organization\",\"@id\":\"https:\/\/ninamartinelli.com.br\/blog2\/#organization\",\"name\":\"Blog Novidades\",\"url\":\"https:\/\/ninamartinelli.com.br\/blog2\/\",\"logo\":{\"@type\":\"ImageObject\",\"inLanguage\":\"pt-BR\",\"@id\":\"https:\/\/ninamartinelli.com.br\/blog2\/#\/schema\/logo\/image\/\",\"url\":\"http:\/\/blog.ninamartinelli.com.br\/wp-content\/uploads\/2022\/03\/logo_nina_blog.png\",\"contentUrl\":\"http:\/\/blog.ninamartinelli.com.br\/wp-content\/uploads\/2022\/03\/logo_nina_blog.png\",\"width\":500,\"height\":104,\"caption\":\"Blog Novidades\"},\"image\":{\"@id\":\"https:\/\/ninamartinelli.com.br\/blog2\/#\/schema\/logo\/image\/\"}},{\"@type\":\"Person\",\"@id\":\"https:\/\/ninamartinelli.com.br\/blog2\/#\/schema\/person\/880a2cdee0a047e9b55254085d24f922\",\"name\":\"Comunica\u00e7\u00e3o Nina\",\"image\":{\"@type\":\"ImageObject\",\"inLanguage\":\"pt-BR\",\"@id\":\"https:\/\/ninamartinelli.com.br\/blog2\/#\/schema\/person\/image\/\",\"url\":\"https:\/\/secure.gravatar.com\/avatar\/0d3d763fb83768dd001497d074d4c4f6?s=96&d=mm&r=g\",\"contentUrl\":\"https:\/\/secure.gravatar.com\/avatar\/0d3d763fb83768dd001497d074d4c4f6?s=96&d=mm&r=g\",\"caption\":\"Comunica\u00e7\u00e3o Nina\"},\"sameAs\":[\"http:\/\/ninamartinelli.com.br\",\"http:\/\/facebook.com.br\/ninamartinellioficial\",\"http:\/\/instagram.com\/ninamartinellioficial\"],\"url\":\"https:\/\/ninamartinelli.com.br\/blog2\/author\/nina\/\"}]}<\/script>\n<!-- \/ Yoast SEO plugin. -->","yoast_head_json":{"title":"\u00c1rea funcional da CasaCor Ribeir\u00e3o Preto 2019 ganha charme e beleza com revestimento Bellini, de Nina Martinelli - Blog Nina","robots":{"index":"index","follow":"follow","max-snippet":"max-snippet:-1","max-image-preview":"max-image-preview:large","max-video-preview":"max-video-preview:-1"},"canonical":"https:\/\/ninamartinelli.com.br\/blog2\/area-funcional-da-casacor-ribeirao-preto-2019-ganha-charme-e-beleza-com-revestimento-bellini-de-nina-martinelli\/","og_locale":"pt_BR","og_type":"article","og_title":"\u00c1rea funcional da CasaCor Ribeir\u00e3o Preto 2019 ganha charme e beleza com revestimento Bellini, de Nina Martinelli - Blog Nina","og_description":"A CasaCor Ribeir\u00e3o Preto 2019, mostra das mais prestigiadas do pa\u00eds no segmento arquitetura e","og_url":"https:\/\/ninamartinelli.com.br\/blog2\/area-funcional-da-casacor-ribeirao-preto-2019-ganha-charme-e-beleza-com-revestimento-bellini-de-nina-martinelli\/","og_site_name":"Blog Nina","article_author":"http:\/\/facebook.com.br\/ninamartinellioficial","article_published_time":"2019-10-17T13:24:07+00:00","og_image":[{"width":900,"height":900,"url":"https:\/\/ninamartinelli.com.br\/blog2\/wp-content\/uploads\/2019\/10\/bellini-ninamartinelli-1.png","type":"image\/png"}],"author":"Comunica\u00e7\u00e3o Nina","twitter_card":"summary_large_image","twitter_misc":{"Escrito por":"Comunica\u00e7\u00e3o Nina","Est. tempo de leitura":"1 minuto"},"schema":{"@context":"https:\/\/schema.org","@graph":[{"@type":"Article","@id":"https:\/\/ninamartinelli.com.br\/blog2\/area-funcional-da-casacor-ribeirao-preto-2019-ganha-charme-e-beleza-com-revestimento-bellini-de-nina-martinelli\/#article","isPartOf":{"@id":"https:\/\/ninamartinelli.com.br\/blog2\/area-funcional-da-casacor-ribeirao-preto-2019-ganha-charme-e-beleza-com-revestimento-bellini-de-nina-martinelli\/"},"author":{"name":"Comunica\u00e7\u00e3o Nina","@id":"https:\/\/ninamartinelli.com.br\/blog2\/#\/schema\/person\/880a2cdee0a047e9b55254085d24f922"},"headline":"\u00c1rea funcional da CasaCor Ribeir\u00e3o Preto 2019 ganha charme e beleza com revestimento Bellini, de Nina Martinelli","datePublished":"2019-10-17T13:24:07+00:00","mainEntityOfPage":{"@id":"https:\/\/ninamartinelli.com.br\/blog2\/area-funcional-da-casacor-ribeirao-preto-2019-ganha-charme-e-beleza-com-revestimento-bellini-de-nina-martinelli\/"},"wordCount":304,"commentCount":0,"publisher":{"@id":"https:\/\/ninamartinelli.com.br\/blog2\/#organization"},"image":{"@id":"https:\/\/ninamartinelli.com.br\/blog2\/area-funcional-da-casacor-ribeirao-preto-2019-ganha-charme-e-beleza-com-revestimento-bellini-de-nina-martinelli\/#primaryimage"},"thumbnailUrl":"https:\/\/ninamartinelli.com.br\/blog2\/wp-content\/uploads\/2019\/10\/bellini-ninamartinelli-1.png","articleSection":["CASA COR","Cer\u00e2mica","Colezione Eleganza","Revestimentos"],"inLanguage":"pt-BR","potentialAction":[{"@type":"CommentAction","name":"Comment","target":["https:\/\/ninamartinelli.com.br\/blog2\/area-funcional-da-casacor-ribeirao-preto-2019-ganha-charme-e-beleza-com-revestimento-bellini-de-nina-martinelli\/#respond"]}]},{"@type":"WebPage","@id":"https:\/\/ninamartinelli.com.br\/blog2\/area-funcional-da-casacor-ribeirao-preto-2019-ganha-charme-e-beleza-com-revestimento-bellini-de-nina-martinelli\/","url":"https:\/\/ninamartinelli.com.br\/blog2\/area-funcional-da-casacor-ribeirao-preto-2019-ganha-charme-e-beleza-com-revestimento-bellini-de-nina-martinelli\/","name":"\u00c1rea funcional da CasaCor Ribeir\u00e3o Preto 2019 ganha charme e beleza com revestimento Bellini, de Nina Martinelli - Blog Nina","isPartOf":{"@id":"https:\/\/ninamartinelli.com.br\/blog2\/#website"},"primaryImageOfPage":{"@id":"https:\/\/ninamartinelli.com.br\/blog2\/area-funcional-da-casacor-ribeirao-preto-2019-ganha-charme-e-beleza-com-revestimento-bellini-de-nina-martinelli\/#primaryimage"},"image":{"@id":"https:\/\/ninamartinelli.com.br\/blog2\/area-funcional-da-casacor-ribeirao-preto-2019-ganha-charme-e-beleza-com-revestimento-bellini-de-nina-martinelli\/#primaryimage"},"thumbnailUrl":"https:\/\/ninamartinelli.com.br\/blog2\/wp-content\/uploads\/2019\/10\/bellini-ninamartinelli-1.png","datePublished":"2019-10-17T13:24:07+00:00","breadcrumb":{"@id":"https:\/\/ninamartinelli.com.br\/blog2\/area-funcional-da-casacor-ribeirao-preto-2019-ganha-charme-e-beleza-com-revestimento-bellini-de-nina-martinelli\/#breadcrumb"},"inLanguage":"pt-BR","potentialAction":[{"@type":"ReadAction","target":["https:\/\/ninamartinelli.com.br\/blog2\/area-funcional-da-casacor-ribeirao-preto-2019-ganha-charme-e-beleza-com-revestimento-bellini-de-nina-martinelli\/"]}]},{"@type":"ImageObject","inLanguage":"pt-BR","@id":"https:\/\/ninamartinelli.com.br\/blog2\/area-funcional-da-casacor-ribeirao-preto-2019-ganha-charme-e-beleza-com-revestimento-bellini-de-nina-martinelli\/#primaryimage","url":"https:\/\/ninamartinelli.com.br\/blog2\/wp-content\/uploads\/2019\/10\/bellini-ninamartinelli-1.png","contentUrl":"https:\/\/ninamartinelli.com.br\/blog2\/wp-content\/uploads\/2019\/10\/bellini-ninamartinelli-1.png","width":900,"height":900},{"@type":"BreadcrumbList","@id":"https:\/\/ninamartinelli.com.br\/blog2\/area-funcional-da-casacor-ribeirao-preto-2019-ganha-charme-e-beleza-com-revestimento-bellini-de-nina-martinelli\/#breadcrumb","itemListElement":[{"@type":"ListItem","position":1,"name":"In\u00edcio","item":"https:\/\/ninamartinelli.com.br\/blog2\/"},{"@type":"ListItem","position":2,"name":"\u00c1rea funcional da CasaCor Ribeir\u00e3o Preto 2019 ganha charme e beleza com revestimento Bellini, de Nina Martinelli"}]},{"@type":"WebSite","@id":"https:\/\/ninamartinelli.com.br\/blog2\/#website","url":"https:\/\/ninamartinelli.com.br\/blog2\/","name":"Nina Martinelli","description":"#Nina_Martinelli","publisher":{"@id":"https:\/\/ninamartinelli.com.br\/blog2\/#organization"},"potentialAction":[{"@type":"SearchAction","target":{"@type":"EntryPoint","urlTemplate":"https:\/\/ninamartinelli.com.br\/blog2\/?s={search_term_string}"},"query-input":{"@type":"PropertyValueSpecification","valueRequired":true,"valueName":"search_term_string"}}],"inLanguage":"pt-BR"},{"@type":"Organization","@id":"https:\/\/ninamartinelli.com.br\/blog2\/#organization","name":"Blog Novidades","url":"https:\/\/ninamartinelli.com.br\/blog2\/","logo":{"@type":"ImageObject","inLanguage":"pt-BR","@id":"https:\/\/ninamartinelli.com.br\/blog2\/#\/schema\/logo\/image\/","url":"http:\/\/blog.ninamartinelli.com.br\/wp-content\/uploads\/2022\/03\/logo_nina_blog.png","contentUrl":"http:\/\/blog.ninamartinelli.com.br\/wp-content\/uploads\/2022\/03\/logo_nina_blog.png","width":500,"height":104,"caption":"Blog Novidades"},"image":{"@id":"https:\/\/ninamartinelli.com.br\/blog2\/#\/schema\/logo\/image\/"}},{"@type":"Person","@id":"https:\/\/ninamartinelli.com.br\/blog2\/#\/schema\/person\/880a2cdee0a047e9b55254085d24f922","name":"Comunica\u00e7\u00e3o Nina","image":{"@type":"ImageObject","inLanguage":"pt-BR","@id":"https:\/\/ninamartinelli.com.br\/blog2\/#\/schema\/person\/image\/","url":"https:\/\/secure.gravatar.com\/avatar\/0d3d763fb83768dd001497d074d4c4f6?s=96&d=mm&r=g","contentUrl":"https:\/\/secure.gravatar.com\/avatar\/0d3d763fb83768dd001497d074d4c4f6?s=96&d=mm&r=g","caption":"Comunica\u00e7\u00e3o Nina"},"sameAs":["http:\/\/ninamartinelli.com.br","http:\/\/facebook.com.br\/ninamartinellioficial","http:\/\/instagram.com\/ninamartinellioficial"],"url":"https:\/\/ninamartinelli.com.br\/blog2\/author\/nina\/"}]}},"_links":{"self":[{"href":"https:\/\/ninamartinelli.com.br\/blog2\/wp-json\/wp\/v2\/posts\/743","targetHints":{"allow":["GET"]}}],"collection":[{"href":"https:\/\/ninamartinelli.com.br\/blog2\/wp-json\/wp\/v2\/posts"}],"about":[{"href":"https:\/\/ninamartinelli.com.br\/blog2\/wp-json\/wp\/v2\/types\/post"}],"author":[{"embeddable":true,"href":"https:\/\/ninamartinelli.com.br\/blog2\/wp-json\/wp\/v2\/users\/1"}],"replies":[{"embeddable":true,"href":"https:\/\/ninamartinelli.com.br\/blog2\/wp-json\/wp\/v2\/comments?post=743"}],"version-history":[{"count":2,"href":"https:\/\/ninamartinelli.com.br\/blog2\/wp-json\/wp\/v2\/posts\/743\/revisions"}],"predecessor-version":[{"id":748,"href":"https:\/\/ninamartinelli.com.br\/blog2\/wp-json\/wp\/v2\/posts\/743\/revisions\/748"}],"wp:featuredmedia":[{"embeddable":true,"href":"https:\/\/ninamartinelli.com.br\/blog2\/wp-json\/wp\/v2\/media\/746"}],"wp:attachment":[{"href":"https:\/\/ninamartinelli.com.br\/blog2\/wp-json\/wp\/v2\/media?parent=743"}],"wp:term":[{"taxonomy":"category","embeddable":true,"href":"https:\/\/ninamartinelli.com.br\/blog2\/wp-json\/wp\/v2\/categories?post=743"},{"taxonomy":"post_tag","embeddable":true,"href":"https:\/\/ninamartinelli.com.br\/blog2\/wp-json\/wp\/v2\/tags?post=743"}],"curies":[{"name":"wp","href":"https:\/\/api.w.org\/{rel}","templated":true}]}}