{"id":718,"date":"2019-10-07T15:51:39","date_gmt":"2019-10-07T18:51:39","guid":{"rendered":"http:\/\/blog.ninamartinelli.com.br\/?p=718"},"modified":"2021-08-13T15:57:53","modified_gmt":"2021-08-13T18:57:53","slug":"cubo-nero-suaviza-formalidade-e-confere-elegancia-a-cartorio-no-parana","status":"publish","type":"post","link":"https:\/\/ninamartinelli.com.br\/blog2\/cubo-nero-suaviza-formalidade-e-confere-elegancia-a-cartorio-no-parana\/","title":{"rendered":"Cubo Nero suaviza formalidade e confere eleg\u00e2ncia a cart\u00f3rio no Paran\u00e1"},"content":{"rendered":"<p><em><strong>Revestimento foi aplicado \u00e0 parede da recep\u00e7\u00e3o, tornando o espa\u00e7o sofisticado e, ao mesmo tempo, acolhedor.<\/strong><\/em><\/p>\n<p>Por mais que as tecnologias avancem e as rela\u00e7\u00f5es sociais e empresariais se modernizem, poucos ambientes nos nossos tempos continuam t\u00e3o formais \u2013 e at\u00e9 estressantes &#8211; quanto os cart\u00f3rios.<\/p>\n<p><img loading=\"lazy\" decoding=\"async\" class=\"alignleft wp-image-723 size-medium\" src=\"http:\/\/blog.ninamartinelli.com.br\/wp-content\/uploads\/2019\/10\/cubo-nero-nina4-300x300.png\" alt=\"\" width=\"300\" height=\"300\" srcset=\"https:\/\/ninamartinelli.com.br\/blog2\/wp-content\/uploads\/2019\/10\/cubo-nero-nina4-300x300.png 300w, https:\/\/ninamartinelli.com.br\/blog2\/wp-content\/uploads\/2019\/10\/cubo-nero-nina4-150x150.png 150w, https:\/\/ninamartinelli.com.br\/blog2\/wp-content\/uploads\/2019\/10\/cubo-nero-nina4-50x50.png 50w, https:\/\/ninamartinelli.com.br\/blog2\/wp-content\/uploads\/2019\/10\/cubo-nero-nina4.png 500w\" sizes=\"auto, (max-width: 300px) 100vw, 300px\" \/>N\u00e3o seria diferente com o Cart\u00f3rio de Notas e Protestos de T\u00edtulos de Camb\u00e9, no Paran\u00e1, n\u00e3o fosse a interven\u00e7\u00e3o ousada e precisa da arquiteta <strong>Loliane Andrian<\/strong>, da LA Arquitetura e Interiores, de Londrina\/PR. Ao transferir o cart\u00f3rio para um novo endere\u00e7o, na rua Fran\u00e7a, no Centro de Camb\u00e9, os propriet\u00e1rios encomendaram a Loliane um projeto que aliasse funcionalidade, com um ambiente de trabalho agrad\u00e1vel e confort\u00e1vel para os funcion\u00e1rios, e principalmente para os usu\u00e1rios, que deveriam sentir-se acolhidos, mesmo num ambiente extremamente s\u00e9rio.<\/p>\n<p>Com dois pavimentos, o im\u00f3vel alugado pelo Tabeli\u00e3o Bruno Machado tem 190 m\u00b2, e uma recep\u00e7\u00e3o com p\u00e9 direito duplo, que foi imediatamente aproveitado e explorado por Loliane como ponto de destaque do ambiente. Nessa parede, ela aplicou o <strong>revestimento Cubo<\/strong>, da Colezione Eleganza, da Nina Martinelli. As pe\u00e7as s\u00e3o produzidas em cer\u00e2mica, com diversos acabamentos inspirados na natureza.<\/p>\n<p>Medindo 13,5x23cm, o <strong>Cubo<\/strong> possui toque r\u00fastico e original, com muita sofistica\u00e7\u00e3o, e \u00e9 apresentado nas cores Rosso, Paglia, Bianco e Nero, esta \u00faltima, escolhida por Loliane para suavizar a sisudez do local. M\u00f3veis modernos e ergon\u00f4micos, em cores s\u00f3brias, e ilumina\u00e7\u00e3o cuidadosamente planejada, inclusive destacando a textura formada pelo revestimento, complementam um espa\u00e7o confort\u00e1vel e acolhedor.<\/p>\n<p>Ela fala sobre o resultado obtido. \u201c<em>Foi al\u00e9m do esperado. O Cubo Nero \u00e9 super vers\u00e1til e original, tanto que pode ser usado na parede ou no piso. Faz toda a diferen\u00e7a no ambiente\u201d<\/em>, avalia. <em>\u201cO produto trouxe sofistica\u00e7\u00e3o, originalidade, um toque r\u00fastico e diferenciado. Sem d\u00favida, veio para agregar beleza e harmonizar todo o projeto, que foi pensado com muito carinho em cada detalhe\u201d<\/em>, conclui ela.<\/p>\n<hr \/>\n<p><img loading=\"lazy\" decoding=\"async\" class=\"aligncenter size-full wp-image-720\" src=\"http:\/\/blog.ninamartinelli.com.br\/wp-content\/uploads\/2019\/10\/cubo-nero-nina2.png\" alt=\"\" width=\"1000\" height=\"500\" srcset=\"https:\/\/ninamartinelli.com.br\/blog2\/wp-content\/uploads\/2019\/10\/cubo-nero-nina2.png 1000w, https:\/\/ninamartinelli.com.br\/blog2\/wp-content\/uploads\/2019\/10\/cubo-nero-nina2-300x150.png 300w, https:\/\/ninamartinelli.com.br\/blog2\/wp-content\/uploads\/2019\/10\/cubo-nero-nina2-768x384.png 768w\" sizes=\"auto, (max-width: 1000px) 100vw, 1000px\" \/><\/p>\n<p><img loading=\"lazy\" decoding=\"async\" class=\"aligncenter size-full wp-image-721\" src=\"http:\/\/blog.ninamartinelli.com.br\/wp-content\/uploads\/2019\/10\/cubo-nero-nina3.png\" alt=\"\" width=\"1000\" height=\"500\" srcset=\"https:\/\/ninamartinelli.com.br\/blog2\/wp-content\/uploads\/2019\/10\/cubo-nero-nina3.png 1000w, https:\/\/ninamartinelli.com.br\/blog2\/wp-content\/uploads\/2019\/10\/cubo-nero-nina3-300x150.png 300w, https:\/\/ninamartinelli.com.br\/blog2\/wp-content\/uploads\/2019\/10\/cubo-nero-nina3-768x384.png 768w\" sizes=\"auto, (max-width: 1000px) 100vw, 1000px\" \/><\/p>\n<p>&nbsp;<\/p>\n<hr \/>\n<h4>Cubo \u2013 Colezione Eleganza \u2013 13,5x23cm<br \/>\nCores dispon\u00edveis: Rosso, Paglia e Nero<br \/>\nCart\u00f3rio de Notas e Protestos de T\u00edtulos \u2013 Camb\u00e9\/PR<br \/>\nProjeto:\u00a0 LA Arquitetura e Interiores &#8211;<a href=\"https:\/\/www.instagram.com\/lolianeandriandesigninteriores\/\">@lolianeandriandesigninteriores<\/a><\/h4>\n<h4>Foto: Leonardo Orcini<\/h4>\n","protected":false},"excerpt":{"rendered":"<p>Revestimento foi aplicado \u00e0 parede da recep\u00e7\u00e3o, tornando o espa\u00e7o sofisticado e, ao mesmo tempo,<\/p>\n","protected":false},"author":1,"featured_media":719,"comment_status":"open","ping_status":"open","sticky":false,"template":"","format":"standard","meta":{"footnotes":""},"categories":[59,20,26],"tags":[57,45,46],"class_list":["post-718","post","type-post","status-publish","format-standard","has-post-thumbnail","hentry","category-ceramica","category-colezione-eleganza","category-revestimentos","tag-cartorio","tag-ceramica","tag-revestimento"],"yoast_head":"<!-- This site is optimized with the Yoast SEO plugin v26.8 - https:\/\/yoast.com\/product\/yoast-seo-wordpress\/ -->\n<title>Cubo Nero suaviza formalidade e confere eleg\u00e2ncia a cart\u00f3rio no Paran\u00e1 - Blog Nina<\/title>\n<meta name=\"robots\" content=\"index, follow, max-snippet:-1, max-image-preview:large, max-video-preview:-1\" \/>\n<link rel=\"canonical\" href=\"https:\/\/ninamartinelli.com.br\/blog2\/cubo-nero-suaviza-formalidade-e-confere-elegancia-a-cartorio-no-parana\/\" \/>\n<meta property=\"og:locale\" content=\"pt_BR\" \/>\n<meta property=\"og:type\" content=\"article\" \/>\n<meta property=\"og:title\" content=\"Cubo Nero suaviza formalidade e confere eleg\u00e2ncia a cart\u00f3rio no Paran\u00e1 - Blog Nina\" \/>\n<meta property=\"og:description\" content=\"Revestimento foi aplicado \u00e0 parede da recep\u00e7\u00e3o, tornando o espa\u00e7o sofisticado e, ao mesmo tempo,\" \/>\n<meta property=\"og:url\" content=\"https:\/\/ninamartinelli.com.br\/blog2\/cubo-nero-suaviza-formalidade-e-confere-elegancia-a-cartorio-no-parana\/\" \/>\n<meta property=\"og:site_name\" content=\"Blog Nina\" \/>\n<meta property=\"article:author\" content=\"http:\/\/facebook.com.br\/ninamartinellioficial\" \/>\n<meta property=\"article:published_time\" content=\"2019-10-07T18:51:39+00:00\" \/>\n<meta property=\"article:modified_time\" content=\"2021-08-13T18:57:53+00:00\" \/>\n<meta property=\"og:image\" content=\"https:\/\/ninamartinelli.com.br\/blog2\/wp-content\/uploads\/2019\/10\/cubo-nero-nina1.png\" \/>\n\t<meta property=\"og:image:width\" content=\"900\" \/>\n\t<meta property=\"og:image:height\" content=\"900\" \/>\n\t<meta property=\"og:image:type\" content=\"image\/png\" \/>\n<meta name=\"author\" content=\"Comunica\u00e7\u00e3o Nina\" \/>\n<meta name=\"twitter:card\" content=\"summary_large_image\" \/>\n<meta name=\"twitter:label1\" content=\"Escrito por\" \/>\n\t<meta name=\"twitter:data1\" content=\"Comunica\u00e7\u00e3o Nina\" \/>\n\t<meta name=\"twitter:label2\" content=\"Est. tempo de leitura\" \/>\n\t<meta name=\"twitter:data2\" content=\"2 minutos\" \/>\n<script type=\"application\/ld+json\" class=\"yoast-schema-graph\">{\"@context\":\"https:\/\/schema.org\",\"@graph\":[{\"@type\":\"Article\",\"@id\":\"https:\/\/ninamartinelli.com.br\/blog2\/cubo-nero-suaviza-formalidade-e-confere-elegancia-a-cartorio-no-parana\/#article\",\"isPartOf\":{\"@id\":\"https:\/\/ninamartinelli.com.br\/blog2\/cubo-nero-suaviza-formalidade-e-confere-elegancia-a-cartorio-no-parana\/\"},\"author\":{\"name\":\"Comunica\u00e7\u00e3o Nina\",\"@id\":\"https:\/\/ninamartinelli.com.br\/blog2\/#\/schema\/person\/880a2cdee0a047e9b55254085d24f922\"},\"headline\":\"Cubo Nero suaviza formalidade e confere eleg\u00e2ncia a cart\u00f3rio no Paran\u00e1\",\"datePublished\":\"2019-10-07T18:51:39+00:00\",\"dateModified\":\"2021-08-13T18:57:53+00:00\",\"mainEntityOfPage\":{\"@id\":\"https:\/\/ninamartinelli.com.br\/blog2\/cubo-nero-suaviza-formalidade-e-confere-elegancia-a-cartorio-no-parana\/\"},\"wordCount\":396,\"commentCount\":0,\"publisher\":{\"@id\":\"https:\/\/ninamartinelli.com.br\/blog2\/#organization\"},\"image\":{\"@id\":\"https:\/\/ninamartinelli.com.br\/blog2\/cubo-nero-suaviza-formalidade-e-confere-elegancia-a-cartorio-no-parana\/#primaryimage\"},\"thumbnailUrl\":\"https:\/\/ninamartinelli.com.br\/blog2\/wp-content\/uploads\/2019\/10\/cubo-nero-nina1.png\",\"keywords\":[\"cartorio\",\"ceramica\",\"revestimento\"],\"articleSection\":[\"Cer\u00e2mica\",\"Colezione Eleganza\",\"Revestimentos\"],\"inLanguage\":\"pt-BR\",\"potentialAction\":[{\"@type\":\"CommentAction\",\"name\":\"Comment\",\"target\":[\"https:\/\/ninamartinelli.com.br\/blog2\/cubo-nero-suaviza-formalidade-e-confere-elegancia-a-cartorio-no-parana\/#respond\"]}]},{\"@type\":\"WebPage\",\"@id\":\"https:\/\/ninamartinelli.com.br\/blog2\/cubo-nero-suaviza-formalidade-e-confere-elegancia-a-cartorio-no-parana\/\",\"url\":\"https:\/\/ninamartinelli.com.br\/blog2\/cubo-nero-suaviza-formalidade-e-confere-elegancia-a-cartorio-no-parana\/\",\"name\":\"Cubo Nero suaviza formalidade e confere eleg\u00e2ncia a cart\u00f3rio no Paran\u00e1 - Blog Nina\",\"isPartOf\":{\"@id\":\"https:\/\/ninamartinelli.com.br\/blog2\/#website\"},\"primaryImageOfPage\":{\"@id\":\"https:\/\/ninamartinelli.com.br\/blog2\/cubo-nero-suaviza-formalidade-e-confere-elegancia-a-cartorio-no-parana\/#primaryimage\"},\"image\":{\"@id\":\"https:\/\/ninamartinelli.com.br\/blog2\/cubo-nero-suaviza-formalidade-e-confere-elegancia-a-cartorio-no-parana\/#primaryimage\"},\"thumbnailUrl\":\"https:\/\/ninamartinelli.com.br\/blog2\/wp-content\/uploads\/2019\/10\/cubo-nero-nina1.png\",\"datePublished\":\"2019-10-07T18:51:39+00:00\",\"dateModified\":\"2021-08-13T18:57:53+00:00\",\"breadcrumb\":{\"@id\":\"https:\/\/ninamartinelli.com.br\/blog2\/cubo-nero-suaviza-formalidade-e-confere-elegancia-a-cartorio-no-parana\/#breadcrumb\"},\"inLanguage\":\"pt-BR\",\"potentialAction\":[{\"@type\":\"ReadAction\",\"target\":[\"https:\/\/ninamartinelli.com.br\/blog2\/cubo-nero-suaviza-formalidade-e-confere-elegancia-a-cartorio-no-parana\/\"]}]},{\"@type\":\"ImageObject\",\"inLanguage\":\"pt-BR\",\"@id\":\"https:\/\/ninamartinelli.com.br\/blog2\/cubo-nero-suaviza-formalidade-e-confere-elegancia-a-cartorio-no-parana\/#primaryimage\",\"url\":\"https:\/\/ninamartinelli.com.br\/blog2\/wp-content\/uploads\/2019\/10\/cubo-nero-nina1.png\",\"contentUrl\":\"https:\/\/ninamartinelli.com.br\/blog2\/wp-content\/uploads\/2019\/10\/cubo-nero-nina1.png\",\"width\":900,\"height\":900},{\"@type\":\"BreadcrumbList\",\"@id\":\"https:\/\/ninamartinelli.com.br\/blog2\/cubo-nero-suaviza-formalidade-e-confere-elegancia-a-cartorio-no-parana\/#breadcrumb\",\"itemListElement\":[{\"@type\":\"ListItem\",\"position\":1,\"name\":\"In\u00edcio\",\"item\":\"https:\/\/ninamartinelli.com.br\/blog2\/\"},{\"@type\":\"ListItem\",\"position\":2,\"name\":\"Cubo Nero suaviza formalidade e confere eleg\u00e2ncia a cart\u00f3rio no Paran\u00e1\"}]},{\"@type\":\"WebSite\",\"@id\":\"https:\/\/ninamartinelli.com.br\/blog2\/#website\",\"url\":\"https:\/\/ninamartinelli.com.br\/blog2\/\",\"name\":\"Nina Martinelli\",\"description\":\"#Nina_Martinelli\",\"publisher\":{\"@id\":\"https:\/\/ninamartinelli.com.br\/blog2\/#organization\"},\"potentialAction\":[{\"@type\":\"SearchAction\",\"target\":{\"@type\":\"EntryPoint\",\"urlTemplate\":\"https:\/\/ninamartinelli.com.br\/blog2\/?s={search_term_string}\"},\"query-input\":{\"@type\":\"PropertyValueSpecification\",\"valueRequired\":true,\"valueName\":\"search_term_string\"}}],\"inLanguage\":\"pt-BR\"},{\"@type\":\"Organization\",\"@id\":\"https:\/\/ninamartinelli.com.br\/blog2\/#organization\",\"name\":\"Blog Novidades\",\"url\":\"https:\/\/ninamartinelli.com.br\/blog2\/\",\"logo\":{\"@type\":\"ImageObject\",\"inLanguage\":\"pt-BR\",\"@id\":\"https:\/\/ninamartinelli.com.br\/blog2\/#\/schema\/logo\/image\/\",\"url\":\"http:\/\/blog.ninamartinelli.com.br\/wp-content\/uploads\/2022\/03\/logo_nina_blog.png\",\"contentUrl\":\"http:\/\/blog.ninamartinelli.com.br\/wp-content\/uploads\/2022\/03\/logo_nina_blog.png\",\"width\":500,\"height\":104,\"caption\":\"Blog Novidades\"},\"image\":{\"@id\":\"https:\/\/ninamartinelli.com.br\/blog2\/#\/schema\/logo\/image\/\"}},{\"@type\":\"Person\",\"@id\":\"https:\/\/ninamartinelli.com.br\/blog2\/#\/schema\/person\/880a2cdee0a047e9b55254085d24f922\",\"name\":\"Comunica\u00e7\u00e3o Nina\",\"image\":{\"@type\":\"ImageObject\",\"inLanguage\":\"pt-BR\",\"@id\":\"https:\/\/ninamartinelli.com.br\/blog2\/#\/schema\/person\/image\/\",\"url\":\"https:\/\/secure.gravatar.com\/avatar\/0d3d763fb83768dd001497d074d4c4f6?s=96&d=mm&r=g\",\"contentUrl\":\"https:\/\/secure.gravatar.com\/avatar\/0d3d763fb83768dd001497d074d4c4f6?s=96&d=mm&r=g\",\"caption\":\"Comunica\u00e7\u00e3o Nina\"},\"sameAs\":[\"http:\/\/ninamartinelli.com.br\",\"http:\/\/facebook.com.br\/ninamartinellioficial\",\"http:\/\/instagram.com\/ninamartinellioficial\"],\"url\":\"https:\/\/ninamartinelli.com.br\/blog2\/author\/nina\/\"}]}<\/script>\n<!-- \/ Yoast SEO plugin. -->","yoast_head_json":{"title":"Cubo Nero suaviza formalidade e confere eleg\u00e2ncia a cart\u00f3rio no Paran\u00e1 - Blog Nina","robots":{"index":"index","follow":"follow","max-snippet":"max-snippet:-1","max-image-preview":"max-image-preview:large","max-video-preview":"max-video-preview:-1"},"canonical":"https:\/\/ninamartinelli.com.br\/blog2\/cubo-nero-suaviza-formalidade-e-confere-elegancia-a-cartorio-no-parana\/","og_locale":"pt_BR","og_type":"article","og_title":"Cubo Nero suaviza formalidade e confere eleg\u00e2ncia a cart\u00f3rio no Paran\u00e1 - Blog Nina","og_description":"Revestimento foi aplicado \u00e0 parede da recep\u00e7\u00e3o, tornando o espa\u00e7o sofisticado e, ao mesmo tempo,","og_url":"https:\/\/ninamartinelli.com.br\/blog2\/cubo-nero-suaviza-formalidade-e-confere-elegancia-a-cartorio-no-parana\/","og_site_name":"Blog Nina","article_author":"http:\/\/facebook.com.br\/ninamartinellioficial","article_published_time":"2019-10-07T18:51:39+00:00","article_modified_time":"2021-08-13T18:57:53+00:00","og_image":[{"width":900,"height":900,"url":"https:\/\/ninamartinelli.com.br\/blog2\/wp-content\/uploads\/2019\/10\/cubo-nero-nina1.png","type":"image\/png"}],"author":"Comunica\u00e7\u00e3o Nina","twitter_card":"summary_large_image","twitter_misc":{"Escrito por":"Comunica\u00e7\u00e3o Nina","Est. tempo de leitura":"2 minutos"},"schema":{"@context":"https:\/\/schema.org","@graph":[{"@type":"Article","@id":"https:\/\/ninamartinelli.com.br\/blog2\/cubo-nero-suaviza-formalidade-e-confere-elegancia-a-cartorio-no-parana\/#article","isPartOf":{"@id":"https:\/\/ninamartinelli.com.br\/blog2\/cubo-nero-suaviza-formalidade-e-confere-elegancia-a-cartorio-no-parana\/"},"author":{"name":"Comunica\u00e7\u00e3o Nina","@id":"https:\/\/ninamartinelli.com.br\/blog2\/#\/schema\/person\/880a2cdee0a047e9b55254085d24f922"},"headline":"Cubo Nero suaviza formalidade e confere eleg\u00e2ncia a cart\u00f3rio no Paran\u00e1","datePublished":"2019-10-07T18:51:39+00:00","dateModified":"2021-08-13T18:57:53+00:00","mainEntityOfPage":{"@id":"https:\/\/ninamartinelli.com.br\/blog2\/cubo-nero-suaviza-formalidade-e-confere-elegancia-a-cartorio-no-parana\/"},"wordCount":396,"commentCount":0,"publisher":{"@id":"https:\/\/ninamartinelli.com.br\/blog2\/#organization"},"image":{"@id":"https:\/\/ninamartinelli.com.br\/blog2\/cubo-nero-suaviza-formalidade-e-confere-elegancia-a-cartorio-no-parana\/#primaryimage"},"thumbnailUrl":"https:\/\/ninamartinelli.com.br\/blog2\/wp-content\/uploads\/2019\/10\/cubo-nero-nina1.png","keywords":["cartorio","ceramica","revestimento"],"articleSection":["Cer\u00e2mica","Colezione Eleganza","Revestimentos"],"inLanguage":"pt-BR","potentialAction":[{"@type":"CommentAction","name":"Comment","target":["https:\/\/ninamartinelli.com.br\/blog2\/cubo-nero-suaviza-formalidade-e-confere-elegancia-a-cartorio-no-parana\/#respond"]}]},{"@type":"WebPage","@id":"https:\/\/ninamartinelli.com.br\/blog2\/cubo-nero-suaviza-formalidade-e-confere-elegancia-a-cartorio-no-parana\/","url":"https:\/\/ninamartinelli.com.br\/blog2\/cubo-nero-suaviza-formalidade-e-confere-elegancia-a-cartorio-no-parana\/","name":"Cubo Nero suaviza formalidade e confere eleg\u00e2ncia a cart\u00f3rio no Paran\u00e1 - Blog Nina","isPartOf":{"@id":"https:\/\/ninamartinelli.com.br\/blog2\/#website"},"primaryImageOfPage":{"@id":"https:\/\/ninamartinelli.com.br\/blog2\/cubo-nero-suaviza-formalidade-e-confere-elegancia-a-cartorio-no-parana\/#primaryimage"},"image":{"@id":"https:\/\/ninamartinelli.com.br\/blog2\/cubo-nero-suaviza-formalidade-e-confere-elegancia-a-cartorio-no-parana\/#primaryimage"},"thumbnailUrl":"https:\/\/ninamartinelli.com.br\/blog2\/wp-content\/uploads\/2019\/10\/cubo-nero-nina1.png","datePublished":"2019-10-07T18:51:39+00:00","dateModified":"2021-08-13T18:57:53+00:00","breadcrumb":{"@id":"https:\/\/ninamartinelli.com.br\/blog2\/cubo-nero-suaviza-formalidade-e-confere-elegancia-a-cartorio-no-parana\/#breadcrumb"},"inLanguage":"pt-BR","potentialAction":[{"@type":"ReadAction","target":["https:\/\/ninamartinelli.com.br\/blog2\/cubo-nero-suaviza-formalidade-e-confere-elegancia-a-cartorio-no-parana\/"]}]},{"@type":"ImageObject","inLanguage":"pt-BR","@id":"https:\/\/ninamartinelli.com.br\/blog2\/cubo-nero-suaviza-formalidade-e-confere-elegancia-a-cartorio-no-parana\/#primaryimage","url":"https:\/\/ninamartinelli.com.br\/blog2\/wp-content\/uploads\/2019\/10\/cubo-nero-nina1.png","contentUrl":"https:\/\/ninamartinelli.com.br\/blog2\/wp-content\/uploads\/2019\/10\/cubo-nero-nina1.png","width":900,"height":900},{"@type":"BreadcrumbList","@id":"https:\/\/ninamartinelli.com.br\/blog2\/cubo-nero-suaviza-formalidade-e-confere-elegancia-a-cartorio-no-parana\/#breadcrumb","itemListElement":[{"@type":"ListItem","position":1,"name":"In\u00edcio","item":"https:\/\/ninamartinelli.com.br\/blog2\/"},{"@type":"ListItem","position":2,"name":"Cubo Nero suaviza formalidade e confere eleg\u00e2ncia a cart\u00f3rio no Paran\u00e1"}]},{"@type":"WebSite","@id":"https:\/\/ninamartinelli.com.br\/blog2\/#website","url":"https:\/\/ninamartinelli.com.br\/blog2\/","name":"Nina Martinelli","description":"#Nina_Martinelli","publisher":{"@id":"https:\/\/ninamartinelli.com.br\/blog2\/#organization"},"potentialAction":[{"@type":"SearchAction","target":{"@type":"EntryPoint","urlTemplate":"https:\/\/ninamartinelli.com.br\/blog2\/?s={search_term_string}"},"query-input":{"@type":"PropertyValueSpecification","valueRequired":true,"valueName":"search_term_string"}}],"inLanguage":"pt-BR"},{"@type":"Organization","@id":"https:\/\/ninamartinelli.com.br\/blog2\/#organization","name":"Blog Novidades","url":"https:\/\/ninamartinelli.com.br\/blog2\/","logo":{"@type":"ImageObject","inLanguage":"pt-BR","@id":"https:\/\/ninamartinelli.com.br\/blog2\/#\/schema\/logo\/image\/","url":"http:\/\/blog.ninamartinelli.com.br\/wp-content\/uploads\/2022\/03\/logo_nina_blog.png","contentUrl":"http:\/\/blog.ninamartinelli.com.br\/wp-content\/uploads\/2022\/03\/logo_nina_blog.png","width":500,"height":104,"caption":"Blog Novidades"},"image":{"@id":"https:\/\/ninamartinelli.com.br\/blog2\/#\/schema\/logo\/image\/"}},{"@type":"Person","@id":"https:\/\/ninamartinelli.com.br\/blog2\/#\/schema\/person\/880a2cdee0a047e9b55254085d24f922","name":"Comunica\u00e7\u00e3o Nina","image":{"@type":"ImageObject","inLanguage":"pt-BR","@id":"https:\/\/ninamartinelli.com.br\/blog2\/#\/schema\/person\/image\/","url":"https:\/\/secure.gravatar.com\/avatar\/0d3d763fb83768dd001497d074d4c4f6?s=96&d=mm&r=g","contentUrl":"https:\/\/secure.gravatar.com\/avatar\/0d3d763fb83768dd001497d074d4c4f6?s=96&d=mm&r=g","caption":"Comunica\u00e7\u00e3o Nina"},"sameAs":["http:\/\/ninamartinelli.com.br","http:\/\/facebook.com.br\/ninamartinellioficial","http:\/\/instagram.com\/ninamartinellioficial"],"url":"https:\/\/ninamartinelli.com.br\/blog2\/author\/nina\/"}]}},"_links":{"self":[{"href":"https:\/\/ninamartinelli.com.br\/blog2\/wp-json\/wp\/v2\/posts\/718","targetHints":{"allow":["GET"]}}],"collection":[{"href":"https:\/\/ninamartinelli.com.br\/blog2\/wp-json\/wp\/v2\/posts"}],"about":[{"href":"https:\/\/ninamartinelli.com.br\/blog2\/wp-json\/wp\/v2\/types\/post"}],"author":[{"embeddable":true,"href":"https:\/\/ninamartinelli.com.br\/blog2\/wp-json\/wp\/v2\/users\/1"}],"replies":[{"embeddable":true,"href":"https:\/\/ninamartinelli.com.br\/blog2\/wp-json\/wp\/v2\/comments?post=718"}],"version-history":[{"count":7,"href":"https:\/\/ninamartinelli.com.br\/blog2\/wp-json\/wp\/v2\/posts\/718\/revisions"}],"predecessor-version":[{"id":1506,"href":"https:\/\/ninamartinelli.com.br\/blog2\/wp-json\/wp\/v2\/posts\/718\/revisions\/1506"}],"wp:featuredmedia":[{"embeddable":true,"href":"https:\/\/ninamartinelli.com.br\/blog2\/wp-json\/wp\/v2\/media\/719"}],"wp:attachment":[{"href":"https:\/\/ninamartinelli.com.br\/blog2\/wp-json\/wp\/v2\/media?parent=718"}],"wp:term":[{"taxonomy":"category","embeddable":true,"href":"https:\/\/ninamartinelli.com.br\/blog2\/wp-json\/wp\/v2\/categories?post=718"},{"taxonomy":"post_tag","embeddable":true,"href":"https:\/\/ninamartinelli.com.br\/blog2\/wp-json\/wp\/v2\/tags?post=718"}],"curies":[{"name":"wp","href":"https:\/\/api.w.org\/{rel}","templated":true}]}}