{"id":704,"date":"2019-09-24T17:17:22","date_gmt":"2019-09-24T20:17:22","guid":{"rendered":"http:\/\/blog.ninamartinelli.com.br\/?p=704"},"modified":"2019-10-17T10:24:48","modified_gmt":"2019-10-17T13:24:48","slug":"memoria-e-afeto-dao-o-tom-da-cozinha-de-origem-com-cotto-vecchio-na-casacor-ceara-2019","status":"publish","type":"post","link":"https:\/\/ninamartinelli.com.br\/blog2\/memoria-e-afeto-dao-o-tom-da-cozinha-de-origem-com-cotto-vecchio-na-casacor-ceara-2019\/","title":{"rendered":"Mem\u00f3ria e afeto d\u00e3o o tom da Cozinha de Origem com Cotto Vecchio na CasaCor Cear\u00e1 2019"},"content":{"rendered":"<p>Inaugurada no \u00faltimo dia 12 de setembro, a 21\u00aa edi\u00e7\u00e3o da CasaCor Cear\u00e1 2019, que ocupa o imponente im\u00f3vel da fam\u00edlia J. Mac\u00eado em Fortaleza, traz 39 ambientes assinados por profissionais que representam a excel\u00eancia da arquitetura e design de interiores deste important\u00edssimo estado do Nordeste.<\/p>\n<p>Um dos ambientes mais destacados \u00e9 a Cozinha de Origem, assinada pela arquiteta Ana Virg\u00ednia Furlani, que desde o desenvolvimento do conceito do espa\u00e7o, deixou clara a ideia de celebrar as mem\u00f3rias familiares e o afeto, evocados em cada elemento do projeto.<\/p>\n<p><img loading=\"lazy\" decoding=\"async\" class=\"alignleft wp-image-713\" src=\"http:\/\/blog.ninamartinelli.com.br\/wp-content\/uploads\/2019\/09\/cotto-vecchio-1-300x300.jpg\" alt=\"\" width=\"250\" height=\"250\" srcset=\"https:\/\/ninamartinelli.com.br\/blog2\/wp-content\/uploads\/2019\/09\/cotto-vecchio-1-300x300.jpg 300w, https:\/\/ninamartinelli.com.br\/blog2\/wp-content\/uploads\/2019\/09\/cotto-vecchio-1-150x150.jpg 150w, https:\/\/ninamartinelli.com.br\/blog2\/wp-content\/uploads\/2019\/09\/cotto-vecchio-1-50x50.jpg 50w, https:\/\/ninamartinelli.com.br\/blog2\/wp-content\/uploads\/2019\/09\/cotto-vecchio-1.jpg 500w\" sizes=\"auto, (max-width: 250px) 100vw, 250px\" \/>\u201cEu queria fazer um resgate das cozinhas do passado, da minha mem\u00f3ria afetiva\u201d, diz ela, que misturou texturas, transpar\u00eancias e materiais, privilegiando o conforto e o conv\u00edvio, favorecidos por um convidativo sof\u00e1 e pela imensa mesa, feita a partir de uma impressionante prancha de madeira em formato org\u00e2nico e natural, para nada menos do que 20 lugares.<br \/>\nNo piso e nas paredes, Ana Virg\u00ednia aplicou o revestimento <strong>Cotto Vecchio Paglia 24&#215;24<\/strong>, da Nina Martinelli, que \u00e9 produzido em cer\u00e2mica com diversos acabamentos inspirados na natureza, com toque r\u00fastico e original, e de muita sofistica\u00e7\u00e3o.<\/p>\n<p>A arquiteta escolheu o tom Paglia e a pagina\u00e7\u00e3o alinhada, para dar \u00e0 ampla cozinha um aspecto despojado e ao mesmo tempo, bastante acolhedor. E ela pr\u00f3pria explica a op\u00e7\u00e3o pelo revestimento.<\/p>\n<p>\u201cEra exatamente o que eu estava buscando, um revestimento que remetesse \u00e0 olaria, ao barro, \u00e0 terracota, que pudesse ser aplicado tanto no piso quanto nas paredes\u201d, conta ela.<br \/>\nSegundo Ana Virg\u00ednia, foram utilizados 130 m\u00b2 do produto, adquirido em Fortaleza mesmo, na ArtePiso, garantindo o resultado que ela buscava. \u201cFicou sensacional!\u201d, avalia.<\/p>\n<p><img loading=\"lazy\" decoding=\"async\" class=\"aligncenter size-full wp-image-707\" src=\"http:\/\/blog.ninamartinelli.com.br\/wp-content\/uploads\/2019\/09\/cotto-vecchio-casacor-1.jpg\" alt=\"\" width=\"1000\" height=\"500\" srcset=\"https:\/\/ninamartinelli.com.br\/blog2\/wp-content\/uploads\/2019\/09\/cotto-vecchio-casacor-1.jpg 1000w, https:\/\/ninamartinelli.com.br\/blog2\/wp-content\/uploads\/2019\/09\/cotto-vecchio-casacor-1-300x150.jpg 300w, https:\/\/ninamartinelli.com.br\/blog2\/wp-content\/uploads\/2019\/09\/cotto-vecchio-casacor-1-768x384.jpg 768w\" sizes=\"auto, (max-width: 1000px) 100vw, 1000px\" \/><\/p>\n<p><img loading=\"lazy\" decoding=\"async\" class=\"aligncenter size-full wp-image-708\" src=\"http:\/\/blog.ninamartinelli.com.br\/wp-content\/uploads\/2019\/09\/cotto-vecchio-casacor-2.jpg\" alt=\"\" width=\"1000\" height=\"500\" srcset=\"https:\/\/ninamartinelli.com.br\/blog2\/wp-content\/uploads\/2019\/09\/cotto-vecchio-casacor-2.jpg 1000w, https:\/\/ninamartinelli.com.br\/blog2\/wp-content\/uploads\/2019\/09\/cotto-vecchio-casacor-2-300x150.jpg 300w, https:\/\/ninamartinelli.com.br\/blog2\/wp-content\/uploads\/2019\/09\/cotto-vecchio-casacor-2-768x384.jpg 768w\" sizes=\"auto, (max-width: 1000px) 100vw, 1000px\" \/><\/p>\n<p><img loading=\"lazy\" decoding=\"async\" class=\"aligncenter size-full wp-image-710\" src=\"http:\/\/blog.ninamartinelli.com.br\/wp-content\/uploads\/2019\/09\/cotto-vecchio-casacor-5.jpg\" alt=\"\" width=\"1000\" height=\"500\" srcset=\"https:\/\/ninamartinelli.com.br\/blog2\/wp-content\/uploads\/2019\/09\/cotto-vecchio-casacor-5.jpg 1000w, https:\/\/ninamartinelli.com.br\/blog2\/wp-content\/uploads\/2019\/09\/cotto-vecchio-casacor-5-300x150.jpg 300w, https:\/\/ninamartinelli.com.br\/blog2\/wp-content\/uploads\/2019\/09\/cotto-vecchio-casacor-5-768x384.jpg 768w\" sizes=\"auto, (max-width: 1000px) 100vw, 1000px\" \/><\/p>\n<p><img loading=\"lazy\" decoding=\"async\" class=\"aligncenter size-full wp-image-709\" src=\"http:\/\/blog.ninamartinelli.com.br\/wp-content\/uploads\/2019\/09\/cotto-vecchio-casacor-4.jpg\" alt=\"\" width=\"1000\" height=\"500\" srcset=\"https:\/\/ninamartinelli.com.br\/blog2\/wp-content\/uploads\/2019\/09\/cotto-vecchio-casacor-4.jpg 1000w, https:\/\/ninamartinelli.com.br\/blog2\/wp-content\/uploads\/2019\/09\/cotto-vecchio-casacor-4-300x150.jpg 300w, https:\/\/ninamartinelli.com.br\/blog2\/wp-content\/uploads\/2019\/09\/cotto-vecchio-casacor-4-768x384.jpg 768w\" sizes=\"auto, (max-width: 1000px) 100vw, 1000px\" \/><\/p>\n<hr \/>\n<h4>CasaCor Cear\u00e1<\/h4>\n<h4>De 12 de setembro a 22 de outubro de 2019<\/h4>\n<h4>Rua Visconde de Mau\u00e1, 950, Aldeota, Fortaleza \u2013 CE<\/h4>\n<h4>Cozinha de Origem<\/h4>\n<h4>Projeto: Ana Virg\u00ednia Furlani Arquitetura &amp; Interiores &#8211; <a href=\"https:\/\/www.instagram.com\/anavirginiafurlani.arquiteta\/\">@ anavirginiafurlani.arquiteta<\/a><\/h4>\n<h4>Fotos: <a href=\"https:\/\/www.instagram.com\/felipe.petrovsky\/\">@felipe.petrovsky<\/a><\/h4>\n","protected":false},"excerpt":{"rendered":"<p>Inaugurada no \u00faltimo dia 12 de setembro, a 21\u00aa edi\u00e7\u00e3o da CasaCor Cear\u00e1 2019, que<\/p>\n","protected":false},"author":1,"featured_media":711,"comment_status":"open","ping_status":"open","sticky":false,"template":"","format":"standard","meta":{"footnotes":""},"categories":[27,59,20,21],"tags":[34,45,56,55],"class_list":["post-704","post","type-post","status-publish","format-standard","has-post-thumbnail","hentry","category-casa-cor","category-ceramica","category-colezione-eleganza","category-pisos","tag-casa-cor","tag-ceramica","tag-evento","tag-pisos"],"yoast_head":"<!-- This site is optimized with the Yoast SEO plugin v26.8 - https:\/\/yoast.com\/product\/yoast-seo-wordpress\/ -->\n<title>Mem\u00f3ria e afeto d\u00e3o o tom da Cozinha de Origem com Cotto Vecchio na CasaCor Cear\u00e1 2019 - Blog Nina<\/title>\n<meta name=\"robots\" content=\"index, follow, max-snippet:-1, max-image-preview:large, max-video-preview:-1\" \/>\n<link rel=\"canonical\" href=\"https:\/\/ninamartinelli.com.br\/blog2\/memoria-e-afeto-dao-o-tom-da-cozinha-de-origem-com-cotto-vecchio-na-casacor-ceara-2019\/\" \/>\n<meta property=\"og:locale\" content=\"pt_BR\" \/>\n<meta property=\"og:type\" content=\"article\" \/>\n<meta property=\"og:title\" content=\"Mem\u00f3ria e afeto d\u00e3o o tom da Cozinha de Origem com Cotto Vecchio na CasaCor Cear\u00e1 2019 - Blog Nina\" \/>\n<meta property=\"og:description\" content=\"Inaugurada no \u00faltimo dia 12 de setembro, a 21\u00aa edi\u00e7\u00e3o da CasaCor Cear\u00e1 2019, que\" \/>\n<meta property=\"og:url\" content=\"https:\/\/ninamartinelli.com.br\/blog2\/memoria-e-afeto-dao-o-tom-da-cozinha-de-origem-com-cotto-vecchio-na-casacor-ceara-2019\/\" \/>\n<meta property=\"og:site_name\" content=\"Blog Nina\" \/>\n<meta property=\"article:author\" content=\"http:\/\/facebook.com.br\/ninamartinellioficial\" \/>\n<meta property=\"article:published_time\" content=\"2019-09-24T20:17:22+00:00\" \/>\n<meta property=\"article:modified_time\" content=\"2019-10-17T13:24:48+00:00\" \/>\n<meta property=\"og:image\" content=\"https:\/\/ninamartinelli.com.br\/blog2\/wp-content\/uploads\/2019\/09\/cotto-vecchio-casacor-3.jpg\" \/>\n\t<meta property=\"og:image:width\" content=\"900\" \/>\n\t<meta property=\"og:image:height\" content=\"900\" \/>\n\t<meta property=\"og:image:type\" content=\"image\/jpeg\" \/>\n<meta name=\"author\" content=\"Comunica\u00e7\u00e3o Nina\" \/>\n<meta name=\"twitter:card\" content=\"summary_large_image\" \/>\n<meta name=\"twitter:label1\" content=\"Escrito por\" \/>\n\t<meta name=\"twitter:data1\" content=\"Comunica\u00e7\u00e3o Nina\" \/>\n\t<meta name=\"twitter:label2\" content=\"Est. tempo de leitura\" \/>\n\t<meta name=\"twitter:data2\" content=\"2 minutos\" \/>\n<script type=\"application\/ld+json\" class=\"yoast-schema-graph\">{\"@context\":\"https:\/\/schema.org\",\"@graph\":[{\"@type\":\"Article\",\"@id\":\"https:\/\/ninamartinelli.com.br\/blog2\/memoria-e-afeto-dao-o-tom-da-cozinha-de-origem-com-cotto-vecchio-na-casacor-ceara-2019\/#article\",\"isPartOf\":{\"@id\":\"https:\/\/ninamartinelli.com.br\/blog2\/memoria-e-afeto-dao-o-tom-da-cozinha-de-origem-com-cotto-vecchio-na-casacor-ceara-2019\/\"},\"author\":{\"name\":\"Comunica\u00e7\u00e3o Nina\",\"@id\":\"https:\/\/ninamartinelli.com.br\/blog2\/#\/schema\/person\/880a2cdee0a047e9b55254085d24f922\"},\"headline\":\"Mem\u00f3ria e afeto d\u00e3o o tom da Cozinha de Origem com Cotto Vecchio na CasaCor Cear\u00e1 2019\",\"datePublished\":\"2019-09-24T20:17:22+00:00\",\"dateModified\":\"2019-10-17T13:24:48+00:00\",\"mainEntityOfPage\":{\"@id\":\"https:\/\/ninamartinelli.com.br\/blog2\/memoria-e-afeto-dao-o-tom-da-cozinha-de-origem-com-cotto-vecchio-na-casacor-ceara-2019\/\"},\"wordCount\":328,\"commentCount\":0,\"publisher\":{\"@id\":\"https:\/\/ninamartinelli.com.br\/blog2\/#organization\"},\"image\":{\"@id\":\"https:\/\/ninamartinelli.com.br\/blog2\/memoria-e-afeto-dao-o-tom-da-cozinha-de-origem-com-cotto-vecchio-na-casacor-ceara-2019\/#primaryimage\"},\"thumbnailUrl\":\"https:\/\/ninamartinelli.com.br\/blog2\/wp-content\/uploads\/2019\/09\/cotto-vecchio-casacor-3.jpg\",\"keywords\":[\"casa cor\",\"ceramica\",\"evento\",\"pisos\"],\"articleSection\":[\"CASA COR\",\"Cer\u00e2mica\",\"Colezione Eleganza\",\"Pisos\"],\"inLanguage\":\"pt-BR\",\"potentialAction\":[{\"@type\":\"CommentAction\",\"name\":\"Comment\",\"target\":[\"https:\/\/ninamartinelli.com.br\/blog2\/memoria-e-afeto-dao-o-tom-da-cozinha-de-origem-com-cotto-vecchio-na-casacor-ceara-2019\/#respond\"]}]},{\"@type\":\"WebPage\",\"@id\":\"https:\/\/ninamartinelli.com.br\/blog2\/memoria-e-afeto-dao-o-tom-da-cozinha-de-origem-com-cotto-vecchio-na-casacor-ceara-2019\/\",\"url\":\"https:\/\/ninamartinelli.com.br\/blog2\/memoria-e-afeto-dao-o-tom-da-cozinha-de-origem-com-cotto-vecchio-na-casacor-ceara-2019\/\",\"name\":\"Mem\u00f3ria e afeto d\u00e3o o tom da Cozinha de Origem com Cotto Vecchio na CasaCor Cear\u00e1 2019 - Blog Nina\",\"isPartOf\":{\"@id\":\"https:\/\/ninamartinelli.com.br\/blog2\/#website\"},\"primaryImageOfPage\":{\"@id\":\"https:\/\/ninamartinelli.com.br\/blog2\/memoria-e-afeto-dao-o-tom-da-cozinha-de-origem-com-cotto-vecchio-na-casacor-ceara-2019\/#primaryimage\"},\"image\":{\"@id\":\"https:\/\/ninamartinelli.com.br\/blog2\/memoria-e-afeto-dao-o-tom-da-cozinha-de-origem-com-cotto-vecchio-na-casacor-ceara-2019\/#primaryimage\"},\"thumbnailUrl\":\"https:\/\/ninamartinelli.com.br\/blog2\/wp-content\/uploads\/2019\/09\/cotto-vecchio-casacor-3.jpg\",\"datePublished\":\"2019-09-24T20:17:22+00:00\",\"dateModified\":\"2019-10-17T13:24:48+00:00\",\"breadcrumb\":{\"@id\":\"https:\/\/ninamartinelli.com.br\/blog2\/memoria-e-afeto-dao-o-tom-da-cozinha-de-origem-com-cotto-vecchio-na-casacor-ceara-2019\/#breadcrumb\"},\"inLanguage\":\"pt-BR\",\"potentialAction\":[{\"@type\":\"ReadAction\",\"target\":[\"https:\/\/ninamartinelli.com.br\/blog2\/memoria-e-afeto-dao-o-tom-da-cozinha-de-origem-com-cotto-vecchio-na-casacor-ceara-2019\/\"]}]},{\"@type\":\"ImageObject\",\"inLanguage\":\"pt-BR\",\"@id\":\"https:\/\/ninamartinelli.com.br\/blog2\/memoria-e-afeto-dao-o-tom-da-cozinha-de-origem-com-cotto-vecchio-na-casacor-ceara-2019\/#primaryimage\",\"url\":\"https:\/\/ninamartinelli.com.br\/blog2\/wp-content\/uploads\/2019\/09\/cotto-vecchio-casacor-3.jpg\",\"contentUrl\":\"https:\/\/ninamartinelli.com.br\/blog2\/wp-content\/uploads\/2019\/09\/cotto-vecchio-casacor-3.jpg\",\"width\":900,\"height\":900},{\"@type\":\"BreadcrumbList\",\"@id\":\"https:\/\/ninamartinelli.com.br\/blog2\/memoria-e-afeto-dao-o-tom-da-cozinha-de-origem-com-cotto-vecchio-na-casacor-ceara-2019\/#breadcrumb\",\"itemListElement\":[{\"@type\":\"ListItem\",\"position\":1,\"name\":\"In\u00edcio\",\"item\":\"https:\/\/ninamartinelli.com.br\/blog2\/\"},{\"@type\":\"ListItem\",\"position\":2,\"name\":\"Mem\u00f3ria e afeto d\u00e3o o tom da Cozinha de Origem com Cotto Vecchio na CasaCor Cear\u00e1 2019\"}]},{\"@type\":\"WebSite\",\"@id\":\"https:\/\/ninamartinelli.com.br\/blog2\/#website\",\"url\":\"https:\/\/ninamartinelli.com.br\/blog2\/\",\"name\":\"Nina Martinelli\",\"description\":\"#Nina_Martinelli\",\"publisher\":{\"@id\":\"https:\/\/ninamartinelli.com.br\/blog2\/#organization\"},\"potentialAction\":[{\"@type\":\"SearchAction\",\"target\":{\"@type\":\"EntryPoint\",\"urlTemplate\":\"https:\/\/ninamartinelli.com.br\/blog2\/?s={search_term_string}\"},\"query-input\":{\"@type\":\"PropertyValueSpecification\",\"valueRequired\":true,\"valueName\":\"search_term_string\"}}],\"inLanguage\":\"pt-BR\"},{\"@type\":\"Organization\",\"@id\":\"https:\/\/ninamartinelli.com.br\/blog2\/#organization\",\"name\":\"Blog Novidades\",\"url\":\"https:\/\/ninamartinelli.com.br\/blog2\/\",\"logo\":{\"@type\":\"ImageObject\",\"inLanguage\":\"pt-BR\",\"@id\":\"https:\/\/ninamartinelli.com.br\/blog2\/#\/schema\/logo\/image\/\",\"url\":\"http:\/\/blog.ninamartinelli.com.br\/wp-content\/uploads\/2022\/03\/logo_nina_blog.png\",\"contentUrl\":\"http:\/\/blog.ninamartinelli.com.br\/wp-content\/uploads\/2022\/03\/logo_nina_blog.png\",\"width\":500,\"height\":104,\"caption\":\"Blog Novidades\"},\"image\":{\"@id\":\"https:\/\/ninamartinelli.com.br\/blog2\/#\/schema\/logo\/image\/\"}},{\"@type\":\"Person\",\"@id\":\"https:\/\/ninamartinelli.com.br\/blog2\/#\/schema\/person\/880a2cdee0a047e9b55254085d24f922\",\"name\":\"Comunica\u00e7\u00e3o Nina\",\"image\":{\"@type\":\"ImageObject\",\"inLanguage\":\"pt-BR\",\"@id\":\"https:\/\/ninamartinelli.com.br\/blog2\/#\/schema\/person\/image\/\",\"url\":\"https:\/\/secure.gravatar.com\/avatar\/0d3d763fb83768dd001497d074d4c4f6?s=96&d=mm&r=g\",\"contentUrl\":\"https:\/\/secure.gravatar.com\/avatar\/0d3d763fb83768dd001497d074d4c4f6?s=96&d=mm&r=g\",\"caption\":\"Comunica\u00e7\u00e3o Nina\"},\"sameAs\":[\"http:\/\/ninamartinelli.com.br\",\"http:\/\/facebook.com.br\/ninamartinellioficial\",\"http:\/\/instagram.com\/ninamartinellioficial\"],\"url\":\"https:\/\/ninamartinelli.com.br\/blog2\/author\/nina\/\"}]}<\/script>\n<!-- \/ Yoast SEO plugin. -->","yoast_head_json":{"title":"Mem\u00f3ria e afeto d\u00e3o o tom da Cozinha de Origem com Cotto Vecchio na CasaCor Cear\u00e1 2019 - Blog Nina","robots":{"index":"index","follow":"follow","max-snippet":"max-snippet:-1","max-image-preview":"max-image-preview:large","max-video-preview":"max-video-preview:-1"},"canonical":"https:\/\/ninamartinelli.com.br\/blog2\/memoria-e-afeto-dao-o-tom-da-cozinha-de-origem-com-cotto-vecchio-na-casacor-ceara-2019\/","og_locale":"pt_BR","og_type":"article","og_title":"Mem\u00f3ria e afeto d\u00e3o o tom da Cozinha de Origem com Cotto Vecchio na CasaCor Cear\u00e1 2019 - Blog Nina","og_description":"Inaugurada no \u00faltimo dia 12 de setembro, a 21\u00aa edi\u00e7\u00e3o da CasaCor Cear\u00e1 2019, que","og_url":"https:\/\/ninamartinelli.com.br\/blog2\/memoria-e-afeto-dao-o-tom-da-cozinha-de-origem-com-cotto-vecchio-na-casacor-ceara-2019\/","og_site_name":"Blog Nina","article_author":"http:\/\/facebook.com.br\/ninamartinellioficial","article_published_time":"2019-09-24T20:17:22+00:00","article_modified_time":"2019-10-17T13:24:48+00:00","og_image":[{"width":900,"height":900,"url":"https:\/\/ninamartinelli.com.br\/blog2\/wp-content\/uploads\/2019\/09\/cotto-vecchio-casacor-3.jpg","type":"image\/jpeg"}],"author":"Comunica\u00e7\u00e3o Nina","twitter_card":"summary_large_image","twitter_misc":{"Escrito por":"Comunica\u00e7\u00e3o Nina","Est. tempo de leitura":"2 minutos"},"schema":{"@context":"https:\/\/schema.org","@graph":[{"@type":"Article","@id":"https:\/\/ninamartinelli.com.br\/blog2\/memoria-e-afeto-dao-o-tom-da-cozinha-de-origem-com-cotto-vecchio-na-casacor-ceara-2019\/#article","isPartOf":{"@id":"https:\/\/ninamartinelli.com.br\/blog2\/memoria-e-afeto-dao-o-tom-da-cozinha-de-origem-com-cotto-vecchio-na-casacor-ceara-2019\/"},"author":{"name":"Comunica\u00e7\u00e3o Nina","@id":"https:\/\/ninamartinelli.com.br\/blog2\/#\/schema\/person\/880a2cdee0a047e9b55254085d24f922"},"headline":"Mem\u00f3ria e afeto d\u00e3o o tom da Cozinha de Origem com Cotto Vecchio na CasaCor Cear\u00e1 2019","datePublished":"2019-09-24T20:17:22+00:00","dateModified":"2019-10-17T13:24:48+00:00","mainEntityOfPage":{"@id":"https:\/\/ninamartinelli.com.br\/blog2\/memoria-e-afeto-dao-o-tom-da-cozinha-de-origem-com-cotto-vecchio-na-casacor-ceara-2019\/"},"wordCount":328,"commentCount":0,"publisher":{"@id":"https:\/\/ninamartinelli.com.br\/blog2\/#organization"},"image":{"@id":"https:\/\/ninamartinelli.com.br\/blog2\/memoria-e-afeto-dao-o-tom-da-cozinha-de-origem-com-cotto-vecchio-na-casacor-ceara-2019\/#primaryimage"},"thumbnailUrl":"https:\/\/ninamartinelli.com.br\/blog2\/wp-content\/uploads\/2019\/09\/cotto-vecchio-casacor-3.jpg","keywords":["casa cor","ceramica","evento","pisos"],"articleSection":["CASA COR","Cer\u00e2mica","Colezione Eleganza","Pisos"],"inLanguage":"pt-BR","potentialAction":[{"@type":"CommentAction","name":"Comment","target":["https:\/\/ninamartinelli.com.br\/blog2\/memoria-e-afeto-dao-o-tom-da-cozinha-de-origem-com-cotto-vecchio-na-casacor-ceara-2019\/#respond"]}]},{"@type":"WebPage","@id":"https:\/\/ninamartinelli.com.br\/blog2\/memoria-e-afeto-dao-o-tom-da-cozinha-de-origem-com-cotto-vecchio-na-casacor-ceara-2019\/","url":"https:\/\/ninamartinelli.com.br\/blog2\/memoria-e-afeto-dao-o-tom-da-cozinha-de-origem-com-cotto-vecchio-na-casacor-ceara-2019\/","name":"Mem\u00f3ria e afeto d\u00e3o o tom da Cozinha de Origem com Cotto Vecchio na CasaCor Cear\u00e1 2019 - Blog Nina","isPartOf":{"@id":"https:\/\/ninamartinelli.com.br\/blog2\/#website"},"primaryImageOfPage":{"@id":"https:\/\/ninamartinelli.com.br\/blog2\/memoria-e-afeto-dao-o-tom-da-cozinha-de-origem-com-cotto-vecchio-na-casacor-ceara-2019\/#primaryimage"},"image":{"@id":"https:\/\/ninamartinelli.com.br\/blog2\/memoria-e-afeto-dao-o-tom-da-cozinha-de-origem-com-cotto-vecchio-na-casacor-ceara-2019\/#primaryimage"},"thumbnailUrl":"https:\/\/ninamartinelli.com.br\/blog2\/wp-content\/uploads\/2019\/09\/cotto-vecchio-casacor-3.jpg","datePublished":"2019-09-24T20:17:22+00:00","dateModified":"2019-10-17T13:24:48+00:00","breadcrumb":{"@id":"https:\/\/ninamartinelli.com.br\/blog2\/memoria-e-afeto-dao-o-tom-da-cozinha-de-origem-com-cotto-vecchio-na-casacor-ceara-2019\/#breadcrumb"},"inLanguage":"pt-BR","potentialAction":[{"@type":"ReadAction","target":["https:\/\/ninamartinelli.com.br\/blog2\/memoria-e-afeto-dao-o-tom-da-cozinha-de-origem-com-cotto-vecchio-na-casacor-ceara-2019\/"]}]},{"@type":"ImageObject","inLanguage":"pt-BR","@id":"https:\/\/ninamartinelli.com.br\/blog2\/memoria-e-afeto-dao-o-tom-da-cozinha-de-origem-com-cotto-vecchio-na-casacor-ceara-2019\/#primaryimage","url":"https:\/\/ninamartinelli.com.br\/blog2\/wp-content\/uploads\/2019\/09\/cotto-vecchio-casacor-3.jpg","contentUrl":"https:\/\/ninamartinelli.com.br\/blog2\/wp-content\/uploads\/2019\/09\/cotto-vecchio-casacor-3.jpg","width":900,"height":900},{"@type":"BreadcrumbList","@id":"https:\/\/ninamartinelli.com.br\/blog2\/memoria-e-afeto-dao-o-tom-da-cozinha-de-origem-com-cotto-vecchio-na-casacor-ceara-2019\/#breadcrumb","itemListElement":[{"@type":"ListItem","position":1,"name":"In\u00edcio","item":"https:\/\/ninamartinelli.com.br\/blog2\/"},{"@type":"ListItem","position":2,"name":"Mem\u00f3ria e afeto d\u00e3o o tom da Cozinha de Origem com Cotto Vecchio na CasaCor Cear\u00e1 2019"}]},{"@type":"WebSite","@id":"https:\/\/ninamartinelli.com.br\/blog2\/#website","url":"https:\/\/ninamartinelli.com.br\/blog2\/","name":"Nina Martinelli","description":"#Nina_Martinelli","publisher":{"@id":"https:\/\/ninamartinelli.com.br\/blog2\/#organization"},"potentialAction":[{"@type":"SearchAction","target":{"@type":"EntryPoint","urlTemplate":"https:\/\/ninamartinelli.com.br\/blog2\/?s={search_term_string}"},"query-input":{"@type":"PropertyValueSpecification","valueRequired":true,"valueName":"search_term_string"}}],"inLanguage":"pt-BR"},{"@type":"Organization","@id":"https:\/\/ninamartinelli.com.br\/blog2\/#organization","name":"Blog Novidades","url":"https:\/\/ninamartinelli.com.br\/blog2\/","logo":{"@type":"ImageObject","inLanguage":"pt-BR","@id":"https:\/\/ninamartinelli.com.br\/blog2\/#\/schema\/logo\/image\/","url":"http:\/\/blog.ninamartinelli.com.br\/wp-content\/uploads\/2022\/03\/logo_nina_blog.png","contentUrl":"http:\/\/blog.ninamartinelli.com.br\/wp-content\/uploads\/2022\/03\/logo_nina_blog.png","width":500,"height":104,"caption":"Blog Novidades"},"image":{"@id":"https:\/\/ninamartinelli.com.br\/blog2\/#\/schema\/logo\/image\/"}},{"@type":"Person","@id":"https:\/\/ninamartinelli.com.br\/blog2\/#\/schema\/person\/880a2cdee0a047e9b55254085d24f922","name":"Comunica\u00e7\u00e3o Nina","image":{"@type":"ImageObject","inLanguage":"pt-BR","@id":"https:\/\/ninamartinelli.com.br\/blog2\/#\/schema\/person\/image\/","url":"https:\/\/secure.gravatar.com\/avatar\/0d3d763fb83768dd001497d074d4c4f6?s=96&d=mm&r=g","contentUrl":"https:\/\/secure.gravatar.com\/avatar\/0d3d763fb83768dd001497d074d4c4f6?s=96&d=mm&r=g","caption":"Comunica\u00e7\u00e3o Nina"},"sameAs":["http:\/\/ninamartinelli.com.br","http:\/\/facebook.com.br\/ninamartinellioficial","http:\/\/instagram.com\/ninamartinellioficial"],"url":"https:\/\/ninamartinelli.com.br\/blog2\/author\/nina\/"}]}},"_links":{"self":[{"href":"https:\/\/ninamartinelli.com.br\/blog2\/wp-json\/wp\/v2\/posts\/704","targetHints":{"allow":["GET"]}}],"collection":[{"href":"https:\/\/ninamartinelli.com.br\/blog2\/wp-json\/wp\/v2\/posts"}],"about":[{"href":"https:\/\/ninamartinelli.com.br\/blog2\/wp-json\/wp\/v2\/types\/post"}],"author":[{"embeddable":true,"href":"https:\/\/ninamartinelli.com.br\/blog2\/wp-json\/wp\/v2\/users\/1"}],"replies":[{"embeddable":true,"href":"https:\/\/ninamartinelli.com.br\/blog2\/wp-json\/wp\/v2\/comments?post=704"}],"version-history":[{"count":6,"href":"https:\/\/ninamartinelli.com.br\/blog2\/wp-json\/wp\/v2\/posts\/704\/revisions"}],"predecessor-version":[{"id":716,"href":"https:\/\/ninamartinelli.com.br\/blog2\/wp-json\/wp\/v2\/posts\/704\/revisions\/716"}],"wp:featuredmedia":[{"embeddable":true,"href":"https:\/\/ninamartinelli.com.br\/blog2\/wp-json\/wp\/v2\/media\/711"}],"wp:attachment":[{"href":"https:\/\/ninamartinelli.com.br\/blog2\/wp-json\/wp\/v2\/media?parent=704"}],"wp:term":[{"taxonomy":"category","embeddable":true,"href":"https:\/\/ninamartinelli.com.br\/blog2\/wp-json\/wp\/v2\/categories?post=704"},{"taxonomy":"post_tag","embeddable":true,"href":"https:\/\/ninamartinelli.com.br\/blog2\/wp-json\/wp\/v2\/tags?post=704"}],"curies":[{"name":"wp","href":"https:\/\/api.w.org\/{rel}","templated":true}]}}