{"id":424,"date":"2019-05-02T09:22:18","date_gmt":"2019-05-02T12:22:18","guid":{"rendered":"http:\/\/ninamartinelli.tempsite.ws\/imprensa\/?p=424"},"modified":"2019-09-11T17:09:27","modified_gmt":"2019-09-11T20:09:27","slug":"nina-martinelli-e-bittar-arquitetura-fachada-natural-para-casa-do-colecionador","status":"publish","type":"post","link":"https:\/\/ninamartinelli.com.br\/blog2\/nina-martinelli-e-bittar-arquitetura-fachada-natural-para-casa-do-colecionador\/","title":{"rendered":"Fachada em cer\u00e2mica natural para a Casa da Colecionadora"},"content":{"rendered":"<p>Os profissionais Eduardo Bittar e Karla Bittar, arquitetos e urbanistas, s\u00e3o os respons\u00e1veis pelo projeto \u201cCasa da Colecionadora\u201d, a resid\u00eancia rica em detalhes que combina arejamento com uma sensa\u00e7\u00e3o de privacidade e seguran\u00e7a.<\/p>\n<p>Para a fachada da resid\u00eancia, reta e austera, os profissionais escolheram o revestimento <strong>Composizione<\/strong> da Colezione Eleganza na tonalidade Nero, fabricado pela Nina Martinelli. As pe\u00e7as de cer\u00e2mica lapidadas formam um belo painel que vai de encontro com a personalidade de seus propriet\u00e1rios &#8211; um casal que aprecia obras de arte e valoriza um ambiente acolhedor para atender seus dois filhos pequenos. Assim \u00e9 o revestimento que conta com o conforto e a simplicidade da cer\u00e2mica natural e a sofistica\u00e7\u00e3o do trabalho artesanal rico em detalhes.<\/p>\n<p>Ao entrar na casa, um hall de acesso j\u00e1 revela a personalidade dos propriet\u00e1rios, com o aparador do designer brasileiro Fernando Mendes e as obras de arte nas paredes. Uma passarela de vidro foi criada para facilitar a aprecia\u00e7\u00e3o das obras no p\u00e9-direito alto, com luz natural de um jardim de inverno.<\/p>\n<p>J\u00e1 no Living, as poltronas pretas foram ambientadas com o sof\u00e1 Decameron e poltronas Charles Eames e mesa de centro Arimelo de S\u00e9rgio Rodrigues.<\/p>\n<p>O generoso lazer recebeu cobertura em bambu para aumentar a \u00e1rea coberta, o que tamb\u00e9m proporcionou mais aconchego ao ambiente. A piscina com uma raia foi pensada para atender ao programa de necessidades da fam\u00edlia, para treinos de nata\u00e7\u00e3o.<\/p>\n<p>Subindo as escadas, a luz do sol entra pelos vidros do jardim. No piso superior, foram alocadas uma mini copa, tr\u00eas quartos e a passarela de vidro, que, al\u00e9m da aprecia\u00e7\u00e3o das obras, leva ao terra\u00e7o, para a contempla\u00e7\u00e3o das estrelas.<\/p>\n<p><img loading=\"lazy\" decoding=\"async\" class=\"aligncenter size-full wp-image-622\" src=\"http:\/\/blog.ninamartinelli.com.br\/wp-content\/uploads\/2019\/05\/composizione-nero-2.png\" alt=\"\" width=\"1000\" height=\"500\" srcset=\"https:\/\/ninamartinelli.com.br\/blog2\/wp-content\/uploads\/2019\/05\/composizione-nero-2.png 1000w, https:\/\/ninamartinelli.com.br\/blog2\/wp-content\/uploads\/2019\/05\/composizione-nero-2-300x150.png 300w, https:\/\/ninamartinelli.com.br\/blog2\/wp-content\/uploads\/2019\/05\/composizione-nero-2-768x384.png 768w\" sizes=\"auto, (max-width: 1000px) 100vw, 1000px\" \/><\/p>\n<hr \/>\n<h4>E-mail: contato@bittararquitetura.com.br<br \/>\nInstagram: @bittararquitetura<br \/>\nFacebook: facebook.com\/bittararquitetura\/<br \/>\nSITE: bittararquitetura.com.br<br \/>\nFone: 62-3212-8770<br \/>\nFoto: @edgardcesar<\/h4>\n","protected":false},"excerpt":{"rendered":"<p>Os profissionais Eduardo Bittar e Karla Bittar, arquitetos e urbanistas, s\u00e3o os respons\u00e1veis pelo projeto<\/p>\n","protected":false},"author":1,"featured_media":621,"comment_status":"open","ping_status":"open","sticky":false,"template":"","format":"standard","meta":{"footnotes":""},"categories":[20,26],"tags":[41],"class_list":["post-424","post","type-post","status-publish","format-standard","has-post-thumbnail","hentry","category-colezione-eleganza","category-revestimentos","tag-reve"],"yoast_head":"<!-- This site is optimized with the Yoast SEO plugin v26.8 - https:\/\/yoast.com\/product\/yoast-seo-wordpress\/ -->\n<title>Fachada em cer\u00e2mica natural para a Casa da Colecionadora - Blog Nina<\/title>\n<meta name=\"robots\" content=\"index, follow, max-snippet:-1, max-image-preview:large, max-video-preview:-1\" \/>\n<link rel=\"canonical\" href=\"https:\/\/ninamartinelli.com.br\/blog2\/nina-martinelli-e-bittar-arquitetura-fachada-natural-para-casa-do-colecionador\/\" \/>\n<meta property=\"og:locale\" content=\"pt_BR\" \/>\n<meta property=\"og:type\" content=\"article\" \/>\n<meta property=\"og:title\" content=\"Fachada em cer\u00e2mica natural para a Casa da Colecionadora - Blog Nina\" \/>\n<meta property=\"og:description\" content=\"Os profissionais Eduardo Bittar e Karla Bittar, arquitetos e urbanistas, s\u00e3o os respons\u00e1veis pelo projeto\" \/>\n<meta property=\"og:url\" content=\"https:\/\/ninamartinelli.com.br\/blog2\/nina-martinelli-e-bittar-arquitetura-fachada-natural-para-casa-do-colecionador\/\" \/>\n<meta property=\"og:site_name\" content=\"Blog Nina\" \/>\n<meta property=\"article:author\" content=\"http:\/\/facebook.com.br\/ninamartinellioficial\" \/>\n<meta property=\"article:published_time\" content=\"2019-05-02T12:22:18+00:00\" \/>\n<meta property=\"article:modified_time\" content=\"2019-09-11T20:09:27+00:00\" \/>\n<meta property=\"og:image\" content=\"https:\/\/ninamartinelli.com.br\/blog2\/wp-content\/uploads\/2019\/05\/composizione-nero-1.png\" \/>\n\t<meta property=\"og:image:width\" content=\"800\" \/>\n\t<meta property=\"og:image:height\" content=\"800\" \/>\n\t<meta property=\"og:image:type\" content=\"image\/png\" \/>\n<meta name=\"author\" content=\"Comunica\u00e7\u00e3o Nina\" \/>\n<meta name=\"twitter:card\" content=\"summary_large_image\" \/>\n<meta name=\"twitter:label1\" content=\"Escrito por\" \/>\n\t<meta name=\"twitter:data1\" content=\"Comunica\u00e7\u00e3o Nina\" \/>\n\t<meta name=\"twitter:label2\" content=\"Est. tempo de leitura\" \/>\n\t<meta name=\"twitter:data2\" content=\"2 minutos\" \/>\n<script type=\"application\/ld+json\" class=\"yoast-schema-graph\">{\"@context\":\"https:\/\/schema.org\",\"@graph\":[{\"@type\":\"Article\",\"@id\":\"https:\/\/ninamartinelli.com.br\/blog2\/nina-martinelli-e-bittar-arquitetura-fachada-natural-para-casa-do-colecionador\/#article\",\"isPartOf\":{\"@id\":\"https:\/\/ninamartinelli.com.br\/blog2\/nina-martinelli-e-bittar-arquitetura-fachada-natural-para-casa-do-colecionador\/\"},\"author\":{\"name\":\"Comunica\u00e7\u00e3o Nina\",\"@id\":\"https:\/\/ninamartinelli.com.br\/blog2\/#\/schema\/person\/880a2cdee0a047e9b55254085d24f922\"},\"headline\":\"Fachada em cer\u00e2mica natural para a Casa da Colecionadora\",\"datePublished\":\"2019-05-02T12:22:18+00:00\",\"dateModified\":\"2019-09-11T20:09:27+00:00\",\"mainEntityOfPage\":{\"@id\":\"https:\/\/ninamartinelli.com.br\/blog2\/nina-martinelli-e-bittar-arquitetura-fachada-natural-para-casa-do-colecionador\/\"},\"wordCount\":327,\"commentCount\":0,\"publisher\":{\"@id\":\"https:\/\/ninamartinelli.com.br\/blog2\/#organization\"},\"image\":{\"@id\":\"https:\/\/ninamartinelli.com.br\/blog2\/nina-martinelli-e-bittar-arquitetura-fachada-natural-para-casa-do-colecionador\/#primaryimage\"},\"thumbnailUrl\":\"https:\/\/ninamartinelli.com.br\/blog2\/wp-content\/uploads\/2019\/05\/composizione-nero-1.png\",\"keywords\":[\"reve\"],\"articleSection\":[\"Colezione Eleganza\",\"Revestimentos\"],\"inLanguage\":\"pt-BR\",\"potentialAction\":[{\"@type\":\"CommentAction\",\"name\":\"Comment\",\"target\":[\"https:\/\/ninamartinelli.com.br\/blog2\/nina-martinelli-e-bittar-arquitetura-fachada-natural-para-casa-do-colecionador\/#respond\"]}]},{\"@type\":\"WebPage\",\"@id\":\"https:\/\/ninamartinelli.com.br\/blog2\/nina-martinelli-e-bittar-arquitetura-fachada-natural-para-casa-do-colecionador\/\",\"url\":\"https:\/\/ninamartinelli.com.br\/blog2\/nina-martinelli-e-bittar-arquitetura-fachada-natural-para-casa-do-colecionador\/\",\"name\":\"Fachada em cer\u00e2mica natural para a Casa da Colecionadora - Blog Nina\",\"isPartOf\":{\"@id\":\"https:\/\/ninamartinelli.com.br\/blog2\/#website\"},\"primaryImageOfPage\":{\"@id\":\"https:\/\/ninamartinelli.com.br\/blog2\/nina-martinelli-e-bittar-arquitetura-fachada-natural-para-casa-do-colecionador\/#primaryimage\"},\"image\":{\"@id\":\"https:\/\/ninamartinelli.com.br\/blog2\/nina-martinelli-e-bittar-arquitetura-fachada-natural-para-casa-do-colecionador\/#primaryimage\"},\"thumbnailUrl\":\"https:\/\/ninamartinelli.com.br\/blog2\/wp-content\/uploads\/2019\/05\/composizione-nero-1.png\",\"datePublished\":\"2019-05-02T12:22:18+00:00\",\"dateModified\":\"2019-09-11T20:09:27+00:00\",\"breadcrumb\":{\"@id\":\"https:\/\/ninamartinelli.com.br\/blog2\/nina-martinelli-e-bittar-arquitetura-fachada-natural-para-casa-do-colecionador\/#breadcrumb\"},\"inLanguage\":\"pt-BR\",\"potentialAction\":[{\"@type\":\"ReadAction\",\"target\":[\"https:\/\/ninamartinelli.com.br\/blog2\/nina-martinelli-e-bittar-arquitetura-fachada-natural-para-casa-do-colecionador\/\"]}]},{\"@type\":\"ImageObject\",\"inLanguage\":\"pt-BR\",\"@id\":\"https:\/\/ninamartinelli.com.br\/blog2\/nina-martinelli-e-bittar-arquitetura-fachada-natural-para-casa-do-colecionador\/#primaryimage\",\"url\":\"https:\/\/ninamartinelli.com.br\/blog2\/wp-content\/uploads\/2019\/05\/composizione-nero-1.png\",\"contentUrl\":\"https:\/\/ninamartinelli.com.br\/blog2\/wp-content\/uploads\/2019\/05\/composizione-nero-1.png\",\"width\":800,\"height\":800},{\"@type\":\"BreadcrumbList\",\"@id\":\"https:\/\/ninamartinelli.com.br\/blog2\/nina-martinelli-e-bittar-arquitetura-fachada-natural-para-casa-do-colecionador\/#breadcrumb\",\"itemListElement\":[{\"@type\":\"ListItem\",\"position\":1,\"name\":\"In\u00edcio\",\"item\":\"https:\/\/ninamartinelli.com.br\/blog2\/\"},{\"@type\":\"ListItem\",\"position\":2,\"name\":\"Fachada em cer\u00e2mica natural para a Casa da Colecionadora\"}]},{\"@type\":\"WebSite\",\"@id\":\"https:\/\/ninamartinelli.com.br\/blog2\/#website\",\"url\":\"https:\/\/ninamartinelli.com.br\/blog2\/\",\"name\":\"Nina Martinelli\",\"description\":\"#Nina_Martinelli\",\"publisher\":{\"@id\":\"https:\/\/ninamartinelli.com.br\/blog2\/#organization\"},\"potentialAction\":[{\"@type\":\"SearchAction\",\"target\":{\"@type\":\"EntryPoint\",\"urlTemplate\":\"https:\/\/ninamartinelli.com.br\/blog2\/?s={search_term_string}\"},\"query-input\":{\"@type\":\"PropertyValueSpecification\",\"valueRequired\":true,\"valueName\":\"search_term_string\"}}],\"inLanguage\":\"pt-BR\"},{\"@type\":\"Organization\",\"@id\":\"https:\/\/ninamartinelli.com.br\/blog2\/#organization\",\"name\":\"Blog Novidades\",\"url\":\"https:\/\/ninamartinelli.com.br\/blog2\/\",\"logo\":{\"@type\":\"ImageObject\",\"inLanguage\":\"pt-BR\",\"@id\":\"https:\/\/ninamartinelli.com.br\/blog2\/#\/schema\/logo\/image\/\",\"url\":\"http:\/\/blog.ninamartinelli.com.br\/wp-content\/uploads\/2022\/03\/logo_nina_blog.png\",\"contentUrl\":\"http:\/\/blog.ninamartinelli.com.br\/wp-content\/uploads\/2022\/03\/logo_nina_blog.png\",\"width\":500,\"height\":104,\"caption\":\"Blog Novidades\"},\"image\":{\"@id\":\"https:\/\/ninamartinelli.com.br\/blog2\/#\/schema\/logo\/image\/\"}},{\"@type\":\"Person\",\"@id\":\"https:\/\/ninamartinelli.com.br\/blog2\/#\/schema\/person\/880a2cdee0a047e9b55254085d24f922\",\"name\":\"Comunica\u00e7\u00e3o Nina\",\"image\":{\"@type\":\"ImageObject\",\"inLanguage\":\"pt-BR\",\"@id\":\"https:\/\/ninamartinelli.com.br\/blog2\/#\/schema\/person\/image\/\",\"url\":\"https:\/\/secure.gravatar.com\/avatar\/0d3d763fb83768dd001497d074d4c4f6?s=96&d=mm&r=g\",\"contentUrl\":\"https:\/\/secure.gravatar.com\/avatar\/0d3d763fb83768dd001497d074d4c4f6?s=96&d=mm&r=g\",\"caption\":\"Comunica\u00e7\u00e3o Nina\"},\"sameAs\":[\"http:\/\/ninamartinelli.com.br\",\"http:\/\/facebook.com.br\/ninamartinellioficial\",\"http:\/\/instagram.com\/ninamartinellioficial\"],\"url\":\"https:\/\/ninamartinelli.com.br\/blog2\/author\/nina\/\"}]}<\/script>\n<!-- \/ Yoast SEO plugin. -->","yoast_head_json":{"title":"Fachada em cer\u00e2mica natural para a Casa da Colecionadora - Blog Nina","robots":{"index":"index","follow":"follow","max-snippet":"max-snippet:-1","max-image-preview":"max-image-preview:large","max-video-preview":"max-video-preview:-1"},"canonical":"https:\/\/ninamartinelli.com.br\/blog2\/nina-martinelli-e-bittar-arquitetura-fachada-natural-para-casa-do-colecionador\/","og_locale":"pt_BR","og_type":"article","og_title":"Fachada em cer\u00e2mica natural para a Casa da Colecionadora - Blog Nina","og_description":"Os profissionais Eduardo Bittar e Karla Bittar, arquitetos e urbanistas, s\u00e3o os respons\u00e1veis pelo projeto","og_url":"https:\/\/ninamartinelli.com.br\/blog2\/nina-martinelli-e-bittar-arquitetura-fachada-natural-para-casa-do-colecionador\/","og_site_name":"Blog Nina","article_author":"http:\/\/facebook.com.br\/ninamartinellioficial","article_published_time":"2019-05-02T12:22:18+00:00","article_modified_time":"2019-09-11T20:09:27+00:00","og_image":[{"width":800,"height":800,"url":"https:\/\/ninamartinelli.com.br\/blog2\/wp-content\/uploads\/2019\/05\/composizione-nero-1.png","type":"image\/png"}],"author":"Comunica\u00e7\u00e3o Nina","twitter_card":"summary_large_image","twitter_misc":{"Escrito por":"Comunica\u00e7\u00e3o Nina","Est. tempo de leitura":"2 minutos"},"schema":{"@context":"https:\/\/schema.org","@graph":[{"@type":"Article","@id":"https:\/\/ninamartinelli.com.br\/blog2\/nina-martinelli-e-bittar-arquitetura-fachada-natural-para-casa-do-colecionador\/#article","isPartOf":{"@id":"https:\/\/ninamartinelli.com.br\/blog2\/nina-martinelli-e-bittar-arquitetura-fachada-natural-para-casa-do-colecionador\/"},"author":{"name":"Comunica\u00e7\u00e3o Nina","@id":"https:\/\/ninamartinelli.com.br\/blog2\/#\/schema\/person\/880a2cdee0a047e9b55254085d24f922"},"headline":"Fachada em cer\u00e2mica natural para a Casa da Colecionadora","datePublished":"2019-05-02T12:22:18+00:00","dateModified":"2019-09-11T20:09:27+00:00","mainEntityOfPage":{"@id":"https:\/\/ninamartinelli.com.br\/blog2\/nina-martinelli-e-bittar-arquitetura-fachada-natural-para-casa-do-colecionador\/"},"wordCount":327,"commentCount":0,"publisher":{"@id":"https:\/\/ninamartinelli.com.br\/blog2\/#organization"},"image":{"@id":"https:\/\/ninamartinelli.com.br\/blog2\/nina-martinelli-e-bittar-arquitetura-fachada-natural-para-casa-do-colecionador\/#primaryimage"},"thumbnailUrl":"https:\/\/ninamartinelli.com.br\/blog2\/wp-content\/uploads\/2019\/05\/composizione-nero-1.png","keywords":["reve"],"articleSection":["Colezione Eleganza","Revestimentos"],"inLanguage":"pt-BR","potentialAction":[{"@type":"CommentAction","name":"Comment","target":["https:\/\/ninamartinelli.com.br\/blog2\/nina-martinelli-e-bittar-arquitetura-fachada-natural-para-casa-do-colecionador\/#respond"]}]},{"@type":"WebPage","@id":"https:\/\/ninamartinelli.com.br\/blog2\/nina-martinelli-e-bittar-arquitetura-fachada-natural-para-casa-do-colecionador\/","url":"https:\/\/ninamartinelli.com.br\/blog2\/nina-martinelli-e-bittar-arquitetura-fachada-natural-para-casa-do-colecionador\/","name":"Fachada em cer\u00e2mica natural para a Casa da Colecionadora - Blog Nina","isPartOf":{"@id":"https:\/\/ninamartinelli.com.br\/blog2\/#website"},"primaryImageOfPage":{"@id":"https:\/\/ninamartinelli.com.br\/blog2\/nina-martinelli-e-bittar-arquitetura-fachada-natural-para-casa-do-colecionador\/#primaryimage"},"image":{"@id":"https:\/\/ninamartinelli.com.br\/blog2\/nina-martinelli-e-bittar-arquitetura-fachada-natural-para-casa-do-colecionador\/#primaryimage"},"thumbnailUrl":"https:\/\/ninamartinelli.com.br\/blog2\/wp-content\/uploads\/2019\/05\/composizione-nero-1.png","datePublished":"2019-05-02T12:22:18+00:00","dateModified":"2019-09-11T20:09:27+00:00","breadcrumb":{"@id":"https:\/\/ninamartinelli.com.br\/blog2\/nina-martinelli-e-bittar-arquitetura-fachada-natural-para-casa-do-colecionador\/#breadcrumb"},"inLanguage":"pt-BR","potentialAction":[{"@type":"ReadAction","target":["https:\/\/ninamartinelli.com.br\/blog2\/nina-martinelli-e-bittar-arquitetura-fachada-natural-para-casa-do-colecionador\/"]}]},{"@type":"ImageObject","inLanguage":"pt-BR","@id":"https:\/\/ninamartinelli.com.br\/blog2\/nina-martinelli-e-bittar-arquitetura-fachada-natural-para-casa-do-colecionador\/#primaryimage","url":"https:\/\/ninamartinelli.com.br\/blog2\/wp-content\/uploads\/2019\/05\/composizione-nero-1.png","contentUrl":"https:\/\/ninamartinelli.com.br\/blog2\/wp-content\/uploads\/2019\/05\/composizione-nero-1.png","width":800,"height":800},{"@type":"BreadcrumbList","@id":"https:\/\/ninamartinelli.com.br\/blog2\/nina-martinelli-e-bittar-arquitetura-fachada-natural-para-casa-do-colecionador\/#breadcrumb","itemListElement":[{"@type":"ListItem","position":1,"name":"In\u00edcio","item":"https:\/\/ninamartinelli.com.br\/blog2\/"},{"@type":"ListItem","position":2,"name":"Fachada em cer\u00e2mica natural para a Casa da Colecionadora"}]},{"@type":"WebSite","@id":"https:\/\/ninamartinelli.com.br\/blog2\/#website","url":"https:\/\/ninamartinelli.com.br\/blog2\/","name":"Nina Martinelli","description":"#Nina_Martinelli","publisher":{"@id":"https:\/\/ninamartinelli.com.br\/blog2\/#organization"},"potentialAction":[{"@type":"SearchAction","target":{"@type":"EntryPoint","urlTemplate":"https:\/\/ninamartinelli.com.br\/blog2\/?s={search_term_string}"},"query-input":{"@type":"PropertyValueSpecification","valueRequired":true,"valueName":"search_term_string"}}],"inLanguage":"pt-BR"},{"@type":"Organization","@id":"https:\/\/ninamartinelli.com.br\/blog2\/#organization","name":"Blog Novidades","url":"https:\/\/ninamartinelli.com.br\/blog2\/","logo":{"@type":"ImageObject","inLanguage":"pt-BR","@id":"https:\/\/ninamartinelli.com.br\/blog2\/#\/schema\/logo\/image\/","url":"http:\/\/blog.ninamartinelli.com.br\/wp-content\/uploads\/2022\/03\/logo_nina_blog.png","contentUrl":"http:\/\/blog.ninamartinelli.com.br\/wp-content\/uploads\/2022\/03\/logo_nina_blog.png","width":500,"height":104,"caption":"Blog Novidades"},"image":{"@id":"https:\/\/ninamartinelli.com.br\/blog2\/#\/schema\/logo\/image\/"}},{"@type":"Person","@id":"https:\/\/ninamartinelli.com.br\/blog2\/#\/schema\/person\/880a2cdee0a047e9b55254085d24f922","name":"Comunica\u00e7\u00e3o Nina","image":{"@type":"ImageObject","inLanguage":"pt-BR","@id":"https:\/\/ninamartinelli.com.br\/blog2\/#\/schema\/person\/image\/","url":"https:\/\/secure.gravatar.com\/avatar\/0d3d763fb83768dd001497d074d4c4f6?s=96&d=mm&r=g","contentUrl":"https:\/\/secure.gravatar.com\/avatar\/0d3d763fb83768dd001497d074d4c4f6?s=96&d=mm&r=g","caption":"Comunica\u00e7\u00e3o Nina"},"sameAs":["http:\/\/ninamartinelli.com.br","http:\/\/facebook.com.br\/ninamartinellioficial","http:\/\/instagram.com\/ninamartinellioficial"],"url":"https:\/\/ninamartinelli.com.br\/blog2\/author\/nina\/"}]}},"_links":{"self":[{"href":"https:\/\/ninamartinelli.com.br\/blog2\/wp-json\/wp\/v2\/posts\/424","targetHints":{"allow":["GET"]}}],"collection":[{"href":"https:\/\/ninamartinelli.com.br\/blog2\/wp-json\/wp\/v2\/posts"}],"about":[{"href":"https:\/\/ninamartinelli.com.br\/blog2\/wp-json\/wp\/v2\/types\/post"}],"author":[{"embeddable":true,"href":"https:\/\/ninamartinelli.com.br\/blog2\/wp-json\/wp\/v2\/users\/1"}],"replies":[{"embeddable":true,"href":"https:\/\/ninamartinelli.com.br\/blog2\/wp-json\/wp\/v2\/comments?post=424"}],"version-history":[{"count":5,"href":"https:\/\/ninamartinelli.com.br\/blog2\/wp-json\/wp\/v2\/posts\/424\/revisions"}],"predecessor-version":[{"id":623,"href":"https:\/\/ninamartinelli.com.br\/blog2\/wp-json\/wp\/v2\/posts\/424\/revisions\/623"}],"wp:featuredmedia":[{"embeddable":true,"href":"https:\/\/ninamartinelli.com.br\/blog2\/wp-json\/wp\/v2\/media\/621"}],"wp:attachment":[{"href":"https:\/\/ninamartinelli.com.br\/blog2\/wp-json\/wp\/v2\/media?parent=424"}],"wp:term":[{"taxonomy":"category","embeddable":true,"href":"https:\/\/ninamartinelli.com.br\/blog2\/wp-json\/wp\/v2\/categories?post=424"},{"taxonomy":"post_tag","embeddable":true,"href":"https:\/\/ninamartinelli.com.br\/blog2\/wp-json\/wp\/v2\/tags?post=424"}],"curies":[{"name":"wp","href":"https:\/\/api.w.org\/{rel}","templated":true}]}}