{"id":3368,"date":"2026-08-26T08:30:40","date_gmt":"2026-08-26T11:30:40","guid":{"rendered":"https:\/\/ninamartinelli.com.br\/blog2\/?p=3368"},"modified":"2026-08-25T17:57:28","modified_gmt":"2026-08-25T20:57:28","slug":"nina-martinelli-participa-da-fictam-2026-e-reforca-a-forca-da-industria-ceramica-de-tambau","status":"publish","type":"post","link":"https:\/\/ninamartinelli.com.br\/blog2\/nina-martinelli-participa-da-fictam-2026-e-reforca-a-forca-da-industria-ceramica-de-tambau\/","title":{"rendered":"Nina Martinelli participa da FICTAM 2026 e refor\u00e7a a for\u00e7a da ind\u00fastria cer\u00e2mica de Tamba\u00fa"},"content":{"rendered":"<p>Nina Martinelli participa da FICTAM 2026 &#8211; <a href=\"https:\/\/www.instagram.com\/tambauoficial\/\">A FICTAM 2026 (Feira da Ind\u00fastria Cer\u00e2mica de Tamba\u00fa)<\/a>, realizada entre os dias 20 e 23 de agosto, al\u00e9m de enriquecer as celebra\u00e7\u00f5es dos 128 anos do munic\u00edpio, foi mais uma vez um importante ponto de encontro para Tamba\u00fa\/SP, reunindo ind\u00fastria, empreendedorismo, com\u00e9rcio, cultura e p\u00fablico em uma programa\u00e7\u00e3o que tamb\u00e9m ajudou a evidenciar a for\u00e7a econ\u00f4mica e produtiva do munic\u00edpio.<\/p>\n<p>Para a Nina Martinelli Pisos e Revestimentos, participar desse momento foi uma forma de valorizar suas origens e, ao mesmo tempo, apresentar ao p\u00fablico um pouco daquilo que a empresa leva de Tamba\u00fa para diferentes partes do Brasil. Inclusive, foi o segundo ano consecutivo em que a marca se fez presente no evento, retomado em 2025.<\/p>\n<p>Expoente do segmento da ind\u00fastria cer\u00e2mica, a Nina Martinelli tem uma trajet\u00f3ria diretamente ligada \u00e0 identidade produtiva do munic\u00edpio. Com seus acabamentos artesanais presentes em projetos de diferentes regi\u00f5es do pa\u00eds, a empresa contribui para levar o nome de Tamba\u00fa cada vez mais longe.<\/p>\n<p>Por isso, estar presente na FICTAM, uma feira que tem justamente na ind\u00fastria cer\u00e2mica uma de suas principais ra\u00edzes, era especialmente importante.<\/p>\n<p>Durante os dias do evento, centenas de visitantes passaram pelo estande da Nina Martinelli. O espa\u00e7o foi criado e executado pela pr\u00f3pria equipe da empresa, que cuidou de cada detalhe para unir profissionalismo, eleg\u00e2ncia e funcionalidade.<\/p>\n<p>O resultado foi um ambiente pensado para receber as pessoas, apresentar os produtos e permitir uma aproxima\u00e7\u00e3o maior com a ess\u00eancia da marca.<\/p>\n<p>Entre os elementos que mais chamaram a aten\u00e7\u00e3o dos visitantes estiveram os <a href=\"https:\/\/ninamartinelli.com.br\/produto\/lancamentos\/\">acabamentos<\/a> que combinam rusticidade e eleg\u00e2ncia, revelando a beleza das pequenas diferen\u00e7as e valorizando aquilo que torna cada pe\u00e7a especial: o fazer manual.<\/p>\n<p>Na Nina Martinelli, todos os produtos s\u00e3o feitos artesanalmente. Cada pe\u00e7a passa pelas m\u00e3os de pessoas que imprimem ao produto caracter\u00edsticas pr\u00f3prias, fazendo com que diferen\u00e7as de tonalidade, textura e acabamento sejam parte da identidade e da autenticidade de cada cria\u00e7\u00e3o.<\/p>\n<p>\u00c9 justamente essa dimens\u00e3o humana que est\u00e1 no centro da marca e que p\u00f4de ser percebida de perto por quem visitou o estande durante a FICTAM.<\/p>\n<p>A participa\u00e7\u00e3o tamb\u00e9m refor\u00e7ou uma caracter\u00edstica importante da feira. Mais do que reunir atra\u00e7\u00f5es e receber visitantes, a FICTAM tem papel relevante na valoriza\u00e7\u00e3o daquilo que Tamba\u00fa produz, cria e representa.<\/p>\n<p>Ao aproximar empresas, empreendedores e p\u00fablico, o evento cria uma oportunidade para que a popula\u00e7\u00e3o conhe\u00e7a melhor a diversidade da economia local e para que empresas tambauenses apresentem seu trabalho para pessoas de diferentes lugares.<\/p>\n<p>Para a Nina Martinelli, essa conex\u00e3o com a cidade tem um significado especial. A empresa nasceu em Tamba\u00fa, e, h\u00e1 26 anos, mant\u00e9m suas ra\u00edzes no munic\u00edpio e construiu sua trajet\u00f3ria levando a cer\u00e2mica artesanal produzida na cidade para projetos em v\u00e1rias partes do Brasil.<\/p>\n<p>\u201cParticipar da FICTAM mais uma vez foi motivo de orgulho e satisfa\u00e7\u00e3o para n\u00f3s. Somos tambauenses, valorizar o que nossa terra faz de melhor \u00e9 uma satisfa\u00e7\u00e3o. Agradecemos \u00e0s autoridades que viabilizaram a feira, ao nosso time que se esmerou para que nossa participa\u00e7\u00e3o fosse cheia de \u00eaxito, e, claro, ao p\u00fablico, que prestigiou nosso estande e teve um contato ainda mais pr\u00f3ximo com o que fazemos de melhor: acabamentos artesanais lindos e de qualidade\u201d, afirma Jos\u00e9 Renato Videira, um dos s\u00f3cios fundadores e diretores da Nina Martinelli.<\/p>\n<p>Nina Martinelli participa da FICTAM 2026 &#8211; A presen\u00e7a da Nina Martinelli na FICTAM 2026 deixa, assim, uma mensagem que vai al\u00e9m da participa\u00e7\u00e3o em uma feira. Em um evento criado para valorizar a ind\u00fastria e a economia de Tamba\u00fa, estar ali foi tamb\u00e9m uma maneira de reafirmar o v\u00ednculo da empresa com sua cidade e de mostrar, de perto, como o trabalho artesanal, a experi\u00eancia e a criatividade podem transformar a cer\u00e2mica produzida no interior de S\u00e3o Paulo em acabamentos reconhecidos e utilizados em diferentes partes do pa\u00eds.<\/p>\n<p>&nbsp;<\/p>\n","protected":false},"excerpt":{"rendered":"<p>Nina Martinelli participa da FICTAM 2026 &#8211; A FICTAM 2026 (Feira da Ind\u00fastria Cer\u00e2mica de<\/p>\n","protected":false},"author":2,"featured_media":3369,"comment_status":"open","ping_status":"open","sticky":false,"template":"","format":"standard","meta":{"footnotes":""},"categories":[59,19,1],"tags":[197,100,182],"class_list":["post-3368","post","type-post","status-publish","format-standard","has-post-thumbnail","hentry","category-ceramica","category-mostras-e-eventos","category-nina-martinelli","tag-fictam","tag-lancamentos","tag-mostras-e-eventos"],"yoast_head":"<!-- This site is optimized with the Yoast SEO plugin v26.8 - https:\/\/yoast.com\/product\/yoast-seo-wordpress\/ -->\n<title>Nina Martinelli participa da FICTAM 2026 e refor\u00e7a a for\u00e7a da ind\u00fastria cer\u00e2mica de Tamba\u00fa<\/title>\n<meta name=\"description\" content=\"Nina Martinelli participa da FICTAM 2026, veja mais detalhes da participa\u00e7\u00e3o da marca nesse grande evento em sua terra de origem\" \/>\n<meta name=\"robots\" content=\"index, follow, max-snippet:-1, max-image-preview:large, max-video-preview:-1\" \/>\n<link rel=\"canonical\" href=\"https:\/\/ninamartinelli.com.br\/blog2\/nina-martinelli-participa-da-fictam-2026-e-reforca-a-forca-da-industria-ceramica-de-tambau\/\" \/>\n<meta property=\"og:locale\" content=\"pt_BR\" \/>\n<meta property=\"og:type\" content=\"article\" \/>\n<meta property=\"og:title\" content=\"Nina Martinelli participa da FICTAM 2026 e refor\u00e7a a for\u00e7a da ind\u00fastria cer\u00e2mica de Tamba\u00fa\" \/>\n<meta property=\"og:description\" content=\"Nina Martinelli participa da FICTAM 2026, veja mais detalhes da participa\u00e7\u00e3o da marca nesse grande evento em sua terra de origem\" \/>\n<meta property=\"og:url\" content=\"https:\/\/ninamartinelli.com.br\/blog2\/nina-martinelli-participa-da-fictam-2026-e-reforca-a-forca-da-industria-ceramica-de-tambau\/\" \/>\n<meta property=\"og:site_name\" content=\"Blog Nina\" \/>\n<meta property=\"article:published_time\" content=\"2026-08-26T11:30:40+00:00\" \/>\n<meta property=\"og:image\" content=\"https:\/\/ninamartinelli.com.br\/blog2\/wp-content\/uploads\/2026\/08\/FICTAM-TRATADA-1.jpg\" \/>\n\t<meta property=\"og:image:width\" content=\"1086\" \/>\n\t<meta property=\"og:image:height\" content=\"1448\" \/>\n\t<meta property=\"og:image:type\" content=\"image\/jpeg\" \/>\n<meta name=\"author\" content=\"Ana Maria Devides\" \/>\n<meta name=\"twitter:card\" content=\"summary_large_image\" \/>\n<meta name=\"twitter:label1\" content=\"Escrito por\" \/>\n\t<meta name=\"twitter:data1\" content=\"Ana Maria Devides\" \/>\n\t<meta name=\"twitter:label2\" content=\"Est. tempo de leitura\" \/>\n\t<meta name=\"twitter:data2\" content=\"4 minutos\" \/>\n<script type=\"application\/ld+json\" class=\"yoast-schema-graph\">{\"@context\":\"https:\/\/schema.org\",\"@graph\":[{\"@type\":\"Article\",\"@id\":\"https:\/\/ninamartinelli.com.br\/blog2\/nina-martinelli-participa-da-fictam-2026-e-reforca-a-forca-da-industria-ceramica-de-tambau\/#article\",\"isPartOf\":{\"@id\":\"https:\/\/ninamartinelli.com.br\/blog2\/nina-martinelli-participa-da-fictam-2026-e-reforca-a-forca-da-industria-ceramica-de-tambau\/\"},\"author\":{\"name\":\"Ana Maria Devides\",\"@id\":\"https:\/\/ninamartinelli.com.br\/blog2\/#\/schema\/person\/43fbfb1d4cbe3b472995206b2bb06df5\"},\"headline\":\"Nina Martinelli participa da FICTAM 2026 e refor\u00e7a a for\u00e7a da ind\u00fastria cer\u00e2mica de Tamba\u00fa\",\"datePublished\":\"2026-08-26T11:30:40+00:00\",\"mainEntityOfPage\":{\"@id\":\"https:\/\/ninamartinelli.com.br\/blog2\/nina-martinelli-participa-da-fictam-2026-e-reforca-a-forca-da-industria-ceramica-de-tambau\/\"},\"wordCount\":721,\"commentCount\":0,\"publisher\":{\"@id\":\"https:\/\/ninamartinelli.com.br\/blog2\/#organization\"},\"image\":{\"@id\":\"https:\/\/ninamartinelli.com.br\/blog2\/nina-martinelli-participa-da-fictam-2026-e-reforca-a-forca-da-industria-ceramica-de-tambau\/#primaryimage\"},\"thumbnailUrl\":\"https:\/\/ninamartinelli.com.br\/blog2\/wp-content\/uploads\/2026\/08\/FICTAM-TRATADA-1.jpg\",\"keywords\":[\"FICTAM\",\"lan\u00e7amentos\",\"Mostras e eventos;\"],\"articleSection\":[\"Cer\u00e2mica\",\"Mostras e Eventos\",\"Nina Martinelli\"],\"inLanguage\":\"pt-BR\",\"potentialAction\":[{\"@type\":\"CommentAction\",\"name\":\"Comment\",\"target\":[\"https:\/\/ninamartinelli.com.br\/blog2\/nina-martinelli-participa-da-fictam-2026-e-reforca-a-forca-da-industria-ceramica-de-tambau\/#respond\"]}]},{\"@type\":\"WebPage\",\"@id\":\"https:\/\/ninamartinelli.com.br\/blog2\/nina-martinelli-participa-da-fictam-2026-e-reforca-a-forca-da-industria-ceramica-de-tambau\/\",\"url\":\"https:\/\/ninamartinelli.com.br\/blog2\/nina-martinelli-participa-da-fictam-2026-e-reforca-a-forca-da-industria-ceramica-de-tambau\/\",\"name\":\"Nina Martinelli participa da FICTAM 2026 e refor\u00e7a a for\u00e7a da ind\u00fastria cer\u00e2mica de Tamba\u00fa\",\"isPartOf\":{\"@id\":\"https:\/\/ninamartinelli.com.br\/blog2\/#website\"},\"primaryImageOfPage\":{\"@id\":\"https:\/\/ninamartinelli.com.br\/blog2\/nina-martinelli-participa-da-fictam-2026-e-reforca-a-forca-da-industria-ceramica-de-tambau\/#primaryimage\"},\"image\":{\"@id\":\"https:\/\/ninamartinelli.com.br\/blog2\/nina-martinelli-participa-da-fictam-2026-e-reforca-a-forca-da-industria-ceramica-de-tambau\/#primaryimage\"},\"thumbnailUrl\":\"https:\/\/ninamartinelli.com.br\/blog2\/wp-content\/uploads\/2026\/08\/FICTAM-TRATADA-1.jpg\",\"datePublished\":\"2026-08-26T11:30:40+00:00\",\"description\":\"Nina Martinelli participa da FICTAM 2026, veja mais detalhes da participa\u00e7\u00e3o da marca nesse grande evento em sua terra de origem\",\"breadcrumb\":{\"@id\":\"https:\/\/ninamartinelli.com.br\/blog2\/nina-martinelli-participa-da-fictam-2026-e-reforca-a-forca-da-industria-ceramica-de-tambau\/#breadcrumb\"},\"inLanguage\":\"pt-BR\",\"potentialAction\":[{\"@type\":\"ReadAction\",\"target\":[\"https:\/\/ninamartinelli.com.br\/blog2\/nina-martinelli-participa-da-fictam-2026-e-reforca-a-forca-da-industria-ceramica-de-tambau\/\"]}]},{\"@type\":\"ImageObject\",\"inLanguage\":\"pt-BR\",\"@id\":\"https:\/\/ninamartinelli.com.br\/blog2\/nina-martinelli-participa-da-fictam-2026-e-reforca-a-forca-da-industria-ceramica-de-tambau\/#primaryimage\",\"url\":\"https:\/\/ninamartinelli.com.br\/blog2\/wp-content\/uploads\/2026\/08\/FICTAM-TRATADA-1.jpg\",\"contentUrl\":\"https:\/\/ninamartinelli.com.br\/blog2\/wp-content\/uploads\/2026\/08\/FICTAM-TRATADA-1.jpg\",\"width\":1086,\"height\":1448},{\"@type\":\"BreadcrumbList\",\"@id\":\"https:\/\/ninamartinelli.com.br\/blog2\/nina-martinelli-participa-da-fictam-2026-e-reforca-a-forca-da-industria-ceramica-de-tambau\/#breadcrumb\",\"itemListElement\":[{\"@type\":\"ListItem\",\"position\":1,\"name\":\"In\u00edcio\",\"item\":\"https:\/\/ninamartinelli.com.br\/blog2\/\"},{\"@type\":\"ListItem\",\"position\":2,\"name\":\"Nina Martinelli participa da FICTAM 2026 e refor\u00e7a a for\u00e7a da ind\u00fastria cer\u00e2mica de Tamba\u00fa\"}]},{\"@type\":\"WebSite\",\"@id\":\"https:\/\/ninamartinelli.com.br\/blog2\/#website\",\"url\":\"https:\/\/ninamartinelli.com.br\/blog2\/\",\"name\":\"Nina Martinelli\",\"description\":\"#Nina_Martinelli\",\"publisher\":{\"@id\":\"https:\/\/ninamartinelli.com.br\/blog2\/#organization\"},\"potentialAction\":[{\"@type\":\"SearchAction\",\"target\":{\"@type\":\"EntryPoint\",\"urlTemplate\":\"https:\/\/ninamartinelli.com.br\/blog2\/?s={search_term_string}\"},\"query-input\":{\"@type\":\"PropertyValueSpecification\",\"valueRequired\":true,\"valueName\":\"search_term_string\"}}],\"inLanguage\":\"pt-BR\"},{\"@type\":\"Organization\",\"@id\":\"https:\/\/ninamartinelli.com.br\/blog2\/#organization\",\"name\":\"Blog Novidades\",\"url\":\"https:\/\/ninamartinelli.com.br\/blog2\/\",\"logo\":{\"@type\":\"ImageObject\",\"inLanguage\":\"pt-BR\",\"@id\":\"https:\/\/ninamartinelli.com.br\/blog2\/#\/schema\/logo\/image\/\",\"url\":\"http:\/\/blog.ninamartinelli.com.br\/wp-content\/uploads\/2022\/03\/logo_nina_blog.png\",\"contentUrl\":\"http:\/\/blog.ninamartinelli.com.br\/wp-content\/uploads\/2022\/03\/logo_nina_blog.png\",\"width\":500,\"height\":104,\"caption\":\"Blog Novidades\"},\"image\":{\"@id\":\"https:\/\/ninamartinelli.com.br\/blog2\/#\/schema\/logo\/image\/\"}},{\"@type\":\"Person\",\"@id\":\"https:\/\/ninamartinelli.com.br\/blog2\/#\/schema\/person\/43fbfb1d4cbe3b472995206b2bb06df5\",\"name\":\"Ana Maria Devides\",\"image\":{\"@type\":\"ImageObject\",\"inLanguage\":\"pt-BR\",\"@id\":\"https:\/\/ninamartinelli.com.br\/blog2\/#\/schema\/person\/image\/\",\"url\":\"https:\/\/secure.gravatar.com\/avatar\/a03a82675d8bb3da8e5c5a6872db97be?s=96&d=mm&r=g\",\"contentUrl\":\"https:\/\/secure.gravatar.com\/avatar\/a03a82675d8bb3da8e5c5a6872db97be?s=96&d=mm&r=g\",\"caption\":\"Ana Maria Devides\"},\"url\":\"https:\/\/ninamartinelli.com.br\/blog2\/author\/assessoria-nina-martinelli\/\"}]}<\/script>\n<!-- \/ Yoast SEO plugin. -->","yoast_head_json":{"title":"Nina Martinelli participa da FICTAM 2026 e refor\u00e7a a for\u00e7a da ind\u00fastria cer\u00e2mica de Tamba\u00fa","description":"Nina Martinelli participa da FICTAM 2026, veja mais detalhes da participa\u00e7\u00e3o da marca nesse grande evento em sua terra de origem","robots":{"index":"index","follow":"follow","max-snippet":"max-snippet:-1","max-image-preview":"max-image-preview:large","max-video-preview":"max-video-preview:-1"},"canonical":"https:\/\/ninamartinelli.com.br\/blog2\/nina-martinelli-participa-da-fictam-2026-e-reforca-a-forca-da-industria-ceramica-de-tambau\/","og_locale":"pt_BR","og_type":"article","og_title":"Nina Martinelli participa da FICTAM 2026 e refor\u00e7a a for\u00e7a da ind\u00fastria cer\u00e2mica de Tamba\u00fa","og_description":"Nina Martinelli participa da FICTAM 2026, veja mais detalhes da participa\u00e7\u00e3o da marca nesse grande evento em sua terra de origem","og_url":"https:\/\/ninamartinelli.com.br\/blog2\/nina-martinelli-participa-da-fictam-2026-e-reforca-a-forca-da-industria-ceramica-de-tambau\/","og_site_name":"Blog Nina","article_published_time":"2026-08-26T11:30:40+00:00","og_image":[{"width":1086,"height":1448,"url":"https:\/\/ninamartinelli.com.br\/blog2\/wp-content\/uploads\/2026\/08\/FICTAM-TRATADA-1.jpg","type":"image\/jpeg"}],"author":"Ana Maria Devides","twitter_card":"summary_large_image","twitter_misc":{"Escrito por":"Ana Maria Devides","Est. tempo de leitura":"4 minutos"},"schema":{"@context":"https:\/\/schema.org","@graph":[{"@type":"Article","@id":"https:\/\/ninamartinelli.com.br\/blog2\/nina-martinelli-participa-da-fictam-2026-e-reforca-a-forca-da-industria-ceramica-de-tambau\/#article","isPartOf":{"@id":"https:\/\/ninamartinelli.com.br\/blog2\/nina-martinelli-participa-da-fictam-2026-e-reforca-a-forca-da-industria-ceramica-de-tambau\/"},"author":{"name":"Ana Maria Devides","@id":"https:\/\/ninamartinelli.com.br\/blog2\/#\/schema\/person\/43fbfb1d4cbe3b472995206b2bb06df5"},"headline":"Nina Martinelli participa da FICTAM 2026 e refor\u00e7a a for\u00e7a da ind\u00fastria cer\u00e2mica de Tamba\u00fa","datePublished":"2026-08-26T11:30:40+00:00","mainEntityOfPage":{"@id":"https:\/\/ninamartinelli.com.br\/blog2\/nina-martinelli-participa-da-fictam-2026-e-reforca-a-forca-da-industria-ceramica-de-tambau\/"},"wordCount":721,"commentCount":0,"publisher":{"@id":"https:\/\/ninamartinelli.com.br\/blog2\/#organization"},"image":{"@id":"https:\/\/ninamartinelli.com.br\/blog2\/nina-martinelli-participa-da-fictam-2026-e-reforca-a-forca-da-industria-ceramica-de-tambau\/#primaryimage"},"thumbnailUrl":"https:\/\/ninamartinelli.com.br\/blog2\/wp-content\/uploads\/2026\/08\/FICTAM-TRATADA-1.jpg","keywords":["FICTAM","lan\u00e7amentos","Mostras e eventos;"],"articleSection":["Cer\u00e2mica","Mostras e Eventos","Nina Martinelli"],"inLanguage":"pt-BR","potentialAction":[{"@type":"CommentAction","name":"Comment","target":["https:\/\/ninamartinelli.com.br\/blog2\/nina-martinelli-participa-da-fictam-2026-e-reforca-a-forca-da-industria-ceramica-de-tambau\/#respond"]}]},{"@type":"WebPage","@id":"https:\/\/ninamartinelli.com.br\/blog2\/nina-martinelli-participa-da-fictam-2026-e-reforca-a-forca-da-industria-ceramica-de-tambau\/","url":"https:\/\/ninamartinelli.com.br\/blog2\/nina-martinelli-participa-da-fictam-2026-e-reforca-a-forca-da-industria-ceramica-de-tambau\/","name":"Nina Martinelli participa da FICTAM 2026 e refor\u00e7a a for\u00e7a da ind\u00fastria cer\u00e2mica de Tamba\u00fa","isPartOf":{"@id":"https:\/\/ninamartinelli.com.br\/blog2\/#website"},"primaryImageOfPage":{"@id":"https:\/\/ninamartinelli.com.br\/blog2\/nina-martinelli-participa-da-fictam-2026-e-reforca-a-forca-da-industria-ceramica-de-tambau\/#primaryimage"},"image":{"@id":"https:\/\/ninamartinelli.com.br\/blog2\/nina-martinelli-participa-da-fictam-2026-e-reforca-a-forca-da-industria-ceramica-de-tambau\/#primaryimage"},"thumbnailUrl":"https:\/\/ninamartinelli.com.br\/blog2\/wp-content\/uploads\/2026\/08\/FICTAM-TRATADA-1.jpg","datePublished":"2026-08-26T11:30:40+00:00","description":"Nina Martinelli participa da FICTAM 2026, veja mais detalhes da participa\u00e7\u00e3o da marca nesse grande evento em sua terra de origem","breadcrumb":{"@id":"https:\/\/ninamartinelli.com.br\/blog2\/nina-martinelli-participa-da-fictam-2026-e-reforca-a-forca-da-industria-ceramica-de-tambau\/#breadcrumb"},"inLanguage":"pt-BR","potentialAction":[{"@type":"ReadAction","target":["https:\/\/ninamartinelli.com.br\/blog2\/nina-martinelli-participa-da-fictam-2026-e-reforca-a-forca-da-industria-ceramica-de-tambau\/"]}]},{"@type":"ImageObject","inLanguage":"pt-BR","@id":"https:\/\/ninamartinelli.com.br\/blog2\/nina-martinelli-participa-da-fictam-2026-e-reforca-a-forca-da-industria-ceramica-de-tambau\/#primaryimage","url":"https:\/\/ninamartinelli.com.br\/blog2\/wp-content\/uploads\/2026\/08\/FICTAM-TRATADA-1.jpg","contentUrl":"https:\/\/ninamartinelli.com.br\/blog2\/wp-content\/uploads\/2026\/08\/FICTAM-TRATADA-1.jpg","width":1086,"height":1448},{"@type":"BreadcrumbList","@id":"https:\/\/ninamartinelli.com.br\/blog2\/nina-martinelli-participa-da-fictam-2026-e-reforca-a-forca-da-industria-ceramica-de-tambau\/#breadcrumb","itemListElement":[{"@type":"ListItem","position":1,"name":"In\u00edcio","item":"https:\/\/ninamartinelli.com.br\/blog2\/"},{"@type":"ListItem","position":2,"name":"Nina Martinelli participa da FICTAM 2026 e refor\u00e7a a for\u00e7a da ind\u00fastria cer\u00e2mica de Tamba\u00fa"}]},{"@type":"WebSite","@id":"https:\/\/ninamartinelli.com.br\/blog2\/#website","url":"https:\/\/ninamartinelli.com.br\/blog2\/","name":"Nina Martinelli","description":"#Nina_Martinelli","publisher":{"@id":"https:\/\/ninamartinelli.com.br\/blog2\/#organization"},"potentialAction":[{"@type":"SearchAction","target":{"@type":"EntryPoint","urlTemplate":"https:\/\/ninamartinelli.com.br\/blog2\/?s={search_term_string}"},"query-input":{"@type":"PropertyValueSpecification","valueRequired":true,"valueName":"search_term_string"}}],"inLanguage":"pt-BR"},{"@type":"Organization","@id":"https:\/\/ninamartinelli.com.br\/blog2\/#organization","name":"Blog Novidades","url":"https:\/\/ninamartinelli.com.br\/blog2\/","logo":{"@type":"ImageObject","inLanguage":"pt-BR","@id":"https:\/\/ninamartinelli.com.br\/blog2\/#\/schema\/logo\/image\/","url":"http:\/\/blog.ninamartinelli.com.br\/wp-content\/uploads\/2022\/03\/logo_nina_blog.png","contentUrl":"http:\/\/blog.ninamartinelli.com.br\/wp-content\/uploads\/2022\/03\/logo_nina_blog.png","width":500,"height":104,"caption":"Blog Novidades"},"image":{"@id":"https:\/\/ninamartinelli.com.br\/blog2\/#\/schema\/logo\/image\/"}},{"@type":"Person","@id":"https:\/\/ninamartinelli.com.br\/blog2\/#\/schema\/person\/43fbfb1d4cbe3b472995206b2bb06df5","name":"Ana Maria Devides","image":{"@type":"ImageObject","inLanguage":"pt-BR","@id":"https:\/\/ninamartinelli.com.br\/blog2\/#\/schema\/person\/image\/","url":"https:\/\/secure.gravatar.com\/avatar\/a03a82675d8bb3da8e5c5a6872db97be?s=96&d=mm&r=g","contentUrl":"https:\/\/secure.gravatar.com\/avatar\/a03a82675d8bb3da8e5c5a6872db97be?s=96&d=mm&r=g","caption":"Ana Maria Devides"},"url":"https:\/\/ninamartinelli.com.br\/blog2\/author\/assessoria-nina-martinelli\/"}]}},"_links":{"self":[{"href":"https:\/\/ninamartinelli.com.br\/blog2\/wp-json\/wp\/v2\/posts\/3368","targetHints":{"allow":["GET"]}}],"collection":[{"href":"https:\/\/ninamartinelli.com.br\/blog2\/wp-json\/wp\/v2\/posts"}],"about":[{"href":"https:\/\/ninamartinelli.com.br\/blog2\/wp-json\/wp\/v2\/types\/post"}],"author":[{"embeddable":true,"href":"https:\/\/ninamartinelli.com.br\/blog2\/wp-json\/wp\/v2\/users\/2"}],"replies":[{"embeddable":true,"href":"https:\/\/ninamartinelli.com.br\/blog2\/wp-json\/wp\/v2\/comments?post=3368"}],"version-history":[{"count":1,"href":"https:\/\/ninamartinelli.com.br\/blog2\/wp-json\/wp\/v2\/posts\/3368\/revisions"}],"predecessor-version":[{"id":3370,"href":"https:\/\/ninamartinelli.com.br\/blog2\/wp-json\/wp\/v2\/posts\/3368\/revisions\/3370"}],"wp:featuredmedia":[{"embeddable":true,"href":"https:\/\/ninamartinelli.com.br\/blog2\/wp-json\/wp\/v2\/media\/3369"}],"wp:attachment":[{"href":"https:\/\/ninamartinelli.com.br\/blog2\/wp-json\/wp\/v2\/media?parent=3368"}],"wp:term":[{"taxonomy":"category","embeddable":true,"href":"https:\/\/ninamartinelli.com.br\/blog2\/wp-json\/wp\/v2\/categories?post=3368"},{"taxonomy":"post_tag","embeddable":true,"href":"https:\/\/ninamartinelli.com.br\/blog2\/wp-json\/wp\/v2\/tags?post=3368"}],"curies":[{"name":"wp","href":"https:\/\/api.w.org\/{rel}","templated":true}]}}