{"id":3193,"date":"2026-04-01T08:30:48","date_gmt":"2026-04-01T11:30:48","guid":{"rendered":"https:\/\/ninamartinelli.com.br\/blog2\/?p=3193"},"modified":"2026-03-31T08:59:48","modified_gmt":"2026-03-31T11:59:48","slug":"expo-revestir-2026-stratto-miscelato-transformando-a-parede-em-expressao","status":"publish","type":"post","link":"https:\/\/ninamartinelli.com.br\/blog2\/expo-revestir-2026-stratto-miscelato-transformando-a-parede-em-expressao\/","title":{"rendered":"Expo Revestir 2026 &#8211; Stratto Miscelato, transformando a parede em express\u00e3o"},"content":{"rendered":"<p>Expo Revestir 2026 &#8211; Na arquitetura contempor\u00e2nea, algumas superf\u00edcies deixam de cumprir apenas uma fun\u00e7\u00e3o e passam a assumir presen\u00e7a. N\u00e3o s\u00e3o mais mero fundo, s\u00e3o protagonistas. N\u00e3o delimitam o espa\u00e7o, ajudam a constru\u00ed-lo. \u00c9 nesse territ\u00f3rio que o Stratto Miscelato se insere.<\/p>\n<p>Lan\u00e7ado pela Nina Martinelli na <a href=\"https:\/\/www.exporevestir.com.br\/\">Expo Revestir 2026<\/a>, o modelo chamou aten\u00e7\u00e3o de forma imediata. N\u00e3o apenas pela est\u00e9tica, mas pela experi\u00eancia que prop\u00f5e. Diante dele, o olhar n\u00e3o repousa, percorre. E quase inevitavelmente, a m\u00e3o acompanha.<\/p>\n<p>Composto por pe\u00e7as artesanais, feitas \u00e0 m\u00e3o, uma a uma, em base argilosa, o <a href=\"https:\/\/ninamartinelli.com.br\/produtos\/stratto-miscelato-beige-mix-4x23\/\">Stratto Miscelato<\/a> nasce da combina\u00e7\u00e3o entre diferentes geometrias e superf\u00edcies. O volume convexo do Cavo encontra os relevos em v\u00f3rtice do \u00c1pice.<\/p>\n<p>\u00c1reas de toque mais suave dialogam com regi\u00f5es de textura mais r\u00fastica. Nada se repete de forma r\u00edgida, e \u00e9 justamente essa liberdade que constr\u00f3i sua identidade.<\/p>\n<p>As pe\u00e7as, no formato 4&#215;23 cm, s\u00e3o organizadas em placas de 23&#215;28 cm que chegam prontas para aplica\u00e7\u00e3o, mas mant\u00eam uma configura\u00e7\u00e3o propositalmente aleat\u00f3ria.<\/p>\n<p>Esse detalhe t\u00e9cnico \u00e9 fundamental. Ele garante agilidade na execu\u00e7\u00e3o, sem abrir m\u00e3o do efeito artesanal, org\u00e2nico, quase intuitivo. O resultado \u00e9 uma superf\u00edcie viva.<\/p>\n<p>Uma parede que reage \u00e0 luz ao longo do dia, criando varia\u00e7\u00f5es sutis de sombra e profundidade. Um plano que se fragmenta em ritmos, criando uma leitura que nunca \u00e9 totalmente previs\u00edvel. H\u00e1 movimento, mesmo na mat\u00e9ria est\u00e1tica.<\/p>\n<p>Esse tipo de solu\u00e7\u00e3o se aproxima do que muitos profissionais t\u00eam buscado ao projetar interiores mais sensoriais. Paredes esculturais, que n\u00e3o dependem de elementos adicionais para se destacar. Superf\u00edcies que carregam em si mesmas densidade est\u00e9tica suficiente para definir o ambiente.<\/p>\n<p>O Stratto Miscelato atende a esse desejo com naturalidade. Ele n\u00e3o imp\u00f5e um desenho fechado, oferece um campo de possibilidades. Funciona tanto em grandes planos cont\u00ednuos, onde seu ritmo se revela de forma mais ampla, quanto em recortes pontuais, criando focos de interesse e valoriza\u00e7\u00e3o arquitet\u00f4nica.<\/p>\n<p>H\u00e1 tamb\u00e9m uma dimens\u00e3o importante que n\u00e3o pode ser ignorada. Cada pe\u00e7a carrega marcas do processo manual. Pequenas varia\u00e7\u00f5es, nuances, diferen\u00e7as sutis que n\u00e3o s\u00e3o corrigidas, mas preservadas. Isso confere ao conjunto uma autenticidade dif\u00edcil de replicar em processos industriais.<\/p>\n<p>Na pr\u00e1tica, isso significa que nenhuma parede ser\u00e1 exatamente igual \u00e0 outra.<\/p>\n<p><img loading=\"lazy\" decoding=\"async\" class=\"wp-image-3195 aligncenter\" src=\"https:\/\/ninamartinelli.com.br\/blog2\/wp-content\/uploads\/2026\/03\/NINA-EXPO-REVESTIR-72-200x300.jpg\" alt=\"\" width=\"297\" height=\"446\" srcset=\"https:\/\/ninamartinelli.com.br\/blog2\/wp-content\/uploads\/2026\/03\/NINA-EXPO-REVESTIR-72-200x300.jpg 200w, https:\/\/ninamartinelli.com.br\/blog2\/wp-content\/uploads\/2026\/03\/NINA-EXPO-REVESTIR-72-683x1024.jpg 683w, https:\/\/ninamartinelli.com.br\/blog2\/wp-content\/uploads\/2026\/03\/NINA-EXPO-REVESTIR-72-768x1152.jpg 768w, https:\/\/ninamartinelli.com.br\/blog2\/wp-content\/uploads\/2026\/03\/NINA-EXPO-REVESTIR-72-1024x1536.jpg 1024w, https:\/\/ninamartinelli.com.br\/blog2\/wp-content\/uploads\/2026\/03\/NINA-EXPO-REVESTIR-72-1365x2048.jpg 1365w, https:\/\/ninamartinelli.com.br\/blog2\/wp-content\/uploads\/2026\/03\/NINA-EXPO-REVESTIR-72-scaled.jpg 1707w\" sizes=\"auto, (max-width: 297px) 100vw, 297px\" \/><\/p>\n<p>Durante a Expo Revestir 2026, o modelo revestiu grandes planos do estande da Nina Martinelli, e foi ali, em escala arquitet\u00f4nica, que seu potencial se revelou por completo. O que se via era uma superf\u00edcie que n\u00e3o apenas revestia, mas estruturava a percep\u00e7\u00e3o do espa\u00e7o. Visitantes desaceleravam, se aproximavam, tocavam, fotografavam. O material criava uma pausa.<\/p>\n<p><img loading=\"lazy\" decoding=\"async\" class=\"wp-image-3196 aligncenter\" src=\"https:\/\/ninamartinelli.com.br\/blog2\/wp-content\/uploads\/2026\/03\/NINA-EXPO-REVESTIR-125-200x300.jpg\" alt=\"\" width=\"320\" height=\"480\" srcset=\"https:\/\/ninamartinelli.com.br\/blog2\/wp-content\/uploads\/2026\/03\/NINA-EXPO-REVESTIR-125-200x300.jpg 200w, https:\/\/ninamartinelli.com.br\/blog2\/wp-content\/uploads\/2026\/03\/NINA-EXPO-REVESTIR-125-683x1024.jpg 683w, https:\/\/ninamartinelli.com.br\/blog2\/wp-content\/uploads\/2026\/03\/NINA-EXPO-REVESTIR-125-768x1152.jpg 768w, https:\/\/ninamartinelli.com.br\/blog2\/wp-content\/uploads\/2026\/03\/NINA-EXPO-REVESTIR-125-1024x1536.jpg 1024w, https:\/\/ninamartinelli.com.br\/blog2\/wp-content\/uploads\/2026\/03\/NINA-EXPO-REVESTIR-125-1365x2048.jpg 1365w, https:\/\/ninamartinelli.com.br\/blog2\/wp-content\/uploads\/2026\/03\/NINA-EXPO-REVESTIR-125-scaled.jpg 1707w\" sizes=\"auto, (max-width: 320px) 100vw, 320px\" \/><\/p>\n<p>Em um momento em que cresce a busca por ambientes mais acolhedores, com identidade e profundidade, o Stratto Miscelato se apresenta como uma resposta consistente. Ele traz mat\u00e9ria, gesto e tempo para o primeiro plano. E faz isso com equil\u00edbrio entre t\u00e9cnica e sensibilidade.<\/p>\n<p>Mais do que um revestimento, \u00e9 uma forma de transformar paredes em experi\u00eancia, dispon\u00edvel no portif\u00f3lio da Nina para especificadores, lojistas e pessoas que exigem originalidade, estilo e personalidade em seus projetos.<\/p>\n<p>O Stratto Miscelato \u00e9 disponibilizado nos tons: Bianco, Areia, Beige Mix, Grigio, Grigio Escuro, Rubro e Vime.<\/p>\n<p><img loading=\"lazy\" decoding=\"async\" class=\" wp-image-3197 aligncenter\" src=\"https:\/\/ninamartinelli.com.br\/blog2\/wp-content\/uploads\/2026\/03\/Stratto-Miscelato-Areia-300x169.webp\" alt=\"\" width=\"357\" height=\"201\" srcset=\"https:\/\/ninamartinelli.com.br\/blog2\/wp-content\/uploads\/2026\/03\/Stratto-Miscelato-Areia-300x169.webp 300w, https:\/\/ninamartinelli.com.br\/blog2\/wp-content\/uploads\/2026\/03\/Stratto-Miscelato-Areia-1024x576.webp 1024w, https:\/\/ninamartinelli.com.br\/blog2\/wp-content\/uploads\/2026\/03\/Stratto-Miscelato-Areia-768x432.webp 768w, https:\/\/ninamartinelli.com.br\/blog2\/wp-content\/uploads\/2026\/03\/Stratto-Miscelato-Areia.webp 1280w\" sizes=\"auto, (max-width: 357px) 100vw, 357px\" \/><\/p>\n","protected":false},"excerpt":{"rendered":"<p>Expo Revestir 2026 &#8211; Na arquitetura contempor\u00e2nea, algumas superf\u00edcies deixam de cumprir apenas uma fun\u00e7\u00e3o<\/p>\n","protected":false},"author":2,"featured_media":3194,"comment_status":"open","ping_status":"open","sticky":false,"template":"","format":"standard","meta":{"footnotes":""},"categories":[48,194,1,26,129],"tags":[98,100,168,46,131],"class_list":["post-3193","post","type-post","status-publish","format-standard","has-post-thumbnail","hentry","category-expo-revestir","category-lancamentos-2026","category-nina-martinelli","category-revestimentos","category-sustentabilidade","tag-expo-revestir","tag-lancamentos","tag-producao-artesanal","tag-revestimento","tag-sustentabilidade"],"yoast_head":"<!-- This site is optimized with the Yoast SEO plugin v26.8 - https:\/\/yoast.com\/product\/yoast-seo-wordpress\/ -->\n<title>Expo Revestir 2026 - Stratto Miscelato, transformando a parede em express\u00e3o<\/title>\n<meta name=\"description\" content=\"Expo Revestir 2026 - A combina\u00e7\u00e3o de dois formatos distintos no topo de pe\u00e7as alongadas de base argilosa traz um efeito surpreendente, veja!\" \/>\n<meta name=\"robots\" content=\"index, follow, max-snippet:-1, max-image-preview:large, max-video-preview:-1\" \/>\n<link rel=\"canonical\" href=\"https:\/\/ninamartinelli.com.br\/blog2\/expo-revestir-2026-stratto-miscelato-transformando-a-parede-em-expressao\/\" \/>\n<meta property=\"og:locale\" content=\"pt_BR\" \/>\n<meta property=\"og:type\" content=\"article\" \/>\n<meta property=\"og:title\" content=\"Expo Revestir 2026 - Stratto Miscelato, transformando a parede em express\u00e3o\" \/>\n<meta property=\"og:description\" content=\"Expo Revestir 2026 - A combina\u00e7\u00e3o de dois formatos distintos no topo de pe\u00e7as alongadas de base argilosa traz um efeito surpreendente, veja!\" \/>\n<meta property=\"og:url\" content=\"https:\/\/ninamartinelli.com.br\/blog2\/expo-revestir-2026-stratto-miscelato-transformando-a-parede-em-expressao\/\" \/>\n<meta property=\"og:site_name\" content=\"Blog Nina\" \/>\n<meta property=\"article:published_time\" content=\"2026-04-01T11:30:48+00:00\" \/>\n<meta property=\"og:image\" content=\"https:\/\/ninamartinelli.com.br\/blog2\/wp-content\/uploads\/2026\/03\/NINA-EXPO-REVESTIR-53-scaled.jpg\" \/>\n\t<meta property=\"og:image:width\" content=\"1707\" \/>\n\t<meta property=\"og:image:height\" content=\"2560\" \/>\n\t<meta property=\"og:image:type\" content=\"image\/jpeg\" \/>\n<meta name=\"author\" content=\"Ana Maria Devides\" \/>\n<meta name=\"twitter:card\" content=\"summary_large_image\" \/>\n<meta name=\"twitter:label1\" content=\"Escrito por\" \/>\n\t<meta name=\"twitter:data1\" content=\"Ana Maria Devides\" \/>\n\t<meta name=\"twitter:label2\" content=\"Est. tempo de leitura\" \/>\n\t<meta name=\"twitter:data2\" content=\"4 minutos\" \/>\n<script type=\"application\/ld+json\" class=\"yoast-schema-graph\">{\"@context\":\"https:\/\/schema.org\",\"@graph\":[{\"@type\":\"Article\",\"@id\":\"https:\/\/ninamartinelli.com.br\/blog2\/expo-revestir-2026-stratto-miscelato-transformando-a-parede-em-expressao\/#article\",\"isPartOf\":{\"@id\":\"https:\/\/ninamartinelli.com.br\/blog2\/expo-revestir-2026-stratto-miscelato-transformando-a-parede-em-expressao\/\"},\"author\":{\"name\":\"Ana Maria Devides\",\"@id\":\"https:\/\/ninamartinelli.com.br\/blog2\/#\/schema\/person\/43fbfb1d4cbe3b472995206b2bb06df5\"},\"headline\":\"Expo Revestir 2026 &#8211; Stratto Miscelato, transformando a parede em express\u00e3o\",\"datePublished\":\"2026-04-01T11:30:48+00:00\",\"mainEntityOfPage\":{\"@id\":\"https:\/\/ninamartinelli.com.br\/blog2\/expo-revestir-2026-stratto-miscelato-transformando-a-parede-em-expressao\/\"},\"wordCount\":590,\"commentCount\":0,\"publisher\":{\"@id\":\"https:\/\/ninamartinelli.com.br\/blog2\/#organization\"},\"image\":{\"@id\":\"https:\/\/ninamartinelli.com.br\/blog2\/expo-revestir-2026-stratto-miscelato-transformando-a-parede-em-expressao\/#primaryimage\"},\"thumbnailUrl\":\"https:\/\/ninamartinelli.com.br\/blog2\/wp-content\/uploads\/2026\/03\/NINA-EXPO-REVESTIR-53-scaled.jpg\",\"keywords\":[\"expo revestir\",\"lan\u00e7amentos\",\"produ\u00e7\u00e3o artesanal\",\"revestimento\",\"Sustentabilidade\"],\"articleSection\":[\"EXPO Revestir\",\"LAN\u00c7AMENTOS 2026\",\"Nina Martinelli\",\"Revestimentos\",\"Sustentabilidade\"],\"inLanguage\":\"pt-BR\",\"potentialAction\":[{\"@type\":\"CommentAction\",\"name\":\"Comment\",\"target\":[\"https:\/\/ninamartinelli.com.br\/blog2\/expo-revestir-2026-stratto-miscelato-transformando-a-parede-em-expressao\/#respond\"]}]},{\"@type\":\"WebPage\",\"@id\":\"https:\/\/ninamartinelli.com.br\/blog2\/expo-revestir-2026-stratto-miscelato-transformando-a-parede-em-expressao\/\",\"url\":\"https:\/\/ninamartinelli.com.br\/blog2\/expo-revestir-2026-stratto-miscelato-transformando-a-parede-em-expressao\/\",\"name\":\"Expo Revestir 2026 - Stratto Miscelato, transformando a parede em express\u00e3o\",\"isPartOf\":{\"@id\":\"https:\/\/ninamartinelli.com.br\/blog2\/#website\"},\"primaryImageOfPage\":{\"@id\":\"https:\/\/ninamartinelli.com.br\/blog2\/expo-revestir-2026-stratto-miscelato-transformando-a-parede-em-expressao\/#primaryimage\"},\"image\":{\"@id\":\"https:\/\/ninamartinelli.com.br\/blog2\/expo-revestir-2026-stratto-miscelato-transformando-a-parede-em-expressao\/#primaryimage\"},\"thumbnailUrl\":\"https:\/\/ninamartinelli.com.br\/blog2\/wp-content\/uploads\/2026\/03\/NINA-EXPO-REVESTIR-53-scaled.jpg\",\"datePublished\":\"2026-04-01T11:30:48+00:00\",\"description\":\"Expo Revestir 2026 - A combina\u00e7\u00e3o de dois formatos distintos no topo de pe\u00e7as alongadas de base argilosa traz um efeito surpreendente, veja!\",\"breadcrumb\":{\"@id\":\"https:\/\/ninamartinelli.com.br\/blog2\/expo-revestir-2026-stratto-miscelato-transformando-a-parede-em-expressao\/#breadcrumb\"},\"inLanguage\":\"pt-BR\",\"potentialAction\":[{\"@type\":\"ReadAction\",\"target\":[\"https:\/\/ninamartinelli.com.br\/blog2\/expo-revestir-2026-stratto-miscelato-transformando-a-parede-em-expressao\/\"]}]},{\"@type\":\"ImageObject\",\"inLanguage\":\"pt-BR\",\"@id\":\"https:\/\/ninamartinelli.com.br\/blog2\/expo-revestir-2026-stratto-miscelato-transformando-a-parede-em-expressao\/#primaryimage\",\"url\":\"https:\/\/ninamartinelli.com.br\/blog2\/wp-content\/uploads\/2026\/03\/NINA-EXPO-REVESTIR-53-scaled.jpg\",\"contentUrl\":\"https:\/\/ninamartinelli.com.br\/blog2\/wp-content\/uploads\/2026\/03\/NINA-EXPO-REVESTIR-53-scaled.jpg\",\"width\":1707,\"height\":2560},{\"@type\":\"BreadcrumbList\",\"@id\":\"https:\/\/ninamartinelli.com.br\/blog2\/expo-revestir-2026-stratto-miscelato-transformando-a-parede-em-expressao\/#breadcrumb\",\"itemListElement\":[{\"@type\":\"ListItem\",\"position\":1,\"name\":\"In\u00edcio\",\"item\":\"https:\/\/ninamartinelli.com.br\/blog2\/\"},{\"@type\":\"ListItem\",\"position\":2,\"name\":\"Expo Revestir 2026 &#8211; Stratto Miscelato, transformando a parede em express\u00e3o\"}]},{\"@type\":\"WebSite\",\"@id\":\"https:\/\/ninamartinelli.com.br\/blog2\/#website\",\"url\":\"https:\/\/ninamartinelli.com.br\/blog2\/\",\"name\":\"Nina Martinelli\",\"description\":\"#Nina_Martinelli\",\"publisher\":{\"@id\":\"https:\/\/ninamartinelli.com.br\/blog2\/#organization\"},\"potentialAction\":[{\"@type\":\"SearchAction\",\"target\":{\"@type\":\"EntryPoint\",\"urlTemplate\":\"https:\/\/ninamartinelli.com.br\/blog2\/?s={search_term_string}\"},\"query-input\":{\"@type\":\"PropertyValueSpecification\",\"valueRequired\":true,\"valueName\":\"search_term_string\"}}],\"inLanguage\":\"pt-BR\"},{\"@type\":\"Organization\",\"@id\":\"https:\/\/ninamartinelli.com.br\/blog2\/#organization\",\"name\":\"Blog Novidades\",\"url\":\"https:\/\/ninamartinelli.com.br\/blog2\/\",\"logo\":{\"@type\":\"ImageObject\",\"inLanguage\":\"pt-BR\",\"@id\":\"https:\/\/ninamartinelli.com.br\/blog2\/#\/schema\/logo\/image\/\",\"url\":\"http:\/\/blog.ninamartinelli.com.br\/wp-content\/uploads\/2022\/03\/logo_nina_blog.png\",\"contentUrl\":\"http:\/\/blog.ninamartinelli.com.br\/wp-content\/uploads\/2022\/03\/logo_nina_blog.png\",\"width\":500,\"height\":104,\"caption\":\"Blog Novidades\"},\"image\":{\"@id\":\"https:\/\/ninamartinelli.com.br\/blog2\/#\/schema\/logo\/image\/\"}},{\"@type\":\"Person\",\"@id\":\"https:\/\/ninamartinelli.com.br\/blog2\/#\/schema\/person\/43fbfb1d4cbe3b472995206b2bb06df5\",\"name\":\"Ana Maria Devides\",\"image\":{\"@type\":\"ImageObject\",\"inLanguage\":\"pt-BR\",\"@id\":\"https:\/\/ninamartinelli.com.br\/blog2\/#\/schema\/person\/image\/\",\"url\":\"https:\/\/secure.gravatar.com\/avatar\/a03a82675d8bb3da8e5c5a6872db97be?s=96&d=mm&r=g\",\"contentUrl\":\"https:\/\/secure.gravatar.com\/avatar\/a03a82675d8bb3da8e5c5a6872db97be?s=96&d=mm&r=g\",\"caption\":\"Ana Maria Devides\"},\"url\":\"https:\/\/ninamartinelli.com.br\/blog2\/author\/assessoria-nina-martinelli\/\"}]}<\/script>\n<!-- \/ Yoast SEO plugin. -->","yoast_head_json":{"title":"Expo Revestir 2026 - Stratto Miscelato, transformando a parede em express\u00e3o","description":"Expo Revestir 2026 - A combina\u00e7\u00e3o de dois formatos distintos no topo de pe\u00e7as alongadas de base argilosa traz um efeito surpreendente, veja!","robots":{"index":"index","follow":"follow","max-snippet":"max-snippet:-1","max-image-preview":"max-image-preview:large","max-video-preview":"max-video-preview:-1"},"canonical":"https:\/\/ninamartinelli.com.br\/blog2\/expo-revestir-2026-stratto-miscelato-transformando-a-parede-em-expressao\/","og_locale":"pt_BR","og_type":"article","og_title":"Expo Revestir 2026 - Stratto Miscelato, transformando a parede em express\u00e3o","og_description":"Expo Revestir 2026 - A combina\u00e7\u00e3o de dois formatos distintos no topo de pe\u00e7as alongadas de base argilosa traz um efeito surpreendente, veja!","og_url":"https:\/\/ninamartinelli.com.br\/blog2\/expo-revestir-2026-stratto-miscelato-transformando-a-parede-em-expressao\/","og_site_name":"Blog Nina","article_published_time":"2026-04-01T11:30:48+00:00","og_image":[{"width":1707,"height":2560,"url":"https:\/\/ninamartinelli.com.br\/blog2\/wp-content\/uploads\/2026\/03\/NINA-EXPO-REVESTIR-53-scaled.jpg","type":"image\/jpeg"}],"author":"Ana Maria Devides","twitter_card":"summary_large_image","twitter_misc":{"Escrito por":"Ana Maria Devides","Est. tempo de leitura":"4 minutos"},"schema":{"@context":"https:\/\/schema.org","@graph":[{"@type":"Article","@id":"https:\/\/ninamartinelli.com.br\/blog2\/expo-revestir-2026-stratto-miscelato-transformando-a-parede-em-expressao\/#article","isPartOf":{"@id":"https:\/\/ninamartinelli.com.br\/blog2\/expo-revestir-2026-stratto-miscelato-transformando-a-parede-em-expressao\/"},"author":{"name":"Ana Maria Devides","@id":"https:\/\/ninamartinelli.com.br\/blog2\/#\/schema\/person\/43fbfb1d4cbe3b472995206b2bb06df5"},"headline":"Expo Revestir 2026 &#8211; Stratto Miscelato, transformando a parede em express\u00e3o","datePublished":"2026-04-01T11:30:48+00:00","mainEntityOfPage":{"@id":"https:\/\/ninamartinelli.com.br\/blog2\/expo-revestir-2026-stratto-miscelato-transformando-a-parede-em-expressao\/"},"wordCount":590,"commentCount":0,"publisher":{"@id":"https:\/\/ninamartinelli.com.br\/blog2\/#organization"},"image":{"@id":"https:\/\/ninamartinelli.com.br\/blog2\/expo-revestir-2026-stratto-miscelato-transformando-a-parede-em-expressao\/#primaryimage"},"thumbnailUrl":"https:\/\/ninamartinelli.com.br\/blog2\/wp-content\/uploads\/2026\/03\/NINA-EXPO-REVESTIR-53-scaled.jpg","keywords":["expo revestir","lan\u00e7amentos","produ\u00e7\u00e3o artesanal","revestimento","Sustentabilidade"],"articleSection":["EXPO Revestir","LAN\u00c7AMENTOS 2026","Nina Martinelli","Revestimentos","Sustentabilidade"],"inLanguage":"pt-BR","potentialAction":[{"@type":"CommentAction","name":"Comment","target":["https:\/\/ninamartinelli.com.br\/blog2\/expo-revestir-2026-stratto-miscelato-transformando-a-parede-em-expressao\/#respond"]}]},{"@type":"WebPage","@id":"https:\/\/ninamartinelli.com.br\/blog2\/expo-revestir-2026-stratto-miscelato-transformando-a-parede-em-expressao\/","url":"https:\/\/ninamartinelli.com.br\/blog2\/expo-revestir-2026-stratto-miscelato-transformando-a-parede-em-expressao\/","name":"Expo Revestir 2026 - Stratto Miscelato, transformando a parede em express\u00e3o","isPartOf":{"@id":"https:\/\/ninamartinelli.com.br\/blog2\/#website"},"primaryImageOfPage":{"@id":"https:\/\/ninamartinelli.com.br\/blog2\/expo-revestir-2026-stratto-miscelato-transformando-a-parede-em-expressao\/#primaryimage"},"image":{"@id":"https:\/\/ninamartinelli.com.br\/blog2\/expo-revestir-2026-stratto-miscelato-transformando-a-parede-em-expressao\/#primaryimage"},"thumbnailUrl":"https:\/\/ninamartinelli.com.br\/blog2\/wp-content\/uploads\/2026\/03\/NINA-EXPO-REVESTIR-53-scaled.jpg","datePublished":"2026-04-01T11:30:48+00:00","description":"Expo Revestir 2026 - A combina\u00e7\u00e3o de dois formatos distintos no topo de pe\u00e7as alongadas de base argilosa traz um efeito surpreendente, veja!","breadcrumb":{"@id":"https:\/\/ninamartinelli.com.br\/blog2\/expo-revestir-2026-stratto-miscelato-transformando-a-parede-em-expressao\/#breadcrumb"},"inLanguage":"pt-BR","potentialAction":[{"@type":"ReadAction","target":["https:\/\/ninamartinelli.com.br\/blog2\/expo-revestir-2026-stratto-miscelato-transformando-a-parede-em-expressao\/"]}]},{"@type":"ImageObject","inLanguage":"pt-BR","@id":"https:\/\/ninamartinelli.com.br\/blog2\/expo-revestir-2026-stratto-miscelato-transformando-a-parede-em-expressao\/#primaryimage","url":"https:\/\/ninamartinelli.com.br\/blog2\/wp-content\/uploads\/2026\/03\/NINA-EXPO-REVESTIR-53-scaled.jpg","contentUrl":"https:\/\/ninamartinelli.com.br\/blog2\/wp-content\/uploads\/2026\/03\/NINA-EXPO-REVESTIR-53-scaled.jpg","width":1707,"height":2560},{"@type":"BreadcrumbList","@id":"https:\/\/ninamartinelli.com.br\/blog2\/expo-revestir-2026-stratto-miscelato-transformando-a-parede-em-expressao\/#breadcrumb","itemListElement":[{"@type":"ListItem","position":1,"name":"In\u00edcio","item":"https:\/\/ninamartinelli.com.br\/blog2\/"},{"@type":"ListItem","position":2,"name":"Expo Revestir 2026 &#8211; Stratto Miscelato, transformando a parede em express\u00e3o"}]},{"@type":"WebSite","@id":"https:\/\/ninamartinelli.com.br\/blog2\/#website","url":"https:\/\/ninamartinelli.com.br\/blog2\/","name":"Nina Martinelli","description":"#Nina_Martinelli","publisher":{"@id":"https:\/\/ninamartinelli.com.br\/blog2\/#organization"},"potentialAction":[{"@type":"SearchAction","target":{"@type":"EntryPoint","urlTemplate":"https:\/\/ninamartinelli.com.br\/blog2\/?s={search_term_string}"},"query-input":{"@type":"PropertyValueSpecification","valueRequired":true,"valueName":"search_term_string"}}],"inLanguage":"pt-BR"},{"@type":"Organization","@id":"https:\/\/ninamartinelli.com.br\/blog2\/#organization","name":"Blog Novidades","url":"https:\/\/ninamartinelli.com.br\/blog2\/","logo":{"@type":"ImageObject","inLanguage":"pt-BR","@id":"https:\/\/ninamartinelli.com.br\/blog2\/#\/schema\/logo\/image\/","url":"http:\/\/blog.ninamartinelli.com.br\/wp-content\/uploads\/2022\/03\/logo_nina_blog.png","contentUrl":"http:\/\/blog.ninamartinelli.com.br\/wp-content\/uploads\/2022\/03\/logo_nina_blog.png","width":500,"height":104,"caption":"Blog Novidades"},"image":{"@id":"https:\/\/ninamartinelli.com.br\/blog2\/#\/schema\/logo\/image\/"}},{"@type":"Person","@id":"https:\/\/ninamartinelli.com.br\/blog2\/#\/schema\/person\/43fbfb1d4cbe3b472995206b2bb06df5","name":"Ana Maria Devides","image":{"@type":"ImageObject","inLanguage":"pt-BR","@id":"https:\/\/ninamartinelli.com.br\/blog2\/#\/schema\/person\/image\/","url":"https:\/\/secure.gravatar.com\/avatar\/a03a82675d8bb3da8e5c5a6872db97be?s=96&d=mm&r=g","contentUrl":"https:\/\/secure.gravatar.com\/avatar\/a03a82675d8bb3da8e5c5a6872db97be?s=96&d=mm&r=g","caption":"Ana Maria Devides"},"url":"https:\/\/ninamartinelli.com.br\/blog2\/author\/assessoria-nina-martinelli\/"}]}},"_links":{"self":[{"href":"https:\/\/ninamartinelli.com.br\/blog2\/wp-json\/wp\/v2\/posts\/3193","targetHints":{"allow":["GET"]}}],"collection":[{"href":"https:\/\/ninamartinelli.com.br\/blog2\/wp-json\/wp\/v2\/posts"}],"about":[{"href":"https:\/\/ninamartinelli.com.br\/blog2\/wp-json\/wp\/v2\/types\/post"}],"author":[{"embeddable":true,"href":"https:\/\/ninamartinelli.com.br\/blog2\/wp-json\/wp\/v2\/users\/2"}],"replies":[{"embeddable":true,"href":"https:\/\/ninamartinelli.com.br\/blog2\/wp-json\/wp\/v2\/comments?post=3193"}],"version-history":[{"count":1,"href":"https:\/\/ninamartinelli.com.br\/blog2\/wp-json\/wp\/v2\/posts\/3193\/revisions"}],"predecessor-version":[{"id":3198,"href":"https:\/\/ninamartinelli.com.br\/blog2\/wp-json\/wp\/v2\/posts\/3193\/revisions\/3198"}],"wp:featuredmedia":[{"embeddable":true,"href":"https:\/\/ninamartinelli.com.br\/blog2\/wp-json\/wp\/v2\/media\/3194"}],"wp:attachment":[{"href":"https:\/\/ninamartinelli.com.br\/blog2\/wp-json\/wp\/v2\/media?parent=3193"}],"wp:term":[{"taxonomy":"category","embeddable":true,"href":"https:\/\/ninamartinelli.com.br\/blog2\/wp-json\/wp\/v2\/categories?post=3193"},{"taxonomy":"post_tag","embeddable":true,"href":"https:\/\/ninamartinelli.com.br\/blog2\/wp-json\/wp\/v2\/tags?post=3193"}],"curies":[{"name":"wp","href":"https:\/\/api.w.org\/{rel}","templated":true}]}}