{"id":3160,"date":"2026-03-11T10:44:20","date_gmt":"2026-03-11T13:44:20","guid":{"rendered":"https:\/\/ninamartinelli.com.br\/blog2\/?p=3160"},"modified":"2026-03-11T10:44:20","modified_gmt":"2026-03-11T13:44:20","slug":"expo-revestir-2026-nina-martinelli-e-finalista-do-best-in-show-com-cobogo-sopro-e-revestimento-brasiliano","status":"publish","type":"post","link":"https:\/\/ninamartinelli.com.br\/blog2\/expo-revestir-2026-nina-martinelli-e-finalista-do-best-in-show-com-cobogo-sopro-e-revestimento-brasiliano\/","title":{"rendered":"Expo Revestir 2026 \u2013 Nina Martinelli \u00e9 finalista do Best In Show com Cobog\u00f3 Sopro e Revestimento Brasiliano"},"content":{"rendered":"<p><a href=\"https:\/\/www.exporevestir.com.br\/\">Expo Revestir 2026<\/a> \u2013 O evento segue em pleno movimento, e a Nina Martinelli j\u00e1 tem o que comemorar: al\u00e9m do sucesso absoluto do estande, dois de seus lan\u00e7amentos deste ano est\u00e3o entre os finalistas do concurso <em>Best In Show,<\/em> tradicionalmente realizado no evento, e que tem um renomado e exigente j\u00fari.<\/p>\n<p>Os jurados se encantaram pelo <a href=\"https:\/\/ninamartinelli.com.br\/produtos\/brasiliano-rosso-7x7\/\">Brasiliano<\/a>, finalista na categoria Design Brasil Revestimento Cer\u00e2mico, e pelo <a href=\"https:\/\/ninamartinelli.com.br\/produtos\/cobogo-sopro-concreto-by-marcos-lula-nm-02\/\">Cobog\u00f3 Sopro<\/a>, modelo criado pelo arquiteto <a href=\"https:\/\/www.instagram.com\/explore\/?hl=en\">Marcos Lula<\/a> exclusivamente para a Nina, e que concorre na categoria Pe\u00e7as Especiais.<\/p>\n<p>O jovem arquiteto goiano Marcos Lula, por sinal, \u00e9 tamb\u00e9m quem assina o estande da Nina na feira, onde, al\u00e9m da beleza das linhas arquitet\u00f4nicas, colunas e \u00e2ngulos, um caminho inspirado em um delicado campo de trigo convida o visitante a desacelerar e vivenciar a mat\u00e9ria com o corpo inteiro. Mais do que uma exposi\u00e7\u00e3o, o espa\u00e7o se revela como uma experi\u00eancia que conecta gesto, tempo e natureza, pilares que d\u00e3o forma \u00e0 Cole\u00e7\u00e3o Ciclos.<\/p>\n<p><strong>Lan\u00e7amento do Cobog\u00f3 Sopro foi momento especial<\/strong><\/p>\n<p><img loading=\"lazy\" decoding=\"async\" class=\"wp-image-3162 aligncenter\" src=\"https:\/\/ninamartinelli.com.br\/blog2\/wp-content\/uploads\/2026\/03\/COBOGO-SOPRO-300x300.jpg\" alt=\"\" width=\"294\" height=\"294\" srcset=\"https:\/\/ninamartinelli.com.br\/blog2\/wp-content\/uploads\/2026\/03\/COBOGO-SOPRO-300x300.jpg 300w, https:\/\/ninamartinelli.com.br\/blog2\/wp-content\/uploads\/2026\/03\/COBOGO-SOPRO-1024x1024.jpg 1024w, https:\/\/ninamartinelli.com.br\/blog2\/wp-content\/uploads\/2026\/03\/COBOGO-SOPRO-150x150.jpg 150w, https:\/\/ninamartinelli.com.br\/blog2\/wp-content\/uploads\/2026\/03\/COBOGO-SOPRO-768x768.jpg 768w, https:\/\/ninamartinelli.com.br\/blog2\/wp-content\/uploads\/2026\/03\/COBOGO-SOPRO-50x50.jpg 50w, https:\/\/ninamartinelli.com.br\/blog2\/wp-content\/uploads\/2026\/03\/COBOGO-SOPRO.jpg 1080w\" sizes=\"auto, (max-width: 294px) 100vw, 294px\" \/><\/p>\n<p><img loading=\"lazy\" decoding=\"async\" class=\"wp-image-3163 aligncenter\" src=\"https:\/\/ninamartinelli.com.br\/blog2\/wp-content\/uploads\/2026\/03\/ZE-E-MARCOS-300x200.jpg\" alt=\"\" width=\"431\" height=\"287\" srcset=\"https:\/\/ninamartinelli.com.br\/blog2\/wp-content\/uploads\/2026\/03\/ZE-E-MARCOS-300x200.jpg 300w, https:\/\/ninamartinelli.com.br\/blog2\/wp-content\/uploads\/2026\/03\/ZE-E-MARCOS-1024x683.jpg 1024w, https:\/\/ninamartinelli.com.br\/blog2\/wp-content\/uploads\/2026\/03\/ZE-E-MARCOS-768x512.jpg 768w, https:\/\/ninamartinelli.com.br\/blog2\/wp-content\/uploads\/2026\/03\/ZE-E-MARCOS-1536x1024.jpg 1536w, https:\/\/ninamartinelli.com.br\/blog2\/wp-content\/uploads\/2026\/03\/ZE-E-MARCOS.jpg 1560w\" sizes=\"auto, (max-width: 431px) 100vw, 431px\" \/><\/p>\n<p>&nbsp;<\/p>\n<p>&nbsp;<\/p>\n<p><img loading=\"lazy\" decoding=\"async\" class=\"wp-image-3164 alignleft\" src=\"https:\/\/ninamartinelli.com.br\/blog2\/wp-content\/uploads\/2026\/03\/ze-e-marcos-2-200x300.jpg\" alt=\"\" width=\"263\" height=\"395\" srcset=\"https:\/\/ninamartinelli.com.br\/blog2\/wp-content\/uploads\/2026\/03\/ze-e-marcos-2-200x300.jpg 200w, https:\/\/ninamartinelli.com.br\/blog2\/wp-content\/uploads\/2026\/03\/ze-e-marcos-2-683x1024.jpg 683w, https:\/\/ninamartinelli.com.br\/blog2\/wp-content\/uploads\/2026\/03\/ze-e-marcos-2-768x1152.jpg 768w, https:\/\/ninamartinelli.com.br\/blog2\/wp-content\/uploads\/2026\/03\/ze-e-marcos-2.jpg 1000w\" sizes=\"auto, (max-width: 263px) 100vw, 263px\" \/><\/p>\n<p>J\u00e1 no primeiro dia do evento, reservado a convidados da organiza\u00e7\u00e3o \u2013 especificadores, designers e lojistas do segmento o lan\u00e7amento do Cobog\u00f3 Sopro, cria\u00e7\u00e3o exclusiva de Marcos Lula para Nina Martinelli, foi um dos pontos altos desse in\u00edcio de participa\u00e7\u00e3o da marca na feira.<\/p>\n<p>Arrojado e, ao mesmo tempo sens\u00edvel e arquitet\u00f4nico, o Cobog\u00f3 Sopro nasce do di\u00e1logo entre mat\u00e9ria e ar. Um gesto do vento incorporado \u00e0 forma.<br \/>\nUma se\u00e7\u00e3o interna da pe\u00e7a, deslocada lateralmente com sutileza e eleg\u00e2ncia, conduz a ventila\u00e7\u00e3o, cria sombra, movimento e abre possibilidade para m\u00faltiplas pagina\u00e7\u00f5es Mais do que vazar o ambiente, o Sopro faz o espa\u00e7o respirar.<\/p>\n<p>Marcos Lula foi muito feliz em sua inspira\u00e7\u00e3o para criar o modelo e ap\u00f3s o lan\u00e7amento, recebeu de Jos\u00e9 Renato Videira, diretor e cofundador da Nina Martinelli, uma lembran\u00e7a desse momento de grande sinergia entre o profissional e a marca \u2013 um quadro que honra a beleza e a sensibilidade do Sopro, com uma pe\u00e7a emoldurada e uma dedicat\u00f3ria que marca o lan\u00e7amento para a posteridade.<\/p>\n<p>Fora esse grande momento, e agora falando mais especificamente do estande da Nina na feira, e dos lan\u00e7amentos da marca neste ano, o que mais se v\u00ea s\u00e3o m\u00e3os explorando superf\u00edcies, olhares atentos \u00e0s nuances naturais da cer\u00e2mica e conversas profundas sobre possibilidades de pagina\u00e7\u00e3o que equilibram eleg\u00e2ncia e atemporalidade.<\/p>\n<p>&nbsp;<\/p>\n<p><img loading=\"lazy\" decoding=\"async\" class=\"alignnone  wp-image-3165\" src=\"https:\/\/ninamartinelli.com.br\/blog2\/wp-content\/uploads\/2026\/03\/estande-angulo-3-200x300.jpg\" alt=\"\" width=\"262\" height=\"394\" srcset=\"https:\/\/ninamartinelli.com.br\/blog2\/wp-content\/uploads\/2026\/03\/estande-angulo-3-200x300.jpg 200w, https:\/\/ninamartinelli.com.br\/blog2\/wp-content\/uploads\/2026\/03\/estande-angulo-3-683x1024.jpg 683w, https:\/\/ninamartinelli.com.br\/blog2\/wp-content\/uploads\/2026\/03\/estande-angulo-3-768x1152.jpg 768w, https:\/\/ninamartinelli.com.br\/blog2\/wp-content\/uploads\/2026\/03\/estande-angulo-3.jpg 985w\" sizes=\"auto, (max-width: 262px) 100vw, 262px\" \/>\u00a0 \u00a0 \u00a0 \u00a0 \u00a0 \u00a0 \u00a0 \u00a0 \u00a0 \u00a0 \u00a0 \u00a0 \u00a0 \u00a0<img loading=\"lazy\" decoding=\"async\" class=\"alignnone  wp-image-3166\" src=\"https:\/\/ninamartinelli.com.br\/blog2\/wp-content\/uploads\/2026\/03\/estande-angulo-4-200x300.jpg\" alt=\"\" width=\"261\" height=\"392\" srcset=\"https:\/\/ninamartinelli.com.br\/blog2\/wp-content\/uploads\/2026\/03\/estande-angulo-4-200x300.jpg 200w, https:\/\/ninamartinelli.com.br\/blog2\/wp-content\/uploads\/2026\/03\/estande-angulo-4-683x1024.jpg 683w, https:\/\/ninamartinelli.com.br\/blog2\/wp-content\/uploads\/2026\/03\/estande-angulo-4-768x1151.jpg 768w, https:\/\/ninamartinelli.com.br\/blog2\/wp-content\/uploads\/2026\/03\/estande-angulo-4.jpg 1012w\" sizes=\"auto, (max-width: 261px) 100vw, 261px\" \/><\/p>\n<p>&nbsp;<\/p>\n<p>A verdade e a naturalidade da mat\u00e9ria, aliadas ao feito \u00e0 m\u00e3o, despertam uma conex\u00e3o imediata com quem busca diferencia\u00e7\u00e3o real e superf\u00edcies com identidade.<\/p>\n<p>Em um momento em que o mercado volta seu olhar para casas com cara de casa, espa\u00e7os que acolhem, protegem e reconectam, a Nina Martinelli apresenta solu\u00e7\u00f5es que resgatam o valor do tempo, da mat\u00e9ria viva e do design sens\u00edvel. Beleza para olhar, para tocar e para sentir.<\/p>\n<p><img loading=\"lazy\" decoding=\"async\" class=\"alignnone  wp-image-3167\" src=\"https:\/\/ninamartinelli.com.br\/blog2\/wp-content\/uploads\/2026\/03\/estande-angulo-5-200x300.jpg\" alt=\"\" width=\"276\" height=\"414\" srcset=\"https:\/\/ninamartinelli.com.br\/blog2\/wp-content\/uploads\/2026\/03\/estande-angulo-5-200x300.jpg 200w, https:\/\/ninamartinelli.com.br\/blog2\/wp-content\/uploads\/2026\/03\/estande-angulo-5-683x1024.jpg 683w, https:\/\/ninamartinelli.com.br\/blog2\/wp-content\/uploads\/2026\/03\/estande-angulo-5-768x1152.jpg 768w, https:\/\/ninamartinelli.com.br\/blog2\/wp-content\/uploads\/2026\/03\/estande-angulo-5.jpg 1004w\" sizes=\"auto, (max-width: 276px) 100vw, 276px\" \/>\u00a0 \u00a0 \u00a0 \u00a0 \u00a0 \u00a0 \u00a0 \u00a0 \u00a0 <img loading=\"lazy\" decoding=\"async\" class=\"alignnone  wp-image-3168\" src=\"https:\/\/ninamartinelli.com.br\/blog2\/wp-content\/uploads\/2026\/03\/estande-angulo2-200x300.jpg\" alt=\"\" width=\"276\" height=\"414\" srcset=\"https:\/\/ninamartinelli.com.br\/blog2\/wp-content\/uploads\/2026\/03\/estande-angulo2-200x300.jpg 200w, https:\/\/ninamartinelli.com.br\/blog2\/wp-content\/uploads\/2026\/03\/estande-angulo2-683x1024.jpg 683w, https:\/\/ninamartinelli.com.br\/blog2\/wp-content\/uploads\/2026\/03\/estande-angulo2-768x1152.jpg 768w, https:\/\/ninamartinelli.com.br\/blog2\/wp-content\/uploads\/2026\/03\/estande-angulo2.jpg 984w\" sizes=\"auto, (max-width: 276px) 100vw, 276px\" \/><\/p>\n<p>Para Jos\u00e9 Renato Videira, a resposta do p\u00fablico confirma a for\u00e7a do caminho escolhido. \u201cEstamos vivendo dias muito especiais aqui na Revestir. \u00c9 emocionante ver especificadores e parceiros das revendas caminhando pelo estande, tocando as pe\u00e7as, entendendo o processo e se conectando com a ess\u00eancia da cole\u00e7\u00e3o. Nosso agradecimento sincero a todos que t\u00eam passado por aqui. Essa troca \u00e9 o que d\u00e1 sentido ao que fazemos.\u201d<\/p>\n<p>Com a feira ainda em andamento, o sentimento \u00e9 de celebra\u00e7\u00e3o e continuidade. A cada novo visitante, a cada conversa iniciada diante da mat\u00e9ria, a Cole\u00e7\u00e3o Ciclos reafirma sua proposta de criar superf\u00edcies que n\u00e3o apenas revestem espa\u00e7os, mas constroem narrativas vivas, sens\u00edveis e duradouras.<\/p>\n<p>A Expo Revestir 2026 vai at\u00e9 este dia 13 de mar\u00e7o, no Pavilh\u00e3o S\u00e3o Paulo Expo, na capital paulista, e, claro, todos s\u00e3o bem-vindos no Estande C11, onde a equipe Nina Martinelli est\u00e1 a postos para muitas trocas de experi\u00eancias interessantes.<\/p>\n<p><img loading=\"lazy\" decoding=\"async\" class=\"wp-image-3169 aligncenter\" src=\"https:\/\/ninamartinelli.com.br\/blog2\/wp-content\/uploads\/2026\/03\/estande-gente-300x200.jpg\" alt=\"\" width=\"393\" height=\"262\" srcset=\"https:\/\/ninamartinelli.com.br\/blog2\/wp-content\/uploads\/2026\/03\/estande-gente-300x200.jpg 300w, https:\/\/ninamartinelli.com.br\/blog2\/wp-content\/uploads\/2026\/03\/estande-gente-1024x683.jpg 1024w, https:\/\/ninamartinelli.com.br\/blog2\/wp-content\/uploads\/2026\/03\/estande-gente-768x512.jpg 768w, https:\/\/ninamartinelli.com.br\/blog2\/wp-content\/uploads\/2026\/03\/estande-gente.jpg 1505w\" sizes=\"auto, (max-width: 393px) 100vw, 393px\" \/><\/p>\n<p>&nbsp;<\/p>\n<p><img loading=\"lazy\" decoding=\"async\" class=\"wp-image-3172 aligncenter\" src=\"https:\/\/ninamartinelli.com.br\/blog2\/wp-content\/uploads\/2026\/03\/estande-panoramico-1-300x225.jpg\" alt=\"\" width=\"411\" height=\"308\" srcset=\"https:\/\/ninamartinelli.com.br\/blog2\/wp-content\/uploads\/2026\/03\/estande-panoramico-1-300x225.jpg 300w, https:\/\/ninamartinelli.com.br\/blog2\/wp-content\/uploads\/2026\/03\/estande-panoramico-1-1024x768.jpg 1024w, https:\/\/ninamartinelli.com.br\/blog2\/wp-content\/uploads\/2026\/03\/estande-panoramico-1-768x576.jpg 768w, https:\/\/ninamartinelli.com.br\/blog2\/wp-content\/uploads\/2026\/03\/estande-panoramico-1-1536x1152.jpg 1536w, https:\/\/ninamartinelli.com.br\/blog2\/wp-content\/uploads\/2026\/03\/estande-panoramico-1-2048x1536.jpg 2048w\" sizes=\"auto, (max-width: 411px) 100vw, 411px\" \/><\/p>\n<p><strong><em>Servi\u00e7o:<\/em><\/strong><\/p>\n<p><strong><em>Expo Revestir 2026<\/em><\/strong><\/p>\n<p><em>At\u00e9 13 de mar\u00e7o no Pavilh\u00e3o S\u00e3o Paulo Expo \u2013 S\u00e3o Paulo-capital<\/em><\/p>\n<p><em>Estande Nina \u2013 C11<\/em><\/p>\n","protected":false},"excerpt":{"rendered":"<p>Expo Revestir 2026 \u2013 O evento segue em pleno movimento, e a Nina Martinelli j\u00e1<\/p>\n","protected":false},"author":2,"featured_media":3161,"comment_status":"open","ping_status":"open","sticky":false,"template":"","format":"standard","meta":{"footnotes":""},"categories":[48,194,19,1,26,129],"tags":[45,43,98,100,168],"class_list":["post-3160","post","type-post","status-publish","format-standard","has-post-thumbnail","hentry","category-expo-revestir","category-lancamentos-2026","category-mostras-e-eventos","category-nina-martinelli","category-revestimentos","category-sustentabilidade","tag-ceramica","tag-cobogo","tag-expo-revestir","tag-lancamentos","tag-producao-artesanal"],"yoast_head":"<!-- This site is optimized with the Yoast SEO plugin v26.8 - https:\/\/yoast.com\/product\/yoast-seo-wordpress\/ -->\n<title>Expo Revestir 2026 \u2013 Nina Martinelli \u00e9 finalista do Best In Show com Cobog\u00f3 Sopro e Revestimento Brasiliano<\/title>\n<meta name=\"description\" content=\"Expo Revestir 2026 - Dois produtos lan\u00e7ados este ano est\u00e3o entre os finalistas do Best In Show, confira tamb\u00e9m o sucesso do estande !\" \/>\n<meta name=\"robots\" content=\"index, follow, max-snippet:-1, max-image-preview:large, max-video-preview:-1\" \/>\n<link rel=\"canonical\" href=\"https:\/\/ninamartinelli.com.br\/blog2\/expo-revestir-2026-nina-martinelli-e-finalista-do-best-in-show-com-cobogo-sopro-e-revestimento-brasiliano\/\" \/>\n<meta property=\"og:locale\" content=\"pt_BR\" \/>\n<meta property=\"og:type\" content=\"article\" \/>\n<meta property=\"og:title\" content=\"Expo Revestir 2026 \u2013 Nina Martinelli \u00e9 finalista do Best In Show com Cobog\u00f3 Sopro e Revestimento Brasiliano\" \/>\n<meta property=\"og:description\" content=\"Expo Revestir 2026 - Dois produtos lan\u00e7ados este ano est\u00e3o entre os finalistas do Best In Show, confira tamb\u00e9m o sucesso do estande !\" \/>\n<meta property=\"og:url\" content=\"https:\/\/ninamartinelli.com.br\/blog2\/expo-revestir-2026-nina-martinelli-e-finalista-do-best-in-show-com-cobogo-sopro-e-revestimento-brasiliano\/\" \/>\n<meta property=\"og:site_name\" content=\"Blog Nina\" \/>\n<meta property=\"article:published_time\" content=\"2026-03-11T13:44:20+00:00\" \/>\n<meta property=\"og:image\" content=\"https:\/\/ninamartinelli.com.br\/blog2\/wp-content\/uploads\/2026\/03\/brasiliano-best-in-show-finalista.jpg\" \/>\n\t<meta property=\"og:image:width\" content=\"1020\" \/>\n\t<meta property=\"og:image:height\" content=\"1529\" \/>\n\t<meta property=\"og:image:type\" content=\"image\/jpeg\" \/>\n<meta name=\"author\" content=\"Ana Maria Devides\" \/>\n<meta name=\"twitter:card\" content=\"summary_large_image\" \/>\n<meta name=\"twitter:label1\" content=\"Escrito por\" \/>\n\t<meta name=\"twitter:data1\" content=\"Ana Maria Devides\" \/>\n\t<meta name=\"twitter:label2\" content=\"Est. tempo de leitura\" \/>\n\t<meta name=\"twitter:data2\" content=\"6 minutos\" \/>\n<script type=\"application\/ld+json\" class=\"yoast-schema-graph\">{\"@context\":\"https:\/\/schema.org\",\"@graph\":[{\"@type\":\"Article\",\"@id\":\"https:\/\/ninamartinelli.com.br\/blog2\/expo-revestir-2026-nina-martinelli-e-finalista-do-best-in-show-com-cobogo-sopro-e-revestimento-brasiliano\/#article\",\"isPartOf\":{\"@id\":\"https:\/\/ninamartinelli.com.br\/blog2\/expo-revestir-2026-nina-martinelli-e-finalista-do-best-in-show-com-cobogo-sopro-e-revestimento-brasiliano\/\"},\"author\":{\"name\":\"Ana Maria Devides\",\"@id\":\"https:\/\/ninamartinelli.com.br\/blog2\/#\/schema\/person\/43fbfb1d4cbe3b472995206b2bb06df5\"},\"headline\":\"Expo Revestir 2026 \u2013 Nina Martinelli \u00e9 finalista do Best In Show com Cobog\u00f3 Sopro e Revestimento Brasiliano\",\"datePublished\":\"2026-03-11T13:44:20+00:00\",\"mainEntityOfPage\":{\"@id\":\"https:\/\/ninamartinelli.com.br\/blog2\/expo-revestir-2026-nina-martinelli-e-finalista-do-best-in-show-com-cobogo-sopro-e-revestimento-brasiliano\/\"},\"wordCount\":715,\"commentCount\":0,\"publisher\":{\"@id\":\"https:\/\/ninamartinelli.com.br\/blog2\/#organization\"},\"image\":{\"@id\":\"https:\/\/ninamartinelli.com.br\/blog2\/expo-revestir-2026-nina-martinelli-e-finalista-do-best-in-show-com-cobogo-sopro-e-revestimento-brasiliano\/#primaryimage\"},\"thumbnailUrl\":\"https:\/\/ninamartinelli.com.br\/blog2\/wp-content\/uploads\/2026\/03\/brasiliano-best-in-show-finalista.jpg\",\"keywords\":[\"ceramica\",\"cobogo\",\"expo revestir\",\"lan\u00e7amentos\",\"produ\u00e7\u00e3o artesanal\"],\"articleSection\":[\"EXPO Revestir\",\"LAN\u00c7AMENTOS 2026\",\"Mostras e Eventos\",\"Nina Martinelli\",\"Revestimentos\",\"Sustentabilidade\"],\"inLanguage\":\"pt-BR\",\"potentialAction\":[{\"@type\":\"CommentAction\",\"name\":\"Comment\",\"target\":[\"https:\/\/ninamartinelli.com.br\/blog2\/expo-revestir-2026-nina-martinelli-e-finalista-do-best-in-show-com-cobogo-sopro-e-revestimento-brasiliano\/#respond\"]}]},{\"@type\":\"WebPage\",\"@id\":\"https:\/\/ninamartinelli.com.br\/blog2\/expo-revestir-2026-nina-martinelli-e-finalista-do-best-in-show-com-cobogo-sopro-e-revestimento-brasiliano\/\",\"url\":\"https:\/\/ninamartinelli.com.br\/blog2\/expo-revestir-2026-nina-martinelli-e-finalista-do-best-in-show-com-cobogo-sopro-e-revestimento-brasiliano\/\",\"name\":\"Expo Revestir 2026 \u2013 Nina Martinelli \u00e9 finalista do Best In Show com Cobog\u00f3 Sopro e Revestimento Brasiliano\",\"isPartOf\":{\"@id\":\"https:\/\/ninamartinelli.com.br\/blog2\/#website\"},\"primaryImageOfPage\":{\"@id\":\"https:\/\/ninamartinelli.com.br\/blog2\/expo-revestir-2026-nina-martinelli-e-finalista-do-best-in-show-com-cobogo-sopro-e-revestimento-brasiliano\/#primaryimage\"},\"image\":{\"@id\":\"https:\/\/ninamartinelli.com.br\/blog2\/expo-revestir-2026-nina-martinelli-e-finalista-do-best-in-show-com-cobogo-sopro-e-revestimento-brasiliano\/#primaryimage\"},\"thumbnailUrl\":\"https:\/\/ninamartinelli.com.br\/blog2\/wp-content\/uploads\/2026\/03\/brasiliano-best-in-show-finalista.jpg\",\"datePublished\":\"2026-03-11T13:44:20+00:00\",\"description\":\"Expo Revestir 2026 - Dois produtos lan\u00e7ados este ano est\u00e3o entre os finalistas do Best In Show, confira tamb\u00e9m o sucesso do estande !\",\"breadcrumb\":{\"@id\":\"https:\/\/ninamartinelli.com.br\/blog2\/expo-revestir-2026-nina-martinelli-e-finalista-do-best-in-show-com-cobogo-sopro-e-revestimento-brasiliano\/#breadcrumb\"},\"inLanguage\":\"pt-BR\",\"potentialAction\":[{\"@type\":\"ReadAction\",\"target\":[\"https:\/\/ninamartinelli.com.br\/blog2\/expo-revestir-2026-nina-martinelli-e-finalista-do-best-in-show-com-cobogo-sopro-e-revestimento-brasiliano\/\"]}]},{\"@type\":\"ImageObject\",\"inLanguage\":\"pt-BR\",\"@id\":\"https:\/\/ninamartinelli.com.br\/blog2\/expo-revestir-2026-nina-martinelli-e-finalista-do-best-in-show-com-cobogo-sopro-e-revestimento-brasiliano\/#primaryimage\",\"url\":\"https:\/\/ninamartinelli.com.br\/blog2\/wp-content\/uploads\/2026\/03\/brasiliano-best-in-show-finalista.jpg\",\"contentUrl\":\"https:\/\/ninamartinelli.com.br\/blog2\/wp-content\/uploads\/2026\/03\/brasiliano-best-in-show-finalista.jpg\",\"width\":1020,\"height\":1529},{\"@type\":\"BreadcrumbList\",\"@id\":\"https:\/\/ninamartinelli.com.br\/blog2\/expo-revestir-2026-nina-martinelli-e-finalista-do-best-in-show-com-cobogo-sopro-e-revestimento-brasiliano\/#breadcrumb\",\"itemListElement\":[{\"@type\":\"ListItem\",\"position\":1,\"name\":\"In\u00edcio\",\"item\":\"https:\/\/ninamartinelli.com.br\/blog2\/\"},{\"@type\":\"ListItem\",\"position\":2,\"name\":\"Expo Revestir 2026 \u2013 Nina Martinelli \u00e9 finalista do Best In Show com Cobog\u00f3 Sopro e Revestimento Brasiliano\"}]},{\"@type\":\"WebSite\",\"@id\":\"https:\/\/ninamartinelli.com.br\/blog2\/#website\",\"url\":\"https:\/\/ninamartinelli.com.br\/blog2\/\",\"name\":\"Nina Martinelli\",\"description\":\"#Nina_Martinelli\",\"publisher\":{\"@id\":\"https:\/\/ninamartinelli.com.br\/blog2\/#organization\"},\"potentialAction\":[{\"@type\":\"SearchAction\",\"target\":{\"@type\":\"EntryPoint\",\"urlTemplate\":\"https:\/\/ninamartinelli.com.br\/blog2\/?s={search_term_string}\"},\"query-input\":{\"@type\":\"PropertyValueSpecification\",\"valueRequired\":true,\"valueName\":\"search_term_string\"}}],\"inLanguage\":\"pt-BR\"},{\"@type\":\"Organization\",\"@id\":\"https:\/\/ninamartinelli.com.br\/blog2\/#organization\",\"name\":\"Blog Novidades\",\"url\":\"https:\/\/ninamartinelli.com.br\/blog2\/\",\"logo\":{\"@type\":\"ImageObject\",\"inLanguage\":\"pt-BR\",\"@id\":\"https:\/\/ninamartinelli.com.br\/blog2\/#\/schema\/logo\/image\/\",\"url\":\"http:\/\/blog.ninamartinelli.com.br\/wp-content\/uploads\/2022\/03\/logo_nina_blog.png\",\"contentUrl\":\"http:\/\/blog.ninamartinelli.com.br\/wp-content\/uploads\/2022\/03\/logo_nina_blog.png\",\"width\":500,\"height\":104,\"caption\":\"Blog Novidades\"},\"image\":{\"@id\":\"https:\/\/ninamartinelli.com.br\/blog2\/#\/schema\/logo\/image\/\"}},{\"@type\":\"Person\",\"@id\":\"https:\/\/ninamartinelli.com.br\/blog2\/#\/schema\/person\/43fbfb1d4cbe3b472995206b2bb06df5\",\"name\":\"Ana Maria Devides\",\"image\":{\"@type\":\"ImageObject\",\"inLanguage\":\"pt-BR\",\"@id\":\"https:\/\/ninamartinelli.com.br\/blog2\/#\/schema\/person\/image\/\",\"url\":\"https:\/\/secure.gravatar.com\/avatar\/a03a82675d8bb3da8e5c5a6872db97be?s=96&d=mm&r=g\",\"contentUrl\":\"https:\/\/secure.gravatar.com\/avatar\/a03a82675d8bb3da8e5c5a6872db97be?s=96&d=mm&r=g\",\"caption\":\"Ana Maria Devides\"},\"url\":\"https:\/\/ninamartinelli.com.br\/blog2\/author\/assessoria-nina-martinelli\/\"}]}<\/script>\n<!-- \/ Yoast SEO plugin. -->","yoast_head_json":{"title":"Expo Revestir 2026 \u2013 Nina Martinelli \u00e9 finalista do Best In Show com Cobog\u00f3 Sopro e Revestimento Brasiliano","description":"Expo Revestir 2026 - Dois produtos lan\u00e7ados este ano est\u00e3o entre os finalistas do Best In Show, confira tamb\u00e9m o sucesso do estande !","robots":{"index":"index","follow":"follow","max-snippet":"max-snippet:-1","max-image-preview":"max-image-preview:large","max-video-preview":"max-video-preview:-1"},"canonical":"https:\/\/ninamartinelli.com.br\/blog2\/expo-revestir-2026-nina-martinelli-e-finalista-do-best-in-show-com-cobogo-sopro-e-revestimento-brasiliano\/","og_locale":"pt_BR","og_type":"article","og_title":"Expo Revestir 2026 \u2013 Nina Martinelli \u00e9 finalista do Best In Show com Cobog\u00f3 Sopro e Revestimento Brasiliano","og_description":"Expo Revestir 2026 - Dois produtos lan\u00e7ados este ano est\u00e3o entre os finalistas do Best In Show, confira tamb\u00e9m o sucesso do estande !","og_url":"https:\/\/ninamartinelli.com.br\/blog2\/expo-revestir-2026-nina-martinelli-e-finalista-do-best-in-show-com-cobogo-sopro-e-revestimento-brasiliano\/","og_site_name":"Blog Nina","article_published_time":"2026-03-11T13:44:20+00:00","og_image":[{"width":1020,"height":1529,"url":"https:\/\/ninamartinelli.com.br\/blog2\/wp-content\/uploads\/2026\/03\/brasiliano-best-in-show-finalista.jpg","type":"image\/jpeg"}],"author":"Ana Maria Devides","twitter_card":"summary_large_image","twitter_misc":{"Escrito por":"Ana Maria Devides","Est. tempo de leitura":"6 minutos"},"schema":{"@context":"https:\/\/schema.org","@graph":[{"@type":"Article","@id":"https:\/\/ninamartinelli.com.br\/blog2\/expo-revestir-2026-nina-martinelli-e-finalista-do-best-in-show-com-cobogo-sopro-e-revestimento-brasiliano\/#article","isPartOf":{"@id":"https:\/\/ninamartinelli.com.br\/blog2\/expo-revestir-2026-nina-martinelli-e-finalista-do-best-in-show-com-cobogo-sopro-e-revestimento-brasiliano\/"},"author":{"name":"Ana Maria Devides","@id":"https:\/\/ninamartinelli.com.br\/blog2\/#\/schema\/person\/43fbfb1d4cbe3b472995206b2bb06df5"},"headline":"Expo Revestir 2026 \u2013 Nina Martinelli \u00e9 finalista do Best In Show com Cobog\u00f3 Sopro e Revestimento Brasiliano","datePublished":"2026-03-11T13:44:20+00:00","mainEntityOfPage":{"@id":"https:\/\/ninamartinelli.com.br\/blog2\/expo-revestir-2026-nina-martinelli-e-finalista-do-best-in-show-com-cobogo-sopro-e-revestimento-brasiliano\/"},"wordCount":715,"commentCount":0,"publisher":{"@id":"https:\/\/ninamartinelli.com.br\/blog2\/#organization"},"image":{"@id":"https:\/\/ninamartinelli.com.br\/blog2\/expo-revestir-2026-nina-martinelli-e-finalista-do-best-in-show-com-cobogo-sopro-e-revestimento-brasiliano\/#primaryimage"},"thumbnailUrl":"https:\/\/ninamartinelli.com.br\/blog2\/wp-content\/uploads\/2026\/03\/brasiliano-best-in-show-finalista.jpg","keywords":["ceramica","cobogo","expo revestir","lan\u00e7amentos","produ\u00e7\u00e3o artesanal"],"articleSection":["EXPO Revestir","LAN\u00c7AMENTOS 2026","Mostras e Eventos","Nina Martinelli","Revestimentos","Sustentabilidade"],"inLanguage":"pt-BR","potentialAction":[{"@type":"CommentAction","name":"Comment","target":["https:\/\/ninamartinelli.com.br\/blog2\/expo-revestir-2026-nina-martinelli-e-finalista-do-best-in-show-com-cobogo-sopro-e-revestimento-brasiliano\/#respond"]}]},{"@type":"WebPage","@id":"https:\/\/ninamartinelli.com.br\/blog2\/expo-revestir-2026-nina-martinelli-e-finalista-do-best-in-show-com-cobogo-sopro-e-revestimento-brasiliano\/","url":"https:\/\/ninamartinelli.com.br\/blog2\/expo-revestir-2026-nina-martinelli-e-finalista-do-best-in-show-com-cobogo-sopro-e-revestimento-brasiliano\/","name":"Expo Revestir 2026 \u2013 Nina Martinelli \u00e9 finalista do Best In Show com Cobog\u00f3 Sopro e Revestimento Brasiliano","isPartOf":{"@id":"https:\/\/ninamartinelli.com.br\/blog2\/#website"},"primaryImageOfPage":{"@id":"https:\/\/ninamartinelli.com.br\/blog2\/expo-revestir-2026-nina-martinelli-e-finalista-do-best-in-show-com-cobogo-sopro-e-revestimento-brasiliano\/#primaryimage"},"image":{"@id":"https:\/\/ninamartinelli.com.br\/blog2\/expo-revestir-2026-nina-martinelli-e-finalista-do-best-in-show-com-cobogo-sopro-e-revestimento-brasiliano\/#primaryimage"},"thumbnailUrl":"https:\/\/ninamartinelli.com.br\/blog2\/wp-content\/uploads\/2026\/03\/brasiliano-best-in-show-finalista.jpg","datePublished":"2026-03-11T13:44:20+00:00","description":"Expo Revestir 2026 - Dois produtos lan\u00e7ados este ano est\u00e3o entre os finalistas do Best In Show, confira tamb\u00e9m o sucesso do estande !","breadcrumb":{"@id":"https:\/\/ninamartinelli.com.br\/blog2\/expo-revestir-2026-nina-martinelli-e-finalista-do-best-in-show-com-cobogo-sopro-e-revestimento-brasiliano\/#breadcrumb"},"inLanguage":"pt-BR","potentialAction":[{"@type":"ReadAction","target":["https:\/\/ninamartinelli.com.br\/blog2\/expo-revestir-2026-nina-martinelli-e-finalista-do-best-in-show-com-cobogo-sopro-e-revestimento-brasiliano\/"]}]},{"@type":"ImageObject","inLanguage":"pt-BR","@id":"https:\/\/ninamartinelli.com.br\/blog2\/expo-revestir-2026-nina-martinelli-e-finalista-do-best-in-show-com-cobogo-sopro-e-revestimento-brasiliano\/#primaryimage","url":"https:\/\/ninamartinelli.com.br\/blog2\/wp-content\/uploads\/2026\/03\/brasiliano-best-in-show-finalista.jpg","contentUrl":"https:\/\/ninamartinelli.com.br\/blog2\/wp-content\/uploads\/2026\/03\/brasiliano-best-in-show-finalista.jpg","width":1020,"height":1529},{"@type":"BreadcrumbList","@id":"https:\/\/ninamartinelli.com.br\/blog2\/expo-revestir-2026-nina-martinelli-e-finalista-do-best-in-show-com-cobogo-sopro-e-revestimento-brasiliano\/#breadcrumb","itemListElement":[{"@type":"ListItem","position":1,"name":"In\u00edcio","item":"https:\/\/ninamartinelli.com.br\/blog2\/"},{"@type":"ListItem","position":2,"name":"Expo Revestir 2026 \u2013 Nina Martinelli \u00e9 finalista do Best In Show com Cobog\u00f3 Sopro e Revestimento Brasiliano"}]},{"@type":"WebSite","@id":"https:\/\/ninamartinelli.com.br\/blog2\/#website","url":"https:\/\/ninamartinelli.com.br\/blog2\/","name":"Nina Martinelli","description":"#Nina_Martinelli","publisher":{"@id":"https:\/\/ninamartinelli.com.br\/blog2\/#organization"},"potentialAction":[{"@type":"SearchAction","target":{"@type":"EntryPoint","urlTemplate":"https:\/\/ninamartinelli.com.br\/blog2\/?s={search_term_string}"},"query-input":{"@type":"PropertyValueSpecification","valueRequired":true,"valueName":"search_term_string"}}],"inLanguage":"pt-BR"},{"@type":"Organization","@id":"https:\/\/ninamartinelli.com.br\/blog2\/#organization","name":"Blog Novidades","url":"https:\/\/ninamartinelli.com.br\/blog2\/","logo":{"@type":"ImageObject","inLanguage":"pt-BR","@id":"https:\/\/ninamartinelli.com.br\/blog2\/#\/schema\/logo\/image\/","url":"http:\/\/blog.ninamartinelli.com.br\/wp-content\/uploads\/2022\/03\/logo_nina_blog.png","contentUrl":"http:\/\/blog.ninamartinelli.com.br\/wp-content\/uploads\/2022\/03\/logo_nina_blog.png","width":500,"height":104,"caption":"Blog Novidades"},"image":{"@id":"https:\/\/ninamartinelli.com.br\/blog2\/#\/schema\/logo\/image\/"}},{"@type":"Person","@id":"https:\/\/ninamartinelli.com.br\/blog2\/#\/schema\/person\/43fbfb1d4cbe3b472995206b2bb06df5","name":"Ana Maria Devides","image":{"@type":"ImageObject","inLanguage":"pt-BR","@id":"https:\/\/ninamartinelli.com.br\/blog2\/#\/schema\/person\/image\/","url":"https:\/\/secure.gravatar.com\/avatar\/a03a82675d8bb3da8e5c5a6872db97be?s=96&d=mm&r=g","contentUrl":"https:\/\/secure.gravatar.com\/avatar\/a03a82675d8bb3da8e5c5a6872db97be?s=96&d=mm&r=g","caption":"Ana Maria Devides"},"url":"https:\/\/ninamartinelli.com.br\/blog2\/author\/assessoria-nina-martinelli\/"}]}},"_links":{"self":[{"href":"https:\/\/ninamartinelli.com.br\/blog2\/wp-json\/wp\/v2\/posts\/3160","targetHints":{"allow":["GET"]}}],"collection":[{"href":"https:\/\/ninamartinelli.com.br\/blog2\/wp-json\/wp\/v2\/posts"}],"about":[{"href":"https:\/\/ninamartinelli.com.br\/blog2\/wp-json\/wp\/v2\/types\/post"}],"author":[{"embeddable":true,"href":"https:\/\/ninamartinelli.com.br\/blog2\/wp-json\/wp\/v2\/users\/2"}],"replies":[{"embeddable":true,"href":"https:\/\/ninamartinelli.com.br\/blog2\/wp-json\/wp\/v2\/comments?post=3160"}],"version-history":[{"count":3,"href":"https:\/\/ninamartinelli.com.br\/blog2\/wp-json\/wp\/v2\/posts\/3160\/revisions"}],"predecessor-version":[{"id":3175,"href":"https:\/\/ninamartinelli.com.br\/blog2\/wp-json\/wp\/v2\/posts\/3160\/revisions\/3175"}],"wp:featuredmedia":[{"embeddable":true,"href":"https:\/\/ninamartinelli.com.br\/blog2\/wp-json\/wp\/v2\/media\/3161"}],"wp:attachment":[{"href":"https:\/\/ninamartinelli.com.br\/blog2\/wp-json\/wp\/v2\/media?parent=3160"}],"wp:term":[{"taxonomy":"category","embeddable":true,"href":"https:\/\/ninamartinelli.com.br\/blog2\/wp-json\/wp\/v2\/categories?post=3160"},{"taxonomy":"post_tag","embeddable":true,"href":"https:\/\/ninamartinelli.com.br\/blog2\/wp-json\/wp\/v2\/tags?post=3160"}],"curies":[{"name":"wp","href":"https:\/\/api.w.org\/{rel}","templated":true}]}}