{"id":3123,"date":"2026-01-28T08:30:21","date_gmt":"2026-01-28T11:30:21","guid":{"rendered":"https:\/\/ninamartinelli.com.br\/blog2\/?p=3123"},"modified":"2026-01-27T09:42:09","modified_gmt":"2026-01-27T12:42:09","slug":"estilo-proprio-ressaltado-pelo-brick-terracota-em-residencia-em-goiania","status":"publish","type":"post","link":"https:\/\/ninamartinelli.com.br\/blog2\/estilo-proprio-ressaltado-pelo-brick-terracota-em-residencia-em-goiania\/","title":{"rendered":"Estilo pr\u00f3prio, ressaltado pelo Brick Terracota em resid\u00eancia em Goi\u00e2nia"},"content":{"rendered":"<p><strong>Estilo pr\u00f3prio<\/strong> \u2013 Na capital goianiense, o jovem e talentos\u00edssimo arquiteto <a href=\"https:\/\/www.instagram.com\/arqmarcoslula\/\">Marcos Lula<\/a> abra\u00e7ou mais um dos enormes desafios que costumam cruzar seu caminho, na forma de projetos que exigem pesquisa, criatividade e muita, mas muita sensibilidade. \u00c9 o caso da Casa Scire, recentemente entregue a clientes t\u00e3o exigentes quanto diferenciados.<\/p>\n<p>Scire, como explica Marcos Lula, \u00e9 uma palavra do Latim que em portugu\u00eas significa \u201csaber\u201d, \u201cconhecimento\u201d. N\u00e3o por acaso, o nome da casa foi escolhido porque a biblioteca era um desejo central para o casal que encomendou o projeto e a obra.<\/p>\n<p>Al\u00e9m disso, ela trouxe ao arquiteto refer\u00eancias da arquitetura neocl\u00e1ssica. Ele, do estilo toscano. E Marcos, como sempre, foi estudar a base te\u00f3rica da arquitetura de cada um desses estilos, para alimentar sua inspira\u00e7\u00e3o. \u201cEncontrei os pontos onde esses dois diferentes estilos e vertentes se conectavam e criei esse projeto que n\u00e3o \u00e9 colonial, n\u00e3o \u00e9 neocl\u00e1ssico, n\u00e3o \u00e9 toscano. \u00c9 um estilo pr\u00f3prio, \u00fanico\u201d, explica ele, que projetou uma constru\u00e7\u00e3o com volumetria bem definida, grandes janelas em arco e tamb\u00e9m linhas puras e retas que combinam harmoniosamente com muitos elementos naturais.<\/p>\n<p><strong>Uma \u2018pele\u2019 em brick que agregou diferencia\u00e7\u00e3o<\/strong><\/p>\n<p>Revestindo toda a parte externa da casa aparece \u2013 e como aparece, mas com muita eleg\u00e2ncia \u2013 o <a href=\"https:\/\/ninamartinelli.com.br\/produtos\/brick-terracota\/\">Brick Terracota 7&#215;26,5cm<\/a> da Nina Martinelli. \u00c9 um verdadeiro \u00edcone do portif\u00f3lio da marca, um \u2018coringa\u2019 muito consagrado, que atravessa muitos anos como um dos queridinhos dos especificadores do Brasil.<\/p>\n<p><img loading=\"lazy\" decoding=\"async\" class=\"alignnone  wp-image-3125\" src=\"https:\/\/ninamartinelli.com.br\/blog2\/wp-content\/uploads\/2026\/01\/8-240x300.jpg\" alt=\"\" width=\"280\" height=\"350\" srcset=\"https:\/\/ninamartinelli.com.br\/blog2\/wp-content\/uploads\/2026\/01\/8-240x300.jpg 240w, https:\/\/ninamartinelli.com.br\/blog2\/wp-content\/uploads\/2026\/01\/8-819x1024.jpg 819w, https:\/\/ninamartinelli.com.br\/blog2\/wp-content\/uploads\/2026\/01\/8-768x960.jpg 768w, https:\/\/ninamartinelli.com.br\/blog2\/wp-content\/uploads\/2026\/01\/8-1024x1280.jpg 1024w, https:\/\/ninamartinelli.com.br\/blog2\/wp-content\/uploads\/2026\/01\/8.jpg 1080w\" sizes=\"auto, (max-width: 280px) 100vw, 280px\" \/>\u00a0 \u00a0 \u00a0 \u00a0 \u00a0 \u00a0 \u00a0 \u00a0 <img loading=\"lazy\" decoding=\"async\" class=\"alignnone  wp-image-3126\" src=\"https:\/\/ninamartinelli.com.br\/blog2\/wp-content\/uploads\/2026\/01\/4-1-240x300.jpg\" alt=\"\" width=\"261\" height=\"326\" srcset=\"https:\/\/ninamartinelli.com.br\/blog2\/wp-content\/uploads\/2026\/01\/4-1-240x300.jpg 240w, https:\/\/ninamartinelli.com.br\/blog2\/wp-content\/uploads\/2026\/01\/4-1-819x1024.jpg 819w, https:\/\/ninamartinelli.com.br\/blog2\/wp-content\/uploads\/2026\/01\/4-1-768x960.jpg 768w, https:\/\/ninamartinelli.com.br\/blog2\/wp-content\/uploads\/2026\/01\/4-1-1024x1280.jpg 1024w, https:\/\/ninamartinelli.com.br\/blog2\/wp-content\/uploads\/2026\/01\/4-1.jpg 1080w\" sizes=\"auto, (max-width: 261px) 100vw, 261px\" \/><\/p>\n<p>E h\u00e1 v\u00e1rias raz\u00f5es para isso. As facetas de tijolinhos desse modelo reproduzem com incr\u00edvel perfei\u00e7\u00e3o os tijolos maci\u00e7os \u2018\u00e0 vista\u2019 que realmente nunca saem de moda. A base de sua composi\u00e7\u00e3o \u00e9 em cer\u00e2mica natural, com componentes reciclados que proporcionam texturas, marcas org\u00e2nicas e aleat\u00f3rias e dimensionais. As varia\u00e7\u00f5es naturais de tons tornam cada pe\u00e7a \u00fanica e com baixa possibilidade de repeti\u00e7\u00e3o. Pode ser utilizado em \u00e1reas internas e externas.<\/p>\n<p><img loading=\"lazy\" decoding=\"async\" class=\"alignnone  wp-image-3127\" src=\"https:\/\/ninamartinelli.com.br\/blog2\/wp-content\/uploads\/2026\/01\/16-240x300.jpg\" alt=\"\" width=\"272\" height=\"340\" srcset=\"https:\/\/ninamartinelli.com.br\/blog2\/wp-content\/uploads\/2026\/01\/16-240x300.jpg 240w, https:\/\/ninamartinelli.com.br\/blog2\/wp-content\/uploads\/2026\/01\/16-819x1024.jpg 819w, https:\/\/ninamartinelli.com.br\/blog2\/wp-content\/uploads\/2026\/01\/16-768x960.jpg 768w, https:\/\/ninamartinelli.com.br\/blog2\/wp-content\/uploads\/2026\/01\/16-1024x1280.jpg 1024w, https:\/\/ninamartinelli.com.br\/blog2\/wp-content\/uploads\/2026\/01\/16.jpg 1080w\" sizes=\"auto, (max-width: 272px) 100vw, 272px\" \/>\u00a0 \u00a0 \u00a0 \u00a0 \u00a0 \u00a0 \u00a0 \u00a0 \u00a0 \u00a0 \u00a0 <img loading=\"lazy\" decoding=\"async\" class=\"alignnone  wp-image-3128\" src=\"https:\/\/ninamartinelli.com.br\/blog2\/wp-content\/uploads\/2026\/01\/12-240x300.jpg\" alt=\"\" width=\"274\" height=\"343\" srcset=\"https:\/\/ninamartinelli.com.br\/blog2\/wp-content\/uploads\/2026\/01\/12-240x300.jpg 240w, https:\/\/ninamartinelli.com.br\/blog2\/wp-content\/uploads\/2026\/01\/12-819x1024.jpg 819w, https:\/\/ninamartinelli.com.br\/blog2\/wp-content\/uploads\/2026\/01\/12-768x960.jpg 768w, https:\/\/ninamartinelli.com.br\/blog2\/wp-content\/uploads\/2026\/01\/12-1024x1280.jpg 1024w, https:\/\/ninamartinelli.com.br\/blog2\/wp-content\/uploads\/2026\/01\/12.jpg 1080w\" sizes=\"auto, (max-width: 274px) 100vw, 274px\" \/><\/p>\n<p>\u201cDesde o in\u00edcio do desenvolvimento do projeto, o Brick Terracota seria uma \u00f3tima resposta ao conceito que criamos, pois, do ponto de vista construtivo atual, seria praticamente imposs\u00edvel erguer uma casa desse porte com tijolos maci\u00e7os e os clientes foram super receptivos quando optamos por utilizar as facetas da Nina Martinelli\u201d, explica o arquiteto.<\/p>\n<p>Marcos lembra tamb\u00e9m que os clientes desejavam uma casa com \u2018cara de casa\u2019, que evocasse mem\u00f3ria e afeto. \u201cTanto que no condom\u00ednio onde fica o im\u00f3vel, esse \u00e9 o \u00fanico que tem telhado aparente. Essas e outras caracter\u00edsticas diferenciam totalmente a casa nesse local\u201d, diz o profissional.<\/p>\n<p>Todos amaram o resultado, segundo Marcos. \u201cN\u00f3s amamos, os clientes tamb\u00e9m, e percebemos que conseguimos realmente a atmosfera proposta no conceito do projeto, fruto de muito estudo e pesquisa\u201d, conclui.<\/p>\n<p>O Brick Terracota foi adquirido para essa obra t\u00e3o especial na revenda parceira <a href=\"https:\/\/www.instagram.com\/viva.revestimentos\/\">Viv\u00e1 Revestimentos<\/a>, uma refer\u00eancia em acabamentos diferenciados e de alta qualidade em Goi\u00e2nia.<\/p>\n<p><strong>Servi\u00e7o:<\/strong><\/p>\n<p><strong>Estilo pr\u00f3prio \u2013 Resid\u00eancia de alto padr\u00e3o em Goi\u00e2nia-GO<\/strong><\/p>\n<p><strong>Produto<\/strong>: Brick Terracota 7&#215;26,5cm<\/p>\n<p><strong>Projeto:<\/strong> Marcos Lula<\/p>\n<p><strong>Instagram:<\/strong> @arqmarcoslula<\/p>\n<p><strong>Imagens:<\/strong> v\u00eddeo de acervo do escrit\u00f3rio<\/p>\n<p>Revenda parceira: Viv\u00e1 Revestimentos \u2013 Goi\u00e2nia<\/p>\n<p>Instagram: @vivarevestimentos<\/p>\n","protected":false},"excerpt":{"rendered":"<p>Estilo pr\u00f3prio \u2013 Na capital goianiense, o jovem e talentos\u00edssimo arquiteto Marcos Lula abra\u00e7ou mais<\/p>\n","protected":false},"author":2,"featured_media":3124,"comment_status":"open","ping_status":"open","sticky":false,"template":"","format":"standard","meta":{"footnotes":""},"categories":[59,16,1,129],"tags":[39,50,66,168,15,131,63],"class_list":["post-3123","post","type-post","status-publish","format-standard","has-post-thumbnail","hentry","category-ceramica","category-colezione-brick","category-nina-martinelli","category-sustentabilidade","tag-area-externa","tag-bricks","tag-fachada","tag-producao-artesanal","tag-revestimento-brick","tag-sustentabilidade","tag-tijolinho"],"yoast_head":"<!-- This site is optimized with the Yoast SEO plugin v26.8 - https:\/\/yoast.com\/product\/yoast-seo-wordpress\/ -->\n<title>Estilo pr\u00f3prio, ressaltado pelo Brick Terracota em resid\u00eancia em Goi\u00e2nia<\/title>\n<meta name=\"description\" content=\"Estilo pr\u00f3prio - conhe\u00e7a a Casa Scire, inspirada no conhecimento, em vertentes arquitet\u00f4nicas neocl\u00e1ssicas e toscanas com muita personalidade\" \/>\n<meta name=\"robots\" content=\"index, follow, max-snippet:-1, max-image-preview:large, max-video-preview:-1\" \/>\n<link rel=\"canonical\" href=\"https:\/\/ninamartinelli.com.br\/blog2\/estilo-proprio-ressaltado-pelo-brick-terracota-em-residencia-em-goiania\/\" \/>\n<meta property=\"og:locale\" content=\"pt_BR\" \/>\n<meta property=\"og:type\" content=\"article\" \/>\n<meta property=\"og:title\" content=\"Estilo pr\u00f3prio, ressaltado pelo Brick Terracota em resid\u00eancia em Goi\u00e2nia\" \/>\n<meta property=\"og:description\" content=\"Estilo pr\u00f3prio - conhe\u00e7a a Casa Scire, inspirada no conhecimento, em vertentes arquitet\u00f4nicas neocl\u00e1ssicas e toscanas com muita personalidade\" \/>\n<meta property=\"og:url\" content=\"https:\/\/ninamartinelli.com.br\/blog2\/estilo-proprio-ressaltado-pelo-brick-terracota-em-residencia-em-goiania\/\" \/>\n<meta property=\"og:site_name\" content=\"Blog Nina\" \/>\n<meta property=\"article:published_time\" content=\"2026-01-28T11:30:21+00:00\" \/>\n<meta property=\"og:image\" content=\"https:\/\/ninamartinelli.com.br\/blog2\/wp-content\/uploads\/2026\/01\/10.jpg\" \/>\n\t<meta property=\"og:image:width\" content=\"1080\" \/>\n\t<meta property=\"og:image:height\" content=\"1350\" \/>\n\t<meta property=\"og:image:type\" content=\"image\/jpeg\" \/>\n<meta name=\"author\" content=\"Ana Maria Devides\" \/>\n<meta name=\"twitter:card\" content=\"summary_large_image\" \/>\n<meta name=\"twitter:label1\" content=\"Escrito por\" \/>\n\t<meta name=\"twitter:data1\" content=\"Ana Maria Devides\" \/>\n\t<meta name=\"twitter:label2\" content=\"Est. tempo de leitura\" \/>\n\t<meta name=\"twitter:data2\" content=\"4 minutos\" \/>\n<script type=\"application\/ld+json\" class=\"yoast-schema-graph\">{\"@context\":\"https:\/\/schema.org\",\"@graph\":[{\"@type\":\"Article\",\"@id\":\"https:\/\/ninamartinelli.com.br\/blog2\/estilo-proprio-ressaltado-pelo-brick-terracota-em-residencia-em-goiania\/#article\",\"isPartOf\":{\"@id\":\"https:\/\/ninamartinelli.com.br\/blog2\/estilo-proprio-ressaltado-pelo-brick-terracota-em-residencia-em-goiania\/\"},\"author\":{\"name\":\"Ana Maria Devides\",\"@id\":\"https:\/\/ninamartinelli.com.br\/blog2\/#\/schema\/person\/43fbfb1d4cbe3b472995206b2bb06df5\"},\"headline\":\"Estilo pr\u00f3prio, ressaltado pelo Brick Terracota em resid\u00eancia em Goi\u00e2nia\",\"datePublished\":\"2026-01-28T11:30:21+00:00\",\"mainEntityOfPage\":{\"@id\":\"https:\/\/ninamartinelli.com.br\/blog2\/estilo-proprio-ressaltado-pelo-brick-terracota-em-residencia-em-goiania\/\"},\"wordCount\":555,\"commentCount\":0,\"publisher\":{\"@id\":\"https:\/\/ninamartinelli.com.br\/blog2\/#organization\"},\"image\":{\"@id\":\"https:\/\/ninamartinelli.com.br\/blog2\/estilo-proprio-ressaltado-pelo-brick-terracota-em-residencia-em-goiania\/#primaryimage\"},\"thumbnailUrl\":\"https:\/\/ninamartinelli.com.br\/blog2\/wp-content\/uploads\/2026\/01\/10.jpg\",\"keywords\":[\"area externa\",\"bricks\",\"fachada\",\"produ\u00e7\u00e3o artesanal\",\"Revestimento Brick\",\"Sustentabilidade\",\"tijolinho\"],\"articleSection\":[\"Cer\u00e2mica\",\"Colezione Brick\",\"Nina Martinelli\",\"Sustentabilidade\"],\"inLanguage\":\"pt-BR\",\"potentialAction\":[{\"@type\":\"CommentAction\",\"name\":\"Comment\",\"target\":[\"https:\/\/ninamartinelli.com.br\/blog2\/estilo-proprio-ressaltado-pelo-brick-terracota-em-residencia-em-goiania\/#respond\"]}]},{\"@type\":\"WebPage\",\"@id\":\"https:\/\/ninamartinelli.com.br\/blog2\/estilo-proprio-ressaltado-pelo-brick-terracota-em-residencia-em-goiania\/\",\"url\":\"https:\/\/ninamartinelli.com.br\/blog2\/estilo-proprio-ressaltado-pelo-brick-terracota-em-residencia-em-goiania\/\",\"name\":\"Estilo pr\u00f3prio, ressaltado pelo Brick Terracota em resid\u00eancia em Goi\u00e2nia\",\"isPartOf\":{\"@id\":\"https:\/\/ninamartinelli.com.br\/blog2\/#website\"},\"primaryImageOfPage\":{\"@id\":\"https:\/\/ninamartinelli.com.br\/blog2\/estilo-proprio-ressaltado-pelo-brick-terracota-em-residencia-em-goiania\/#primaryimage\"},\"image\":{\"@id\":\"https:\/\/ninamartinelli.com.br\/blog2\/estilo-proprio-ressaltado-pelo-brick-terracota-em-residencia-em-goiania\/#primaryimage\"},\"thumbnailUrl\":\"https:\/\/ninamartinelli.com.br\/blog2\/wp-content\/uploads\/2026\/01\/10.jpg\",\"datePublished\":\"2026-01-28T11:30:21+00:00\",\"description\":\"Estilo pr\u00f3prio - conhe\u00e7a a Casa Scire, inspirada no conhecimento, em vertentes arquitet\u00f4nicas neocl\u00e1ssicas e toscanas com muita personalidade\",\"breadcrumb\":{\"@id\":\"https:\/\/ninamartinelli.com.br\/blog2\/estilo-proprio-ressaltado-pelo-brick-terracota-em-residencia-em-goiania\/#breadcrumb\"},\"inLanguage\":\"pt-BR\",\"potentialAction\":[{\"@type\":\"ReadAction\",\"target\":[\"https:\/\/ninamartinelli.com.br\/blog2\/estilo-proprio-ressaltado-pelo-brick-terracota-em-residencia-em-goiania\/\"]}]},{\"@type\":\"ImageObject\",\"inLanguage\":\"pt-BR\",\"@id\":\"https:\/\/ninamartinelli.com.br\/blog2\/estilo-proprio-ressaltado-pelo-brick-terracota-em-residencia-em-goiania\/#primaryimage\",\"url\":\"https:\/\/ninamartinelli.com.br\/blog2\/wp-content\/uploads\/2026\/01\/10.jpg\",\"contentUrl\":\"https:\/\/ninamartinelli.com.br\/blog2\/wp-content\/uploads\/2026\/01\/10.jpg\",\"width\":1080,\"height\":1350},{\"@type\":\"BreadcrumbList\",\"@id\":\"https:\/\/ninamartinelli.com.br\/blog2\/estilo-proprio-ressaltado-pelo-brick-terracota-em-residencia-em-goiania\/#breadcrumb\",\"itemListElement\":[{\"@type\":\"ListItem\",\"position\":1,\"name\":\"In\u00edcio\",\"item\":\"https:\/\/ninamartinelli.com.br\/blog2\/\"},{\"@type\":\"ListItem\",\"position\":2,\"name\":\"Estilo pr\u00f3prio, ressaltado pelo Brick Terracota em resid\u00eancia em Goi\u00e2nia\"}]},{\"@type\":\"WebSite\",\"@id\":\"https:\/\/ninamartinelli.com.br\/blog2\/#website\",\"url\":\"https:\/\/ninamartinelli.com.br\/blog2\/\",\"name\":\"Nina Martinelli\",\"description\":\"#Nina_Martinelli\",\"publisher\":{\"@id\":\"https:\/\/ninamartinelli.com.br\/blog2\/#organization\"},\"potentialAction\":[{\"@type\":\"SearchAction\",\"target\":{\"@type\":\"EntryPoint\",\"urlTemplate\":\"https:\/\/ninamartinelli.com.br\/blog2\/?s={search_term_string}\"},\"query-input\":{\"@type\":\"PropertyValueSpecification\",\"valueRequired\":true,\"valueName\":\"search_term_string\"}}],\"inLanguage\":\"pt-BR\"},{\"@type\":\"Organization\",\"@id\":\"https:\/\/ninamartinelli.com.br\/blog2\/#organization\",\"name\":\"Blog Novidades\",\"url\":\"https:\/\/ninamartinelli.com.br\/blog2\/\",\"logo\":{\"@type\":\"ImageObject\",\"inLanguage\":\"pt-BR\",\"@id\":\"https:\/\/ninamartinelli.com.br\/blog2\/#\/schema\/logo\/image\/\",\"url\":\"http:\/\/blog.ninamartinelli.com.br\/wp-content\/uploads\/2022\/03\/logo_nina_blog.png\",\"contentUrl\":\"http:\/\/blog.ninamartinelli.com.br\/wp-content\/uploads\/2022\/03\/logo_nina_blog.png\",\"width\":500,\"height\":104,\"caption\":\"Blog Novidades\"},\"image\":{\"@id\":\"https:\/\/ninamartinelli.com.br\/blog2\/#\/schema\/logo\/image\/\"}},{\"@type\":\"Person\",\"@id\":\"https:\/\/ninamartinelli.com.br\/blog2\/#\/schema\/person\/43fbfb1d4cbe3b472995206b2bb06df5\",\"name\":\"Ana Maria Devides\",\"image\":{\"@type\":\"ImageObject\",\"inLanguage\":\"pt-BR\",\"@id\":\"https:\/\/ninamartinelli.com.br\/blog2\/#\/schema\/person\/image\/\",\"url\":\"https:\/\/secure.gravatar.com\/avatar\/a03a82675d8bb3da8e5c5a6872db97be?s=96&d=mm&r=g\",\"contentUrl\":\"https:\/\/secure.gravatar.com\/avatar\/a03a82675d8bb3da8e5c5a6872db97be?s=96&d=mm&r=g\",\"caption\":\"Ana Maria Devides\"},\"url\":\"https:\/\/ninamartinelli.com.br\/blog2\/author\/assessoria-nina-martinelli\/\"}]}<\/script>\n<!-- \/ Yoast SEO plugin. -->","yoast_head_json":{"title":"Estilo pr\u00f3prio, ressaltado pelo Brick Terracota em resid\u00eancia em Goi\u00e2nia","description":"Estilo pr\u00f3prio - conhe\u00e7a a Casa Scire, inspirada no conhecimento, em vertentes arquitet\u00f4nicas neocl\u00e1ssicas e toscanas com muita personalidade","robots":{"index":"index","follow":"follow","max-snippet":"max-snippet:-1","max-image-preview":"max-image-preview:large","max-video-preview":"max-video-preview:-1"},"canonical":"https:\/\/ninamartinelli.com.br\/blog2\/estilo-proprio-ressaltado-pelo-brick-terracota-em-residencia-em-goiania\/","og_locale":"pt_BR","og_type":"article","og_title":"Estilo pr\u00f3prio, ressaltado pelo Brick Terracota em resid\u00eancia em Goi\u00e2nia","og_description":"Estilo pr\u00f3prio - conhe\u00e7a a Casa Scire, inspirada no conhecimento, em vertentes arquitet\u00f4nicas neocl\u00e1ssicas e toscanas com muita personalidade","og_url":"https:\/\/ninamartinelli.com.br\/blog2\/estilo-proprio-ressaltado-pelo-brick-terracota-em-residencia-em-goiania\/","og_site_name":"Blog Nina","article_published_time":"2026-01-28T11:30:21+00:00","og_image":[{"width":1080,"height":1350,"url":"https:\/\/ninamartinelli.com.br\/blog2\/wp-content\/uploads\/2026\/01\/10.jpg","type":"image\/jpeg"}],"author":"Ana Maria Devides","twitter_card":"summary_large_image","twitter_misc":{"Escrito por":"Ana Maria Devides","Est. tempo de leitura":"4 minutos"},"schema":{"@context":"https:\/\/schema.org","@graph":[{"@type":"Article","@id":"https:\/\/ninamartinelli.com.br\/blog2\/estilo-proprio-ressaltado-pelo-brick-terracota-em-residencia-em-goiania\/#article","isPartOf":{"@id":"https:\/\/ninamartinelli.com.br\/blog2\/estilo-proprio-ressaltado-pelo-brick-terracota-em-residencia-em-goiania\/"},"author":{"name":"Ana Maria Devides","@id":"https:\/\/ninamartinelli.com.br\/blog2\/#\/schema\/person\/43fbfb1d4cbe3b472995206b2bb06df5"},"headline":"Estilo pr\u00f3prio, ressaltado pelo Brick Terracota em resid\u00eancia em Goi\u00e2nia","datePublished":"2026-01-28T11:30:21+00:00","mainEntityOfPage":{"@id":"https:\/\/ninamartinelli.com.br\/blog2\/estilo-proprio-ressaltado-pelo-brick-terracota-em-residencia-em-goiania\/"},"wordCount":555,"commentCount":0,"publisher":{"@id":"https:\/\/ninamartinelli.com.br\/blog2\/#organization"},"image":{"@id":"https:\/\/ninamartinelli.com.br\/blog2\/estilo-proprio-ressaltado-pelo-brick-terracota-em-residencia-em-goiania\/#primaryimage"},"thumbnailUrl":"https:\/\/ninamartinelli.com.br\/blog2\/wp-content\/uploads\/2026\/01\/10.jpg","keywords":["area externa","bricks","fachada","produ\u00e7\u00e3o artesanal","Revestimento Brick","Sustentabilidade","tijolinho"],"articleSection":["Cer\u00e2mica","Colezione Brick","Nina Martinelli","Sustentabilidade"],"inLanguage":"pt-BR","potentialAction":[{"@type":"CommentAction","name":"Comment","target":["https:\/\/ninamartinelli.com.br\/blog2\/estilo-proprio-ressaltado-pelo-brick-terracota-em-residencia-em-goiania\/#respond"]}]},{"@type":"WebPage","@id":"https:\/\/ninamartinelli.com.br\/blog2\/estilo-proprio-ressaltado-pelo-brick-terracota-em-residencia-em-goiania\/","url":"https:\/\/ninamartinelli.com.br\/blog2\/estilo-proprio-ressaltado-pelo-brick-terracota-em-residencia-em-goiania\/","name":"Estilo pr\u00f3prio, ressaltado pelo Brick Terracota em resid\u00eancia em Goi\u00e2nia","isPartOf":{"@id":"https:\/\/ninamartinelli.com.br\/blog2\/#website"},"primaryImageOfPage":{"@id":"https:\/\/ninamartinelli.com.br\/blog2\/estilo-proprio-ressaltado-pelo-brick-terracota-em-residencia-em-goiania\/#primaryimage"},"image":{"@id":"https:\/\/ninamartinelli.com.br\/blog2\/estilo-proprio-ressaltado-pelo-brick-terracota-em-residencia-em-goiania\/#primaryimage"},"thumbnailUrl":"https:\/\/ninamartinelli.com.br\/blog2\/wp-content\/uploads\/2026\/01\/10.jpg","datePublished":"2026-01-28T11:30:21+00:00","description":"Estilo pr\u00f3prio - conhe\u00e7a a Casa Scire, inspirada no conhecimento, em vertentes arquitet\u00f4nicas neocl\u00e1ssicas e toscanas com muita personalidade","breadcrumb":{"@id":"https:\/\/ninamartinelli.com.br\/blog2\/estilo-proprio-ressaltado-pelo-brick-terracota-em-residencia-em-goiania\/#breadcrumb"},"inLanguage":"pt-BR","potentialAction":[{"@type":"ReadAction","target":["https:\/\/ninamartinelli.com.br\/blog2\/estilo-proprio-ressaltado-pelo-brick-terracota-em-residencia-em-goiania\/"]}]},{"@type":"ImageObject","inLanguage":"pt-BR","@id":"https:\/\/ninamartinelli.com.br\/blog2\/estilo-proprio-ressaltado-pelo-brick-terracota-em-residencia-em-goiania\/#primaryimage","url":"https:\/\/ninamartinelli.com.br\/blog2\/wp-content\/uploads\/2026\/01\/10.jpg","contentUrl":"https:\/\/ninamartinelli.com.br\/blog2\/wp-content\/uploads\/2026\/01\/10.jpg","width":1080,"height":1350},{"@type":"BreadcrumbList","@id":"https:\/\/ninamartinelli.com.br\/blog2\/estilo-proprio-ressaltado-pelo-brick-terracota-em-residencia-em-goiania\/#breadcrumb","itemListElement":[{"@type":"ListItem","position":1,"name":"In\u00edcio","item":"https:\/\/ninamartinelli.com.br\/blog2\/"},{"@type":"ListItem","position":2,"name":"Estilo pr\u00f3prio, ressaltado pelo Brick Terracota em resid\u00eancia em Goi\u00e2nia"}]},{"@type":"WebSite","@id":"https:\/\/ninamartinelli.com.br\/blog2\/#website","url":"https:\/\/ninamartinelli.com.br\/blog2\/","name":"Nina Martinelli","description":"#Nina_Martinelli","publisher":{"@id":"https:\/\/ninamartinelli.com.br\/blog2\/#organization"},"potentialAction":[{"@type":"SearchAction","target":{"@type":"EntryPoint","urlTemplate":"https:\/\/ninamartinelli.com.br\/blog2\/?s={search_term_string}"},"query-input":{"@type":"PropertyValueSpecification","valueRequired":true,"valueName":"search_term_string"}}],"inLanguage":"pt-BR"},{"@type":"Organization","@id":"https:\/\/ninamartinelli.com.br\/blog2\/#organization","name":"Blog Novidades","url":"https:\/\/ninamartinelli.com.br\/blog2\/","logo":{"@type":"ImageObject","inLanguage":"pt-BR","@id":"https:\/\/ninamartinelli.com.br\/blog2\/#\/schema\/logo\/image\/","url":"http:\/\/blog.ninamartinelli.com.br\/wp-content\/uploads\/2022\/03\/logo_nina_blog.png","contentUrl":"http:\/\/blog.ninamartinelli.com.br\/wp-content\/uploads\/2022\/03\/logo_nina_blog.png","width":500,"height":104,"caption":"Blog Novidades"},"image":{"@id":"https:\/\/ninamartinelli.com.br\/blog2\/#\/schema\/logo\/image\/"}},{"@type":"Person","@id":"https:\/\/ninamartinelli.com.br\/blog2\/#\/schema\/person\/43fbfb1d4cbe3b472995206b2bb06df5","name":"Ana Maria Devides","image":{"@type":"ImageObject","inLanguage":"pt-BR","@id":"https:\/\/ninamartinelli.com.br\/blog2\/#\/schema\/person\/image\/","url":"https:\/\/secure.gravatar.com\/avatar\/a03a82675d8bb3da8e5c5a6872db97be?s=96&d=mm&r=g","contentUrl":"https:\/\/secure.gravatar.com\/avatar\/a03a82675d8bb3da8e5c5a6872db97be?s=96&d=mm&r=g","caption":"Ana Maria Devides"},"url":"https:\/\/ninamartinelli.com.br\/blog2\/author\/assessoria-nina-martinelli\/"}]}},"_links":{"self":[{"href":"https:\/\/ninamartinelli.com.br\/blog2\/wp-json\/wp\/v2\/posts\/3123","targetHints":{"allow":["GET"]}}],"collection":[{"href":"https:\/\/ninamartinelli.com.br\/blog2\/wp-json\/wp\/v2\/posts"}],"about":[{"href":"https:\/\/ninamartinelli.com.br\/blog2\/wp-json\/wp\/v2\/types\/post"}],"author":[{"embeddable":true,"href":"https:\/\/ninamartinelli.com.br\/blog2\/wp-json\/wp\/v2\/users\/2"}],"replies":[{"embeddable":true,"href":"https:\/\/ninamartinelli.com.br\/blog2\/wp-json\/wp\/v2\/comments?post=3123"}],"version-history":[{"count":1,"href":"https:\/\/ninamartinelli.com.br\/blog2\/wp-json\/wp\/v2\/posts\/3123\/revisions"}],"predecessor-version":[{"id":3129,"href":"https:\/\/ninamartinelli.com.br\/blog2\/wp-json\/wp\/v2\/posts\/3123\/revisions\/3129"}],"wp:featuredmedia":[{"embeddable":true,"href":"https:\/\/ninamartinelli.com.br\/blog2\/wp-json\/wp\/v2\/media\/3124"}],"wp:attachment":[{"href":"https:\/\/ninamartinelli.com.br\/blog2\/wp-json\/wp\/v2\/media?parent=3123"}],"wp:term":[{"taxonomy":"category","embeddable":true,"href":"https:\/\/ninamartinelli.com.br\/blog2\/wp-json\/wp\/v2\/categories?post=3123"},{"taxonomy":"post_tag","embeddable":true,"href":"https:\/\/ninamartinelli.com.br\/blog2\/wp-json\/wp\/v2\/tags?post=3123"}],"curies":[{"name":"wp","href":"https:\/\/api.w.org\/{rel}","templated":true}]}}