{"id":3116,"date":"2026-01-21T08:30:40","date_gmt":"2026-01-21T11:30:40","guid":{"rendered":"https:\/\/ninamartinelli.com.br\/blog2\/?p=3116"},"modified":"2026-01-20T10:43:44","modified_gmt":"2026-01-20T13:43:44","slug":"do-passado-ao-presente-com-afeto-ceramica-scortese-rosso-da-nina-martinelli-numa-casa-dos-anos-1960-em-bh","status":"publish","type":"post","link":"https:\/\/ninamartinelli.com.br\/blog2\/do-passado-ao-presente-com-afeto-ceramica-scortese-rosso-da-nina-martinelli-numa-casa-dos-anos-1960-em-bh\/","title":{"rendered":"Do passado ao presente, com afeto: cer\u00e2mica Scortese Rosso da Nina Martinelli numa casa dos anos 1960 em BH"},"content":{"rendered":"<p>Do passado ao presente &#8211; Reformar uma casa dos anos 1960 \u00e9 sempre um exerc\u00edcio de escuta. Escutar o que a arquitetura original pede, o que o tempo deixou de bonito e o que a vida atual exige de novo.<\/p>\n<p>E foi exatamente isso que aconteceu nessa bela casa no bairro Floresta, em Belo Horizonte. Uma daquelas casas cheias de mem\u00f3ria, com c\u00f4modos amplos, janelas originais generosas, grades ornamentais cheias de desenho, arm\u00e1rios embutidos de madeira ainda firmes, e um bom quintal nos fundos, daqueles que pedem para virar o cora\u00e7\u00e3o da casa.<\/p>\n<p>A miss\u00e3o de trazer esse im\u00f3vel de volta \u00e0 vida foi entregue \u00e0 arquiteta <a href=\"https:\/\/www.instagram.com\/lore.arquitetura\/\">Lorena Soares<\/a>. O pedido dos clientes a ela era claro: transformar o quintal em uma \u00e1rea gourmet acolhedora, sem apagar a alma da constru\u00e7\u00e3o. E a\u00ed entra uma decis\u00e3o que muda tudo numa reforma como essa: o piso.<\/p>\n<p>Antes, o espa\u00e7o tinha ard\u00f3sia na parede do fundo, telhado baixo de amianto e ard\u00f3sia tamb\u00e9m no piso. Tudo escuro, pesado, pouco convidativo. A solu\u00e7\u00e3o come\u00e7ou pelas paredes.<\/p>\n<p>As superf\u00edcies antigas foram cobertas com tijolinho de olaria clarinho, assentado por cima mesmo, uma escolha inteligente que economiza tempo, reduz res\u00edduos e ainda cria aquele efeito lindo de tijolo aparente no espa\u00e7o coberto.<\/p>\n<p>O telhado tamb\u00e9m precisava respirar. O amianto deu lugar a uma estrutura de madeira, com altura adequada e telhas cer\u00e2micas brancas, trazendo mais conforto t\u00e9rmico e visual. Mas foi no piso que o projeto encontrou sua assinatura mais sens\u00edvel.<\/p>\n<p><strong>Um \u2018p\u00e1tio\u2019 convidativo como antigamente<\/strong><\/p>\n<p>A ard\u00f3sia saiu de cena para dar espa\u00e7o \u00e0 cer\u00e2mica natural <a href=\"https:\/\/ninamartinelli.com.br\/produtos\/scortese-rosso\/\">Scortese Rosso<\/a>, da Nina Martinelli. A famosa \u201clajotinha\u201d, feita de cer\u00e2mica natural, que conjuga beleza, versatilidade e resist\u00eancia como poucas.<\/p>\n<p>Produzida artesanalmente, pe\u00e7a a pe\u00e7a, ela tem esse poder raro de nos transportar. Lembra quintais, p\u00e1tios, terra\u00e7os e varandas de antigamente, mas conversa perfeitamente com os espa\u00e7os contempor\u00e2neos, acolhedores, r\u00fasticos e cheios de personalidade.<\/p>\n<p>Lorena ousou especificando o modelo em duas dimens\u00f5es, 11,5 x 24 cm e 11,5 x 11,5 cm, criando uma pagina\u00e7\u00e3o criativa que remete \u00e0 escama de peixe nas \u00e1reas mais planas. Um desenho que n\u00e3o \u00e9 \u00f3bvio, mas tamb\u00e9m n\u00e3o grita. Ele conduz o olhar, aquece o ambiente e dialoga lindamente com o tijolo aparente.<\/p>\n<p>Na escada que leva ao patamar mais alto, a pagina\u00e7\u00e3o muda. As lajotas entram alinhadas verticalmente, e um detalhe faz toda a diferen\u00e7a: os degraus e laterais da escada tamb\u00e9m s\u00e3o revestidos com a cer\u00e2mica.<\/p>\n<p><img loading=\"lazy\" decoding=\"async\" class=\"alignnone  wp-image-3118\" src=\"https:\/\/ninamartinelli.com.br\/blog2\/wp-content\/uploads\/2026\/01\/7-240x300.jpg\" alt=\"\" width=\"305\" height=\"381\" srcset=\"https:\/\/ninamartinelli.com.br\/blog2\/wp-content\/uploads\/2026\/01\/7-240x300.jpg 240w, https:\/\/ninamartinelli.com.br\/blog2\/wp-content\/uploads\/2026\/01\/7-819x1024.jpg 819w, https:\/\/ninamartinelli.com.br\/blog2\/wp-content\/uploads\/2026\/01\/7-768x960.jpg 768w, https:\/\/ninamartinelli.com.br\/blog2\/wp-content\/uploads\/2026\/01\/7-1024x1280.jpg 1024w, https:\/\/ninamartinelli.com.br\/blog2\/wp-content\/uploads\/2026\/01\/7.jpg 1080w\" sizes=\"auto, (max-width: 305px) 100vw, 305px\" \/>\u00a0 \u00a0 \u00a0 \u00a0 \u00a0 \u00a0 \u00a0 \u00a0 \u00a0 \u00a0 \u00a0 \u00a0 \u00a0 \u00a0 <img loading=\"lazy\" decoding=\"async\" class=\"alignnone  wp-image-3119\" src=\"https:\/\/ninamartinelli.com.br\/blog2\/wp-content\/uploads\/2026\/01\/2-240x300.jpg\" alt=\"\" width=\"305\" height=\"381\" srcset=\"https:\/\/ninamartinelli.com.br\/blog2\/wp-content\/uploads\/2026\/01\/2-240x300.jpg 240w, https:\/\/ninamartinelli.com.br\/blog2\/wp-content\/uploads\/2026\/01\/2-819x1024.jpg 819w, https:\/\/ninamartinelli.com.br\/blog2\/wp-content\/uploads\/2026\/01\/2-768x960.jpg 768w, https:\/\/ninamartinelli.com.br\/blog2\/wp-content\/uploads\/2026\/01\/2-1024x1280.jpg 1024w, https:\/\/ninamartinelli.com.br\/blog2\/wp-content\/uploads\/2026\/01\/2.jpg 1080w\" sizes=\"auto, (max-width: 305px) 100vw, 305px\" \/><\/p>\n<p>J\u00e1 os espelhos dos degraus ganharam um toque absolutamente afetivo. O pr\u00f3prio cliente garimpou azulejos antigos decorados em um verdadeiro \u201ccemit\u00e9rio de azulejos\u201d e escolheu us\u00e1-los ali. Um gesto que imprime hist\u00f3ria, mem\u00f3ria e participa\u00e7\u00e3o direta na obra. \u201cE sim, isso enriquece ainda mais qualquer projeto\u201d, afirma Lorena.<\/p>\n<p>Nas laterais da escada e de um banco de concreto, com assento em granilite, e tamb\u00e9m na estrutura que funciona como floreira ou minijardim, a pagina\u00e7\u00e3o escolhida foi a alinhada horizontal.<\/p>\n<p>O encontro do granilite com o tom avermelhado da lajotinha Scortese Rosso \u00e9 daqueles que surpreendem pela simplicidade e pela for\u00e7a. Concreto e cer\u00e2mica conversando sem disputa, cada um valorizando o outro.<\/p>\n<p>Para completar, o espa\u00e7o ganhou ainda mais vida com uma ducha externa, instalada sobre um painel de pastilhas quadriculadas. Um detalhe que parece pequeno, mas transforma completamente a experi\u00eancia do lugar. A \u00e1rea gourmet deixa de ser s\u00f3 cen\u00e1rio e passa a ser vivida.<\/p>\n<p>A lajotinha em cer\u00e2mica natural Scortese Rosso em uma reforma como essa \u00e9 defender escolhas que fazem sentido. \u00c9 entender que materiais n\u00e3o s\u00e3o apenas acabamento. Eles contam hist\u00f3rias, criam atmosferas e constroem pertencimento. Em uma especial assim, n\u00e3o poderia ser diferente. Nessa obra, a lajotinha n\u00e3o \u00e9 tend\u00eancia. Ela \u00e9 continuidade. Ela \u00e9 mem\u00f3ria atualizada. Ela \u00e9 casa.<\/p>\n<p><img loading=\"lazy\" decoding=\"async\" class=\"wp-image-3120 aligncenter\" src=\"https:\/\/ninamartinelli.com.br\/blog2\/wp-content\/uploads\/2026\/01\/6-240x300.jpg\" alt=\"\" width=\"314\" height=\"393\" srcset=\"https:\/\/ninamartinelli.com.br\/blog2\/wp-content\/uploads\/2026\/01\/6-240x300.jpg 240w, https:\/\/ninamartinelli.com.br\/blog2\/wp-content\/uploads\/2026\/01\/6-819x1024.jpg 819w, https:\/\/ninamartinelli.com.br\/blog2\/wp-content\/uploads\/2026\/01\/6-768x960.jpg 768w, https:\/\/ninamartinelli.com.br\/blog2\/wp-content\/uploads\/2026\/01\/6-1024x1280.jpg 1024w, https:\/\/ninamartinelli.com.br\/blog2\/wp-content\/uploads\/2026\/01\/6.jpg 1080w\" sizes=\"auto, (max-width: 314px) 100vw, 314px\" \/><\/p>\n<p><strong>Servi\u00e7o:<\/strong><\/p>\n<p><strong>Do passado ao presente &#8211; Reforma de casa dos anos 1960 em Belo Horizonte \u2013 renova\u00e7\u00e3o do quintal e \u00e1rea gourmet<\/strong><\/p>\n<p><strong>Produto<\/strong>: cer\u00e2mica Scortese Rosso 11,5&#215;24 e 11,5&#215;11,5cm<\/p>\n<p><strong>Projeto:<\/strong> Lorena Soares<\/p>\n<p><strong>Instagram:<\/strong> @lore.arquitetura<\/p>\n<p><strong>Imagens:<\/strong> v\u00eddeo de acervo do escrit\u00f3rio<\/p>\n<p>&nbsp;<\/p>\n","protected":false},"excerpt":{"rendered":"<p>Do passado ao presente &#8211; Reformar uma casa dos anos 1960 \u00e9 sempre um exerc\u00edcio<\/p>\n","protected":false},"author":2,"featured_media":3117,"comment_status":"open","ping_status":"open","sticky":false,"template":"","format":"standard","meta":{"footnotes":""},"categories":[59,1,21,129],"tags":[62,39,115,45,25,85,168,131],"class_list":["post-3116","post","type-post","status-publish","format-standard","has-post-thumbnail","hentry","category-ceramica","category-nina-martinelli","category-pisos","category-sustentabilidade","tag-area-de-lazer","tag-area-externa","tag-area-gourmet","tag-ceramica","tag-piso-de-ceramica","tag-piso-rustico","tag-producao-artesanal","tag-sustentabilidade"],"yoast_head":"<!-- This site is optimized with the Yoast SEO plugin v26.8 - https:\/\/yoast.com\/product\/yoast-seo-wordpress\/ -->\n<title>Do passado ao presente, com afeto: cer\u00e2mica Scortese Rosso da Nina Martinelli numa casa dos anos 1960 em BH<\/title>\n<meta name=\"description\" content=\"Do passado ao presente - uma reforma que trouxe novamente \u00e0 vida uma bela casa em BH, mas com respeito \u00e0 hist\u00f3ria e com muito afeto, veja!\" \/>\n<meta name=\"robots\" content=\"index, follow, max-snippet:-1, max-image-preview:large, max-video-preview:-1\" \/>\n<link rel=\"canonical\" href=\"https:\/\/ninamartinelli.com.br\/blog2\/do-passado-ao-presente-com-afeto-ceramica-scortese-rosso-da-nina-martinelli-numa-casa-dos-anos-1960-em-bh\/\" \/>\n<meta property=\"og:locale\" content=\"pt_BR\" \/>\n<meta property=\"og:type\" content=\"article\" \/>\n<meta property=\"og:title\" content=\"Do passado ao presente, com afeto: cer\u00e2mica Scortese Rosso da Nina Martinelli numa casa dos anos 1960 em BH\" \/>\n<meta property=\"og:description\" content=\"Do passado ao presente - uma reforma que trouxe novamente \u00e0 vida uma bela casa em BH, mas com respeito \u00e0 hist\u00f3ria e com muito afeto, veja!\" \/>\n<meta property=\"og:url\" content=\"https:\/\/ninamartinelli.com.br\/blog2\/do-passado-ao-presente-com-afeto-ceramica-scortese-rosso-da-nina-martinelli-numa-casa-dos-anos-1960-em-bh\/\" \/>\n<meta property=\"og:site_name\" content=\"Blog Nina\" \/>\n<meta property=\"article:published_time\" content=\"2026-01-21T11:30:40+00:00\" \/>\n<meta property=\"og:image\" content=\"https:\/\/ninamartinelli.com.br\/blog2\/wp-content\/uploads\/2026\/01\/4.jpg\" \/>\n\t<meta property=\"og:image:width\" content=\"1080\" \/>\n\t<meta property=\"og:image:height\" content=\"1350\" \/>\n\t<meta property=\"og:image:type\" content=\"image\/jpeg\" \/>\n<meta name=\"author\" content=\"Ana Maria Devides\" \/>\n<meta name=\"twitter:card\" content=\"summary_large_image\" \/>\n<meta name=\"twitter:label1\" content=\"Escrito por\" \/>\n\t<meta name=\"twitter:data1\" content=\"Ana Maria Devides\" \/>\n\t<meta name=\"twitter:label2\" content=\"Est. tempo de leitura\" \/>\n\t<meta name=\"twitter:data2\" content=\"5 minutos\" \/>\n<script type=\"application\/ld+json\" class=\"yoast-schema-graph\">{\"@context\":\"https:\/\/schema.org\",\"@graph\":[{\"@type\":\"Article\",\"@id\":\"https:\/\/ninamartinelli.com.br\/blog2\/do-passado-ao-presente-com-afeto-ceramica-scortese-rosso-da-nina-martinelli-numa-casa-dos-anos-1960-em-bh\/#article\",\"isPartOf\":{\"@id\":\"https:\/\/ninamartinelli.com.br\/blog2\/do-passado-ao-presente-com-afeto-ceramica-scortese-rosso-da-nina-martinelli-numa-casa-dos-anos-1960-em-bh\/\"},\"author\":{\"name\":\"Ana Maria Devides\",\"@id\":\"https:\/\/ninamartinelli.com.br\/blog2\/#\/schema\/person\/43fbfb1d4cbe3b472995206b2bb06df5\"},\"headline\":\"Do passado ao presente, com afeto: cer\u00e2mica Scortese Rosso da Nina Martinelli numa casa dos anos 1960 em BH\",\"datePublished\":\"2026-01-21T11:30:40+00:00\",\"mainEntityOfPage\":{\"@id\":\"https:\/\/ninamartinelli.com.br\/blog2\/do-passado-ao-presente-com-afeto-ceramica-scortese-rosso-da-nina-martinelli-numa-casa-dos-anos-1960-em-bh\/\"},\"wordCount\":733,\"commentCount\":0,\"publisher\":{\"@id\":\"https:\/\/ninamartinelli.com.br\/blog2\/#organization\"},\"image\":{\"@id\":\"https:\/\/ninamartinelli.com.br\/blog2\/do-passado-ao-presente-com-afeto-ceramica-scortese-rosso-da-nina-martinelli-numa-casa-dos-anos-1960-em-bh\/#primaryimage\"},\"thumbnailUrl\":\"https:\/\/ninamartinelli.com.br\/blog2\/wp-content\/uploads\/2026\/01\/4.jpg\",\"keywords\":[\"area de lazer\",\"area externa\",\"area gourmet\",\"ceramica\",\"piso de ceramica\",\"piso rustico\",\"produ\u00e7\u00e3o artesanal\",\"Sustentabilidade\"],\"articleSection\":[\"Cer\u00e2mica\",\"Nina Martinelli\",\"Pisos\",\"Sustentabilidade\"],\"inLanguage\":\"pt-BR\",\"potentialAction\":[{\"@type\":\"CommentAction\",\"name\":\"Comment\",\"target\":[\"https:\/\/ninamartinelli.com.br\/blog2\/do-passado-ao-presente-com-afeto-ceramica-scortese-rosso-da-nina-martinelli-numa-casa-dos-anos-1960-em-bh\/#respond\"]}]},{\"@type\":\"WebPage\",\"@id\":\"https:\/\/ninamartinelli.com.br\/blog2\/do-passado-ao-presente-com-afeto-ceramica-scortese-rosso-da-nina-martinelli-numa-casa-dos-anos-1960-em-bh\/\",\"url\":\"https:\/\/ninamartinelli.com.br\/blog2\/do-passado-ao-presente-com-afeto-ceramica-scortese-rosso-da-nina-martinelli-numa-casa-dos-anos-1960-em-bh\/\",\"name\":\"Do passado ao presente, com afeto: cer\u00e2mica Scortese Rosso da Nina Martinelli numa casa dos anos 1960 em BH\",\"isPartOf\":{\"@id\":\"https:\/\/ninamartinelli.com.br\/blog2\/#website\"},\"primaryImageOfPage\":{\"@id\":\"https:\/\/ninamartinelli.com.br\/blog2\/do-passado-ao-presente-com-afeto-ceramica-scortese-rosso-da-nina-martinelli-numa-casa-dos-anos-1960-em-bh\/#primaryimage\"},\"image\":{\"@id\":\"https:\/\/ninamartinelli.com.br\/blog2\/do-passado-ao-presente-com-afeto-ceramica-scortese-rosso-da-nina-martinelli-numa-casa-dos-anos-1960-em-bh\/#primaryimage\"},\"thumbnailUrl\":\"https:\/\/ninamartinelli.com.br\/blog2\/wp-content\/uploads\/2026\/01\/4.jpg\",\"datePublished\":\"2026-01-21T11:30:40+00:00\",\"description\":\"Do passado ao presente - uma reforma que trouxe novamente \u00e0 vida uma bela casa em BH, mas com respeito \u00e0 hist\u00f3ria e com muito afeto, veja!\",\"breadcrumb\":{\"@id\":\"https:\/\/ninamartinelli.com.br\/blog2\/do-passado-ao-presente-com-afeto-ceramica-scortese-rosso-da-nina-martinelli-numa-casa-dos-anos-1960-em-bh\/#breadcrumb\"},\"inLanguage\":\"pt-BR\",\"potentialAction\":[{\"@type\":\"ReadAction\",\"target\":[\"https:\/\/ninamartinelli.com.br\/blog2\/do-passado-ao-presente-com-afeto-ceramica-scortese-rosso-da-nina-martinelli-numa-casa-dos-anos-1960-em-bh\/\"]}]},{\"@type\":\"ImageObject\",\"inLanguage\":\"pt-BR\",\"@id\":\"https:\/\/ninamartinelli.com.br\/blog2\/do-passado-ao-presente-com-afeto-ceramica-scortese-rosso-da-nina-martinelli-numa-casa-dos-anos-1960-em-bh\/#primaryimage\",\"url\":\"https:\/\/ninamartinelli.com.br\/blog2\/wp-content\/uploads\/2026\/01\/4.jpg\",\"contentUrl\":\"https:\/\/ninamartinelli.com.br\/blog2\/wp-content\/uploads\/2026\/01\/4.jpg\",\"width\":1080,\"height\":1350},{\"@type\":\"BreadcrumbList\",\"@id\":\"https:\/\/ninamartinelli.com.br\/blog2\/do-passado-ao-presente-com-afeto-ceramica-scortese-rosso-da-nina-martinelli-numa-casa-dos-anos-1960-em-bh\/#breadcrumb\",\"itemListElement\":[{\"@type\":\"ListItem\",\"position\":1,\"name\":\"In\u00edcio\",\"item\":\"https:\/\/ninamartinelli.com.br\/blog2\/\"},{\"@type\":\"ListItem\",\"position\":2,\"name\":\"Do passado ao presente, com afeto: cer\u00e2mica Scortese Rosso da Nina Martinelli numa casa dos anos 1960 em BH\"}]},{\"@type\":\"WebSite\",\"@id\":\"https:\/\/ninamartinelli.com.br\/blog2\/#website\",\"url\":\"https:\/\/ninamartinelli.com.br\/blog2\/\",\"name\":\"Nina Martinelli\",\"description\":\"#Nina_Martinelli\",\"publisher\":{\"@id\":\"https:\/\/ninamartinelli.com.br\/blog2\/#organization\"},\"potentialAction\":[{\"@type\":\"SearchAction\",\"target\":{\"@type\":\"EntryPoint\",\"urlTemplate\":\"https:\/\/ninamartinelli.com.br\/blog2\/?s={search_term_string}\"},\"query-input\":{\"@type\":\"PropertyValueSpecification\",\"valueRequired\":true,\"valueName\":\"search_term_string\"}}],\"inLanguage\":\"pt-BR\"},{\"@type\":\"Organization\",\"@id\":\"https:\/\/ninamartinelli.com.br\/blog2\/#organization\",\"name\":\"Blog Novidades\",\"url\":\"https:\/\/ninamartinelli.com.br\/blog2\/\",\"logo\":{\"@type\":\"ImageObject\",\"inLanguage\":\"pt-BR\",\"@id\":\"https:\/\/ninamartinelli.com.br\/blog2\/#\/schema\/logo\/image\/\",\"url\":\"http:\/\/blog.ninamartinelli.com.br\/wp-content\/uploads\/2022\/03\/logo_nina_blog.png\",\"contentUrl\":\"http:\/\/blog.ninamartinelli.com.br\/wp-content\/uploads\/2022\/03\/logo_nina_blog.png\",\"width\":500,\"height\":104,\"caption\":\"Blog Novidades\"},\"image\":{\"@id\":\"https:\/\/ninamartinelli.com.br\/blog2\/#\/schema\/logo\/image\/\"}},{\"@type\":\"Person\",\"@id\":\"https:\/\/ninamartinelli.com.br\/blog2\/#\/schema\/person\/43fbfb1d4cbe3b472995206b2bb06df5\",\"name\":\"Ana Maria Devides\",\"image\":{\"@type\":\"ImageObject\",\"inLanguage\":\"pt-BR\",\"@id\":\"https:\/\/ninamartinelli.com.br\/blog2\/#\/schema\/person\/image\/\",\"url\":\"https:\/\/secure.gravatar.com\/avatar\/a03a82675d8bb3da8e5c5a6872db97be?s=96&d=mm&r=g\",\"contentUrl\":\"https:\/\/secure.gravatar.com\/avatar\/a03a82675d8bb3da8e5c5a6872db97be?s=96&d=mm&r=g\",\"caption\":\"Ana Maria Devides\"},\"url\":\"https:\/\/ninamartinelli.com.br\/blog2\/author\/assessoria-nina-martinelli\/\"}]}<\/script>\n<!-- \/ Yoast SEO plugin. -->","yoast_head_json":{"title":"Do passado ao presente, com afeto: cer\u00e2mica Scortese Rosso da Nina Martinelli numa casa dos anos 1960 em BH","description":"Do passado ao presente - uma reforma que trouxe novamente \u00e0 vida uma bela casa em BH, mas com respeito \u00e0 hist\u00f3ria e com muito afeto, veja!","robots":{"index":"index","follow":"follow","max-snippet":"max-snippet:-1","max-image-preview":"max-image-preview:large","max-video-preview":"max-video-preview:-1"},"canonical":"https:\/\/ninamartinelli.com.br\/blog2\/do-passado-ao-presente-com-afeto-ceramica-scortese-rosso-da-nina-martinelli-numa-casa-dos-anos-1960-em-bh\/","og_locale":"pt_BR","og_type":"article","og_title":"Do passado ao presente, com afeto: cer\u00e2mica Scortese Rosso da Nina Martinelli numa casa dos anos 1960 em BH","og_description":"Do passado ao presente - uma reforma que trouxe novamente \u00e0 vida uma bela casa em BH, mas com respeito \u00e0 hist\u00f3ria e com muito afeto, veja!","og_url":"https:\/\/ninamartinelli.com.br\/blog2\/do-passado-ao-presente-com-afeto-ceramica-scortese-rosso-da-nina-martinelli-numa-casa-dos-anos-1960-em-bh\/","og_site_name":"Blog Nina","article_published_time":"2026-01-21T11:30:40+00:00","og_image":[{"width":1080,"height":1350,"url":"https:\/\/ninamartinelli.com.br\/blog2\/wp-content\/uploads\/2026\/01\/4.jpg","type":"image\/jpeg"}],"author":"Ana Maria Devides","twitter_card":"summary_large_image","twitter_misc":{"Escrito por":"Ana Maria Devides","Est. tempo de leitura":"5 minutos"},"schema":{"@context":"https:\/\/schema.org","@graph":[{"@type":"Article","@id":"https:\/\/ninamartinelli.com.br\/blog2\/do-passado-ao-presente-com-afeto-ceramica-scortese-rosso-da-nina-martinelli-numa-casa-dos-anos-1960-em-bh\/#article","isPartOf":{"@id":"https:\/\/ninamartinelli.com.br\/blog2\/do-passado-ao-presente-com-afeto-ceramica-scortese-rosso-da-nina-martinelli-numa-casa-dos-anos-1960-em-bh\/"},"author":{"name":"Ana Maria Devides","@id":"https:\/\/ninamartinelli.com.br\/blog2\/#\/schema\/person\/43fbfb1d4cbe3b472995206b2bb06df5"},"headline":"Do passado ao presente, com afeto: cer\u00e2mica Scortese Rosso da Nina Martinelli numa casa dos anos 1960 em BH","datePublished":"2026-01-21T11:30:40+00:00","mainEntityOfPage":{"@id":"https:\/\/ninamartinelli.com.br\/blog2\/do-passado-ao-presente-com-afeto-ceramica-scortese-rosso-da-nina-martinelli-numa-casa-dos-anos-1960-em-bh\/"},"wordCount":733,"commentCount":0,"publisher":{"@id":"https:\/\/ninamartinelli.com.br\/blog2\/#organization"},"image":{"@id":"https:\/\/ninamartinelli.com.br\/blog2\/do-passado-ao-presente-com-afeto-ceramica-scortese-rosso-da-nina-martinelli-numa-casa-dos-anos-1960-em-bh\/#primaryimage"},"thumbnailUrl":"https:\/\/ninamartinelli.com.br\/blog2\/wp-content\/uploads\/2026\/01\/4.jpg","keywords":["area de lazer","area externa","area gourmet","ceramica","piso de ceramica","piso rustico","produ\u00e7\u00e3o artesanal","Sustentabilidade"],"articleSection":["Cer\u00e2mica","Nina Martinelli","Pisos","Sustentabilidade"],"inLanguage":"pt-BR","potentialAction":[{"@type":"CommentAction","name":"Comment","target":["https:\/\/ninamartinelli.com.br\/blog2\/do-passado-ao-presente-com-afeto-ceramica-scortese-rosso-da-nina-martinelli-numa-casa-dos-anos-1960-em-bh\/#respond"]}]},{"@type":"WebPage","@id":"https:\/\/ninamartinelli.com.br\/blog2\/do-passado-ao-presente-com-afeto-ceramica-scortese-rosso-da-nina-martinelli-numa-casa-dos-anos-1960-em-bh\/","url":"https:\/\/ninamartinelli.com.br\/blog2\/do-passado-ao-presente-com-afeto-ceramica-scortese-rosso-da-nina-martinelli-numa-casa-dos-anos-1960-em-bh\/","name":"Do passado ao presente, com afeto: cer\u00e2mica Scortese Rosso da Nina Martinelli numa casa dos anos 1960 em BH","isPartOf":{"@id":"https:\/\/ninamartinelli.com.br\/blog2\/#website"},"primaryImageOfPage":{"@id":"https:\/\/ninamartinelli.com.br\/blog2\/do-passado-ao-presente-com-afeto-ceramica-scortese-rosso-da-nina-martinelli-numa-casa-dos-anos-1960-em-bh\/#primaryimage"},"image":{"@id":"https:\/\/ninamartinelli.com.br\/blog2\/do-passado-ao-presente-com-afeto-ceramica-scortese-rosso-da-nina-martinelli-numa-casa-dos-anos-1960-em-bh\/#primaryimage"},"thumbnailUrl":"https:\/\/ninamartinelli.com.br\/blog2\/wp-content\/uploads\/2026\/01\/4.jpg","datePublished":"2026-01-21T11:30:40+00:00","description":"Do passado ao presente - uma reforma que trouxe novamente \u00e0 vida uma bela casa em BH, mas com respeito \u00e0 hist\u00f3ria e com muito afeto, veja!","breadcrumb":{"@id":"https:\/\/ninamartinelli.com.br\/blog2\/do-passado-ao-presente-com-afeto-ceramica-scortese-rosso-da-nina-martinelli-numa-casa-dos-anos-1960-em-bh\/#breadcrumb"},"inLanguage":"pt-BR","potentialAction":[{"@type":"ReadAction","target":["https:\/\/ninamartinelli.com.br\/blog2\/do-passado-ao-presente-com-afeto-ceramica-scortese-rosso-da-nina-martinelli-numa-casa-dos-anos-1960-em-bh\/"]}]},{"@type":"ImageObject","inLanguage":"pt-BR","@id":"https:\/\/ninamartinelli.com.br\/blog2\/do-passado-ao-presente-com-afeto-ceramica-scortese-rosso-da-nina-martinelli-numa-casa-dos-anos-1960-em-bh\/#primaryimage","url":"https:\/\/ninamartinelli.com.br\/blog2\/wp-content\/uploads\/2026\/01\/4.jpg","contentUrl":"https:\/\/ninamartinelli.com.br\/blog2\/wp-content\/uploads\/2026\/01\/4.jpg","width":1080,"height":1350},{"@type":"BreadcrumbList","@id":"https:\/\/ninamartinelli.com.br\/blog2\/do-passado-ao-presente-com-afeto-ceramica-scortese-rosso-da-nina-martinelli-numa-casa-dos-anos-1960-em-bh\/#breadcrumb","itemListElement":[{"@type":"ListItem","position":1,"name":"In\u00edcio","item":"https:\/\/ninamartinelli.com.br\/blog2\/"},{"@type":"ListItem","position":2,"name":"Do passado ao presente, com afeto: cer\u00e2mica Scortese Rosso da Nina Martinelli numa casa dos anos 1960 em BH"}]},{"@type":"WebSite","@id":"https:\/\/ninamartinelli.com.br\/blog2\/#website","url":"https:\/\/ninamartinelli.com.br\/blog2\/","name":"Nina Martinelli","description":"#Nina_Martinelli","publisher":{"@id":"https:\/\/ninamartinelli.com.br\/blog2\/#organization"},"potentialAction":[{"@type":"SearchAction","target":{"@type":"EntryPoint","urlTemplate":"https:\/\/ninamartinelli.com.br\/blog2\/?s={search_term_string}"},"query-input":{"@type":"PropertyValueSpecification","valueRequired":true,"valueName":"search_term_string"}}],"inLanguage":"pt-BR"},{"@type":"Organization","@id":"https:\/\/ninamartinelli.com.br\/blog2\/#organization","name":"Blog Novidades","url":"https:\/\/ninamartinelli.com.br\/blog2\/","logo":{"@type":"ImageObject","inLanguage":"pt-BR","@id":"https:\/\/ninamartinelli.com.br\/blog2\/#\/schema\/logo\/image\/","url":"http:\/\/blog.ninamartinelli.com.br\/wp-content\/uploads\/2022\/03\/logo_nina_blog.png","contentUrl":"http:\/\/blog.ninamartinelli.com.br\/wp-content\/uploads\/2022\/03\/logo_nina_blog.png","width":500,"height":104,"caption":"Blog Novidades"},"image":{"@id":"https:\/\/ninamartinelli.com.br\/blog2\/#\/schema\/logo\/image\/"}},{"@type":"Person","@id":"https:\/\/ninamartinelli.com.br\/blog2\/#\/schema\/person\/43fbfb1d4cbe3b472995206b2bb06df5","name":"Ana Maria Devides","image":{"@type":"ImageObject","inLanguage":"pt-BR","@id":"https:\/\/ninamartinelli.com.br\/blog2\/#\/schema\/person\/image\/","url":"https:\/\/secure.gravatar.com\/avatar\/a03a82675d8bb3da8e5c5a6872db97be?s=96&d=mm&r=g","contentUrl":"https:\/\/secure.gravatar.com\/avatar\/a03a82675d8bb3da8e5c5a6872db97be?s=96&d=mm&r=g","caption":"Ana Maria Devides"},"url":"https:\/\/ninamartinelli.com.br\/blog2\/author\/assessoria-nina-martinelli\/"}]}},"_links":{"self":[{"href":"https:\/\/ninamartinelli.com.br\/blog2\/wp-json\/wp\/v2\/posts\/3116","targetHints":{"allow":["GET"]}}],"collection":[{"href":"https:\/\/ninamartinelli.com.br\/blog2\/wp-json\/wp\/v2\/posts"}],"about":[{"href":"https:\/\/ninamartinelli.com.br\/blog2\/wp-json\/wp\/v2\/types\/post"}],"author":[{"embeddable":true,"href":"https:\/\/ninamartinelli.com.br\/blog2\/wp-json\/wp\/v2\/users\/2"}],"replies":[{"embeddable":true,"href":"https:\/\/ninamartinelli.com.br\/blog2\/wp-json\/wp\/v2\/comments?post=3116"}],"version-history":[{"count":1,"href":"https:\/\/ninamartinelli.com.br\/blog2\/wp-json\/wp\/v2\/posts\/3116\/revisions"}],"predecessor-version":[{"id":3121,"href":"https:\/\/ninamartinelli.com.br\/blog2\/wp-json\/wp\/v2\/posts\/3116\/revisions\/3121"}],"wp:featuredmedia":[{"embeddable":true,"href":"https:\/\/ninamartinelli.com.br\/blog2\/wp-json\/wp\/v2\/media\/3117"}],"wp:attachment":[{"href":"https:\/\/ninamartinelli.com.br\/blog2\/wp-json\/wp\/v2\/media?parent=3116"}],"wp:term":[{"taxonomy":"category","embeddable":true,"href":"https:\/\/ninamartinelli.com.br\/blog2\/wp-json\/wp\/v2\/categories?post=3116"},{"taxonomy":"post_tag","embeddable":true,"href":"https:\/\/ninamartinelli.com.br\/blog2\/wp-json\/wp\/v2\/tags?post=3116"}],"curies":[{"name":"wp","href":"https:\/\/api.w.org\/{rel}","templated":true}]}}