{"id":3104,"date":"2026-01-14T08:30:59","date_gmt":"2026-01-14T11:30:59","guid":{"rendered":"https:\/\/ninamartinelli.com.br\/blog2\/?p=3104"},"modified":"2026-01-13T16:38:57","modified_gmt":"2026-01-13T19:38:57","slug":"um-espaco-de-autenticidade-o-novo-escritorio-de-marcos-lula-com-acabamentos-nina-martinelli","status":"publish","type":"post","link":"https:\/\/ninamartinelli.com.br\/blog2\/um-espaco-de-autenticidade-o-novo-escritorio-de-marcos-lula-com-acabamentos-nina-martinelli\/","title":{"rendered":"Um espa\u00e7o de autenticidade: o novo escrit\u00f3rio de Marcos Lula, com acabamentos Nina Martinelli"},"content":{"rendered":"<p><strong>Um espa\u00e7o de autenticidade<\/strong> &#8211; O novo escrit\u00f3rio do arquiteto goiano <a href=\"https:\/\/www.instagram.com\/arqmarcoslula\/\">Marcos Lula<\/a> \u00e9 exatamente assim: um espa\u00e7o que n\u00e3o grita, mas comunica; que n\u00e3o busca o impacto imediato, mas constr\u00f3i significado. Uma arquitetura que acolhe, revela ess\u00eancia e traduz, com precis\u00e3o rara, a maturidade de quem entende que o tempo \u00e9 parte fundamental do processo criativo.<\/p>\n<p>Instalado em um amplo im\u00f3vel que j\u00e1 foi resid\u00eancia, no tradicional Setor Marista, em Goi\u00e2nia, o escrit\u00f3rio surge a partir de uma reforma cuidadosa, sens\u00edvel e profundamente conectada \u00e0s vertentes que norteiam o trabalho do arquiteto.<\/p>\n<p>Ali, cada decis\u00e3o projetual foi pensada para materializar aquilo em que Marcos acredita \u2014 e pratica \u2014 h\u00e1 14 anos de atua\u00e7\u00e3o no mercado: uma arquitetura afetiva, conectada \u00e0 natureza, respeitosa com a verdade dos materiais, com a ancestralidade e com a hist\u00f3ria que cada espa\u00e7o carrega.<\/p>\n<p>Mais do que adaptar uma resid\u00eancia para uso comercial, o projeto teve como premissa revelar identidade. O espa\u00e7o precisava expressar quem \u00e9 o escrit\u00f3rio, como pensa, como cria e para onde deseja seguir. <em>\u201cA casa precisava transmitir a nossa ess\u00eancia, o que a gente acredita enquanto arquitetura\u201d<\/em>, pontua Marcos.<\/p>\n<p>Para dar forma a esse conceito, a escolha dos revestimentos n\u00e3o poderia ser aleat\u00f3ria \u2014 e desde o in\u00edcio, os produtos da Nina Martinelli Pisos e Revestimentos estavam no horizonte do arquiteto. Parceiro consagrado da marca, Marcos Lula especifica seus produtos com frequ\u00eancia em projetos residenciais e comerciais.<\/p>\n<p>Em 2025, inclusive, essa rela\u00e7\u00e3o ganhou ainda mais for\u00e7a, quando ele assinou o projeto do estande da Nina Martinelli na Expo Revestir, a maior feira de acabamentos da Am\u00e9rica Latina.<\/p>\n<p>Inspirado em antigas constru\u00e7\u00f5es italianas, o estande \u2014 marcado por arcos revestidos com lan\u00e7amentos da marca \u2014 foi um dos grandes destaques da feira, atraindo milhares de visitantes, filas para registros de conte\u00fado e elogios espont\u00e2neos de profissionais de todo o Pa\u00eds. Muitos, inclusive, declararam ter conhecido a marca pela primeira vez ali, tamanho o impacto da proposta arquitet\u00f4nica. Um sucesso absoluto, que j\u00e1 tem repeti\u00e7\u00e3o confirmada: Marcos Lula assina novamente o estande da Nina Martinelli na edi\u00e7\u00e3o 2026 da Expo Revestir, que acontece de 9 a 13 de mar\u00e7o, no S\u00e3o Paulo Expo.<\/p>\n<p>No novo escrit\u00f3rio do arquiteto, essa parceria se refor\u00e7a de forma ainda mais \u00edntima, com a aplica\u00e7\u00e3o de tr\u00eas produtos da Nina Martinelli, cada um escolhido para dialogar com o espa\u00e7o e com o conceito do projeto.<\/p>\n<p><strong>Uma fachada de poucas, mas muito expressivas linhas<\/strong><\/p>\n<p>Na fachada, o arquiteto optou pelo <a href=\"https:\/\/ninamartinelli.com.br\/produtos\/due-vecchio-terracota-7x13\/\">Due Vecchio Terracota 7x13cm<\/a>. As facetas cer\u00e2micas, produzidas com materiais reciclados e submetidas a um processo duplo de queima, revelam textura r\u00fastica, nuances org\u00e2nicas e pontilhados que alternam tons terrosos e claros. Um revestimento potente, expressivo, que se imp\u00f5e com eleg\u00e2ncia. \u201c<em>A fachada tem poucas linhas, ent\u00e3o os materiais precisavam ser fortes, ter presen\u00e7a\u201d<\/em>, explica Marcos, refor\u00e7ando sua cren\u00e7a na pot\u00eancia do material e na beleza da imperfei\u00e7\u00e3o natural. Daquilo em que Nina acredita e entrega: produtos Feitos Por Pessoas, Para Pessoas.<\/p>\n<p><img loading=\"lazy\" decoding=\"async\" class=\"wp-image-3106 aligncenter\" src=\"https:\/\/ninamartinelli.com.br\/blog2\/wp-content\/uploads\/2026\/01\/escr-marcos-lula-2-200x300.jpg\" alt=\"\" width=\"337\" height=\"506\" srcset=\"https:\/\/ninamartinelli.com.br\/blog2\/wp-content\/uploads\/2026\/01\/escr-marcos-lula-2-200x300.jpg 200w, https:\/\/ninamartinelli.com.br\/blog2\/wp-content\/uploads\/2026\/01\/escr-marcos-lula-2-683x1024.jpg 683w, https:\/\/ninamartinelli.com.br\/blog2\/wp-content\/uploads\/2026\/01\/escr-marcos-lula-2-768x1152.jpg 768w, https:\/\/ninamartinelli.com.br\/blog2\/wp-content\/uploads\/2026\/01\/escr-marcos-lula-2-1024x1536.jpg 1024w, https:\/\/ninamartinelli.com.br\/blog2\/wp-content\/uploads\/2026\/01\/escr-marcos-lula-2-1365x2048.jpg 1365w, https:\/\/ninamartinelli.com.br\/blog2\/wp-content\/uploads\/2026\/01\/escr-marcos-lula-2-scaled.jpg 1707w\" sizes=\"auto, (max-width: 337px) 100vw, 337px\" \/><\/p>\n<p><strong>Sala do arquiteto: sem excessos, mas, com muito aconchego<\/strong><\/p>\n<p>Na sala do arquiteto, o espa\u00e7o mais introspectivo do escrit\u00f3rio, o escolhido foi o <a href=\"https:\/\/ninamartinelli.com.br\/produtos\/brick-allineato-algodao\/\">Brick Allineato Algod\u00e3o 7x26cm<\/a>, aplicado em piso e parede. A continuidade cria uma atmosfera conceitual, rica e silenciosa, onde o tom claro, pr\u00f3ximo \u00e0 madeira, evita contrastes excessivos e convida \u00e0 pausa. <em>\u201cEu queria um espa\u00e7o de calma, acolhimento e introspec\u00e7\u00e3o. Pouco contraste, mais sensibilidade\u201d<\/em>, comenta.<\/p>\n<p><img loading=\"lazy\" decoding=\"async\" class=\"alignnone  wp-image-3107\" src=\"https:\/\/ninamartinelli.com.br\/blog2\/wp-content\/uploads\/2026\/01\/escr-marcos-lula-3-200x300.jpg\" alt=\"\" width=\"274\" height=\"411\" srcset=\"https:\/\/ninamartinelli.com.br\/blog2\/wp-content\/uploads\/2026\/01\/escr-marcos-lula-3-200x300.jpg 200w, https:\/\/ninamartinelli.com.br\/blog2\/wp-content\/uploads\/2026\/01\/escr-marcos-lula-3-683x1024.jpg 683w, https:\/\/ninamartinelli.com.br\/blog2\/wp-content\/uploads\/2026\/01\/escr-marcos-lula-3-768x1152.jpg 768w, https:\/\/ninamartinelli.com.br\/blog2\/wp-content\/uploads\/2026\/01\/escr-marcos-lula-3-1024x1536.jpg 1024w, https:\/\/ninamartinelli.com.br\/blog2\/wp-content\/uploads\/2026\/01\/escr-marcos-lula-3-1365x2048.jpg 1365w, https:\/\/ninamartinelli.com.br\/blog2\/wp-content\/uploads\/2026\/01\/escr-marcos-lula-3-scaled.jpg 1707w\" sizes=\"auto, (max-width: 274px) 100vw, 274px\" \/>\u00a0 \u00a0 \u00a0 \u00a0 \u00a0 \u00a0 \u00a0 \u00a0 \u00a0 \u00a0 \u00a0 \u00a0 \u00a0 \u00a0 \u00a0 <img loading=\"lazy\" decoding=\"async\" class=\"alignnone  wp-image-3108\" src=\"https:\/\/ninamartinelli.com.br\/blog2\/wp-content\/uploads\/2026\/01\/escr-marcos-lula-4-200x300.jpg\" alt=\"\" width=\"273\" height=\"410\" srcset=\"https:\/\/ninamartinelli.com.br\/blog2\/wp-content\/uploads\/2026\/01\/escr-marcos-lula-4-200x300.jpg 200w, https:\/\/ninamartinelli.com.br\/blog2\/wp-content\/uploads\/2026\/01\/escr-marcos-lula-4-683x1024.jpg 683w, https:\/\/ninamartinelli.com.br\/blog2\/wp-content\/uploads\/2026\/01\/escr-marcos-lula-4-768x1152.jpg 768w, https:\/\/ninamartinelli.com.br\/blog2\/wp-content\/uploads\/2026\/01\/escr-marcos-lula-4-1024x1536.jpg 1024w, https:\/\/ninamartinelli.com.br\/blog2\/wp-content\/uploads\/2026\/01\/escr-marcos-lula-4-1365x2048.jpg 1365w, https:\/\/ninamartinelli.com.br\/blog2\/wp-content\/uploads\/2026\/01\/escr-marcos-lula-4-scaled.jpg 1707w\" sizes=\"auto, (max-width: 273px) 100vw, 273px\" \/><\/p>\n<p>&nbsp;<\/p>\n<p><img loading=\"lazy\" decoding=\"async\" class=\"alignnone  wp-image-3109\" src=\"https:\/\/ninamartinelli.com.br\/blog2\/wp-content\/uploads\/2026\/01\/escr-marcos-lula-5-200x300.jpg\" alt=\"\" width=\"243\" height=\"365\" srcset=\"https:\/\/ninamartinelli.com.br\/blog2\/wp-content\/uploads\/2026\/01\/escr-marcos-lula-5-200x300.jpg 200w, https:\/\/ninamartinelli.com.br\/blog2\/wp-content\/uploads\/2026\/01\/escr-marcos-lula-5-683x1024.jpg 683w, https:\/\/ninamartinelli.com.br\/blog2\/wp-content\/uploads\/2026\/01\/escr-marcos-lula-5-768x1152.jpg 768w, https:\/\/ninamartinelli.com.br\/blog2\/wp-content\/uploads\/2026\/01\/escr-marcos-lula-5-1024x1536.jpg 1024w, https:\/\/ninamartinelli.com.br\/blog2\/wp-content\/uploads\/2026\/01\/escr-marcos-lula-5-1365x2048.jpg 1365w, https:\/\/ninamartinelli.com.br\/blog2\/wp-content\/uploads\/2026\/01\/escr-marcos-lula-5-scaled.jpg 1707w\" sizes=\"auto, (max-width: 243px) 100vw, 243px\" \/>\u00a0 \u00a0 \u00a0 \u00a0 \u00a0 \u00a0 \u00a0 \u00a0 \u00a0 \u00a0 \u00a0 \u00a0 \u00a0 \u00a0 \u00a0 \u00a0 \u00a0 \u00a0 \u00a0 \u00a0<img loading=\"lazy\" decoding=\"async\" class=\"alignnone  wp-image-3110\" src=\"https:\/\/ninamartinelli.com.br\/blog2\/wp-content\/uploads\/2026\/01\/escr-marcos-lula-6-200x300.jpg\" alt=\"\" width=\"243\" height=\"365\" srcset=\"https:\/\/ninamartinelli.com.br\/blog2\/wp-content\/uploads\/2026\/01\/escr-marcos-lula-6-200x300.jpg 200w, https:\/\/ninamartinelli.com.br\/blog2\/wp-content\/uploads\/2026\/01\/escr-marcos-lula-6-683x1024.jpg 683w, https:\/\/ninamartinelli.com.br\/blog2\/wp-content\/uploads\/2026\/01\/escr-marcos-lula-6-768x1152.jpg 768w, https:\/\/ninamartinelli.com.br\/blog2\/wp-content\/uploads\/2026\/01\/escr-marcos-lula-6-1024x1536.jpg 1024w, https:\/\/ninamartinelli.com.br\/blog2\/wp-content\/uploads\/2026\/01\/escr-marcos-lula-6-1365x2048.jpg 1365w, https:\/\/ninamartinelli.com.br\/blog2\/wp-content\/uploads\/2026\/01\/escr-marcos-lula-6-scaled.jpg 1707w\" sizes=\"auto, (max-width: 243px) 100vw, 243px\" \/><\/p>\n<p>&nbsp;<\/p>\n<p><img loading=\"lazy\" decoding=\"async\" class=\"alignnone  wp-image-3111\" src=\"https:\/\/ninamartinelli.com.br\/blog2\/wp-content\/uploads\/2026\/01\/marcos-escritorio-201x300.jpg\" alt=\"\" width=\"239\" height=\"357\" srcset=\"https:\/\/ninamartinelli.com.br\/blog2\/wp-content\/uploads\/2026\/01\/marcos-escritorio-201x300.jpg 201w, https:\/\/ninamartinelli.com.br\/blog2\/wp-content\/uploads\/2026\/01\/marcos-escritorio-686x1024.jpg 686w, https:\/\/ninamartinelli.com.br\/blog2\/wp-content\/uploads\/2026\/01\/marcos-escritorio-768x1147.jpg 768w, https:\/\/ninamartinelli.com.br\/blog2\/wp-content\/uploads\/2026\/01\/marcos-escritorio.jpg 946w\" sizes=\"auto, (max-width: 239px) 100vw, 239px\" \/><\/p>\n<p><strong>\u00c1rea gourmet e jardim com muito despojamento<\/strong><\/p>\n<p>J\u00e1 na \u00e1rea gourmet integrada ao jardim, o destaque \u00e9 o <a href=\"https:\/\/ninamartinelli.com.br\/produtos\/rettangolo-terracota-grigio\/\">Rettangolo Terracota Grigio 9x18cm<\/a>. O tom cinza delicado remete ao concreto natural e dialoga diretamente com a estrutura do espa\u00e7o, que mant\u00e9m laje aparente e uma linguagem construtiva honesta. O revestimento se estende at\u00e9 a ilha do gourmet, criando continuidade e comunica\u00e7\u00e3o visual entre os elementos. Um painel de poucas linhas, mas de grande expressividade, que equilibra despojamento e sofistica\u00e7\u00e3o.<\/p>\n<p><img loading=\"lazy\" decoding=\"async\" class=\"alignnone  wp-image-3112\" src=\"https:\/\/ninamartinelli.com.br\/blog2\/wp-content\/uploads\/2026\/01\/MG_1105-HDR-1-300x200.jpg\" alt=\"\" width=\"350\" height=\"233\" srcset=\"https:\/\/ninamartinelli.com.br\/blog2\/wp-content\/uploads\/2026\/01\/MG_1105-HDR-1-300x200.jpg 300w, https:\/\/ninamartinelli.com.br\/blog2\/wp-content\/uploads\/2026\/01\/MG_1105-HDR-1-1024x683.jpg 1024w, https:\/\/ninamartinelli.com.br\/blog2\/wp-content\/uploads\/2026\/01\/MG_1105-HDR-1-768x512.jpg 768w, https:\/\/ninamartinelli.com.br\/blog2\/wp-content\/uploads\/2026\/01\/MG_1105-HDR-1-1536x1024.jpg 1536w, https:\/\/ninamartinelli.com.br\/blog2\/wp-content\/uploads\/2026\/01\/MG_1105-HDR-1-2048x1365.jpg 2048w\" sizes=\"auto, (max-width: 350px) 100vw, 350px\" \/>\u00a0 \u00a0 \u00a0 \u00a0 \u00a0 \u00a0 \u00a0 \u00a0 \u00a0 \u00a0 \u00a0 <img loading=\"lazy\" decoding=\"async\" class=\"alignnone  wp-image-3113\" src=\"https:\/\/ninamartinelli.com.br\/blog2\/wp-content\/uploads\/2026\/01\/MG_1147-HDR-200x300.jpg\" alt=\"\" width=\"268\" height=\"402\" srcset=\"https:\/\/ninamartinelli.com.br\/blog2\/wp-content\/uploads\/2026\/01\/MG_1147-HDR-200x300.jpg 200w, https:\/\/ninamartinelli.com.br\/blog2\/wp-content\/uploads\/2026\/01\/MG_1147-HDR-683x1024.jpg 683w, https:\/\/ninamartinelli.com.br\/blog2\/wp-content\/uploads\/2026\/01\/MG_1147-HDR-768x1152.jpg 768w, https:\/\/ninamartinelli.com.br\/blog2\/wp-content\/uploads\/2026\/01\/MG_1147-HDR-1024x1536.jpg 1024w, https:\/\/ninamartinelli.com.br\/blog2\/wp-content\/uploads\/2026\/01\/MG_1147-HDR-1365x2048.jpg 1365w, https:\/\/ninamartinelli.com.br\/blog2\/wp-content\/uploads\/2026\/01\/MG_1147-HDR-scaled.jpg 1707w\" sizes=\"auto, (max-width: 268px) 100vw, 268px\" \/><\/p>\n<p>&nbsp;<\/p>\n<p>&nbsp;<\/p>\n<p><img loading=\"lazy\" decoding=\"async\" class=\"wp-image-3114 aligncenter\" src=\"https:\/\/ninamartinelli.com.br\/blog2\/wp-content\/uploads\/2026\/01\/MG_1138-HDR-200x300.jpg\" alt=\"\" width=\"268\" height=\"402\" srcset=\"https:\/\/ninamartinelli.com.br\/blog2\/wp-content\/uploads\/2026\/01\/MG_1138-HDR-200x300.jpg 200w, https:\/\/ninamartinelli.com.br\/blog2\/wp-content\/uploads\/2026\/01\/MG_1138-HDR-683x1024.jpg 683w, https:\/\/ninamartinelli.com.br\/blog2\/wp-content\/uploads\/2026\/01\/MG_1138-HDR-768x1152.jpg 768w, https:\/\/ninamartinelli.com.br\/blog2\/wp-content\/uploads\/2026\/01\/MG_1138-HDR-1024x1536.jpg 1024w, https:\/\/ninamartinelli.com.br\/blog2\/wp-content\/uploads\/2026\/01\/MG_1138-HDR-1365x2048.jpg 1365w, https:\/\/ninamartinelli.com.br\/blog2\/wp-content\/uploads\/2026\/01\/MG_1138-HDR-scaled.jpg 1707w\" sizes=\"auto, (max-width: 268px) 100vw, 268px\" \/><\/p>\n<p>&nbsp;<\/p>\n<p><strong>Maturidade profissional expressa na nova casa<\/strong><\/p>\n<p>Mais do que est\u00e9tica, o projeto assume um posicionamento. Um escrit\u00f3rio que entende o lugar que ocupa no mercado \u2014 n\u00e3o por pretens\u00e3o, mas por consist\u00eancia. <em>\u201cEsse espa\u00e7o precisava refletir a maturidade profissional que constru\u00edmos ao longo de mais de 14 anos e aquilo que acreditamos para o futuro\u201d<\/em>, afirma Marcos.<\/p>\n<p>A reforma nasce tamb\u00e9m da necessidade concreta de expans\u00e3o: mais espa\u00e7o para uma equipe em crescimento, mais estrutura para alcan\u00e7ar novos mercados, mais base para levar essa arquitetura sens\u00edvel, brasileira e verdadeira a um n\u00famero cada vez maior de pessoas.<\/p>\n<p>O novo escrit\u00f3rio de Marcos Lula n\u00e3o \u00e9 apenas um endere\u00e7o. \u00c9 uma declara\u00e7\u00e3o silenciosa \u2014 e poderosa \u2014 de valores. Um lugar onde mat\u00e9ria, tempo e verdade caminham juntos. E onde a parceria com a Nina Martinelli segue escrevendo cap\u00edtulos que j\u00e1 se tornaram refer\u00eancia na arquitetura contempor\u00e2nea brasileira.<\/p>\n<p>&nbsp;<\/p>\n<p><strong>Servi\u00e7o:<\/strong><\/p>\n<p><strong>Um espa\u00e7o de autenticidade<\/strong> \u2013 o novo escrit\u00f3rio do arquiteto goiano Marcos Lula<\/p>\n<p><strong>Produtos: <\/strong><\/p>\n<p><strong>Due Vecchio Terracota 7x13cm<\/strong><\/p>\n<p><strong>Brick Allineato Algod\u00e3o 7x26cm<\/strong><\/p>\n<p><strong>Rettangolo Terracota Grigio 9x18cm<\/strong><\/p>\n<p><strong>Projeto:<\/strong> Marcos Lula<\/p>\n<p><strong>Instagram:<\/strong> @arqmarcoslula<\/p>\n<p><strong>Imagens<\/strong>: Heitor Rocha<\/p>\n<p><strong>Instagram:<\/strong> @heitorrocha.foto<\/p>\n","protected":false},"excerpt":{"rendered":"<p>Um espa\u00e7o de autenticidade &#8211; O novo escrit\u00f3rio do arquiteto goiano Marcos Lula \u00e9 exatamente<\/p>\n","protected":false},"author":2,"featured_media":3105,"comment_status":"open","ping_status":"open","sticky":false,"template":"","format":"standard","meta":{"footnotes":""},"categories":[59,1,26,129],"tags":[115,45,192,37,168],"class_list":["post-3104","post","type-post","status-publish","format-standard","has-post-thumbnail","hentry","category-ceramica","category-nina-martinelli","category-revestimentos","category-sustentabilidade","tag-area-gourmet","tag-ceramica","tag-escolha-do-especificador","tag-parede","tag-producao-artesanal"],"yoast_head":"<!-- This site is optimized with the Yoast SEO plugin v26.8 - https:\/\/yoast.com\/product\/yoast-seo-wordpress\/ -->\n<title>Um espa\u00e7o de autenticidade: o novo escrit\u00f3rio de Marcos Lula, com acabamentos Nina Martinelli<\/title>\n<meta name=\"description\" content=\"Um espa\u00e7o de autenticidade - venha conhecer mais sobre o novo escrit\u00f3rio deste talento goiano da arquitetura, Marcos Lula\" \/>\n<meta name=\"robots\" content=\"index, follow, max-snippet:-1, max-image-preview:large, max-video-preview:-1\" \/>\n<link rel=\"canonical\" href=\"https:\/\/ninamartinelli.com.br\/blog2\/um-espaco-de-autenticidade-o-novo-escritorio-de-marcos-lula-com-acabamentos-nina-martinelli\/\" \/>\n<meta property=\"og:locale\" content=\"pt_BR\" \/>\n<meta property=\"og:type\" content=\"article\" \/>\n<meta property=\"og:title\" content=\"Um espa\u00e7o de autenticidade: o novo escrit\u00f3rio de Marcos Lula, com acabamentos Nina Martinelli\" \/>\n<meta property=\"og:description\" content=\"Um espa\u00e7o de autenticidade - venha conhecer mais sobre o novo escrit\u00f3rio deste talento goiano da arquitetura, Marcos Lula\" \/>\n<meta property=\"og:url\" content=\"https:\/\/ninamartinelli.com.br\/blog2\/um-espaco-de-autenticidade-o-novo-escritorio-de-marcos-lula-com-acabamentos-nina-martinelli\/\" \/>\n<meta property=\"og:site_name\" content=\"Blog Nina\" \/>\n<meta property=\"article:published_time\" content=\"2026-01-14T11:30:59+00:00\" \/>\n<meta property=\"og:image\" content=\"https:\/\/ninamartinelli.com.br\/blog2\/wp-content\/uploads\/2026\/01\/escr-marcos-lula-1-scaled.jpg\" \/>\n\t<meta property=\"og:image:width\" content=\"1707\" \/>\n\t<meta property=\"og:image:height\" content=\"2560\" \/>\n\t<meta property=\"og:image:type\" content=\"image\/jpeg\" \/>\n<meta name=\"author\" content=\"Ana Maria Devides\" \/>\n<meta name=\"twitter:card\" content=\"summary_large_image\" \/>\n<meta name=\"twitter:label1\" content=\"Escrito por\" \/>\n\t<meta name=\"twitter:data1\" content=\"Ana Maria Devides\" \/>\n\t<meta name=\"twitter:label2\" content=\"Est. tempo de leitura\" \/>\n\t<meta name=\"twitter:data2\" content=\"7 minutos\" \/>\n<script type=\"application\/ld+json\" class=\"yoast-schema-graph\">{\"@context\":\"https:\/\/schema.org\",\"@graph\":[{\"@type\":\"Article\",\"@id\":\"https:\/\/ninamartinelli.com.br\/blog2\/um-espaco-de-autenticidade-o-novo-escritorio-de-marcos-lula-com-acabamentos-nina-martinelli\/#article\",\"isPartOf\":{\"@id\":\"https:\/\/ninamartinelli.com.br\/blog2\/um-espaco-de-autenticidade-o-novo-escritorio-de-marcos-lula-com-acabamentos-nina-martinelli\/\"},\"author\":{\"name\":\"Ana Maria Devides\",\"@id\":\"https:\/\/ninamartinelli.com.br\/blog2\/#\/schema\/person\/43fbfb1d4cbe3b472995206b2bb06df5\"},\"headline\":\"Um espa\u00e7o de autenticidade: o novo escrit\u00f3rio de Marcos Lula, com acabamentos Nina Martinelli\",\"datePublished\":\"2026-01-14T11:30:59+00:00\",\"mainEntityOfPage\":{\"@id\":\"https:\/\/ninamartinelli.com.br\/blog2\/um-espaco-de-autenticidade-o-novo-escritorio-de-marcos-lula-com-acabamentos-nina-martinelli\/\"},\"wordCount\":919,\"commentCount\":0,\"publisher\":{\"@id\":\"https:\/\/ninamartinelli.com.br\/blog2\/#organization\"},\"image\":{\"@id\":\"https:\/\/ninamartinelli.com.br\/blog2\/um-espaco-de-autenticidade-o-novo-escritorio-de-marcos-lula-com-acabamentos-nina-martinelli\/#primaryimage\"},\"thumbnailUrl\":\"https:\/\/ninamartinelli.com.br\/blog2\/wp-content\/uploads\/2026\/01\/escr-marcos-lula-1-scaled.jpg\",\"keywords\":[\"area gourmet\",\"ceramica\",\"Escolha do especificador\",\"parede\",\"produ\u00e7\u00e3o artesanal\"],\"articleSection\":[\"Cer\u00e2mica\",\"Nina Martinelli\",\"Revestimentos\",\"Sustentabilidade\"],\"inLanguage\":\"pt-BR\",\"potentialAction\":[{\"@type\":\"CommentAction\",\"name\":\"Comment\",\"target\":[\"https:\/\/ninamartinelli.com.br\/blog2\/um-espaco-de-autenticidade-o-novo-escritorio-de-marcos-lula-com-acabamentos-nina-martinelli\/#respond\"]}]},{\"@type\":\"WebPage\",\"@id\":\"https:\/\/ninamartinelli.com.br\/blog2\/um-espaco-de-autenticidade-o-novo-escritorio-de-marcos-lula-com-acabamentos-nina-martinelli\/\",\"url\":\"https:\/\/ninamartinelli.com.br\/blog2\/um-espaco-de-autenticidade-o-novo-escritorio-de-marcos-lula-com-acabamentos-nina-martinelli\/\",\"name\":\"Um espa\u00e7o de autenticidade: o novo escrit\u00f3rio de Marcos Lula, com acabamentos Nina Martinelli\",\"isPartOf\":{\"@id\":\"https:\/\/ninamartinelli.com.br\/blog2\/#website\"},\"primaryImageOfPage\":{\"@id\":\"https:\/\/ninamartinelli.com.br\/blog2\/um-espaco-de-autenticidade-o-novo-escritorio-de-marcos-lula-com-acabamentos-nina-martinelli\/#primaryimage\"},\"image\":{\"@id\":\"https:\/\/ninamartinelli.com.br\/blog2\/um-espaco-de-autenticidade-o-novo-escritorio-de-marcos-lula-com-acabamentos-nina-martinelli\/#primaryimage\"},\"thumbnailUrl\":\"https:\/\/ninamartinelli.com.br\/blog2\/wp-content\/uploads\/2026\/01\/escr-marcos-lula-1-scaled.jpg\",\"datePublished\":\"2026-01-14T11:30:59+00:00\",\"description\":\"Um espa\u00e7o de autenticidade - venha conhecer mais sobre o novo escrit\u00f3rio deste talento goiano da arquitetura, Marcos Lula\",\"breadcrumb\":{\"@id\":\"https:\/\/ninamartinelli.com.br\/blog2\/um-espaco-de-autenticidade-o-novo-escritorio-de-marcos-lula-com-acabamentos-nina-martinelli\/#breadcrumb\"},\"inLanguage\":\"pt-BR\",\"potentialAction\":[{\"@type\":\"ReadAction\",\"target\":[\"https:\/\/ninamartinelli.com.br\/blog2\/um-espaco-de-autenticidade-o-novo-escritorio-de-marcos-lula-com-acabamentos-nina-martinelli\/\"]}]},{\"@type\":\"ImageObject\",\"inLanguage\":\"pt-BR\",\"@id\":\"https:\/\/ninamartinelli.com.br\/blog2\/um-espaco-de-autenticidade-o-novo-escritorio-de-marcos-lula-com-acabamentos-nina-martinelli\/#primaryimage\",\"url\":\"https:\/\/ninamartinelli.com.br\/blog2\/wp-content\/uploads\/2026\/01\/escr-marcos-lula-1-scaled.jpg\",\"contentUrl\":\"https:\/\/ninamartinelli.com.br\/blog2\/wp-content\/uploads\/2026\/01\/escr-marcos-lula-1-scaled.jpg\",\"width\":1707,\"height\":2560},{\"@type\":\"BreadcrumbList\",\"@id\":\"https:\/\/ninamartinelli.com.br\/blog2\/um-espaco-de-autenticidade-o-novo-escritorio-de-marcos-lula-com-acabamentos-nina-martinelli\/#breadcrumb\",\"itemListElement\":[{\"@type\":\"ListItem\",\"position\":1,\"name\":\"In\u00edcio\",\"item\":\"https:\/\/ninamartinelli.com.br\/blog2\/\"},{\"@type\":\"ListItem\",\"position\":2,\"name\":\"Um espa\u00e7o de autenticidade: o novo escrit\u00f3rio de Marcos Lula, com acabamentos Nina Martinelli\"}]},{\"@type\":\"WebSite\",\"@id\":\"https:\/\/ninamartinelli.com.br\/blog2\/#website\",\"url\":\"https:\/\/ninamartinelli.com.br\/blog2\/\",\"name\":\"Nina Martinelli\",\"description\":\"#Nina_Martinelli\",\"publisher\":{\"@id\":\"https:\/\/ninamartinelli.com.br\/blog2\/#organization\"},\"potentialAction\":[{\"@type\":\"SearchAction\",\"target\":{\"@type\":\"EntryPoint\",\"urlTemplate\":\"https:\/\/ninamartinelli.com.br\/blog2\/?s={search_term_string}\"},\"query-input\":{\"@type\":\"PropertyValueSpecification\",\"valueRequired\":true,\"valueName\":\"search_term_string\"}}],\"inLanguage\":\"pt-BR\"},{\"@type\":\"Organization\",\"@id\":\"https:\/\/ninamartinelli.com.br\/blog2\/#organization\",\"name\":\"Blog Novidades\",\"url\":\"https:\/\/ninamartinelli.com.br\/blog2\/\",\"logo\":{\"@type\":\"ImageObject\",\"inLanguage\":\"pt-BR\",\"@id\":\"https:\/\/ninamartinelli.com.br\/blog2\/#\/schema\/logo\/image\/\",\"url\":\"http:\/\/blog.ninamartinelli.com.br\/wp-content\/uploads\/2022\/03\/logo_nina_blog.png\",\"contentUrl\":\"http:\/\/blog.ninamartinelli.com.br\/wp-content\/uploads\/2022\/03\/logo_nina_blog.png\",\"width\":500,\"height\":104,\"caption\":\"Blog Novidades\"},\"image\":{\"@id\":\"https:\/\/ninamartinelli.com.br\/blog2\/#\/schema\/logo\/image\/\"}},{\"@type\":\"Person\",\"@id\":\"https:\/\/ninamartinelli.com.br\/blog2\/#\/schema\/person\/43fbfb1d4cbe3b472995206b2bb06df5\",\"name\":\"Ana Maria Devides\",\"image\":{\"@type\":\"ImageObject\",\"inLanguage\":\"pt-BR\",\"@id\":\"https:\/\/ninamartinelli.com.br\/blog2\/#\/schema\/person\/image\/\",\"url\":\"https:\/\/secure.gravatar.com\/avatar\/a03a82675d8bb3da8e5c5a6872db97be?s=96&d=mm&r=g\",\"contentUrl\":\"https:\/\/secure.gravatar.com\/avatar\/a03a82675d8bb3da8e5c5a6872db97be?s=96&d=mm&r=g\",\"caption\":\"Ana Maria Devides\"},\"url\":\"https:\/\/ninamartinelli.com.br\/blog2\/author\/assessoria-nina-martinelli\/\"}]}<\/script>\n<!-- \/ Yoast SEO plugin. -->","yoast_head_json":{"title":"Um espa\u00e7o de autenticidade: o novo escrit\u00f3rio de Marcos Lula, com acabamentos Nina Martinelli","description":"Um espa\u00e7o de autenticidade - venha conhecer mais sobre o novo escrit\u00f3rio deste talento goiano da arquitetura, Marcos Lula","robots":{"index":"index","follow":"follow","max-snippet":"max-snippet:-1","max-image-preview":"max-image-preview:large","max-video-preview":"max-video-preview:-1"},"canonical":"https:\/\/ninamartinelli.com.br\/blog2\/um-espaco-de-autenticidade-o-novo-escritorio-de-marcos-lula-com-acabamentos-nina-martinelli\/","og_locale":"pt_BR","og_type":"article","og_title":"Um espa\u00e7o de autenticidade: o novo escrit\u00f3rio de Marcos Lula, com acabamentos Nina Martinelli","og_description":"Um espa\u00e7o de autenticidade - venha conhecer mais sobre o novo escrit\u00f3rio deste talento goiano da arquitetura, Marcos Lula","og_url":"https:\/\/ninamartinelli.com.br\/blog2\/um-espaco-de-autenticidade-o-novo-escritorio-de-marcos-lula-com-acabamentos-nina-martinelli\/","og_site_name":"Blog Nina","article_published_time":"2026-01-14T11:30:59+00:00","og_image":[{"width":1707,"height":2560,"url":"https:\/\/ninamartinelli.com.br\/blog2\/wp-content\/uploads\/2026\/01\/escr-marcos-lula-1-scaled.jpg","type":"image\/jpeg"}],"author":"Ana Maria Devides","twitter_card":"summary_large_image","twitter_misc":{"Escrito por":"Ana Maria Devides","Est. tempo de leitura":"7 minutos"},"schema":{"@context":"https:\/\/schema.org","@graph":[{"@type":"Article","@id":"https:\/\/ninamartinelli.com.br\/blog2\/um-espaco-de-autenticidade-o-novo-escritorio-de-marcos-lula-com-acabamentos-nina-martinelli\/#article","isPartOf":{"@id":"https:\/\/ninamartinelli.com.br\/blog2\/um-espaco-de-autenticidade-o-novo-escritorio-de-marcos-lula-com-acabamentos-nina-martinelli\/"},"author":{"name":"Ana Maria Devides","@id":"https:\/\/ninamartinelli.com.br\/blog2\/#\/schema\/person\/43fbfb1d4cbe3b472995206b2bb06df5"},"headline":"Um espa\u00e7o de autenticidade: o novo escrit\u00f3rio de Marcos Lula, com acabamentos Nina Martinelli","datePublished":"2026-01-14T11:30:59+00:00","mainEntityOfPage":{"@id":"https:\/\/ninamartinelli.com.br\/blog2\/um-espaco-de-autenticidade-o-novo-escritorio-de-marcos-lula-com-acabamentos-nina-martinelli\/"},"wordCount":919,"commentCount":0,"publisher":{"@id":"https:\/\/ninamartinelli.com.br\/blog2\/#organization"},"image":{"@id":"https:\/\/ninamartinelli.com.br\/blog2\/um-espaco-de-autenticidade-o-novo-escritorio-de-marcos-lula-com-acabamentos-nina-martinelli\/#primaryimage"},"thumbnailUrl":"https:\/\/ninamartinelli.com.br\/blog2\/wp-content\/uploads\/2026\/01\/escr-marcos-lula-1-scaled.jpg","keywords":["area gourmet","ceramica","Escolha do especificador","parede","produ\u00e7\u00e3o artesanal"],"articleSection":["Cer\u00e2mica","Nina Martinelli","Revestimentos","Sustentabilidade"],"inLanguage":"pt-BR","potentialAction":[{"@type":"CommentAction","name":"Comment","target":["https:\/\/ninamartinelli.com.br\/blog2\/um-espaco-de-autenticidade-o-novo-escritorio-de-marcos-lula-com-acabamentos-nina-martinelli\/#respond"]}]},{"@type":"WebPage","@id":"https:\/\/ninamartinelli.com.br\/blog2\/um-espaco-de-autenticidade-o-novo-escritorio-de-marcos-lula-com-acabamentos-nina-martinelli\/","url":"https:\/\/ninamartinelli.com.br\/blog2\/um-espaco-de-autenticidade-o-novo-escritorio-de-marcos-lula-com-acabamentos-nina-martinelli\/","name":"Um espa\u00e7o de autenticidade: o novo escrit\u00f3rio de Marcos Lula, com acabamentos Nina Martinelli","isPartOf":{"@id":"https:\/\/ninamartinelli.com.br\/blog2\/#website"},"primaryImageOfPage":{"@id":"https:\/\/ninamartinelli.com.br\/blog2\/um-espaco-de-autenticidade-o-novo-escritorio-de-marcos-lula-com-acabamentos-nina-martinelli\/#primaryimage"},"image":{"@id":"https:\/\/ninamartinelli.com.br\/blog2\/um-espaco-de-autenticidade-o-novo-escritorio-de-marcos-lula-com-acabamentos-nina-martinelli\/#primaryimage"},"thumbnailUrl":"https:\/\/ninamartinelli.com.br\/blog2\/wp-content\/uploads\/2026\/01\/escr-marcos-lula-1-scaled.jpg","datePublished":"2026-01-14T11:30:59+00:00","description":"Um espa\u00e7o de autenticidade - venha conhecer mais sobre o novo escrit\u00f3rio deste talento goiano da arquitetura, Marcos Lula","breadcrumb":{"@id":"https:\/\/ninamartinelli.com.br\/blog2\/um-espaco-de-autenticidade-o-novo-escritorio-de-marcos-lula-com-acabamentos-nina-martinelli\/#breadcrumb"},"inLanguage":"pt-BR","potentialAction":[{"@type":"ReadAction","target":["https:\/\/ninamartinelli.com.br\/blog2\/um-espaco-de-autenticidade-o-novo-escritorio-de-marcos-lula-com-acabamentos-nina-martinelli\/"]}]},{"@type":"ImageObject","inLanguage":"pt-BR","@id":"https:\/\/ninamartinelli.com.br\/blog2\/um-espaco-de-autenticidade-o-novo-escritorio-de-marcos-lula-com-acabamentos-nina-martinelli\/#primaryimage","url":"https:\/\/ninamartinelli.com.br\/blog2\/wp-content\/uploads\/2026\/01\/escr-marcos-lula-1-scaled.jpg","contentUrl":"https:\/\/ninamartinelli.com.br\/blog2\/wp-content\/uploads\/2026\/01\/escr-marcos-lula-1-scaled.jpg","width":1707,"height":2560},{"@type":"BreadcrumbList","@id":"https:\/\/ninamartinelli.com.br\/blog2\/um-espaco-de-autenticidade-o-novo-escritorio-de-marcos-lula-com-acabamentos-nina-martinelli\/#breadcrumb","itemListElement":[{"@type":"ListItem","position":1,"name":"In\u00edcio","item":"https:\/\/ninamartinelli.com.br\/blog2\/"},{"@type":"ListItem","position":2,"name":"Um espa\u00e7o de autenticidade: o novo escrit\u00f3rio de Marcos Lula, com acabamentos Nina Martinelli"}]},{"@type":"WebSite","@id":"https:\/\/ninamartinelli.com.br\/blog2\/#website","url":"https:\/\/ninamartinelli.com.br\/blog2\/","name":"Nina Martinelli","description":"#Nina_Martinelli","publisher":{"@id":"https:\/\/ninamartinelli.com.br\/blog2\/#organization"},"potentialAction":[{"@type":"SearchAction","target":{"@type":"EntryPoint","urlTemplate":"https:\/\/ninamartinelli.com.br\/blog2\/?s={search_term_string}"},"query-input":{"@type":"PropertyValueSpecification","valueRequired":true,"valueName":"search_term_string"}}],"inLanguage":"pt-BR"},{"@type":"Organization","@id":"https:\/\/ninamartinelli.com.br\/blog2\/#organization","name":"Blog Novidades","url":"https:\/\/ninamartinelli.com.br\/blog2\/","logo":{"@type":"ImageObject","inLanguage":"pt-BR","@id":"https:\/\/ninamartinelli.com.br\/blog2\/#\/schema\/logo\/image\/","url":"http:\/\/blog.ninamartinelli.com.br\/wp-content\/uploads\/2022\/03\/logo_nina_blog.png","contentUrl":"http:\/\/blog.ninamartinelli.com.br\/wp-content\/uploads\/2022\/03\/logo_nina_blog.png","width":500,"height":104,"caption":"Blog Novidades"},"image":{"@id":"https:\/\/ninamartinelli.com.br\/blog2\/#\/schema\/logo\/image\/"}},{"@type":"Person","@id":"https:\/\/ninamartinelli.com.br\/blog2\/#\/schema\/person\/43fbfb1d4cbe3b472995206b2bb06df5","name":"Ana Maria Devides","image":{"@type":"ImageObject","inLanguage":"pt-BR","@id":"https:\/\/ninamartinelli.com.br\/blog2\/#\/schema\/person\/image\/","url":"https:\/\/secure.gravatar.com\/avatar\/a03a82675d8bb3da8e5c5a6872db97be?s=96&d=mm&r=g","contentUrl":"https:\/\/secure.gravatar.com\/avatar\/a03a82675d8bb3da8e5c5a6872db97be?s=96&d=mm&r=g","caption":"Ana Maria Devides"},"url":"https:\/\/ninamartinelli.com.br\/blog2\/author\/assessoria-nina-martinelli\/"}]}},"_links":{"self":[{"href":"https:\/\/ninamartinelli.com.br\/blog2\/wp-json\/wp\/v2\/posts\/3104","targetHints":{"allow":["GET"]}}],"collection":[{"href":"https:\/\/ninamartinelli.com.br\/blog2\/wp-json\/wp\/v2\/posts"}],"about":[{"href":"https:\/\/ninamartinelli.com.br\/blog2\/wp-json\/wp\/v2\/types\/post"}],"author":[{"embeddable":true,"href":"https:\/\/ninamartinelli.com.br\/blog2\/wp-json\/wp\/v2\/users\/2"}],"replies":[{"embeddable":true,"href":"https:\/\/ninamartinelli.com.br\/blog2\/wp-json\/wp\/v2\/comments?post=3104"}],"version-history":[{"count":1,"href":"https:\/\/ninamartinelli.com.br\/blog2\/wp-json\/wp\/v2\/posts\/3104\/revisions"}],"predecessor-version":[{"id":3115,"href":"https:\/\/ninamartinelli.com.br\/blog2\/wp-json\/wp\/v2\/posts\/3104\/revisions\/3115"}],"wp:featuredmedia":[{"embeddable":true,"href":"https:\/\/ninamartinelli.com.br\/blog2\/wp-json\/wp\/v2\/media\/3105"}],"wp:attachment":[{"href":"https:\/\/ninamartinelli.com.br\/blog2\/wp-json\/wp\/v2\/media?parent=3104"}],"wp:term":[{"taxonomy":"category","embeddable":true,"href":"https:\/\/ninamartinelli.com.br\/blog2\/wp-json\/wp\/v2\/categories?post=3104"},{"taxonomy":"post_tag","embeddable":true,"href":"https:\/\/ninamartinelli.com.br\/blog2\/wp-json\/wp\/v2\/tags?post=3104"}],"curies":[{"name":"wp","href":"https:\/\/api.w.org\/{rel}","templated":true}]}}