{"id":3066,"date":"2025-12-10T08:30:19","date_gmt":"2025-12-10T11:30:19","guid":{"rendered":"https:\/\/ninamartinelli.com.br\/blog2\/?p=3066"},"modified":"2025-12-09T09:44:13","modified_gmt":"2025-12-09T12:44:13","slug":"casa-que-respira-afeto-ceramica-natural-linea-pietra-paglia-une-essencia-e-aconchego-em-residencia-de-paulinia-sp","status":"publish","type":"post","link":"https:\/\/ninamartinelli.com.br\/blog2\/casa-que-respira-afeto-ceramica-natural-linea-pietra-paglia-une-essencia-e-aconchego-em-residencia-de-paulinia-sp\/","title":{"rendered":"Casa que respira afeto: Cer\u00e2mica natural Linea Pietra Paglia une ess\u00eancia e aconchego em resid\u00eancia de Paul\u00ednia\/SP"},"content":{"rendered":"<p>Casa que respira afeto &#8211; Alguns projetos carregam mais do que escolhas t\u00e9cnicas \u2014 carregam alma. E quando o lar em quest\u00e3o pertence \u00e0 pr\u00f3pria designer de interiores que o assina, tudo ganha uma dimens\u00e3o ainda mais profunda.<\/p>\n<p>Em Paul\u00ednia (SP), Ericca Gon\u00e7alves, da Volar Interiores, decidiu transformar sua pr\u00f3pria casa em um ref\u00fagio urbano para viver um novo ciclo ao lado do marido, do filho pequeno \u2014 e agora, \u00e0 espera do segundo. Era preciso que cada detalhe traduzisse simplicidade, afeto e aquela sensa\u00e7\u00e3o doce de \u201cvoltar para casa\u201d.<\/p>\n<p>O pedido, ainda que dito em palavras simples, carregava um mundo de significados: uma casa com cara de descanso, com cheiro de aconchego, com f\u00f4lego inspirador no meio da cidade.<\/p>\n<p>N\u00e3o era uma reforma comum. Era um reencontro. E, para isso, Ericca buscou materiais que conversassem com a ess\u00eancia da constru\u00e7\u00e3o, e n\u00e3o apenas com tend\u00eancias est\u00e9ticas ou modismos passageiros. O projeto pedia algo verdadeiro, quente, humano.<\/p>\n<p><strong>A lajotinha L\u00ednea Pietra Paglia<\/strong><\/p>\n<p>\u00c9 exatamente a\u00ed que entra a escolha que transformou as varandas e definiu a atmosfera da casa: a cer\u00e2mica natural <a href=\"https:\/\/ninamartinelli.com.br\/produtos\/linea-pietra-paglia\/\">L\u00ednea Pietra Paglia<\/a> 24 x 24cm, da Nina Martinelli.<\/p>\n<p>Um produto que honra o passado, acolhe o presente e tem for\u00e7a para atravessar o futuro. A famosa \u201clajotinha\u201d da marca, a Linha Pietra traz aquele charme irresist\u00edvel dos terra\u00e7os e quintais de antigamente \u2014 por\u00e9m reinterpretado com a modernidade dos espa\u00e7os acolhedores, r\u00fasticos e marcantes que desejamos hoje. Feita em cer\u00e2mica artesanal, \u00e9 uma pe\u00e7a que combina beleza, versatilidade e resist\u00eancia em um equil\u00edbrio dif\u00edcil de encontrar.<\/p>\n<p>O modelo \u00e9 produzido em diversas dimens\u00f5es (5,2 x 5,2 \/ 11,5 x 11,5 \/ 24 x 24 \/ 11,5 x 24 \/ 5,2 x 11,5 \/ 5,2 x 24 cm) e pode ser aplicada tanto em ambientes internos quanto externos, preservando sempre a mesma autenticidade material. A marca tamb\u00e9m disponibiliza o modelo no tom Rosso.<\/p>\n<p>Nos ambientes externos da casa, o revestimento fez aquilo que grandes materiais fazem quase sem esfor\u00e7o: completou o que faltava. Sua textura suave, sua naturalidade aparente e sua paleta terrosa criaram uma continuidade elegante entre a arquitetura e o jardim, como se o piso sempre tivesse pertencido \u00e0quele cen\u00e1rio.<\/p>\n<p><img loading=\"lazy\" decoding=\"async\" class=\"alignnone  wp-image-3068\" src=\"https:\/\/ninamartinelli.com.br\/blog2\/wp-content\/uploads\/2025\/12\/Linea-Pietra-Paglia-24x24-Volar-Interiores-Casa-Vermelha-REDIM1-194x300.jpg\" alt=\"\" width=\"301\" height=\"465\" srcset=\"https:\/\/ninamartinelli.com.br\/blog2\/wp-content\/uploads\/2025\/12\/Linea-Pietra-Paglia-24x24-Volar-Interiores-Casa-Vermelha-REDIM1-194x300.jpg 194w, https:\/\/ninamartinelli.com.br\/blog2\/wp-content\/uploads\/2025\/12\/Linea-Pietra-Paglia-24x24-Volar-Interiores-Casa-Vermelha-REDIM1-661x1024.jpg 661w, https:\/\/ninamartinelli.com.br\/blog2\/wp-content\/uploads\/2025\/12\/Linea-Pietra-Paglia-24x24-Volar-Interiores-Casa-Vermelha-REDIM1-768x1189.jpg 768w, https:\/\/ninamartinelli.com.br\/blog2\/wp-content\/uploads\/2025\/12\/Linea-Pietra-Paglia-24x24-Volar-Interiores-Casa-Vermelha-REDIM1-992x1536.jpg 992w, https:\/\/ninamartinelli.com.br\/blog2\/wp-content\/uploads\/2025\/12\/Linea-Pietra-Paglia-24x24-Volar-Interiores-Casa-Vermelha-REDIM1-1323x2048.jpg 1323w, https:\/\/ninamartinelli.com.br\/blog2\/wp-content\/uploads\/2025\/12\/Linea-Pietra-Paglia-24x24-Volar-Interiores-Casa-Vermelha-REDIM1-1024x1586.jpg 1024w, https:\/\/ninamartinelli.com.br\/blog2\/wp-content\/uploads\/2025\/12\/Linea-Pietra-Paglia-24x24-Volar-Interiores-Casa-Vermelha-REDIM1-scaled.jpg 1653w\" sizes=\"auto, (max-width: 301px) 100vw, 301px\" \/>\u00a0 \u00a0 \u00a0 \u00a0 \u00a0 \u00a0 \u00a0 \u00a0 \u00a0 \u00a0 \u00a0 \u00a0 \u00a0<img loading=\"lazy\" decoding=\"async\" class=\"alignnone  wp-image-3069\" src=\"https:\/\/ninamartinelli.com.br\/blog2\/wp-content\/uploads\/2025\/12\/Linea-Pietra-Paglia-24x24-Volar-Interiores-Casa-Vermelha-REDIM5-207x300.jpg\" alt=\"\" width=\"319\" height=\"463\" srcset=\"https:\/\/ninamartinelli.com.br\/blog2\/wp-content\/uploads\/2025\/12\/Linea-Pietra-Paglia-24x24-Volar-Interiores-Casa-Vermelha-REDIM5-207x300.jpg 207w, https:\/\/ninamartinelli.com.br\/blog2\/wp-content\/uploads\/2025\/12\/Linea-Pietra-Paglia-24x24-Volar-Interiores-Casa-Vermelha-REDIM5-706x1024.jpg 706w, https:\/\/ninamartinelli.com.br\/blog2\/wp-content\/uploads\/2025\/12\/Linea-Pietra-Paglia-24x24-Volar-Interiores-Casa-Vermelha-REDIM5-768x1113.jpg 768w, https:\/\/ninamartinelli.com.br\/blog2\/wp-content\/uploads\/2025\/12\/Linea-Pietra-Paglia-24x24-Volar-Interiores-Casa-Vermelha-REDIM5-1060x1536.jpg 1060w, https:\/\/ninamartinelli.com.br\/blog2\/wp-content\/uploads\/2025\/12\/Linea-Pietra-Paglia-24x24-Volar-Interiores-Casa-Vermelha-REDIM5-1413x2048.jpg 1413w, https:\/\/ninamartinelli.com.br\/blog2\/wp-content\/uploads\/2025\/12\/Linea-Pietra-Paglia-24x24-Volar-Interiores-Casa-Vermelha-REDIM5-1024x1484.jpg 1024w, https:\/\/ninamartinelli.com.br\/blog2\/wp-content\/uploads\/2025\/12\/Linea-Pietra-Paglia-24x24-Volar-Interiores-Casa-Vermelha-REDIM5-scaled.jpg 1766w\" sizes=\"auto, (max-width: 319px) 100vw, 319px\" \/><\/p>\n<p>O contraste entre o artesanal do piso e o verde vivo da vegeta\u00e7\u00e3o ganhou uma for\u00e7a po\u00e9tica \u2014 um encontro sens\u00edvel entre o que \u00e9 feito pela natureza e o que \u00e9 Feito \u00e0 M\u00e3o, por artes\u00e3os que colocam inten\u00e7\u00e3o em cada pe\u00e7a. Afinal, na Nina Martinelli, cada produto nasce com prop\u00f3sito: Feitos Por Pessoas, Para Pessoas.<\/p>\n<p>E h\u00e1, como j\u00e1 dissemos, um detalhe essencial nessa hist\u00f3ria: a casa \u00e9 da pr\u00f3pria designer. Erica \u00e9 especificadora experiente, com olhar t\u00e9cnico apurado e profundo conhecimento de materiais, texturas e processos de fabrica\u00e7\u00e3o.<\/p>\n<p>Portanto, quando uma profissional com esse repert\u00f3rio escolhe um produto da Nina Martinelli para o pr\u00f3prio lar, isso transcende o uso \u2014 torna-se afirma\u00e7\u00e3o de confian\u00e7a, respeito e identifica\u00e7\u00e3o.<\/p>\n<p><img loading=\"lazy\" decoding=\"async\" class=\"alignnone  wp-image-3070\" src=\"https:\/\/ninamartinelli.com.br\/blog2\/wp-content\/uploads\/2025\/12\/Linea-Pietra-Paglia-24x24-Volar-Interiores-Casa-Vermelha-REDIM1-1-194x300.jpg\" alt=\"\" width=\"298\" height=\"461\" srcset=\"https:\/\/ninamartinelli.com.br\/blog2\/wp-content\/uploads\/2025\/12\/Linea-Pietra-Paglia-24x24-Volar-Interiores-Casa-Vermelha-REDIM1-1-194x300.jpg 194w, https:\/\/ninamartinelli.com.br\/blog2\/wp-content\/uploads\/2025\/12\/Linea-Pietra-Paglia-24x24-Volar-Interiores-Casa-Vermelha-REDIM1-1-661x1024.jpg 661w, https:\/\/ninamartinelli.com.br\/blog2\/wp-content\/uploads\/2025\/12\/Linea-Pietra-Paglia-24x24-Volar-Interiores-Casa-Vermelha-REDIM1-1-768x1189.jpg 768w, https:\/\/ninamartinelli.com.br\/blog2\/wp-content\/uploads\/2025\/12\/Linea-Pietra-Paglia-24x24-Volar-Interiores-Casa-Vermelha-REDIM1-1-992x1536.jpg 992w, https:\/\/ninamartinelli.com.br\/blog2\/wp-content\/uploads\/2025\/12\/Linea-Pietra-Paglia-24x24-Volar-Interiores-Casa-Vermelha-REDIM1-1-1323x2048.jpg 1323w, https:\/\/ninamartinelli.com.br\/blog2\/wp-content\/uploads\/2025\/12\/Linea-Pietra-Paglia-24x24-Volar-Interiores-Casa-Vermelha-REDIM1-1-1024x1586.jpg 1024w, https:\/\/ninamartinelli.com.br\/blog2\/wp-content\/uploads\/2025\/12\/Linea-Pietra-Paglia-24x24-Volar-Interiores-Casa-Vermelha-REDIM1-1-scaled.jpg 1653w\" sizes=\"auto, (max-width: 298px) 100vw, 298px\" \/>\u00a0 \u00a0 \u00a0 \u00a0 \u00a0 \u00a0 \u00a0 \u00a0 \u00a0 \u00a0 <img loading=\"lazy\" decoding=\"async\" class=\"alignnone  wp-image-3071\" src=\"https:\/\/ninamartinelli.com.br\/blog2\/wp-content\/uploads\/2025\/12\/Linea-Pietra-Paglia-24x24-Volar-Interiores-Casa-Vermelha-REDIM6-200x300.jpg\" alt=\"\" width=\"307\" height=\"461\" srcset=\"https:\/\/ninamartinelli.com.br\/blog2\/wp-content\/uploads\/2025\/12\/Linea-Pietra-Paglia-24x24-Volar-Interiores-Casa-Vermelha-REDIM6-200x300.jpg 200w, https:\/\/ninamartinelli.com.br\/blog2\/wp-content\/uploads\/2025\/12\/Linea-Pietra-Paglia-24x24-Volar-Interiores-Casa-Vermelha-REDIM6-683x1024.jpg 683w, https:\/\/ninamartinelli.com.br\/blog2\/wp-content\/uploads\/2025\/12\/Linea-Pietra-Paglia-24x24-Volar-Interiores-Casa-Vermelha-REDIM6-768x1152.jpg 768w, https:\/\/ninamartinelli.com.br\/blog2\/wp-content\/uploads\/2025\/12\/Linea-Pietra-Paglia-24x24-Volar-Interiores-Casa-Vermelha-REDIM6-1024x1536.jpg 1024w, https:\/\/ninamartinelli.com.br\/blog2\/wp-content\/uploads\/2025\/12\/Linea-Pietra-Paglia-24x24-Volar-Interiores-Casa-Vermelha-REDIM6-1365x2048.jpg 1365w, https:\/\/ninamartinelli.com.br\/blog2\/wp-content\/uploads\/2025\/12\/Linea-Pietra-Paglia-24x24-Volar-Interiores-Casa-Vermelha-REDIM6-scaled.jpg 1707w\" sizes=\"auto, (max-width: 307px) 100vw, 307px\" \/><\/p>\n<p>\u00c9 uma valida\u00e7\u00e3o silenciosa, por\u00e9m poderosa, de que o produto entrega exatamente aquilo que promete: verdade, durabilidade e beleza emocional.<\/p>\n<p>O resultado final superou expectativas. Como a designer descreve, <em>\u201co piso foi a escolha perfeita para dar continuidade, conforto e beleza\u201d<\/em>. As varandas, agora revestidas com o Linea Pietra Paglia, tornaram-se extens\u00f5es naturais da casa, espa\u00e7os onde o tempo flui em outro ritmo, mais lento, onde a fam\u00edlia pisa descal\u00e7a, onde o cotidiano encontra delicadeza.<\/p>\n<p>\u00c9 o tipo de material que n\u00e3o apenas comp\u00f5e um projeto \u2014 ele sustenta a atmosfera que o cliente sonha viver. E talvez seja exatamente isso que torna essa escolha t\u00e3o marcante: quando o natural encontra o afeto, o lar finalmente encontra sua verdade.<\/p>\n<p><strong> <img loading=\"lazy\" decoding=\"async\" class=\"wp-image-3072 aligncenter\" src=\"https:\/\/ninamartinelli.com.br\/blog2\/wp-content\/uploads\/2025\/12\/Linea-Pietra-Paglia-24x24-Volar-Interiores-Casa-Vermelha-REDIM8-210x300.jpg\" alt=\"\" width=\"330\" height=\"471\" srcset=\"https:\/\/ninamartinelli.com.br\/blog2\/wp-content\/uploads\/2025\/12\/Linea-Pietra-Paglia-24x24-Volar-Interiores-Casa-Vermelha-REDIM8-210x300.jpg 210w, https:\/\/ninamartinelli.com.br\/blog2\/wp-content\/uploads\/2025\/12\/Linea-Pietra-Paglia-24x24-Volar-Interiores-Casa-Vermelha-REDIM8-717x1024.jpg 717w, https:\/\/ninamartinelli.com.br\/blog2\/wp-content\/uploads\/2025\/12\/Linea-Pietra-Paglia-24x24-Volar-Interiores-Casa-Vermelha-REDIM8-768x1098.jpg 768w, https:\/\/ninamartinelli.com.br\/blog2\/wp-content\/uploads\/2025\/12\/Linea-Pietra-Paglia-24x24-Volar-Interiores-Casa-Vermelha-REDIM8-1075x1536.jpg 1075w, https:\/\/ninamartinelli.com.br\/blog2\/wp-content\/uploads\/2025\/12\/Linea-Pietra-Paglia-24x24-Volar-Interiores-Casa-Vermelha-REDIM8-1433x2048.jpg 1433w, https:\/\/ninamartinelli.com.br\/blog2\/wp-content\/uploads\/2025\/12\/Linea-Pietra-Paglia-24x24-Volar-Interiores-Casa-Vermelha-REDIM8-1024x1463.jpg 1024w, https:\/\/ninamartinelli.com.br\/blog2\/wp-content\/uploads\/2025\/12\/Linea-Pietra-Paglia-24x24-Volar-Interiores-Casa-Vermelha-REDIM8-scaled.jpg 1791w\" sizes=\"auto, (max-width: 330px) 100vw, 330px\" \/><\/strong><\/p>\n<p><strong>Servi\u00e7o<\/strong><\/p>\n<p><strong>Casa que respira afeto \u2013 reforma de resid\u00eancia em Paul\u00ednia-SP<\/strong><\/p>\n<p><strong>Produto: <\/strong>L\u00ednea Pietra Paglia 24x24cm<\/p>\n<p><strong>Projeto: <\/strong>Ericca Gon\u00e7alves<\/p>\n<p><strong>Instagram: <\/strong>@goncalvesericca<\/p>\n<p><strong>Escrit\u00f3rio \u2013 <\/strong>Volar Interiores<\/p>\n<p><strong>Instagram &#8211; <\/strong>@volarinteiores<\/p>\n<p><strong>Imagens &#8211; <\/strong>@jrfioquefotografia<\/p>\n<p><strong>\u00a0<\/strong><\/p>\n","protected":false},"excerpt":{"rendered":"<p>Casa que respira afeto &#8211; Alguns projetos carregam mais do que escolhas t\u00e9cnicas \u2014 carregam<\/p>\n","protected":false},"author":2,"featured_media":3067,"comment_status":"open","ping_status":"open","sticky":false,"template":"","format":"standard","meta":{"footnotes":""},"categories":[59,21,129],"tags":[39,45,25,85,168,131],"class_list":["post-3066","post","type-post","status-publish","format-standard","has-post-thumbnail","hentry","category-ceramica","category-pisos","category-sustentabilidade","tag-area-externa","tag-ceramica","tag-piso-de-ceramica","tag-piso-rustico","tag-producao-artesanal","tag-sustentabilidade"],"yoast_head":"<!-- This site is optimized with the Yoast SEO plugin v26.8 - https:\/\/yoast.com\/product\/yoast-seo-wordpress\/ -->\n<title>Casa que respira afeto: Cer\u00e2mica natural Linea Pietra Paglia une ess\u00eancia e aconchego em resid\u00eancia de Paul\u00ednia\/SP<\/title>\n<meta name=\"description\" content=\"Casa que respira afeto - veja como a naturalidade da cer\u00e2mica abra\u00e7ou essa resid\u00eancia trazendo acolhimento, beleza e personalidade\" \/>\n<meta name=\"robots\" content=\"index, follow, max-snippet:-1, max-image-preview:large, max-video-preview:-1\" \/>\n<link rel=\"canonical\" href=\"https:\/\/ninamartinelli.com.br\/blog2\/casa-que-respira-afeto-ceramica-natural-linea-pietra-paglia-une-essencia-e-aconchego-em-residencia-de-paulinia-sp\/\" \/>\n<meta property=\"og:locale\" content=\"pt_BR\" \/>\n<meta property=\"og:type\" content=\"article\" \/>\n<meta property=\"og:title\" content=\"Casa que respira afeto: Cer\u00e2mica natural Linea Pietra Paglia une ess\u00eancia e aconchego em resid\u00eancia de Paul\u00ednia\/SP\" \/>\n<meta property=\"og:description\" content=\"Casa que respira afeto - veja como a naturalidade da cer\u00e2mica abra\u00e7ou essa resid\u00eancia trazendo acolhimento, beleza e personalidade\" \/>\n<meta property=\"og:url\" content=\"https:\/\/ninamartinelli.com.br\/blog2\/casa-que-respira-afeto-ceramica-natural-linea-pietra-paglia-une-essencia-e-aconchego-em-residencia-de-paulinia-sp\/\" \/>\n<meta property=\"og:site_name\" content=\"Blog Nina\" \/>\n<meta property=\"article:published_time\" content=\"2025-12-10T11:30:19+00:00\" \/>\n<meta property=\"og:image\" content=\"https:\/\/ninamartinelli.com.br\/blog2\/wp-content\/uploads\/2025\/12\/Linea-Pietra-Paglia-24x24-Volar-Interiores-Casa-Vermelha-REDIM4-scaled.jpg\" \/>\n\t<meta property=\"og:image:width\" content=\"1707\" \/>\n\t<meta property=\"og:image:height\" content=\"2560\" \/>\n\t<meta property=\"og:image:type\" content=\"image\/jpeg\" \/>\n<meta name=\"author\" content=\"Ana Maria Devides\" \/>\n<meta name=\"twitter:card\" content=\"summary_large_image\" \/>\n<meta name=\"twitter:label1\" content=\"Escrito por\" \/>\n\t<meta name=\"twitter:data1\" content=\"Ana Maria Devides\" \/>\n\t<meta name=\"twitter:label2\" content=\"Est. tempo de leitura\" \/>\n\t<meta name=\"twitter:data2\" content=\"5 minutos\" \/>\n<script type=\"application\/ld+json\" class=\"yoast-schema-graph\">{\"@context\":\"https:\/\/schema.org\",\"@graph\":[{\"@type\":\"Article\",\"@id\":\"https:\/\/ninamartinelli.com.br\/blog2\/casa-que-respira-afeto-ceramica-natural-linea-pietra-paglia-une-essencia-e-aconchego-em-residencia-de-paulinia-sp\/#article\",\"isPartOf\":{\"@id\":\"https:\/\/ninamartinelli.com.br\/blog2\/casa-que-respira-afeto-ceramica-natural-linea-pietra-paglia-une-essencia-e-aconchego-em-residencia-de-paulinia-sp\/\"},\"author\":{\"name\":\"Ana Maria Devides\",\"@id\":\"https:\/\/ninamartinelli.com.br\/blog2\/#\/schema\/person\/43fbfb1d4cbe3b472995206b2bb06df5\"},\"headline\":\"Casa que respira afeto: Cer\u00e2mica natural Linea Pietra Paglia une ess\u00eancia e aconchego em resid\u00eancia de Paul\u00ednia\/SP\",\"datePublished\":\"2025-12-10T11:30:19+00:00\",\"mainEntityOfPage\":{\"@id\":\"https:\/\/ninamartinelli.com.br\/blog2\/casa-que-respira-afeto-ceramica-natural-linea-pietra-paglia-une-essencia-e-aconchego-em-residencia-de-paulinia-sp\/\"},\"wordCount\":686,\"commentCount\":0,\"publisher\":{\"@id\":\"https:\/\/ninamartinelli.com.br\/blog2\/#organization\"},\"image\":{\"@id\":\"https:\/\/ninamartinelli.com.br\/blog2\/casa-que-respira-afeto-ceramica-natural-linea-pietra-paglia-une-essencia-e-aconchego-em-residencia-de-paulinia-sp\/#primaryimage\"},\"thumbnailUrl\":\"https:\/\/ninamartinelli.com.br\/blog2\/wp-content\/uploads\/2025\/12\/Linea-Pietra-Paglia-24x24-Volar-Interiores-Casa-Vermelha-REDIM4-scaled.jpg\",\"keywords\":[\"area externa\",\"ceramica\",\"piso de ceramica\",\"piso rustico\",\"produ\u00e7\u00e3o artesanal\",\"Sustentabilidade\"],\"articleSection\":[\"Cer\u00e2mica\",\"Pisos\",\"Sustentabilidade\"],\"inLanguage\":\"pt-BR\",\"potentialAction\":[{\"@type\":\"CommentAction\",\"name\":\"Comment\",\"target\":[\"https:\/\/ninamartinelli.com.br\/blog2\/casa-que-respira-afeto-ceramica-natural-linea-pietra-paglia-une-essencia-e-aconchego-em-residencia-de-paulinia-sp\/#respond\"]}]},{\"@type\":\"WebPage\",\"@id\":\"https:\/\/ninamartinelli.com.br\/blog2\/casa-que-respira-afeto-ceramica-natural-linea-pietra-paglia-une-essencia-e-aconchego-em-residencia-de-paulinia-sp\/\",\"url\":\"https:\/\/ninamartinelli.com.br\/blog2\/casa-que-respira-afeto-ceramica-natural-linea-pietra-paglia-une-essencia-e-aconchego-em-residencia-de-paulinia-sp\/\",\"name\":\"Casa que respira afeto: Cer\u00e2mica natural Linea Pietra Paglia une ess\u00eancia e aconchego em resid\u00eancia de Paul\u00ednia\/SP\",\"isPartOf\":{\"@id\":\"https:\/\/ninamartinelli.com.br\/blog2\/#website\"},\"primaryImageOfPage\":{\"@id\":\"https:\/\/ninamartinelli.com.br\/blog2\/casa-que-respira-afeto-ceramica-natural-linea-pietra-paglia-une-essencia-e-aconchego-em-residencia-de-paulinia-sp\/#primaryimage\"},\"image\":{\"@id\":\"https:\/\/ninamartinelli.com.br\/blog2\/casa-que-respira-afeto-ceramica-natural-linea-pietra-paglia-une-essencia-e-aconchego-em-residencia-de-paulinia-sp\/#primaryimage\"},\"thumbnailUrl\":\"https:\/\/ninamartinelli.com.br\/blog2\/wp-content\/uploads\/2025\/12\/Linea-Pietra-Paglia-24x24-Volar-Interiores-Casa-Vermelha-REDIM4-scaled.jpg\",\"datePublished\":\"2025-12-10T11:30:19+00:00\",\"description\":\"Casa que respira afeto - veja como a naturalidade da cer\u00e2mica abra\u00e7ou essa resid\u00eancia trazendo acolhimento, beleza e personalidade\",\"breadcrumb\":{\"@id\":\"https:\/\/ninamartinelli.com.br\/blog2\/casa-que-respira-afeto-ceramica-natural-linea-pietra-paglia-une-essencia-e-aconchego-em-residencia-de-paulinia-sp\/#breadcrumb\"},\"inLanguage\":\"pt-BR\",\"potentialAction\":[{\"@type\":\"ReadAction\",\"target\":[\"https:\/\/ninamartinelli.com.br\/blog2\/casa-que-respira-afeto-ceramica-natural-linea-pietra-paglia-une-essencia-e-aconchego-em-residencia-de-paulinia-sp\/\"]}]},{\"@type\":\"ImageObject\",\"inLanguage\":\"pt-BR\",\"@id\":\"https:\/\/ninamartinelli.com.br\/blog2\/casa-que-respira-afeto-ceramica-natural-linea-pietra-paglia-une-essencia-e-aconchego-em-residencia-de-paulinia-sp\/#primaryimage\",\"url\":\"https:\/\/ninamartinelli.com.br\/blog2\/wp-content\/uploads\/2025\/12\/Linea-Pietra-Paglia-24x24-Volar-Interiores-Casa-Vermelha-REDIM4-scaled.jpg\",\"contentUrl\":\"https:\/\/ninamartinelli.com.br\/blog2\/wp-content\/uploads\/2025\/12\/Linea-Pietra-Paglia-24x24-Volar-Interiores-Casa-Vermelha-REDIM4-scaled.jpg\",\"width\":1707,\"height\":2560},{\"@type\":\"BreadcrumbList\",\"@id\":\"https:\/\/ninamartinelli.com.br\/blog2\/casa-que-respira-afeto-ceramica-natural-linea-pietra-paglia-une-essencia-e-aconchego-em-residencia-de-paulinia-sp\/#breadcrumb\",\"itemListElement\":[{\"@type\":\"ListItem\",\"position\":1,\"name\":\"In\u00edcio\",\"item\":\"https:\/\/ninamartinelli.com.br\/blog2\/\"},{\"@type\":\"ListItem\",\"position\":2,\"name\":\"Casa que respira afeto: Cer\u00e2mica natural Linea Pietra Paglia une ess\u00eancia e aconchego em resid\u00eancia de Paul\u00ednia\/SP\"}]},{\"@type\":\"WebSite\",\"@id\":\"https:\/\/ninamartinelli.com.br\/blog2\/#website\",\"url\":\"https:\/\/ninamartinelli.com.br\/blog2\/\",\"name\":\"Nina Martinelli\",\"description\":\"#Nina_Martinelli\",\"publisher\":{\"@id\":\"https:\/\/ninamartinelli.com.br\/blog2\/#organization\"},\"potentialAction\":[{\"@type\":\"SearchAction\",\"target\":{\"@type\":\"EntryPoint\",\"urlTemplate\":\"https:\/\/ninamartinelli.com.br\/blog2\/?s={search_term_string}\"},\"query-input\":{\"@type\":\"PropertyValueSpecification\",\"valueRequired\":true,\"valueName\":\"search_term_string\"}}],\"inLanguage\":\"pt-BR\"},{\"@type\":\"Organization\",\"@id\":\"https:\/\/ninamartinelli.com.br\/blog2\/#organization\",\"name\":\"Blog Novidades\",\"url\":\"https:\/\/ninamartinelli.com.br\/blog2\/\",\"logo\":{\"@type\":\"ImageObject\",\"inLanguage\":\"pt-BR\",\"@id\":\"https:\/\/ninamartinelli.com.br\/blog2\/#\/schema\/logo\/image\/\",\"url\":\"http:\/\/blog.ninamartinelli.com.br\/wp-content\/uploads\/2022\/03\/logo_nina_blog.png\",\"contentUrl\":\"http:\/\/blog.ninamartinelli.com.br\/wp-content\/uploads\/2022\/03\/logo_nina_blog.png\",\"width\":500,\"height\":104,\"caption\":\"Blog Novidades\"},\"image\":{\"@id\":\"https:\/\/ninamartinelli.com.br\/blog2\/#\/schema\/logo\/image\/\"}},{\"@type\":\"Person\",\"@id\":\"https:\/\/ninamartinelli.com.br\/blog2\/#\/schema\/person\/43fbfb1d4cbe3b472995206b2bb06df5\",\"name\":\"Ana Maria Devides\",\"image\":{\"@type\":\"ImageObject\",\"inLanguage\":\"pt-BR\",\"@id\":\"https:\/\/ninamartinelli.com.br\/blog2\/#\/schema\/person\/image\/\",\"url\":\"https:\/\/secure.gravatar.com\/avatar\/a03a82675d8bb3da8e5c5a6872db97be?s=96&d=mm&r=g\",\"contentUrl\":\"https:\/\/secure.gravatar.com\/avatar\/a03a82675d8bb3da8e5c5a6872db97be?s=96&d=mm&r=g\",\"caption\":\"Ana Maria Devides\"},\"url\":\"https:\/\/ninamartinelli.com.br\/blog2\/author\/assessoria-nina-martinelli\/\"}]}<\/script>\n<!-- \/ Yoast SEO plugin. -->","yoast_head_json":{"title":"Casa que respira afeto: Cer\u00e2mica natural Linea Pietra Paglia une ess\u00eancia e aconchego em resid\u00eancia de Paul\u00ednia\/SP","description":"Casa que respira afeto - veja como a naturalidade da cer\u00e2mica abra\u00e7ou essa resid\u00eancia trazendo acolhimento, beleza e personalidade","robots":{"index":"index","follow":"follow","max-snippet":"max-snippet:-1","max-image-preview":"max-image-preview:large","max-video-preview":"max-video-preview:-1"},"canonical":"https:\/\/ninamartinelli.com.br\/blog2\/casa-que-respira-afeto-ceramica-natural-linea-pietra-paglia-une-essencia-e-aconchego-em-residencia-de-paulinia-sp\/","og_locale":"pt_BR","og_type":"article","og_title":"Casa que respira afeto: Cer\u00e2mica natural Linea Pietra Paglia une ess\u00eancia e aconchego em resid\u00eancia de Paul\u00ednia\/SP","og_description":"Casa que respira afeto - veja como a naturalidade da cer\u00e2mica abra\u00e7ou essa resid\u00eancia trazendo acolhimento, beleza e personalidade","og_url":"https:\/\/ninamartinelli.com.br\/blog2\/casa-que-respira-afeto-ceramica-natural-linea-pietra-paglia-une-essencia-e-aconchego-em-residencia-de-paulinia-sp\/","og_site_name":"Blog Nina","article_published_time":"2025-12-10T11:30:19+00:00","og_image":[{"width":1707,"height":2560,"url":"https:\/\/ninamartinelli.com.br\/blog2\/wp-content\/uploads\/2025\/12\/Linea-Pietra-Paglia-24x24-Volar-Interiores-Casa-Vermelha-REDIM4-scaled.jpg","type":"image\/jpeg"}],"author":"Ana Maria Devides","twitter_card":"summary_large_image","twitter_misc":{"Escrito por":"Ana Maria Devides","Est. tempo de leitura":"5 minutos"},"schema":{"@context":"https:\/\/schema.org","@graph":[{"@type":"Article","@id":"https:\/\/ninamartinelli.com.br\/blog2\/casa-que-respira-afeto-ceramica-natural-linea-pietra-paglia-une-essencia-e-aconchego-em-residencia-de-paulinia-sp\/#article","isPartOf":{"@id":"https:\/\/ninamartinelli.com.br\/blog2\/casa-que-respira-afeto-ceramica-natural-linea-pietra-paglia-une-essencia-e-aconchego-em-residencia-de-paulinia-sp\/"},"author":{"name":"Ana Maria Devides","@id":"https:\/\/ninamartinelli.com.br\/blog2\/#\/schema\/person\/43fbfb1d4cbe3b472995206b2bb06df5"},"headline":"Casa que respira afeto: Cer\u00e2mica natural Linea Pietra Paglia une ess\u00eancia e aconchego em resid\u00eancia de Paul\u00ednia\/SP","datePublished":"2025-12-10T11:30:19+00:00","mainEntityOfPage":{"@id":"https:\/\/ninamartinelli.com.br\/blog2\/casa-que-respira-afeto-ceramica-natural-linea-pietra-paglia-une-essencia-e-aconchego-em-residencia-de-paulinia-sp\/"},"wordCount":686,"commentCount":0,"publisher":{"@id":"https:\/\/ninamartinelli.com.br\/blog2\/#organization"},"image":{"@id":"https:\/\/ninamartinelli.com.br\/blog2\/casa-que-respira-afeto-ceramica-natural-linea-pietra-paglia-une-essencia-e-aconchego-em-residencia-de-paulinia-sp\/#primaryimage"},"thumbnailUrl":"https:\/\/ninamartinelli.com.br\/blog2\/wp-content\/uploads\/2025\/12\/Linea-Pietra-Paglia-24x24-Volar-Interiores-Casa-Vermelha-REDIM4-scaled.jpg","keywords":["area externa","ceramica","piso de ceramica","piso rustico","produ\u00e7\u00e3o artesanal","Sustentabilidade"],"articleSection":["Cer\u00e2mica","Pisos","Sustentabilidade"],"inLanguage":"pt-BR","potentialAction":[{"@type":"CommentAction","name":"Comment","target":["https:\/\/ninamartinelli.com.br\/blog2\/casa-que-respira-afeto-ceramica-natural-linea-pietra-paglia-une-essencia-e-aconchego-em-residencia-de-paulinia-sp\/#respond"]}]},{"@type":"WebPage","@id":"https:\/\/ninamartinelli.com.br\/blog2\/casa-que-respira-afeto-ceramica-natural-linea-pietra-paglia-une-essencia-e-aconchego-em-residencia-de-paulinia-sp\/","url":"https:\/\/ninamartinelli.com.br\/blog2\/casa-que-respira-afeto-ceramica-natural-linea-pietra-paglia-une-essencia-e-aconchego-em-residencia-de-paulinia-sp\/","name":"Casa que respira afeto: Cer\u00e2mica natural Linea Pietra Paglia une ess\u00eancia e aconchego em resid\u00eancia de Paul\u00ednia\/SP","isPartOf":{"@id":"https:\/\/ninamartinelli.com.br\/blog2\/#website"},"primaryImageOfPage":{"@id":"https:\/\/ninamartinelli.com.br\/blog2\/casa-que-respira-afeto-ceramica-natural-linea-pietra-paglia-une-essencia-e-aconchego-em-residencia-de-paulinia-sp\/#primaryimage"},"image":{"@id":"https:\/\/ninamartinelli.com.br\/blog2\/casa-que-respira-afeto-ceramica-natural-linea-pietra-paglia-une-essencia-e-aconchego-em-residencia-de-paulinia-sp\/#primaryimage"},"thumbnailUrl":"https:\/\/ninamartinelli.com.br\/blog2\/wp-content\/uploads\/2025\/12\/Linea-Pietra-Paglia-24x24-Volar-Interiores-Casa-Vermelha-REDIM4-scaled.jpg","datePublished":"2025-12-10T11:30:19+00:00","description":"Casa que respira afeto - veja como a naturalidade da cer\u00e2mica abra\u00e7ou essa resid\u00eancia trazendo acolhimento, beleza e personalidade","breadcrumb":{"@id":"https:\/\/ninamartinelli.com.br\/blog2\/casa-que-respira-afeto-ceramica-natural-linea-pietra-paglia-une-essencia-e-aconchego-em-residencia-de-paulinia-sp\/#breadcrumb"},"inLanguage":"pt-BR","potentialAction":[{"@type":"ReadAction","target":["https:\/\/ninamartinelli.com.br\/blog2\/casa-que-respira-afeto-ceramica-natural-linea-pietra-paglia-une-essencia-e-aconchego-em-residencia-de-paulinia-sp\/"]}]},{"@type":"ImageObject","inLanguage":"pt-BR","@id":"https:\/\/ninamartinelli.com.br\/blog2\/casa-que-respira-afeto-ceramica-natural-linea-pietra-paglia-une-essencia-e-aconchego-em-residencia-de-paulinia-sp\/#primaryimage","url":"https:\/\/ninamartinelli.com.br\/blog2\/wp-content\/uploads\/2025\/12\/Linea-Pietra-Paglia-24x24-Volar-Interiores-Casa-Vermelha-REDIM4-scaled.jpg","contentUrl":"https:\/\/ninamartinelli.com.br\/blog2\/wp-content\/uploads\/2025\/12\/Linea-Pietra-Paglia-24x24-Volar-Interiores-Casa-Vermelha-REDIM4-scaled.jpg","width":1707,"height":2560},{"@type":"BreadcrumbList","@id":"https:\/\/ninamartinelli.com.br\/blog2\/casa-que-respira-afeto-ceramica-natural-linea-pietra-paglia-une-essencia-e-aconchego-em-residencia-de-paulinia-sp\/#breadcrumb","itemListElement":[{"@type":"ListItem","position":1,"name":"In\u00edcio","item":"https:\/\/ninamartinelli.com.br\/blog2\/"},{"@type":"ListItem","position":2,"name":"Casa que respira afeto: Cer\u00e2mica natural Linea Pietra Paglia une ess\u00eancia e aconchego em resid\u00eancia de Paul\u00ednia\/SP"}]},{"@type":"WebSite","@id":"https:\/\/ninamartinelli.com.br\/blog2\/#website","url":"https:\/\/ninamartinelli.com.br\/blog2\/","name":"Nina Martinelli","description":"#Nina_Martinelli","publisher":{"@id":"https:\/\/ninamartinelli.com.br\/blog2\/#organization"},"potentialAction":[{"@type":"SearchAction","target":{"@type":"EntryPoint","urlTemplate":"https:\/\/ninamartinelli.com.br\/blog2\/?s={search_term_string}"},"query-input":{"@type":"PropertyValueSpecification","valueRequired":true,"valueName":"search_term_string"}}],"inLanguage":"pt-BR"},{"@type":"Organization","@id":"https:\/\/ninamartinelli.com.br\/blog2\/#organization","name":"Blog Novidades","url":"https:\/\/ninamartinelli.com.br\/blog2\/","logo":{"@type":"ImageObject","inLanguage":"pt-BR","@id":"https:\/\/ninamartinelli.com.br\/blog2\/#\/schema\/logo\/image\/","url":"http:\/\/blog.ninamartinelli.com.br\/wp-content\/uploads\/2022\/03\/logo_nina_blog.png","contentUrl":"http:\/\/blog.ninamartinelli.com.br\/wp-content\/uploads\/2022\/03\/logo_nina_blog.png","width":500,"height":104,"caption":"Blog Novidades"},"image":{"@id":"https:\/\/ninamartinelli.com.br\/blog2\/#\/schema\/logo\/image\/"}},{"@type":"Person","@id":"https:\/\/ninamartinelli.com.br\/blog2\/#\/schema\/person\/43fbfb1d4cbe3b472995206b2bb06df5","name":"Ana Maria Devides","image":{"@type":"ImageObject","inLanguage":"pt-BR","@id":"https:\/\/ninamartinelli.com.br\/blog2\/#\/schema\/person\/image\/","url":"https:\/\/secure.gravatar.com\/avatar\/a03a82675d8bb3da8e5c5a6872db97be?s=96&d=mm&r=g","contentUrl":"https:\/\/secure.gravatar.com\/avatar\/a03a82675d8bb3da8e5c5a6872db97be?s=96&d=mm&r=g","caption":"Ana Maria Devides"},"url":"https:\/\/ninamartinelli.com.br\/blog2\/author\/assessoria-nina-martinelli\/"}]}},"_links":{"self":[{"href":"https:\/\/ninamartinelli.com.br\/blog2\/wp-json\/wp\/v2\/posts\/3066","targetHints":{"allow":["GET"]}}],"collection":[{"href":"https:\/\/ninamartinelli.com.br\/blog2\/wp-json\/wp\/v2\/posts"}],"about":[{"href":"https:\/\/ninamartinelli.com.br\/blog2\/wp-json\/wp\/v2\/types\/post"}],"author":[{"embeddable":true,"href":"https:\/\/ninamartinelli.com.br\/blog2\/wp-json\/wp\/v2\/users\/2"}],"replies":[{"embeddable":true,"href":"https:\/\/ninamartinelli.com.br\/blog2\/wp-json\/wp\/v2\/comments?post=3066"}],"version-history":[{"count":1,"href":"https:\/\/ninamartinelli.com.br\/blog2\/wp-json\/wp\/v2\/posts\/3066\/revisions"}],"predecessor-version":[{"id":3073,"href":"https:\/\/ninamartinelli.com.br\/blog2\/wp-json\/wp\/v2\/posts\/3066\/revisions\/3073"}],"wp:featuredmedia":[{"embeddable":true,"href":"https:\/\/ninamartinelli.com.br\/blog2\/wp-json\/wp\/v2\/media\/3067"}],"wp:attachment":[{"href":"https:\/\/ninamartinelli.com.br\/blog2\/wp-json\/wp\/v2\/media?parent=3066"}],"wp:term":[{"taxonomy":"category","embeddable":true,"href":"https:\/\/ninamartinelli.com.br\/blog2\/wp-json\/wp\/v2\/categories?post=3066"},{"taxonomy":"post_tag","embeddable":true,"href":"https:\/\/ninamartinelli.com.br\/blog2\/wp-json\/wp\/v2\/tags?post=3066"}],"curies":[{"name":"wp","href":"https:\/\/api.w.org\/{rel}","templated":true}]}}