{"id":3041,"date":"2025-11-19T08:30:21","date_gmt":"2025-11-19T11:30:21","guid":{"rendered":"https:\/\/ninamartinelli.com.br\/blog2\/?p=3041"},"modified":"2025-11-19T10:11:27","modified_gmt":"2025-11-19T13:11:27","slug":"a-beleza-da-naturalidade-quadratto-naturalle-beige-mix-equilibra-estetica-e-essencia-em-clinica","status":"publish","type":"post","link":"https:\/\/ninamartinelli.com.br\/blog2\/a-beleza-da-naturalidade-quadratto-naturalle-beige-mix-equilibra-estetica-e-essencia-em-clinica\/","title":{"rendered":"A beleza da naturalidade: Quadratto Naturalle Beige Mix equilibra est\u00e9tica e ess\u00eancia em cl\u00ednica"},"content":{"rendered":"<p>A beleza da naturalidade &#8211; Alguns projetos nascem para expressar mais do que estilo \u2014 revelam filosofia, sensa\u00e7\u00f5es e valores. Foi o caso desta cl\u00ednica odontol\u00f3gica especializada em harmoniza\u00e7\u00e3o orofacial, cuja proposta de projeto da arquiteta <a href=\"https:\/\/www.instagram.com\/layssafrazili_arquitetura\/\">Layssa Frazili<\/a> buscava traduzir a beleza natural atrav\u00e9s de elementos org\u00e2nicos, sutis e aut\u00eanticos.<\/p>\n<p>O ponto de partida foi o desejo de criar ambientes que transmitissem calma, leveza e sofistica\u00e7\u00e3o despretensiosa. E foi exatamente isso que o <a href=\"https:\/\/ninamartinelli.com.br\/produtos\/quadratto-naturalle-beige-mix\/\">Quadratto Naturalle Beige Mix<\/a>, da Nina Martinelli, entregou.<\/p>\n<p>O produto \u00e9 apresentado em pe\u00e7as medindo 9x9cm feitas uma a uma, com bordas regulares e superf\u00edcie irregular que remete \u00e0s paredes rochosas ou trilhas de rocha natural, com as varia\u00e7\u00f5es de relevos esculpidas pela passagem do tempo ou pela fragmenta\u00e7\u00e3o natural dos elementos. Confere beleza, for\u00e7a e naturalidade aos ambientes e com a pagina\u00e7\u00e3o sim\u00e9trica, amplia a sensa\u00e7\u00e3o visual de aspecto org\u00e2nico.<\/p>\n<p>Suas sutis varia\u00e7\u00f5es de cor e formato conferem um charme artesanal imposs\u00edvel de reproduzir em s\u00e9rie. \u00c9 a ess\u00eancia do conceito que inspira a marca: Feito por Pessoas, Para Pessoas.<\/p>\n<p>O revestimento foi utilizado na recep\u00e7\u00e3o e na sala de avalia\u00e7\u00e3o, ambientes que pedem acolhimento e harmonia visual. A composi\u00e7\u00e3o foi pensada com uma paleta clara e natural, combinando o produto a tons amadeirados m\u00e9dios, que equilibram suavidade e calor. O resultado \u00e9 um conjunto visual sereno e elegante, onde o toque r\u00fastico se funde \u00e0 delicadeza.<\/p>\n<p><img loading=\"lazy\" decoding=\"async\" class=\"alignnone wp-image-3043\" src=\"https:\/\/ninamartinelli.com.br\/blog2\/wp-content\/uploads\/2025\/11\/layssa-2-169x300.jpg\" alt=\"\" width=\"231\" height=\"410\" srcset=\"https:\/\/ninamartinelli.com.br\/blog2\/wp-content\/uploads\/2025\/11\/layssa-2-169x300.jpg 169w, https:\/\/ninamartinelli.com.br\/blog2\/wp-content\/uploads\/2025\/11\/layssa-2-576x1024.jpg 576w, https:\/\/ninamartinelli.com.br\/blog2\/wp-content\/uploads\/2025\/11\/layssa-2-768x1365.jpg 768w, https:\/\/ninamartinelli.com.br\/blog2\/wp-content\/uploads\/2025\/11\/layssa-2-864x1536.jpg 864w, https:\/\/ninamartinelli.com.br\/blog2\/wp-content\/uploads\/2025\/11\/layssa-2.jpg 900w\" sizes=\"auto, (max-width: 231px) 100vw, 231px\" \/>\u00a0 \u00a0 \u00a0 \u00a0 \u00a0 \u00a0 \u00a0 \u00a0 <img loading=\"lazy\" decoding=\"async\" class=\"alignnone wp-image-3044\" src=\"https:\/\/ninamartinelli.com.br\/blog2\/wp-content\/uploads\/2025\/11\/layssa-3-169x300.jpg\" alt=\"\" width=\"229\" height=\"407\" srcset=\"https:\/\/ninamartinelli.com.br\/blog2\/wp-content\/uploads\/2025\/11\/layssa-3-169x300.jpg 169w, https:\/\/ninamartinelli.com.br\/blog2\/wp-content\/uploads\/2025\/11\/layssa-3-576x1024.jpg 576w, https:\/\/ninamartinelli.com.br\/blog2\/wp-content\/uploads\/2025\/11\/layssa-3-768x1365.jpg 768w, https:\/\/ninamartinelli.com.br\/blog2\/wp-content\/uploads\/2025\/11\/layssa-3-864x1536.jpg 864w, https:\/\/ninamartinelli.com.br\/blog2\/wp-content\/uploads\/2025\/11\/layssa-3.jpg 900w\" sizes=\"auto, (max-width: 229px) 100vw, 229px\" \/><\/p>\n<p>&nbsp;<\/p>\n<p>&nbsp;<\/p>\n<p><img loading=\"lazy\" decoding=\"async\" class=\"alignnone wp-image-3045\" src=\"https:\/\/ninamartinelli.com.br\/blog2\/wp-content\/uploads\/2025\/11\/layssa-4-225x300.jpg\" alt=\"\" width=\"242\" height=\"323\" srcset=\"https:\/\/ninamartinelli.com.br\/blog2\/wp-content\/uploads\/2025\/11\/layssa-4-225x300.jpg 225w, https:\/\/ninamartinelli.com.br\/blog2\/wp-content\/uploads\/2025\/11\/layssa-4-768x1024.jpg 768w, https:\/\/ninamartinelli.com.br\/blog2\/wp-content\/uploads\/2025\/11\/layssa-4-1152x1536.jpg 1152w, https:\/\/ninamartinelli.com.br\/blog2\/wp-content\/uploads\/2025\/11\/layssa-4-1024x1365.jpg 1024w, https:\/\/ninamartinelli.com.br\/blog2\/wp-content\/uploads\/2025\/11\/layssa-4.jpg 1200w\" sizes=\"auto, (max-width: 242px) 100vw, 242px\" \/>\u00a0 \u00a0 \u00a0 \u00a0 \u00a0 \u00a0 \u00a0 \u00a0 \u00a0 <img loading=\"lazy\" decoding=\"async\" class=\"alignnone wp-image-3046\" src=\"https:\/\/ninamartinelli.com.br\/blog2\/wp-content\/uploads\/2025\/11\/layssa-6-225x300.jpg\" alt=\"\" width=\"242\" height=\"323\" srcset=\"https:\/\/ninamartinelli.com.br\/blog2\/wp-content\/uploads\/2025\/11\/layssa-6-225x300.jpg 225w, https:\/\/ninamartinelli.com.br\/blog2\/wp-content\/uploads\/2025\/11\/layssa-6-769x1024.jpg 769w, https:\/\/ninamartinelli.com.br\/blog2\/wp-content\/uploads\/2025\/11\/layssa-6-768x1023.jpg 768w, https:\/\/ninamartinelli.com.br\/blog2\/wp-content\/uploads\/2025\/11\/layssa-6-1153x1536.jpg 1153w, https:\/\/ninamartinelli.com.br\/blog2\/wp-content\/uploads\/2025\/11\/layssa-6-1024x1364.jpg 1024w, https:\/\/ninamartinelli.com.br\/blog2\/wp-content\/uploads\/2025\/11\/layssa-6.jpg 1180w\" sizes=\"auto, (max-width: 242px) 100vw, 242px\" \/><\/p>\n<p>A inspira\u00e7\u00e3o est\u00e9tica veio da filosofia japonesa Wabi-Sabi, que celebra a beleza da imperfei\u00e7\u00e3o, da incompletude e da passagem do tempo. Assim como o trabalho artesanal, essa filosofia valoriza o que \u00e9 \u00fanico, natural e aut\u00eantico.<\/p>\n<p>E foi exatamente essa sensa\u00e7\u00e3o que o Quadratto Naturalle Beige Mix proporcionou: um ambiente em que cada pe\u00e7a, com sua textura e varia\u00e7\u00e3o pr\u00f3pria, contribui para a singularidade do todo \u2014 um reflexo da individualidade de cada pessoa.<\/p>\n<p>Outro destaque do projeto foi a pagina\u00e7\u00e3o vertical block, uma escolha que foge do padr\u00e3o dos tradicionais formatos retangulares. O uso do formato quadrado trouxe um ritmo diferente, equilibrado e contempor\u00e2neo, ressaltando a volumetria sutil e a luz suave que percorre a superf\u00edcie das pe\u00e7as.<\/p>\n<p>Layssa diz que os objetivos foram mais do que alcan\u00e7ados. \u201cO resultado encantou todos os envolvidos: um espa\u00e7o de beleza simples, natural e cheia de significado. O Quadratto Naturalle Beige Mix n\u00e3o apenas reveste as paredes \u2014 ele envolve o ambiente em uma atmosfera de calma e autenticidade, onde a est\u00e9tica encontra a alma. Uma escolha que reafirma a for\u00e7a do design artesanal em sua forma mais pura e humana.\u201d, diz ela.<\/p>\n<p>&nbsp;<\/p>\n<p><strong>Servi\u00e7o: <\/strong><\/p>\n<p><strong>A beleza da naturalidade \u2013 Cl\u00ednica odontol\u00f3gica e de Harmoniza\u00e7\u00e3o Orofacial<\/strong><\/p>\n<p><strong>Produto \u2013 <\/strong>Quadratto Naturalle Beige Mix 9x9cm<\/p>\n<p><strong>Projeto: <\/strong>Layssa Frazili Arquitetura, Interiores e Paisagismo<\/p>\n<p><strong>Instagram: <\/strong>@layssafrazili_arquitetura<\/p>\n<p><strong>Imagens: <\/strong>acervo do escrit\u00f3rio<\/p>\n","protected":false},"excerpt":{"rendered":"<p>A beleza da naturalidade &#8211; Alguns projetos nascem para expressar mais do que estilo \u2014<\/p>\n","protected":false},"author":2,"featured_media":3042,"comment_status":"open","ping_status":"open","sticky":false,"template":"","format":"standard","meta":{"footnotes":""},"categories":[1,26,129],"tags":[40,37,168,46,131],"class_list":["post-3041","post","type-post","status-publish","format-standard","has-post-thumbnail","hentry","category-nina-martinelli","category-revestimentos","category-sustentabilidade","tag-area-interna","tag-parede","tag-producao-artesanal","tag-revestimento","tag-sustentabilidade"],"yoast_head":"<!-- This site is optimized with the Yoast SEO plugin v26.8 - https:\/\/yoast.com\/product\/yoast-seo-wordpress\/ -->\n<title>A beleza da naturalidade: Quadratto Naturalle Beige Mix equilibra est\u00e9tica e ess\u00eancia em cl\u00ednica<\/title>\n<meta name=\"description\" content=\"A beleza da naturalidade - veja como um revestimento que une for\u00e7a e sutileza trouxe um clima ainda mais org\u00e2nico e acolhedor a este projeto\" \/>\n<meta name=\"robots\" content=\"index, follow, max-snippet:-1, max-image-preview:large, max-video-preview:-1\" \/>\n<link rel=\"canonical\" href=\"https:\/\/ninamartinelli.com.br\/blog2\/a-beleza-da-naturalidade-quadratto-naturalle-beige-mix-equilibra-estetica-e-essencia-em-clinica\/\" \/>\n<meta property=\"og:locale\" content=\"pt_BR\" \/>\n<meta property=\"og:type\" content=\"article\" \/>\n<meta property=\"og:title\" content=\"A beleza da naturalidade: Quadratto Naturalle Beige Mix equilibra est\u00e9tica e ess\u00eancia em cl\u00ednica\" \/>\n<meta property=\"og:description\" content=\"A beleza da naturalidade - veja como um revestimento que une for\u00e7a e sutileza trouxe um clima ainda mais org\u00e2nico e acolhedor a este projeto\" \/>\n<meta property=\"og:url\" content=\"https:\/\/ninamartinelli.com.br\/blog2\/a-beleza-da-naturalidade-quadratto-naturalle-beige-mix-equilibra-estetica-e-essencia-em-clinica\/\" \/>\n<meta property=\"og:site_name\" content=\"Blog Nina\" \/>\n<meta property=\"article:published_time\" content=\"2025-11-19T11:30:21+00:00\" \/>\n<meta property=\"article:modified_time\" content=\"2025-11-19T13:11:27+00:00\" \/>\n<meta property=\"og:image\" content=\"https:\/\/ninamartinelli.com.br\/blog2\/wp-content\/uploads\/2025\/11\/layssa-1.jpg\" \/>\n\t<meta property=\"og:image:width\" content=\"900\" \/>\n\t<meta property=\"og:image:height\" content=\"1600\" \/>\n\t<meta property=\"og:image:type\" content=\"image\/jpeg\" \/>\n<meta name=\"author\" content=\"Ana Maria Devides\" \/>\n<meta name=\"twitter:card\" content=\"summary_large_image\" \/>\n<meta name=\"twitter:label1\" content=\"Escrito por\" \/>\n\t<meta name=\"twitter:data1\" content=\"Ana Maria Devides\" \/>\n\t<meta name=\"twitter:label2\" content=\"Est. tempo de leitura\" \/>\n\t<meta name=\"twitter:data2\" content=\"4 minutos\" \/>\n<script type=\"application\/ld+json\" class=\"yoast-schema-graph\">{\"@context\":\"https:\/\/schema.org\",\"@graph\":[{\"@type\":\"Article\",\"@id\":\"https:\/\/ninamartinelli.com.br\/blog2\/a-beleza-da-naturalidade-quadratto-naturalle-beige-mix-equilibra-estetica-e-essencia-em-clinica\/#article\",\"isPartOf\":{\"@id\":\"https:\/\/ninamartinelli.com.br\/blog2\/a-beleza-da-naturalidade-quadratto-naturalle-beige-mix-equilibra-estetica-e-essencia-em-clinica\/\"},\"author\":{\"name\":\"Ana Maria Devides\",\"@id\":\"https:\/\/ninamartinelli.com.br\/blog2\/#\/schema\/person\/43fbfb1d4cbe3b472995206b2bb06df5\"},\"headline\":\"A beleza da naturalidade: Quadratto Naturalle Beige Mix equilibra est\u00e9tica e ess\u00eancia em cl\u00ednica\",\"datePublished\":\"2025-11-19T11:30:21+00:00\",\"dateModified\":\"2025-11-19T13:11:27+00:00\",\"mainEntityOfPage\":{\"@id\":\"https:\/\/ninamartinelli.com.br\/blog2\/a-beleza-da-naturalidade-quadratto-naturalle-beige-mix-equilibra-estetica-e-essencia-em-clinica\/\"},\"wordCount\":516,\"commentCount\":0,\"publisher\":{\"@id\":\"https:\/\/ninamartinelli.com.br\/blog2\/#organization\"},\"image\":{\"@id\":\"https:\/\/ninamartinelli.com.br\/blog2\/a-beleza-da-naturalidade-quadratto-naturalle-beige-mix-equilibra-estetica-e-essencia-em-clinica\/#primaryimage\"},\"thumbnailUrl\":\"https:\/\/ninamartinelli.com.br\/blog2\/wp-content\/uploads\/2025\/11\/layssa-1.jpg\",\"keywords\":[\"area interna\",\"parede\",\"produ\u00e7\u00e3o artesanal\",\"revestimento\",\"Sustentabilidade\"],\"articleSection\":[\"Nina Martinelli\",\"Revestimentos\",\"Sustentabilidade\"],\"inLanguage\":\"pt-BR\",\"potentialAction\":[{\"@type\":\"CommentAction\",\"name\":\"Comment\",\"target\":[\"https:\/\/ninamartinelli.com.br\/blog2\/a-beleza-da-naturalidade-quadratto-naturalle-beige-mix-equilibra-estetica-e-essencia-em-clinica\/#respond\"]}]},{\"@type\":\"WebPage\",\"@id\":\"https:\/\/ninamartinelli.com.br\/blog2\/a-beleza-da-naturalidade-quadratto-naturalle-beige-mix-equilibra-estetica-e-essencia-em-clinica\/\",\"url\":\"https:\/\/ninamartinelli.com.br\/blog2\/a-beleza-da-naturalidade-quadratto-naturalle-beige-mix-equilibra-estetica-e-essencia-em-clinica\/\",\"name\":\"A beleza da naturalidade: Quadratto Naturalle Beige Mix equilibra est\u00e9tica e ess\u00eancia em cl\u00ednica\",\"isPartOf\":{\"@id\":\"https:\/\/ninamartinelli.com.br\/blog2\/#website\"},\"primaryImageOfPage\":{\"@id\":\"https:\/\/ninamartinelli.com.br\/blog2\/a-beleza-da-naturalidade-quadratto-naturalle-beige-mix-equilibra-estetica-e-essencia-em-clinica\/#primaryimage\"},\"image\":{\"@id\":\"https:\/\/ninamartinelli.com.br\/blog2\/a-beleza-da-naturalidade-quadratto-naturalle-beige-mix-equilibra-estetica-e-essencia-em-clinica\/#primaryimage\"},\"thumbnailUrl\":\"https:\/\/ninamartinelli.com.br\/blog2\/wp-content\/uploads\/2025\/11\/layssa-1.jpg\",\"datePublished\":\"2025-11-19T11:30:21+00:00\",\"dateModified\":\"2025-11-19T13:11:27+00:00\",\"description\":\"A beleza da naturalidade - veja como um revestimento que une for\u00e7a e sutileza trouxe um clima ainda mais org\u00e2nico e acolhedor a este projeto\",\"breadcrumb\":{\"@id\":\"https:\/\/ninamartinelli.com.br\/blog2\/a-beleza-da-naturalidade-quadratto-naturalle-beige-mix-equilibra-estetica-e-essencia-em-clinica\/#breadcrumb\"},\"inLanguage\":\"pt-BR\",\"potentialAction\":[{\"@type\":\"ReadAction\",\"target\":[\"https:\/\/ninamartinelli.com.br\/blog2\/a-beleza-da-naturalidade-quadratto-naturalle-beige-mix-equilibra-estetica-e-essencia-em-clinica\/\"]}]},{\"@type\":\"ImageObject\",\"inLanguage\":\"pt-BR\",\"@id\":\"https:\/\/ninamartinelli.com.br\/blog2\/a-beleza-da-naturalidade-quadratto-naturalle-beige-mix-equilibra-estetica-e-essencia-em-clinica\/#primaryimage\",\"url\":\"https:\/\/ninamartinelli.com.br\/blog2\/wp-content\/uploads\/2025\/11\/layssa-1.jpg\",\"contentUrl\":\"https:\/\/ninamartinelli.com.br\/blog2\/wp-content\/uploads\/2025\/11\/layssa-1.jpg\",\"width\":900,\"height\":1600},{\"@type\":\"BreadcrumbList\",\"@id\":\"https:\/\/ninamartinelli.com.br\/blog2\/a-beleza-da-naturalidade-quadratto-naturalle-beige-mix-equilibra-estetica-e-essencia-em-clinica\/#breadcrumb\",\"itemListElement\":[{\"@type\":\"ListItem\",\"position\":1,\"name\":\"In\u00edcio\",\"item\":\"https:\/\/ninamartinelli.com.br\/blog2\/\"},{\"@type\":\"ListItem\",\"position\":2,\"name\":\"A beleza da naturalidade: Quadratto Naturalle Beige Mix equilibra est\u00e9tica e ess\u00eancia em cl\u00ednica\"}]},{\"@type\":\"WebSite\",\"@id\":\"https:\/\/ninamartinelli.com.br\/blog2\/#website\",\"url\":\"https:\/\/ninamartinelli.com.br\/blog2\/\",\"name\":\"Nina Martinelli\",\"description\":\"#Nina_Martinelli\",\"publisher\":{\"@id\":\"https:\/\/ninamartinelli.com.br\/blog2\/#organization\"},\"potentialAction\":[{\"@type\":\"SearchAction\",\"target\":{\"@type\":\"EntryPoint\",\"urlTemplate\":\"https:\/\/ninamartinelli.com.br\/blog2\/?s={search_term_string}\"},\"query-input\":{\"@type\":\"PropertyValueSpecification\",\"valueRequired\":true,\"valueName\":\"search_term_string\"}}],\"inLanguage\":\"pt-BR\"},{\"@type\":\"Organization\",\"@id\":\"https:\/\/ninamartinelli.com.br\/blog2\/#organization\",\"name\":\"Blog Novidades\",\"url\":\"https:\/\/ninamartinelli.com.br\/blog2\/\",\"logo\":{\"@type\":\"ImageObject\",\"inLanguage\":\"pt-BR\",\"@id\":\"https:\/\/ninamartinelli.com.br\/blog2\/#\/schema\/logo\/image\/\",\"url\":\"http:\/\/blog.ninamartinelli.com.br\/wp-content\/uploads\/2022\/03\/logo_nina_blog.png\",\"contentUrl\":\"http:\/\/blog.ninamartinelli.com.br\/wp-content\/uploads\/2022\/03\/logo_nina_blog.png\",\"width\":500,\"height\":104,\"caption\":\"Blog Novidades\"},\"image\":{\"@id\":\"https:\/\/ninamartinelli.com.br\/blog2\/#\/schema\/logo\/image\/\"}},{\"@type\":\"Person\",\"@id\":\"https:\/\/ninamartinelli.com.br\/blog2\/#\/schema\/person\/43fbfb1d4cbe3b472995206b2bb06df5\",\"name\":\"Ana Maria Devides\",\"image\":{\"@type\":\"ImageObject\",\"inLanguage\":\"pt-BR\",\"@id\":\"https:\/\/ninamartinelli.com.br\/blog2\/#\/schema\/person\/image\/\",\"url\":\"https:\/\/secure.gravatar.com\/avatar\/a03a82675d8bb3da8e5c5a6872db97be?s=96&d=mm&r=g\",\"contentUrl\":\"https:\/\/secure.gravatar.com\/avatar\/a03a82675d8bb3da8e5c5a6872db97be?s=96&d=mm&r=g\",\"caption\":\"Ana Maria Devides\"},\"url\":\"https:\/\/ninamartinelli.com.br\/blog2\/author\/assessoria-nina-martinelli\/\"}]}<\/script>\n<!-- \/ Yoast SEO plugin. -->","yoast_head_json":{"title":"A beleza da naturalidade: Quadratto Naturalle Beige Mix equilibra est\u00e9tica e ess\u00eancia em cl\u00ednica","description":"A beleza da naturalidade - veja como um revestimento que une for\u00e7a e sutileza trouxe um clima ainda mais org\u00e2nico e acolhedor a este projeto","robots":{"index":"index","follow":"follow","max-snippet":"max-snippet:-1","max-image-preview":"max-image-preview:large","max-video-preview":"max-video-preview:-1"},"canonical":"https:\/\/ninamartinelli.com.br\/blog2\/a-beleza-da-naturalidade-quadratto-naturalle-beige-mix-equilibra-estetica-e-essencia-em-clinica\/","og_locale":"pt_BR","og_type":"article","og_title":"A beleza da naturalidade: Quadratto Naturalle Beige Mix equilibra est\u00e9tica e ess\u00eancia em cl\u00ednica","og_description":"A beleza da naturalidade - veja como um revestimento que une for\u00e7a e sutileza trouxe um clima ainda mais org\u00e2nico e acolhedor a este projeto","og_url":"https:\/\/ninamartinelli.com.br\/blog2\/a-beleza-da-naturalidade-quadratto-naturalle-beige-mix-equilibra-estetica-e-essencia-em-clinica\/","og_site_name":"Blog Nina","article_published_time":"2025-11-19T11:30:21+00:00","article_modified_time":"2025-11-19T13:11:27+00:00","og_image":[{"width":900,"height":1600,"url":"https:\/\/ninamartinelli.com.br\/blog2\/wp-content\/uploads\/2025\/11\/layssa-1.jpg","type":"image\/jpeg"}],"author":"Ana Maria Devides","twitter_card":"summary_large_image","twitter_misc":{"Escrito por":"Ana Maria Devides","Est. tempo de leitura":"4 minutos"},"schema":{"@context":"https:\/\/schema.org","@graph":[{"@type":"Article","@id":"https:\/\/ninamartinelli.com.br\/blog2\/a-beleza-da-naturalidade-quadratto-naturalle-beige-mix-equilibra-estetica-e-essencia-em-clinica\/#article","isPartOf":{"@id":"https:\/\/ninamartinelli.com.br\/blog2\/a-beleza-da-naturalidade-quadratto-naturalle-beige-mix-equilibra-estetica-e-essencia-em-clinica\/"},"author":{"name":"Ana Maria Devides","@id":"https:\/\/ninamartinelli.com.br\/blog2\/#\/schema\/person\/43fbfb1d4cbe3b472995206b2bb06df5"},"headline":"A beleza da naturalidade: Quadratto Naturalle Beige Mix equilibra est\u00e9tica e ess\u00eancia em cl\u00ednica","datePublished":"2025-11-19T11:30:21+00:00","dateModified":"2025-11-19T13:11:27+00:00","mainEntityOfPage":{"@id":"https:\/\/ninamartinelli.com.br\/blog2\/a-beleza-da-naturalidade-quadratto-naturalle-beige-mix-equilibra-estetica-e-essencia-em-clinica\/"},"wordCount":516,"commentCount":0,"publisher":{"@id":"https:\/\/ninamartinelli.com.br\/blog2\/#organization"},"image":{"@id":"https:\/\/ninamartinelli.com.br\/blog2\/a-beleza-da-naturalidade-quadratto-naturalle-beige-mix-equilibra-estetica-e-essencia-em-clinica\/#primaryimage"},"thumbnailUrl":"https:\/\/ninamartinelli.com.br\/blog2\/wp-content\/uploads\/2025\/11\/layssa-1.jpg","keywords":["area interna","parede","produ\u00e7\u00e3o artesanal","revestimento","Sustentabilidade"],"articleSection":["Nina Martinelli","Revestimentos","Sustentabilidade"],"inLanguage":"pt-BR","potentialAction":[{"@type":"CommentAction","name":"Comment","target":["https:\/\/ninamartinelli.com.br\/blog2\/a-beleza-da-naturalidade-quadratto-naturalle-beige-mix-equilibra-estetica-e-essencia-em-clinica\/#respond"]}]},{"@type":"WebPage","@id":"https:\/\/ninamartinelli.com.br\/blog2\/a-beleza-da-naturalidade-quadratto-naturalle-beige-mix-equilibra-estetica-e-essencia-em-clinica\/","url":"https:\/\/ninamartinelli.com.br\/blog2\/a-beleza-da-naturalidade-quadratto-naturalle-beige-mix-equilibra-estetica-e-essencia-em-clinica\/","name":"A beleza da naturalidade: Quadratto Naturalle Beige Mix equilibra est\u00e9tica e ess\u00eancia em cl\u00ednica","isPartOf":{"@id":"https:\/\/ninamartinelli.com.br\/blog2\/#website"},"primaryImageOfPage":{"@id":"https:\/\/ninamartinelli.com.br\/blog2\/a-beleza-da-naturalidade-quadratto-naturalle-beige-mix-equilibra-estetica-e-essencia-em-clinica\/#primaryimage"},"image":{"@id":"https:\/\/ninamartinelli.com.br\/blog2\/a-beleza-da-naturalidade-quadratto-naturalle-beige-mix-equilibra-estetica-e-essencia-em-clinica\/#primaryimage"},"thumbnailUrl":"https:\/\/ninamartinelli.com.br\/blog2\/wp-content\/uploads\/2025\/11\/layssa-1.jpg","datePublished":"2025-11-19T11:30:21+00:00","dateModified":"2025-11-19T13:11:27+00:00","description":"A beleza da naturalidade - veja como um revestimento que une for\u00e7a e sutileza trouxe um clima ainda mais org\u00e2nico e acolhedor a este projeto","breadcrumb":{"@id":"https:\/\/ninamartinelli.com.br\/blog2\/a-beleza-da-naturalidade-quadratto-naturalle-beige-mix-equilibra-estetica-e-essencia-em-clinica\/#breadcrumb"},"inLanguage":"pt-BR","potentialAction":[{"@type":"ReadAction","target":["https:\/\/ninamartinelli.com.br\/blog2\/a-beleza-da-naturalidade-quadratto-naturalle-beige-mix-equilibra-estetica-e-essencia-em-clinica\/"]}]},{"@type":"ImageObject","inLanguage":"pt-BR","@id":"https:\/\/ninamartinelli.com.br\/blog2\/a-beleza-da-naturalidade-quadratto-naturalle-beige-mix-equilibra-estetica-e-essencia-em-clinica\/#primaryimage","url":"https:\/\/ninamartinelli.com.br\/blog2\/wp-content\/uploads\/2025\/11\/layssa-1.jpg","contentUrl":"https:\/\/ninamartinelli.com.br\/blog2\/wp-content\/uploads\/2025\/11\/layssa-1.jpg","width":900,"height":1600},{"@type":"BreadcrumbList","@id":"https:\/\/ninamartinelli.com.br\/blog2\/a-beleza-da-naturalidade-quadratto-naturalle-beige-mix-equilibra-estetica-e-essencia-em-clinica\/#breadcrumb","itemListElement":[{"@type":"ListItem","position":1,"name":"In\u00edcio","item":"https:\/\/ninamartinelli.com.br\/blog2\/"},{"@type":"ListItem","position":2,"name":"A beleza da naturalidade: Quadratto Naturalle Beige Mix equilibra est\u00e9tica e ess\u00eancia em cl\u00ednica"}]},{"@type":"WebSite","@id":"https:\/\/ninamartinelli.com.br\/blog2\/#website","url":"https:\/\/ninamartinelli.com.br\/blog2\/","name":"Nina Martinelli","description":"#Nina_Martinelli","publisher":{"@id":"https:\/\/ninamartinelli.com.br\/blog2\/#organization"},"potentialAction":[{"@type":"SearchAction","target":{"@type":"EntryPoint","urlTemplate":"https:\/\/ninamartinelli.com.br\/blog2\/?s={search_term_string}"},"query-input":{"@type":"PropertyValueSpecification","valueRequired":true,"valueName":"search_term_string"}}],"inLanguage":"pt-BR"},{"@type":"Organization","@id":"https:\/\/ninamartinelli.com.br\/blog2\/#organization","name":"Blog Novidades","url":"https:\/\/ninamartinelli.com.br\/blog2\/","logo":{"@type":"ImageObject","inLanguage":"pt-BR","@id":"https:\/\/ninamartinelli.com.br\/blog2\/#\/schema\/logo\/image\/","url":"http:\/\/blog.ninamartinelli.com.br\/wp-content\/uploads\/2022\/03\/logo_nina_blog.png","contentUrl":"http:\/\/blog.ninamartinelli.com.br\/wp-content\/uploads\/2022\/03\/logo_nina_blog.png","width":500,"height":104,"caption":"Blog Novidades"},"image":{"@id":"https:\/\/ninamartinelli.com.br\/blog2\/#\/schema\/logo\/image\/"}},{"@type":"Person","@id":"https:\/\/ninamartinelli.com.br\/blog2\/#\/schema\/person\/43fbfb1d4cbe3b472995206b2bb06df5","name":"Ana Maria Devides","image":{"@type":"ImageObject","inLanguage":"pt-BR","@id":"https:\/\/ninamartinelli.com.br\/blog2\/#\/schema\/person\/image\/","url":"https:\/\/secure.gravatar.com\/avatar\/a03a82675d8bb3da8e5c5a6872db97be?s=96&d=mm&r=g","contentUrl":"https:\/\/secure.gravatar.com\/avatar\/a03a82675d8bb3da8e5c5a6872db97be?s=96&d=mm&r=g","caption":"Ana Maria Devides"},"url":"https:\/\/ninamartinelli.com.br\/blog2\/author\/assessoria-nina-martinelli\/"}]}},"_links":{"self":[{"href":"https:\/\/ninamartinelli.com.br\/blog2\/wp-json\/wp\/v2\/posts\/3041","targetHints":{"allow":["GET"]}}],"collection":[{"href":"https:\/\/ninamartinelli.com.br\/blog2\/wp-json\/wp\/v2\/posts"}],"about":[{"href":"https:\/\/ninamartinelli.com.br\/blog2\/wp-json\/wp\/v2\/types\/post"}],"author":[{"embeddable":true,"href":"https:\/\/ninamartinelli.com.br\/blog2\/wp-json\/wp\/v2\/users\/2"}],"replies":[{"embeddable":true,"href":"https:\/\/ninamartinelli.com.br\/blog2\/wp-json\/wp\/v2\/comments?post=3041"}],"version-history":[{"count":2,"href":"https:\/\/ninamartinelli.com.br\/blog2\/wp-json\/wp\/v2\/posts\/3041\/revisions"}],"predecessor-version":[{"id":3048,"href":"https:\/\/ninamartinelli.com.br\/blog2\/wp-json\/wp\/v2\/posts\/3041\/revisions\/3048"}],"wp:featuredmedia":[{"embeddable":true,"href":"https:\/\/ninamartinelli.com.br\/blog2\/wp-json\/wp\/v2\/media\/3042"}],"wp:attachment":[{"href":"https:\/\/ninamartinelli.com.br\/blog2\/wp-json\/wp\/v2\/media?parent=3041"}],"wp:term":[{"taxonomy":"category","embeddable":true,"href":"https:\/\/ninamartinelli.com.br\/blog2\/wp-json\/wp\/v2\/categories?post=3041"},{"taxonomy":"post_tag","embeddable":true,"href":"https:\/\/ninamartinelli.com.br\/blog2\/wp-json\/wp\/v2\/tags?post=3041"}],"curies":[{"name":"wp","href":"https:\/\/api.w.org\/{rel}","templated":true}]}}