{"id":2999,"date":"2025-10-29T08:30:36","date_gmt":"2025-10-29T11:30:36","guid":{"rendered":"https:\/\/ninamartinelli.com.br\/blog2\/?p=2999"},"modified":"2025-10-28T09:32:48","modified_gmt":"2025-10-28T12:32:48","slug":"casacor-ribeirao-preto-2025-ambientes-com-produtos-nina-martinelli-sao-premiados-pela-revista-it-home","status":"publish","type":"post","link":"https:\/\/ninamartinelli.com.br\/blog2\/casacor-ribeirao-preto-2025-ambientes-com-produtos-nina-martinelli-sao-premiados-pela-revista-it-home\/","title":{"rendered":"CASACOR Ribeir\u00e3o Preto 2025 \u2013 Ambientes com produtos Nina Martinelli s\u00e3o premiados pela Revista IT HOME"},"content":{"rendered":"<p>CASACOR Ribeir\u00e3o Preto 2025 &#8211; A mostra foi memor\u00e1vel \u2014 e para a Nina Martinelli, inesquec\u00edvel. Presente em oito ambientes,\u00a0 a marca teve a alegria de ver tr\u00eas desses espa\u00e7os consagrados na primeira edi\u00e7\u00e3o do Pr\u00eamio da Revista IT HOME, que reconhece os talentos de destaque da mostra.<br \/>\nUm resultado que enche de orgulho todos os profissionais envolvidos e reafirma o protagonismo da Nina Martinelli no universo da arquitetura e do design brasileiro.<\/p>\n<p>Na categoria Cozinha ou Gourmet, a vencedora foi a inspiradora \u201cCozinha do Chef\u201d, assinada por Elo\u00edsa Mondi e Rose Ara\u00fajo. J\u00e1 na categoria Profissional Revela\u00e7\u00e3o, o destaque foi o arquiteto Douglas Oliveira, com o elegante \u201cEscrit\u00f3rio do En\u00f3filo\u201d. E, completando o trio de premiados, a Sala de M\u00fasica \u201cRessoar\u201d, projetada por Lucas Ohara e Jonathan Souza, do escrit\u00f3rio Bioma Arquitetura, tamb\u00e9m foi reconhecida pelo j\u00fari, vencendo a categoria Espa\u00e7o de Pausa e Reflex\u00e3o, consolidando o talento e a sensibilidade de seus autores.<br \/>\nAmbientes distintos em estilo e conceito, mas unidos por uma mesma ess\u00eancia: autenticidade, beleza, sustentabilidade e o toque artesanal inconfund\u00edvel dos produtos Nina Martinelli.<\/p>\n<p><strong>A Cozinha do Chef \u2013 Um tributo \u00e0 brasilidade e ao afeto<\/strong><\/p>\n<p>A \u201cCozinha do Chef\u201d \u00e9 um desses espa\u00e7os que tocam o cora\u00e7\u00e3o antes mesmo do olhar. Inspirada no chef Alex Atala e na riqueza da culin\u00e1ria brasileira, o ambiente criado por Rose Ara\u00fajo e Elo\u00edsa Mondi traduz acolhimento, pertencimento e brasilidade em cada detalhe.<br \/>\nPedras, palha, verde e barro se unem em uma composi\u00e7\u00e3o org\u00e2nica e afetiva, tendo como grande destaque o revestimento Quadratto Vecchio Allineato, da Nina Martinelli, na tonalidade Linho. Produzido artesanalmente, pe\u00e7a a pe\u00e7a, com cer\u00e2mica natural e material reciclado, o produto carrega a assinatura da marca: \u201cFeito Por Pessoas, Para Pessoas\u201d.<br \/>\nO revestimento reveste paredes e varanda, criando uma atmosfera de equil\u00edbrio entre o r\u00fastico e o contempor\u00e2neo. A marcenaria em tom Urucum, os detalhes art\u00edsticos de inspira\u00e7\u00e3o ind\u00edgena e a ilumina\u00e7\u00e3o delicada comp\u00f5em um cen\u00e1rio que transmite exatamente aquilo que as autoras desejavam: o resgate do aconchego e das casas de verdade.<\/p>\n<p>\u201cFoi o ambiente que mais teve visibilidade na m\u00eddia, fomos capa de revistas de arquitetura, como a Revista Olga, fomos destaque na Revista oficial da mostra e no Portal G1, entre outros ve\u00edculos\u201d, diz Rose Ara\u00fajo. \u201cReceber esse reconhecimento foi emocionante, porque sentimos a resposta do p\u00fablico \u2014 as pessoas se emocionavam dentro da nossa cozinha. Isso \u00e9 imenso para n\u00f3s\u201d, acrescenta.<br \/>\n\u201cA premia\u00e7\u00e3o confirma que estamos no caminho certo: o da sustentabilidade, da afetividade e da reconex\u00e3o com o essencial. \u00c9 o futuro da arquitetura\u201d, refor\u00e7a Elo\u00edsa Mondi.<\/p>\n<p><img loading=\"lazy\" decoding=\"async\" class=\"alignnone  wp-image-2930\" src=\"https:\/\/ninamartinelli.com.br\/blog2\/wp-content\/uploads\/2025\/09\/cozinha-do-chef-7-225x300.jpg\" alt=\"\" width=\"272\" height=\"362\" srcset=\"https:\/\/ninamartinelli.com.br\/blog2\/wp-content\/uploads\/2025\/09\/cozinha-do-chef-7-225x300.jpg 225w, https:\/\/ninamartinelli.com.br\/blog2\/wp-content\/uploads\/2025\/09\/cozinha-do-chef-7-768x1024.jpg 768w, https:\/\/ninamartinelli.com.br\/blog2\/wp-content\/uploads\/2025\/09\/cozinha-do-chef-7-1152x1536.jpg 1152w, https:\/\/ninamartinelli.com.br\/blog2\/wp-content\/uploads\/2025\/09\/cozinha-do-chef-7-1536x2048.jpg 1536w, https:\/\/ninamartinelli.com.br\/blog2\/wp-content\/uploads\/2025\/09\/cozinha-do-chef-7-1024x1365.jpg 1024w, https:\/\/ninamartinelli.com.br\/blog2\/wp-content\/uploads\/2025\/09\/cozinha-do-chef-7-scaled.jpg 1920w\" sizes=\"auto, (max-width: 272px) 100vw, 272px\" \/>\u00a0 \u00a0 \u00a0 \u00a0 \u00a0 \u00a0 \u00a0 \u00a0 \u00a0 \u00a0 \u00a0 \u00a0 \u00a0<img loading=\"lazy\" decoding=\"async\" class=\"alignnone  wp-image-3000\" src=\"https:\/\/ninamartinelli.com.br\/blog2\/wp-content\/uploads\/2025\/10\/capa-olga-240x300.jpg\" alt=\"\" width=\"287\" height=\"359\" srcset=\"https:\/\/ninamartinelli.com.br\/blog2\/wp-content\/uploads\/2025\/10\/capa-olga-240x300.jpg 240w, https:\/\/ninamartinelli.com.br\/blog2\/wp-content\/uploads\/2025\/10\/capa-olga-820x1024.jpg 820w, https:\/\/ninamartinelli.com.br\/blog2\/wp-content\/uploads\/2025\/10\/capa-olga-768x959.jpg 768w, https:\/\/ninamartinelli.com.br\/blog2\/wp-content\/uploads\/2025\/10\/capa-olga.jpg 849w\" sizes=\"auto, (max-width: 287px) 100vw, 287px\" \/><\/p>\n<p>&nbsp;<\/p>\n<p>&nbsp;<\/p>\n<p><img loading=\"lazy\" decoding=\"async\" class=\"alignnone  wp-image-3001\" src=\"https:\/\/ninamartinelli.com.br\/blog2\/wp-content\/uploads\/2025\/10\/capa-casacor-225x300.jpg\" alt=\"\" width=\"264\" height=\"352\" srcset=\"https:\/\/ninamartinelli.com.br\/blog2\/wp-content\/uploads\/2025\/10\/capa-casacor-225x300.jpg 225w, https:\/\/ninamartinelli.com.br\/blog2\/wp-content\/uploads\/2025\/10\/capa-casacor-768x1024.jpg 768w, https:\/\/ninamartinelli.com.br\/blog2\/wp-content\/uploads\/2025\/10\/capa-casacor-1152x1536.jpg 1152w, https:\/\/ninamartinelli.com.br\/blog2\/wp-content\/uploads\/2025\/10\/capa-casacor-1024x1365.jpg 1024w, https:\/\/ninamartinelli.com.br\/blog2\/wp-content\/uploads\/2025\/10\/capa-casacor.jpg 1200w\" sizes=\"auto, (max-width: 264px) 100vw, 264px\" \/>\u00a0 \u00a0 \u00a0 \u00a0 \u00a0 \u00a0 \u00a0 \u00a0 \u00a0 \u00a0 \u00a0 \u00a0 \u00a0 \u00a0 \u00a0 \u00a0 \u00a0 \u00a0 \u00a0 \u00a0 <img loading=\"lazy\" decoding=\"async\" class=\"alignnone  wp-image-3002\" src=\"https:\/\/ninamartinelli.com.br\/blog2\/wp-content\/uploads\/2025\/10\/cozinha-rose-e-eloisa-200x300.jpg\" alt=\"\" width=\"244\" height=\"366\" data-wp-editing=\"1\" srcset=\"https:\/\/ninamartinelli.com.br\/blog2\/wp-content\/uploads\/2025\/10\/cozinha-rose-e-eloisa-200x300.jpg 200w, https:\/\/ninamartinelli.com.br\/blog2\/wp-content\/uploads\/2025\/10\/cozinha-rose-e-eloisa-683x1024.jpg 683w, https:\/\/ninamartinelli.com.br\/blog2\/wp-content\/uploads\/2025\/10\/cozinha-rose-e-eloisa-768x1152.jpg 768w, https:\/\/ninamartinelli.com.br\/blog2\/wp-content\/uploads\/2025\/10\/cozinha-rose-e-eloisa-1024x1536.jpg 1024w, https:\/\/ninamartinelli.com.br\/blog2\/wp-content\/uploads\/2025\/10\/cozinha-rose-e-eloisa.jpg 1050w\" sizes=\"auto, (max-width: 244px) 100vw, 244px\" \/><\/p>\n<p>&nbsp;<\/p>\n<p><strong>O Escrit\u00f3rio do En\u00f3filo \u2013 Sofistica\u00e7\u00e3o com alma<\/strong><\/p>\n<p>No \u201cEscrit\u00f3rio do En\u00f3filo\u201d, o arquiteto Douglas Oliveira criou uma experi\u00eancia sensorial que une arquitetura, arte e emo\u00e7\u00e3o. O ambiente foi pensado para um homem maduro, sofisticado e contemplativo, que encontra no vinho uma met\u00e1fora para o prazer das boas hist\u00f3rias e do tempo vivido.<br \/>\nEntre madeiras, texturas r\u00fasticas e luz intimista, o piso revestido com o Ver\u00edssimo Bianco 12x12cm, da Nina Martinelli, se tornou o elemento central da narrativa. Sua superf\u00edcie artesanal e est\u00e9tica atemporal dialogam com o restante do espa\u00e7o, unindo rusticidade e eleg\u00e2ncia em perfeita harmonia.<br \/>\nMais do que um acabamento, o Ver\u00edssimo Bianco \u00e9 a tradu\u00e7\u00e3o da versatilidade \u2014 pode ser aplicado em pisos ou paredes, em ambientes internos ou externos \u2014 e representa o equil\u00edbrio entre for\u00e7a e delicadeza que caracteriza as cole\u00e7\u00f5es da marca.<\/p>\n<p>\u201cReceber o pr\u00eamio de Profissional Revela\u00e7\u00e3o foi mais do que um reconhecimento. Foi a celebra\u00e7\u00e3o de uma trajet\u00f3ria constru\u00edda com amor e prop\u00f3sito. E t\u00ea-lo conquistado em um ambiente que reflete tanto a minha ess\u00eancia \u00e9 algo que levarei para sempre\u201d, afirma Douglas Oliveira.<\/p>\n<p><img loading=\"lazy\" decoding=\"async\" class=\"alignnone  wp-image-2901\" src=\"https:\/\/ninamartinelli.com.br\/blog2\/wp-content\/uploads\/2025\/08\/DSC07848-180x300.jpg\" alt=\"\" width=\"267\" height=\"445\" srcset=\"https:\/\/ninamartinelli.com.br\/blog2\/wp-content\/uploads\/2025\/08\/DSC07848-180x300.jpg 180w, https:\/\/ninamartinelli.com.br\/blog2\/wp-content\/uploads\/2025\/08\/DSC07848-615x1024.jpg 615w, https:\/\/ninamartinelli.com.br\/blog2\/wp-content\/uploads\/2025\/08\/DSC07848-768x1279.jpg 768w, https:\/\/ninamartinelli.com.br\/blog2\/wp-content\/uploads\/2025\/08\/DSC07848-922x1536.jpg 922w, https:\/\/ninamartinelli.com.br\/blog2\/wp-content\/uploads\/2025\/08\/DSC07848-1230x2048.jpg 1230w, https:\/\/ninamartinelli.com.br\/blog2\/wp-content\/uploads\/2025\/08\/DSC07848-1024x1706.jpg 1024w, https:\/\/ninamartinelli.com.br\/blog2\/wp-content\/uploads\/2025\/08\/DSC07848-scaled.jpg 1537w\" sizes=\"auto, (max-width: 267px) 100vw, 267px\" \/>\u00a0 \u00a0 \u00a0 \u00a0 \u00a0 \u00a0 \u00a0 \u00a0 \u00a0 \u00a0 \u00a0 \u00a0 \u00a0 \u00a0 \u00a0 \u00a0 <img loading=\"lazy\" decoding=\"async\" class=\"alignnone  wp-image-2908\" src=\"https:\/\/ninamartinelli.com.br\/blog2\/wp-content\/uploads\/2025\/08\/DSC07895-189x300.jpg\" alt=\"\" width=\"279\" height=\"443\" srcset=\"https:\/\/ninamartinelli.com.br\/blog2\/wp-content\/uploads\/2025\/08\/DSC07895-189x300.jpg 189w, https:\/\/ninamartinelli.com.br\/blog2\/wp-content\/uploads\/2025\/08\/DSC07895-645x1024.jpg 645w, https:\/\/ninamartinelli.com.br\/blog2\/wp-content\/uploads\/2025\/08\/DSC07895-768x1219.jpg 768w, https:\/\/ninamartinelli.com.br\/blog2\/wp-content\/uploads\/2025\/08\/DSC07895-968x1536.jpg 968w, https:\/\/ninamartinelli.com.br\/blog2\/wp-content\/uploads\/2025\/08\/DSC07895-1290x2048.jpg 1290w, https:\/\/ninamartinelli.com.br\/blog2\/wp-content\/uploads\/2025\/08\/DSC07895-1024x1625.jpg 1024w, https:\/\/ninamartinelli.com.br\/blog2\/wp-content\/uploads\/2025\/08\/DSC07895-scaled.jpg 1613w\" sizes=\"auto, (max-width: 279px) 100vw, 279px\" \/><\/p>\n<p><strong>Sala de M\u00fasica \u2013 Ressoar: Acolhimento que toca<\/strong><\/p>\n<p>Assinada pelo arquiteto Lucas Ohara e por Jonathan Souza, do escrit\u00f3rio Bioma Arquitetura, a Sala de M\u00fasica, oficialmente chamada \u201cRessoar\u201d, tamb\u00e9m foi premiada pela Revista IT HOME.<br \/>\nProjetada a partir da ideia de que o visitante deveria sentir-se verdadeiramente acolhido, a Ressoar exala frescor, calor humano, beleza e personalidade. Para o piso, o arquiteto especificou a cer\u00e2mica Cotto Vecchio Rosso 11,5&#215;11,5cm, um cl\u00e1ssico do portf\u00f3lio da marca, que expressa uma brasilidade incontest\u00e1vel.<\/p>\n<p>\u201cRepresenta o piso cer\u00e2mico presente nas casas brasileiras, e n\u00f3s quer\u00edamos resgatar essa materialidade e o respeito \u00e0 hist\u00f3ria da arquitetura do Brasil. O Cotto Vecchio Rosso se encaixou perfeitamente, pois quer\u00edamos muito trazer a ideia de um ambiente afetivo e o produto da Nina, totalmente artesanal, tem essa capacidade\u201d, explica Lucas Ohara.<\/p>\n<p>Produzida artesanalmente, pe\u00e7a a pe\u00e7a, passando por cuidadosos processos de queima e envelhecimento, a cer\u00e2mica pode ser usada em ambientes internos ou externos e dialoga com maestria com os demais elementos do espa\u00e7o. Layout curvo, tons terrosos, granito rosa, vidros \u00e1rtico e miniboreal, ilumina\u00e7\u00e3o indireta e mobili\u00e1rio curvil\u00edneo refor\u00e7am a sensa\u00e7\u00e3o de abra\u00e7o.<br \/>\nA presen\u00e7a de uma vitrola vintage, instrumentos musicais, elementos em madeira e plantas estrategicamente posicionadas completa a atmosfera, tornando o ambiente um convite ao tempo desacelerado e \u00e0 contempla\u00e7\u00e3o.<\/p>\n<p><img loading=\"lazy\" decoding=\"async\" class=\"alignnone  wp-image-2888\" src=\"https:\/\/ninamartinelli.com.br\/blog2\/wp-content\/uploads\/2025\/08\/sala_musica_casacor_002-300x200.jpg\" alt=\"\" width=\"345\" height=\"230\" srcset=\"https:\/\/ninamartinelli.com.br\/blog2\/wp-content\/uploads\/2025\/08\/sala_musica_casacor_002-300x200.jpg 300w, https:\/\/ninamartinelli.com.br\/blog2\/wp-content\/uploads\/2025\/08\/sala_musica_casacor_002-1024x683.jpg 1024w, https:\/\/ninamartinelli.com.br\/blog2\/wp-content\/uploads\/2025\/08\/sala_musica_casacor_002-768x512.jpg 768w, https:\/\/ninamartinelli.com.br\/blog2\/wp-content\/uploads\/2025\/08\/sala_musica_casacor_002-1536x1024.jpg 1536w, https:\/\/ninamartinelli.com.br\/blog2\/wp-content\/uploads\/2025\/08\/sala_musica_casacor_002.jpg 2048w\" sizes=\"auto, (max-width: 345px) 100vw, 345px\" \/>\u00a0 \u00a0 \u00a0 \u00a0 \u00a0 \u00a0 \u00a0 \u00a0 \u00a0 \u00a0 \u00a0 \u00a0 \u00a0 <img loading=\"lazy\" decoding=\"async\" class=\"alignnone  wp-image-2887\" src=\"https:\/\/ninamartinelli.com.br\/blog2\/wp-content\/uploads\/2025\/08\/sala_musica_casacor_001-200x300.jpg\" alt=\"\" width=\"225\" height=\"338\" srcset=\"https:\/\/ninamartinelli.com.br\/blog2\/wp-content\/uploads\/2025\/08\/sala_musica_casacor_001-200x300.jpg 200w, https:\/\/ninamartinelli.com.br\/blog2\/wp-content\/uploads\/2025\/08\/sala_musica_casacor_001-683x1024.jpg 683w, https:\/\/ninamartinelli.com.br\/blog2\/wp-content\/uploads\/2025\/08\/sala_musica_casacor_001-768x1152.jpg 768w, https:\/\/ninamartinelli.com.br\/blog2\/wp-content\/uploads\/2025\/08\/sala_musica_casacor_001-1024x1536.jpg 1024w, https:\/\/ninamartinelli.com.br\/blog2\/wp-content\/uploads\/2025\/08\/sala_musica_casacor_001.jpg 1365w\" sizes=\"auto, (max-width: 225px) 100vw, 225px\" \/><\/p>\n<p><strong>Reconhecimento que inspira<\/strong><\/p>\n<p>A CASACOR Ribeir\u00e3o Preto 2025, realizada entre 19 de agosto e 12 de outubro, reuniu mais de 45 profissionais e 36 ambientes, em torno do tema \u201cSemear Sonhos\u201d. Foram mais de 15 mil visitantes e um j\u00fari composto por grandes nomes da arquitetura, design e comunica\u00e7\u00e3o, como Bia Rezende, Ricardo Abreu, Mariana Orsi, N\u00e1dia Simonelli, Denis Nunciaroni e Karin Gimenes.<\/p>\n<p>Para Maur\u00edcio Siqueira, diretor da mostra, \u201cesta edi\u00e7\u00e3o foi marcada pela alt\u00edssima qualidade t\u00e9cnica e est\u00e9tica dos projetos e pela pluralidade de olhares. A premia\u00e7\u00e3o valoriza ainda mais o trabalho dos profissionais e refor\u00e7a o protagonismo da CASACOR no cen\u00e1rio nacional\u201d.<\/p>\n<p><strong>Orgulho que se compartilha<\/strong><\/p>\n<p>Para a Nina Martinelli, ver seus produtos integrando tr\u00eas ambientes premiados entre tantos talentos \u00e9 motivo de grande alegria \u2014 n\u00e3o apenas pelo reconhecimento est\u00e9tico, mas porque refor\u00e7a o prop\u00f3sito da marca de inspirar projetos que unem arte, natureza, t\u00e9cnica e emo\u00e7\u00e3o.<br \/>\n\u201cCada pe\u00e7a, produzida artesanalmente e com responsabilidade ambiental, carrega a ess\u00eancia que move a Nina desde sempre: a cren\u00e7a de que o verdadeiro design nasce das m\u00e3os, do olhar e da sensibilidade humana\u201d, diz Jos\u00e9 Renato Videira, um dos s\u00f3cios fundadores e diretor da Nina.<\/p>\n<p>E \u00e9 justamente essa filosofia que torna t\u00e3o especial o sucesso desses ambientes premiados \u2014 onde a beleza das cria\u00e7\u00f5es de Rose Ara\u00fajo, Elo\u00edsa Mondi, Douglas Oliveira e Lucas Ohara encontrou nas texturas e cores da Nina Martinelli a mat\u00e9ria-prima perfeita para transformar sonhos em realidade.<\/p>\n<p><strong>Vencedores do<\/strong> <strong>Pr\u00eamio IT HOME \u2013 CASACOR Ribeir\u00e3o Preto 2025<\/strong>:<\/p>\n<ul>\n<li><strong>Categoria Cozinha ou Gourmet:<\/strong> <em>Cozinha do Chef<\/em> \u2013 Elo\u00edsa Mondi e Rose Ara\u00fajo<\/li>\n<li><strong>Categoria Profissional Revela\u00e7\u00e3o:<\/strong> <em>Escrit\u00f3rio do En\u00f3filo<\/em> \u2013 Douglas Oliveira<\/li>\n<li><strong>Categoria Banheiro ou Lavabo:<\/strong> <em>Banheiro Mem\u00f3rias<\/em> \u2013 Morize Carvalho<\/li>\n<li><strong>Categoria Espa\u00e7o de Pausa e Reflex\u00e3o:<\/strong> <em>Ressoar<\/em> \u2013 Jonathan Souza e Lucas Ohara Nakaguma<\/li>\n<li><strong>Categoria Estilo de Interiores:<\/strong> <em>Casa Bem-Vivida<\/em> \u2013 Roberta Alonso<\/li>\n<li><strong>Categoria Uso de Cor:<\/strong> <em>Varanda Gelato<\/em> \u2013 J\u00fanior Blanco, Marcelo Lima e Vinicius Silva<\/li>\n<li><strong>Categoria Espa\u00e7o Comercial:<\/strong> <em>Caf\u00e9 Florada<\/em> \u2013 Vanessa Chieregato<\/li>\n<li><strong>Categoria Paisagismo:<\/strong> <em>Jardim \u00e0 Primeira Vista<\/em> \u2013 Cris Bermudez e Camila Strang<\/li>\n<li><strong>Categoria Living:<\/strong> <em>Tra\u00e7o Contempor\u00e2neo<\/em> \u2013 Camila Strang<\/li>\n<\/ul>\n<p>&nbsp;<\/p>\n<p>&nbsp;<\/p>\n","protected":false},"excerpt":{"rendered":"<p>CASACOR Ribeir\u00e3o Preto 2025 &#8211; A mostra foi memor\u00e1vel \u2014 e para a Nina Martinelli,<\/p>\n","protected":false},"author":2,"featured_media":2924,"comment_status":"open","ping_status":"open","sticky":false,"template":"","format":"standard","meta":{"footnotes":""},"categories":[27,19,1,26],"tags":[187,130,168],"class_list":["post-2999","post","type-post","status-publish","format-standard","has-post-thumbnail","hentry","category-casa-cor","category-mostras-e-eventos","category-nina-martinelli","category-revestimentos","tag-ambientes-premiados","tag-casa-cor-ribeirao-preto","tag-producao-artesanal"],"yoast_head":"<!-- This site is optimized with the Yoast SEO plugin v26.8 - https:\/\/yoast.com\/product\/yoast-seo-wordpress\/ -->\n<title>CASACOR Ribeir\u00e3o Preto 2025 \u2013 Ambientes com produtos Nina Martinelli s\u00e3o premiados pela Revista IT HOME<\/title>\n<meta name=\"description\" content=\"CASACOR Ribeir\u00e3o Preto 2025 - Venha ver ou rever os tr\u00eas ambientes que foram premiados na mostra e que t\u00eam nossos produtos\" \/>\n<meta name=\"robots\" content=\"index, follow, max-snippet:-1, max-image-preview:large, max-video-preview:-1\" \/>\n<link rel=\"canonical\" href=\"https:\/\/ninamartinelli.com.br\/blog2\/casacor-ribeirao-preto-2025-ambientes-com-produtos-nina-martinelli-sao-premiados-pela-revista-it-home\/\" \/>\n<meta property=\"og:locale\" content=\"pt_BR\" \/>\n<meta property=\"og:type\" content=\"article\" \/>\n<meta property=\"og:title\" content=\"CASACOR Ribeir\u00e3o Preto 2025 \u2013 Ambientes com produtos Nina Martinelli s\u00e3o premiados pela Revista IT HOME\" \/>\n<meta property=\"og:description\" content=\"CASACOR Ribeir\u00e3o Preto 2025 - Venha ver ou rever os tr\u00eas ambientes que foram premiados na mostra e que t\u00eam nossos produtos\" \/>\n<meta property=\"og:url\" content=\"https:\/\/ninamartinelli.com.br\/blog2\/casacor-ribeirao-preto-2025-ambientes-com-produtos-nina-martinelli-sao-premiados-pela-revista-it-home\/\" \/>\n<meta property=\"og:site_name\" content=\"Blog Nina\" \/>\n<meta property=\"article:published_time\" content=\"2025-10-29T11:30:36+00:00\" \/>\n<meta property=\"og:image\" content=\"https:\/\/ninamartinelli.com.br\/blog2\/wp-content\/uploads\/2025\/09\/cozinha-do-chef-8-scaled.jpg\" \/>\n\t<meta property=\"og:image:width\" content=\"1920\" \/>\n\t<meta property=\"og:image:height\" content=\"2560\" \/>\n\t<meta property=\"og:image:type\" content=\"image\/jpeg\" \/>\n<meta name=\"author\" content=\"Ana Maria Devides\" \/>\n<meta name=\"twitter:card\" content=\"summary_large_image\" \/>\n<meta name=\"twitter:label1\" content=\"Escrito por\" \/>\n\t<meta name=\"twitter:data1\" content=\"Ana Maria Devides\" \/>\n\t<meta name=\"twitter:label2\" content=\"Est. tempo de leitura\" \/>\n\t<meta name=\"twitter:data2\" content=\"9 minutos\" \/>\n<script type=\"application\/ld+json\" class=\"yoast-schema-graph\">{\"@context\":\"https:\/\/schema.org\",\"@graph\":[{\"@type\":\"Article\",\"@id\":\"https:\/\/ninamartinelli.com.br\/blog2\/casacor-ribeirao-preto-2025-ambientes-com-produtos-nina-martinelli-sao-premiados-pela-revista-it-home\/#article\",\"isPartOf\":{\"@id\":\"https:\/\/ninamartinelli.com.br\/blog2\/casacor-ribeirao-preto-2025-ambientes-com-produtos-nina-martinelli-sao-premiados-pela-revista-it-home\/\"},\"author\":{\"name\":\"Ana Maria Devides\",\"@id\":\"https:\/\/ninamartinelli.com.br\/blog2\/#\/schema\/person\/43fbfb1d4cbe3b472995206b2bb06df5\"},\"headline\":\"CASACOR Ribeir\u00e3o Preto 2025 \u2013 Ambientes com produtos Nina Martinelli s\u00e3o premiados pela Revista IT HOME\",\"datePublished\":\"2025-10-29T11:30:36+00:00\",\"mainEntityOfPage\":{\"@id\":\"https:\/\/ninamartinelli.com.br\/blog2\/casacor-ribeirao-preto-2025-ambientes-com-produtos-nina-martinelli-sao-premiados-pela-revista-it-home\/\"},\"wordCount\":1299,\"commentCount\":0,\"publisher\":{\"@id\":\"https:\/\/ninamartinelli.com.br\/blog2\/#organization\"},\"image\":{\"@id\":\"https:\/\/ninamartinelli.com.br\/blog2\/casacor-ribeirao-preto-2025-ambientes-com-produtos-nina-martinelli-sao-premiados-pela-revista-it-home\/#primaryimage\"},\"thumbnailUrl\":\"https:\/\/ninamartinelli.com.br\/blog2\/wp-content\/uploads\/2025\/09\/cozinha-do-chef-8-scaled.jpg\",\"keywords\":[\"Ambientes Premiados\",\"Casa Cor Ribeir\u00e3o Preto\",\"produ\u00e7\u00e3o artesanal\"],\"articleSection\":[\"CASA COR\",\"Mostras e Eventos\",\"Nina Martinelli\",\"Revestimentos\"],\"inLanguage\":\"pt-BR\",\"potentialAction\":[{\"@type\":\"CommentAction\",\"name\":\"Comment\",\"target\":[\"https:\/\/ninamartinelli.com.br\/blog2\/casacor-ribeirao-preto-2025-ambientes-com-produtos-nina-martinelli-sao-premiados-pela-revista-it-home\/#respond\"]}]},{\"@type\":\"WebPage\",\"@id\":\"https:\/\/ninamartinelli.com.br\/blog2\/casacor-ribeirao-preto-2025-ambientes-com-produtos-nina-martinelli-sao-premiados-pela-revista-it-home\/\",\"url\":\"https:\/\/ninamartinelli.com.br\/blog2\/casacor-ribeirao-preto-2025-ambientes-com-produtos-nina-martinelli-sao-premiados-pela-revista-it-home\/\",\"name\":\"CASACOR Ribeir\u00e3o Preto 2025 \u2013 Ambientes com produtos Nina Martinelli s\u00e3o premiados pela Revista IT HOME\",\"isPartOf\":{\"@id\":\"https:\/\/ninamartinelli.com.br\/blog2\/#website\"},\"primaryImageOfPage\":{\"@id\":\"https:\/\/ninamartinelli.com.br\/blog2\/casacor-ribeirao-preto-2025-ambientes-com-produtos-nina-martinelli-sao-premiados-pela-revista-it-home\/#primaryimage\"},\"image\":{\"@id\":\"https:\/\/ninamartinelli.com.br\/blog2\/casacor-ribeirao-preto-2025-ambientes-com-produtos-nina-martinelli-sao-premiados-pela-revista-it-home\/#primaryimage\"},\"thumbnailUrl\":\"https:\/\/ninamartinelli.com.br\/blog2\/wp-content\/uploads\/2025\/09\/cozinha-do-chef-8-scaled.jpg\",\"datePublished\":\"2025-10-29T11:30:36+00:00\",\"description\":\"CASACOR Ribeir\u00e3o Preto 2025 - Venha ver ou rever os tr\u00eas ambientes que foram premiados na mostra e que t\u00eam nossos produtos\",\"breadcrumb\":{\"@id\":\"https:\/\/ninamartinelli.com.br\/blog2\/casacor-ribeirao-preto-2025-ambientes-com-produtos-nina-martinelli-sao-premiados-pela-revista-it-home\/#breadcrumb\"},\"inLanguage\":\"pt-BR\",\"potentialAction\":[{\"@type\":\"ReadAction\",\"target\":[\"https:\/\/ninamartinelli.com.br\/blog2\/casacor-ribeirao-preto-2025-ambientes-com-produtos-nina-martinelli-sao-premiados-pela-revista-it-home\/\"]}]},{\"@type\":\"ImageObject\",\"inLanguage\":\"pt-BR\",\"@id\":\"https:\/\/ninamartinelli.com.br\/blog2\/casacor-ribeirao-preto-2025-ambientes-com-produtos-nina-martinelli-sao-premiados-pela-revista-it-home\/#primaryimage\",\"url\":\"https:\/\/ninamartinelli.com.br\/blog2\/wp-content\/uploads\/2025\/09\/cozinha-do-chef-8-scaled.jpg\",\"contentUrl\":\"https:\/\/ninamartinelli.com.br\/blog2\/wp-content\/uploads\/2025\/09\/cozinha-do-chef-8-scaled.jpg\",\"width\":1920,\"height\":2560},{\"@type\":\"BreadcrumbList\",\"@id\":\"https:\/\/ninamartinelli.com.br\/blog2\/casacor-ribeirao-preto-2025-ambientes-com-produtos-nina-martinelli-sao-premiados-pela-revista-it-home\/#breadcrumb\",\"itemListElement\":[{\"@type\":\"ListItem\",\"position\":1,\"name\":\"In\u00edcio\",\"item\":\"https:\/\/ninamartinelli.com.br\/blog2\/\"},{\"@type\":\"ListItem\",\"position\":2,\"name\":\"CASACOR Ribeir\u00e3o Preto 2025 \u2013 Ambientes com produtos Nina Martinelli s\u00e3o premiados pela Revista IT HOME\"}]},{\"@type\":\"WebSite\",\"@id\":\"https:\/\/ninamartinelli.com.br\/blog2\/#website\",\"url\":\"https:\/\/ninamartinelli.com.br\/blog2\/\",\"name\":\"Nina Martinelli\",\"description\":\"#Nina_Martinelli\",\"publisher\":{\"@id\":\"https:\/\/ninamartinelli.com.br\/blog2\/#organization\"},\"potentialAction\":[{\"@type\":\"SearchAction\",\"target\":{\"@type\":\"EntryPoint\",\"urlTemplate\":\"https:\/\/ninamartinelli.com.br\/blog2\/?s={search_term_string}\"},\"query-input\":{\"@type\":\"PropertyValueSpecification\",\"valueRequired\":true,\"valueName\":\"search_term_string\"}}],\"inLanguage\":\"pt-BR\"},{\"@type\":\"Organization\",\"@id\":\"https:\/\/ninamartinelli.com.br\/blog2\/#organization\",\"name\":\"Blog Novidades\",\"url\":\"https:\/\/ninamartinelli.com.br\/blog2\/\",\"logo\":{\"@type\":\"ImageObject\",\"inLanguage\":\"pt-BR\",\"@id\":\"https:\/\/ninamartinelli.com.br\/blog2\/#\/schema\/logo\/image\/\",\"url\":\"http:\/\/blog.ninamartinelli.com.br\/wp-content\/uploads\/2022\/03\/logo_nina_blog.png\",\"contentUrl\":\"http:\/\/blog.ninamartinelli.com.br\/wp-content\/uploads\/2022\/03\/logo_nina_blog.png\",\"width\":500,\"height\":104,\"caption\":\"Blog Novidades\"},\"image\":{\"@id\":\"https:\/\/ninamartinelli.com.br\/blog2\/#\/schema\/logo\/image\/\"}},{\"@type\":\"Person\",\"@id\":\"https:\/\/ninamartinelli.com.br\/blog2\/#\/schema\/person\/43fbfb1d4cbe3b472995206b2bb06df5\",\"name\":\"Ana Maria Devides\",\"image\":{\"@type\":\"ImageObject\",\"inLanguage\":\"pt-BR\",\"@id\":\"https:\/\/ninamartinelli.com.br\/blog2\/#\/schema\/person\/image\/\",\"url\":\"https:\/\/secure.gravatar.com\/avatar\/a03a82675d8bb3da8e5c5a6872db97be?s=96&d=mm&r=g\",\"contentUrl\":\"https:\/\/secure.gravatar.com\/avatar\/a03a82675d8bb3da8e5c5a6872db97be?s=96&d=mm&r=g\",\"caption\":\"Ana Maria Devides\"},\"url\":\"https:\/\/ninamartinelli.com.br\/blog2\/author\/assessoria-nina-martinelli\/\"}]}<\/script>\n<!-- \/ Yoast SEO plugin. -->","yoast_head_json":{"title":"CASACOR Ribeir\u00e3o Preto 2025 \u2013 Ambientes com produtos Nina Martinelli s\u00e3o premiados pela Revista IT HOME","description":"CASACOR Ribeir\u00e3o Preto 2025 - Venha ver ou rever os tr\u00eas ambientes que foram premiados na mostra e que t\u00eam nossos produtos","robots":{"index":"index","follow":"follow","max-snippet":"max-snippet:-1","max-image-preview":"max-image-preview:large","max-video-preview":"max-video-preview:-1"},"canonical":"https:\/\/ninamartinelli.com.br\/blog2\/casacor-ribeirao-preto-2025-ambientes-com-produtos-nina-martinelli-sao-premiados-pela-revista-it-home\/","og_locale":"pt_BR","og_type":"article","og_title":"CASACOR Ribeir\u00e3o Preto 2025 \u2013 Ambientes com produtos Nina Martinelli s\u00e3o premiados pela Revista IT HOME","og_description":"CASACOR Ribeir\u00e3o Preto 2025 - Venha ver ou rever os tr\u00eas ambientes que foram premiados na mostra e que t\u00eam nossos produtos","og_url":"https:\/\/ninamartinelli.com.br\/blog2\/casacor-ribeirao-preto-2025-ambientes-com-produtos-nina-martinelli-sao-premiados-pela-revista-it-home\/","og_site_name":"Blog Nina","article_published_time":"2025-10-29T11:30:36+00:00","og_image":[{"width":1920,"height":2560,"url":"https:\/\/ninamartinelli.com.br\/blog2\/wp-content\/uploads\/2025\/09\/cozinha-do-chef-8-scaled.jpg","type":"image\/jpeg"}],"author":"Ana Maria Devides","twitter_card":"summary_large_image","twitter_misc":{"Escrito por":"Ana Maria Devides","Est. tempo de leitura":"9 minutos"},"schema":{"@context":"https:\/\/schema.org","@graph":[{"@type":"Article","@id":"https:\/\/ninamartinelli.com.br\/blog2\/casacor-ribeirao-preto-2025-ambientes-com-produtos-nina-martinelli-sao-premiados-pela-revista-it-home\/#article","isPartOf":{"@id":"https:\/\/ninamartinelli.com.br\/blog2\/casacor-ribeirao-preto-2025-ambientes-com-produtos-nina-martinelli-sao-premiados-pela-revista-it-home\/"},"author":{"name":"Ana Maria Devides","@id":"https:\/\/ninamartinelli.com.br\/blog2\/#\/schema\/person\/43fbfb1d4cbe3b472995206b2bb06df5"},"headline":"CASACOR Ribeir\u00e3o Preto 2025 \u2013 Ambientes com produtos Nina Martinelli s\u00e3o premiados pela Revista IT HOME","datePublished":"2025-10-29T11:30:36+00:00","mainEntityOfPage":{"@id":"https:\/\/ninamartinelli.com.br\/blog2\/casacor-ribeirao-preto-2025-ambientes-com-produtos-nina-martinelli-sao-premiados-pela-revista-it-home\/"},"wordCount":1299,"commentCount":0,"publisher":{"@id":"https:\/\/ninamartinelli.com.br\/blog2\/#organization"},"image":{"@id":"https:\/\/ninamartinelli.com.br\/blog2\/casacor-ribeirao-preto-2025-ambientes-com-produtos-nina-martinelli-sao-premiados-pela-revista-it-home\/#primaryimage"},"thumbnailUrl":"https:\/\/ninamartinelli.com.br\/blog2\/wp-content\/uploads\/2025\/09\/cozinha-do-chef-8-scaled.jpg","keywords":["Ambientes Premiados","Casa Cor Ribeir\u00e3o Preto","produ\u00e7\u00e3o artesanal"],"articleSection":["CASA COR","Mostras e Eventos","Nina Martinelli","Revestimentos"],"inLanguage":"pt-BR","potentialAction":[{"@type":"CommentAction","name":"Comment","target":["https:\/\/ninamartinelli.com.br\/blog2\/casacor-ribeirao-preto-2025-ambientes-com-produtos-nina-martinelli-sao-premiados-pela-revista-it-home\/#respond"]}]},{"@type":"WebPage","@id":"https:\/\/ninamartinelli.com.br\/blog2\/casacor-ribeirao-preto-2025-ambientes-com-produtos-nina-martinelli-sao-premiados-pela-revista-it-home\/","url":"https:\/\/ninamartinelli.com.br\/blog2\/casacor-ribeirao-preto-2025-ambientes-com-produtos-nina-martinelli-sao-premiados-pela-revista-it-home\/","name":"CASACOR Ribeir\u00e3o Preto 2025 \u2013 Ambientes com produtos Nina Martinelli s\u00e3o premiados pela Revista IT HOME","isPartOf":{"@id":"https:\/\/ninamartinelli.com.br\/blog2\/#website"},"primaryImageOfPage":{"@id":"https:\/\/ninamartinelli.com.br\/blog2\/casacor-ribeirao-preto-2025-ambientes-com-produtos-nina-martinelli-sao-premiados-pela-revista-it-home\/#primaryimage"},"image":{"@id":"https:\/\/ninamartinelli.com.br\/blog2\/casacor-ribeirao-preto-2025-ambientes-com-produtos-nina-martinelli-sao-premiados-pela-revista-it-home\/#primaryimage"},"thumbnailUrl":"https:\/\/ninamartinelli.com.br\/blog2\/wp-content\/uploads\/2025\/09\/cozinha-do-chef-8-scaled.jpg","datePublished":"2025-10-29T11:30:36+00:00","description":"CASACOR Ribeir\u00e3o Preto 2025 - Venha ver ou rever os tr\u00eas ambientes que foram premiados na mostra e que t\u00eam nossos produtos","breadcrumb":{"@id":"https:\/\/ninamartinelli.com.br\/blog2\/casacor-ribeirao-preto-2025-ambientes-com-produtos-nina-martinelli-sao-premiados-pela-revista-it-home\/#breadcrumb"},"inLanguage":"pt-BR","potentialAction":[{"@type":"ReadAction","target":["https:\/\/ninamartinelli.com.br\/blog2\/casacor-ribeirao-preto-2025-ambientes-com-produtos-nina-martinelli-sao-premiados-pela-revista-it-home\/"]}]},{"@type":"ImageObject","inLanguage":"pt-BR","@id":"https:\/\/ninamartinelli.com.br\/blog2\/casacor-ribeirao-preto-2025-ambientes-com-produtos-nina-martinelli-sao-premiados-pela-revista-it-home\/#primaryimage","url":"https:\/\/ninamartinelli.com.br\/blog2\/wp-content\/uploads\/2025\/09\/cozinha-do-chef-8-scaled.jpg","contentUrl":"https:\/\/ninamartinelli.com.br\/blog2\/wp-content\/uploads\/2025\/09\/cozinha-do-chef-8-scaled.jpg","width":1920,"height":2560},{"@type":"BreadcrumbList","@id":"https:\/\/ninamartinelli.com.br\/blog2\/casacor-ribeirao-preto-2025-ambientes-com-produtos-nina-martinelli-sao-premiados-pela-revista-it-home\/#breadcrumb","itemListElement":[{"@type":"ListItem","position":1,"name":"In\u00edcio","item":"https:\/\/ninamartinelli.com.br\/blog2\/"},{"@type":"ListItem","position":2,"name":"CASACOR Ribeir\u00e3o Preto 2025 \u2013 Ambientes com produtos Nina Martinelli s\u00e3o premiados pela Revista IT HOME"}]},{"@type":"WebSite","@id":"https:\/\/ninamartinelli.com.br\/blog2\/#website","url":"https:\/\/ninamartinelli.com.br\/blog2\/","name":"Nina Martinelli","description":"#Nina_Martinelli","publisher":{"@id":"https:\/\/ninamartinelli.com.br\/blog2\/#organization"},"potentialAction":[{"@type":"SearchAction","target":{"@type":"EntryPoint","urlTemplate":"https:\/\/ninamartinelli.com.br\/blog2\/?s={search_term_string}"},"query-input":{"@type":"PropertyValueSpecification","valueRequired":true,"valueName":"search_term_string"}}],"inLanguage":"pt-BR"},{"@type":"Organization","@id":"https:\/\/ninamartinelli.com.br\/blog2\/#organization","name":"Blog Novidades","url":"https:\/\/ninamartinelli.com.br\/blog2\/","logo":{"@type":"ImageObject","inLanguage":"pt-BR","@id":"https:\/\/ninamartinelli.com.br\/blog2\/#\/schema\/logo\/image\/","url":"http:\/\/blog.ninamartinelli.com.br\/wp-content\/uploads\/2022\/03\/logo_nina_blog.png","contentUrl":"http:\/\/blog.ninamartinelli.com.br\/wp-content\/uploads\/2022\/03\/logo_nina_blog.png","width":500,"height":104,"caption":"Blog Novidades"},"image":{"@id":"https:\/\/ninamartinelli.com.br\/blog2\/#\/schema\/logo\/image\/"}},{"@type":"Person","@id":"https:\/\/ninamartinelli.com.br\/blog2\/#\/schema\/person\/43fbfb1d4cbe3b472995206b2bb06df5","name":"Ana Maria Devides","image":{"@type":"ImageObject","inLanguage":"pt-BR","@id":"https:\/\/ninamartinelli.com.br\/blog2\/#\/schema\/person\/image\/","url":"https:\/\/secure.gravatar.com\/avatar\/a03a82675d8bb3da8e5c5a6872db97be?s=96&d=mm&r=g","contentUrl":"https:\/\/secure.gravatar.com\/avatar\/a03a82675d8bb3da8e5c5a6872db97be?s=96&d=mm&r=g","caption":"Ana Maria Devides"},"url":"https:\/\/ninamartinelli.com.br\/blog2\/author\/assessoria-nina-martinelli\/"}]}},"_links":{"self":[{"href":"https:\/\/ninamartinelli.com.br\/blog2\/wp-json\/wp\/v2\/posts\/2999","targetHints":{"allow":["GET"]}}],"collection":[{"href":"https:\/\/ninamartinelli.com.br\/blog2\/wp-json\/wp\/v2\/posts"}],"about":[{"href":"https:\/\/ninamartinelli.com.br\/blog2\/wp-json\/wp\/v2\/types\/post"}],"author":[{"embeddable":true,"href":"https:\/\/ninamartinelli.com.br\/blog2\/wp-json\/wp\/v2\/users\/2"}],"replies":[{"embeddable":true,"href":"https:\/\/ninamartinelli.com.br\/blog2\/wp-json\/wp\/v2\/comments?post=2999"}],"version-history":[{"count":1,"href":"https:\/\/ninamartinelli.com.br\/blog2\/wp-json\/wp\/v2\/posts\/2999\/revisions"}],"predecessor-version":[{"id":3003,"href":"https:\/\/ninamartinelli.com.br\/blog2\/wp-json\/wp\/v2\/posts\/2999\/revisions\/3003"}],"wp:featuredmedia":[{"embeddable":true,"href":"https:\/\/ninamartinelli.com.br\/blog2\/wp-json\/wp\/v2\/media\/2924"}],"wp:attachment":[{"href":"https:\/\/ninamartinelli.com.br\/blog2\/wp-json\/wp\/v2\/media?parent=2999"}],"wp:term":[{"taxonomy":"category","embeddable":true,"href":"https:\/\/ninamartinelli.com.br\/blog2\/wp-json\/wp\/v2\/categories?post=2999"},{"taxonomy":"post_tag","embeddable":true,"href":"https:\/\/ninamartinelli.com.br\/blog2\/wp-json\/wp\/v2\/tags?post=2999"}],"curies":[{"name":"wp","href":"https:\/\/api.w.org\/{rel}","templated":true}]}}