{"id":2986,"date":"2025-10-22T08:30:23","date_gmt":"2025-10-22T11:30:23","guid":{"rendered":"https:\/\/ninamartinelli.com.br\/blog2\/?p=2986"},"modified":"2025-10-16T16:45:51","modified_gmt":"2025-10-16T19:45:51","slug":"casacor-rio-de-janeiro-2025-o-loft-onde-a-naturalidade-traz-o-aconchego-com-quadratto-terracota-rosso","status":"publish","type":"post","link":"https:\/\/ninamartinelli.com.br\/blog2\/casacor-rio-de-janeiro-2025-o-loft-onde-a-naturalidade-traz-o-aconchego-com-quadratto-terracota-rosso\/","title":{"rendered":"CASACOR Rio de Janeiro 2025 \u2013 O loft onde a naturalidade traz o aconchego, com Quadratto Terracota Rosso"},"content":{"rendered":"<p>CASACOR Rio de Janeiro 2025 &#8211; o Loft Dolce Vita, assinado por Fernanda Medeiros Arquitetura, \u00e9 uma tradu\u00e7\u00e3o delicada da arte de viver bem.<\/p>\n<p>Um espa\u00e7o que une mem\u00f3rias e modernidade, onde cada detalhe celebra o prazer de morar, receber e compartilhar momentos. Inspirado em um jovem casal apaixonado pelo Rio e pelo mar, o projeto combina o frescor da brisa carioca com a solidez das ra\u00edzes afetivas.<\/p>\n<p>A proposta parte da ideia de que o verdadeiro luxo est\u00e1 na simplicidade. A fluidez dos ambientes integrados convida \u00e0 conviv\u00eancia descomplicada \u2014 um ref\u00fagio leve e acolhedor para reunir amigos, saborear bons vinhos e deixar o tempo correr devagar.<\/p>\n<p>Na paleta, o encontro entre os tons terracota e o azul-petr\u00f3leo evoca a dualidade perfeita entre a terra e o oceano: o calor e o frescor, o natural e o sofisticado, o artesanal e o contempor\u00e2neo.<\/p>\n<p>Texturas org\u00e2nicas, como barro, palhinha e madeira, aparecem em harmonia, valorizando a ess\u00eancia do feito \u00e0 m\u00e3o. As superf\u00edcies ganham vida no acabamento meia-cana da marcenaria e nas nuances que aquecem o olhar.<\/p>\n<p>Cada material parece contar uma hist\u00f3ria \u2014 e a soma deles revela o conceito central do projeto: o equil\u00edbrio entre mem\u00f3ria e modernidade.<\/p>\n<p>No cora\u00e7\u00e3o do loft, a cozinha \u00e9 pura emo\u00e7\u00e3o. O ar retr\u00f4 das lou\u00e7as antigas e dos eletros coloridos dialoga com a mesa em granilite e com o desenho contempor\u00e2neo do mobili\u00e1rio.<\/p>\n<p>\u00c9 um ambiente que carrega a alma do casal: a alegria das reuni\u00f5es, o gosto pelas tradi\u00e7\u00f5es e a beleza do improviso elegante. Solu\u00e7\u00f5es criativas, como a mesa de vinhos acoplada \u00e0 de jantar e o mix de tapetes e tecidos, acrescentam ainda mais personalidade ao espa\u00e7o.<\/p>\n<p><strong>A cer\u00e2mica natural que abra\u00e7a os espa\u00e7os<\/strong><\/p>\n<p>\u00c9 nesse cen\u00e1rio cheio de afetividade que brilha a cer\u00e2mica <a href=\"https:\/\/ninamartinelli.com.br\/produtos\/quadratto-terracota-rosso\/\">Quadratto Terracota Rosso<\/a> 9x9cm, da Nina Martinelli. Produzida artesanalmente, pe\u00e7a a pe\u00e7a, ela traduz o olhar humano e sens\u00edvel presente em tudo o que a marca cria \u2014 porque cada revestimento Nina \u00e9 \u201cFeito Por Pessoas, Para Pessoas\u201d.<\/p>\n<p>Com acabamento e corte r\u00fasticos, mas bem definidos, o Quadratto Terracota Rosso explora a simetria da forma quadrada em uma superf\u00edcie de aspecto natural e org\u00e2nico.<\/p>\n<p>Seus sulcos e relevos \u00fanicos refletem a naturalidade e a brasilidade dos elementos que inspiram o design da Nina Martinelli: o barro, a terra, a vida simples e bonita que vem das m\u00e3os do artes\u00e3o.<\/p>\n<p><img loading=\"lazy\" decoding=\"async\" class=\"alignnone  wp-image-2988\" src=\"https:\/\/ninamartinelli.com.br\/blog2\/wp-content\/uploads\/2025\/10\/LOFT-1-225x300.webp\" alt=\"\" width=\"285\" height=\"380\" srcset=\"https:\/\/ninamartinelli.com.br\/blog2\/wp-content\/uploads\/2025\/10\/LOFT-1-225x300.webp 225w, https:\/\/ninamartinelli.com.br\/blog2\/wp-content\/uploads\/2025\/10\/LOFT-1.webp 384w\" sizes=\"auto, (max-width: 285px) 100vw, 285px\" \/>\u00a0 \u00a0 \u00a0 \u00a0 \u00a0 \u00a0 \u00a0 \u00a0 \u00a0 \u00a0 \u00a0 \u00a0 <img loading=\"lazy\" decoding=\"async\" class=\"alignnone  wp-image-2989\" src=\"https:\/\/ninamartinelli.com.br\/blog2\/wp-content\/uploads\/2025\/10\/LOFT-2-225x300.webp\" alt=\"\" width=\"283\" height=\"378\" srcset=\"https:\/\/ninamartinelli.com.br\/blog2\/wp-content\/uploads\/2025\/10\/LOFT-2-225x300.webp 225w, https:\/\/ninamartinelli.com.br\/blog2\/wp-content\/uploads\/2025\/10\/LOFT-2.webp 384w\" sizes=\"auto, (max-width: 283px) 100vw, 283px\" \/><\/p>\n<p>A cer\u00e2mica se integra ao projeto com naturalidade e emo\u00e7\u00e3o, aquecendo o ambiente e trazendo um toque de rusticidade elegante. Mais que um revestimento, ela \u00e9 um elo entre o passado e o presente, entre o que \u00e9 feito \u00e0 m\u00e3o e o que nasce do olhar contempor\u00e2neo do design. O resultado \u00e9 uma cozinha com alma \u2014 onde cada pe\u00e7a carrega um fragmento de hist\u00f3ria e cada textura desperta uma sensa\u00e7\u00e3o.<\/p>\n<p><img loading=\"lazy\" decoding=\"async\" class=\"alignnone  wp-image-2990\" src=\"https:\/\/ninamartinelli.com.br\/blog2\/wp-content\/uploads\/2025\/10\/LOFT-3-225x300.webp\" alt=\"\" width=\"267\" height=\"356\" srcset=\"https:\/\/ninamartinelli.com.br\/blog2\/wp-content\/uploads\/2025\/10\/LOFT-3-225x300.webp 225w, https:\/\/ninamartinelli.com.br\/blog2\/wp-content\/uploads\/2025\/10\/LOFT-3.webp 384w\" sizes=\"auto, (max-width: 267px) 100vw, 267px\" \/>\u00a0 \u00a0 \u00a0 \u00a0 \u00a0 \u00a0 \u00a0 \u00a0 \u00a0 \u00a0 \u00a0 \u00a0 \u00a0 \u00a0 <img loading=\"lazy\" decoding=\"async\" class=\"alignnone  wp-image-2992\" src=\"https:\/\/ninamartinelli.com.br\/blog2\/wp-content\/uploads\/2025\/10\/LOFT-5-225x300.webp\" alt=\"\" width=\"267\" height=\"356\" srcset=\"https:\/\/ninamartinelli.com.br\/blog2\/wp-content\/uploads\/2025\/10\/LOFT-5-225x300.webp 225w, https:\/\/ninamartinelli.com.br\/blog2\/wp-content\/uploads\/2025\/10\/LOFT-5.webp 384w\" sizes=\"auto, (max-width: 267px) 100vw, 267px\" \/><\/p>\n<p>Com sua produ\u00e7\u00e3o consciente e est\u00e9tica atemporal, o Quadratto Terracota Rosso 9x9cm \u00e9 a escolha perfeita para quem busca revestimentos que unem beleza, autenticidade e prop\u00f3sito. Assim como o Loft Dolce Vita, ele celebra o prazer de viver em espa\u00e7os reais, afetivos e cheios de significado.<\/p>\n<p><img loading=\"lazy\" decoding=\"async\" class=\"alignnone  wp-image-2993\" src=\"https:\/\/ninamartinelli.com.br\/blog2\/wp-content\/uploads\/2025\/10\/LOFT-6-300x225.webp\" alt=\"\" width=\"351\" height=\"263\" srcset=\"https:\/\/ninamartinelli.com.br\/blog2\/wp-content\/uploads\/2025\/10\/LOFT-6-300x225.webp 300w, https:\/\/ninamartinelli.com.br\/blog2\/wp-content\/uploads\/2025\/10\/LOFT-6.webp 512w\" sizes=\"auto, (max-width: 351px) 100vw, 351px\" \/>\u00a0 \u00a0 \u00a0 \u00a0 \u00a0 \u00a0 \u00a0 \u00a0 \u00a0 \u00a0 \u00a0 <img loading=\"lazy\" decoding=\"async\" class=\"alignnone  wp-image-2994\" src=\"https:\/\/ninamartinelli.com.br\/blog2\/wp-content\/uploads\/2025\/10\/LOFT-14-225x300.webp\" alt=\"\" width=\"265\" height=\"353\" srcset=\"https:\/\/ninamartinelli.com.br\/blog2\/wp-content\/uploads\/2025\/10\/LOFT-14-225x300.webp 225w, https:\/\/ninamartinelli.com.br\/blog2\/wp-content\/uploads\/2025\/10\/LOFT-14.webp 384w\" sizes=\"auto, (max-width: 265px) 100vw, 265px\" \/><\/p>\n<p>O produto foi especificado por Fernanda em parceria com a revenda Tanto Revestimentos, refer\u00eancia em acabamentos de bom gosto no Rio de Janeiro.<\/p>\n<p>A mostra CASACOR Rio de Janeiro 2025 acontece at\u00e9 o dia 26 de outubro, na Rua Povina Cavalcanti, 120 \u2013 S\u00e3o Conrado \u2013 Fashion Mall.<\/p>\n<p><strong> <img loading=\"lazy\" decoding=\"async\" class=\"alignnone  wp-image-2995\" src=\"https:\/\/ninamartinelli.com.br\/blog2\/wp-content\/uploads\/2025\/10\/LOFT-9-225x300.webp\" alt=\"\" width=\"301\" height=\"401\" srcset=\"https:\/\/ninamartinelli.com.br\/blog2\/wp-content\/uploads\/2025\/10\/LOFT-9-225x300.webp 225w, https:\/\/ninamartinelli.com.br\/blog2\/wp-content\/uploads\/2025\/10\/LOFT-9.webp 384w\" sizes=\"auto, (max-width: 301px) 100vw, 301px\" \/>\u00a0 \u00a0 \u00a0 \u00a0 \u00a0 \u00a0 \u00a0 \u00a0 \u00a0 \u00a0 \u00a0 \u00a0 <img loading=\"lazy\" decoding=\"async\" class=\"alignnone  wp-image-2996\" src=\"https:\/\/ninamartinelli.com.br\/blog2\/wp-content\/uploads\/2025\/10\/LOFT-7-225x300.webp\" alt=\"\" width=\"302\" height=\"403\" srcset=\"https:\/\/ninamartinelli.com.br\/blog2\/wp-content\/uploads\/2025\/10\/LOFT-7-225x300.webp 225w, https:\/\/ninamartinelli.com.br\/blog2\/wp-content\/uploads\/2025\/10\/LOFT-7.webp 384w\" sizes=\"auto, (max-width: 302px) 100vw, 302px\" \/><\/strong><\/p>\n<p><strong>Servi\u00e7o:<\/strong><\/p>\n<p><strong>CASACOR de Janeiro 2025 \u2013 Loft Dolce Vita<\/strong><\/p>\n<p><strong>Produto: <\/strong>Quadratto Terracota Rosso 9x9cm<\/p>\n<p><strong>Projeto: <\/strong>Fernanda Medeiros<\/p>\n<p><strong>Instagram:<\/strong> @fernandamedeirosarquitetura<\/p>\n<p><strong>Imagens:<\/strong> Divulga\u00e7\u00e3o<\/p>\n<p><strong>Revenda parceira<\/strong>: Tanto Revestimentos<\/p>\n<p><strong>Site<\/strong>: <a href=\"http:\/\/www.tanto.com.br\">www.tanto.com.br<\/a><\/p>\n","protected":false},"excerpt":{"rendered":"<p>CASACOR Rio de Janeiro 2025 &#8211; o Loft Dolce Vita, assinado por Fernanda Medeiros Arquitetura,<\/p>\n","protected":false},"author":2,"featured_media":2987,"comment_status":"open","ping_status":"open","sticky":false,"template":"","format":"standard","meta":{"footnotes":""},"categories":[27,59,19,1,129],"tags":[173,45,168,131],"class_list":["post-2986","post","type-post","status-publish","format-standard","has-post-thumbnail","hentry","category-casa-cor","category-ceramica","category-mostras-e-eventos","category-nina-martinelli","category-sustentabilidade","tag-casacor-rj","tag-ceramica","tag-producao-artesanal","tag-sustentabilidade"],"yoast_head":"<!-- This site is optimized with the Yoast SEO plugin v26.8 - https:\/\/yoast.com\/product\/yoast-seo-wordpress\/ -->\n<title>CASACOR Rio de Janeiro 2025 \u2013 O loft onde a naturalidade traz o aconchego, com Quadratto Terracota Rosso<\/title>\n<meta name=\"description\" content=\"CASACOR Rio de Janeiro 2025 - veja o poder da cer\u00e2mica natural da Nina Martinelli para trazer acolhimento, beleza e uma simplicidade elegante\" \/>\n<meta name=\"robots\" content=\"index, follow, max-snippet:-1, max-image-preview:large, max-video-preview:-1\" \/>\n<link rel=\"canonical\" href=\"https:\/\/ninamartinelli.com.br\/blog2\/casacor-rio-de-janeiro-2025-o-loft-onde-a-naturalidade-traz-o-aconchego-com-quadratto-terracota-rosso\/\" \/>\n<meta property=\"og:locale\" content=\"pt_BR\" \/>\n<meta property=\"og:type\" content=\"article\" \/>\n<meta property=\"og:title\" content=\"CASACOR Rio de Janeiro 2025 \u2013 O loft onde a naturalidade traz o aconchego, com Quadratto Terracota Rosso\" \/>\n<meta property=\"og:description\" content=\"CASACOR Rio de Janeiro 2025 - veja o poder da cer\u00e2mica natural da Nina Martinelli para trazer acolhimento, beleza e uma simplicidade elegante\" \/>\n<meta property=\"og:url\" content=\"https:\/\/ninamartinelli.com.br\/blog2\/casacor-rio-de-janeiro-2025-o-loft-onde-a-naturalidade-traz-o-aconchego-com-quadratto-terracota-rosso\/\" \/>\n<meta property=\"og:site_name\" content=\"Blog Nina\" \/>\n<meta property=\"article:published_time\" content=\"2025-10-22T11:30:23+00:00\" \/>\n<meta property=\"og:image\" content=\"https:\/\/ninamartinelli.com.br\/blog2\/wp-content\/uploads\/2025\/10\/LOFT-4.webp\" \/>\n\t<meta property=\"og:image:width\" content=\"384\" \/>\n\t<meta property=\"og:image:height\" content=\"512\" \/>\n\t<meta property=\"og:image:type\" content=\"image\/webp\" \/>\n<meta name=\"author\" content=\"Ana Maria Devides\" \/>\n<meta name=\"twitter:card\" content=\"summary_large_image\" \/>\n<meta name=\"twitter:label1\" content=\"Escrito por\" \/>\n\t<meta name=\"twitter:data1\" content=\"Ana Maria Devides\" \/>\n\t<meta name=\"twitter:label2\" content=\"Est. tempo de leitura\" \/>\n\t<meta name=\"twitter:data2\" content=\"6 minutos\" \/>\n<script type=\"application\/ld+json\" class=\"yoast-schema-graph\">{\"@context\":\"https:\/\/schema.org\",\"@graph\":[{\"@type\":\"Article\",\"@id\":\"https:\/\/ninamartinelli.com.br\/blog2\/casacor-rio-de-janeiro-2025-o-loft-onde-a-naturalidade-traz-o-aconchego-com-quadratto-terracota-rosso\/#article\",\"isPartOf\":{\"@id\":\"https:\/\/ninamartinelli.com.br\/blog2\/casacor-rio-de-janeiro-2025-o-loft-onde-a-naturalidade-traz-o-aconchego-com-quadratto-terracota-rosso\/\"},\"author\":{\"name\":\"Ana Maria Devides\",\"@id\":\"https:\/\/ninamartinelli.com.br\/blog2\/#\/schema\/person\/43fbfb1d4cbe3b472995206b2bb06df5\"},\"headline\":\"CASACOR Rio de Janeiro 2025 \u2013 O loft onde a naturalidade traz o aconchego, com Quadratto Terracota Rosso\",\"datePublished\":\"2025-10-22T11:30:23+00:00\",\"mainEntityOfPage\":{\"@id\":\"https:\/\/ninamartinelli.com.br\/blog2\/casacor-rio-de-janeiro-2025-o-loft-onde-a-naturalidade-traz-o-aconchego-com-quadratto-terracota-rosso\/\"},\"wordCount\":637,\"commentCount\":0,\"publisher\":{\"@id\":\"https:\/\/ninamartinelli.com.br\/blog2\/#organization\"},\"image\":{\"@id\":\"https:\/\/ninamartinelli.com.br\/blog2\/casacor-rio-de-janeiro-2025-o-loft-onde-a-naturalidade-traz-o-aconchego-com-quadratto-terracota-rosso\/#primaryimage\"},\"thumbnailUrl\":\"https:\/\/ninamartinelli.com.br\/blog2\/wp-content\/uploads\/2025\/10\/LOFT-4.webp\",\"keywords\":[\"CASACOR RJ\",\"ceramica\",\"produ\u00e7\u00e3o artesanal\",\"Sustentabilidade\"],\"articleSection\":[\"CASA COR\",\"Cer\u00e2mica\",\"Mostras e Eventos\",\"Nina Martinelli\",\"Sustentabilidade\"],\"inLanguage\":\"pt-BR\",\"potentialAction\":[{\"@type\":\"CommentAction\",\"name\":\"Comment\",\"target\":[\"https:\/\/ninamartinelli.com.br\/blog2\/casacor-rio-de-janeiro-2025-o-loft-onde-a-naturalidade-traz-o-aconchego-com-quadratto-terracota-rosso\/#respond\"]}]},{\"@type\":\"WebPage\",\"@id\":\"https:\/\/ninamartinelli.com.br\/blog2\/casacor-rio-de-janeiro-2025-o-loft-onde-a-naturalidade-traz-o-aconchego-com-quadratto-terracota-rosso\/\",\"url\":\"https:\/\/ninamartinelli.com.br\/blog2\/casacor-rio-de-janeiro-2025-o-loft-onde-a-naturalidade-traz-o-aconchego-com-quadratto-terracota-rosso\/\",\"name\":\"CASACOR Rio de Janeiro 2025 \u2013 O loft onde a naturalidade traz o aconchego, com Quadratto Terracota Rosso\",\"isPartOf\":{\"@id\":\"https:\/\/ninamartinelli.com.br\/blog2\/#website\"},\"primaryImageOfPage\":{\"@id\":\"https:\/\/ninamartinelli.com.br\/blog2\/casacor-rio-de-janeiro-2025-o-loft-onde-a-naturalidade-traz-o-aconchego-com-quadratto-terracota-rosso\/#primaryimage\"},\"image\":{\"@id\":\"https:\/\/ninamartinelli.com.br\/blog2\/casacor-rio-de-janeiro-2025-o-loft-onde-a-naturalidade-traz-o-aconchego-com-quadratto-terracota-rosso\/#primaryimage\"},\"thumbnailUrl\":\"https:\/\/ninamartinelli.com.br\/blog2\/wp-content\/uploads\/2025\/10\/LOFT-4.webp\",\"datePublished\":\"2025-10-22T11:30:23+00:00\",\"description\":\"CASACOR Rio de Janeiro 2025 - veja o poder da cer\u00e2mica natural da Nina Martinelli para trazer acolhimento, beleza e uma simplicidade elegante\",\"breadcrumb\":{\"@id\":\"https:\/\/ninamartinelli.com.br\/blog2\/casacor-rio-de-janeiro-2025-o-loft-onde-a-naturalidade-traz-o-aconchego-com-quadratto-terracota-rosso\/#breadcrumb\"},\"inLanguage\":\"pt-BR\",\"potentialAction\":[{\"@type\":\"ReadAction\",\"target\":[\"https:\/\/ninamartinelli.com.br\/blog2\/casacor-rio-de-janeiro-2025-o-loft-onde-a-naturalidade-traz-o-aconchego-com-quadratto-terracota-rosso\/\"]}]},{\"@type\":\"ImageObject\",\"inLanguage\":\"pt-BR\",\"@id\":\"https:\/\/ninamartinelli.com.br\/blog2\/casacor-rio-de-janeiro-2025-o-loft-onde-a-naturalidade-traz-o-aconchego-com-quadratto-terracota-rosso\/#primaryimage\",\"url\":\"https:\/\/ninamartinelli.com.br\/blog2\/wp-content\/uploads\/2025\/10\/LOFT-4.webp\",\"contentUrl\":\"https:\/\/ninamartinelli.com.br\/blog2\/wp-content\/uploads\/2025\/10\/LOFT-4.webp\",\"width\":384,\"height\":512},{\"@type\":\"BreadcrumbList\",\"@id\":\"https:\/\/ninamartinelli.com.br\/blog2\/casacor-rio-de-janeiro-2025-o-loft-onde-a-naturalidade-traz-o-aconchego-com-quadratto-terracota-rosso\/#breadcrumb\",\"itemListElement\":[{\"@type\":\"ListItem\",\"position\":1,\"name\":\"In\u00edcio\",\"item\":\"https:\/\/ninamartinelli.com.br\/blog2\/\"},{\"@type\":\"ListItem\",\"position\":2,\"name\":\"CASACOR Rio de Janeiro 2025 \u2013 O loft onde a naturalidade traz o aconchego, com Quadratto Terracota Rosso\"}]},{\"@type\":\"WebSite\",\"@id\":\"https:\/\/ninamartinelli.com.br\/blog2\/#website\",\"url\":\"https:\/\/ninamartinelli.com.br\/blog2\/\",\"name\":\"Nina Martinelli\",\"description\":\"#Nina_Martinelli\",\"publisher\":{\"@id\":\"https:\/\/ninamartinelli.com.br\/blog2\/#organization\"},\"potentialAction\":[{\"@type\":\"SearchAction\",\"target\":{\"@type\":\"EntryPoint\",\"urlTemplate\":\"https:\/\/ninamartinelli.com.br\/blog2\/?s={search_term_string}\"},\"query-input\":{\"@type\":\"PropertyValueSpecification\",\"valueRequired\":true,\"valueName\":\"search_term_string\"}}],\"inLanguage\":\"pt-BR\"},{\"@type\":\"Organization\",\"@id\":\"https:\/\/ninamartinelli.com.br\/blog2\/#organization\",\"name\":\"Blog Novidades\",\"url\":\"https:\/\/ninamartinelli.com.br\/blog2\/\",\"logo\":{\"@type\":\"ImageObject\",\"inLanguage\":\"pt-BR\",\"@id\":\"https:\/\/ninamartinelli.com.br\/blog2\/#\/schema\/logo\/image\/\",\"url\":\"http:\/\/blog.ninamartinelli.com.br\/wp-content\/uploads\/2022\/03\/logo_nina_blog.png\",\"contentUrl\":\"http:\/\/blog.ninamartinelli.com.br\/wp-content\/uploads\/2022\/03\/logo_nina_blog.png\",\"width\":500,\"height\":104,\"caption\":\"Blog Novidades\"},\"image\":{\"@id\":\"https:\/\/ninamartinelli.com.br\/blog2\/#\/schema\/logo\/image\/\"}},{\"@type\":\"Person\",\"@id\":\"https:\/\/ninamartinelli.com.br\/blog2\/#\/schema\/person\/43fbfb1d4cbe3b472995206b2bb06df5\",\"name\":\"Ana Maria Devides\",\"image\":{\"@type\":\"ImageObject\",\"inLanguage\":\"pt-BR\",\"@id\":\"https:\/\/ninamartinelli.com.br\/blog2\/#\/schema\/person\/image\/\",\"url\":\"https:\/\/secure.gravatar.com\/avatar\/a03a82675d8bb3da8e5c5a6872db97be?s=96&d=mm&r=g\",\"contentUrl\":\"https:\/\/secure.gravatar.com\/avatar\/a03a82675d8bb3da8e5c5a6872db97be?s=96&d=mm&r=g\",\"caption\":\"Ana Maria Devides\"},\"url\":\"https:\/\/ninamartinelli.com.br\/blog2\/author\/assessoria-nina-martinelli\/\"}]}<\/script>\n<!-- \/ Yoast SEO plugin. -->","yoast_head_json":{"title":"CASACOR Rio de Janeiro 2025 \u2013 O loft onde a naturalidade traz o aconchego, com Quadratto Terracota Rosso","description":"CASACOR Rio de Janeiro 2025 - veja o poder da cer\u00e2mica natural da Nina Martinelli para trazer acolhimento, beleza e uma simplicidade elegante","robots":{"index":"index","follow":"follow","max-snippet":"max-snippet:-1","max-image-preview":"max-image-preview:large","max-video-preview":"max-video-preview:-1"},"canonical":"https:\/\/ninamartinelli.com.br\/blog2\/casacor-rio-de-janeiro-2025-o-loft-onde-a-naturalidade-traz-o-aconchego-com-quadratto-terracota-rosso\/","og_locale":"pt_BR","og_type":"article","og_title":"CASACOR Rio de Janeiro 2025 \u2013 O loft onde a naturalidade traz o aconchego, com Quadratto Terracota Rosso","og_description":"CASACOR Rio de Janeiro 2025 - veja o poder da cer\u00e2mica natural da Nina Martinelli para trazer acolhimento, beleza e uma simplicidade elegante","og_url":"https:\/\/ninamartinelli.com.br\/blog2\/casacor-rio-de-janeiro-2025-o-loft-onde-a-naturalidade-traz-o-aconchego-com-quadratto-terracota-rosso\/","og_site_name":"Blog Nina","article_published_time":"2025-10-22T11:30:23+00:00","og_image":[{"width":384,"height":512,"url":"https:\/\/ninamartinelli.com.br\/blog2\/wp-content\/uploads\/2025\/10\/LOFT-4.webp","type":"image\/webp"}],"author":"Ana Maria Devides","twitter_card":"summary_large_image","twitter_misc":{"Escrito por":"Ana Maria Devides","Est. tempo de leitura":"6 minutos"},"schema":{"@context":"https:\/\/schema.org","@graph":[{"@type":"Article","@id":"https:\/\/ninamartinelli.com.br\/blog2\/casacor-rio-de-janeiro-2025-o-loft-onde-a-naturalidade-traz-o-aconchego-com-quadratto-terracota-rosso\/#article","isPartOf":{"@id":"https:\/\/ninamartinelli.com.br\/blog2\/casacor-rio-de-janeiro-2025-o-loft-onde-a-naturalidade-traz-o-aconchego-com-quadratto-terracota-rosso\/"},"author":{"name":"Ana Maria Devides","@id":"https:\/\/ninamartinelli.com.br\/blog2\/#\/schema\/person\/43fbfb1d4cbe3b472995206b2bb06df5"},"headline":"CASACOR Rio de Janeiro 2025 \u2013 O loft onde a naturalidade traz o aconchego, com Quadratto Terracota Rosso","datePublished":"2025-10-22T11:30:23+00:00","mainEntityOfPage":{"@id":"https:\/\/ninamartinelli.com.br\/blog2\/casacor-rio-de-janeiro-2025-o-loft-onde-a-naturalidade-traz-o-aconchego-com-quadratto-terracota-rosso\/"},"wordCount":637,"commentCount":0,"publisher":{"@id":"https:\/\/ninamartinelli.com.br\/blog2\/#organization"},"image":{"@id":"https:\/\/ninamartinelli.com.br\/blog2\/casacor-rio-de-janeiro-2025-o-loft-onde-a-naturalidade-traz-o-aconchego-com-quadratto-terracota-rosso\/#primaryimage"},"thumbnailUrl":"https:\/\/ninamartinelli.com.br\/blog2\/wp-content\/uploads\/2025\/10\/LOFT-4.webp","keywords":["CASACOR RJ","ceramica","produ\u00e7\u00e3o artesanal","Sustentabilidade"],"articleSection":["CASA COR","Cer\u00e2mica","Mostras e Eventos","Nina Martinelli","Sustentabilidade"],"inLanguage":"pt-BR","potentialAction":[{"@type":"CommentAction","name":"Comment","target":["https:\/\/ninamartinelli.com.br\/blog2\/casacor-rio-de-janeiro-2025-o-loft-onde-a-naturalidade-traz-o-aconchego-com-quadratto-terracota-rosso\/#respond"]}]},{"@type":"WebPage","@id":"https:\/\/ninamartinelli.com.br\/blog2\/casacor-rio-de-janeiro-2025-o-loft-onde-a-naturalidade-traz-o-aconchego-com-quadratto-terracota-rosso\/","url":"https:\/\/ninamartinelli.com.br\/blog2\/casacor-rio-de-janeiro-2025-o-loft-onde-a-naturalidade-traz-o-aconchego-com-quadratto-terracota-rosso\/","name":"CASACOR Rio de Janeiro 2025 \u2013 O loft onde a naturalidade traz o aconchego, com Quadratto Terracota Rosso","isPartOf":{"@id":"https:\/\/ninamartinelli.com.br\/blog2\/#website"},"primaryImageOfPage":{"@id":"https:\/\/ninamartinelli.com.br\/blog2\/casacor-rio-de-janeiro-2025-o-loft-onde-a-naturalidade-traz-o-aconchego-com-quadratto-terracota-rosso\/#primaryimage"},"image":{"@id":"https:\/\/ninamartinelli.com.br\/blog2\/casacor-rio-de-janeiro-2025-o-loft-onde-a-naturalidade-traz-o-aconchego-com-quadratto-terracota-rosso\/#primaryimage"},"thumbnailUrl":"https:\/\/ninamartinelli.com.br\/blog2\/wp-content\/uploads\/2025\/10\/LOFT-4.webp","datePublished":"2025-10-22T11:30:23+00:00","description":"CASACOR Rio de Janeiro 2025 - veja o poder da cer\u00e2mica natural da Nina Martinelli para trazer acolhimento, beleza e uma simplicidade elegante","breadcrumb":{"@id":"https:\/\/ninamartinelli.com.br\/blog2\/casacor-rio-de-janeiro-2025-o-loft-onde-a-naturalidade-traz-o-aconchego-com-quadratto-terracota-rosso\/#breadcrumb"},"inLanguage":"pt-BR","potentialAction":[{"@type":"ReadAction","target":["https:\/\/ninamartinelli.com.br\/blog2\/casacor-rio-de-janeiro-2025-o-loft-onde-a-naturalidade-traz-o-aconchego-com-quadratto-terracota-rosso\/"]}]},{"@type":"ImageObject","inLanguage":"pt-BR","@id":"https:\/\/ninamartinelli.com.br\/blog2\/casacor-rio-de-janeiro-2025-o-loft-onde-a-naturalidade-traz-o-aconchego-com-quadratto-terracota-rosso\/#primaryimage","url":"https:\/\/ninamartinelli.com.br\/blog2\/wp-content\/uploads\/2025\/10\/LOFT-4.webp","contentUrl":"https:\/\/ninamartinelli.com.br\/blog2\/wp-content\/uploads\/2025\/10\/LOFT-4.webp","width":384,"height":512},{"@type":"BreadcrumbList","@id":"https:\/\/ninamartinelli.com.br\/blog2\/casacor-rio-de-janeiro-2025-o-loft-onde-a-naturalidade-traz-o-aconchego-com-quadratto-terracota-rosso\/#breadcrumb","itemListElement":[{"@type":"ListItem","position":1,"name":"In\u00edcio","item":"https:\/\/ninamartinelli.com.br\/blog2\/"},{"@type":"ListItem","position":2,"name":"CASACOR Rio de Janeiro 2025 \u2013 O loft onde a naturalidade traz o aconchego, com Quadratto Terracota Rosso"}]},{"@type":"WebSite","@id":"https:\/\/ninamartinelli.com.br\/blog2\/#website","url":"https:\/\/ninamartinelli.com.br\/blog2\/","name":"Nina Martinelli","description":"#Nina_Martinelli","publisher":{"@id":"https:\/\/ninamartinelli.com.br\/blog2\/#organization"},"potentialAction":[{"@type":"SearchAction","target":{"@type":"EntryPoint","urlTemplate":"https:\/\/ninamartinelli.com.br\/blog2\/?s={search_term_string}"},"query-input":{"@type":"PropertyValueSpecification","valueRequired":true,"valueName":"search_term_string"}}],"inLanguage":"pt-BR"},{"@type":"Organization","@id":"https:\/\/ninamartinelli.com.br\/blog2\/#organization","name":"Blog Novidades","url":"https:\/\/ninamartinelli.com.br\/blog2\/","logo":{"@type":"ImageObject","inLanguage":"pt-BR","@id":"https:\/\/ninamartinelli.com.br\/blog2\/#\/schema\/logo\/image\/","url":"http:\/\/blog.ninamartinelli.com.br\/wp-content\/uploads\/2022\/03\/logo_nina_blog.png","contentUrl":"http:\/\/blog.ninamartinelli.com.br\/wp-content\/uploads\/2022\/03\/logo_nina_blog.png","width":500,"height":104,"caption":"Blog Novidades"},"image":{"@id":"https:\/\/ninamartinelli.com.br\/blog2\/#\/schema\/logo\/image\/"}},{"@type":"Person","@id":"https:\/\/ninamartinelli.com.br\/blog2\/#\/schema\/person\/43fbfb1d4cbe3b472995206b2bb06df5","name":"Ana Maria Devides","image":{"@type":"ImageObject","inLanguage":"pt-BR","@id":"https:\/\/ninamartinelli.com.br\/blog2\/#\/schema\/person\/image\/","url":"https:\/\/secure.gravatar.com\/avatar\/a03a82675d8bb3da8e5c5a6872db97be?s=96&d=mm&r=g","contentUrl":"https:\/\/secure.gravatar.com\/avatar\/a03a82675d8bb3da8e5c5a6872db97be?s=96&d=mm&r=g","caption":"Ana Maria Devides"},"url":"https:\/\/ninamartinelli.com.br\/blog2\/author\/assessoria-nina-martinelli\/"}]}},"_links":{"self":[{"href":"https:\/\/ninamartinelli.com.br\/blog2\/wp-json\/wp\/v2\/posts\/2986","targetHints":{"allow":["GET"]}}],"collection":[{"href":"https:\/\/ninamartinelli.com.br\/blog2\/wp-json\/wp\/v2\/posts"}],"about":[{"href":"https:\/\/ninamartinelli.com.br\/blog2\/wp-json\/wp\/v2\/types\/post"}],"author":[{"embeddable":true,"href":"https:\/\/ninamartinelli.com.br\/blog2\/wp-json\/wp\/v2\/users\/2"}],"replies":[{"embeddable":true,"href":"https:\/\/ninamartinelli.com.br\/blog2\/wp-json\/wp\/v2\/comments?post=2986"}],"version-history":[{"count":1,"href":"https:\/\/ninamartinelli.com.br\/blog2\/wp-json\/wp\/v2\/posts\/2986\/revisions"}],"predecessor-version":[{"id":2997,"href":"https:\/\/ninamartinelli.com.br\/blog2\/wp-json\/wp\/v2\/posts\/2986\/revisions\/2997"}],"wp:featuredmedia":[{"embeddable":true,"href":"https:\/\/ninamartinelli.com.br\/blog2\/wp-json\/wp\/v2\/media\/2987"}],"wp:attachment":[{"href":"https:\/\/ninamartinelli.com.br\/blog2\/wp-json\/wp\/v2\/media?parent=2986"}],"wp:term":[{"taxonomy":"category","embeddable":true,"href":"https:\/\/ninamartinelli.com.br\/blog2\/wp-json\/wp\/v2\/categories?post=2986"},{"taxonomy":"post_tag","embeddable":true,"href":"https:\/\/ninamartinelli.com.br\/blog2\/wp-json\/wp\/v2\/tags?post=2986"}],"curies":[{"name":"wp","href":"https:\/\/api.w.org\/{rel}","templated":true}]}}