{"id":2972,"date":"2025-10-15T08:30:22","date_gmt":"2025-10-15T11:30:22","guid":{"rendered":"https:\/\/ninamartinelli.com.br\/blog2\/?p=2972"},"modified":"2025-10-15T10:52:55","modified_gmt":"2025-10-15T13:52:55","slug":"casacor-ribeirao-preto-2025-pes-e-pensamentos-desaceleram-sobre-o-cotto-vecchio-nobile-nero-na-varanda-aconchego","status":"publish","type":"post","link":"https:\/\/ninamartinelli.com.br\/blog2\/casacor-ribeirao-preto-2025-pes-e-pensamentos-desaceleram-sobre-o-cotto-vecchio-nobile-nero-na-varanda-aconchego\/","title":{"rendered":"CASACOR Ribeir\u00e3o Preto 2025 \u2013 P\u00e9s e pensamentos desaceleram sobre o Cotto Vecchio N\u00f3bile Nero, na Varanda Aconchego"},"content":{"rendered":"<p><strong>CASACOR Ribeir\u00e3o Preto 2025 &#8211; <\/strong>Sob o olhar sens\u00edvel do arquiteto <a href=\"https:\/\/www.instagram.com\/arqwallaceoliveira\/\">Wallace Oliveira<\/a>, a Varanda Aconchego, um dos ambientes da CASACOR Ribeir\u00e3o Preto 2025, convida a desacelerar. Erguida sobre um plat\u00f4 e envolta por um jardim exuberante, a varanda nasce como um ref\u00fagio mediterr\u00e2neo, criado para quem valoriza a pausa, a contempla\u00e7\u00e3o e os encontros que realmente importam.<\/p>\n<p>O espa\u00e7o combina estrutura e natureza em perfeita harmonia. A luz natural se filtra suavemente pelo forro de bambu \u2014 que atua como brise \u2014 e o jogo delicado entre luz e sombra se completa com a ilumina\u00e7\u00e3o c\u00eanica, revelando texturas, volumes e nuances. O resultado \u00e9 um ambiente que desperta os sentidos e transmite a serenidade de um entardecer \u00e0 beira-mar.<\/p>\n<p>No ch\u00e3o, um toque de mem\u00f3ria afetiva: o <a href=\"https:\/\/ninamartinelli.com.br\/produtos\/piso-cotto-vecchio-nobile-nero-3\/\">Cotto Vecchio N\u00f3bile Nero 30&#215;30<\/a>, da Nina Martinelli. Carinhosamente chamado de \u201clajota\u201d, o revestimento cer\u00e2mico natural refor\u00e7a o esp\u00edrito acolhedor que d\u00e1 nome ao projeto.<\/p>\n<p>&nbsp;<\/p>\n<p><img loading=\"lazy\" decoding=\"async\" class=\"alignnone wp-image-2974\" src=\"https:\/\/ninamartinelli.com.br\/blog2\/wp-content\/uploads\/2025\/10\/varanda-4-169x300.jpg\" alt=\"\" width=\"256\" height=\"455\" srcset=\"https:\/\/ninamartinelli.com.br\/blog2\/wp-content\/uploads\/2025\/10\/varanda-4-169x300.jpg 169w, https:\/\/ninamartinelli.com.br\/blog2\/wp-content\/uploads\/2025\/10\/varanda-4.jpg 337w\" sizes=\"auto, (max-width: 256px) 100vw, 256px\" \/>\u00a0 \u00a0 \u00a0 \u00a0 \u00a0 \u00a0 \u00a0 \u00a0 \u00a0 \u00a0 \u00a0 \u00a0 \u00a0 \u00a0 \u00a0 \u00a0 <img loading=\"lazy\" decoding=\"async\" class=\"alignnone wp-image-2975\" src=\"https:\/\/ninamartinelli.com.br\/blog2\/wp-content\/uploads\/2025\/10\/varanda-2-169x300.jpg\" alt=\"\" width=\"251\" height=\"445\" srcset=\"https:\/\/ninamartinelli.com.br\/blog2\/wp-content\/uploads\/2025\/10\/varanda-2-169x300.jpg 169w, https:\/\/ninamartinelli.com.br\/blog2\/wp-content\/uploads\/2025\/10\/varanda-2.jpg 337w\" sizes=\"auto, (max-width: 251px) 100vw, 251px\" \/><\/p>\n<p>Sua tonalidade terrosa, de aspecto levemente envelhecido, harmoniza com as pedras claras das paredes e o mobili\u00e1rio de linhas leves, trazendo uma sensa\u00e7\u00e3o de aconchego e pertencimento \u2014 como se o espa\u00e7o sempre tivesse existido ali.<\/p>\n<p>Feito artesanalmente, como todos os produtos da Nina Martinelli, o Cotto Vecchio N\u00f3bile Nero carrega em si o conceito Feito Por Pessoas, Para Pessoas.<\/p>\n<p><img loading=\"lazy\" decoding=\"async\" class=\"alignnone wp-image-2976\" src=\"https:\/\/ninamartinelli.com.br\/blog2\/wp-content\/uploads\/2025\/10\/varanda-3-169x300.jpg\" alt=\"\" width=\"256\" height=\"454\" srcset=\"https:\/\/ninamartinelli.com.br\/blog2\/wp-content\/uploads\/2025\/10\/varanda-3-169x300.jpg 169w, https:\/\/ninamartinelli.com.br\/blog2\/wp-content\/uploads\/2025\/10\/varanda-3.jpg 337w\" sizes=\"auto, (max-width: 256px) 100vw, 256px\" \/>\u00a0 \u00a0 \u00a0 \u00a0 \u00a0 \u00a0 \u00a0 \u00a0 \u00a0 \u00a0 \u00a0 \u00a0 \u00a0 \u00a0 <img loading=\"lazy\" decoding=\"async\" class=\"alignnone wp-image-2977\" src=\"https:\/\/ninamartinelli.com.br\/blog2\/wp-content\/uploads\/2025\/10\/varanda-5-225x300.jpg\" alt=\"\" width=\"329\" height=\"439\" srcset=\"https:\/\/ninamartinelli.com.br\/blog2\/wp-content\/uploads\/2025\/10\/varanda-5-225x300.jpg 225w, https:\/\/ninamartinelli.com.br\/blog2\/wp-content\/uploads\/2025\/10\/varanda-5-768x1024.jpg 768w, https:\/\/ninamartinelli.com.br\/blog2\/wp-content\/uploads\/2025\/10\/varanda-5-1152x1536.jpg 1152w, https:\/\/ninamartinelli.com.br\/blog2\/wp-content\/uploads\/2025\/10\/varanda-5-1536x2048.jpg 1536w, https:\/\/ninamartinelli.com.br\/blog2\/wp-content\/uploads\/2025\/10\/varanda-5-1024x1365.jpg 1024w, https:\/\/ninamartinelli.com.br\/blog2\/wp-content\/uploads\/2025\/10\/varanda-5-scaled.jpg 1920w\" sizes=\"auto, (max-width: 329px) 100vw, 329px\" \/><\/p>\n<p>Cada pe\u00e7a \u00e9 \u00fanica: o processo de queima em forno tradicional e o envelhecimento controlado resultam em superf\u00edcies vivas, com nuances e imperfei\u00e7\u00f5es que contam hist\u00f3rias. \u00c9 esse car\u00e1ter singular que transforma um piso em emo\u00e7\u00e3o palp\u00e1vel \u2014 um material que fala de lar, de ra\u00edzes e de experi\u00eancias.<\/p>\n<p>Al\u00e9m da beleza, o Cotto Vecchio oferece versatilidade criativa aos profissionais. Dispon\u00edvel em diversas dimens\u00f5es (15&#215;15, 15&#215;30, 30&#215;30, 15&#215;45 e 30&#215;45 cm), permite pagina\u00e7\u00f5es variadas e efeitos visuais que v\u00e3o do cl\u00e1ssico ao contempor\u00e2neo, sempre com o mesmo charme artesanal.<\/p>\n<p>A Varanda Aconchego traduz, em cada detalhe, o prop\u00f3sito de reconectar as pessoas com o essencial. A pedra Moledo nas paredes, a l\u00e2mina de rocha na bancada, o balan\u00e7o em formato de cesto, o jardim que abra\u00e7a o espa\u00e7o \u2014 tudo ali foi pensado para despertar sensa\u00e7\u00f5es de conforto e bem-estar.<\/p>\n<p>Um ambiente onde o design se une \u00e0 natureza e o tempo parece andar devagar. E sob os p\u00e9s, o Cotto Vecchio N\u00f3bile Nero, com seu tom de terra e alma de casa, sela essa atmosfera de paz, autenticidade e calor humano que define a ess\u00eancia da Nina Martinelli.<\/p>\n<p>A mostra se encerrou no \u00faltimo dia 12 de outubro e a Varanda Aconchego foi dos ambientes mais elogiados.<\/p>\n<p><img loading=\"lazy\" decoding=\"async\" class=\"wp-image-2978 aligncenter\" src=\"https:\/\/ninamartinelli.com.br\/blog2\/wp-content\/uploads\/2025\/10\/varanda-6-300x225.jpg\" alt=\"\" width=\"380\" height=\"285\" srcset=\"https:\/\/ninamartinelli.com.br\/blog2\/wp-content\/uploads\/2025\/10\/varanda-6-300x225.jpg 300w, https:\/\/ninamartinelli.com.br\/blog2\/wp-content\/uploads\/2025\/10\/varanda-6-1024x768.jpg 1024w, https:\/\/ninamartinelli.com.br\/blog2\/wp-content\/uploads\/2025\/10\/varanda-6-768x576.jpg 768w, https:\/\/ninamartinelli.com.br\/blog2\/wp-content\/uploads\/2025\/10\/varanda-6-1536x1152.jpg 1536w, https:\/\/ninamartinelli.com.br\/blog2\/wp-content\/uploads\/2025\/10\/varanda-6-2048x1536.jpg 2048w\" sizes=\"auto, (max-width: 380px) 100vw, 380px\" \/><\/p>\n<p><strong>Servi\u00e7o:<\/strong><\/p>\n<p><strong>CASACOR Ribeir\u00e3o Preto 2025 \u2013 Varanda Aconchego<\/strong><\/p>\n<p><strong>Produto: <\/strong>Cotto Vecchio N\u00f3bile Nero 30x30cm<\/p>\n<p><strong>Projeto:<\/strong> Wallace Oliveira<\/p>\n<p><strong>Instagram:<\/strong> @arqwallaceoliveira<\/p>\n<p><strong>Imagens:<\/strong> Divulga\u00e7\u00e3o<\/p>\n<p><strong>\u00a0<\/strong><\/p>\n","protected":false},"excerpt":{"rendered":"<p>CASACOR Ribeir\u00e3o Preto 2025 &#8211; Sob o olhar sens\u00edvel do arquiteto Wallace Oliveira, a Varanda<\/p>\n","protected":false},"author":2,"featured_media":2982,"comment_status":"open","ping_status":"open","sticky":false,"template":"","format":"standard","meta":{"footnotes":""},"categories":[27,59,19,1,129],"tags":[130,25,85,168,131],"class_list":["post-2972","post","type-post","status-publish","format-standard","has-post-thumbnail","hentry","category-casa-cor","category-ceramica","category-mostras-e-eventos","category-nina-martinelli","category-sustentabilidade","tag-casa-cor-ribeirao-preto","tag-piso-de-ceramica","tag-piso-rustico","tag-producao-artesanal","tag-sustentabilidade"],"yoast_head":"<!-- This site is optimized with the Yoast SEO plugin v26.8 - https:\/\/yoast.com\/product\/yoast-seo-wordpress\/ -->\n<title>CASACOR Ribeir\u00e3o Preto 2025 \u2013 P\u00e9s e pensamentos desaceleram sobre o Cotto Vecchio N\u00f3bile Nero, na Varanda Aconchego<\/title>\n<meta name=\"description\" content=\"CASACOR Ribeir\u00e3o Preto 2025 - Conhe\u00e7a a varanda que, com o Cotto Vecchio N\u00f3bile Nero, traz a sensa\u00e7\u00e3o de que o tempo desacelera\" \/>\n<meta name=\"robots\" content=\"index, follow, max-snippet:-1, max-image-preview:large, max-video-preview:-1\" \/>\n<link rel=\"canonical\" href=\"https:\/\/ninamartinelli.com.br\/blog2\/casacor-ribeirao-preto-2025-pes-e-pensamentos-desaceleram-sobre-o-cotto-vecchio-nobile-nero-na-varanda-aconchego\/\" \/>\n<meta property=\"og:locale\" content=\"pt_BR\" \/>\n<meta property=\"og:type\" content=\"article\" \/>\n<meta property=\"og:title\" content=\"CASACOR Ribeir\u00e3o Preto 2025 \u2013 P\u00e9s e pensamentos desaceleram sobre o Cotto Vecchio N\u00f3bile Nero, na Varanda Aconchego\" \/>\n<meta property=\"og:description\" content=\"CASACOR Ribeir\u00e3o Preto 2025 - Conhe\u00e7a a varanda que, com o Cotto Vecchio N\u00f3bile Nero, traz a sensa\u00e7\u00e3o de que o tempo desacelera\" \/>\n<meta property=\"og:url\" content=\"https:\/\/ninamartinelli.com.br\/blog2\/casacor-ribeirao-preto-2025-pes-e-pensamentos-desaceleram-sobre-o-cotto-vecchio-nobile-nero-na-varanda-aconchego\/\" \/>\n<meta property=\"og:site_name\" content=\"Blog Nina\" \/>\n<meta property=\"article:published_time\" content=\"2025-10-15T11:30:22+00:00\" \/>\n<meta property=\"article:modified_time\" content=\"2025-10-15T13:52:55+00:00\" \/>\n<meta property=\"og:image\" content=\"https:\/\/ninamartinelli.com.br\/blog2\/wp-content\/uploads\/2025\/10\/Varanda-Aconchego.jpg\" \/>\n\t<meta property=\"og:image:width\" content=\"1365\" \/>\n\t<meta property=\"og:image:height\" content=\"2048\" \/>\n\t<meta property=\"og:image:type\" content=\"image\/jpeg\" \/>\n<meta name=\"author\" content=\"Ana Maria Devides\" \/>\n<meta name=\"twitter:card\" content=\"summary_large_image\" \/>\n<meta name=\"twitter:label1\" content=\"Escrito por\" \/>\n\t<meta name=\"twitter:data1\" content=\"Ana Maria Devides\" \/>\n\t<meta name=\"twitter:label2\" content=\"Est. tempo de leitura\" \/>\n\t<meta name=\"twitter:data2\" content=\"4 minutos\" \/>\n<script type=\"application\/ld+json\" class=\"yoast-schema-graph\">{\"@context\":\"https:\/\/schema.org\",\"@graph\":[{\"@type\":\"Article\",\"@id\":\"https:\/\/ninamartinelli.com.br\/blog2\/casacor-ribeirao-preto-2025-pes-e-pensamentos-desaceleram-sobre-o-cotto-vecchio-nobile-nero-na-varanda-aconchego\/#article\",\"isPartOf\":{\"@id\":\"https:\/\/ninamartinelli.com.br\/blog2\/casacor-ribeirao-preto-2025-pes-e-pensamentos-desaceleram-sobre-o-cotto-vecchio-nobile-nero-na-varanda-aconchego\/\"},\"author\":{\"name\":\"Ana Maria Devides\",\"@id\":\"https:\/\/ninamartinelli.com.br\/blog2\/#\/schema\/person\/43fbfb1d4cbe3b472995206b2bb06df5\"},\"headline\":\"CASACOR Ribeir\u00e3o Preto 2025 \u2013 P\u00e9s e pensamentos desaceleram sobre o Cotto Vecchio N\u00f3bile Nero, na Varanda Aconchego\",\"datePublished\":\"2025-10-15T11:30:22+00:00\",\"dateModified\":\"2025-10-15T13:52:55+00:00\",\"mainEntityOfPage\":{\"@id\":\"https:\/\/ninamartinelli.com.br\/blog2\/casacor-ribeirao-preto-2025-pes-e-pensamentos-desaceleram-sobre-o-cotto-vecchio-nobile-nero-na-varanda-aconchego\/\"},\"wordCount\":496,\"commentCount\":0,\"publisher\":{\"@id\":\"https:\/\/ninamartinelli.com.br\/blog2\/#organization\"},\"image\":{\"@id\":\"https:\/\/ninamartinelli.com.br\/blog2\/casacor-ribeirao-preto-2025-pes-e-pensamentos-desaceleram-sobre-o-cotto-vecchio-nobile-nero-na-varanda-aconchego\/#primaryimage\"},\"thumbnailUrl\":\"https:\/\/ninamartinelli.com.br\/blog2\/wp-content\/uploads\/2025\/10\/Varanda-Aconchego.jpg\",\"keywords\":[\"Casa Cor Ribeir\u00e3o Preto\",\"piso de ceramica\",\"piso rustico\",\"produ\u00e7\u00e3o artesanal\",\"Sustentabilidade\"],\"articleSection\":[\"CASA COR\",\"Cer\u00e2mica\",\"Mostras e Eventos\",\"Nina Martinelli\",\"Sustentabilidade\"],\"inLanguage\":\"pt-BR\",\"potentialAction\":[{\"@type\":\"CommentAction\",\"name\":\"Comment\",\"target\":[\"https:\/\/ninamartinelli.com.br\/blog2\/casacor-ribeirao-preto-2025-pes-e-pensamentos-desaceleram-sobre-o-cotto-vecchio-nobile-nero-na-varanda-aconchego\/#respond\"]}]},{\"@type\":\"WebPage\",\"@id\":\"https:\/\/ninamartinelli.com.br\/blog2\/casacor-ribeirao-preto-2025-pes-e-pensamentos-desaceleram-sobre-o-cotto-vecchio-nobile-nero-na-varanda-aconchego\/\",\"url\":\"https:\/\/ninamartinelli.com.br\/blog2\/casacor-ribeirao-preto-2025-pes-e-pensamentos-desaceleram-sobre-o-cotto-vecchio-nobile-nero-na-varanda-aconchego\/\",\"name\":\"CASACOR Ribeir\u00e3o Preto 2025 \u2013 P\u00e9s e pensamentos desaceleram sobre o Cotto Vecchio N\u00f3bile Nero, na Varanda Aconchego\",\"isPartOf\":{\"@id\":\"https:\/\/ninamartinelli.com.br\/blog2\/#website\"},\"primaryImageOfPage\":{\"@id\":\"https:\/\/ninamartinelli.com.br\/blog2\/casacor-ribeirao-preto-2025-pes-e-pensamentos-desaceleram-sobre-o-cotto-vecchio-nobile-nero-na-varanda-aconchego\/#primaryimage\"},\"image\":{\"@id\":\"https:\/\/ninamartinelli.com.br\/blog2\/casacor-ribeirao-preto-2025-pes-e-pensamentos-desaceleram-sobre-o-cotto-vecchio-nobile-nero-na-varanda-aconchego\/#primaryimage\"},\"thumbnailUrl\":\"https:\/\/ninamartinelli.com.br\/blog2\/wp-content\/uploads\/2025\/10\/Varanda-Aconchego.jpg\",\"datePublished\":\"2025-10-15T11:30:22+00:00\",\"dateModified\":\"2025-10-15T13:52:55+00:00\",\"description\":\"CASACOR Ribeir\u00e3o Preto 2025 - Conhe\u00e7a a varanda que, com o Cotto Vecchio N\u00f3bile Nero, traz a sensa\u00e7\u00e3o de que o tempo desacelera\",\"breadcrumb\":{\"@id\":\"https:\/\/ninamartinelli.com.br\/blog2\/casacor-ribeirao-preto-2025-pes-e-pensamentos-desaceleram-sobre-o-cotto-vecchio-nobile-nero-na-varanda-aconchego\/#breadcrumb\"},\"inLanguage\":\"pt-BR\",\"potentialAction\":[{\"@type\":\"ReadAction\",\"target\":[\"https:\/\/ninamartinelli.com.br\/blog2\/casacor-ribeirao-preto-2025-pes-e-pensamentos-desaceleram-sobre-o-cotto-vecchio-nobile-nero-na-varanda-aconchego\/\"]}]},{\"@type\":\"ImageObject\",\"inLanguage\":\"pt-BR\",\"@id\":\"https:\/\/ninamartinelli.com.br\/blog2\/casacor-ribeirao-preto-2025-pes-e-pensamentos-desaceleram-sobre-o-cotto-vecchio-nobile-nero-na-varanda-aconchego\/#primaryimage\",\"url\":\"https:\/\/ninamartinelli.com.br\/blog2\/wp-content\/uploads\/2025\/10\/Varanda-Aconchego.jpg\",\"contentUrl\":\"https:\/\/ninamartinelli.com.br\/blog2\/wp-content\/uploads\/2025\/10\/Varanda-Aconchego.jpg\",\"width\":1365,\"height\":2048},{\"@type\":\"BreadcrumbList\",\"@id\":\"https:\/\/ninamartinelli.com.br\/blog2\/casacor-ribeirao-preto-2025-pes-e-pensamentos-desaceleram-sobre-o-cotto-vecchio-nobile-nero-na-varanda-aconchego\/#breadcrumb\",\"itemListElement\":[{\"@type\":\"ListItem\",\"position\":1,\"name\":\"In\u00edcio\",\"item\":\"https:\/\/ninamartinelli.com.br\/blog2\/\"},{\"@type\":\"ListItem\",\"position\":2,\"name\":\"CASACOR Ribeir\u00e3o Preto 2025 \u2013 P\u00e9s e pensamentos desaceleram sobre o Cotto Vecchio N\u00f3bile Nero, na Varanda Aconchego\"}]},{\"@type\":\"WebSite\",\"@id\":\"https:\/\/ninamartinelli.com.br\/blog2\/#website\",\"url\":\"https:\/\/ninamartinelli.com.br\/blog2\/\",\"name\":\"Nina Martinelli\",\"description\":\"#Nina_Martinelli\",\"publisher\":{\"@id\":\"https:\/\/ninamartinelli.com.br\/blog2\/#organization\"},\"potentialAction\":[{\"@type\":\"SearchAction\",\"target\":{\"@type\":\"EntryPoint\",\"urlTemplate\":\"https:\/\/ninamartinelli.com.br\/blog2\/?s={search_term_string}\"},\"query-input\":{\"@type\":\"PropertyValueSpecification\",\"valueRequired\":true,\"valueName\":\"search_term_string\"}}],\"inLanguage\":\"pt-BR\"},{\"@type\":\"Organization\",\"@id\":\"https:\/\/ninamartinelli.com.br\/blog2\/#organization\",\"name\":\"Blog Novidades\",\"url\":\"https:\/\/ninamartinelli.com.br\/blog2\/\",\"logo\":{\"@type\":\"ImageObject\",\"inLanguage\":\"pt-BR\",\"@id\":\"https:\/\/ninamartinelli.com.br\/blog2\/#\/schema\/logo\/image\/\",\"url\":\"http:\/\/blog.ninamartinelli.com.br\/wp-content\/uploads\/2022\/03\/logo_nina_blog.png\",\"contentUrl\":\"http:\/\/blog.ninamartinelli.com.br\/wp-content\/uploads\/2022\/03\/logo_nina_blog.png\",\"width\":500,\"height\":104,\"caption\":\"Blog Novidades\"},\"image\":{\"@id\":\"https:\/\/ninamartinelli.com.br\/blog2\/#\/schema\/logo\/image\/\"}},{\"@type\":\"Person\",\"@id\":\"https:\/\/ninamartinelli.com.br\/blog2\/#\/schema\/person\/43fbfb1d4cbe3b472995206b2bb06df5\",\"name\":\"Ana Maria Devides\",\"image\":{\"@type\":\"ImageObject\",\"inLanguage\":\"pt-BR\",\"@id\":\"https:\/\/ninamartinelli.com.br\/blog2\/#\/schema\/person\/image\/\",\"url\":\"https:\/\/secure.gravatar.com\/avatar\/a03a82675d8bb3da8e5c5a6872db97be?s=96&d=mm&r=g\",\"contentUrl\":\"https:\/\/secure.gravatar.com\/avatar\/a03a82675d8bb3da8e5c5a6872db97be?s=96&d=mm&r=g\",\"caption\":\"Ana Maria Devides\"},\"url\":\"https:\/\/ninamartinelli.com.br\/blog2\/author\/assessoria-nina-martinelli\/\"}]}<\/script>\n<!-- \/ Yoast SEO plugin. -->","yoast_head_json":{"title":"CASACOR Ribeir\u00e3o Preto 2025 \u2013 P\u00e9s e pensamentos desaceleram sobre o Cotto Vecchio N\u00f3bile Nero, na Varanda Aconchego","description":"CASACOR Ribeir\u00e3o Preto 2025 - Conhe\u00e7a a varanda que, com o Cotto Vecchio N\u00f3bile Nero, traz a sensa\u00e7\u00e3o de que o tempo desacelera","robots":{"index":"index","follow":"follow","max-snippet":"max-snippet:-1","max-image-preview":"max-image-preview:large","max-video-preview":"max-video-preview:-1"},"canonical":"https:\/\/ninamartinelli.com.br\/blog2\/casacor-ribeirao-preto-2025-pes-e-pensamentos-desaceleram-sobre-o-cotto-vecchio-nobile-nero-na-varanda-aconchego\/","og_locale":"pt_BR","og_type":"article","og_title":"CASACOR Ribeir\u00e3o Preto 2025 \u2013 P\u00e9s e pensamentos desaceleram sobre o Cotto Vecchio N\u00f3bile Nero, na Varanda Aconchego","og_description":"CASACOR Ribeir\u00e3o Preto 2025 - Conhe\u00e7a a varanda que, com o Cotto Vecchio N\u00f3bile Nero, traz a sensa\u00e7\u00e3o de que o tempo desacelera","og_url":"https:\/\/ninamartinelli.com.br\/blog2\/casacor-ribeirao-preto-2025-pes-e-pensamentos-desaceleram-sobre-o-cotto-vecchio-nobile-nero-na-varanda-aconchego\/","og_site_name":"Blog Nina","article_published_time":"2025-10-15T11:30:22+00:00","article_modified_time":"2025-10-15T13:52:55+00:00","og_image":[{"width":1365,"height":2048,"url":"https:\/\/ninamartinelli.com.br\/blog2\/wp-content\/uploads\/2025\/10\/Varanda-Aconchego.jpg","type":"image\/jpeg"}],"author":"Ana Maria Devides","twitter_card":"summary_large_image","twitter_misc":{"Escrito por":"Ana Maria Devides","Est. tempo de leitura":"4 minutos"},"schema":{"@context":"https:\/\/schema.org","@graph":[{"@type":"Article","@id":"https:\/\/ninamartinelli.com.br\/blog2\/casacor-ribeirao-preto-2025-pes-e-pensamentos-desaceleram-sobre-o-cotto-vecchio-nobile-nero-na-varanda-aconchego\/#article","isPartOf":{"@id":"https:\/\/ninamartinelli.com.br\/blog2\/casacor-ribeirao-preto-2025-pes-e-pensamentos-desaceleram-sobre-o-cotto-vecchio-nobile-nero-na-varanda-aconchego\/"},"author":{"name":"Ana Maria Devides","@id":"https:\/\/ninamartinelli.com.br\/blog2\/#\/schema\/person\/43fbfb1d4cbe3b472995206b2bb06df5"},"headline":"CASACOR Ribeir\u00e3o Preto 2025 \u2013 P\u00e9s e pensamentos desaceleram sobre o Cotto Vecchio N\u00f3bile Nero, na Varanda Aconchego","datePublished":"2025-10-15T11:30:22+00:00","dateModified":"2025-10-15T13:52:55+00:00","mainEntityOfPage":{"@id":"https:\/\/ninamartinelli.com.br\/blog2\/casacor-ribeirao-preto-2025-pes-e-pensamentos-desaceleram-sobre-o-cotto-vecchio-nobile-nero-na-varanda-aconchego\/"},"wordCount":496,"commentCount":0,"publisher":{"@id":"https:\/\/ninamartinelli.com.br\/blog2\/#organization"},"image":{"@id":"https:\/\/ninamartinelli.com.br\/blog2\/casacor-ribeirao-preto-2025-pes-e-pensamentos-desaceleram-sobre-o-cotto-vecchio-nobile-nero-na-varanda-aconchego\/#primaryimage"},"thumbnailUrl":"https:\/\/ninamartinelli.com.br\/blog2\/wp-content\/uploads\/2025\/10\/Varanda-Aconchego.jpg","keywords":["Casa Cor Ribeir\u00e3o Preto","piso de ceramica","piso rustico","produ\u00e7\u00e3o artesanal","Sustentabilidade"],"articleSection":["CASA COR","Cer\u00e2mica","Mostras e Eventos","Nina Martinelli","Sustentabilidade"],"inLanguage":"pt-BR","potentialAction":[{"@type":"CommentAction","name":"Comment","target":["https:\/\/ninamartinelli.com.br\/blog2\/casacor-ribeirao-preto-2025-pes-e-pensamentos-desaceleram-sobre-o-cotto-vecchio-nobile-nero-na-varanda-aconchego\/#respond"]}]},{"@type":"WebPage","@id":"https:\/\/ninamartinelli.com.br\/blog2\/casacor-ribeirao-preto-2025-pes-e-pensamentos-desaceleram-sobre-o-cotto-vecchio-nobile-nero-na-varanda-aconchego\/","url":"https:\/\/ninamartinelli.com.br\/blog2\/casacor-ribeirao-preto-2025-pes-e-pensamentos-desaceleram-sobre-o-cotto-vecchio-nobile-nero-na-varanda-aconchego\/","name":"CASACOR Ribeir\u00e3o Preto 2025 \u2013 P\u00e9s e pensamentos desaceleram sobre o Cotto Vecchio N\u00f3bile Nero, na Varanda Aconchego","isPartOf":{"@id":"https:\/\/ninamartinelli.com.br\/blog2\/#website"},"primaryImageOfPage":{"@id":"https:\/\/ninamartinelli.com.br\/blog2\/casacor-ribeirao-preto-2025-pes-e-pensamentos-desaceleram-sobre-o-cotto-vecchio-nobile-nero-na-varanda-aconchego\/#primaryimage"},"image":{"@id":"https:\/\/ninamartinelli.com.br\/blog2\/casacor-ribeirao-preto-2025-pes-e-pensamentos-desaceleram-sobre-o-cotto-vecchio-nobile-nero-na-varanda-aconchego\/#primaryimage"},"thumbnailUrl":"https:\/\/ninamartinelli.com.br\/blog2\/wp-content\/uploads\/2025\/10\/Varanda-Aconchego.jpg","datePublished":"2025-10-15T11:30:22+00:00","dateModified":"2025-10-15T13:52:55+00:00","description":"CASACOR Ribeir\u00e3o Preto 2025 - Conhe\u00e7a a varanda que, com o Cotto Vecchio N\u00f3bile Nero, traz a sensa\u00e7\u00e3o de que o tempo desacelera","breadcrumb":{"@id":"https:\/\/ninamartinelli.com.br\/blog2\/casacor-ribeirao-preto-2025-pes-e-pensamentos-desaceleram-sobre-o-cotto-vecchio-nobile-nero-na-varanda-aconchego\/#breadcrumb"},"inLanguage":"pt-BR","potentialAction":[{"@type":"ReadAction","target":["https:\/\/ninamartinelli.com.br\/blog2\/casacor-ribeirao-preto-2025-pes-e-pensamentos-desaceleram-sobre-o-cotto-vecchio-nobile-nero-na-varanda-aconchego\/"]}]},{"@type":"ImageObject","inLanguage":"pt-BR","@id":"https:\/\/ninamartinelli.com.br\/blog2\/casacor-ribeirao-preto-2025-pes-e-pensamentos-desaceleram-sobre-o-cotto-vecchio-nobile-nero-na-varanda-aconchego\/#primaryimage","url":"https:\/\/ninamartinelli.com.br\/blog2\/wp-content\/uploads\/2025\/10\/Varanda-Aconchego.jpg","contentUrl":"https:\/\/ninamartinelli.com.br\/blog2\/wp-content\/uploads\/2025\/10\/Varanda-Aconchego.jpg","width":1365,"height":2048},{"@type":"BreadcrumbList","@id":"https:\/\/ninamartinelli.com.br\/blog2\/casacor-ribeirao-preto-2025-pes-e-pensamentos-desaceleram-sobre-o-cotto-vecchio-nobile-nero-na-varanda-aconchego\/#breadcrumb","itemListElement":[{"@type":"ListItem","position":1,"name":"In\u00edcio","item":"https:\/\/ninamartinelli.com.br\/blog2\/"},{"@type":"ListItem","position":2,"name":"CASACOR Ribeir\u00e3o Preto 2025 \u2013 P\u00e9s e pensamentos desaceleram sobre o Cotto Vecchio N\u00f3bile Nero, na Varanda Aconchego"}]},{"@type":"WebSite","@id":"https:\/\/ninamartinelli.com.br\/blog2\/#website","url":"https:\/\/ninamartinelli.com.br\/blog2\/","name":"Nina Martinelli","description":"#Nina_Martinelli","publisher":{"@id":"https:\/\/ninamartinelli.com.br\/blog2\/#organization"},"potentialAction":[{"@type":"SearchAction","target":{"@type":"EntryPoint","urlTemplate":"https:\/\/ninamartinelli.com.br\/blog2\/?s={search_term_string}"},"query-input":{"@type":"PropertyValueSpecification","valueRequired":true,"valueName":"search_term_string"}}],"inLanguage":"pt-BR"},{"@type":"Organization","@id":"https:\/\/ninamartinelli.com.br\/blog2\/#organization","name":"Blog Novidades","url":"https:\/\/ninamartinelli.com.br\/blog2\/","logo":{"@type":"ImageObject","inLanguage":"pt-BR","@id":"https:\/\/ninamartinelli.com.br\/blog2\/#\/schema\/logo\/image\/","url":"http:\/\/blog.ninamartinelli.com.br\/wp-content\/uploads\/2022\/03\/logo_nina_blog.png","contentUrl":"http:\/\/blog.ninamartinelli.com.br\/wp-content\/uploads\/2022\/03\/logo_nina_blog.png","width":500,"height":104,"caption":"Blog Novidades"},"image":{"@id":"https:\/\/ninamartinelli.com.br\/blog2\/#\/schema\/logo\/image\/"}},{"@type":"Person","@id":"https:\/\/ninamartinelli.com.br\/blog2\/#\/schema\/person\/43fbfb1d4cbe3b472995206b2bb06df5","name":"Ana Maria Devides","image":{"@type":"ImageObject","inLanguage":"pt-BR","@id":"https:\/\/ninamartinelli.com.br\/blog2\/#\/schema\/person\/image\/","url":"https:\/\/secure.gravatar.com\/avatar\/a03a82675d8bb3da8e5c5a6872db97be?s=96&d=mm&r=g","contentUrl":"https:\/\/secure.gravatar.com\/avatar\/a03a82675d8bb3da8e5c5a6872db97be?s=96&d=mm&r=g","caption":"Ana Maria Devides"},"url":"https:\/\/ninamartinelli.com.br\/blog2\/author\/assessoria-nina-martinelli\/"}]}},"_links":{"self":[{"href":"https:\/\/ninamartinelli.com.br\/blog2\/wp-json\/wp\/v2\/posts\/2972","targetHints":{"allow":["GET"]}}],"collection":[{"href":"https:\/\/ninamartinelli.com.br\/blog2\/wp-json\/wp\/v2\/posts"}],"about":[{"href":"https:\/\/ninamartinelli.com.br\/blog2\/wp-json\/wp\/v2\/types\/post"}],"author":[{"embeddable":true,"href":"https:\/\/ninamartinelli.com.br\/blog2\/wp-json\/wp\/v2\/users\/2"}],"replies":[{"embeddable":true,"href":"https:\/\/ninamartinelli.com.br\/blog2\/wp-json\/wp\/v2\/comments?post=2972"}],"version-history":[{"count":2,"href":"https:\/\/ninamartinelli.com.br\/blog2\/wp-json\/wp\/v2\/posts\/2972\/revisions"}],"predecessor-version":[{"id":2980,"href":"https:\/\/ninamartinelli.com.br\/blog2\/wp-json\/wp\/v2\/posts\/2972\/revisions\/2980"}],"wp:featuredmedia":[{"embeddable":true,"href":"https:\/\/ninamartinelli.com.br\/blog2\/wp-json\/wp\/v2\/media\/2982"}],"wp:attachment":[{"href":"https:\/\/ninamartinelli.com.br\/blog2\/wp-json\/wp\/v2\/media?parent=2972"}],"wp:term":[{"taxonomy":"category","embeddable":true,"href":"https:\/\/ninamartinelli.com.br\/blog2\/wp-json\/wp\/v2\/categories?post=2972"},{"taxonomy":"post_tag","embeddable":true,"href":"https:\/\/ninamartinelli.com.br\/blog2\/wp-json\/wp\/v2\/tags?post=2972"}],"curies":[{"name":"wp","href":"https:\/\/api.w.org\/{rel}","templated":true}]}}