{"id":2956,"date":"2025-10-01T08:30:42","date_gmt":"2025-10-01T11:30:42","guid":{"rendered":"https:\/\/ninamartinelli.com.br\/blog2\/?p=2956"},"modified":"2025-09-30T09:53:52","modified_gmt":"2025-09-30T12:53:52","slug":"casacor-ribeirao-preto-2025-banheiro-ressonare-a-forca-das-cores-das-curvas-e-a-poesia-do-tempo","status":"publish","type":"post","link":"https:\/\/ninamartinelli.com.br\/blog2\/casacor-ribeirao-preto-2025-banheiro-ressonare-a-forca-das-cores-das-curvas-e-a-poesia-do-tempo\/","title":{"rendered":"CASACOR Ribeir\u00e3o Preto 2025 &#8211; Banheiro Ressonare, a for\u00e7a das cores, das curvas e a poesia do tempo"},"content":{"rendered":"<p><a href=\"https:\/\/appcasacor.com.br\/events\/ribeirao-preto-2025?utm_source=google&amp;utm_medium=cpc&amp;utm_campaign=ddl-casacorrp2025-conversao-google&amp;utm_term=ribeiraopreto&amp;utm_content=googlesearch&amp;gad_source=1&amp;gad_campaignid=22904518450&amp;gbraid=0AAAABAmi4ONaACQk_S2yLThldXJZKHBeO&amp;gclid=CjwKCAjw_-3GBhAYEiwAjh9fUDsMOAJBgQfEPzksS4o_3oEuLQro70UlaPvAcuBo5FzSRqbfknCwUxoCQF4QAvD_BwE\">CASACOR Ribeir\u00e3o Preto 2025<\/a> &#8211; Em um espa\u00e7o onde cada detalhe vibra como uma nota musical, o Banheiro Ressonare, assinado pelo escrit\u00f3rio <a href=\"https:\/\/www.instagram.com\/aephi.arq\/\">A\u00e9phi Arquitetura<\/a>, por F\u00e1bio Grile e Andresa Tostes, surge como um convite \u00e0 sensibilidade.<\/p>\n<p>Mais do que um lavabo contempor\u00e2neo, o ambiente \u00e9 um manifesto contra o \u00f3bvio: ousa com cores, instiga com reflexos e ressignifica a experi\u00eancia de um espa\u00e7o \u00edntimo que ganha status de obra de arte.<\/p>\n<p>O protagonismo fica por conta do <a href=\"https:\/\/ninamartinelli.com.br\/produtos\/due-vecchio-anciano-rosso-4x23\/\">Due Vecchio Anciano Rosso 4&#215;23 cm,<\/a> em placas de 23&#215;28 cm, da Nina Martinelli. Uma cer\u00e2mica natural que carrega o peso da hist\u00f3ria em sua textura \u2014 fruto de um processo artesanal de dupla queima e corros\u00e3o controlada.<\/p>\n<p>\u201cFeito Por Pessoas Para Pessoas\u201d, ou seja, pe\u00e7a a pe\u00e7a, \u00e0 m\u00e3o, o revestimento exibe arestas suavemente gastas, como se o tempo tivesse deixado sua marca. Pode ser usado em ambientes internos ou externos.<\/p>\n<p>No Ressonare, essa paleta terrosa, quase alaranjada, pousa no piso e nas paredes, criando um di\u00e1logo intenso com o azul profundo do teto, das marcenarias e de superf\u00edcies estrat\u00e9gicas.<\/p>\n<p><img loading=\"lazy\" decoding=\"async\" class=\"alignnone  wp-image-2958\" src=\"https:\/\/ninamartinelli.com.br\/blog2\/wp-content\/uploads\/2025\/09\/aephi2-225x300.jpeg\" alt=\"\" width=\"305\" height=\"407\" srcset=\"https:\/\/ninamartinelli.com.br\/blog2\/wp-content\/uploads\/2025\/09\/aephi2-225x300.jpeg 225w, https:\/\/ninamartinelli.com.br\/blog2\/wp-content\/uploads\/2025\/09\/aephi2-768x1024.jpeg 768w, https:\/\/ninamartinelli.com.br\/blog2\/wp-content\/uploads\/2025\/09\/aephi2-1152x1536.jpeg 1152w, https:\/\/ninamartinelli.com.br\/blog2\/wp-content\/uploads\/2025\/09\/aephi2-1536x2048.jpeg 1536w, https:\/\/ninamartinelli.com.br\/blog2\/wp-content\/uploads\/2025\/09\/aephi2-1024x1365.jpeg 1024w, https:\/\/ninamartinelli.com.br\/blog2\/wp-content\/uploads\/2025\/09\/aephi2-scaled.jpeg 1920w\" sizes=\"auto, (max-width: 305px) 100vw, 305px\" \/>\u00a0 \u00a0 \u00a0 \u00a0 \u00a0 \u00a0 \u00a0 \u00a0 \u00a0 \u00a0 \u00a0 \u00a0 <img loading=\"lazy\" decoding=\"async\" class=\"alignnone  wp-image-2959\" src=\"https:\/\/ninamartinelli.com.br\/blog2\/wp-content\/uploads\/2025\/09\/aephi3-225x300.jpeg\" alt=\"\" width=\"306\" height=\"408\" srcset=\"https:\/\/ninamartinelli.com.br\/blog2\/wp-content\/uploads\/2025\/09\/aephi3-225x300.jpeg 225w, https:\/\/ninamartinelli.com.br\/blog2\/wp-content\/uploads\/2025\/09\/aephi3-768x1024.jpeg 768w, https:\/\/ninamartinelli.com.br\/blog2\/wp-content\/uploads\/2025\/09\/aephi3-1152x1536.jpeg 1152w, https:\/\/ninamartinelli.com.br\/blog2\/wp-content\/uploads\/2025\/09\/aephi3-1536x2048.jpeg 1536w, https:\/\/ninamartinelli.com.br\/blog2\/wp-content\/uploads\/2025\/09\/aephi3-1024x1365.jpeg 1024w, https:\/\/ninamartinelli.com.br\/blog2\/wp-content\/uploads\/2025\/09\/aephi3-scaled.jpeg 1920w\" sizes=\"auto, (max-width: 306px) 100vw, 306px\" \/><\/p>\n<p>O resultado \u00e9 uma atmosfera que transita entre o luxo sofisticado e o aconchego despojado, evocando a lembran\u00e7a do barro queimado, mas envolta em linguagem atual e vibrante.<\/p>\n<p>As curvas do espa\u00e7o, inspiradas em ondas sonoras, refor\u00e7am o car\u00e1ter din\u00e2mico do projeto. O jogo de espelhos, fragmentados em pontos inusitados, multiplica perspectivas e intensifica a sensa\u00e7\u00e3o de amplitude e movimento.<\/p>\n<p>Nesse cen\u00e1rio, os metais em tons escuros aparecem como notas graves, trazendo equil\u00edbrio e sofistica\u00e7\u00e3o.<\/p>\n<p>O uso do Due Vecchio no ch\u00e3o surpreende os visitantes da mostra. Acostumados a v\u00ea-lo revestindo paredes, deparam-se com sua for\u00e7a aconchegante expandida sob os p\u00e9s, quase remetendo a um quintal ensolarado ou a uma \u00e1rea externa que invade o interior.<\/p>\n<p><img loading=\"lazy\" decoding=\"async\" class=\"alignnone  wp-image-2960\" src=\"https:\/\/ninamartinelli.com.br\/blog2\/wp-content\/uploads\/2025\/09\/aephi4-225x300.jpeg\" alt=\"\" width=\"314\" height=\"419\" srcset=\"https:\/\/ninamartinelli.com.br\/blog2\/wp-content\/uploads\/2025\/09\/aephi4-225x300.jpeg 225w, https:\/\/ninamartinelli.com.br\/blog2\/wp-content\/uploads\/2025\/09\/aephi4-768x1024.jpeg 768w, https:\/\/ninamartinelli.com.br\/blog2\/wp-content\/uploads\/2025\/09\/aephi4-1152x1536.jpeg 1152w, https:\/\/ninamartinelli.com.br\/blog2\/wp-content\/uploads\/2025\/09\/aephi4-1536x2048.jpeg 1536w, https:\/\/ninamartinelli.com.br\/blog2\/wp-content\/uploads\/2025\/09\/aephi4-1024x1365.jpeg 1024w, https:\/\/ninamartinelli.com.br\/blog2\/wp-content\/uploads\/2025\/09\/aephi4-scaled.jpeg 1920w\" sizes=\"auto, (max-width: 314px) 100vw, 314px\" \/>\u00a0 \u00a0 \u00a0 \u00a0 \u00a0 \u00a0 \u00a0 \u00a0 \u00a0 \u00a0 \u00a0 \u00a0 <img loading=\"lazy\" decoding=\"async\" class=\"alignnone  wp-image-2961\" src=\"https:\/\/ninamartinelli.com.br\/blog2\/wp-content\/uploads\/2025\/09\/aephi5-169x300.jpeg\" alt=\"\" width=\"236\" height=\"419\" srcset=\"https:\/\/ninamartinelli.com.br\/blog2\/wp-content\/uploads\/2025\/09\/aephi5-169x300.jpeg 169w, https:\/\/ninamartinelli.com.br\/blog2\/wp-content\/uploads\/2025\/09\/aephi5-576x1024.jpeg 576w, https:\/\/ninamartinelli.com.br\/blog2\/wp-content\/uploads\/2025\/09\/aephi5-768x1365.jpeg 768w, https:\/\/ninamartinelli.com.br\/blog2\/wp-content\/uploads\/2025\/09\/aephi5-864x1536.jpeg 864w, https:\/\/ninamartinelli.com.br\/blog2\/wp-content\/uploads\/2025\/09\/aephi5-1152x2048.jpeg 1152w, https:\/\/ninamartinelli.com.br\/blog2\/wp-content\/uploads\/2025\/09\/aephi5-1024x1820.jpeg 1024w, https:\/\/ninamartinelli.com.br\/blog2\/wp-content\/uploads\/2025\/09\/aephi5-scaled.jpeg 1440w\" sizes=\"auto, (max-width: 236px) 100vw, 236px\" \/><\/p>\n<p>A ousadia n\u00e3o s\u00f3 encanta, como amplia o repert\u00f3rio de possibilidades de aplica\u00e7\u00e3o desse produto artesanal.<\/p>\n<p>O resultado \u00e9 arrebatador: um ambiente que traduz contemporaneidade sem perder a poesia do passado. Um banheiro que ressona \u2014 como o nome sugere \u2014 entre inova\u00e7\u00e3o e mem\u00f3ria, entre a cor vibrante e a delicadeza do feito \u00e0 m\u00e3o, entre a ousadia e a sofistica\u00e7\u00e3o.<\/p>\n<p><img loading=\"lazy\" decoding=\"async\" class=\"alignnone  wp-image-2962\" src=\"https:\/\/ninamartinelli.com.br\/blog2\/wp-content\/uploads\/2025\/09\/aephi7-169x300.jpeg\" alt=\"\" width=\"276\" height=\"490\" srcset=\"https:\/\/ninamartinelli.com.br\/blog2\/wp-content\/uploads\/2025\/09\/aephi7-169x300.jpeg 169w, https:\/\/ninamartinelli.com.br\/blog2\/wp-content\/uploads\/2025\/09\/aephi7-576x1024.jpeg 576w, https:\/\/ninamartinelli.com.br\/blog2\/wp-content\/uploads\/2025\/09\/aephi7-768x1365.jpeg 768w, https:\/\/ninamartinelli.com.br\/blog2\/wp-content\/uploads\/2025\/09\/aephi7-864x1536.jpeg 864w, https:\/\/ninamartinelli.com.br\/blog2\/wp-content\/uploads\/2025\/09\/aephi7-1152x2048.jpeg 1152w, https:\/\/ninamartinelli.com.br\/blog2\/wp-content\/uploads\/2025\/09\/aephi7-1024x1820.jpeg 1024w, https:\/\/ninamartinelli.com.br\/blog2\/wp-content\/uploads\/2025\/09\/aephi7-scaled.jpeg 1440w\" sizes=\"auto, (max-width: 276px) 100vw, 276px\" \/>\u00a0 \u00a0 \u00a0 \u00a0 \u00a0 \u00a0 \u00a0 \u00a0 \u00a0 \u00a0 \u00a0 \u00a0 \u00a0 \u00a0 <img loading=\"lazy\" decoding=\"async\" class=\"alignnone  wp-image-2963\" src=\"https:\/\/ninamartinelli.com.br\/blog2\/wp-content\/uploads\/2025\/09\/aephi9-225x300.jpeg\" alt=\"\" width=\"363\" height=\"484\" srcset=\"https:\/\/ninamartinelli.com.br\/blog2\/wp-content\/uploads\/2025\/09\/aephi9-225x300.jpeg 225w, https:\/\/ninamartinelli.com.br\/blog2\/wp-content\/uploads\/2025\/09\/aephi9-768x1024.jpeg 768w, https:\/\/ninamartinelli.com.br\/blog2\/wp-content\/uploads\/2025\/09\/aephi9-1152x1536.jpeg 1152w, https:\/\/ninamartinelli.com.br\/blog2\/wp-content\/uploads\/2025\/09\/aephi9-1536x2048.jpeg 1536w, https:\/\/ninamartinelli.com.br\/blog2\/wp-content\/uploads\/2025\/09\/aephi9-1024x1365.jpeg 1024w, https:\/\/ninamartinelli.com.br\/blog2\/wp-content\/uploads\/2025\/09\/aephi9-scaled.jpeg 1920w\" sizes=\"auto, (max-width: 363px) 100vw, 363px\" \/><\/p>\n<p>A CASACOR Ribeir\u00e3o Preto 2025 segue aberta at\u00e9 o dia 12 de outubro. Visitar o Banheiro Ressonare \u00e9 deixar-se envolver por esse jogo de cores, curvas e texturas, e descobrir como a cer\u00e2mica natural Nina Martinelli pode transformar um ambiente em pura experi\u00eancia sensorial.<\/p>\n<p>&nbsp;<\/p>\n<p><strong>Servi\u00e7o:<\/strong><\/p>\n<p><strong>CASACOR Ribeir\u00e3o Preto 2025 \u2013 Banheiro Ressonare<\/strong><\/p>\n<p><strong>Produto: <\/strong>Due Vecchio Anciano Rosso 4&#215;23, em placas\u00a0de\u00a023&#215;28<\/p>\n<p><strong>Projeto:<\/strong> Fabio Grile e Andresa Tostes \u2013 A\u00e9phi Arquitetura<\/p>\n<p><strong>Instagram:<\/strong> @aephi.arq<\/p>\n<p><strong>Imagens:<\/strong> Acervo do escrit\u00f3rio<\/p>\n<p>A mostra vai at\u00e9 dia 12 de outubro na Avenida Anhanguera, 790 \u2013 Ribeir\u00e3o Preto, SP<\/p>\n","protected":false},"excerpt":{"rendered":"<p>CASACOR Ribeir\u00e3o Preto 2025 &#8211; Em um espa\u00e7o onde cada detalhe vibra como uma nota<\/p>\n","protected":false},"author":2,"featured_media":2957,"comment_status":"open","ping_status":"open","sticky":false,"template":"","format":"standard","meta":{"footnotes":""},"categories":[27,59,178,19,1,26,129],"tags":[130,45,168,131],"class_list":["post-2956","post","type-post","status-publish","format-standard","has-post-thumbnail","hentry","category-casa-cor","category-ceramica","category-lancamentos-2025","category-mostras-e-eventos","category-nina-martinelli","category-revestimentos","category-sustentabilidade","tag-casa-cor-ribeirao-preto","tag-ceramica","tag-producao-artesanal","tag-sustentabilidade"],"yoast_head":"<!-- This site is optimized with the Yoast SEO plugin v26.8 - https:\/\/yoast.com\/product\/yoast-seo-wordpress\/ -->\n<title>CASACOR Ribeir\u00e3o Preto 2025 - Banheiro Ressonare, a for\u00e7a das cores, das curvas e a poesia do tempo<\/title>\n<meta name=\"description\" content=\"CASACOR Ribeir\u00e3o Preto 2025 - Veja como a cer\u00e2mica Due Vecchio Anciano Rosso trouxe um luxo sofisticado e despojado a esse ambiente da mostra\" \/>\n<meta name=\"robots\" content=\"index, follow, max-snippet:-1, max-image-preview:large, max-video-preview:-1\" \/>\n<link rel=\"canonical\" href=\"https:\/\/ninamartinelli.com.br\/blog2\/casacor-ribeirao-preto-2025-banheiro-ressonare-a-forca-das-cores-das-curvas-e-a-poesia-do-tempo\/\" \/>\n<meta property=\"og:locale\" content=\"pt_BR\" \/>\n<meta property=\"og:type\" content=\"article\" \/>\n<meta property=\"og:title\" content=\"CASACOR Ribeir\u00e3o Preto 2025 - Banheiro Ressonare, a for\u00e7a das cores, das curvas e a poesia do tempo\" \/>\n<meta property=\"og:description\" content=\"CASACOR Ribeir\u00e3o Preto 2025 - Veja como a cer\u00e2mica Due Vecchio Anciano Rosso trouxe um luxo sofisticado e despojado a esse ambiente da mostra\" \/>\n<meta property=\"og:url\" content=\"https:\/\/ninamartinelli.com.br\/blog2\/casacor-ribeirao-preto-2025-banheiro-ressonare-a-forca-das-cores-das-curvas-e-a-poesia-do-tempo\/\" \/>\n<meta property=\"og:site_name\" content=\"Blog Nina\" \/>\n<meta property=\"article:published_time\" content=\"2025-10-01T11:30:42+00:00\" \/>\n<meta property=\"og:image\" content=\"https:\/\/ninamartinelli.com.br\/blog2\/wp-content\/uploads\/2025\/09\/aephi1-scaled.jpeg\" \/>\n\t<meta property=\"og:image:width\" content=\"2560\" \/>\n\t<meta property=\"og:image:height\" content=\"1920\" \/>\n\t<meta property=\"og:image:type\" content=\"image\/jpeg\" \/>\n<meta name=\"author\" content=\"Ana Maria Devides\" \/>\n<meta name=\"twitter:card\" content=\"summary_large_image\" \/>\n<meta name=\"twitter:label1\" content=\"Escrito por\" \/>\n\t<meta name=\"twitter:data1\" content=\"Ana Maria Devides\" \/>\n\t<meta name=\"twitter:label2\" content=\"Est. tempo de leitura\" \/>\n\t<meta name=\"twitter:data2\" content=\"4 minutos\" \/>\n<script type=\"application\/ld+json\" class=\"yoast-schema-graph\">{\"@context\":\"https:\/\/schema.org\",\"@graph\":[{\"@type\":\"Article\",\"@id\":\"https:\/\/ninamartinelli.com.br\/blog2\/casacor-ribeirao-preto-2025-banheiro-ressonare-a-forca-das-cores-das-curvas-e-a-poesia-do-tempo\/#article\",\"isPartOf\":{\"@id\":\"https:\/\/ninamartinelli.com.br\/blog2\/casacor-ribeirao-preto-2025-banheiro-ressonare-a-forca-das-cores-das-curvas-e-a-poesia-do-tempo\/\"},\"author\":{\"name\":\"Ana Maria Devides\",\"@id\":\"https:\/\/ninamartinelli.com.br\/blog2\/#\/schema\/person\/43fbfb1d4cbe3b472995206b2bb06df5\"},\"headline\":\"CASACOR Ribeir\u00e3o Preto 2025 &#8211; Banheiro Ressonare, a for\u00e7a das cores, das curvas e a poesia do tempo\",\"datePublished\":\"2025-10-01T11:30:42+00:00\",\"mainEntityOfPage\":{\"@id\":\"https:\/\/ninamartinelli.com.br\/blog2\/casacor-ribeirao-preto-2025-banheiro-ressonare-a-forca-das-cores-das-curvas-e-a-poesia-do-tempo\/\"},\"wordCount\":496,\"commentCount\":0,\"publisher\":{\"@id\":\"https:\/\/ninamartinelli.com.br\/blog2\/#organization\"},\"image\":{\"@id\":\"https:\/\/ninamartinelli.com.br\/blog2\/casacor-ribeirao-preto-2025-banheiro-ressonare-a-forca-das-cores-das-curvas-e-a-poesia-do-tempo\/#primaryimage\"},\"thumbnailUrl\":\"https:\/\/ninamartinelli.com.br\/blog2\/wp-content\/uploads\/2025\/09\/aephi1-scaled.jpeg\",\"keywords\":[\"Casa Cor Ribeir\u00e3o Preto\",\"ceramica\",\"produ\u00e7\u00e3o artesanal\",\"Sustentabilidade\"],\"articleSection\":[\"CASA COR\",\"Cer\u00e2mica\",\"LAN\u00c7AMENTOS 2025\",\"Mostras e Eventos\",\"Nina Martinelli\",\"Revestimentos\",\"Sustentabilidade\"],\"inLanguage\":\"pt-BR\",\"potentialAction\":[{\"@type\":\"CommentAction\",\"name\":\"Comment\",\"target\":[\"https:\/\/ninamartinelli.com.br\/blog2\/casacor-ribeirao-preto-2025-banheiro-ressonare-a-forca-das-cores-das-curvas-e-a-poesia-do-tempo\/#respond\"]}]},{\"@type\":\"WebPage\",\"@id\":\"https:\/\/ninamartinelli.com.br\/blog2\/casacor-ribeirao-preto-2025-banheiro-ressonare-a-forca-das-cores-das-curvas-e-a-poesia-do-tempo\/\",\"url\":\"https:\/\/ninamartinelli.com.br\/blog2\/casacor-ribeirao-preto-2025-banheiro-ressonare-a-forca-das-cores-das-curvas-e-a-poesia-do-tempo\/\",\"name\":\"CASACOR Ribeir\u00e3o Preto 2025 - Banheiro Ressonare, a for\u00e7a das cores, das curvas e a poesia do tempo\",\"isPartOf\":{\"@id\":\"https:\/\/ninamartinelli.com.br\/blog2\/#website\"},\"primaryImageOfPage\":{\"@id\":\"https:\/\/ninamartinelli.com.br\/blog2\/casacor-ribeirao-preto-2025-banheiro-ressonare-a-forca-das-cores-das-curvas-e-a-poesia-do-tempo\/#primaryimage\"},\"image\":{\"@id\":\"https:\/\/ninamartinelli.com.br\/blog2\/casacor-ribeirao-preto-2025-banheiro-ressonare-a-forca-das-cores-das-curvas-e-a-poesia-do-tempo\/#primaryimage\"},\"thumbnailUrl\":\"https:\/\/ninamartinelli.com.br\/blog2\/wp-content\/uploads\/2025\/09\/aephi1-scaled.jpeg\",\"datePublished\":\"2025-10-01T11:30:42+00:00\",\"description\":\"CASACOR Ribeir\u00e3o Preto 2025 - Veja como a cer\u00e2mica Due Vecchio Anciano Rosso trouxe um luxo sofisticado e despojado a esse ambiente da mostra\",\"breadcrumb\":{\"@id\":\"https:\/\/ninamartinelli.com.br\/blog2\/casacor-ribeirao-preto-2025-banheiro-ressonare-a-forca-das-cores-das-curvas-e-a-poesia-do-tempo\/#breadcrumb\"},\"inLanguage\":\"pt-BR\",\"potentialAction\":[{\"@type\":\"ReadAction\",\"target\":[\"https:\/\/ninamartinelli.com.br\/blog2\/casacor-ribeirao-preto-2025-banheiro-ressonare-a-forca-das-cores-das-curvas-e-a-poesia-do-tempo\/\"]}]},{\"@type\":\"ImageObject\",\"inLanguage\":\"pt-BR\",\"@id\":\"https:\/\/ninamartinelli.com.br\/blog2\/casacor-ribeirao-preto-2025-banheiro-ressonare-a-forca-das-cores-das-curvas-e-a-poesia-do-tempo\/#primaryimage\",\"url\":\"https:\/\/ninamartinelli.com.br\/blog2\/wp-content\/uploads\/2025\/09\/aephi1-scaled.jpeg\",\"contentUrl\":\"https:\/\/ninamartinelli.com.br\/blog2\/wp-content\/uploads\/2025\/09\/aephi1-scaled.jpeg\",\"width\":2560,\"height\":1920},{\"@type\":\"BreadcrumbList\",\"@id\":\"https:\/\/ninamartinelli.com.br\/blog2\/casacor-ribeirao-preto-2025-banheiro-ressonare-a-forca-das-cores-das-curvas-e-a-poesia-do-tempo\/#breadcrumb\",\"itemListElement\":[{\"@type\":\"ListItem\",\"position\":1,\"name\":\"In\u00edcio\",\"item\":\"https:\/\/ninamartinelli.com.br\/blog2\/\"},{\"@type\":\"ListItem\",\"position\":2,\"name\":\"CASACOR Ribeir\u00e3o Preto 2025 &#8211; Banheiro Ressonare, a for\u00e7a das cores, das curvas e a poesia do tempo\"}]},{\"@type\":\"WebSite\",\"@id\":\"https:\/\/ninamartinelli.com.br\/blog2\/#website\",\"url\":\"https:\/\/ninamartinelli.com.br\/blog2\/\",\"name\":\"Nina Martinelli\",\"description\":\"#Nina_Martinelli\",\"publisher\":{\"@id\":\"https:\/\/ninamartinelli.com.br\/blog2\/#organization\"},\"potentialAction\":[{\"@type\":\"SearchAction\",\"target\":{\"@type\":\"EntryPoint\",\"urlTemplate\":\"https:\/\/ninamartinelli.com.br\/blog2\/?s={search_term_string}\"},\"query-input\":{\"@type\":\"PropertyValueSpecification\",\"valueRequired\":true,\"valueName\":\"search_term_string\"}}],\"inLanguage\":\"pt-BR\"},{\"@type\":\"Organization\",\"@id\":\"https:\/\/ninamartinelli.com.br\/blog2\/#organization\",\"name\":\"Blog Novidades\",\"url\":\"https:\/\/ninamartinelli.com.br\/blog2\/\",\"logo\":{\"@type\":\"ImageObject\",\"inLanguage\":\"pt-BR\",\"@id\":\"https:\/\/ninamartinelli.com.br\/blog2\/#\/schema\/logo\/image\/\",\"url\":\"http:\/\/blog.ninamartinelli.com.br\/wp-content\/uploads\/2022\/03\/logo_nina_blog.png\",\"contentUrl\":\"http:\/\/blog.ninamartinelli.com.br\/wp-content\/uploads\/2022\/03\/logo_nina_blog.png\",\"width\":500,\"height\":104,\"caption\":\"Blog Novidades\"},\"image\":{\"@id\":\"https:\/\/ninamartinelli.com.br\/blog2\/#\/schema\/logo\/image\/\"}},{\"@type\":\"Person\",\"@id\":\"https:\/\/ninamartinelli.com.br\/blog2\/#\/schema\/person\/43fbfb1d4cbe3b472995206b2bb06df5\",\"name\":\"Ana Maria Devides\",\"image\":{\"@type\":\"ImageObject\",\"inLanguage\":\"pt-BR\",\"@id\":\"https:\/\/ninamartinelli.com.br\/blog2\/#\/schema\/person\/image\/\",\"url\":\"https:\/\/secure.gravatar.com\/avatar\/a03a82675d8bb3da8e5c5a6872db97be?s=96&d=mm&r=g\",\"contentUrl\":\"https:\/\/secure.gravatar.com\/avatar\/a03a82675d8bb3da8e5c5a6872db97be?s=96&d=mm&r=g\",\"caption\":\"Ana Maria Devides\"},\"url\":\"https:\/\/ninamartinelli.com.br\/blog2\/author\/assessoria-nina-martinelli\/\"}]}<\/script>\n<!-- \/ Yoast SEO plugin. -->","yoast_head_json":{"title":"CASACOR Ribeir\u00e3o Preto 2025 - Banheiro Ressonare, a for\u00e7a das cores, das curvas e a poesia do tempo","description":"CASACOR Ribeir\u00e3o Preto 2025 - Veja como a cer\u00e2mica Due Vecchio Anciano Rosso trouxe um luxo sofisticado e despojado a esse ambiente da mostra","robots":{"index":"index","follow":"follow","max-snippet":"max-snippet:-1","max-image-preview":"max-image-preview:large","max-video-preview":"max-video-preview:-1"},"canonical":"https:\/\/ninamartinelli.com.br\/blog2\/casacor-ribeirao-preto-2025-banheiro-ressonare-a-forca-das-cores-das-curvas-e-a-poesia-do-tempo\/","og_locale":"pt_BR","og_type":"article","og_title":"CASACOR Ribeir\u00e3o Preto 2025 - Banheiro Ressonare, a for\u00e7a das cores, das curvas e a poesia do tempo","og_description":"CASACOR Ribeir\u00e3o Preto 2025 - Veja como a cer\u00e2mica Due Vecchio Anciano Rosso trouxe um luxo sofisticado e despojado a esse ambiente da mostra","og_url":"https:\/\/ninamartinelli.com.br\/blog2\/casacor-ribeirao-preto-2025-banheiro-ressonare-a-forca-das-cores-das-curvas-e-a-poesia-do-tempo\/","og_site_name":"Blog Nina","article_published_time":"2025-10-01T11:30:42+00:00","og_image":[{"width":2560,"height":1920,"url":"https:\/\/ninamartinelli.com.br\/blog2\/wp-content\/uploads\/2025\/09\/aephi1-scaled.jpeg","type":"image\/jpeg"}],"author":"Ana Maria Devides","twitter_card":"summary_large_image","twitter_misc":{"Escrito por":"Ana Maria Devides","Est. tempo de leitura":"4 minutos"},"schema":{"@context":"https:\/\/schema.org","@graph":[{"@type":"Article","@id":"https:\/\/ninamartinelli.com.br\/blog2\/casacor-ribeirao-preto-2025-banheiro-ressonare-a-forca-das-cores-das-curvas-e-a-poesia-do-tempo\/#article","isPartOf":{"@id":"https:\/\/ninamartinelli.com.br\/blog2\/casacor-ribeirao-preto-2025-banheiro-ressonare-a-forca-das-cores-das-curvas-e-a-poesia-do-tempo\/"},"author":{"name":"Ana Maria Devides","@id":"https:\/\/ninamartinelli.com.br\/blog2\/#\/schema\/person\/43fbfb1d4cbe3b472995206b2bb06df5"},"headline":"CASACOR Ribeir\u00e3o Preto 2025 &#8211; Banheiro Ressonare, a for\u00e7a das cores, das curvas e a poesia do tempo","datePublished":"2025-10-01T11:30:42+00:00","mainEntityOfPage":{"@id":"https:\/\/ninamartinelli.com.br\/blog2\/casacor-ribeirao-preto-2025-banheiro-ressonare-a-forca-das-cores-das-curvas-e-a-poesia-do-tempo\/"},"wordCount":496,"commentCount":0,"publisher":{"@id":"https:\/\/ninamartinelli.com.br\/blog2\/#organization"},"image":{"@id":"https:\/\/ninamartinelli.com.br\/blog2\/casacor-ribeirao-preto-2025-banheiro-ressonare-a-forca-das-cores-das-curvas-e-a-poesia-do-tempo\/#primaryimage"},"thumbnailUrl":"https:\/\/ninamartinelli.com.br\/blog2\/wp-content\/uploads\/2025\/09\/aephi1-scaled.jpeg","keywords":["Casa Cor Ribeir\u00e3o Preto","ceramica","produ\u00e7\u00e3o artesanal","Sustentabilidade"],"articleSection":["CASA COR","Cer\u00e2mica","LAN\u00c7AMENTOS 2025","Mostras e Eventos","Nina Martinelli","Revestimentos","Sustentabilidade"],"inLanguage":"pt-BR","potentialAction":[{"@type":"CommentAction","name":"Comment","target":["https:\/\/ninamartinelli.com.br\/blog2\/casacor-ribeirao-preto-2025-banheiro-ressonare-a-forca-das-cores-das-curvas-e-a-poesia-do-tempo\/#respond"]}]},{"@type":"WebPage","@id":"https:\/\/ninamartinelli.com.br\/blog2\/casacor-ribeirao-preto-2025-banheiro-ressonare-a-forca-das-cores-das-curvas-e-a-poesia-do-tempo\/","url":"https:\/\/ninamartinelli.com.br\/blog2\/casacor-ribeirao-preto-2025-banheiro-ressonare-a-forca-das-cores-das-curvas-e-a-poesia-do-tempo\/","name":"CASACOR Ribeir\u00e3o Preto 2025 - Banheiro Ressonare, a for\u00e7a das cores, das curvas e a poesia do tempo","isPartOf":{"@id":"https:\/\/ninamartinelli.com.br\/blog2\/#website"},"primaryImageOfPage":{"@id":"https:\/\/ninamartinelli.com.br\/blog2\/casacor-ribeirao-preto-2025-banheiro-ressonare-a-forca-das-cores-das-curvas-e-a-poesia-do-tempo\/#primaryimage"},"image":{"@id":"https:\/\/ninamartinelli.com.br\/blog2\/casacor-ribeirao-preto-2025-banheiro-ressonare-a-forca-das-cores-das-curvas-e-a-poesia-do-tempo\/#primaryimage"},"thumbnailUrl":"https:\/\/ninamartinelli.com.br\/blog2\/wp-content\/uploads\/2025\/09\/aephi1-scaled.jpeg","datePublished":"2025-10-01T11:30:42+00:00","description":"CASACOR Ribeir\u00e3o Preto 2025 - Veja como a cer\u00e2mica Due Vecchio Anciano Rosso trouxe um luxo sofisticado e despojado a esse ambiente da mostra","breadcrumb":{"@id":"https:\/\/ninamartinelli.com.br\/blog2\/casacor-ribeirao-preto-2025-banheiro-ressonare-a-forca-das-cores-das-curvas-e-a-poesia-do-tempo\/#breadcrumb"},"inLanguage":"pt-BR","potentialAction":[{"@type":"ReadAction","target":["https:\/\/ninamartinelli.com.br\/blog2\/casacor-ribeirao-preto-2025-banheiro-ressonare-a-forca-das-cores-das-curvas-e-a-poesia-do-tempo\/"]}]},{"@type":"ImageObject","inLanguage":"pt-BR","@id":"https:\/\/ninamartinelli.com.br\/blog2\/casacor-ribeirao-preto-2025-banheiro-ressonare-a-forca-das-cores-das-curvas-e-a-poesia-do-tempo\/#primaryimage","url":"https:\/\/ninamartinelli.com.br\/blog2\/wp-content\/uploads\/2025\/09\/aephi1-scaled.jpeg","contentUrl":"https:\/\/ninamartinelli.com.br\/blog2\/wp-content\/uploads\/2025\/09\/aephi1-scaled.jpeg","width":2560,"height":1920},{"@type":"BreadcrumbList","@id":"https:\/\/ninamartinelli.com.br\/blog2\/casacor-ribeirao-preto-2025-banheiro-ressonare-a-forca-das-cores-das-curvas-e-a-poesia-do-tempo\/#breadcrumb","itemListElement":[{"@type":"ListItem","position":1,"name":"In\u00edcio","item":"https:\/\/ninamartinelli.com.br\/blog2\/"},{"@type":"ListItem","position":2,"name":"CASACOR Ribeir\u00e3o Preto 2025 &#8211; Banheiro Ressonare, a for\u00e7a das cores, das curvas e a poesia do tempo"}]},{"@type":"WebSite","@id":"https:\/\/ninamartinelli.com.br\/blog2\/#website","url":"https:\/\/ninamartinelli.com.br\/blog2\/","name":"Nina Martinelli","description":"#Nina_Martinelli","publisher":{"@id":"https:\/\/ninamartinelli.com.br\/blog2\/#organization"},"potentialAction":[{"@type":"SearchAction","target":{"@type":"EntryPoint","urlTemplate":"https:\/\/ninamartinelli.com.br\/blog2\/?s={search_term_string}"},"query-input":{"@type":"PropertyValueSpecification","valueRequired":true,"valueName":"search_term_string"}}],"inLanguage":"pt-BR"},{"@type":"Organization","@id":"https:\/\/ninamartinelli.com.br\/blog2\/#organization","name":"Blog Novidades","url":"https:\/\/ninamartinelli.com.br\/blog2\/","logo":{"@type":"ImageObject","inLanguage":"pt-BR","@id":"https:\/\/ninamartinelli.com.br\/blog2\/#\/schema\/logo\/image\/","url":"http:\/\/blog.ninamartinelli.com.br\/wp-content\/uploads\/2022\/03\/logo_nina_blog.png","contentUrl":"http:\/\/blog.ninamartinelli.com.br\/wp-content\/uploads\/2022\/03\/logo_nina_blog.png","width":500,"height":104,"caption":"Blog Novidades"},"image":{"@id":"https:\/\/ninamartinelli.com.br\/blog2\/#\/schema\/logo\/image\/"}},{"@type":"Person","@id":"https:\/\/ninamartinelli.com.br\/blog2\/#\/schema\/person\/43fbfb1d4cbe3b472995206b2bb06df5","name":"Ana Maria Devides","image":{"@type":"ImageObject","inLanguage":"pt-BR","@id":"https:\/\/ninamartinelli.com.br\/blog2\/#\/schema\/person\/image\/","url":"https:\/\/secure.gravatar.com\/avatar\/a03a82675d8bb3da8e5c5a6872db97be?s=96&d=mm&r=g","contentUrl":"https:\/\/secure.gravatar.com\/avatar\/a03a82675d8bb3da8e5c5a6872db97be?s=96&d=mm&r=g","caption":"Ana Maria Devides"},"url":"https:\/\/ninamartinelli.com.br\/blog2\/author\/assessoria-nina-martinelli\/"}]}},"_links":{"self":[{"href":"https:\/\/ninamartinelli.com.br\/blog2\/wp-json\/wp\/v2\/posts\/2956","targetHints":{"allow":["GET"]}}],"collection":[{"href":"https:\/\/ninamartinelli.com.br\/blog2\/wp-json\/wp\/v2\/posts"}],"about":[{"href":"https:\/\/ninamartinelli.com.br\/blog2\/wp-json\/wp\/v2\/types\/post"}],"author":[{"embeddable":true,"href":"https:\/\/ninamartinelli.com.br\/blog2\/wp-json\/wp\/v2\/users\/2"}],"replies":[{"embeddable":true,"href":"https:\/\/ninamartinelli.com.br\/blog2\/wp-json\/wp\/v2\/comments?post=2956"}],"version-history":[{"count":1,"href":"https:\/\/ninamartinelli.com.br\/blog2\/wp-json\/wp\/v2\/posts\/2956\/revisions"}],"predecessor-version":[{"id":2964,"href":"https:\/\/ninamartinelli.com.br\/blog2\/wp-json\/wp\/v2\/posts\/2956\/revisions\/2964"}],"wp:featuredmedia":[{"embeddable":true,"href":"https:\/\/ninamartinelli.com.br\/blog2\/wp-json\/wp\/v2\/media\/2957"}],"wp:attachment":[{"href":"https:\/\/ninamartinelli.com.br\/blog2\/wp-json\/wp\/v2\/media?parent=2956"}],"wp:term":[{"taxonomy":"category","embeddable":true,"href":"https:\/\/ninamartinelli.com.br\/blog2\/wp-json\/wp\/v2\/categories?post=2956"},{"taxonomy":"post_tag","embeddable":true,"href":"https:\/\/ninamartinelli.com.br\/blog2\/wp-json\/wp\/v2\/tags?post=2956"}],"curies":[{"name":"wp","href":"https:\/\/api.w.org\/{rel}","templated":true}]}}