{"id":2948,"date":"2025-09-24T08:30:18","date_gmt":"2025-09-24T11:30:18","guid":{"rendered":"https:\/\/ninamartinelli.com.br\/blog2\/?p=2948"},"modified":"2025-09-23T08:56:14","modified_gmt":"2025-09-23T11:56:14","slug":"casacor-ribeirao-preto-2025-os-sonhos-de-maria-ganham-forma-no-banheiro-da-suite-infantil","status":"publish","type":"post","link":"https:\/\/ninamartinelli.com.br\/blog2\/casacor-ribeirao-preto-2025-os-sonhos-de-maria-ganham-forma-no-banheiro-da-suite-infantil\/","title":{"rendered":"CASACOR Ribeir\u00e3o Preto 2025 \u2013 Os sonhos de Maria ganham forma no banheiro da su\u00edte infantil"},"content":{"rendered":"<p><strong>CASACOR Ribeir\u00e3o Preto 2025 &#8211; <\/strong>H\u00e1 ambientes que parecem nascer de dentro da mem\u00f3ria. Foi assim com o Lavabo Infantil &#8220;Os Sonhos de Maria&#8221;, assinado pelo escrit\u00f3rio <a href=\"https:\/\/www.instagram.com\/duemaria.arquitetura\/\">Due Maria Arquitetura<\/a> para a <a href=\"https:\/\/appcasacor.com.br\/events\/ribeirao-preto-2025?utm_source=google&amp;utm_medium=cpc&amp;utm_campaign=ddl-casacorrp2025-conversao-google&amp;utm_term=ribeiraopreto&amp;utm_content=googlesearch&amp;gad_source=1&amp;gad_campaignid=22904518450&amp;gbraid=0AAAABAmi4OPL0ya-acQ2NeED6d5cWvH_w&amp;gclid=CjwKCAjwisnGBhAXEiwA0zEOR5_VKunLwISMGInIEJ2qfNIbyQzPpAc_6drtlm5iFUfXS9_W29VQ_xoCOx8QAvD_BwE\">CASACOR Ribeir\u00e3o Preto 2025.<\/a><\/p>\n<p>Inspiradas nas pr\u00f3prias lembran\u00e7as de inf\u00e2ncia, as arquitetas irm\u00e3s Maria Carolina e Maria Fernanda Murari criaram um espa\u00e7o onde a imagina\u00e7\u00e3o encontra delicadeza e autonomia, traduzindo a ess\u00eancia de um ref\u00fagio l\u00fadico.<\/p>\n<p>Com cores suaves e texturas que evocam a natureza e a liberdade, o banheiro da su\u00edte infantil traz solu\u00e7\u00f5es encantadoras: o espelho em formato de la\u00e7o, a bancada integrada ao arm\u00e1rio que lembra uma saia de menina e at\u00e9 uma banheirinha branca, estrategicamente posicionada para convidar a crian\u00e7a a brincar de cuidar das bonecas.<\/p>\n<p><img loading=\"lazy\" decoding=\"async\" class=\"wp-image-2950 aligncenter\" src=\"https:\/\/ninamartinelli.com.br\/blog2\/wp-content\/uploads\/2025\/09\/Due-Maria-Casa-Cor-2025-daniel-santo-fotografia-0126-300x200.jpg\" alt=\"\" width=\"388\" height=\"258\" srcset=\"https:\/\/ninamartinelli.com.br\/blog2\/wp-content\/uploads\/2025\/09\/Due-Maria-Casa-Cor-2025-daniel-santo-fotografia-0126-300x200.jpg 300w, https:\/\/ninamartinelli.com.br\/blog2\/wp-content\/uploads\/2025\/09\/Due-Maria-Casa-Cor-2025-daniel-santo-fotografia-0126-1024x683.jpg 1024w, https:\/\/ninamartinelli.com.br\/blog2\/wp-content\/uploads\/2025\/09\/Due-Maria-Casa-Cor-2025-daniel-santo-fotografia-0126-768x512.jpg 768w, https:\/\/ninamartinelli.com.br\/blog2\/wp-content\/uploads\/2025\/09\/Due-Maria-Casa-Cor-2025-daniel-santo-fotografia-0126-1536x1025.jpg 1536w, https:\/\/ninamartinelli.com.br\/blog2\/wp-content\/uploads\/2025\/09\/Due-Maria-Casa-Cor-2025-daniel-santo-fotografia-0126-2048x1366.jpg 2048w\" sizes=\"auto, (max-width: 388px) 100vw, 388px\" \/><\/p>\n<p>Cada detalhe refor\u00e7a a ideia de que o espa\u00e7o foi pensado para estimular a fantasia, mas tamb\u00e9m para valorizar a independ\u00eancia da crian\u00e7a.<\/p>\n<p>Nesse cen\u00e1rio, a escolha do <a href=\"https:\/\/ninamartinelli.com.br\/produtos\/due-vecchio-anciano-bianco-7x7-2\/\">Due Vecchio Anciano<\/a>, da Nina Martinelli, se revela n\u00e3o apenas acertada, mas essencial. Usado no piso, nas paredes e na bancada, em duas dimens\u00f5es e dois tons distintos \u2014 Bianco, medindo 23x28cm e 28x28cm e Areia, medindo 28x28cm \u2014, o revestimento em cer\u00e2mica natural acrescenta organicidade e leveza ao ambiente. \u00c9 ele quem garante a continuidade est\u00e9tica entre o l\u00fadico e o natural, refor\u00e7ando o conceito de liberdade.<\/p>\n<p><img loading=\"lazy\" decoding=\"async\" class=\"alignnone  wp-image-2951\" src=\"https:\/\/ninamartinelli.com.br\/blog2\/wp-content\/uploads\/2025\/09\/Due-Maria-Casa-Cor-2025-daniel-santo-fotografia-0120-200x300.jpg\" alt=\"\" width=\"276\" height=\"414\" srcset=\"https:\/\/ninamartinelli.com.br\/blog2\/wp-content\/uploads\/2025\/09\/Due-Maria-Casa-Cor-2025-daniel-santo-fotografia-0120-200x300.jpg 200w, https:\/\/ninamartinelli.com.br\/blog2\/wp-content\/uploads\/2025\/09\/Due-Maria-Casa-Cor-2025-daniel-santo-fotografia-0120-683x1024.jpg 683w, https:\/\/ninamartinelli.com.br\/blog2\/wp-content\/uploads\/2025\/09\/Due-Maria-Casa-Cor-2025-daniel-santo-fotografia-0120-768x1151.jpg 768w, https:\/\/ninamartinelli.com.br\/blog2\/wp-content\/uploads\/2025\/09\/Due-Maria-Casa-Cor-2025-daniel-santo-fotografia-0120-1025x1536.jpg 1025w, https:\/\/ninamartinelli.com.br\/blog2\/wp-content\/uploads\/2025\/09\/Due-Maria-Casa-Cor-2025-daniel-santo-fotografia-0120-1366x2048.jpg 1366w, https:\/\/ninamartinelli.com.br\/blog2\/wp-content\/uploads\/2025\/09\/Due-Maria-Casa-Cor-2025-daniel-santo-fotografia-0120-1024x1535.jpg 1024w, https:\/\/ninamartinelli.com.br\/blog2\/wp-content\/uploads\/2025\/09\/Due-Maria-Casa-Cor-2025-daniel-santo-fotografia-0120-scaled.jpg 1708w\" sizes=\"auto, (max-width: 276px) 100vw, 276px\" \/>\u00a0 \u00a0 \u00a0 \u00a0 \u00a0 \u00a0 \u00a0 \u00a0 \u00a0 \u00a0 \u00a0 \u00a0 \u00a0 \u00a0 \u00a0 \u00a0 <img loading=\"lazy\" decoding=\"async\" class=\"alignnone  wp-image-2952\" src=\"https:\/\/ninamartinelli.com.br\/blog2\/wp-content\/uploads\/2025\/09\/Due-Maria-Casa-Cor-2025-daniel-santo-fotografia-0093-202x300.jpg\" alt=\"\" width=\"278\" height=\"413\" srcset=\"https:\/\/ninamartinelli.com.br\/blog2\/wp-content\/uploads\/2025\/09\/Due-Maria-Casa-Cor-2025-daniel-santo-fotografia-0093-202x300.jpg 202w, https:\/\/ninamartinelli.com.br\/blog2\/wp-content\/uploads\/2025\/09\/Due-Maria-Casa-Cor-2025-daniel-santo-fotografia-0093-689x1024.jpg 689w, https:\/\/ninamartinelli.com.br\/blog2\/wp-content\/uploads\/2025\/09\/Due-Maria-Casa-Cor-2025-daniel-santo-fotografia-0093-768x1141.jpg 768w, https:\/\/ninamartinelli.com.br\/blog2\/wp-content\/uploads\/2025\/09\/Due-Maria-Casa-Cor-2025-daniel-santo-fotografia-0093-1034x1536.jpg 1034w, https:\/\/ninamartinelli.com.br\/blog2\/wp-content\/uploads\/2025\/09\/Due-Maria-Casa-Cor-2025-daniel-santo-fotografia-0093-1379x2048.jpg 1379w, https:\/\/ninamartinelli.com.br\/blog2\/wp-content\/uploads\/2025\/09\/Due-Maria-Casa-Cor-2025-daniel-santo-fotografia-0093-1024x1521.jpg 1024w, https:\/\/ninamartinelli.com.br\/blog2\/wp-content\/uploads\/2025\/09\/Due-Maria-Casa-Cor-2025-daniel-santo-fotografia-0093-scaled.jpg 1724w\" sizes=\"auto, (max-width: 278px) 100vw, 278px\" \/><\/p>\n<p>O Due Vecchio Anciano carrega em si o encanto da imperfei\u00e7\u00e3o controlada. Suas pe\u00e7as passam por um processo duplo de queima e por uma corros\u00e3o cuidadosamente conduzida, resultando em superf\u00edcies e arestas que parecem ter sido esculpidas pelo tempo.<\/p>\n<p>Esse aspecto naturalmente envelhecido confere ao ambiente a sensa\u00e7\u00e3o de algo que j\u00e1 traz consigo hist\u00f3ria, sem perder a delicadeza necess\u00e1ria para dialogar com o universo infantil.<\/p>\n<p>Mais do que um revestimento, o Due Vecchio Anciano se torna um elo entre mem\u00f3ria, imagina\u00e7\u00e3o e beleza. Ao ser aplicado nesse banheiro, ele reafirma como a cer\u00e2mica natural pode ir muito al\u00e9m da fun\u00e7\u00e3o pr\u00e1tica, assumindo um papel po\u00e9tico na constru\u00e7\u00e3o de experi\u00eancias e lembran\u00e7as.<\/p>\n<p><img loading=\"lazy\" decoding=\"async\" class=\"wp-image-2953 aligncenter\" src=\"https:\/\/ninamartinelli.com.br\/blog2\/wp-content\/uploads\/2025\/09\/IMG_20250816_191130161_HDR-169x300.jpg\" alt=\"\" width=\"258\" height=\"458\" srcset=\"https:\/\/ninamartinelli.com.br\/blog2\/wp-content\/uploads\/2025\/09\/IMG_20250816_191130161_HDR-169x300.jpg 169w, https:\/\/ninamartinelli.com.br\/blog2\/wp-content\/uploads\/2025\/09\/IMG_20250816_191130161_HDR.jpg 337w\" sizes=\"auto, (max-width: 258px) 100vw, 258px\" \/><\/p>\n<p>Delicad\u00edssimos quadros com tem\u00e1tica feminina, metais dourados, enxoval primorosamente produzido, plantas e ilumina\u00e7\u00e3o criteriosa complementam um conjunto que encanta a todos.<\/p>\n<p>A Nina Martinelli est\u00e1 presente em oito ambientes da CASACOR Ribeir\u00e3o Preto 2025, que segue aberta at\u00e9 o dia 12 de agosto. Um convite para mergulhar na criatividade e na for\u00e7a transformadora da arquitetura e do design.<\/p>\n<p><strong>Servi\u00e7o:<\/strong><\/p>\n<p><strong>CASACOR Ribeir\u00e3o Preto 2025 \u2013 Banheiro da su\u00edte infantil \u201cSonhos de Maria\u201d<\/strong><\/p>\n<p><strong>Produtos:<\/strong> Due Vecchio Anciano nos tons Bianco 23x28cm e 28x28cm e Areia 28x28cm<\/p>\n<p><strong>Projeto:<\/strong> Maria Carolina e Maria Fernanda Murari<\/p>\n<p><strong>Instagram:<\/strong> @duemaria.arquitetura<\/p>\n<p><strong>Imagens:<\/strong> Daniel Santo<\/p>\n<p><strong>Instagram:<\/strong> @danielsanto_<\/p>\n<p>A mostra vai at\u00e9 dia 12 de outubro na Avenida Anhanguera, 790 \u2013 Ribeir\u00e3o Preto, SP<\/p>\n","protected":false},"excerpt":{"rendered":"<p>CASACOR Ribeir\u00e3o Preto 2025 &#8211; H\u00e1 ambientes que parecem nascer de dentro da mem\u00f3ria. Foi<\/p>\n","protected":false},"author":2,"featured_media":2949,"comment_status":"open","ping_status":"open","sticky":false,"template":"","format":"standard","meta":{"footnotes":""},"categories":[27,178,19,1],"tags":[184,130,45,37,24,131],"class_list":["post-2948","post","type-post","status-publish","format-standard","has-post-thumbnail","hentry","category-casa-cor","category-lancamentos-2025","category-mostras-e-eventos","category-nina-martinelli","tag-banheiros-mostras-e-eventos","tag-casa-cor-ribeirao-preto","tag-ceramica","tag-parede","tag-piso","tag-sustentabilidade"],"yoast_head":"<!-- This site is optimized with the Yoast SEO plugin v26.8 - https:\/\/yoast.com\/product\/yoast-seo-wordpress\/ -->\n<title>CASACOR Ribeir\u00e3o Preto 2025 \u2013 Os sonhos de Maria ganham forma no banheiro da su\u00edte infantil<\/title>\n<meta name=\"description\" content=\"CASACOR Ribeir\u00e3o Preto 2025 - Conhe\u00e7a o banheiro da su\u00edte infantil que tem encantado a todos os visitantes da mostra, e tem produto Nina!\" \/>\n<meta name=\"robots\" content=\"index, follow, max-snippet:-1, max-image-preview:large, max-video-preview:-1\" \/>\n<link rel=\"canonical\" href=\"https:\/\/ninamartinelli.com.br\/blog2\/casacor-ribeirao-preto-2025-os-sonhos-de-maria-ganham-forma-no-banheiro-da-suite-infantil\/\" \/>\n<meta property=\"og:locale\" content=\"pt_BR\" \/>\n<meta property=\"og:type\" content=\"article\" \/>\n<meta property=\"og:title\" content=\"CASACOR Ribeir\u00e3o Preto 2025 \u2013 Os sonhos de Maria ganham forma no banheiro da su\u00edte infantil\" \/>\n<meta property=\"og:description\" content=\"CASACOR Ribeir\u00e3o Preto 2025 - Conhe\u00e7a o banheiro da su\u00edte infantil que tem encantado a todos os visitantes da mostra, e tem produto Nina!\" \/>\n<meta property=\"og:url\" content=\"https:\/\/ninamartinelli.com.br\/blog2\/casacor-ribeirao-preto-2025-os-sonhos-de-maria-ganham-forma-no-banheiro-da-suite-infantil\/\" \/>\n<meta property=\"og:site_name\" content=\"Blog Nina\" \/>\n<meta property=\"article:published_time\" content=\"2025-09-24T11:30:18+00:00\" \/>\n<meta property=\"og:image\" content=\"https:\/\/ninamartinelli.com.br\/blog2\/wp-content\/uploads\/2025\/09\/Due-Maria-Casa-Cor-2025-daniel-santo-fotografia-0102-scaled.jpg\" \/>\n\t<meta property=\"og:image:width\" content=\"1708\" \/>\n\t<meta property=\"og:image:height\" content=\"2560\" \/>\n\t<meta property=\"og:image:type\" content=\"image\/jpeg\" \/>\n<meta name=\"author\" content=\"Ana Maria Devides\" \/>\n<meta name=\"twitter:card\" content=\"summary_large_image\" \/>\n<meta name=\"twitter:label1\" content=\"Escrito por\" \/>\n\t<meta name=\"twitter:data1\" content=\"Ana Maria Devides\" \/>\n\t<meta name=\"twitter:label2\" content=\"Est. tempo de leitura\" \/>\n\t<meta name=\"twitter:data2\" content=\"4 minutos\" \/>\n<script type=\"application\/ld+json\" class=\"yoast-schema-graph\">{\"@context\":\"https:\/\/schema.org\",\"@graph\":[{\"@type\":\"Article\",\"@id\":\"https:\/\/ninamartinelli.com.br\/blog2\/casacor-ribeirao-preto-2025-os-sonhos-de-maria-ganham-forma-no-banheiro-da-suite-infantil\/#article\",\"isPartOf\":{\"@id\":\"https:\/\/ninamartinelli.com.br\/blog2\/casacor-ribeirao-preto-2025-os-sonhos-de-maria-ganham-forma-no-banheiro-da-suite-infantil\/\"},\"author\":{\"name\":\"Ana Maria Devides\",\"@id\":\"https:\/\/ninamartinelli.com.br\/blog2\/#\/schema\/person\/43fbfb1d4cbe3b472995206b2bb06df5\"},\"headline\":\"CASACOR Ribeir\u00e3o Preto 2025 \u2013 Os sonhos de Maria ganham forma no banheiro da su\u00edte infantil\",\"datePublished\":\"2025-09-24T11:30:18+00:00\",\"mainEntityOfPage\":{\"@id\":\"https:\/\/ninamartinelli.com.br\/blog2\/casacor-ribeirao-preto-2025-os-sonhos-de-maria-ganham-forma-no-banheiro-da-suite-infantil\/\"},\"wordCount\":511,\"commentCount\":0,\"publisher\":{\"@id\":\"https:\/\/ninamartinelli.com.br\/blog2\/#organization\"},\"image\":{\"@id\":\"https:\/\/ninamartinelli.com.br\/blog2\/casacor-ribeirao-preto-2025-os-sonhos-de-maria-ganham-forma-no-banheiro-da-suite-infantil\/#primaryimage\"},\"thumbnailUrl\":\"https:\/\/ninamartinelli.com.br\/blog2\/wp-content\/uploads\/2025\/09\/Due-Maria-Casa-Cor-2025-daniel-santo-fotografia-0102-scaled.jpg\",\"keywords\":[\"banheiros; mostras e eventos\",\"Casa Cor Ribeir\u00e3o Preto\",\"ceramica\",\"parede\",\"piso\",\"Sustentabilidade\"],\"articleSection\":[\"CASA COR\",\"LAN\u00c7AMENTOS 2025\",\"Mostras e Eventos\",\"Nina Martinelli\"],\"inLanguage\":\"pt-BR\",\"potentialAction\":[{\"@type\":\"CommentAction\",\"name\":\"Comment\",\"target\":[\"https:\/\/ninamartinelli.com.br\/blog2\/casacor-ribeirao-preto-2025-os-sonhos-de-maria-ganham-forma-no-banheiro-da-suite-infantil\/#respond\"]}]},{\"@type\":\"WebPage\",\"@id\":\"https:\/\/ninamartinelli.com.br\/blog2\/casacor-ribeirao-preto-2025-os-sonhos-de-maria-ganham-forma-no-banheiro-da-suite-infantil\/\",\"url\":\"https:\/\/ninamartinelli.com.br\/blog2\/casacor-ribeirao-preto-2025-os-sonhos-de-maria-ganham-forma-no-banheiro-da-suite-infantil\/\",\"name\":\"CASACOR Ribeir\u00e3o Preto 2025 \u2013 Os sonhos de Maria ganham forma no banheiro da su\u00edte infantil\",\"isPartOf\":{\"@id\":\"https:\/\/ninamartinelli.com.br\/blog2\/#website\"},\"primaryImageOfPage\":{\"@id\":\"https:\/\/ninamartinelli.com.br\/blog2\/casacor-ribeirao-preto-2025-os-sonhos-de-maria-ganham-forma-no-banheiro-da-suite-infantil\/#primaryimage\"},\"image\":{\"@id\":\"https:\/\/ninamartinelli.com.br\/blog2\/casacor-ribeirao-preto-2025-os-sonhos-de-maria-ganham-forma-no-banheiro-da-suite-infantil\/#primaryimage\"},\"thumbnailUrl\":\"https:\/\/ninamartinelli.com.br\/blog2\/wp-content\/uploads\/2025\/09\/Due-Maria-Casa-Cor-2025-daniel-santo-fotografia-0102-scaled.jpg\",\"datePublished\":\"2025-09-24T11:30:18+00:00\",\"description\":\"CASACOR Ribeir\u00e3o Preto 2025 - Conhe\u00e7a o banheiro da su\u00edte infantil que tem encantado a todos os visitantes da mostra, e tem produto Nina!\",\"breadcrumb\":{\"@id\":\"https:\/\/ninamartinelli.com.br\/blog2\/casacor-ribeirao-preto-2025-os-sonhos-de-maria-ganham-forma-no-banheiro-da-suite-infantil\/#breadcrumb\"},\"inLanguage\":\"pt-BR\",\"potentialAction\":[{\"@type\":\"ReadAction\",\"target\":[\"https:\/\/ninamartinelli.com.br\/blog2\/casacor-ribeirao-preto-2025-os-sonhos-de-maria-ganham-forma-no-banheiro-da-suite-infantil\/\"]}]},{\"@type\":\"ImageObject\",\"inLanguage\":\"pt-BR\",\"@id\":\"https:\/\/ninamartinelli.com.br\/blog2\/casacor-ribeirao-preto-2025-os-sonhos-de-maria-ganham-forma-no-banheiro-da-suite-infantil\/#primaryimage\",\"url\":\"https:\/\/ninamartinelli.com.br\/blog2\/wp-content\/uploads\/2025\/09\/Due-Maria-Casa-Cor-2025-daniel-santo-fotografia-0102-scaled.jpg\",\"contentUrl\":\"https:\/\/ninamartinelli.com.br\/blog2\/wp-content\/uploads\/2025\/09\/Due-Maria-Casa-Cor-2025-daniel-santo-fotografia-0102-scaled.jpg\",\"width\":1708,\"height\":2560},{\"@type\":\"BreadcrumbList\",\"@id\":\"https:\/\/ninamartinelli.com.br\/blog2\/casacor-ribeirao-preto-2025-os-sonhos-de-maria-ganham-forma-no-banheiro-da-suite-infantil\/#breadcrumb\",\"itemListElement\":[{\"@type\":\"ListItem\",\"position\":1,\"name\":\"In\u00edcio\",\"item\":\"https:\/\/ninamartinelli.com.br\/blog2\/\"},{\"@type\":\"ListItem\",\"position\":2,\"name\":\"CASACOR Ribeir\u00e3o Preto 2025 \u2013 Os sonhos de Maria ganham forma no banheiro da su\u00edte infantil\"}]},{\"@type\":\"WebSite\",\"@id\":\"https:\/\/ninamartinelli.com.br\/blog2\/#website\",\"url\":\"https:\/\/ninamartinelli.com.br\/blog2\/\",\"name\":\"Nina Martinelli\",\"description\":\"#Nina_Martinelli\",\"publisher\":{\"@id\":\"https:\/\/ninamartinelli.com.br\/blog2\/#organization\"},\"potentialAction\":[{\"@type\":\"SearchAction\",\"target\":{\"@type\":\"EntryPoint\",\"urlTemplate\":\"https:\/\/ninamartinelli.com.br\/blog2\/?s={search_term_string}\"},\"query-input\":{\"@type\":\"PropertyValueSpecification\",\"valueRequired\":true,\"valueName\":\"search_term_string\"}}],\"inLanguage\":\"pt-BR\"},{\"@type\":\"Organization\",\"@id\":\"https:\/\/ninamartinelli.com.br\/blog2\/#organization\",\"name\":\"Blog Novidades\",\"url\":\"https:\/\/ninamartinelli.com.br\/blog2\/\",\"logo\":{\"@type\":\"ImageObject\",\"inLanguage\":\"pt-BR\",\"@id\":\"https:\/\/ninamartinelli.com.br\/blog2\/#\/schema\/logo\/image\/\",\"url\":\"http:\/\/blog.ninamartinelli.com.br\/wp-content\/uploads\/2022\/03\/logo_nina_blog.png\",\"contentUrl\":\"http:\/\/blog.ninamartinelli.com.br\/wp-content\/uploads\/2022\/03\/logo_nina_blog.png\",\"width\":500,\"height\":104,\"caption\":\"Blog Novidades\"},\"image\":{\"@id\":\"https:\/\/ninamartinelli.com.br\/blog2\/#\/schema\/logo\/image\/\"}},{\"@type\":\"Person\",\"@id\":\"https:\/\/ninamartinelli.com.br\/blog2\/#\/schema\/person\/43fbfb1d4cbe3b472995206b2bb06df5\",\"name\":\"Ana Maria Devides\",\"image\":{\"@type\":\"ImageObject\",\"inLanguage\":\"pt-BR\",\"@id\":\"https:\/\/ninamartinelli.com.br\/blog2\/#\/schema\/person\/image\/\",\"url\":\"https:\/\/secure.gravatar.com\/avatar\/a03a82675d8bb3da8e5c5a6872db97be?s=96&d=mm&r=g\",\"contentUrl\":\"https:\/\/secure.gravatar.com\/avatar\/a03a82675d8bb3da8e5c5a6872db97be?s=96&d=mm&r=g\",\"caption\":\"Ana Maria Devides\"},\"url\":\"https:\/\/ninamartinelli.com.br\/blog2\/author\/assessoria-nina-martinelli\/\"}]}<\/script>\n<!-- \/ Yoast SEO plugin. -->","yoast_head_json":{"title":"CASACOR Ribeir\u00e3o Preto 2025 \u2013 Os sonhos de Maria ganham forma no banheiro da su\u00edte infantil","description":"CASACOR Ribeir\u00e3o Preto 2025 - Conhe\u00e7a o banheiro da su\u00edte infantil que tem encantado a todos os visitantes da mostra, e tem produto Nina!","robots":{"index":"index","follow":"follow","max-snippet":"max-snippet:-1","max-image-preview":"max-image-preview:large","max-video-preview":"max-video-preview:-1"},"canonical":"https:\/\/ninamartinelli.com.br\/blog2\/casacor-ribeirao-preto-2025-os-sonhos-de-maria-ganham-forma-no-banheiro-da-suite-infantil\/","og_locale":"pt_BR","og_type":"article","og_title":"CASACOR Ribeir\u00e3o Preto 2025 \u2013 Os sonhos de Maria ganham forma no banheiro da su\u00edte infantil","og_description":"CASACOR Ribeir\u00e3o Preto 2025 - Conhe\u00e7a o banheiro da su\u00edte infantil que tem encantado a todos os visitantes da mostra, e tem produto Nina!","og_url":"https:\/\/ninamartinelli.com.br\/blog2\/casacor-ribeirao-preto-2025-os-sonhos-de-maria-ganham-forma-no-banheiro-da-suite-infantil\/","og_site_name":"Blog Nina","article_published_time":"2025-09-24T11:30:18+00:00","og_image":[{"width":1708,"height":2560,"url":"https:\/\/ninamartinelli.com.br\/blog2\/wp-content\/uploads\/2025\/09\/Due-Maria-Casa-Cor-2025-daniel-santo-fotografia-0102-scaled.jpg","type":"image\/jpeg"}],"author":"Ana Maria Devides","twitter_card":"summary_large_image","twitter_misc":{"Escrito por":"Ana Maria Devides","Est. tempo de leitura":"4 minutos"},"schema":{"@context":"https:\/\/schema.org","@graph":[{"@type":"Article","@id":"https:\/\/ninamartinelli.com.br\/blog2\/casacor-ribeirao-preto-2025-os-sonhos-de-maria-ganham-forma-no-banheiro-da-suite-infantil\/#article","isPartOf":{"@id":"https:\/\/ninamartinelli.com.br\/blog2\/casacor-ribeirao-preto-2025-os-sonhos-de-maria-ganham-forma-no-banheiro-da-suite-infantil\/"},"author":{"name":"Ana Maria Devides","@id":"https:\/\/ninamartinelli.com.br\/blog2\/#\/schema\/person\/43fbfb1d4cbe3b472995206b2bb06df5"},"headline":"CASACOR Ribeir\u00e3o Preto 2025 \u2013 Os sonhos de Maria ganham forma no banheiro da su\u00edte infantil","datePublished":"2025-09-24T11:30:18+00:00","mainEntityOfPage":{"@id":"https:\/\/ninamartinelli.com.br\/blog2\/casacor-ribeirao-preto-2025-os-sonhos-de-maria-ganham-forma-no-banheiro-da-suite-infantil\/"},"wordCount":511,"commentCount":0,"publisher":{"@id":"https:\/\/ninamartinelli.com.br\/blog2\/#organization"},"image":{"@id":"https:\/\/ninamartinelli.com.br\/blog2\/casacor-ribeirao-preto-2025-os-sonhos-de-maria-ganham-forma-no-banheiro-da-suite-infantil\/#primaryimage"},"thumbnailUrl":"https:\/\/ninamartinelli.com.br\/blog2\/wp-content\/uploads\/2025\/09\/Due-Maria-Casa-Cor-2025-daniel-santo-fotografia-0102-scaled.jpg","keywords":["banheiros; mostras e eventos","Casa Cor Ribeir\u00e3o Preto","ceramica","parede","piso","Sustentabilidade"],"articleSection":["CASA COR","LAN\u00c7AMENTOS 2025","Mostras e Eventos","Nina Martinelli"],"inLanguage":"pt-BR","potentialAction":[{"@type":"CommentAction","name":"Comment","target":["https:\/\/ninamartinelli.com.br\/blog2\/casacor-ribeirao-preto-2025-os-sonhos-de-maria-ganham-forma-no-banheiro-da-suite-infantil\/#respond"]}]},{"@type":"WebPage","@id":"https:\/\/ninamartinelli.com.br\/blog2\/casacor-ribeirao-preto-2025-os-sonhos-de-maria-ganham-forma-no-banheiro-da-suite-infantil\/","url":"https:\/\/ninamartinelli.com.br\/blog2\/casacor-ribeirao-preto-2025-os-sonhos-de-maria-ganham-forma-no-banheiro-da-suite-infantil\/","name":"CASACOR Ribeir\u00e3o Preto 2025 \u2013 Os sonhos de Maria ganham forma no banheiro da su\u00edte infantil","isPartOf":{"@id":"https:\/\/ninamartinelli.com.br\/blog2\/#website"},"primaryImageOfPage":{"@id":"https:\/\/ninamartinelli.com.br\/blog2\/casacor-ribeirao-preto-2025-os-sonhos-de-maria-ganham-forma-no-banheiro-da-suite-infantil\/#primaryimage"},"image":{"@id":"https:\/\/ninamartinelli.com.br\/blog2\/casacor-ribeirao-preto-2025-os-sonhos-de-maria-ganham-forma-no-banheiro-da-suite-infantil\/#primaryimage"},"thumbnailUrl":"https:\/\/ninamartinelli.com.br\/blog2\/wp-content\/uploads\/2025\/09\/Due-Maria-Casa-Cor-2025-daniel-santo-fotografia-0102-scaled.jpg","datePublished":"2025-09-24T11:30:18+00:00","description":"CASACOR Ribeir\u00e3o Preto 2025 - Conhe\u00e7a o banheiro da su\u00edte infantil que tem encantado a todos os visitantes da mostra, e tem produto Nina!","breadcrumb":{"@id":"https:\/\/ninamartinelli.com.br\/blog2\/casacor-ribeirao-preto-2025-os-sonhos-de-maria-ganham-forma-no-banheiro-da-suite-infantil\/#breadcrumb"},"inLanguage":"pt-BR","potentialAction":[{"@type":"ReadAction","target":["https:\/\/ninamartinelli.com.br\/blog2\/casacor-ribeirao-preto-2025-os-sonhos-de-maria-ganham-forma-no-banheiro-da-suite-infantil\/"]}]},{"@type":"ImageObject","inLanguage":"pt-BR","@id":"https:\/\/ninamartinelli.com.br\/blog2\/casacor-ribeirao-preto-2025-os-sonhos-de-maria-ganham-forma-no-banheiro-da-suite-infantil\/#primaryimage","url":"https:\/\/ninamartinelli.com.br\/blog2\/wp-content\/uploads\/2025\/09\/Due-Maria-Casa-Cor-2025-daniel-santo-fotografia-0102-scaled.jpg","contentUrl":"https:\/\/ninamartinelli.com.br\/blog2\/wp-content\/uploads\/2025\/09\/Due-Maria-Casa-Cor-2025-daniel-santo-fotografia-0102-scaled.jpg","width":1708,"height":2560},{"@type":"BreadcrumbList","@id":"https:\/\/ninamartinelli.com.br\/blog2\/casacor-ribeirao-preto-2025-os-sonhos-de-maria-ganham-forma-no-banheiro-da-suite-infantil\/#breadcrumb","itemListElement":[{"@type":"ListItem","position":1,"name":"In\u00edcio","item":"https:\/\/ninamartinelli.com.br\/blog2\/"},{"@type":"ListItem","position":2,"name":"CASACOR Ribeir\u00e3o Preto 2025 \u2013 Os sonhos de Maria ganham forma no banheiro da su\u00edte infantil"}]},{"@type":"WebSite","@id":"https:\/\/ninamartinelli.com.br\/blog2\/#website","url":"https:\/\/ninamartinelli.com.br\/blog2\/","name":"Nina Martinelli","description":"#Nina_Martinelli","publisher":{"@id":"https:\/\/ninamartinelli.com.br\/blog2\/#organization"},"potentialAction":[{"@type":"SearchAction","target":{"@type":"EntryPoint","urlTemplate":"https:\/\/ninamartinelli.com.br\/blog2\/?s={search_term_string}"},"query-input":{"@type":"PropertyValueSpecification","valueRequired":true,"valueName":"search_term_string"}}],"inLanguage":"pt-BR"},{"@type":"Organization","@id":"https:\/\/ninamartinelli.com.br\/blog2\/#organization","name":"Blog Novidades","url":"https:\/\/ninamartinelli.com.br\/blog2\/","logo":{"@type":"ImageObject","inLanguage":"pt-BR","@id":"https:\/\/ninamartinelli.com.br\/blog2\/#\/schema\/logo\/image\/","url":"http:\/\/blog.ninamartinelli.com.br\/wp-content\/uploads\/2022\/03\/logo_nina_blog.png","contentUrl":"http:\/\/blog.ninamartinelli.com.br\/wp-content\/uploads\/2022\/03\/logo_nina_blog.png","width":500,"height":104,"caption":"Blog Novidades"},"image":{"@id":"https:\/\/ninamartinelli.com.br\/blog2\/#\/schema\/logo\/image\/"}},{"@type":"Person","@id":"https:\/\/ninamartinelli.com.br\/blog2\/#\/schema\/person\/43fbfb1d4cbe3b472995206b2bb06df5","name":"Ana Maria Devides","image":{"@type":"ImageObject","inLanguage":"pt-BR","@id":"https:\/\/ninamartinelli.com.br\/blog2\/#\/schema\/person\/image\/","url":"https:\/\/secure.gravatar.com\/avatar\/a03a82675d8bb3da8e5c5a6872db97be?s=96&d=mm&r=g","contentUrl":"https:\/\/secure.gravatar.com\/avatar\/a03a82675d8bb3da8e5c5a6872db97be?s=96&d=mm&r=g","caption":"Ana Maria Devides"},"url":"https:\/\/ninamartinelli.com.br\/blog2\/author\/assessoria-nina-martinelli\/"}]}},"_links":{"self":[{"href":"https:\/\/ninamartinelli.com.br\/blog2\/wp-json\/wp\/v2\/posts\/2948","targetHints":{"allow":["GET"]}}],"collection":[{"href":"https:\/\/ninamartinelli.com.br\/blog2\/wp-json\/wp\/v2\/posts"}],"about":[{"href":"https:\/\/ninamartinelli.com.br\/blog2\/wp-json\/wp\/v2\/types\/post"}],"author":[{"embeddable":true,"href":"https:\/\/ninamartinelli.com.br\/blog2\/wp-json\/wp\/v2\/users\/2"}],"replies":[{"embeddable":true,"href":"https:\/\/ninamartinelli.com.br\/blog2\/wp-json\/wp\/v2\/comments?post=2948"}],"version-history":[{"count":2,"href":"https:\/\/ninamartinelli.com.br\/blog2\/wp-json\/wp\/v2\/posts\/2948\/revisions"}],"predecessor-version":[{"id":2955,"href":"https:\/\/ninamartinelli.com.br\/blog2\/wp-json\/wp\/v2\/posts\/2948\/revisions\/2955"}],"wp:featuredmedia":[{"embeddable":true,"href":"https:\/\/ninamartinelli.com.br\/blog2\/wp-json\/wp\/v2\/media\/2949"}],"wp:attachment":[{"href":"https:\/\/ninamartinelli.com.br\/blog2\/wp-json\/wp\/v2\/media?parent=2948"}],"wp:term":[{"taxonomy":"category","embeddable":true,"href":"https:\/\/ninamartinelli.com.br\/blog2\/wp-json\/wp\/v2\/categories?post=2948"},{"taxonomy":"post_tag","embeddable":true,"href":"https:\/\/ninamartinelli.com.br\/blog2\/wp-json\/wp\/v2\/tags?post=2948"}],"curies":[{"name":"wp","href":"https:\/\/api.w.org\/{rel}","templated":true}]}}