{"id":2934,"date":"2025-09-12T08:48:48","date_gmt":"2025-09-12T11:48:48","guid":{"rendered":"https:\/\/ninamartinelli.com.br\/blog2\/?p=2934"},"modified":"2025-09-12T08:48:48","modified_gmt":"2025-09-12T11:48:48","slug":"casacor-ribeirao-preto-2025-talk-e-coquetel-reunem-especificadores-lojistas-e-profissionais-da-nina-martinelli","status":"publish","type":"post","link":"https:\/\/ninamartinelli.com.br\/blog2\/casacor-ribeirao-preto-2025-talk-e-coquetel-reunem-especificadores-lojistas-e-profissionais-da-nina-martinelli\/","title":{"rendered":"CASACOR Ribeir\u00e3o Preto 2025 \u2013 Talk e coquetel re\u00fanem especificadores, lojistas e profissionais da Nina Martinelli"},"content":{"rendered":"<p><a href=\"https:\/\/appcasacor.com.br\/events\/ribeirao-preto-2025?utm_source=google&amp;utm_medium=cpc&amp;utm_campaign=ddl-casacorrp2025-conversao-google&amp;utm_term=ribeiraopreto&amp;utm_content=googlesearch&amp;gad_source=1&amp;gad_campaignid=22904518450&amp;gbraid=0AAAABAmi4OOzVBfdKilUbFzy_FRAQfmCn&amp;gclid=CjwKCAjwiY_GBhBEEiwAFaghvj5UvvyIdbpXPzFgVFbWRkVBen5QpGTD9T2ZPcQ2uhqkoeQbUR3i1BoCFdkQAvD_BwE\">CASACOR Ribeir\u00e3o Preto 2025<\/a> \u2013 Os <em>talks<\/em> realizados na mostra j\u00e1 s\u00e3o c\u00e9lebres por funcionarem como grandes encontros para ricas trocas de experi\u00eancias sobre marcas, produtos, tend\u00eancias e ambientes.<\/p>\n<p>E foi assim que, com um coquetel caprichado e muito acolhedor, a Nina Martinelli Pisos e Revestimentos, que est\u00e1 em nada menos do que oito ambientes da CASACOR Ribeir\u00e3o Preto este ano, promoveu um <em>talk <\/em>com especificadores, lojistas, respons\u00e1veis pela mostra e outros parceiros na noite da \u00faltima quarta-feira.<\/p>\n<p>Entre os especificadores que prestigiaram o evento estavam <a href=\"https:\/\/www.instagram.com\/rkarchitecture.co\/\">Rosemarie Kumayama<\/a>, que assina a Sala do Escritor Augusto Cury, com tr\u00eas produtos da Nina; Jonathan Souza, que assina o ambiente Sala de M\u00fasica; <a href=\"https:\/\/www.instagram.com\/arq.douglasoliveira\/\">Douglas Oliveira<\/a> e Henrique Mattos, que assinam o Escrit\u00f3rio do En\u00f3filo; <a href=\"https:\/\/www.instagram.com\/marinavmoroarq\/\">Marina Moro<\/a> e <a href=\"https:\/\/www.instagram.com\/vivicantarinoarq\/\">Viviane Cantarino<\/a>, que assinam o Espa\u00e7o Reconecta; Carina Resende e Maisa Andrade, que assinam o Restaurante Brisa; Wallace Oliveira, que assina a Varanda Aconchego e ainda a arquiteta <a href=\"http:\/\/@elomondi\">Eloisa Mondi<\/a> e a designer <a href=\"http:\/\/@roaraujointeriores\">Rose Ara\u00fajo<\/a>, respons\u00e1veis pela Cozinha do Chef.<\/p>\n<p>Representando a organiza\u00e7\u00e3o da CASACOR, marcaram presen\u00e7a Mauricio Siqueira e Barbara Ambrosio; e Adriano Sarti representou, junto com a equipe da Espa\u00e7o Zen e Lazer, uma revenda parceira da marca em Ribeir\u00e3o Preto.<\/p>\n<p>Embora obviamente diferentes entre si, carregando o talento, a inspira\u00e7\u00e3o e a t\u00e9cnica de cada um dos renomados profissionais, todos os ambientes com produtos Nina t\u00eam em comum algo que permeou as conversas do evento: os sentimentos que os acabamentos da marca evocam. \u201cUma sensa\u00e7\u00e3o de volta no tempo, de nostalgia, de reviver aquilo que um dia gerou conforto, satisfa\u00e7\u00e3o, afeto\u201d, comentou o supervisor comercial da Nina Jimmy Novellino \u201cEsses sentimentos traduzidos nos nossos produtos artesanais trazem essa sensa\u00e7\u00e3o\u201d, acrescenta.<\/p>\n<p>Para a coordenadora de marketing da empresa, Tamiris Geribola, o <em>talk<\/em> e o coquetel serviram para estreitar la\u00e7os com parceiros importantes. \u201cForam momentos de troca de informa\u00e7\u00f5es e tamb\u00e9m de fazermos muitas amizades\u201d, classificou ela.<\/p>\n<p>Entre os arquitetos presentes, Wallace Oliveira fez quest\u00e3o de falar que em sua Varanda Aconchego, por exemplo, o piso Cotto Vecchio N\u00f3bile Nero foi o ponto de partida para o desenvolvimento de um conceito de afeto e acolhimento. \u201cA lajotinha d\u00e1 a sensa\u00e7\u00e3o a muitos visitantes, de que ela j\u00e1 estava l\u00e1. Justamente por nos levar de volta ao tempo das antigas casas brasileiras\u201d, diz ele.<\/p>\n<p>Douglas Oliveira refor\u00e7ou essa no\u00e7\u00e3o de que os acabamentos da Nina atendem essa demanda. \u201cTodo mundo busca hoje esse aconchego, esse afeto\u201d, comentou.<\/p>\n<p>Assim como Rose Ara\u00fajo que disse que na Cozinha do Chef, onde ela e Elo\u00edsa Mondi revestiram paredes e mais paredes com o Quadratto Vecchio Allineato Linho, arrancando elogios efusivos de todos os visitantes. \u201cAs pessoas se surpreendem com o revestimento e ele trouxe o aspecto artesanal e a sensa\u00e7\u00e3o de pertencimento a quem chega ao ambiente\u201d, disse ela.<\/p>\n<p><img loading=\"lazy\" decoding=\"async\" class=\"alignnone  wp-image-2936\" src=\"https:\/\/ninamartinelli.com.br\/blog2\/wp-content\/uploads\/2025\/09\/talk-1-300x225.jpg\" alt=\"\" width=\"329\" height=\"247\" srcset=\"https:\/\/ninamartinelli.com.br\/blog2\/wp-content\/uploads\/2025\/09\/talk-1-300x225.jpg 300w, https:\/\/ninamartinelli.com.br\/blog2\/wp-content\/uploads\/2025\/09\/talk-1-768x576.jpg 768w, https:\/\/ninamartinelli.com.br\/blog2\/wp-content\/uploads\/2025\/09\/talk-1.jpg 799w\" sizes=\"auto, (max-width: 329px) 100vw, 329px\" \/>\u00a0 \u00a0 \u00a0 \u00a0 \u00a0 \u00a0 \u00a0 \u00a0 \u00a0 \u00a0 \u00a0 \u00a0 <img loading=\"lazy\" decoding=\"async\" class=\"alignnone  wp-image-2937\" src=\"https:\/\/ninamartinelli.com.br\/blog2\/wp-content\/uploads\/2025\/09\/talk-3-225x300.jpg\" alt=\"\" width=\"246\" height=\"328\" srcset=\"https:\/\/ninamartinelli.com.br\/blog2\/wp-content\/uploads\/2025\/09\/talk-3-225x300.jpg 225w, https:\/\/ninamartinelli.com.br\/blog2\/wp-content\/uploads\/2025\/09\/talk-3.jpg 449w\" sizes=\"auto, (max-width: 246px) 100vw, 246px\" \/><\/p>\n<p>Ao final do evento, a equipe Nina Martinelli entregou aos especificadores kits especiais com amostras de produtos e refor\u00e7ou a disponibilidade de parceria com todos para esclarecer d\u00favidas e ampliar as possibilidades criativas dos profissionais, bem como as op\u00e7\u00f5es para seus clientes.<\/p>\n<p>A CASACOR Ribeir\u00e3o Preto 2025 vai at\u00e9 dia 12 de outubro na Avenida Anhanguera, 790, Alto da Boa Vista.<\/p>\n<p><img loading=\"lazy\" decoding=\"async\" class=\"size-medium wp-image-2938 aligncenter\" src=\"https:\/\/ninamartinelli.com.br\/blog2\/wp-content\/uploads\/2025\/09\/talk4-300x225.jpg\" alt=\"\" width=\"300\" height=\"225\" srcset=\"https:\/\/ninamartinelli.com.br\/blog2\/wp-content\/uploads\/2025\/09\/talk4-300x225.jpg 300w, https:\/\/ninamartinelli.com.br\/blog2\/wp-content\/uploads\/2025\/09\/talk4-768x576.jpg 768w, https:\/\/ninamartinelli.com.br\/blog2\/wp-content\/uploads\/2025\/09\/talk4.jpg 799w\" sizes=\"auto, (max-width: 300px) 100vw, 300px\" \/><\/p>\n","protected":false},"excerpt":{"rendered":"<p>CASACOR Ribeir\u00e3o Preto 2025 \u2013 Os talks realizados na mostra j\u00e1 s\u00e3o c\u00e9lebres por funcionarem<\/p>\n","protected":false},"author":2,"featured_media":2935,"comment_status":"open","ping_status":"open","sticky":false,"template":"","format":"standard","meta":{"footnotes":""},"categories":[27,59,19,1,21,26,129],"tags":[130,186,46],"class_list":["post-2934","post","type-post","status-publish","format-standard","has-post-thumbnail","hentry","category-casa-cor","category-ceramica","category-mostras-e-eventos","category-nina-martinelli","category-pisos","category-revestimentos","category-sustentabilidade","tag-casa-cor-ribeirao-preto","tag-feitos-por-pessoas-para-pessoas-talk-evento","tag-revestimento"],"yoast_head":"<!-- This site is optimized with the Yoast SEO plugin v26.8 - https:\/\/yoast.com\/product\/yoast-seo-wordpress\/ -->\n<title>CASACOR Ribeir\u00e3o Preto 2025 \u2013 Talk e coquetel re\u00fanem especificadores, lojistas e profissionais da Nina Martinelli<\/title>\n<meta name=\"description\" content=\"CASACOR Ribeir\u00e3o Preto 2025 - Confira como foram ricos os momentos de trocas de saberes e experi\u00eancias no evento da Nina Martinelli\" \/>\n<meta name=\"robots\" content=\"index, follow, max-snippet:-1, max-image-preview:large, max-video-preview:-1\" \/>\n<link rel=\"canonical\" href=\"https:\/\/ninamartinelli.com.br\/blog2\/casacor-ribeirao-preto-2025-talk-e-coquetel-reunem-especificadores-lojistas-e-profissionais-da-nina-martinelli\/\" \/>\n<meta property=\"og:locale\" content=\"pt_BR\" \/>\n<meta property=\"og:type\" content=\"article\" \/>\n<meta property=\"og:title\" content=\"CASACOR Ribeir\u00e3o Preto 2025 \u2013 Talk e coquetel re\u00fanem especificadores, lojistas e profissionais da Nina Martinelli\" \/>\n<meta property=\"og:description\" content=\"CASACOR Ribeir\u00e3o Preto 2025 - Confira como foram ricos os momentos de trocas de saberes e experi\u00eancias no evento da Nina Martinelli\" \/>\n<meta property=\"og:url\" content=\"https:\/\/ninamartinelli.com.br\/blog2\/casacor-ribeirao-preto-2025-talk-e-coquetel-reunem-especificadores-lojistas-e-profissionais-da-nina-martinelli\/\" \/>\n<meta property=\"og:site_name\" content=\"Blog Nina\" \/>\n<meta property=\"article:published_time\" content=\"2025-09-12T11:48:48+00:00\" \/>\n<meta property=\"og:image\" content=\"https:\/\/ninamartinelli.com.br\/blog2\/wp-content\/uploads\/2025\/09\/talk-2.jpg\" \/>\n\t<meta property=\"og:image:width\" content=\"799\" \/>\n\t<meta property=\"og:image:height\" content=\"599\" \/>\n\t<meta property=\"og:image:type\" content=\"image\/jpeg\" \/>\n<meta name=\"author\" content=\"Ana Maria Devides\" \/>\n<meta name=\"twitter:card\" content=\"summary_large_image\" \/>\n<meta name=\"twitter:label1\" content=\"Escrito por\" \/>\n\t<meta name=\"twitter:data1\" content=\"Ana Maria Devides\" \/>\n\t<meta name=\"twitter:label2\" content=\"Est. tempo de leitura\" \/>\n\t<meta name=\"twitter:data2\" content=\"4 minutos\" \/>\n<script type=\"application\/ld+json\" class=\"yoast-schema-graph\">{\"@context\":\"https:\/\/schema.org\",\"@graph\":[{\"@type\":\"Article\",\"@id\":\"https:\/\/ninamartinelli.com.br\/blog2\/casacor-ribeirao-preto-2025-talk-e-coquetel-reunem-especificadores-lojistas-e-profissionais-da-nina-martinelli\/#article\",\"isPartOf\":{\"@id\":\"https:\/\/ninamartinelli.com.br\/blog2\/casacor-ribeirao-preto-2025-talk-e-coquetel-reunem-especificadores-lojistas-e-profissionais-da-nina-martinelli\/\"},\"author\":{\"name\":\"Ana Maria Devides\",\"@id\":\"https:\/\/ninamartinelli.com.br\/blog2\/#\/schema\/person\/43fbfb1d4cbe3b472995206b2bb06df5\"},\"headline\":\"CASACOR Ribeir\u00e3o Preto 2025 \u2013 Talk e coquetel re\u00fanem especificadores, lojistas e profissionais da Nina Martinelli\",\"datePublished\":\"2025-09-12T11:48:48+00:00\",\"mainEntityOfPage\":{\"@id\":\"https:\/\/ninamartinelli.com.br\/blog2\/casacor-ribeirao-preto-2025-talk-e-coquetel-reunem-especificadores-lojistas-e-profissionais-da-nina-martinelli\/\"},\"wordCount\":571,\"commentCount\":0,\"publisher\":{\"@id\":\"https:\/\/ninamartinelli.com.br\/blog2\/#organization\"},\"image\":{\"@id\":\"https:\/\/ninamartinelli.com.br\/blog2\/casacor-ribeirao-preto-2025-talk-e-coquetel-reunem-especificadores-lojistas-e-profissionais-da-nina-martinelli\/#primaryimage\"},\"thumbnailUrl\":\"https:\/\/ninamartinelli.com.br\/blog2\/wp-content\/uploads\/2025\/09\/talk-2.jpg\",\"keywords\":[\"Casa Cor Ribeir\u00e3o Preto\",\"Feitos Por Pessoas Para Pessoas; talk; evento\",\"revestimento\"],\"articleSection\":[\"CASA COR\",\"Cer\u00e2mica\",\"Mostras e Eventos\",\"Nina Martinelli\",\"Pisos\",\"Revestimentos\",\"Sustentabilidade\"],\"inLanguage\":\"pt-BR\",\"potentialAction\":[{\"@type\":\"CommentAction\",\"name\":\"Comment\",\"target\":[\"https:\/\/ninamartinelli.com.br\/blog2\/casacor-ribeirao-preto-2025-talk-e-coquetel-reunem-especificadores-lojistas-e-profissionais-da-nina-martinelli\/#respond\"]}]},{\"@type\":\"WebPage\",\"@id\":\"https:\/\/ninamartinelli.com.br\/blog2\/casacor-ribeirao-preto-2025-talk-e-coquetel-reunem-especificadores-lojistas-e-profissionais-da-nina-martinelli\/\",\"url\":\"https:\/\/ninamartinelli.com.br\/blog2\/casacor-ribeirao-preto-2025-talk-e-coquetel-reunem-especificadores-lojistas-e-profissionais-da-nina-martinelli\/\",\"name\":\"CASACOR Ribeir\u00e3o Preto 2025 \u2013 Talk e coquetel re\u00fanem especificadores, lojistas e profissionais da Nina Martinelli\",\"isPartOf\":{\"@id\":\"https:\/\/ninamartinelli.com.br\/blog2\/#website\"},\"primaryImageOfPage\":{\"@id\":\"https:\/\/ninamartinelli.com.br\/blog2\/casacor-ribeirao-preto-2025-talk-e-coquetel-reunem-especificadores-lojistas-e-profissionais-da-nina-martinelli\/#primaryimage\"},\"image\":{\"@id\":\"https:\/\/ninamartinelli.com.br\/blog2\/casacor-ribeirao-preto-2025-talk-e-coquetel-reunem-especificadores-lojistas-e-profissionais-da-nina-martinelli\/#primaryimage\"},\"thumbnailUrl\":\"https:\/\/ninamartinelli.com.br\/blog2\/wp-content\/uploads\/2025\/09\/talk-2.jpg\",\"datePublished\":\"2025-09-12T11:48:48+00:00\",\"description\":\"CASACOR Ribeir\u00e3o Preto 2025 - Confira como foram ricos os momentos de trocas de saberes e experi\u00eancias no evento da Nina Martinelli\",\"breadcrumb\":{\"@id\":\"https:\/\/ninamartinelli.com.br\/blog2\/casacor-ribeirao-preto-2025-talk-e-coquetel-reunem-especificadores-lojistas-e-profissionais-da-nina-martinelli\/#breadcrumb\"},\"inLanguage\":\"pt-BR\",\"potentialAction\":[{\"@type\":\"ReadAction\",\"target\":[\"https:\/\/ninamartinelli.com.br\/blog2\/casacor-ribeirao-preto-2025-talk-e-coquetel-reunem-especificadores-lojistas-e-profissionais-da-nina-martinelli\/\"]}]},{\"@type\":\"ImageObject\",\"inLanguage\":\"pt-BR\",\"@id\":\"https:\/\/ninamartinelli.com.br\/blog2\/casacor-ribeirao-preto-2025-talk-e-coquetel-reunem-especificadores-lojistas-e-profissionais-da-nina-martinelli\/#primaryimage\",\"url\":\"https:\/\/ninamartinelli.com.br\/blog2\/wp-content\/uploads\/2025\/09\/talk-2.jpg\",\"contentUrl\":\"https:\/\/ninamartinelli.com.br\/blog2\/wp-content\/uploads\/2025\/09\/talk-2.jpg\",\"width\":799,\"height\":599},{\"@type\":\"BreadcrumbList\",\"@id\":\"https:\/\/ninamartinelli.com.br\/blog2\/casacor-ribeirao-preto-2025-talk-e-coquetel-reunem-especificadores-lojistas-e-profissionais-da-nina-martinelli\/#breadcrumb\",\"itemListElement\":[{\"@type\":\"ListItem\",\"position\":1,\"name\":\"In\u00edcio\",\"item\":\"https:\/\/ninamartinelli.com.br\/blog2\/\"},{\"@type\":\"ListItem\",\"position\":2,\"name\":\"CASACOR Ribeir\u00e3o Preto 2025 \u2013 Talk e coquetel re\u00fanem especificadores, lojistas e profissionais da Nina Martinelli\"}]},{\"@type\":\"WebSite\",\"@id\":\"https:\/\/ninamartinelli.com.br\/blog2\/#website\",\"url\":\"https:\/\/ninamartinelli.com.br\/blog2\/\",\"name\":\"Nina Martinelli\",\"description\":\"#Nina_Martinelli\",\"publisher\":{\"@id\":\"https:\/\/ninamartinelli.com.br\/blog2\/#organization\"},\"potentialAction\":[{\"@type\":\"SearchAction\",\"target\":{\"@type\":\"EntryPoint\",\"urlTemplate\":\"https:\/\/ninamartinelli.com.br\/blog2\/?s={search_term_string}\"},\"query-input\":{\"@type\":\"PropertyValueSpecification\",\"valueRequired\":true,\"valueName\":\"search_term_string\"}}],\"inLanguage\":\"pt-BR\"},{\"@type\":\"Organization\",\"@id\":\"https:\/\/ninamartinelli.com.br\/blog2\/#organization\",\"name\":\"Blog Novidades\",\"url\":\"https:\/\/ninamartinelli.com.br\/blog2\/\",\"logo\":{\"@type\":\"ImageObject\",\"inLanguage\":\"pt-BR\",\"@id\":\"https:\/\/ninamartinelli.com.br\/blog2\/#\/schema\/logo\/image\/\",\"url\":\"http:\/\/blog.ninamartinelli.com.br\/wp-content\/uploads\/2022\/03\/logo_nina_blog.png\",\"contentUrl\":\"http:\/\/blog.ninamartinelli.com.br\/wp-content\/uploads\/2022\/03\/logo_nina_blog.png\",\"width\":500,\"height\":104,\"caption\":\"Blog Novidades\"},\"image\":{\"@id\":\"https:\/\/ninamartinelli.com.br\/blog2\/#\/schema\/logo\/image\/\"}},{\"@type\":\"Person\",\"@id\":\"https:\/\/ninamartinelli.com.br\/blog2\/#\/schema\/person\/43fbfb1d4cbe3b472995206b2bb06df5\",\"name\":\"Ana Maria Devides\",\"image\":{\"@type\":\"ImageObject\",\"inLanguage\":\"pt-BR\",\"@id\":\"https:\/\/ninamartinelli.com.br\/blog2\/#\/schema\/person\/image\/\",\"url\":\"https:\/\/secure.gravatar.com\/avatar\/a03a82675d8bb3da8e5c5a6872db97be?s=96&d=mm&r=g\",\"contentUrl\":\"https:\/\/secure.gravatar.com\/avatar\/a03a82675d8bb3da8e5c5a6872db97be?s=96&d=mm&r=g\",\"caption\":\"Ana Maria Devides\"},\"url\":\"https:\/\/ninamartinelli.com.br\/blog2\/author\/assessoria-nina-martinelli\/\"}]}<\/script>\n<!-- \/ Yoast SEO plugin. -->","yoast_head_json":{"title":"CASACOR Ribeir\u00e3o Preto 2025 \u2013 Talk e coquetel re\u00fanem especificadores, lojistas e profissionais da Nina Martinelli","description":"CASACOR Ribeir\u00e3o Preto 2025 - Confira como foram ricos os momentos de trocas de saberes e experi\u00eancias no evento da Nina Martinelli","robots":{"index":"index","follow":"follow","max-snippet":"max-snippet:-1","max-image-preview":"max-image-preview:large","max-video-preview":"max-video-preview:-1"},"canonical":"https:\/\/ninamartinelli.com.br\/blog2\/casacor-ribeirao-preto-2025-talk-e-coquetel-reunem-especificadores-lojistas-e-profissionais-da-nina-martinelli\/","og_locale":"pt_BR","og_type":"article","og_title":"CASACOR Ribeir\u00e3o Preto 2025 \u2013 Talk e coquetel re\u00fanem especificadores, lojistas e profissionais da Nina Martinelli","og_description":"CASACOR Ribeir\u00e3o Preto 2025 - Confira como foram ricos os momentos de trocas de saberes e experi\u00eancias no evento da Nina Martinelli","og_url":"https:\/\/ninamartinelli.com.br\/blog2\/casacor-ribeirao-preto-2025-talk-e-coquetel-reunem-especificadores-lojistas-e-profissionais-da-nina-martinelli\/","og_site_name":"Blog Nina","article_published_time":"2025-09-12T11:48:48+00:00","og_image":[{"width":799,"height":599,"url":"https:\/\/ninamartinelli.com.br\/blog2\/wp-content\/uploads\/2025\/09\/talk-2.jpg","type":"image\/jpeg"}],"author":"Ana Maria Devides","twitter_card":"summary_large_image","twitter_misc":{"Escrito por":"Ana Maria Devides","Est. tempo de leitura":"4 minutos"},"schema":{"@context":"https:\/\/schema.org","@graph":[{"@type":"Article","@id":"https:\/\/ninamartinelli.com.br\/blog2\/casacor-ribeirao-preto-2025-talk-e-coquetel-reunem-especificadores-lojistas-e-profissionais-da-nina-martinelli\/#article","isPartOf":{"@id":"https:\/\/ninamartinelli.com.br\/blog2\/casacor-ribeirao-preto-2025-talk-e-coquetel-reunem-especificadores-lojistas-e-profissionais-da-nina-martinelli\/"},"author":{"name":"Ana Maria Devides","@id":"https:\/\/ninamartinelli.com.br\/blog2\/#\/schema\/person\/43fbfb1d4cbe3b472995206b2bb06df5"},"headline":"CASACOR Ribeir\u00e3o Preto 2025 \u2013 Talk e coquetel re\u00fanem especificadores, lojistas e profissionais da Nina Martinelli","datePublished":"2025-09-12T11:48:48+00:00","mainEntityOfPage":{"@id":"https:\/\/ninamartinelli.com.br\/blog2\/casacor-ribeirao-preto-2025-talk-e-coquetel-reunem-especificadores-lojistas-e-profissionais-da-nina-martinelli\/"},"wordCount":571,"commentCount":0,"publisher":{"@id":"https:\/\/ninamartinelli.com.br\/blog2\/#organization"},"image":{"@id":"https:\/\/ninamartinelli.com.br\/blog2\/casacor-ribeirao-preto-2025-talk-e-coquetel-reunem-especificadores-lojistas-e-profissionais-da-nina-martinelli\/#primaryimage"},"thumbnailUrl":"https:\/\/ninamartinelli.com.br\/blog2\/wp-content\/uploads\/2025\/09\/talk-2.jpg","keywords":["Casa Cor Ribeir\u00e3o Preto","Feitos Por Pessoas Para Pessoas; talk; evento","revestimento"],"articleSection":["CASA COR","Cer\u00e2mica","Mostras e Eventos","Nina Martinelli","Pisos","Revestimentos","Sustentabilidade"],"inLanguage":"pt-BR","potentialAction":[{"@type":"CommentAction","name":"Comment","target":["https:\/\/ninamartinelli.com.br\/blog2\/casacor-ribeirao-preto-2025-talk-e-coquetel-reunem-especificadores-lojistas-e-profissionais-da-nina-martinelli\/#respond"]}]},{"@type":"WebPage","@id":"https:\/\/ninamartinelli.com.br\/blog2\/casacor-ribeirao-preto-2025-talk-e-coquetel-reunem-especificadores-lojistas-e-profissionais-da-nina-martinelli\/","url":"https:\/\/ninamartinelli.com.br\/blog2\/casacor-ribeirao-preto-2025-talk-e-coquetel-reunem-especificadores-lojistas-e-profissionais-da-nina-martinelli\/","name":"CASACOR Ribeir\u00e3o Preto 2025 \u2013 Talk e coquetel re\u00fanem especificadores, lojistas e profissionais da Nina Martinelli","isPartOf":{"@id":"https:\/\/ninamartinelli.com.br\/blog2\/#website"},"primaryImageOfPage":{"@id":"https:\/\/ninamartinelli.com.br\/blog2\/casacor-ribeirao-preto-2025-talk-e-coquetel-reunem-especificadores-lojistas-e-profissionais-da-nina-martinelli\/#primaryimage"},"image":{"@id":"https:\/\/ninamartinelli.com.br\/blog2\/casacor-ribeirao-preto-2025-talk-e-coquetel-reunem-especificadores-lojistas-e-profissionais-da-nina-martinelli\/#primaryimage"},"thumbnailUrl":"https:\/\/ninamartinelli.com.br\/blog2\/wp-content\/uploads\/2025\/09\/talk-2.jpg","datePublished":"2025-09-12T11:48:48+00:00","description":"CASACOR Ribeir\u00e3o Preto 2025 - Confira como foram ricos os momentos de trocas de saberes e experi\u00eancias no evento da Nina Martinelli","breadcrumb":{"@id":"https:\/\/ninamartinelli.com.br\/blog2\/casacor-ribeirao-preto-2025-talk-e-coquetel-reunem-especificadores-lojistas-e-profissionais-da-nina-martinelli\/#breadcrumb"},"inLanguage":"pt-BR","potentialAction":[{"@type":"ReadAction","target":["https:\/\/ninamartinelli.com.br\/blog2\/casacor-ribeirao-preto-2025-talk-e-coquetel-reunem-especificadores-lojistas-e-profissionais-da-nina-martinelli\/"]}]},{"@type":"ImageObject","inLanguage":"pt-BR","@id":"https:\/\/ninamartinelli.com.br\/blog2\/casacor-ribeirao-preto-2025-talk-e-coquetel-reunem-especificadores-lojistas-e-profissionais-da-nina-martinelli\/#primaryimage","url":"https:\/\/ninamartinelli.com.br\/blog2\/wp-content\/uploads\/2025\/09\/talk-2.jpg","contentUrl":"https:\/\/ninamartinelli.com.br\/blog2\/wp-content\/uploads\/2025\/09\/talk-2.jpg","width":799,"height":599},{"@type":"BreadcrumbList","@id":"https:\/\/ninamartinelli.com.br\/blog2\/casacor-ribeirao-preto-2025-talk-e-coquetel-reunem-especificadores-lojistas-e-profissionais-da-nina-martinelli\/#breadcrumb","itemListElement":[{"@type":"ListItem","position":1,"name":"In\u00edcio","item":"https:\/\/ninamartinelli.com.br\/blog2\/"},{"@type":"ListItem","position":2,"name":"CASACOR Ribeir\u00e3o Preto 2025 \u2013 Talk e coquetel re\u00fanem especificadores, lojistas e profissionais da Nina Martinelli"}]},{"@type":"WebSite","@id":"https:\/\/ninamartinelli.com.br\/blog2\/#website","url":"https:\/\/ninamartinelli.com.br\/blog2\/","name":"Nina Martinelli","description":"#Nina_Martinelli","publisher":{"@id":"https:\/\/ninamartinelli.com.br\/blog2\/#organization"},"potentialAction":[{"@type":"SearchAction","target":{"@type":"EntryPoint","urlTemplate":"https:\/\/ninamartinelli.com.br\/blog2\/?s={search_term_string}"},"query-input":{"@type":"PropertyValueSpecification","valueRequired":true,"valueName":"search_term_string"}}],"inLanguage":"pt-BR"},{"@type":"Organization","@id":"https:\/\/ninamartinelli.com.br\/blog2\/#organization","name":"Blog Novidades","url":"https:\/\/ninamartinelli.com.br\/blog2\/","logo":{"@type":"ImageObject","inLanguage":"pt-BR","@id":"https:\/\/ninamartinelli.com.br\/blog2\/#\/schema\/logo\/image\/","url":"http:\/\/blog.ninamartinelli.com.br\/wp-content\/uploads\/2022\/03\/logo_nina_blog.png","contentUrl":"http:\/\/blog.ninamartinelli.com.br\/wp-content\/uploads\/2022\/03\/logo_nina_blog.png","width":500,"height":104,"caption":"Blog Novidades"},"image":{"@id":"https:\/\/ninamartinelli.com.br\/blog2\/#\/schema\/logo\/image\/"}},{"@type":"Person","@id":"https:\/\/ninamartinelli.com.br\/blog2\/#\/schema\/person\/43fbfb1d4cbe3b472995206b2bb06df5","name":"Ana Maria Devides","image":{"@type":"ImageObject","inLanguage":"pt-BR","@id":"https:\/\/ninamartinelli.com.br\/blog2\/#\/schema\/person\/image\/","url":"https:\/\/secure.gravatar.com\/avatar\/a03a82675d8bb3da8e5c5a6872db97be?s=96&d=mm&r=g","contentUrl":"https:\/\/secure.gravatar.com\/avatar\/a03a82675d8bb3da8e5c5a6872db97be?s=96&d=mm&r=g","caption":"Ana Maria Devides"},"url":"https:\/\/ninamartinelli.com.br\/blog2\/author\/assessoria-nina-martinelli\/"}]}},"_links":{"self":[{"href":"https:\/\/ninamartinelli.com.br\/blog2\/wp-json\/wp\/v2\/posts\/2934","targetHints":{"allow":["GET"]}}],"collection":[{"href":"https:\/\/ninamartinelli.com.br\/blog2\/wp-json\/wp\/v2\/posts"}],"about":[{"href":"https:\/\/ninamartinelli.com.br\/blog2\/wp-json\/wp\/v2\/types\/post"}],"author":[{"embeddable":true,"href":"https:\/\/ninamartinelli.com.br\/blog2\/wp-json\/wp\/v2\/users\/2"}],"replies":[{"embeddable":true,"href":"https:\/\/ninamartinelli.com.br\/blog2\/wp-json\/wp\/v2\/comments?post=2934"}],"version-history":[{"count":1,"href":"https:\/\/ninamartinelli.com.br\/blog2\/wp-json\/wp\/v2\/posts\/2934\/revisions"}],"predecessor-version":[{"id":2939,"href":"https:\/\/ninamartinelli.com.br\/blog2\/wp-json\/wp\/v2\/posts\/2934\/revisions\/2939"}],"wp:featuredmedia":[{"embeddable":true,"href":"https:\/\/ninamartinelli.com.br\/blog2\/wp-json\/wp\/v2\/media\/2935"}],"wp:attachment":[{"href":"https:\/\/ninamartinelli.com.br\/blog2\/wp-json\/wp\/v2\/media?parent=2934"}],"wp:term":[{"taxonomy":"category","embeddable":true,"href":"https:\/\/ninamartinelli.com.br\/blog2\/wp-json\/wp\/v2\/categories?post=2934"},{"taxonomy":"post_tag","embeddable":true,"href":"https:\/\/ninamartinelli.com.br\/blog2\/wp-json\/wp\/v2\/tags?post=2934"}],"curies":[{"name":"wp","href":"https:\/\/api.w.org\/{rel}","templated":true}]}}