{"id":2923,"date":"2025-09-10T08:30:05","date_gmt":"2025-09-10T11:30:05","guid":{"rendered":"https:\/\/ninamartinelli.com.br\/blog2\/?p=2923"},"modified":"2025-09-09T10:01:58","modified_gmt":"2025-09-09T13:01:58","slug":"casacor-ribeirao-preto-2025-o-resgate-do-aconchego-das-cozinhas-que-nos-acolhem-com-quadratto-vecchio-allineato","status":"publish","type":"post","link":"https:\/\/ninamartinelli.com.br\/blog2\/casacor-ribeirao-preto-2025-o-resgate-do-aconchego-das-cozinhas-que-nos-acolhem-com-quadratto-vecchio-allineato\/","title":{"rendered":"CASACOR Ribeir\u00e3o Preto 2025 \u2013 O resgate do aconchego das cozinhas que nos acolhem, com Quadratto Vecchio Allineato"},"content":{"rendered":"<p>CASACOR Ribeir\u00e3o Preto 2025 \u2013 Sabe aquela sensa\u00e7\u00e3o de colo, de seguran\u00e7a, de acolhimento, de pertencimento? Aquele sentimento que nos invade sutilmente, mas com muita for\u00e7a, quando \u2018chegamos em casa\u2019? Essas perguntas e as respostas servem para descrever o que \u00e9 a Cozinha do Chef, um ambiente que vem impactando e emocionando os visitantes da <a href=\"https:\/\/appcasacor.com.br\/events\/ribeirao-preto-2025?utm_source=google&amp;utm_medium=cpc&amp;utm_campaign=ddl-casacorrp2025-conversao-google&amp;utm_term=ribeiraopreto&amp;utm_content=googlesearch&amp;gad_source=1&amp;gad_campaignid=22904518450&amp;gbraid=0AAAABAmi4OPE5SavKXdxevVMI7KYsG4DF&amp;gclid=Cj0KCQjwoP_FBhDFARIsANPG24NB5DaH_UCB3j_C0eZJiWrh8NWHOwIlZ3vOAMKj-yYLnbOoo92ma6kaAs7iEALw_wcB\">CASACOR Ribeir\u00e3o Preto 2025<\/a>.<\/p>\n<p>Tanto que esse ambiente, que resgata o aconchego que tantas cozinhas perderam, vem sendo destaque em ve\u00edculos especializados como a <a href=\"https:\/\/revistaolga.com.br\/cozinha-do-chef\/\">Revista Olga \u2013 Arquitetura, Paisagismo e Decora\u00e7\u00e3o.<\/a><\/p>\n<p>N\u00e3o por acaso. O espa\u00e7o transpira brasilidade e afetividade, apresentando uma impressionante combina\u00e7\u00e3o dos confortos contempor\u00e2neos, da praticidade exigida por esses tempos de vida acelerada, mas, com muitos elementos org\u00e2nicos e naturais, que criam as condi\u00e7\u00f5es de respiro e pausa que esses mesmos tempos nos fazem necessitar.<\/p>\n<p>Assinada pela arquiteta <a href=\"https:\/\/www.instagram.com\/elomondi\/\">Eloisa Mondi<\/a> e pela designer <a href=\"https:\/\/www.instagram.com\/rosearaujointeriores\/\">Rose Ara\u00fajo<\/a>, a Cozinha do Chef teve seu conceito desenvolvido em homenagem ao celebrado chef Alex Atala, que tem, entre suas caracter\u00edsticas mais marcantes, o uso de ingredientes da culin\u00e1ria amaz\u00f4nica em suas receitas.<\/p>\n<p>At\u00e9 por isso, Rose e Eloisa criaram um mix incr\u00edvel de elementos naturais, tais como pedras, palha, muito verde e o barro \u2013 e a\u00ed uma de suas mais destacadas express\u00f5es \u00e9 o revestimento <a href=\"https:\/\/ninamartinelli.com.br\/produtos\/quadratto-vecchio-allineato-linho\/\">Quadratto Vecchio Allineato<\/a>, da Nina Martinelli Pisos e Revestimentos. As profissionais optaram pelo tom Linho.<\/p>\n<p>O produto consiste pe\u00e7as em cer\u00e2mica natural, produzidas uma a uma de forma sustent\u00e1vel, com uso de material reciclado, apresentando um toque \u00fanico e diferenciado, que denota suavidade, naturalidade e, ao mesmo tempo, for\u00e7a e autenticidade.\u00a0As pe\u00e7as medem 7x7cm e v\u00eam em placas medindo 28x28cm, facilitando a aplica\u00e7\u00e3o e pode ser utilizado em \u00e1reas internas ou externas.<\/p>\n<p>O revestimento recobre as paredes que acomodam uma linda marcenaria em MDF no tom Urucum, que comp\u00f5e um lindo cen\u00e1rio com os eletrodom\u00e9stico e pe\u00e7as de arte brasileira \u2013 algumas com refer\u00eancias ind\u00edgenas. Uma varanda externa tamb\u00e9m recebeu o mesmo acabamento.<\/p>\n<p>&nbsp;<\/p>\n<p><img loading=\"lazy\" decoding=\"async\" class=\"alignnone wp-image-2926\" src=\"https:\/\/ninamartinelli.com.br\/blog2\/wp-content\/uploads\/2025\/09\/cozinha-do-chef-4-225x300.jpg\" alt=\"\" width=\"283\" height=\"378\" srcset=\"https:\/\/ninamartinelli.com.br\/blog2\/wp-content\/uploads\/2025\/09\/cozinha-do-chef-4-225x300.jpg 225w, https:\/\/ninamartinelli.com.br\/blog2\/wp-content\/uploads\/2025\/09\/cozinha-do-chef-4-768x1024.jpg 768w, https:\/\/ninamartinelli.com.br\/blog2\/wp-content\/uploads\/2025\/09\/cozinha-do-chef-4-1152x1536.jpg 1152w, https:\/\/ninamartinelli.com.br\/blog2\/wp-content\/uploads\/2025\/09\/cozinha-do-chef-4-1536x2048.jpg 1536w, https:\/\/ninamartinelli.com.br\/blog2\/wp-content\/uploads\/2025\/09\/cozinha-do-chef-4-1024x1366.jpg 1024w, https:\/\/ninamartinelli.com.br\/blog2\/wp-content\/uploads\/2025\/09\/cozinha-do-chef-4-scaled.jpg 1919w\" sizes=\"auto, (max-width: 283px) 100vw, 283px\" \/>\u00a0 \u00a0 \u00a0 \u00a0 \u00a0 \u00a0 \u00a0 \u00a0 \u00a0 \u00a0 \u00a0 \u00a0 \u00a0 \u00a0 \u00a0 \u00a0 \u00a0 \u00a0 <img loading=\"lazy\" decoding=\"async\" class=\"alignnone wp-image-2928\" src=\"https:\/\/ninamartinelli.com.br\/blog2\/wp-content\/uploads\/2025\/09\/cozinha-do-chef-1-169x300.jpg\" alt=\"\" width=\"212\" height=\"376\" srcset=\"https:\/\/ninamartinelli.com.br\/blog2\/wp-content\/uploads\/2025\/09\/cozinha-do-chef-1-169x300.jpg 169w, https:\/\/ninamartinelli.com.br\/blog2\/wp-content\/uploads\/2025\/09\/cozinha-do-chef-1.jpg 337w\" sizes=\"auto, (max-width: 212px) 100vw, 212px\" \/><\/p>\n<p>Ilumina\u00e7\u00e3o direcional e indireta, e plantas escolhidas a dedo, como samambaias, jiboias e at\u00e9 uma encantadora jabuticabeira que \u2018brota\u2019 de uma das extremidades da ponta da ilha da cozinha se encarregam de completar o conjunto harm\u00f4nico, que de cara nos faz pensar: \u00e9 aqui mesmo que eu quero ficar.<\/p>\n<p><img loading=\"lazy\" decoding=\"async\" class=\"alignnone wp-image-2929\" src=\"https:\/\/ninamartinelli.com.br\/blog2\/wp-content\/uploads\/2025\/09\/cozinha-do-chef-5-225x300.jpg\" alt=\"\" width=\"271\" height=\"361\" srcset=\"https:\/\/ninamartinelli.com.br\/blog2\/wp-content\/uploads\/2025\/09\/cozinha-do-chef-5-225x300.jpg 225w, https:\/\/ninamartinelli.com.br\/blog2\/wp-content\/uploads\/2025\/09\/cozinha-do-chef-5-768x1024.jpg 768w, https:\/\/ninamartinelli.com.br\/blog2\/wp-content\/uploads\/2025\/09\/cozinha-do-chef-5-1152x1536.jpg 1152w, https:\/\/ninamartinelli.com.br\/blog2\/wp-content\/uploads\/2025\/09\/cozinha-do-chef-5-1536x2048.jpg 1536w, https:\/\/ninamartinelli.com.br\/blog2\/wp-content\/uploads\/2025\/09\/cozinha-do-chef-5-1024x1365.jpg 1024w, https:\/\/ninamartinelli.com.br\/blog2\/wp-content\/uploads\/2025\/09\/cozinha-do-chef-5-scaled.jpg 1920w\" sizes=\"auto, (max-width: 271px) 100vw, 271px\" \/>\u00a0 \u00a0 \u00a0 \u00a0 \u00a0 \u00a0 \u00a0 \u00a0 \u00a0 \u00a0 \u00a0 \u00a0 \u00a0 \u00a0 <img loading=\"lazy\" decoding=\"async\" class=\"alignnone wp-image-2930\" src=\"https:\/\/ninamartinelli.com.br\/blog2\/wp-content\/uploads\/2025\/09\/cozinha-do-chef-7-225x300.jpg\" alt=\"\" width=\"273\" height=\"364\" srcset=\"https:\/\/ninamartinelli.com.br\/blog2\/wp-content\/uploads\/2025\/09\/cozinha-do-chef-7-225x300.jpg 225w, https:\/\/ninamartinelli.com.br\/blog2\/wp-content\/uploads\/2025\/09\/cozinha-do-chef-7-768x1024.jpg 768w, https:\/\/ninamartinelli.com.br\/blog2\/wp-content\/uploads\/2025\/09\/cozinha-do-chef-7-1152x1536.jpg 1152w, https:\/\/ninamartinelli.com.br\/blog2\/wp-content\/uploads\/2025\/09\/cozinha-do-chef-7-1536x2048.jpg 1536w, https:\/\/ninamartinelli.com.br\/blog2\/wp-content\/uploads\/2025\/09\/cozinha-do-chef-7-1024x1365.jpg 1024w, https:\/\/ninamartinelli.com.br\/blog2\/wp-content\/uploads\/2025\/09\/cozinha-do-chef-7-scaled.jpg 1920w\" sizes=\"auto, (max-width: 273px) 100vw, 273px\" \/><\/p>\n<p>\u201cEstamos recebendo um feedback incr\u00edvel do p\u00fablico e de profissionais de arquitetura, decora\u00e7\u00e3o e design. E tamb\u00e9m estamos muito felizes porque o pr\u00f3prio clima na cozinha \u00e9 extremamente convidativo, emanando calor humano, mas, com muito frescor, literalmente. Creio que o revestimento feito em argila natural e as plantas trazem esse frescor, justamente em Ribeir\u00e3o Preto que em qualquer \u00e9poca do ano \u00e9 uma cidade quente\u201d, comenta Rose.<\/p>\n<p>\u201cEsse projeto que foi uma del\u00edcia fazer e est\u00e1 tocando tantas pessoas, um ambiente cheio de afeto, aconchego e pertencimento, onde destacamos v\u00e1rias texturas, cores e mem\u00f3rias afetivas\u201d, conclui ela.<\/p>\n<p><img loading=\"lazy\" decoding=\"async\" class=\"alignnone wp-image-2931\" src=\"https:\/\/ninamartinelli.com.br\/blog2\/wp-content\/uploads\/2025\/09\/cozinha-do-chef-2-169x300.jpg\" alt=\"\" width=\"240\" height=\"426\" srcset=\"https:\/\/ninamartinelli.com.br\/blog2\/wp-content\/uploads\/2025\/09\/cozinha-do-chef-2-169x300.jpg 169w, https:\/\/ninamartinelli.com.br\/blog2\/wp-content\/uploads\/2025\/09\/cozinha-do-chef-2.jpg 337w\" sizes=\"auto, (max-width: 240px) 100vw, 240px\" \/>\u00a0 \u00a0 \u00a0 \u00a0 \u00a0 \u00a0 \u00a0 \u00a0 \u00a0 \u00a0 \u00a0 \u00a0 \u00a0 \u00a0 \u00a0 <img loading=\"lazy\" decoding=\"async\" class=\"alignnone wp-image-2932\" src=\"https:\/\/ninamartinelli.com.br\/blog2\/wp-content\/uploads\/2025\/09\/cozinha-do-chef-6-225x300.jpg\" alt=\"\" width=\"318\" height=\"424\" srcset=\"https:\/\/ninamartinelli.com.br\/blog2\/wp-content\/uploads\/2025\/09\/cozinha-do-chef-6-225x300.jpg 225w, https:\/\/ninamartinelli.com.br\/blog2\/wp-content\/uploads\/2025\/09\/cozinha-do-chef-6-768x1024.jpg 768w, https:\/\/ninamartinelli.com.br\/blog2\/wp-content\/uploads\/2025\/09\/cozinha-do-chef-6-1152x1536.jpg 1152w, https:\/\/ninamartinelli.com.br\/blog2\/wp-content\/uploads\/2025\/09\/cozinha-do-chef-6-1536x2048.jpg 1536w, https:\/\/ninamartinelli.com.br\/blog2\/wp-content\/uploads\/2025\/09\/cozinha-do-chef-6-1024x1365.jpg 1024w, https:\/\/ninamartinelli.com.br\/blog2\/wp-content\/uploads\/2025\/09\/cozinha-do-chef-6-scaled.jpg 1920w\" sizes=\"auto, (max-width: 318px) 100vw, 318px\" \/><\/p>\n<p>Presente em oito ambientes da CASACOR Ribeir\u00e3o Preto 2025, Nina Martinelli celebra o sucesso de mais esse espa\u00e7o, que se conecta e se alinha perfeitamente ao prop\u00f3sito da marca, de produzir artesanalmente acabamentos sustent\u00e1veis, lindos e Feitos Por Pessoas, Para pessoas.<\/p>\n<p>Visite a mostra que vai at\u00e9 dia 12 de outubro em Ribeir\u00e3o, e veja mais sobre esse e outros ambientes e acabamentos no nosso site.<\/p>\n<p>&nbsp;<\/p>\n<p><strong>Servi\u00e7o<\/strong><\/p>\n<p><strong>CASACOR Ribeir\u00e3o Preto 2025 \u2013 Cozinha do Chef <\/strong><\/p>\n<p><strong>Produto: Quadratto Vecchio Allineato Linho \u2013 7&#215;7 em placas 28x28cm<\/strong><\/p>\n<p><strong>Projeto:<\/strong> Rose Araujo e Eloisa Mondi<\/p>\n<p><strong>Instagram:<\/strong> @rosearaujointeriores e @elomondi<\/p>\n<p><strong>Imagens:<\/strong> acervo pr\u00f3prio<\/p>\n<p>A mostra acontece na Avenida Anhanguera, 790 &#8211; Alto da Boa Vista<\/p>\n<p>At\u00e9\u00a012\/10\/2025<\/p>\n","protected":false},"excerpt":{"rendered":"<p>CASACOR Ribeir\u00e3o Preto 2025 \u2013 Sabe aquela sensa\u00e7\u00e3o de colo, de seguran\u00e7a, de acolhimento, de<\/p>\n","protected":false},"author":2,"featured_media":2924,"comment_status":"open","ping_status":"open","sticky":false,"template":"","format":"standard","meta":{"footnotes":""},"categories":[27,59,19,1,26,129],"tags":[130,154,37,168,131],"class_list":["post-2923","post","type-post","status-publish","format-standard","has-post-thumbnail","hentry","category-casa-cor","category-ceramica","category-mostras-e-eventos","category-nina-martinelli","category-revestimentos","category-sustentabilidade","tag-casa-cor-ribeirao-preto","tag-cozinhas","tag-parede","tag-producao-artesanal","tag-sustentabilidade"],"yoast_head":"<!-- This site is optimized with the Yoast SEO plugin v26.8 - https:\/\/yoast.com\/product\/yoast-seo-wordpress\/ -->\n<title>CASACOR Ribeir\u00e3o Preto 2025 \u2013 O resgate do aconchego das cozinhas que nos acolhem, com Quadratto Vecchio Allineato<\/title>\n<meta name=\"description\" content=\"CASACOR Ribeir\u00e3o Preto 2025 - Uma cozinha que emociona e cativa, um espa\u00e7o lindo, acolhedor e funcional, que vem encantando a todos na mostra!\" \/>\n<meta name=\"robots\" content=\"index, follow, max-snippet:-1, max-image-preview:large, max-video-preview:-1\" \/>\n<link rel=\"canonical\" href=\"https:\/\/ninamartinelli.com.br\/blog2\/casacor-ribeirao-preto-2025-o-resgate-do-aconchego-das-cozinhas-que-nos-acolhem-com-quadratto-vecchio-allineato\/\" \/>\n<meta property=\"og:locale\" content=\"pt_BR\" \/>\n<meta property=\"og:type\" content=\"article\" \/>\n<meta property=\"og:title\" content=\"CASACOR Ribeir\u00e3o Preto 2025 \u2013 O resgate do aconchego das cozinhas que nos acolhem, com Quadratto Vecchio Allineato\" \/>\n<meta property=\"og:description\" content=\"CASACOR Ribeir\u00e3o Preto 2025 - Uma cozinha que emociona e cativa, um espa\u00e7o lindo, acolhedor e funcional, que vem encantando a todos na mostra!\" \/>\n<meta property=\"og:url\" content=\"https:\/\/ninamartinelli.com.br\/blog2\/casacor-ribeirao-preto-2025-o-resgate-do-aconchego-das-cozinhas-que-nos-acolhem-com-quadratto-vecchio-allineato\/\" \/>\n<meta property=\"og:site_name\" content=\"Blog Nina\" \/>\n<meta property=\"article:published_time\" content=\"2025-09-10T11:30:05+00:00\" \/>\n<meta property=\"og:image\" content=\"https:\/\/ninamartinelli.com.br\/blog2\/wp-content\/uploads\/2025\/09\/cozinha-do-chef-8-scaled.jpg\" \/>\n\t<meta property=\"og:image:width\" content=\"1920\" \/>\n\t<meta property=\"og:image:height\" content=\"2560\" \/>\n\t<meta property=\"og:image:type\" content=\"image\/jpeg\" \/>\n<meta name=\"author\" content=\"Ana Maria Devides\" \/>\n<meta name=\"twitter:card\" content=\"summary_large_image\" \/>\n<meta name=\"twitter:label1\" content=\"Escrito por\" \/>\n\t<meta name=\"twitter:data1\" content=\"Ana Maria Devides\" \/>\n\t<meta name=\"twitter:label2\" content=\"Est. tempo de leitura\" \/>\n\t<meta name=\"twitter:data2\" content=\"5 minutos\" \/>\n<script type=\"application\/ld+json\" class=\"yoast-schema-graph\">{\"@context\":\"https:\/\/schema.org\",\"@graph\":[{\"@type\":\"Article\",\"@id\":\"https:\/\/ninamartinelli.com.br\/blog2\/casacor-ribeirao-preto-2025-o-resgate-do-aconchego-das-cozinhas-que-nos-acolhem-com-quadratto-vecchio-allineato\/#article\",\"isPartOf\":{\"@id\":\"https:\/\/ninamartinelli.com.br\/blog2\/casacor-ribeirao-preto-2025-o-resgate-do-aconchego-das-cozinhas-que-nos-acolhem-com-quadratto-vecchio-allineato\/\"},\"author\":{\"name\":\"Ana Maria Devides\",\"@id\":\"https:\/\/ninamartinelli.com.br\/blog2\/#\/schema\/person\/43fbfb1d4cbe3b472995206b2bb06df5\"},\"headline\":\"CASACOR Ribeir\u00e3o Preto 2025 \u2013 O resgate do aconchego das cozinhas que nos acolhem, com Quadratto Vecchio Allineato\",\"datePublished\":\"2025-09-10T11:30:05+00:00\",\"mainEntityOfPage\":{\"@id\":\"https:\/\/ninamartinelli.com.br\/blog2\/casacor-ribeirao-preto-2025-o-resgate-do-aconchego-das-cozinhas-que-nos-acolhem-com-quadratto-vecchio-allineato\/\"},\"wordCount\":637,\"commentCount\":0,\"publisher\":{\"@id\":\"https:\/\/ninamartinelli.com.br\/blog2\/#organization\"},\"image\":{\"@id\":\"https:\/\/ninamartinelli.com.br\/blog2\/casacor-ribeirao-preto-2025-o-resgate-do-aconchego-das-cozinhas-que-nos-acolhem-com-quadratto-vecchio-allineato\/#primaryimage\"},\"thumbnailUrl\":\"https:\/\/ninamartinelli.com.br\/blog2\/wp-content\/uploads\/2025\/09\/cozinha-do-chef-8-scaled.jpg\",\"keywords\":[\"Casa Cor Ribeir\u00e3o Preto\",\"cozinhas\",\"parede\",\"produ\u00e7\u00e3o artesanal\",\"Sustentabilidade\"],\"articleSection\":[\"CASA COR\",\"Cer\u00e2mica\",\"Mostras e Eventos\",\"Nina Martinelli\",\"Revestimentos\",\"Sustentabilidade\"],\"inLanguage\":\"pt-BR\",\"potentialAction\":[{\"@type\":\"CommentAction\",\"name\":\"Comment\",\"target\":[\"https:\/\/ninamartinelli.com.br\/blog2\/casacor-ribeirao-preto-2025-o-resgate-do-aconchego-das-cozinhas-que-nos-acolhem-com-quadratto-vecchio-allineato\/#respond\"]}]},{\"@type\":\"WebPage\",\"@id\":\"https:\/\/ninamartinelli.com.br\/blog2\/casacor-ribeirao-preto-2025-o-resgate-do-aconchego-das-cozinhas-que-nos-acolhem-com-quadratto-vecchio-allineato\/\",\"url\":\"https:\/\/ninamartinelli.com.br\/blog2\/casacor-ribeirao-preto-2025-o-resgate-do-aconchego-das-cozinhas-que-nos-acolhem-com-quadratto-vecchio-allineato\/\",\"name\":\"CASACOR Ribeir\u00e3o Preto 2025 \u2013 O resgate do aconchego das cozinhas que nos acolhem, com Quadratto Vecchio Allineato\",\"isPartOf\":{\"@id\":\"https:\/\/ninamartinelli.com.br\/blog2\/#website\"},\"primaryImageOfPage\":{\"@id\":\"https:\/\/ninamartinelli.com.br\/blog2\/casacor-ribeirao-preto-2025-o-resgate-do-aconchego-das-cozinhas-que-nos-acolhem-com-quadratto-vecchio-allineato\/#primaryimage\"},\"image\":{\"@id\":\"https:\/\/ninamartinelli.com.br\/blog2\/casacor-ribeirao-preto-2025-o-resgate-do-aconchego-das-cozinhas-que-nos-acolhem-com-quadratto-vecchio-allineato\/#primaryimage\"},\"thumbnailUrl\":\"https:\/\/ninamartinelli.com.br\/blog2\/wp-content\/uploads\/2025\/09\/cozinha-do-chef-8-scaled.jpg\",\"datePublished\":\"2025-09-10T11:30:05+00:00\",\"description\":\"CASACOR Ribeir\u00e3o Preto 2025 - Uma cozinha que emociona e cativa, um espa\u00e7o lindo, acolhedor e funcional, que vem encantando a todos na mostra!\",\"breadcrumb\":{\"@id\":\"https:\/\/ninamartinelli.com.br\/blog2\/casacor-ribeirao-preto-2025-o-resgate-do-aconchego-das-cozinhas-que-nos-acolhem-com-quadratto-vecchio-allineato\/#breadcrumb\"},\"inLanguage\":\"pt-BR\",\"potentialAction\":[{\"@type\":\"ReadAction\",\"target\":[\"https:\/\/ninamartinelli.com.br\/blog2\/casacor-ribeirao-preto-2025-o-resgate-do-aconchego-das-cozinhas-que-nos-acolhem-com-quadratto-vecchio-allineato\/\"]}]},{\"@type\":\"ImageObject\",\"inLanguage\":\"pt-BR\",\"@id\":\"https:\/\/ninamartinelli.com.br\/blog2\/casacor-ribeirao-preto-2025-o-resgate-do-aconchego-das-cozinhas-que-nos-acolhem-com-quadratto-vecchio-allineato\/#primaryimage\",\"url\":\"https:\/\/ninamartinelli.com.br\/blog2\/wp-content\/uploads\/2025\/09\/cozinha-do-chef-8-scaled.jpg\",\"contentUrl\":\"https:\/\/ninamartinelli.com.br\/blog2\/wp-content\/uploads\/2025\/09\/cozinha-do-chef-8-scaled.jpg\",\"width\":1920,\"height\":2560},{\"@type\":\"BreadcrumbList\",\"@id\":\"https:\/\/ninamartinelli.com.br\/blog2\/casacor-ribeirao-preto-2025-o-resgate-do-aconchego-das-cozinhas-que-nos-acolhem-com-quadratto-vecchio-allineato\/#breadcrumb\",\"itemListElement\":[{\"@type\":\"ListItem\",\"position\":1,\"name\":\"In\u00edcio\",\"item\":\"https:\/\/ninamartinelli.com.br\/blog2\/\"},{\"@type\":\"ListItem\",\"position\":2,\"name\":\"CASACOR Ribeir\u00e3o Preto 2025 \u2013 O resgate do aconchego das cozinhas que nos acolhem, com Quadratto Vecchio Allineato\"}]},{\"@type\":\"WebSite\",\"@id\":\"https:\/\/ninamartinelli.com.br\/blog2\/#website\",\"url\":\"https:\/\/ninamartinelli.com.br\/blog2\/\",\"name\":\"Nina Martinelli\",\"description\":\"#Nina_Martinelli\",\"publisher\":{\"@id\":\"https:\/\/ninamartinelli.com.br\/blog2\/#organization\"},\"potentialAction\":[{\"@type\":\"SearchAction\",\"target\":{\"@type\":\"EntryPoint\",\"urlTemplate\":\"https:\/\/ninamartinelli.com.br\/blog2\/?s={search_term_string}\"},\"query-input\":{\"@type\":\"PropertyValueSpecification\",\"valueRequired\":true,\"valueName\":\"search_term_string\"}}],\"inLanguage\":\"pt-BR\"},{\"@type\":\"Organization\",\"@id\":\"https:\/\/ninamartinelli.com.br\/blog2\/#organization\",\"name\":\"Blog Novidades\",\"url\":\"https:\/\/ninamartinelli.com.br\/blog2\/\",\"logo\":{\"@type\":\"ImageObject\",\"inLanguage\":\"pt-BR\",\"@id\":\"https:\/\/ninamartinelli.com.br\/blog2\/#\/schema\/logo\/image\/\",\"url\":\"http:\/\/blog.ninamartinelli.com.br\/wp-content\/uploads\/2022\/03\/logo_nina_blog.png\",\"contentUrl\":\"http:\/\/blog.ninamartinelli.com.br\/wp-content\/uploads\/2022\/03\/logo_nina_blog.png\",\"width\":500,\"height\":104,\"caption\":\"Blog Novidades\"},\"image\":{\"@id\":\"https:\/\/ninamartinelli.com.br\/blog2\/#\/schema\/logo\/image\/\"}},{\"@type\":\"Person\",\"@id\":\"https:\/\/ninamartinelli.com.br\/blog2\/#\/schema\/person\/43fbfb1d4cbe3b472995206b2bb06df5\",\"name\":\"Ana Maria Devides\",\"image\":{\"@type\":\"ImageObject\",\"inLanguage\":\"pt-BR\",\"@id\":\"https:\/\/ninamartinelli.com.br\/blog2\/#\/schema\/person\/image\/\",\"url\":\"https:\/\/secure.gravatar.com\/avatar\/a03a82675d8bb3da8e5c5a6872db97be?s=96&d=mm&r=g\",\"contentUrl\":\"https:\/\/secure.gravatar.com\/avatar\/a03a82675d8bb3da8e5c5a6872db97be?s=96&d=mm&r=g\",\"caption\":\"Ana Maria Devides\"},\"url\":\"https:\/\/ninamartinelli.com.br\/blog2\/author\/assessoria-nina-martinelli\/\"}]}<\/script>\n<!-- \/ Yoast SEO plugin. -->","yoast_head_json":{"title":"CASACOR Ribeir\u00e3o Preto 2025 \u2013 O resgate do aconchego das cozinhas que nos acolhem, com Quadratto Vecchio Allineato","description":"CASACOR Ribeir\u00e3o Preto 2025 - Uma cozinha que emociona e cativa, um espa\u00e7o lindo, acolhedor e funcional, que vem encantando a todos na mostra!","robots":{"index":"index","follow":"follow","max-snippet":"max-snippet:-1","max-image-preview":"max-image-preview:large","max-video-preview":"max-video-preview:-1"},"canonical":"https:\/\/ninamartinelli.com.br\/blog2\/casacor-ribeirao-preto-2025-o-resgate-do-aconchego-das-cozinhas-que-nos-acolhem-com-quadratto-vecchio-allineato\/","og_locale":"pt_BR","og_type":"article","og_title":"CASACOR Ribeir\u00e3o Preto 2025 \u2013 O resgate do aconchego das cozinhas que nos acolhem, com Quadratto Vecchio Allineato","og_description":"CASACOR Ribeir\u00e3o Preto 2025 - Uma cozinha que emociona e cativa, um espa\u00e7o lindo, acolhedor e funcional, que vem encantando a todos na mostra!","og_url":"https:\/\/ninamartinelli.com.br\/blog2\/casacor-ribeirao-preto-2025-o-resgate-do-aconchego-das-cozinhas-que-nos-acolhem-com-quadratto-vecchio-allineato\/","og_site_name":"Blog Nina","article_published_time":"2025-09-10T11:30:05+00:00","og_image":[{"width":1920,"height":2560,"url":"https:\/\/ninamartinelli.com.br\/blog2\/wp-content\/uploads\/2025\/09\/cozinha-do-chef-8-scaled.jpg","type":"image\/jpeg"}],"author":"Ana Maria Devides","twitter_card":"summary_large_image","twitter_misc":{"Escrito por":"Ana Maria Devides","Est. tempo de leitura":"5 minutos"},"schema":{"@context":"https:\/\/schema.org","@graph":[{"@type":"Article","@id":"https:\/\/ninamartinelli.com.br\/blog2\/casacor-ribeirao-preto-2025-o-resgate-do-aconchego-das-cozinhas-que-nos-acolhem-com-quadratto-vecchio-allineato\/#article","isPartOf":{"@id":"https:\/\/ninamartinelli.com.br\/blog2\/casacor-ribeirao-preto-2025-o-resgate-do-aconchego-das-cozinhas-que-nos-acolhem-com-quadratto-vecchio-allineato\/"},"author":{"name":"Ana Maria Devides","@id":"https:\/\/ninamartinelli.com.br\/blog2\/#\/schema\/person\/43fbfb1d4cbe3b472995206b2bb06df5"},"headline":"CASACOR Ribeir\u00e3o Preto 2025 \u2013 O resgate do aconchego das cozinhas que nos acolhem, com Quadratto Vecchio Allineato","datePublished":"2025-09-10T11:30:05+00:00","mainEntityOfPage":{"@id":"https:\/\/ninamartinelli.com.br\/blog2\/casacor-ribeirao-preto-2025-o-resgate-do-aconchego-das-cozinhas-que-nos-acolhem-com-quadratto-vecchio-allineato\/"},"wordCount":637,"commentCount":0,"publisher":{"@id":"https:\/\/ninamartinelli.com.br\/blog2\/#organization"},"image":{"@id":"https:\/\/ninamartinelli.com.br\/blog2\/casacor-ribeirao-preto-2025-o-resgate-do-aconchego-das-cozinhas-que-nos-acolhem-com-quadratto-vecchio-allineato\/#primaryimage"},"thumbnailUrl":"https:\/\/ninamartinelli.com.br\/blog2\/wp-content\/uploads\/2025\/09\/cozinha-do-chef-8-scaled.jpg","keywords":["Casa Cor Ribeir\u00e3o Preto","cozinhas","parede","produ\u00e7\u00e3o artesanal","Sustentabilidade"],"articleSection":["CASA COR","Cer\u00e2mica","Mostras e Eventos","Nina Martinelli","Revestimentos","Sustentabilidade"],"inLanguage":"pt-BR","potentialAction":[{"@type":"CommentAction","name":"Comment","target":["https:\/\/ninamartinelli.com.br\/blog2\/casacor-ribeirao-preto-2025-o-resgate-do-aconchego-das-cozinhas-que-nos-acolhem-com-quadratto-vecchio-allineato\/#respond"]}]},{"@type":"WebPage","@id":"https:\/\/ninamartinelli.com.br\/blog2\/casacor-ribeirao-preto-2025-o-resgate-do-aconchego-das-cozinhas-que-nos-acolhem-com-quadratto-vecchio-allineato\/","url":"https:\/\/ninamartinelli.com.br\/blog2\/casacor-ribeirao-preto-2025-o-resgate-do-aconchego-das-cozinhas-que-nos-acolhem-com-quadratto-vecchio-allineato\/","name":"CASACOR Ribeir\u00e3o Preto 2025 \u2013 O resgate do aconchego das cozinhas que nos acolhem, com Quadratto Vecchio Allineato","isPartOf":{"@id":"https:\/\/ninamartinelli.com.br\/blog2\/#website"},"primaryImageOfPage":{"@id":"https:\/\/ninamartinelli.com.br\/blog2\/casacor-ribeirao-preto-2025-o-resgate-do-aconchego-das-cozinhas-que-nos-acolhem-com-quadratto-vecchio-allineato\/#primaryimage"},"image":{"@id":"https:\/\/ninamartinelli.com.br\/blog2\/casacor-ribeirao-preto-2025-o-resgate-do-aconchego-das-cozinhas-que-nos-acolhem-com-quadratto-vecchio-allineato\/#primaryimage"},"thumbnailUrl":"https:\/\/ninamartinelli.com.br\/blog2\/wp-content\/uploads\/2025\/09\/cozinha-do-chef-8-scaled.jpg","datePublished":"2025-09-10T11:30:05+00:00","description":"CASACOR Ribeir\u00e3o Preto 2025 - Uma cozinha que emociona e cativa, um espa\u00e7o lindo, acolhedor e funcional, que vem encantando a todos na mostra!","breadcrumb":{"@id":"https:\/\/ninamartinelli.com.br\/blog2\/casacor-ribeirao-preto-2025-o-resgate-do-aconchego-das-cozinhas-que-nos-acolhem-com-quadratto-vecchio-allineato\/#breadcrumb"},"inLanguage":"pt-BR","potentialAction":[{"@type":"ReadAction","target":["https:\/\/ninamartinelli.com.br\/blog2\/casacor-ribeirao-preto-2025-o-resgate-do-aconchego-das-cozinhas-que-nos-acolhem-com-quadratto-vecchio-allineato\/"]}]},{"@type":"ImageObject","inLanguage":"pt-BR","@id":"https:\/\/ninamartinelli.com.br\/blog2\/casacor-ribeirao-preto-2025-o-resgate-do-aconchego-das-cozinhas-que-nos-acolhem-com-quadratto-vecchio-allineato\/#primaryimage","url":"https:\/\/ninamartinelli.com.br\/blog2\/wp-content\/uploads\/2025\/09\/cozinha-do-chef-8-scaled.jpg","contentUrl":"https:\/\/ninamartinelli.com.br\/blog2\/wp-content\/uploads\/2025\/09\/cozinha-do-chef-8-scaled.jpg","width":1920,"height":2560},{"@type":"BreadcrumbList","@id":"https:\/\/ninamartinelli.com.br\/blog2\/casacor-ribeirao-preto-2025-o-resgate-do-aconchego-das-cozinhas-que-nos-acolhem-com-quadratto-vecchio-allineato\/#breadcrumb","itemListElement":[{"@type":"ListItem","position":1,"name":"In\u00edcio","item":"https:\/\/ninamartinelli.com.br\/blog2\/"},{"@type":"ListItem","position":2,"name":"CASACOR Ribeir\u00e3o Preto 2025 \u2013 O resgate do aconchego das cozinhas que nos acolhem, com Quadratto Vecchio Allineato"}]},{"@type":"WebSite","@id":"https:\/\/ninamartinelli.com.br\/blog2\/#website","url":"https:\/\/ninamartinelli.com.br\/blog2\/","name":"Nina Martinelli","description":"#Nina_Martinelli","publisher":{"@id":"https:\/\/ninamartinelli.com.br\/blog2\/#organization"},"potentialAction":[{"@type":"SearchAction","target":{"@type":"EntryPoint","urlTemplate":"https:\/\/ninamartinelli.com.br\/blog2\/?s={search_term_string}"},"query-input":{"@type":"PropertyValueSpecification","valueRequired":true,"valueName":"search_term_string"}}],"inLanguage":"pt-BR"},{"@type":"Organization","@id":"https:\/\/ninamartinelli.com.br\/blog2\/#organization","name":"Blog Novidades","url":"https:\/\/ninamartinelli.com.br\/blog2\/","logo":{"@type":"ImageObject","inLanguage":"pt-BR","@id":"https:\/\/ninamartinelli.com.br\/blog2\/#\/schema\/logo\/image\/","url":"http:\/\/blog.ninamartinelli.com.br\/wp-content\/uploads\/2022\/03\/logo_nina_blog.png","contentUrl":"http:\/\/blog.ninamartinelli.com.br\/wp-content\/uploads\/2022\/03\/logo_nina_blog.png","width":500,"height":104,"caption":"Blog Novidades"},"image":{"@id":"https:\/\/ninamartinelli.com.br\/blog2\/#\/schema\/logo\/image\/"}},{"@type":"Person","@id":"https:\/\/ninamartinelli.com.br\/blog2\/#\/schema\/person\/43fbfb1d4cbe3b472995206b2bb06df5","name":"Ana Maria Devides","image":{"@type":"ImageObject","inLanguage":"pt-BR","@id":"https:\/\/ninamartinelli.com.br\/blog2\/#\/schema\/person\/image\/","url":"https:\/\/secure.gravatar.com\/avatar\/a03a82675d8bb3da8e5c5a6872db97be?s=96&d=mm&r=g","contentUrl":"https:\/\/secure.gravatar.com\/avatar\/a03a82675d8bb3da8e5c5a6872db97be?s=96&d=mm&r=g","caption":"Ana Maria Devides"},"url":"https:\/\/ninamartinelli.com.br\/blog2\/author\/assessoria-nina-martinelli\/"}]}},"_links":{"self":[{"href":"https:\/\/ninamartinelli.com.br\/blog2\/wp-json\/wp\/v2\/posts\/2923","targetHints":{"allow":["GET"]}}],"collection":[{"href":"https:\/\/ninamartinelli.com.br\/blog2\/wp-json\/wp\/v2\/posts"}],"about":[{"href":"https:\/\/ninamartinelli.com.br\/blog2\/wp-json\/wp\/v2\/types\/post"}],"author":[{"embeddable":true,"href":"https:\/\/ninamartinelli.com.br\/blog2\/wp-json\/wp\/v2\/users\/2"}],"replies":[{"embeddable":true,"href":"https:\/\/ninamartinelli.com.br\/blog2\/wp-json\/wp\/v2\/comments?post=2923"}],"version-history":[{"count":3,"href":"https:\/\/ninamartinelli.com.br\/blog2\/wp-json\/wp\/v2\/posts\/2923\/revisions"}],"predecessor-version":[{"id":2933,"href":"https:\/\/ninamartinelli.com.br\/blog2\/wp-json\/wp\/v2\/posts\/2923\/revisions\/2933"}],"wp:featuredmedia":[{"embeddable":true,"href":"https:\/\/ninamartinelli.com.br\/blog2\/wp-json\/wp\/v2\/media\/2924"}],"wp:attachment":[{"href":"https:\/\/ninamartinelli.com.br\/blog2\/wp-json\/wp\/v2\/media?parent=2923"}],"wp:term":[{"taxonomy":"category","embeddable":true,"href":"https:\/\/ninamartinelli.com.br\/blog2\/wp-json\/wp\/v2\/categories?post=2923"},{"taxonomy":"post_tag","embeddable":true,"href":"https:\/\/ninamartinelli.com.br\/blog2\/wp-json\/wp\/v2\/tags?post=2923"}],"curies":[{"name":"wp","href":"https:\/\/api.w.org\/{rel}","templated":true}]}}