{"id":2910,"date":"2025-09-03T08:30:20","date_gmt":"2025-09-03T11:30:20","guid":{"rendered":"https:\/\/ninamartinelli.com.br\/blog2\/?p=2910"},"modified":"2025-09-02T09:14:47","modified_gmt":"2025-09-02T12:14:47","slug":"casacor-ribeirao-preto-2025-na-sala-do-escritor-augusto-cury-e-no-lavabo-zen-tres-produtos-nina-convertem-sofisticacao-em-sensibilidade","status":"publish","type":"post","link":"https:\/\/ninamartinelli.com.br\/blog2\/casacor-ribeirao-preto-2025-na-sala-do-escritor-augusto-cury-e-no-lavabo-zen-tres-produtos-nina-convertem-sofisticacao-em-sensibilidade\/","title":{"rendered":"CASACOR Ribeir\u00e3o Preto 2025- Na Sala do Escritor Augusto Cury e no Lavabo Zen, tr\u00eas produtos Nina convertem sofistica\u00e7\u00e3o em sensibilidade"},"content":{"rendered":"<p><strong>CASACOR Ribeir\u00e3o Preto 2025<\/strong> &#8211; Na efervescente edi\u00e7\u00e3o de <a href=\"https:\/\/appcasacor.com.br\/events\/ribeirao-preto-2025?utm_source=google&amp;utm_medium=cpc&amp;utm_campaign=ddl-casacorrp2025-conversao-google&amp;utm_term=ribeiraopreto&amp;utm_content=googlesearch&amp;gad_source=1&amp;gad_campaignid=22904518450&amp;gbraid=0AAAABAmi4OOJu13OQAjg2xywkRrrmMLLt&amp;gclid=CjwKCAjwq9rFBhAIEiwAGVAZPw6YROwyvvQsf_aZ6PTspE0NYXa_6wH-y986lx62wyRBjn8cQafQLBoChsEQAvD_BwE\">CASACOR Ribeir\u00e3o Preto 2025<\/a>, a arquiteta Rose Kumayama, \u00e0 frente do <a href=\"https:\/\/www.instagram.com\/rkarchitecture.co\/\">RK Architecture Company<\/a>, nos entrega n\u00e3o meros ambientes, mas verdadeiros universos sensoriais.<\/p>\n<p>Omamori, a Sala do Escritor <a href=\"https:\/\/www.instagram.com\/augustocury\/\">Augusto Cury<\/a> e o Lavabo Zen s\u00e3o convites delicados para a introspec\u00e7\u00e3o, o afeto e a inspira\u00e7\u00e3o \u2014 espa\u00e7os onde a arquitetura respira poesia. E, neles, tr\u00eas produtos da Nina Martinelli enriquecem um acervo de talento, t\u00e9cnica e muita sensibilidade.<\/p>\n<p><strong>Omamori \u2013 Ref\u00fagio, cuidado e prote\u00e7\u00e3o<\/strong><\/p>\n<p>Imagine um espa\u00e7o onde a madeira aquece os sentidos, onde o bambuzal e o espelho d\u2019\u00e1gua se unem para criar uma sinfonia natural. \u00c9 nesse santu\u00e1rio que a arquitetura de Rose se expande, tornando-se abra\u00e7o, acolhimento, amuleto.<\/p>\n<p>O revestimento <a href=\"https:\/\/ninamartinelli.com.br\/produtos\/due-vecchio-anciano-bianco-4x115-2\/\">Due Vecchio Anciano Bianco 4\u00d711,5 cm<\/a> \u2014 pe\u00e7a central da Nina Martinelli aqui \u2014 revela toda sua eleg\u00e2ncia e profundidade. Feito em cer\u00e2mica natural submetida a um processo duplo de queima e corros\u00e3o controlada, sua superf\u00edcie \u00fanica confere leveza e proximidade ao mesmo tempo, une for\u00e7a e leveza em uma sedu\u00e7\u00e3o visual e sensorial que dialoga com a arte e inspira a palavra.<\/p>\n<p><img loading=\"lazy\" decoding=\"async\" class=\"alignnone  wp-image-2912\" src=\"https:\/\/ninamartinelli.com.br\/blog2\/wp-content\/uploads\/2025\/09\/rose-1-169x300.jpg\" alt=\"\" width=\"247\" height=\"438\" srcset=\"https:\/\/ninamartinelli.com.br\/blog2\/wp-content\/uploads\/2025\/09\/rose-1-169x300.jpg 169w, https:\/\/ninamartinelli.com.br\/blog2\/wp-content\/uploads\/2025\/09\/rose-1-576x1024.jpg 576w, https:\/\/ninamartinelli.com.br\/blog2\/wp-content\/uploads\/2025\/09\/rose-1-768x1365.jpg 768w, https:\/\/ninamartinelli.com.br\/blog2\/wp-content\/uploads\/2025\/09\/rose-1-864x1536.jpg 864w, https:\/\/ninamartinelli.com.br\/blog2\/wp-content\/uploads\/2025\/09\/rose-1-1024x1820.jpg 1024w, https:\/\/ninamartinelli.com.br\/blog2\/wp-content\/uploads\/2025\/09\/rose-1.jpg 1080w\" sizes=\"auto, (max-width: 247px) 100vw, 247px\" \/>\u00a0 \u00a0 \u00a0 \u00a0 \u00a0 \u00a0 \u00a0 \u00a0 \u00a0 \u00a0 \u00a0 \u00a0 \u00a0 \u00a0 \u00a0 <img loading=\"lazy\" decoding=\"async\" class=\"alignnone  wp-image-2913\" src=\"https:\/\/ninamartinelli.com.br\/blog2\/wp-content\/uploads\/2025\/09\/rose-2-169x300.jpg\" alt=\"\" width=\"246\" height=\"437\" srcset=\"https:\/\/ninamartinelli.com.br\/blog2\/wp-content\/uploads\/2025\/09\/rose-2-169x300.jpg 169w, https:\/\/ninamartinelli.com.br\/blog2\/wp-content\/uploads\/2025\/09\/rose-2-576x1024.jpg 576w, https:\/\/ninamartinelli.com.br\/blog2\/wp-content\/uploads\/2025\/09\/rose-2-768x1365.jpg 768w, https:\/\/ninamartinelli.com.br\/blog2\/wp-content\/uploads\/2025\/09\/rose-2-864x1536.jpg 864w, https:\/\/ninamartinelli.com.br\/blog2\/wp-content\/uploads\/2025\/09\/rose-2-1024x1820.jpg 1024w, https:\/\/ninamartinelli.com.br\/blog2\/wp-content\/uploads\/2025\/09\/rose-2.jpg 1080w\" sizes=\"auto, (max-width: 246px) 100vw, 246px\" \/><\/p>\n<p>Nesse ambiente, o revestimento transcende fun\u00e7\u00e3o e se torna obra: suas formas puras ressoam com o abstrato perfeito dos quadros de Kenji Fukuda \u2014 um eco arquitet\u00f4nico \u00e0 poesia visual.<\/p>\n<p>O Due Vecchio Anciano Bianco \u00e9 ponte entre a natureza interna e externa, transmitindo prote\u00e7\u00e3o e serenidade \u2014 da\u00ed o nome e conceito Omamori, t\u00e3o carregado de significado. Cada visitante se sente aben\u00e7oado, protegido, resgatado em afeto e poesia arquitet\u00f4nica.<\/p>\n<p><img loading=\"lazy\" decoding=\"async\" class=\"alignnone  wp-image-2914\" src=\"https:\/\/ninamartinelli.com.br\/blog2\/wp-content\/uploads\/2025\/09\/rose-7-169x300.jpg\" alt=\"\" width=\"268\" height=\"476\" srcset=\"https:\/\/ninamartinelli.com.br\/blog2\/wp-content\/uploads\/2025\/09\/rose-7-169x300.jpg 169w, https:\/\/ninamartinelli.com.br\/blog2\/wp-content\/uploads\/2025\/09\/rose-7-576x1024.jpg 576w, https:\/\/ninamartinelli.com.br\/blog2\/wp-content\/uploads\/2025\/09\/rose-7-768x1365.jpg 768w, https:\/\/ninamartinelli.com.br\/blog2\/wp-content\/uploads\/2025\/09\/rose-7-864x1536.jpg 864w, https:\/\/ninamartinelli.com.br\/blog2\/wp-content\/uploads\/2025\/09\/rose-7-1024x1820.jpg 1024w, https:\/\/ninamartinelli.com.br\/blog2\/wp-content\/uploads\/2025\/09\/rose-7.bmp 1080w\" sizes=\"auto, (max-width: 268px) 100vw, 268px\" \/>\u00a0 \u00a0 \u00a0 \u00a0 \u00a0 \u00a0 \u00a0 \u00a0 \u00a0 \u00a0 \u00a0 \u00a0 \u00a0 \u00a0 \u00a0 <img loading=\"lazy\" decoding=\"async\" class=\"alignnone  wp-image-2915\" src=\"https:\/\/ninamartinelli.com.br\/blog2\/wp-content\/uploads\/2025\/09\/rose-8-169x300.jpg\" alt=\"\" width=\"267\" height=\"474\" srcset=\"https:\/\/ninamartinelli.com.br\/blog2\/wp-content\/uploads\/2025\/09\/rose-8-169x300.jpg 169w, https:\/\/ninamartinelli.com.br\/blog2\/wp-content\/uploads\/2025\/09\/rose-8-576x1024.jpg 576w, https:\/\/ninamartinelli.com.br\/blog2\/wp-content\/uploads\/2025\/09\/rose-8-768x1365.jpg 768w, https:\/\/ninamartinelli.com.br\/blog2\/wp-content\/uploads\/2025\/09\/rose-8-864x1536.jpg 864w, https:\/\/ninamartinelli.com.br\/blog2\/wp-content\/uploads\/2025\/09\/rose-8-1024x1820.jpg 1024w, https:\/\/ninamartinelli.com.br\/blog2\/wp-content\/uploads\/2025\/09\/rose-8.jpg 1080w\" sizes=\"auto, (max-width: 267px) 100vw, 267px\" \/><\/p>\n<p>&nbsp;<\/p>\n<p><strong>Lavabo Zen \u2013 A travessia sagrada do Ukihashi<\/strong><\/p>\n<p>Se Omamori \u00e9 acolhida, o Lavabo Zen \u00e9 travessia \u2014 Ukihashi, ponte sagrada entre o sonhar e o realizar, cen\u00e1rio de sil\u00eancio, coragem e paz. E nesse espa\u00e7o, destacam-se com delicadeza e prop\u00f3sito mais dois produtos da Nina, o <a href=\"https:\/\/ninamartinelli.com.br\/produtos\/cobogo-rarus-bianco-2\/\">Cobog\u00f3 Rarus<\/a> e o Frazione Bianco 3,55x22cm.<\/p>\n<p>O Cobog\u00f3 Rarus Bianco \u00e9 um elemento arquitet\u00f4nico que transforma luz em pintura viva. Inspirado no cubismo, com formas geom\u00e9tricas retas, esse cobog\u00f3 permite a entrada de luz e ventila\u00e7\u00e3o natural, al\u00e9m de criar sombras que se entrela\u00e7am com os raios do p\u00f4r do sol \u2014 uma verdadeira obra de arte projetada.<\/p>\n<p>J\u00e1 <a href=\"https:\/\/ninamartinelli.com.br\/produtos\/frazione-bianco-35x22-2\/\">o Frazione Bianco 3,55\u00d722 cm<\/a>, tem as superf\u00edcies r\u00fasticas que estruturam os cantos arredondados do lavabo, simulando colunas suaves, que dialogam com uma bancada de madeira r\u00fastica, conferindo aconchego e harmonia t\u00e1til ao ambiente.<\/p>\n<p>No conjunto, o lavabo se torna um instante sagrado de pausa, uma ponte entre etapas da vida, onde o revestimento da Nina Martinelli \u00e9 voz silenciosa em di\u00e1logo com a luz e a mat\u00e9ria.<\/p>\n<p><img loading=\"lazy\" decoding=\"async\" class=\"alignnone  wp-image-2916\" src=\"https:\/\/ninamartinelli.com.br\/blog2\/wp-content\/uploads\/2025\/09\/rose-3-169x300.jpg\" alt=\"\" width=\"242\" height=\"430\" srcset=\"https:\/\/ninamartinelli.com.br\/blog2\/wp-content\/uploads\/2025\/09\/rose-3-169x300.jpg 169w, https:\/\/ninamartinelli.com.br\/blog2\/wp-content\/uploads\/2025\/09\/rose-3-576x1024.jpg 576w, https:\/\/ninamartinelli.com.br\/blog2\/wp-content\/uploads\/2025\/09\/rose-3-768x1365.jpg 768w, https:\/\/ninamartinelli.com.br\/blog2\/wp-content\/uploads\/2025\/09\/rose-3-864x1536.jpg 864w, https:\/\/ninamartinelli.com.br\/blog2\/wp-content\/uploads\/2025\/09\/rose-3-1024x1820.jpg 1024w, https:\/\/ninamartinelli.com.br\/blog2\/wp-content\/uploads\/2025\/09\/rose-3.jpg 1080w\" sizes=\"auto, (max-width: 242px) 100vw, 242px\" \/>\u00a0 \u00a0 \u00a0 \u00a0 \u00a0 \u00a0 \u00a0 \u00a0 \u00a0 \u00a0 \u00a0 \u00a0 \u00a0 \u00a0 \u00a0 <img loading=\"lazy\" decoding=\"async\" class=\"alignnone  wp-image-2917\" src=\"https:\/\/ninamartinelli.com.br\/blog2\/wp-content\/uploads\/2025\/09\/rose-4-169x300.jpg\" alt=\"\" width=\"242\" height=\"430\" srcset=\"https:\/\/ninamartinelli.com.br\/blog2\/wp-content\/uploads\/2025\/09\/rose-4-169x300.jpg 169w, https:\/\/ninamartinelli.com.br\/blog2\/wp-content\/uploads\/2025\/09\/rose-4-576x1024.jpg 576w, https:\/\/ninamartinelli.com.br\/blog2\/wp-content\/uploads\/2025\/09\/rose-4-768x1365.jpg 768w, https:\/\/ninamartinelli.com.br\/blog2\/wp-content\/uploads\/2025\/09\/rose-4-864x1536.jpg 864w, https:\/\/ninamartinelli.com.br\/blog2\/wp-content\/uploads\/2025\/09\/rose-4-1024x1820.jpg 1024w, https:\/\/ninamartinelli.com.br\/blog2\/wp-content\/uploads\/2025\/09\/rose-4.jpg 1080w\" sizes=\"auto, (max-width: 242px) 100vw, 242px\" \/><\/p>\n<p><strong>Sofistica\u00e7\u00e3o que acolhe<\/strong><\/p>\n<p>Rose Kumayama define o resultado com precis\u00e3o: \u201cOs produtos trouxeram sofistica\u00e7\u00e3o e beleza, al\u00e9m de transmitir afago, afeto e abra\u00e7o.\u201d Quando aplicados com precis\u00e3o emotiva e est\u00e9tica, os revestimentos da Nina n\u00e3o s\u00f3 decoram: transmitem, envolvem, inspiram.<\/p>\n<p><img loading=\"lazy\" decoding=\"async\" class=\"alignnone  wp-image-2918\" src=\"https:\/\/ninamartinelli.com.br\/blog2\/wp-content\/uploads\/2025\/09\/rose-5-169x300.jpg\" alt=\"\" width=\"234\" height=\"415\" srcset=\"https:\/\/ninamartinelli.com.br\/blog2\/wp-content\/uploads\/2025\/09\/rose-5-169x300.jpg 169w, https:\/\/ninamartinelli.com.br\/blog2\/wp-content\/uploads\/2025\/09\/rose-5-576x1024.jpg 576w, https:\/\/ninamartinelli.com.br\/blog2\/wp-content\/uploads\/2025\/09\/rose-5-768x1365.jpg 768w, https:\/\/ninamartinelli.com.br\/blog2\/wp-content\/uploads\/2025\/09\/rose-5-864x1536.jpg 864w, https:\/\/ninamartinelli.com.br\/blog2\/wp-content\/uploads\/2025\/09\/rose-5-1024x1820.jpg 1024w, https:\/\/ninamartinelli.com.br\/blog2\/wp-content\/uploads\/2025\/09\/rose-5.jpg 1080w\" sizes=\"auto, (max-width: 234px) 100vw, 234px\" \/>\u00a0 \u00a0 \u00a0 \u00a0 \u00a0 \u00a0 \u00a0 \u00a0 \u00a0 \u00a0 \u00a0 \u00a0 \u00a0 \u00a0 \u00a0 \u00a0 \u00a0 \u00a0 \u00a0 \u00a0 <img loading=\"lazy\" decoding=\"async\" class=\"alignnone  wp-image-2919\" src=\"https:\/\/ninamartinelli.com.br\/blog2\/wp-content\/uploads\/2025\/09\/rose-6-169x300.jpg\" alt=\"\" width=\"233\" height=\"414\" srcset=\"https:\/\/ninamartinelli.com.br\/blog2\/wp-content\/uploads\/2025\/09\/rose-6-169x300.jpg 169w, https:\/\/ninamartinelli.com.br\/blog2\/wp-content\/uploads\/2025\/09\/rose-6.jpg 337w\" sizes=\"auto, (max-width: 233px) 100vw, 233px\" \/><\/p>\n<p>O pr\u00f3prio escritor Augusto Cury, que fez uma visita especial ao ambiente em sua homenagem e autografou livros no espa\u00e7o, definiu Rose como \u2018poetisa da arquitetura\u2019 e afirmou que em toda a sua longa carreira nunca teve um escrit\u00f3rio t\u00e3o belo e acolhedor.<\/p>\n<p>Por tudo isso, em Omamori, o Due Vecchio Anciano Bianco \u00e9 como um verso visual, leve e forte. No Lavabo Zen, o Cobog\u00f3 Rarus e o Frazione Bianco transformam o espa\u00e7o em pintura, escultura e poesia \u2014 manifestando a ess\u00eancia de Ukihashi.<\/p>\n<p>E na CASACOR Ribeir\u00e3o Preto 2025, mostra na qual Nina Martinelli est\u00e1 em oito ambientes, fica claro: quando algo \u00e9 \u201cFeito por Pessoas, Para Pessoas\u201d, o resultado transcende a est\u00e9tica. Torna-se humano, belo e inesquec\u00edvel.<\/p>\n<p>N\u00e3o se esque\u00e7a de agendar sua visita e tamb\u00e9m de conhecer melhor esse e outros produtos da Nina Martinelli no site <a href=\"http:\/\/www.ninamartinelli.com.br\">www.ninamartinelli.com.br<\/a><\/p>\n<p>&nbsp;<\/p>\n<p><strong>Servi\u00e7o<\/strong><\/p>\n<p><strong>CASACOR Ribeir\u00e3o Preto 2025 \u2013 Sala do Escritor Augusto Cury e Lavabo Zen<\/strong><\/p>\n<p><strong>Produtos: <\/strong><\/p>\n<p><strong>Sala do Escritor<\/strong> \u2013 Due Vecchio Anciano Bianco 4&#215;11,5cm<\/p>\n<p><strong>Lavabo Zen<\/strong> \u2013 Cobog\u00f3 Rarus Bianco e Frazione Bianco 3,55cmx22cm<\/p>\n<p><strong>Projeto:<\/strong> Rose Kumayama \u2013 RK Architecture<\/p>\n<p><strong>Instagram:<\/strong> @arq.rosekumayma e @rkarchitecture.co<\/p>\n<p><strong>Site Oficial<\/strong>: rosekumayama.com.br<\/p>\n<p><strong>Imagens:<\/strong> acervo da arquiteta<\/p>\n<p>A mostra acontece na Avenida Anhanguera, 790 &#8211; Alto da Boa Vista<\/p>\n<p>At\u00e9\u00a012\/10\/2025<\/p>\n","protected":false},"excerpt":{"rendered":"<p>CASACOR Ribeir\u00e3o Preto 2025 &#8211; Na efervescente edi\u00e7\u00e3o de CASACOR Ribeir\u00e3o Preto 2025, a arquiteta<\/p>\n","protected":false},"author":2,"featured_media":2911,"comment_status":"open","ping_status":"open","sticky":false,"template":"","format":"standard","meta":{"footnotes":""},"categories":[27,42,178,1,21,26,129],"tags":[130,111,24,46,91,131],"class_list":["post-2910","post","type-post","status-publish","format-standard","has-post-thumbnail","hentry","category-casa-cor","category-colezione-cobogo","category-lancamentos-2025","category-nina-martinelli","category-pisos","category-revestimentos","category-sustentabilidade","tag-casa-cor-ribeirao-preto","tag-lavabo","tag-piso","tag-revestimento","tag-sala","tag-sustentabilidade"],"yoast_head":"<!-- This site is optimized with the Yoast SEO plugin v26.8 - https:\/\/yoast.com\/product\/yoast-seo-wordpress\/ -->\n<title>CASACOR Ribeir\u00e3o Preto 2025- Na Sala do Escritor Augusto Cury e no Lavabo Zen, tr\u00eas produtos Nina convertem sofistica\u00e7\u00e3o em sensibilidade - Blog Nina<\/title>\n<meta name=\"description\" content=\"CASACOR Ribeir\u00e3o Preto 2025 - O escritor Augusto Cury \u00e9 homenageado com uma sala na mostra, e tamb\u00e9m num lavabo, 3 produtos Nina s\u00e3o sucesso\" \/>\n<meta name=\"robots\" content=\"index, follow, max-snippet:-1, max-image-preview:large, max-video-preview:-1\" \/>\n<link rel=\"canonical\" href=\"https:\/\/ninamartinelli.com.br\/blog2\/casacor-ribeirao-preto-2025-na-sala-do-escritor-augusto-cury-e-no-lavabo-zen-tres-produtos-nina-convertem-sofisticacao-em-sensibilidade\/\" \/>\n<meta property=\"og:locale\" content=\"pt_BR\" \/>\n<meta property=\"og:type\" content=\"article\" \/>\n<meta property=\"og:title\" content=\"CASACOR Ribeir\u00e3o Preto 2025- Na Sala do Escritor Augusto Cury e no Lavabo Zen, tr\u00eas produtos Nina convertem sofistica\u00e7\u00e3o em sensibilidade - Blog Nina\" \/>\n<meta property=\"og:description\" content=\"CASACOR Ribeir\u00e3o Preto 2025 - O escritor Augusto Cury \u00e9 homenageado com uma sala na mostra, e tamb\u00e9m num lavabo, 3 produtos Nina s\u00e3o sucesso\" \/>\n<meta property=\"og:url\" content=\"https:\/\/ninamartinelli.com.br\/blog2\/casacor-ribeirao-preto-2025-na-sala-do-escritor-augusto-cury-e-no-lavabo-zen-tres-produtos-nina-convertem-sofisticacao-em-sensibilidade\/\" \/>\n<meta property=\"og:site_name\" content=\"Blog Nina\" \/>\n<meta property=\"article:published_time\" content=\"2025-09-03T11:30:20+00:00\" \/>\n<meta property=\"og:image\" content=\"https:\/\/ninamartinelli.com.br\/blog2\/wp-content\/uploads\/2025\/09\/rose-capa.jpg\" \/>\n\t<meta property=\"og:image:width\" content=\"1080\" \/>\n\t<meta property=\"og:image:height\" content=\"1920\" \/>\n\t<meta property=\"og:image:type\" content=\"image\/jpeg\" \/>\n<meta name=\"author\" content=\"Ana Maria Devides\" \/>\n<meta name=\"twitter:card\" content=\"summary_large_image\" \/>\n<meta name=\"twitter:label1\" content=\"Escrito por\" \/>\n\t<meta name=\"twitter:data1\" content=\"Ana Maria Devides\" \/>\n\t<meta name=\"twitter:label2\" content=\"Est. tempo de leitura\" \/>\n\t<meta name=\"twitter:data2\" content=\"6 minutos\" \/>\n<script type=\"application\/ld+json\" class=\"yoast-schema-graph\">{\"@context\":\"https:\/\/schema.org\",\"@graph\":[{\"@type\":\"Article\",\"@id\":\"https:\/\/ninamartinelli.com.br\/blog2\/casacor-ribeirao-preto-2025-na-sala-do-escritor-augusto-cury-e-no-lavabo-zen-tres-produtos-nina-convertem-sofisticacao-em-sensibilidade\/#article\",\"isPartOf\":{\"@id\":\"https:\/\/ninamartinelli.com.br\/blog2\/casacor-ribeirao-preto-2025-na-sala-do-escritor-augusto-cury-e-no-lavabo-zen-tres-produtos-nina-convertem-sofisticacao-em-sensibilidade\/\"},\"author\":{\"name\":\"Ana Maria Devides\",\"@id\":\"https:\/\/ninamartinelli.com.br\/blog2\/#\/schema\/person\/43fbfb1d4cbe3b472995206b2bb06df5\"},\"headline\":\"CASACOR Ribeir\u00e3o Preto 2025- Na Sala do Escritor Augusto Cury e no Lavabo Zen, tr\u00eas produtos Nina convertem sofistica\u00e7\u00e3o em sensibilidade\",\"datePublished\":\"2025-09-03T11:30:20+00:00\",\"mainEntityOfPage\":{\"@id\":\"https:\/\/ninamartinelli.com.br\/blog2\/casacor-ribeirao-preto-2025-na-sala-do-escritor-augusto-cury-e-no-lavabo-zen-tres-produtos-nina-convertem-sofisticacao-em-sensibilidade\/\"},\"wordCount\":748,\"commentCount\":0,\"publisher\":{\"@id\":\"https:\/\/ninamartinelli.com.br\/blog2\/#organization\"},\"image\":{\"@id\":\"https:\/\/ninamartinelli.com.br\/blog2\/casacor-ribeirao-preto-2025-na-sala-do-escritor-augusto-cury-e-no-lavabo-zen-tres-produtos-nina-convertem-sofisticacao-em-sensibilidade\/#primaryimage\"},\"thumbnailUrl\":\"https:\/\/ninamartinelli.com.br\/blog2\/wp-content\/uploads\/2025\/09\/rose-capa.jpg\",\"keywords\":[\"Casa Cor Ribeir\u00e3o Preto\",\"lavabo\",\"piso\",\"revestimento\",\"sala\",\"Sustentabilidade\"],\"articleSection\":[\"CASA COR\",\"Colezione Cobog\u00f3\",\"LAN\u00c7AMENTOS 2025\",\"Nina Martinelli\",\"Pisos\",\"Revestimentos\",\"Sustentabilidade\"],\"inLanguage\":\"pt-BR\",\"potentialAction\":[{\"@type\":\"CommentAction\",\"name\":\"Comment\",\"target\":[\"https:\/\/ninamartinelli.com.br\/blog2\/casacor-ribeirao-preto-2025-na-sala-do-escritor-augusto-cury-e-no-lavabo-zen-tres-produtos-nina-convertem-sofisticacao-em-sensibilidade\/#respond\"]}]},{\"@type\":\"WebPage\",\"@id\":\"https:\/\/ninamartinelli.com.br\/blog2\/casacor-ribeirao-preto-2025-na-sala-do-escritor-augusto-cury-e-no-lavabo-zen-tres-produtos-nina-convertem-sofisticacao-em-sensibilidade\/\",\"url\":\"https:\/\/ninamartinelli.com.br\/blog2\/casacor-ribeirao-preto-2025-na-sala-do-escritor-augusto-cury-e-no-lavabo-zen-tres-produtos-nina-convertem-sofisticacao-em-sensibilidade\/\",\"name\":\"CASACOR Ribeir\u00e3o Preto 2025- Na Sala do Escritor Augusto Cury e no Lavabo Zen, tr\u00eas produtos Nina convertem sofistica\u00e7\u00e3o em sensibilidade - Blog Nina\",\"isPartOf\":{\"@id\":\"https:\/\/ninamartinelli.com.br\/blog2\/#website\"},\"primaryImageOfPage\":{\"@id\":\"https:\/\/ninamartinelli.com.br\/blog2\/casacor-ribeirao-preto-2025-na-sala-do-escritor-augusto-cury-e-no-lavabo-zen-tres-produtos-nina-convertem-sofisticacao-em-sensibilidade\/#primaryimage\"},\"image\":{\"@id\":\"https:\/\/ninamartinelli.com.br\/blog2\/casacor-ribeirao-preto-2025-na-sala-do-escritor-augusto-cury-e-no-lavabo-zen-tres-produtos-nina-convertem-sofisticacao-em-sensibilidade\/#primaryimage\"},\"thumbnailUrl\":\"https:\/\/ninamartinelli.com.br\/blog2\/wp-content\/uploads\/2025\/09\/rose-capa.jpg\",\"datePublished\":\"2025-09-03T11:30:20+00:00\",\"description\":\"CASACOR Ribeir\u00e3o Preto 2025 - O escritor Augusto Cury \u00e9 homenageado com uma sala na mostra, e tamb\u00e9m num lavabo, 3 produtos Nina s\u00e3o sucesso\",\"breadcrumb\":{\"@id\":\"https:\/\/ninamartinelli.com.br\/blog2\/casacor-ribeirao-preto-2025-na-sala-do-escritor-augusto-cury-e-no-lavabo-zen-tres-produtos-nina-convertem-sofisticacao-em-sensibilidade\/#breadcrumb\"},\"inLanguage\":\"pt-BR\",\"potentialAction\":[{\"@type\":\"ReadAction\",\"target\":[\"https:\/\/ninamartinelli.com.br\/blog2\/casacor-ribeirao-preto-2025-na-sala-do-escritor-augusto-cury-e-no-lavabo-zen-tres-produtos-nina-convertem-sofisticacao-em-sensibilidade\/\"]}]},{\"@type\":\"ImageObject\",\"inLanguage\":\"pt-BR\",\"@id\":\"https:\/\/ninamartinelli.com.br\/blog2\/casacor-ribeirao-preto-2025-na-sala-do-escritor-augusto-cury-e-no-lavabo-zen-tres-produtos-nina-convertem-sofisticacao-em-sensibilidade\/#primaryimage\",\"url\":\"https:\/\/ninamartinelli.com.br\/blog2\/wp-content\/uploads\/2025\/09\/rose-capa.jpg\",\"contentUrl\":\"https:\/\/ninamartinelli.com.br\/blog2\/wp-content\/uploads\/2025\/09\/rose-capa.jpg\",\"width\":1080,\"height\":1920},{\"@type\":\"BreadcrumbList\",\"@id\":\"https:\/\/ninamartinelli.com.br\/blog2\/casacor-ribeirao-preto-2025-na-sala-do-escritor-augusto-cury-e-no-lavabo-zen-tres-produtos-nina-convertem-sofisticacao-em-sensibilidade\/#breadcrumb\",\"itemListElement\":[{\"@type\":\"ListItem\",\"position\":1,\"name\":\"In\u00edcio\",\"item\":\"https:\/\/ninamartinelli.com.br\/blog2\/\"},{\"@type\":\"ListItem\",\"position\":2,\"name\":\"CASACOR Ribeir\u00e3o Preto 2025- Na Sala do Escritor Augusto Cury e no Lavabo Zen, tr\u00eas produtos Nina convertem sofistica\u00e7\u00e3o em sensibilidade\"}]},{\"@type\":\"WebSite\",\"@id\":\"https:\/\/ninamartinelli.com.br\/blog2\/#website\",\"url\":\"https:\/\/ninamartinelli.com.br\/blog2\/\",\"name\":\"Nina Martinelli\",\"description\":\"#Nina_Martinelli\",\"publisher\":{\"@id\":\"https:\/\/ninamartinelli.com.br\/blog2\/#organization\"},\"potentialAction\":[{\"@type\":\"SearchAction\",\"target\":{\"@type\":\"EntryPoint\",\"urlTemplate\":\"https:\/\/ninamartinelli.com.br\/blog2\/?s={search_term_string}\"},\"query-input\":{\"@type\":\"PropertyValueSpecification\",\"valueRequired\":true,\"valueName\":\"search_term_string\"}}],\"inLanguage\":\"pt-BR\"},{\"@type\":\"Organization\",\"@id\":\"https:\/\/ninamartinelli.com.br\/blog2\/#organization\",\"name\":\"Blog Novidades\",\"url\":\"https:\/\/ninamartinelli.com.br\/blog2\/\",\"logo\":{\"@type\":\"ImageObject\",\"inLanguage\":\"pt-BR\",\"@id\":\"https:\/\/ninamartinelli.com.br\/blog2\/#\/schema\/logo\/image\/\",\"url\":\"http:\/\/blog.ninamartinelli.com.br\/wp-content\/uploads\/2022\/03\/logo_nina_blog.png\",\"contentUrl\":\"http:\/\/blog.ninamartinelli.com.br\/wp-content\/uploads\/2022\/03\/logo_nina_blog.png\",\"width\":500,\"height\":104,\"caption\":\"Blog Novidades\"},\"image\":{\"@id\":\"https:\/\/ninamartinelli.com.br\/blog2\/#\/schema\/logo\/image\/\"}},{\"@type\":\"Person\",\"@id\":\"https:\/\/ninamartinelli.com.br\/blog2\/#\/schema\/person\/43fbfb1d4cbe3b472995206b2bb06df5\",\"name\":\"Ana Maria Devides\",\"image\":{\"@type\":\"ImageObject\",\"inLanguage\":\"pt-BR\",\"@id\":\"https:\/\/ninamartinelli.com.br\/blog2\/#\/schema\/person\/image\/\",\"url\":\"https:\/\/secure.gravatar.com\/avatar\/a03a82675d8bb3da8e5c5a6872db97be?s=96&d=mm&r=g\",\"contentUrl\":\"https:\/\/secure.gravatar.com\/avatar\/a03a82675d8bb3da8e5c5a6872db97be?s=96&d=mm&r=g\",\"caption\":\"Ana Maria Devides\"},\"url\":\"https:\/\/ninamartinelli.com.br\/blog2\/author\/assessoria-nina-martinelli\/\"}]}<\/script>\n<!-- \/ Yoast SEO plugin. -->","yoast_head_json":{"title":"CASACOR Ribeir\u00e3o Preto 2025- Na Sala do Escritor Augusto Cury e no Lavabo Zen, tr\u00eas produtos Nina convertem sofistica\u00e7\u00e3o em sensibilidade - Blog Nina","description":"CASACOR Ribeir\u00e3o Preto 2025 - O escritor Augusto Cury \u00e9 homenageado com uma sala na mostra, e tamb\u00e9m num lavabo, 3 produtos Nina s\u00e3o sucesso","robots":{"index":"index","follow":"follow","max-snippet":"max-snippet:-1","max-image-preview":"max-image-preview:large","max-video-preview":"max-video-preview:-1"},"canonical":"https:\/\/ninamartinelli.com.br\/blog2\/casacor-ribeirao-preto-2025-na-sala-do-escritor-augusto-cury-e-no-lavabo-zen-tres-produtos-nina-convertem-sofisticacao-em-sensibilidade\/","og_locale":"pt_BR","og_type":"article","og_title":"CASACOR Ribeir\u00e3o Preto 2025- Na Sala do Escritor Augusto Cury e no Lavabo Zen, tr\u00eas produtos Nina convertem sofistica\u00e7\u00e3o em sensibilidade - Blog Nina","og_description":"CASACOR Ribeir\u00e3o Preto 2025 - O escritor Augusto Cury \u00e9 homenageado com uma sala na mostra, e tamb\u00e9m num lavabo, 3 produtos Nina s\u00e3o sucesso","og_url":"https:\/\/ninamartinelli.com.br\/blog2\/casacor-ribeirao-preto-2025-na-sala-do-escritor-augusto-cury-e-no-lavabo-zen-tres-produtos-nina-convertem-sofisticacao-em-sensibilidade\/","og_site_name":"Blog Nina","article_published_time":"2025-09-03T11:30:20+00:00","og_image":[{"width":1080,"height":1920,"url":"https:\/\/ninamartinelli.com.br\/blog2\/wp-content\/uploads\/2025\/09\/rose-capa.jpg","type":"image\/jpeg"}],"author":"Ana Maria Devides","twitter_card":"summary_large_image","twitter_misc":{"Escrito por":"Ana Maria Devides","Est. tempo de leitura":"6 minutos"},"schema":{"@context":"https:\/\/schema.org","@graph":[{"@type":"Article","@id":"https:\/\/ninamartinelli.com.br\/blog2\/casacor-ribeirao-preto-2025-na-sala-do-escritor-augusto-cury-e-no-lavabo-zen-tres-produtos-nina-convertem-sofisticacao-em-sensibilidade\/#article","isPartOf":{"@id":"https:\/\/ninamartinelli.com.br\/blog2\/casacor-ribeirao-preto-2025-na-sala-do-escritor-augusto-cury-e-no-lavabo-zen-tres-produtos-nina-convertem-sofisticacao-em-sensibilidade\/"},"author":{"name":"Ana Maria Devides","@id":"https:\/\/ninamartinelli.com.br\/blog2\/#\/schema\/person\/43fbfb1d4cbe3b472995206b2bb06df5"},"headline":"CASACOR Ribeir\u00e3o Preto 2025- Na Sala do Escritor Augusto Cury e no Lavabo Zen, tr\u00eas produtos Nina convertem sofistica\u00e7\u00e3o em sensibilidade","datePublished":"2025-09-03T11:30:20+00:00","mainEntityOfPage":{"@id":"https:\/\/ninamartinelli.com.br\/blog2\/casacor-ribeirao-preto-2025-na-sala-do-escritor-augusto-cury-e-no-lavabo-zen-tres-produtos-nina-convertem-sofisticacao-em-sensibilidade\/"},"wordCount":748,"commentCount":0,"publisher":{"@id":"https:\/\/ninamartinelli.com.br\/blog2\/#organization"},"image":{"@id":"https:\/\/ninamartinelli.com.br\/blog2\/casacor-ribeirao-preto-2025-na-sala-do-escritor-augusto-cury-e-no-lavabo-zen-tres-produtos-nina-convertem-sofisticacao-em-sensibilidade\/#primaryimage"},"thumbnailUrl":"https:\/\/ninamartinelli.com.br\/blog2\/wp-content\/uploads\/2025\/09\/rose-capa.jpg","keywords":["Casa Cor Ribeir\u00e3o Preto","lavabo","piso","revestimento","sala","Sustentabilidade"],"articleSection":["CASA COR","Colezione Cobog\u00f3","LAN\u00c7AMENTOS 2025","Nina Martinelli","Pisos","Revestimentos","Sustentabilidade"],"inLanguage":"pt-BR","potentialAction":[{"@type":"CommentAction","name":"Comment","target":["https:\/\/ninamartinelli.com.br\/blog2\/casacor-ribeirao-preto-2025-na-sala-do-escritor-augusto-cury-e-no-lavabo-zen-tres-produtos-nina-convertem-sofisticacao-em-sensibilidade\/#respond"]}]},{"@type":"WebPage","@id":"https:\/\/ninamartinelli.com.br\/blog2\/casacor-ribeirao-preto-2025-na-sala-do-escritor-augusto-cury-e-no-lavabo-zen-tres-produtos-nina-convertem-sofisticacao-em-sensibilidade\/","url":"https:\/\/ninamartinelli.com.br\/blog2\/casacor-ribeirao-preto-2025-na-sala-do-escritor-augusto-cury-e-no-lavabo-zen-tres-produtos-nina-convertem-sofisticacao-em-sensibilidade\/","name":"CASACOR Ribeir\u00e3o Preto 2025- Na Sala do Escritor Augusto Cury e no Lavabo Zen, tr\u00eas produtos Nina convertem sofistica\u00e7\u00e3o em sensibilidade - Blog Nina","isPartOf":{"@id":"https:\/\/ninamartinelli.com.br\/blog2\/#website"},"primaryImageOfPage":{"@id":"https:\/\/ninamartinelli.com.br\/blog2\/casacor-ribeirao-preto-2025-na-sala-do-escritor-augusto-cury-e-no-lavabo-zen-tres-produtos-nina-convertem-sofisticacao-em-sensibilidade\/#primaryimage"},"image":{"@id":"https:\/\/ninamartinelli.com.br\/blog2\/casacor-ribeirao-preto-2025-na-sala-do-escritor-augusto-cury-e-no-lavabo-zen-tres-produtos-nina-convertem-sofisticacao-em-sensibilidade\/#primaryimage"},"thumbnailUrl":"https:\/\/ninamartinelli.com.br\/blog2\/wp-content\/uploads\/2025\/09\/rose-capa.jpg","datePublished":"2025-09-03T11:30:20+00:00","description":"CASACOR Ribeir\u00e3o Preto 2025 - O escritor Augusto Cury \u00e9 homenageado com uma sala na mostra, e tamb\u00e9m num lavabo, 3 produtos Nina s\u00e3o sucesso","breadcrumb":{"@id":"https:\/\/ninamartinelli.com.br\/blog2\/casacor-ribeirao-preto-2025-na-sala-do-escritor-augusto-cury-e-no-lavabo-zen-tres-produtos-nina-convertem-sofisticacao-em-sensibilidade\/#breadcrumb"},"inLanguage":"pt-BR","potentialAction":[{"@type":"ReadAction","target":["https:\/\/ninamartinelli.com.br\/blog2\/casacor-ribeirao-preto-2025-na-sala-do-escritor-augusto-cury-e-no-lavabo-zen-tres-produtos-nina-convertem-sofisticacao-em-sensibilidade\/"]}]},{"@type":"ImageObject","inLanguage":"pt-BR","@id":"https:\/\/ninamartinelli.com.br\/blog2\/casacor-ribeirao-preto-2025-na-sala-do-escritor-augusto-cury-e-no-lavabo-zen-tres-produtos-nina-convertem-sofisticacao-em-sensibilidade\/#primaryimage","url":"https:\/\/ninamartinelli.com.br\/blog2\/wp-content\/uploads\/2025\/09\/rose-capa.jpg","contentUrl":"https:\/\/ninamartinelli.com.br\/blog2\/wp-content\/uploads\/2025\/09\/rose-capa.jpg","width":1080,"height":1920},{"@type":"BreadcrumbList","@id":"https:\/\/ninamartinelli.com.br\/blog2\/casacor-ribeirao-preto-2025-na-sala-do-escritor-augusto-cury-e-no-lavabo-zen-tres-produtos-nina-convertem-sofisticacao-em-sensibilidade\/#breadcrumb","itemListElement":[{"@type":"ListItem","position":1,"name":"In\u00edcio","item":"https:\/\/ninamartinelli.com.br\/blog2\/"},{"@type":"ListItem","position":2,"name":"CASACOR Ribeir\u00e3o Preto 2025- Na Sala do Escritor Augusto Cury e no Lavabo Zen, tr\u00eas produtos Nina convertem sofistica\u00e7\u00e3o em sensibilidade"}]},{"@type":"WebSite","@id":"https:\/\/ninamartinelli.com.br\/blog2\/#website","url":"https:\/\/ninamartinelli.com.br\/blog2\/","name":"Nina Martinelli","description":"#Nina_Martinelli","publisher":{"@id":"https:\/\/ninamartinelli.com.br\/blog2\/#organization"},"potentialAction":[{"@type":"SearchAction","target":{"@type":"EntryPoint","urlTemplate":"https:\/\/ninamartinelli.com.br\/blog2\/?s={search_term_string}"},"query-input":{"@type":"PropertyValueSpecification","valueRequired":true,"valueName":"search_term_string"}}],"inLanguage":"pt-BR"},{"@type":"Organization","@id":"https:\/\/ninamartinelli.com.br\/blog2\/#organization","name":"Blog Novidades","url":"https:\/\/ninamartinelli.com.br\/blog2\/","logo":{"@type":"ImageObject","inLanguage":"pt-BR","@id":"https:\/\/ninamartinelli.com.br\/blog2\/#\/schema\/logo\/image\/","url":"http:\/\/blog.ninamartinelli.com.br\/wp-content\/uploads\/2022\/03\/logo_nina_blog.png","contentUrl":"http:\/\/blog.ninamartinelli.com.br\/wp-content\/uploads\/2022\/03\/logo_nina_blog.png","width":500,"height":104,"caption":"Blog Novidades"},"image":{"@id":"https:\/\/ninamartinelli.com.br\/blog2\/#\/schema\/logo\/image\/"}},{"@type":"Person","@id":"https:\/\/ninamartinelli.com.br\/blog2\/#\/schema\/person\/43fbfb1d4cbe3b472995206b2bb06df5","name":"Ana Maria Devides","image":{"@type":"ImageObject","inLanguage":"pt-BR","@id":"https:\/\/ninamartinelli.com.br\/blog2\/#\/schema\/person\/image\/","url":"https:\/\/secure.gravatar.com\/avatar\/a03a82675d8bb3da8e5c5a6872db97be?s=96&d=mm&r=g","contentUrl":"https:\/\/secure.gravatar.com\/avatar\/a03a82675d8bb3da8e5c5a6872db97be?s=96&d=mm&r=g","caption":"Ana Maria Devides"},"url":"https:\/\/ninamartinelli.com.br\/blog2\/author\/assessoria-nina-martinelli\/"}]}},"_links":{"self":[{"href":"https:\/\/ninamartinelli.com.br\/blog2\/wp-json\/wp\/v2\/posts\/2910","targetHints":{"allow":["GET"]}}],"collection":[{"href":"https:\/\/ninamartinelli.com.br\/blog2\/wp-json\/wp\/v2\/posts"}],"about":[{"href":"https:\/\/ninamartinelli.com.br\/blog2\/wp-json\/wp\/v2\/types\/post"}],"author":[{"embeddable":true,"href":"https:\/\/ninamartinelli.com.br\/blog2\/wp-json\/wp\/v2\/users\/2"}],"replies":[{"embeddable":true,"href":"https:\/\/ninamartinelli.com.br\/blog2\/wp-json\/wp\/v2\/comments?post=2910"}],"version-history":[{"count":2,"href":"https:\/\/ninamartinelli.com.br\/blog2\/wp-json\/wp\/v2\/posts\/2910\/revisions"}],"predecessor-version":[{"id":2921,"href":"https:\/\/ninamartinelli.com.br\/blog2\/wp-json\/wp\/v2\/posts\/2910\/revisions\/2921"}],"wp:featuredmedia":[{"embeddable":true,"href":"https:\/\/ninamartinelli.com.br\/blog2\/wp-json\/wp\/v2\/media\/2911"}],"wp:attachment":[{"href":"https:\/\/ninamartinelli.com.br\/blog2\/wp-json\/wp\/v2\/media?parent=2910"}],"wp:term":[{"taxonomy":"category","embeddable":true,"href":"https:\/\/ninamartinelli.com.br\/blog2\/wp-json\/wp\/v2\/categories?post=2910"},{"taxonomy":"post_tag","embeddable":true,"href":"https:\/\/ninamartinelli.com.br\/blog2\/wp-json\/wp\/v2\/tags?post=2910"}],"curies":[{"name":"wp","href":"https:\/\/api.w.org\/{rel}","templated":true}]}}