{"id":2896,"date":"2025-08-27T08:30:26","date_gmt":"2025-08-27T11:30:26","guid":{"rendered":"https:\/\/ninamartinelli.com.br\/blog2\/?p=2896"},"modified":"2025-08-28T09:38:10","modified_gmt":"2025-08-28T12:38:10","slug":"casacor-ribeirao-preto-2025-verissimo-bianco-transforma-tempo-em-poesia-no-escritorio-do-enofilo","status":"publish","type":"post","link":"https:\/\/ninamartinelli.com.br\/blog2\/casacor-ribeirao-preto-2025-verissimo-bianco-transforma-tempo-em-poesia-no-escritorio-do-enofilo\/","title":{"rendered":"CASACOR Ribeir\u00e3o Preto 2025 &#8211; Ver\u00edssimo Bianco transforma tempo em poesia no Escrit\u00f3rio do En\u00f3filo"},"content":{"rendered":"<p>CASACOR Ribeir\u00e3o Preto 2025 &#8211; O arquiteto Douglas Oliveira nos convida a entrar em um universo onde arquitetura e sensibilidade se encontram em um mesmo espa\u00e7o \u2013 o Escrit\u00f3rio do En\u00f3filo.<\/p>\n<p>\u00c9 mais que um ambiente funcional: \u00e9 uma experi\u00eancia emocional. Um lugar em que cada detalhe carrega a poesia do tempo, das mem\u00f3rias e do prazer que s\u00f3 o vinho \u2014 e a vida bem vivida \u2014 podem oferecer.<\/p>\n<p>Entre madeira, texturas r\u00fasticas e a atmosfera intimista, pensada para um homem maduro e sofisticado, um elemento se revela como pe\u00e7a-chave dessa narrativa: o revestimento Ver\u00edssimo Bianco 12x12cm da Nina Martinelli.<\/p>\n<p>Escolhido para o piso, ele n\u00e3o \u00e9 apenas acabamento. \u00c9 ess\u00eancia. \u00c9 a tradu\u00e7\u00e3o do equil\u00edbrio perfeito entre rusticidade e sofistica\u00e7\u00e3o, fechando o conceito \u201ccom chave de ouro\u201d, como define o arquiteto.<\/p>\n<p><img loading=\"lazy\" decoding=\"async\" class=\"wp-image-2898 aligncenter\" src=\"https:\/\/ninamartinelli.com.br\/blog2\/wp-content\/uploads\/2025\/08\/DSC07803-REDIM-300x182.jpg\" alt=\"\" width=\"428\" height=\"260\" srcset=\"https:\/\/ninamartinelli.com.br\/blog2\/wp-content\/uploads\/2025\/08\/DSC07803-REDIM-300x182.jpg 300w, https:\/\/ninamartinelli.com.br\/blog2\/wp-content\/uploads\/2025\/08\/DSC07803-REDIM-1024x622.jpg 1024w, https:\/\/ninamartinelli.com.br\/blog2\/wp-content\/uploads\/2025\/08\/DSC07803-REDIM-768x466.jpg 768w, https:\/\/ninamartinelli.com.br\/blog2\/wp-content\/uploads\/2025\/08\/DSC07803-REDIM-1536x932.jpg 1536w, https:\/\/ninamartinelli.com.br\/blog2\/wp-content\/uploads\/2025\/08\/DSC07803-REDIM-2048x1243.jpg 2048w\" sizes=\"auto, (max-width: 428px) 100vw, 428px\" \/><\/p>\n<p>Douglas explica que a escolha do Ver\u00edssimo Bianco n\u00e3o aconteceu por acaso. Em um ambiente que gira em torno da simbologia do vinho \u2014 onde cada garrafa guarda hist\u00f3rias e celebra\u00e7\u00f5es \u2014, o acabamento se tornou, nas palavras do pr\u00f3prio especificador, a \u201ccereja do bolo\u201d.<\/p>\n<p>Seu design atemporal dialoga harmoniosamente com os demais materiais, como madeira, blocos de concreto, tapetes convidativos e paredes em textura r\u00fastica, criando um cen\u00e1rio em que passado, presente e futuro se encontram de forma natural.<\/p>\n<p><img loading=\"lazy\" decoding=\"async\" class=\"wp-image-2900 aligncenter\" src=\"https:\/\/ninamartinelli.com.br\/blog2\/wp-content\/uploads\/2025\/08\/DSC07868-REDIM-300x169.jpg\" alt=\"\" width=\"415\" height=\"234\" srcset=\"https:\/\/ninamartinelli.com.br\/blog2\/wp-content\/uploads\/2025\/08\/DSC07868-REDIM-300x169.jpg 300w, https:\/\/ninamartinelli.com.br\/blog2\/wp-content\/uploads\/2025\/08\/DSC07868-REDIM-1024x576.jpg 1024w, https:\/\/ninamartinelli.com.br\/blog2\/wp-content\/uploads\/2025\/08\/DSC07868-REDIM-768x432.jpg 768w, https:\/\/ninamartinelli.com.br\/blog2\/wp-content\/uploads\/2025\/08\/DSC07868-REDIM-1536x864.jpg 1536w, https:\/\/ninamartinelli.com.br\/blog2\/wp-content\/uploads\/2025\/08\/DSC07868-REDIM-2048x1152.jpg 2048w\" sizes=\"auto, (max-width: 415px) 100vw, 415px\" \/><\/p>\n<p>&nbsp;<\/p>\n<p><img loading=\"lazy\" decoding=\"async\" class=\"wp-image-2901 aligncenter\" src=\"https:\/\/ninamartinelli.com.br\/blog2\/wp-content\/uploads\/2025\/08\/DSC07848-180x300.jpg\" alt=\"\" width=\"231\" height=\"385\" srcset=\"https:\/\/ninamartinelli.com.br\/blog2\/wp-content\/uploads\/2025\/08\/DSC07848-180x300.jpg 180w, https:\/\/ninamartinelli.com.br\/blog2\/wp-content\/uploads\/2025\/08\/DSC07848-615x1024.jpg 615w, https:\/\/ninamartinelli.com.br\/blog2\/wp-content\/uploads\/2025\/08\/DSC07848-768x1279.jpg 768w, https:\/\/ninamartinelli.com.br\/blog2\/wp-content\/uploads\/2025\/08\/DSC07848-922x1536.jpg 922w, https:\/\/ninamartinelli.com.br\/blog2\/wp-content\/uploads\/2025\/08\/DSC07848-1230x2048.jpg 1230w, https:\/\/ninamartinelli.com.br\/blog2\/wp-content\/uploads\/2025\/08\/DSC07848-1024x1706.jpg 1024w, https:\/\/ninamartinelli.com.br\/blog2\/wp-content\/uploads\/2025\/08\/DSC07848-scaled.jpg 1537w\" sizes=\"auto, (max-width: 231px) 100vw, 231px\" \/><\/p>\n<p>Mais do que est\u00e9tica, o produto trouxe versatilidade. O Ver\u00edssimo Bianco pode ser aplicado tanto em pisos quanto em paredes, em \u00e1reas internas ou externas e est\u00e1 dispon\u00edvel tamb\u00e9m nas medidas 30x30cm e 30&#215;45 cm,permitindo pagina\u00e7\u00f5es criativas e uma continuidade visual de tirar o f\u00f4lego. Essa liberdade de aplica\u00e7\u00e3o refor\u00e7a sua voca\u00e7\u00e3o de protagonista em projetos que buscam sofistica\u00e7\u00e3o sem abrir m\u00e3o da autenticidade.<\/p>\n<p>O resultado? Um espa\u00e7o que \u00e9 ao mesmo tempo acolhedor e imponente, \u00edntimo e sofisticado, racional e po\u00e9tico. O Escrit\u00f3rio do En\u00f3filo se transforma em ref\u00fagio, em pausa, em celebra\u00e7\u00e3o. Um lugar onde cada ta\u00e7a erguida encontra no piso o mesmo respeito pelo tempo e pela tradi\u00e7\u00e3o que o vinho carrega.<\/p>\n<p><img loading=\"lazy\" decoding=\"async\" class=\"wp-image-2899 aligncenter\" src=\"https:\/\/ninamartinelli.com.br\/blog2\/wp-content\/uploads\/2025\/08\/DSC07862-REDIM2-300x169.jpg\" alt=\"\" width=\"378\" height=\"213\" srcset=\"https:\/\/ninamartinelli.com.br\/blog2\/wp-content\/uploads\/2025\/08\/DSC07862-REDIM2-300x169.jpg 300w, https:\/\/ninamartinelli.com.br\/blog2\/wp-content\/uploads\/2025\/08\/DSC07862-REDIM2-1024x576.jpg 1024w, https:\/\/ninamartinelli.com.br\/blog2\/wp-content\/uploads\/2025\/08\/DSC07862-REDIM2-768x432.jpg 768w, https:\/\/ninamartinelli.com.br\/blog2\/wp-content\/uploads\/2025\/08\/DSC07862-REDIM2-1536x864.jpg 1536w, https:\/\/ninamartinelli.com.br\/blog2\/wp-content\/uploads\/2025\/08\/DSC07862-REDIM2-2048x1152.jpg 2048w\" sizes=\"auto, (max-width: 378px) 100vw, 378px\" \/><\/p>\n<p>Assim, a CASACOR Ribeir\u00e3o Preto 2025 nos mostra mais uma vez o poder transformador da arquitetura e dos materiais certos. E o Ver\u00edssimo Bianco 12x12cm, da Nina Martinelli, comprova ser muito mais que um acabamento: \u00e9 a arte de tornar o tempo vis\u00edvel em cada detalhe.<\/p>\n<p><img loading=\"lazy\" decoding=\"async\" class=\" wp-image-2908 aligncenter\" src=\"https:\/\/ninamartinelli.com.br\/blog2\/wp-content\/uploads\/2025\/08\/DSC07895-189x300.jpg\" alt=\"\" width=\"262\" height=\"416\" srcset=\"https:\/\/ninamartinelli.com.br\/blog2\/wp-content\/uploads\/2025\/08\/DSC07895-189x300.jpg 189w, https:\/\/ninamartinelli.com.br\/blog2\/wp-content\/uploads\/2025\/08\/DSC07895-645x1024.jpg 645w, https:\/\/ninamartinelli.com.br\/blog2\/wp-content\/uploads\/2025\/08\/DSC07895-768x1219.jpg 768w, https:\/\/ninamartinelli.com.br\/blog2\/wp-content\/uploads\/2025\/08\/DSC07895-968x1536.jpg 968w, https:\/\/ninamartinelli.com.br\/blog2\/wp-content\/uploads\/2025\/08\/DSC07895-1290x2048.jpg 1290w, https:\/\/ninamartinelli.com.br\/blog2\/wp-content\/uploads\/2025\/08\/DSC07895-1024x1625.jpg 1024w, https:\/\/ninamartinelli.com.br\/blog2\/wp-content\/uploads\/2025\/08\/DSC07895-scaled.jpg 1613w\" sizes=\"auto, (max-width: 262px) 100vw, 262px\" \/><\/p>\n<p>Vale uma boa olhada no site para conferir mais detalhes e, claro, vale tamb\u00e9m uma visita \u00e0 CASACOR Ribeir\u00e3o Preto 2025, que vai at\u00e9 dia 12 de outubro, exibindo 30 ambientes assinados por renomados profissionais da pr\u00f3pria cidade, do interior do estado e da capital.<\/p>\n<p><img loading=\"lazy\" decoding=\"async\" class=\" wp-image-2904 aligncenter\" src=\"https:\/\/ninamartinelli.com.br\/blog2\/wp-content\/uploads\/2025\/08\/DSC07877-REDIM-169x300.jpg\" alt=\"\" width=\"279\" height=\"495\" srcset=\"https:\/\/ninamartinelli.com.br\/blog2\/wp-content\/uploads\/2025\/08\/DSC07877-REDIM-169x300.jpg 169w, https:\/\/ninamartinelli.com.br\/blog2\/wp-content\/uploads\/2025\/08\/DSC07877-REDIM-576x1024.jpg 576w, https:\/\/ninamartinelli.com.br\/blog2\/wp-content\/uploads\/2025\/08\/DSC07877-REDIM-768x1365.jpg 768w, https:\/\/ninamartinelli.com.br\/blog2\/wp-content\/uploads\/2025\/08\/DSC07877-REDIM-864x1536.jpg 864w, https:\/\/ninamartinelli.com.br\/blog2\/wp-content\/uploads\/2025\/08\/DSC07877-REDIM-1152x2048.jpg 1152w, https:\/\/ninamartinelli.com.br\/blog2\/wp-content\/uploads\/2025\/08\/DSC07877-REDIM-1024x1820.jpg 1024w, https:\/\/ninamartinelli.com.br\/blog2\/wp-content\/uploads\/2025\/08\/DSC07877-REDIM-scaled.jpg 1440w\" sizes=\"auto, (max-width: 279px) 100vw, 279px\" \/><\/p>\n<p><strong>Servi\u00e7o<\/strong><\/p>\n<p><strong>CASACOR Ribeir\u00e3o Preto 2025<\/strong> \u2013 Escrit\u00f3rio do En\u00f3filo<\/p>\n<p><strong>Projeto:<\/strong> Douglas de Oliveira<\/p>\n<p><strong>Instagram<\/strong>: @arq.douglasoliveira<\/p>\n<p><strong>Fotos:<\/strong> Fernando Costa<\/p>\n<p><strong>Instagram:<\/strong> @fernandocosta.foto<\/p>\n<p>A mostra acontece na Avenida Anhanguera, 790 &#8211; Alto da Boa Vista<\/p>\n<p>De\u00a019\/08\u00a0a\u00a012\/10\/2025<\/p>\n","protected":false},"excerpt":{"rendered":"<p>CASACOR Ribeir\u00e3o Preto 2025 &#8211; O arquiteto Douglas Oliveira nos convida a entrar em um<\/p>\n","protected":false},"author":2,"featured_media":2897,"comment_status":"open","ping_status":"open","sticky":false,"template":"","format":"standard","meta":{"footnotes":""},"categories":[27,19,1,21,129],"tags":[130,85,168,131],"class_list":["post-2896","post","type-post","status-publish","format-standard","has-post-thumbnail","hentry","category-casa-cor","category-mostras-e-eventos","category-nina-martinelli","category-pisos","category-sustentabilidade","tag-casa-cor-ribeirao-preto","tag-piso-rustico","tag-producao-artesanal","tag-sustentabilidade"],"yoast_head":"<!-- This site is optimized with the Yoast SEO plugin v26.8 - https:\/\/yoast.com\/product\/yoast-seo-wordpress\/ -->\n<title>CASACOR Ribeir\u00e3o Preto 2025 - Ver\u00edssimo Bianco transforma tempo em poesia no Escrit\u00f3rio do En\u00f3filo<\/title>\n<meta name=\"description\" content=\"CASACOR Ribeir\u00e3o Preto 2025 - venha conhecer um ref\u00fagio de bom gosto onde a degusta\u00e7\u00e3o de vinhos \u00e9 um ato a ser celebrado\" \/>\n<meta name=\"robots\" content=\"index, follow, max-snippet:-1, max-image-preview:large, max-video-preview:-1\" \/>\n<link rel=\"canonical\" href=\"https:\/\/ninamartinelli.com.br\/blog2\/casacor-ribeirao-preto-2025-verissimo-bianco-transforma-tempo-em-poesia-no-escritorio-do-enofilo\/\" \/>\n<meta property=\"og:locale\" content=\"pt_BR\" \/>\n<meta property=\"og:type\" content=\"article\" \/>\n<meta property=\"og:title\" content=\"CASACOR Ribeir\u00e3o Preto 2025 - Ver\u00edssimo Bianco transforma tempo em poesia no Escrit\u00f3rio do En\u00f3filo\" \/>\n<meta property=\"og:description\" content=\"CASACOR Ribeir\u00e3o Preto 2025 - venha conhecer um ref\u00fagio de bom gosto onde a degusta\u00e7\u00e3o de vinhos \u00e9 um ato a ser celebrado\" \/>\n<meta property=\"og:url\" content=\"https:\/\/ninamartinelli.com.br\/blog2\/casacor-ribeirao-preto-2025-verissimo-bianco-transforma-tempo-em-poesia-no-escritorio-do-enofilo\/\" \/>\n<meta property=\"og:site_name\" content=\"Blog Nina\" \/>\n<meta property=\"article:published_time\" content=\"2025-08-27T11:30:26+00:00\" \/>\n<meta property=\"article:modified_time\" content=\"2025-08-28T12:38:10+00:00\" \/>\n<meta property=\"og:image\" content=\"https:\/\/ninamartinelli.com.br\/blog2\/wp-content\/uploads\/2025\/08\/DSC07779-scaled.jpg\" \/>\n\t<meta property=\"og:image:width\" content=\"2560\" \/>\n\t<meta property=\"og:image:height\" content=\"1441\" \/>\n\t<meta property=\"og:image:type\" content=\"image\/jpeg\" \/>\n<meta name=\"author\" content=\"Ana Maria Devides\" \/>\n<meta name=\"twitter:card\" content=\"summary_large_image\" \/>\n<meta name=\"twitter:label1\" content=\"Escrito por\" \/>\n\t<meta name=\"twitter:data1\" content=\"Ana Maria Devides\" \/>\n\t<meta name=\"twitter:label2\" content=\"Est. tempo de leitura\" \/>\n\t<meta name=\"twitter:data2\" content=\"4 minutos\" \/>\n<script type=\"application\/ld+json\" class=\"yoast-schema-graph\">{\"@context\":\"https:\/\/schema.org\",\"@graph\":[{\"@type\":\"Article\",\"@id\":\"https:\/\/ninamartinelli.com.br\/blog2\/casacor-ribeirao-preto-2025-verissimo-bianco-transforma-tempo-em-poesia-no-escritorio-do-enofilo\/#article\",\"isPartOf\":{\"@id\":\"https:\/\/ninamartinelli.com.br\/blog2\/casacor-ribeirao-preto-2025-verissimo-bianco-transforma-tempo-em-poesia-no-escritorio-do-enofilo\/\"},\"author\":{\"name\":\"Ana Maria Devides\",\"@id\":\"https:\/\/ninamartinelli.com.br\/blog2\/#\/schema\/person\/43fbfb1d4cbe3b472995206b2bb06df5\"},\"headline\":\"CASACOR Ribeir\u00e3o Preto 2025 &#8211; Ver\u00edssimo Bianco transforma tempo em poesia no Escrit\u00f3rio do En\u00f3filo\",\"datePublished\":\"2025-08-27T11:30:26+00:00\",\"dateModified\":\"2025-08-28T12:38:10+00:00\",\"mainEntityOfPage\":{\"@id\":\"https:\/\/ninamartinelli.com.br\/blog2\/casacor-ribeirao-preto-2025-verissimo-bianco-transforma-tempo-em-poesia-no-escritorio-do-enofilo\/\"},\"wordCount\":507,\"commentCount\":0,\"publisher\":{\"@id\":\"https:\/\/ninamartinelli.com.br\/blog2\/#organization\"},\"image\":{\"@id\":\"https:\/\/ninamartinelli.com.br\/blog2\/casacor-ribeirao-preto-2025-verissimo-bianco-transforma-tempo-em-poesia-no-escritorio-do-enofilo\/#primaryimage\"},\"thumbnailUrl\":\"https:\/\/ninamartinelli.com.br\/blog2\/wp-content\/uploads\/2025\/08\/DSC07779-scaled.jpg\",\"keywords\":[\"Casa Cor Ribeir\u00e3o Preto\",\"piso rustico\",\"produ\u00e7\u00e3o artesanal\",\"Sustentabilidade\"],\"articleSection\":[\"CASA COR\",\"Mostras e Eventos\",\"Nina Martinelli\",\"Pisos\",\"Sustentabilidade\"],\"inLanguage\":\"pt-BR\",\"potentialAction\":[{\"@type\":\"CommentAction\",\"name\":\"Comment\",\"target\":[\"https:\/\/ninamartinelli.com.br\/blog2\/casacor-ribeirao-preto-2025-verissimo-bianco-transforma-tempo-em-poesia-no-escritorio-do-enofilo\/#respond\"]}]},{\"@type\":\"WebPage\",\"@id\":\"https:\/\/ninamartinelli.com.br\/blog2\/casacor-ribeirao-preto-2025-verissimo-bianco-transforma-tempo-em-poesia-no-escritorio-do-enofilo\/\",\"url\":\"https:\/\/ninamartinelli.com.br\/blog2\/casacor-ribeirao-preto-2025-verissimo-bianco-transforma-tempo-em-poesia-no-escritorio-do-enofilo\/\",\"name\":\"CASACOR Ribeir\u00e3o Preto 2025 - Ver\u00edssimo Bianco transforma tempo em poesia no Escrit\u00f3rio do En\u00f3filo\",\"isPartOf\":{\"@id\":\"https:\/\/ninamartinelli.com.br\/blog2\/#website\"},\"primaryImageOfPage\":{\"@id\":\"https:\/\/ninamartinelli.com.br\/blog2\/casacor-ribeirao-preto-2025-verissimo-bianco-transforma-tempo-em-poesia-no-escritorio-do-enofilo\/#primaryimage\"},\"image\":{\"@id\":\"https:\/\/ninamartinelli.com.br\/blog2\/casacor-ribeirao-preto-2025-verissimo-bianco-transforma-tempo-em-poesia-no-escritorio-do-enofilo\/#primaryimage\"},\"thumbnailUrl\":\"https:\/\/ninamartinelli.com.br\/blog2\/wp-content\/uploads\/2025\/08\/DSC07779-scaled.jpg\",\"datePublished\":\"2025-08-27T11:30:26+00:00\",\"dateModified\":\"2025-08-28T12:38:10+00:00\",\"description\":\"CASACOR Ribeir\u00e3o Preto 2025 - venha conhecer um ref\u00fagio de bom gosto onde a degusta\u00e7\u00e3o de vinhos \u00e9 um ato a ser celebrado\",\"breadcrumb\":{\"@id\":\"https:\/\/ninamartinelli.com.br\/blog2\/casacor-ribeirao-preto-2025-verissimo-bianco-transforma-tempo-em-poesia-no-escritorio-do-enofilo\/#breadcrumb\"},\"inLanguage\":\"pt-BR\",\"potentialAction\":[{\"@type\":\"ReadAction\",\"target\":[\"https:\/\/ninamartinelli.com.br\/blog2\/casacor-ribeirao-preto-2025-verissimo-bianco-transforma-tempo-em-poesia-no-escritorio-do-enofilo\/\"]}]},{\"@type\":\"ImageObject\",\"inLanguage\":\"pt-BR\",\"@id\":\"https:\/\/ninamartinelli.com.br\/blog2\/casacor-ribeirao-preto-2025-verissimo-bianco-transforma-tempo-em-poesia-no-escritorio-do-enofilo\/#primaryimage\",\"url\":\"https:\/\/ninamartinelli.com.br\/blog2\/wp-content\/uploads\/2025\/08\/DSC07779-scaled.jpg\",\"contentUrl\":\"https:\/\/ninamartinelli.com.br\/blog2\/wp-content\/uploads\/2025\/08\/DSC07779-scaled.jpg\",\"width\":2560,\"height\":1441},{\"@type\":\"BreadcrumbList\",\"@id\":\"https:\/\/ninamartinelli.com.br\/blog2\/casacor-ribeirao-preto-2025-verissimo-bianco-transforma-tempo-em-poesia-no-escritorio-do-enofilo\/#breadcrumb\",\"itemListElement\":[{\"@type\":\"ListItem\",\"position\":1,\"name\":\"In\u00edcio\",\"item\":\"https:\/\/ninamartinelli.com.br\/blog2\/\"},{\"@type\":\"ListItem\",\"position\":2,\"name\":\"CASACOR Ribeir\u00e3o Preto 2025 &#8211; Ver\u00edssimo Bianco transforma tempo em poesia no Escrit\u00f3rio do En\u00f3filo\"}]},{\"@type\":\"WebSite\",\"@id\":\"https:\/\/ninamartinelli.com.br\/blog2\/#website\",\"url\":\"https:\/\/ninamartinelli.com.br\/blog2\/\",\"name\":\"Nina Martinelli\",\"description\":\"#Nina_Martinelli\",\"publisher\":{\"@id\":\"https:\/\/ninamartinelli.com.br\/blog2\/#organization\"},\"potentialAction\":[{\"@type\":\"SearchAction\",\"target\":{\"@type\":\"EntryPoint\",\"urlTemplate\":\"https:\/\/ninamartinelli.com.br\/blog2\/?s={search_term_string}\"},\"query-input\":{\"@type\":\"PropertyValueSpecification\",\"valueRequired\":true,\"valueName\":\"search_term_string\"}}],\"inLanguage\":\"pt-BR\"},{\"@type\":\"Organization\",\"@id\":\"https:\/\/ninamartinelli.com.br\/blog2\/#organization\",\"name\":\"Blog Novidades\",\"url\":\"https:\/\/ninamartinelli.com.br\/blog2\/\",\"logo\":{\"@type\":\"ImageObject\",\"inLanguage\":\"pt-BR\",\"@id\":\"https:\/\/ninamartinelli.com.br\/blog2\/#\/schema\/logo\/image\/\",\"url\":\"http:\/\/blog.ninamartinelli.com.br\/wp-content\/uploads\/2022\/03\/logo_nina_blog.png\",\"contentUrl\":\"http:\/\/blog.ninamartinelli.com.br\/wp-content\/uploads\/2022\/03\/logo_nina_blog.png\",\"width\":500,\"height\":104,\"caption\":\"Blog Novidades\"},\"image\":{\"@id\":\"https:\/\/ninamartinelli.com.br\/blog2\/#\/schema\/logo\/image\/\"}},{\"@type\":\"Person\",\"@id\":\"https:\/\/ninamartinelli.com.br\/blog2\/#\/schema\/person\/43fbfb1d4cbe3b472995206b2bb06df5\",\"name\":\"Ana Maria Devides\",\"image\":{\"@type\":\"ImageObject\",\"inLanguage\":\"pt-BR\",\"@id\":\"https:\/\/ninamartinelli.com.br\/blog2\/#\/schema\/person\/image\/\",\"url\":\"https:\/\/secure.gravatar.com\/avatar\/a03a82675d8bb3da8e5c5a6872db97be?s=96&d=mm&r=g\",\"contentUrl\":\"https:\/\/secure.gravatar.com\/avatar\/a03a82675d8bb3da8e5c5a6872db97be?s=96&d=mm&r=g\",\"caption\":\"Ana Maria Devides\"},\"url\":\"https:\/\/ninamartinelli.com.br\/blog2\/author\/assessoria-nina-martinelli\/\"}]}<\/script>\n<!-- \/ Yoast SEO plugin. -->","yoast_head_json":{"title":"CASACOR Ribeir\u00e3o Preto 2025 - Ver\u00edssimo Bianco transforma tempo em poesia no Escrit\u00f3rio do En\u00f3filo","description":"CASACOR Ribeir\u00e3o Preto 2025 - venha conhecer um ref\u00fagio de bom gosto onde a degusta\u00e7\u00e3o de vinhos \u00e9 um ato a ser celebrado","robots":{"index":"index","follow":"follow","max-snippet":"max-snippet:-1","max-image-preview":"max-image-preview:large","max-video-preview":"max-video-preview:-1"},"canonical":"https:\/\/ninamartinelli.com.br\/blog2\/casacor-ribeirao-preto-2025-verissimo-bianco-transforma-tempo-em-poesia-no-escritorio-do-enofilo\/","og_locale":"pt_BR","og_type":"article","og_title":"CASACOR Ribeir\u00e3o Preto 2025 - Ver\u00edssimo Bianco transforma tempo em poesia no Escrit\u00f3rio do En\u00f3filo","og_description":"CASACOR Ribeir\u00e3o Preto 2025 - venha conhecer um ref\u00fagio de bom gosto onde a degusta\u00e7\u00e3o de vinhos \u00e9 um ato a ser celebrado","og_url":"https:\/\/ninamartinelli.com.br\/blog2\/casacor-ribeirao-preto-2025-verissimo-bianco-transforma-tempo-em-poesia-no-escritorio-do-enofilo\/","og_site_name":"Blog Nina","article_published_time":"2025-08-27T11:30:26+00:00","article_modified_time":"2025-08-28T12:38:10+00:00","og_image":[{"width":2560,"height":1441,"url":"https:\/\/ninamartinelli.com.br\/blog2\/wp-content\/uploads\/2025\/08\/DSC07779-scaled.jpg","type":"image\/jpeg"}],"author":"Ana Maria Devides","twitter_card":"summary_large_image","twitter_misc":{"Escrito por":"Ana Maria Devides","Est. tempo de leitura":"4 minutos"},"schema":{"@context":"https:\/\/schema.org","@graph":[{"@type":"Article","@id":"https:\/\/ninamartinelli.com.br\/blog2\/casacor-ribeirao-preto-2025-verissimo-bianco-transforma-tempo-em-poesia-no-escritorio-do-enofilo\/#article","isPartOf":{"@id":"https:\/\/ninamartinelli.com.br\/blog2\/casacor-ribeirao-preto-2025-verissimo-bianco-transforma-tempo-em-poesia-no-escritorio-do-enofilo\/"},"author":{"name":"Ana Maria Devides","@id":"https:\/\/ninamartinelli.com.br\/blog2\/#\/schema\/person\/43fbfb1d4cbe3b472995206b2bb06df5"},"headline":"CASACOR Ribeir\u00e3o Preto 2025 &#8211; Ver\u00edssimo Bianco transforma tempo em poesia no Escrit\u00f3rio do En\u00f3filo","datePublished":"2025-08-27T11:30:26+00:00","dateModified":"2025-08-28T12:38:10+00:00","mainEntityOfPage":{"@id":"https:\/\/ninamartinelli.com.br\/blog2\/casacor-ribeirao-preto-2025-verissimo-bianco-transforma-tempo-em-poesia-no-escritorio-do-enofilo\/"},"wordCount":507,"commentCount":0,"publisher":{"@id":"https:\/\/ninamartinelli.com.br\/blog2\/#organization"},"image":{"@id":"https:\/\/ninamartinelli.com.br\/blog2\/casacor-ribeirao-preto-2025-verissimo-bianco-transforma-tempo-em-poesia-no-escritorio-do-enofilo\/#primaryimage"},"thumbnailUrl":"https:\/\/ninamartinelli.com.br\/blog2\/wp-content\/uploads\/2025\/08\/DSC07779-scaled.jpg","keywords":["Casa Cor Ribeir\u00e3o Preto","piso rustico","produ\u00e7\u00e3o artesanal","Sustentabilidade"],"articleSection":["CASA COR","Mostras e Eventos","Nina Martinelli","Pisos","Sustentabilidade"],"inLanguage":"pt-BR","potentialAction":[{"@type":"CommentAction","name":"Comment","target":["https:\/\/ninamartinelli.com.br\/blog2\/casacor-ribeirao-preto-2025-verissimo-bianco-transforma-tempo-em-poesia-no-escritorio-do-enofilo\/#respond"]}]},{"@type":"WebPage","@id":"https:\/\/ninamartinelli.com.br\/blog2\/casacor-ribeirao-preto-2025-verissimo-bianco-transforma-tempo-em-poesia-no-escritorio-do-enofilo\/","url":"https:\/\/ninamartinelli.com.br\/blog2\/casacor-ribeirao-preto-2025-verissimo-bianco-transforma-tempo-em-poesia-no-escritorio-do-enofilo\/","name":"CASACOR Ribeir\u00e3o Preto 2025 - Ver\u00edssimo Bianco transforma tempo em poesia no Escrit\u00f3rio do En\u00f3filo","isPartOf":{"@id":"https:\/\/ninamartinelli.com.br\/blog2\/#website"},"primaryImageOfPage":{"@id":"https:\/\/ninamartinelli.com.br\/blog2\/casacor-ribeirao-preto-2025-verissimo-bianco-transforma-tempo-em-poesia-no-escritorio-do-enofilo\/#primaryimage"},"image":{"@id":"https:\/\/ninamartinelli.com.br\/blog2\/casacor-ribeirao-preto-2025-verissimo-bianco-transforma-tempo-em-poesia-no-escritorio-do-enofilo\/#primaryimage"},"thumbnailUrl":"https:\/\/ninamartinelli.com.br\/blog2\/wp-content\/uploads\/2025\/08\/DSC07779-scaled.jpg","datePublished":"2025-08-27T11:30:26+00:00","dateModified":"2025-08-28T12:38:10+00:00","description":"CASACOR Ribeir\u00e3o Preto 2025 - venha conhecer um ref\u00fagio de bom gosto onde a degusta\u00e7\u00e3o de vinhos \u00e9 um ato a ser celebrado","breadcrumb":{"@id":"https:\/\/ninamartinelli.com.br\/blog2\/casacor-ribeirao-preto-2025-verissimo-bianco-transforma-tempo-em-poesia-no-escritorio-do-enofilo\/#breadcrumb"},"inLanguage":"pt-BR","potentialAction":[{"@type":"ReadAction","target":["https:\/\/ninamartinelli.com.br\/blog2\/casacor-ribeirao-preto-2025-verissimo-bianco-transforma-tempo-em-poesia-no-escritorio-do-enofilo\/"]}]},{"@type":"ImageObject","inLanguage":"pt-BR","@id":"https:\/\/ninamartinelli.com.br\/blog2\/casacor-ribeirao-preto-2025-verissimo-bianco-transforma-tempo-em-poesia-no-escritorio-do-enofilo\/#primaryimage","url":"https:\/\/ninamartinelli.com.br\/blog2\/wp-content\/uploads\/2025\/08\/DSC07779-scaled.jpg","contentUrl":"https:\/\/ninamartinelli.com.br\/blog2\/wp-content\/uploads\/2025\/08\/DSC07779-scaled.jpg","width":2560,"height":1441},{"@type":"BreadcrumbList","@id":"https:\/\/ninamartinelli.com.br\/blog2\/casacor-ribeirao-preto-2025-verissimo-bianco-transforma-tempo-em-poesia-no-escritorio-do-enofilo\/#breadcrumb","itemListElement":[{"@type":"ListItem","position":1,"name":"In\u00edcio","item":"https:\/\/ninamartinelli.com.br\/blog2\/"},{"@type":"ListItem","position":2,"name":"CASACOR Ribeir\u00e3o Preto 2025 &#8211; Ver\u00edssimo Bianco transforma tempo em poesia no Escrit\u00f3rio do En\u00f3filo"}]},{"@type":"WebSite","@id":"https:\/\/ninamartinelli.com.br\/blog2\/#website","url":"https:\/\/ninamartinelli.com.br\/blog2\/","name":"Nina Martinelli","description":"#Nina_Martinelli","publisher":{"@id":"https:\/\/ninamartinelli.com.br\/blog2\/#organization"},"potentialAction":[{"@type":"SearchAction","target":{"@type":"EntryPoint","urlTemplate":"https:\/\/ninamartinelli.com.br\/blog2\/?s={search_term_string}"},"query-input":{"@type":"PropertyValueSpecification","valueRequired":true,"valueName":"search_term_string"}}],"inLanguage":"pt-BR"},{"@type":"Organization","@id":"https:\/\/ninamartinelli.com.br\/blog2\/#organization","name":"Blog Novidades","url":"https:\/\/ninamartinelli.com.br\/blog2\/","logo":{"@type":"ImageObject","inLanguage":"pt-BR","@id":"https:\/\/ninamartinelli.com.br\/blog2\/#\/schema\/logo\/image\/","url":"http:\/\/blog.ninamartinelli.com.br\/wp-content\/uploads\/2022\/03\/logo_nina_blog.png","contentUrl":"http:\/\/blog.ninamartinelli.com.br\/wp-content\/uploads\/2022\/03\/logo_nina_blog.png","width":500,"height":104,"caption":"Blog Novidades"},"image":{"@id":"https:\/\/ninamartinelli.com.br\/blog2\/#\/schema\/logo\/image\/"}},{"@type":"Person","@id":"https:\/\/ninamartinelli.com.br\/blog2\/#\/schema\/person\/43fbfb1d4cbe3b472995206b2bb06df5","name":"Ana Maria Devides","image":{"@type":"ImageObject","inLanguage":"pt-BR","@id":"https:\/\/ninamartinelli.com.br\/blog2\/#\/schema\/person\/image\/","url":"https:\/\/secure.gravatar.com\/avatar\/a03a82675d8bb3da8e5c5a6872db97be?s=96&d=mm&r=g","contentUrl":"https:\/\/secure.gravatar.com\/avatar\/a03a82675d8bb3da8e5c5a6872db97be?s=96&d=mm&r=g","caption":"Ana Maria Devides"},"url":"https:\/\/ninamartinelli.com.br\/blog2\/author\/assessoria-nina-martinelli\/"}]}},"_links":{"self":[{"href":"https:\/\/ninamartinelli.com.br\/blog2\/wp-json\/wp\/v2\/posts\/2896","targetHints":{"allow":["GET"]}}],"collection":[{"href":"https:\/\/ninamartinelli.com.br\/blog2\/wp-json\/wp\/v2\/posts"}],"about":[{"href":"https:\/\/ninamartinelli.com.br\/blog2\/wp-json\/wp\/v2\/types\/post"}],"author":[{"embeddable":true,"href":"https:\/\/ninamartinelli.com.br\/blog2\/wp-json\/wp\/v2\/users\/2"}],"replies":[{"embeddable":true,"href":"https:\/\/ninamartinelli.com.br\/blog2\/wp-json\/wp\/v2\/comments?post=2896"}],"version-history":[{"count":6,"href":"https:\/\/ninamartinelli.com.br\/blog2\/wp-json\/wp\/v2\/posts\/2896\/revisions"}],"predecessor-version":[{"id":2907,"href":"https:\/\/ninamartinelli.com.br\/blog2\/wp-json\/wp\/v2\/posts\/2896\/revisions\/2907"}],"wp:featuredmedia":[{"embeddable":true,"href":"https:\/\/ninamartinelli.com.br\/blog2\/wp-json\/wp\/v2\/media\/2897"}],"wp:attachment":[{"href":"https:\/\/ninamartinelli.com.br\/blog2\/wp-json\/wp\/v2\/media?parent=2896"}],"wp:term":[{"taxonomy":"category","embeddable":true,"href":"https:\/\/ninamartinelli.com.br\/blog2\/wp-json\/wp\/v2\/categories?post=2896"},{"taxonomy":"post_tag","embeddable":true,"href":"https:\/\/ninamartinelli.com.br\/blog2\/wp-json\/wp\/v2\/tags?post=2896"}],"curies":[{"name":"wp","href":"https:\/\/api.w.org\/{rel}","templated":true}]}}