{"id":2886,"date":"2025-08-20T08:30:35","date_gmt":"2025-08-20T11:30:35","guid":{"rendered":"https:\/\/ninamartinelli.com.br\/blog2\/?p=2886"},"modified":"2025-08-20T15:30:35","modified_gmt":"2025-08-20T18:30:35","slug":"casacor-ribeirao-preto-2025-ceramica-cotto-vecchio-nina-martinelli-agrega-brasilidade-a-sala-de-musica","status":"publish","type":"post","link":"https:\/\/ninamartinelli.com.br\/blog2\/casacor-ribeirao-preto-2025-ceramica-cotto-vecchio-nina-martinelli-agrega-brasilidade-a-sala-de-musica\/","title":{"rendered":"CASACOR Ribeir\u00e3o Preto 2025 \u2013 Cer\u00e2mica Cotto Vecchio Nina Martinelli agrega brasilidade \u00e0 Sala de M\u00fasica"},"content":{"rendered":"<p>CASACOR Ribeir\u00e3o Preto 2025 \u2013 Aconchego, afeto, abra\u00e7o e energia mais do que brasileira. Brasileir\u00edssima! S\u00e3o alguns termos que nos v\u00eam \u00e0 mente quando pisamos na Sala de M\u00fasica da <a href=\"https:\/\/appcasacor.com.br\/events\/ribeirao-preto-2025?utm_source=google&amp;utm_medium=cpc&amp;utm_campaign=ddl-casacorrp2025-conversao-google&amp;utm_term=ribeiraopreto&amp;utm_content=googlesearch&amp;gad_source=1&amp;gad_campaignid=22904518450&amp;gbraid=0AAAABAmi4OO9rnygZ0PD79H3rBqOkWhz8&amp;gclid=Cj0KCQjwwZDFBhCpARIsAB95qO0HmXsmSIrqh04foLo1y_P3VNxnIDF9r43b2B0-mKf3JFjo-yrZPRgaAt1UEALw_wcB\">CASACOR Ribeir\u00e3o Preto 2025<\/a>.<\/p>\n<p>Com o tema \u201cSemear Sonhos\u201d, o evento acontece na Avenida Anhanguera, 790 &#8211; Alto da Boa Vista, desde o dia 19 de agosto, e vai at\u00e9 12 de outubro, nessa que \u00e9 uma das mais importantes cidades do Brasil fora dos eixos das capitais.<\/p>\n<p>Assinada pelo arquiteto Lucas Ohara, do escrit\u00f3rio <a href=\"https:\/\/www.instagram.com\/biomaarquitetura\/\">Bioma Arquitetura<\/a>, a Sala de M\u00fasica \u00e9 um dos oito ambientes a contar com produtos da Nina Martinelli. E foi projetada a partir do conceito de que o visitante deveria sentir-se realmente acolhido e abra\u00e7ado pelo ambiente, que exala frescor, mas com calor humano, beleza e personalidade.<\/p>\n<p>Nesse contexto, o arquiteto especificou, para o piso, a cer\u00e2mica <a href=\"https:\/\/ninamartinelli.com.br\/produtos\/piso-cotto-vecchio-rosso\/\">Cotto Vecchio Rosso 11,5&#215;11,5 cm<\/a>, um modelo mais do que consagrado no portif\u00f3lio da marca, justamente por expressar uma brasilidade incontest\u00e1vel.<\/p>\n<p>E o pr\u00f3prio arquiteto explica como. \u201cRepresenta o piso cer\u00e2mico presente nas casas brasileiras, e n\u00f3s quer\u00edamos resgatar essa materialidade e o respeito \u00e0 hist\u00f3ria da arquitetura do Brasil. O Cotto Vecchio Rosso se encaixou perfeitamente, pois quer\u00edamos muito trazer a ideia de um ambiente afetivo e o produto da Nina, totalmente artesanal, tem essa capacidade\u201d, afirma.<\/p>\n<p>A cer\u00e2mica, que \u00e9 produzida artesanalmente, pe\u00e7a a pe\u00e7a, passando por cuidadosos processos de queima e envelhecimento, pode ser usada em ambientes internos ou externos, oferece um alto grau de singularidade e dialoga em perfeita harmonia com outros elementos que atestam o quanto foi bem sucedida a miss\u00e3o abra\u00e7ada pelo projeto.<\/p>\n<p>Layout curvo, que realmente d\u00e1 a sensa\u00e7\u00e3o de abra\u00e7o, tons escuros ou terrosos, pedra de granito rosa, vidros \u00e1rtico e miniboreal tamb\u00e9m nos lembram, a todo momento, que estamos num ambiente que em muito nos lembram as casas mais acolhedoras do nosso pa\u00eds.<\/p>\n<p><img loading=\"lazy\" decoding=\"async\" class=\"wp-image-2888 aligncenter\" src=\"https:\/\/ninamartinelli.com.br\/blog2\/wp-content\/uploads\/2025\/08\/sala_musica_casacor_002-300x200.jpg\" alt=\"\" width=\"483\" height=\"322\" srcset=\"https:\/\/ninamartinelli.com.br\/blog2\/wp-content\/uploads\/2025\/08\/sala_musica_casacor_002-300x200.jpg 300w, https:\/\/ninamartinelli.com.br\/blog2\/wp-content\/uploads\/2025\/08\/sala_musica_casacor_002-1024x683.jpg 1024w, https:\/\/ninamartinelli.com.br\/blog2\/wp-content\/uploads\/2025\/08\/sala_musica_casacor_002-768x512.jpg 768w, https:\/\/ninamartinelli.com.br\/blog2\/wp-content\/uploads\/2025\/08\/sala_musica_casacor_002-1536x1024.jpg 1536w, https:\/\/ninamartinelli.com.br\/blog2\/wp-content\/uploads\/2025\/08\/sala_musica_casacor_002.jpg 2048w\" sizes=\"auto, (max-width: 483px) 100vw, 483px\" \/><\/p>\n<p>Ilumina\u00e7\u00e3o mais baixa, indireta, um lindo e convidativo sof\u00e1 curvil\u00edneo que acompanha o layout da sala, tapetes e texturas, uma vitrola vintage, alguns instrumentos musicais e elementos em madeira, al\u00e9m de plantas estrategicamente posicionadas complementam o conjunto e d\u00e3o a sensa\u00e7\u00e3o de que \u00e9 muito f\u00e1cil entrar e bem dif\u00edcil ter vontade de sair desse espa\u00e7o. \u201cAdoramos o resultado\u201d, afirma Lucas, que alimenta grande expectativa pela receptividade do p\u00fablico da mostra.<\/p>\n<p><img loading=\"lazy\" decoding=\"async\" class=\"alignnone wp-image-2889\" src=\"https:\/\/ninamartinelli.com.br\/blog2\/wp-content\/uploads\/2025\/08\/sala_musica_casacor_006-200x300.jpg\" alt=\"\" width=\"308\" height=\"462\" srcset=\"https:\/\/ninamartinelli.com.br\/blog2\/wp-content\/uploads\/2025\/08\/sala_musica_casacor_006-200x300.jpg 200w, https:\/\/ninamartinelli.com.br\/blog2\/wp-content\/uploads\/2025\/08\/sala_musica_casacor_006-683x1024.jpg 683w, https:\/\/ninamartinelli.com.br\/blog2\/wp-content\/uploads\/2025\/08\/sala_musica_casacor_006-768x1152.jpg 768w, https:\/\/ninamartinelli.com.br\/blog2\/wp-content\/uploads\/2025\/08\/sala_musica_casacor_006-1024x1536.jpg 1024w, https:\/\/ninamartinelli.com.br\/blog2\/wp-content\/uploads\/2025\/08\/sala_musica_casacor_006.jpg 1365w\" sizes=\"auto, (max-width: 308px) 100vw, 308px\" \/>\u00a0 \u00a0 \u00a0 \u00a0 \u00a0 \u00a0 \u00a0 \u00a0 \u00a0 \u00a0 \u00a0 \u00a0 \u00a0 <img loading=\"lazy\" decoding=\"async\" class=\"alignnone wp-image-2890\" src=\"https:\/\/ninamartinelli.com.br\/blog2\/wp-content\/uploads\/2025\/08\/sala-musica-editada-1-169x300.jpeg\" alt=\"\" width=\"259\" height=\"460\" srcset=\"https:\/\/ninamartinelli.com.br\/blog2\/wp-content\/uploads\/2025\/08\/sala-musica-editada-1-169x300.jpeg 169w, https:\/\/ninamartinelli.com.br\/blog2\/wp-content\/uploads\/2025\/08\/sala-musica-editada-1.jpeg 337w\" sizes=\"auto, (max-width: 259px) 100vw, 259px\" \/><\/p>\n<p>O Cotto Vecchio Rosso \u00e9 disponibilizado pela Nina Martinelli numa grande variedade de dimens\u00f5es, o que expande as possibilidades criativas de pagina\u00e7\u00e3o e estilo. Vale uma boa olhada no site para conferir mais detalhes e, claro, vale tamb\u00e9m uma visita \u00e0 CASACOR Ribeir\u00e3o Preto 2025, que exibe mais de 30 ambientes assinados por renomados profissionais da pr\u00f3pria cidade, do interior do estado e da capital.<\/p>\n<p><strong>Servi\u00e7o<\/strong><\/p>\n<p><strong>CASACOR Ribeir\u00e3o Preto 2025<\/strong> \u2013 Sala de M\u00fasica<\/p>\n<p><strong>Produto:<\/strong> Cotto Vecchio Rosso 11,5&#215;11,5cm<\/p>\n<p><strong>Projeto:<\/strong> Lucas Ohara \u2013 Bioma Arquitetura<\/p>\n<p><strong>Instagram<\/strong>: @biomaarquitetura<\/p>\n<p><strong>Site oficial:<\/strong> www.biomaarquitetura.com.br<\/p>\n<p><strong>Fotos:<\/strong> Felipe Cuine<\/p>\n<p><strong>Instagram:<\/strong> @felipecuine.fotografia<\/p>\n<p>A mostra acontece na Avenida Anhanguera, 790 &#8211; Alto da Boa Vista<\/p>\n<p>De\u00a019\/08\u00a0a\u00a012\/10\/2025<\/p>\n","protected":false},"excerpt":{"rendered":"<p>CASACOR Ribeir\u00e3o Preto 2025 \u2013 Aconchego, afeto, abra\u00e7o e energia mais do que brasileira. Brasileir\u00edssima!<\/p>\n","protected":false},"author":2,"featured_media":2893,"comment_status":"open","ping_status":"open","sticky":false,"template":"","format":"standard","meta":{"footnotes":""},"categories":[27,59,19,1,21,129],"tags":[185],"class_list":["post-2886","post","type-post","status-publish","format-standard","has-post-thumbnail","hentry","category-casa-cor","category-ceramica","category-mostras-e-eventos","category-nina-martinelli","category-pisos","category-sustentabilidade","tag-casacor-ribeirao-preto-mostras-e-eventos-ceramica-natural-brasilidade-sustentabilidade"],"yoast_head":"<!-- This site is optimized with the Yoast SEO plugin v26.8 - https:\/\/yoast.com\/product\/yoast-seo-wordpress\/ -->\n<title>CASACOR Ribeir\u00e3o Preto 2025 \u2013 Cer\u00e2mica Cotto Vecchio Nina Martinelli agrega brasilidade \u00e0 Sala de M\u00fasica<\/title>\n<meta name=\"description\" content=\"CASACOR Ribeir\u00e3o Preto 2025 - Uma sala que convida, acolhe, abra\u00e7a e conquista. Como a m\u00fasica e a cultura brasileiras, venha conhecer mais\" \/>\n<meta name=\"robots\" content=\"index, follow, max-snippet:-1, max-image-preview:large, max-video-preview:-1\" \/>\n<link rel=\"canonical\" href=\"https:\/\/ninamartinelli.com.br\/blog2\/casacor-ribeirao-preto-2025-ceramica-cotto-vecchio-nina-martinelli-agrega-brasilidade-a-sala-de-musica\/\" \/>\n<meta property=\"og:locale\" content=\"pt_BR\" \/>\n<meta property=\"og:type\" content=\"article\" \/>\n<meta property=\"og:title\" content=\"CASACOR Ribeir\u00e3o Preto 2025 \u2013 Cer\u00e2mica Cotto Vecchio Nina Martinelli agrega brasilidade \u00e0 Sala de M\u00fasica\" \/>\n<meta property=\"og:description\" content=\"CASACOR Ribeir\u00e3o Preto 2025 - Uma sala que convida, acolhe, abra\u00e7a e conquista. Como a m\u00fasica e a cultura brasileiras, venha conhecer mais\" \/>\n<meta property=\"og:url\" content=\"https:\/\/ninamartinelli.com.br\/blog2\/casacor-ribeirao-preto-2025-ceramica-cotto-vecchio-nina-martinelli-agrega-brasilidade-a-sala-de-musica\/\" \/>\n<meta property=\"og:site_name\" content=\"Blog Nina\" \/>\n<meta property=\"article:published_time\" content=\"2025-08-20T11:30:35+00:00\" \/>\n<meta property=\"article:modified_time\" content=\"2025-08-20T18:30:35+00:00\" \/>\n<meta property=\"og:image\" content=\"https:\/\/ninamartinelli.com.br\/blog2\/wp-content\/uploads\/2025\/08\/sala_musica_casacor_001-Copia.jpg\" \/>\n\t<meta property=\"og:image:width\" content=\"1365\" \/>\n\t<meta property=\"og:image:height\" content=\"1872\" \/>\n\t<meta property=\"og:image:type\" content=\"image\/jpeg\" \/>\n<meta name=\"author\" content=\"Ana Maria Devides\" \/>\n<meta name=\"twitter:card\" content=\"summary_large_image\" \/>\n<meta name=\"twitter:label1\" content=\"Escrito por\" \/>\n\t<meta name=\"twitter:data1\" content=\"Ana Maria Devides\" \/>\n\t<meta name=\"twitter:label2\" content=\"Est. tempo de leitura\" \/>\n\t<meta name=\"twitter:data2\" content=\"4 minutos\" \/>\n<script type=\"application\/ld+json\" class=\"yoast-schema-graph\">{\"@context\":\"https:\/\/schema.org\",\"@graph\":[{\"@type\":\"Article\",\"@id\":\"https:\/\/ninamartinelli.com.br\/blog2\/casacor-ribeirao-preto-2025-ceramica-cotto-vecchio-nina-martinelli-agrega-brasilidade-a-sala-de-musica\/#article\",\"isPartOf\":{\"@id\":\"https:\/\/ninamartinelli.com.br\/blog2\/casacor-ribeirao-preto-2025-ceramica-cotto-vecchio-nina-martinelli-agrega-brasilidade-a-sala-de-musica\/\"},\"author\":{\"name\":\"Ana Maria Devides\",\"@id\":\"https:\/\/ninamartinelli.com.br\/blog2\/#\/schema\/person\/43fbfb1d4cbe3b472995206b2bb06df5\"},\"headline\":\"CASACOR Ribeir\u00e3o Preto 2025 \u2013 Cer\u00e2mica Cotto Vecchio Nina Martinelli agrega brasilidade \u00e0 Sala de M\u00fasica\",\"datePublished\":\"2025-08-20T11:30:35+00:00\",\"dateModified\":\"2025-08-20T18:30:35+00:00\",\"mainEntityOfPage\":{\"@id\":\"https:\/\/ninamartinelli.com.br\/blog2\/casacor-ribeirao-preto-2025-ceramica-cotto-vecchio-nina-martinelli-agrega-brasilidade-a-sala-de-musica\/\"},\"wordCount\":540,\"commentCount\":0,\"publisher\":{\"@id\":\"https:\/\/ninamartinelli.com.br\/blog2\/#organization\"},\"image\":{\"@id\":\"https:\/\/ninamartinelli.com.br\/blog2\/casacor-ribeirao-preto-2025-ceramica-cotto-vecchio-nina-martinelli-agrega-brasilidade-a-sala-de-musica\/#primaryimage\"},\"thumbnailUrl\":\"https:\/\/ninamartinelli.com.br\/blog2\/wp-content\/uploads\/2025\/08\/sala_musica_casacor_001-Copia.jpg\",\"keywords\":[\"CASACOR Ribeir\u00e3o Preto; Mostras e eventos; cer\u00e2mica natural; brasilidade; sustentabilidade\"],\"articleSection\":[\"CASA COR\",\"Cer\u00e2mica\",\"Mostras e Eventos\",\"Nina Martinelli\",\"Pisos\",\"Sustentabilidade\"],\"inLanguage\":\"pt-BR\",\"potentialAction\":[{\"@type\":\"CommentAction\",\"name\":\"Comment\",\"target\":[\"https:\/\/ninamartinelli.com.br\/blog2\/casacor-ribeirao-preto-2025-ceramica-cotto-vecchio-nina-martinelli-agrega-brasilidade-a-sala-de-musica\/#respond\"]}]},{\"@type\":\"WebPage\",\"@id\":\"https:\/\/ninamartinelli.com.br\/blog2\/casacor-ribeirao-preto-2025-ceramica-cotto-vecchio-nina-martinelli-agrega-brasilidade-a-sala-de-musica\/\",\"url\":\"https:\/\/ninamartinelli.com.br\/blog2\/casacor-ribeirao-preto-2025-ceramica-cotto-vecchio-nina-martinelli-agrega-brasilidade-a-sala-de-musica\/\",\"name\":\"CASACOR Ribeir\u00e3o Preto 2025 \u2013 Cer\u00e2mica Cotto Vecchio Nina Martinelli agrega brasilidade \u00e0 Sala de M\u00fasica\",\"isPartOf\":{\"@id\":\"https:\/\/ninamartinelli.com.br\/blog2\/#website\"},\"primaryImageOfPage\":{\"@id\":\"https:\/\/ninamartinelli.com.br\/blog2\/casacor-ribeirao-preto-2025-ceramica-cotto-vecchio-nina-martinelli-agrega-brasilidade-a-sala-de-musica\/#primaryimage\"},\"image\":{\"@id\":\"https:\/\/ninamartinelli.com.br\/blog2\/casacor-ribeirao-preto-2025-ceramica-cotto-vecchio-nina-martinelli-agrega-brasilidade-a-sala-de-musica\/#primaryimage\"},\"thumbnailUrl\":\"https:\/\/ninamartinelli.com.br\/blog2\/wp-content\/uploads\/2025\/08\/sala_musica_casacor_001-Copia.jpg\",\"datePublished\":\"2025-08-20T11:30:35+00:00\",\"dateModified\":\"2025-08-20T18:30:35+00:00\",\"description\":\"CASACOR Ribeir\u00e3o Preto 2025 - Uma sala que convida, acolhe, abra\u00e7a e conquista. Como a m\u00fasica e a cultura brasileiras, venha conhecer mais\",\"breadcrumb\":{\"@id\":\"https:\/\/ninamartinelli.com.br\/blog2\/casacor-ribeirao-preto-2025-ceramica-cotto-vecchio-nina-martinelli-agrega-brasilidade-a-sala-de-musica\/#breadcrumb\"},\"inLanguage\":\"pt-BR\",\"potentialAction\":[{\"@type\":\"ReadAction\",\"target\":[\"https:\/\/ninamartinelli.com.br\/blog2\/casacor-ribeirao-preto-2025-ceramica-cotto-vecchio-nina-martinelli-agrega-brasilidade-a-sala-de-musica\/\"]}]},{\"@type\":\"ImageObject\",\"inLanguage\":\"pt-BR\",\"@id\":\"https:\/\/ninamartinelli.com.br\/blog2\/casacor-ribeirao-preto-2025-ceramica-cotto-vecchio-nina-martinelli-agrega-brasilidade-a-sala-de-musica\/#primaryimage\",\"url\":\"https:\/\/ninamartinelli.com.br\/blog2\/wp-content\/uploads\/2025\/08\/sala_musica_casacor_001-Copia.jpg\",\"contentUrl\":\"https:\/\/ninamartinelli.com.br\/blog2\/wp-content\/uploads\/2025\/08\/sala_musica_casacor_001-Copia.jpg\",\"width\":1365,\"height\":1872},{\"@type\":\"BreadcrumbList\",\"@id\":\"https:\/\/ninamartinelli.com.br\/blog2\/casacor-ribeirao-preto-2025-ceramica-cotto-vecchio-nina-martinelli-agrega-brasilidade-a-sala-de-musica\/#breadcrumb\",\"itemListElement\":[{\"@type\":\"ListItem\",\"position\":1,\"name\":\"In\u00edcio\",\"item\":\"https:\/\/ninamartinelli.com.br\/blog2\/\"},{\"@type\":\"ListItem\",\"position\":2,\"name\":\"CASACOR Ribeir\u00e3o Preto 2025 \u2013 Cer\u00e2mica Cotto Vecchio Nina Martinelli agrega brasilidade \u00e0 Sala de M\u00fasica\"}]},{\"@type\":\"WebSite\",\"@id\":\"https:\/\/ninamartinelli.com.br\/blog2\/#website\",\"url\":\"https:\/\/ninamartinelli.com.br\/blog2\/\",\"name\":\"Nina Martinelli\",\"description\":\"#Nina_Martinelli\",\"publisher\":{\"@id\":\"https:\/\/ninamartinelli.com.br\/blog2\/#organization\"},\"potentialAction\":[{\"@type\":\"SearchAction\",\"target\":{\"@type\":\"EntryPoint\",\"urlTemplate\":\"https:\/\/ninamartinelli.com.br\/blog2\/?s={search_term_string}\"},\"query-input\":{\"@type\":\"PropertyValueSpecification\",\"valueRequired\":true,\"valueName\":\"search_term_string\"}}],\"inLanguage\":\"pt-BR\"},{\"@type\":\"Organization\",\"@id\":\"https:\/\/ninamartinelli.com.br\/blog2\/#organization\",\"name\":\"Blog Novidades\",\"url\":\"https:\/\/ninamartinelli.com.br\/blog2\/\",\"logo\":{\"@type\":\"ImageObject\",\"inLanguage\":\"pt-BR\",\"@id\":\"https:\/\/ninamartinelli.com.br\/blog2\/#\/schema\/logo\/image\/\",\"url\":\"http:\/\/blog.ninamartinelli.com.br\/wp-content\/uploads\/2022\/03\/logo_nina_blog.png\",\"contentUrl\":\"http:\/\/blog.ninamartinelli.com.br\/wp-content\/uploads\/2022\/03\/logo_nina_blog.png\",\"width\":500,\"height\":104,\"caption\":\"Blog Novidades\"},\"image\":{\"@id\":\"https:\/\/ninamartinelli.com.br\/blog2\/#\/schema\/logo\/image\/\"}},{\"@type\":\"Person\",\"@id\":\"https:\/\/ninamartinelli.com.br\/blog2\/#\/schema\/person\/43fbfb1d4cbe3b472995206b2bb06df5\",\"name\":\"Ana Maria Devides\",\"image\":{\"@type\":\"ImageObject\",\"inLanguage\":\"pt-BR\",\"@id\":\"https:\/\/ninamartinelli.com.br\/blog2\/#\/schema\/person\/image\/\",\"url\":\"https:\/\/secure.gravatar.com\/avatar\/a03a82675d8bb3da8e5c5a6872db97be?s=96&d=mm&r=g\",\"contentUrl\":\"https:\/\/secure.gravatar.com\/avatar\/a03a82675d8bb3da8e5c5a6872db97be?s=96&d=mm&r=g\",\"caption\":\"Ana Maria Devides\"},\"url\":\"https:\/\/ninamartinelli.com.br\/blog2\/author\/assessoria-nina-martinelli\/\"}]}<\/script>\n<!-- \/ Yoast SEO plugin. -->","yoast_head_json":{"title":"CASACOR Ribeir\u00e3o Preto 2025 \u2013 Cer\u00e2mica Cotto Vecchio Nina Martinelli agrega brasilidade \u00e0 Sala de M\u00fasica","description":"CASACOR Ribeir\u00e3o Preto 2025 - Uma sala que convida, acolhe, abra\u00e7a e conquista. Como a m\u00fasica e a cultura brasileiras, venha conhecer mais","robots":{"index":"index","follow":"follow","max-snippet":"max-snippet:-1","max-image-preview":"max-image-preview:large","max-video-preview":"max-video-preview:-1"},"canonical":"https:\/\/ninamartinelli.com.br\/blog2\/casacor-ribeirao-preto-2025-ceramica-cotto-vecchio-nina-martinelli-agrega-brasilidade-a-sala-de-musica\/","og_locale":"pt_BR","og_type":"article","og_title":"CASACOR Ribeir\u00e3o Preto 2025 \u2013 Cer\u00e2mica Cotto Vecchio Nina Martinelli agrega brasilidade \u00e0 Sala de M\u00fasica","og_description":"CASACOR Ribeir\u00e3o Preto 2025 - Uma sala que convida, acolhe, abra\u00e7a e conquista. Como a m\u00fasica e a cultura brasileiras, venha conhecer mais","og_url":"https:\/\/ninamartinelli.com.br\/blog2\/casacor-ribeirao-preto-2025-ceramica-cotto-vecchio-nina-martinelli-agrega-brasilidade-a-sala-de-musica\/","og_site_name":"Blog Nina","article_published_time":"2025-08-20T11:30:35+00:00","article_modified_time":"2025-08-20T18:30:35+00:00","og_image":[{"width":1365,"height":1872,"url":"https:\/\/ninamartinelli.com.br\/blog2\/wp-content\/uploads\/2025\/08\/sala_musica_casacor_001-Copia.jpg","type":"image\/jpeg"}],"author":"Ana Maria Devides","twitter_card":"summary_large_image","twitter_misc":{"Escrito por":"Ana Maria Devides","Est. tempo de leitura":"4 minutos"},"schema":{"@context":"https:\/\/schema.org","@graph":[{"@type":"Article","@id":"https:\/\/ninamartinelli.com.br\/blog2\/casacor-ribeirao-preto-2025-ceramica-cotto-vecchio-nina-martinelli-agrega-brasilidade-a-sala-de-musica\/#article","isPartOf":{"@id":"https:\/\/ninamartinelli.com.br\/blog2\/casacor-ribeirao-preto-2025-ceramica-cotto-vecchio-nina-martinelli-agrega-brasilidade-a-sala-de-musica\/"},"author":{"name":"Ana Maria Devides","@id":"https:\/\/ninamartinelli.com.br\/blog2\/#\/schema\/person\/43fbfb1d4cbe3b472995206b2bb06df5"},"headline":"CASACOR Ribeir\u00e3o Preto 2025 \u2013 Cer\u00e2mica Cotto Vecchio Nina Martinelli agrega brasilidade \u00e0 Sala de M\u00fasica","datePublished":"2025-08-20T11:30:35+00:00","dateModified":"2025-08-20T18:30:35+00:00","mainEntityOfPage":{"@id":"https:\/\/ninamartinelli.com.br\/blog2\/casacor-ribeirao-preto-2025-ceramica-cotto-vecchio-nina-martinelli-agrega-brasilidade-a-sala-de-musica\/"},"wordCount":540,"commentCount":0,"publisher":{"@id":"https:\/\/ninamartinelli.com.br\/blog2\/#organization"},"image":{"@id":"https:\/\/ninamartinelli.com.br\/blog2\/casacor-ribeirao-preto-2025-ceramica-cotto-vecchio-nina-martinelli-agrega-brasilidade-a-sala-de-musica\/#primaryimage"},"thumbnailUrl":"https:\/\/ninamartinelli.com.br\/blog2\/wp-content\/uploads\/2025\/08\/sala_musica_casacor_001-Copia.jpg","keywords":["CASACOR Ribeir\u00e3o Preto; Mostras e eventos; cer\u00e2mica natural; brasilidade; sustentabilidade"],"articleSection":["CASA COR","Cer\u00e2mica","Mostras e Eventos","Nina Martinelli","Pisos","Sustentabilidade"],"inLanguage":"pt-BR","potentialAction":[{"@type":"CommentAction","name":"Comment","target":["https:\/\/ninamartinelli.com.br\/blog2\/casacor-ribeirao-preto-2025-ceramica-cotto-vecchio-nina-martinelli-agrega-brasilidade-a-sala-de-musica\/#respond"]}]},{"@type":"WebPage","@id":"https:\/\/ninamartinelli.com.br\/blog2\/casacor-ribeirao-preto-2025-ceramica-cotto-vecchio-nina-martinelli-agrega-brasilidade-a-sala-de-musica\/","url":"https:\/\/ninamartinelli.com.br\/blog2\/casacor-ribeirao-preto-2025-ceramica-cotto-vecchio-nina-martinelli-agrega-brasilidade-a-sala-de-musica\/","name":"CASACOR Ribeir\u00e3o Preto 2025 \u2013 Cer\u00e2mica Cotto Vecchio Nina Martinelli agrega brasilidade \u00e0 Sala de M\u00fasica","isPartOf":{"@id":"https:\/\/ninamartinelli.com.br\/blog2\/#website"},"primaryImageOfPage":{"@id":"https:\/\/ninamartinelli.com.br\/blog2\/casacor-ribeirao-preto-2025-ceramica-cotto-vecchio-nina-martinelli-agrega-brasilidade-a-sala-de-musica\/#primaryimage"},"image":{"@id":"https:\/\/ninamartinelli.com.br\/blog2\/casacor-ribeirao-preto-2025-ceramica-cotto-vecchio-nina-martinelli-agrega-brasilidade-a-sala-de-musica\/#primaryimage"},"thumbnailUrl":"https:\/\/ninamartinelli.com.br\/blog2\/wp-content\/uploads\/2025\/08\/sala_musica_casacor_001-Copia.jpg","datePublished":"2025-08-20T11:30:35+00:00","dateModified":"2025-08-20T18:30:35+00:00","description":"CASACOR Ribeir\u00e3o Preto 2025 - Uma sala que convida, acolhe, abra\u00e7a e conquista. Como a m\u00fasica e a cultura brasileiras, venha conhecer mais","breadcrumb":{"@id":"https:\/\/ninamartinelli.com.br\/blog2\/casacor-ribeirao-preto-2025-ceramica-cotto-vecchio-nina-martinelli-agrega-brasilidade-a-sala-de-musica\/#breadcrumb"},"inLanguage":"pt-BR","potentialAction":[{"@type":"ReadAction","target":["https:\/\/ninamartinelli.com.br\/blog2\/casacor-ribeirao-preto-2025-ceramica-cotto-vecchio-nina-martinelli-agrega-brasilidade-a-sala-de-musica\/"]}]},{"@type":"ImageObject","inLanguage":"pt-BR","@id":"https:\/\/ninamartinelli.com.br\/blog2\/casacor-ribeirao-preto-2025-ceramica-cotto-vecchio-nina-martinelli-agrega-brasilidade-a-sala-de-musica\/#primaryimage","url":"https:\/\/ninamartinelli.com.br\/blog2\/wp-content\/uploads\/2025\/08\/sala_musica_casacor_001-Copia.jpg","contentUrl":"https:\/\/ninamartinelli.com.br\/blog2\/wp-content\/uploads\/2025\/08\/sala_musica_casacor_001-Copia.jpg","width":1365,"height":1872},{"@type":"BreadcrumbList","@id":"https:\/\/ninamartinelli.com.br\/blog2\/casacor-ribeirao-preto-2025-ceramica-cotto-vecchio-nina-martinelli-agrega-brasilidade-a-sala-de-musica\/#breadcrumb","itemListElement":[{"@type":"ListItem","position":1,"name":"In\u00edcio","item":"https:\/\/ninamartinelli.com.br\/blog2\/"},{"@type":"ListItem","position":2,"name":"CASACOR Ribeir\u00e3o Preto 2025 \u2013 Cer\u00e2mica Cotto Vecchio Nina Martinelli agrega brasilidade \u00e0 Sala de M\u00fasica"}]},{"@type":"WebSite","@id":"https:\/\/ninamartinelli.com.br\/blog2\/#website","url":"https:\/\/ninamartinelli.com.br\/blog2\/","name":"Nina Martinelli","description":"#Nina_Martinelli","publisher":{"@id":"https:\/\/ninamartinelli.com.br\/blog2\/#organization"},"potentialAction":[{"@type":"SearchAction","target":{"@type":"EntryPoint","urlTemplate":"https:\/\/ninamartinelli.com.br\/blog2\/?s={search_term_string}"},"query-input":{"@type":"PropertyValueSpecification","valueRequired":true,"valueName":"search_term_string"}}],"inLanguage":"pt-BR"},{"@type":"Organization","@id":"https:\/\/ninamartinelli.com.br\/blog2\/#organization","name":"Blog Novidades","url":"https:\/\/ninamartinelli.com.br\/blog2\/","logo":{"@type":"ImageObject","inLanguage":"pt-BR","@id":"https:\/\/ninamartinelli.com.br\/blog2\/#\/schema\/logo\/image\/","url":"http:\/\/blog.ninamartinelli.com.br\/wp-content\/uploads\/2022\/03\/logo_nina_blog.png","contentUrl":"http:\/\/blog.ninamartinelli.com.br\/wp-content\/uploads\/2022\/03\/logo_nina_blog.png","width":500,"height":104,"caption":"Blog Novidades"},"image":{"@id":"https:\/\/ninamartinelli.com.br\/blog2\/#\/schema\/logo\/image\/"}},{"@type":"Person","@id":"https:\/\/ninamartinelli.com.br\/blog2\/#\/schema\/person\/43fbfb1d4cbe3b472995206b2bb06df5","name":"Ana Maria Devides","image":{"@type":"ImageObject","inLanguage":"pt-BR","@id":"https:\/\/ninamartinelli.com.br\/blog2\/#\/schema\/person\/image\/","url":"https:\/\/secure.gravatar.com\/avatar\/a03a82675d8bb3da8e5c5a6872db97be?s=96&d=mm&r=g","contentUrl":"https:\/\/secure.gravatar.com\/avatar\/a03a82675d8bb3da8e5c5a6872db97be?s=96&d=mm&r=g","caption":"Ana Maria Devides"},"url":"https:\/\/ninamartinelli.com.br\/blog2\/author\/assessoria-nina-martinelli\/"}]}},"_links":{"self":[{"href":"https:\/\/ninamartinelli.com.br\/blog2\/wp-json\/wp\/v2\/posts\/2886","targetHints":{"allow":["GET"]}}],"collection":[{"href":"https:\/\/ninamartinelli.com.br\/blog2\/wp-json\/wp\/v2\/posts"}],"about":[{"href":"https:\/\/ninamartinelli.com.br\/blog2\/wp-json\/wp\/v2\/types\/post"}],"author":[{"embeddable":true,"href":"https:\/\/ninamartinelli.com.br\/blog2\/wp-json\/wp\/v2\/users\/2"}],"replies":[{"embeddable":true,"href":"https:\/\/ninamartinelli.com.br\/blog2\/wp-json\/wp\/v2\/comments?post=2886"}],"version-history":[{"count":2,"href":"https:\/\/ninamartinelli.com.br\/blog2\/wp-json\/wp\/v2\/posts\/2886\/revisions"}],"predecessor-version":[{"id":2892,"href":"https:\/\/ninamartinelli.com.br\/blog2\/wp-json\/wp\/v2\/posts\/2886\/revisions\/2892"}],"wp:featuredmedia":[{"embeddable":true,"href":"https:\/\/ninamartinelli.com.br\/blog2\/wp-json\/wp\/v2\/media\/2893"}],"wp:attachment":[{"href":"https:\/\/ninamartinelli.com.br\/blog2\/wp-json\/wp\/v2\/media?parent=2886"}],"wp:term":[{"taxonomy":"category","embeddable":true,"href":"https:\/\/ninamartinelli.com.br\/blog2\/wp-json\/wp\/v2\/categories?post=2886"},{"taxonomy":"post_tag","embeddable":true,"href":"https:\/\/ninamartinelli.com.br\/blog2\/wp-json\/wp\/v2\/tags?post=2886"}],"curies":[{"name":"wp","href":"https:\/\/api.w.org\/{rel}","templated":true}]}}