{"id":2878,"date":"2025-08-18T10:14:04","date_gmt":"2025-08-18T13:14:04","guid":{"rendered":"https:\/\/ninamartinelli.com.br\/blog2\/?p=2878"},"modified":"2025-08-18T10:50:52","modified_gmt":"2025-08-18T13:50:52","slug":"casacor-ribeirao-preto-2025-em-8-ambientes-nina-martinelli-semeia-sonhos-com-alma-de-maos-artesas","status":"publish","type":"post","link":"https:\/\/ninamartinelli.com.br\/blog2\/casacor-ribeirao-preto-2025-em-8-ambientes-nina-martinelli-semeia-sonhos-com-alma-de-maos-artesas\/","title":{"rendered":"CASACOR Ribeir\u00e3o Preto 2025 &#8211; Em 8 ambientes, Nina Martinelli semeia sonhos com alma de m\u00e3os artes\u00e3s"},"content":{"rendered":"<p><strong>CASACOR Ribeir\u00e3o Preto 2025<\/strong> &#8211; H\u00e1 coisas que s\u00f3 o tempo ensina. Como transformar barro em beleza. Como tocar o cora\u00e7\u00e3o das pessoas por meio de formas, texturas e cores.<\/p>\n<p>E quando essa verdade se une \u00e0 criatividade dos maiores talentos da arquitetura, do design e do paisagismo, surgem espa\u00e7os que n\u00e3o apenas encantam o olhar \u2014 eles despertam o sentir.<\/p>\n<p>De 19 de agosto a 12 de outubro de 2025, a Nina Martinelli marca presen\u00e7a na <a href=\"https:\/\/casacor.abril.com.br\/pt-BR\/mostras\/ribeirao-preto-2025\">CASACOR Ribeir\u00e3o Preto 2025<\/a> com a alma de seus produtos artesanais em oito ambientes \u00fanicos.<\/p>\n<p>A mostra deste ano, que traz o tema \u201cSemear Sonhos\u201d, \u00e9 a \u00fanica da franquia realizada fora de uma capital, refor\u00e7ando o protagonismo de Ribeir\u00e3o Preto como polo nacional de tend\u00eancias e consumo no setor.<\/p>\n<p>E \u00e9 nesse cen\u00e1rio inspirador que a Nina Martinelli semeia sua ess\u00eancia \u2014 Feitos por Pessoas, Para Pessoas \u2014 em projetos que dialogam com o prop\u00f3sito, a sensibilidade, a sustentabilidade e a beleza natural dos seus acabamentos.<\/p>\n<p><strong>Oito ambientes. Oito formas de sentir:<\/strong><\/p>\n<ul>\n<li><strong>Sala do Escritor Augusto Cury \u2013 <a href=\"https:\/\/www.instagram.com\/rkarchitecture.co\/\">RK Architeture<\/a><\/strong><\/li>\n<\/ul>\n<p>Um ambiente que homenageia o autor, a arquiteta Rosemarie Kumayama, com o mesmo cuidado dedicado a cada palavra escrita. Aqui, os produtos Nina criam uma atmosfera sofisticada e ao mesmo tempo acolhedora:<\/p>\n<ul>\n<li><em>Due Vecchio Anciano Bianco<\/em> (23&#215;28)<\/li>\n<li><em>Frazione Bianco<\/em> (3,5&#215;22)<\/li>\n<li><em>Cobog\u00f3 Rarus Bianco<\/em><\/li>\n<\/ul>\n<ul>\n<li><strong>Su\u00edte Infantil (banheiro da su\u00edte) \u2013 <a href=\"https:\/\/www.instagram.com\/duemaria.arquitetura\/\">Due Maria Arquitetura<\/a><\/strong><\/li>\n<\/ul>\n<p>As arquitetas Maria Fernanda Murari e Maria Carolina Murari comp\u00f5em um espa\u00e7o l\u00fadico e delicado com diferentes dimens\u00f5es de um mesmo revestimento, criando ritmo visual e sensa\u00e7\u00e3o de aconchego:<\/p>\n<ul>\n<li><em>Due Vecchio Anciano Bianco<\/em> (23&#215;28 e 28&#215;28)<\/li>\n<li><em>Due Vecchio Anciano Areia<\/em> (28&#215;28)<\/li>\n<\/ul>\n<p>&nbsp;<\/p>\n<ul>\n<li><strong>Bioma \u2013 Sala da M\u00fasica \u2013 Lucas Ohara &#8211; <a href=\"https:\/\/www.instagram.com\/biomaarquitetura\/\">Bioma Arquitetura<\/a><\/strong><\/li>\n<\/ul>\n<p><strong>\u00a0<\/strong><\/p>\n<p>Com olhar sens\u00edvel e linguagem contempor\u00e2nea, o arquiteto apresenta um espa\u00e7o sensorial, onde o som e a textura se encontram. O toque r\u00fastico do <em>Cotto Vecchio Rosso<\/em> (11,5&#215;11,5) traduz o esp\u00edrito do ambiente.<\/p>\n<p><strong>\u00a0<\/strong><\/p>\n<ul>\n<li><strong>Office \u2013 Arquiteto <a href=\"http:\/\/@arq.douglasoliveira\">Douglas Lopes de Oliveira<\/a><\/strong><\/li>\n<\/ul>\n<p>Simplicidade elegante para inspirar produtividade e bem-estar. A geometria suave do <em>Ver\u00edssimo Bianco<\/em> (12&#215;12 cm) d\u00e1 o tom ao ambiente de trabalho com personalidade.<\/p>\n<p>&nbsp;<\/p>\n<ul>\n<li><strong>Espa\u00e7o Reconecta (Cl\u00ednica de bem-estar) \u2013 Joel Pereira, Marina Moro e Viviane Cantarino<\/strong><\/li>\n<\/ul>\n<p><strong>\u00a0\u00a0\u00a0\u00a0\u00a0\u00a0\u00a0 <\/strong>Especialistas em arquitetura hospitalar, mas com extrema humaniza\u00e7\u00e3o e sensibilidade, os profissionais assinam um projeto onde sa\u00fade, conforto e beleza se entrela\u00e7am. O <em>Pacco Cotto Vecchio Nero<\/em> empresta ao espa\u00e7o um toque de profundidade e rusticidade.<\/p>\n<ul>\n<li><strong>Atelier do Chef \u2013 <a href=\"https:\/\/www.instagram.com\/rosearaujointeriores\/\">Rose Ara\u00fajo<\/a> e <a href=\"https:\/\/www.instagram.com\/elomondi\/\">Elo\u00edsa Mondi<\/a><\/strong><\/li>\n<\/ul>\n<p>Um ambiente completo, com cozinha, lou\u00e7aria e varanda, onde o design encontra a gastronomia. O <em>Quadratto Vecchio Allineato Linho<\/em> confere harmonia e refinamento a esse convite ao conv\u00edvio.<\/p>\n<p>&nbsp;<\/p>\n<ul>\n<li><strong>Sala de Lazer (banheiro) \u2013 <a href=\"https:\/\/www.instagram.com\/aephi.arq\/\">Fabio Grile<\/a><\/strong><\/li>\n<\/ul>\n<p>O arquiteto prop\u00f5e um espa\u00e7o \u00edntimo que convida \u00e0 pausa e ao relaxamento. O revestimento <em>Due Vecchio Anciano Rosso<\/em> (23&#215;28) aquece visualmente o banheiro, trazendo textura e acolhimento.<\/p>\n<p>&nbsp;<\/p>\n<ul>\n<li><strong>Restaurante CASACOR Ribeir\u00e3o Preto 2025 \u2013 Arquiteta Carina Nunes de Rezende<\/strong><\/li>\n<\/ul>\n<p>Cora\u00e7\u00e3o social da mostra, o restaurante \u00e9 um espa\u00e7o vibrante e sofisticado. O <em>Piso Roccia Beige<\/em>, da Nina Martinelli, oferece resist\u00eancia, eleg\u00e2ncia e atemporalidade para esse ambiente de encontros e experi\u00eancias.<\/p>\n<p><strong>Design com alma e prop\u00f3sito<\/strong><\/p>\n<p>Mais do que revestir espa\u00e7os, os produtos da Nina Martinelli narram hist\u00f3rias. Cada pe\u00e7a nasce do barro, moldada pelas m\u00e3os de artes\u00e3os que escutam a mat\u00e9ria com respeito e sensibilidade. Cada relevo, cada tonalidade e cada textura carregam a verdade de um processo feito com sustentabilidade, tempo, t\u00e9cnica e cora\u00e7\u00e3o.<\/p>\n<p>A CASACOR Ribeir\u00e3o Preto 2025 \u00e9 o cen\u00e1rio ideal para revelar esse universo. Com o tema \u201cSemear Sonhos\u201d, a mostra se transforma em um campo f\u00e9rtil para a experimenta\u00e7\u00e3o, a beleza e o cuidado \u2014 valores que movem a Nina Martinelli em sua trajet\u00f3ria de mais de 25 anos.<\/p>\n<p>Em tempos de urg\u00eancia, a marca resgata a import\u00e2ncia de caminhar com calma, de ver beleza nos detalhes, de sentir com a alma o que se v\u00ea com os olhos. E \u00e9 essa est\u00e9tica emocional que estar\u00e1 presente em cada um dos oito ambientes que contam com acabamentos Nina Martinelli.<\/p>\n<p><strong>Voc\u00ea est\u00e1 pronto para sentir?<\/strong><\/p>\n<p>A experi\u00eancia \u00e9 imersiva. Os ambientes da CASACOR Ribeir\u00e3o Preto 2025 v\u00e3o tocar, inspirar, acolher. E os produtos da Nina Martinelli estar\u00e3o l\u00e1 \u2014 feitos com verdade, para pessoas que reconhecem o valor do que \u00e9 feito \u00e0 m\u00e3o.<\/p>\n<p>Descubra mais sobre nossos produtos e mergulhe nesse universo de beleza atemporal: <strong>www.ninamartinelli.com.br<\/strong><\/p>\n<p>E n\u00e3o perca a oportunidade de visitar pessoalmente os ambientes da Nina na mostra!<\/p>\n<p><strong>Imagens desta mat\u00e9ria: Acervo Nina Martinelli proveniente de outras mostras j\u00e1 realizadas no Brasil.<\/strong><\/p>\n<p><strong>Servi\u00e7o:<\/strong><br \/>\n<strong>CASACOR Ribeir\u00e3o Preto 2025 \u2013 De 19 de agosto a 12 de outubro<\/strong><br \/>\nAvenida Anhanguera, 790 \u2013 Ribeir\u00e3o Preto, SP<\/p>\n<p><img loading=\"lazy\" decoding=\"async\" class=\"alignnone wp-image-2880\" src=\"https:\/\/ninamartinelli.com.br\/blog2\/wp-content\/uploads\/2025\/08\/casacorribeiraoabertura1-169x300.jpeg\" alt=\"\" width=\"230\" height=\"408\" srcset=\"https:\/\/ninamartinelli.com.br\/blog2\/wp-content\/uploads\/2025\/08\/casacorribeiraoabertura1-169x300.jpeg 169w, https:\/\/ninamartinelli.com.br\/blog2\/wp-content\/uploads\/2025\/08\/casacorribeiraoabertura1-576x1024.jpeg 576w, https:\/\/ninamartinelli.com.br\/blog2\/wp-content\/uploads\/2025\/08\/casacorribeiraoabertura1-768x1365.jpeg 768w, https:\/\/ninamartinelli.com.br\/blog2\/wp-content\/uploads\/2025\/08\/casacorribeiraoabertura1-864x1536.jpeg 864w, https:\/\/ninamartinelli.com.br\/blog2\/wp-content\/uploads\/2025\/08\/casacorribeiraoabertura1.jpeg 900w\" sizes=\"auto, (max-width: 230px) 100vw, 230px\" \/>\u00a0 \u00a0 \u00a0 \u00a0 \u00a0 <img loading=\"lazy\" decoding=\"async\" class=\"alignnone wp-image-2881\" src=\"https:\/\/ninamartinelli.com.br\/blog2\/wp-content\/uploads\/2025\/08\/casacorribeiraoabertura2-169x300.jpeg\" alt=\"\" width=\"229\" height=\"407\" srcset=\"https:\/\/ninamartinelli.com.br\/blog2\/wp-content\/uploads\/2025\/08\/casacorribeiraoabertura2-169x300.jpeg 169w, https:\/\/ninamartinelli.com.br\/blog2\/wp-content\/uploads\/2025\/08\/casacorribeiraoabertura2-576x1024.jpeg 576w, https:\/\/ninamartinelli.com.br\/blog2\/wp-content\/uploads\/2025\/08\/casacorribeiraoabertura2-768x1365.jpeg 768w, https:\/\/ninamartinelli.com.br\/blog2\/wp-content\/uploads\/2025\/08\/casacorribeiraoabertura2-864x1536.jpeg 864w, https:\/\/ninamartinelli.com.br\/blog2\/wp-content\/uploads\/2025\/08\/casacorribeiraoabertura2.jpeg 900w\" sizes=\"auto, (max-width: 229px) 100vw, 229px\" \/><\/p>\n<p>&nbsp;<\/p>\n<p><img loading=\"lazy\" decoding=\"async\" class=\"alignnone wp-image-2882\" src=\"https:\/\/ninamartinelli.com.br\/blog2\/wp-content\/uploads\/2025\/08\/casacorribeiraoabertura4-200x300.jpeg\" alt=\"\" width=\"233\" height=\"350\" srcset=\"https:\/\/ninamartinelli.com.br\/blog2\/wp-content\/uploads\/2025\/08\/casacorribeiraoabertura4-200x300.jpeg 200w, https:\/\/ninamartinelli.com.br\/blog2\/wp-content\/uploads\/2025\/08\/casacorribeiraoabertura4-682x1024.jpeg 682w, https:\/\/ninamartinelli.com.br\/blog2\/wp-content\/uploads\/2025\/08\/casacorribeiraoabertura4-768x1153.jpeg 768w, https:\/\/ninamartinelli.com.br\/blog2\/wp-content\/uploads\/2025\/08\/casacorribeiraoabertura4-1023x1536.jpeg 1023w, https:\/\/ninamartinelli.com.br\/blog2\/wp-content\/uploads\/2025\/08\/casacorribeiraoabertura4-1024x1537.jpeg 1024w, https:\/\/ninamartinelli.com.br\/blog2\/wp-content\/uploads\/2025\/08\/casacorribeiraoabertura4.jpeg 1066w\" sizes=\"auto, (max-width: 233px) 100vw, 233px\" \/><\/p>\n<p>&nbsp;<\/p>\n","protected":false},"excerpt":{"rendered":"<p>CASACOR Ribeir\u00e3o Preto 2025 &#8211; H\u00e1 coisas que s\u00f3 o tempo ensina. Como transformar barro<\/p>\n","protected":false},"author":2,"featured_media":2879,"comment_status":"open","ping_status":"open","sticky":false,"template":"","format":"standard","meta":{"footnotes":""},"categories":[27,59,19,1,26,129],"tags":[130,37,24,46,131],"class_list":["post-2878","post","type-post","status-publish","format-standard","has-post-thumbnail","hentry","category-casa-cor","category-ceramica","category-mostras-e-eventos","category-nina-martinelli","category-revestimentos","category-sustentabilidade","tag-casa-cor-ribeirao-preto","tag-parede","tag-piso","tag-revestimento","tag-sustentabilidade"],"yoast_head":"<!-- This site is optimized with the Yoast SEO plugin v26.8 - https:\/\/yoast.com\/product\/yoast-seo-wordpress\/ -->\n<title>CASACOR Ribeir\u00e3o Preto 2025 - Em 8 ambientes, Nina Martinelli semeia sonhos com alma de m\u00e3os artes\u00e3s<\/title>\n<meta name=\"description\" content=\"CASACOR Ribeir\u00e3o Preto 2025 - Nina Martinelli tem participa\u00e7\u00e3o de gala na mostra que come\u00e7a amanh\u00e3 e est\u00e1 em 8 ambientes, saiba mais!\" \/>\n<meta name=\"robots\" content=\"index, follow, max-snippet:-1, max-image-preview:large, max-video-preview:-1\" \/>\n<link rel=\"canonical\" href=\"https:\/\/ninamartinelli.com.br\/blog2\/casacor-ribeirao-preto-2025-em-8-ambientes-nina-martinelli-semeia-sonhos-com-alma-de-maos-artesas\/\" \/>\n<meta property=\"og:locale\" content=\"pt_BR\" \/>\n<meta property=\"og:type\" content=\"article\" \/>\n<meta property=\"og:title\" content=\"CASACOR Ribeir\u00e3o Preto 2025 - Em 8 ambientes, Nina Martinelli semeia sonhos com alma de m\u00e3os artes\u00e3s\" \/>\n<meta property=\"og:description\" content=\"CASACOR Ribeir\u00e3o Preto 2025 - Nina Martinelli tem participa\u00e7\u00e3o de gala na mostra que come\u00e7a amanh\u00e3 e est\u00e1 em 8 ambientes, saiba mais!\" \/>\n<meta property=\"og:url\" content=\"https:\/\/ninamartinelli.com.br\/blog2\/casacor-ribeirao-preto-2025-em-8-ambientes-nina-martinelli-semeia-sonhos-com-alma-de-maos-artesas\/\" \/>\n<meta property=\"og:site_name\" content=\"Blog Nina\" \/>\n<meta property=\"article:published_time\" content=\"2025-08-18T13:14:04+00:00\" \/>\n<meta property=\"article:modified_time\" content=\"2025-08-18T13:50:52+00:00\" \/>\n<meta property=\"og:image\" content=\"https:\/\/ninamartinelli.com.br\/blog2\/wp-content\/uploads\/2025\/08\/casacorribeiraoabertura3.jpeg\" \/>\n\t<meta property=\"og:image:width\" content=\"634\" \/>\n\t<meta property=\"og:image:height\" content=\"951\" \/>\n\t<meta property=\"og:image:type\" content=\"image\/jpeg\" \/>\n<meta name=\"author\" content=\"Ana Maria Devides\" \/>\n<meta name=\"twitter:card\" content=\"summary_large_image\" \/>\n<meta name=\"twitter:label1\" content=\"Escrito por\" \/>\n\t<meta name=\"twitter:data1\" content=\"Ana Maria Devides\" \/>\n\t<meta name=\"twitter:label2\" content=\"Est. tempo de leitura\" \/>\n\t<meta name=\"twitter:data2\" content=\"5 minutos\" \/>\n<script type=\"application\/ld+json\" class=\"yoast-schema-graph\">{\"@context\":\"https:\/\/schema.org\",\"@graph\":[{\"@type\":\"Article\",\"@id\":\"https:\/\/ninamartinelli.com.br\/blog2\/casacor-ribeirao-preto-2025-em-8-ambientes-nina-martinelli-semeia-sonhos-com-alma-de-maos-artesas\/#article\",\"isPartOf\":{\"@id\":\"https:\/\/ninamartinelli.com.br\/blog2\/casacor-ribeirao-preto-2025-em-8-ambientes-nina-martinelli-semeia-sonhos-com-alma-de-maos-artesas\/\"},\"author\":{\"name\":\"Ana Maria Devides\",\"@id\":\"https:\/\/ninamartinelli.com.br\/blog2\/#\/schema\/person\/43fbfb1d4cbe3b472995206b2bb06df5\"},\"headline\":\"CASACOR Ribeir\u00e3o Preto 2025 &#8211; Em 8 ambientes, Nina Martinelli semeia sonhos com alma de m\u00e3os artes\u00e3s\",\"datePublished\":\"2025-08-18T13:14:04+00:00\",\"dateModified\":\"2025-08-18T13:50:52+00:00\",\"mainEntityOfPage\":{\"@id\":\"https:\/\/ninamartinelli.com.br\/blog2\/casacor-ribeirao-preto-2025-em-8-ambientes-nina-martinelli-semeia-sonhos-com-alma-de-maos-artesas\/\"},\"wordCount\":828,\"commentCount\":0,\"publisher\":{\"@id\":\"https:\/\/ninamartinelli.com.br\/blog2\/#organization\"},\"image\":{\"@id\":\"https:\/\/ninamartinelli.com.br\/blog2\/casacor-ribeirao-preto-2025-em-8-ambientes-nina-martinelli-semeia-sonhos-com-alma-de-maos-artesas\/#primaryimage\"},\"thumbnailUrl\":\"https:\/\/ninamartinelli.com.br\/blog2\/wp-content\/uploads\/2025\/08\/casacorribeiraoabertura3.jpeg\",\"keywords\":[\"Casa Cor Ribeir\u00e3o Preto\",\"parede\",\"piso\",\"revestimento\",\"Sustentabilidade\"],\"articleSection\":[\"CASA COR\",\"Cer\u00e2mica\",\"Mostras e Eventos\",\"Nina Martinelli\",\"Revestimentos\",\"Sustentabilidade\"],\"inLanguage\":\"pt-BR\",\"potentialAction\":[{\"@type\":\"CommentAction\",\"name\":\"Comment\",\"target\":[\"https:\/\/ninamartinelli.com.br\/blog2\/casacor-ribeirao-preto-2025-em-8-ambientes-nina-martinelli-semeia-sonhos-com-alma-de-maos-artesas\/#respond\"]}]},{\"@type\":\"WebPage\",\"@id\":\"https:\/\/ninamartinelli.com.br\/blog2\/casacor-ribeirao-preto-2025-em-8-ambientes-nina-martinelli-semeia-sonhos-com-alma-de-maos-artesas\/\",\"url\":\"https:\/\/ninamartinelli.com.br\/blog2\/casacor-ribeirao-preto-2025-em-8-ambientes-nina-martinelli-semeia-sonhos-com-alma-de-maos-artesas\/\",\"name\":\"CASACOR Ribeir\u00e3o Preto 2025 - Em 8 ambientes, Nina Martinelli semeia sonhos com alma de m\u00e3os artes\u00e3s\",\"isPartOf\":{\"@id\":\"https:\/\/ninamartinelli.com.br\/blog2\/#website\"},\"primaryImageOfPage\":{\"@id\":\"https:\/\/ninamartinelli.com.br\/blog2\/casacor-ribeirao-preto-2025-em-8-ambientes-nina-martinelli-semeia-sonhos-com-alma-de-maos-artesas\/#primaryimage\"},\"image\":{\"@id\":\"https:\/\/ninamartinelli.com.br\/blog2\/casacor-ribeirao-preto-2025-em-8-ambientes-nina-martinelli-semeia-sonhos-com-alma-de-maos-artesas\/#primaryimage\"},\"thumbnailUrl\":\"https:\/\/ninamartinelli.com.br\/blog2\/wp-content\/uploads\/2025\/08\/casacorribeiraoabertura3.jpeg\",\"datePublished\":\"2025-08-18T13:14:04+00:00\",\"dateModified\":\"2025-08-18T13:50:52+00:00\",\"description\":\"CASACOR Ribeir\u00e3o Preto 2025 - Nina Martinelli tem participa\u00e7\u00e3o de gala na mostra que come\u00e7a amanh\u00e3 e est\u00e1 em 8 ambientes, saiba mais!\",\"breadcrumb\":{\"@id\":\"https:\/\/ninamartinelli.com.br\/blog2\/casacor-ribeirao-preto-2025-em-8-ambientes-nina-martinelli-semeia-sonhos-com-alma-de-maos-artesas\/#breadcrumb\"},\"inLanguage\":\"pt-BR\",\"potentialAction\":[{\"@type\":\"ReadAction\",\"target\":[\"https:\/\/ninamartinelli.com.br\/blog2\/casacor-ribeirao-preto-2025-em-8-ambientes-nina-martinelli-semeia-sonhos-com-alma-de-maos-artesas\/\"]}]},{\"@type\":\"ImageObject\",\"inLanguage\":\"pt-BR\",\"@id\":\"https:\/\/ninamartinelli.com.br\/blog2\/casacor-ribeirao-preto-2025-em-8-ambientes-nina-martinelli-semeia-sonhos-com-alma-de-maos-artesas\/#primaryimage\",\"url\":\"https:\/\/ninamartinelli.com.br\/blog2\/wp-content\/uploads\/2025\/08\/casacorribeiraoabertura3.jpeg\",\"contentUrl\":\"https:\/\/ninamartinelli.com.br\/blog2\/wp-content\/uploads\/2025\/08\/casacorribeiraoabertura3.jpeg\",\"width\":634,\"height\":951},{\"@type\":\"BreadcrumbList\",\"@id\":\"https:\/\/ninamartinelli.com.br\/blog2\/casacor-ribeirao-preto-2025-em-8-ambientes-nina-martinelli-semeia-sonhos-com-alma-de-maos-artesas\/#breadcrumb\",\"itemListElement\":[{\"@type\":\"ListItem\",\"position\":1,\"name\":\"In\u00edcio\",\"item\":\"https:\/\/ninamartinelli.com.br\/blog2\/\"},{\"@type\":\"ListItem\",\"position\":2,\"name\":\"CASACOR Ribeir\u00e3o Preto 2025 &#8211; Em 8 ambientes, Nina Martinelli semeia sonhos com alma de m\u00e3os artes\u00e3s\"}]},{\"@type\":\"WebSite\",\"@id\":\"https:\/\/ninamartinelli.com.br\/blog2\/#website\",\"url\":\"https:\/\/ninamartinelli.com.br\/blog2\/\",\"name\":\"Nina Martinelli\",\"description\":\"#Nina_Martinelli\",\"publisher\":{\"@id\":\"https:\/\/ninamartinelli.com.br\/blog2\/#organization\"},\"potentialAction\":[{\"@type\":\"SearchAction\",\"target\":{\"@type\":\"EntryPoint\",\"urlTemplate\":\"https:\/\/ninamartinelli.com.br\/blog2\/?s={search_term_string}\"},\"query-input\":{\"@type\":\"PropertyValueSpecification\",\"valueRequired\":true,\"valueName\":\"search_term_string\"}}],\"inLanguage\":\"pt-BR\"},{\"@type\":\"Organization\",\"@id\":\"https:\/\/ninamartinelli.com.br\/blog2\/#organization\",\"name\":\"Blog Novidades\",\"url\":\"https:\/\/ninamartinelli.com.br\/blog2\/\",\"logo\":{\"@type\":\"ImageObject\",\"inLanguage\":\"pt-BR\",\"@id\":\"https:\/\/ninamartinelli.com.br\/blog2\/#\/schema\/logo\/image\/\",\"url\":\"http:\/\/blog.ninamartinelli.com.br\/wp-content\/uploads\/2022\/03\/logo_nina_blog.png\",\"contentUrl\":\"http:\/\/blog.ninamartinelli.com.br\/wp-content\/uploads\/2022\/03\/logo_nina_blog.png\",\"width\":500,\"height\":104,\"caption\":\"Blog Novidades\"},\"image\":{\"@id\":\"https:\/\/ninamartinelli.com.br\/blog2\/#\/schema\/logo\/image\/\"}},{\"@type\":\"Person\",\"@id\":\"https:\/\/ninamartinelli.com.br\/blog2\/#\/schema\/person\/43fbfb1d4cbe3b472995206b2bb06df5\",\"name\":\"Ana Maria Devides\",\"image\":{\"@type\":\"ImageObject\",\"inLanguage\":\"pt-BR\",\"@id\":\"https:\/\/ninamartinelli.com.br\/blog2\/#\/schema\/person\/image\/\",\"url\":\"https:\/\/secure.gravatar.com\/avatar\/a03a82675d8bb3da8e5c5a6872db97be?s=96&d=mm&r=g\",\"contentUrl\":\"https:\/\/secure.gravatar.com\/avatar\/a03a82675d8bb3da8e5c5a6872db97be?s=96&d=mm&r=g\",\"caption\":\"Ana Maria Devides\"},\"url\":\"https:\/\/ninamartinelli.com.br\/blog2\/author\/assessoria-nina-martinelli\/\"}]}<\/script>\n<!-- \/ Yoast SEO plugin. -->","yoast_head_json":{"title":"CASACOR Ribeir\u00e3o Preto 2025 - Em 8 ambientes, Nina Martinelli semeia sonhos com alma de m\u00e3os artes\u00e3s","description":"CASACOR Ribeir\u00e3o Preto 2025 - Nina Martinelli tem participa\u00e7\u00e3o de gala na mostra que come\u00e7a amanh\u00e3 e est\u00e1 em 8 ambientes, saiba mais!","robots":{"index":"index","follow":"follow","max-snippet":"max-snippet:-1","max-image-preview":"max-image-preview:large","max-video-preview":"max-video-preview:-1"},"canonical":"https:\/\/ninamartinelli.com.br\/blog2\/casacor-ribeirao-preto-2025-em-8-ambientes-nina-martinelli-semeia-sonhos-com-alma-de-maos-artesas\/","og_locale":"pt_BR","og_type":"article","og_title":"CASACOR Ribeir\u00e3o Preto 2025 - Em 8 ambientes, Nina Martinelli semeia sonhos com alma de m\u00e3os artes\u00e3s","og_description":"CASACOR Ribeir\u00e3o Preto 2025 - Nina Martinelli tem participa\u00e7\u00e3o de gala na mostra que come\u00e7a amanh\u00e3 e est\u00e1 em 8 ambientes, saiba mais!","og_url":"https:\/\/ninamartinelli.com.br\/blog2\/casacor-ribeirao-preto-2025-em-8-ambientes-nina-martinelli-semeia-sonhos-com-alma-de-maos-artesas\/","og_site_name":"Blog Nina","article_published_time":"2025-08-18T13:14:04+00:00","article_modified_time":"2025-08-18T13:50:52+00:00","og_image":[{"width":634,"height":951,"url":"https:\/\/ninamartinelli.com.br\/blog2\/wp-content\/uploads\/2025\/08\/casacorribeiraoabertura3.jpeg","type":"image\/jpeg"}],"author":"Ana Maria Devides","twitter_card":"summary_large_image","twitter_misc":{"Escrito por":"Ana Maria Devides","Est. tempo de leitura":"5 minutos"},"schema":{"@context":"https:\/\/schema.org","@graph":[{"@type":"Article","@id":"https:\/\/ninamartinelli.com.br\/blog2\/casacor-ribeirao-preto-2025-em-8-ambientes-nina-martinelli-semeia-sonhos-com-alma-de-maos-artesas\/#article","isPartOf":{"@id":"https:\/\/ninamartinelli.com.br\/blog2\/casacor-ribeirao-preto-2025-em-8-ambientes-nina-martinelli-semeia-sonhos-com-alma-de-maos-artesas\/"},"author":{"name":"Ana Maria Devides","@id":"https:\/\/ninamartinelli.com.br\/blog2\/#\/schema\/person\/43fbfb1d4cbe3b472995206b2bb06df5"},"headline":"CASACOR Ribeir\u00e3o Preto 2025 &#8211; Em 8 ambientes, Nina Martinelli semeia sonhos com alma de m\u00e3os artes\u00e3s","datePublished":"2025-08-18T13:14:04+00:00","dateModified":"2025-08-18T13:50:52+00:00","mainEntityOfPage":{"@id":"https:\/\/ninamartinelli.com.br\/blog2\/casacor-ribeirao-preto-2025-em-8-ambientes-nina-martinelli-semeia-sonhos-com-alma-de-maos-artesas\/"},"wordCount":828,"commentCount":0,"publisher":{"@id":"https:\/\/ninamartinelli.com.br\/blog2\/#organization"},"image":{"@id":"https:\/\/ninamartinelli.com.br\/blog2\/casacor-ribeirao-preto-2025-em-8-ambientes-nina-martinelli-semeia-sonhos-com-alma-de-maos-artesas\/#primaryimage"},"thumbnailUrl":"https:\/\/ninamartinelli.com.br\/blog2\/wp-content\/uploads\/2025\/08\/casacorribeiraoabertura3.jpeg","keywords":["Casa Cor Ribeir\u00e3o Preto","parede","piso","revestimento","Sustentabilidade"],"articleSection":["CASA COR","Cer\u00e2mica","Mostras e Eventos","Nina Martinelli","Revestimentos","Sustentabilidade"],"inLanguage":"pt-BR","potentialAction":[{"@type":"CommentAction","name":"Comment","target":["https:\/\/ninamartinelli.com.br\/blog2\/casacor-ribeirao-preto-2025-em-8-ambientes-nina-martinelli-semeia-sonhos-com-alma-de-maos-artesas\/#respond"]}]},{"@type":"WebPage","@id":"https:\/\/ninamartinelli.com.br\/blog2\/casacor-ribeirao-preto-2025-em-8-ambientes-nina-martinelli-semeia-sonhos-com-alma-de-maos-artesas\/","url":"https:\/\/ninamartinelli.com.br\/blog2\/casacor-ribeirao-preto-2025-em-8-ambientes-nina-martinelli-semeia-sonhos-com-alma-de-maos-artesas\/","name":"CASACOR Ribeir\u00e3o Preto 2025 - Em 8 ambientes, Nina Martinelli semeia sonhos com alma de m\u00e3os artes\u00e3s","isPartOf":{"@id":"https:\/\/ninamartinelli.com.br\/blog2\/#website"},"primaryImageOfPage":{"@id":"https:\/\/ninamartinelli.com.br\/blog2\/casacor-ribeirao-preto-2025-em-8-ambientes-nina-martinelli-semeia-sonhos-com-alma-de-maos-artesas\/#primaryimage"},"image":{"@id":"https:\/\/ninamartinelli.com.br\/blog2\/casacor-ribeirao-preto-2025-em-8-ambientes-nina-martinelli-semeia-sonhos-com-alma-de-maos-artesas\/#primaryimage"},"thumbnailUrl":"https:\/\/ninamartinelli.com.br\/blog2\/wp-content\/uploads\/2025\/08\/casacorribeiraoabertura3.jpeg","datePublished":"2025-08-18T13:14:04+00:00","dateModified":"2025-08-18T13:50:52+00:00","description":"CASACOR Ribeir\u00e3o Preto 2025 - Nina Martinelli tem participa\u00e7\u00e3o de gala na mostra que come\u00e7a amanh\u00e3 e est\u00e1 em 8 ambientes, saiba mais!","breadcrumb":{"@id":"https:\/\/ninamartinelli.com.br\/blog2\/casacor-ribeirao-preto-2025-em-8-ambientes-nina-martinelli-semeia-sonhos-com-alma-de-maos-artesas\/#breadcrumb"},"inLanguage":"pt-BR","potentialAction":[{"@type":"ReadAction","target":["https:\/\/ninamartinelli.com.br\/blog2\/casacor-ribeirao-preto-2025-em-8-ambientes-nina-martinelli-semeia-sonhos-com-alma-de-maos-artesas\/"]}]},{"@type":"ImageObject","inLanguage":"pt-BR","@id":"https:\/\/ninamartinelli.com.br\/blog2\/casacor-ribeirao-preto-2025-em-8-ambientes-nina-martinelli-semeia-sonhos-com-alma-de-maos-artesas\/#primaryimage","url":"https:\/\/ninamartinelli.com.br\/blog2\/wp-content\/uploads\/2025\/08\/casacorribeiraoabertura3.jpeg","contentUrl":"https:\/\/ninamartinelli.com.br\/blog2\/wp-content\/uploads\/2025\/08\/casacorribeiraoabertura3.jpeg","width":634,"height":951},{"@type":"BreadcrumbList","@id":"https:\/\/ninamartinelli.com.br\/blog2\/casacor-ribeirao-preto-2025-em-8-ambientes-nina-martinelli-semeia-sonhos-com-alma-de-maos-artesas\/#breadcrumb","itemListElement":[{"@type":"ListItem","position":1,"name":"In\u00edcio","item":"https:\/\/ninamartinelli.com.br\/blog2\/"},{"@type":"ListItem","position":2,"name":"CASACOR Ribeir\u00e3o Preto 2025 &#8211; Em 8 ambientes, Nina Martinelli semeia sonhos com alma de m\u00e3os artes\u00e3s"}]},{"@type":"WebSite","@id":"https:\/\/ninamartinelli.com.br\/blog2\/#website","url":"https:\/\/ninamartinelli.com.br\/blog2\/","name":"Nina Martinelli","description":"#Nina_Martinelli","publisher":{"@id":"https:\/\/ninamartinelli.com.br\/blog2\/#organization"},"potentialAction":[{"@type":"SearchAction","target":{"@type":"EntryPoint","urlTemplate":"https:\/\/ninamartinelli.com.br\/blog2\/?s={search_term_string}"},"query-input":{"@type":"PropertyValueSpecification","valueRequired":true,"valueName":"search_term_string"}}],"inLanguage":"pt-BR"},{"@type":"Organization","@id":"https:\/\/ninamartinelli.com.br\/blog2\/#organization","name":"Blog Novidades","url":"https:\/\/ninamartinelli.com.br\/blog2\/","logo":{"@type":"ImageObject","inLanguage":"pt-BR","@id":"https:\/\/ninamartinelli.com.br\/blog2\/#\/schema\/logo\/image\/","url":"http:\/\/blog.ninamartinelli.com.br\/wp-content\/uploads\/2022\/03\/logo_nina_blog.png","contentUrl":"http:\/\/blog.ninamartinelli.com.br\/wp-content\/uploads\/2022\/03\/logo_nina_blog.png","width":500,"height":104,"caption":"Blog Novidades"},"image":{"@id":"https:\/\/ninamartinelli.com.br\/blog2\/#\/schema\/logo\/image\/"}},{"@type":"Person","@id":"https:\/\/ninamartinelli.com.br\/blog2\/#\/schema\/person\/43fbfb1d4cbe3b472995206b2bb06df5","name":"Ana Maria Devides","image":{"@type":"ImageObject","inLanguage":"pt-BR","@id":"https:\/\/ninamartinelli.com.br\/blog2\/#\/schema\/person\/image\/","url":"https:\/\/secure.gravatar.com\/avatar\/a03a82675d8bb3da8e5c5a6872db97be?s=96&d=mm&r=g","contentUrl":"https:\/\/secure.gravatar.com\/avatar\/a03a82675d8bb3da8e5c5a6872db97be?s=96&d=mm&r=g","caption":"Ana Maria Devides"},"url":"https:\/\/ninamartinelli.com.br\/blog2\/author\/assessoria-nina-martinelli\/"}]}},"_links":{"self":[{"href":"https:\/\/ninamartinelli.com.br\/blog2\/wp-json\/wp\/v2\/posts\/2878","targetHints":{"allow":["GET"]}}],"collection":[{"href":"https:\/\/ninamartinelli.com.br\/blog2\/wp-json\/wp\/v2\/posts"}],"about":[{"href":"https:\/\/ninamartinelli.com.br\/blog2\/wp-json\/wp\/v2\/types\/post"}],"author":[{"embeddable":true,"href":"https:\/\/ninamartinelli.com.br\/blog2\/wp-json\/wp\/v2\/users\/2"}],"replies":[{"embeddable":true,"href":"https:\/\/ninamartinelli.com.br\/blog2\/wp-json\/wp\/v2\/comments?post=2878"}],"version-history":[{"count":3,"href":"https:\/\/ninamartinelli.com.br\/blog2\/wp-json\/wp\/v2\/posts\/2878\/revisions"}],"predecessor-version":[{"id":2885,"href":"https:\/\/ninamartinelli.com.br\/blog2\/wp-json\/wp\/v2\/posts\/2878\/revisions\/2885"}],"wp:featuredmedia":[{"embeddable":true,"href":"https:\/\/ninamartinelli.com.br\/blog2\/wp-json\/wp\/v2\/media\/2879"}],"wp:attachment":[{"href":"https:\/\/ninamartinelli.com.br\/blog2\/wp-json\/wp\/v2\/media?parent=2878"}],"wp:term":[{"taxonomy":"category","embeddable":true,"href":"https:\/\/ninamartinelli.com.br\/blog2\/wp-json\/wp\/v2\/categories?post=2878"},{"taxonomy":"post_tag","embeddable":true,"href":"https:\/\/ninamartinelli.com.br\/blog2\/wp-json\/wp\/v2\/tags?post=2878"}],"curies":[{"name":"wp","href":"https:\/\/api.w.org\/{rel}","templated":true}]}}