{"id":2869,"date":"2025-08-13T09:28:17","date_gmt":"2025-08-13T12:28:17","guid":{"rendered":"https:\/\/ninamartinelli.com.br\/blog2\/?p=2869"},"modified":"2025-08-13T09:28:17","modified_gmt":"2025-08-13T12:28:17","slug":"elegancia-sutil-mas-marcante-quadratto-terracota-bianco-em-suite-da-mostra-nexus-2025-no-vale-do-paraiba","status":"publish","type":"post","link":"https:\/\/ninamartinelli.com.br\/blog2\/elegancia-sutil-mas-marcante-quadratto-terracota-bianco-em-suite-da-mostra-nexus-2025-no-vale-do-paraiba\/","title":{"rendered":"Eleg\u00e2ncia sutil, mas marcante \u2013 Quadratto Terracota Bianco em su\u00edte da Mostra Nexus 2025 no Vale do Para\u00edba"},"content":{"rendered":"<p><strong>Eleg\u00e2ncia sutil, mas marcante<\/strong> \u2013 A <a href=\"https:\/\/www.instagram.com\/nexusoficial\/\">Mostra Nexus 2025, Edi\u00e7\u00e3o Ess\u00eancia<\/a>, acaba de ser realizada em S\u00e3o Jos\u00e9 dos Campos, com absoluto sucesso.<\/p>\n<p>Foram 24 ambientes de um im\u00f3vel de alto padr\u00e3o, destinado \u00e0 venda, e para o qual as exig\u00eancias giravam em torno de muita beleza e eleg\u00e2ncia, ao mesmo tempo em que evocasse um sentimento de nostalgia a quem entrasse nos ambientes.<\/p>\n<p>No banheiro da Su\u00edte Master, o projeto \u00e9 assinado pelos arquitetos Lucas Sonnewend e Nat\u00e1lia Tra\u00fcnmuller, do escrit\u00f3rio <a href=\"https:\/\/www.instagram.com\/sonnemuller_arq\/\">Sonne M\u00fcller Arquitetos<\/a>, tamb\u00e9m de S\u00e3o Jos\u00e9 dos Campos.<\/p>\n<p>Os profissionais priorizaram tons claros e uma pegada bastante org\u00e2nica e natural, mas, sem abrir m\u00e3o da sofistica\u00e7\u00e3o, com leveza. E, assim, o revestimento <a href=\"https:\/\/ninamartinelli.com.br\/produtos\/quadratto-terracota-bianco\/\">Quadratto Terracota Bianco<\/a>, da Nina Martinelli, ganhou destaque revestindo grande parte de uma das principais paredes do ambiente.<\/p>\n<p><img loading=\"lazy\" decoding=\"async\" class=\"alignnone  wp-image-2872\" src=\"https:\/\/ninamartinelli.com.br\/blog2\/wp-content\/uploads\/2025\/08\/sonne-muller-detalhe1-225x300.jpeg\" alt=\"\" width=\"285\" height=\"380\" srcset=\"https:\/\/ninamartinelli.com.br\/blog2\/wp-content\/uploads\/2025\/08\/sonne-muller-detalhe1-225x300.jpeg 225w, https:\/\/ninamartinelli.com.br\/blog2\/wp-content\/uploads\/2025\/08\/sonne-muller-detalhe1-768x1024.jpeg 768w, https:\/\/ninamartinelli.com.br\/blog2\/wp-content\/uploads\/2025\/08\/sonne-muller-detalhe1-1152x1536.jpeg 1152w, https:\/\/ninamartinelli.com.br\/blog2\/wp-content\/uploads\/2025\/08\/sonne-muller-detalhe1-1536x2048.jpeg 1536w, https:\/\/ninamartinelli.com.br\/blog2\/wp-content\/uploads\/2025\/08\/sonne-muller-detalhe1-1024x1365.jpeg 1024w, https:\/\/ninamartinelli.com.br\/blog2\/wp-content\/uploads\/2025\/08\/sonne-muller-detalhe1-scaled.jpeg 1920w\" sizes=\"auto, (max-width: 285px) 100vw, 285px\" \/>\u00a0 \u00a0 \u00a0 \u00a0 \u00a0 \u00a0 \u00a0 \u00a0 \u00a0 <img loading=\"lazy\" decoding=\"async\" class=\"alignnone  wp-image-2873\" src=\"https:\/\/ninamartinelli.com.br\/blog2\/wp-content\/uploads\/2025\/08\/sonne-muller-detalhe2-225x300.jpeg\" alt=\"\" width=\"284\" height=\"379\" srcset=\"https:\/\/ninamartinelli.com.br\/blog2\/wp-content\/uploads\/2025\/08\/sonne-muller-detalhe2-225x300.jpeg 225w, https:\/\/ninamartinelli.com.br\/blog2\/wp-content\/uploads\/2025\/08\/sonne-muller-detalhe2-768x1024.jpeg 768w, https:\/\/ninamartinelli.com.br\/blog2\/wp-content\/uploads\/2025\/08\/sonne-muller-detalhe2-1152x1536.jpeg 1152w, https:\/\/ninamartinelli.com.br\/blog2\/wp-content\/uploads\/2025\/08\/sonne-muller-detalhe2-1536x2048.jpeg 1536w, https:\/\/ninamartinelli.com.br\/blog2\/wp-content\/uploads\/2025\/08\/sonne-muller-detalhe2-1024x1365.jpeg 1024w, https:\/\/ninamartinelli.com.br\/blog2\/wp-content\/uploads\/2025\/08\/sonne-muller-detalhe2-scaled.jpeg 1920w\" sizes=\"auto, (max-width: 284px) 100vw, 284px\" \/><\/p>\n<p>O modelo, que como tudo na Nina Martinelli \u00e9 feito artesanalmente, pe\u00e7a a pe\u00e7a, \u00e9 disponibilizado em pe\u00e7as medindo 9x9cm, explorando a simetria da forma quadrada, com acabamento e corte r\u00fasticos, mas bem definidos, e superf\u00edcie com aspecto natural e org\u00e2nico. Os sulcos e texturas de cada pe\u00e7a remetem \u00e0 naturalidade e \u00e0 brasilidade dos elementos que combinam beleza e despojamento.<\/p>\n<p>O Quadratto Terracota pode ser utilizado em \u00e1reas internas ou externas, e a Nina Martinelli oferece o modelo ao mercado tamb\u00e9m nos tons Terracota, Grigio, Grigio Escuro, Rosso, Beige e Beige Mix.<\/p>\n<p>O produto recobre boa parte de uma parede em frente \u00e0 qual foi posicionada uma bel\u00edssima banheira freestanding de imers\u00e3o, que recebe luz natural mas, tamb\u00e9m, um acolhedor efeito da ilumina\u00e7\u00e3o embutida no teto, que brinca com o revestimento, trazendo um delicado jogo de luz e sombra, trazendo suavidade e aconchego.<\/p>\n<p><img loading=\"lazy\" decoding=\"async\" class=\"alignnone  wp-image-2874\" src=\"https:\/\/ninamartinelli.com.br\/blog2\/wp-content\/uploads\/2025\/08\/sonne-muller-detalhe3-225x300.jpeg\" alt=\"\" width=\"313\" height=\"417\" srcset=\"https:\/\/ninamartinelli.com.br\/blog2\/wp-content\/uploads\/2025\/08\/sonne-muller-detalhe3-225x300.jpeg 225w, https:\/\/ninamartinelli.com.br\/blog2\/wp-content\/uploads\/2025\/08\/sonne-muller-detalhe3-768x1024.jpeg 768w, https:\/\/ninamartinelli.com.br\/blog2\/wp-content\/uploads\/2025\/08\/sonne-muller-detalhe3-1152x1536.jpeg 1152w, https:\/\/ninamartinelli.com.br\/blog2\/wp-content\/uploads\/2025\/08\/sonne-muller-detalhe3-1536x2048.jpeg 1536w, https:\/\/ninamartinelli.com.br\/blog2\/wp-content\/uploads\/2025\/08\/sonne-muller-detalhe3-1024x1365.jpeg 1024w, https:\/\/ninamartinelli.com.br\/blog2\/wp-content\/uploads\/2025\/08\/sonne-muller-detalhe3-scaled.jpeg 1920w\" sizes=\"auto, (max-width: 313px) 100vw, 313px\" \/>\u00a0 \u00a0 \u00a0 \u00a0 \u00a0 \u00a0 \u00a0 \u00a0 \u00a0 <img loading=\"lazy\" decoding=\"async\" class=\"alignnone  wp-image-2875\" src=\"https:\/\/ninamartinelli.com.br\/blog2\/wp-content\/uploads\/2025\/08\/sonne-muller-detalhe4-225x300.jpeg\" alt=\"\" width=\"314\" height=\"419\" srcset=\"https:\/\/ninamartinelli.com.br\/blog2\/wp-content\/uploads\/2025\/08\/sonne-muller-detalhe4-225x300.jpeg 225w, https:\/\/ninamartinelli.com.br\/blog2\/wp-content\/uploads\/2025\/08\/sonne-muller-detalhe4-768x1024.jpeg 768w, https:\/\/ninamartinelli.com.br\/blog2\/wp-content\/uploads\/2025\/08\/sonne-muller-detalhe4-1152x1536.jpeg 1152w, https:\/\/ninamartinelli.com.br\/blog2\/wp-content\/uploads\/2025\/08\/sonne-muller-detalhe4-1536x2048.jpeg 1536w, https:\/\/ninamartinelli.com.br\/blog2\/wp-content\/uploads\/2025\/08\/sonne-muller-detalhe4-1024x1365.jpeg 1024w, https:\/\/ninamartinelli.com.br\/blog2\/wp-content\/uploads\/2025\/08\/sonne-muller-detalhe4-scaled.jpeg 1920w\" sizes=\"auto, (max-width: 314px) 100vw, 314px\" \/><\/p>\n<p>O piso do banheiro tamb\u00e9m privilegiou acabamentos naturais, como enormes cacos de pedra, formando um mosaico hipnotizante e o resultado agradou em cheio, segundo os profissionais. \u201cFoi de extrema satisfa\u00e7\u00e3o ver o projeto executado e a composi\u00e7\u00e3o que esse bel\u00edssimo revestimento trouxe. Todos amaram\u201d, informa o escrit\u00f3rio.<\/p>\n<p>O revestimento da Nina Martinelli dialoga perfeitamente com outros elementos como uma marcenaria extremamente cuidadosa, metais num discreto tom dourado, com designer clean e lou\u00e7as igualmente bem escolhidas.<\/p>\n<p>O Quadratto Terracotta Bianco foi adquirido na revenda parceira <a href=\"https:\/\/www.instagram.com\/ekologika\/\">Ekol\u00f3gika Revestimentos<\/a>, de S\u00e3o Jos\u00e9 dos Campos.<\/p>\n<p>A mostra se consagrou pelo sucesso de p\u00fablico e cr\u00edtica, demonstrando tend\u00eancias e consolidando estilos trabalhados por renomados profissionais.<\/p>\n<p>&nbsp;<\/p>\n<p><strong>Servi\u00e7o:<\/strong><\/p>\n<p><strong>Eleg\u00e2ncia sutil, mas marcante \u2013 banheiro da Su\u00edte Master Mostra Nexus 2025 \u2013 Edi\u00e7\u00e3o Ess\u00eancia \u2013 S\u00e3o Jos\u00e9 dos Campos-SP<\/strong><\/p>\n<p><strong>Produto:<\/strong> Quadratto Terracota Bianco 9x9cm<\/p>\n<p><strong>Projeto:<\/strong> Lucas Sonnewend e Nat\u00e1lia Tra\u00fcnmuller<\/p>\n<p><strong>Escrit\u00f3rio:<\/strong> Sonne M\u00fcller Arquitetos<\/p>\n<p><strong>Instagram:<\/strong> @sonnemuller_arq<\/p>\n<p><strong>Imagens:<\/strong> Acervo pessoal e fot\u00f3grafa Carolina Mossim<\/p>\n<p><strong>Instagram:<\/strong> @carolinamossinfotografia<\/p>\n<p><strong>Revenda parceira:<\/strong> Ekol\u00f3gika Revestimentos<\/p>\n<p><strong>Instagram:<\/strong> @ekologika<\/p>\n","protected":false},"excerpt":{"rendered":"<p>Eleg\u00e2ncia sutil, mas marcante \u2013 A Mostra Nexus 2025, Edi\u00e7\u00e3o Ess\u00eancia, acaba de ser realizada<\/p>\n","protected":false},"author":2,"featured_media":2871,"comment_status":"open","ping_status":"open","sticky":false,"template":"","format":"standard","meta":{"footnotes":""},"categories":[165,19,1,26,129],"tags":[184,37,46,131],"class_list":["post-2869","post","type-post","status-publish","format-standard","has-post-thumbnail","hentry","category-lancamentos-2024","category-mostras-e-eventos","category-nina-martinelli","category-revestimentos","category-sustentabilidade","tag-banheiros-mostras-e-eventos","tag-parede","tag-revestimento","tag-sustentabilidade"],"yoast_head":"<!-- This site is optimized with the Yoast SEO plugin v26.8 - https:\/\/yoast.com\/product\/yoast-seo-wordpress\/ -->\n<title>Eleg\u00e2ncia sutil, mas marcante \u2013 Quadratto Terracota Bianco em su\u00edte da Mostra Nexus 2025 no Vale do Para\u00edba<\/title>\n<meta name=\"description\" content=\"Eleg\u00e2ncia sutil, mas marcante \u00e9 um dos resultados alcan\u00e7ados com a aplica\u00e7\u00e3o do Quadratto Terracota Bianco neste projeto incr\u00edvel, venha ver!\" \/>\n<meta name=\"robots\" content=\"index, follow, max-snippet:-1, max-image-preview:large, max-video-preview:-1\" \/>\n<link rel=\"canonical\" href=\"https:\/\/ninamartinelli.com.br\/blog2\/elegancia-sutil-mas-marcante-quadratto-terracota-bianco-em-suite-da-mostra-nexus-2025-no-vale-do-paraiba\/\" \/>\n<meta property=\"og:locale\" content=\"pt_BR\" \/>\n<meta property=\"og:type\" content=\"article\" \/>\n<meta property=\"og:title\" content=\"Eleg\u00e2ncia sutil, mas marcante \u2013 Quadratto Terracota Bianco em su\u00edte da Mostra Nexus 2025 no Vale do Para\u00edba\" \/>\n<meta property=\"og:description\" content=\"Eleg\u00e2ncia sutil, mas marcante \u00e9 um dos resultados alcan\u00e7ados com a aplica\u00e7\u00e3o do Quadratto Terracota Bianco neste projeto incr\u00edvel, venha ver!\" \/>\n<meta property=\"og:url\" content=\"https:\/\/ninamartinelli.com.br\/blog2\/elegancia-sutil-mas-marcante-quadratto-terracota-bianco-em-suite-da-mostra-nexus-2025-no-vale-do-paraiba\/\" \/>\n<meta property=\"og:site_name\" content=\"Blog Nina\" \/>\n<meta property=\"article:published_time\" content=\"2025-08-13T12:28:17+00:00\" \/>\n<meta property=\"og:image\" content=\"https:\/\/ninamartinelli.com.br\/blog2\/wp-content\/uploads\/2025\/08\/sonne-muller-capa-scaled.jpeg\" \/>\n\t<meta property=\"og:image:width\" content=\"1920\" \/>\n\t<meta property=\"og:image:height\" content=\"2560\" \/>\n\t<meta property=\"og:image:type\" content=\"image\/jpeg\" \/>\n<meta name=\"author\" content=\"Ana Maria Devides\" \/>\n<meta name=\"twitter:card\" content=\"summary_large_image\" \/>\n<meta name=\"twitter:label1\" content=\"Escrito por\" \/>\n\t<meta name=\"twitter:data1\" content=\"Ana Maria Devides\" \/>\n\t<meta name=\"twitter:label2\" content=\"Est. tempo de leitura\" \/>\n\t<meta name=\"twitter:data2\" content=\"4 minutos\" \/>\n<script type=\"application\/ld+json\" class=\"yoast-schema-graph\">{\"@context\":\"https:\/\/schema.org\",\"@graph\":[{\"@type\":\"Article\",\"@id\":\"https:\/\/ninamartinelli.com.br\/blog2\/elegancia-sutil-mas-marcante-quadratto-terracota-bianco-em-suite-da-mostra-nexus-2025-no-vale-do-paraiba\/#article\",\"isPartOf\":{\"@id\":\"https:\/\/ninamartinelli.com.br\/blog2\/elegancia-sutil-mas-marcante-quadratto-terracota-bianco-em-suite-da-mostra-nexus-2025-no-vale-do-paraiba\/\"},\"author\":{\"name\":\"Ana Maria Devides\",\"@id\":\"https:\/\/ninamartinelli.com.br\/blog2\/#\/schema\/person\/43fbfb1d4cbe3b472995206b2bb06df5\"},\"headline\":\"Eleg\u00e2ncia sutil, mas marcante \u2013 Quadratto Terracota Bianco em su\u00edte da Mostra Nexus 2025 no Vale do Para\u00edba\",\"datePublished\":\"2025-08-13T12:28:17+00:00\",\"mainEntityOfPage\":{\"@id\":\"https:\/\/ninamartinelli.com.br\/blog2\/elegancia-sutil-mas-marcante-quadratto-terracota-bianco-em-suite-da-mostra-nexus-2025-no-vale-do-paraiba\/\"},\"wordCount\":502,\"commentCount\":0,\"publisher\":{\"@id\":\"https:\/\/ninamartinelli.com.br\/blog2\/#organization\"},\"image\":{\"@id\":\"https:\/\/ninamartinelli.com.br\/blog2\/elegancia-sutil-mas-marcante-quadratto-terracota-bianco-em-suite-da-mostra-nexus-2025-no-vale-do-paraiba\/#primaryimage\"},\"thumbnailUrl\":\"https:\/\/ninamartinelli.com.br\/blog2\/wp-content\/uploads\/2025\/08\/sonne-muller-capa-scaled.jpeg\",\"keywords\":[\"banheiros; mostras e eventos\",\"parede\",\"revestimento\",\"Sustentabilidade\"],\"articleSection\":[\"LAN\u00c7AMENTOS 2024\",\"Mostras e Eventos\",\"Nina Martinelli\",\"Revestimentos\",\"Sustentabilidade\"],\"inLanguage\":\"pt-BR\",\"potentialAction\":[{\"@type\":\"CommentAction\",\"name\":\"Comment\",\"target\":[\"https:\/\/ninamartinelli.com.br\/blog2\/elegancia-sutil-mas-marcante-quadratto-terracota-bianco-em-suite-da-mostra-nexus-2025-no-vale-do-paraiba\/#respond\"]}]},{\"@type\":\"WebPage\",\"@id\":\"https:\/\/ninamartinelli.com.br\/blog2\/elegancia-sutil-mas-marcante-quadratto-terracota-bianco-em-suite-da-mostra-nexus-2025-no-vale-do-paraiba\/\",\"url\":\"https:\/\/ninamartinelli.com.br\/blog2\/elegancia-sutil-mas-marcante-quadratto-terracota-bianco-em-suite-da-mostra-nexus-2025-no-vale-do-paraiba\/\",\"name\":\"Eleg\u00e2ncia sutil, mas marcante \u2013 Quadratto Terracota Bianco em su\u00edte da Mostra Nexus 2025 no Vale do Para\u00edba\",\"isPartOf\":{\"@id\":\"https:\/\/ninamartinelli.com.br\/blog2\/#website\"},\"primaryImageOfPage\":{\"@id\":\"https:\/\/ninamartinelli.com.br\/blog2\/elegancia-sutil-mas-marcante-quadratto-terracota-bianco-em-suite-da-mostra-nexus-2025-no-vale-do-paraiba\/#primaryimage\"},\"image\":{\"@id\":\"https:\/\/ninamartinelli.com.br\/blog2\/elegancia-sutil-mas-marcante-quadratto-terracota-bianco-em-suite-da-mostra-nexus-2025-no-vale-do-paraiba\/#primaryimage\"},\"thumbnailUrl\":\"https:\/\/ninamartinelli.com.br\/blog2\/wp-content\/uploads\/2025\/08\/sonne-muller-capa-scaled.jpeg\",\"datePublished\":\"2025-08-13T12:28:17+00:00\",\"description\":\"Eleg\u00e2ncia sutil, mas marcante \u00e9 um dos resultados alcan\u00e7ados com a aplica\u00e7\u00e3o do Quadratto Terracota Bianco neste projeto incr\u00edvel, venha ver!\",\"breadcrumb\":{\"@id\":\"https:\/\/ninamartinelli.com.br\/blog2\/elegancia-sutil-mas-marcante-quadratto-terracota-bianco-em-suite-da-mostra-nexus-2025-no-vale-do-paraiba\/#breadcrumb\"},\"inLanguage\":\"pt-BR\",\"potentialAction\":[{\"@type\":\"ReadAction\",\"target\":[\"https:\/\/ninamartinelli.com.br\/blog2\/elegancia-sutil-mas-marcante-quadratto-terracota-bianco-em-suite-da-mostra-nexus-2025-no-vale-do-paraiba\/\"]}]},{\"@type\":\"ImageObject\",\"inLanguage\":\"pt-BR\",\"@id\":\"https:\/\/ninamartinelli.com.br\/blog2\/elegancia-sutil-mas-marcante-quadratto-terracota-bianco-em-suite-da-mostra-nexus-2025-no-vale-do-paraiba\/#primaryimage\",\"url\":\"https:\/\/ninamartinelli.com.br\/blog2\/wp-content\/uploads\/2025\/08\/sonne-muller-capa-scaled.jpeg\",\"contentUrl\":\"https:\/\/ninamartinelli.com.br\/blog2\/wp-content\/uploads\/2025\/08\/sonne-muller-capa-scaled.jpeg\",\"width\":1920,\"height\":2560},{\"@type\":\"BreadcrumbList\",\"@id\":\"https:\/\/ninamartinelli.com.br\/blog2\/elegancia-sutil-mas-marcante-quadratto-terracota-bianco-em-suite-da-mostra-nexus-2025-no-vale-do-paraiba\/#breadcrumb\",\"itemListElement\":[{\"@type\":\"ListItem\",\"position\":1,\"name\":\"In\u00edcio\",\"item\":\"https:\/\/ninamartinelli.com.br\/blog2\/\"},{\"@type\":\"ListItem\",\"position\":2,\"name\":\"Eleg\u00e2ncia sutil, mas marcante \u2013 Quadratto Terracota Bianco em su\u00edte da Mostra Nexus 2025 no Vale do Para\u00edba\"}]},{\"@type\":\"WebSite\",\"@id\":\"https:\/\/ninamartinelli.com.br\/blog2\/#website\",\"url\":\"https:\/\/ninamartinelli.com.br\/blog2\/\",\"name\":\"Nina Martinelli\",\"description\":\"#Nina_Martinelli\",\"publisher\":{\"@id\":\"https:\/\/ninamartinelli.com.br\/blog2\/#organization\"},\"potentialAction\":[{\"@type\":\"SearchAction\",\"target\":{\"@type\":\"EntryPoint\",\"urlTemplate\":\"https:\/\/ninamartinelli.com.br\/blog2\/?s={search_term_string}\"},\"query-input\":{\"@type\":\"PropertyValueSpecification\",\"valueRequired\":true,\"valueName\":\"search_term_string\"}}],\"inLanguage\":\"pt-BR\"},{\"@type\":\"Organization\",\"@id\":\"https:\/\/ninamartinelli.com.br\/blog2\/#organization\",\"name\":\"Blog Novidades\",\"url\":\"https:\/\/ninamartinelli.com.br\/blog2\/\",\"logo\":{\"@type\":\"ImageObject\",\"inLanguage\":\"pt-BR\",\"@id\":\"https:\/\/ninamartinelli.com.br\/blog2\/#\/schema\/logo\/image\/\",\"url\":\"http:\/\/blog.ninamartinelli.com.br\/wp-content\/uploads\/2022\/03\/logo_nina_blog.png\",\"contentUrl\":\"http:\/\/blog.ninamartinelli.com.br\/wp-content\/uploads\/2022\/03\/logo_nina_blog.png\",\"width\":500,\"height\":104,\"caption\":\"Blog Novidades\"},\"image\":{\"@id\":\"https:\/\/ninamartinelli.com.br\/blog2\/#\/schema\/logo\/image\/\"}},{\"@type\":\"Person\",\"@id\":\"https:\/\/ninamartinelli.com.br\/blog2\/#\/schema\/person\/43fbfb1d4cbe3b472995206b2bb06df5\",\"name\":\"Ana Maria Devides\",\"image\":{\"@type\":\"ImageObject\",\"inLanguage\":\"pt-BR\",\"@id\":\"https:\/\/ninamartinelli.com.br\/blog2\/#\/schema\/person\/image\/\",\"url\":\"https:\/\/secure.gravatar.com\/avatar\/a03a82675d8bb3da8e5c5a6872db97be?s=96&d=mm&r=g\",\"contentUrl\":\"https:\/\/secure.gravatar.com\/avatar\/a03a82675d8bb3da8e5c5a6872db97be?s=96&d=mm&r=g\",\"caption\":\"Ana Maria Devides\"},\"url\":\"https:\/\/ninamartinelli.com.br\/blog2\/author\/assessoria-nina-martinelli\/\"}]}<\/script>\n<!-- \/ Yoast SEO plugin. -->","yoast_head_json":{"title":"Eleg\u00e2ncia sutil, mas marcante \u2013 Quadratto Terracota Bianco em su\u00edte da Mostra Nexus 2025 no Vale do Para\u00edba","description":"Eleg\u00e2ncia sutil, mas marcante \u00e9 um dos resultados alcan\u00e7ados com a aplica\u00e7\u00e3o do Quadratto Terracota Bianco neste projeto incr\u00edvel, venha ver!","robots":{"index":"index","follow":"follow","max-snippet":"max-snippet:-1","max-image-preview":"max-image-preview:large","max-video-preview":"max-video-preview:-1"},"canonical":"https:\/\/ninamartinelli.com.br\/blog2\/elegancia-sutil-mas-marcante-quadratto-terracota-bianco-em-suite-da-mostra-nexus-2025-no-vale-do-paraiba\/","og_locale":"pt_BR","og_type":"article","og_title":"Eleg\u00e2ncia sutil, mas marcante \u2013 Quadratto Terracota Bianco em su\u00edte da Mostra Nexus 2025 no Vale do Para\u00edba","og_description":"Eleg\u00e2ncia sutil, mas marcante \u00e9 um dos resultados alcan\u00e7ados com a aplica\u00e7\u00e3o do Quadratto Terracota Bianco neste projeto incr\u00edvel, venha ver!","og_url":"https:\/\/ninamartinelli.com.br\/blog2\/elegancia-sutil-mas-marcante-quadratto-terracota-bianco-em-suite-da-mostra-nexus-2025-no-vale-do-paraiba\/","og_site_name":"Blog Nina","article_published_time":"2025-08-13T12:28:17+00:00","og_image":[{"width":1920,"height":2560,"url":"https:\/\/ninamartinelli.com.br\/blog2\/wp-content\/uploads\/2025\/08\/sonne-muller-capa-scaled.jpeg","type":"image\/jpeg"}],"author":"Ana Maria Devides","twitter_card":"summary_large_image","twitter_misc":{"Escrito por":"Ana Maria Devides","Est. tempo de leitura":"4 minutos"},"schema":{"@context":"https:\/\/schema.org","@graph":[{"@type":"Article","@id":"https:\/\/ninamartinelli.com.br\/blog2\/elegancia-sutil-mas-marcante-quadratto-terracota-bianco-em-suite-da-mostra-nexus-2025-no-vale-do-paraiba\/#article","isPartOf":{"@id":"https:\/\/ninamartinelli.com.br\/blog2\/elegancia-sutil-mas-marcante-quadratto-terracota-bianco-em-suite-da-mostra-nexus-2025-no-vale-do-paraiba\/"},"author":{"name":"Ana Maria Devides","@id":"https:\/\/ninamartinelli.com.br\/blog2\/#\/schema\/person\/43fbfb1d4cbe3b472995206b2bb06df5"},"headline":"Eleg\u00e2ncia sutil, mas marcante \u2013 Quadratto Terracota Bianco em su\u00edte da Mostra Nexus 2025 no Vale do Para\u00edba","datePublished":"2025-08-13T12:28:17+00:00","mainEntityOfPage":{"@id":"https:\/\/ninamartinelli.com.br\/blog2\/elegancia-sutil-mas-marcante-quadratto-terracota-bianco-em-suite-da-mostra-nexus-2025-no-vale-do-paraiba\/"},"wordCount":502,"commentCount":0,"publisher":{"@id":"https:\/\/ninamartinelli.com.br\/blog2\/#organization"},"image":{"@id":"https:\/\/ninamartinelli.com.br\/blog2\/elegancia-sutil-mas-marcante-quadratto-terracota-bianco-em-suite-da-mostra-nexus-2025-no-vale-do-paraiba\/#primaryimage"},"thumbnailUrl":"https:\/\/ninamartinelli.com.br\/blog2\/wp-content\/uploads\/2025\/08\/sonne-muller-capa-scaled.jpeg","keywords":["banheiros; mostras e eventos","parede","revestimento","Sustentabilidade"],"articleSection":["LAN\u00c7AMENTOS 2024","Mostras e Eventos","Nina Martinelli","Revestimentos","Sustentabilidade"],"inLanguage":"pt-BR","potentialAction":[{"@type":"CommentAction","name":"Comment","target":["https:\/\/ninamartinelli.com.br\/blog2\/elegancia-sutil-mas-marcante-quadratto-terracota-bianco-em-suite-da-mostra-nexus-2025-no-vale-do-paraiba\/#respond"]}]},{"@type":"WebPage","@id":"https:\/\/ninamartinelli.com.br\/blog2\/elegancia-sutil-mas-marcante-quadratto-terracota-bianco-em-suite-da-mostra-nexus-2025-no-vale-do-paraiba\/","url":"https:\/\/ninamartinelli.com.br\/blog2\/elegancia-sutil-mas-marcante-quadratto-terracota-bianco-em-suite-da-mostra-nexus-2025-no-vale-do-paraiba\/","name":"Eleg\u00e2ncia sutil, mas marcante \u2013 Quadratto Terracota Bianco em su\u00edte da Mostra Nexus 2025 no Vale do Para\u00edba","isPartOf":{"@id":"https:\/\/ninamartinelli.com.br\/blog2\/#website"},"primaryImageOfPage":{"@id":"https:\/\/ninamartinelli.com.br\/blog2\/elegancia-sutil-mas-marcante-quadratto-terracota-bianco-em-suite-da-mostra-nexus-2025-no-vale-do-paraiba\/#primaryimage"},"image":{"@id":"https:\/\/ninamartinelli.com.br\/blog2\/elegancia-sutil-mas-marcante-quadratto-terracota-bianco-em-suite-da-mostra-nexus-2025-no-vale-do-paraiba\/#primaryimage"},"thumbnailUrl":"https:\/\/ninamartinelli.com.br\/blog2\/wp-content\/uploads\/2025\/08\/sonne-muller-capa-scaled.jpeg","datePublished":"2025-08-13T12:28:17+00:00","description":"Eleg\u00e2ncia sutil, mas marcante \u00e9 um dos resultados alcan\u00e7ados com a aplica\u00e7\u00e3o do Quadratto Terracota Bianco neste projeto incr\u00edvel, venha ver!","breadcrumb":{"@id":"https:\/\/ninamartinelli.com.br\/blog2\/elegancia-sutil-mas-marcante-quadratto-terracota-bianco-em-suite-da-mostra-nexus-2025-no-vale-do-paraiba\/#breadcrumb"},"inLanguage":"pt-BR","potentialAction":[{"@type":"ReadAction","target":["https:\/\/ninamartinelli.com.br\/blog2\/elegancia-sutil-mas-marcante-quadratto-terracota-bianco-em-suite-da-mostra-nexus-2025-no-vale-do-paraiba\/"]}]},{"@type":"ImageObject","inLanguage":"pt-BR","@id":"https:\/\/ninamartinelli.com.br\/blog2\/elegancia-sutil-mas-marcante-quadratto-terracota-bianco-em-suite-da-mostra-nexus-2025-no-vale-do-paraiba\/#primaryimage","url":"https:\/\/ninamartinelli.com.br\/blog2\/wp-content\/uploads\/2025\/08\/sonne-muller-capa-scaled.jpeg","contentUrl":"https:\/\/ninamartinelli.com.br\/blog2\/wp-content\/uploads\/2025\/08\/sonne-muller-capa-scaled.jpeg","width":1920,"height":2560},{"@type":"BreadcrumbList","@id":"https:\/\/ninamartinelli.com.br\/blog2\/elegancia-sutil-mas-marcante-quadratto-terracota-bianco-em-suite-da-mostra-nexus-2025-no-vale-do-paraiba\/#breadcrumb","itemListElement":[{"@type":"ListItem","position":1,"name":"In\u00edcio","item":"https:\/\/ninamartinelli.com.br\/blog2\/"},{"@type":"ListItem","position":2,"name":"Eleg\u00e2ncia sutil, mas marcante \u2013 Quadratto Terracota Bianco em su\u00edte da Mostra Nexus 2025 no Vale do Para\u00edba"}]},{"@type":"WebSite","@id":"https:\/\/ninamartinelli.com.br\/blog2\/#website","url":"https:\/\/ninamartinelli.com.br\/blog2\/","name":"Nina Martinelli","description":"#Nina_Martinelli","publisher":{"@id":"https:\/\/ninamartinelli.com.br\/blog2\/#organization"},"potentialAction":[{"@type":"SearchAction","target":{"@type":"EntryPoint","urlTemplate":"https:\/\/ninamartinelli.com.br\/blog2\/?s={search_term_string}"},"query-input":{"@type":"PropertyValueSpecification","valueRequired":true,"valueName":"search_term_string"}}],"inLanguage":"pt-BR"},{"@type":"Organization","@id":"https:\/\/ninamartinelli.com.br\/blog2\/#organization","name":"Blog Novidades","url":"https:\/\/ninamartinelli.com.br\/blog2\/","logo":{"@type":"ImageObject","inLanguage":"pt-BR","@id":"https:\/\/ninamartinelli.com.br\/blog2\/#\/schema\/logo\/image\/","url":"http:\/\/blog.ninamartinelli.com.br\/wp-content\/uploads\/2022\/03\/logo_nina_blog.png","contentUrl":"http:\/\/blog.ninamartinelli.com.br\/wp-content\/uploads\/2022\/03\/logo_nina_blog.png","width":500,"height":104,"caption":"Blog Novidades"},"image":{"@id":"https:\/\/ninamartinelli.com.br\/blog2\/#\/schema\/logo\/image\/"}},{"@type":"Person","@id":"https:\/\/ninamartinelli.com.br\/blog2\/#\/schema\/person\/43fbfb1d4cbe3b472995206b2bb06df5","name":"Ana Maria Devides","image":{"@type":"ImageObject","inLanguage":"pt-BR","@id":"https:\/\/ninamartinelli.com.br\/blog2\/#\/schema\/person\/image\/","url":"https:\/\/secure.gravatar.com\/avatar\/a03a82675d8bb3da8e5c5a6872db97be?s=96&d=mm&r=g","contentUrl":"https:\/\/secure.gravatar.com\/avatar\/a03a82675d8bb3da8e5c5a6872db97be?s=96&d=mm&r=g","caption":"Ana Maria Devides"},"url":"https:\/\/ninamartinelli.com.br\/blog2\/author\/assessoria-nina-martinelli\/"}]}},"_links":{"self":[{"href":"https:\/\/ninamartinelli.com.br\/blog2\/wp-json\/wp\/v2\/posts\/2869","targetHints":{"allow":["GET"]}}],"collection":[{"href":"https:\/\/ninamartinelli.com.br\/blog2\/wp-json\/wp\/v2\/posts"}],"about":[{"href":"https:\/\/ninamartinelli.com.br\/blog2\/wp-json\/wp\/v2\/types\/post"}],"author":[{"embeddable":true,"href":"https:\/\/ninamartinelli.com.br\/blog2\/wp-json\/wp\/v2\/users\/2"}],"replies":[{"embeddable":true,"href":"https:\/\/ninamartinelli.com.br\/blog2\/wp-json\/wp\/v2\/comments?post=2869"}],"version-history":[{"count":2,"href":"https:\/\/ninamartinelli.com.br\/blog2\/wp-json\/wp\/v2\/posts\/2869\/revisions"}],"predecessor-version":[{"id":2877,"href":"https:\/\/ninamartinelli.com.br\/blog2\/wp-json\/wp\/v2\/posts\/2869\/revisions\/2877"}],"wp:featuredmedia":[{"embeddable":true,"href":"https:\/\/ninamartinelli.com.br\/blog2\/wp-json\/wp\/v2\/media\/2871"}],"wp:attachment":[{"href":"https:\/\/ninamartinelli.com.br\/blog2\/wp-json\/wp\/v2\/media?parent=2869"}],"wp:term":[{"taxonomy":"category","embeddable":true,"href":"https:\/\/ninamartinelli.com.br\/blog2\/wp-json\/wp\/v2\/categories?post=2869"},{"taxonomy":"post_tag","embeddable":true,"href":"https:\/\/ninamartinelli.com.br\/blog2\/wp-json\/wp\/v2\/tags?post=2869"}],"curies":[{"name":"wp","href":"https:\/\/api.w.org\/{rel}","templated":true}]}}