{"id":2860,"date":"2025-08-06T08:30:05","date_gmt":"2025-08-06T11:30:05","guid":{"rendered":"https:\/\/ninamartinelli.com.br\/blog2\/?p=2860"},"modified":"2025-08-05T09:28:30","modified_gmt":"2025-08-05T12:28:30","slug":"icone-da-arquitetura-brasileira-cobogos-da-nina-martinelli-dao-privacidade-e-sustentabilidade-a-residencia-em-piracicaba-sp","status":"publish","type":"post","link":"https:\/\/ninamartinelli.com.br\/blog2\/icone-da-arquitetura-brasileira-cobogos-da-nina-martinelli-dao-privacidade-e-sustentabilidade-a-residencia-em-piracicaba-sp\/","title":{"rendered":"\u00cdcone da arquitetura brasileira \u2013 cobog\u00f3s da Nina Martinelli d\u00e3o privacidade e sustentabilidade a resid\u00eancia em Piracicaba-SP"},"content":{"rendered":"<p><strong>\u00cdcone da arquitetura brasileira<\/strong> \u2013 Uma casa brasileira, com certeza! Com aconchego, tradi\u00e7\u00e3o e sustentabilidade. Uma casa que abra\u00e7a. Assim pode ser definido e \u00e9 explicado o projeto do arquiteto Jo\u00e3o Vitor Duzu\u00f3 Packer, da <a href=\"https:\/\/www.instagram.com\/packer_arquitetura\/\">Packer Arquitetura e Engenharia<\/a>, para uma bel\u00edssima resid\u00eancia constru\u00edda em Piracicaba-SP.<\/p>\n<p>Os clientes, um casal jovem, sem filhos, realizando o sonho de construir seu primeiro im\u00f3vel, desejavam, conforme Jo\u00e3o Vitor, uma casa aconchegante, celebrando a arquitetura mais brasileira, mais tradicional, respeitando o meio ambiente.<\/p>\n<p>Telhado aparente, cores prim\u00e1rias \u2013 incluindo uma linda porta amarela de folhas duplas na entrada, filtro de barro na cozinha&#8230; eram alguns dos desejos que pontuavam o sonho do casal. E que foram captados com maestria pelo arquiteto.<\/p>\n<p><img loading=\"lazy\" decoding=\"async\" class=\"wp-image-2862 aligncenter\" src=\"https:\/\/ninamartinelli.com.br\/blog2\/wp-content\/uploads\/2025\/08\/CASA_TAQUARAL_PACKER_JRCRUZ-7-REDIM-300x200.jpg\" alt=\"\" width=\"398\" height=\"265\" srcset=\"https:\/\/ninamartinelli.com.br\/blog2\/wp-content\/uploads\/2025\/08\/CASA_TAQUARAL_PACKER_JRCRUZ-7-REDIM-300x200.jpg 300w, https:\/\/ninamartinelli.com.br\/blog2\/wp-content\/uploads\/2025\/08\/CASA_TAQUARAL_PACKER_JRCRUZ-7-REDIM-1024x683.jpg 1024w, https:\/\/ninamartinelli.com.br\/blog2\/wp-content\/uploads\/2025\/08\/CASA_TAQUARAL_PACKER_JRCRUZ-7-REDIM-768x512.jpg 768w, https:\/\/ninamartinelli.com.br\/blog2\/wp-content\/uploads\/2025\/08\/CASA_TAQUARAL_PACKER_JRCRUZ-7-REDIM-1536x1024.jpg 1536w, https:\/\/ninamartinelli.com.br\/blog2\/wp-content\/uploads\/2025\/08\/CASA_TAQUARAL_PACKER_JRCRUZ-7-REDIM-2048x1365.jpg 2048w\" sizes=\"auto, (max-width: 398px) 100vw, 398px\" \/><\/p>\n<p>Para trazer ainda mais brasilidade para o projeto, Jo\u00e3o Vitor especificou como elementos-chave os cobog\u00f3s Brise Clair &amp; Sombre da Nina Martinelli. E cobog\u00f3s s\u00e3o, orgulhosamente, \u00edcones da arquitetura brasileira, mundialmente reconhecidos quando se trata do nosso estilo que combina perfeitamente beleza e funcionalidade.<\/p>\n<p>Com design elegante, os cobog\u00f3s Brise Clair &amp; Sombre s\u00e3o assinados pela artista pl\u00e1stica e ceramista Rosa Pinc e s\u00e3o compostos por pe\u00e7as geom\u00e9tricas vazadas que brincam com a luz e a sombra de forma suave e eficiente, tanto para filtrar radia\u00e7\u00e3o solar e favorecer a ventila\u00e7\u00e3o cruzada, ou seja, acrescentando muita sustentabilidade aos projetos. Tudo isso garantindo privacidade com muita beleza.<\/p>\n<p><img loading=\"lazy\" decoding=\"async\" class=\"wp-image-2863 aligncenter\" src=\"https:\/\/ninamartinelli.com.br\/blog2\/wp-content\/uploads\/2025\/08\/CASA_TAQUARAL_PACKER_JRCRUZ-9-REDIM-300x200.jpg\" alt=\"\" width=\"434\" height=\"289\" srcset=\"https:\/\/ninamartinelli.com.br\/blog2\/wp-content\/uploads\/2025\/08\/CASA_TAQUARAL_PACKER_JRCRUZ-9-REDIM-300x200.jpg 300w, https:\/\/ninamartinelli.com.br\/blog2\/wp-content\/uploads\/2025\/08\/CASA_TAQUARAL_PACKER_JRCRUZ-9-REDIM-1024x683.jpg 1024w, https:\/\/ninamartinelli.com.br\/blog2\/wp-content\/uploads\/2025\/08\/CASA_TAQUARAL_PACKER_JRCRUZ-9-REDIM-768x512.jpg 768w, https:\/\/ninamartinelli.com.br\/blog2\/wp-content\/uploads\/2025\/08\/CASA_TAQUARAL_PACKER_JRCRUZ-9-REDIM-1536x1024.jpg 1536w, https:\/\/ninamartinelli.com.br\/blog2\/wp-content\/uploads\/2025\/08\/CASA_TAQUARAL_PACKER_JRCRUZ-9-REDIM-2048x1365.jpg 2048w\" sizes=\"auto, (max-width: 434px) 100vw, 434px\" \/><\/p>\n<p>Os cobog\u00f3s<a href=\"https:\/\/ninamartinelli.com.br\/produtos\/cobogo-brise-clair-concreto-by-rosa-pinc-2\/\"> Brise Clair &amp; Sombre<\/a> medem 30x30x7,5cm e podem ser utilizados em \u00e1reas internas ou externas. S\u00e3o disponibilizados nos tons Bianco e Concreto, este \u00faltimo, o escolhido para o projeto.<\/p>\n<p>Segundo Jo\u00e3o Vitor, os elementos vazados foram utilizados para separa\u00e7\u00e3o entre garagem e quintal e tamb\u00e9m entre a \u00e1rea externa e a sala de estar.<\/p>\n<p>Materializada com todo capricho, a casa realmente \u00e9 um ref\u00fagio de acolhimento, beleza e frescor. Os cobog\u00f3s dialogam harmonicamente com elementos como madeira, esquadrias limpas em preto fosco, pisos e paredes claras, com pontos de cor e plantas bem escolhidas.<\/p>\n<p><img loading=\"lazy\" decoding=\"async\" class=\"alignnone  wp-image-2864\" src=\"https:\/\/ninamartinelli.com.br\/blog2\/wp-content\/uploads\/2025\/08\/CASA_TAQUARAL_PACKER_JRCRUZ-10-REDIM-200x300.jpg\" alt=\"\" width=\"258\" height=\"387\" srcset=\"https:\/\/ninamartinelli.com.br\/blog2\/wp-content\/uploads\/2025\/08\/CASA_TAQUARAL_PACKER_JRCRUZ-10-REDIM-200x300.jpg 200w, https:\/\/ninamartinelli.com.br\/blog2\/wp-content\/uploads\/2025\/08\/CASA_TAQUARAL_PACKER_JRCRUZ-10-REDIM-683x1024.jpg 683w, https:\/\/ninamartinelli.com.br\/blog2\/wp-content\/uploads\/2025\/08\/CASA_TAQUARAL_PACKER_JRCRUZ-10-REDIM-768x1152.jpg 768w, https:\/\/ninamartinelli.com.br\/blog2\/wp-content\/uploads\/2025\/08\/CASA_TAQUARAL_PACKER_JRCRUZ-10-REDIM-1024x1536.jpg 1024w, https:\/\/ninamartinelli.com.br\/blog2\/wp-content\/uploads\/2025\/08\/CASA_TAQUARAL_PACKER_JRCRUZ-10-REDIM-1365x2048.jpg 1365w, https:\/\/ninamartinelli.com.br\/blog2\/wp-content\/uploads\/2025\/08\/CASA_TAQUARAL_PACKER_JRCRUZ-10-REDIM-scaled.jpg 1707w\" sizes=\"auto, (max-width: 258px) 100vw, 258px\" \/>\u00a0 \u00a0 \u00a0 \u00a0 \u00a0 \u00a0 \u00a0 \u00a0 <img loading=\"lazy\" decoding=\"async\" class=\"alignnone  wp-image-2865\" src=\"https:\/\/ninamartinelli.com.br\/blog2\/wp-content\/uploads\/2025\/08\/CASA_TAQUARAL_PACKER_JRCRUZ-12-REDIM-300x200.jpg\" alt=\"\" width=\"453\" height=\"302\" srcset=\"https:\/\/ninamartinelli.com.br\/blog2\/wp-content\/uploads\/2025\/08\/CASA_TAQUARAL_PACKER_JRCRUZ-12-REDIM-300x200.jpg 300w, https:\/\/ninamartinelli.com.br\/blog2\/wp-content\/uploads\/2025\/08\/CASA_TAQUARAL_PACKER_JRCRUZ-12-REDIM-1024x683.jpg 1024w, https:\/\/ninamartinelli.com.br\/blog2\/wp-content\/uploads\/2025\/08\/CASA_TAQUARAL_PACKER_JRCRUZ-12-REDIM-768x512.jpg 768w, https:\/\/ninamartinelli.com.br\/blog2\/wp-content\/uploads\/2025\/08\/CASA_TAQUARAL_PACKER_JRCRUZ-12-REDIM-1536x1024.jpg 1536w, https:\/\/ninamartinelli.com.br\/blog2\/wp-content\/uploads\/2025\/08\/CASA_TAQUARAL_PACKER_JRCRUZ-12-REDIM-2048x1365.jpg 2048w\" sizes=\"auto, (max-width: 453px) 100vw, 453px\" \/><\/p>\n<p>A integra\u00e7\u00e3o inteligente da \u00e1rea gourmet com a piscina trouxe ainda mais funcionalidade e conforto, e os cobog\u00f3s s\u00e3o, como diz Jo\u00e3o Vitor, \u201ca cereja do bolo\u201d.<\/p>\n<p>\u201cO resultado final encanta e impacta, tanto a n\u00f3s quanto aos clientes e a todos que visitam a casa\u201d, comemora o profissional. \u201cBons projetos s\u00f3 se fazem com bons profissionais e materiais para execu\u00e7\u00e3o a Nina Martinelli cumpre seu papel com maestria\u201d, finaliza ele.<\/p>\n<p>Os cobog\u00f3s foram comprados na revenda parceira <a href=\"https:\/\/www.instagram.com\/villabelaacabamentos?igsh=aDF3d3c3cHF0dDM3\">Villa Bela Acabamentos Piracicaba<\/a>.<\/p>\n<p>&nbsp;<\/p>\n<p><strong>Servi\u00e7o <\/strong><\/p>\n<p><strong>\u00cdcone da arquitetura brasileira \u2013 resid\u00eancia em Piracicaba-SP<\/strong><\/p>\n<p><strong>Produtos: <\/strong>Cobog\u00f3s Brise Clair &amp; Sombre 30x30x7,5 Concreto<\/p>\n<p><strong>Projeto: <\/strong>Jo\u00e3o Vitor Duzu\u00f3 Packer, Packer Arquitetura e Engenharia<\/p>\n<p><strong>Instagram<\/strong>:@packer_arquitetura<br \/>\n<strong>Imagens: <\/strong>Junior Cruz<\/p>\n<p><strong>Instagram:<\/strong> <a href=\"https:\/\/www.instagram.com\/jrcruz\/\">@jrcruz<\/a> e @drone.arq<\/p>\n<p><strong>Revenda parceira:<\/strong> @villabelaacabamentos<\/p>\n","protected":false},"excerpt":{"rendered":"<p>\u00cdcone da arquitetura brasileira \u2013 Uma casa brasileira, com certeza! Com aconchego, tradi\u00e7\u00e3o e sustentabilidade.<\/p>\n","protected":false},"author":2,"featured_media":2861,"comment_status":"open","ping_status":"open","sticky":false,"template":"","format":"standard","meta":{"footnotes":""},"categories":[42,1],"tags":[183,43,131,158],"class_list":["post-2860","post","type-post","status-publish","format-standard","has-post-thumbnail","hentry","category-colezione-cobogo","category-nina-martinelli","tag-arquitetura-brasileira-residencia","tag-cobogo","tag-sustentabilidade","tag-ventilacao-cruzada-privacidade-iluminacao-natural"],"yoast_head":"<!-- This site is optimized with the Yoast SEO plugin v26.8 - https:\/\/yoast.com\/product\/yoast-seo-wordpress\/ -->\n<title>\u00cdcone da arquitetura brasileira \u2013 cobog\u00f3s da Nina Martinelli d\u00e3o privacidade e sustentabilidade a resid\u00eancia em Piracicaba-SP<\/title>\n<meta name=\"description\" content=\"\u00cdcone da arquitetura brasileira - Veja como os cobog\u00f3s da Nina Martinelli trouxeram ainda mais brasilidade e funcionalidade a esta casa\" \/>\n<meta name=\"robots\" content=\"index, follow, max-snippet:-1, max-image-preview:large, max-video-preview:-1\" \/>\n<link rel=\"canonical\" href=\"https:\/\/ninamartinelli.com.br\/blog2\/icone-da-arquitetura-brasileira-cobogos-da-nina-martinelli-dao-privacidade-e-sustentabilidade-a-residencia-em-piracicaba-sp\/\" \/>\n<meta property=\"og:locale\" content=\"pt_BR\" \/>\n<meta property=\"og:type\" content=\"article\" \/>\n<meta property=\"og:title\" content=\"\u00cdcone da arquitetura brasileira \u2013 cobog\u00f3s da Nina Martinelli d\u00e3o privacidade e sustentabilidade a resid\u00eancia em Piracicaba-SP\" \/>\n<meta property=\"og:description\" content=\"\u00cdcone da arquitetura brasileira - Veja como os cobog\u00f3s da Nina Martinelli trouxeram ainda mais brasilidade e funcionalidade a esta casa\" \/>\n<meta property=\"og:url\" content=\"https:\/\/ninamartinelli.com.br\/blog2\/icone-da-arquitetura-brasileira-cobogos-da-nina-martinelli-dao-privacidade-e-sustentabilidade-a-residencia-em-piracicaba-sp\/\" \/>\n<meta property=\"og:site_name\" content=\"Blog Nina\" \/>\n<meta property=\"article:published_time\" content=\"2025-08-06T11:30:05+00:00\" \/>\n<meta property=\"og:image\" content=\"https:\/\/ninamartinelli.com.br\/blog2\/wp-content\/uploads\/2025\/08\/CASA_TAQUARAL_PACKER_JRCRUZ-2-REDIM-scaled.jpg\" \/>\n\t<meta property=\"og:image:width\" content=\"2560\" \/>\n\t<meta property=\"og:image:height\" content=\"1706\" \/>\n\t<meta property=\"og:image:type\" content=\"image\/jpeg\" \/>\n<meta name=\"author\" content=\"Ana Maria Devides\" \/>\n<meta name=\"twitter:card\" content=\"summary_large_image\" \/>\n<meta name=\"twitter:label1\" content=\"Escrito por\" \/>\n\t<meta name=\"twitter:data1\" content=\"Ana Maria Devides\" \/>\n\t<meta name=\"twitter:label2\" content=\"Est. tempo de leitura\" \/>\n\t<meta name=\"twitter:data2\" content=\"4 minutos\" \/>\n<script type=\"application\/ld+json\" class=\"yoast-schema-graph\">{\"@context\":\"https:\/\/schema.org\",\"@graph\":[{\"@type\":\"Article\",\"@id\":\"https:\/\/ninamartinelli.com.br\/blog2\/icone-da-arquitetura-brasileira-cobogos-da-nina-martinelli-dao-privacidade-e-sustentabilidade-a-residencia-em-piracicaba-sp\/#article\",\"isPartOf\":{\"@id\":\"https:\/\/ninamartinelli.com.br\/blog2\/icone-da-arquitetura-brasileira-cobogos-da-nina-martinelli-dao-privacidade-e-sustentabilidade-a-residencia-em-piracicaba-sp\/\"},\"author\":{\"name\":\"Ana Maria Devides\",\"@id\":\"https:\/\/ninamartinelli.com.br\/blog2\/#\/schema\/person\/43fbfb1d4cbe3b472995206b2bb06df5\"},\"headline\":\"\u00cdcone da arquitetura brasileira \u2013 cobog\u00f3s da Nina Martinelli d\u00e3o privacidade e sustentabilidade a resid\u00eancia em Piracicaba-SP\",\"datePublished\":\"2025-08-06T11:30:05+00:00\",\"mainEntityOfPage\":{\"@id\":\"https:\/\/ninamartinelli.com.br\/blog2\/icone-da-arquitetura-brasileira-cobogos-da-nina-martinelli-dao-privacidade-e-sustentabilidade-a-residencia-em-piracicaba-sp\/\"},\"wordCount\":498,\"commentCount\":0,\"publisher\":{\"@id\":\"https:\/\/ninamartinelli.com.br\/blog2\/#organization\"},\"image\":{\"@id\":\"https:\/\/ninamartinelli.com.br\/blog2\/icone-da-arquitetura-brasileira-cobogos-da-nina-martinelli-dao-privacidade-e-sustentabilidade-a-residencia-em-piracicaba-sp\/#primaryimage\"},\"thumbnailUrl\":\"https:\/\/ninamartinelli.com.br\/blog2\/wp-content\/uploads\/2025\/08\/CASA_TAQUARAL_PACKER_JRCRUZ-2-REDIM-scaled.jpg\",\"keywords\":[\"Arquitetura Brasileira; Resid\u00eancia\",\"cobogo\",\"Sustentabilidade\",\"ventila\u00e7\u00e3o cruzada; privacidade; ilumina\u00e7\u00e3o natural\"],\"articleSection\":[\"Colezione Cobog\u00f3\",\"Nina Martinelli\"],\"inLanguage\":\"pt-BR\",\"potentialAction\":[{\"@type\":\"CommentAction\",\"name\":\"Comment\",\"target\":[\"https:\/\/ninamartinelli.com.br\/blog2\/icone-da-arquitetura-brasileira-cobogos-da-nina-martinelli-dao-privacidade-e-sustentabilidade-a-residencia-em-piracicaba-sp\/#respond\"]}]},{\"@type\":\"WebPage\",\"@id\":\"https:\/\/ninamartinelli.com.br\/blog2\/icone-da-arquitetura-brasileira-cobogos-da-nina-martinelli-dao-privacidade-e-sustentabilidade-a-residencia-em-piracicaba-sp\/\",\"url\":\"https:\/\/ninamartinelli.com.br\/blog2\/icone-da-arquitetura-brasileira-cobogos-da-nina-martinelli-dao-privacidade-e-sustentabilidade-a-residencia-em-piracicaba-sp\/\",\"name\":\"\u00cdcone da arquitetura brasileira \u2013 cobog\u00f3s da Nina Martinelli d\u00e3o privacidade e sustentabilidade a resid\u00eancia em Piracicaba-SP\",\"isPartOf\":{\"@id\":\"https:\/\/ninamartinelli.com.br\/blog2\/#website\"},\"primaryImageOfPage\":{\"@id\":\"https:\/\/ninamartinelli.com.br\/blog2\/icone-da-arquitetura-brasileira-cobogos-da-nina-martinelli-dao-privacidade-e-sustentabilidade-a-residencia-em-piracicaba-sp\/#primaryimage\"},\"image\":{\"@id\":\"https:\/\/ninamartinelli.com.br\/blog2\/icone-da-arquitetura-brasileira-cobogos-da-nina-martinelli-dao-privacidade-e-sustentabilidade-a-residencia-em-piracicaba-sp\/#primaryimage\"},\"thumbnailUrl\":\"https:\/\/ninamartinelli.com.br\/blog2\/wp-content\/uploads\/2025\/08\/CASA_TAQUARAL_PACKER_JRCRUZ-2-REDIM-scaled.jpg\",\"datePublished\":\"2025-08-06T11:30:05+00:00\",\"description\":\"\u00cdcone da arquitetura brasileira - Veja como os cobog\u00f3s da Nina Martinelli trouxeram ainda mais brasilidade e funcionalidade a esta casa\",\"breadcrumb\":{\"@id\":\"https:\/\/ninamartinelli.com.br\/blog2\/icone-da-arquitetura-brasileira-cobogos-da-nina-martinelli-dao-privacidade-e-sustentabilidade-a-residencia-em-piracicaba-sp\/#breadcrumb\"},\"inLanguage\":\"pt-BR\",\"potentialAction\":[{\"@type\":\"ReadAction\",\"target\":[\"https:\/\/ninamartinelli.com.br\/blog2\/icone-da-arquitetura-brasileira-cobogos-da-nina-martinelli-dao-privacidade-e-sustentabilidade-a-residencia-em-piracicaba-sp\/\"]}]},{\"@type\":\"ImageObject\",\"inLanguage\":\"pt-BR\",\"@id\":\"https:\/\/ninamartinelli.com.br\/blog2\/icone-da-arquitetura-brasileira-cobogos-da-nina-martinelli-dao-privacidade-e-sustentabilidade-a-residencia-em-piracicaba-sp\/#primaryimage\",\"url\":\"https:\/\/ninamartinelli.com.br\/blog2\/wp-content\/uploads\/2025\/08\/CASA_TAQUARAL_PACKER_JRCRUZ-2-REDIM-scaled.jpg\",\"contentUrl\":\"https:\/\/ninamartinelli.com.br\/blog2\/wp-content\/uploads\/2025\/08\/CASA_TAQUARAL_PACKER_JRCRUZ-2-REDIM-scaled.jpg\",\"width\":2560,\"height\":1706},{\"@type\":\"BreadcrumbList\",\"@id\":\"https:\/\/ninamartinelli.com.br\/blog2\/icone-da-arquitetura-brasileira-cobogos-da-nina-martinelli-dao-privacidade-e-sustentabilidade-a-residencia-em-piracicaba-sp\/#breadcrumb\",\"itemListElement\":[{\"@type\":\"ListItem\",\"position\":1,\"name\":\"In\u00edcio\",\"item\":\"https:\/\/ninamartinelli.com.br\/blog2\/\"},{\"@type\":\"ListItem\",\"position\":2,\"name\":\"\u00cdcone da arquitetura brasileira \u2013 cobog\u00f3s da Nina Martinelli d\u00e3o privacidade e sustentabilidade a resid\u00eancia em Piracicaba-SP\"}]},{\"@type\":\"WebSite\",\"@id\":\"https:\/\/ninamartinelli.com.br\/blog2\/#website\",\"url\":\"https:\/\/ninamartinelli.com.br\/blog2\/\",\"name\":\"Nina Martinelli\",\"description\":\"#Nina_Martinelli\",\"publisher\":{\"@id\":\"https:\/\/ninamartinelli.com.br\/blog2\/#organization\"},\"potentialAction\":[{\"@type\":\"SearchAction\",\"target\":{\"@type\":\"EntryPoint\",\"urlTemplate\":\"https:\/\/ninamartinelli.com.br\/blog2\/?s={search_term_string}\"},\"query-input\":{\"@type\":\"PropertyValueSpecification\",\"valueRequired\":true,\"valueName\":\"search_term_string\"}}],\"inLanguage\":\"pt-BR\"},{\"@type\":\"Organization\",\"@id\":\"https:\/\/ninamartinelli.com.br\/blog2\/#organization\",\"name\":\"Blog Novidades\",\"url\":\"https:\/\/ninamartinelli.com.br\/blog2\/\",\"logo\":{\"@type\":\"ImageObject\",\"inLanguage\":\"pt-BR\",\"@id\":\"https:\/\/ninamartinelli.com.br\/blog2\/#\/schema\/logo\/image\/\",\"url\":\"http:\/\/blog.ninamartinelli.com.br\/wp-content\/uploads\/2022\/03\/logo_nina_blog.png\",\"contentUrl\":\"http:\/\/blog.ninamartinelli.com.br\/wp-content\/uploads\/2022\/03\/logo_nina_blog.png\",\"width\":500,\"height\":104,\"caption\":\"Blog Novidades\"},\"image\":{\"@id\":\"https:\/\/ninamartinelli.com.br\/blog2\/#\/schema\/logo\/image\/\"}},{\"@type\":\"Person\",\"@id\":\"https:\/\/ninamartinelli.com.br\/blog2\/#\/schema\/person\/43fbfb1d4cbe3b472995206b2bb06df5\",\"name\":\"Ana Maria Devides\",\"image\":{\"@type\":\"ImageObject\",\"inLanguage\":\"pt-BR\",\"@id\":\"https:\/\/ninamartinelli.com.br\/blog2\/#\/schema\/person\/image\/\",\"url\":\"https:\/\/secure.gravatar.com\/avatar\/a03a82675d8bb3da8e5c5a6872db97be?s=96&d=mm&r=g\",\"contentUrl\":\"https:\/\/secure.gravatar.com\/avatar\/a03a82675d8bb3da8e5c5a6872db97be?s=96&d=mm&r=g\",\"caption\":\"Ana Maria Devides\"},\"url\":\"https:\/\/ninamartinelli.com.br\/blog2\/author\/assessoria-nina-martinelli\/\"}]}<\/script>\n<!-- \/ Yoast SEO plugin. -->","yoast_head_json":{"title":"\u00cdcone da arquitetura brasileira \u2013 cobog\u00f3s da Nina Martinelli d\u00e3o privacidade e sustentabilidade a resid\u00eancia em Piracicaba-SP","description":"\u00cdcone da arquitetura brasileira - Veja como os cobog\u00f3s da Nina Martinelli trouxeram ainda mais brasilidade e funcionalidade a esta casa","robots":{"index":"index","follow":"follow","max-snippet":"max-snippet:-1","max-image-preview":"max-image-preview:large","max-video-preview":"max-video-preview:-1"},"canonical":"https:\/\/ninamartinelli.com.br\/blog2\/icone-da-arquitetura-brasileira-cobogos-da-nina-martinelli-dao-privacidade-e-sustentabilidade-a-residencia-em-piracicaba-sp\/","og_locale":"pt_BR","og_type":"article","og_title":"\u00cdcone da arquitetura brasileira \u2013 cobog\u00f3s da Nina Martinelli d\u00e3o privacidade e sustentabilidade a resid\u00eancia em Piracicaba-SP","og_description":"\u00cdcone da arquitetura brasileira - Veja como os cobog\u00f3s da Nina Martinelli trouxeram ainda mais brasilidade e funcionalidade a esta casa","og_url":"https:\/\/ninamartinelli.com.br\/blog2\/icone-da-arquitetura-brasileira-cobogos-da-nina-martinelli-dao-privacidade-e-sustentabilidade-a-residencia-em-piracicaba-sp\/","og_site_name":"Blog Nina","article_published_time":"2025-08-06T11:30:05+00:00","og_image":[{"width":2560,"height":1706,"url":"https:\/\/ninamartinelli.com.br\/blog2\/wp-content\/uploads\/2025\/08\/CASA_TAQUARAL_PACKER_JRCRUZ-2-REDIM-scaled.jpg","type":"image\/jpeg"}],"author":"Ana Maria Devides","twitter_card":"summary_large_image","twitter_misc":{"Escrito por":"Ana Maria Devides","Est. tempo de leitura":"4 minutos"},"schema":{"@context":"https:\/\/schema.org","@graph":[{"@type":"Article","@id":"https:\/\/ninamartinelli.com.br\/blog2\/icone-da-arquitetura-brasileira-cobogos-da-nina-martinelli-dao-privacidade-e-sustentabilidade-a-residencia-em-piracicaba-sp\/#article","isPartOf":{"@id":"https:\/\/ninamartinelli.com.br\/blog2\/icone-da-arquitetura-brasileira-cobogos-da-nina-martinelli-dao-privacidade-e-sustentabilidade-a-residencia-em-piracicaba-sp\/"},"author":{"name":"Ana Maria Devides","@id":"https:\/\/ninamartinelli.com.br\/blog2\/#\/schema\/person\/43fbfb1d4cbe3b472995206b2bb06df5"},"headline":"\u00cdcone da arquitetura brasileira \u2013 cobog\u00f3s da Nina Martinelli d\u00e3o privacidade e sustentabilidade a resid\u00eancia em Piracicaba-SP","datePublished":"2025-08-06T11:30:05+00:00","mainEntityOfPage":{"@id":"https:\/\/ninamartinelli.com.br\/blog2\/icone-da-arquitetura-brasileira-cobogos-da-nina-martinelli-dao-privacidade-e-sustentabilidade-a-residencia-em-piracicaba-sp\/"},"wordCount":498,"commentCount":0,"publisher":{"@id":"https:\/\/ninamartinelli.com.br\/blog2\/#organization"},"image":{"@id":"https:\/\/ninamartinelli.com.br\/blog2\/icone-da-arquitetura-brasileira-cobogos-da-nina-martinelli-dao-privacidade-e-sustentabilidade-a-residencia-em-piracicaba-sp\/#primaryimage"},"thumbnailUrl":"https:\/\/ninamartinelli.com.br\/blog2\/wp-content\/uploads\/2025\/08\/CASA_TAQUARAL_PACKER_JRCRUZ-2-REDIM-scaled.jpg","keywords":["Arquitetura Brasileira; Resid\u00eancia","cobogo","Sustentabilidade","ventila\u00e7\u00e3o cruzada; privacidade; ilumina\u00e7\u00e3o natural"],"articleSection":["Colezione Cobog\u00f3","Nina Martinelli"],"inLanguage":"pt-BR","potentialAction":[{"@type":"CommentAction","name":"Comment","target":["https:\/\/ninamartinelli.com.br\/blog2\/icone-da-arquitetura-brasileira-cobogos-da-nina-martinelli-dao-privacidade-e-sustentabilidade-a-residencia-em-piracicaba-sp\/#respond"]}]},{"@type":"WebPage","@id":"https:\/\/ninamartinelli.com.br\/blog2\/icone-da-arquitetura-brasileira-cobogos-da-nina-martinelli-dao-privacidade-e-sustentabilidade-a-residencia-em-piracicaba-sp\/","url":"https:\/\/ninamartinelli.com.br\/blog2\/icone-da-arquitetura-brasileira-cobogos-da-nina-martinelli-dao-privacidade-e-sustentabilidade-a-residencia-em-piracicaba-sp\/","name":"\u00cdcone da arquitetura brasileira \u2013 cobog\u00f3s da Nina Martinelli d\u00e3o privacidade e sustentabilidade a resid\u00eancia em Piracicaba-SP","isPartOf":{"@id":"https:\/\/ninamartinelli.com.br\/blog2\/#website"},"primaryImageOfPage":{"@id":"https:\/\/ninamartinelli.com.br\/blog2\/icone-da-arquitetura-brasileira-cobogos-da-nina-martinelli-dao-privacidade-e-sustentabilidade-a-residencia-em-piracicaba-sp\/#primaryimage"},"image":{"@id":"https:\/\/ninamartinelli.com.br\/blog2\/icone-da-arquitetura-brasileira-cobogos-da-nina-martinelli-dao-privacidade-e-sustentabilidade-a-residencia-em-piracicaba-sp\/#primaryimage"},"thumbnailUrl":"https:\/\/ninamartinelli.com.br\/blog2\/wp-content\/uploads\/2025\/08\/CASA_TAQUARAL_PACKER_JRCRUZ-2-REDIM-scaled.jpg","datePublished":"2025-08-06T11:30:05+00:00","description":"\u00cdcone da arquitetura brasileira - Veja como os cobog\u00f3s da Nina Martinelli trouxeram ainda mais brasilidade e funcionalidade a esta casa","breadcrumb":{"@id":"https:\/\/ninamartinelli.com.br\/blog2\/icone-da-arquitetura-brasileira-cobogos-da-nina-martinelli-dao-privacidade-e-sustentabilidade-a-residencia-em-piracicaba-sp\/#breadcrumb"},"inLanguage":"pt-BR","potentialAction":[{"@type":"ReadAction","target":["https:\/\/ninamartinelli.com.br\/blog2\/icone-da-arquitetura-brasileira-cobogos-da-nina-martinelli-dao-privacidade-e-sustentabilidade-a-residencia-em-piracicaba-sp\/"]}]},{"@type":"ImageObject","inLanguage":"pt-BR","@id":"https:\/\/ninamartinelli.com.br\/blog2\/icone-da-arquitetura-brasileira-cobogos-da-nina-martinelli-dao-privacidade-e-sustentabilidade-a-residencia-em-piracicaba-sp\/#primaryimage","url":"https:\/\/ninamartinelli.com.br\/blog2\/wp-content\/uploads\/2025\/08\/CASA_TAQUARAL_PACKER_JRCRUZ-2-REDIM-scaled.jpg","contentUrl":"https:\/\/ninamartinelli.com.br\/blog2\/wp-content\/uploads\/2025\/08\/CASA_TAQUARAL_PACKER_JRCRUZ-2-REDIM-scaled.jpg","width":2560,"height":1706},{"@type":"BreadcrumbList","@id":"https:\/\/ninamartinelli.com.br\/blog2\/icone-da-arquitetura-brasileira-cobogos-da-nina-martinelli-dao-privacidade-e-sustentabilidade-a-residencia-em-piracicaba-sp\/#breadcrumb","itemListElement":[{"@type":"ListItem","position":1,"name":"In\u00edcio","item":"https:\/\/ninamartinelli.com.br\/blog2\/"},{"@type":"ListItem","position":2,"name":"\u00cdcone da arquitetura brasileira \u2013 cobog\u00f3s da Nina Martinelli d\u00e3o privacidade e sustentabilidade a resid\u00eancia em Piracicaba-SP"}]},{"@type":"WebSite","@id":"https:\/\/ninamartinelli.com.br\/blog2\/#website","url":"https:\/\/ninamartinelli.com.br\/blog2\/","name":"Nina Martinelli","description":"#Nina_Martinelli","publisher":{"@id":"https:\/\/ninamartinelli.com.br\/blog2\/#organization"},"potentialAction":[{"@type":"SearchAction","target":{"@type":"EntryPoint","urlTemplate":"https:\/\/ninamartinelli.com.br\/blog2\/?s={search_term_string}"},"query-input":{"@type":"PropertyValueSpecification","valueRequired":true,"valueName":"search_term_string"}}],"inLanguage":"pt-BR"},{"@type":"Organization","@id":"https:\/\/ninamartinelli.com.br\/blog2\/#organization","name":"Blog Novidades","url":"https:\/\/ninamartinelli.com.br\/blog2\/","logo":{"@type":"ImageObject","inLanguage":"pt-BR","@id":"https:\/\/ninamartinelli.com.br\/blog2\/#\/schema\/logo\/image\/","url":"http:\/\/blog.ninamartinelli.com.br\/wp-content\/uploads\/2022\/03\/logo_nina_blog.png","contentUrl":"http:\/\/blog.ninamartinelli.com.br\/wp-content\/uploads\/2022\/03\/logo_nina_blog.png","width":500,"height":104,"caption":"Blog Novidades"},"image":{"@id":"https:\/\/ninamartinelli.com.br\/blog2\/#\/schema\/logo\/image\/"}},{"@type":"Person","@id":"https:\/\/ninamartinelli.com.br\/blog2\/#\/schema\/person\/43fbfb1d4cbe3b472995206b2bb06df5","name":"Ana Maria Devides","image":{"@type":"ImageObject","inLanguage":"pt-BR","@id":"https:\/\/ninamartinelli.com.br\/blog2\/#\/schema\/person\/image\/","url":"https:\/\/secure.gravatar.com\/avatar\/a03a82675d8bb3da8e5c5a6872db97be?s=96&d=mm&r=g","contentUrl":"https:\/\/secure.gravatar.com\/avatar\/a03a82675d8bb3da8e5c5a6872db97be?s=96&d=mm&r=g","caption":"Ana Maria Devides"},"url":"https:\/\/ninamartinelli.com.br\/blog2\/author\/assessoria-nina-martinelli\/"}]}},"_links":{"self":[{"href":"https:\/\/ninamartinelli.com.br\/blog2\/wp-json\/wp\/v2\/posts\/2860","targetHints":{"allow":["GET"]}}],"collection":[{"href":"https:\/\/ninamartinelli.com.br\/blog2\/wp-json\/wp\/v2\/posts"}],"about":[{"href":"https:\/\/ninamartinelli.com.br\/blog2\/wp-json\/wp\/v2\/types\/post"}],"author":[{"embeddable":true,"href":"https:\/\/ninamartinelli.com.br\/blog2\/wp-json\/wp\/v2\/users\/2"}],"replies":[{"embeddable":true,"href":"https:\/\/ninamartinelli.com.br\/blog2\/wp-json\/wp\/v2\/comments?post=2860"}],"version-history":[{"count":2,"href":"https:\/\/ninamartinelli.com.br\/blog2\/wp-json\/wp\/v2\/posts\/2860\/revisions"}],"predecessor-version":[{"id":2867,"href":"https:\/\/ninamartinelli.com.br\/blog2\/wp-json\/wp\/v2\/posts\/2860\/revisions\/2867"}],"wp:featuredmedia":[{"embeddable":true,"href":"https:\/\/ninamartinelli.com.br\/blog2\/wp-json\/wp\/v2\/media\/2861"}],"wp:attachment":[{"href":"https:\/\/ninamartinelli.com.br\/blog2\/wp-json\/wp\/v2\/media?parent=2860"}],"wp:term":[{"taxonomy":"category","embeddable":true,"href":"https:\/\/ninamartinelli.com.br\/blog2\/wp-json\/wp\/v2\/categories?post=2860"},{"taxonomy":"post_tag","embeddable":true,"href":"https:\/\/ninamartinelli.com.br\/blog2\/wp-json\/wp\/v2\/tags?post=2860"}],"curies":[{"name":"wp","href":"https:\/\/api.w.org\/{rel}","templated":true}]}}