{"id":2838,"date":"2025-07-23T08:30:29","date_gmt":"2025-07-23T11:30:29","guid":{"rendered":"https:\/\/ninamartinelli.com.br\/blog2\/?p=2838"},"modified":"2025-07-21T11:37:35","modified_gmt":"2025-07-21T14:37:35","slug":"beleza-e-originalidade-revestimento-particella-traz-personalidade-a-apartamento-de-alto-padrao-em-sao-paulo","status":"publish","type":"post","link":"https:\/\/ninamartinelli.com.br\/blog2\/beleza-e-originalidade-revestimento-particella-traz-personalidade-a-apartamento-de-alto-padrao-em-sao-paulo\/","title":{"rendered":"Beleza e originalidade \u2013 Revestimento Particella traz personalidade a apartamento de alto padr\u00e3o em S\u00e3o Paulo"},"content":{"rendered":"<p><strong>Beleza e originalidade \u2013 <\/strong>Conquistar o apartamento dos sonhos, aquele lugar onde a fam\u00edlia pretende passar muitos anos, vivendo a vida com suas muitas experi\u00eancias, partilhando viv\u00eancias e construindo eternas mem\u00f3rias, \u00e9 algo que requer esfor\u00e7o e muito crit\u00e9rio na hora de conceber os espa\u00e7os.<\/p>\n<p>E foi com esse cuidado que os clientes de <a href=\"https:\/\/www.instagram.com\/felipevale_arq\/\">Felipe Vale<\/a>, jovem arquiteto respons\u00e1vel pelo escrit\u00f3rio <a href=\"https:\/\/www.instagram.com\/hangar_arquitetura\/\">Hangar Arquitetura<\/a> procuraram o profissional, para reformar um apartamento duplex de alto padr\u00e3o em S\u00e3o Paulo, que deveria ser reformado e transformado num ref\u00fagio muito especial, para um casal com mais de 20 anos de uni\u00e3o, e tr\u00eas filhos.<\/p>\n<p>Optando por um conceito contempor\u00e2neo, mas com muita leveza e personalidade, Felipe optou por revestir a parte superior das paredes do v\u00e3o da escada que d\u00e1 acesso \u00e0s \u00e1reas \u00edntimas com o revestimento <a href=\"https:\/\/ninamartinelli.com.br\/produtos\/particella-beige-2\/\">Particella Beige<\/a>, da Nina Martinelli.<\/p>\n<p>Verdadeiro trunfo quando se busca diferencia\u00e7\u00e3o, o Particella mede 2x1m e \u00e9 composto por pe\u00e7as geom\u00e9tricas que, juntas, originam uma pagina\u00e7\u00e3o \u00fanica contempor\u00e2nea, alternando uma superf\u00edcie lisa suave ao toque al\u00e9m de pontos de baixo relevo preenchidos com part\u00edculas minerais.<\/p>\n<p>O modelo pode ser utilizado em \u00e1reas internas ou externas e \u00e9 disponibilizado tamb\u00e9m nos tons Bianco, Bianco Puro, Grigio e Grigio Escuro.<\/p>\n<p>Felipe explica o motivo de ter especificado algo t\u00e3o diferenciado. \u201cNesse ponto do apartamento, eles queriam algo realmente \u00fanico, um revestimento que eles nunca tivessem visto e que trouxesse algo que fugisse do comum\u201d, explica Felipe.<\/p>\n<p>O revestimento trouxe um ar c\u00eanico ao espa\u00e7o, que tamb\u00e9m recebeu um rodameio em Nogueira, trazendo acolhimento, e tamb\u00e9m pain\u00e9is suavemente iluminados que dialogam perfeitamente com um corrim\u00e3o transl\u00facido, que permite a quem sobe e desce sentir-se envolvido pelo jogo de luzes, texturas e tons do espa\u00e7o, muito fluido e elegante.<\/p>\n<p>Uma lumin\u00e1ria met\u00e1lica escultural, num tom acobreado suave, que combina com os baixos relevos do Particella, arremata o conjunto com sofistica\u00e7\u00e3o e sutileza. Um show para os olhos e uma verdadeira experi\u00eancia sensorial.<\/p>\n<p><img loading=\"lazy\" decoding=\"async\" class=\"alignnone  wp-image-2840\" src=\"https:\/\/ninamartinelli.com.br\/blog2\/wp-content\/uploads\/2025\/07\/particella-1-REDIM-200x300.jpg\" alt=\"\" width=\"327\" height=\"491\" srcset=\"https:\/\/ninamartinelli.com.br\/blog2\/wp-content\/uploads\/2025\/07\/particella-1-REDIM-200x300.jpg 200w, https:\/\/ninamartinelli.com.br\/blog2\/wp-content\/uploads\/2025\/07\/particella-1-REDIM-683x1024.jpg 683w, https:\/\/ninamartinelli.com.br\/blog2\/wp-content\/uploads\/2025\/07\/particella-1-REDIM-768x1152.jpg 768w, https:\/\/ninamartinelli.com.br\/blog2\/wp-content\/uploads\/2025\/07\/particella-1-REDIM-1024x1536.jpg 1024w, https:\/\/ninamartinelli.com.br\/blog2\/wp-content\/uploads\/2025\/07\/particella-1-REDIM-1365x2048.jpg 1365w, https:\/\/ninamartinelli.com.br\/blog2\/wp-content\/uploads\/2025\/07\/particella-1-REDIM-scaled.jpg 1707w\" sizes=\"auto, (max-width: 327px) 100vw, 327px\" \/>\u00a0 \u00a0 \u00a0 \u00a0 \u00a0 <img loading=\"lazy\" decoding=\"async\" class=\"alignnone  wp-image-2841\" src=\"https:\/\/ninamartinelli.com.br\/blog2\/wp-content\/uploads\/2025\/07\/particella-4-REDIM-1-300x200.jpg\" alt=\"\" width=\"413\" height=\"275\" srcset=\"https:\/\/ninamartinelli.com.br\/blog2\/wp-content\/uploads\/2025\/07\/particella-4-REDIM-1-300x200.jpg 300w, https:\/\/ninamartinelli.com.br\/blog2\/wp-content\/uploads\/2025\/07\/particella-4-REDIM-1-1024x683.jpg 1024w, https:\/\/ninamartinelli.com.br\/blog2\/wp-content\/uploads\/2025\/07\/particella-4-REDIM-1-768x512.jpg 768w, https:\/\/ninamartinelli.com.br\/blog2\/wp-content\/uploads\/2025\/07\/particella-4-REDIM-1-1536x1024.jpg 1536w, https:\/\/ninamartinelli.com.br\/blog2\/wp-content\/uploads\/2025\/07\/particella-4-REDIM-1-2048x1365.jpg 2048w\" sizes=\"auto, (max-width: 413px) 100vw, 413px\" \/><\/p>\n<p>&nbsp;<\/p>\n<p>&nbsp;<\/p>\n<p><img loading=\"lazy\" decoding=\"async\" class=\"alignnone  wp-image-2842\" src=\"https:\/\/ninamartinelli.com.br\/blog2\/wp-content\/uploads\/2025\/07\/particella-5-REDIM-200x300.jpg\" alt=\"\" width=\"325\" height=\"488\" srcset=\"https:\/\/ninamartinelli.com.br\/blog2\/wp-content\/uploads\/2025\/07\/particella-5-REDIM-200x300.jpg 200w, https:\/\/ninamartinelli.com.br\/blog2\/wp-content\/uploads\/2025\/07\/particella-5-REDIM-683x1024.jpg 683w, https:\/\/ninamartinelli.com.br\/blog2\/wp-content\/uploads\/2025\/07\/particella-5-REDIM-768x1152.jpg 768w, https:\/\/ninamartinelli.com.br\/blog2\/wp-content\/uploads\/2025\/07\/particella-5-REDIM-1024x1536.jpg 1024w, https:\/\/ninamartinelli.com.br\/blog2\/wp-content\/uploads\/2025\/07\/particella-5-REDIM-1365x2048.jpg 1365w, https:\/\/ninamartinelli.com.br\/blog2\/wp-content\/uploads\/2025\/07\/particella-5-REDIM-scaled.jpg 1707w\" sizes=\"auto, (max-width: 325px) 100vw, 325px\" \/>\u00a0 \u00a0 <img loading=\"lazy\" decoding=\"async\" class=\"alignnone  wp-image-2843\" src=\"https:\/\/ninamartinelli.com.br\/blog2\/wp-content\/uploads\/2025\/07\/particella-6-REDIM-200x300.jpg\" alt=\"\" width=\"323\" height=\"485\" srcset=\"https:\/\/ninamartinelli.com.br\/blog2\/wp-content\/uploads\/2025\/07\/particella-6-REDIM-200x300.jpg 200w, https:\/\/ninamartinelli.com.br\/blog2\/wp-content\/uploads\/2025\/07\/particella-6-REDIM-683x1024.jpg 683w, https:\/\/ninamartinelli.com.br\/blog2\/wp-content\/uploads\/2025\/07\/particella-6-REDIM-768x1152.jpg 768w, https:\/\/ninamartinelli.com.br\/blog2\/wp-content\/uploads\/2025\/07\/particella-6-REDIM-1024x1536.jpg 1024w, https:\/\/ninamartinelli.com.br\/blog2\/wp-content\/uploads\/2025\/07\/particella-6-REDIM-1365x2048.jpg 1365w, https:\/\/ninamartinelli.com.br\/blog2\/wp-content\/uploads\/2025\/07\/particella-6-REDIM-scaled.jpg 1707w\" sizes=\"auto, (max-width: 323px) 100vw, 323px\" \/><\/p>\n<p>&nbsp;<\/p>\n<p><img loading=\"lazy\" decoding=\"async\" class=\"alignnone  wp-image-2845\" src=\"https:\/\/ninamartinelli.com.br\/blog2\/wp-content\/uploads\/2025\/07\/particella-8-200x300.jpg\" alt=\"\" width=\"291\" height=\"437\" srcset=\"https:\/\/ninamartinelli.com.br\/blog2\/wp-content\/uploads\/2025\/07\/particella-8-200x300.jpg 200w, https:\/\/ninamartinelli.com.br\/blog2\/wp-content\/uploads\/2025\/07\/particella-8-683x1024.jpg 683w, https:\/\/ninamartinelli.com.br\/blog2\/wp-content\/uploads\/2025\/07\/particella-8-768x1152.jpg 768w, https:\/\/ninamartinelli.com.br\/blog2\/wp-content\/uploads\/2025\/07\/particella-8-1024x1536.jpg 1024w, https:\/\/ninamartinelli.com.br\/blog2\/wp-content\/uploads\/2025\/07\/particella-8-1365x2048.jpg 1365w, https:\/\/ninamartinelli.com.br\/blog2\/wp-content\/uploads\/2025\/07\/particella-8-scaled.jpg 1707w\" sizes=\"auto, (max-width: 291px) 100vw, 291px\" \/>\u00a0 \u00a0 <img loading=\"lazy\" decoding=\"async\" class=\"alignnone  wp-image-2846\" src=\"https:\/\/ninamartinelli.com.br\/blog2\/wp-content\/uploads\/2025\/07\/particella-9-REDIM-200x300.jpg\" alt=\"\" width=\"290\" height=\"435\" srcset=\"https:\/\/ninamartinelli.com.br\/blog2\/wp-content\/uploads\/2025\/07\/particella-9-REDIM-200x300.jpg 200w, https:\/\/ninamartinelli.com.br\/blog2\/wp-content\/uploads\/2025\/07\/particella-9-REDIM-683x1024.jpg 683w, https:\/\/ninamartinelli.com.br\/blog2\/wp-content\/uploads\/2025\/07\/particella-9-REDIM-768x1152.jpg 768w, https:\/\/ninamartinelli.com.br\/blog2\/wp-content\/uploads\/2025\/07\/particella-9-REDIM-1024x1536.jpg 1024w, https:\/\/ninamartinelli.com.br\/blog2\/wp-content\/uploads\/2025\/07\/particella-9-REDIM-1365x2048.jpg 1365w, https:\/\/ninamartinelli.com.br\/blog2\/wp-content\/uploads\/2025\/07\/particella-9-REDIM-scaled.jpg 1707w\" sizes=\"auto, (max-width: 290px) 100vw, 290px\" \/><\/p>\n<p>O mesmo revestimento deu tamb\u00e9m muita personalidade ao barzinho, onde foi aplicado na parede de fundo, que acomoda uma bela cervejeira, e um cantinho do caf\u00e9 de extremo bom gosto, perfeitamente harmonizado com os demais ambientes, todos repletos de elementos de design.<\/p>\n<p>Felipe, cujas ideias costumam ir ao encontro dos desejos dos seus clientes, se diz satisfeito e garante a fam\u00edlia tamb\u00e9m se sentiu plenamente atendida. \u201cO Particella trouxe exatamente essa brincadeira com a textura e a parte desgastada do revestimento ganhou a aten\u00e7\u00e3o deles, demais. Todos amaram e comentam, \u00e9 um grande destaque do projeto\u201d, conclui.<\/p>\n<p>O Particella foi adquirido na revenda parceira <a href=\"https:\/\/www.instagram.com\/revestimentoscalacatta\/\">Calacatta Revestimentos<\/a>.<\/p>\n<p><strong>\u00a0<\/strong><\/p>\n<p><strong>Servi\u00e7o:<\/strong><\/p>\n<p><strong>Beleza e originalidade \u2013 revestimento Particella em apartamento reformado em S\u00e3o Paulo\/SP<\/strong><\/p>\n<p><strong>Produto: <\/strong>Particella Beige 2x1m<\/p>\n<p><strong>Projeto: <\/strong>Felipe Vale, escrit\u00f3rio Hangar Arquitetura<\/p>\n<p><strong>Instagram: <\/strong>@hangar_arquitetura<\/p>\n<p><strong>Fotos: <\/strong>Ricardo Carvalheiro<\/p>\n<p><strong>Instagram: <\/strong>@ricacarvalheiro<\/p>\n<p><strong>Revenda parceira: <\/strong>Calacatta Revestimentos \u2013 S\u00e3o Paulo<\/p>\n<p><strong>Instagram: <\/strong>@revestimentoscalacatta<\/p>\n<p><strong><a href=\"https:\/\/www.instagram.com\/revestimentoscalacatta\/\">\u00a0<\/a><\/strong><\/p>\n<p>&nbsp;<\/p>\n<p>&nbsp;<\/p>\n","protected":false},"excerpt":{"rendered":"<p>Beleza e originalidade \u2013 Conquistar o apartamento dos sonhos, aquele lugar onde a fam\u00edlia pretende<\/p>\n","protected":false},"author":2,"featured_media":2839,"comment_status":"open","ping_status":"open","sticky":false,"template":"","format":"standard","meta":{"footnotes":""},"categories":[1,26,129],"tags":[181,72,37,46,131],"class_list":["post-2838","post","type-post","status-publish","format-standard","has-post-thumbnail","hentry","category-nina-martinelli","category-revestimentos","category-sustentabilidade","tag-alto-padrao","tag-apartamento","tag-parede","tag-revestimento","tag-sustentabilidade"],"yoast_head":"<!-- This site is optimized with the Yoast SEO plugin v26.8 - https:\/\/yoast.com\/product\/yoast-seo-wordpress\/ -->\n<title>Beleza e originalidade \u2013 Revestimento Particella traz personalidade a apartamento de alto padr\u00e3o em S\u00e3o Paulo<\/title>\n<meta name=\"description\" content=\"Beleza e originalidade - um revestimento diferente, impactante e elegante. Assim \u00e9 o Particella, que fez desse apartamento algo \u00fanico\" \/>\n<meta name=\"robots\" content=\"index, follow, max-snippet:-1, max-image-preview:large, max-video-preview:-1\" \/>\n<link rel=\"canonical\" href=\"https:\/\/ninamartinelli.com.br\/blog2\/beleza-e-originalidade-revestimento-particella-traz-personalidade-a-apartamento-de-alto-padrao-em-sao-paulo\/\" \/>\n<meta property=\"og:locale\" content=\"pt_BR\" \/>\n<meta property=\"og:type\" content=\"article\" \/>\n<meta property=\"og:title\" content=\"Beleza e originalidade \u2013 Revestimento Particella traz personalidade a apartamento de alto padr\u00e3o em S\u00e3o Paulo\" \/>\n<meta property=\"og:description\" content=\"Beleza e originalidade - um revestimento diferente, impactante e elegante. Assim \u00e9 o Particella, que fez desse apartamento algo \u00fanico\" \/>\n<meta property=\"og:url\" content=\"https:\/\/ninamartinelli.com.br\/blog2\/beleza-e-originalidade-revestimento-particella-traz-personalidade-a-apartamento-de-alto-padrao-em-sao-paulo\/\" \/>\n<meta property=\"og:site_name\" content=\"Blog Nina\" \/>\n<meta property=\"article:published_time\" content=\"2025-07-23T11:30:29+00:00\" \/>\n<meta property=\"og:image\" content=\"https:\/\/ninamartinelli.com.br\/blog2\/wp-content\/uploads\/2025\/07\/particella-4-REDIM-scaled.jpg\" \/>\n\t<meta property=\"og:image:width\" content=\"2560\" \/>\n\t<meta property=\"og:image:height\" content=\"1707\" \/>\n\t<meta property=\"og:image:type\" content=\"image\/jpeg\" \/>\n<meta name=\"author\" content=\"Ana Maria Devides\" \/>\n<meta name=\"twitter:card\" content=\"summary_large_image\" \/>\n<meta name=\"twitter:label1\" content=\"Escrito por\" \/>\n\t<meta name=\"twitter:data1\" content=\"Ana Maria Devides\" \/>\n\t<meta name=\"twitter:label2\" content=\"Est. tempo de leitura\" \/>\n\t<meta name=\"twitter:data2\" content=\"4 minutos\" \/>\n<script type=\"application\/ld+json\" class=\"yoast-schema-graph\">{\"@context\":\"https:\/\/schema.org\",\"@graph\":[{\"@type\":\"Article\",\"@id\":\"https:\/\/ninamartinelli.com.br\/blog2\/beleza-e-originalidade-revestimento-particella-traz-personalidade-a-apartamento-de-alto-padrao-em-sao-paulo\/#article\",\"isPartOf\":{\"@id\":\"https:\/\/ninamartinelli.com.br\/blog2\/beleza-e-originalidade-revestimento-particella-traz-personalidade-a-apartamento-de-alto-padrao-em-sao-paulo\/\"},\"author\":{\"name\":\"Ana Maria Devides\",\"@id\":\"https:\/\/ninamartinelli.com.br\/blog2\/#\/schema\/person\/43fbfb1d4cbe3b472995206b2bb06df5\"},\"headline\":\"Beleza e originalidade \u2013 Revestimento Particella traz personalidade a apartamento de alto padr\u00e3o em S\u00e3o Paulo\",\"datePublished\":\"2025-07-23T11:30:29+00:00\",\"mainEntityOfPage\":{\"@id\":\"https:\/\/ninamartinelli.com.br\/blog2\/beleza-e-originalidade-revestimento-particella-traz-personalidade-a-apartamento-de-alto-padrao-em-sao-paulo\/\"},\"wordCount\":530,\"commentCount\":0,\"publisher\":{\"@id\":\"https:\/\/ninamartinelli.com.br\/blog2\/#organization\"},\"image\":{\"@id\":\"https:\/\/ninamartinelli.com.br\/blog2\/beleza-e-originalidade-revestimento-particella-traz-personalidade-a-apartamento-de-alto-padrao-em-sao-paulo\/#primaryimage\"},\"thumbnailUrl\":\"https:\/\/ninamartinelli.com.br\/blog2\/wp-content\/uploads\/2025\/07\/particella-4-REDIM-scaled.jpg\",\"keywords\":[\"Alto Padr\u00e3o\",\"apartamento\",\"parede\",\"revestimento\",\"Sustentabilidade\"],\"articleSection\":[\"Nina Martinelli\",\"Revestimentos\",\"Sustentabilidade\"],\"inLanguage\":\"pt-BR\",\"potentialAction\":[{\"@type\":\"CommentAction\",\"name\":\"Comment\",\"target\":[\"https:\/\/ninamartinelli.com.br\/blog2\/beleza-e-originalidade-revestimento-particella-traz-personalidade-a-apartamento-de-alto-padrao-em-sao-paulo\/#respond\"]}]},{\"@type\":\"WebPage\",\"@id\":\"https:\/\/ninamartinelli.com.br\/blog2\/beleza-e-originalidade-revestimento-particella-traz-personalidade-a-apartamento-de-alto-padrao-em-sao-paulo\/\",\"url\":\"https:\/\/ninamartinelli.com.br\/blog2\/beleza-e-originalidade-revestimento-particella-traz-personalidade-a-apartamento-de-alto-padrao-em-sao-paulo\/\",\"name\":\"Beleza e originalidade \u2013 Revestimento Particella traz personalidade a apartamento de alto padr\u00e3o em S\u00e3o Paulo\",\"isPartOf\":{\"@id\":\"https:\/\/ninamartinelli.com.br\/blog2\/#website\"},\"primaryImageOfPage\":{\"@id\":\"https:\/\/ninamartinelli.com.br\/blog2\/beleza-e-originalidade-revestimento-particella-traz-personalidade-a-apartamento-de-alto-padrao-em-sao-paulo\/#primaryimage\"},\"image\":{\"@id\":\"https:\/\/ninamartinelli.com.br\/blog2\/beleza-e-originalidade-revestimento-particella-traz-personalidade-a-apartamento-de-alto-padrao-em-sao-paulo\/#primaryimage\"},\"thumbnailUrl\":\"https:\/\/ninamartinelli.com.br\/blog2\/wp-content\/uploads\/2025\/07\/particella-4-REDIM-scaled.jpg\",\"datePublished\":\"2025-07-23T11:30:29+00:00\",\"description\":\"Beleza e originalidade - um revestimento diferente, impactante e elegante. Assim \u00e9 o Particella, que fez desse apartamento algo \u00fanico\",\"breadcrumb\":{\"@id\":\"https:\/\/ninamartinelli.com.br\/blog2\/beleza-e-originalidade-revestimento-particella-traz-personalidade-a-apartamento-de-alto-padrao-em-sao-paulo\/#breadcrumb\"},\"inLanguage\":\"pt-BR\",\"potentialAction\":[{\"@type\":\"ReadAction\",\"target\":[\"https:\/\/ninamartinelli.com.br\/blog2\/beleza-e-originalidade-revestimento-particella-traz-personalidade-a-apartamento-de-alto-padrao-em-sao-paulo\/\"]}]},{\"@type\":\"ImageObject\",\"inLanguage\":\"pt-BR\",\"@id\":\"https:\/\/ninamartinelli.com.br\/blog2\/beleza-e-originalidade-revestimento-particella-traz-personalidade-a-apartamento-de-alto-padrao-em-sao-paulo\/#primaryimage\",\"url\":\"https:\/\/ninamartinelli.com.br\/blog2\/wp-content\/uploads\/2025\/07\/particella-4-REDIM-scaled.jpg\",\"contentUrl\":\"https:\/\/ninamartinelli.com.br\/blog2\/wp-content\/uploads\/2025\/07\/particella-4-REDIM-scaled.jpg\",\"width\":2560,\"height\":1707},{\"@type\":\"BreadcrumbList\",\"@id\":\"https:\/\/ninamartinelli.com.br\/blog2\/beleza-e-originalidade-revestimento-particella-traz-personalidade-a-apartamento-de-alto-padrao-em-sao-paulo\/#breadcrumb\",\"itemListElement\":[{\"@type\":\"ListItem\",\"position\":1,\"name\":\"In\u00edcio\",\"item\":\"https:\/\/ninamartinelli.com.br\/blog2\/\"},{\"@type\":\"ListItem\",\"position\":2,\"name\":\"Beleza e originalidade \u2013 Revestimento Particella traz personalidade a apartamento de alto padr\u00e3o em S\u00e3o Paulo\"}]},{\"@type\":\"WebSite\",\"@id\":\"https:\/\/ninamartinelli.com.br\/blog2\/#website\",\"url\":\"https:\/\/ninamartinelli.com.br\/blog2\/\",\"name\":\"Nina Martinelli\",\"description\":\"#Nina_Martinelli\",\"publisher\":{\"@id\":\"https:\/\/ninamartinelli.com.br\/blog2\/#organization\"},\"potentialAction\":[{\"@type\":\"SearchAction\",\"target\":{\"@type\":\"EntryPoint\",\"urlTemplate\":\"https:\/\/ninamartinelli.com.br\/blog2\/?s={search_term_string}\"},\"query-input\":{\"@type\":\"PropertyValueSpecification\",\"valueRequired\":true,\"valueName\":\"search_term_string\"}}],\"inLanguage\":\"pt-BR\"},{\"@type\":\"Organization\",\"@id\":\"https:\/\/ninamartinelli.com.br\/blog2\/#organization\",\"name\":\"Blog Novidades\",\"url\":\"https:\/\/ninamartinelli.com.br\/blog2\/\",\"logo\":{\"@type\":\"ImageObject\",\"inLanguage\":\"pt-BR\",\"@id\":\"https:\/\/ninamartinelli.com.br\/blog2\/#\/schema\/logo\/image\/\",\"url\":\"http:\/\/blog.ninamartinelli.com.br\/wp-content\/uploads\/2022\/03\/logo_nina_blog.png\",\"contentUrl\":\"http:\/\/blog.ninamartinelli.com.br\/wp-content\/uploads\/2022\/03\/logo_nina_blog.png\",\"width\":500,\"height\":104,\"caption\":\"Blog Novidades\"},\"image\":{\"@id\":\"https:\/\/ninamartinelli.com.br\/blog2\/#\/schema\/logo\/image\/\"}},{\"@type\":\"Person\",\"@id\":\"https:\/\/ninamartinelli.com.br\/blog2\/#\/schema\/person\/43fbfb1d4cbe3b472995206b2bb06df5\",\"name\":\"Ana Maria Devides\",\"image\":{\"@type\":\"ImageObject\",\"inLanguage\":\"pt-BR\",\"@id\":\"https:\/\/ninamartinelli.com.br\/blog2\/#\/schema\/person\/image\/\",\"url\":\"https:\/\/secure.gravatar.com\/avatar\/a03a82675d8bb3da8e5c5a6872db97be?s=96&d=mm&r=g\",\"contentUrl\":\"https:\/\/secure.gravatar.com\/avatar\/a03a82675d8bb3da8e5c5a6872db97be?s=96&d=mm&r=g\",\"caption\":\"Ana Maria Devides\"},\"url\":\"https:\/\/ninamartinelli.com.br\/blog2\/author\/assessoria-nina-martinelli\/\"}]}<\/script>\n<!-- \/ Yoast SEO plugin. -->","yoast_head_json":{"title":"Beleza e originalidade \u2013 Revestimento Particella traz personalidade a apartamento de alto padr\u00e3o em S\u00e3o Paulo","description":"Beleza e originalidade - um revestimento diferente, impactante e elegante. Assim \u00e9 o Particella, que fez desse apartamento algo \u00fanico","robots":{"index":"index","follow":"follow","max-snippet":"max-snippet:-1","max-image-preview":"max-image-preview:large","max-video-preview":"max-video-preview:-1"},"canonical":"https:\/\/ninamartinelli.com.br\/blog2\/beleza-e-originalidade-revestimento-particella-traz-personalidade-a-apartamento-de-alto-padrao-em-sao-paulo\/","og_locale":"pt_BR","og_type":"article","og_title":"Beleza e originalidade \u2013 Revestimento Particella traz personalidade a apartamento de alto padr\u00e3o em S\u00e3o Paulo","og_description":"Beleza e originalidade - um revestimento diferente, impactante e elegante. Assim \u00e9 o Particella, que fez desse apartamento algo \u00fanico","og_url":"https:\/\/ninamartinelli.com.br\/blog2\/beleza-e-originalidade-revestimento-particella-traz-personalidade-a-apartamento-de-alto-padrao-em-sao-paulo\/","og_site_name":"Blog Nina","article_published_time":"2025-07-23T11:30:29+00:00","og_image":[{"width":2560,"height":1707,"url":"https:\/\/ninamartinelli.com.br\/blog2\/wp-content\/uploads\/2025\/07\/particella-4-REDIM-scaled.jpg","type":"image\/jpeg"}],"author":"Ana Maria Devides","twitter_card":"summary_large_image","twitter_misc":{"Escrito por":"Ana Maria Devides","Est. tempo de leitura":"4 minutos"},"schema":{"@context":"https:\/\/schema.org","@graph":[{"@type":"Article","@id":"https:\/\/ninamartinelli.com.br\/blog2\/beleza-e-originalidade-revestimento-particella-traz-personalidade-a-apartamento-de-alto-padrao-em-sao-paulo\/#article","isPartOf":{"@id":"https:\/\/ninamartinelli.com.br\/blog2\/beleza-e-originalidade-revestimento-particella-traz-personalidade-a-apartamento-de-alto-padrao-em-sao-paulo\/"},"author":{"name":"Ana Maria Devides","@id":"https:\/\/ninamartinelli.com.br\/blog2\/#\/schema\/person\/43fbfb1d4cbe3b472995206b2bb06df5"},"headline":"Beleza e originalidade \u2013 Revestimento Particella traz personalidade a apartamento de alto padr\u00e3o em S\u00e3o Paulo","datePublished":"2025-07-23T11:30:29+00:00","mainEntityOfPage":{"@id":"https:\/\/ninamartinelli.com.br\/blog2\/beleza-e-originalidade-revestimento-particella-traz-personalidade-a-apartamento-de-alto-padrao-em-sao-paulo\/"},"wordCount":530,"commentCount":0,"publisher":{"@id":"https:\/\/ninamartinelli.com.br\/blog2\/#organization"},"image":{"@id":"https:\/\/ninamartinelli.com.br\/blog2\/beleza-e-originalidade-revestimento-particella-traz-personalidade-a-apartamento-de-alto-padrao-em-sao-paulo\/#primaryimage"},"thumbnailUrl":"https:\/\/ninamartinelli.com.br\/blog2\/wp-content\/uploads\/2025\/07\/particella-4-REDIM-scaled.jpg","keywords":["Alto Padr\u00e3o","apartamento","parede","revestimento","Sustentabilidade"],"articleSection":["Nina Martinelli","Revestimentos","Sustentabilidade"],"inLanguage":"pt-BR","potentialAction":[{"@type":"CommentAction","name":"Comment","target":["https:\/\/ninamartinelli.com.br\/blog2\/beleza-e-originalidade-revestimento-particella-traz-personalidade-a-apartamento-de-alto-padrao-em-sao-paulo\/#respond"]}]},{"@type":"WebPage","@id":"https:\/\/ninamartinelli.com.br\/blog2\/beleza-e-originalidade-revestimento-particella-traz-personalidade-a-apartamento-de-alto-padrao-em-sao-paulo\/","url":"https:\/\/ninamartinelli.com.br\/blog2\/beleza-e-originalidade-revestimento-particella-traz-personalidade-a-apartamento-de-alto-padrao-em-sao-paulo\/","name":"Beleza e originalidade \u2013 Revestimento Particella traz personalidade a apartamento de alto padr\u00e3o em S\u00e3o Paulo","isPartOf":{"@id":"https:\/\/ninamartinelli.com.br\/blog2\/#website"},"primaryImageOfPage":{"@id":"https:\/\/ninamartinelli.com.br\/blog2\/beleza-e-originalidade-revestimento-particella-traz-personalidade-a-apartamento-de-alto-padrao-em-sao-paulo\/#primaryimage"},"image":{"@id":"https:\/\/ninamartinelli.com.br\/blog2\/beleza-e-originalidade-revestimento-particella-traz-personalidade-a-apartamento-de-alto-padrao-em-sao-paulo\/#primaryimage"},"thumbnailUrl":"https:\/\/ninamartinelli.com.br\/blog2\/wp-content\/uploads\/2025\/07\/particella-4-REDIM-scaled.jpg","datePublished":"2025-07-23T11:30:29+00:00","description":"Beleza e originalidade - um revestimento diferente, impactante e elegante. Assim \u00e9 o Particella, que fez desse apartamento algo \u00fanico","breadcrumb":{"@id":"https:\/\/ninamartinelli.com.br\/blog2\/beleza-e-originalidade-revestimento-particella-traz-personalidade-a-apartamento-de-alto-padrao-em-sao-paulo\/#breadcrumb"},"inLanguage":"pt-BR","potentialAction":[{"@type":"ReadAction","target":["https:\/\/ninamartinelli.com.br\/blog2\/beleza-e-originalidade-revestimento-particella-traz-personalidade-a-apartamento-de-alto-padrao-em-sao-paulo\/"]}]},{"@type":"ImageObject","inLanguage":"pt-BR","@id":"https:\/\/ninamartinelli.com.br\/blog2\/beleza-e-originalidade-revestimento-particella-traz-personalidade-a-apartamento-de-alto-padrao-em-sao-paulo\/#primaryimage","url":"https:\/\/ninamartinelli.com.br\/blog2\/wp-content\/uploads\/2025\/07\/particella-4-REDIM-scaled.jpg","contentUrl":"https:\/\/ninamartinelli.com.br\/blog2\/wp-content\/uploads\/2025\/07\/particella-4-REDIM-scaled.jpg","width":2560,"height":1707},{"@type":"BreadcrumbList","@id":"https:\/\/ninamartinelli.com.br\/blog2\/beleza-e-originalidade-revestimento-particella-traz-personalidade-a-apartamento-de-alto-padrao-em-sao-paulo\/#breadcrumb","itemListElement":[{"@type":"ListItem","position":1,"name":"In\u00edcio","item":"https:\/\/ninamartinelli.com.br\/blog2\/"},{"@type":"ListItem","position":2,"name":"Beleza e originalidade \u2013 Revestimento Particella traz personalidade a apartamento de alto padr\u00e3o em S\u00e3o Paulo"}]},{"@type":"WebSite","@id":"https:\/\/ninamartinelli.com.br\/blog2\/#website","url":"https:\/\/ninamartinelli.com.br\/blog2\/","name":"Nina Martinelli","description":"#Nina_Martinelli","publisher":{"@id":"https:\/\/ninamartinelli.com.br\/blog2\/#organization"},"potentialAction":[{"@type":"SearchAction","target":{"@type":"EntryPoint","urlTemplate":"https:\/\/ninamartinelli.com.br\/blog2\/?s={search_term_string}"},"query-input":{"@type":"PropertyValueSpecification","valueRequired":true,"valueName":"search_term_string"}}],"inLanguage":"pt-BR"},{"@type":"Organization","@id":"https:\/\/ninamartinelli.com.br\/blog2\/#organization","name":"Blog Novidades","url":"https:\/\/ninamartinelli.com.br\/blog2\/","logo":{"@type":"ImageObject","inLanguage":"pt-BR","@id":"https:\/\/ninamartinelli.com.br\/blog2\/#\/schema\/logo\/image\/","url":"http:\/\/blog.ninamartinelli.com.br\/wp-content\/uploads\/2022\/03\/logo_nina_blog.png","contentUrl":"http:\/\/blog.ninamartinelli.com.br\/wp-content\/uploads\/2022\/03\/logo_nina_blog.png","width":500,"height":104,"caption":"Blog Novidades"},"image":{"@id":"https:\/\/ninamartinelli.com.br\/blog2\/#\/schema\/logo\/image\/"}},{"@type":"Person","@id":"https:\/\/ninamartinelli.com.br\/blog2\/#\/schema\/person\/43fbfb1d4cbe3b472995206b2bb06df5","name":"Ana Maria Devides","image":{"@type":"ImageObject","inLanguage":"pt-BR","@id":"https:\/\/ninamartinelli.com.br\/blog2\/#\/schema\/person\/image\/","url":"https:\/\/secure.gravatar.com\/avatar\/a03a82675d8bb3da8e5c5a6872db97be?s=96&d=mm&r=g","contentUrl":"https:\/\/secure.gravatar.com\/avatar\/a03a82675d8bb3da8e5c5a6872db97be?s=96&d=mm&r=g","caption":"Ana Maria Devides"},"url":"https:\/\/ninamartinelli.com.br\/blog2\/author\/assessoria-nina-martinelli\/"}]}},"_links":{"self":[{"href":"https:\/\/ninamartinelli.com.br\/blog2\/wp-json\/wp\/v2\/posts\/2838","targetHints":{"allow":["GET"]}}],"collection":[{"href":"https:\/\/ninamartinelli.com.br\/blog2\/wp-json\/wp\/v2\/posts"}],"about":[{"href":"https:\/\/ninamartinelli.com.br\/blog2\/wp-json\/wp\/v2\/types\/post"}],"author":[{"embeddable":true,"href":"https:\/\/ninamartinelli.com.br\/blog2\/wp-json\/wp\/v2\/users\/2"}],"replies":[{"embeddable":true,"href":"https:\/\/ninamartinelli.com.br\/blog2\/wp-json\/wp\/v2\/comments?post=2838"}],"version-history":[{"count":2,"href":"https:\/\/ninamartinelli.com.br\/blog2\/wp-json\/wp\/v2\/posts\/2838\/revisions"}],"predecessor-version":[{"id":2848,"href":"https:\/\/ninamartinelli.com.br\/blog2\/wp-json\/wp\/v2\/posts\/2838\/revisions\/2848"}],"wp:featuredmedia":[{"embeddable":true,"href":"https:\/\/ninamartinelli.com.br\/blog2\/wp-json\/wp\/v2\/media\/2839"}],"wp:attachment":[{"href":"https:\/\/ninamartinelli.com.br\/blog2\/wp-json\/wp\/v2\/media?parent=2838"}],"wp:term":[{"taxonomy":"category","embeddable":true,"href":"https:\/\/ninamartinelli.com.br\/blog2\/wp-json\/wp\/v2\/categories?post=2838"},{"taxonomy":"post_tag","embeddable":true,"href":"https:\/\/ninamartinelli.com.br\/blog2\/wp-json\/wp\/v2\/tags?post=2838"}],"curies":[{"name":"wp","href":"https:\/\/api.w.org\/{rel}","templated":true}]}}