{"id":2830,"date":"2025-07-16T09:26:35","date_gmt":"2025-07-16T12:26:35","guid":{"rendered":"https:\/\/ninamartinelli.com.br\/blog2\/?p=2830"},"modified":"2025-07-16T09:26:35","modified_gmt":"2025-07-16T12:26:35","slug":"casacor-sc-bistro-oficial-da-mostra-refugio-de-aconchego-com-frazione-bianco","status":"publish","type":"post","link":"https:\/\/ninamartinelli.com.br\/blog2\/casacor-sc-bistro-oficial-da-mostra-refugio-de-aconchego-com-frazione-bianco\/","title":{"rendered":"CASACOR SC \u2013 Bistr\u00f4 oficial da mostra, ref\u00fagio de aconchego com Frazione Bianco"},"content":{"rendered":"<p>CASACOR SC \u2013 Uma das mais importantes mostras de arquitetura, designer e decora\u00e7\u00e3o do Pa\u00eds, a <a href=\"https:\/\/ninamartinelli.com.br\/produtos\/frazione-bianco-35x22-2\/\">CASACOR SC 2025<\/a> no Residencial Maiorca, em Itapema-SC, apresenta 32 bel\u00edssimos ambientes ao p\u00fablico e, entre eles, o Bistr\u00f4 oficial do evento, que se prop\u00f5e a ser um ref\u00fagio de aconchego, contando com a beleza, a rusticidade e a naturalidade do revestimento <a href=\"https:\/\/ninamartinelli.com.br\/produtos\/frazione-bianco-35x22-2\/\">Frazione Bianco 3x22cm<\/a> da Nina Martinelli.<\/p>\n<p>O revestimento foi escolhido pela arquiteta <a href=\"https:\/\/www.instagram.com\/rybergarquitetura\/\">Jennifer Ryberg<\/a>, que assinou o espa\u00e7o, um dos mais concorridos da mostra, e que vem reunindo convidados e frequentadores para \u00f3timos momentos de relaxamento, encontro e descontra\u00e7\u00e3o.<\/p>\n<p>O Frazione foi aplicado logo na entrada do espa\u00e7o, onde foi aplicada a logomarca elegante do bistr\u00f4, funcionando como um cart\u00e3o de visitas para o que Jennifer conceituou e criou para o ambiente interno.<\/p>\n<p>O revestimento tamb\u00e9m \u00e9 um elegante destaque na parte superior da parede que emoldura o balc\u00e3o, acomodando uma delicada prateleira suavemente iluminada que, por sua vez, serve de apoio para itens decorativos escolhidos com muito cuidado.<\/p>\n<p><img loading=\"lazy\" decoding=\"async\" class=\"alignnone  wp-image-2832\" src=\"https:\/\/ninamartinelli.com.br\/blog2\/wp-content\/uploads\/2025\/07\/Bistro-Detalhes-1-REDIM-169x300.jpg\" alt=\"\" width=\"292\" height=\"518\" srcset=\"https:\/\/ninamartinelli.com.br\/blog2\/wp-content\/uploads\/2025\/07\/Bistro-Detalhes-1-REDIM-169x300.jpg 169w, https:\/\/ninamartinelli.com.br\/blog2\/wp-content\/uploads\/2025\/07\/Bistro-Detalhes-1-REDIM-576x1024.jpg 576w, https:\/\/ninamartinelli.com.br\/blog2\/wp-content\/uploads\/2025\/07\/Bistro-Detalhes-1-REDIM-768x1365.jpg 768w, https:\/\/ninamartinelli.com.br\/blog2\/wp-content\/uploads\/2025\/07\/Bistro-Detalhes-1-REDIM-864x1536.jpg 864w, https:\/\/ninamartinelli.com.br\/blog2\/wp-content\/uploads\/2025\/07\/Bistro-Detalhes-1-REDIM-1152x2048.jpg 1152w, https:\/\/ninamartinelli.com.br\/blog2\/wp-content\/uploads\/2025\/07\/Bistro-Detalhes-1-REDIM-1024x1821.jpg 1024w, https:\/\/ninamartinelli.com.br\/blog2\/wp-content\/uploads\/2025\/07\/Bistro-Detalhes-1-REDIM-scaled.jpg 1440w\" sizes=\"auto, (max-width: 292px) 100vw, 292px\" \/>\u00a0 \u00a0 \u00a0 \u00a0 <img loading=\"lazy\" decoding=\"async\" class=\"alignnone  wp-image-2833\" src=\"https:\/\/ninamartinelli.com.br\/blog2\/wp-content\/uploads\/2025\/07\/Bistro-Detalhes-3-REDIM-169x300.jpg\" alt=\"\" width=\"291\" height=\"517\" srcset=\"https:\/\/ninamartinelli.com.br\/blog2\/wp-content\/uploads\/2025\/07\/Bistro-Detalhes-3-REDIM-169x300.jpg 169w, https:\/\/ninamartinelli.com.br\/blog2\/wp-content\/uploads\/2025\/07\/Bistro-Detalhes-3-REDIM-576x1024.jpg 576w, https:\/\/ninamartinelli.com.br\/blog2\/wp-content\/uploads\/2025\/07\/Bistro-Detalhes-3-REDIM-768x1365.jpg 768w, https:\/\/ninamartinelli.com.br\/blog2\/wp-content\/uploads\/2025\/07\/Bistro-Detalhes-3-REDIM-864x1536.jpg 864w, https:\/\/ninamartinelli.com.br\/blog2\/wp-content\/uploads\/2025\/07\/Bistro-Detalhes-3-REDIM-1152x2048.jpg 1152w, https:\/\/ninamartinelli.com.br\/blog2\/wp-content\/uploads\/2025\/07\/Bistro-Detalhes-3-REDIM-1024x1820.jpg 1024w, https:\/\/ninamartinelli.com.br\/blog2\/wp-content\/uploads\/2025\/07\/Bistro-Detalhes-3-REDIM-scaled.jpg 1440w\" sizes=\"auto, (max-width: 291px) 100vw, 291px\" \/><\/p>\n<p>&nbsp;<\/p>\n<p><img loading=\"lazy\" decoding=\"async\" class=\"wp-image-2834 aligncenter\" src=\"https:\/\/ninamartinelli.com.br\/blog2\/wp-content\/uploads\/2025\/07\/Bistro-Foto-Lio-Simas-1-REDIM-300x197.jpg\" alt=\"\" width=\"426\" height=\"280\" srcset=\"https:\/\/ninamartinelli.com.br\/blog2\/wp-content\/uploads\/2025\/07\/Bistro-Foto-Lio-Simas-1-REDIM-300x197.jpg 300w, https:\/\/ninamartinelli.com.br\/blog2\/wp-content\/uploads\/2025\/07\/Bistro-Foto-Lio-Simas-1-REDIM-1024x672.jpg 1024w, https:\/\/ninamartinelli.com.br\/blog2\/wp-content\/uploads\/2025\/07\/Bistro-Foto-Lio-Simas-1-REDIM-768x504.jpg 768w, https:\/\/ninamartinelli.com.br\/blog2\/wp-content\/uploads\/2025\/07\/Bistro-Foto-Lio-Simas-1-REDIM-1536x1008.jpg 1536w, https:\/\/ninamartinelli.com.br\/blog2\/wp-content\/uploads\/2025\/07\/Bistro-Foto-Lio-Simas-1-REDIM-2048x1344.jpg 2048w\" sizes=\"auto, (max-width: 426px) 100vw, 426px\" \/><\/p>\n<p>&nbsp;<\/p>\n<p><img loading=\"lazy\" decoding=\"async\" class=\"alignnone  wp-image-2835\" src=\"https:\/\/ninamartinelli.com.br\/blog2\/wp-content\/uploads\/2025\/07\/Bistro-Foto-Michele-Canez-6-REDIM-300x200.jpg\" alt=\"\" width=\"363\" height=\"242\" srcset=\"https:\/\/ninamartinelli.com.br\/blog2\/wp-content\/uploads\/2025\/07\/Bistro-Foto-Michele-Canez-6-REDIM-300x200.jpg 300w, https:\/\/ninamartinelli.com.br\/blog2\/wp-content\/uploads\/2025\/07\/Bistro-Foto-Michele-Canez-6-REDIM-1024x683.jpg 1024w, https:\/\/ninamartinelli.com.br\/blog2\/wp-content\/uploads\/2025\/07\/Bistro-Foto-Michele-Canez-6-REDIM-768x512.jpg 768w, https:\/\/ninamartinelli.com.br\/blog2\/wp-content\/uploads\/2025\/07\/Bistro-Foto-Michele-Canez-6-REDIM-1536x1024.jpg 1536w, https:\/\/ninamartinelli.com.br\/blog2\/wp-content\/uploads\/2025\/07\/Bistro-Foto-Michele-Canez-6-REDIM-2048x1365.jpg 2048w\" sizes=\"auto, (max-width: 363px) 100vw, 363px\" \/>\u00a0 \u00a0 \u00a0 \u00a0 \u00a0 <img loading=\"lazy\" decoding=\"async\" class=\"alignnone  wp-image-2836\" src=\"https:\/\/ninamartinelli.com.br\/blog2\/wp-content\/uploads\/2025\/07\/Bistro-Foto-Michele-Canez-7-REDIM-300x200.jpg\" alt=\"\" width=\"362\" height=\"241\" srcset=\"https:\/\/ninamartinelli.com.br\/blog2\/wp-content\/uploads\/2025\/07\/Bistro-Foto-Michele-Canez-7-REDIM-300x200.jpg 300w, https:\/\/ninamartinelli.com.br\/blog2\/wp-content\/uploads\/2025\/07\/Bistro-Foto-Michele-Canez-7-REDIM-1024x683.jpg 1024w, https:\/\/ninamartinelli.com.br\/blog2\/wp-content\/uploads\/2025\/07\/Bistro-Foto-Michele-Canez-7-REDIM-768x512.jpg 768w, https:\/\/ninamartinelli.com.br\/blog2\/wp-content\/uploads\/2025\/07\/Bistro-Foto-Michele-Canez-7-REDIM-1536x1024.jpg 1536w, https:\/\/ninamartinelli.com.br\/blog2\/wp-content\/uploads\/2025\/07\/Bistro-Foto-Michele-Canez-7-REDIM-2048x1366.jpg 2048w\" sizes=\"auto, (max-width: 362px) 100vw, 362px\" \/><\/p>\n<p>Ela apostou em elementos naturais como pedra r\u00fastica, tecidos e texturas aconchegantes, assim como em plantas naturais, para que o Bistr\u00f4 CASACOR se transformasse num verdadeiro ref\u00fagio dentro do evento. \u201cUm convite a desacelerar\u201d, como a pr\u00f3pria profissional definiu. E assim vem sendo.<\/p>\n<p>Com cores leves na paleta, tons neutros e um layout naturalmente fluido, Jennifer apostou em formas org\u00e2nicas e circula\u00e7\u00f5es amplas.<\/p>\n<p>Alinhado ao tema da mostra neste ano, que foi \u201cSemear Sonhos\u201d, o Bistr\u00f4 d\u00e1 forma ao sonho de um espa\u00e7o onde tempo e presen\u00e7a realmente s\u00e3o realmente priorizados.<\/p>\n<p><strong>Sobre o Frazione Bianco 3,5x22cm<\/strong><\/p>\n<p>O bel\u00edssimo revestimento escolhido por Jennifer \u00e9 apresentado em Pe\u00e7as cortadas em formato de pedra, com espessura menos volumosa, ideal para aplica\u00e7\u00f5es que exigem leveza e praticidade. Proporcionam um belo e fiel efeito de superf\u00edcie revestida com material rochoso, com muita naturalidade e eleg\u00e2ncia.<\/p>\n<p>Nina Martinelli disponibiliza uma verdadeira \u2018fam\u00edlia\u2019 Frazione, com variedade de dimens\u00f5es, que v\u00e3o desde 2x22cm at\u00e9 tamanhos como 7x22cm ou 9x18cm, o que expande as possibilidades criativas dos especificadores e amplia as op\u00e7\u00f5es de pagina\u00e7\u00e3o e revestimento, at\u00e9 mesmo de superf\u00edcies curvil\u00edneas, floreiras e outros elementos.<\/p>\n<p><strong>Servi\u00e7o:<\/strong><\/p>\n<p><strong>Bistr\u00f4 CASACOR SC 2025 \u2013 Itapema \u2013 SC<\/strong><\/p>\n<p><strong>Produto: <\/strong>Frazione Bianco 3,5x22cm<\/p>\n<p><strong>Projeto: <\/strong>Jennifer Ryberg\u00a0 &#8211; Ryberg Arquitetura<\/p>\n<p><strong>Instagram: <\/strong>@rybergarquitetura<\/p>\n<p><strong>Imagens: <\/strong>Lio Simas e Michele Canez<\/p>\n<p><strong>Evento\u00a0 vai at\u00e9 10 de agosto, no Residencial Maiorca<\/strong><\/p>\n","protected":false},"excerpt":{"rendered":"<p>CASACOR SC \u2013 Uma das mais importantes mostras de arquitetura, designer e decora\u00e7\u00e3o do Pa\u00eds,<\/p>\n","protected":false},"author":2,"featured_media":2831,"comment_status":"open","ping_status":"open","sticky":false,"template":"","format":"standard","meta":{"footnotes":""},"categories":[1],"tags":[],"class_list":["post-2830","post","type-post","status-publish","format-standard","has-post-thumbnail","hentry","category-nina-martinelli"],"yoast_head":"<!-- This site is optimized with the Yoast SEO plugin v26.8 - https:\/\/yoast.com\/product\/yoast-seo-wordpress\/ -->\n<title>CASACOR SC \u2013 Bistr\u00f4 oficial da mostra, ref\u00fagio de aconchego com Frazione Bianco<\/title>\n<meta name=\"description\" content=\"CASACOR SC - O revestimento Frazione Bianco da Nina Martinelli \u00e9 destaque num espa\u00e7o elegante, convidativo, acolhedor e cheio de texturas\" \/>\n<meta name=\"robots\" content=\"index, follow, max-snippet:-1, max-image-preview:large, max-video-preview:-1\" \/>\n<link rel=\"canonical\" href=\"https:\/\/ninamartinelli.com.br\/blog2\/casacor-sc-bistro-oficial-da-mostra-refugio-de-aconchego-com-frazione-bianco\/\" \/>\n<meta property=\"og:locale\" content=\"pt_BR\" \/>\n<meta property=\"og:type\" content=\"article\" \/>\n<meta property=\"og:title\" content=\"CASACOR SC \u2013 Bistr\u00f4 oficial da mostra, ref\u00fagio de aconchego com Frazione Bianco\" \/>\n<meta property=\"og:description\" content=\"CASACOR SC - O revestimento Frazione Bianco da Nina Martinelli \u00e9 destaque num espa\u00e7o elegante, convidativo, acolhedor e cheio de texturas\" \/>\n<meta property=\"og:url\" content=\"https:\/\/ninamartinelli.com.br\/blog2\/casacor-sc-bistro-oficial-da-mostra-refugio-de-aconchego-com-frazione-bianco\/\" \/>\n<meta property=\"og:site_name\" content=\"Blog Nina\" \/>\n<meta property=\"article:published_time\" content=\"2025-07-16T12:26:35+00:00\" \/>\n<meta property=\"og:image\" content=\"https:\/\/ninamartinelli.com.br\/blog2\/wp-content\/uploads\/2025\/07\/Bistro-Detalhes-2-REDIM-scaled.jpg\" \/>\n\t<meta property=\"og:image:width\" content=\"1920\" \/>\n\t<meta property=\"og:image:height\" content=\"2560\" \/>\n\t<meta property=\"og:image:type\" content=\"image\/jpeg\" \/>\n<meta name=\"author\" content=\"Ana Maria Devides\" \/>\n<meta name=\"twitter:card\" content=\"summary_large_image\" \/>\n<meta name=\"twitter:label1\" content=\"Escrito por\" \/>\n\t<meta name=\"twitter:data1\" content=\"Ana Maria Devides\" \/>\n\t<meta name=\"twitter:label2\" content=\"Est. tempo de leitura\" \/>\n\t<meta name=\"twitter:data2\" content=\"4 minutos\" \/>\n<script type=\"application\/ld+json\" class=\"yoast-schema-graph\">{\"@context\":\"https:\/\/schema.org\",\"@graph\":[{\"@type\":\"Article\",\"@id\":\"https:\/\/ninamartinelli.com.br\/blog2\/casacor-sc-bistro-oficial-da-mostra-refugio-de-aconchego-com-frazione-bianco\/#article\",\"isPartOf\":{\"@id\":\"https:\/\/ninamartinelli.com.br\/blog2\/casacor-sc-bistro-oficial-da-mostra-refugio-de-aconchego-com-frazione-bianco\/\"},\"author\":{\"name\":\"Ana Maria Devides\",\"@id\":\"https:\/\/ninamartinelli.com.br\/blog2\/#\/schema\/person\/43fbfb1d4cbe3b472995206b2bb06df5\"},\"headline\":\"CASACOR SC \u2013 Bistr\u00f4 oficial da mostra, ref\u00fagio de aconchego com Frazione Bianco\",\"datePublished\":\"2025-07-16T12:26:35+00:00\",\"mainEntityOfPage\":{\"@id\":\"https:\/\/ninamartinelli.com.br\/blog2\/casacor-sc-bistro-oficial-da-mostra-refugio-de-aconchego-com-frazione-bianco\/\"},\"wordCount\":434,\"commentCount\":0,\"publisher\":{\"@id\":\"https:\/\/ninamartinelli.com.br\/blog2\/#organization\"},\"image\":{\"@id\":\"https:\/\/ninamartinelli.com.br\/blog2\/casacor-sc-bistro-oficial-da-mostra-refugio-de-aconchego-com-frazione-bianco\/#primaryimage\"},\"thumbnailUrl\":\"https:\/\/ninamartinelli.com.br\/blog2\/wp-content\/uploads\/2025\/07\/Bistro-Detalhes-2-REDIM-scaled.jpg\",\"articleSection\":[\"Nina Martinelli\"],\"inLanguage\":\"pt-BR\",\"potentialAction\":[{\"@type\":\"CommentAction\",\"name\":\"Comment\",\"target\":[\"https:\/\/ninamartinelli.com.br\/blog2\/casacor-sc-bistro-oficial-da-mostra-refugio-de-aconchego-com-frazione-bianco\/#respond\"]}]},{\"@type\":\"WebPage\",\"@id\":\"https:\/\/ninamartinelli.com.br\/blog2\/casacor-sc-bistro-oficial-da-mostra-refugio-de-aconchego-com-frazione-bianco\/\",\"url\":\"https:\/\/ninamartinelli.com.br\/blog2\/casacor-sc-bistro-oficial-da-mostra-refugio-de-aconchego-com-frazione-bianco\/\",\"name\":\"CASACOR SC \u2013 Bistr\u00f4 oficial da mostra, ref\u00fagio de aconchego com Frazione Bianco\",\"isPartOf\":{\"@id\":\"https:\/\/ninamartinelli.com.br\/blog2\/#website\"},\"primaryImageOfPage\":{\"@id\":\"https:\/\/ninamartinelli.com.br\/blog2\/casacor-sc-bistro-oficial-da-mostra-refugio-de-aconchego-com-frazione-bianco\/#primaryimage\"},\"image\":{\"@id\":\"https:\/\/ninamartinelli.com.br\/blog2\/casacor-sc-bistro-oficial-da-mostra-refugio-de-aconchego-com-frazione-bianco\/#primaryimage\"},\"thumbnailUrl\":\"https:\/\/ninamartinelli.com.br\/blog2\/wp-content\/uploads\/2025\/07\/Bistro-Detalhes-2-REDIM-scaled.jpg\",\"datePublished\":\"2025-07-16T12:26:35+00:00\",\"description\":\"CASACOR SC - O revestimento Frazione Bianco da Nina Martinelli \u00e9 destaque num espa\u00e7o elegante, convidativo, acolhedor e cheio de texturas\",\"breadcrumb\":{\"@id\":\"https:\/\/ninamartinelli.com.br\/blog2\/casacor-sc-bistro-oficial-da-mostra-refugio-de-aconchego-com-frazione-bianco\/#breadcrumb\"},\"inLanguage\":\"pt-BR\",\"potentialAction\":[{\"@type\":\"ReadAction\",\"target\":[\"https:\/\/ninamartinelli.com.br\/blog2\/casacor-sc-bistro-oficial-da-mostra-refugio-de-aconchego-com-frazione-bianco\/\"]}]},{\"@type\":\"ImageObject\",\"inLanguage\":\"pt-BR\",\"@id\":\"https:\/\/ninamartinelli.com.br\/blog2\/casacor-sc-bistro-oficial-da-mostra-refugio-de-aconchego-com-frazione-bianco\/#primaryimage\",\"url\":\"https:\/\/ninamartinelli.com.br\/blog2\/wp-content\/uploads\/2025\/07\/Bistro-Detalhes-2-REDIM-scaled.jpg\",\"contentUrl\":\"https:\/\/ninamartinelli.com.br\/blog2\/wp-content\/uploads\/2025\/07\/Bistro-Detalhes-2-REDIM-scaled.jpg\",\"width\":1920,\"height\":2560},{\"@type\":\"BreadcrumbList\",\"@id\":\"https:\/\/ninamartinelli.com.br\/blog2\/casacor-sc-bistro-oficial-da-mostra-refugio-de-aconchego-com-frazione-bianco\/#breadcrumb\",\"itemListElement\":[{\"@type\":\"ListItem\",\"position\":1,\"name\":\"In\u00edcio\",\"item\":\"https:\/\/ninamartinelli.com.br\/blog2\/\"},{\"@type\":\"ListItem\",\"position\":2,\"name\":\"CASACOR SC \u2013 Bistr\u00f4 oficial da mostra, ref\u00fagio de aconchego com Frazione Bianco\"}]},{\"@type\":\"WebSite\",\"@id\":\"https:\/\/ninamartinelli.com.br\/blog2\/#website\",\"url\":\"https:\/\/ninamartinelli.com.br\/blog2\/\",\"name\":\"Nina Martinelli\",\"description\":\"#Nina_Martinelli\",\"publisher\":{\"@id\":\"https:\/\/ninamartinelli.com.br\/blog2\/#organization\"},\"potentialAction\":[{\"@type\":\"SearchAction\",\"target\":{\"@type\":\"EntryPoint\",\"urlTemplate\":\"https:\/\/ninamartinelli.com.br\/blog2\/?s={search_term_string}\"},\"query-input\":{\"@type\":\"PropertyValueSpecification\",\"valueRequired\":true,\"valueName\":\"search_term_string\"}}],\"inLanguage\":\"pt-BR\"},{\"@type\":\"Organization\",\"@id\":\"https:\/\/ninamartinelli.com.br\/blog2\/#organization\",\"name\":\"Blog Novidades\",\"url\":\"https:\/\/ninamartinelli.com.br\/blog2\/\",\"logo\":{\"@type\":\"ImageObject\",\"inLanguage\":\"pt-BR\",\"@id\":\"https:\/\/ninamartinelli.com.br\/blog2\/#\/schema\/logo\/image\/\",\"url\":\"http:\/\/blog.ninamartinelli.com.br\/wp-content\/uploads\/2022\/03\/logo_nina_blog.png\",\"contentUrl\":\"http:\/\/blog.ninamartinelli.com.br\/wp-content\/uploads\/2022\/03\/logo_nina_blog.png\",\"width\":500,\"height\":104,\"caption\":\"Blog Novidades\"},\"image\":{\"@id\":\"https:\/\/ninamartinelli.com.br\/blog2\/#\/schema\/logo\/image\/\"}},{\"@type\":\"Person\",\"@id\":\"https:\/\/ninamartinelli.com.br\/blog2\/#\/schema\/person\/43fbfb1d4cbe3b472995206b2bb06df5\",\"name\":\"Ana Maria Devides\",\"image\":{\"@type\":\"ImageObject\",\"inLanguage\":\"pt-BR\",\"@id\":\"https:\/\/ninamartinelli.com.br\/blog2\/#\/schema\/person\/image\/\",\"url\":\"https:\/\/secure.gravatar.com\/avatar\/a03a82675d8bb3da8e5c5a6872db97be?s=96&d=mm&r=g\",\"contentUrl\":\"https:\/\/secure.gravatar.com\/avatar\/a03a82675d8bb3da8e5c5a6872db97be?s=96&d=mm&r=g\",\"caption\":\"Ana Maria Devides\"},\"url\":\"https:\/\/ninamartinelli.com.br\/blog2\/author\/assessoria-nina-martinelli\/\"}]}<\/script>\n<!-- \/ Yoast SEO plugin. -->","yoast_head_json":{"title":"CASACOR SC \u2013 Bistr\u00f4 oficial da mostra, ref\u00fagio de aconchego com Frazione Bianco","description":"CASACOR SC - O revestimento Frazione Bianco da Nina Martinelli \u00e9 destaque num espa\u00e7o elegante, convidativo, acolhedor e cheio de texturas","robots":{"index":"index","follow":"follow","max-snippet":"max-snippet:-1","max-image-preview":"max-image-preview:large","max-video-preview":"max-video-preview:-1"},"canonical":"https:\/\/ninamartinelli.com.br\/blog2\/casacor-sc-bistro-oficial-da-mostra-refugio-de-aconchego-com-frazione-bianco\/","og_locale":"pt_BR","og_type":"article","og_title":"CASACOR SC \u2013 Bistr\u00f4 oficial da mostra, ref\u00fagio de aconchego com Frazione Bianco","og_description":"CASACOR SC - O revestimento Frazione Bianco da Nina Martinelli \u00e9 destaque num espa\u00e7o elegante, convidativo, acolhedor e cheio de texturas","og_url":"https:\/\/ninamartinelli.com.br\/blog2\/casacor-sc-bistro-oficial-da-mostra-refugio-de-aconchego-com-frazione-bianco\/","og_site_name":"Blog Nina","article_published_time":"2025-07-16T12:26:35+00:00","og_image":[{"width":1920,"height":2560,"url":"https:\/\/ninamartinelli.com.br\/blog2\/wp-content\/uploads\/2025\/07\/Bistro-Detalhes-2-REDIM-scaled.jpg","type":"image\/jpeg"}],"author":"Ana Maria Devides","twitter_card":"summary_large_image","twitter_misc":{"Escrito por":"Ana Maria Devides","Est. tempo de leitura":"4 minutos"},"schema":{"@context":"https:\/\/schema.org","@graph":[{"@type":"Article","@id":"https:\/\/ninamartinelli.com.br\/blog2\/casacor-sc-bistro-oficial-da-mostra-refugio-de-aconchego-com-frazione-bianco\/#article","isPartOf":{"@id":"https:\/\/ninamartinelli.com.br\/blog2\/casacor-sc-bistro-oficial-da-mostra-refugio-de-aconchego-com-frazione-bianco\/"},"author":{"name":"Ana Maria Devides","@id":"https:\/\/ninamartinelli.com.br\/blog2\/#\/schema\/person\/43fbfb1d4cbe3b472995206b2bb06df5"},"headline":"CASACOR SC \u2013 Bistr\u00f4 oficial da mostra, ref\u00fagio de aconchego com Frazione Bianco","datePublished":"2025-07-16T12:26:35+00:00","mainEntityOfPage":{"@id":"https:\/\/ninamartinelli.com.br\/blog2\/casacor-sc-bistro-oficial-da-mostra-refugio-de-aconchego-com-frazione-bianco\/"},"wordCount":434,"commentCount":0,"publisher":{"@id":"https:\/\/ninamartinelli.com.br\/blog2\/#organization"},"image":{"@id":"https:\/\/ninamartinelli.com.br\/blog2\/casacor-sc-bistro-oficial-da-mostra-refugio-de-aconchego-com-frazione-bianco\/#primaryimage"},"thumbnailUrl":"https:\/\/ninamartinelli.com.br\/blog2\/wp-content\/uploads\/2025\/07\/Bistro-Detalhes-2-REDIM-scaled.jpg","articleSection":["Nina Martinelli"],"inLanguage":"pt-BR","potentialAction":[{"@type":"CommentAction","name":"Comment","target":["https:\/\/ninamartinelli.com.br\/blog2\/casacor-sc-bistro-oficial-da-mostra-refugio-de-aconchego-com-frazione-bianco\/#respond"]}]},{"@type":"WebPage","@id":"https:\/\/ninamartinelli.com.br\/blog2\/casacor-sc-bistro-oficial-da-mostra-refugio-de-aconchego-com-frazione-bianco\/","url":"https:\/\/ninamartinelli.com.br\/blog2\/casacor-sc-bistro-oficial-da-mostra-refugio-de-aconchego-com-frazione-bianco\/","name":"CASACOR SC \u2013 Bistr\u00f4 oficial da mostra, ref\u00fagio de aconchego com Frazione Bianco","isPartOf":{"@id":"https:\/\/ninamartinelli.com.br\/blog2\/#website"},"primaryImageOfPage":{"@id":"https:\/\/ninamartinelli.com.br\/blog2\/casacor-sc-bistro-oficial-da-mostra-refugio-de-aconchego-com-frazione-bianco\/#primaryimage"},"image":{"@id":"https:\/\/ninamartinelli.com.br\/blog2\/casacor-sc-bistro-oficial-da-mostra-refugio-de-aconchego-com-frazione-bianco\/#primaryimage"},"thumbnailUrl":"https:\/\/ninamartinelli.com.br\/blog2\/wp-content\/uploads\/2025\/07\/Bistro-Detalhes-2-REDIM-scaled.jpg","datePublished":"2025-07-16T12:26:35+00:00","description":"CASACOR SC - O revestimento Frazione Bianco da Nina Martinelli \u00e9 destaque num espa\u00e7o elegante, convidativo, acolhedor e cheio de texturas","breadcrumb":{"@id":"https:\/\/ninamartinelli.com.br\/blog2\/casacor-sc-bistro-oficial-da-mostra-refugio-de-aconchego-com-frazione-bianco\/#breadcrumb"},"inLanguage":"pt-BR","potentialAction":[{"@type":"ReadAction","target":["https:\/\/ninamartinelli.com.br\/blog2\/casacor-sc-bistro-oficial-da-mostra-refugio-de-aconchego-com-frazione-bianco\/"]}]},{"@type":"ImageObject","inLanguage":"pt-BR","@id":"https:\/\/ninamartinelli.com.br\/blog2\/casacor-sc-bistro-oficial-da-mostra-refugio-de-aconchego-com-frazione-bianco\/#primaryimage","url":"https:\/\/ninamartinelli.com.br\/blog2\/wp-content\/uploads\/2025\/07\/Bistro-Detalhes-2-REDIM-scaled.jpg","contentUrl":"https:\/\/ninamartinelli.com.br\/blog2\/wp-content\/uploads\/2025\/07\/Bistro-Detalhes-2-REDIM-scaled.jpg","width":1920,"height":2560},{"@type":"BreadcrumbList","@id":"https:\/\/ninamartinelli.com.br\/blog2\/casacor-sc-bistro-oficial-da-mostra-refugio-de-aconchego-com-frazione-bianco\/#breadcrumb","itemListElement":[{"@type":"ListItem","position":1,"name":"In\u00edcio","item":"https:\/\/ninamartinelli.com.br\/blog2\/"},{"@type":"ListItem","position":2,"name":"CASACOR SC \u2013 Bistr\u00f4 oficial da mostra, ref\u00fagio de aconchego com Frazione Bianco"}]},{"@type":"WebSite","@id":"https:\/\/ninamartinelli.com.br\/blog2\/#website","url":"https:\/\/ninamartinelli.com.br\/blog2\/","name":"Nina Martinelli","description":"#Nina_Martinelli","publisher":{"@id":"https:\/\/ninamartinelli.com.br\/blog2\/#organization"},"potentialAction":[{"@type":"SearchAction","target":{"@type":"EntryPoint","urlTemplate":"https:\/\/ninamartinelli.com.br\/blog2\/?s={search_term_string}"},"query-input":{"@type":"PropertyValueSpecification","valueRequired":true,"valueName":"search_term_string"}}],"inLanguage":"pt-BR"},{"@type":"Organization","@id":"https:\/\/ninamartinelli.com.br\/blog2\/#organization","name":"Blog Novidades","url":"https:\/\/ninamartinelli.com.br\/blog2\/","logo":{"@type":"ImageObject","inLanguage":"pt-BR","@id":"https:\/\/ninamartinelli.com.br\/blog2\/#\/schema\/logo\/image\/","url":"http:\/\/blog.ninamartinelli.com.br\/wp-content\/uploads\/2022\/03\/logo_nina_blog.png","contentUrl":"http:\/\/blog.ninamartinelli.com.br\/wp-content\/uploads\/2022\/03\/logo_nina_blog.png","width":500,"height":104,"caption":"Blog Novidades"},"image":{"@id":"https:\/\/ninamartinelli.com.br\/blog2\/#\/schema\/logo\/image\/"}},{"@type":"Person","@id":"https:\/\/ninamartinelli.com.br\/blog2\/#\/schema\/person\/43fbfb1d4cbe3b472995206b2bb06df5","name":"Ana Maria Devides","image":{"@type":"ImageObject","inLanguage":"pt-BR","@id":"https:\/\/ninamartinelli.com.br\/blog2\/#\/schema\/person\/image\/","url":"https:\/\/secure.gravatar.com\/avatar\/a03a82675d8bb3da8e5c5a6872db97be?s=96&d=mm&r=g","contentUrl":"https:\/\/secure.gravatar.com\/avatar\/a03a82675d8bb3da8e5c5a6872db97be?s=96&d=mm&r=g","caption":"Ana Maria Devides"},"url":"https:\/\/ninamartinelli.com.br\/blog2\/author\/assessoria-nina-martinelli\/"}]}},"_links":{"self":[{"href":"https:\/\/ninamartinelli.com.br\/blog2\/wp-json\/wp\/v2\/posts\/2830","targetHints":{"allow":["GET"]}}],"collection":[{"href":"https:\/\/ninamartinelli.com.br\/blog2\/wp-json\/wp\/v2\/posts"}],"about":[{"href":"https:\/\/ninamartinelli.com.br\/blog2\/wp-json\/wp\/v2\/types\/post"}],"author":[{"embeddable":true,"href":"https:\/\/ninamartinelli.com.br\/blog2\/wp-json\/wp\/v2\/users\/2"}],"replies":[{"embeddable":true,"href":"https:\/\/ninamartinelli.com.br\/blog2\/wp-json\/wp\/v2\/comments?post=2830"}],"version-history":[{"count":1,"href":"https:\/\/ninamartinelli.com.br\/blog2\/wp-json\/wp\/v2\/posts\/2830\/revisions"}],"predecessor-version":[{"id":2837,"href":"https:\/\/ninamartinelli.com.br\/blog2\/wp-json\/wp\/v2\/posts\/2830\/revisions\/2837"}],"wp:featuredmedia":[{"embeddable":true,"href":"https:\/\/ninamartinelli.com.br\/blog2\/wp-json\/wp\/v2\/media\/2831"}],"wp:attachment":[{"href":"https:\/\/ninamartinelli.com.br\/blog2\/wp-json\/wp\/v2\/media?parent=2830"}],"wp:term":[{"taxonomy":"category","embeddable":true,"href":"https:\/\/ninamartinelli.com.br\/blog2\/wp-json\/wp\/v2\/categories?post=2830"},{"taxonomy":"post_tag","embeddable":true,"href":"https:\/\/ninamartinelli.com.br\/blog2\/wp-json\/wp\/v2\/tags?post=2830"}],"curies":[{"name":"wp","href":"https:\/\/api.w.org\/{rel}","templated":true}]}}