{"id":2818,"date":"2025-07-02T10:19:26","date_gmt":"2025-07-02T13:19:26","guid":{"rendered":"https:\/\/ninamartinelli.com.br\/blog2\/?p=2818"},"modified":"2025-07-02T10:19:26","modified_gmt":"2025-07-02T13:19:26","slug":"conforto-praticidade-e-integracao-em-residencia-com-cobogo-brise-sombre","status":"publish","type":"post","link":"https:\/\/ninamartinelli.com.br\/blog2\/conforto-praticidade-e-integracao-em-residencia-com-cobogo-brise-sombre\/","title":{"rendered":"Conforto, praticidade e integra\u00e7\u00e3o em resid\u00eancia com Cobog\u00f3 Brise Sombre"},"content":{"rendered":"<p>Conforto, praticidade e integra\u00e7\u00e3o \u2013 Como fabricante de pisos, revestimentos e pe\u00e7as especiais de alt\u00edssima qualidade, design cuidadoso, produ\u00e7\u00e3o artesanal e pr\u00e1ticas sustent\u00e1veis, Nina Martinelli sempre valoriza a divulga\u00e7\u00e3o de situa\u00e7\u00f5es reais envolvendo seus produtos. Ou seja, os cases de sucesso que ilustram com clareza e veracidade o quanto os produtos da marca alcan\u00e7am ou superam as expectativas dos clientes dos especificadores. E quando os clientes s\u00e3o os pr\u00f3prios especificadores?<\/p>\n<p>Para a Nina \u00e9 uma satisfa\u00e7\u00e3o \u00e0 parte, um sentimento ainda mais espec\u00edfico de estar entregando o prometido ao mercado, afinal, o especificador \u2013 um arquiteto, um designer, um engenheiro, ou mesmo um revendedor experiente tem um ponto de vista ainda mais privilegiado, um olhar mais acurado sobre as muitas op\u00e7\u00f5es dispon\u00edveis. Escolher um produto Nina para sua pr\u00f3pria casa ou empresa, \u00e9, para a marca, um indicativo definitivo de confian\u00e7a, qualidade e credibilidade.<\/p>\n<p>Por isso quando a arquiteta <a href=\"https:\/\/www.instagram.com\/thera_arquitetura\/\">Thera Batista<\/a>, de Barra Bonita-SP, escolheu parda sua pr\u00f3pria resid\u00eancia o <a href=\"https:\/\/ninamartinelli.com.br\/produtos\/cobogo-brise-sombre-concreto-by-rosa-pinc-2\/\">Cobog\u00f3 Brise Sombre<\/a> da Nina Martinelli, esse senso de reconhecimento se renovou e \u00e9 sobre a casa dela que falaremos a partir de agora.<\/p>\n<p>Com um terreno de 200m<sup>2 <\/sup>, e o desejo de ter uma casa confort\u00e1vel e pr\u00e1tica, Thera apostou na integra\u00e7\u00e3o de ambientes para tornar a casa convidativa e criar uma sensa\u00e7\u00e3o de amplitude. \u201cSomos um casal que adora receber e quer\u00edamos uma casa que favorecesse o conv\u00edvio e solu\u00e7\u00f5es que multiplicassem o espa\u00e7o, devido \u00e0s dimens\u00f5es do terreno\u201d, explica ela.<\/p>\n<p>Foi a\u00ed que o Cobog\u00f3 Brise Sombre se encaixou perfeitamente ao conceito do projeto. \u201cO cobog\u00f3 separa os ambientes mas, ao mesmo tempo, mant\u00e9m uma leveza nos espa\u00e7os\u201d, opina Thera.<\/p>\n<p>O produto que tem design assinado pela artista pl\u00e1stica e ceramista Rosa Pinc, e que foi criado exclusivamente para a Nina Martinelli, foi utilizado para separar as \u00e1reas externas da casa, dividindo com eleg\u00e2ncia as partes usadas como quintal e como extens\u00e3o da \u00e1rea de servi\u00e7o \u2013 para secagem de roupas, por exemplo.<\/p>\n<p>O modelo \u00e9 apresentado em pe\u00e7as vazadas, com formas geom\u00e9tricas que seguem a tend\u00eancia do estilo industrial. Usados como divis\u00f3rias e fachadas, oferecem aos ambientes caracter\u00edsticas sustent\u00e1veis, \u00e9 um aliado na economia de energia, filtrando a radia\u00e7\u00e3o solar e permitindo a ventila\u00e7\u00e3o cruzada.<\/p>\n<p><img loading=\"lazy\" decoding=\"async\" class=\"alignnone wp-image-2820\" src=\"https:\/\/ninamartinelli.com.br\/blog2\/wp-content\/uploads\/2025\/07\/cobogo-thera-2-224x300.jpg\" alt=\"\" width=\"271\" height=\"363\" srcset=\"https:\/\/ninamartinelli.com.br\/blog2\/wp-content\/uploads\/2025\/07\/cobogo-thera-2-224x300.jpg 224w, https:\/\/ninamartinelli.com.br\/blog2\/wp-content\/uploads\/2025\/07\/cobogo-thera-2-764x1024.jpg 764w, https:\/\/ninamartinelli.com.br\/blog2\/wp-content\/uploads\/2025\/07\/cobogo-thera-2-768x1030.jpg 768w, https:\/\/ninamartinelli.com.br\/blog2\/wp-content\/uploads\/2025\/07\/cobogo-thera-2-1145x1536.jpg 1145w, https:\/\/ninamartinelli.com.br\/blog2\/wp-content\/uploads\/2025\/07\/cobogo-thera-2-1527x2048.jpg 1527w, https:\/\/ninamartinelli.com.br\/blog2\/wp-content\/uploads\/2025\/07\/cobogo-thera-2-1024x1373.jpg 1024w, https:\/\/ninamartinelli.com.br\/blog2\/wp-content\/uploads\/2025\/07\/cobogo-thera-2-scaled.jpg 1909w\" sizes=\"auto, (max-width: 271px) 100vw, 271px\" \/>\u00a0 \u00a0 \u00a0 \u00a0 \u00a0 \u00a0 <img loading=\"lazy\" decoding=\"async\" class=\"alignnone wp-image-2821\" src=\"https:\/\/ninamartinelli.com.br\/blog2\/wp-content\/uploads\/2025\/07\/cobogo-thera-4-258x300.jpeg\" alt=\"\" width=\"312\" height=\"363\" srcset=\"https:\/\/ninamartinelli.com.br\/blog2\/wp-content\/uploads\/2025\/07\/cobogo-thera-4-258x300.jpeg 258w, https:\/\/ninamartinelli.com.br\/blog2\/wp-content\/uploads\/2025\/07\/cobogo-thera-4-881x1024.jpeg 881w, https:\/\/ninamartinelli.com.br\/blog2\/wp-content\/uploads\/2025\/07\/cobogo-thera-4-768x893.jpeg 768w, https:\/\/ninamartinelli.com.br\/blog2\/wp-content\/uploads\/2025\/07\/cobogo-thera-4.jpeg 900w\" sizes=\"auto, (max-width: 312px) 100vw, 312px\" \/><\/p>\n<p>O Cobog\u00f3 Brise Sombre mede 30x30x7,5cm, pode ser usado em ambientes internos e externos e pode ou n\u00e3o ser combinado com o modelo Brise Clair, que tem as mesmas caracter\u00edsticas t\u00e9cnicas e possibilita pagina\u00e7\u00e3o e jogo de luz e sombra ainda mais diferenciado.<\/p>\n<p>\u00c9 disponibilizado nos tons Bianco e Concreto, este \u00faltimo, escolhido por Thera e que segundo ela, agradou em cheio.<\/p>\n<p>\u201cO resultado foi excelente e ficamos plenamente satisfeitos com o Cobog\u00f3, cumprindo exatamente as fun\u00e7\u00f5es que desej\u00e1vamos\u201d, finaliza Thera.<\/p>\n<p>O produto foi adquirido na revenda parceira Cazza Revestimentos, em Barra Bonita.<\/p>\n<p><strong>\u00a0<\/strong><\/p>\n<p><strong>Servi\u00e7o<\/strong><\/p>\n<p><strong>Conforto, praticidade e integra\u00e7\u00e3o \u2013 Casa em Barra Bonita SP<\/strong><\/p>\n<p><strong>Produto: <\/strong>Cobog\u00f3 Brise Sombre 30x30x75 no tom Concreto<\/p>\n<p><strong>Projeto: <\/strong>Thera Batista<\/p>\n<p><strong>Instagram: <\/strong>@Thera_arquitetura<\/p>\n<p><strong>Revenda parceira: <\/strong>Cazza Acabamentos \u2013 Barra Bonita<\/p>\n<p><strong>Imagens: <\/strong>acervo da pr\u00f3pria arquiteta<\/p>\n","protected":false},"excerpt":{"rendered":"<p>Conforto, praticidade e integra\u00e7\u00e3o \u2013 Como fabricante de pisos, revestimentos e pe\u00e7as especiais de alt\u00edssima<\/p>\n","protected":false},"author":2,"featured_media":2819,"comment_status":"open","ping_status":"open","sticky":false,"template":"","format":"standard","meta":{"footnotes":""},"categories":[42,1,129],"tags":[39,43,168,131],"class_list":["post-2818","post","type-post","status-publish","format-standard","has-post-thumbnail","hentry","category-colezione-cobogo","category-nina-martinelli","category-sustentabilidade","tag-area-externa","tag-cobogo","tag-producao-artesanal","tag-sustentabilidade"],"yoast_head":"<!-- This site is optimized with the Yoast SEO plugin v26.8 - https:\/\/yoast.com\/product\/yoast-seo-wordpress\/ -->\n<title>Conforto, praticidade e integra\u00e7\u00e3o em resid\u00eancia com Cobog\u00f3 Brise Sombre<\/title>\n<meta name=\"description\" content=\"Conforto, praticidade e integra\u00e7\u00e3o com o uso dos cobog\u00f3s, uma op\u00e7\u00e3o inteligente e sustent\u00e1vel, veja mais nesta mat\u00e9ria\" \/>\n<meta name=\"robots\" content=\"index, follow, max-snippet:-1, max-image-preview:large, max-video-preview:-1\" \/>\n<link rel=\"canonical\" href=\"https:\/\/ninamartinelli.com.br\/blog2\/conforto-praticidade-e-integracao-em-residencia-com-cobogo-brise-sombre\/\" \/>\n<meta property=\"og:locale\" content=\"pt_BR\" \/>\n<meta property=\"og:type\" content=\"article\" \/>\n<meta property=\"og:title\" content=\"Conforto, praticidade e integra\u00e7\u00e3o em resid\u00eancia com Cobog\u00f3 Brise Sombre\" \/>\n<meta property=\"og:description\" content=\"Conforto, praticidade e integra\u00e7\u00e3o com o uso dos cobog\u00f3s, uma op\u00e7\u00e3o inteligente e sustent\u00e1vel, veja mais nesta mat\u00e9ria\" \/>\n<meta property=\"og:url\" content=\"https:\/\/ninamartinelli.com.br\/blog2\/conforto-praticidade-e-integracao-em-residencia-com-cobogo-brise-sombre\/\" \/>\n<meta property=\"og:site_name\" content=\"Blog Nina\" \/>\n<meta property=\"article:published_time\" content=\"2025-07-02T13:19:26+00:00\" \/>\n<meta property=\"og:image\" content=\"https:\/\/ninamartinelli.com.br\/blog2\/wp-content\/uploads\/2025\/07\/cobogo-thera-3-scaled.jpg\" \/>\n\t<meta property=\"og:image:width\" content=\"1935\" \/>\n\t<meta property=\"og:image:height\" content=\"2560\" \/>\n\t<meta property=\"og:image:type\" content=\"image\/jpeg\" \/>\n<meta name=\"author\" content=\"Ana Maria Devides\" \/>\n<meta name=\"twitter:card\" content=\"summary_large_image\" \/>\n<meta name=\"twitter:label1\" content=\"Escrito por\" \/>\n\t<meta name=\"twitter:data1\" content=\"Ana Maria Devides\" \/>\n\t<meta name=\"twitter:label2\" content=\"Est. tempo de leitura\" \/>\n\t<meta name=\"twitter:data2\" content=\"4 minutos\" \/>\n<script type=\"application\/ld+json\" class=\"yoast-schema-graph\">{\"@context\":\"https:\/\/schema.org\",\"@graph\":[{\"@type\":\"Article\",\"@id\":\"https:\/\/ninamartinelli.com.br\/blog2\/conforto-praticidade-e-integracao-em-residencia-com-cobogo-brise-sombre\/#article\",\"isPartOf\":{\"@id\":\"https:\/\/ninamartinelli.com.br\/blog2\/conforto-praticidade-e-integracao-em-residencia-com-cobogo-brise-sombre\/\"},\"author\":{\"name\":\"Ana Maria Devides\",\"@id\":\"https:\/\/ninamartinelli.com.br\/blog2\/#\/schema\/person\/43fbfb1d4cbe3b472995206b2bb06df5\"},\"headline\":\"Conforto, praticidade e integra\u00e7\u00e3o em resid\u00eancia com Cobog\u00f3 Brise Sombre\",\"datePublished\":\"2025-07-02T13:19:26+00:00\",\"mainEntityOfPage\":{\"@id\":\"https:\/\/ninamartinelli.com.br\/blog2\/conforto-praticidade-e-integracao-em-residencia-com-cobogo-brise-sombre\/\"},\"wordCount\":553,\"commentCount\":0,\"publisher\":{\"@id\":\"https:\/\/ninamartinelli.com.br\/blog2\/#organization\"},\"image\":{\"@id\":\"https:\/\/ninamartinelli.com.br\/blog2\/conforto-praticidade-e-integracao-em-residencia-com-cobogo-brise-sombre\/#primaryimage\"},\"thumbnailUrl\":\"https:\/\/ninamartinelli.com.br\/blog2\/wp-content\/uploads\/2025\/07\/cobogo-thera-3-scaled.jpg\",\"keywords\":[\"area externa\",\"cobogo\",\"produ\u00e7\u00e3o artesanal\",\"Sustentabilidade\"],\"articleSection\":[\"Colezione Cobog\u00f3\",\"Nina Martinelli\",\"Sustentabilidade\"],\"inLanguage\":\"pt-BR\",\"potentialAction\":[{\"@type\":\"CommentAction\",\"name\":\"Comment\",\"target\":[\"https:\/\/ninamartinelli.com.br\/blog2\/conforto-praticidade-e-integracao-em-residencia-com-cobogo-brise-sombre\/#respond\"]}]},{\"@type\":\"WebPage\",\"@id\":\"https:\/\/ninamartinelli.com.br\/blog2\/conforto-praticidade-e-integracao-em-residencia-com-cobogo-brise-sombre\/\",\"url\":\"https:\/\/ninamartinelli.com.br\/blog2\/conforto-praticidade-e-integracao-em-residencia-com-cobogo-brise-sombre\/\",\"name\":\"Conforto, praticidade e integra\u00e7\u00e3o em resid\u00eancia com Cobog\u00f3 Brise Sombre\",\"isPartOf\":{\"@id\":\"https:\/\/ninamartinelli.com.br\/blog2\/#website\"},\"primaryImageOfPage\":{\"@id\":\"https:\/\/ninamartinelli.com.br\/blog2\/conforto-praticidade-e-integracao-em-residencia-com-cobogo-brise-sombre\/#primaryimage\"},\"image\":{\"@id\":\"https:\/\/ninamartinelli.com.br\/blog2\/conforto-praticidade-e-integracao-em-residencia-com-cobogo-brise-sombre\/#primaryimage\"},\"thumbnailUrl\":\"https:\/\/ninamartinelli.com.br\/blog2\/wp-content\/uploads\/2025\/07\/cobogo-thera-3-scaled.jpg\",\"datePublished\":\"2025-07-02T13:19:26+00:00\",\"description\":\"Conforto, praticidade e integra\u00e7\u00e3o com o uso dos cobog\u00f3s, uma op\u00e7\u00e3o inteligente e sustent\u00e1vel, veja mais nesta mat\u00e9ria\",\"breadcrumb\":{\"@id\":\"https:\/\/ninamartinelli.com.br\/blog2\/conforto-praticidade-e-integracao-em-residencia-com-cobogo-brise-sombre\/#breadcrumb\"},\"inLanguage\":\"pt-BR\",\"potentialAction\":[{\"@type\":\"ReadAction\",\"target\":[\"https:\/\/ninamartinelli.com.br\/blog2\/conforto-praticidade-e-integracao-em-residencia-com-cobogo-brise-sombre\/\"]}]},{\"@type\":\"ImageObject\",\"inLanguage\":\"pt-BR\",\"@id\":\"https:\/\/ninamartinelli.com.br\/blog2\/conforto-praticidade-e-integracao-em-residencia-com-cobogo-brise-sombre\/#primaryimage\",\"url\":\"https:\/\/ninamartinelli.com.br\/blog2\/wp-content\/uploads\/2025\/07\/cobogo-thera-3-scaled.jpg\",\"contentUrl\":\"https:\/\/ninamartinelli.com.br\/blog2\/wp-content\/uploads\/2025\/07\/cobogo-thera-3-scaled.jpg\",\"width\":1935,\"height\":2560},{\"@type\":\"BreadcrumbList\",\"@id\":\"https:\/\/ninamartinelli.com.br\/blog2\/conforto-praticidade-e-integracao-em-residencia-com-cobogo-brise-sombre\/#breadcrumb\",\"itemListElement\":[{\"@type\":\"ListItem\",\"position\":1,\"name\":\"In\u00edcio\",\"item\":\"https:\/\/ninamartinelli.com.br\/blog2\/\"},{\"@type\":\"ListItem\",\"position\":2,\"name\":\"Conforto, praticidade e integra\u00e7\u00e3o em resid\u00eancia com Cobog\u00f3 Brise Sombre\"}]},{\"@type\":\"WebSite\",\"@id\":\"https:\/\/ninamartinelli.com.br\/blog2\/#website\",\"url\":\"https:\/\/ninamartinelli.com.br\/blog2\/\",\"name\":\"Nina Martinelli\",\"description\":\"#Nina_Martinelli\",\"publisher\":{\"@id\":\"https:\/\/ninamartinelli.com.br\/blog2\/#organization\"},\"potentialAction\":[{\"@type\":\"SearchAction\",\"target\":{\"@type\":\"EntryPoint\",\"urlTemplate\":\"https:\/\/ninamartinelli.com.br\/blog2\/?s={search_term_string}\"},\"query-input\":{\"@type\":\"PropertyValueSpecification\",\"valueRequired\":true,\"valueName\":\"search_term_string\"}}],\"inLanguage\":\"pt-BR\"},{\"@type\":\"Organization\",\"@id\":\"https:\/\/ninamartinelli.com.br\/blog2\/#organization\",\"name\":\"Blog Novidades\",\"url\":\"https:\/\/ninamartinelli.com.br\/blog2\/\",\"logo\":{\"@type\":\"ImageObject\",\"inLanguage\":\"pt-BR\",\"@id\":\"https:\/\/ninamartinelli.com.br\/blog2\/#\/schema\/logo\/image\/\",\"url\":\"http:\/\/blog.ninamartinelli.com.br\/wp-content\/uploads\/2022\/03\/logo_nina_blog.png\",\"contentUrl\":\"http:\/\/blog.ninamartinelli.com.br\/wp-content\/uploads\/2022\/03\/logo_nina_blog.png\",\"width\":500,\"height\":104,\"caption\":\"Blog Novidades\"},\"image\":{\"@id\":\"https:\/\/ninamartinelli.com.br\/blog2\/#\/schema\/logo\/image\/\"}},{\"@type\":\"Person\",\"@id\":\"https:\/\/ninamartinelli.com.br\/blog2\/#\/schema\/person\/43fbfb1d4cbe3b472995206b2bb06df5\",\"name\":\"Ana Maria Devides\",\"image\":{\"@type\":\"ImageObject\",\"inLanguage\":\"pt-BR\",\"@id\":\"https:\/\/ninamartinelli.com.br\/blog2\/#\/schema\/person\/image\/\",\"url\":\"https:\/\/secure.gravatar.com\/avatar\/a03a82675d8bb3da8e5c5a6872db97be?s=96&d=mm&r=g\",\"contentUrl\":\"https:\/\/secure.gravatar.com\/avatar\/a03a82675d8bb3da8e5c5a6872db97be?s=96&d=mm&r=g\",\"caption\":\"Ana Maria Devides\"},\"url\":\"https:\/\/ninamartinelli.com.br\/blog2\/author\/assessoria-nina-martinelli\/\"}]}<\/script>\n<!-- \/ Yoast SEO plugin. -->","yoast_head_json":{"title":"Conforto, praticidade e integra\u00e7\u00e3o em resid\u00eancia com Cobog\u00f3 Brise Sombre","description":"Conforto, praticidade e integra\u00e7\u00e3o com o uso dos cobog\u00f3s, uma op\u00e7\u00e3o inteligente e sustent\u00e1vel, veja mais nesta mat\u00e9ria","robots":{"index":"index","follow":"follow","max-snippet":"max-snippet:-1","max-image-preview":"max-image-preview:large","max-video-preview":"max-video-preview:-1"},"canonical":"https:\/\/ninamartinelli.com.br\/blog2\/conforto-praticidade-e-integracao-em-residencia-com-cobogo-brise-sombre\/","og_locale":"pt_BR","og_type":"article","og_title":"Conforto, praticidade e integra\u00e7\u00e3o em resid\u00eancia com Cobog\u00f3 Brise Sombre","og_description":"Conforto, praticidade e integra\u00e7\u00e3o com o uso dos cobog\u00f3s, uma op\u00e7\u00e3o inteligente e sustent\u00e1vel, veja mais nesta mat\u00e9ria","og_url":"https:\/\/ninamartinelli.com.br\/blog2\/conforto-praticidade-e-integracao-em-residencia-com-cobogo-brise-sombre\/","og_site_name":"Blog Nina","article_published_time":"2025-07-02T13:19:26+00:00","og_image":[{"width":1935,"height":2560,"url":"https:\/\/ninamartinelli.com.br\/blog2\/wp-content\/uploads\/2025\/07\/cobogo-thera-3-scaled.jpg","type":"image\/jpeg"}],"author":"Ana Maria Devides","twitter_card":"summary_large_image","twitter_misc":{"Escrito por":"Ana Maria Devides","Est. tempo de leitura":"4 minutos"},"schema":{"@context":"https:\/\/schema.org","@graph":[{"@type":"Article","@id":"https:\/\/ninamartinelli.com.br\/blog2\/conforto-praticidade-e-integracao-em-residencia-com-cobogo-brise-sombre\/#article","isPartOf":{"@id":"https:\/\/ninamartinelli.com.br\/blog2\/conforto-praticidade-e-integracao-em-residencia-com-cobogo-brise-sombre\/"},"author":{"name":"Ana Maria Devides","@id":"https:\/\/ninamartinelli.com.br\/blog2\/#\/schema\/person\/43fbfb1d4cbe3b472995206b2bb06df5"},"headline":"Conforto, praticidade e integra\u00e7\u00e3o em resid\u00eancia com Cobog\u00f3 Brise Sombre","datePublished":"2025-07-02T13:19:26+00:00","mainEntityOfPage":{"@id":"https:\/\/ninamartinelli.com.br\/blog2\/conforto-praticidade-e-integracao-em-residencia-com-cobogo-brise-sombre\/"},"wordCount":553,"commentCount":0,"publisher":{"@id":"https:\/\/ninamartinelli.com.br\/blog2\/#organization"},"image":{"@id":"https:\/\/ninamartinelli.com.br\/blog2\/conforto-praticidade-e-integracao-em-residencia-com-cobogo-brise-sombre\/#primaryimage"},"thumbnailUrl":"https:\/\/ninamartinelli.com.br\/blog2\/wp-content\/uploads\/2025\/07\/cobogo-thera-3-scaled.jpg","keywords":["area externa","cobogo","produ\u00e7\u00e3o artesanal","Sustentabilidade"],"articleSection":["Colezione Cobog\u00f3","Nina Martinelli","Sustentabilidade"],"inLanguage":"pt-BR","potentialAction":[{"@type":"CommentAction","name":"Comment","target":["https:\/\/ninamartinelli.com.br\/blog2\/conforto-praticidade-e-integracao-em-residencia-com-cobogo-brise-sombre\/#respond"]}]},{"@type":"WebPage","@id":"https:\/\/ninamartinelli.com.br\/blog2\/conforto-praticidade-e-integracao-em-residencia-com-cobogo-brise-sombre\/","url":"https:\/\/ninamartinelli.com.br\/blog2\/conforto-praticidade-e-integracao-em-residencia-com-cobogo-brise-sombre\/","name":"Conforto, praticidade e integra\u00e7\u00e3o em resid\u00eancia com Cobog\u00f3 Brise Sombre","isPartOf":{"@id":"https:\/\/ninamartinelli.com.br\/blog2\/#website"},"primaryImageOfPage":{"@id":"https:\/\/ninamartinelli.com.br\/blog2\/conforto-praticidade-e-integracao-em-residencia-com-cobogo-brise-sombre\/#primaryimage"},"image":{"@id":"https:\/\/ninamartinelli.com.br\/blog2\/conforto-praticidade-e-integracao-em-residencia-com-cobogo-brise-sombre\/#primaryimage"},"thumbnailUrl":"https:\/\/ninamartinelli.com.br\/blog2\/wp-content\/uploads\/2025\/07\/cobogo-thera-3-scaled.jpg","datePublished":"2025-07-02T13:19:26+00:00","description":"Conforto, praticidade e integra\u00e7\u00e3o com o uso dos cobog\u00f3s, uma op\u00e7\u00e3o inteligente e sustent\u00e1vel, veja mais nesta mat\u00e9ria","breadcrumb":{"@id":"https:\/\/ninamartinelli.com.br\/blog2\/conforto-praticidade-e-integracao-em-residencia-com-cobogo-brise-sombre\/#breadcrumb"},"inLanguage":"pt-BR","potentialAction":[{"@type":"ReadAction","target":["https:\/\/ninamartinelli.com.br\/blog2\/conforto-praticidade-e-integracao-em-residencia-com-cobogo-brise-sombre\/"]}]},{"@type":"ImageObject","inLanguage":"pt-BR","@id":"https:\/\/ninamartinelli.com.br\/blog2\/conforto-praticidade-e-integracao-em-residencia-com-cobogo-brise-sombre\/#primaryimage","url":"https:\/\/ninamartinelli.com.br\/blog2\/wp-content\/uploads\/2025\/07\/cobogo-thera-3-scaled.jpg","contentUrl":"https:\/\/ninamartinelli.com.br\/blog2\/wp-content\/uploads\/2025\/07\/cobogo-thera-3-scaled.jpg","width":1935,"height":2560},{"@type":"BreadcrumbList","@id":"https:\/\/ninamartinelli.com.br\/blog2\/conforto-praticidade-e-integracao-em-residencia-com-cobogo-brise-sombre\/#breadcrumb","itemListElement":[{"@type":"ListItem","position":1,"name":"In\u00edcio","item":"https:\/\/ninamartinelli.com.br\/blog2\/"},{"@type":"ListItem","position":2,"name":"Conforto, praticidade e integra\u00e7\u00e3o em resid\u00eancia com Cobog\u00f3 Brise Sombre"}]},{"@type":"WebSite","@id":"https:\/\/ninamartinelli.com.br\/blog2\/#website","url":"https:\/\/ninamartinelli.com.br\/blog2\/","name":"Nina Martinelli","description":"#Nina_Martinelli","publisher":{"@id":"https:\/\/ninamartinelli.com.br\/blog2\/#organization"},"potentialAction":[{"@type":"SearchAction","target":{"@type":"EntryPoint","urlTemplate":"https:\/\/ninamartinelli.com.br\/blog2\/?s={search_term_string}"},"query-input":{"@type":"PropertyValueSpecification","valueRequired":true,"valueName":"search_term_string"}}],"inLanguage":"pt-BR"},{"@type":"Organization","@id":"https:\/\/ninamartinelli.com.br\/blog2\/#organization","name":"Blog Novidades","url":"https:\/\/ninamartinelli.com.br\/blog2\/","logo":{"@type":"ImageObject","inLanguage":"pt-BR","@id":"https:\/\/ninamartinelli.com.br\/blog2\/#\/schema\/logo\/image\/","url":"http:\/\/blog.ninamartinelli.com.br\/wp-content\/uploads\/2022\/03\/logo_nina_blog.png","contentUrl":"http:\/\/blog.ninamartinelli.com.br\/wp-content\/uploads\/2022\/03\/logo_nina_blog.png","width":500,"height":104,"caption":"Blog Novidades"},"image":{"@id":"https:\/\/ninamartinelli.com.br\/blog2\/#\/schema\/logo\/image\/"}},{"@type":"Person","@id":"https:\/\/ninamartinelli.com.br\/blog2\/#\/schema\/person\/43fbfb1d4cbe3b472995206b2bb06df5","name":"Ana Maria Devides","image":{"@type":"ImageObject","inLanguage":"pt-BR","@id":"https:\/\/ninamartinelli.com.br\/blog2\/#\/schema\/person\/image\/","url":"https:\/\/secure.gravatar.com\/avatar\/a03a82675d8bb3da8e5c5a6872db97be?s=96&d=mm&r=g","contentUrl":"https:\/\/secure.gravatar.com\/avatar\/a03a82675d8bb3da8e5c5a6872db97be?s=96&d=mm&r=g","caption":"Ana Maria Devides"},"url":"https:\/\/ninamartinelli.com.br\/blog2\/author\/assessoria-nina-martinelli\/"}]}},"_links":{"self":[{"href":"https:\/\/ninamartinelli.com.br\/blog2\/wp-json\/wp\/v2\/posts\/2818","targetHints":{"allow":["GET"]}}],"collection":[{"href":"https:\/\/ninamartinelli.com.br\/blog2\/wp-json\/wp\/v2\/posts"}],"about":[{"href":"https:\/\/ninamartinelli.com.br\/blog2\/wp-json\/wp\/v2\/types\/post"}],"author":[{"embeddable":true,"href":"https:\/\/ninamartinelli.com.br\/blog2\/wp-json\/wp\/v2\/users\/2"}],"replies":[{"embeddable":true,"href":"https:\/\/ninamartinelli.com.br\/blog2\/wp-json\/wp\/v2\/comments?post=2818"}],"version-history":[{"count":1,"href":"https:\/\/ninamartinelli.com.br\/blog2\/wp-json\/wp\/v2\/posts\/2818\/revisions"}],"predecessor-version":[{"id":2822,"href":"https:\/\/ninamartinelli.com.br\/blog2\/wp-json\/wp\/v2\/posts\/2818\/revisions\/2822"}],"wp:featuredmedia":[{"embeddable":true,"href":"https:\/\/ninamartinelli.com.br\/blog2\/wp-json\/wp\/v2\/media\/2819"}],"wp:attachment":[{"href":"https:\/\/ninamartinelli.com.br\/blog2\/wp-json\/wp\/v2\/media?parent=2818"}],"wp:term":[{"taxonomy":"category","embeddable":true,"href":"https:\/\/ninamartinelli.com.br\/blog2\/wp-json\/wp\/v2\/categories?post=2818"},{"taxonomy":"post_tag","embeddable":true,"href":"https:\/\/ninamartinelli.com.br\/blog2\/wp-json\/wp\/v2\/tags?post=2818"}],"curies":[{"name":"wp","href":"https:\/\/api.w.org\/{rel}","templated":true}]}}