{"id":2811,"date":"2025-06-25T08:41:36","date_gmt":"2025-06-25T11:41:36","guid":{"rendered":"https:\/\/ninamartinelli.com.br\/blog2\/?p=2811"},"modified":"2025-06-18T08:42:16","modified_gmt":"2025-06-18T11:42:16","slug":"conexao-e-contemplacao-espaco-multiuso-especial-com-o-rosone-luce-del-sole","status":"publish","type":"post","link":"https:\/\/ninamartinelli.com.br\/blog2\/conexao-e-contemplacao-espaco-multiuso-especial-com-o-rosone-luce-del-sole\/","title":{"rendered":"Conex\u00e3o e contempla\u00e7\u00e3o \u2013 espa\u00e7o multiuso especial com o Rosone Luce del Sole"},"content":{"rendered":"<p><strong>Conex\u00e3o e contempla\u00e7\u00e3o \u2013 <\/strong>A Casa Tear, projetada pelo arquiteto goiano Marcos Lula @arqmarcoslula em seu estado natal, j\u00e1 \u00e9, por si s\u00f3, uma ode \u00e0 naturalidade e \u00e0 autenticidade, e o Brick Naturalle da Nina Martinelli foi o elemento unificador a revestir boa parte das paredes externas dessa resid\u00eancia \u00edmpar.<\/p>\n<p>Entretanto, bem pertinho da casa, no amplo e bel\u00edssimo terreno, \u2018plantado\u2019 em meio ao verde exuberante, est\u00e1 o Anexo da Casa Tear, tamb\u00e9m informalmente chamado pelo propriet\u00e1rio e pelo arquiteto de \u2018pavilh\u00e3o\u2019, dedicado ao conceito original do projeto, a conex\u00e3o, em diversos n\u00edveis e dimens\u00f5es.<\/p>\n<p>\u201cO anexo, que brincamos chamando de pavilh\u00e3o, nasceu da necessidade do cliente ter um ambiente sem regras, no qual a contempla\u00e7\u00e3o e a conex\u00e3o fossem exaltadas. Conex\u00e3o consigo mesmo, com o outro, com a natureza, com o meio. Esse conceito estava presente na concep\u00e7\u00e3o do projeto da casa em si\u201d, explica Marcos Lula.<\/p>\n<p>Ele afirma que o espa\u00e7o foi pensado para ser utilizado livremente \u2013 e o cliente assim o faz, ocupando o local para pintar, para praticar exerc\u00edcios, para meditar, e at\u00e9 para fazer algumas reuni\u00f5es.<\/p>\n<p>O anexo \u00e9 um c\u00edrculo perfeito, constru\u00eddo em concreto armado 100% aparente, com algumas belas aberturas com vidros que deixam a luz natural entrar com delicadeza, mas, tamb\u00e9m, com intensidade.<\/p>\n<p><img loading=\"lazy\" decoding=\"async\" class=\" wp-image-2813 alignright\" src=\"https:\/\/ninamartinelli.com.br\/blog2\/wp-content\/uploads\/2025\/06\/ANEXO-CASA-TEAR-2-200x300.jpg\" alt=\"\" width=\"286\" height=\"429\" srcset=\"https:\/\/ninamartinelli.com.br\/blog2\/wp-content\/uploads\/2025\/06\/ANEXO-CASA-TEAR-2-200x300.jpg 200w, https:\/\/ninamartinelli.com.br\/blog2\/wp-content\/uploads\/2025\/06\/ANEXO-CASA-TEAR-2-684x1024.jpg 684w, https:\/\/ninamartinelli.com.br\/blog2\/wp-content\/uploads\/2025\/06\/ANEXO-CASA-TEAR-2-768x1150.jpg 768w, https:\/\/ninamartinelli.com.br\/blog2\/wp-content\/uploads\/2025\/06\/ANEXO-CASA-TEAR-2-1025x1536.jpg 1025w, https:\/\/ninamartinelli.com.br\/blog2\/wp-content\/uploads\/2025\/06\/ANEXO-CASA-TEAR-2-1367x2048.jpg 1367w, https:\/\/ninamartinelli.com.br\/blog2\/wp-content\/uploads\/2025\/06\/ANEXO-CASA-TEAR-2-1024x1534.jpg 1024w, https:\/\/ninamartinelli.com.br\/blog2\/wp-content\/uploads\/2025\/06\/ANEXO-CASA-TEAR-2-scaled.jpg 1709w\" sizes=\"auto, (max-width: 286px) 100vw, 286px\" \/><\/p>\n<p>\u201cEvitei formas retas porque enxergo nas formas circulares, nas curvas, algo mais ameno, l\u00fadico e convidativo \u00e0 reflex\u00e3o\u201d, diz Marcos. \u201cE tamb\u00e9m para privilegiar a verdade dos materiais. Quase tudo ali \u00e9 aparente, nada \u00e9 produzido, decorado\u201d, acrescenta.<\/p>\n<p>A \u00fanica exce\u00e7\u00e3o, no caso, ficou por conta de uma pe\u00e7a muito especial escolhida por Marcos para o centro do piso de cimento queimado desse anexo: um bel\u00edssimo Rosone da Nina Martinelli Pisos e Revestimentos.<\/p>\n<p>Tamb\u00e9m chamados de Mandalas, esses modelos s\u00e3o confeccionados com extremo cuidado, com a montagem de diversos motivos compostos de fragmentos de cer\u00e2mica natural em v\u00e1rios tons combinados.<\/p>\n<p>Nesse projeto do arquiteto goiano, o motivo escolhido por ele foi o <a href=\"https:\/\/ninamartinelli.com.br\/produtos\/rosone-luce-del-sole-3\/\">Luce Del Sole<\/a> \u2013 em italiano que, traduzido para o portugu\u00eas significa Luz do Sol.<\/p>\n<p>Os tons terrosos dos \u2018caquinhos\u2019 que s\u00e3o insumos reciclados com muita responsabilidade e inten\u00e7\u00e3o de cuidado ambiental da Nina Martinelli formam um suave e org\u00e2nico conjunto que acrescenta ainda mais beleza ao espa\u00e7o.<\/p>\n<p><img loading=\"lazy\" decoding=\"async\" class=\" wp-image-2815 aligncenter\" src=\"https:\/\/ninamartinelli.com.br\/blog2\/wp-content\/uploads\/2025\/06\/ROSONE-LUCE-DEL-SOLE-300x200.jpg\" alt=\"\" width=\"407\" height=\"271\" srcset=\"https:\/\/ninamartinelli.com.br\/blog2\/wp-content\/uploads\/2025\/06\/ROSONE-LUCE-DEL-SOLE-300x200.jpg 300w, https:\/\/ninamartinelli.com.br\/blog2\/wp-content\/uploads\/2025\/06\/ROSONE-LUCE-DEL-SOLE-1024x683.jpg 1024w, https:\/\/ninamartinelli.com.br\/blog2\/wp-content\/uploads\/2025\/06\/ROSONE-LUCE-DEL-SOLE-768x512.jpg 768w, https:\/\/ninamartinelli.com.br\/blog2\/wp-content\/uploads\/2025\/06\/ROSONE-LUCE-DEL-SOLE.jpg 1080w\" sizes=\"auto, (max-width: 407px) 100vw, 407px\" \/><\/p>\n<p>Vale ressaltar alguns detalhes: os caquinhos s\u00e3o meticulosamente colados um a um em uma base resistente e telada, que facilita muito a aplica\u00e7\u00e3o. E esses rosones podem medir de 80cm a 2,40m de di\u00e2metro.<\/p>\n<p>H\u00e1 diversos modelos dispon\u00edveis no site da Nina, que inspiram a aplica\u00e7\u00e3o em ambientes ou em m\u00f3veis, j\u00e1 que os Rosones tamb\u00e9m podem revestir mesas, por exemplo.<\/p>\n<p>\u201cTanto n\u00f3s do escrit\u00f3rio como o cliente, todos amamos o resultado final\u201d, assegura Marcos Lula. \u201cA pe\u00e7a quebrou a rigidez do concreto, trouxe suavidade e convite \u00e0 reflex\u00e3o\u201d, conclui.<\/p>\n<p><strong>\u00a0<\/strong><\/p>\n<p><strong>Servi\u00e7o:<\/strong><\/p>\n<p><strong>Conex\u00e3o e contempla\u00e7\u00e3o \u2013 Anexo da Casa Tear, Goi\u00e1s-GO<\/strong><\/p>\n<p><strong>Produto: <\/strong>Rosone Luce del Sole<\/p>\n<p><strong>Medidas dispon\u00edveis: <\/strong>de 80cm a 2,40m de di\u00e2metro<\/p>\n<p><strong>Projeto \u2013 <\/strong>Marcos Lula @arqmarcoslula<\/p>\n<p><strong>Imagens: <\/strong>@mauricioaraujophoto<\/p>\n","protected":false},"excerpt":{"rendered":"<p>Conex\u00e3o e contempla\u00e7\u00e3o \u2013 A Casa Tear, projetada pelo arquiteto goiano Marcos Lula @arqmarcoslula em<\/p>\n","protected":false},"author":2,"featured_media":2812,"comment_status":"open","ping_status":"open","sticky":false,"template":"","format":"standard","meta":{"footnotes":""},"categories":[59,1,129],"tags":[45,168,131],"class_list":["post-2811","post","type-post","status-publish","format-standard","has-post-thumbnail","hentry","category-ceramica","category-nina-martinelli","category-sustentabilidade","tag-ceramica","tag-producao-artesanal","tag-sustentabilidade"],"yoast_head":"<!-- This site is optimized with the Yoast SEO plugin v26.8 - https:\/\/yoast.com\/product\/yoast-seo-wordpress\/ -->\n<title>Conex\u00e3o e contempla\u00e7\u00e3o \u2013 espa\u00e7o multiuso especial com o Rosone Luce del Sole<\/title>\n<meta name=\"description\" content=\"Conex\u00e3o e contempla\u00e7\u00e3o - Junto \u00e0 Casa Tear, um Anexo circular feito em concreto armado decorado com uma &#039;mandala&#039; em cer\u00e2mica cria um espa\u00e7o livre e convidativo\" \/>\n<meta name=\"robots\" content=\"index, follow, max-snippet:-1, max-image-preview:large, max-video-preview:-1\" \/>\n<link rel=\"canonical\" href=\"https:\/\/ninamartinelli.com.br\/blog2\/conexao-e-contemplacao-espaco-multiuso-especial-com-o-rosone-luce-del-sole\/\" \/>\n<meta property=\"og:locale\" content=\"pt_BR\" \/>\n<meta property=\"og:type\" content=\"article\" \/>\n<meta property=\"og:title\" content=\"Conex\u00e3o e contempla\u00e7\u00e3o \u2013 espa\u00e7o multiuso especial com o Rosone Luce del Sole\" \/>\n<meta property=\"og:description\" content=\"Conex\u00e3o e contempla\u00e7\u00e3o - Junto \u00e0 Casa Tear, um Anexo circular feito em concreto armado decorado com uma &#039;mandala&#039; em cer\u00e2mica cria um espa\u00e7o livre e convidativo\" \/>\n<meta property=\"og:url\" content=\"https:\/\/ninamartinelli.com.br\/blog2\/conexao-e-contemplacao-espaco-multiuso-especial-com-o-rosone-luce-del-sole\/\" \/>\n<meta property=\"og:site_name\" content=\"Blog Nina\" \/>\n<meta property=\"article:published_time\" content=\"2025-06-25T11:41:36+00:00\" \/>\n<meta property=\"og:image\" content=\"https:\/\/ninamartinelli.com.br\/blog2\/wp-content\/uploads\/2025\/06\/ANEXO-CASA-TEAR-1-redimensionada-scaled.jpg\" \/>\n\t<meta property=\"og:image:width\" content=\"2560\" \/>\n\t<meta property=\"og:image:height\" content=\"1711\" \/>\n\t<meta property=\"og:image:type\" content=\"image\/jpeg\" \/>\n<meta name=\"author\" content=\"Ana Maria Devides\" \/>\n<meta name=\"twitter:card\" content=\"summary_large_image\" \/>\n<meta name=\"twitter:label1\" content=\"Escrito por\" \/>\n\t<meta name=\"twitter:data1\" content=\"Ana Maria Devides\" \/>\n\t<meta name=\"twitter:label2\" content=\"Est. tempo de leitura\" \/>\n\t<meta name=\"twitter:data2\" content=\"4 minutos\" \/>\n<script type=\"application\/ld+json\" class=\"yoast-schema-graph\">{\"@context\":\"https:\/\/schema.org\",\"@graph\":[{\"@type\":\"Article\",\"@id\":\"https:\/\/ninamartinelli.com.br\/blog2\/conexao-e-contemplacao-espaco-multiuso-especial-com-o-rosone-luce-del-sole\/#article\",\"isPartOf\":{\"@id\":\"https:\/\/ninamartinelli.com.br\/blog2\/conexao-e-contemplacao-espaco-multiuso-especial-com-o-rosone-luce-del-sole\/\"},\"author\":{\"name\":\"Ana Maria Devides\",\"@id\":\"https:\/\/ninamartinelli.com.br\/blog2\/#\/schema\/person\/43fbfb1d4cbe3b472995206b2bb06df5\"},\"headline\":\"Conex\u00e3o e contempla\u00e7\u00e3o \u2013 espa\u00e7o multiuso especial com o Rosone Luce del Sole\",\"datePublished\":\"2025-06-25T11:41:36+00:00\",\"mainEntityOfPage\":{\"@id\":\"https:\/\/ninamartinelli.com.br\/blog2\/conexao-e-contemplacao-espaco-multiuso-especial-com-o-rosone-luce-del-sole\/\"},\"wordCount\":547,\"commentCount\":0,\"publisher\":{\"@id\":\"https:\/\/ninamartinelli.com.br\/blog2\/#organization\"},\"image\":{\"@id\":\"https:\/\/ninamartinelli.com.br\/blog2\/conexao-e-contemplacao-espaco-multiuso-especial-com-o-rosone-luce-del-sole\/#primaryimage\"},\"thumbnailUrl\":\"https:\/\/ninamartinelli.com.br\/blog2\/wp-content\/uploads\/2025\/06\/ANEXO-CASA-TEAR-1-redimensionada-scaled.jpg\",\"keywords\":[\"ceramica\",\"produ\u00e7\u00e3o artesanal\",\"Sustentabilidade\"],\"articleSection\":[\"Cer\u00e2mica\",\"Nina Martinelli\",\"Sustentabilidade\"],\"inLanguage\":\"pt-BR\",\"potentialAction\":[{\"@type\":\"CommentAction\",\"name\":\"Comment\",\"target\":[\"https:\/\/ninamartinelli.com.br\/blog2\/conexao-e-contemplacao-espaco-multiuso-especial-com-o-rosone-luce-del-sole\/#respond\"]}]},{\"@type\":\"WebPage\",\"@id\":\"https:\/\/ninamartinelli.com.br\/blog2\/conexao-e-contemplacao-espaco-multiuso-especial-com-o-rosone-luce-del-sole\/\",\"url\":\"https:\/\/ninamartinelli.com.br\/blog2\/conexao-e-contemplacao-espaco-multiuso-especial-com-o-rosone-luce-del-sole\/\",\"name\":\"Conex\u00e3o e contempla\u00e7\u00e3o \u2013 espa\u00e7o multiuso especial com o Rosone Luce del Sole\",\"isPartOf\":{\"@id\":\"https:\/\/ninamartinelli.com.br\/blog2\/#website\"},\"primaryImageOfPage\":{\"@id\":\"https:\/\/ninamartinelli.com.br\/blog2\/conexao-e-contemplacao-espaco-multiuso-especial-com-o-rosone-luce-del-sole\/#primaryimage\"},\"image\":{\"@id\":\"https:\/\/ninamartinelli.com.br\/blog2\/conexao-e-contemplacao-espaco-multiuso-especial-com-o-rosone-luce-del-sole\/#primaryimage\"},\"thumbnailUrl\":\"https:\/\/ninamartinelli.com.br\/blog2\/wp-content\/uploads\/2025\/06\/ANEXO-CASA-TEAR-1-redimensionada-scaled.jpg\",\"datePublished\":\"2025-06-25T11:41:36+00:00\",\"description\":\"Conex\u00e3o e contempla\u00e7\u00e3o - Junto \u00e0 Casa Tear, um Anexo circular feito em concreto armado decorado com uma 'mandala' em cer\u00e2mica cria um espa\u00e7o livre e convidativo\",\"breadcrumb\":{\"@id\":\"https:\/\/ninamartinelli.com.br\/blog2\/conexao-e-contemplacao-espaco-multiuso-especial-com-o-rosone-luce-del-sole\/#breadcrumb\"},\"inLanguage\":\"pt-BR\",\"potentialAction\":[{\"@type\":\"ReadAction\",\"target\":[\"https:\/\/ninamartinelli.com.br\/blog2\/conexao-e-contemplacao-espaco-multiuso-especial-com-o-rosone-luce-del-sole\/\"]}]},{\"@type\":\"ImageObject\",\"inLanguage\":\"pt-BR\",\"@id\":\"https:\/\/ninamartinelli.com.br\/blog2\/conexao-e-contemplacao-espaco-multiuso-especial-com-o-rosone-luce-del-sole\/#primaryimage\",\"url\":\"https:\/\/ninamartinelli.com.br\/blog2\/wp-content\/uploads\/2025\/06\/ANEXO-CASA-TEAR-1-redimensionada-scaled.jpg\",\"contentUrl\":\"https:\/\/ninamartinelli.com.br\/blog2\/wp-content\/uploads\/2025\/06\/ANEXO-CASA-TEAR-1-redimensionada-scaled.jpg\",\"width\":2560,\"height\":1711},{\"@type\":\"BreadcrumbList\",\"@id\":\"https:\/\/ninamartinelli.com.br\/blog2\/conexao-e-contemplacao-espaco-multiuso-especial-com-o-rosone-luce-del-sole\/#breadcrumb\",\"itemListElement\":[{\"@type\":\"ListItem\",\"position\":1,\"name\":\"In\u00edcio\",\"item\":\"https:\/\/ninamartinelli.com.br\/blog2\/\"},{\"@type\":\"ListItem\",\"position\":2,\"name\":\"Conex\u00e3o e contempla\u00e7\u00e3o \u2013 espa\u00e7o multiuso especial com o Rosone Luce del Sole\"}]},{\"@type\":\"WebSite\",\"@id\":\"https:\/\/ninamartinelli.com.br\/blog2\/#website\",\"url\":\"https:\/\/ninamartinelli.com.br\/blog2\/\",\"name\":\"Nina Martinelli\",\"description\":\"#Nina_Martinelli\",\"publisher\":{\"@id\":\"https:\/\/ninamartinelli.com.br\/blog2\/#organization\"},\"potentialAction\":[{\"@type\":\"SearchAction\",\"target\":{\"@type\":\"EntryPoint\",\"urlTemplate\":\"https:\/\/ninamartinelli.com.br\/blog2\/?s={search_term_string}\"},\"query-input\":{\"@type\":\"PropertyValueSpecification\",\"valueRequired\":true,\"valueName\":\"search_term_string\"}}],\"inLanguage\":\"pt-BR\"},{\"@type\":\"Organization\",\"@id\":\"https:\/\/ninamartinelli.com.br\/blog2\/#organization\",\"name\":\"Blog Novidades\",\"url\":\"https:\/\/ninamartinelli.com.br\/blog2\/\",\"logo\":{\"@type\":\"ImageObject\",\"inLanguage\":\"pt-BR\",\"@id\":\"https:\/\/ninamartinelli.com.br\/blog2\/#\/schema\/logo\/image\/\",\"url\":\"http:\/\/blog.ninamartinelli.com.br\/wp-content\/uploads\/2022\/03\/logo_nina_blog.png\",\"contentUrl\":\"http:\/\/blog.ninamartinelli.com.br\/wp-content\/uploads\/2022\/03\/logo_nina_blog.png\",\"width\":500,\"height\":104,\"caption\":\"Blog Novidades\"},\"image\":{\"@id\":\"https:\/\/ninamartinelli.com.br\/blog2\/#\/schema\/logo\/image\/\"}},{\"@type\":\"Person\",\"@id\":\"https:\/\/ninamartinelli.com.br\/blog2\/#\/schema\/person\/43fbfb1d4cbe3b472995206b2bb06df5\",\"name\":\"Ana Maria Devides\",\"image\":{\"@type\":\"ImageObject\",\"inLanguage\":\"pt-BR\",\"@id\":\"https:\/\/ninamartinelli.com.br\/blog2\/#\/schema\/person\/image\/\",\"url\":\"https:\/\/secure.gravatar.com\/avatar\/a03a82675d8bb3da8e5c5a6872db97be?s=96&d=mm&r=g\",\"contentUrl\":\"https:\/\/secure.gravatar.com\/avatar\/a03a82675d8bb3da8e5c5a6872db97be?s=96&d=mm&r=g\",\"caption\":\"Ana Maria Devides\"},\"url\":\"https:\/\/ninamartinelli.com.br\/blog2\/author\/assessoria-nina-martinelli\/\"}]}<\/script>\n<!-- \/ Yoast SEO plugin. -->","yoast_head_json":{"title":"Conex\u00e3o e contempla\u00e7\u00e3o \u2013 espa\u00e7o multiuso especial com o Rosone Luce del Sole","description":"Conex\u00e3o e contempla\u00e7\u00e3o - Junto \u00e0 Casa Tear, um Anexo circular feito em concreto armado decorado com uma 'mandala' em cer\u00e2mica cria um espa\u00e7o livre e convidativo","robots":{"index":"index","follow":"follow","max-snippet":"max-snippet:-1","max-image-preview":"max-image-preview:large","max-video-preview":"max-video-preview:-1"},"canonical":"https:\/\/ninamartinelli.com.br\/blog2\/conexao-e-contemplacao-espaco-multiuso-especial-com-o-rosone-luce-del-sole\/","og_locale":"pt_BR","og_type":"article","og_title":"Conex\u00e3o e contempla\u00e7\u00e3o \u2013 espa\u00e7o multiuso especial com o Rosone Luce del Sole","og_description":"Conex\u00e3o e contempla\u00e7\u00e3o - Junto \u00e0 Casa Tear, um Anexo circular feito em concreto armado decorado com uma 'mandala' em cer\u00e2mica cria um espa\u00e7o livre e convidativo","og_url":"https:\/\/ninamartinelli.com.br\/blog2\/conexao-e-contemplacao-espaco-multiuso-especial-com-o-rosone-luce-del-sole\/","og_site_name":"Blog Nina","article_published_time":"2025-06-25T11:41:36+00:00","og_image":[{"width":2560,"height":1711,"url":"https:\/\/ninamartinelli.com.br\/blog2\/wp-content\/uploads\/2025\/06\/ANEXO-CASA-TEAR-1-redimensionada-scaled.jpg","type":"image\/jpeg"}],"author":"Ana Maria Devides","twitter_card":"summary_large_image","twitter_misc":{"Escrito por":"Ana Maria Devides","Est. tempo de leitura":"4 minutos"},"schema":{"@context":"https:\/\/schema.org","@graph":[{"@type":"Article","@id":"https:\/\/ninamartinelli.com.br\/blog2\/conexao-e-contemplacao-espaco-multiuso-especial-com-o-rosone-luce-del-sole\/#article","isPartOf":{"@id":"https:\/\/ninamartinelli.com.br\/blog2\/conexao-e-contemplacao-espaco-multiuso-especial-com-o-rosone-luce-del-sole\/"},"author":{"name":"Ana Maria Devides","@id":"https:\/\/ninamartinelli.com.br\/blog2\/#\/schema\/person\/43fbfb1d4cbe3b472995206b2bb06df5"},"headline":"Conex\u00e3o e contempla\u00e7\u00e3o \u2013 espa\u00e7o multiuso especial com o Rosone Luce del Sole","datePublished":"2025-06-25T11:41:36+00:00","mainEntityOfPage":{"@id":"https:\/\/ninamartinelli.com.br\/blog2\/conexao-e-contemplacao-espaco-multiuso-especial-com-o-rosone-luce-del-sole\/"},"wordCount":547,"commentCount":0,"publisher":{"@id":"https:\/\/ninamartinelli.com.br\/blog2\/#organization"},"image":{"@id":"https:\/\/ninamartinelli.com.br\/blog2\/conexao-e-contemplacao-espaco-multiuso-especial-com-o-rosone-luce-del-sole\/#primaryimage"},"thumbnailUrl":"https:\/\/ninamartinelli.com.br\/blog2\/wp-content\/uploads\/2025\/06\/ANEXO-CASA-TEAR-1-redimensionada-scaled.jpg","keywords":["ceramica","produ\u00e7\u00e3o artesanal","Sustentabilidade"],"articleSection":["Cer\u00e2mica","Nina Martinelli","Sustentabilidade"],"inLanguage":"pt-BR","potentialAction":[{"@type":"CommentAction","name":"Comment","target":["https:\/\/ninamartinelli.com.br\/blog2\/conexao-e-contemplacao-espaco-multiuso-especial-com-o-rosone-luce-del-sole\/#respond"]}]},{"@type":"WebPage","@id":"https:\/\/ninamartinelli.com.br\/blog2\/conexao-e-contemplacao-espaco-multiuso-especial-com-o-rosone-luce-del-sole\/","url":"https:\/\/ninamartinelli.com.br\/blog2\/conexao-e-contemplacao-espaco-multiuso-especial-com-o-rosone-luce-del-sole\/","name":"Conex\u00e3o e contempla\u00e7\u00e3o \u2013 espa\u00e7o multiuso especial com o Rosone Luce del Sole","isPartOf":{"@id":"https:\/\/ninamartinelli.com.br\/blog2\/#website"},"primaryImageOfPage":{"@id":"https:\/\/ninamartinelli.com.br\/blog2\/conexao-e-contemplacao-espaco-multiuso-especial-com-o-rosone-luce-del-sole\/#primaryimage"},"image":{"@id":"https:\/\/ninamartinelli.com.br\/blog2\/conexao-e-contemplacao-espaco-multiuso-especial-com-o-rosone-luce-del-sole\/#primaryimage"},"thumbnailUrl":"https:\/\/ninamartinelli.com.br\/blog2\/wp-content\/uploads\/2025\/06\/ANEXO-CASA-TEAR-1-redimensionada-scaled.jpg","datePublished":"2025-06-25T11:41:36+00:00","description":"Conex\u00e3o e contempla\u00e7\u00e3o - Junto \u00e0 Casa Tear, um Anexo circular feito em concreto armado decorado com uma 'mandala' em cer\u00e2mica cria um espa\u00e7o livre e convidativo","breadcrumb":{"@id":"https:\/\/ninamartinelli.com.br\/blog2\/conexao-e-contemplacao-espaco-multiuso-especial-com-o-rosone-luce-del-sole\/#breadcrumb"},"inLanguage":"pt-BR","potentialAction":[{"@type":"ReadAction","target":["https:\/\/ninamartinelli.com.br\/blog2\/conexao-e-contemplacao-espaco-multiuso-especial-com-o-rosone-luce-del-sole\/"]}]},{"@type":"ImageObject","inLanguage":"pt-BR","@id":"https:\/\/ninamartinelli.com.br\/blog2\/conexao-e-contemplacao-espaco-multiuso-especial-com-o-rosone-luce-del-sole\/#primaryimage","url":"https:\/\/ninamartinelli.com.br\/blog2\/wp-content\/uploads\/2025\/06\/ANEXO-CASA-TEAR-1-redimensionada-scaled.jpg","contentUrl":"https:\/\/ninamartinelli.com.br\/blog2\/wp-content\/uploads\/2025\/06\/ANEXO-CASA-TEAR-1-redimensionada-scaled.jpg","width":2560,"height":1711},{"@type":"BreadcrumbList","@id":"https:\/\/ninamartinelli.com.br\/blog2\/conexao-e-contemplacao-espaco-multiuso-especial-com-o-rosone-luce-del-sole\/#breadcrumb","itemListElement":[{"@type":"ListItem","position":1,"name":"In\u00edcio","item":"https:\/\/ninamartinelli.com.br\/blog2\/"},{"@type":"ListItem","position":2,"name":"Conex\u00e3o e contempla\u00e7\u00e3o \u2013 espa\u00e7o multiuso especial com o Rosone Luce del Sole"}]},{"@type":"WebSite","@id":"https:\/\/ninamartinelli.com.br\/blog2\/#website","url":"https:\/\/ninamartinelli.com.br\/blog2\/","name":"Nina Martinelli","description":"#Nina_Martinelli","publisher":{"@id":"https:\/\/ninamartinelli.com.br\/blog2\/#organization"},"potentialAction":[{"@type":"SearchAction","target":{"@type":"EntryPoint","urlTemplate":"https:\/\/ninamartinelli.com.br\/blog2\/?s={search_term_string}"},"query-input":{"@type":"PropertyValueSpecification","valueRequired":true,"valueName":"search_term_string"}}],"inLanguage":"pt-BR"},{"@type":"Organization","@id":"https:\/\/ninamartinelli.com.br\/blog2\/#organization","name":"Blog Novidades","url":"https:\/\/ninamartinelli.com.br\/blog2\/","logo":{"@type":"ImageObject","inLanguage":"pt-BR","@id":"https:\/\/ninamartinelli.com.br\/blog2\/#\/schema\/logo\/image\/","url":"http:\/\/blog.ninamartinelli.com.br\/wp-content\/uploads\/2022\/03\/logo_nina_blog.png","contentUrl":"http:\/\/blog.ninamartinelli.com.br\/wp-content\/uploads\/2022\/03\/logo_nina_blog.png","width":500,"height":104,"caption":"Blog Novidades"},"image":{"@id":"https:\/\/ninamartinelli.com.br\/blog2\/#\/schema\/logo\/image\/"}},{"@type":"Person","@id":"https:\/\/ninamartinelli.com.br\/blog2\/#\/schema\/person\/43fbfb1d4cbe3b472995206b2bb06df5","name":"Ana Maria Devides","image":{"@type":"ImageObject","inLanguage":"pt-BR","@id":"https:\/\/ninamartinelli.com.br\/blog2\/#\/schema\/person\/image\/","url":"https:\/\/secure.gravatar.com\/avatar\/a03a82675d8bb3da8e5c5a6872db97be?s=96&d=mm&r=g","contentUrl":"https:\/\/secure.gravatar.com\/avatar\/a03a82675d8bb3da8e5c5a6872db97be?s=96&d=mm&r=g","caption":"Ana Maria Devides"},"url":"https:\/\/ninamartinelli.com.br\/blog2\/author\/assessoria-nina-martinelli\/"}]}},"_links":{"self":[{"href":"https:\/\/ninamartinelli.com.br\/blog2\/wp-json\/wp\/v2\/posts\/2811","targetHints":{"allow":["GET"]}}],"collection":[{"href":"https:\/\/ninamartinelli.com.br\/blog2\/wp-json\/wp\/v2\/posts"}],"about":[{"href":"https:\/\/ninamartinelli.com.br\/blog2\/wp-json\/wp\/v2\/types\/post"}],"author":[{"embeddable":true,"href":"https:\/\/ninamartinelli.com.br\/blog2\/wp-json\/wp\/v2\/users\/2"}],"replies":[{"embeddable":true,"href":"https:\/\/ninamartinelli.com.br\/blog2\/wp-json\/wp\/v2\/comments?post=2811"}],"version-history":[{"count":2,"href":"https:\/\/ninamartinelli.com.br\/blog2\/wp-json\/wp\/v2\/posts\/2811\/revisions"}],"predecessor-version":[{"id":2816,"href":"https:\/\/ninamartinelli.com.br\/blog2\/wp-json\/wp\/v2\/posts\/2811\/revisions\/2816"}],"wp:featuredmedia":[{"embeddable":true,"href":"https:\/\/ninamartinelli.com.br\/blog2\/wp-json\/wp\/v2\/media\/2812"}],"wp:attachment":[{"href":"https:\/\/ninamartinelli.com.br\/blog2\/wp-json\/wp\/v2\/media?parent=2811"}],"wp:term":[{"taxonomy":"category","embeddable":true,"href":"https:\/\/ninamartinelli.com.br\/blog2\/wp-json\/wp\/v2\/categories?post=2811"},{"taxonomy":"post_tag","embeddable":true,"href":"https:\/\/ninamartinelli.com.br\/blog2\/wp-json\/wp\/v2\/tags?post=2811"}],"curies":[{"name":"wp","href":"https:\/\/api.w.org\/{rel}","templated":true}]}}