{"id":2805,"date":"2025-06-18T08:20:55","date_gmt":"2025-06-18T11:20:55","guid":{"rendered":"https:\/\/ninamartinelli.com.br\/blog2\/?p=2805"},"modified":"2025-06-18T08:20:55","modified_gmt":"2025-06-18T11:20:55","slug":"casa-azul-lar-com-alma-brasileira-afeto-e-a-beleza-natural-da-ceramica-linea-pietra","status":"publish","type":"post","link":"https:\/\/ninamartinelli.com.br\/blog2\/casa-azul-lar-com-alma-brasileira-afeto-e-a-beleza-natural-da-ceramica-linea-pietra\/","title":{"rendered":"Casa Azul: lar com alma brasileira, afeto e a beleza natural da cer\u00e2mica Linea Pietra"},"content":{"rendered":"<p>Casa Azul \u2013 No charmoso bairro de Pinheiros, em S\u00e3o Paulo, pulsa uma casa que respira arte, vida e afetos. Um ref\u00fagio urbano onde a mat\u00e9ria-prima n\u00e3o \u00e9 apenas a madeira ou o tijolo, mas tamb\u00e9m a mem\u00f3ria, a imperfei\u00e7\u00e3o e o amor.<\/p>\n<p>A Casa Azul, projeto delicadamente assinado pela designer \u00c9rica Gon\u00e7alves e sua talentosa equipe da <a href=\"https:\/\/www.instagram.com\/volarinteriores\/\">Volar Interiores<\/a>, acolhe uma fam\u00edlia com uma hist\u00f3ria t\u00e3o singular quanto inspiradora: Uma artista pl\u00e1stica e diretora criativa; um, psiquiatra; e o filhinho, nos seus ador\u00e1veis quatro anos, que faz da casa um verdadeiro palco de descobertas e brincadeiras.<\/p>\n<p>Desde o in\u00edcio, o desejo da fam\u00edlia era claro: um lar que n\u00e3o se curvasse ao engessamento dos padr\u00f5es, mas que celebrasse a naturalidade, as texturas e, principalmente, a beleza da imperfei\u00e7\u00e3o.<\/p>\n<p>Assim como na vida, onde os pequenos desalinhamentos criam ritmos inesperados e ricos, cada escolha no projeto foi feita para valorizar o espont\u00e2neo, o verdadeiro, o org\u00e2nico.<\/p>\n<p>Nesse contexto, a cer\u00e2mica <a href=\"https:\/\/ninamartinelli.com.br\/produtos\/linea-pietra-paglia\/\">Linea Pietra tom Paglia<\/a> 5,2x24cm, da Nina Martinelli, se encaixou como um fio condutor essencial da narrativa. Mais do que um revestimento, ela se tornou uma extens\u00e3o da pr\u00f3pria alma da casa, materializando o conceito de afeto, acolhimento e brasilidade.<\/p>\n<p>O modelo confere aos ambientes aquele charme dos terra\u00e7os, quintais e varandas de antigamente, mas com a modernidade dos espa\u00e7os acolhedores, r\u00fasticos e marcantes. A famosa \u201clajotinha\u201d da Nina Martinelli, os pisos Linea Pietra s\u00e3o feitos em cer\u00e2mica, conjugando beleza, versatilidade e resist\u00eancia. Podem ser usados em \u00e1reas internas ou externas, s\u00e3o disponibilizados em v\u00e1rias dimens\u00f5es: 5,2\u00d75,2cm\u2013 11,5\u00d711,5cm \u2013 24\u00d724cm \u2013 11,5\u00d724cm \u2013 5,2\u00d711,5cm \u2013 5,2\u00d724cm, este \u00faltimo, o escolhido para esse projeto incr\u00edvel.<\/p>\n<p>A escolha pela pagina\u00e7\u00e3o em junta seca, com pequenos relevos e desalinhamentos propositais, revela uma profunda compreens\u00e3o de que a est\u00e9tica n\u00e3o precisa \u2013 nem deve \u2013 ser perfeita para ser absolutamente encantadora.<\/p>\n<p><img loading=\"lazy\" decoding=\"async\" class=\"alignnone  wp-image-2807\" src=\"https:\/\/ninamartinelli.com.br\/blog2\/wp-content\/uploads\/2025\/06\/casa-azul-1-225x300.jpeg\" alt=\"\" width=\"296\" height=\"395\" srcset=\"https:\/\/ninamartinelli.com.br\/blog2\/wp-content\/uploads\/2025\/06\/casa-azul-1-225x300.jpeg 225w, https:\/\/ninamartinelli.com.br\/blog2\/wp-content\/uploads\/2025\/06\/casa-azul-1-768x1024.jpeg 768w, https:\/\/ninamartinelli.com.br\/blog2\/wp-content\/uploads\/2025\/06\/casa-azul-1.jpeg 960w\" sizes=\"auto, (max-width: 296px) 100vw, 296px\" \/>\u00a0 \u00a0 \u00a0 <img loading=\"lazy\" decoding=\"async\" class=\"alignnone  wp-image-2808\" src=\"https:\/\/ninamartinelli.com.br\/blog2\/wp-content\/uploads\/2025\/06\/casa-azul-2-225x300.jpeg\" alt=\"\" width=\"292\" height=\"389\" srcset=\"https:\/\/ninamartinelli.com.br\/blog2\/wp-content\/uploads\/2025\/06\/casa-azul-2-225x300.jpeg 225w, https:\/\/ninamartinelli.com.br\/blog2\/wp-content\/uploads\/2025\/06\/casa-azul-2-768x1024.jpeg 768w, https:\/\/ninamartinelli.com.br\/blog2\/wp-content\/uploads\/2025\/06\/casa-azul-2.jpeg 960w\" sizes=\"auto, (max-width: 292px) 100vw, 292px\" \/><\/p>\n<p>&nbsp;<\/p>\n<p>&nbsp;<\/p>\n<p>&nbsp;<\/p>\n<p><img loading=\"lazy\" decoding=\"async\" class=\"alignnone  wp-image-2809\" src=\"https:\/\/ninamartinelli.com.br\/blog2\/wp-content\/uploads\/2025\/06\/casa-azul-4-230x300.jpeg\" alt=\"\" width=\"296\" height=\"386\" srcset=\"https:\/\/ninamartinelli.com.br\/blog2\/wp-content\/uploads\/2025\/06\/casa-azul-4-230x300.jpeg 230w, https:\/\/ninamartinelli.com.br\/blog2\/wp-content\/uploads\/2025\/06\/casa-azul-4-786x1024.jpeg 786w, https:\/\/ninamartinelli.com.br\/blog2\/wp-content\/uploads\/2025\/06\/casa-azul-4-768x1001.jpeg 768w, https:\/\/ninamartinelli.com.br\/blog2\/wp-content\/uploads\/2025\/06\/casa-azul-4.jpeg 982w\" sizes=\"auto, (max-width: 296px) 100vw, 296px\" \/><\/p>\n<p>A Linea Pietra Paglia trouxe para a Casa Azul aquele charme dos quintais e terra\u00e7os de antigamente, evocando mem\u00f3rias afetivas e criando uma ponte sensorial entre o passado e o presente.<\/p>\n<p>Feita em cer\u00e2mica natural, conjugando beleza, versatilidade e resist\u00eancia, essa pe\u00e7a se encaixou com maestria na proposta: um lar que abriga e celebra a vida, em todas as suas nuances.<\/p>\n<p>O tom Paglia, quente e terroso, abra\u00e7ou os ambientes com suavidade, evocando a for\u00e7a da terra e criando uma base s\u00f3lida para o azul vibrante que batiza e permeia a casa.<\/p>\n<p>\u00c9 a verdade da argila, com sua textura quase viva, que conecta os espa\u00e7os e valoriza cada detalhe \u2014 uma escolha que reverbera o esp\u00edrito da fam\u00edlia e, tamb\u00e9m, a sensibilidade \u00edmpar da profissional que assina o projeto.<\/p>\n<p>A Casa Azul n\u00e3o \u00e9 apenas um espa\u00e7o habitado; \u00e9 um espa\u00e7o para ser vivido. \u00c9rica Gon\u00e7alves, sempre movida pela eleg\u00e2ncia discreta e pela busca da harmonia entre forma, fun\u00e7\u00e3o e emo\u00e7\u00e3o, conduziu o projeto com a leveza de quem sabe que a arquitetura \u00e9, acima de tudo, uma moldura para a vida.<\/p>\n<p>A equipe da Volar Interiores traduziu com primor esse lar que pulsa em cada canto, com acabamentos naturais, linhas org\u00e2nicas e texturas que provocam os sentidos.<\/p>\n<p>Na pr\u00f3pria equipe Volar Interiores, nasceram palavras po\u00e9ticas sobre a Casa Azul:<\/p>\n<p><em>&#8220;Bagagem de uma vida e f\u00f4lego do que h\u00e1 por vir<br \/>\nDos encontros mais inusitados, nascem os maiores prop\u00f3sitos&#8230;<br \/>\ndos sonhos mais mirabolantes, se concretizam grandes projetos<br \/>\nE a for\u00e7a do amor e do acreditar, que floresce e norteia a constru\u00e7\u00e3o<br \/>\nCom toda a for\u00e7a do azul, da verdade da terra materializada pelo tijolo<br \/>\ne da mem\u00f3ria registrada em cada canto.&#8221;<\/em><\/p>\n<p>O resultado final \u00e9 emocionante. Para quem concebeu o projeto e para quem agora vive nele, h\u00e1 uma certeza compartilhada: a casa \u00e9 muito mais do que paredes, pisos e revestimentos. \u00c9 um organismo vivo, uma celebra\u00e7\u00e3o da intimidade, do acolhimento e da beleza que s\u00f3 o afeto pode construir.<\/p>\n<p><strong>Servi\u00e7o:<\/strong><\/p>\n<p><strong>Casa Azul, Pinheiros \u2013 S\u00e3o Paulo, capital<\/strong><\/p>\n<p><strong>Produto <\/strong>&#8211; Cer\u00e2mica Linea Pietra Paglia 5,2x24cm<\/p>\n<p><strong>Projeto:<\/strong> \u00c9rica Gon\u00e7alves e equipe Volar Interiores<\/p>\n<p><strong>Instagram:<\/strong> @volarinteriores<\/p>\n<p><strong>Imagens:<\/strong> @serei.a.folha<\/p>\n<p><strong>Poema sobre o projeto:<\/strong> Shirlei Vieira<\/p>\n<p>&nbsp;<\/p>\n","protected":false},"excerpt":{"rendered":"<p>Casa Azul \u2013 No charmoso bairro de Pinheiros, em S\u00e3o Paulo, pulsa uma casa que<\/p>\n","protected":false},"author":2,"featured_media":2806,"comment_status":"open","ping_status":"open","sticky":false,"template":"","format":"standard","meta":{"footnotes":""},"categories":[59,1,129],"tags":[45,168,131],"class_list":["post-2805","post","type-post","status-publish","format-standard","has-post-thumbnail","hentry","category-ceramica","category-nina-martinelli","category-sustentabilidade","tag-ceramica","tag-producao-artesanal","tag-sustentabilidade"],"yoast_head":"<!-- This site is optimized with the Yoast SEO plugin v26.8 - https:\/\/yoast.com\/product\/yoast-seo-wordpress\/ -->\n<title>Casa Azul: lar com alma brasileira, afeto e a beleza natural da cer\u00e2mica Linea Pietra<\/title>\n<meta name=\"description\" content=\"Casa Azul, mais um trabalho primoroso da equipe da Volar Interiores com a naturalidade e a brasilidade da cer\u00e2mica Linea Pietra Paglia\" \/>\n<meta name=\"robots\" content=\"index, follow, max-snippet:-1, max-image-preview:large, max-video-preview:-1\" \/>\n<link rel=\"canonical\" href=\"https:\/\/ninamartinelli.com.br\/blog2\/casa-azul-lar-com-alma-brasileira-afeto-e-a-beleza-natural-da-ceramica-linea-pietra\/\" \/>\n<meta property=\"og:locale\" content=\"pt_BR\" \/>\n<meta property=\"og:type\" content=\"article\" \/>\n<meta property=\"og:title\" content=\"Casa Azul: lar com alma brasileira, afeto e a beleza natural da cer\u00e2mica Linea Pietra\" \/>\n<meta property=\"og:description\" content=\"Casa Azul, mais um trabalho primoroso da equipe da Volar Interiores com a naturalidade e a brasilidade da cer\u00e2mica Linea Pietra Paglia\" \/>\n<meta property=\"og:url\" content=\"https:\/\/ninamartinelli.com.br\/blog2\/casa-azul-lar-com-alma-brasileira-afeto-e-a-beleza-natural-da-ceramica-linea-pietra\/\" \/>\n<meta property=\"og:site_name\" content=\"Blog Nina\" \/>\n<meta property=\"article:published_time\" content=\"2025-06-18T11:20:55+00:00\" \/>\n<meta property=\"og:image\" content=\"https:\/\/ninamartinelli.com.br\/blog2\/wp-content\/uploads\/2025\/06\/casa-azul-3.jpeg\" \/>\n\t<meta property=\"og:image:width\" content=\"960\" \/>\n\t<meta property=\"og:image:height\" content=\"1280\" \/>\n\t<meta property=\"og:image:type\" content=\"image\/jpeg\" \/>\n<meta name=\"author\" content=\"Ana Maria Devides\" \/>\n<meta name=\"twitter:card\" content=\"summary_large_image\" \/>\n<meta name=\"twitter:label1\" content=\"Escrito por\" \/>\n\t<meta name=\"twitter:data1\" content=\"Ana Maria Devides\" \/>\n\t<meta name=\"twitter:label2\" content=\"Est. tempo de leitura\" \/>\n\t<meta name=\"twitter:data2\" content=\"5 minutos\" \/>\n<script type=\"application\/ld+json\" class=\"yoast-schema-graph\">{\"@context\":\"https:\/\/schema.org\",\"@graph\":[{\"@type\":\"Article\",\"@id\":\"https:\/\/ninamartinelli.com.br\/blog2\/casa-azul-lar-com-alma-brasileira-afeto-e-a-beleza-natural-da-ceramica-linea-pietra\/#article\",\"isPartOf\":{\"@id\":\"https:\/\/ninamartinelli.com.br\/blog2\/casa-azul-lar-com-alma-brasileira-afeto-e-a-beleza-natural-da-ceramica-linea-pietra\/\"},\"author\":{\"name\":\"Ana Maria Devides\",\"@id\":\"https:\/\/ninamartinelli.com.br\/blog2\/#\/schema\/person\/43fbfb1d4cbe3b472995206b2bb06df5\"},\"headline\":\"Casa Azul: lar com alma brasileira, afeto e a beleza natural da cer\u00e2mica Linea Pietra\",\"datePublished\":\"2025-06-18T11:20:55+00:00\",\"mainEntityOfPage\":{\"@id\":\"https:\/\/ninamartinelli.com.br\/blog2\/casa-azul-lar-com-alma-brasileira-afeto-e-a-beleza-natural-da-ceramica-linea-pietra\/\"},\"wordCount\":748,\"commentCount\":0,\"publisher\":{\"@id\":\"https:\/\/ninamartinelli.com.br\/blog2\/#organization\"},\"image\":{\"@id\":\"https:\/\/ninamartinelli.com.br\/blog2\/casa-azul-lar-com-alma-brasileira-afeto-e-a-beleza-natural-da-ceramica-linea-pietra\/#primaryimage\"},\"thumbnailUrl\":\"https:\/\/ninamartinelli.com.br\/blog2\/wp-content\/uploads\/2025\/06\/casa-azul-3.jpeg\",\"keywords\":[\"ceramica\",\"produ\u00e7\u00e3o artesanal\",\"Sustentabilidade\"],\"articleSection\":[\"Cer\u00e2mica\",\"Nina Martinelli\",\"Sustentabilidade\"],\"inLanguage\":\"pt-BR\",\"potentialAction\":[{\"@type\":\"CommentAction\",\"name\":\"Comment\",\"target\":[\"https:\/\/ninamartinelli.com.br\/blog2\/casa-azul-lar-com-alma-brasileira-afeto-e-a-beleza-natural-da-ceramica-linea-pietra\/#respond\"]}]},{\"@type\":\"WebPage\",\"@id\":\"https:\/\/ninamartinelli.com.br\/blog2\/casa-azul-lar-com-alma-brasileira-afeto-e-a-beleza-natural-da-ceramica-linea-pietra\/\",\"url\":\"https:\/\/ninamartinelli.com.br\/blog2\/casa-azul-lar-com-alma-brasileira-afeto-e-a-beleza-natural-da-ceramica-linea-pietra\/\",\"name\":\"Casa Azul: lar com alma brasileira, afeto e a beleza natural da cer\u00e2mica Linea Pietra\",\"isPartOf\":{\"@id\":\"https:\/\/ninamartinelli.com.br\/blog2\/#website\"},\"primaryImageOfPage\":{\"@id\":\"https:\/\/ninamartinelli.com.br\/blog2\/casa-azul-lar-com-alma-brasileira-afeto-e-a-beleza-natural-da-ceramica-linea-pietra\/#primaryimage\"},\"image\":{\"@id\":\"https:\/\/ninamartinelli.com.br\/blog2\/casa-azul-lar-com-alma-brasileira-afeto-e-a-beleza-natural-da-ceramica-linea-pietra\/#primaryimage\"},\"thumbnailUrl\":\"https:\/\/ninamartinelli.com.br\/blog2\/wp-content\/uploads\/2025\/06\/casa-azul-3.jpeg\",\"datePublished\":\"2025-06-18T11:20:55+00:00\",\"description\":\"Casa Azul, mais um trabalho primoroso da equipe da Volar Interiores com a naturalidade e a brasilidade da cer\u00e2mica Linea Pietra Paglia\",\"breadcrumb\":{\"@id\":\"https:\/\/ninamartinelli.com.br\/blog2\/casa-azul-lar-com-alma-brasileira-afeto-e-a-beleza-natural-da-ceramica-linea-pietra\/#breadcrumb\"},\"inLanguage\":\"pt-BR\",\"potentialAction\":[{\"@type\":\"ReadAction\",\"target\":[\"https:\/\/ninamartinelli.com.br\/blog2\/casa-azul-lar-com-alma-brasileira-afeto-e-a-beleza-natural-da-ceramica-linea-pietra\/\"]}]},{\"@type\":\"ImageObject\",\"inLanguage\":\"pt-BR\",\"@id\":\"https:\/\/ninamartinelli.com.br\/blog2\/casa-azul-lar-com-alma-brasileira-afeto-e-a-beleza-natural-da-ceramica-linea-pietra\/#primaryimage\",\"url\":\"https:\/\/ninamartinelli.com.br\/blog2\/wp-content\/uploads\/2025\/06\/casa-azul-3.jpeg\",\"contentUrl\":\"https:\/\/ninamartinelli.com.br\/blog2\/wp-content\/uploads\/2025\/06\/casa-azul-3.jpeg\",\"width\":960,\"height\":1280},{\"@type\":\"BreadcrumbList\",\"@id\":\"https:\/\/ninamartinelli.com.br\/blog2\/casa-azul-lar-com-alma-brasileira-afeto-e-a-beleza-natural-da-ceramica-linea-pietra\/#breadcrumb\",\"itemListElement\":[{\"@type\":\"ListItem\",\"position\":1,\"name\":\"In\u00edcio\",\"item\":\"https:\/\/ninamartinelli.com.br\/blog2\/\"},{\"@type\":\"ListItem\",\"position\":2,\"name\":\"Casa Azul: lar com alma brasileira, afeto e a beleza natural da cer\u00e2mica Linea Pietra\"}]},{\"@type\":\"WebSite\",\"@id\":\"https:\/\/ninamartinelli.com.br\/blog2\/#website\",\"url\":\"https:\/\/ninamartinelli.com.br\/blog2\/\",\"name\":\"Nina Martinelli\",\"description\":\"#Nina_Martinelli\",\"publisher\":{\"@id\":\"https:\/\/ninamartinelli.com.br\/blog2\/#organization\"},\"potentialAction\":[{\"@type\":\"SearchAction\",\"target\":{\"@type\":\"EntryPoint\",\"urlTemplate\":\"https:\/\/ninamartinelli.com.br\/blog2\/?s={search_term_string}\"},\"query-input\":{\"@type\":\"PropertyValueSpecification\",\"valueRequired\":true,\"valueName\":\"search_term_string\"}}],\"inLanguage\":\"pt-BR\"},{\"@type\":\"Organization\",\"@id\":\"https:\/\/ninamartinelli.com.br\/blog2\/#organization\",\"name\":\"Blog Novidades\",\"url\":\"https:\/\/ninamartinelli.com.br\/blog2\/\",\"logo\":{\"@type\":\"ImageObject\",\"inLanguage\":\"pt-BR\",\"@id\":\"https:\/\/ninamartinelli.com.br\/blog2\/#\/schema\/logo\/image\/\",\"url\":\"http:\/\/blog.ninamartinelli.com.br\/wp-content\/uploads\/2022\/03\/logo_nina_blog.png\",\"contentUrl\":\"http:\/\/blog.ninamartinelli.com.br\/wp-content\/uploads\/2022\/03\/logo_nina_blog.png\",\"width\":500,\"height\":104,\"caption\":\"Blog Novidades\"},\"image\":{\"@id\":\"https:\/\/ninamartinelli.com.br\/blog2\/#\/schema\/logo\/image\/\"}},{\"@type\":\"Person\",\"@id\":\"https:\/\/ninamartinelli.com.br\/blog2\/#\/schema\/person\/43fbfb1d4cbe3b472995206b2bb06df5\",\"name\":\"Ana Maria Devides\",\"image\":{\"@type\":\"ImageObject\",\"inLanguage\":\"pt-BR\",\"@id\":\"https:\/\/ninamartinelli.com.br\/blog2\/#\/schema\/person\/image\/\",\"url\":\"https:\/\/secure.gravatar.com\/avatar\/a03a82675d8bb3da8e5c5a6872db97be?s=96&d=mm&r=g\",\"contentUrl\":\"https:\/\/secure.gravatar.com\/avatar\/a03a82675d8bb3da8e5c5a6872db97be?s=96&d=mm&r=g\",\"caption\":\"Ana Maria Devides\"},\"url\":\"https:\/\/ninamartinelli.com.br\/blog2\/author\/assessoria-nina-martinelli\/\"}]}<\/script>\n<!-- \/ Yoast SEO plugin. -->","yoast_head_json":{"title":"Casa Azul: lar com alma brasileira, afeto e a beleza natural da cer\u00e2mica Linea Pietra","description":"Casa Azul, mais um trabalho primoroso da equipe da Volar Interiores com a naturalidade e a brasilidade da cer\u00e2mica Linea Pietra Paglia","robots":{"index":"index","follow":"follow","max-snippet":"max-snippet:-1","max-image-preview":"max-image-preview:large","max-video-preview":"max-video-preview:-1"},"canonical":"https:\/\/ninamartinelli.com.br\/blog2\/casa-azul-lar-com-alma-brasileira-afeto-e-a-beleza-natural-da-ceramica-linea-pietra\/","og_locale":"pt_BR","og_type":"article","og_title":"Casa Azul: lar com alma brasileira, afeto e a beleza natural da cer\u00e2mica Linea Pietra","og_description":"Casa Azul, mais um trabalho primoroso da equipe da Volar Interiores com a naturalidade e a brasilidade da cer\u00e2mica Linea Pietra Paglia","og_url":"https:\/\/ninamartinelli.com.br\/blog2\/casa-azul-lar-com-alma-brasileira-afeto-e-a-beleza-natural-da-ceramica-linea-pietra\/","og_site_name":"Blog Nina","article_published_time":"2025-06-18T11:20:55+00:00","og_image":[{"width":960,"height":1280,"url":"https:\/\/ninamartinelli.com.br\/blog2\/wp-content\/uploads\/2025\/06\/casa-azul-3.jpeg","type":"image\/jpeg"}],"author":"Ana Maria Devides","twitter_card":"summary_large_image","twitter_misc":{"Escrito por":"Ana Maria Devides","Est. tempo de leitura":"5 minutos"},"schema":{"@context":"https:\/\/schema.org","@graph":[{"@type":"Article","@id":"https:\/\/ninamartinelli.com.br\/blog2\/casa-azul-lar-com-alma-brasileira-afeto-e-a-beleza-natural-da-ceramica-linea-pietra\/#article","isPartOf":{"@id":"https:\/\/ninamartinelli.com.br\/blog2\/casa-azul-lar-com-alma-brasileira-afeto-e-a-beleza-natural-da-ceramica-linea-pietra\/"},"author":{"name":"Ana Maria Devides","@id":"https:\/\/ninamartinelli.com.br\/blog2\/#\/schema\/person\/43fbfb1d4cbe3b472995206b2bb06df5"},"headline":"Casa Azul: lar com alma brasileira, afeto e a beleza natural da cer\u00e2mica Linea Pietra","datePublished":"2025-06-18T11:20:55+00:00","mainEntityOfPage":{"@id":"https:\/\/ninamartinelli.com.br\/blog2\/casa-azul-lar-com-alma-brasileira-afeto-e-a-beleza-natural-da-ceramica-linea-pietra\/"},"wordCount":748,"commentCount":0,"publisher":{"@id":"https:\/\/ninamartinelli.com.br\/blog2\/#organization"},"image":{"@id":"https:\/\/ninamartinelli.com.br\/blog2\/casa-azul-lar-com-alma-brasileira-afeto-e-a-beleza-natural-da-ceramica-linea-pietra\/#primaryimage"},"thumbnailUrl":"https:\/\/ninamartinelli.com.br\/blog2\/wp-content\/uploads\/2025\/06\/casa-azul-3.jpeg","keywords":["ceramica","produ\u00e7\u00e3o artesanal","Sustentabilidade"],"articleSection":["Cer\u00e2mica","Nina Martinelli","Sustentabilidade"],"inLanguage":"pt-BR","potentialAction":[{"@type":"CommentAction","name":"Comment","target":["https:\/\/ninamartinelli.com.br\/blog2\/casa-azul-lar-com-alma-brasileira-afeto-e-a-beleza-natural-da-ceramica-linea-pietra\/#respond"]}]},{"@type":"WebPage","@id":"https:\/\/ninamartinelli.com.br\/blog2\/casa-azul-lar-com-alma-brasileira-afeto-e-a-beleza-natural-da-ceramica-linea-pietra\/","url":"https:\/\/ninamartinelli.com.br\/blog2\/casa-azul-lar-com-alma-brasileira-afeto-e-a-beleza-natural-da-ceramica-linea-pietra\/","name":"Casa Azul: lar com alma brasileira, afeto e a beleza natural da cer\u00e2mica Linea Pietra","isPartOf":{"@id":"https:\/\/ninamartinelli.com.br\/blog2\/#website"},"primaryImageOfPage":{"@id":"https:\/\/ninamartinelli.com.br\/blog2\/casa-azul-lar-com-alma-brasileira-afeto-e-a-beleza-natural-da-ceramica-linea-pietra\/#primaryimage"},"image":{"@id":"https:\/\/ninamartinelli.com.br\/blog2\/casa-azul-lar-com-alma-brasileira-afeto-e-a-beleza-natural-da-ceramica-linea-pietra\/#primaryimage"},"thumbnailUrl":"https:\/\/ninamartinelli.com.br\/blog2\/wp-content\/uploads\/2025\/06\/casa-azul-3.jpeg","datePublished":"2025-06-18T11:20:55+00:00","description":"Casa Azul, mais um trabalho primoroso da equipe da Volar Interiores com a naturalidade e a brasilidade da cer\u00e2mica Linea Pietra Paglia","breadcrumb":{"@id":"https:\/\/ninamartinelli.com.br\/blog2\/casa-azul-lar-com-alma-brasileira-afeto-e-a-beleza-natural-da-ceramica-linea-pietra\/#breadcrumb"},"inLanguage":"pt-BR","potentialAction":[{"@type":"ReadAction","target":["https:\/\/ninamartinelli.com.br\/blog2\/casa-azul-lar-com-alma-brasileira-afeto-e-a-beleza-natural-da-ceramica-linea-pietra\/"]}]},{"@type":"ImageObject","inLanguage":"pt-BR","@id":"https:\/\/ninamartinelli.com.br\/blog2\/casa-azul-lar-com-alma-brasileira-afeto-e-a-beleza-natural-da-ceramica-linea-pietra\/#primaryimage","url":"https:\/\/ninamartinelli.com.br\/blog2\/wp-content\/uploads\/2025\/06\/casa-azul-3.jpeg","contentUrl":"https:\/\/ninamartinelli.com.br\/blog2\/wp-content\/uploads\/2025\/06\/casa-azul-3.jpeg","width":960,"height":1280},{"@type":"BreadcrumbList","@id":"https:\/\/ninamartinelli.com.br\/blog2\/casa-azul-lar-com-alma-brasileira-afeto-e-a-beleza-natural-da-ceramica-linea-pietra\/#breadcrumb","itemListElement":[{"@type":"ListItem","position":1,"name":"In\u00edcio","item":"https:\/\/ninamartinelli.com.br\/blog2\/"},{"@type":"ListItem","position":2,"name":"Casa Azul: lar com alma brasileira, afeto e a beleza natural da cer\u00e2mica Linea Pietra"}]},{"@type":"WebSite","@id":"https:\/\/ninamartinelli.com.br\/blog2\/#website","url":"https:\/\/ninamartinelli.com.br\/blog2\/","name":"Nina Martinelli","description":"#Nina_Martinelli","publisher":{"@id":"https:\/\/ninamartinelli.com.br\/blog2\/#organization"},"potentialAction":[{"@type":"SearchAction","target":{"@type":"EntryPoint","urlTemplate":"https:\/\/ninamartinelli.com.br\/blog2\/?s={search_term_string}"},"query-input":{"@type":"PropertyValueSpecification","valueRequired":true,"valueName":"search_term_string"}}],"inLanguage":"pt-BR"},{"@type":"Organization","@id":"https:\/\/ninamartinelli.com.br\/blog2\/#organization","name":"Blog Novidades","url":"https:\/\/ninamartinelli.com.br\/blog2\/","logo":{"@type":"ImageObject","inLanguage":"pt-BR","@id":"https:\/\/ninamartinelli.com.br\/blog2\/#\/schema\/logo\/image\/","url":"http:\/\/blog.ninamartinelli.com.br\/wp-content\/uploads\/2022\/03\/logo_nina_blog.png","contentUrl":"http:\/\/blog.ninamartinelli.com.br\/wp-content\/uploads\/2022\/03\/logo_nina_blog.png","width":500,"height":104,"caption":"Blog Novidades"},"image":{"@id":"https:\/\/ninamartinelli.com.br\/blog2\/#\/schema\/logo\/image\/"}},{"@type":"Person","@id":"https:\/\/ninamartinelli.com.br\/blog2\/#\/schema\/person\/43fbfb1d4cbe3b472995206b2bb06df5","name":"Ana Maria Devides","image":{"@type":"ImageObject","inLanguage":"pt-BR","@id":"https:\/\/ninamartinelli.com.br\/blog2\/#\/schema\/person\/image\/","url":"https:\/\/secure.gravatar.com\/avatar\/a03a82675d8bb3da8e5c5a6872db97be?s=96&d=mm&r=g","contentUrl":"https:\/\/secure.gravatar.com\/avatar\/a03a82675d8bb3da8e5c5a6872db97be?s=96&d=mm&r=g","caption":"Ana Maria Devides"},"url":"https:\/\/ninamartinelli.com.br\/blog2\/author\/assessoria-nina-martinelli\/"}]}},"_links":{"self":[{"href":"https:\/\/ninamartinelli.com.br\/blog2\/wp-json\/wp\/v2\/posts\/2805","targetHints":{"allow":["GET"]}}],"collection":[{"href":"https:\/\/ninamartinelli.com.br\/blog2\/wp-json\/wp\/v2\/posts"}],"about":[{"href":"https:\/\/ninamartinelli.com.br\/blog2\/wp-json\/wp\/v2\/types\/post"}],"author":[{"embeddable":true,"href":"https:\/\/ninamartinelli.com.br\/blog2\/wp-json\/wp\/v2\/users\/2"}],"replies":[{"embeddable":true,"href":"https:\/\/ninamartinelli.com.br\/blog2\/wp-json\/wp\/v2\/comments?post=2805"}],"version-history":[{"count":1,"href":"https:\/\/ninamartinelli.com.br\/blog2\/wp-json\/wp\/v2\/posts\/2805\/revisions"}],"predecessor-version":[{"id":2810,"href":"https:\/\/ninamartinelli.com.br\/blog2\/wp-json\/wp\/v2\/posts\/2805\/revisions\/2810"}],"wp:featuredmedia":[{"embeddable":true,"href":"https:\/\/ninamartinelli.com.br\/blog2\/wp-json\/wp\/v2\/media\/2806"}],"wp:attachment":[{"href":"https:\/\/ninamartinelli.com.br\/blog2\/wp-json\/wp\/v2\/media?parent=2805"}],"wp:term":[{"taxonomy":"category","embeddable":true,"href":"https:\/\/ninamartinelli.com.br\/blog2\/wp-json\/wp\/v2\/categories?post=2805"},{"taxonomy":"post_tag","embeddable":true,"href":"https:\/\/ninamartinelli.com.br\/blog2\/wp-json\/wp\/v2\/tags?post=2805"}],"curies":[{"name":"wp","href":"https:\/\/api.w.org\/{rel}","templated":true}]}}