{"id":2799,"date":"2025-06-11T09:24:34","date_gmt":"2025-06-11T12:24:34","guid":{"rendered":"https:\/\/ninamartinelli.com.br\/blog2\/?p=2799"},"modified":"2025-06-11T09:24:34","modified_gmt":"2025-06-11T12:24:34","slug":"casacor-goias-2025-quadratto-vecchio-allineato-terracota-no-refugio-da-vindima-poesia-sensorial","status":"publish","type":"post","link":"https:\/\/ninamartinelli.com.br\/blog2\/casacor-goias-2025-quadratto-vecchio-allineato-terracota-no-refugio-da-vindima-poesia-sensorial\/","title":{"rendered":"CASACOR GOI\u00c1S 2025 \u2013 Quadratto Vecchio Allineato Terracota no Ref\u00fagio da Vindima, poesia sensorial"},"content":{"rendered":"<p>CASACOR GOI\u00c1S 2025 \u2013 Poesia sensorial: \u00e9 essa a ess\u00eancia que define o Ref\u00fagio da Vindima, um dos espa\u00e7os mais envolventes da <a href=\"https:\/\/casacor.abril.com.br\/pt-BR\/mostras\/goias-2025\">CASACOR GOI\u00c1S 2025<\/a>. Em meio aos 3.500 metros quadrados da mostra, esse ambiente de 47m\u00b2 assinado pelos talentosos arquitetos Natiara Reis e Paulo Reis, do <a href=\"https:\/\/www.instagram.com\/studioreisarq\/?hl=en\">Studio Reis Arquitetura<\/a>, se destaca como um verdadeiro santu\u00e1rio da experi\u00eancia e do afeto.<\/p>\n<p>Para dar corpo e alma a essa proposta, a escolha do revestimento n\u00e3o poderia ser outra: o <a href=\"https:\/\/ninamartinelli.com.br\/produtos\/quadratto-vecchio-allineato-terracota\/\">Quadratto Vecchio Allineato Terracota<\/a>, da Nina Martinelli Pisos e Revestimentos.<\/p>\n<p>Com suas pe\u00e7as de 7&#215;7 cm, agrupadas em elegantes placas de 28&#215;28 cm, o Quadratto Vecchio Allineato Terracota \u00e9 uma cer\u00e2mica natural produzida uma a uma, com respeito absoluto \u00e0 sustentabilidade. Pode ser aplicada em ambientes internos ou externos.<\/p>\n<p>Feito a partir de material reciclado e com reaproveitamento inteligente de recursos naturais, esse revestimento traduz, em cada toque, o equil\u00edbrio entre a suavidade e a for\u00e7a, a naturalidade e a autenticidade. Um produto que, como um bom vinho, carrega em si a mem\u00f3ria da terra e a habilidade artesanal de quem o cria.<\/p>\n<p>O Ref\u00fagio da Vindima nasce sob o tema &#8220;Semear Sonhos&#8221;, uma ode ao despertar de emo\u00e7\u00f5es, \u00e0 conex\u00e3o entre pessoas e \u00e0 celebra\u00e7\u00e3o das mem\u00f3rias atrav\u00e9s do design e dos materiais naturais. Inspirado pela cultura do vinho e pelos terroirs \u2014 aquelas combina\u00e7\u00f5es \u00fanicas de solo e clima que definem a alma de cada r\u00f3tulo \u2014, o ambiente prop\u00f5e uma experi\u00eancia na qual a est\u00e9tica e o significado se entrela\u00e7am, assim como as ra\u00edzes profundas de uma vinha que sustenta e alimenta o que h\u00e1 de mais precioso: o tempo e a hist\u00f3ria.<\/p>\n<p>\u00c9 nesse contexto que o Quadratto Vecchio Allineato Terracota encontra seu lugar perfeito. Suas tonalidades terrosas aquecem o espa\u00e7o e ecoam a organicidade da natureza, enquanto sua textura artesanal desperta os sentidos ao olhar e ao toque.<\/p>\n<p>Aplicado no piso, banco e floreira, o revestimento participa ativamente da narrativa sensorial do ambiente, refor\u00e7ando o compromisso com o regionalismo goiano e com pr\u00e1ticas construtivas conscientes.<\/p>\n<p><img loading=\"lazy\" decoding=\"async\" class=\"alignnone  wp-image-2801\" src=\"https:\/\/ninamartinelli.com.br\/blog2\/wp-content\/uploads\/2025\/06\/CASACOR-GOIAS-2-300x300.jpg\" alt=\"\" width=\"354\" height=\"354\" srcset=\"https:\/\/ninamartinelli.com.br\/blog2\/wp-content\/uploads\/2025\/06\/CASACOR-GOIAS-2-300x300.jpg 300w, https:\/\/ninamartinelli.com.br\/blog2\/wp-content\/uploads\/2025\/06\/CASACOR-GOIAS-2-150x150.jpg 150w, https:\/\/ninamartinelli.com.br\/blog2\/wp-content\/uploads\/2025\/06\/CASACOR-GOIAS-2-50x50.jpg 50w\" sizes=\"auto, (max-width: 354px) 100vw, 354px\" \/>\u00a0 \u00a0 \u00a0 \u00a0 \u00a0 \u00a0 <img loading=\"lazy\" decoding=\"async\" class=\"alignnone  wp-image-2802\" src=\"https:\/\/ninamartinelli.com.br\/blog2\/wp-content\/uploads\/2025\/06\/CASACOR-GOIAS-3-200x300.jpg\" alt=\"\" width=\"235\" height=\"353\" srcset=\"https:\/\/ninamartinelli.com.br\/blog2\/wp-content\/uploads\/2025\/06\/CASACOR-GOIAS-3-200x300.jpg 200w, https:\/\/ninamartinelli.com.br\/blog2\/wp-content\/uploads\/2025\/06\/CASACOR-GOIAS-3-683x1024.jpg 683w, https:\/\/ninamartinelli.com.br\/blog2\/wp-content\/uploads\/2025\/06\/CASACOR-GOIAS-3-768x1152.jpg 768w, https:\/\/ninamartinelli.com.br\/blog2\/wp-content\/uploads\/2025\/06\/CASACOR-GOIAS-3-1024x1536.jpg 1024w, https:\/\/ninamartinelli.com.br\/blog2\/wp-content\/uploads\/2025\/06\/CASACOR-GOIAS-3-1365x2048.jpg 1365w, https:\/\/ninamartinelli.com.br\/blog2\/wp-content\/uploads\/2025\/06\/CASACOR-GOIAS-3-scaled.jpg 1707w\" sizes=\"auto, (max-width: 235px) 100vw, 235px\" \/><\/p>\n<p>O projeto surpreende pela harmonia entre a rusticidade e a contemporaneidade. As superf\u00edcies cer\u00e2micas dialogam com madeira de reflorestamento, pintura texturizada, vidro e alum\u00ednio, criando uma paleta t\u00e1til e visual que convida \u00e0 contempla\u00e7\u00e3o.<\/p>\n<p>O layout org\u00e2nico conduz o visitante de forma fluida, criando espa\u00e7os de conviv\u00eancia e pequenas pausas para o descanso, onde o tempo parece desacelerar, permitindo que cada detalhe seja absorvido e vivido plenamente.<\/p>\n<p>Assim como um vinho que amadurece at\u00e9 atingir sua m\u00e1xima express\u00e3o, o Ref\u00fagio da Vindima \u00e9 um espa\u00e7o maturado com sensibilidade, t\u00e9cnica e prop\u00f3sito. E o Quadratto Vecchio Allineato Terracota \u00e9 a base que sustenta essa ess\u00eancia, proporcionando uma atmosfera que n\u00e3o apenas acolhe, mas inspira \u2014 um verdadeiro tributo \u00e0 arte de bem viver, \u00e0 beleza da imperfei\u00e7\u00e3o natural e \u00e0 poesia contida nas coisas feitas com as m\u00e3os e com o cora\u00e7\u00e3o.<\/p>\n<p>At\u00e9 22 de junho, na Rua 1131, QD 235, LT 23, 364 \u2013 Setor Marista, a CASACOR GOI\u00c1S 2025 celebra a criatividade com 47 ambientes, entre projetos arquitet\u00f4nicos e servi\u00e7os gastron\u00f4micos.<\/p>\n<p>Mas, sem d\u00favida, o Ref\u00fagio da Vindima \u2014 com a alma aquecida pelo toque artesanal da cer\u00e2mica Nina Martinelli \u2014 \u00e9 um dos espa\u00e7os que mais emocionam, convidando cada visitante a semear seus pr\u00f3prios sonhos e colher momentos inesquec\u00edveis.<\/p>\n<p>&nbsp;<\/p>\n<p><strong>Servi\u00e7o:<\/strong><\/p>\n<p><strong>CASACOR GOI\u00c1S 2025 &#8211; Poesia sensorial &#8211; Ref\u00fagio da VindimProduto<\/strong> &#8211; Quadratto Vecchio Allineato Terracota<\/p>\n<p><strong>Pe\u00e7as:<\/strong> 7x7cm em <strong>placas:<\/strong> de 28x28cm<\/p>\n<p><strong>Projeto: <\/strong>Natiara Reis e Paulo Reis, Studio Reis Arquitetura<\/p>\n<p><strong>Instagram:<\/strong> @studioreisarq<\/p>\n<p><strong>Fotos:<\/strong> Marcus Camargo<\/p>\n<p><strong>Instagram:<\/strong> @olharmarcuscamargo<\/p>\n<p><strong>Mostra vai at\u00e9 dia 22 de junho<\/strong><\/p>\n<p>Rua 1131, QD 235, LT 23, 364 \u2013 Setor Marista<\/p>\n<p><strong>Goi\u00e2nia &#8211; GO<\/strong><\/p>\n","protected":false},"excerpt":{"rendered":"<p>CASACOR GOI\u00c1S 2025 \u2013 Poesia sensorial: \u00e9 essa a ess\u00eancia que define o Ref\u00fagio da<\/p>\n","protected":false},"author":2,"featured_media":2800,"comment_status":"open","ping_status":"open","sticky":false,"template":"","format":"standard","meta":{"footnotes":""},"categories":[27,59,19,1,129],"tags":[130,45,168,131],"class_list":["post-2799","post","type-post","status-publish","format-standard","has-post-thumbnail","hentry","category-casa-cor","category-ceramica","category-mostras-e-eventos","category-nina-martinelli","category-sustentabilidade","tag-casa-cor-ribeirao-preto","tag-ceramica","tag-producao-artesanal","tag-sustentabilidade"],"yoast_head":"<!-- This site is optimized with the Yoast SEO plugin v26.8 - https:\/\/yoast.com\/product\/yoast-seo-wordpress\/ -->\n<title>CASACOR GOI\u00c1S 2025 \u2013 Quadratto Vecchio Allineato Terracota no Ref\u00fagio da Vindima, poesia sensorial<\/title>\n<meta name=\"description\" content=\"CASACOR GOI\u00c1S 2025 - Conhe\u00e7a em detalhes o ambiente Ref\u00fagio da Vindima e veja como o Quadratto Vecchio Allineato Terracota fez a diferen\u00e7a\" \/>\n<meta name=\"robots\" content=\"index, follow, max-snippet:-1, max-image-preview:large, max-video-preview:-1\" \/>\n<link rel=\"canonical\" href=\"https:\/\/ninamartinelli.com.br\/blog2\/casacor-goias-2025-quadratto-vecchio-allineato-terracota-no-refugio-da-vindima-poesia-sensorial\/\" \/>\n<meta property=\"og:locale\" content=\"pt_BR\" \/>\n<meta property=\"og:type\" content=\"article\" \/>\n<meta property=\"og:title\" content=\"CASACOR GOI\u00c1S 2025 \u2013 Quadratto Vecchio Allineato Terracota no Ref\u00fagio da Vindima, poesia sensorial\" \/>\n<meta property=\"og:description\" content=\"CASACOR GOI\u00c1S 2025 - Conhe\u00e7a em detalhes o ambiente Ref\u00fagio da Vindima e veja como o Quadratto Vecchio Allineato Terracota fez a diferen\u00e7a\" \/>\n<meta property=\"og:url\" content=\"https:\/\/ninamartinelli.com.br\/blog2\/casacor-goias-2025-quadratto-vecchio-allineato-terracota-no-refugio-da-vindima-poesia-sensorial\/\" \/>\n<meta property=\"og:site_name\" content=\"Blog Nina\" \/>\n<meta property=\"article:published_time\" content=\"2025-06-11T12:24:34+00:00\" \/>\n<meta property=\"og:image\" content=\"https:\/\/ninamartinelli.com.br\/blog2\/wp-content\/uploads\/2025\/06\/CASACOR-GOIAS-1-scaled.jpg\" \/>\n\t<meta property=\"og:image:width\" content=\"1707\" \/>\n\t<meta property=\"og:image:height\" content=\"2560\" \/>\n\t<meta property=\"og:image:type\" content=\"image\/jpeg\" \/>\n<meta name=\"author\" content=\"Ana Maria Devides\" \/>\n<meta name=\"twitter:card\" content=\"summary_large_image\" \/>\n<meta name=\"twitter:label1\" content=\"Escrito por\" \/>\n\t<meta name=\"twitter:data1\" content=\"Ana Maria Devides\" \/>\n\t<meta name=\"twitter:label2\" content=\"Est. tempo de leitura\" \/>\n\t<meta name=\"twitter:data2\" content=\"4 minutos\" \/>\n<script type=\"application\/ld+json\" class=\"yoast-schema-graph\">{\"@context\":\"https:\/\/schema.org\",\"@graph\":[{\"@type\":\"Article\",\"@id\":\"https:\/\/ninamartinelli.com.br\/blog2\/casacor-goias-2025-quadratto-vecchio-allineato-terracota-no-refugio-da-vindima-poesia-sensorial\/#article\",\"isPartOf\":{\"@id\":\"https:\/\/ninamartinelli.com.br\/blog2\/casacor-goias-2025-quadratto-vecchio-allineato-terracota-no-refugio-da-vindima-poesia-sensorial\/\"},\"author\":{\"name\":\"Ana Maria Devides\",\"@id\":\"https:\/\/ninamartinelli.com.br\/blog2\/#\/schema\/person\/43fbfb1d4cbe3b472995206b2bb06df5\"},\"headline\":\"CASACOR GOI\u00c1S 2025 \u2013 Quadratto Vecchio Allineato Terracota no Ref\u00fagio da Vindima, poesia sensorial\",\"datePublished\":\"2025-06-11T12:24:34+00:00\",\"mainEntityOfPage\":{\"@id\":\"https:\/\/ninamartinelli.com.br\/blog2\/casacor-goias-2025-quadratto-vecchio-allineato-terracota-no-refugio-da-vindima-poesia-sensorial\/\"},\"wordCount\":651,\"commentCount\":0,\"publisher\":{\"@id\":\"https:\/\/ninamartinelli.com.br\/blog2\/#organization\"},\"image\":{\"@id\":\"https:\/\/ninamartinelli.com.br\/blog2\/casacor-goias-2025-quadratto-vecchio-allineato-terracota-no-refugio-da-vindima-poesia-sensorial\/#primaryimage\"},\"thumbnailUrl\":\"https:\/\/ninamartinelli.com.br\/blog2\/wp-content\/uploads\/2025\/06\/CASACOR-GOIAS-1-scaled.jpg\",\"keywords\":[\"Casa Cor Ribeir\u00e3o Preto\",\"ceramica\",\"produ\u00e7\u00e3o artesanal\",\"Sustentabilidade\"],\"articleSection\":[\"CASA COR\",\"Cer\u00e2mica\",\"Mostras e Eventos\",\"Nina Martinelli\",\"Sustentabilidade\"],\"inLanguage\":\"pt-BR\",\"potentialAction\":[{\"@type\":\"CommentAction\",\"name\":\"Comment\",\"target\":[\"https:\/\/ninamartinelli.com.br\/blog2\/casacor-goias-2025-quadratto-vecchio-allineato-terracota-no-refugio-da-vindima-poesia-sensorial\/#respond\"]}]},{\"@type\":\"WebPage\",\"@id\":\"https:\/\/ninamartinelli.com.br\/blog2\/casacor-goias-2025-quadratto-vecchio-allineato-terracota-no-refugio-da-vindima-poesia-sensorial\/\",\"url\":\"https:\/\/ninamartinelli.com.br\/blog2\/casacor-goias-2025-quadratto-vecchio-allineato-terracota-no-refugio-da-vindima-poesia-sensorial\/\",\"name\":\"CASACOR GOI\u00c1S 2025 \u2013 Quadratto Vecchio Allineato Terracota no Ref\u00fagio da Vindima, poesia sensorial\",\"isPartOf\":{\"@id\":\"https:\/\/ninamartinelli.com.br\/blog2\/#website\"},\"primaryImageOfPage\":{\"@id\":\"https:\/\/ninamartinelli.com.br\/blog2\/casacor-goias-2025-quadratto-vecchio-allineato-terracota-no-refugio-da-vindima-poesia-sensorial\/#primaryimage\"},\"image\":{\"@id\":\"https:\/\/ninamartinelli.com.br\/blog2\/casacor-goias-2025-quadratto-vecchio-allineato-terracota-no-refugio-da-vindima-poesia-sensorial\/#primaryimage\"},\"thumbnailUrl\":\"https:\/\/ninamartinelli.com.br\/blog2\/wp-content\/uploads\/2025\/06\/CASACOR-GOIAS-1-scaled.jpg\",\"datePublished\":\"2025-06-11T12:24:34+00:00\",\"description\":\"CASACOR GOI\u00c1S 2025 - Conhe\u00e7a em detalhes o ambiente Ref\u00fagio da Vindima e veja como o Quadratto Vecchio Allineato Terracota fez a diferen\u00e7a\",\"breadcrumb\":{\"@id\":\"https:\/\/ninamartinelli.com.br\/blog2\/casacor-goias-2025-quadratto-vecchio-allineato-terracota-no-refugio-da-vindima-poesia-sensorial\/#breadcrumb\"},\"inLanguage\":\"pt-BR\",\"potentialAction\":[{\"@type\":\"ReadAction\",\"target\":[\"https:\/\/ninamartinelli.com.br\/blog2\/casacor-goias-2025-quadratto-vecchio-allineato-terracota-no-refugio-da-vindima-poesia-sensorial\/\"]}]},{\"@type\":\"ImageObject\",\"inLanguage\":\"pt-BR\",\"@id\":\"https:\/\/ninamartinelli.com.br\/blog2\/casacor-goias-2025-quadratto-vecchio-allineato-terracota-no-refugio-da-vindima-poesia-sensorial\/#primaryimage\",\"url\":\"https:\/\/ninamartinelli.com.br\/blog2\/wp-content\/uploads\/2025\/06\/CASACOR-GOIAS-1-scaled.jpg\",\"contentUrl\":\"https:\/\/ninamartinelli.com.br\/blog2\/wp-content\/uploads\/2025\/06\/CASACOR-GOIAS-1-scaled.jpg\",\"width\":1707,\"height\":2560},{\"@type\":\"BreadcrumbList\",\"@id\":\"https:\/\/ninamartinelli.com.br\/blog2\/casacor-goias-2025-quadratto-vecchio-allineato-terracota-no-refugio-da-vindima-poesia-sensorial\/#breadcrumb\",\"itemListElement\":[{\"@type\":\"ListItem\",\"position\":1,\"name\":\"In\u00edcio\",\"item\":\"https:\/\/ninamartinelli.com.br\/blog2\/\"},{\"@type\":\"ListItem\",\"position\":2,\"name\":\"CASACOR GOI\u00c1S 2025 \u2013 Quadratto Vecchio Allineato Terracota no Ref\u00fagio da Vindima, poesia sensorial\"}]},{\"@type\":\"WebSite\",\"@id\":\"https:\/\/ninamartinelli.com.br\/blog2\/#website\",\"url\":\"https:\/\/ninamartinelli.com.br\/blog2\/\",\"name\":\"Nina Martinelli\",\"description\":\"#Nina_Martinelli\",\"publisher\":{\"@id\":\"https:\/\/ninamartinelli.com.br\/blog2\/#organization\"},\"potentialAction\":[{\"@type\":\"SearchAction\",\"target\":{\"@type\":\"EntryPoint\",\"urlTemplate\":\"https:\/\/ninamartinelli.com.br\/blog2\/?s={search_term_string}\"},\"query-input\":{\"@type\":\"PropertyValueSpecification\",\"valueRequired\":true,\"valueName\":\"search_term_string\"}}],\"inLanguage\":\"pt-BR\"},{\"@type\":\"Organization\",\"@id\":\"https:\/\/ninamartinelli.com.br\/blog2\/#organization\",\"name\":\"Blog Novidades\",\"url\":\"https:\/\/ninamartinelli.com.br\/blog2\/\",\"logo\":{\"@type\":\"ImageObject\",\"inLanguage\":\"pt-BR\",\"@id\":\"https:\/\/ninamartinelli.com.br\/blog2\/#\/schema\/logo\/image\/\",\"url\":\"http:\/\/blog.ninamartinelli.com.br\/wp-content\/uploads\/2022\/03\/logo_nina_blog.png\",\"contentUrl\":\"http:\/\/blog.ninamartinelli.com.br\/wp-content\/uploads\/2022\/03\/logo_nina_blog.png\",\"width\":500,\"height\":104,\"caption\":\"Blog Novidades\"},\"image\":{\"@id\":\"https:\/\/ninamartinelli.com.br\/blog2\/#\/schema\/logo\/image\/\"}},{\"@type\":\"Person\",\"@id\":\"https:\/\/ninamartinelli.com.br\/blog2\/#\/schema\/person\/43fbfb1d4cbe3b472995206b2bb06df5\",\"name\":\"Ana Maria Devides\",\"image\":{\"@type\":\"ImageObject\",\"inLanguage\":\"pt-BR\",\"@id\":\"https:\/\/ninamartinelli.com.br\/blog2\/#\/schema\/person\/image\/\",\"url\":\"https:\/\/secure.gravatar.com\/avatar\/a03a82675d8bb3da8e5c5a6872db97be?s=96&d=mm&r=g\",\"contentUrl\":\"https:\/\/secure.gravatar.com\/avatar\/a03a82675d8bb3da8e5c5a6872db97be?s=96&d=mm&r=g\",\"caption\":\"Ana Maria Devides\"},\"url\":\"https:\/\/ninamartinelli.com.br\/blog2\/author\/assessoria-nina-martinelli\/\"}]}<\/script>\n<!-- \/ Yoast SEO plugin. -->","yoast_head_json":{"title":"CASACOR GOI\u00c1S 2025 \u2013 Quadratto Vecchio Allineato Terracota no Ref\u00fagio da Vindima, poesia sensorial","description":"CASACOR GOI\u00c1S 2025 - Conhe\u00e7a em detalhes o ambiente Ref\u00fagio da Vindima e veja como o Quadratto Vecchio Allineato Terracota fez a diferen\u00e7a","robots":{"index":"index","follow":"follow","max-snippet":"max-snippet:-1","max-image-preview":"max-image-preview:large","max-video-preview":"max-video-preview:-1"},"canonical":"https:\/\/ninamartinelli.com.br\/blog2\/casacor-goias-2025-quadratto-vecchio-allineato-terracota-no-refugio-da-vindima-poesia-sensorial\/","og_locale":"pt_BR","og_type":"article","og_title":"CASACOR GOI\u00c1S 2025 \u2013 Quadratto Vecchio Allineato Terracota no Ref\u00fagio da Vindima, poesia sensorial","og_description":"CASACOR GOI\u00c1S 2025 - Conhe\u00e7a em detalhes o ambiente Ref\u00fagio da Vindima e veja como o Quadratto Vecchio Allineato Terracota fez a diferen\u00e7a","og_url":"https:\/\/ninamartinelli.com.br\/blog2\/casacor-goias-2025-quadratto-vecchio-allineato-terracota-no-refugio-da-vindima-poesia-sensorial\/","og_site_name":"Blog Nina","article_published_time":"2025-06-11T12:24:34+00:00","og_image":[{"width":1707,"height":2560,"url":"https:\/\/ninamartinelli.com.br\/blog2\/wp-content\/uploads\/2025\/06\/CASACOR-GOIAS-1-scaled.jpg","type":"image\/jpeg"}],"author":"Ana Maria Devides","twitter_card":"summary_large_image","twitter_misc":{"Escrito por":"Ana Maria Devides","Est. tempo de leitura":"4 minutos"},"schema":{"@context":"https:\/\/schema.org","@graph":[{"@type":"Article","@id":"https:\/\/ninamartinelli.com.br\/blog2\/casacor-goias-2025-quadratto-vecchio-allineato-terracota-no-refugio-da-vindima-poesia-sensorial\/#article","isPartOf":{"@id":"https:\/\/ninamartinelli.com.br\/blog2\/casacor-goias-2025-quadratto-vecchio-allineato-terracota-no-refugio-da-vindima-poesia-sensorial\/"},"author":{"name":"Ana Maria Devides","@id":"https:\/\/ninamartinelli.com.br\/blog2\/#\/schema\/person\/43fbfb1d4cbe3b472995206b2bb06df5"},"headline":"CASACOR GOI\u00c1S 2025 \u2013 Quadratto Vecchio Allineato Terracota no Ref\u00fagio da Vindima, poesia sensorial","datePublished":"2025-06-11T12:24:34+00:00","mainEntityOfPage":{"@id":"https:\/\/ninamartinelli.com.br\/blog2\/casacor-goias-2025-quadratto-vecchio-allineato-terracota-no-refugio-da-vindima-poesia-sensorial\/"},"wordCount":651,"commentCount":0,"publisher":{"@id":"https:\/\/ninamartinelli.com.br\/blog2\/#organization"},"image":{"@id":"https:\/\/ninamartinelli.com.br\/blog2\/casacor-goias-2025-quadratto-vecchio-allineato-terracota-no-refugio-da-vindima-poesia-sensorial\/#primaryimage"},"thumbnailUrl":"https:\/\/ninamartinelli.com.br\/blog2\/wp-content\/uploads\/2025\/06\/CASACOR-GOIAS-1-scaled.jpg","keywords":["Casa Cor Ribeir\u00e3o Preto","ceramica","produ\u00e7\u00e3o artesanal","Sustentabilidade"],"articleSection":["CASA COR","Cer\u00e2mica","Mostras e Eventos","Nina Martinelli","Sustentabilidade"],"inLanguage":"pt-BR","potentialAction":[{"@type":"CommentAction","name":"Comment","target":["https:\/\/ninamartinelli.com.br\/blog2\/casacor-goias-2025-quadratto-vecchio-allineato-terracota-no-refugio-da-vindima-poesia-sensorial\/#respond"]}]},{"@type":"WebPage","@id":"https:\/\/ninamartinelli.com.br\/blog2\/casacor-goias-2025-quadratto-vecchio-allineato-terracota-no-refugio-da-vindima-poesia-sensorial\/","url":"https:\/\/ninamartinelli.com.br\/blog2\/casacor-goias-2025-quadratto-vecchio-allineato-terracota-no-refugio-da-vindima-poesia-sensorial\/","name":"CASACOR GOI\u00c1S 2025 \u2013 Quadratto Vecchio Allineato Terracota no Ref\u00fagio da Vindima, poesia sensorial","isPartOf":{"@id":"https:\/\/ninamartinelli.com.br\/blog2\/#website"},"primaryImageOfPage":{"@id":"https:\/\/ninamartinelli.com.br\/blog2\/casacor-goias-2025-quadratto-vecchio-allineato-terracota-no-refugio-da-vindima-poesia-sensorial\/#primaryimage"},"image":{"@id":"https:\/\/ninamartinelli.com.br\/blog2\/casacor-goias-2025-quadratto-vecchio-allineato-terracota-no-refugio-da-vindima-poesia-sensorial\/#primaryimage"},"thumbnailUrl":"https:\/\/ninamartinelli.com.br\/blog2\/wp-content\/uploads\/2025\/06\/CASACOR-GOIAS-1-scaled.jpg","datePublished":"2025-06-11T12:24:34+00:00","description":"CASACOR GOI\u00c1S 2025 - Conhe\u00e7a em detalhes o ambiente Ref\u00fagio da Vindima e veja como o Quadratto Vecchio Allineato Terracota fez a diferen\u00e7a","breadcrumb":{"@id":"https:\/\/ninamartinelli.com.br\/blog2\/casacor-goias-2025-quadratto-vecchio-allineato-terracota-no-refugio-da-vindima-poesia-sensorial\/#breadcrumb"},"inLanguage":"pt-BR","potentialAction":[{"@type":"ReadAction","target":["https:\/\/ninamartinelli.com.br\/blog2\/casacor-goias-2025-quadratto-vecchio-allineato-terracota-no-refugio-da-vindima-poesia-sensorial\/"]}]},{"@type":"ImageObject","inLanguage":"pt-BR","@id":"https:\/\/ninamartinelli.com.br\/blog2\/casacor-goias-2025-quadratto-vecchio-allineato-terracota-no-refugio-da-vindima-poesia-sensorial\/#primaryimage","url":"https:\/\/ninamartinelli.com.br\/blog2\/wp-content\/uploads\/2025\/06\/CASACOR-GOIAS-1-scaled.jpg","contentUrl":"https:\/\/ninamartinelli.com.br\/blog2\/wp-content\/uploads\/2025\/06\/CASACOR-GOIAS-1-scaled.jpg","width":1707,"height":2560},{"@type":"BreadcrumbList","@id":"https:\/\/ninamartinelli.com.br\/blog2\/casacor-goias-2025-quadratto-vecchio-allineato-terracota-no-refugio-da-vindima-poesia-sensorial\/#breadcrumb","itemListElement":[{"@type":"ListItem","position":1,"name":"In\u00edcio","item":"https:\/\/ninamartinelli.com.br\/blog2\/"},{"@type":"ListItem","position":2,"name":"CASACOR GOI\u00c1S 2025 \u2013 Quadratto Vecchio Allineato Terracota no Ref\u00fagio da Vindima, poesia sensorial"}]},{"@type":"WebSite","@id":"https:\/\/ninamartinelli.com.br\/blog2\/#website","url":"https:\/\/ninamartinelli.com.br\/blog2\/","name":"Nina Martinelli","description":"#Nina_Martinelli","publisher":{"@id":"https:\/\/ninamartinelli.com.br\/blog2\/#organization"},"potentialAction":[{"@type":"SearchAction","target":{"@type":"EntryPoint","urlTemplate":"https:\/\/ninamartinelli.com.br\/blog2\/?s={search_term_string}"},"query-input":{"@type":"PropertyValueSpecification","valueRequired":true,"valueName":"search_term_string"}}],"inLanguage":"pt-BR"},{"@type":"Organization","@id":"https:\/\/ninamartinelli.com.br\/blog2\/#organization","name":"Blog Novidades","url":"https:\/\/ninamartinelli.com.br\/blog2\/","logo":{"@type":"ImageObject","inLanguage":"pt-BR","@id":"https:\/\/ninamartinelli.com.br\/blog2\/#\/schema\/logo\/image\/","url":"http:\/\/blog.ninamartinelli.com.br\/wp-content\/uploads\/2022\/03\/logo_nina_blog.png","contentUrl":"http:\/\/blog.ninamartinelli.com.br\/wp-content\/uploads\/2022\/03\/logo_nina_blog.png","width":500,"height":104,"caption":"Blog Novidades"},"image":{"@id":"https:\/\/ninamartinelli.com.br\/blog2\/#\/schema\/logo\/image\/"}},{"@type":"Person","@id":"https:\/\/ninamartinelli.com.br\/blog2\/#\/schema\/person\/43fbfb1d4cbe3b472995206b2bb06df5","name":"Ana Maria Devides","image":{"@type":"ImageObject","inLanguage":"pt-BR","@id":"https:\/\/ninamartinelli.com.br\/blog2\/#\/schema\/person\/image\/","url":"https:\/\/secure.gravatar.com\/avatar\/a03a82675d8bb3da8e5c5a6872db97be?s=96&d=mm&r=g","contentUrl":"https:\/\/secure.gravatar.com\/avatar\/a03a82675d8bb3da8e5c5a6872db97be?s=96&d=mm&r=g","caption":"Ana Maria Devides"},"url":"https:\/\/ninamartinelli.com.br\/blog2\/author\/assessoria-nina-martinelli\/"}]}},"_links":{"self":[{"href":"https:\/\/ninamartinelli.com.br\/blog2\/wp-json\/wp\/v2\/posts\/2799","targetHints":{"allow":["GET"]}}],"collection":[{"href":"https:\/\/ninamartinelli.com.br\/blog2\/wp-json\/wp\/v2\/posts"}],"about":[{"href":"https:\/\/ninamartinelli.com.br\/blog2\/wp-json\/wp\/v2\/types\/post"}],"author":[{"embeddable":true,"href":"https:\/\/ninamartinelli.com.br\/blog2\/wp-json\/wp\/v2\/users\/2"}],"replies":[{"embeddable":true,"href":"https:\/\/ninamartinelli.com.br\/blog2\/wp-json\/wp\/v2\/comments?post=2799"}],"version-history":[{"count":1,"href":"https:\/\/ninamartinelli.com.br\/blog2\/wp-json\/wp\/v2\/posts\/2799\/revisions"}],"predecessor-version":[{"id":2803,"href":"https:\/\/ninamartinelli.com.br\/blog2\/wp-json\/wp\/v2\/posts\/2799\/revisions\/2803"}],"wp:featuredmedia":[{"embeddable":true,"href":"https:\/\/ninamartinelli.com.br\/blog2\/wp-json\/wp\/v2\/media\/2800"}],"wp:attachment":[{"href":"https:\/\/ninamartinelli.com.br\/blog2\/wp-json\/wp\/v2\/media?parent=2799"}],"wp:term":[{"taxonomy":"category","embeddable":true,"href":"https:\/\/ninamartinelli.com.br\/blog2\/wp-json\/wp\/v2\/categories?post=2799"},{"taxonomy":"post_tag","embeddable":true,"href":"https:\/\/ninamartinelli.com.br\/blog2\/wp-json\/wp\/v2\/tags?post=2799"}],"curies":[{"name":"wp","href":"https:\/\/api.w.org\/{rel}","templated":true}]}}