{"id":2789,"date":"2025-06-04T09:17:56","date_gmt":"2025-06-04T12:17:56","guid":{"rendered":"https:\/\/ninamartinelli.com.br\/blog2\/?p=2789"},"modified":"2025-06-04T09:17:56","modified_gmt":"2025-06-04T12:17:56","slug":"leveza-e-movimento-cobogo-brise-clair-sombre-em-fachada-residencial-em-mogi-guacu-sp","status":"publish","type":"post","link":"https:\/\/ninamartinelli.com.br\/blog2\/leveza-e-movimento-cobogo-brise-clair-sombre-em-fachada-residencial-em-mogi-guacu-sp\/","title":{"rendered":"Leveza e movimento &#8211; Cobog\u00f3 Brise Clair &#038; Sombre em fachada residencial em Mogi Gua\u00e7u-SP"},"content":{"rendered":"<p><strong>Leveza e movimento \u2013 <\/strong>Em Mogi Gua\u00e7u-SP, no Condom\u00ednio San Remo, o escrit\u00f3rio Arquitetas Associadas recebeu a miss\u00e3o de elaborar o projeto de uma casa para um casal que\u00a0 buscava praticidade e conforto para as rotinas di\u00e1rias e fosse muito acolhedora para receber a fam\u00edlia.<\/p>\n<p><a href=\"https:\/\/www.instagram.com\/associadas.arq\/\">Sandra Bernardi e Elis\u00e2ngela Ribeiro<\/a> levaram a miss\u00e3o muito a s\u00e9rio e colocaram sua criatividade, talento, rigor t\u00e9cnico e bom gosto a servi\u00e7o dos clientes, e projetaram uma linda casa t\u00e9rrea.<\/p>\n<p>As profissionais conceberam o projeto enfatizando ambientes integrados e um design limpo, com uma volumetria elegante e, ao mesmo tempo, atemporal.<\/p>\n<p>Para a fachada, um dos elementos de destaque especificado pelas profissionais foi o <a href=\"https:\/\/ninamartinelli.com.br\/produtos\/cobogo-brise-clair-concreto-by-rosa-pinc-2\/\">Cobog\u00f3 Brise, nos modelos Clair &amp; Sombre<\/a>, da Nina Martinelli. A cor escolhida foi o Bianco.<\/p>\n<p><img loading=\"lazy\" decoding=\"async\" class=\"alignnone  wp-image-2792\" src=\"https:\/\/ninamartinelli.com.br\/blog2\/wp-content\/uploads\/2025\/06\/cobogo1-300x190.jpg\" alt=\"\" width=\"368\" height=\"233\" srcset=\"https:\/\/ninamartinelli.com.br\/blog2\/wp-content\/uploads\/2025\/06\/cobogo1-300x190.jpg 300w, https:\/\/ninamartinelli.com.br\/blog2\/wp-content\/uploads\/2025\/06\/cobogo1-1024x649.jpg 1024w, https:\/\/ninamartinelli.com.br\/blog2\/wp-content\/uploads\/2025\/06\/cobogo1-768x487.jpg 768w, https:\/\/ninamartinelli.com.br\/blog2\/wp-content\/uploads\/2025\/06\/cobogo1.jpg 1325w\" sizes=\"auto, (max-width: 368px) 100vw, 368px\" \/>\u00a0 \u00a0 <img loading=\"lazy\" decoding=\"async\" class=\"alignnone  wp-image-2793\" src=\"https:\/\/ninamartinelli.com.br\/blog2\/wp-content\/uploads\/2025\/06\/cobogo5-225x300.jpg\" alt=\"\" width=\"264\" height=\"352\" srcset=\"https:\/\/ninamartinelli.com.br\/blog2\/wp-content\/uploads\/2025\/06\/cobogo5-225x300.jpg 225w, https:\/\/ninamartinelli.com.br\/blog2\/wp-content\/uploads\/2025\/06\/cobogo5-768x1024.jpg 768w, https:\/\/ninamartinelli.com.br\/blog2\/wp-content\/uploads\/2025\/06\/cobogo5-1152x1536.jpg 1152w, https:\/\/ninamartinelli.com.br\/blog2\/wp-content\/uploads\/2025\/06\/cobogo5-1536x2048.jpg 1536w, https:\/\/ninamartinelli.com.br\/blog2\/wp-content\/uploads\/2025\/06\/cobogo5-1024x1365.jpg 1024w, https:\/\/ninamartinelli.com.br\/blog2\/wp-content\/uploads\/2025\/06\/cobogo5-scaled.jpg 1920w\" sizes=\"auto, (max-width: 264px) 100vw, 264px\" \/><\/p>\n<p>&nbsp;<\/p>\n<p><img loading=\"lazy\" decoding=\"async\" class=\"alignnone  wp-image-2794\" src=\"https:\/\/ninamartinelli.com.br\/blog2\/wp-content\/uploads\/2025\/06\/cobogo6-225x300.jpg\" alt=\"\" width=\"258\" height=\"344\" srcset=\"https:\/\/ninamartinelli.com.br\/blog2\/wp-content\/uploads\/2025\/06\/cobogo6-225x300.jpg 225w, https:\/\/ninamartinelli.com.br\/blog2\/wp-content\/uploads\/2025\/06\/cobogo6-768x1024.jpg 768w, https:\/\/ninamartinelli.com.br\/blog2\/wp-content\/uploads\/2025\/06\/cobogo6-1152x1536.jpg 1152w, https:\/\/ninamartinelli.com.br\/blog2\/wp-content\/uploads\/2025\/06\/cobogo6-1536x2048.jpg 1536w, https:\/\/ninamartinelli.com.br\/blog2\/wp-content\/uploads\/2025\/06\/cobogo6-1024x1365.jpg 1024w, https:\/\/ninamartinelli.com.br\/blog2\/wp-content\/uploads\/2025\/06\/cobogo6-scaled.jpg 1920w\" sizes=\"auto, (max-width: 258px) 100vw, 258px\" \/>\u00a0 \u00a0 \u00a0 <img loading=\"lazy\" decoding=\"async\" class=\"alignnone  wp-image-2795\" src=\"https:\/\/ninamartinelli.com.br\/blog2\/wp-content\/uploads\/2025\/06\/cobogo7-225x300.jpg\" alt=\"\" width=\"257\" height=\"343\" srcset=\"https:\/\/ninamartinelli.com.br\/blog2\/wp-content\/uploads\/2025\/06\/cobogo7-225x300.jpg 225w, https:\/\/ninamartinelli.com.br\/blog2\/wp-content\/uploads\/2025\/06\/cobogo7-768x1024.jpg 768w, https:\/\/ninamartinelli.com.br\/blog2\/wp-content\/uploads\/2025\/06\/cobogo7-1152x1536.jpg 1152w, https:\/\/ninamartinelli.com.br\/blog2\/wp-content\/uploads\/2025\/06\/cobogo7-1536x2048.jpg 1536w, https:\/\/ninamartinelli.com.br\/blog2\/wp-content\/uploads\/2025\/06\/cobogo7-1024x1365.jpg 1024w, https:\/\/ninamartinelli.com.br\/blog2\/wp-content\/uploads\/2025\/06\/cobogo7-scaled.jpg 1920w\" sizes=\"auto, (max-width: 257px) 100vw, 257px\" \/><\/p>\n<p>Assinados por Rosa Pinc, artista pl\u00e1stica, designer e ceramista, exclusivamente para a marca, os Cobog\u00f3s Brise Clair &amp; Sombre s\u00e3o pe\u00e7as vazadas com formas geom\u00e9tricas que seguem a tend\u00eancia do estilo industrial.<\/p>\n<p>Usados como divis\u00f3rias e fachadas, oferecem aos ambientes caracter\u00edsticas sustent\u00e1veis, \u00e9 um aliado na economia de energia, filtrando a radia\u00e7\u00e3o solar e permitindo a ventila\u00e7\u00e3o cruzada.<\/p>\n<p>Medem 30x30x7,5cm e podem ser utilizados em ambientes internos e externos. S\u00e3o disponibilizados nos tons Bianco e Concreto.<\/p>\n<p>Sandra e Elis\u00e2ngela afirmam que a escolha foi certeira. \u201cOs cobog\u00f3s destacam a volumetria principal da casa, trazendo leveza e movimento, al\u00e9m de cumprirem a fun\u00e7\u00e3o de dar prote\u00e7\u00e3o e privacidade \u00e0 abertura do escrit\u00f3rio, que \u00e9 voltado para a frente\u201d, explicam.<\/p>\n<p>Os cobog\u00f3s foram adquiridos na revenda parceira <a href=\"https:\/\/www.instagram.com\/brutalacabamentos\/\">Brutal Acabamentos<\/a>, de Mogi Mirim.<\/p>\n<p>&nbsp;<\/p>\n<p><strong>Servi\u00e7o:<\/strong><\/p>\n<p><strong>Leveza e Movimento \u2013 <\/strong>Cobog\u00f3s Brise Clair &amp; Sombre em fachada residencial em Mogi Gua\u00e7u<\/p>\n<p><strong>Produto: <\/strong>Cobog\u00f3 Brise Clair \u2013 Cobog\u00f3 Brise Sombre 30x30x7,5cm<\/p>\n<p><strong>Tom: <\/strong>Bianco<\/p>\n<p><strong>Projeto: <\/strong>Sandra Bernardi e Elisangela Ribeiro &#8211; Escrit\u00f3rio Arquitetas Associadas<\/p>\n<p><strong>Instagram<\/strong>:@associadas.arq<\/p>\n<p><strong>Imagens: <\/strong><a href=\"https:\/\/www.instagram.com\/arq_laisgranziera\/\">Lais Granziera<\/a><\/p>\n<p><strong>Instagram: <\/strong>@arq_laisgranziera<\/p>\n<p><strong>Revenda parceira: <\/strong>Brutal Acabamentos \u2013 Mogi Mirim SP<\/p>\n<p><strong>Instagram: <\/strong>@brutalacabamentos<\/p>\n","protected":false},"excerpt":{"rendered":"<p>Leveza e movimento \u2013 Em Mogi Gua\u00e7u-SP, no Condom\u00ednio San Remo, o escrit\u00f3rio Arquitetas Associadas<\/p>\n","protected":false},"author":2,"featured_media":2790,"comment_status":"open","ping_status":"open","sticky":false,"template":"","format":"standard","meta":{"footnotes":""},"categories":[42,1,129],"tags":[39,43,66,131],"class_list":["post-2789","post","type-post","status-publish","format-standard","has-post-thumbnail","hentry","category-colezione-cobogo","category-nina-martinelli","category-sustentabilidade","tag-area-externa","tag-cobogo","tag-fachada","tag-sustentabilidade"],"yoast_head":"<!-- This site is optimized with the Yoast SEO plugin v26.8 - https:\/\/yoast.com\/product\/yoast-seo-wordpress\/ -->\n<title>Leveza e movimento- Cobog\u00f3 Brise Clair &amp; Sombre em fachada residencial em Mogi Gua\u00e7u-SP<\/title>\n<meta name=\"description\" content=\"Leveza e movimento - Privacidade, eleg\u00e2ncia, ventila\u00e7\u00e3o, ilumina\u00e7\u00e3o natural e muita diferencia\u00e7\u00e3o s\u00e3o atributos que esse acabamento traz, leia\" \/>\n<meta name=\"robots\" content=\"index, follow, max-snippet:-1, max-image-preview:large, max-video-preview:-1\" \/>\n<link rel=\"canonical\" href=\"https:\/\/ninamartinelli.com.br\/blog2\/leveza-e-movimento-cobogo-brise-clair-sombre-em-fachada-residencial-em-mogi-guacu-sp\/\" \/>\n<meta property=\"og:locale\" content=\"pt_BR\" \/>\n<meta property=\"og:type\" content=\"article\" \/>\n<meta property=\"og:title\" content=\"Leveza e movimento- Cobog\u00f3 Brise Clair &amp; Sombre em fachada residencial em Mogi Gua\u00e7u-SP\" \/>\n<meta property=\"og:description\" content=\"Leveza e movimento - Privacidade, eleg\u00e2ncia, ventila\u00e7\u00e3o, ilumina\u00e7\u00e3o natural e muita diferencia\u00e7\u00e3o s\u00e3o atributos que esse acabamento traz, leia\" \/>\n<meta property=\"og:url\" content=\"https:\/\/ninamartinelli.com.br\/blog2\/leveza-e-movimento-cobogo-brise-clair-sombre-em-fachada-residencial-em-mogi-guacu-sp\/\" \/>\n<meta property=\"og:site_name\" content=\"Blog Nina\" \/>\n<meta property=\"article:published_time\" content=\"2025-06-04T12:17:56+00:00\" \/>\n<meta property=\"og:image\" content=\"https:\/\/ninamartinelli.com.br\/blog2\/wp-content\/uploads\/2025\/06\/cobogo3.jpg\" \/>\n\t<meta property=\"og:image:width\" content=\"1029\" \/>\n\t<meta property=\"og:image:height\" content=\"840\" \/>\n\t<meta property=\"og:image:type\" content=\"image\/jpeg\" \/>\n<meta name=\"author\" content=\"Ana Maria Devides\" \/>\n<meta name=\"twitter:card\" content=\"summary_large_image\" \/>\n<meta name=\"twitter:label1\" content=\"Escrito por\" \/>\n\t<meta name=\"twitter:data1\" content=\"Ana Maria Devides\" \/>\n\t<meta name=\"twitter:label2\" content=\"Est. tempo de leitura\" \/>\n\t<meta name=\"twitter:data2\" content=\"3 minutos\" \/>\n<script type=\"application\/ld+json\" class=\"yoast-schema-graph\">{\"@context\":\"https:\/\/schema.org\",\"@graph\":[{\"@type\":\"Article\",\"@id\":\"https:\/\/ninamartinelli.com.br\/blog2\/leveza-e-movimento-cobogo-brise-clair-sombre-em-fachada-residencial-em-mogi-guacu-sp\/#article\",\"isPartOf\":{\"@id\":\"https:\/\/ninamartinelli.com.br\/blog2\/leveza-e-movimento-cobogo-brise-clair-sombre-em-fachada-residencial-em-mogi-guacu-sp\/\"},\"author\":{\"name\":\"Ana Maria Devides\",\"@id\":\"https:\/\/ninamartinelli.com.br\/blog2\/#\/schema\/person\/43fbfb1d4cbe3b472995206b2bb06df5\"},\"headline\":\"Leveza e movimento &#8211; Cobog\u00f3 Brise Clair &#038; Sombre em fachada residencial em Mogi Gua\u00e7u-SP\",\"datePublished\":\"2025-06-04T12:17:56+00:00\",\"mainEntityOfPage\":{\"@id\":\"https:\/\/ninamartinelli.com.br\/blog2\/leveza-e-movimento-cobogo-brise-clair-sombre-em-fachada-residencial-em-mogi-guacu-sp\/\"},\"wordCount\":361,\"commentCount\":0,\"publisher\":{\"@id\":\"https:\/\/ninamartinelli.com.br\/blog2\/#organization\"},\"image\":{\"@id\":\"https:\/\/ninamartinelli.com.br\/blog2\/leveza-e-movimento-cobogo-brise-clair-sombre-em-fachada-residencial-em-mogi-guacu-sp\/#primaryimage\"},\"thumbnailUrl\":\"https:\/\/ninamartinelli.com.br\/blog2\/wp-content\/uploads\/2025\/06\/cobogo3.jpg\",\"keywords\":[\"area externa\",\"cobogo\",\"fachada\",\"Sustentabilidade\"],\"articleSection\":[\"Colezione Cobog\u00f3\",\"Nina Martinelli\",\"Sustentabilidade\"],\"inLanguage\":\"pt-BR\",\"potentialAction\":[{\"@type\":\"CommentAction\",\"name\":\"Comment\",\"target\":[\"https:\/\/ninamartinelli.com.br\/blog2\/leveza-e-movimento-cobogo-brise-clair-sombre-em-fachada-residencial-em-mogi-guacu-sp\/#respond\"]}]},{\"@type\":\"WebPage\",\"@id\":\"https:\/\/ninamartinelli.com.br\/blog2\/leveza-e-movimento-cobogo-brise-clair-sombre-em-fachada-residencial-em-mogi-guacu-sp\/\",\"url\":\"https:\/\/ninamartinelli.com.br\/blog2\/leveza-e-movimento-cobogo-brise-clair-sombre-em-fachada-residencial-em-mogi-guacu-sp\/\",\"name\":\"Leveza e movimento- Cobog\u00f3 Brise Clair & Sombre em fachada residencial em Mogi Gua\u00e7u-SP\",\"isPartOf\":{\"@id\":\"https:\/\/ninamartinelli.com.br\/blog2\/#website\"},\"primaryImageOfPage\":{\"@id\":\"https:\/\/ninamartinelli.com.br\/blog2\/leveza-e-movimento-cobogo-brise-clair-sombre-em-fachada-residencial-em-mogi-guacu-sp\/#primaryimage\"},\"image\":{\"@id\":\"https:\/\/ninamartinelli.com.br\/blog2\/leveza-e-movimento-cobogo-brise-clair-sombre-em-fachada-residencial-em-mogi-guacu-sp\/#primaryimage\"},\"thumbnailUrl\":\"https:\/\/ninamartinelli.com.br\/blog2\/wp-content\/uploads\/2025\/06\/cobogo3.jpg\",\"datePublished\":\"2025-06-04T12:17:56+00:00\",\"description\":\"Leveza e movimento - Privacidade, eleg\u00e2ncia, ventila\u00e7\u00e3o, ilumina\u00e7\u00e3o natural e muita diferencia\u00e7\u00e3o s\u00e3o atributos que esse acabamento traz, leia\",\"breadcrumb\":{\"@id\":\"https:\/\/ninamartinelli.com.br\/blog2\/leveza-e-movimento-cobogo-brise-clair-sombre-em-fachada-residencial-em-mogi-guacu-sp\/#breadcrumb\"},\"inLanguage\":\"pt-BR\",\"potentialAction\":[{\"@type\":\"ReadAction\",\"target\":[\"https:\/\/ninamartinelli.com.br\/blog2\/leveza-e-movimento-cobogo-brise-clair-sombre-em-fachada-residencial-em-mogi-guacu-sp\/\"]}]},{\"@type\":\"ImageObject\",\"inLanguage\":\"pt-BR\",\"@id\":\"https:\/\/ninamartinelli.com.br\/blog2\/leveza-e-movimento-cobogo-brise-clair-sombre-em-fachada-residencial-em-mogi-guacu-sp\/#primaryimage\",\"url\":\"https:\/\/ninamartinelli.com.br\/blog2\/wp-content\/uploads\/2025\/06\/cobogo3.jpg\",\"contentUrl\":\"https:\/\/ninamartinelli.com.br\/blog2\/wp-content\/uploads\/2025\/06\/cobogo3.jpg\",\"width\":1029,\"height\":840},{\"@type\":\"BreadcrumbList\",\"@id\":\"https:\/\/ninamartinelli.com.br\/blog2\/leveza-e-movimento-cobogo-brise-clair-sombre-em-fachada-residencial-em-mogi-guacu-sp\/#breadcrumb\",\"itemListElement\":[{\"@type\":\"ListItem\",\"position\":1,\"name\":\"In\u00edcio\",\"item\":\"https:\/\/ninamartinelli.com.br\/blog2\/\"},{\"@type\":\"ListItem\",\"position\":2,\"name\":\"Leveza e movimento &#8211; Cobog\u00f3 Brise Clair &#038; Sombre em fachada residencial em Mogi Gua\u00e7u-SP\"}]},{\"@type\":\"WebSite\",\"@id\":\"https:\/\/ninamartinelli.com.br\/blog2\/#website\",\"url\":\"https:\/\/ninamartinelli.com.br\/blog2\/\",\"name\":\"Nina Martinelli\",\"description\":\"#Nina_Martinelli\",\"publisher\":{\"@id\":\"https:\/\/ninamartinelli.com.br\/blog2\/#organization\"},\"potentialAction\":[{\"@type\":\"SearchAction\",\"target\":{\"@type\":\"EntryPoint\",\"urlTemplate\":\"https:\/\/ninamartinelli.com.br\/blog2\/?s={search_term_string}\"},\"query-input\":{\"@type\":\"PropertyValueSpecification\",\"valueRequired\":true,\"valueName\":\"search_term_string\"}}],\"inLanguage\":\"pt-BR\"},{\"@type\":\"Organization\",\"@id\":\"https:\/\/ninamartinelli.com.br\/blog2\/#organization\",\"name\":\"Blog Novidades\",\"url\":\"https:\/\/ninamartinelli.com.br\/blog2\/\",\"logo\":{\"@type\":\"ImageObject\",\"inLanguage\":\"pt-BR\",\"@id\":\"https:\/\/ninamartinelli.com.br\/blog2\/#\/schema\/logo\/image\/\",\"url\":\"http:\/\/blog.ninamartinelli.com.br\/wp-content\/uploads\/2022\/03\/logo_nina_blog.png\",\"contentUrl\":\"http:\/\/blog.ninamartinelli.com.br\/wp-content\/uploads\/2022\/03\/logo_nina_blog.png\",\"width\":500,\"height\":104,\"caption\":\"Blog Novidades\"},\"image\":{\"@id\":\"https:\/\/ninamartinelli.com.br\/blog2\/#\/schema\/logo\/image\/\"}},{\"@type\":\"Person\",\"@id\":\"https:\/\/ninamartinelli.com.br\/blog2\/#\/schema\/person\/43fbfb1d4cbe3b472995206b2bb06df5\",\"name\":\"Ana Maria Devides\",\"image\":{\"@type\":\"ImageObject\",\"inLanguage\":\"pt-BR\",\"@id\":\"https:\/\/ninamartinelli.com.br\/blog2\/#\/schema\/person\/image\/\",\"url\":\"https:\/\/secure.gravatar.com\/avatar\/a03a82675d8bb3da8e5c5a6872db97be?s=96&d=mm&r=g\",\"contentUrl\":\"https:\/\/secure.gravatar.com\/avatar\/a03a82675d8bb3da8e5c5a6872db97be?s=96&d=mm&r=g\",\"caption\":\"Ana Maria Devides\"},\"url\":\"https:\/\/ninamartinelli.com.br\/blog2\/author\/assessoria-nina-martinelli\/\"}]}<\/script>\n<!-- \/ Yoast SEO plugin. -->","yoast_head_json":{"title":"Leveza e movimento- Cobog\u00f3 Brise Clair & Sombre em fachada residencial em Mogi Gua\u00e7u-SP","description":"Leveza e movimento - Privacidade, eleg\u00e2ncia, ventila\u00e7\u00e3o, ilumina\u00e7\u00e3o natural e muita diferencia\u00e7\u00e3o s\u00e3o atributos que esse acabamento traz, leia","robots":{"index":"index","follow":"follow","max-snippet":"max-snippet:-1","max-image-preview":"max-image-preview:large","max-video-preview":"max-video-preview:-1"},"canonical":"https:\/\/ninamartinelli.com.br\/blog2\/leveza-e-movimento-cobogo-brise-clair-sombre-em-fachada-residencial-em-mogi-guacu-sp\/","og_locale":"pt_BR","og_type":"article","og_title":"Leveza e movimento- Cobog\u00f3 Brise Clair & Sombre em fachada residencial em Mogi Gua\u00e7u-SP","og_description":"Leveza e movimento - Privacidade, eleg\u00e2ncia, ventila\u00e7\u00e3o, ilumina\u00e7\u00e3o natural e muita diferencia\u00e7\u00e3o s\u00e3o atributos que esse acabamento traz, leia","og_url":"https:\/\/ninamartinelli.com.br\/blog2\/leveza-e-movimento-cobogo-brise-clair-sombre-em-fachada-residencial-em-mogi-guacu-sp\/","og_site_name":"Blog Nina","article_published_time":"2025-06-04T12:17:56+00:00","og_image":[{"width":1029,"height":840,"url":"https:\/\/ninamartinelli.com.br\/blog2\/wp-content\/uploads\/2025\/06\/cobogo3.jpg","type":"image\/jpeg"}],"author":"Ana Maria Devides","twitter_card":"summary_large_image","twitter_misc":{"Escrito por":"Ana Maria Devides","Est. tempo de leitura":"3 minutos"},"schema":{"@context":"https:\/\/schema.org","@graph":[{"@type":"Article","@id":"https:\/\/ninamartinelli.com.br\/blog2\/leveza-e-movimento-cobogo-brise-clair-sombre-em-fachada-residencial-em-mogi-guacu-sp\/#article","isPartOf":{"@id":"https:\/\/ninamartinelli.com.br\/blog2\/leveza-e-movimento-cobogo-brise-clair-sombre-em-fachada-residencial-em-mogi-guacu-sp\/"},"author":{"name":"Ana Maria Devides","@id":"https:\/\/ninamartinelli.com.br\/blog2\/#\/schema\/person\/43fbfb1d4cbe3b472995206b2bb06df5"},"headline":"Leveza e movimento &#8211; Cobog\u00f3 Brise Clair &#038; Sombre em fachada residencial em Mogi Gua\u00e7u-SP","datePublished":"2025-06-04T12:17:56+00:00","mainEntityOfPage":{"@id":"https:\/\/ninamartinelli.com.br\/blog2\/leveza-e-movimento-cobogo-brise-clair-sombre-em-fachada-residencial-em-mogi-guacu-sp\/"},"wordCount":361,"commentCount":0,"publisher":{"@id":"https:\/\/ninamartinelli.com.br\/blog2\/#organization"},"image":{"@id":"https:\/\/ninamartinelli.com.br\/blog2\/leveza-e-movimento-cobogo-brise-clair-sombre-em-fachada-residencial-em-mogi-guacu-sp\/#primaryimage"},"thumbnailUrl":"https:\/\/ninamartinelli.com.br\/blog2\/wp-content\/uploads\/2025\/06\/cobogo3.jpg","keywords":["area externa","cobogo","fachada","Sustentabilidade"],"articleSection":["Colezione Cobog\u00f3","Nina Martinelli","Sustentabilidade"],"inLanguage":"pt-BR","potentialAction":[{"@type":"CommentAction","name":"Comment","target":["https:\/\/ninamartinelli.com.br\/blog2\/leveza-e-movimento-cobogo-brise-clair-sombre-em-fachada-residencial-em-mogi-guacu-sp\/#respond"]}]},{"@type":"WebPage","@id":"https:\/\/ninamartinelli.com.br\/blog2\/leveza-e-movimento-cobogo-brise-clair-sombre-em-fachada-residencial-em-mogi-guacu-sp\/","url":"https:\/\/ninamartinelli.com.br\/blog2\/leveza-e-movimento-cobogo-brise-clair-sombre-em-fachada-residencial-em-mogi-guacu-sp\/","name":"Leveza e movimento- Cobog\u00f3 Brise Clair & Sombre em fachada residencial em Mogi Gua\u00e7u-SP","isPartOf":{"@id":"https:\/\/ninamartinelli.com.br\/blog2\/#website"},"primaryImageOfPage":{"@id":"https:\/\/ninamartinelli.com.br\/blog2\/leveza-e-movimento-cobogo-brise-clair-sombre-em-fachada-residencial-em-mogi-guacu-sp\/#primaryimage"},"image":{"@id":"https:\/\/ninamartinelli.com.br\/blog2\/leveza-e-movimento-cobogo-brise-clair-sombre-em-fachada-residencial-em-mogi-guacu-sp\/#primaryimage"},"thumbnailUrl":"https:\/\/ninamartinelli.com.br\/blog2\/wp-content\/uploads\/2025\/06\/cobogo3.jpg","datePublished":"2025-06-04T12:17:56+00:00","description":"Leveza e movimento - Privacidade, eleg\u00e2ncia, ventila\u00e7\u00e3o, ilumina\u00e7\u00e3o natural e muita diferencia\u00e7\u00e3o s\u00e3o atributos que esse acabamento traz, leia","breadcrumb":{"@id":"https:\/\/ninamartinelli.com.br\/blog2\/leveza-e-movimento-cobogo-brise-clair-sombre-em-fachada-residencial-em-mogi-guacu-sp\/#breadcrumb"},"inLanguage":"pt-BR","potentialAction":[{"@type":"ReadAction","target":["https:\/\/ninamartinelli.com.br\/blog2\/leveza-e-movimento-cobogo-brise-clair-sombre-em-fachada-residencial-em-mogi-guacu-sp\/"]}]},{"@type":"ImageObject","inLanguage":"pt-BR","@id":"https:\/\/ninamartinelli.com.br\/blog2\/leveza-e-movimento-cobogo-brise-clair-sombre-em-fachada-residencial-em-mogi-guacu-sp\/#primaryimage","url":"https:\/\/ninamartinelli.com.br\/blog2\/wp-content\/uploads\/2025\/06\/cobogo3.jpg","contentUrl":"https:\/\/ninamartinelli.com.br\/blog2\/wp-content\/uploads\/2025\/06\/cobogo3.jpg","width":1029,"height":840},{"@type":"BreadcrumbList","@id":"https:\/\/ninamartinelli.com.br\/blog2\/leveza-e-movimento-cobogo-brise-clair-sombre-em-fachada-residencial-em-mogi-guacu-sp\/#breadcrumb","itemListElement":[{"@type":"ListItem","position":1,"name":"In\u00edcio","item":"https:\/\/ninamartinelli.com.br\/blog2\/"},{"@type":"ListItem","position":2,"name":"Leveza e movimento &#8211; Cobog\u00f3 Brise Clair &#038; Sombre em fachada residencial em Mogi Gua\u00e7u-SP"}]},{"@type":"WebSite","@id":"https:\/\/ninamartinelli.com.br\/blog2\/#website","url":"https:\/\/ninamartinelli.com.br\/blog2\/","name":"Nina Martinelli","description":"#Nina_Martinelli","publisher":{"@id":"https:\/\/ninamartinelli.com.br\/blog2\/#organization"},"potentialAction":[{"@type":"SearchAction","target":{"@type":"EntryPoint","urlTemplate":"https:\/\/ninamartinelli.com.br\/blog2\/?s={search_term_string}"},"query-input":{"@type":"PropertyValueSpecification","valueRequired":true,"valueName":"search_term_string"}}],"inLanguage":"pt-BR"},{"@type":"Organization","@id":"https:\/\/ninamartinelli.com.br\/blog2\/#organization","name":"Blog Novidades","url":"https:\/\/ninamartinelli.com.br\/blog2\/","logo":{"@type":"ImageObject","inLanguage":"pt-BR","@id":"https:\/\/ninamartinelli.com.br\/blog2\/#\/schema\/logo\/image\/","url":"http:\/\/blog.ninamartinelli.com.br\/wp-content\/uploads\/2022\/03\/logo_nina_blog.png","contentUrl":"http:\/\/blog.ninamartinelli.com.br\/wp-content\/uploads\/2022\/03\/logo_nina_blog.png","width":500,"height":104,"caption":"Blog Novidades"},"image":{"@id":"https:\/\/ninamartinelli.com.br\/blog2\/#\/schema\/logo\/image\/"}},{"@type":"Person","@id":"https:\/\/ninamartinelli.com.br\/blog2\/#\/schema\/person\/43fbfb1d4cbe3b472995206b2bb06df5","name":"Ana Maria Devides","image":{"@type":"ImageObject","inLanguage":"pt-BR","@id":"https:\/\/ninamartinelli.com.br\/blog2\/#\/schema\/person\/image\/","url":"https:\/\/secure.gravatar.com\/avatar\/a03a82675d8bb3da8e5c5a6872db97be?s=96&d=mm&r=g","contentUrl":"https:\/\/secure.gravatar.com\/avatar\/a03a82675d8bb3da8e5c5a6872db97be?s=96&d=mm&r=g","caption":"Ana Maria Devides"},"url":"https:\/\/ninamartinelli.com.br\/blog2\/author\/assessoria-nina-martinelli\/"}]}},"_links":{"self":[{"href":"https:\/\/ninamartinelli.com.br\/blog2\/wp-json\/wp\/v2\/posts\/2789","targetHints":{"allow":["GET"]}}],"collection":[{"href":"https:\/\/ninamartinelli.com.br\/blog2\/wp-json\/wp\/v2\/posts"}],"about":[{"href":"https:\/\/ninamartinelli.com.br\/blog2\/wp-json\/wp\/v2\/types\/post"}],"author":[{"embeddable":true,"href":"https:\/\/ninamartinelli.com.br\/blog2\/wp-json\/wp\/v2\/users\/2"}],"replies":[{"embeddable":true,"href":"https:\/\/ninamartinelli.com.br\/blog2\/wp-json\/wp\/v2\/comments?post=2789"}],"version-history":[{"count":3,"href":"https:\/\/ninamartinelli.com.br\/blog2\/wp-json\/wp\/v2\/posts\/2789\/revisions"}],"predecessor-version":[{"id":2798,"href":"https:\/\/ninamartinelli.com.br\/blog2\/wp-json\/wp\/v2\/posts\/2789\/revisions\/2798"}],"wp:featuredmedia":[{"embeddable":true,"href":"https:\/\/ninamartinelli.com.br\/blog2\/wp-json\/wp\/v2\/media\/2790"}],"wp:attachment":[{"href":"https:\/\/ninamartinelli.com.br\/blog2\/wp-json\/wp\/v2\/media?parent=2789"}],"wp:term":[{"taxonomy":"category","embeddable":true,"href":"https:\/\/ninamartinelli.com.br\/blog2\/wp-json\/wp\/v2\/categories?post=2789"},{"taxonomy":"post_tag","embeddable":true,"href":"https:\/\/ninamartinelli.com.br\/blog2\/wp-json\/wp\/v2\/tags?post=2789"}],"curies":[{"name":"wp","href":"https:\/\/api.w.org\/{rel}","templated":true}]}}