{"id":274,"date":"2018-01-25T14:03:33","date_gmt":"2018-01-25T16:03:33","guid":{"rendered":"http:\/\/ninamartinelli.com.br\/imprensa\/?p=274"},"modified":"2019-09-12T09:20:26","modified_gmt":"2019-09-12T12:20:26","slug":"revestimentos-que-valorizam-o-ambiente","status":"publish","type":"post","link":"https:\/\/ninamartinelli.com.br\/blog2\/revestimentos-que-valorizam-o-ambiente\/","title":{"rendered":"Revestimentos que valorizam o ambiente"},"content":{"rendered":"<h3>A Nina Martinelli fabrica revestimentos diferenciados que vestem as paredes e pisos<\/h3>\n<p>Com uma grande variedade de ciment\u00edcios com relevos e formatos diferenciados que conferem volume e movimento aos ambientes, usando ilumina\u00e7\u00e3o adequada \u00e9 poss\u00edvel ter um belo efeito visual.<\/p>\n<p>Usar revestimentos diferenciados \u00e9 uma tend\u00eancia no mercado de arquitetura e design\u00a0para valorizar os projetos, a Nina Martinelli est\u00e1 presente em diversos ambientes da Casa Cor, mostra de decora\u00e7\u00e3o que \u00e9 uma das principais vitrines de solu\u00e7\u00f5es inovadoras.<\/p>\n<p>Para parede a sugest\u00e3o \u00e9 o Floratto, revestimento ciment\u00edcio com jogo de relevos altos e baixos que simulam uma bela composi\u00e7\u00e3o floral, indicado para fachadas internas e externas, confere um efeito surpreendente.<\/p>\n<p>Dispon\u00edvel nas cores griggio, beige, bianco e concreto, al\u00e9m das cores oferecidas tamb\u00e9m \u00e9 poss\u00edvel aplicar tinta indicada para paredes, e customizar o ambiente como desejar.<\/p>\n<p>Na Casa Cor ES a arquiteta Marcela Carvalho usou o revestimento para valorizar a entrada do ambiente, com ilumina\u00e7\u00e3o que destaca seus contornos e relevos.<\/p>\n<p>A Sala de Leitura da Casa Cor Cear\u00e1 teve seu piso revestido com o ciment\u00edcio Esagonale, segundo os profissionais respons\u00e1veis pelo ambiente, Marcilio Sousa e Luciana Brasileiro o Esagonale da Nina Martinelli \u201cfaz alus\u00e3o aos pisos de cimento queimado das casas do interior do Cear\u00e1 , o uso do formato hexagonal traz uma bossa com seu tamanho e sua forma e se destaca entre as linhas retas das estantes e frisos do teto, a\u00a0cor fria faz\u00a0contraponto com o teto e paredes revestidas de madeira natural.\u201d<\/p>\n<p>FONTE:\u00a0https:\/\/www.brasilfashionnews.com.br\/revestimentos-que-valorizam-o-ambiente\/<\/p>\n","protected":false},"excerpt":{"rendered":"<p>A Nina Martinelli fabrica revestimentos diferenciados que vestem as paredes e pisos Com uma grande<\/p>\n","protected":false},"author":1,"featured_media":272,"comment_status":"open","ping_status":"open","sticky":false,"template":"","format":"standard","meta":{"footnotes":""},"categories":[27,8,26],"tags":[],"class_list":["post-274","post","type-post","status-publish","format-standard","has-post-thumbnail","hentry","category-casa-cor","category-colezione-cemento","category-revestimentos"],"yoast_head":"<!-- This site is optimized with the Yoast SEO plugin v26.8 - https:\/\/yoast.com\/product\/yoast-seo-wordpress\/ -->\n<title>Revestimentos que valorizam o ambiente - Blog Nina<\/title>\n<meta name=\"robots\" content=\"index, follow, max-snippet:-1, max-image-preview:large, max-video-preview:-1\" \/>\n<link rel=\"canonical\" href=\"https:\/\/ninamartinelli.com.br\/blog2\/revestimentos-que-valorizam-o-ambiente\/\" \/>\n<meta property=\"og:locale\" content=\"pt_BR\" \/>\n<meta property=\"og:type\" content=\"article\" \/>\n<meta property=\"og:title\" content=\"Revestimentos que valorizam o ambiente - Blog Nina\" \/>\n<meta property=\"og:description\" content=\"A Nina Martinelli fabrica revestimentos diferenciados que vestem as paredes e pisos Com uma grande\" \/>\n<meta property=\"og:url\" content=\"https:\/\/ninamartinelli.com.br\/blog2\/revestimentos-que-valorizam-o-ambiente\/\" \/>\n<meta property=\"og:site_name\" content=\"Blog Nina\" \/>\n<meta property=\"article:author\" content=\"http:\/\/facebook.com.br\/ninamartinellioficial\" \/>\n<meta property=\"article:published_time\" content=\"2018-01-25T16:03:33+00:00\" \/>\n<meta property=\"article:modified_time\" content=\"2019-09-12T12:20:26+00:00\" \/>\n<meta property=\"og:image\" content=\"https:\/\/ninamartinelli.com.br\/blog2\/wp-content\/uploads\/2018\/01\/Nina-Martinelli_Arquiteta-Marcela-Carvalho_Foto-Vitor-Carvalho_Casa-Cor-....jpg\" \/>\n\t<meta property=\"og:image:width\" content=\"690\" \/>\n\t<meta property=\"og:image:height\" content=\"460\" \/>\n\t<meta property=\"og:image:type\" content=\"image\/jpeg\" \/>\n<meta name=\"author\" content=\"Comunica\u00e7\u00e3o Nina\" \/>\n<meta name=\"twitter:card\" content=\"summary_large_image\" \/>\n<meta name=\"twitter:label1\" content=\"Escrito por\" \/>\n\t<meta name=\"twitter:data1\" content=\"Comunica\u00e7\u00e3o Nina\" \/>\n\t<meta name=\"twitter:label2\" content=\"Est. tempo de leitura\" \/>\n\t<meta name=\"twitter:data2\" content=\"1 minuto\" \/>\n<script type=\"application\/ld+json\" class=\"yoast-schema-graph\">{\"@context\":\"https:\/\/schema.org\",\"@graph\":[{\"@type\":\"Article\",\"@id\":\"https:\/\/ninamartinelli.com.br\/blog2\/revestimentos-que-valorizam-o-ambiente\/#article\",\"isPartOf\":{\"@id\":\"https:\/\/ninamartinelli.com.br\/blog2\/revestimentos-que-valorizam-o-ambiente\/\"},\"author\":{\"name\":\"Comunica\u00e7\u00e3o Nina\",\"@id\":\"https:\/\/ninamartinelli.com.br\/blog2\/#\/schema\/person\/880a2cdee0a047e9b55254085d24f922\"},\"headline\":\"Revestimentos que valorizam o ambiente\",\"datePublished\":\"2018-01-25T16:03:33+00:00\",\"dateModified\":\"2019-09-12T12:20:26+00:00\",\"mainEntityOfPage\":{\"@id\":\"https:\/\/ninamartinelli.com.br\/blog2\/revestimentos-que-valorizam-o-ambiente\/\"},\"wordCount\":272,\"commentCount\":0,\"publisher\":{\"@id\":\"https:\/\/ninamartinelli.com.br\/blog2\/#organization\"},\"image\":{\"@id\":\"https:\/\/ninamartinelli.com.br\/blog2\/revestimentos-que-valorizam-o-ambiente\/#primaryimage\"},\"thumbnailUrl\":\"https:\/\/ninamartinelli.com.br\/blog2\/wp-content\/uploads\/2018\/01\/Nina-Martinelli_Arquiteta-Marcela-Carvalho_Foto-Vitor-Carvalho_Casa-Cor-....jpg\",\"articleSection\":[\"CASA COR\",\"Colezione Cemento\",\"Revestimentos\"],\"inLanguage\":\"pt-BR\",\"potentialAction\":[{\"@type\":\"CommentAction\",\"name\":\"Comment\",\"target\":[\"https:\/\/ninamartinelli.com.br\/blog2\/revestimentos-que-valorizam-o-ambiente\/#respond\"]}]},{\"@type\":\"WebPage\",\"@id\":\"https:\/\/ninamartinelli.com.br\/blog2\/revestimentos-que-valorizam-o-ambiente\/\",\"url\":\"https:\/\/ninamartinelli.com.br\/blog2\/revestimentos-que-valorizam-o-ambiente\/\",\"name\":\"Revestimentos que valorizam o ambiente - Blog Nina\",\"isPartOf\":{\"@id\":\"https:\/\/ninamartinelli.com.br\/blog2\/#website\"},\"primaryImageOfPage\":{\"@id\":\"https:\/\/ninamartinelli.com.br\/blog2\/revestimentos-que-valorizam-o-ambiente\/#primaryimage\"},\"image\":{\"@id\":\"https:\/\/ninamartinelli.com.br\/blog2\/revestimentos-que-valorizam-o-ambiente\/#primaryimage\"},\"thumbnailUrl\":\"https:\/\/ninamartinelli.com.br\/blog2\/wp-content\/uploads\/2018\/01\/Nina-Martinelli_Arquiteta-Marcela-Carvalho_Foto-Vitor-Carvalho_Casa-Cor-....jpg\",\"datePublished\":\"2018-01-25T16:03:33+00:00\",\"dateModified\":\"2019-09-12T12:20:26+00:00\",\"breadcrumb\":{\"@id\":\"https:\/\/ninamartinelli.com.br\/blog2\/revestimentos-que-valorizam-o-ambiente\/#breadcrumb\"},\"inLanguage\":\"pt-BR\",\"potentialAction\":[{\"@type\":\"ReadAction\",\"target\":[\"https:\/\/ninamartinelli.com.br\/blog2\/revestimentos-que-valorizam-o-ambiente\/\"]}]},{\"@type\":\"ImageObject\",\"inLanguage\":\"pt-BR\",\"@id\":\"https:\/\/ninamartinelli.com.br\/blog2\/revestimentos-que-valorizam-o-ambiente\/#primaryimage\",\"url\":\"https:\/\/ninamartinelli.com.br\/blog2\/wp-content\/uploads\/2018\/01\/Nina-Martinelli_Arquiteta-Marcela-Carvalho_Foto-Vitor-Carvalho_Casa-Cor-....jpg\",\"contentUrl\":\"https:\/\/ninamartinelli.com.br\/blog2\/wp-content\/uploads\/2018\/01\/Nina-Martinelli_Arquiteta-Marcela-Carvalho_Foto-Vitor-Carvalho_Casa-Cor-....jpg\",\"width\":690,\"height\":460},{\"@type\":\"BreadcrumbList\",\"@id\":\"https:\/\/ninamartinelli.com.br\/blog2\/revestimentos-que-valorizam-o-ambiente\/#breadcrumb\",\"itemListElement\":[{\"@type\":\"ListItem\",\"position\":1,\"name\":\"In\u00edcio\",\"item\":\"https:\/\/ninamartinelli.com.br\/blog2\/\"},{\"@type\":\"ListItem\",\"position\":2,\"name\":\"Revestimentos que valorizam o ambiente\"}]},{\"@type\":\"WebSite\",\"@id\":\"https:\/\/ninamartinelli.com.br\/blog2\/#website\",\"url\":\"https:\/\/ninamartinelli.com.br\/blog2\/\",\"name\":\"Nina Martinelli\",\"description\":\"#Nina_Martinelli\",\"publisher\":{\"@id\":\"https:\/\/ninamartinelli.com.br\/blog2\/#organization\"},\"potentialAction\":[{\"@type\":\"SearchAction\",\"target\":{\"@type\":\"EntryPoint\",\"urlTemplate\":\"https:\/\/ninamartinelli.com.br\/blog2\/?s={search_term_string}\"},\"query-input\":{\"@type\":\"PropertyValueSpecification\",\"valueRequired\":true,\"valueName\":\"search_term_string\"}}],\"inLanguage\":\"pt-BR\"},{\"@type\":\"Organization\",\"@id\":\"https:\/\/ninamartinelli.com.br\/blog2\/#organization\",\"name\":\"Blog Novidades\",\"url\":\"https:\/\/ninamartinelli.com.br\/blog2\/\",\"logo\":{\"@type\":\"ImageObject\",\"inLanguage\":\"pt-BR\",\"@id\":\"https:\/\/ninamartinelli.com.br\/blog2\/#\/schema\/logo\/image\/\",\"url\":\"http:\/\/blog.ninamartinelli.com.br\/wp-content\/uploads\/2022\/03\/logo_nina_blog.png\",\"contentUrl\":\"http:\/\/blog.ninamartinelli.com.br\/wp-content\/uploads\/2022\/03\/logo_nina_blog.png\",\"width\":500,\"height\":104,\"caption\":\"Blog Novidades\"},\"image\":{\"@id\":\"https:\/\/ninamartinelli.com.br\/blog2\/#\/schema\/logo\/image\/\"}},{\"@type\":\"Person\",\"@id\":\"https:\/\/ninamartinelli.com.br\/blog2\/#\/schema\/person\/880a2cdee0a047e9b55254085d24f922\",\"name\":\"Comunica\u00e7\u00e3o Nina\",\"image\":{\"@type\":\"ImageObject\",\"inLanguage\":\"pt-BR\",\"@id\":\"https:\/\/ninamartinelli.com.br\/blog2\/#\/schema\/person\/image\/\",\"url\":\"https:\/\/secure.gravatar.com\/avatar\/0d3d763fb83768dd001497d074d4c4f6?s=96&d=mm&r=g\",\"contentUrl\":\"https:\/\/secure.gravatar.com\/avatar\/0d3d763fb83768dd001497d074d4c4f6?s=96&d=mm&r=g\",\"caption\":\"Comunica\u00e7\u00e3o Nina\"},\"sameAs\":[\"http:\/\/ninamartinelli.com.br\",\"http:\/\/facebook.com.br\/ninamartinellioficial\",\"http:\/\/instagram.com\/ninamartinellioficial\"],\"url\":\"https:\/\/ninamartinelli.com.br\/blog2\/author\/nina\/\"}]}<\/script>\n<!-- \/ Yoast SEO plugin. -->","yoast_head_json":{"title":"Revestimentos que valorizam o ambiente - Blog Nina","robots":{"index":"index","follow":"follow","max-snippet":"max-snippet:-1","max-image-preview":"max-image-preview:large","max-video-preview":"max-video-preview:-1"},"canonical":"https:\/\/ninamartinelli.com.br\/blog2\/revestimentos-que-valorizam-o-ambiente\/","og_locale":"pt_BR","og_type":"article","og_title":"Revestimentos que valorizam o ambiente - Blog Nina","og_description":"A Nina Martinelli fabrica revestimentos diferenciados que vestem as paredes e pisos Com uma grande","og_url":"https:\/\/ninamartinelli.com.br\/blog2\/revestimentos-que-valorizam-o-ambiente\/","og_site_name":"Blog Nina","article_author":"http:\/\/facebook.com.br\/ninamartinellioficial","article_published_time":"2018-01-25T16:03:33+00:00","article_modified_time":"2019-09-12T12:20:26+00:00","og_image":[{"width":690,"height":460,"url":"https:\/\/ninamartinelli.com.br\/blog2\/wp-content\/uploads\/2018\/01\/Nina-Martinelli_Arquiteta-Marcela-Carvalho_Foto-Vitor-Carvalho_Casa-Cor-....jpg","type":"image\/jpeg"}],"author":"Comunica\u00e7\u00e3o Nina","twitter_card":"summary_large_image","twitter_misc":{"Escrito por":"Comunica\u00e7\u00e3o Nina","Est. tempo de leitura":"1 minuto"},"schema":{"@context":"https:\/\/schema.org","@graph":[{"@type":"Article","@id":"https:\/\/ninamartinelli.com.br\/blog2\/revestimentos-que-valorizam-o-ambiente\/#article","isPartOf":{"@id":"https:\/\/ninamartinelli.com.br\/blog2\/revestimentos-que-valorizam-o-ambiente\/"},"author":{"name":"Comunica\u00e7\u00e3o Nina","@id":"https:\/\/ninamartinelli.com.br\/blog2\/#\/schema\/person\/880a2cdee0a047e9b55254085d24f922"},"headline":"Revestimentos que valorizam o ambiente","datePublished":"2018-01-25T16:03:33+00:00","dateModified":"2019-09-12T12:20:26+00:00","mainEntityOfPage":{"@id":"https:\/\/ninamartinelli.com.br\/blog2\/revestimentos-que-valorizam-o-ambiente\/"},"wordCount":272,"commentCount":0,"publisher":{"@id":"https:\/\/ninamartinelli.com.br\/blog2\/#organization"},"image":{"@id":"https:\/\/ninamartinelli.com.br\/blog2\/revestimentos-que-valorizam-o-ambiente\/#primaryimage"},"thumbnailUrl":"https:\/\/ninamartinelli.com.br\/blog2\/wp-content\/uploads\/2018\/01\/Nina-Martinelli_Arquiteta-Marcela-Carvalho_Foto-Vitor-Carvalho_Casa-Cor-....jpg","articleSection":["CASA COR","Colezione Cemento","Revestimentos"],"inLanguage":"pt-BR","potentialAction":[{"@type":"CommentAction","name":"Comment","target":["https:\/\/ninamartinelli.com.br\/blog2\/revestimentos-que-valorizam-o-ambiente\/#respond"]}]},{"@type":"WebPage","@id":"https:\/\/ninamartinelli.com.br\/blog2\/revestimentos-que-valorizam-o-ambiente\/","url":"https:\/\/ninamartinelli.com.br\/blog2\/revestimentos-que-valorizam-o-ambiente\/","name":"Revestimentos que valorizam o ambiente - Blog Nina","isPartOf":{"@id":"https:\/\/ninamartinelli.com.br\/blog2\/#website"},"primaryImageOfPage":{"@id":"https:\/\/ninamartinelli.com.br\/blog2\/revestimentos-que-valorizam-o-ambiente\/#primaryimage"},"image":{"@id":"https:\/\/ninamartinelli.com.br\/blog2\/revestimentos-que-valorizam-o-ambiente\/#primaryimage"},"thumbnailUrl":"https:\/\/ninamartinelli.com.br\/blog2\/wp-content\/uploads\/2018\/01\/Nina-Martinelli_Arquiteta-Marcela-Carvalho_Foto-Vitor-Carvalho_Casa-Cor-....jpg","datePublished":"2018-01-25T16:03:33+00:00","dateModified":"2019-09-12T12:20:26+00:00","breadcrumb":{"@id":"https:\/\/ninamartinelli.com.br\/blog2\/revestimentos-que-valorizam-o-ambiente\/#breadcrumb"},"inLanguage":"pt-BR","potentialAction":[{"@type":"ReadAction","target":["https:\/\/ninamartinelli.com.br\/blog2\/revestimentos-que-valorizam-o-ambiente\/"]}]},{"@type":"ImageObject","inLanguage":"pt-BR","@id":"https:\/\/ninamartinelli.com.br\/blog2\/revestimentos-que-valorizam-o-ambiente\/#primaryimage","url":"https:\/\/ninamartinelli.com.br\/blog2\/wp-content\/uploads\/2018\/01\/Nina-Martinelli_Arquiteta-Marcela-Carvalho_Foto-Vitor-Carvalho_Casa-Cor-....jpg","contentUrl":"https:\/\/ninamartinelli.com.br\/blog2\/wp-content\/uploads\/2018\/01\/Nina-Martinelli_Arquiteta-Marcela-Carvalho_Foto-Vitor-Carvalho_Casa-Cor-....jpg","width":690,"height":460},{"@type":"BreadcrumbList","@id":"https:\/\/ninamartinelli.com.br\/blog2\/revestimentos-que-valorizam-o-ambiente\/#breadcrumb","itemListElement":[{"@type":"ListItem","position":1,"name":"In\u00edcio","item":"https:\/\/ninamartinelli.com.br\/blog2\/"},{"@type":"ListItem","position":2,"name":"Revestimentos que valorizam o ambiente"}]},{"@type":"WebSite","@id":"https:\/\/ninamartinelli.com.br\/blog2\/#website","url":"https:\/\/ninamartinelli.com.br\/blog2\/","name":"Nina Martinelli","description":"#Nina_Martinelli","publisher":{"@id":"https:\/\/ninamartinelli.com.br\/blog2\/#organization"},"potentialAction":[{"@type":"SearchAction","target":{"@type":"EntryPoint","urlTemplate":"https:\/\/ninamartinelli.com.br\/blog2\/?s={search_term_string}"},"query-input":{"@type":"PropertyValueSpecification","valueRequired":true,"valueName":"search_term_string"}}],"inLanguage":"pt-BR"},{"@type":"Organization","@id":"https:\/\/ninamartinelli.com.br\/blog2\/#organization","name":"Blog Novidades","url":"https:\/\/ninamartinelli.com.br\/blog2\/","logo":{"@type":"ImageObject","inLanguage":"pt-BR","@id":"https:\/\/ninamartinelli.com.br\/blog2\/#\/schema\/logo\/image\/","url":"http:\/\/blog.ninamartinelli.com.br\/wp-content\/uploads\/2022\/03\/logo_nina_blog.png","contentUrl":"http:\/\/blog.ninamartinelli.com.br\/wp-content\/uploads\/2022\/03\/logo_nina_blog.png","width":500,"height":104,"caption":"Blog Novidades"},"image":{"@id":"https:\/\/ninamartinelli.com.br\/blog2\/#\/schema\/logo\/image\/"}},{"@type":"Person","@id":"https:\/\/ninamartinelli.com.br\/blog2\/#\/schema\/person\/880a2cdee0a047e9b55254085d24f922","name":"Comunica\u00e7\u00e3o Nina","image":{"@type":"ImageObject","inLanguage":"pt-BR","@id":"https:\/\/ninamartinelli.com.br\/blog2\/#\/schema\/person\/image\/","url":"https:\/\/secure.gravatar.com\/avatar\/0d3d763fb83768dd001497d074d4c4f6?s=96&d=mm&r=g","contentUrl":"https:\/\/secure.gravatar.com\/avatar\/0d3d763fb83768dd001497d074d4c4f6?s=96&d=mm&r=g","caption":"Comunica\u00e7\u00e3o Nina"},"sameAs":["http:\/\/ninamartinelli.com.br","http:\/\/facebook.com.br\/ninamartinellioficial","http:\/\/instagram.com\/ninamartinellioficial"],"url":"https:\/\/ninamartinelli.com.br\/blog2\/author\/nina\/"}]}},"_links":{"self":[{"href":"https:\/\/ninamartinelli.com.br\/blog2\/wp-json\/wp\/v2\/posts\/274","targetHints":{"allow":["GET"]}}],"collection":[{"href":"https:\/\/ninamartinelli.com.br\/blog2\/wp-json\/wp\/v2\/posts"}],"about":[{"href":"https:\/\/ninamartinelli.com.br\/blog2\/wp-json\/wp\/v2\/types\/post"}],"author":[{"embeddable":true,"href":"https:\/\/ninamartinelli.com.br\/blog2\/wp-json\/wp\/v2\/users\/1"}],"replies":[{"embeddable":true,"href":"https:\/\/ninamartinelli.com.br\/blog2\/wp-json\/wp\/v2\/comments?post=274"}],"version-history":[{"count":1,"href":"https:\/\/ninamartinelli.com.br\/blog2\/wp-json\/wp\/v2\/posts\/274\/revisions"}],"predecessor-version":[{"id":276,"href":"https:\/\/ninamartinelli.com.br\/blog2\/wp-json\/wp\/v2\/posts\/274\/revisions\/276"}],"wp:featuredmedia":[{"embeddable":true,"href":"https:\/\/ninamartinelli.com.br\/blog2\/wp-json\/wp\/v2\/media\/272"}],"wp:attachment":[{"href":"https:\/\/ninamartinelli.com.br\/blog2\/wp-json\/wp\/v2\/media?parent=274"}],"wp:term":[{"taxonomy":"category","embeddable":true,"href":"https:\/\/ninamartinelli.com.br\/blog2\/wp-json\/wp\/v2\/categories?post=274"},{"taxonomy":"post_tag","embeddable":true,"href":"https:\/\/ninamartinelli.com.br\/blog2\/wp-json\/wp\/v2\/tags?post=274"}],"curies":[{"name":"wp","href":"https:\/\/api.w.org\/{rel}","templated":true}]}}