{"id":2662,"date":"2025-03-06T10:30:53","date_gmt":"2025-03-06T13:30:53","guid":{"rendered":"https:\/\/ninamartinelli.com.br\/blog2\/?p=2662"},"modified":"2025-03-06T10:30:53","modified_gmt":"2025-03-06T13:30:53","slug":"expo-revestir-2025-nina-martinelli-apresenta-a-colecao-esperienza-acabamentos-para-ambientes-que-nos-conectam","status":"publish","type":"post","link":"https:\/\/ninamartinelli.com.br\/blog2\/expo-revestir-2025-nina-martinelli-apresenta-a-colecao-esperienza-acabamentos-para-ambientes-que-nos-conectam\/","title":{"rendered":"Expo Revestir 2025 \u2013 Nina Martinelli apresenta a Cole\u00e7\u00e3o Esperienza, acabamentos para ambientes que nos conectam"},"content":{"rendered":"<p><strong>Expo Revestir 2025 <\/strong>&#8211; Para al\u00e9m da forma, da fun\u00e7\u00e3o e da est\u00e9tica, h\u00e1 que se considerar a import\u00e2ncia sensorial dos espa\u00e7os, e que \u00e9 diretamente influenciada, quando n\u00e3o determinada, pelos elementos que os comp\u00f5em. E que podem e devem gerar conex\u00f5es \u00fanicas e marcantes entre pessoas e ambientes.<\/p>\n<p>\u00c9 essa premissa que Nina Martinelli usou como ponto de partida para desenvolver e apresentar a Cole\u00e7\u00e3o Esperienza, que ser\u00e1 destaque absoluto no estande da marca na <a href=\"https:\/\/www.exporevestir.com.br\/\">Expo Revestir 2025<\/a>, que come\u00e7a no pr\u00f3ximo dia 10 e vai at\u00e9 dia 14 de mar\u00e7o, no Pavilh\u00e3o S\u00e3o Paulo Expo, na capital paulista.<\/p>\n<p>Neste que \u00e9 o maior evento do segmento de acabamentos da Am\u00e9rica latina, Nina Martinelli prop\u00f5e mais do que estar, utilizar e contemplar os ambientes, ir al\u00e9m, e experienciar os espa\u00e7os.<\/p>\n<p>Nessa proposta, pisos e revestimentos s\u00e3o al\u00e7ados aos papeis de interlocutores, que dialogam com a sensibilidade e propiciam, intuitivamente, a intera\u00e7\u00e3o das pessoas com os ambientes \u2013 seja pelo toque, seja pelo movimento, seja pelas sensa\u00e7\u00f5es, num processo de aut\u00eantica experimenta\u00e7\u00e3o.<\/p>\n<p>Mantendo, aprimorando e reafirmando seu imut\u00e1vel compromisso com a qualidade, a beleza, a diferencia\u00e7\u00e3o e a sustentabilidade, e fiel \u00e0 sua ancestralidade, o que ali\u00e1s a consagra e a destaca no mercado h\u00e1 25 anos,<\/p>\n<p>Em seu estande concebido pelo arquiteto goiano <a href=\"https:\/\/www.instagram.com\/arqmarcoslula\/\">Marcos Lula<\/a>, Nina Martinelli traz novos modelos feitos \u00e0 m\u00e3o \u2013 de pessoas para pessoas. E que s\u00e3o resultado de um processo artesanal minucioso, no qual a habilidade e a sensibilidade da produ\u00e7\u00e3o se refletem em cada detalhe.<\/p>\n<p>Preparamos uma \u201cmini s\u00e9rie\u201d de duas mat\u00e9rias especiais para voc\u00ea j\u00e1 se surpreender com os lan\u00e7amentos. Vamos \u00e0 primeira parte?<\/p>\n<p><strong>Quadratto Vecchio Allineato <\/strong><\/p>\n<p>O modelo consiste em pe\u00e7as produzidas uma a uma de forma sustent\u00e1vel, com uso de material reciclado, apresentando um toque \u00fanico e diferenciado, que denota suavidade, naturalidade e, ao mesmo tempo, for\u00e7a e autenticidade.<\/p>\n<p>As medidas dispon\u00edveis s\u00e3o pe\u00e7as de 7x7cm, em placas de 28x28cm e os tons oferecidos s\u00e3o<\/p>\n<p>Algod\u00e3o, Vime, Linho, N\u00e9voa, Terracota e Pietre.<\/p>\n<p>A mesma proposta \u00e9 apresentada no modelo <strong>Rettangolo Vecchio Allineato<\/strong>, cujas pe\u00e7as medem 7x14cm e s\u00e3o disponibilizadas nos mesmos tons.<\/p>\n<figure id=\"attachment_2664\" aria-describedby=\"caption-attachment-2664\" style=\"width: 269px\" class=\"wp-caption aligncenter\"><img loading=\"lazy\" decoding=\"async\" class=\" wp-image-2664\" src=\"https:\/\/ninamartinelli.com.br\/blog2\/wp-content\/uploads\/2025\/03\/1.-Quadratto-Vecchio-Allineato-Algodao-28x28-1-240x300.jpg\" alt=\"\" width=\"269\" height=\"336\" srcset=\"https:\/\/ninamartinelli.com.br\/blog2\/wp-content\/uploads\/2025\/03\/1.-Quadratto-Vecchio-Allineato-Algodao-28x28-1-240x300.jpg 240w, https:\/\/ninamartinelli.com.br\/blog2\/wp-content\/uploads\/2025\/03\/1.-Quadratto-Vecchio-Allineato-Algodao-28x28-1-819x1024.jpg 819w, https:\/\/ninamartinelli.com.br\/blog2\/wp-content\/uploads\/2025\/03\/1.-Quadratto-Vecchio-Allineato-Algodao-28x28-1-768x960.jpg 768w, https:\/\/ninamartinelli.com.br\/blog2\/wp-content\/uploads\/2025\/03\/1.-Quadratto-Vecchio-Allineato-Algodao-28x28-1-1229x1536.jpg 1229w, https:\/\/ninamartinelli.com.br\/blog2\/wp-content\/uploads\/2025\/03\/1.-Quadratto-Vecchio-Allineato-Algodao-28x28-1-1638x2048.jpg 1638w, https:\/\/ninamartinelli.com.br\/blog2\/wp-content\/uploads\/2025\/03\/1.-Quadratto-Vecchio-Allineato-Algodao-28x28-1-1024x1280.jpg 1024w, https:\/\/ninamartinelli.com.br\/blog2\/wp-content\/uploads\/2025\/03\/1.-Quadratto-Vecchio-Allineato-Algodao-28x28-1-scaled.jpg 2048w\" sizes=\"auto, (max-width: 269px) 100vw, 269px\" \/><figcaption id=\"caption-attachment-2664\" class=\"wp-caption-text\">Quadratto Vecchio Allineato Algod\u00e3o<\/figcaption><\/figure>\n<figure id=\"attachment_2666\" aria-describedby=\"caption-attachment-2666\" style=\"width: 264px\" class=\"wp-caption aligncenter\"><img loading=\"lazy\" decoding=\"async\" class=\" wp-image-2666\" src=\"https:\/\/ninamartinelli.com.br\/blog2\/wp-content\/uploads\/2025\/03\/2.-Rettangolo-Vecchio-Allineato-Linho-7x14-1-240x300.jpg\" alt=\"\" width=\"264\" height=\"331\" srcset=\"https:\/\/ninamartinelli.com.br\/blog2\/wp-content\/uploads\/2025\/03\/2.-Rettangolo-Vecchio-Allineato-Linho-7x14-1-240x300.jpg 240w, https:\/\/ninamartinelli.com.br\/blog2\/wp-content\/uploads\/2025\/03\/2.-Rettangolo-Vecchio-Allineato-Linho-7x14-1-819x1024.jpg 819w, https:\/\/ninamartinelli.com.br\/blog2\/wp-content\/uploads\/2025\/03\/2.-Rettangolo-Vecchio-Allineato-Linho-7x14-1-768x960.jpg 768w, https:\/\/ninamartinelli.com.br\/blog2\/wp-content\/uploads\/2025\/03\/2.-Rettangolo-Vecchio-Allineato-Linho-7x14-1-1229x1536.jpg 1229w, https:\/\/ninamartinelli.com.br\/blog2\/wp-content\/uploads\/2025\/03\/2.-Rettangolo-Vecchio-Allineato-Linho-7x14-1-1638x2048.jpg 1638w, https:\/\/ninamartinelli.com.br\/blog2\/wp-content\/uploads\/2025\/03\/2.-Rettangolo-Vecchio-Allineato-Linho-7x14-1-1024x1280.jpg 1024w, https:\/\/ninamartinelli.com.br\/blog2\/wp-content\/uploads\/2025\/03\/2.-Rettangolo-Vecchio-Allineato-Linho-7x14-1-scaled.jpg 2048w\" sizes=\"auto, (max-width: 264px) 100vw, 264px\" \/><figcaption id=\"caption-attachment-2666\" class=\"wp-caption-text\">Rettangolo Vecchio Allineato Linho<\/figcaption><\/figure>\n<p><strong>Due Vecchio Anciano<\/strong><\/p>\n<p>Pe\u00e7as em cer\u00e2mica natural, que passam por processo duplo de queima, resultando em superf\u00edcies e arestas de aspecto naturalmente envelhecido pela hist\u00f3ria e pelo correr do tempo, para dar aquela maravilhosa sensa\u00e7\u00e3o de ambiente novo, mas com aquele charme de um espa\u00e7o que parece estar consolidado, cheio de personalidade e hist\u00f3ria.<\/p>\n<p>As variadas dimens\u00f5es favorecem a criatividade dos especificadores: pe\u00e7as de 4&#215;11,5cm, em placas de 11,5x28cm, pe\u00e7as de 9x9cm, pe\u00e7as 7x7cm em placas de 28x28cm, e ainda pe\u00e7as de 4x23cm em placas de 23x28cm e por fim, em pe\u00e7as de 7x14cm. O modelo \u00e9 oferecido nos tons Rosso, Paglia, Nero, Bianco e Areia.<\/p>\n<figure id=\"attachment_2665\" aria-describedby=\"caption-attachment-2665\" style=\"width: 320px\" class=\"wp-caption aligncenter\"><img loading=\"lazy\" decoding=\"async\" class=\"wp-image-2665\" src=\"https:\/\/ninamartinelli.com.br\/blog2\/wp-content\/uploads\/2025\/03\/3.-Due-Vecchio-Anciano-Bianco-115x28-1-240x300.jpg\" alt=\"\" width=\"320\" height=\"400\" srcset=\"https:\/\/ninamartinelli.com.br\/blog2\/wp-content\/uploads\/2025\/03\/3.-Due-Vecchio-Anciano-Bianco-115x28-1-240x300.jpg 240w, https:\/\/ninamartinelli.com.br\/blog2\/wp-content\/uploads\/2025\/03\/3.-Due-Vecchio-Anciano-Bianco-115x28-1-819x1024.jpg 819w, https:\/\/ninamartinelli.com.br\/blog2\/wp-content\/uploads\/2025\/03\/3.-Due-Vecchio-Anciano-Bianco-115x28-1-768x960.jpg 768w, https:\/\/ninamartinelli.com.br\/blog2\/wp-content\/uploads\/2025\/03\/3.-Due-Vecchio-Anciano-Bianco-115x28-1-1229x1536.jpg 1229w, https:\/\/ninamartinelli.com.br\/blog2\/wp-content\/uploads\/2025\/03\/3.-Due-Vecchio-Anciano-Bianco-115x28-1-1638x2048.jpg 1638w, https:\/\/ninamartinelli.com.br\/blog2\/wp-content\/uploads\/2025\/03\/3.-Due-Vecchio-Anciano-Bianco-115x28-1-1024x1280.jpg 1024w, https:\/\/ninamartinelli.com.br\/blog2\/wp-content\/uploads\/2025\/03\/3.-Due-Vecchio-Anciano-Bianco-115x28-1-scaled.jpg 2048w\" sizes=\"auto, (max-width: 320px) 100vw, 320px\" \/><figcaption id=\"caption-attachment-2665\" class=\"wp-caption-text\">Due Vecchio Anciano Bianco<\/figcaption><\/figure>\n<p>&nbsp;<\/p>\n<p><strong>Due Vecchio Terracota<\/strong><\/p>\n<p>Facetas de \u2018tijolinhos\u2019 em cer\u00e2mica natural, que levam materiais reciclados em sua composi\u00e7\u00e3o e passam por processo duplo de queima, conferindo \u00e0s pe\u00e7as uma textura r\u00fastica e rica em nuances e pontilhados alternando cores terrosas e claras, e de aspecto org\u00e2nico. Dispon\u00edvel nas dimens\u00f5es: pe\u00e7as de 7x7cm em placas de 28x28cm e tamb\u00e9m pe\u00e7as de 4x8cmm em placas de 8x28cm.<\/p>\n<figure id=\"attachment_2663\" aria-describedby=\"caption-attachment-2663\" style=\"width: 366px\" class=\"wp-caption aligncenter\"><img loading=\"lazy\" decoding=\"async\" class=\"wp-image-2663 \" src=\"https:\/\/ninamartinelli.com.br\/blog2\/wp-content\/uploads\/2025\/03\/4.-Due-Vecchio-Terracota-28x28-1-300x212.jpg\" alt=\"\" width=\"366\" height=\"259\" srcset=\"https:\/\/ninamartinelli.com.br\/blog2\/wp-content\/uploads\/2025\/03\/4.-Due-Vecchio-Terracota-28x28-1-300x212.jpg 300w, https:\/\/ninamartinelli.com.br\/blog2\/wp-content\/uploads\/2025\/03\/4.-Due-Vecchio-Terracota-28x28-1-1024x724.jpg 1024w, https:\/\/ninamartinelli.com.br\/blog2\/wp-content\/uploads\/2025\/03\/4.-Due-Vecchio-Terracota-28x28-1-768x543.jpg 768w, https:\/\/ninamartinelli.com.br\/blog2\/wp-content\/uploads\/2025\/03\/4.-Due-Vecchio-Terracota-28x28-1-1536x1086.jpg 1536w, https:\/\/ninamartinelli.com.br\/blog2\/wp-content\/uploads\/2025\/03\/4.-Due-Vecchio-Terracota-28x28-1-2048x1448.jpg 2048w\" sizes=\"auto, (max-width: 366px) 100vw, 366px\" \/><figcaption id=\"caption-attachment-2663\" class=\"wp-caption-text\">Due Vecchio Terracota<\/figcaption><\/figure>\n<p><strong>Due Vecchio Trap\u00e9zio<\/strong><\/p>\n<p>Como o pr\u00f3prio nome diz, o modelo \u00e9 apresentado em pe\u00e7as em cer\u00e2mica natural cortadas em formato de trap\u00e9zio, que levam materiais reciclados em sua composi\u00e7\u00e3o e passam por processo duplo de queima, conferindo \u00e0s pe\u00e7as uma textura r\u00fastica e rica em nuances e pontilhados alternando cores terrosas e claras, e de aspecto org\u00e2nico. Mede 12x8x6cm e \u00e9 disponibilizado nos tons Rosso, Paglia e Nero.<\/p>\n<p><strong>Rettangolo Piccolo Nature<\/strong><\/p>\n<p>Pe\u00e7as em cer\u00e2mica natural com acabamento cuidadosamente esfoliado, apresentando riscos e sulcos que d\u00e3o ainda mais originalidade e autenticidade \u00e0 pe\u00e7a. Vers\u00e1til para pagina\u00e7\u00f5es, \u00e9 ainda mais impactante quando aplicado em composi\u00e7\u00f5es alinhadas, criando um efeito que denota detalhamento, solidez e conforto visual.<\/p>\n<p>As pe\u00e7as desse modelo medem 3,5x21cm e est\u00e3o dispon\u00edveis nos tons Rosso e Paglia.<\/p>\n<p><strong>Cotto Vecchio Giusto<\/strong><\/p>\n<p>A renomada e cer\u00e2mica envelhecida Cotto Vecchio da Nina Martinelli, amplamente utilizado em pagina\u00e7\u00f5es alinhadas com espa\u00e7amentos bem marcados, \u00e9 lan\u00e7ada em novas dimens\u00f5es e com um detalhe muito diferenciado: agora, al\u00e9m das j\u00e1 amadas varia\u00e7\u00f5es naturais de tonalidade resultantes dos processos de queima e envelhecimento, esse novo modelo vem com acabamento especial, feito para favorecer o assentamento com junta seca \u2013 sem espa\u00e7o para rejunte.<\/p>\n<p>Tonalidades e medidas devem consultadas, num universo Rosso, Paglia e Nero e dimens\u00f5es como 9x44cm, 8x5x27cm e, ainda, 9x29cm.<\/p>\n<figure id=\"attachment_2667\" aria-describedby=\"caption-attachment-2667\" style=\"width: 473px\" class=\"wp-caption aligncenter\"><img loading=\"lazy\" decoding=\"async\" class=\" wp-image-2667\" src=\"https:\/\/ninamartinelli.com.br\/blog2\/wp-content\/uploads\/2025\/03\/GIUSTO-300x212.jpg\" alt=\"\" width=\"473\" height=\"334\" srcset=\"https:\/\/ninamartinelli.com.br\/blog2\/wp-content\/uploads\/2025\/03\/GIUSTO-300x212.jpg 300w, https:\/\/ninamartinelli.com.br\/blog2\/wp-content\/uploads\/2025\/03\/GIUSTO-1024x724.jpg 1024w, https:\/\/ninamartinelli.com.br\/blog2\/wp-content\/uploads\/2025\/03\/GIUSTO-768x543.jpg 768w, https:\/\/ninamartinelli.com.br\/blog2\/wp-content\/uploads\/2025\/03\/GIUSTO-1536x1086.jpg 1536w, https:\/\/ninamartinelli.com.br\/blog2\/wp-content\/uploads\/2025\/03\/GIUSTO-2048x1448.jpg 2048w\" sizes=\"auto, (max-width: 473px) 100vw, 473px\" \/><figcaption id=\"caption-attachment-2667\" class=\"wp-caption-text\">Cotto Vecchio Giusto<\/figcaption><\/figure>\n<p>Na pr\u00f3xima semana, enquanto a Expo Revestir estiver acontecendo, aqui mesmo poder\u00e3o ser conhecidos tamb\u00e9m os outros lan\u00e7amentos \u2013 Adornare Tracciato, Adornare Striato, Adornare Ondulato, os Drenantes Assorbi, e o Frazione. N\u00e3o perca!<\/p>\n<p>E se voc\u00ea vai prestigiar a Expo Revestir, sinta-se desde j\u00e1 convidado a visitar o estande C11, onde a equipe da Nina Martinelli estar\u00e1 dispon\u00edvel para muitas trocas de informa\u00e7\u00f5es, inspira\u00e7\u00f5es e boas oportunidades!<\/p>\n<p><strong><em>Servi\u00e7o<\/em><\/strong><\/p>\n<p><strong><em>Expo Revestir 2025<\/em><\/strong><\/p>\n<p><strong><em>10 a 14 de Mar\u00e7o <\/em><\/strong><\/p>\n<p><strong><em>Pavilh\u00e3o S\u00e3o Paulo Expo<\/em><\/strong><\/p>\n<p><strong><em>S\u00e3o Paulo \u2013 Capital<\/em><\/strong><\/p>\n<p><strong><em>Estande Nina \u2013 C11<\/em><\/strong><\/p>\n","protected":false},"excerpt":{"rendered":"<p>Expo Revestir 2025 &#8211; Para al\u00e9m da forma, da fun\u00e7\u00e3o e da est\u00e9tica, h\u00e1 que<\/p>\n","protected":false},"author":2,"featured_media":2663,"comment_status":"open","ping_status":"open","sticky":false,"template":"","format":"standard","meta":{"footnotes":""},"categories":[48,178,19,129],"tags":[98,100,168,131],"class_list":["post-2662","post","type-post","status-publish","format-standard","has-post-thumbnail","hentry","category-expo-revestir","category-lancamentos-2025","category-mostras-e-eventos","category-sustentabilidade","tag-expo-revestir","tag-lancamentos","tag-producao-artesanal","tag-sustentabilidade"],"yoast_head":"<!-- This site is optimized with the Yoast SEO plugin v26.8 - https:\/\/yoast.com\/product\/yoast-seo-wordpress\/ -->\n<title>Expo Revestir 2025 \u2013 Nina Martinelli apresenta a Cole\u00e7\u00e3o Esperienza, acabamentos para ambientes que nos conectam<\/title>\n<meta name=\"description\" content=\"Expo Revestir 2025 - Conhe\u00e7a em primeira m\u00e3o alguns dos lan\u00e7amentos maravilhosos da Cole\u00e7\u00e3o Esperienza, que Nina Martinelli vai apresentar na feira\" \/>\n<meta name=\"robots\" content=\"index, follow, max-snippet:-1, max-image-preview:large, max-video-preview:-1\" \/>\n<link rel=\"canonical\" href=\"https:\/\/ninamartinelli.com.br\/blog2\/expo-revestir-2025-nina-martinelli-apresenta-a-colecao-esperienza-acabamentos-para-ambientes-que-nos-conectam\/\" \/>\n<meta property=\"og:locale\" content=\"pt_BR\" \/>\n<meta property=\"og:type\" content=\"article\" \/>\n<meta property=\"og:title\" content=\"Expo Revestir 2025 \u2013 Nina Martinelli apresenta a Cole\u00e7\u00e3o Esperienza, acabamentos para ambientes que nos conectam\" \/>\n<meta property=\"og:description\" content=\"Expo Revestir 2025 - Conhe\u00e7a em primeira m\u00e3o alguns dos lan\u00e7amentos maravilhosos da Cole\u00e7\u00e3o Esperienza, que Nina Martinelli vai apresentar na feira\" \/>\n<meta property=\"og:url\" content=\"https:\/\/ninamartinelli.com.br\/blog2\/expo-revestir-2025-nina-martinelli-apresenta-a-colecao-esperienza-acabamentos-para-ambientes-que-nos-conectam\/\" \/>\n<meta property=\"og:site_name\" content=\"Blog Nina\" \/>\n<meta property=\"article:published_time\" content=\"2025-03-06T13:30:53+00:00\" \/>\n<meta property=\"og:image\" content=\"https:\/\/ninamartinelli.com.br\/blog2\/wp-content\/uploads\/2025\/03\/4.-Due-Vecchio-Terracota-28x28-1-scaled.jpg\" \/>\n\t<meta property=\"og:image:width\" content=\"2560\" \/>\n\t<meta property=\"og:image:height\" content=\"1810\" \/>\n\t<meta property=\"og:image:type\" content=\"image\/jpeg\" \/>\n<meta name=\"author\" content=\"Ana Maria Devides\" \/>\n<meta name=\"twitter:card\" content=\"summary_large_image\" \/>\n<meta name=\"twitter:label1\" content=\"Escrito por\" \/>\n\t<meta name=\"twitter:data1\" content=\"Ana Maria Devides\" \/>\n\t<meta name=\"twitter:label2\" content=\"Est. tempo de leitura\" \/>\n\t<meta name=\"twitter:data2\" content=\"6 minutos\" \/>\n<script type=\"application\/ld+json\" class=\"yoast-schema-graph\">{\"@context\":\"https:\/\/schema.org\",\"@graph\":[{\"@type\":\"Article\",\"@id\":\"https:\/\/ninamartinelli.com.br\/blog2\/expo-revestir-2025-nina-martinelli-apresenta-a-colecao-esperienza-acabamentos-para-ambientes-que-nos-conectam\/#article\",\"isPartOf\":{\"@id\":\"https:\/\/ninamartinelli.com.br\/blog2\/expo-revestir-2025-nina-martinelli-apresenta-a-colecao-esperienza-acabamentos-para-ambientes-que-nos-conectam\/\"},\"author\":{\"name\":\"Ana Maria Devides\",\"@id\":\"https:\/\/ninamartinelli.com.br\/blog2\/#\/schema\/person\/43fbfb1d4cbe3b472995206b2bb06df5\"},\"headline\":\"Expo Revestir 2025 \u2013 Nina Martinelli apresenta a Cole\u00e7\u00e3o Esperienza, acabamentos para ambientes que nos conectam\",\"datePublished\":\"2025-03-06T13:30:53+00:00\",\"mainEntityOfPage\":{\"@id\":\"https:\/\/ninamartinelli.com.br\/blog2\/expo-revestir-2025-nina-martinelli-apresenta-a-colecao-esperienza-acabamentos-para-ambientes-que-nos-conectam\/\"},\"wordCount\":998,\"commentCount\":0,\"publisher\":{\"@id\":\"https:\/\/ninamartinelli.com.br\/blog2\/#organization\"},\"image\":{\"@id\":\"https:\/\/ninamartinelli.com.br\/blog2\/expo-revestir-2025-nina-martinelli-apresenta-a-colecao-esperienza-acabamentos-para-ambientes-que-nos-conectam\/#primaryimage\"},\"thumbnailUrl\":\"https:\/\/ninamartinelli.com.br\/blog2\/wp-content\/uploads\/2025\/03\/4.-Due-Vecchio-Terracota-28x28-1-scaled.jpg\",\"keywords\":[\"expo revestir\",\"lan\u00e7amentos\",\"produ\u00e7\u00e3o artesanal\",\"Sustentabilidade\"],\"articleSection\":[\"EXPO Revestir\",\"LAN\u00c7AMENTOS 2025\",\"Mostras e Eventos\",\"Sustentabilidade\"],\"inLanguage\":\"pt-BR\",\"potentialAction\":[{\"@type\":\"CommentAction\",\"name\":\"Comment\",\"target\":[\"https:\/\/ninamartinelli.com.br\/blog2\/expo-revestir-2025-nina-martinelli-apresenta-a-colecao-esperienza-acabamentos-para-ambientes-que-nos-conectam\/#respond\"]}]},{\"@type\":\"WebPage\",\"@id\":\"https:\/\/ninamartinelli.com.br\/blog2\/expo-revestir-2025-nina-martinelli-apresenta-a-colecao-esperienza-acabamentos-para-ambientes-que-nos-conectam\/\",\"url\":\"https:\/\/ninamartinelli.com.br\/blog2\/expo-revestir-2025-nina-martinelli-apresenta-a-colecao-esperienza-acabamentos-para-ambientes-que-nos-conectam\/\",\"name\":\"Expo Revestir 2025 \u2013 Nina Martinelli apresenta a Cole\u00e7\u00e3o Esperienza, acabamentos para ambientes que nos conectam\",\"isPartOf\":{\"@id\":\"https:\/\/ninamartinelli.com.br\/blog2\/#website\"},\"primaryImageOfPage\":{\"@id\":\"https:\/\/ninamartinelli.com.br\/blog2\/expo-revestir-2025-nina-martinelli-apresenta-a-colecao-esperienza-acabamentos-para-ambientes-que-nos-conectam\/#primaryimage\"},\"image\":{\"@id\":\"https:\/\/ninamartinelli.com.br\/blog2\/expo-revestir-2025-nina-martinelli-apresenta-a-colecao-esperienza-acabamentos-para-ambientes-que-nos-conectam\/#primaryimage\"},\"thumbnailUrl\":\"https:\/\/ninamartinelli.com.br\/blog2\/wp-content\/uploads\/2025\/03\/4.-Due-Vecchio-Terracota-28x28-1-scaled.jpg\",\"datePublished\":\"2025-03-06T13:30:53+00:00\",\"description\":\"Expo Revestir 2025 - Conhe\u00e7a em primeira m\u00e3o alguns dos lan\u00e7amentos maravilhosos da Cole\u00e7\u00e3o Esperienza, que Nina Martinelli vai apresentar na feira\",\"breadcrumb\":{\"@id\":\"https:\/\/ninamartinelli.com.br\/blog2\/expo-revestir-2025-nina-martinelli-apresenta-a-colecao-esperienza-acabamentos-para-ambientes-que-nos-conectam\/#breadcrumb\"},\"inLanguage\":\"pt-BR\",\"potentialAction\":[{\"@type\":\"ReadAction\",\"target\":[\"https:\/\/ninamartinelli.com.br\/blog2\/expo-revestir-2025-nina-martinelli-apresenta-a-colecao-esperienza-acabamentos-para-ambientes-que-nos-conectam\/\"]}]},{\"@type\":\"ImageObject\",\"inLanguage\":\"pt-BR\",\"@id\":\"https:\/\/ninamartinelli.com.br\/blog2\/expo-revestir-2025-nina-martinelli-apresenta-a-colecao-esperienza-acabamentos-para-ambientes-que-nos-conectam\/#primaryimage\",\"url\":\"https:\/\/ninamartinelli.com.br\/blog2\/wp-content\/uploads\/2025\/03\/4.-Due-Vecchio-Terracota-28x28-1-scaled.jpg\",\"contentUrl\":\"https:\/\/ninamartinelli.com.br\/blog2\/wp-content\/uploads\/2025\/03\/4.-Due-Vecchio-Terracota-28x28-1-scaled.jpg\",\"width\":2560,\"height\":1810,\"caption\":\"Due Vecchio Terracota\"},{\"@type\":\"BreadcrumbList\",\"@id\":\"https:\/\/ninamartinelli.com.br\/blog2\/expo-revestir-2025-nina-martinelli-apresenta-a-colecao-esperienza-acabamentos-para-ambientes-que-nos-conectam\/#breadcrumb\",\"itemListElement\":[{\"@type\":\"ListItem\",\"position\":1,\"name\":\"In\u00edcio\",\"item\":\"https:\/\/ninamartinelli.com.br\/blog2\/\"},{\"@type\":\"ListItem\",\"position\":2,\"name\":\"Expo Revestir 2025 \u2013 Nina Martinelli apresenta a Cole\u00e7\u00e3o Esperienza, acabamentos para ambientes que nos conectam\"}]},{\"@type\":\"WebSite\",\"@id\":\"https:\/\/ninamartinelli.com.br\/blog2\/#website\",\"url\":\"https:\/\/ninamartinelli.com.br\/blog2\/\",\"name\":\"Nina Martinelli\",\"description\":\"#Nina_Martinelli\",\"publisher\":{\"@id\":\"https:\/\/ninamartinelli.com.br\/blog2\/#organization\"},\"potentialAction\":[{\"@type\":\"SearchAction\",\"target\":{\"@type\":\"EntryPoint\",\"urlTemplate\":\"https:\/\/ninamartinelli.com.br\/blog2\/?s={search_term_string}\"},\"query-input\":{\"@type\":\"PropertyValueSpecification\",\"valueRequired\":true,\"valueName\":\"search_term_string\"}}],\"inLanguage\":\"pt-BR\"},{\"@type\":\"Organization\",\"@id\":\"https:\/\/ninamartinelli.com.br\/blog2\/#organization\",\"name\":\"Blog Novidades\",\"url\":\"https:\/\/ninamartinelli.com.br\/blog2\/\",\"logo\":{\"@type\":\"ImageObject\",\"inLanguage\":\"pt-BR\",\"@id\":\"https:\/\/ninamartinelli.com.br\/blog2\/#\/schema\/logo\/image\/\",\"url\":\"http:\/\/blog.ninamartinelli.com.br\/wp-content\/uploads\/2022\/03\/logo_nina_blog.png\",\"contentUrl\":\"http:\/\/blog.ninamartinelli.com.br\/wp-content\/uploads\/2022\/03\/logo_nina_blog.png\",\"width\":500,\"height\":104,\"caption\":\"Blog Novidades\"},\"image\":{\"@id\":\"https:\/\/ninamartinelli.com.br\/blog2\/#\/schema\/logo\/image\/\"}},{\"@type\":\"Person\",\"@id\":\"https:\/\/ninamartinelli.com.br\/blog2\/#\/schema\/person\/43fbfb1d4cbe3b472995206b2bb06df5\",\"name\":\"Ana Maria Devides\",\"image\":{\"@type\":\"ImageObject\",\"inLanguage\":\"pt-BR\",\"@id\":\"https:\/\/ninamartinelli.com.br\/blog2\/#\/schema\/person\/image\/\",\"url\":\"https:\/\/secure.gravatar.com\/avatar\/a03a82675d8bb3da8e5c5a6872db97be?s=96&d=mm&r=g\",\"contentUrl\":\"https:\/\/secure.gravatar.com\/avatar\/a03a82675d8bb3da8e5c5a6872db97be?s=96&d=mm&r=g\",\"caption\":\"Ana Maria Devides\"},\"url\":\"https:\/\/ninamartinelli.com.br\/blog2\/author\/assessoria-nina-martinelli\/\"}]}<\/script>\n<!-- \/ Yoast SEO plugin. -->","yoast_head_json":{"title":"Expo Revestir 2025 \u2013 Nina Martinelli apresenta a Cole\u00e7\u00e3o Esperienza, acabamentos para ambientes que nos conectam","description":"Expo Revestir 2025 - Conhe\u00e7a em primeira m\u00e3o alguns dos lan\u00e7amentos maravilhosos da Cole\u00e7\u00e3o Esperienza, que Nina Martinelli vai apresentar na feira","robots":{"index":"index","follow":"follow","max-snippet":"max-snippet:-1","max-image-preview":"max-image-preview:large","max-video-preview":"max-video-preview:-1"},"canonical":"https:\/\/ninamartinelli.com.br\/blog2\/expo-revestir-2025-nina-martinelli-apresenta-a-colecao-esperienza-acabamentos-para-ambientes-que-nos-conectam\/","og_locale":"pt_BR","og_type":"article","og_title":"Expo Revestir 2025 \u2013 Nina Martinelli apresenta a Cole\u00e7\u00e3o Esperienza, acabamentos para ambientes que nos conectam","og_description":"Expo Revestir 2025 - Conhe\u00e7a em primeira m\u00e3o alguns dos lan\u00e7amentos maravilhosos da Cole\u00e7\u00e3o Esperienza, que Nina Martinelli vai apresentar na feira","og_url":"https:\/\/ninamartinelli.com.br\/blog2\/expo-revestir-2025-nina-martinelli-apresenta-a-colecao-esperienza-acabamentos-para-ambientes-que-nos-conectam\/","og_site_name":"Blog Nina","article_published_time":"2025-03-06T13:30:53+00:00","og_image":[{"width":2560,"height":1810,"url":"https:\/\/ninamartinelli.com.br\/blog2\/wp-content\/uploads\/2025\/03\/4.-Due-Vecchio-Terracota-28x28-1-scaled.jpg","type":"image\/jpeg"}],"author":"Ana Maria Devides","twitter_card":"summary_large_image","twitter_misc":{"Escrito por":"Ana Maria Devides","Est. tempo de leitura":"6 minutos"},"schema":{"@context":"https:\/\/schema.org","@graph":[{"@type":"Article","@id":"https:\/\/ninamartinelli.com.br\/blog2\/expo-revestir-2025-nina-martinelli-apresenta-a-colecao-esperienza-acabamentos-para-ambientes-que-nos-conectam\/#article","isPartOf":{"@id":"https:\/\/ninamartinelli.com.br\/blog2\/expo-revestir-2025-nina-martinelli-apresenta-a-colecao-esperienza-acabamentos-para-ambientes-que-nos-conectam\/"},"author":{"name":"Ana Maria Devides","@id":"https:\/\/ninamartinelli.com.br\/blog2\/#\/schema\/person\/43fbfb1d4cbe3b472995206b2bb06df5"},"headline":"Expo Revestir 2025 \u2013 Nina Martinelli apresenta a Cole\u00e7\u00e3o Esperienza, acabamentos para ambientes que nos conectam","datePublished":"2025-03-06T13:30:53+00:00","mainEntityOfPage":{"@id":"https:\/\/ninamartinelli.com.br\/blog2\/expo-revestir-2025-nina-martinelli-apresenta-a-colecao-esperienza-acabamentos-para-ambientes-que-nos-conectam\/"},"wordCount":998,"commentCount":0,"publisher":{"@id":"https:\/\/ninamartinelli.com.br\/blog2\/#organization"},"image":{"@id":"https:\/\/ninamartinelli.com.br\/blog2\/expo-revestir-2025-nina-martinelli-apresenta-a-colecao-esperienza-acabamentos-para-ambientes-que-nos-conectam\/#primaryimage"},"thumbnailUrl":"https:\/\/ninamartinelli.com.br\/blog2\/wp-content\/uploads\/2025\/03\/4.-Due-Vecchio-Terracota-28x28-1-scaled.jpg","keywords":["expo revestir","lan\u00e7amentos","produ\u00e7\u00e3o artesanal","Sustentabilidade"],"articleSection":["EXPO Revestir","LAN\u00c7AMENTOS 2025","Mostras e Eventos","Sustentabilidade"],"inLanguage":"pt-BR","potentialAction":[{"@type":"CommentAction","name":"Comment","target":["https:\/\/ninamartinelli.com.br\/blog2\/expo-revestir-2025-nina-martinelli-apresenta-a-colecao-esperienza-acabamentos-para-ambientes-que-nos-conectam\/#respond"]}]},{"@type":"WebPage","@id":"https:\/\/ninamartinelli.com.br\/blog2\/expo-revestir-2025-nina-martinelli-apresenta-a-colecao-esperienza-acabamentos-para-ambientes-que-nos-conectam\/","url":"https:\/\/ninamartinelli.com.br\/blog2\/expo-revestir-2025-nina-martinelli-apresenta-a-colecao-esperienza-acabamentos-para-ambientes-que-nos-conectam\/","name":"Expo Revestir 2025 \u2013 Nina Martinelli apresenta a Cole\u00e7\u00e3o Esperienza, acabamentos para ambientes que nos conectam","isPartOf":{"@id":"https:\/\/ninamartinelli.com.br\/blog2\/#website"},"primaryImageOfPage":{"@id":"https:\/\/ninamartinelli.com.br\/blog2\/expo-revestir-2025-nina-martinelli-apresenta-a-colecao-esperienza-acabamentos-para-ambientes-que-nos-conectam\/#primaryimage"},"image":{"@id":"https:\/\/ninamartinelli.com.br\/blog2\/expo-revestir-2025-nina-martinelli-apresenta-a-colecao-esperienza-acabamentos-para-ambientes-que-nos-conectam\/#primaryimage"},"thumbnailUrl":"https:\/\/ninamartinelli.com.br\/blog2\/wp-content\/uploads\/2025\/03\/4.-Due-Vecchio-Terracota-28x28-1-scaled.jpg","datePublished":"2025-03-06T13:30:53+00:00","description":"Expo Revestir 2025 - Conhe\u00e7a em primeira m\u00e3o alguns dos lan\u00e7amentos maravilhosos da Cole\u00e7\u00e3o Esperienza, que Nina Martinelli vai apresentar na feira","breadcrumb":{"@id":"https:\/\/ninamartinelli.com.br\/blog2\/expo-revestir-2025-nina-martinelli-apresenta-a-colecao-esperienza-acabamentos-para-ambientes-que-nos-conectam\/#breadcrumb"},"inLanguage":"pt-BR","potentialAction":[{"@type":"ReadAction","target":["https:\/\/ninamartinelli.com.br\/blog2\/expo-revestir-2025-nina-martinelli-apresenta-a-colecao-esperienza-acabamentos-para-ambientes-que-nos-conectam\/"]}]},{"@type":"ImageObject","inLanguage":"pt-BR","@id":"https:\/\/ninamartinelli.com.br\/blog2\/expo-revestir-2025-nina-martinelli-apresenta-a-colecao-esperienza-acabamentos-para-ambientes-que-nos-conectam\/#primaryimage","url":"https:\/\/ninamartinelli.com.br\/blog2\/wp-content\/uploads\/2025\/03\/4.-Due-Vecchio-Terracota-28x28-1-scaled.jpg","contentUrl":"https:\/\/ninamartinelli.com.br\/blog2\/wp-content\/uploads\/2025\/03\/4.-Due-Vecchio-Terracota-28x28-1-scaled.jpg","width":2560,"height":1810,"caption":"Due Vecchio Terracota"},{"@type":"BreadcrumbList","@id":"https:\/\/ninamartinelli.com.br\/blog2\/expo-revestir-2025-nina-martinelli-apresenta-a-colecao-esperienza-acabamentos-para-ambientes-que-nos-conectam\/#breadcrumb","itemListElement":[{"@type":"ListItem","position":1,"name":"In\u00edcio","item":"https:\/\/ninamartinelli.com.br\/blog2\/"},{"@type":"ListItem","position":2,"name":"Expo Revestir 2025 \u2013 Nina Martinelli apresenta a Cole\u00e7\u00e3o Esperienza, acabamentos para ambientes que nos conectam"}]},{"@type":"WebSite","@id":"https:\/\/ninamartinelli.com.br\/blog2\/#website","url":"https:\/\/ninamartinelli.com.br\/blog2\/","name":"Nina Martinelli","description":"#Nina_Martinelli","publisher":{"@id":"https:\/\/ninamartinelli.com.br\/blog2\/#organization"},"potentialAction":[{"@type":"SearchAction","target":{"@type":"EntryPoint","urlTemplate":"https:\/\/ninamartinelli.com.br\/blog2\/?s={search_term_string}"},"query-input":{"@type":"PropertyValueSpecification","valueRequired":true,"valueName":"search_term_string"}}],"inLanguage":"pt-BR"},{"@type":"Organization","@id":"https:\/\/ninamartinelli.com.br\/blog2\/#organization","name":"Blog Novidades","url":"https:\/\/ninamartinelli.com.br\/blog2\/","logo":{"@type":"ImageObject","inLanguage":"pt-BR","@id":"https:\/\/ninamartinelli.com.br\/blog2\/#\/schema\/logo\/image\/","url":"http:\/\/blog.ninamartinelli.com.br\/wp-content\/uploads\/2022\/03\/logo_nina_blog.png","contentUrl":"http:\/\/blog.ninamartinelli.com.br\/wp-content\/uploads\/2022\/03\/logo_nina_blog.png","width":500,"height":104,"caption":"Blog Novidades"},"image":{"@id":"https:\/\/ninamartinelli.com.br\/blog2\/#\/schema\/logo\/image\/"}},{"@type":"Person","@id":"https:\/\/ninamartinelli.com.br\/blog2\/#\/schema\/person\/43fbfb1d4cbe3b472995206b2bb06df5","name":"Ana Maria Devides","image":{"@type":"ImageObject","inLanguage":"pt-BR","@id":"https:\/\/ninamartinelli.com.br\/blog2\/#\/schema\/person\/image\/","url":"https:\/\/secure.gravatar.com\/avatar\/a03a82675d8bb3da8e5c5a6872db97be?s=96&d=mm&r=g","contentUrl":"https:\/\/secure.gravatar.com\/avatar\/a03a82675d8bb3da8e5c5a6872db97be?s=96&d=mm&r=g","caption":"Ana Maria Devides"},"url":"https:\/\/ninamartinelli.com.br\/blog2\/author\/assessoria-nina-martinelli\/"}]}},"_links":{"self":[{"href":"https:\/\/ninamartinelli.com.br\/blog2\/wp-json\/wp\/v2\/posts\/2662","targetHints":{"allow":["GET"]}}],"collection":[{"href":"https:\/\/ninamartinelli.com.br\/blog2\/wp-json\/wp\/v2\/posts"}],"about":[{"href":"https:\/\/ninamartinelli.com.br\/blog2\/wp-json\/wp\/v2\/types\/post"}],"author":[{"embeddable":true,"href":"https:\/\/ninamartinelli.com.br\/blog2\/wp-json\/wp\/v2\/users\/2"}],"replies":[{"embeddable":true,"href":"https:\/\/ninamartinelli.com.br\/blog2\/wp-json\/wp\/v2\/comments?post=2662"}],"version-history":[{"count":1,"href":"https:\/\/ninamartinelli.com.br\/blog2\/wp-json\/wp\/v2\/posts\/2662\/revisions"}],"predecessor-version":[{"id":2668,"href":"https:\/\/ninamartinelli.com.br\/blog2\/wp-json\/wp\/v2\/posts\/2662\/revisions\/2668"}],"wp:featuredmedia":[{"embeddable":true,"href":"https:\/\/ninamartinelli.com.br\/blog2\/wp-json\/wp\/v2\/media\/2663"}],"wp:attachment":[{"href":"https:\/\/ninamartinelli.com.br\/blog2\/wp-json\/wp\/v2\/media?parent=2662"}],"wp:term":[{"taxonomy":"category","embeddable":true,"href":"https:\/\/ninamartinelli.com.br\/blog2\/wp-json\/wp\/v2\/categories?post=2662"},{"taxonomy":"post_tag","embeddable":true,"href":"https:\/\/ninamartinelli.com.br\/blog2\/wp-json\/wp\/v2\/tags?post=2662"}],"curies":[{"name":"wp","href":"https:\/\/api.w.org\/{rel}","templated":true}]}}