{"id":2657,"date":"2025-02-26T09:25:46","date_gmt":"2025-02-26T12:25:46","guid":{"rendered":"https:\/\/ninamartinelli.com.br\/blog2\/?p=2657"},"modified":"2025-02-26T09:25:46","modified_gmt":"2025-02-26T12:25:46","slug":"expo-revestir-2025-volti-a-ceramica-que-explora-a-geometria-com-classe-e-naturalidade","status":"publish","type":"post","link":"https:\/\/ninamartinelli.com.br\/blog2\/expo-revestir-2025-volti-a-ceramica-que-explora-a-geometria-com-classe-e-naturalidade\/","title":{"rendered":"Expo Revestir 2025 &#8211; Volti, a cer\u00e2mica que explora a geometria com classe e naturalidade"},"content":{"rendered":"<p>Expo Revestir 2025 &#8211; Volti &#8211; A <a href=\"https:\/\/ninamartinelli.com.br\/produtos\/piso-volti-rosso\/\">cer\u00e2mica natural Volti<\/a> da Nina Martinelli integra o acervo de cl\u00e1ssicos de seu portif\u00f3lio.<\/p>\n<p>Lembrando que os lan\u00e7amentos deste ano da Nina ser\u00e3o destaque na Expo Revestir 2025, que acontece de 10 a 14 de mar\u00e7o no <a href=\"https:\/\/www.saopauloexpo.com.br\/pt\/\">Pavilh\u00e3o S\u00e3o Paulo Expo<\/a>, na capital paulista.<\/p>\n<p>N\u00e3o faltam justificativas para explicar o sucesso deste modelo ic\u00f4nico atrav\u00e9s dos tempos: ele \u00e9 um cl\u00e1ssico que se renova por si s\u00f3, com seus conjuntos formados por tr\u00eas pe\u00e7as em formato de losango que, por sua vez, comp\u00f5em um formato hexagonal medindo 13,5x23cm, se assim o especificador desejar, para projetos que sigam conceitos que combinam tradi\u00e7\u00e3o e contemporaneidade. Ou, ainda explorando as possibilidades geom\u00e9tricas, pode privilegiar o formato de losango, em pagina\u00e7\u00f5es mais divertidas.<\/p>\n<p><img loading=\"lazy\" decoding=\"async\" class=\"size-medium wp-image-2659 alignright\" src=\"https:\/\/ninamartinelli.com.br\/blog2\/wp-content\/uploads\/2025\/02\/volti-2-300x264.jpg\" alt=\"\" width=\"300\" height=\"264\" srcset=\"https:\/\/ninamartinelli.com.br\/blog2\/wp-content\/uploads\/2025\/02\/volti-2-300x264.jpg 300w, https:\/\/ninamartinelli.com.br\/blog2\/wp-content\/uploads\/2025\/02\/volti-2-1024x901.jpg 1024w, https:\/\/ninamartinelli.com.br\/blog2\/wp-content\/uploads\/2025\/02\/volti-2-768x676.jpg 768w, https:\/\/ninamartinelli.com.br\/blog2\/wp-content\/uploads\/2025\/02\/volti-2-1536x1352.jpg 1536w, https:\/\/ninamartinelli.com.br\/blog2\/wp-content\/uploads\/2025\/02\/volti-2.jpg 1600w\" sizes=\"auto, (max-width: 300px) 100vw, 300px\" \/><\/p>\n<p>Nina disponibiliza a cer\u00e2mica Volti nos tons Rosso, Nero e Paglia, e h\u00e1 diversos cases de sucesso com esse modelo, onde dois ou tr\u00eas tons foram combinados, produzindo efeitos incr\u00edveis em pisos e paredes, internas ou externas.<\/p>\n<p>A cer\u00e2mica Volti, que como todos os demais modelos da Nina Martinelli \u00e9 produzida artesanalmente, pe\u00e7a a pe\u00e7a, passando por cuidadoso processo de queima, trazendo um toque r\u00fastico e sofisticado, e \u00e9 uma op\u00e7\u00e3o criativa e certeira \u00e0s tradicionais lajotas, e confere muita originalidade a projetos dos mais variados estilos.<\/p>\n<p>&nbsp;<\/p>\n<p>&nbsp;<\/p>\n<p><strong>Servi\u00e7o:<\/strong><\/p>\n<p><strong>Cer\u00e2mica Volti<\/strong><\/p>\n<p><strong>Tons:<\/strong> Nero, Rosso e Paglia<\/p>\n<p><strong>Conjuntos medindo 13,5&#215;23,5cm<\/strong><\/p>\n<p>Para piso ou parede, em ambientes internos ou externos<\/p>\n<p><strong>Expo Revestir 2025<\/strong><\/p>\n<p>De 10 a 14 de mar\u00e7o<\/p>\n<p>Pavilh\u00e3o S\u00e3o Paulo Expo<\/p>\n<p><strong>Estande Nina Martinelli:<\/strong> C11<\/p>\n<p>&nbsp;<\/p>\n<p>&nbsp;<\/p>\n","protected":false},"excerpt":{"rendered":"<p>Expo Revestir 2025 &#8211; Volti &#8211; A cer\u00e2mica natural Volti da Nina Martinelli integra o<\/p>\n","protected":false},"author":2,"featured_media":2658,"comment_status":"open","ping_status":"open","sticky":false,"template":"","format":"standard","meta":{"footnotes":""},"categories":[59,48,19,129],"tags":[45,98,131],"class_list":["post-2657","post","type-post","status-publish","format-standard","has-post-thumbnail","hentry","category-ceramica","category-expo-revestir","category-mostras-e-eventos","category-sustentabilidade","tag-ceramica","tag-expo-revestir","tag-sustentabilidade"],"yoast_head":"<!-- This site is optimized with the Yoast SEO plugin v26.8 - https:\/\/yoast.com\/product\/yoast-seo-wordpress\/ -->\n<title>Expo Revestir 2025 - Volti, a cer\u00e2mica que explora a geometria com classe e naturalidade<\/title>\n<meta name=\"description\" content=\"Expo Revestir 2025 - Nina Martinelli estar\u00e1 presente com lan\u00e7amentos 2025; saiba mais tamb\u00e9m sobre um dos cl\u00e1ssicos da marca, a cer\u00e2mica Volti\" \/>\n<meta name=\"robots\" content=\"index, follow, max-snippet:-1, max-image-preview:large, max-video-preview:-1\" \/>\n<link rel=\"canonical\" href=\"https:\/\/ninamartinelli.com.br\/blog2\/expo-revestir-2025-volti-a-ceramica-que-explora-a-geometria-com-classe-e-naturalidade\/\" \/>\n<meta property=\"og:locale\" content=\"pt_BR\" \/>\n<meta property=\"og:type\" content=\"article\" \/>\n<meta property=\"og:title\" content=\"Expo Revestir 2025 - Volti, a cer\u00e2mica que explora a geometria com classe e naturalidade\" \/>\n<meta property=\"og:description\" content=\"Expo Revestir 2025 - Nina Martinelli estar\u00e1 presente com lan\u00e7amentos 2025; saiba mais tamb\u00e9m sobre um dos cl\u00e1ssicos da marca, a cer\u00e2mica Volti\" \/>\n<meta property=\"og:url\" content=\"https:\/\/ninamartinelli.com.br\/blog2\/expo-revestir-2025-volti-a-ceramica-que-explora-a-geometria-com-classe-e-naturalidade\/\" \/>\n<meta property=\"og:site_name\" content=\"Blog Nina\" \/>\n<meta property=\"article:published_time\" content=\"2025-02-26T12:25:46+00:00\" \/>\n<meta property=\"og:image\" content=\"https:\/\/ninamartinelli.com.br\/blog2\/wp-content\/uploads\/2025\/02\/volti-1.jpg\" \/>\n\t<meta property=\"og:image:width\" content=\"764\" \/>\n\t<meta property=\"og:image:height\" content=\"388\" \/>\n\t<meta property=\"og:image:type\" content=\"image\/jpeg\" \/>\n<meta name=\"author\" content=\"Ana Maria Devides\" \/>\n<meta name=\"twitter:card\" content=\"summary_large_image\" \/>\n<meta name=\"twitter:label1\" content=\"Escrito por\" \/>\n\t<meta name=\"twitter:data1\" content=\"Ana Maria Devides\" \/>\n\t<meta name=\"twitter:label2\" content=\"Est. tempo de leitura\" \/>\n\t<meta name=\"twitter:data2\" content=\"2 minutos\" \/>\n<script type=\"application\/ld+json\" class=\"yoast-schema-graph\">{\"@context\":\"https:\/\/schema.org\",\"@graph\":[{\"@type\":\"Article\",\"@id\":\"https:\/\/ninamartinelli.com.br\/blog2\/expo-revestir-2025-volti-a-ceramica-que-explora-a-geometria-com-classe-e-naturalidade\/#article\",\"isPartOf\":{\"@id\":\"https:\/\/ninamartinelli.com.br\/blog2\/expo-revestir-2025-volti-a-ceramica-que-explora-a-geometria-com-classe-e-naturalidade\/\"},\"author\":{\"name\":\"Ana Maria Devides\",\"@id\":\"https:\/\/ninamartinelli.com.br\/blog2\/#\/schema\/person\/43fbfb1d4cbe3b472995206b2bb06df5\"},\"headline\":\"Expo Revestir 2025 &#8211; Volti, a cer\u00e2mica que explora a geometria com classe e naturalidade\",\"datePublished\":\"2025-02-26T12:25:46+00:00\",\"mainEntityOfPage\":{\"@id\":\"https:\/\/ninamartinelli.com.br\/blog2\/expo-revestir-2025-volti-a-ceramica-que-explora-a-geometria-com-classe-e-naturalidade\/\"},\"wordCount\":292,\"commentCount\":0,\"publisher\":{\"@id\":\"https:\/\/ninamartinelli.com.br\/blog2\/#organization\"},\"image\":{\"@id\":\"https:\/\/ninamartinelli.com.br\/blog2\/expo-revestir-2025-volti-a-ceramica-que-explora-a-geometria-com-classe-e-naturalidade\/#primaryimage\"},\"thumbnailUrl\":\"https:\/\/ninamartinelli.com.br\/blog2\/wp-content\/uploads\/2025\/02\/volti-1.jpg\",\"keywords\":[\"ceramica\",\"expo revestir\",\"Sustentabilidade\"],\"articleSection\":[\"Cer\u00e2mica\",\"EXPO Revestir\",\"Mostras e Eventos\",\"Sustentabilidade\"],\"inLanguage\":\"pt-BR\",\"potentialAction\":[{\"@type\":\"CommentAction\",\"name\":\"Comment\",\"target\":[\"https:\/\/ninamartinelli.com.br\/blog2\/expo-revestir-2025-volti-a-ceramica-que-explora-a-geometria-com-classe-e-naturalidade\/#respond\"]}]},{\"@type\":\"WebPage\",\"@id\":\"https:\/\/ninamartinelli.com.br\/blog2\/expo-revestir-2025-volti-a-ceramica-que-explora-a-geometria-com-classe-e-naturalidade\/\",\"url\":\"https:\/\/ninamartinelli.com.br\/blog2\/expo-revestir-2025-volti-a-ceramica-que-explora-a-geometria-com-classe-e-naturalidade\/\",\"name\":\"Expo Revestir 2025 - Volti, a cer\u00e2mica que explora a geometria com classe e naturalidade\",\"isPartOf\":{\"@id\":\"https:\/\/ninamartinelli.com.br\/blog2\/#website\"},\"primaryImageOfPage\":{\"@id\":\"https:\/\/ninamartinelli.com.br\/blog2\/expo-revestir-2025-volti-a-ceramica-que-explora-a-geometria-com-classe-e-naturalidade\/#primaryimage\"},\"image\":{\"@id\":\"https:\/\/ninamartinelli.com.br\/blog2\/expo-revestir-2025-volti-a-ceramica-que-explora-a-geometria-com-classe-e-naturalidade\/#primaryimage\"},\"thumbnailUrl\":\"https:\/\/ninamartinelli.com.br\/blog2\/wp-content\/uploads\/2025\/02\/volti-1.jpg\",\"datePublished\":\"2025-02-26T12:25:46+00:00\",\"description\":\"Expo Revestir 2025 - Nina Martinelli estar\u00e1 presente com lan\u00e7amentos 2025; saiba mais tamb\u00e9m sobre um dos cl\u00e1ssicos da marca, a cer\u00e2mica Volti\",\"breadcrumb\":{\"@id\":\"https:\/\/ninamartinelli.com.br\/blog2\/expo-revestir-2025-volti-a-ceramica-que-explora-a-geometria-com-classe-e-naturalidade\/#breadcrumb\"},\"inLanguage\":\"pt-BR\",\"potentialAction\":[{\"@type\":\"ReadAction\",\"target\":[\"https:\/\/ninamartinelli.com.br\/blog2\/expo-revestir-2025-volti-a-ceramica-que-explora-a-geometria-com-classe-e-naturalidade\/\"]}]},{\"@type\":\"ImageObject\",\"inLanguage\":\"pt-BR\",\"@id\":\"https:\/\/ninamartinelli.com.br\/blog2\/expo-revestir-2025-volti-a-ceramica-que-explora-a-geometria-com-classe-e-naturalidade\/#primaryimage\",\"url\":\"https:\/\/ninamartinelli.com.br\/blog2\/wp-content\/uploads\/2025\/02\/volti-1.jpg\",\"contentUrl\":\"https:\/\/ninamartinelli.com.br\/blog2\/wp-content\/uploads\/2025\/02\/volti-1.jpg\",\"width\":764,\"height\":388},{\"@type\":\"BreadcrumbList\",\"@id\":\"https:\/\/ninamartinelli.com.br\/blog2\/expo-revestir-2025-volti-a-ceramica-que-explora-a-geometria-com-classe-e-naturalidade\/#breadcrumb\",\"itemListElement\":[{\"@type\":\"ListItem\",\"position\":1,\"name\":\"In\u00edcio\",\"item\":\"https:\/\/ninamartinelli.com.br\/blog2\/\"},{\"@type\":\"ListItem\",\"position\":2,\"name\":\"Expo Revestir 2025 &#8211; Volti, a cer\u00e2mica que explora a geometria com classe e naturalidade\"}]},{\"@type\":\"WebSite\",\"@id\":\"https:\/\/ninamartinelli.com.br\/blog2\/#website\",\"url\":\"https:\/\/ninamartinelli.com.br\/blog2\/\",\"name\":\"Nina Martinelli\",\"description\":\"#Nina_Martinelli\",\"publisher\":{\"@id\":\"https:\/\/ninamartinelli.com.br\/blog2\/#organization\"},\"potentialAction\":[{\"@type\":\"SearchAction\",\"target\":{\"@type\":\"EntryPoint\",\"urlTemplate\":\"https:\/\/ninamartinelli.com.br\/blog2\/?s={search_term_string}\"},\"query-input\":{\"@type\":\"PropertyValueSpecification\",\"valueRequired\":true,\"valueName\":\"search_term_string\"}}],\"inLanguage\":\"pt-BR\"},{\"@type\":\"Organization\",\"@id\":\"https:\/\/ninamartinelli.com.br\/blog2\/#organization\",\"name\":\"Blog Novidades\",\"url\":\"https:\/\/ninamartinelli.com.br\/blog2\/\",\"logo\":{\"@type\":\"ImageObject\",\"inLanguage\":\"pt-BR\",\"@id\":\"https:\/\/ninamartinelli.com.br\/blog2\/#\/schema\/logo\/image\/\",\"url\":\"http:\/\/blog.ninamartinelli.com.br\/wp-content\/uploads\/2022\/03\/logo_nina_blog.png\",\"contentUrl\":\"http:\/\/blog.ninamartinelli.com.br\/wp-content\/uploads\/2022\/03\/logo_nina_blog.png\",\"width\":500,\"height\":104,\"caption\":\"Blog Novidades\"},\"image\":{\"@id\":\"https:\/\/ninamartinelli.com.br\/blog2\/#\/schema\/logo\/image\/\"}},{\"@type\":\"Person\",\"@id\":\"https:\/\/ninamartinelli.com.br\/blog2\/#\/schema\/person\/43fbfb1d4cbe3b472995206b2bb06df5\",\"name\":\"Ana Maria Devides\",\"image\":{\"@type\":\"ImageObject\",\"inLanguage\":\"pt-BR\",\"@id\":\"https:\/\/ninamartinelli.com.br\/blog2\/#\/schema\/person\/image\/\",\"url\":\"https:\/\/secure.gravatar.com\/avatar\/a03a82675d8bb3da8e5c5a6872db97be?s=96&d=mm&r=g\",\"contentUrl\":\"https:\/\/secure.gravatar.com\/avatar\/a03a82675d8bb3da8e5c5a6872db97be?s=96&d=mm&r=g\",\"caption\":\"Ana Maria Devides\"},\"url\":\"https:\/\/ninamartinelli.com.br\/blog2\/author\/assessoria-nina-martinelli\/\"}]}<\/script>\n<!-- \/ Yoast SEO plugin. -->","yoast_head_json":{"title":"Expo Revestir 2025 - Volti, a cer\u00e2mica que explora a geometria com classe e naturalidade","description":"Expo Revestir 2025 - Nina Martinelli estar\u00e1 presente com lan\u00e7amentos 2025; saiba mais tamb\u00e9m sobre um dos cl\u00e1ssicos da marca, a cer\u00e2mica Volti","robots":{"index":"index","follow":"follow","max-snippet":"max-snippet:-1","max-image-preview":"max-image-preview:large","max-video-preview":"max-video-preview:-1"},"canonical":"https:\/\/ninamartinelli.com.br\/blog2\/expo-revestir-2025-volti-a-ceramica-que-explora-a-geometria-com-classe-e-naturalidade\/","og_locale":"pt_BR","og_type":"article","og_title":"Expo Revestir 2025 - Volti, a cer\u00e2mica que explora a geometria com classe e naturalidade","og_description":"Expo Revestir 2025 - Nina Martinelli estar\u00e1 presente com lan\u00e7amentos 2025; saiba mais tamb\u00e9m sobre um dos cl\u00e1ssicos da marca, a cer\u00e2mica Volti","og_url":"https:\/\/ninamartinelli.com.br\/blog2\/expo-revestir-2025-volti-a-ceramica-que-explora-a-geometria-com-classe-e-naturalidade\/","og_site_name":"Blog Nina","article_published_time":"2025-02-26T12:25:46+00:00","og_image":[{"width":764,"height":388,"url":"https:\/\/ninamartinelli.com.br\/blog2\/wp-content\/uploads\/2025\/02\/volti-1.jpg","type":"image\/jpeg"}],"author":"Ana Maria Devides","twitter_card":"summary_large_image","twitter_misc":{"Escrito por":"Ana Maria Devides","Est. tempo de leitura":"2 minutos"},"schema":{"@context":"https:\/\/schema.org","@graph":[{"@type":"Article","@id":"https:\/\/ninamartinelli.com.br\/blog2\/expo-revestir-2025-volti-a-ceramica-que-explora-a-geometria-com-classe-e-naturalidade\/#article","isPartOf":{"@id":"https:\/\/ninamartinelli.com.br\/blog2\/expo-revestir-2025-volti-a-ceramica-que-explora-a-geometria-com-classe-e-naturalidade\/"},"author":{"name":"Ana Maria Devides","@id":"https:\/\/ninamartinelli.com.br\/blog2\/#\/schema\/person\/43fbfb1d4cbe3b472995206b2bb06df5"},"headline":"Expo Revestir 2025 &#8211; Volti, a cer\u00e2mica que explora a geometria com classe e naturalidade","datePublished":"2025-02-26T12:25:46+00:00","mainEntityOfPage":{"@id":"https:\/\/ninamartinelli.com.br\/blog2\/expo-revestir-2025-volti-a-ceramica-que-explora-a-geometria-com-classe-e-naturalidade\/"},"wordCount":292,"commentCount":0,"publisher":{"@id":"https:\/\/ninamartinelli.com.br\/blog2\/#organization"},"image":{"@id":"https:\/\/ninamartinelli.com.br\/blog2\/expo-revestir-2025-volti-a-ceramica-que-explora-a-geometria-com-classe-e-naturalidade\/#primaryimage"},"thumbnailUrl":"https:\/\/ninamartinelli.com.br\/blog2\/wp-content\/uploads\/2025\/02\/volti-1.jpg","keywords":["ceramica","expo revestir","Sustentabilidade"],"articleSection":["Cer\u00e2mica","EXPO Revestir","Mostras e Eventos","Sustentabilidade"],"inLanguage":"pt-BR","potentialAction":[{"@type":"CommentAction","name":"Comment","target":["https:\/\/ninamartinelli.com.br\/blog2\/expo-revestir-2025-volti-a-ceramica-que-explora-a-geometria-com-classe-e-naturalidade\/#respond"]}]},{"@type":"WebPage","@id":"https:\/\/ninamartinelli.com.br\/blog2\/expo-revestir-2025-volti-a-ceramica-que-explora-a-geometria-com-classe-e-naturalidade\/","url":"https:\/\/ninamartinelli.com.br\/blog2\/expo-revestir-2025-volti-a-ceramica-que-explora-a-geometria-com-classe-e-naturalidade\/","name":"Expo Revestir 2025 - Volti, a cer\u00e2mica que explora a geometria com classe e naturalidade","isPartOf":{"@id":"https:\/\/ninamartinelli.com.br\/blog2\/#website"},"primaryImageOfPage":{"@id":"https:\/\/ninamartinelli.com.br\/blog2\/expo-revestir-2025-volti-a-ceramica-que-explora-a-geometria-com-classe-e-naturalidade\/#primaryimage"},"image":{"@id":"https:\/\/ninamartinelli.com.br\/blog2\/expo-revestir-2025-volti-a-ceramica-que-explora-a-geometria-com-classe-e-naturalidade\/#primaryimage"},"thumbnailUrl":"https:\/\/ninamartinelli.com.br\/blog2\/wp-content\/uploads\/2025\/02\/volti-1.jpg","datePublished":"2025-02-26T12:25:46+00:00","description":"Expo Revestir 2025 - Nina Martinelli estar\u00e1 presente com lan\u00e7amentos 2025; saiba mais tamb\u00e9m sobre um dos cl\u00e1ssicos da marca, a cer\u00e2mica Volti","breadcrumb":{"@id":"https:\/\/ninamartinelli.com.br\/blog2\/expo-revestir-2025-volti-a-ceramica-que-explora-a-geometria-com-classe-e-naturalidade\/#breadcrumb"},"inLanguage":"pt-BR","potentialAction":[{"@type":"ReadAction","target":["https:\/\/ninamartinelli.com.br\/blog2\/expo-revestir-2025-volti-a-ceramica-que-explora-a-geometria-com-classe-e-naturalidade\/"]}]},{"@type":"ImageObject","inLanguage":"pt-BR","@id":"https:\/\/ninamartinelli.com.br\/blog2\/expo-revestir-2025-volti-a-ceramica-que-explora-a-geometria-com-classe-e-naturalidade\/#primaryimage","url":"https:\/\/ninamartinelli.com.br\/blog2\/wp-content\/uploads\/2025\/02\/volti-1.jpg","contentUrl":"https:\/\/ninamartinelli.com.br\/blog2\/wp-content\/uploads\/2025\/02\/volti-1.jpg","width":764,"height":388},{"@type":"BreadcrumbList","@id":"https:\/\/ninamartinelli.com.br\/blog2\/expo-revestir-2025-volti-a-ceramica-que-explora-a-geometria-com-classe-e-naturalidade\/#breadcrumb","itemListElement":[{"@type":"ListItem","position":1,"name":"In\u00edcio","item":"https:\/\/ninamartinelli.com.br\/blog2\/"},{"@type":"ListItem","position":2,"name":"Expo Revestir 2025 &#8211; Volti, a cer\u00e2mica que explora a geometria com classe e naturalidade"}]},{"@type":"WebSite","@id":"https:\/\/ninamartinelli.com.br\/blog2\/#website","url":"https:\/\/ninamartinelli.com.br\/blog2\/","name":"Nina Martinelli","description":"#Nina_Martinelli","publisher":{"@id":"https:\/\/ninamartinelli.com.br\/blog2\/#organization"},"potentialAction":[{"@type":"SearchAction","target":{"@type":"EntryPoint","urlTemplate":"https:\/\/ninamartinelli.com.br\/blog2\/?s={search_term_string}"},"query-input":{"@type":"PropertyValueSpecification","valueRequired":true,"valueName":"search_term_string"}}],"inLanguage":"pt-BR"},{"@type":"Organization","@id":"https:\/\/ninamartinelli.com.br\/blog2\/#organization","name":"Blog Novidades","url":"https:\/\/ninamartinelli.com.br\/blog2\/","logo":{"@type":"ImageObject","inLanguage":"pt-BR","@id":"https:\/\/ninamartinelli.com.br\/blog2\/#\/schema\/logo\/image\/","url":"http:\/\/blog.ninamartinelli.com.br\/wp-content\/uploads\/2022\/03\/logo_nina_blog.png","contentUrl":"http:\/\/blog.ninamartinelli.com.br\/wp-content\/uploads\/2022\/03\/logo_nina_blog.png","width":500,"height":104,"caption":"Blog Novidades"},"image":{"@id":"https:\/\/ninamartinelli.com.br\/blog2\/#\/schema\/logo\/image\/"}},{"@type":"Person","@id":"https:\/\/ninamartinelli.com.br\/blog2\/#\/schema\/person\/43fbfb1d4cbe3b472995206b2bb06df5","name":"Ana Maria Devides","image":{"@type":"ImageObject","inLanguage":"pt-BR","@id":"https:\/\/ninamartinelli.com.br\/blog2\/#\/schema\/person\/image\/","url":"https:\/\/secure.gravatar.com\/avatar\/a03a82675d8bb3da8e5c5a6872db97be?s=96&d=mm&r=g","contentUrl":"https:\/\/secure.gravatar.com\/avatar\/a03a82675d8bb3da8e5c5a6872db97be?s=96&d=mm&r=g","caption":"Ana Maria Devides"},"url":"https:\/\/ninamartinelli.com.br\/blog2\/author\/assessoria-nina-martinelli\/"}]}},"_links":{"self":[{"href":"https:\/\/ninamartinelli.com.br\/blog2\/wp-json\/wp\/v2\/posts\/2657","targetHints":{"allow":["GET"]}}],"collection":[{"href":"https:\/\/ninamartinelli.com.br\/blog2\/wp-json\/wp\/v2\/posts"}],"about":[{"href":"https:\/\/ninamartinelli.com.br\/blog2\/wp-json\/wp\/v2\/types\/post"}],"author":[{"embeddable":true,"href":"https:\/\/ninamartinelli.com.br\/blog2\/wp-json\/wp\/v2\/users\/2"}],"replies":[{"embeddable":true,"href":"https:\/\/ninamartinelli.com.br\/blog2\/wp-json\/wp\/v2\/comments?post=2657"}],"version-history":[{"count":1,"href":"https:\/\/ninamartinelli.com.br\/blog2\/wp-json\/wp\/v2\/posts\/2657\/revisions"}],"predecessor-version":[{"id":2660,"href":"https:\/\/ninamartinelli.com.br\/blog2\/wp-json\/wp\/v2\/posts\/2657\/revisions\/2660"}],"wp:featuredmedia":[{"embeddable":true,"href":"https:\/\/ninamartinelli.com.br\/blog2\/wp-json\/wp\/v2\/media\/2658"}],"wp:attachment":[{"href":"https:\/\/ninamartinelli.com.br\/blog2\/wp-json\/wp\/v2\/media?parent=2657"}],"wp:term":[{"taxonomy":"category","embeddable":true,"href":"https:\/\/ninamartinelli.com.br\/blog2\/wp-json\/wp\/v2\/categories?post=2657"},{"taxonomy":"post_tag","embeddable":true,"href":"https:\/\/ninamartinelli.com.br\/blog2\/wp-json\/wp\/v2\/tags?post=2657"}],"curies":[{"name":"wp","href":"https:\/\/api.w.org\/{rel}","templated":true}]}}