{"id":2651,"date":"2025-02-19T11:00:52","date_gmt":"2025-02-19T14:00:52","guid":{"rendered":"https:\/\/ninamartinelli.com.br\/blog2\/?p=2651"},"modified":"2025-02-19T11:00:52","modified_gmt":"2025-02-19T14:00:52","slug":"expo-revestir-2025-brick-allineato-grani-sofisticada-interpretacao-do-classico-tijolinho","status":"publish","type":"post","link":"https:\/\/ninamartinelli.com.br\/blog2\/expo-revestir-2025-brick-allineato-grani-sofisticada-interpretacao-do-classico-tijolinho\/","title":{"rendered":"Expo Revestir 2025 &#8211; Brick Allineato Grani, sofisticada interpreta\u00e7\u00e3o do cl\u00e1ssico \u2018tijolinho\u2019"},"content":{"rendered":"<p><a href=\"https:\/\/www.exporevestir.com.br\/\">Expo Revestir 2025<\/a> &#8211; Brick Allineato Grani, um dos grandes sucessos do portif\u00f3lio da Nina Martinelli, traz uma interpreta\u00e7\u00e3o sofisticada do cl\u00e1ssico tijolinho, combinando tradi\u00e7\u00e3o e modernidade em um \u00fanico acabamento.<\/p>\n<p>Medindo 7x26cm, o modelo \u00e9 apresentado num tom predominantemente branquinho, salpicado por nuances que v\u00e3o do cinza claro ao cinza bem escuro, evoca a est\u00e9tica do granilite \u2013 um revestimento ic\u00f4nico que marcou os pisos de pr\u00e9dios e resid\u00eancias brasileiras entre as d\u00e9cadas de 1950 e 1970.<\/p>\n<p>O granilite, de origem italiana, chegou ao Brasil como uma solu\u00e7\u00e3o resistente e vers\u00e1til, sendo amplamente utilizado em ambientes p\u00fablicos e privados, e em muitos espa\u00e7os residenciais.<\/p>\n<p>Seu charme atemporal e a combina\u00e7\u00e3o de fragmentos coloridos fizeram dele um s\u00edmbolo da arquitetura da \u00e9poca, trazendo um equil\u00edbrio entre funcionalidade e est\u00e9tica.<\/p>\n<p>O <a href=\"https:\/\/ninamartinelli.com.br\/produtos\/brick-allineato-grani-2\/\">Brick Allineato Grani<\/a> resgata essa mem\u00f3ria afetiva, mas com um toque de suavidade, transformando o conceito tradicional em algo mais delicado e contempor\u00e2neo.<\/p>\n<p>A arquiteta Carolina Poskus \u00e9 uma das especificadoras que j\u00e1 explorou os atributos do Brick Allineato Grani, num bel\u00edssimo lavabo de uma linda resid\u00eancia em S\u00e3o Roque-SP.<\/p>\n<p>Ao ser aplicado em paredes internas ou externas, esse acabamento se adapta com eleg\u00e2ncia a diferentes propostas de design. Sua textura remete \u00e0 rusticidade dos tijolinhos artesanais, mas sem exageros, proporcionando uma atmosfera equilibrada e acolhedora.<\/p>\n<p><img loading=\"lazy\" decoding=\"async\" class=\"wp-image-2655 alignleft\" src=\"https:\/\/ninamartinelli.com.br\/blog2\/wp-content\/uploads\/2025\/02\/brick-allineato-grani-1-225x300.jpg\" alt=\"\" width=\"357\" height=\"476\" srcset=\"https:\/\/ninamartinelli.com.br\/blog2\/wp-content\/uploads\/2025\/02\/brick-allineato-grani-1-225x300.jpg 225w, https:\/\/ninamartinelli.com.br\/blog2\/wp-content\/uploads\/2025\/02\/brick-allineato-grani-1-768x1024.jpg 768w, https:\/\/ninamartinelli.com.br\/blog2\/wp-content\/uploads\/2025\/02\/brick-allineato-grani-1-1152x1536.jpg 1152w, https:\/\/ninamartinelli.com.br\/blog2\/wp-content\/uploads\/2025\/02\/brick-allineato-grani-1-1024x1365.jpg 1024w, https:\/\/ninamartinelli.com.br\/blog2\/wp-content\/uploads\/2025\/02\/brick-allineato-grani-1.jpg 1200w\" sizes=\"auto, (max-width: 357px) 100vw, 357px\" \/><\/p>\n<p>Ao mesmo tempo, sua paleta neutra e o efeito granulado conferem um ar urbano e moderno, permitindo composi\u00e7\u00f5es vers\u00e1teis que dialogam tanto com elementos naturais quanto com materiais industriais, como concreto e a\u00e7o.<\/p>\n<p>Seja em um espa\u00e7o minimalista ou em uma decora\u00e7\u00e3o mais calorosa, o Brick Allineato Grani adiciona profundidade e personalidade ao ambiente. Seu formato valoriza a pagina\u00e7\u00e3o e cria um ritmo visual din\u00e2mico, tornando-se uma escolha perfeita para quem busca um acabamento diferenciado e atemporal.<\/p>\n<p>A fus\u00e3o entre mem\u00f3ria e inova\u00e7\u00e3o faz desse tijolinho um verdadeiro coringa no design de interiores e fachadas. Com ele, \u00e9 poss\u00edvel transformar espa\u00e7os em cen\u00e1rios sofisticados, onde a est\u00e9tica vintage do granilite encontra a sutileza da arquitetura contempor\u00e2nea.<\/p>\n<p>&nbsp;<\/p>\n<p>&nbsp;<\/p>\n<p>&nbsp;<\/p>\n<p><strong>Servi\u00e7o<\/strong><\/p>\n<p><strong>Lavabo em resid\u00eancia em S\u00e3o Roque-SP<\/strong><\/p>\n<p><strong>Produto: <\/strong>Brick Allineato Grani\u00a0\u2013 7x26cm<\/p>\n<p><strong>Projeto e imagens:<\/strong>\u00a0Carolina Poskus Arquitetura<\/p>\n<p><strong>Instagram:<\/strong>\u00a0<a href=\"https:\/\/www.instagram.com\/carolinaposkusarquitetura\"><em>https:\/\/www.instagram.com\/carolinaposkusarquitetura<\/em><\/a><\/p>\n<p><strong>Expo Revestir 2025 \u2013 venha visitar o nosso estande!<\/strong><\/p>\n<p>De 10 a 14 de mar\u00e7o<\/p>\n<p>Pavilh\u00e3o S\u00e3o Paulo Expo<\/p>\n<p><strong>Estande Nina Martinelli:<\/strong> C11<\/p>\n","protected":false},"excerpt":{"rendered":"<p>Expo Revestir 2025 &#8211; Brick Allineato Grani, um dos grandes sucessos do portif\u00f3lio da Nina<\/p>\n","protected":false},"author":2,"featured_media":2652,"comment_status":"open","ping_status":"open","sticky":false,"template":"","format":"standard","meta":{"footnotes":""},"categories":[16,48,19,26,129],"tags":[98,15,131,63],"class_list":["post-2651","post","type-post","status-publish","format-standard","has-post-thumbnail","hentry","category-colezione-brick","category-expo-revestir","category-mostras-e-eventos","category-revestimentos","category-sustentabilidade","tag-expo-revestir","tag-revestimento-brick","tag-sustentabilidade","tag-tijolinho"],"yoast_head":"<!-- This site is optimized with the Yoast SEO plugin v26.8 - https:\/\/yoast.com\/product\/yoast-seo-wordpress\/ -->\n<title>Expo Revestir 2025 - Brick Allineato Grani, sofisticada interpreta\u00e7\u00e3o do cl\u00e1ssico \u2018tijolinho\u2019 - Blog Nina<\/title>\n<meta name=\"description\" content=\"Expo Revestir 2025 - Brick Allineato Grani, sofistica\u00e7\u00e3o e despojamento numa reinterpreta\u00e7\u00e3o do cl\u00e1ssico tijolinho aparente, venha conhecer\" \/>\n<meta name=\"robots\" content=\"index, follow, max-snippet:-1, max-image-preview:large, max-video-preview:-1\" \/>\n<link rel=\"canonical\" href=\"https:\/\/ninamartinelli.com.br\/blog2\/expo-revestir-2025-brick-allineato-grani-sofisticada-interpretacao-do-classico-tijolinho\/\" \/>\n<meta property=\"og:locale\" content=\"pt_BR\" \/>\n<meta property=\"og:type\" content=\"article\" \/>\n<meta property=\"og:title\" content=\"Expo Revestir 2025 - Brick Allineato Grani, sofisticada interpreta\u00e7\u00e3o do cl\u00e1ssico \u2018tijolinho\u2019 - Blog Nina\" \/>\n<meta property=\"og:description\" content=\"Expo Revestir 2025 - Brick Allineato Grani, sofistica\u00e7\u00e3o e despojamento numa reinterpreta\u00e7\u00e3o do cl\u00e1ssico tijolinho aparente, venha conhecer\" \/>\n<meta property=\"og:url\" content=\"https:\/\/ninamartinelli.com.br\/blog2\/expo-revestir-2025-brick-allineato-grani-sofisticada-interpretacao-do-classico-tijolinho\/\" \/>\n<meta property=\"og:site_name\" content=\"Blog Nina\" \/>\n<meta property=\"article:published_time\" content=\"2025-02-19T14:00:52+00:00\" \/>\n<meta property=\"og:image\" content=\"https:\/\/ninamartinelli.com.br\/blog2\/wp-content\/uploads\/2025\/02\/brick-allineato-grani-2.jpg\" \/>\n\t<meta property=\"og:image:width\" content=\"1200\" \/>\n\t<meta property=\"og:image:height\" content=\"1600\" \/>\n\t<meta property=\"og:image:type\" content=\"image\/jpeg\" \/>\n<meta name=\"author\" content=\"Ana Maria Devides\" \/>\n<meta name=\"twitter:card\" content=\"summary_large_image\" \/>\n<meta name=\"twitter:label1\" content=\"Escrito por\" \/>\n\t<meta name=\"twitter:data1\" content=\"Ana Maria Devides\" \/>\n\t<meta name=\"twitter:label2\" content=\"Est. tempo de leitura\" \/>\n\t<meta name=\"twitter:data2\" content=\"3 minutos\" \/>\n<script type=\"application\/ld+json\" class=\"yoast-schema-graph\">{\"@context\":\"https:\/\/schema.org\",\"@graph\":[{\"@type\":\"Article\",\"@id\":\"https:\/\/ninamartinelli.com.br\/blog2\/expo-revestir-2025-brick-allineato-grani-sofisticada-interpretacao-do-classico-tijolinho\/#article\",\"isPartOf\":{\"@id\":\"https:\/\/ninamartinelli.com.br\/blog2\/expo-revestir-2025-brick-allineato-grani-sofisticada-interpretacao-do-classico-tijolinho\/\"},\"author\":{\"name\":\"Ana Maria Devides\",\"@id\":\"https:\/\/ninamartinelli.com.br\/blog2\/#\/schema\/person\/43fbfb1d4cbe3b472995206b2bb06df5\"},\"headline\":\"Expo Revestir 2025 &#8211; Brick Allineato Grani, sofisticada interpreta\u00e7\u00e3o do cl\u00e1ssico \u2018tijolinho\u2019\",\"datePublished\":\"2025-02-19T14:00:52+00:00\",\"mainEntityOfPage\":{\"@id\":\"https:\/\/ninamartinelli.com.br\/blog2\/expo-revestir-2025-brick-allineato-grani-sofisticada-interpretacao-do-classico-tijolinho\/\"},\"wordCount\":430,\"commentCount\":0,\"publisher\":{\"@id\":\"https:\/\/ninamartinelli.com.br\/blog2\/#organization\"},\"image\":{\"@id\":\"https:\/\/ninamartinelli.com.br\/blog2\/expo-revestir-2025-brick-allineato-grani-sofisticada-interpretacao-do-classico-tijolinho\/#primaryimage\"},\"thumbnailUrl\":\"https:\/\/ninamartinelli.com.br\/blog2\/wp-content\/uploads\/2025\/02\/brick-allineato-grani-2.jpg\",\"keywords\":[\"expo revestir\",\"Revestimento Brick\",\"Sustentabilidade\",\"tijolinho\"],\"articleSection\":[\"Colezione Brick\",\"EXPO Revestir\",\"Mostras e Eventos\",\"Revestimentos\",\"Sustentabilidade\"],\"inLanguage\":\"pt-BR\",\"potentialAction\":[{\"@type\":\"CommentAction\",\"name\":\"Comment\",\"target\":[\"https:\/\/ninamartinelli.com.br\/blog2\/expo-revestir-2025-brick-allineato-grani-sofisticada-interpretacao-do-classico-tijolinho\/#respond\"]}]},{\"@type\":\"WebPage\",\"@id\":\"https:\/\/ninamartinelli.com.br\/blog2\/expo-revestir-2025-brick-allineato-grani-sofisticada-interpretacao-do-classico-tijolinho\/\",\"url\":\"https:\/\/ninamartinelli.com.br\/blog2\/expo-revestir-2025-brick-allineato-grani-sofisticada-interpretacao-do-classico-tijolinho\/\",\"name\":\"Expo Revestir 2025 - Brick Allineato Grani, sofisticada interpreta\u00e7\u00e3o do cl\u00e1ssico \u2018tijolinho\u2019 - Blog Nina\",\"isPartOf\":{\"@id\":\"https:\/\/ninamartinelli.com.br\/blog2\/#website\"},\"primaryImageOfPage\":{\"@id\":\"https:\/\/ninamartinelli.com.br\/blog2\/expo-revestir-2025-brick-allineato-grani-sofisticada-interpretacao-do-classico-tijolinho\/#primaryimage\"},\"image\":{\"@id\":\"https:\/\/ninamartinelli.com.br\/blog2\/expo-revestir-2025-brick-allineato-grani-sofisticada-interpretacao-do-classico-tijolinho\/#primaryimage\"},\"thumbnailUrl\":\"https:\/\/ninamartinelli.com.br\/blog2\/wp-content\/uploads\/2025\/02\/brick-allineato-grani-2.jpg\",\"datePublished\":\"2025-02-19T14:00:52+00:00\",\"description\":\"Expo Revestir 2025 - Brick Allineato Grani, sofistica\u00e7\u00e3o e despojamento numa reinterpreta\u00e7\u00e3o do cl\u00e1ssico tijolinho aparente, venha conhecer\",\"breadcrumb\":{\"@id\":\"https:\/\/ninamartinelli.com.br\/blog2\/expo-revestir-2025-brick-allineato-grani-sofisticada-interpretacao-do-classico-tijolinho\/#breadcrumb\"},\"inLanguage\":\"pt-BR\",\"potentialAction\":[{\"@type\":\"ReadAction\",\"target\":[\"https:\/\/ninamartinelli.com.br\/blog2\/expo-revestir-2025-brick-allineato-grani-sofisticada-interpretacao-do-classico-tijolinho\/\"]}]},{\"@type\":\"ImageObject\",\"inLanguage\":\"pt-BR\",\"@id\":\"https:\/\/ninamartinelli.com.br\/blog2\/expo-revestir-2025-brick-allineato-grani-sofisticada-interpretacao-do-classico-tijolinho\/#primaryimage\",\"url\":\"https:\/\/ninamartinelli.com.br\/blog2\/wp-content\/uploads\/2025\/02\/brick-allineato-grani-2.jpg\",\"contentUrl\":\"https:\/\/ninamartinelli.com.br\/blog2\/wp-content\/uploads\/2025\/02\/brick-allineato-grani-2.jpg\",\"width\":1200,\"height\":1600},{\"@type\":\"BreadcrumbList\",\"@id\":\"https:\/\/ninamartinelli.com.br\/blog2\/expo-revestir-2025-brick-allineato-grani-sofisticada-interpretacao-do-classico-tijolinho\/#breadcrumb\",\"itemListElement\":[{\"@type\":\"ListItem\",\"position\":1,\"name\":\"In\u00edcio\",\"item\":\"https:\/\/ninamartinelli.com.br\/blog2\/\"},{\"@type\":\"ListItem\",\"position\":2,\"name\":\"Expo Revestir 2025 &#8211; Brick Allineato Grani, sofisticada interpreta\u00e7\u00e3o do cl\u00e1ssico \u2018tijolinho\u2019\"}]},{\"@type\":\"WebSite\",\"@id\":\"https:\/\/ninamartinelli.com.br\/blog2\/#website\",\"url\":\"https:\/\/ninamartinelli.com.br\/blog2\/\",\"name\":\"Nina Martinelli\",\"description\":\"#Nina_Martinelli\",\"publisher\":{\"@id\":\"https:\/\/ninamartinelli.com.br\/blog2\/#organization\"},\"potentialAction\":[{\"@type\":\"SearchAction\",\"target\":{\"@type\":\"EntryPoint\",\"urlTemplate\":\"https:\/\/ninamartinelli.com.br\/blog2\/?s={search_term_string}\"},\"query-input\":{\"@type\":\"PropertyValueSpecification\",\"valueRequired\":true,\"valueName\":\"search_term_string\"}}],\"inLanguage\":\"pt-BR\"},{\"@type\":\"Organization\",\"@id\":\"https:\/\/ninamartinelli.com.br\/blog2\/#organization\",\"name\":\"Blog Novidades\",\"url\":\"https:\/\/ninamartinelli.com.br\/blog2\/\",\"logo\":{\"@type\":\"ImageObject\",\"inLanguage\":\"pt-BR\",\"@id\":\"https:\/\/ninamartinelli.com.br\/blog2\/#\/schema\/logo\/image\/\",\"url\":\"http:\/\/blog.ninamartinelli.com.br\/wp-content\/uploads\/2022\/03\/logo_nina_blog.png\",\"contentUrl\":\"http:\/\/blog.ninamartinelli.com.br\/wp-content\/uploads\/2022\/03\/logo_nina_blog.png\",\"width\":500,\"height\":104,\"caption\":\"Blog Novidades\"},\"image\":{\"@id\":\"https:\/\/ninamartinelli.com.br\/blog2\/#\/schema\/logo\/image\/\"}},{\"@type\":\"Person\",\"@id\":\"https:\/\/ninamartinelli.com.br\/blog2\/#\/schema\/person\/43fbfb1d4cbe3b472995206b2bb06df5\",\"name\":\"Ana Maria Devides\",\"image\":{\"@type\":\"ImageObject\",\"inLanguage\":\"pt-BR\",\"@id\":\"https:\/\/ninamartinelli.com.br\/blog2\/#\/schema\/person\/image\/\",\"url\":\"https:\/\/secure.gravatar.com\/avatar\/a03a82675d8bb3da8e5c5a6872db97be?s=96&d=mm&r=g\",\"contentUrl\":\"https:\/\/secure.gravatar.com\/avatar\/a03a82675d8bb3da8e5c5a6872db97be?s=96&d=mm&r=g\",\"caption\":\"Ana Maria Devides\"},\"url\":\"https:\/\/ninamartinelli.com.br\/blog2\/author\/assessoria-nina-martinelli\/\"}]}<\/script>\n<!-- \/ Yoast SEO plugin. -->","yoast_head_json":{"title":"Expo Revestir 2025 - Brick Allineato Grani, sofisticada interpreta\u00e7\u00e3o do cl\u00e1ssico \u2018tijolinho\u2019 - Blog Nina","description":"Expo Revestir 2025 - Brick Allineato Grani, sofistica\u00e7\u00e3o e despojamento numa reinterpreta\u00e7\u00e3o do cl\u00e1ssico tijolinho aparente, venha conhecer","robots":{"index":"index","follow":"follow","max-snippet":"max-snippet:-1","max-image-preview":"max-image-preview:large","max-video-preview":"max-video-preview:-1"},"canonical":"https:\/\/ninamartinelli.com.br\/blog2\/expo-revestir-2025-brick-allineato-grani-sofisticada-interpretacao-do-classico-tijolinho\/","og_locale":"pt_BR","og_type":"article","og_title":"Expo Revestir 2025 - Brick Allineato Grani, sofisticada interpreta\u00e7\u00e3o do cl\u00e1ssico \u2018tijolinho\u2019 - Blog Nina","og_description":"Expo Revestir 2025 - Brick Allineato Grani, sofistica\u00e7\u00e3o e despojamento numa reinterpreta\u00e7\u00e3o do cl\u00e1ssico tijolinho aparente, venha conhecer","og_url":"https:\/\/ninamartinelli.com.br\/blog2\/expo-revestir-2025-brick-allineato-grani-sofisticada-interpretacao-do-classico-tijolinho\/","og_site_name":"Blog Nina","article_published_time":"2025-02-19T14:00:52+00:00","og_image":[{"width":1200,"height":1600,"url":"https:\/\/ninamartinelli.com.br\/blog2\/wp-content\/uploads\/2025\/02\/brick-allineato-grani-2.jpg","type":"image\/jpeg"}],"author":"Ana Maria Devides","twitter_card":"summary_large_image","twitter_misc":{"Escrito por":"Ana Maria Devides","Est. tempo de leitura":"3 minutos"},"schema":{"@context":"https:\/\/schema.org","@graph":[{"@type":"Article","@id":"https:\/\/ninamartinelli.com.br\/blog2\/expo-revestir-2025-brick-allineato-grani-sofisticada-interpretacao-do-classico-tijolinho\/#article","isPartOf":{"@id":"https:\/\/ninamartinelli.com.br\/blog2\/expo-revestir-2025-brick-allineato-grani-sofisticada-interpretacao-do-classico-tijolinho\/"},"author":{"name":"Ana Maria Devides","@id":"https:\/\/ninamartinelli.com.br\/blog2\/#\/schema\/person\/43fbfb1d4cbe3b472995206b2bb06df5"},"headline":"Expo Revestir 2025 &#8211; Brick Allineato Grani, sofisticada interpreta\u00e7\u00e3o do cl\u00e1ssico \u2018tijolinho\u2019","datePublished":"2025-02-19T14:00:52+00:00","mainEntityOfPage":{"@id":"https:\/\/ninamartinelli.com.br\/blog2\/expo-revestir-2025-brick-allineato-grani-sofisticada-interpretacao-do-classico-tijolinho\/"},"wordCount":430,"commentCount":0,"publisher":{"@id":"https:\/\/ninamartinelli.com.br\/blog2\/#organization"},"image":{"@id":"https:\/\/ninamartinelli.com.br\/blog2\/expo-revestir-2025-brick-allineato-grani-sofisticada-interpretacao-do-classico-tijolinho\/#primaryimage"},"thumbnailUrl":"https:\/\/ninamartinelli.com.br\/blog2\/wp-content\/uploads\/2025\/02\/brick-allineato-grani-2.jpg","keywords":["expo revestir","Revestimento Brick","Sustentabilidade","tijolinho"],"articleSection":["Colezione Brick","EXPO Revestir","Mostras e Eventos","Revestimentos","Sustentabilidade"],"inLanguage":"pt-BR","potentialAction":[{"@type":"CommentAction","name":"Comment","target":["https:\/\/ninamartinelli.com.br\/blog2\/expo-revestir-2025-brick-allineato-grani-sofisticada-interpretacao-do-classico-tijolinho\/#respond"]}]},{"@type":"WebPage","@id":"https:\/\/ninamartinelli.com.br\/blog2\/expo-revestir-2025-brick-allineato-grani-sofisticada-interpretacao-do-classico-tijolinho\/","url":"https:\/\/ninamartinelli.com.br\/blog2\/expo-revestir-2025-brick-allineato-grani-sofisticada-interpretacao-do-classico-tijolinho\/","name":"Expo Revestir 2025 - Brick Allineato Grani, sofisticada interpreta\u00e7\u00e3o do cl\u00e1ssico \u2018tijolinho\u2019 - Blog Nina","isPartOf":{"@id":"https:\/\/ninamartinelli.com.br\/blog2\/#website"},"primaryImageOfPage":{"@id":"https:\/\/ninamartinelli.com.br\/blog2\/expo-revestir-2025-brick-allineato-grani-sofisticada-interpretacao-do-classico-tijolinho\/#primaryimage"},"image":{"@id":"https:\/\/ninamartinelli.com.br\/blog2\/expo-revestir-2025-brick-allineato-grani-sofisticada-interpretacao-do-classico-tijolinho\/#primaryimage"},"thumbnailUrl":"https:\/\/ninamartinelli.com.br\/blog2\/wp-content\/uploads\/2025\/02\/brick-allineato-grani-2.jpg","datePublished":"2025-02-19T14:00:52+00:00","description":"Expo Revestir 2025 - Brick Allineato Grani, sofistica\u00e7\u00e3o e despojamento numa reinterpreta\u00e7\u00e3o do cl\u00e1ssico tijolinho aparente, venha conhecer","breadcrumb":{"@id":"https:\/\/ninamartinelli.com.br\/blog2\/expo-revestir-2025-brick-allineato-grani-sofisticada-interpretacao-do-classico-tijolinho\/#breadcrumb"},"inLanguage":"pt-BR","potentialAction":[{"@type":"ReadAction","target":["https:\/\/ninamartinelli.com.br\/blog2\/expo-revestir-2025-brick-allineato-grani-sofisticada-interpretacao-do-classico-tijolinho\/"]}]},{"@type":"ImageObject","inLanguage":"pt-BR","@id":"https:\/\/ninamartinelli.com.br\/blog2\/expo-revestir-2025-brick-allineato-grani-sofisticada-interpretacao-do-classico-tijolinho\/#primaryimage","url":"https:\/\/ninamartinelli.com.br\/blog2\/wp-content\/uploads\/2025\/02\/brick-allineato-grani-2.jpg","contentUrl":"https:\/\/ninamartinelli.com.br\/blog2\/wp-content\/uploads\/2025\/02\/brick-allineato-grani-2.jpg","width":1200,"height":1600},{"@type":"BreadcrumbList","@id":"https:\/\/ninamartinelli.com.br\/blog2\/expo-revestir-2025-brick-allineato-grani-sofisticada-interpretacao-do-classico-tijolinho\/#breadcrumb","itemListElement":[{"@type":"ListItem","position":1,"name":"In\u00edcio","item":"https:\/\/ninamartinelli.com.br\/blog2\/"},{"@type":"ListItem","position":2,"name":"Expo Revestir 2025 &#8211; Brick Allineato Grani, sofisticada interpreta\u00e7\u00e3o do cl\u00e1ssico \u2018tijolinho\u2019"}]},{"@type":"WebSite","@id":"https:\/\/ninamartinelli.com.br\/blog2\/#website","url":"https:\/\/ninamartinelli.com.br\/blog2\/","name":"Nina Martinelli","description":"#Nina_Martinelli","publisher":{"@id":"https:\/\/ninamartinelli.com.br\/blog2\/#organization"},"potentialAction":[{"@type":"SearchAction","target":{"@type":"EntryPoint","urlTemplate":"https:\/\/ninamartinelli.com.br\/blog2\/?s={search_term_string}"},"query-input":{"@type":"PropertyValueSpecification","valueRequired":true,"valueName":"search_term_string"}}],"inLanguage":"pt-BR"},{"@type":"Organization","@id":"https:\/\/ninamartinelli.com.br\/blog2\/#organization","name":"Blog Novidades","url":"https:\/\/ninamartinelli.com.br\/blog2\/","logo":{"@type":"ImageObject","inLanguage":"pt-BR","@id":"https:\/\/ninamartinelli.com.br\/blog2\/#\/schema\/logo\/image\/","url":"http:\/\/blog.ninamartinelli.com.br\/wp-content\/uploads\/2022\/03\/logo_nina_blog.png","contentUrl":"http:\/\/blog.ninamartinelli.com.br\/wp-content\/uploads\/2022\/03\/logo_nina_blog.png","width":500,"height":104,"caption":"Blog Novidades"},"image":{"@id":"https:\/\/ninamartinelli.com.br\/blog2\/#\/schema\/logo\/image\/"}},{"@type":"Person","@id":"https:\/\/ninamartinelli.com.br\/blog2\/#\/schema\/person\/43fbfb1d4cbe3b472995206b2bb06df5","name":"Ana Maria Devides","image":{"@type":"ImageObject","inLanguage":"pt-BR","@id":"https:\/\/ninamartinelli.com.br\/blog2\/#\/schema\/person\/image\/","url":"https:\/\/secure.gravatar.com\/avatar\/a03a82675d8bb3da8e5c5a6872db97be?s=96&d=mm&r=g","contentUrl":"https:\/\/secure.gravatar.com\/avatar\/a03a82675d8bb3da8e5c5a6872db97be?s=96&d=mm&r=g","caption":"Ana Maria Devides"},"url":"https:\/\/ninamartinelli.com.br\/blog2\/author\/assessoria-nina-martinelli\/"}]}},"_links":{"self":[{"href":"https:\/\/ninamartinelli.com.br\/blog2\/wp-json\/wp\/v2\/posts\/2651","targetHints":{"allow":["GET"]}}],"collection":[{"href":"https:\/\/ninamartinelli.com.br\/blog2\/wp-json\/wp\/v2\/posts"}],"about":[{"href":"https:\/\/ninamartinelli.com.br\/blog2\/wp-json\/wp\/v2\/types\/post"}],"author":[{"embeddable":true,"href":"https:\/\/ninamartinelli.com.br\/blog2\/wp-json\/wp\/v2\/users\/2"}],"replies":[{"embeddable":true,"href":"https:\/\/ninamartinelli.com.br\/blog2\/wp-json\/wp\/v2\/comments?post=2651"}],"version-history":[{"count":2,"href":"https:\/\/ninamartinelli.com.br\/blog2\/wp-json\/wp\/v2\/posts\/2651\/revisions"}],"predecessor-version":[{"id":2656,"href":"https:\/\/ninamartinelli.com.br\/blog2\/wp-json\/wp\/v2\/posts\/2651\/revisions\/2656"}],"wp:featuredmedia":[{"embeddable":true,"href":"https:\/\/ninamartinelli.com.br\/blog2\/wp-json\/wp\/v2\/media\/2652"}],"wp:attachment":[{"href":"https:\/\/ninamartinelli.com.br\/blog2\/wp-json\/wp\/v2\/media?parent=2651"}],"wp:term":[{"taxonomy":"category","embeddable":true,"href":"https:\/\/ninamartinelli.com.br\/blog2\/wp-json\/wp\/v2\/categories?post=2651"},{"taxonomy":"post_tag","embeddable":true,"href":"https:\/\/ninamartinelli.com.br\/blog2\/wp-json\/wp\/v2\/tags?post=2651"}],"curies":[{"name":"wp","href":"https:\/\/api.w.org\/{rel}","templated":true}]}}