{"id":2643,"date":"2025-02-12T08:53:18","date_gmt":"2025-02-12T11:53:18","guid":{"rendered":"https:\/\/ninamartinelli.com.br\/blog2\/?p=2643"},"modified":"2025-02-12T08:53:18","modified_gmt":"2025-02-12T11:53:18","slug":"expo-revestir-2025-lancamentos-nina-martinelli-para-experienciar-espacos","status":"publish","type":"post","link":"https:\/\/ninamartinelli.com.br\/blog2\/expo-revestir-2025-lancamentos-nina-martinelli-para-experienciar-espacos\/","title":{"rendered":"Expo Revestir 2025 \u2013 Lan\u00e7amentos Nina Martinelli para experienciar espa\u00e7os"},"content":{"rendered":"<p>Expo Revestir 2025 &#8211; Forma, est\u00e9tica, fun\u00e7\u00e3o, s\u00e3o aspectos consolidados na linguagem arquitet\u00f4nica e embasam grandes profissionais na hora de elaborarem seus mais variados projetos. Que se valem de materiais e, principalmente, acabamentos capazes de traduzir e expressar desejos, necessidades e valores daqueles que v\u00e3o viver naqueles ambientes.<\/p>\n<p>Por\u00e9m, para al\u00e9m desses aspectos, h\u00e1 que se considerar a import\u00e2ncia sensorial dos espa\u00e7os, e que \u00e9 diretamente influenciada, quando n\u00e3o determinada, pelos elementos que os comp\u00f5em. E que podem e devem gerar conex\u00f5es \u00fanicas e marcantes entre pessoas e ambientes.<\/p>\n<p>Foi essa premissa que Nina Martinelli usou como ponto de partida para desenvolver os lan\u00e7amentos que ser\u00e3o apresentados na <a href=\"https:\/\/www.exporevestir.com.br\/\">Expo Revestir 2025<\/a>, que acontece de 10 a 14 de mar\u00e7o, no Pavilh\u00e3o S\u00e3o Paulo Expo, na capital paulista.<\/p>\n<p>Mais do que estar, utilizar e contemplar os ambientes, a marca prop\u00f5e experienciar os espa\u00e7os, nos quais pisos e revestimentos sejam al\u00e7ados aos papeis de interlocutores, que dialogam com a sensibilidade e propiciam, intuitivamente, a intera\u00e7\u00e3o das pessoas com os ambientes \u2013 seja pelo toque, seja pelo movimento, seja pelas sensa\u00e7\u00f5es, num processo de aut\u00eantica experimenta\u00e7\u00e3o.<\/p>\n<p>Mantendo, aprimorando e reafirmando seu imut\u00e1vel compromisso com a qualidade, a beleza, a diferencia\u00e7\u00e3o e a sustentabilidade, e fiel \u00e0 sua ancestralidade, o que ali\u00e1s a consagra e a destaca no mercado h\u00e1 25 anos, Nina Martinelli vai apresentar novos modelos feitos \u00e0 m\u00e3o \u2013 de pessoas para pessoas, como a marca vai enfatizar no evento \u2013 que s\u00e3o resultado de um processo artesanal minucioso, no qual a habilidade e a sensibilidade da produ\u00e7\u00e3o se refletem em cada detalhe.<\/p>\n<p><strong>Estande assinado por Marcos Lula<\/strong><\/p>\n<p>E por falar em ancestralidade, \u00e9 bom que os visitantes da Expo Revestir 2025 se preparem para visitar o acervo de lan\u00e7amentos e cl\u00e1ssicos num espa\u00e7o concebido com essa preocupa\u00e7\u00e3o: as influ\u00eancias italianas, transmitidas pelos antepassados dos fundadores da Nina Martinelli, e que constroem atrav\u00e9s dos tempos e das viv\u00eancias a identidade da marca, estar\u00e3o expressos no estande. Com classe, eleg\u00e2ncia e leveza.<\/p>\n<p>Isso gra\u00e7as ao talento e sensibilidade do arquiteto <a href=\"https:\/\/www.instagram.com\/arqmarcoslula\/\">Marcos Lula<\/a>, de Goi\u00e2nia-GO, um profissional que vem se destacando pela cria\u00e7\u00e3o de projetos e materializa\u00e7\u00e3o de obras de extremo bom gosto, funcionalidade e originalidade, mas com profunda conex\u00e3o com pessoas, mais do que com simples \u2018clientes\u2019.<\/p>\n<p><em>\u201cEste ano eu diria que estamos chegando \u00e0 Expo Revestir 2025 com a certeza de que atingimos uma maturidade muito desejada, em termos de expressarmos, nas nossas cria\u00e7\u00f5es, toda a nossa identidade, mesmo. As nossas origens, as nossas tradi\u00e7\u00f5es, aquilo que admiramos e procuramos desenvolver e oferecer ao mercado, com sobriedade e excel\u00eancia. Esperamos que os especificadores, lojistas e demais atores desse fascinante universo da arquitetura e constru\u00e7\u00e3o sintam-se acolhidos e impactados pelo que vamos apresentar, com muito carinho e capricho\u201d<\/em>, diz Jos\u00e9 Renato Videira, diretor e cofundador da empresa.<\/p>\n<figure id=\"attachment_2645\" aria-describedby=\"caption-attachment-2645\" style=\"width: 417px\" class=\"wp-caption aligncenter\"><img loading=\"lazy\" decoding=\"async\" class=\"wp-image-2645 \" src=\"https:\/\/ninamartinelli.com.br\/blog2\/wp-content\/uploads\/2025\/02\/BRICK-CARROSSEL-1-BRICK-NATURALLE-CASA-TEAR-MARCOS-LULA-1-300x200.jpg\" alt=\"\" width=\"417\" height=\"278\" srcset=\"https:\/\/ninamartinelli.com.br\/blog2\/wp-content\/uploads\/2025\/02\/BRICK-CARROSSEL-1-BRICK-NATURALLE-CASA-TEAR-MARCOS-LULA-1-300x200.jpg 300w, https:\/\/ninamartinelli.com.br\/blog2\/wp-content\/uploads\/2025\/02\/BRICK-CARROSSEL-1-BRICK-NATURALLE-CASA-TEAR-MARCOS-LULA-1-1024x683.jpg 1024w, https:\/\/ninamartinelli.com.br\/blog2\/wp-content\/uploads\/2025\/02\/BRICK-CARROSSEL-1-BRICK-NATURALLE-CASA-TEAR-MARCOS-LULA-1-768x512.jpg 768w, https:\/\/ninamartinelli.com.br\/blog2\/wp-content\/uploads\/2025\/02\/BRICK-CARROSSEL-1-BRICK-NATURALLE-CASA-TEAR-MARCOS-LULA-1-1536x1024.jpg 1536w, https:\/\/ninamartinelli.com.br\/blog2\/wp-content\/uploads\/2025\/02\/BRICK-CARROSSEL-1-BRICK-NATURALLE-CASA-TEAR-MARCOS-LULA-1-2048x1365.jpg 2048w\" sizes=\"auto, (max-width: 417px) 100vw, 417px\" \/><figcaption id=\"caption-attachment-2645\" class=\"wp-caption-text\">Brick Naturalle em resid\u00eancia projetada por Marcos Lula em Goi\u00e1s. O arquiteto assina o estande da Nina na Expo Revestir 2025<\/figcaption><\/figure>\n<p>Vale a pena conferir!<\/p>\n<figure id=\"attachment_2647\" aria-describedby=\"caption-attachment-2647\" style=\"width: 411px\" class=\"wp-caption alignright\"><img loading=\"lazy\" decoding=\"async\" class=\"wp-image-2647\" src=\"https:\/\/ninamartinelli.com.br\/blog2\/wp-content\/uploads\/2025\/02\/COTTO-VECCHIO-NERO-300x225.jpg\" alt=\"\" width=\"411\" height=\"308\" srcset=\"https:\/\/ninamartinelli.com.br\/blog2\/wp-content\/uploads\/2025\/02\/COTTO-VECCHIO-NERO-300x225.jpg 300w, https:\/\/ninamartinelli.com.br\/blog2\/wp-content\/uploads\/2025\/02\/COTTO-VECCHIO-NERO-1024x767.jpg 1024w, https:\/\/ninamartinelli.com.br\/blog2\/wp-content\/uploads\/2025\/02\/COTTO-VECCHIO-NERO-768x576.jpg 768w, https:\/\/ninamartinelli.com.br\/blog2\/wp-content\/uploads\/2025\/02\/COTTO-VECCHIO-NERO-1536x1151.jpg 1536w, https:\/\/ninamartinelli.com.br\/blog2\/wp-content\/uploads\/2025\/02\/COTTO-VECCHIO-NERO-2048x1535.jpg 2048w\" sizes=\"auto, (max-width: 411px) 100vw, 411px\" \/><figcaption id=\"caption-attachment-2647\" class=\"wp-caption-text\">Cotto Vecchio Nero aplicado em \u00e1rea de lazer de condom\u00ednio em Bauru SP<\/figcaption><\/figure>\n<p><strong>Sobre a Nina Martinelli<\/strong><\/p>\n<p>A Nina Martinelli Pisos e Revestimentos \u00e9 uma empresa familiar fundada sobre uma base hist\u00f3rica e ancestral muito forte, que remete a um dos primeiros e mais intensos fluxos imigrat\u00f3rios que envolveram o Brasil, principalmente entre 1890 e 1930 e em especial, no caso paulista, para onde vieram muitos italianos \u2013 entre eles, a fam\u00edlia de Maria, a \u2018nona\u2019 Nina Martinelli.<\/p>\n<p>Fundada em 2000, para ser a marca que \u00e9 hoje, no entanto, a Nina Martinelli Pisos e Revestimentos percorreu uma trajet\u00f3ria de resgate da identidade que envolve os profundos e estreitos la\u00e7os dos italianos com a arte ceramista. Com ra\u00edzes no s\u00e9culo 8, ramificadas por diversas regi\u00f5es, absorvendo influ\u00eancias do Oriente e do Oriente M\u00e9dio, de povos e ocupa\u00e7\u00f5es na Pen\u00ednsula Ib\u00e9rica \u2013 tais como a arte da cer\u00e2mica Maj\u00f3lica (Mai\u00f3lica), entre outras, e que resultaram em uma expertise ceramista que privilegia elementos naturais e formas que convidam \u00e0 contempla\u00e7\u00e3o e \u00e0 experimenta\u00e7\u00e3o do ambiente.<\/p>\n<figure id=\"attachment_2646\" aria-describedby=\"caption-attachment-2646\" style=\"width: 497px\" class=\"wp-caption alignright\"><img loading=\"lazy\" decoding=\"async\" class=\"wp-image-2646\" src=\"https:\/\/ninamartinelli.com.br\/blog2\/wp-content\/uploads\/2025\/02\/RETTANGOLO-NATURE-ROSSO--300x169.jpg\" alt=\"\" width=\"497\" height=\"280\" srcset=\"https:\/\/ninamartinelli.com.br\/blog2\/wp-content\/uploads\/2025\/02\/RETTANGOLO-NATURE-ROSSO--300x169.jpg 300w, https:\/\/ninamartinelli.com.br\/blog2\/wp-content\/uploads\/2025\/02\/RETTANGOLO-NATURE-ROSSO--1024x576.jpg 1024w, https:\/\/ninamartinelli.com.br\/blog2\/wp-content\/uploads\/2025\/02\/RETTANGOLO-NATURE-ROSSO--768x432.jpg 768w, https:\/\/ninamartinelli.com.br\/blog2\/wp-content\/uploads\/2025\/02\/RETTANGOLO-NATURE-ROSSO--1536x864.jpg 1536w, https:\/\/ninamartinelli.com.br\/blog2\/wp-content\/uploads\/2025\/02\/RETTANGOLO-NATURE-ROSSO-.jpg 1600w\" sizes=\"auto, (max-width: 497px) 100vw, 497px\" \/><figcaption id=\"caption-attachment-2646\" class=\"wp-caption-text\">Ambiente de restaurante em evento em Ribeir\u00e3o Preto. Projeto de Mariane Siqueira com o Rettangolo Nature Rosso da Nina Martinelli<\/figcaption><\/figure>\n<p><strong>Produ\u00e7\u00e3o artesanal, express\u00e3o do DNA da marca<\/strong><\/p>\n<p>Na Nina Martinelli os processos fabris s\u00e3o essencialmente manuais. Ou seja, s\u00e3o feitos por m\u00e3os humanas, com pouco ou nada de maquin\u00e1rio envolvido. Pessoas, com suas habilidades pr\u00f3prias, suas hist\u00f3rias e sentimentos, \u00e9 que manuseiam delicados moldes e produzem pe\u00e7as que s\u00e3o literalmente \u00fanicas.<\/p>\n<p><strong>Sustentabilidade como pilar<\/strong><\/p>\n<p>A produ\u00e7\u00e3o artesanal, por si s\u00f3, j\u00e1 resulta em emiss\u00f5es reduzidas de carbono, mas, na Nina, as preocupa\u00e7\u00f5es sustent\u00e1veis s\u00e3o materializadas em diversas pr\u00e1ticas do dia-a-dia; desde a aquisi\u00e7\u00e3o de argila proveniente de lavras locais, passando pelo reuso da \u00e1gua e pelo uso de componentes reciclados na produ\u00e7\u00e3o de seus acabamentos.<\/p>\n<p>Todo o refugo da produ\u00e7\u00e3o \u00e9 reaproveitado na fabrica\u00e7\u00e3o de novos produtos, alimentando e retroalimentando um ciclo virtuoso de uso respeitoso dos recursos naturais.<\/p>\n<p>&nbsp;<\/p>\n<p><strong>Servi\u00e7o<\/strong><\/p>\n<p><strong>Expo Revestir 2025<\/strong><\/p>\n<p><strong>Data:<\/strong> 10 a 14 de mar\u00e7o<\/p>\n<p><strong>Local:<\/strong> Pavilh\u00e3o S\u00e3o Paulo Expo \u2013 Rodovia dos Imigrantes, km 1,5<\/p>\n<p>S\u00e3o Paulo \u2013 SP<\/p>\n<p>Estande Nina Martinelli C11<\/p>\n","protected":false},"excerpt":{"rendered":"<p>Expo Revestir 2025 &#8211; Forma, est\u00e9tica, fun\u00e7\u00e3o, s\u00e3o aspectos consolidados na linguagem arquitet\u00f4nica e embasam<\/p>\n","protected":false},"author":2,"featured_media":2644,"comment_status":"open","ping_status":"open","sticky":false,"template":"","format":"standard","meta":{"footnotes":""},"categories":[48,178,19,1,26,129],"tags":[170],"class_list":["post-2643","post","type-post","status-publish","format-standard","has-post-thumbnail","hentry","category-expo-revestir","category-lancamentos-2025","category-mostras-e-eventos","category-nina-martinelli","category-revestimentos","category-sustentabilidade","tag-design-italiano-lancamento-expo-revestir"],"yoast_head":"<!-- This site is optimized with the Yoast SEO plugin v26.8 - https:\/\/yoast.com\/product\/yoast-seo-wordpress\/ -->\n<title>Expo Revestir 2025 \u2013 Lan\u00e7amentos Nina Martinelli para experienciar espa\u00e7os<\/title>\n<meta name=\"description\" content=\"Expo Revestir 2025 - Nina Martinelli apresentar\u00e1 em mar\u00e7o, neste grande evento, lan\u00e7amentos que prop\u00f5em uma arquitetura interativa, sensorial\" \/>\n<meta name=\"robots\" content=\"index, follow, max-snippet:-1, max-image-preview:large, max-video-preview:-1\" \/>\n<link rel=\"canonical\" href=\"https:\/\/ninamartinelli.com.br\/blog2\/expo-revestir-2025-lancamentos-nina-martinelli-para-experienciar-espacos\/\" \/>\n<meta property=\"og:locale\" content=\"pt_BR\" \/>\n<meta property=\"og:type\" content=\"article\" \/>\n<meta property=\"og:title\" content=\"Expo Revestir 2025 \u2013 Lan\u00e7amentos Nina Martinelli para experienciar espa\u00e7os\" \/>\n<meta property=\"og:description\" content=\"Expo Revestir 2025 - Nina Martinelli apresentar\u00e1 em mar\u00e7o, neste grande evento, lan\u00e7amentos que prop\u00f5em uma arquitetura interativa, sensorial\" \/>\n<meta property=\"og:url\" content=\"https:\/\/ninamartinelli.com.br\/blog2\/expo-revestir-2025-lancamentos-nina-martinelli-para-experienciar-espacos\/\" \/>\n<meta property=\"og:site_name\" content=\"Blog Nina\" \/>\n<meta property=\"article:published_time\" content=\"2025-02-12T11:53:18+00:00\" \/>\n<meta property=\"og:image\" content=\"https:\/\/ninamartinelli.com.br\/blog2\/wp-content\/uploads\/2025\/02\/CAPA-ALLINEATO-ALGODAO-MAR-ARQUITETURA-CASACOR-RIO.jpg\" \/>\n\t<meta property=\"og:image:width\" content=\"1080\" \/>\n\t<meta property=\"og:image:height\" content=\"766\" \/>\n\t<meta property=\"og:image:type\" content=\"image\/jpeg\" \/>\n<meta name=\"author\" content=\"Ana Maria Devides\" \/>\n<meta name=\"twitter:card\" content=\"summary_large_image\" \/>\n<meta name=\"twitter:label1\" content=\"Escrito por\" \/>\n\t<meta name=\"twitter:data1\" content=\"Ana Maria Devides\" \/>\n\t<meta name=\"twitter:label2\" content=\"Est. tempo de leitura\" \/>\n\t<meta name=\"twitter:data2\" content=\"6 minutos\" \/>\n<script type=\"application\/ld+json\" class=\"yoast-schema-graph\">{\"@context\":\"https:\/\/schema.org\",\"@graph\":[{\"@type\":\"Article\",\"@id\":\"https:\/\/ninamartinelli.com.br\/blog2\/expo-revestir-2025-lancamentos-nina-martinelli-para-experienciar-espacos\/#article\",\"isPartOf\":{\"@id\":\"https:\/\/ninamartinelli.com.br\/blog2\/expo-revestir-2025-lancamentos-nina-martinelli-para-experienciar-espacos\/\"},\"author\":{\"name\":\"Ana Maria Devides\",\"@id\":\"https:\/\/ninamartinelli.com.br\/blog2\/#\/schema\/person\/43fbfb1d4cbe3b472995206b2bb06df5\"},\"headline\":\"Expo Revestir 2025 \u2013 Lan\u00e7amentos Nina Martinelli para experienciar espa\u00e7os\",\"datePublished\":\"2025-02-12T11:53:18+00:00\",\"mainEntityOfPage\":{\"@id\":\"https:\/\/ninamartinelli.com.br\/blog2\/expo-revestir-2025-lancamentos-nina-martinelli-para-experienciar-espacos\/\"},\"wordCount\":934,\"commentCount\":0,\"publisher\":{\"@id\":\"https:\/\/ninamartinelli.com.br\/blog2\/#organization\"},\"image\":{\"@id\":\"https:\/\/ninamartinelli.com.br\/blog2\/expo-revestir-2025-lancamentos-nina-martinelli-para-experienciar-espacos\/#primaryimage\"},\"thumbnailUrl\":\"https:\/\/ninamartinelli.com.br\/blog2\/wp-content\/uploads\/2025\/02\/CAPA-ALLINEATO-ALGODAO-MAR-ARQUITETURA-CASACOR-RIO.jpg\",\"keywords\":[\"design italiano; lancamento; Expo Revestir\"],\"articleSection\":[\"EXPO Revestir\",\"LAN\u00c7AMENTOS 2025\",\"Mostras e Eventos\",\"Nina Martinelli\",\"Revestimentos\",\"Sustentabilidade\"],\"inLanguage\":\"pt-BR\",\"potentialAction\":[{\"@type\":\"CommentAction\",\"name\":\"Comment\",\"target\":[\"https:\/\/ninamartinelli.com.br\/blog2\/expo-revestir-2025-lancamentos-nina-martinelli-para-experienciar-espacos\/#respond\"]}]},{\"@type\":\"WebPage\",\"@id\":\"https:\/\/ninamartinelli.com.br\/blog2\/expo-revestir-2025-lancamentos-nina-martinelli-para-experienciar-espacos\/\",\"url\":\"https:\/\/ninamartinelli.com.br\/blog2\/expo-revestir-2025-lancamentos-nina-martinelli-para-experienciar-espacos\/\",\"name\":\"Expo Revestir 2025 \u2013 Lan\u00e7amentos Nina Martinelli para experienciar espa\u00e7os\",\"isPartOf\":{\"@id\":\"https:\/\/ninamartinelli.com.br\/blog2\/#website\"},\"primaryImageOfPage\":{\"@id\":\"https:\/\/ninamartinelli.com.br\/blog2\/expo-revestir-2025-lancamentos-nina-martinelli-para-experienciar-espacos\/#primaryimage\"},\"image\":{\"@id\":\"https:\/\/ninamartinelli.com.br\/blog2\/expo-revestir-2025-lancamentos-nina-martinelli-para-experienciar-espacos\/#primaryimage\"},\"thumbnailUrl\":\"https:\/\/ninamartinelli.com.br\/blog2\/wp-content\/uploads\/2025\/02\/CAPA-ALLINEATO-ALGODAO-MAR-ARQUITETURA-CASACOR-RIO.jpg\",\"datePublished\":\"2025-02-12T11:53:18+00:00\",\"description\":\"Expo Revestir 2025 - Nina Martinelli apresentar\u00e1 em mar\u00e7o, neste grande evento, lan\u00e7amentos que prop\u00f5em uma arquitetura interativa, sensorial\",\"breadcrumb\":{\"@id\":\"https:\/\/ninamartinelli.com.br\/blog2\/expo-revestir-2025-lancamentos-nina-martinelli-para-experienciar-espacos\/#breadcrumb\"},\"inLanguage\":\"pt-BR\",\"potentialAction\":[{\"@type\":\"ReadAction\",\"target\":[\"https:\/\/ninamartinelli.com.br\/blog2\/expo-revestir-2025-lancamentos-nina-martinelli-para-experienciar-espacos\/\"]}]},{\"@type\":\"ImageObject\",\"inLanguage\":\"pt-BR\",\"@id\":\"https:\/\/ninamartinelli.com.br\/blog2\/expo-revestir-2025-lancamentos-nina-martinelli-para-experienciar-espacos\/#primaryimage\",\"url\":\"https:\/\/ninamartinelli.com.br\/blog2\/wp-content\/uploads\/2025\/02\/CAPA-ALLINEATO-ALGODAO-MAR-ARQUITETURA-CASACOR-RIO.jpg\",\"contentUrl\":\"https:\/\/ninamartinelli.com.br\/blog2\/wp-content\/uploads\/2025\/02\/CAPA-ALLINEATO-ALGODAO-MAR-ARQUITETURA-CASACOR-RIO.jpg\",\"width\":1080,\"height\":766,\"caption\":\"Brick Allineato Algod\u00e3o no Caf\u00e9 Cremme, em evento no Rio de Janeiro - Projeto: Mar Arquitetura\"},{\"@type\":\"BreadcrumbList\",\"@id\":\"https:\/\/ninamartinelli.com.br\/blog2\/expo-revestir-2025-lancamentos-nina-martinelli-para-experienciar-espacos\/#breadcrumb\",\"itemListElement\":[{\"@type\":\"ListItem\",\"position\":1,\"name\":\"In\u00edcio\",\"item\":\"https:\/\/ninamartinelli.com.br\/blog2\/\"},{\"@type\":\"ListItem\",\"position\":2,\"name\":\"Expo Revestir 2025 \u2013 Lan\u00e7amentos Nina Martinelli para experienciar espa\u00e7os\"}]},{\"@type\":\"WebSite\",\"@id\":\"https:\/\/ninamartinelli.com.br\/blog2\/#website\",\"url\":\"https:\/\/ninamartinelli.com.br\/blog2\/\",\"name\":\"Nina Martinelli\",\"description\":\"#Nina_Martinelli\",\"publisher\":{\"@id\":\"https:\/\/ninamartinelli.com.br\/blog2\/#organization\"},\"potentialAction\":[{\"@type\":\"SearchAction\",\"target\":{\"@type\":\"EntryPoint\",\"urlTemplate\":\"https:\/\/ninamartinelli.com.br\/blog2\/?s={search_term_string}\"},\"query-input\":{\"@type\":\"PropertyValueSpecification\",\"valueRequired\":true,\"valueName\":\"search_term_string\"}}],\"inLanguage\":\"pt-BR\"},{\"@type\":\"Organization\",\"@id\":\"https:\/\/ninamartinelli.com.br\/blog2\/#organization\",\"name\":\"Blog Novidades\",\"url\":\"https:\/\/ninamartinelli.com.br\/blog2\/\",\"logo\":{\"@type\":\"ImageObject\",\"inLanguage\":\"pt-BR\",\"@id\":\"https:\/\/ninamartinelli.com.br\/blog2\/#\/schema\/logo\/image\/\",\"url\":\"http:\/\/blog.ninamartinelli.com.br\/wp-content\/uploads\/2022\/03\/logo_nina_blog.png\",\"contentUrl\":\"http:\/\/blog.ninamartinelli.com.br\/wp-content\/uploads\/2022\/03\/logo_nina_blog.png\",\"width\":500,\"height\":104,\"caption\":\"Blog Novidades\"},\"image\":{\"@id\":\"https:\/\/ninamartinelli.com.br\/blog2\/#\/schema\/logo\/image\/\"}},{\"@type\":\"Person\",\"@id\":\"https:\/\/ninamartinelli.com.br\/blog2\/#\/schema\/person\/43fbfb1d4cbe3b472995206b2bb06df5\",\"name\":\"Ana Maria Devides\",\"image\":{\"@type\":\"ImageObject\",\"inLanguage\":\"pt-BR\",\"@id\":\"https:\/\/ninamartinelli.com.br\/blog2\/#\/schema\/person\/image\/\",\"url\":\"https:\/\/secure.gravatar.com\/avatar\/a03a82675d8bb3da8e5c5a6872db97be?s=96&d=mm&r=g\",\"contentUrl\":\"https:\/\/secure.gravatar.com\/avatar\/a03a82675d8bb3da8e5c5a6872db97be?s=96&d=mm&r=g\",\"caption\":\"Ana Maria Devides\"},\"url\":\"https:\/\/ninamartinelli.com.br\/blog2\/author\/assessoria-nina-martinelli\/\"}]}<\/script>\n<!-- \/ Yoast SEO plugin. -->","yoast_head_json":{"title":"Expo Revestir 2025 \u2013 Lan\u00e7amentos Nina Martinelli para experienciar espa\u00e7os","description":"Expo Revestir 2025 - Nina Martinelli apresentar\u00e1 em mar\u00e7o, neste grande evento, lan\u00e7amentos que prop\u00f5em uma arquitetura interativa, sensorial","robots":{"index":"index","follow":"follow","max-snippet":"max-snippet:-1","max-image-preview":"max-image-preview:large","max-video-preview":"max-video-preview:-1"},"canonical":"https:\/\/ninamartinelli.com.br\/blog2\/expo-revestir-2025-lancamentos-nina-martinelli-para-experienciar-espacos\/","og_locale":"pt_BR","og_type":"article","og_title":"Expo Revestir 2025 \u2013 Lan\u00e7amentos Nina Martinelli para experienciar espa\u00e7os","og_description":"Expo Revestir 2025 - Nina Martinelli apresentar\u00e1 em mar\u00e7o, neste grande evento, lan\u00e7amentos que prop\u00f5em uma arquitetura interativa, sensorial","og_url":"https:\/\/ninamartinelli.com.br\/blog2\/expo-revestir-2025-lancamentos-nina-martinelli-para-experienciar-espacos\/","og_site_name":"Blog Nina","article_published_time":"2025-02-12T11:53:18+00:00","og_image":[{"width":1080,"height":766,"url":"https:\/\/ninamartinelli.com.br\/blog2\/wp-content\/uploads\/2025\/02\/CAPA-ALLINEATO-ALGODAO-MAR-ARQUITETURA-CASACOR-RIO.jpg","type":"image\/jpeg"}],"author":"Ana Maria Devides","twitter_card":"summary_large_image","twitter_misc":{"Escrito por":"Ana Maria Devides","Est. tempo de leitura":"6 minutos"},"schema":{"@context":"https:\/\/schema.org","@graph":[{"@type":"Article","@id":"https:\/\/ninamartinelli.com.br\/blog2\/expo-revestir-2025-lancamentos-nina-martinelli-para-experienciar-espacos\/#article","isPartOf":{"@id":"https:\/\/ninamartinelli.com.br\/blog2\/expo-revestir-2025-lancamentos-nina-martinelli-para-experienciar-espacos\/"},"author":{"name":"Ana Maria Devides","@id":"https:\/\/ninamartinelli.com.br\/blog2\/#\/schema\/person\/43fbfb1d4cbe3b472995206b2bb06df5"},"headline":"Expo Revestir 2025 \u2013 Lan\u00e7amentos Nina Martinelli para experienciar espa\u00e7os","datePublished":"2025-02-12T11:53:18+00:00","mainEntityOfPage":{"@id":"https:\/\/ninamartinelli.com.br\/blog2\/expo-revestir-2025-lancamentos-nina-martinelli-para-experienciar-espacos\/"},"wordCount":934,"commentCount":0,"publisher":{"@id":"https:\/\/ninamartinelli.com.br\/blog2\/#organization"},"image":{"@id":"https:\/\/ninamartinelli.com.br\/blog2\/expo-revestir-2025-lancamentos-nina-martinelli-para-experienciar-espacos\/#primaryimage"},"thumbnailUrl":"https:\/\/ninamartinelli.com.br\/blog2\/wp-content\/uploads\/2025\/02\/CAPA-ALLINEATO-ALGODAO-MAR-ARQUITETURA-CASACOR-RIO.jpg","keywords":["design italiano; lancamento; Expo Revestir"],"articleSection":["EXPO Revestir","LAN\u00c7AMENTOS 2025","Mostras e Eventos","Nina Martinelli","Revestimentos","Sustentabilidade"],"inLanguage":"pt-BR","potentialAction":[{"@type":"CommentAction","name":"Comment","target":["https:\/\/ninamartinelli.com.br\/blog2\/expo-revestir-2025-lancamentos-nina-martinelli-para-experienciar-espacos\/#respond"]}]},{"@type":"WebPage","@id":"https:\/\/ninamartinelli.com.br\/blog2\/expo-revestir-2025-lancamentos-nina-martinelli-para-experienciar-espacos\/","url":"https:\/\/ninamartinelli.com.br\/blog2\/expo-revestir-2025-lancamentos-nina-martinelli-para-experienciar-espacos\/","name":"Expo Revestir 2025 \u2013 Lan\u00e7amentos Nina Martinelli para experienciar espa\u00e7os","isPartOf":{"@id":"https:\/\/ninamartinelli.com.br\/blog2\/#website"},"primaryImageOfPage":{"@id":"https:\/\/ninamartinelli.com.br\/blog2\/expo-revestir-2025-lancamentos-nina-martinelli-para-experienciar-espacos\/#primaryimage"},"image":{"@id":"https:\/\/ninamartinelli.com.br\/blog2\/expo-revestir-2025-lancamentos-nina-martinelli-para-experienciar-espacos\/#primaryimage"},"thumbnailUrl":"https:\/\/ninamartinelli.com.br\/blog2\/wp-content\/uploads\/2025\/02\/CAPA-ALLINEATO-ALGODAO-MAR-ARQUITETURA-CASACOR-RIO.jpg","datePublished":"2025-02-12T11:53:18+00:00","description":"Expo Revestir 2025 - Nina Martinelli apresentar\u00e1 em mar\u00e7o, neste grande evento, lan\u00e7amentos que prop\u00f5em uma arquitetura interativa, sensorial","breadcrumb":{"@id":"https:\/\/ninamartinelli.com.br\/blog2\/expo-revestir-2025-lancamentos-nina-martinelli-para-experienciar-espacos\/#breadcrumb"},"inLanguage":"pt-BR","potentialAction":[{"@type":"ReadAction","target":["https:\/\/ninamartinelli.com.br\/blog2\/expo-revestir-2025-lancamentos-nina-martinelli-para-experienciar-espacos\/"]}]},{"@type":"ImageObject","inLanguage":"pt-BR","@id":"https:\/\/ninamartinelli.com.br\/blog2\/expo-revestir-2025-lancamentos-nina-martinelli-para-experienciar-espacos\/#primaryimage","url":"https:\/\/ninamartinelli.com.br\/blog2\/wp-content\/uploads\/2025\/02\/CAPA-ALLINEATO-ALGODAO-MAR-ARQUITETURA-CASACOR-RIO.jpg","contentUrl":"https:\/\/ninamartinelli.com.br\/blog2\/wp-content\/uploads\/2025\/02\/CAPA-ALLINEATO-ALGODAO-MAR-ARQUITETURA-CASACOR-RIO.jpg","width":1080,"height":766,"caption":"Brick Allineato Algod\u00e3o no Caf\u00e9 Cremme, em evento no Rio de Janeiro - Projeto: Mar Arquitetura"},{"@type":"BreadcrumbList","@id":"https:\/\/ninamartinelli.com.br\/blog2\/expo-revestir-2025-lancamentos-nina-martinelli-para-experienciar-espacos\/#breadcrumb","itemListElement":[{"@type":"ListItem","position":1,"name":"In\u00edcio","item":"https:\/\/ninamartinelli.com.br\/blog2\/"},{"@type":"ListItem","position":2,"name":"Expo Revestir 2025 \u2013 Lan\u00e7amentos Nina Martinelli para experienciar espa\u00e7os"}]},{"@type":"WebSite","@id":"https:\/\/ninamartinelli.com.br\/blog2\/#website","url":"https:\/\/ninamartinelli.com.br\/blog2\/","name":"Nina Martinelli","description":"#Nina_Martinelli","publisher":{"@id":"https:\/\/ninamartinelli.com.br\/blog2\/#organization"},"potentialAction":[{"@type":"SearchAction","target":{"@type":"EntryPoint","urlTemplate":"https:\/\/ninamartinelli.com.br\/blog2\/?s={search_term_string}"},"query-input":{"@type":"PropertyValueSpecification","valueRequired":true,"valueName":"search_term_string"}}],"inLanguage":"pt-BR"},{"@type":"Organization","@id":"https:\/\/ninamartinelli.com.br\/blog2\/#organization","name":"Blog Novidades","url":"https:\/\/ninamartinelli.com.br\/blog2\/","logo":{"@type":"ImageObject","inLanguage":"pt-BR","@id":"https:\/\/ninamartinelli.com.br\/blog2\/#\/schema\/logo\/image\/","url":"http:\/\/blog.ninamartinelli.com.br\/wp-content\/uploads\/2022\/03\/logo_nina_blog.png","contentUrl":"http:\/\/blog.ninamartinelli.com.br\/wp-content\/uploads\/2022\/03\/logo_nina_blog.png","width":500,"height":104,"caption":"Blog Novidades"},"image":{"@id":"https:\/\/ninamartinelli.com.br\/blog2\/#\/schema\/logo\/image\/"}},{"@type":"Person","@id":"https:\/\/ninamartinelli.com.br\/blog2\/#\/schema\/person\/43fbfb1d4cbe3b472995206b2bb06df5","name":"Ana Maria Devides","image":{"@type":"ImageObject","inLanguage":"pt-BR","@id":"https:\/\/ninamartinelli.com.br\/blog2\/#\/schema\/person\/image\/","url":"https:\/\/secure.gravatar.com\/avatar\/a03a82675d8bb3da8e5c5a6872db97be?s=96&d=mm&r=g","contentUrl":"https:\/\/secure.gravatar.com\/avatar\/a03a82675d8bb3da8e5c5a6872db97be?s=96&d=mm&r=g","caption":"Ana Maria Devides"},"url":"https:\/\/ninamartinelli.com.br\/blog2\/author\/assessoria-nina-martinelli\/"}]}},"_links":{"self":[{"href":"https:\/\/ninamartinelli.com.br\/blog2\/wp-json\/wp\/v2\/posts\/2643","targetHints":{"allow":["GET"]}}],"collection":[{"href":"https:\/\/ninamartinelli.com.br\/blog2\/wp-json\/wp\/v2\/posts"}],"about":[{"href":"https:\/\/ninamartinelli.com.br\/blog2\/wp-json\/wp\/v2\/types\/post"}],"author":[{"embeddable":true,"href":"https:\/\/ninamartinelli.com.br\/blog2\/wp-json\/wp\/v2\/users\/2"}],"replies":[{"embeddable":true,"href":"https:\/\/ninamartinelli.com.br\/blog2\/wp-json\/wp\/v2\/comments?post=2643"}],"version-history":[{"count":2,"href":"https:\/\/ninamartinelli.com.br\/blog2\/wp-json\/wp\/v2\/posts\/2643\/revisions"}],"predecessor-version":[{"id":2649,"href":"https:\/\/ninamartinelli.com.br\/blog2\/wp-json\/wp\/v2\/posts\/2643\/revisions\/2649"}],"wp:featuredmedia":[{"embeddable":true,"href":"https:\/\/ninamartinelli.com.br\/blog2\/wp-json\/wp\/v2\/media\/2644"}],"wp:attachment":[{"href":"https:\/\/ninamartinelli.com.br\/blog2\/wp-json\/wp\/v2\/media?parent=2643"}],"wp:term":[{"taxonomy":"category","embeddable":true,"href":"https:\/\/ninamartinelli.com.br\/blog2\/wp-json\/wp\/v2\/categories?post=2643"},{"taxonomy":"post_tag","embeddable":true,"href":"https:\/\/ninamartinelli.com.br\/blog2\/wp-json\/wp\/v2\/tags?post=2643"}],"curies":[{"name":"wp","href":"https:\/\/api.w.org\/{rel}","templated":true}]}}