{"id":2630,"date":"2025-01-29T10:14:08","date_gmt":"2025-01-29T13:14:08","guid":{"rendered":"https:\/\/ninamartinelli.com.br\/blog2\/?p=2630"},"modified":"2025-01-29T10:17:08","modified_gmt":"2025-01-29T13:17:08","slug":"integracao-visual-e-respeito-a-historia-em-predio-comercial-com-brick-terracota-em-mg","status":"publish","type":"post","link":"https:\/\/ninamartinelli.com.br\/blog2\/integracao-visual-e-respeito-a-historia-em-predio-comercial-com-brick-terracota-em-mg\/","title":{"rendered":"Integra\u00e7\u00e3o visual e respeito \u00e0 hist\u00f3ria em pr\u00e9dio comercial com Brick Terracota em MG"},"content":{"rendered":"<p>Integra\u00e7\u00e3o visual e respeito \u00e0 hist\u00f3ria \u2013 Em S\u00e3o Louren\u00e7o, refer\u00eancia no Circuito das \u00c1guas em Minas Gerais, um edif\u00edcio comercial foi projetado e constru\u00eddo muito pr\u00f3ximo \u00e0 Esta\u00e7\u00e3o Ferrovi\u00e1ria da cidade, um marco arquitet\u00f4nico e hist\u00f3rico do munic\u00edpio.<\/p>\n<p>Preocupados em harmonizar a est\u00e9tica do novo empreendimento com o entorno hist\u00f3rico, a arquiteta <a href=\"https:\/\/www.instagram.com\/anacristinajvillela\/\">Ana Cristina Villela<\/a> desenvolveu um conceito baseado do di\u00e1logo visual com o pr\u00e9dio da esta\u00e7\u00e3o de trens, incorporando ao novo edif\u00edcio comercial elementos como as faixas em relevo cruzadas em X, muito caracter\u00edsticas do complexo ferrovi\u00e1rio vizinho.<\/p>\n<p>Ana Cristina tamb\u00e9m teve o cuidado de especificar para a fachada um revestimento que trouxe um efeito tamb\u00e9m muito alinhado \u00e0 est\u00e9tica da antiga esta\u00e7\u00e3o: o <a href=\"https:\/\/ninamartinelli.com.br\/produtos\/brick-terracota-2\/\">Brick Terracota<\/a>, da Nina Martinelli.<\/p>\n<p>Desde sempre um \u00edcone do portif\u00f3lio da marca, o Brick Terracota \u00e9 um verdadeiro coringa quando o assunto \u00e9 agregar aos mais variados projetos os aspectos r\u00fastico, industrial, retr\u00f4 ou mesmo contempor\u00e2neo, dada sua versatilidade e beleza.<\/p>\n<p>Ele leva componentes reciclados em sua composi\u00e7\u00e3o, \u00e9 feito por meio totalmente artesanal, pe\u00e7a a pe\u00e7a e seu aspecto final traduz muita personalidade e diferencia\u00e7\u00e3o. Pode ser usado em \u00e1reas internas ou externas.<\/p>\n<p>O modelo, que mede 7x26cm, possui varia\u00e7\u00f5es t\u00edpicas de um produto com base em cer\u00e2mica natural como texturas, marcas org\u00e2nicas e aleat\u00f3rias e dimensionais. As varia\u00e7\u00f5es tornam cada pe\u00e7a \u00fanica e com baixa possibilidade de repeti\u00e7\u00e3o.<\/p>\n<p>Nesse projeto assinado por Ana Cristina, ele foi assentado em junta seca com pagina\u00e7\u00e3o de amarra\u00e7\u00e3o 50\/50, recobrindo as colunas salientes que demarcam as portas de entrada e as amplas janelas que s\u00e3o vitrines do im\u00f3vel e tamb\u00e9m pain\u00e9is no topo da fachada, que ostenta ainda elegantes ferragens pintadas em preto fosco, as quais acomodam toldos em material transl\u00facido.<\/p>\n<p><img loading=\"lazy\" decoding=\"async\" class=\"alignnone  wp-image-2634\" src=\"https:\/\/ninamartinelli.com.br\/blog2\/wp-content\/uploads\/2025\/01\/predio-comercial-s-lourenco-1-135x300.jpg\" alt=\"\" width=\"186\" height=\"413\" srcset=\"https:\/\/ninamartinelli.com.br\/blog2\/wp-content\/uploads\/2025\/01\/predio-comercial-s-lourenco-1-135x300.jpg 135w, https:\/\/ninamartinelli.com.br\/blog2\/wp-content\/uploads\/2025\/01\/predio-comercial-s-lourenco-1-462x1024.jpg 462w, https:\/\/ninamartinelli.com.br\/blog2\/wp-content\/uploads\/2025\/01\/predio-comercial-s-lourenco-1-768x1704.jpg 768w, https:\/\/ninamartinelli.com.br\/blog2\/wp-content\/uploads\/2025\/01\/predio-comercial-s-lourenco-1-692x1536.jpg 692w, https:\/\/ninamartinelli.com.br\/blog2\/wp-content\/uploads\/2025\/01\/predio-comercial-s-lourenco-1-923x2048.jpg 923w, https:\/\/ninamartinelli.com.br\/blog2\/wp-content\/uploads\/2025\/01\/predio-comercial-s-lourenco-1-1024x2272.jpg 1024w, https:\/\/ninamartinelli.com.br\/blog2\/wp-content\/uploads\/2025\/01\/predio-comercial-s-lourenco-1-scaled.jpg 1154w\" sizes=\"auto, (max-width: 186px) 100vw, 186px\" \/>\u00a0 \u00a0 <img loading=\"lazy\" decoding=\"async\" class=\"alignnone  wp-image-2636\" src=\"https:\/\/ninamartinelli.com.br\/blog2\/wp-content\/uploads\/2025\/01\/predio-comercial-s-lourenco-5-294x300.jpg\" alt=\"\" width=\"404\" height=\"412\" srcset=\"https:\/\/ninamartinelli.com.br\/blog2\/wp-content\/uploads\/2025\/01\/predio-comercial-s-lourenco-5-294x300.jpg 294w, https:\/\/ninamartinelli.com.br\/blog2\/wp-content\/uploads\/2025\/01\/predio-comercial-s-lourenco-5-1003x1024.jpg 1003w, https:\/\/ninamartinelli.com.br\/blog2\/wp-content\/uploads\/2025\/01\/predio-comercial-s-lourenco-5-768x784.jpg 768w, https:\/\/ninamartinelli.com.br\/blog2\/wp-content\/uploads\/2025\/01\/predio-comercial-s-lourenco-5-1024x1045.jpg 1024w, https:\/\/ninamartinelli.com.br\/blog2\/wp-content\/uploads\/2025\/01\/predio-comercial-s-lourenco-5-50x50.jpg 50w, https:\/\/ninamartinelli.com.br\/blog2\/wp-content\/uploads\/2025\/01\/predio-comercial-s-lourenco-5.jpg 1057w\" sizes=\"auto, (max-width: 404px) 100vw, 404px\" \/><\/p>\n<p>&nbsp;<\/p>\n<p>Um resultado que alia eleg\u00e2ncia, funcionalidade e integra\u00e7\u00e3o visual. <em>\u201cConseguimos promover uma integra\u00e7\u00e3o visual que refor\u00e7a a identidade local e valoriza o patrim\u00f4nio cultural da \u00e1rea\u201d<\/em>, conclui Ana Cristina.<\/p>\n<p>O Brick Terracota foi adquirido na revenda parceira <a href=\"https:\/\/www.instagram.com\/revestir.store\/\">Revestir Store, de Varginha-MG.<\/a><\/p>\n<p>&nbsp;<\/p>\n<p><strong>Servi\u00e7o:<\/strong><\/p>\n<p><strong>Integra\u00e7\u00e3o visual e respeito \u00e0 hist\u00f3ria<\/strong> \u2013 im\u00f3vel comercial em S\u00e3o Louren\u00e7o-MG<\/p>\n<p><strong>Produto:<\/strong> Brick Terracota 7x26cm<\/p>\n<p><strong>Projeto:<\/strong> Ana Cristina J. Villela<\/p>\n<p><strong>Instagram:<\/strong> @anacristinajvillela<\/p>\n<p><strong>Imagens:<\/strong> acervo da arquiteta<\/p>\n<p><strong>Revenda parceira<\/strong> \u2013 Revestir Store<\/p>\n<p><strong>Instagram:<\/strong> @revestir.store<\/p>\n","protected":false},"excerpt":{"rendered":"<p>Integra\u00e7\u00e3o visual e respeito \u00e0 hist\u00f3ria \u2013 Em S\u00e3o Louren\u00e7o, refer\u00eancia no Circuito das \u00c1guas<\/p>\n","protected":false},"author":2,"featured_media":2631,"comment_status":"open","ping_status":"open","sticky":false,"template":"","format":"standard","meta":{"footnotes":""},"categories":[16,1,26,129],"tags":[50,66,37,171,131,63],"class_list":["post-2630","post","type-post","status-publish","format-standard","has-post-thumbnail","hentry","category-colezione-brick","category-nina-martinelli","category-revestimentos","category-sustentabilidade","tag-bricks","tag-fachada","tag-parede","tag-projeto-comercial","tag-sustentabilidade","tag-tijolinho"],"yoast_head":"<!-- This site is optimized with the Yoast SEO plugin v26.8 - https:\/\/yoast.com\/product\/yoast-seo-wordpress\/ -->\n<title>Integra\u00e7\u00e3o visual e respeito \u00e0 hist\u00f3ria em pr\u00e9dio comercial com Brick Terracota em MG<\/title>\n<meta name=\"description\" content=\"Integra\u00e7\u00e3o visual e respeito \u00e0 hist\u00f3ria - mais do que um pr\u00e9dio comercial, um ato de valoriza\u00e7\u00e3o do entorno de \u00e1rea hist\u00f3rica em MG\" \/>\n<meta name=\"robots\" content=\"index, follow, max-snippet:-1, max-image-preview:large, max-video-preview:-1\" \/>\n<link rel=\"canonical\" href=\"https:\/\/ninamartinelli.com.br\/blog2\/integracao-visual-e-respeito-a-historia-em-predio-comercial-com-brick-terracota-em-mg\/\" \/>\n<meta property=\"og:locale\" content=\"pt_BR\" \/>\n<meta property=\"og:type\" content=\"article\" \/>\n<meta property=\"og:title\" content=\"Integra\u00e7\u00e3o visual e respeito \u00e0 hist\u00f3ria em pr\u00e9dio comercial com Brick Terracota em MG\" \/>\n<meta property=\"og:description\" content=\"Integra\u00e7\u00e3o visual e respeito \u00e0 hist\u00f3ria - mais do que um pr\u00e9dio comercial, um ato de valoriza\u00e7\u00e3o do entorno de \u00e1rea hist\u00f3rica em MG\" \/>\n<meta property=\"og:url\" content=\"https:\/\/ninamartinelli.com.br\/blog2\/integracao-visual-e-respeito-a-historia-em-predio-comercial-com-brick-terracota-em-mg\/\" \/>\n<meta property=\"og:site_name\" content=\"Blog Nina\" \/>\n<meta property=\"article:published_time\" content=\"2025-01-29T13:14:08+00:00\" \/>\n<meta property=\"article:modified_time\" content=\"2025-01-29T13:17:08+00:00\" \/>\n<meta property=\"og:image\" content=\"https:\/\/ninamartinelli.com.br\/blog2\/wp-content\/uploads\/2025\/01\/predio-comercial-s-lourenco-2-scaled.jpg\" \/>\n\t<meta property=\"og:image:width\" content=\"1295\" \/>\n\t<meta property=\"og:image:height\" content=\"2560\" \/>\n\t<meta property=\"og:image:type\" content=\"image\/jpeg\" \/>\n<meta name=\"author\" content=\"Ana Maria Devides\" \/>\n<meta name=\"twitter:card\" content=\"summary_large_image\" \/>\n<meta name=\"twitter:label1\" content=\"Escrito por\" \/>\n\t<meta name=\"twitter:data1\" content=\"Ana Maria Devides\" \/>\n\t<meta name=\"twitter:label2\" content=\"Est. tempo de leitura\" \/>\n\t<meta name=\"twitter:data2\" content=\"3 minutos\" \/>\n<script type=\"application\/ld+json\" class=\"yoast-schema-graph\">{\"@context\":\"https:\/\/schema.org\",\"@graph\":[{\"@type\":\"Article\",\"@id\":\"https:\/\/ninamartinelli.com.br\/blog2\/integracao-visual-e-respeito-a-historia-em-predio-comercial-com-brick-terracota-em-mg\/#article\",\"isPartOf\":{\"@id\":\"https:\/\/ninamartinelli.com.br\/blog2\/integracao-visual-e-respeito-a-historia-em-predio-comercial-com-brick-terracota-em-mg\/\"},\"author\":{\"name\":\"Ana Maria Devides\",\"@id\":\"https:\/\/ninamartinelli.com.br\/blog2\/#\/schema\/person\/43fbfb1d4cbe3b472995206b2bb06df5\"},\"headline\":\"Integra\u00e7\u00e3o visual e respeito \u00e0 hist\u00f3ria em pr\u00e9dio comercial com Brick Terracota em MG\",\"datePublished\":\"2025-01-29T13:14:08+00:00\",\"dateModified\":\"2025-01-29T13:17:08+00:00\",\"mainEntityOfPage\":{\"@id\":\"https:\/\/ninamartinelli.com.br\/blog2\/integracao-visual-e-respeito-a-historia-em-predio-comercial-com-brick-terracota-em-mg\/\"},\"wordCount\":430,\"commentCount\":0,\"publisher\":{\"@id\":\"https:\/\/ninamartinelli.com.br\/blog2\/#organization\"},\"image\":{\"@id\":\"https:\/\/ninamartinelli.com.br\/blog2\/integracao-visual-e-respeito-a-historia-em-predio-comercial-com-brick-terracota-em-mg\/#primaryimage\"},\"thumbnailUrl\":\"https:\/\/ninamartinelli.com.br\/blog2\/wp-content\/uploads\/2025\/01\/predio-comercial-s-lourenco-2-scaled.jpg\",\"keywords\":[\"bricks\",\"fachada\",\"parede\",\"Projeto comercial\",\"Sustentabilidade\",\"tijolinho\"],\"articleSection\":[\"Colezione Brick\",\"Nina Martinelli\",\"Revestimentos\",\"Sustentabilidade\"],\"inLanguage\":\"pt-BR\",\"potentialAction\":[{\"@type\":\"CommentAction\",\"name\":\"Comment\",\"target\":[\"https:\/\/ninamartinelli.com.br\/blog2\/integracao-visual-e-respeito-a-historia-em-predio-comercial-com-brick-terracota-em-mg\/#respond\"]}]},{\"@type\":\"WebPage\",\"@id\":\"https:\/\/ninamartinelli.com.br\/blog2\/integracao-visual-e-respeito-a-historia-em-predio-comercial-com-brick-terracota-em-mg\/\",\"url\":\"https:\/\/ninamartinelli.com.br\/blog2\/integracao-visual-e-respeito-a-historia-em-predio-comercial-com-brick-terracota-em-mg\/\",\"name\":\"Integra\u00e7\u00e3o visual e respeito \u00e0 hist\u00f3ria em pr\u00e9dio comercial com Brick Terracota em MG\",\"isPartOf\":{\"@id\":\"https:\/\/ninamartinelli.com.br\/blog2\/#website\"},\"primaryImageOfPage\":{\"@id\":\"https:\/\/ninamartinelli.com.br\/blog2\/integracao-visual-e-respeito-a-historia-em-predio-comercial-com-brick-terracota-em-mg\/#primaryimage\"},\"image\":{\"@id\":\"https:\/\/ninamartinelli.com.br\/blog2\/integracao-visual-e-respeito-a-historia-em-predio-comercial-com-brick-terracota-em-mg\/#primaryimage\"},\"thumbnailUrl\":\"https:\/\/ninamartinelli.com.br\/blog2\/wp-content\/uploads\/2025\/01\/predio-comercial-s-lourenco-2-scaled.jpg\",\"datePublished\":\"2025-01-29T13:14:08+00:00\",\"dateModified\":\"2025-01-29T13:17:08+00:00\",\"description\":\"Integra\u00e7\u00e3o visual e respeito \u00e0 hist\u00f3ria - mais do que um pr\u00e9dio comercial, um ato de valoriza\u00e7\u00e3o do entorno de \u00e1rea hist\u00f3rica em MG\",\"breadcrumb\":{\"@id\":\"https:\/\/ninamartinelli.com.br\/blog2\/integracao-visual-e-respeito-a-historia-em-predio-comercial-com-brick-terracota-em-mg\/#breadcrumb\"},\"inLanguage\":\"pt-BR\",\"potentialAction\":[{\"@type\":\"ReadAction\",\"target\":[\"https:\/\/ninamartinelli.com.br\/blog2\/integracao-visual-e-respeito-a-historia-em-predio-comercial-com-brick-terracota-em-mg\/\"]}]},{\"@type\":\"ImageObject\",\"inLanguage\":\"pt-BR\",\"@id\":\"https:\/\/ninamartinelli.com.br\/blog2\/integracao-visual-e-respeito-a-historia-em-predio-comercial-com-brick-terracota-em-mg\/#primaryimage\",\"url\":\"https:\/\/ninamartinelli.com.br\/blog2\/wp-content\/uploads\/2025\/01\/predio-comercial-s-lourenco-2-scaled.jpg\",\"contentUrl\":\"https:\/\/ninamartinelli.com.br\/blog2\/wp-content\/uploads\/2025\/01\/predio-comercial-s-lourenco-2-scaled.jpg\",\"width\":1295,\"height\":2560},{\"@type\":\"BreadcrumbList\",\"@id\":\"https:\/\/ninamartinelli.com.br\/blog2\/integracao-visual-e-respeito-a-historia-em-predio-comercial-com-brick-terracota-em-mg\/#breadcrumb\",\"itemListElement\":[{\"@type\":\"ListItem\",\"position\":1,\"name\":\"In\u00edcio\",\"item\":\"https:\/\/ninamartinelli.com.br\/blog2\/\"},{\"@type\":\"ListItem\",\"position\":2,\"name\":\"Integra\u00e7\u00e3o visual e respeito \u00e0 hist\u00f3ria em pr\u00e9dio comercial com Brick Terracota em MG\"}]},{\"@type\":\"WebSite\",\"@id\":\"https:\/\/ninamartinelli.com.br\/blog2\/#website\",\"url\":\"https:\/\/ninamartinelli.com.br\/blog2\/\",\"name\":\"Nina Martinelli\",\"description\":\"#Nina_Martinelli\",\"publisher\":{\"@id\":\"https:\/\/ninamartinelli.com.br\/blog2\/#organization\"},\"potentialAction\":[{\"@type\":\"SearchAction\",\"target\":{\"@type\":\"EntryPoint\",\"urlTemplate\":\"https:\/\/ninamartinelli.com.br\/blog2\/?s={search_term_string}\"},\"query-input\":{\"@type\":\"PropertyValueSpecification\",\"valueRequired\":true,\"valueName\":\"search_term_string\"}}],\"inLanguage\":\"pt-BR\"},{\"@type\":\"Organization\",\"@id\":\"https:\/\/ninamartinelli.com.br\/blog2\/#organization\",\"name\":\"Blog Novidades\",\"url\":\"https:\/\/ninamartinelli.com.br\/blog2\/\",\"logo\":{\"@type\":\"ImageObject\",\"inLanguage\":\"pt-BR\",\"@id\":\"https:\/\/ninamartinelli.com.br\/blog2\/#\/schema\/logo\/image\/\",\"url\":\"http:\/\/blog.ninamartinelli.com.br\/wp-content\/uploads\/2022\/03\/logo_nina_blog.png\",\"contentUrl\":\"http:\/\/blog.ninamartinelli.com.br\/wp-content\/uploads\/2022\/03\/logo_nina_blog.png\",\"width\":500,\"height\":104,\"caption\":\"Blog Novidades\"},\"image\":{\"@id\":\"https:\/\/ninamartinelli.com.br\/blog2\/#\/schema\/logo\/image\/\"}},{\"@type\":\"Person\",\"@id\":\"https:\/\/ninamartinelli.com.br\/blog2\/#\/schema\/person\/43fbfb1d4cbe3b472995206b2bb06df5\",\"name\":\"Ana Maria Devides\",\"image\":{\"@type\":\"ImageObject\",\"inLanguage\":\"pt-BR\",\"@id\":\"https:\/\/ninamartinelli.com.br\/blog2\/#\/schema\/person\/image\/\",\"url\":\"https:\/\/secure.gravatar.com\/avatar\/a03a82675d8bb3da8e5c5a6872db97be?s=96&d=mm&r=g\",\"contentUrl\":\"https:\/\/secure.gravatar.com\/avatar\/a03a82675d8bb3da8e5c5a6872db97be?s=96&d=mm&r=g\",\"caption\":\"Ana Maria Devides\"},\"url\":\"https:\/\/ninamartinelli.com.br\/blog2\/author\/assessoria-nina-martinelli\/\"}]}<\/script>\n<!-- \/ Yoast SEO plugin. -->","yoast_head_json":{"title":"Integra\u00e7\u00e3o visual e respeito \u00e0 hist\u00f3ria em pr\u00e9dio comercial com Brick Terracota em MG","description":"Integra\u00e7\u00e3o visual e respeito \u00e0 hist\u00f3ria - mais do que um pr\u00e9dio comercial, um ato de valoriza\u00e7\u00e3o do entorno de \u00e1rea hist\u00f3rica em MG","robots":{"index":"index","follow":"follow","max-snippet":"max-snippet:-1","max-image-preview":"max-image-preview:large","max-video-preview":"max-video-preview:-1"},"canonical":"https:\/\/ninamartinelli.com.br\/blog2\/integracao-visual-e-respeito-a-historia-em-predio-comercial-com-brick-terracota-em-mg\/","og_locale":"pt_BR","og_type":"article","og_title":"Integra\u00e7\u00e3o visual e respeito \u00e0 hist\u00f3ria em pr\u00e9dio comercial com Brick Terracota em MG","og_description":"Integra\u00e7\u00e3o visual e respeito \u00e0 hist\u00f3ria - mais do que um pr\u00e9dio comercial, um ato de valoriza\u00e7\u00e3o do entorno de \u00e1rea hist\u00f3rica em MG","og_url":"https:\/\/ninamartinelli.com.br\/blog2\/integracao-visual-e-respeito-a-historia-em-predio-comercial-com-brick-terracota-em-mg\/","og_site_name":"Blog Nina","article_published_time":"2025-01-29T13:14:08+00:00","article_modified_time":"2025-01-29T13:17:08+00:00","og_image":[{"width":1295,"height":2560,"url":"https:\/\/ninamartinelli.com.br\/blog2\/wp-content\/uploads\/2025\/01\/predio-comercial-s-lourenco-2-scaled.jpg","type":"image\/jpeg"}],"author":"Ana Maria Devides","twitter_card":"summary_large_image","twitter_misc":{"Escrito por":"Ana Maria Devides","Est. tempo de leitura":"3 minutos"},"schema":{"@context":"https:\/\/schema.org","@graph":[{"@type":"Article","@id":"https:\/\/ninamartinelli.com.br\/blog2\/integracao-visual-e-respeito-a-historia-em-predio-comercial-com-brick-terracota-em-mg\/#article","isPartOf":{"@id":"https:\/\/ninamartinelli.com.br\/blog2\/integracao-visual-e-respeito-a-historia-em-predio-comercial-com-brick-terracota-em-mg\/"},"author":{"name":"Ana Maria Devides","@id":"https:\/\/ninamartinelli.com.br\/blog2\/#\/schema\/person\/43fbfb1d4cbe3b472995206b2bb06df5"},"headline":"Integra\u00e7\u00e3o visual e respeito \u00e0 hist\u00f3ria em pr\u00e9dio comercial com Brick Terracota em MG","datePublished":"2025-01-29T13:14:08+00:00","dateModified":"2025-01-29T13:17:08+00:00","mainEntityOfPage":{"@id":"https:\/\/ninamartinelli.com.br\/blog2\/integracao-visual-e-respeito-a-historia-em-predio-comercial-com-brick-terracota-em-mg\/"},"wordCount":430,"commentCount":0,"publisher":{"@id":"https:\/\/ninamartinelli.com.br\/blog2\/#organization"},"image":{"@id":"https:\/\/ninamartinelli.com.br\/blog2\/integracao-visual-e-respeito-a-historia-em-predio-comercial-com-brick-terracota-em-mg\/#primaryimage"},"thumbnailUrl":"https:\/\/ninamartinelli.com.br\/blog2\/wp-content\/uploads\/2025\/01\/predio-comercial-s-lourenco-2-scaled.jpg","keywords":["bricks","fachada","parede","Projeto comercial","Sustentabilidade","tijolinho"],"articleSection":["Colezione Brick","Nina Martinelli","Revestimentos","Sustentabilidade"],"inLanguage":"pt-BR","potentialAction":[{"@type":"CommentAction","name":"Comment","target":["https:\/\/ninamartinelli.com.br\/blog2\/integracao-visual-e-respeito-a-historia-em-predio-comercial-com-brick-terracota-em-mg\/#respond"]}]},{"@type":"WebPage","@id":"https:\/\/ninamartinelli.com.br\/blog2\/integracao-visual-e-respeito-a-historia-em-predio-comercial-com-brick-terracota-em-mg\/","url":"https:\/\/ninamartinelli.com.br\/blog2\/integracao-visual-e-respeito-a-historia-em-predio-comercial-com-brick-terracota-em-mg\/","name":"Integra\u00e7\u00e3o visual e respeito \u00e0 hist\u00f3ria em pr\u00e9dio comercial com Brick Terracota em MG","isPartOf":{"@id":"https:\/\/ninamartinelli.com.br\/blog2\/#website"},"primaryImageOfPage":{"@id":"https:\/\/ninamartinelli.com.br\/blog2\/integracao-visual-e-respeito-a-historia-em-predio-comercial-com-brick-terracota-em-mg\/#primaryimage"},"image":{"@id":"https:\/\/ninamartinelli.com.br\/blog2\/integracao-visual-e-respeito-a-historia-em-predio-comercial-com-brick-terracota-em-mg\/#primaryimage"},"thumbnailUrl":"https:\/\/ninamartinelli.com.br\/blog2\/wp-content\/uploads\/2025\/01\/predio-comercial-s-lourenco-2-scaled.jpg","datePublished":"2025-01-29T13:14:08+00:00","dateModified":"2025-01-29T13:17:08+00:00","description":"Integra\u00e7\u00e3o visual e respeito \u00e0 hist\u00f3ria - mais do que um pr\u00e9dio comercial, um ato de valoriza\u00e7\u00e3o do entorno de \u00e1rea hist\u00f3rica em MG","breadcrumb":{"@id":"https:\/\/ninamartinelli.com.br\/blog2\/integracao-visual-e-respeito-a-historia-em-predio-comercial-com-brick-terracota-em-mg\/#breadcrumb"},"inLanguage":"pt-BR","potentialAction":[{"@type":"ReadAction","target":["https:\/\/ninamartinelli.com.br\/blog2\/integracao-visual-e-respeito-a-historia-em-predio-comercial-com-brick-terracota-em-mg\/"]}]},{"@type":"ImageObject","inLanguage":"pt-BR","@id":"https:\/\/ninamartinelli.com.br\/blog2\/integracao-visual-e-respeito-a-historia-em-predio-comercial-com-brick-terracota-em-mg\/#primaryimage","url":"https:\/\/ninamartinelli.com.br\/blog2\/wp-content\/uploads\/2025\/01\/predio-comercial-s-lourenco-2-scaled.jpg","contentUrl":"https:\/\/ninamartinelli.com.br\/blog2\/wp-content\/uploads\/2025\/01\/predio-comercial-s-lourenco-2-scaled.jpg","width":1295,"height":2560},{"@type":"BreadcrumbList","@id":"https:\/\/ninamartinelli.com.br\/blog2\/integracao-visual-e-respeito-a-historia-em-predio-comercial-com-brick-terracota-em-mg\/#breadcrumb","itemListElement":[{"@type":"ListItem","position":1,"name":"In\u00edcio","item":"https:\/\/ninamartinelli.com.br\/blog2\/"},{"@type":"ListItem","position":2,"name":"Integra\u00e7\u00e3o visual e respeito \u00e0 hist\u00f3ria em pr\u00e9dio comercial com Brick Terracota em MG"}]},{"@type":"WebSite","@id":"https:\/\/ninamartinelli.com.br\/blog2\/#website","url":"https:\/\/ninamartinelli.com.br\/blog2\/","name":"Nina Martinelli","description":"#Nina_Martinelli","publisher":{"@id":"https:\/\/ninamartinelli.com.br\/blog2\/#organization"},"potentialAction":[{"@type":"SearchAction","target":{"@type":"EntryPoint","urlTemplate":"https:\/\/ninamartinelli.com.br\/blog2\/?s={search_term_string}"},"query-input":{"@type":"PropertyValueSpecification","valueRequired":true,"valueName":"search_term_string"}}],"inLanguage":"pt-BR"},{"@type":"Organization","@id":"https:\/\/ninamartinelli.com.br\/blog2\/#organization","name":"Blog Novidades","url":"https:\/\/ninamartinelli.com.br\/blog2\/","logo":{"@type":"ImageObject","inLanguage":"pt-BR","@id":"https:\/\/ninamartinelli.com.br\/blog2\/#\/schema\/logo\/image\/","url":"http:\/\/blog.ninamartinelli.com.br\/wp-content\/uploads\/2022\/03\/logo_nina_blog.png","contentUrl":"http:\/\/blog.ninamartinelli.com.br\/wp-content\/uploads\/2022\/03\/logo_nina_blog.png","width":500,"height":104,"caption":"Blog Novidades"},"image":{"@id":"https:\/\/ninamartinelli.com.br\/blog2\/#\/schema\/logo\/image\/"}},{"@type":"Person","@id":"https:\/\/ninamartinelli.com.br\/blog2\/#\/schema\/person\/43fbfb1d4cbe3b472995206b2bb06df5","name":"Ana Maria Devides","image":{"@type":"ImageObject","inLanguage":"pt-BR","@id":"https:\/\/ninamartinelli.com.br\/blog2\/#\/schema\/person\/image\/","url":"https:\/\/secure.gravatar.com\/avatar\/a03a82675d8bb3da8e5c5a6872db97be?s=96&d=mm&r=g","contentUrl":"https:\/\/secure.gravatar.com\/avatar\/a03a82675d8bb3da8e5c5a6872db97be?s=96&d=mm&r=g","caption":"Ana Maria Devides"},"url":"https:\/\/ninamartinelli.com.br\/blog2\/author\/assessoria-nina-martinelli\/"}]}},"_links":{"self":[{"href":"https:\/\/ninamartinelli.com.br\/blog2\/wp-json\/wp\/v2\/posts\/2630","targetHints":{"allow":["GET"]}}],"collection":[{"href":"https:\/\/ninamartinelli.com.br\/blog2\/wp-json\/wp\/v2\/posts"}],"about":[{"href":"https:\/\/ninamartinelli.com.br\/blog2\/wp-json\/wp\/v2\/types\/post"}],"author":[{"embeddable":true,"href":"https:\/\/ninamartinelli.com.br\/blog2\/wp-json\/wp\/v2\/users\/2"}],"replies":[{"embeddable":true,"href":"https:\/\/ninamartinelli.com.br\/blog2\/wp-json\/wp\/v2\/comments?post=2630"}],"version-history":[{"count":4,"href":"https:\/\/ninamartinelli.com.br\/blog2\/wp-json\/wp\/v2\/posts\/2630\/revisions"}],"predecessor-version":[{"id":2637,"href":"https:\/\/ninamartinelli.com.br\/blog2\/wp-json\/wp\/v2\/posts\/2630\/revisions\/2637"}],"wp:featuredmedia":[{"embeddable":true,"href":"https:\/\/ninamartinelli.com.br\/blog2\/wp-json\/wp\/v2\/media\/2631"}],"wp:attachment":[{"href":"https:\/\/ninamartinelli.com.br\/blog2\/wp-json\/wp\/v2\/media?parent=2630"}],"wp:term":[{"taxonomy":"category","embeddable":true,"href":"https:\/\/ninamartinelli.com.br\/blog2\/wp-json\/wp\/v2\/categories?post=2630"},{"taxonomy":"post_tag","embeddable":true,"href":"https:\/\/ninamartinelli.com.br\/blog2\/wp-json\/wp\/v2\/tags?post=2630"}],"curies":[{"name":"wp","href":"https:\/\/api.w.org\/{rel}","templated":true}]}}