{"id":2611,"date":"2025-01-15T10:04:50","date_gmt":"2025-01-15T13:04:50","guid":{"rendered":"https:\/\/ninamartinelli.com.br\/blog2\/?p=2611"},"modified":"2025-01-15T10:04:50","modified_gmt":"2025-01-15T13:04:50","slug":"conforto-e-conexao-com-a-natureza-com-pietra-rosso-em-area-gourmet","status":"publish","type":"post","link":"https:\/\/ninamartinelli.com.br\/blog2\/conforto-e-conexao-com-a-natureza-com-pietra-rosso-em-area-gourmet\/","title":{"rendered":"Conforto e conex\u00e3o com a natureza com Pietra Rosso em \u00e1rea gourmet"},"content":{"rendered":"<p>Conforto e conex\u00e3o com a natureza \u2013 S\u00e3o alguns dos atributos que descrevem o espa\u00e7o criado pelo arquiteto Gabriel Lourenz\u00e3o, do escrit\u00f3rio <a href=\"https:\/\/www.instagram.com\/lourenzaoarquitetura\/\">Lourenz\u00e3o Arquitetura<\/a>, para clientes que solicitaram uma reforma para integrar uma \u00e1rea gourmet \u00e0 resid\u00eancia, em Igarat\u00e1-SP.<\/p>\n<p>Partindo de um conceito que aliasse rusticidade e acolhimento, exatamente os desejos b\u00e1sicos dos clientes, Gabriel projetou um ambiente de conex\u00e3o, mas que mant\u00e9m o conforto de um lar, ainda que com o toque r\u00fastico de um espa\u00e7o externo.<\/p>\n<p><em>\u201cPara trazer essa harmonia, buscamos um equil\u00edbrio perfeito entre o interior e o exterior, onde cada elemento teve papel essencial\u201d<\/em>, explica Gabriel.<\/p>\n<p>O ambiente gourmet, com os tons naturais e acabamentos r\u00fasticos, combina com a eleg\u00e2ncia e o conforto da casa, criando uma atmosfera que convida ao relaxamento.<\/p>\n<p>\u201c<em>E foi a\u00ed que se destacou a ess\u00eancia do projeto: o uso de produtos da Nina Martinelli\u201d<\/em>, diz o profissional, que especificou, para o piso, incluindo a escadaria de acesso ao espa\u00e7o, a cer\u00e2mica <a href=\"https:\/\/ninamartinelli.com.br\/produtos\/pietra-rosso\/\">Pietra Rosso<\/a>, em tr\u00eas dimens\u00f5es diferentes: 24x24cm, 11,5x24cm e 5,2x24cm.<\/p>\n<p>O modelo \u00e9 um dos mais consagrados do portif\u00f3lio de cer\u00e2mica natural da Nina, sendo conhecido tamb\u00e9m como \u2018a lajotinha\u2019 da marca, feita de modo totalmente artesanal, dispon\u00edvel tamb\u00e9m no tom Paglia.<\/p>\n<p>Voltando ao conceito desenvolvido por Gabriel, o arquiteto combinou as diferentes dimens\u00f5es formando uma pagina\u00e7\u00e3o bastante diferenciada, que dialoga harmonicamente com outros elementos como um lind\u00edssimo pergolado em madeira, a serralheria elegante que se vale de amplas vidra\u00e7as que trazem a natureza para dentro do ambiente.<\/p>\n<p>O projeto luminot\u00e9cnico foi muito bem pensado, e Gabriel utilizou trilhos e spots em alum\u00ednio preto para destacar ainda mais os elementos naturais. E por falar nisso, durante o dia, quando a luz do Sol trespassa a cobertura pergolada, o efeito sobre a cer\u00e2mica \u00e9 hipnotizante, lembrando um delicado bordado.<\/p>\n<p>Gabriel diz que o mix entre rusticidade e sofistica\u00e7\u00e3o \u00e9 um diferencial do espa\u00e7o.<em> \u201cCom o produto da Nina, com seu design \u00fanico, conseguimos adicionar o toque final que uniu todos os elementos. A beleza das pe\u00e7as trouxe uma sensa\u00e7\u00e3o de acolhimento, de natureza e de aconchego, respeitando a proposta de um ambiente que \u00e9 ao mesmo tempo \u00edntimo e aberto ao mundo. O resultado \u00e9 um espa\u00e7o onde os dois ambientes se entrela\u00e7am de maneira fluida, trazendo funcionalidade e est\u00e9tica. Cada detalhe foi pensado para proporcionar momentos inesquec\u00edveis, seja em uma reuni\u00e3o de amigos na \u00e1rea gourmet ou em um descanso tranquilo na sala\u201d<\/em>, detalha o arquiteto.<\/p>\n<p>Segundo Gabriel, a cer\u00e2mica Pietra Rosso \u00e9 mais do que um item de design; ela \u00e9 uma pe\u00e7a-chave, que traduz a ess\u00eancia desse projeto, criando uma experi\u00eancia \u00fanica de conforto, estilo e conex\u00e3o com a natureza.<\/p>\n<p>O produto foi adquirido na Japonesa Pisos, tradicional revenda parceira da Nina em Taubat\u00e9, no Vale do Para\u00edba.<\/p>\n<p><strong>\u00a0<\/strong><\/p>\n<p><strong>Servi\u00e7o: Conforto e conex\u00e3o com a natureza \u2013 <\/strong><\/p>\n<p>Integra\u00e7\u00e3o entre resid\u00eancia e \u00e1rea gourmet \u2013 em Igarat\u00e1 -SP<\/p>\n<p><strong>Produto: <\/strong>Pietra Rosso em 3 dimens\u00f5es: 24x24cm, 11,5x24cm e 5,2x24cm.<\/p>\n<p><strong>Projeto: <\/strong>Gabriel Lourenz\u00e3o \u2013 Escrit\u00f3rio Lourenz\u00e3o Arquitetura<\/p>\n<p><strong>Instagram: <\/strong>@lourenzaoarquitetura<\/p>\n<p><strong>Imagens: <\/strong>acervo do pr\u00f3prio escrit\u00f3rio<\/p>\n<p><strong>Revenda parceira: <\/strong>Japonesa Pisos \u2013 Taubat\u00e9-SP<\/p>\n<p><strong>Instagram: <\/strong><a href=\"https:\/\/www.instagram.com\/japonesapisos_taubate\/\">@japonesapisos_taubate<\/a><\/p>\n<p><strong>\u00a0<\/strong><\/p>\n","protected":false},"excerpt":{"rendered":"<p>Conforto e conex\u00e3o com a natureza \u2013 S\u00e3o alguns dos atributos que descrevem o espa\u00e7o<\/p>\n","protected":false},"author":2,"featured_media":2612,"comment_status":"open","ping_status":"open","sticky":false,"template":"","format":"standard","meta":{"footnotes":""},"categories":[59,1,21,129],"tags":[115,45,25,85,131],"class_list":["post-2611","post","type-post","status-publish","format-standard","has-post-thumbnail","hentry","category-ceramica","category-nina-martinelli","category-pisos","category-sustentabilidade","tag-area-gourmet","tag-ceramica","tag-piso-de-ceramica","tag-piso-rustico","tag-sustentabilidade"],"yoast_head":"<!-- This site is optimized with the Yoast SEO plugin v26.8 - https:\/\/yoast.com\/product\/yoast-seo-wordpress\/ -->\n<title>Conforto e conex\u00e3o com a natureza com Pietra Rosso em \u00e1rea gourmet<\/title>\n<meta name=\"description\" content=\"Conforto e conex\u00e3o com a natureza - a cer\u00e2mica natural Pietra Rosso trouxe o toque r\u00fastico, elegante e acolhedor para esse espa\u00e7o de conv\u00edvio\" \/>\n<meta name=\"robots\" content=\"index, follow, max-snippet:-1, max-image-preview:large, max-video-preview:-1\" \/>\n<link rel=\"canonical\" href=\"https:\/\/ninamartinelli.com.br\/blog2\/conforto-e-conexao-com-a-natureza-com-pietra-rosso-em-area-gourmet\/\" \/>\n<meta property=\"og:locale\" content=\"pt_BR\" \/>\n<meta property=\"og:type\" content=\"article\" \/>\n<meta property=\"og:title\" content=\"Conforto e conex\u00e3o com a natureza com Pietra Rosso em \u00e1rea gourmet\" \/>\n<meta property=\"og:description\" content=\"Conforto e conex\u00e3o com a natureza - a cer\u00e2mica natural Pietra Rosso trouxe o toque r\u00fastico, elegante e acolhedor para esse espa\u00e7o de conv\u00edvio\" \/>\n<meta property=\"og:url\" content=\"https:\/\/ninamartinelli.com.br\/blog2\/conforto-e-conexao-com-a-natureza-com-pietra-rosso-em-area-gourmet\/\" \/>\n<meta property=\"og:site_name\" content=\"Blog Nina\" \/>\n<meta property=\"article:published_time\" content=\"2025-01-15T13:04:50+00:00\" \/>\n<meta property=\"og:image\" content=\"https:\/\/ninamartinelli.com.br\/blog2\/wp-content\/uploads\/2025\/01\/lourencao-capa.jpg\" \/>\n\t<meta property=\"og:image:width\" content=\"900\" \/>\n\t<meta property=\"og:image:height\" content=\"1600\" \/>\n\t<meta property=\"og:image:type\" content=\"image\/jpeg\" \/>\n<meta name=\"author\" content=\"Ana Maria Devides\" \/>\n<meta name=\"twitter:card\" content=\"summary_large_image\" \/>\n<meta name=\"twitter:label1\" content=\"Escrito por\" \/>\n\t<meta name=\"twitter:data1\" content=\"Ana Maria Devides\" \/>\n\t<meta name=\"twitter:label2\" content=\"Est. tempo de leitura\" \/>\n\t<meta name=\"twitter:data2\" content=\"3 minutos\" \/>\n<script type=\"application\/ld+json\" class=\"yoast-schema-graph\">{\"@context\":\"https:\/\/schema.org\",\"@graph\":[{\"@type\":\"Article\",\"@id\":\"https:\/\/ninamartinelli.com.br\/blog2\/conforto-e-conexao-com-a-natureza-com-pietra-rosso-em-area-gourmet\/#article\",\"isPartOf\":{\"@id\":\"https:\/\/ninamartinelli.com.br\/blog2\/conforto-e-conexao-com-a-natureza-com-pietra-rosso-em-area-gourmet\/\"},\"author\":{\"name\":\"Ana Maria Devides\",\"@id\":\"https:\/\/ninamartinelli.com.br\/blog2\/#\/schema\/person\/43fbfb1d4cbe3b472995206b2bb06df5\"},\"headline\":\"Conforto e conex\u00e3o com a natureza com Pietra Rosso em \u00e1rea gourmet\",\"datePublished\":\"2025-01-15T13:04:50+00:00\",\"mainEntityOfPage\":{\"@id\":\"https:\/\/ninamartinelli.com.br\/blog2\/conforto-e-conexao-com-a-natureza-com-pietra-rosso-em-area-gourmet\/\"},\"wordCount\":575,\"commentCount\":0,\"publisher\":{\"@id\":\"https:\/\/ninamartinelli.com.br\/blog2\/#organization\"},\"image\":{\"@id\":\"https:\/\/ninamartinelli.com.br\/blog2\/conforto-e-conexao-com-a-natureza-com-pietra-rosso-em-area-gourmet\/#primaryimage\"},\"thumbnailUrl\":\"https:\/\/ninamartinelli.com.br\/blog2\/wp-content\/uploads\/2025\/01\/lourencao-capa.jpg\",\"keywords\":[\"area gourmet\",\"ceramica\",\"piso de ceramica\",\"piso rustico\",\"Sustentabilidade\"],\"articleSection\":[\"Cer\u00e2mica\",\"Nina Martinelli\",\"Pisos\",\"Sustentabilidade\"],\"inLanguage\":\"pt-BR\",\"potentialAction\":[{\"@type\":\"CommentAction\",\"name\":\"Comment\",\"target\":[\"https:\/\/ninamartinelli.com.br\/blog2\/conforto-e-conexao-com-a-natureza-com-pietra-rosso-em-area-gourmet\/#respond\"]}]},{\"@type\":\"WebPage\",\"@id\":\"https:\/\/ninamartinelli.com.br\/blog2\/conforto-e-conexao-com-a-natureza-com-pietra-rosso-em-area-gourmet\/\",\"url\":\"https:\/\/ninamartinelli.com.br\/blog2\/conforto-e-conexao-com-a-natureza-com-pietra-rosso-em-area-gourmet\/\",\"name\":\"Conforto e conex\u00e3o com a natureza com Pietra Rosso em \u00e1rea gourmet\",\"isPartOf\":{\"@id\":\"https:\/\/ninamartinelli.com.br\/blog2\/#website\"},\"primaryImageOfPage\":{\"@id\":\"https:\/\/ninamartinelli.com.br\/blog2\/conforto-e-conexao-com-a-natureza-com-pietra-rosso-em-area-gourmet\/#primaryimage\"},\"image\":{\"@id\":\"https:\/\/ninamartinelli.com.br\/blog2\/conforto-e-conexao-com-a-natureza-com-pietra-rosso-em-area-gourmet\/#primaryimage\"},\"thumbnailUrl\":\"https:\/\/ninamartinelli.com.br\/blog2\/wp-content\/uploads\/2025\/01\/lourencao-capa.jpg\",\"datePublished\":\"2025-01-15T13:04:50+00:00\",\"description\":\"Conforto e conex\u00e3o com a natureza - a cer\u00e2mica natural Pietra Rosso trouxe o toque r\u00fastico, elegante e acolhedor para esse espa\u00e7o de conv\u00edvio\",\"breadcrumb\":{\"@id\":\"https:\/\/ninamartinelli.com.br\/blog2\/conforto-e-conexao-com-a-natureza-com-pietra-rosso-em-area-gourmet\/#breadcrumb\"},\"inLanguage\":\"pt-BR\",\"potentialAction\":[{\"@type\":\"ReadAction\",\"target\":[\"https:\/\/ninamartinelli.com.br\/blog2\/conforto-e-conexao-com-a-natureza-com-pietra-rosso-em-area-gourmet\/\"]}]},{\"@type\":\"ImageObject\",\"inLanguage\":\"pt-BR\",\"@id\":\"https:\/\/ninamartinelli.com.br\/blog2\/conforto-e-conexao-com-a-natureza-com-pietra-rosso-em-area-gourmet\/#primaryimage\",\"url\":\"https:\/\/ninamartinelli.com.br\/blog2\/wp-content\/uploads\/2025\/01\/lourencao-capa.jpg\",\"contentUrl\":\"https:\/\/ninamartinelli.com.br\/blog2\/wp-content\/uploads\/2025\/01\/lourencao-capa.jpg\",\"width\":900,\"height\":1600},{\"@type\":\"BreadcrumbList\",\"@id\":\"https:\/\/ninamartinelli.com.br\/blog2\/conforto-e-conexao-com-a-natureza-com-pietra-rosso-em-area-gourmet\/#breadcrumb\",\"itemListElement\":[{\"@type\":\"ListItem\",\"position\":1,\"name\":\"In\u00edcio\",\"item\":\"https:\/\/ninamartinelli.com.br\/blog2\/\"},{\"@type\":\"ListItem\",\"position\":2,\"name\":\"Conforto e conex\u00e3o com a natureza com Pietra Rosso em \u00e1rea gourmet\"}]},{\"@type\":\"WebSite\",\"@id\":\"https:\/\/ninamartinelli.com.br\/blog2\/#website\",\"url\":\"https:\/\/ninamartinelli.com.br\/blog2\/\",\"name\":\"Nina Martinelli\",\"description\":\"#Nina_Martinelli\",\"publisher\":{\"@id\":\"https:\/\/ninamartinelli.com.br\/blog2\/#organization\"},\"potentialAction\":[{\"@type\":\"SearchAction\",\"target\":{\"@type\":\"EntryPoint\",\"urlTemplate\":\"https:\/\/ninamartinelli.com.br\/blog2\/?s={search_term_string}\"},\"query-input\":{\"@type\":\"PropertyValueSpecification\",\"valueRequired\":true,\"valueName\":\"search_term_string\"}}],\"inLanguage\":\"pt-BR\"},{\"@type\":\"Organization\",\"@id\":\"https:\/\/ninamartinelli.com.br\/blog2\/#organization\",\"name\":\"Blog Novidades\",\"url\":\"https:\/\/ninamartinelli.com.br\/blog2\/\",\"logo\":{\"@type\":\"ImageObject\",\"inLanguage\":\"pt-BR\",\"@id\":\"https:\/\/ninamartinelli.com.br\/blog2\/#\/schema\/logo\/image\/\",\"url\":\"http:\/\/blog.ninamartinelli.com.br\/wp-content\/uploads\/2022\/03\/logo_nina_blog.png\",\"contentUrl\":\"http:\/\/blog.ninamartinelli.com.br\/wp-content\/uploads\/2022\/03\/logo_nina_blog.png\",\"width\":500,\"height\":104,\"caption\":\"Blog Novidades\"},\"image\":{\"@id\":\"https:\/\/ninamartinelli.com.br\/blog2\/#\/schema\/logo\/image\/\"}},{\"@type\":\"Person\",\"@id\":\"https:\/\/ninamartinelli.com.br\/blog2\/#\/schema\/person\/43fbfb1d4cbe3b472995206b2bb06df5\",\"name\":\"Ana Maria Devides\",\"image\":{\"@type\":\"ImageObject\",\"inLanguage\":\"pt-BR\",\"@id\":\"https:\/\/ninamartinelli.com.br\/blog2\/#\/schema\/person\/image\/\",\"url\":\"https:\/\/secure.gravatar.com\/avatar\/a03a82675d8bb3da8e5c5a6872db97be?s=96&d=mm&r=g\",\"contentUrl\":\"https:\/\/secure.gravatar.com\/avatar\/a03a82675d8bb3da8e5c5a6872db97be?s=96&d=mm&r=g\",\"caption\":\"Ana Maria Devides\"},\"url\":\"https:\/\/ninamartinelli.com.br\/blog2\/author\/assessoria-nina-martinelli\/\"}]}<\/script>\n<!-- \/ Yoast SEO plugin. -->","yoast_head_json":{"title":"Conforto e conex\u00e3o com a natureza com Pietra Rosso em \u00e1rea gourmet","description":"Conforto e conex\u00e3o com a natureza - a cer\u00e2mica natural Pietra Rosso trouxe o toque r\u00fastico, elegante e acolhedor para esse espa\u00e7o de conv\u00edvio","robots":{"index":"index","follow":"follow","max-snippet":"max-snippet:-1","max-image-preview":"max-image-preview:large","max-video-preview":"max-video-preview:-1"},"canonical":"https:\/\/ninamartinelli.com.br\/blog2\/conforto-e-conexao-com-a-natureza-com-pietra-rosso-em-area-gourmet\/","og_locale":"pt_BR","og_type":"article","og_title":"Conforto e conex\u00e3o com a natureza com Pietra Rosso em \u00e1rea gourmet","og_description":"Conforto e conex\u00e3o com a natureza - a cer\u00e2mica natural Pietra Rosso trouxe o toque r\u00fastico, elegante e acolhedor para esse espa\u00e7o de conv\u00edvio","og_url":"https:\/\/ninamartinelli.com.br\/blog2\/conforto-e-conexao-com-a-natureza-com-pietra-rosso-em-area-gourmet\/","og_site_name":"Blog Nina","article_published_time":"2025-01-15T13:04:50+00:00","og_image":[{"width":900,"height":1600,"url":"https:\/\/ninamartinelli.com.br\/blog2\/wp-content\/uploads\/2025\/01\/lourencao-capa.jpg","type":"image\/jpeg"}],"author":"Ana Maria Devides","twitter_card":"summary_large_image","twitter_misc":{"Escrito por":"Ana Maria Devides","Est. tempo de leitura":"3 minutos"},"schema":{"@context":"https:\/\/schema.org","@graph":[{"@type":"Article","@id":"https:\/\/ninamartinelli.com.br\/blog2\/conforto-e-conexao-com-a-natureza-com-pietra-rosso-em-area-gourmet\/#article","isPartOf":{"@id":"https:\/\/ninamartinelli.com.br\/blog2\/conforto-e-conexao-com-a-natureza-com-pietra-rosso-em-area-gourmet\/"},"author":{"name":"Ana Maria Devides","@id":"https:\/\/ninamartinelli.com.br\/blog2\/#\/schema\/person\/43fbfb1d4cbe3b472995206b2bb06df5"},"headline":"Conforto e conex\u00e3o com a natureza com Pietra Rosso em \u00e1rea gourmet","datePublished":"2025-01-15T13:04:50+00:00","mainEntityOfPage":{"@id":"https:\/\/ninamartinelli.com.br\/blog2\/conforto-e-conexao-com-a-natureza-com-pietra-rosso-em-area-gourmet\/"},"wordCount":575,"commentCount":0,"publisher":{"@id":"https:\/\/ninamartinelli.com.br\/blog2\/#organization"},"image":{"@id":"https:\/\/ninamartinelli.com.br\/blog2\/conforto-e-conexao-com-a-natureza-com-pietra-rosso-em-area-gourmet\/#primaryimage"},"thumbnailUrl":"https:\/\/ninamartinelli.com.br\/blog2\/wp-content\/uploads\/2025\/01\/lourencao-capa.jpg","keywords":["area gourmet","ceramica","piso de ceramica","piso rustico","Sustentabilidade"],"articleSection":["Cer\u00e2mica","Nina Martinelli","Pisos","Sustentabilidade"],"inLanguage":"pt-BR","potentialAction":[{"@type":"CommentAction","name":"Comment","target":["https:\/\/ninamartinelli.com.br\/blog2\/conforto-e-conexao-com-a-natureza-com-pietra-rosso-em-area-gourmet\/#respond"]}]},{"@type":"WebPage","@id":"https:\/\/ninamartinelli.com.br\/blog2\/conforto-e-conexao-com-a-natureza-com-pietra-rosso-em-area-gourmet\/","url":"https:\/\/ninamartinelli.com.br\/blog2\/conforto-e-conexao-com-a-natureza-com-pietra-rosso-em-area-gourmet\/","name":"Conforto e conex\u00e3o com a natureza com Pietra Rosso em \u00e1rea gourmet","isPartOf":{"@id":"https:\/\/ninamartinelli.com.br\/blog2\/#website"},"primaryImageOfPage":{"@id":"https:\/\/ninamartinelli.com.br\/blog2\/conforto-e-conexao-com-a-natureza-com-pietra-rosso-em-area-gourmet\/#primaryimage"},"image":{"@id":"https:\/\/ninamartinelli.com.br\/blog2\/conforto-e-conexao-com-a-natureza-com-pietra-rosso-em-area-gourmet\/#primaryimage"},"thumbnailUrl":"https:\/\/ninamartinelli.com.br\/blog2\/wp-content\/uploads\/2025\/01\/lourencao-capa.jpg","datePublished":"2025-01-15T13:04:50+00:00","description":"Conforto e conex\u00e3o com a natureza - a cer\u00e2mica natural Pietra Rosso trouxe o toque r\u00fastico, elegante e acolhedor para esse espa\u00e7o de conv\u00edvio","breadcrumb":{"@id":"https:\/\/ninamartinelli.com.br\/blog2\/conforto-e-conexao-com-a-natureza-com-pietra-rosso-em-area-gourmet\/#breadcrumb"},"inLanguage":"pt-BR","potentialAction":[{"@type":"ReadAction","target":["https:\/\/ninamartinelli.com.br\/blog2\/conforto-e-conexao-com-a-natureza-com-pietra-rosso-em-area-gourmet\/"]}]},{"@type":"ImageObject","inLanguage":"pt-BR","@id":"https:\/\/ninamartinelli.com.br\/blog2\/conforto-e-conexao-com-a-natureza-com-pietra-rosso-em-area-gourmet\/#primaryimage","url":"https:\/\/ninamartinelli.com.br\/blog2\/wp-content\/uploads\/2025\/01\/lourencao-capa.jpg","contentUrl":"https:\/\/ninamartinelli.com.br\/blog2\/wp-content\/uploads\/2025\/01\/lourencao-capa.jpg","width":900,"height":1600},{"@type":"BreadcrumbList","@id":"https:\/\/ninamartinelli.com.br\/blog2\/conforto-e-conexao-com-a-natureza-com-pietra-rosso-em-area-gourmet\/#breadcrumb","itemListElement":[{"@type":"ListItem","position":1,"name":"In\u00edcio","item":"https:\/\/ninamartinelli.com.br\/blog2\/"},{"@type":"ListItem","position":2,"name":"Conforto e conex\u00e3o com a natureza com Pietra Rosso em \u00e1rea gourmet"}]},{"@type":"WebSite","@id":"https:\/\/ninamartinelli.com.br\/blog2\/#website","url":"https:\/\/ninamartinelli.com.br\/blog2\/","name":"Nina Martinelli","description":"#Nina_Martinelli","publisher":{"@id":"https:\/\/ninamartinelli.com.br\/blog2\/#organization"},"potentialAction":[{"@type":"SearchAction","target":{"@type":"EntryPoint","urlTemplate":"https:\/\/ninamartinelli.com.br\/blog2\/?s={search_term_string}"},"query-input":{"@type":"PropertyValueSpecification","valueRequired":true,"valueName":"search_term_string"}}],"inLanguage":"pt-BR"},{"@type":"Organization","@id":"https:\/\/ninamartinelli.com.br\/blog2\/#organization","name":"Blog Novidades","url":"https:\/\/ninamartinelli.com.br\/blog2\/","logo":{"@type":"ImageObject","inLanguage":"pt-BR","@id":"https:\/\/ninamartinelli.com.br\/blog2\/#\/schema\/logo\/image\/","url":"http:\/\/blog.ninamartinelli.com.br\/wp-content\/uploads\/2022\/03\/logo_nina_blog.png","contentUrl":"http:\/\/blog.ninamartinelli.com.br\/wp-content\/uploads\/2022\/03\/logo_nina_blog.png","width":500,"height":104,"caption":"Blog Novidades"},"image":{"@id":"https:\/\/ninamartinelli.com.br\/blog2\/#\/schema\/logo\/image\/"}},{"@type":"Person","@id":"https:\/\/ninamartinelli.com.br\/blog2\/#\/schema\/person\/43fbfb1d4cbe3b472995206b2bb06df5","name":"Ana Maria Devides","image":{"@type":"ImageObject","inLanguage":"pt-BR","@id":"https:\/\/ninamartinelli.com.br\/blog2\/#\/schema\/person\/image\/","url":"https:\/\/secure.gravatar.com\/avatar\/a03a82675d8bb3da8e5c5a6872db97be?s=96&d=mm&r=g","contentUrl":"https:\/\/secure.gravatar.com\/avatar\/a03a82675d8bb3da8e5c5a6872db97be?s=96&d=mm&r=g","caption":"Ana Maria Devides"},"url":"https:\/\/ninamartinelli.com.br\/blog2\/author\/assessoria-nina-martinelli\/"}]}},"_links":{"self":[{"href":"https:\/\/ninamartinelli.com.br\/blog2\/wp-json\/wp\/v2\/posts\/2611","targetHints":{"allow":["GET"]}}],"collection":[{"href":"https:\/\/ninamartinelli.com.br\/blog2\/wp-json\/wp\/v2\/posts"}],"about":[{"href":"https:\/\/ninamartinelli.com.br\/blog2\/wp-json\/wp\/v2\/types\/post"}],"author":[{"embeddable":true,"href":"https:\/\/ninamartinelli.com.br\/blog2\/wp-json\/wp\/v2\/users\/2"}],"replies":[{"embeddable":true,"href":"https:\/\/ninamartinelli.com.br\/blog2\/wp-json\/wp\/v2\/comments?post=2611"}],"version-history":[{"count":2,"href":"https:\/\/ninamartinelli.com.br\/blog2\/wp-json\/wp\/v2\/posts\/2611\/revisions"}],"predecessor-version":[{"id":2614,"href":"https:\/\/ninamartinelli.com.br\/blog2\/wp-json\/wp\/v2\/posts\/2611\/revisions\/2614"}],"wp:featuredmedia":[{"embeddable":true,"href":"https:\/\/ninamartinelli.com.br\/blog2\/wp-json\/wp\/v2\/media\/2612"}],"wp:attachment":[{"href":"https:\/\/ninamartinelli.com.br\/blog2\/wp-json\/wp\/v2\/media?parent=2611"}],"wp:term":[{"taxonomy":"category","embeddable":true,"href":"https:\/\/ninamartinelli.com.br\/blog2\/wp-json\/wp\/v2\/categories?post=2611"},{"taxonomy":"post_tag","embeddable":true,"href":"https:\/\/ninamartinelli.com.br\/blog2\/wp-json\/wp\/v2\/tags?post=2611"}],"curies":[{"name":"wp","href":"https:\/\/api.w.org\/{rel}","templated":true}]}}