{"id":2602,"date":"2024-12-19T15:00:07","date_gmt":"2024-12-19T18:00:07","guid":{"rendered":"https:\/\/ninamartinelli.com.br\/blog2\/?p=2602"},"modified":"2024-12-19T15:04:27","modified_gmt":"2024-12-19T18:04:27","slug":"evento-nina-martinelli-nas-comemoracoes-do-dia-do-arquiteto-com-o-grupo-predial-em-joao-pinheiro-mg","status":"publish","type":"post","link":"https:\/\/ninamartinelli.com.br\/blog2\/evento-nina-martinelli-nas-comemoracoes-do-dia-do-arquiteto-com-o-grupo-predial-em-joao-pinheiro-mg\/","title":{"rendered":"Evento &#8211; Nina Martinelli nas comemora\u00e7\u00f5es do Dia do Arquiteto com o Grupo Predial, em Jo\u00e3o Pinheiro-MG"},"content":{"rendered":"<p>Evento &#8211; A Nina Martinelli participou no \u00faltimo dia 16 de dezembro de um evento muito especial, promovido pelo <a href=\"https:\/\/www.instagram.com\/grupopredial\/\">Grupo Predial<\/a>, em Jo\u00e3o Pinheiro, importante cidade na regi\u00e3o noroeste do estado de Minas Gerais.<\/p>\n<p>Em comemora\u00e7\u00e3o ao Dia do Arquiteto e Urbanista, que foi no \u00faltimo dia 15 deste m\u00eas, a empresa, que atua h\u00e1 mais de 30 anos nos segmentos de constru\u00e7\u00e3o civil e revenda de materiais de constru\u00e7\u00e3o, promoveu o evento Entre Luzes e Sabores \u2013 Uma Noite Especial Para Arquitetos, Cheia de Inspira\u00e7\u00e3o, Luz e Sabor.<\/p>\n<p>O evento aconteceu Alecrim Caf\u00e9 e Bistr\u00f4, importante ponto de encontro de profissionais e personalidades locais e da regi\u00e3o.<\/p>\n<p>Nina Martinelli preparou, para a ocasi\u00e3o, v\u00e1rios kits com amostras de seus mais recentes lan\u00e7amentos e produtos cl\u00e1ssicos, que fazem muito sucesso entre especificadores.<\/p>\n<p>E como os homenageados da noite eram justamente os arquitetos, o Grupo Predial, al\u00e9m das atra\u00e7\u00f5es preparadas para o evento, entregou a cada profissional um dos kits enviados pela Nina.<\/p>\n<p>\u201c\u00c9 um prazer e uma honra para n\u00f3s termos nossos produtos presentes num evento preparado com tanto carinho e profissionalismo, por uma revenda com a qual temos uma \u00f3tima parceria. Parabenizamos a todos os envolvidos\u201d, disse Jos\u00e9 Renato Videira, um dos fundadores e diretor da Nina Martinelli.<\/p>\n<p>Evento \u2013 Dia do Arquiteto.<\/p>\n<p>&nbsp;<\/p>\n","protected":false},"excerpt":{"rendered":"<p>Evento &#8211; A Nina Martinelli participou no \u00faltimo dia 16 de dezembro de um evento<\/p>\n","protected":false},"author":2,"featured_media":2605,"comment_status":"open","ping_status":"open","sticky":false,"template":"","format":"standard","meta":{"footnotes":""},"categories":[19,1],"tags":[176,137,177],"class_list":["post-2602","post","type-post","status-publish","format-standard","has-post-thumbnail","hentry","category-mostras-e-eventos","category-nina-martinelli","tag-arquitetos","tag-eventos","tag-parceria"],"yoast_head":"<!-- This site is optimized with the Yoast SEO plugin v26.8 - https:\/\/yoast.com\/product\/yoast-seo-wordpress\/ -->\n<title>Evento - Nina Martinelli nas comemora\u00e7\u00f5es do Dia do Arquiteto com o Grupo Predial, em Jo\u00e3o Pinheiro-MG<\/title>\n<meta name=\"description\" content=\"Evento - O Grupo Predial fez quest\u00e3o de homenagear os arquitetos pelo dia desse profissional e Nina Martinelli tamb\u00e9m marcou essa data!\" \/>\n<meta name=\"robots\" content=\"index, follow, max-snippet:-1, max-image-preview:large, max-video-preview:-1\" \/>\n<link rel=\"canonical\" href=\"https:\/\/ninamartinelli.com.br\/blog2\/evento-nina-martinelli-nas-comemoracoes-do-dia-do-arquiteto-com-o-grupo-predial-em-joao-pinheiro-mg\/\" \/>\n<meta property=\"og:locale\" content=\"pt_BR\" \/>\n<meta property=\"og:type\" content=\"article\" \/>\n<meta property=\"og:title\" content=\"Evento - Nina Martinelli nas comemora\u00e7\u00f5es do Dia do Arquiteto com o Grupo Predial, em Jo\u00e3o Pinheiro-MG\" \/>\n<meta property=\"og:description\" content=\"Evento - O Grupo Predial fez quest\u00e3o de homenagear os arquitetos pelo dia desse profissional e Nina Martinelli tamb\u00e9m marcou essa data!\" \/>\n<meta property=\"og:url\" content=\"https:\/\/ninamartinelli.com.br\/blog2\/evento-nina-martinelli-nas-comemoracoes-do-dia-do-arquiteto-com-o-grupo-predial-em-joao-pinheiro-mg\/\" \/>\n<meta property=\"og:site_name\" content=\"Blog Nina\" \/>\n<meta property=\"article:published_time\" content=\"2024-12-19T18:00:07+00:00\" \/>\n<meta property=\"article:modified_time\" content=\"2024-12-19T18:04:27+00:00\" \/>\n<meta property=\"og:image\" content=\"https:\/\/ninamartinelli.com.br\/blog2\/wp-content\/uploads\/2024\/12\/predial-1-1-scaled.jpeg\" \/>\n\t<meta property=\"og:image:width\" content=\"2439\" \/>\n\t<meta property=\"og:image:height\" content=\"2560\" \/>\n\t<meta property=\"og:image:type\" content=\"image\/jpeg\" \/>\n<meta name=\"author\" content=\"Ana Maria Devides\" \/>\n<meta name=\"twitter:card\" content=\"summary_large_image\" \/>\n<meta name=\"twitter:label1\" content=\"Escrito por\" \/>\n\t<meta name=\"twitter:data1\" content=\"Ana Maria Devides\" \/>\n\t<meta name=\"twitter:label2\" content=\"Est. tempo de leitura\" \/>\n\t<meta name=\"twitter:data2\" content=\"2 minutos\" \/>\n<script type=\"application\/ld+json\" class=\"yoast-schema-graph\">{\"@context\":\"https:\/\/schema.org\",\"@graph\":[{\"@type\":\"Article\",\"@id\":\"https:\/\/ninamartinelli.com.br\/blog2\/evento-nina-martinelli-nas-comemoracoes-do-dia-do-arquiteto-com-o-grupo-predial-em-joao-pinheiro-mg\/#article\",\"isPartOf\":{\"@id\":\"https:\/\/ninamartinelli.com.br\/blog2\/evento-nina-martinelli-nas-comemoracoes-do-dia-do-arquiteto-com-o-grupo-predial-em-joao-pinheiro-mg\/\"},\"author\":{\"name\":\"Ana Maria Devides\",\"@id\":\"https:\/\/ninamartinelli.com.br\/blog2\/#\/schema\/person\/43fbfb1d4cbe3b472995206b2bb06df5\"},\"headline\":\"Evento &#8211; Nina Martinelli nas comemora\u00e7\u00f5es do Dia do Arquiteto com o Grupo Predial, em Jo\u00e3o Pinheiro-MG\",\"datePublished\":\"2024-12-19T18:00:07+00:00\",\"dateModified\":\"2024-12-19T18:04:27+00:00\",\"mainEntityOfPage\":{\"@id\":\"https:\/\/ninamartinelli.com.br\/blog2\/evento-nina-martinelli-nas-comemoracoes-do-dia-do-arquiteto-com-o-grupo-predial-em-joao-pinheiro-mg\/\"},\"wordCount\":243,\"commentCount\":0,\"publisher\":{\"@id\":\"https:\/\/ninamartinelli.com.br\/blog2\/#organization\"},\"image\":{\"@id\":\"https:\/\/ninamartinelli.com.br\/blog2\/evento-nina-martinelli-nas-comemoracoes-do-dia-do-arquiteto-com-o-grupo-predial-em-joao-pinheiro-mg\/#primaryimage\"},\"thumbnailUrl\":\"https:\/\/ninamartinelli.com.br\/blog2\/wp-content\/uploads\/2024\/12\/predial-1-1-scaled.jpeg\",\"keywords\":[\"arquitetos\",\"eventos\",\"parceria\"],\"articleSection\":[\"Mostras e Eventos\",\"Nina Martinelli\"],\"inLanguage\":\"pt-BR\",\"potentialAction\":[{\"@type\":\"CommentAction\",\"name\":\"Comment\",\"target\":[\"https:\/\/ninamartinelli.com.br\/blog2\/evento-nina-martinelli-nas-comemoracoes-do-dia-do-arquiteto-com-o-grupo-predial-em-joao-pinheiro-mg\/#respond\"]}]},{\"@type\":\"WebPage\",\"@id\":\"https:\/\/ninamartinelli.com.br\/blog2\/evento-nina-martinelli-nas-comemoracoes-do-dia-do-arquiteto-com-o-grupo-predial-em-joao-pinheiro-mg\/\",\"url\":\"https:\/\/ninamartinelli.com.br\/blog2\/evento-nina-martinelli-nas-comemoracoes-do-dia-do-arquiteto-com-o-grupo-predial-em-joao-pinheiro-mg\/\",\"name\":\"Evento - Nina Martinelli nas comemora\u00e7\u00f5es do Dia do Arquiteto com o Grupo Predial, em Jo\u00e3o Pinheiro-MG\",\"isPartOf\":{\"@id\":\"https:\/\/ninamartinelli.com.br\/blog2\/#website\"},\"primaryImageOfPage\":{\"@id\":\"https:\/\/ninamartinelli.com.br\/blog2\/evento-nina-martinelli-nas-comemoracoes-do-dia-do-arquiteto-com-o-grupo-predial-em-joao-pinheiro-mg\/#primaryimage\"},\"image\":{\"@id\":\"https:\/\/ninamartinelli.com.br\/blog2\/evento-nina-martinelli-nas-comemoracoes-do-dia-do-arquiteto-com-o-grupo-predial-em-joao-pinheiro-mg\/#primaryimage\"},\"thumbnailUrl\":\"https:\/\/ninamartinelli.com.br\/blog2\/wp-content\/uploads\/2024\/12\/predial-1-1-scaled.jpeg\",\"datePublished\":\"2024-12-19T18:00:07+00:00\",\"dateModified\":\"2024-12-19T18:04:27+00:00\",\"description\":\"Evento - O Grupo Predial fez quest\u00e3o de homenagear os arquitetos pelo dia desse profissional e Nina Martinelli tamb\u00e9m marcou essa data!\",\"breadcrumb\":{\"@id\":\"https:\/\/ninamartinelli.com.br\/blog2\/evento-nina-martinelli-nas-comemoracoes-do-dia-do-arquiteto-com-o-grupo-predial-em-joao-pinheiro-mg\/#breadcrumb\"},\"inLanguage\":\"pt-BR\",\"potentialAction\":[{\"@type\":\"ReadAction\",\"target\":[\"https:\/\/ninamartinelli.com.br\/blog2\/evento-nina-martinelli-nas-comemoracoes-do-dia-do-arquiteto-com-o-grupo-predial-em-joao-pinheiro-mg\/\"]}]},{\"@type\":\"ImageObject\",\"inLanguage\":\"pt-BR\",\"@id\":\"https:\/\/ninamartinelli.com.br\/blog2\/evento-nina-martinelli-nas-comemoracoes-do-dia-do-arquiteto-com-o-grupo-predial-em-joao-pinheiro-mg\/#primaryimage\",\"url\":\"https:\/\/ninamartinelli.com.br\/blog2\/wp-content\/uploads\/2024\/12\/predial-1-1-scaled.jpeg\",\"contentUrl\":\"https:\/\/ninamartinelli.com.br\/blog2\/wp-content\/uploads\/2024\/12\/predial-1-1-scaled.jpeg\",\"width\":2439,\"height\":2560},{\"@type\":\"BreadcrumbList\",\"@id\":\"https:\/\/ninamartinelli.com.br\/blog2\/evento-nina-martinelli-nas-comemoracoes-do-dia-do-arquiteto-com-o-grupo-predial-em-joao-pinheiro-mg\/#breadcrumb\",\"itemListElement\":[{\"@type\":\"ListItem\",\"position\":1,\"name\":\"In\u00edcio\",\"item\":\"https:\/\/ninamartinelli.com.br\/blog2\/\"},{\"@type\":\"ListItem\",\"position\":2,\"name\":\"Evento &#8211; Nina Martinelli nas comemora\u00e7\u00f5es do Dia do Arquiteto com o Grupo Predial, em Jo\u00e3o Pinheiro-MG\"}]},{\"@type\":\"WebSite\",\"@id\":\"https:\/\/ninamartinelli.com.br\/blog2\/#website\",\"url\":\"https:\/\/ninamartinelli.com.br\/blog2\/\",\"name\":\"Nina Martinelli\",\"description\":\"#Nina_Martinelli\",\"publisher\":{\"@id\":\"https:\/\/ninamartinelli.com.br\/blog2\/#organization\"},\"potentialAction\":[{\"@type\":\"SearchAction\",\"target\":{\"@type\":\"EntryPoint\",\"urlTemplate\":\"https:\/\/ninamartinelli.com.br\/blog2\/?s={search_term_string}\"},\"query-input\":{\"@type\":\"PropertyValueSpecification\",\"valueRequired\":true,\"valueName\":\"search_term_string\"}}],\"inLanguage\":\"pt-BR\"},{\"@type\":\"Organization\",\"@id\":\"https:\/\/ninamartinelli.com.br\/blog2\/#organization\",\"name\":\"Blog Novidades\",\"url\":\"https:\/\/ninamartinelli.com.br\/blog2\/\",\"logo\":{\"@type\":\"ImageObject\",\"inLanguage\":\"pt-BR\",\"@id\":\"https:\/\/ninamartinelli.com.br\/blog2\/#\/schema\/logo\/image\/\",\"url\":\"http:\/\/blog.ninamartinelli.com.br\/wp-content\/uploads\/2022\/03\/logo_nina_blog.png\",\"contentUrl\":\"http:\/\/blog.ninamartinelli.com.br\/wp-content\/uploads\/2022\/03\/logo_nina_blog.png\",\"width\":500,\"height\":104,\"caption\":\"Blog Novidades\"},\"image\":{\"@id\":\"https:\/\/ninamartinelli.com.br\/blog2\/#\/schema\/logo\/image\/\"}},{\"@type\":\"Person\",\"@id\":\"https:\/\/ninamartinelli.com.br\/blog2\/#\/schema\/person\/43fbfb1d4cbe3b472995206b2bb06df5\",\"name\":\"Ana Maria Devides\",\"image\":{\"@type\":\"ImageObject\",\"inLanguage\":\"pt-BR\",\"@id\":\"https:\/\/ninamartinelli.com.br\/blog2\/#\/schema\/person\/image\/\",\"url\":\"https:\/\/secure.gravatar.com\/avatar\/a03a82675d8bb3da8e5c5a6872db97be?s=96&d=mm&r=g\",\"contentUrl\":\"https:\/\/secure.gravatar.com\/avatar\/a03a82675d8bb3da8e5c5a6872db97be?s=96&d=mm&r=g\",\"caption\":\"Ana Maria Devides\"},\"url\":\"https:\/\/ninamartinelli.com.br\/blog2\/author\/assessoria-nina-martinelli\/\"}]}<\/script>\n<!-- \/ Yoast SEO plugin. -->","yoast_head_json":{"title":"Evento - Nina Martinelli nas comemora\u00e7\u00f5es do Dia do Arquiteto com o Grupo Predial, em Jo\u00e3o Pinheiro-MG","description":"Evento - O Grupo Predial fez quest\u00e3o de homenagear os arquitetos pelo dia desse profissional e Nina Martinelli tamb\u00e9m marcou essa data!","robots":{"index":"index","follow":"follow","max-snippet":"max-snippet:-1","max-image-preview":"max-image-preview:large","max-video-preview":"max-video-preview:-1"},"canonical":"https:\/\/ninamartinelli.com.br\/blog2\/evento-nina-martinelli-nas-comemoracoes-do-dia-do-arquiteto-com-o-grupo-predial-em-joao-pinheiro-mg\/","og_locale":"pt_BR","og_type":"article","og_title":"Evento - Nina Martinelli nas comemora\u00e7\u00f5es do Dia do Arquiteto com o Grupo Predial, em Jo\u00e3o Pinheiro-MG","og_description":"Evento - O Grupo Predial fez quest\u00e3o de homenagear os arquitetos pelo dia desse profissional e Nina Martinelli tamb\u00e9m marcou essa data!","og_url":"https:\/\/ninamartinelli.com.br\/blog2\/evento-nina-martinelli-nas-comemoracoes-do-dia-do-arquiteto-com-o-grupo-predial-em-joao-pinheiro-mg\/","og_site_name":"Blog Nina","article_published_time":"2024-12-19T18:00:07+00:00","article_modified_time":"2024-12-19T18:04:27+00:00","og_image":[{"width":2439,"height":2560,"url":"https:\/\/ninamartinelli.com.br\/blog2\/wp-content\/uploads\/2024\/12\/predial-1-1-scaled.jpeg","type":"image\/jpeg"}],"author":"Ana Maria Devides","twitter_card":"summary_large_image","twitter_misc":{"Escrito por":"Ana Maria Devides","Est. tempo de leitura":"2 minutos"},"schema":{"@context":"https:\/\/schema.org","@graph":[{"@type":"Article","@id":"https:\/\/ninamartinelli.com.br\/blog2\/evento-nina-martinelli-nas-comemoracoes-do-dia-do-arquiteto-com-o-grupo-predial-em-joao-pinheiro-mg\/#article","isPartOf":{"@id":"https:\/\/ninamartinelli.com.br\/blog2\/evento-nina-martinelli-nas-comemoracoes-do-dia-do-arquiteto-com-o-grupo-predial-em-joao-pinheiro-mg\/"},"author":{"name":"Ana Maria Devides","@id":"https:\/\/ninamartinelli.com.br\/blog2\/#\/schema\/person\/43fbfb1d4cbe3b472995206b2bb06df5"},"headline":"Evento &#8211; Nina Martinelli nas comemora\u00e7\u00f5es do Dia do Arquiteto com o Grupo Predial, em Jo\u00e3o Pinheiro-MG","datePublished":"2024-12-19T18:00:07+00:00","dateModified":"2024-12-19T18:04:27+00:00","mainEntityOfPage":{"@id":"https:\/\/ninamartinelli.com.br\/blog2\/evento-nina-martinelli-nas-comemoracoes-do-dia-do-arquiteto-com-o-grupo-predial-em-joao-pinheiro-mg\/"},"wordCount":243,"commentCount":0,"publisher":{"@id":"https:\/\/ninamartinelli.com.br\/blog2\/#organization"},"image":{"@id":"https:\/\/ninamartinelli.com.br\/blog2\/evento-nina-martinelli-nas-comemoracoes-do-dia-do-arquiteto-com-o-grupo-predial-em-joao-pinheiro-mg\/#primaryimage"},"thumbnailUrl":"https:\/\/ninamartinelli.com.br\/blog2\/wp-content\/uploads\/2024\/12\/predial-1-1-scaled.jpeg","keywords":["arquitetos","eventos","parceria"],"articleSection":["Mostras e Eventos","Nina Martinelli"],"inLanguage":"pt-BR","potentialAction":[{"@type":"CommentAction","name":"Comment","target":["https:\/\/ninamartinelli.com.br\/blog2\/evento-nina-martinelli-nas-comemoracoes-do-dia-do-arquiteto-com-o-grupo-predial-em-joao-pinheiro-mg\/#respond"]}]},{"@type":"WebPage","@id":"https:\/\/ninamartinelli.com.br\/blog2\/evento-nina-martinelli-nas-comemoracoes-do-dia-do-arquiteto-com-o-grupo-predial-em-joao-pinheiro-mg\/","url":"https:\/\/ninamartinelli.com.br\/blog2\/evento-nina-martinelli-nas-comemoracoes-do-dia-do-arquiteto-com-o-grupo-predial-em-joao-pinheiro-mg\/","name":"Evento - Nina Martinelli nas comemora\u00e7\u00f5es do Dia do Arquiteto com o Grupo Predial, em Jo\u00e3o Pinheiro-MG","isPartOf":{"@id":"https:\/\/ninamartinelli.com.br\/blog2\/#website"},"primaryImageOfPage":{"@id":"https:\/\/ninamartinelli.com.br\/blog2\/evento-nina-martinelli-nas-comemoracoes-do-dia-do-arquiteto-com-o-grupo-predial-em-joao-pinheiro-mg\/#primaryimage"},"image":{"@id":"https:\/\/ninamartinelli.com.br\/blog2\/evento-nina-martinelli-nas-comemoracoes-do-dia-do-arquiteto-com-o-grupo-predial-em-joao-pinheiro-mg\/#primaryimage"},"thumbnailUrl":"https:\/\/ninamartinelli.com.br\/blog2\/wp-content\/uploads\/2024\/12\/predial-1-1-scaled.jpeg","datePublished":"2024-12-19T18:00:07+00:00","dateModified":"2024-12-19T18:04:27+00:00","description":"Evento - O Grupo Predial fez quest\u00e3o de homenagear os arquitetos pelo dia desse profissional e Nina Martinelli tamb\u00e9m marcou essa data!","breadcrumb":{"@id":"https:\/\/ninamartinelli.com.br\/blog2\/evento-nina-martinelli-nas-comemoracoes-do-dia-do-arquiteto-com-o-grupo-predial-em-joao-pinheiro-mg\/#breadcrumb"},"inLanguage":"pt-BR","potentialAction":[{"@type":"ReadAction","target":["https:\/\/ninamartinelli.com.br\/blog2\/evento-nina-martinelli-nas-comemoracoes-do-dia-do-arquiteto-com-o-grupo-predial-em-joao-pinheiro-mg\/"]}]},{"@type":"ImageObject","inLanguage":"pt-BR","@id":"https:\/\/ninamartinelli.com.br\/blog2\/evento-nina-martinelli-nas-comemoracoes-do-dia-do-arquiteto-com-o-grupo-predial-em-joao-pinheiro-mg\/#primaryimage","url":"https:\/\/ninamartinelli.com.br\/blog2\/wp-content\/uploads\/2024\/12\/predial-1-1-scaled.jpeg","contentUrl":"https:\/\/ninamartinelli.com.br\/blog2\/wp-content\/uploads\/2024\/12\/predial-1-1-scaled.jpeg","width":2439,"height":2560},{"@type":"BreadcrumbList","@id":"https:\/\/ninamartinelli.com.br\/blog2\/evento-nina-martinelli-nas-comemoracoes-do-dia-do-arquiteto-com-o-grupo-predial-em-joao-pinheiro-mg\/#breadcrumb","itemListElement":[{"@type":"ListItem","position":1,"name":"In\u00edcio","item":"https:\/\/ninamartinelli.com.br\/blog2\/"},{"@type":"ListItem","position":2,"name":"Evento &#8211; Nina Martinelli nas comemora\u00e7\u00f5es do Dia do Arquiteto com o Grupo Predial, em Jo\u00e3o Pinheiro-MG"}]},{"@type":"WebSite","@id":"https:\/\/ninamartinelli.com.br\/blog2\/#website","url":"https:\/\/ninamartinelli.com.br\/blog2\/","name":"Nina Martinelli","description":"#Nina_Martinelli","publisher":{"@id":"https:\/\/ninamartinelli.com.br\/blog2\/#organization"},"potentialAction":[{"@type":"SearchAction","target":{"@type":"EntryPoint","urlTemplate":"https:\/\/ninamartinelli.com.br\/blog2\/?s={search_term_string}"},"query-input":{"@type":"PropertyValueSpecification","valueRequired":true,"valueName":"search_term_string"}}],"inLanguage":"pt-BR"},{"@type":"Organization","@id":"https:\/\/ninamartinelli.com.br\/blog2\/#organization","name":"Blog Novidades","url":"https:\/\/ninamartinelli.com.br\/blog2\/","logo":{"@type":"ImageObject","inLanguage":"pt-BR","@id":"https:\/\/ninamartinelli.com.br\/blog2\/#\/schema\/logo\/image\/","url":"http:\/\/blog.ninamartinelli.com.br\/wp-content\/uploads\/2022\/03\/logo_nina_blog.png","contentUrl":"http:\/\/blog.ninamartinelli.com.br\/wp-content\/uploads\/2022\/03\/logo_nina_blog.png","width":500,"height":104,"caption":"Blog Novidades"},"image":{"@id":"https:\/\/ninamartinelli.com.br\/blog2\/#\/schema\/logo\/image\/"}},{"@type":"Person","@id":"https:\/\/ninamartinelli.com.br\/blog2\/#\/schema\/person\/43fbfb1d4cbe3b472995206b2bb06df5","name":"Ana Maria Devides","image":{"@type":"ImageObject","inLanguage":"pt-BR","@id":"https:\/\/ninamartinelli.com.br\/blog2\/#\/schema\/person\/image\/","url":"https:\/\/secure.gravatar.com\/avatar\/a03a82675d8bb3da8e5c5a6872db97be?s=96&d=mm&r=g","contentUrl":"https:\/\/secure.gravatar.com\/avatar\/a03a82675d8bb3da8e5c5a6872db97be?s=96&d=mm&r=g","caption":"Ana Maria Devides"},"url":"https:\/\/ninamartinelli.com.br\/blog2\/author\/assessoria-nina-martinelli\/"}]}},"_links":{"self":[{"href":"https:\/\/ninamartinelli.com.br\/blog2\/wp-json\/wp\/v2\/posts\/2602","targetHints":{"allow":["GET"]}}],"collection":[{"href":"https:\/\/ninamartinelli.com.br\/blog2\/wp-json\/wp\/v2\/posts"}],"about":[{"href":"https:\/\/ninamartinelli.com.br\/blog2\/wp-json\/wp\/v2\/types\/post"}],"author":[{"embeddable":true,"href":"https:\/\/ninamartinelli.com.br\/blog2\/wp-json\/wp\/v2\/users\/2"}],"replies":[{"embeddable":true,"href":"https:\/\/ninamartinelli.com.br\/blog2\/wp-json\/wp\/v2\/comments?post=2602"}],"version-history":[{"count":1,"href":"https:\/\/ninamartinelli.com.br\/blog2\/wp-json\/wp\/v2\/posts\/2602\/revisions"}],"predecessor-version":[{"id":2604,"href":"https:\/\/ninamartinelli.com.br\/blog2\/wp-json\/wp\/v2\/posts\/2602\/revisions\/2604"}],"wp:featuredmedia":[{"embeddable":true,"href":"https:\/\/ninamartinelli.com.br\/blog2\/wp-json\/wp\/v2\/media\/2605"}],"wp:attachment":[{"href":"https:\/\/ninamartinelli.com.br\/blog2\/wp-json\/wp\/v2\/media?parent=2602"}],"wp:term":[{"taxonomy":"category","embeddable":true,"href":"https:\/\/ninamartinelli.com.br\/blog2\/wp-json\/wp\/v2\/categories?post=2602"},{"taxonomy":"post_tag","embeddable":true,"href":"https:\/\/ninamartinelli.com.br\/blog2\/wp-json\/wp\/v2\/tags?post=2602"}],"curies":[{"name":"wp","href":"https:\/\/api.w.org\/{rel}","templated":true}]}}