{"id":2587,"date":"2024-12-18T07:23:02","date_gmt":"2024-12-18T10:23:02","guid":{"rendered":"https:\/\/ninamartinelli.com.br\/blog2\/?p=2587"},"modified":"2024-12-18T07:23:02","modified_gmt":"2024-12-18T10:23:02","slug":"cafe-cultura-no-parque-dom-pedro-shopping-tambem-tem-o-charme-do-quadratto-rosso","status":"publish","type":"post","link":"https:\/\/ninamartinelli.com.br\/blog2\/cafe-cultura-no-parque-dom-pedro-shopping-tambem-tem-o-charme-do-quadratto-rosso\/","title":{"rendered":"Caf\u00e9 Cultura no Parque Dom Pedro Shopping tamb\u00e9m tem o charme do Quadratto Rosso"},"content":{"rendered":"<p>Caf\u00e9 Cultura, a franquia de cafeterias que est\u00e1 entre as maiores do Pa\u00eds, tem uma unidade muito especial no <a href=\"https:\/\/parquedpedro.com.br\/?cnddefault=true&amp;utm_campaign=ae_d-pedro_always-on-blindagem_na_2411_na_trafego_consideracao&amp;utm_source=google-search&amp;utm_medium=search&amp;utm_content=trafego_search_google_google-search_cpc_moda_palavras-chave_search_na_search_moda_consideracao_na_na_v2&amp;gad_source=1&amp;gclid=CjwKCAiAgoq7BhBxEiwAVcW0LKN0etPFme1l2gVDcbKZTXfg3qXII_sgXYu9Ru-OKFd4Y8doma6g3BoC-sIQAvD_BwE\">Parque Dom Pedro Shopping<\/a>, em Campinas-SP. Por sinal, um dos maiores shoppings da Am\u00e9rica Latina. E, nesse important\u00edssimo centro de compras, servi\u00e7os e entretenimento, a unidade do Caf\u00e9 Cultura, a exemplo daquela recentemente inaugurada em Moema, na capital, tamb\u00e9m tem o charme do <a href=\"https:\/\/ninamartinelli.com.br\/produtos\/quadratto-rosso-2\/\">Quadratto Rosso<\/a>, da Nina Martinelli Pisos e Revestimentos.<\/p>\n<p>Essa rede de franquias n\u00e3o \u00e9 das principais do Brasil por acaso. \u00c9 especializada em caf\u00e9s especiais e gastronomia para os mais exigentes paladares, e tamb\u00e9m \u00e9 conhecida por oferecer um ambiente acolhedor, charmoso e despojado aos seus milhares de clientes.<\/p>\n<p>Na loja de Campinas, assim como na de S\u00e3o Paulo, guardadas as propor\u00e7\u00f5es e diferen\u00e7as de layout, o revestimento Quadratto Rosso foi aplicado em balc\u00f5es expositores e de atendimento, e, ainda, num lindo totem que ostenta a marca em letras luminosas. Um luxo despretensioso e moderno, que contrasta com a cer\u00e2mica do revestimento.<\/p>\n<p><img loading=\"lazy\" decoding=\"async\" class=\"alignnone  wp-image-2589\" src=\"https:\/\/ninamartinelli.com.br\/blog2\/wp-content\/uploads\/2024\/12\/Cafe-Cultura-Dom-Pedro-4-225x300.jpeg\" alt=\"\" width=\"321\" height=\"428\" srcset=\"https:\/\/ninamartinelli.com.br\/blog2\/wp-content\/uploads\/2024\/12\/Cafe-Cultura-Dom-Pedro-4-225x300.jpeg 225w, https:\/\/ninamartinelli.com.br\/blog2\/wp-content\/uploads\/2024\/12\/Cafe-Cultura-Dom-Pedro-4-768x1024.jpeg 768w, https:\/\/ninamartinelli.com.br\/blog2\/wp-content\/uploads\/2024\/12\/Cafe-Cultura-Dom-Pedro-4.jpeg 960w\" sizes=\"auto, (max-width: 321px) 100vw, 321px\" \/>\u00a0 \u00a0 \u00a0 <img loading=\"lazy\" decoding=\"async\" class=\"alignnone  wp-image-2590\" src=\"https:\/\/ninamartinelli.com.br\/blog2\/wp-content\/uploads\/2024\/12\/Cafe-Cultura-Dom-Pedro-5-300x300.jpeg\" alt=\"\" width=\"426\" height=\"426\" srcset=\"https:\/\/ninamartinelli.com.br\/blog2\/wp-content\/uploads\/2024\/12\/Cafe-Cultura-Dom-Pedro-5-300x300.jpeg 300w, https:\/\/ninamartinelli.com.br\/blog2\/wp-content\/uploads\/2024\/12\/Cafe-Cultura-Dom-Pedro-5-150x150.jpeg 150w, https:\/\/ninamartinelli.com.br\/blog2\/wp-content\/uploads\/2024\/12\/Cafe-Cultura-Dom-Pedro-5-768x768.jpeg 768w, https:\/\/ninamartinelli.com.br\/blog2\/wp-content\/uploads\/2024\/12\/Cafe-Cultura-Dom-Pedro-5-50x50.jpeg 50w, https:\/\/ninamartinelli.com.br\/blog2\/wp-content\/uploads\/2024\/12\/Cafe-Cultura-Dom-Pedro-5.jpeg 800w\" sizes=\"auto, (max-width: 426px) 100vw, 426px\" \/><\/p>\n<p>Integrante da Cole\u00e7\u00e3o Simmetria, lan\u00e7ada em 2024 pela Nina Martinelli, e um dos modelos que mais fez sucesso na Revestir deste ano, o Quadratto Rosso \u00e9 apresentado em pe\u00e7as quadradas 7x7cm, dispostas em telas 28x28cm.<\/p>\n<p>O modelo explora a nobreza, a ancestralidade e a brasilidade da cer\u00e2mica natural, agregada com materiais reciclados. \u00c9 disponibilizado pela Nina tamb\u00e9m em v\u00e1rias outras vers\u00f5es de acabamento, textura e tons, sempre em cer\u00e2mica natural. E pode ser aplicado em \u00e1reas internas e externas.<\/p>\n<p>O Caf\u00e9 Cultura tamb\u00e9m conta com loja em Piracicaba-SP e pretende se expandir ainda mais em terras paulistas.<\/p>\n<p><strong>Servi\u00e7o: <\/strong><\/p>\n<p><strong>Caf\u00e9 Cultura\u00a0 &#8211; Parque Dom Pedro Shopping \u2013 Campinas-SP<\/strong><\/p>\n<p><strong>Produto:<\/strong> Quadratto Rosso 7x7cm em telas de 28x28cm<\/p>\n<p><strong>Projeto: Be Espa\u00e7os Arquitet\u00f4nicos<\/strong><\/p>\n<p><strong>Constru\u00e7\u00e3o<\/strong>: Construtora Fepan<\/p>\n<p><strong>Imagem<\/strong>: Divulga\u00e7\u00e3o\/Construtora Fepan<\/p>\n","protected":false},"excerpt":{"rendered":"<p>Caf\u00e9 Cultura, a franquia de cafeterias que est\u00e1 entre as maiores do Pa\u00eds, tem uma<\/p>\n","protected":false},"author":2,"featured_media":2588,"comment_status":"open","ping_status":"open","sticky":false,"template":"","format":"standard","meta":{"footnotes":""},"categories":[59,165,1,26,129],"tags":[45,171,46,131],"class_list":["post-2587","post","type-post","status-publish","format-standard","has-post-thumbnail","hentry","category-ceramica","category-lancamentos-2024","category-nina-martinelli","category-revestimentos","category-sustentabilidade","tag-ceramica","tag-projeto-comercial","tag-revestimento","tag-sustentabilidade"],"yoast_head":"<!-- This site is optimized with the Yoast SEO plugin v26.8 - https:\/\/yoast.com\/product\/yoast-seo-wordpress\/ -->\n<title>Caf\u00e9 Cultura no Parque Dom Pedro Shopping tamb\u00e9m tem o charme do Quadratto Rosso<\/title>\n<meta name=\"description\" content=\"Caf\u00e9 Cultura, uma das maiores redes de cafeterias do Brasil, tem mais uma loja no Estado de S\u00e3o Paulo com o revestimento cer\u00e2mico da Nina\" \/>\n<meta name=\"robots\" content=\"index, follow, max-snippet:-1, max-image-preview:large, max-video-preview:-1\" \/>\n<link rel=\"canonical\" href=\"https:\/\/ninamartinelli.com.br\/blog2\/cafe-cultura-no-parque-dom-pedro-shopping-tambem-tem-o-charme-do-quadratto-rosso\/\" \/>\n<meta property=\"og:locale\" content=\"pt_BR\" \/>\n<meta property=\"og:type\" content=\"article\" \/>\n<meta property=\"og:title\" content=\"Caf\u00e9 Cultura no Parque Dom Pedro Shopping tamb\u00e9m tem o charme do Quadratto Rosso\" \/>\n<meta property=\"og:description\" content=\"Caf\u00e9 Cultura, uma das maiores redes de cafeterias do Brasil, tem mais uma loja no Estado de S\u00e3o Paulo com o revestimento cer\u00e2mico da Nina\" \/>\n<meta property=\"og:url\" content=\"https:\/\/ninamartinelli.com.br\/blog2\/cafe-cultura-no-parque-dom-pedro-shopping-tambem-tem-o-charme-do-quadratto-rosso\/\" \/>\n<meta property=\"og:site_name\" content=\"Blog Nina\" \/>\n<meta property=\"article:published_time\" content=\"2024-12-18T10:23:02+00:00\" \/>\n<meta property=\"og:image\" content=\"https:\/\/ninamartinelli.com.br\/blog2\/wp-content\/uploads\/2024\/12\/Cafe-Cultura-Dom-Pedro-3.jpeg\" \/>\n\t<meta property=\"og:image:width\" content=\"1280\" \/>\n\t<meta property=\"og:image:height\" content=\"960\" \/>\n\t<meta property=\"og:image:type\" content=\"image\/jpeg\" \/>\n<meta name=\"author\" content=\"Ana Maria Devides\" \/>\n<meta name=\"twitter:card\" content=\"summary_large_image\" \/>\n<meta name=\"twitter:label1\" content=\"Escrito por\" \/>\n\t<meta name=\"twitter:data1\" content=\"Ana Maria Devides\" \/>\n\t<meta name=\"twitter:label2\" content=\"Est. tempo de leitura\" \/>\n\t<meta name=\"twitter:data2\" content=\"2 minutos\" \/>\n<script type=\"application\/ld+json\" class=\"yoast-schema-graph\">{\"@context\":\"https:\/\/schema.org\",\"@graph\":[{\"@type\":\"Article\",\"@id\":\"https:\/\/ninamartinelli.com.br\/blog2\/cafe-cultura-no-parque-dom-pedro-shopping-tambem-tem-o-charme-do-quadratto-rosso\/#article\",\"isPartOf\":{\"@id\":\"https:\/\/ninamartinelli.com.br\/blog2\/cafe-cultura-no-parque-dom-pedro-shopping-tambem-tem-o-charme-do-quadratto-rosso\/\"},\"author\":{\"name\":\"Ana Maria Devides\",\"@id\":\"https:\/\/ninamartinelli.com.br\/blog2\/#\/schema\/person\/43fbfb1d4cbe3b472995206b2bb06df5\"},\"headline\":\"Caf\u00e9 Cultura no Parque Dom Pedro Shopping tamb\u00e9m tem o charme do Quadratto Rosso\",\"datePublished\":\"2024-12-18T10:23:02+00:00\",\"mainEntityOfPage\":{\"@id\":\"https:\/\/ninamartinelli.com.br\/blog2\/cafe-cultura-no-parque-dom-pedro-shopping-tambem-tem-o-charme-do-quadratto-rosso\/\"},\"wordCount\":329,\"commentCount\":0,\"publisher\":{\"@id\":\"https:\/\/ninamartinelli.com.br\/blog2\/#organization\"},\"image\":{\"@id\":\"https:\/\/ninamartinelli.com.br\/blog2\/cafe-cultura-no-parque-dom-pedro-shopping-tambem-tem-o-charme-do-quadratto-rosso\/#primaryimage\"},\"thumbnailUrl\":\"https:\/\/ninamartinelli.com.br\/blog2\/wp-content\/uploads\/2024\/12\/Cafe-Cultura-Dom-Pedro-3.jpeg\",\"keywords\":[\"ceramica\",\"Projeto comercial\",\"revestimento\",\"Sustentabilidade\"],\"articleSection\":[\"Cer\u00e2mica\",\"LAN\u00c7AMENTOS 2024\",\"Nina Martinelli\",\"Revestimentos\",\"Sustentabilidade\"],\"inLanguage\":\"pt-BR\",\"potentialAction\":[{\"@type\":\"CommentAction\",\"name\":\"Comment\",\"target\":[\"https:\/\/ninamartinelli.com.br\/blog2\/cafe-cultura-no-parque-dom-pedro-shopping-tambem-tem-o-charme-do-quadratto-rosso\/#respond\"]}]},{\"@type\":\"WebPage\",\"@id\":\"https:\/\/ninamartinelli.com.br\/blog2\/cafe-cultura-no-parque-dom-pedro-shopping-tambem-tem-o-charme-do-quadratto-rosso\/\",\"url\":\"https:\/\/ninamartinelli.com.br\/blog2\/cafe-cultura-no-parque-dom-pedro-shopping-tambem-tem-o-charme-do-quadratto-rosso\/\",\"name\":\"Caf\u00e9 Cultura no Parque Dom Pedro Shopping tamb\u00e9m tem o charme do Quadratto Rosso\",\"isPartOf\":{\"@id\":\"https:\/\/ninamartinelli.com.br\/blog2\/#website\"},\"primaryImageOfPage\":{\"@id\":\"https:\/\/ninamartinelli.com.br\/blog2\/cafe-cultura-no-parque-dom-pedro-shopping-tambem-tem-o-charme-do-quadratto-rosso\/#primaryimage\"},\"image\":{\"@id\":\"https:\/\/ninamartinelli.com.br\/blog2\/cafe-cultura-no-parque-dom-pedro-shopping-tambem-tem-o-charme-do-quadratto-rosso\/#primaryimage\"},\"thumbnailUrl\":\"https:\/\/ninamartinelli.com.br\/blog2\/wp-content\/uploads\/2024\/12\/Cafe-Cultura-Dom-Pedro-3.jpeg\",\"datePublished\":\"2024-12-18T10:23:02+00:00\",\"description\":\"Caf\u00e9 Cultura, uma das maiores redes de cafeterias do Brasil, tem mais uma loja no Estado de S\u00e3o Paulo com o revestimento cer\u00e2mico da Nina\",\"breadcrumb\":{\"@id\":\"https:\/\/ninamartinelli.com.br\/blog2\/cafe-cultura-no-parque-dom-pedro-shopping-tambem-tem-o-charme-do-quadratto-rosso\/#breadcrumb\"},\"inLanguage\":\"pt-BR\",\"potentialAction\":[{\"@type\":\"ReadAction\",\"target\":[\"https:\/\/ninamartinelli.com.br\/blog2\/cafe-cultura-no-parque-dom-pedro-shopping-tambem-tem-o-charme-do-quadratto-rosso\/\"]}]},{\"@type\":\"ImageObject\",\"inLanguage\":\"pt-BR\",\"@id\":\"https:\/\/ninamartinelli.com.br\/blog2\/cafe-cultura-no-parque-dom-pedro-shopping-tambem-tem-o-charme-do-quadratto-rosso\/#primaryimage\",\"url\":\"https:\/\/ninamartinelli.com.br\/blog2\/wp-content\/uploads\/2024\/12\/Cafe-Cultura-Dom-Pedro-3.jpeg\",\"contentUrl\":\"https:\/\/ninamartinelli.com.br\/blog2\/wp-content\/uploads\/2024\/12\/Cafe-Cultura-Dom-Pedro-3.jpeg\",\"width\":1280,\"height\":960},{\"@type\":\"BreadcrumbList\",\"@id\":\"https:\/\/ninamartinelli.com.br\/blog2\/cafe-cultura-no-parque-dom-pedro-shopping-tambem-tem-o-charme-do-quadratto-rosso\/#breadcrumb\",\"itemListElement\":[{\"@type\":\"ListItem\",\"position\":1,\"name\":\"In\u00edcio\",\"item\":\"https:\/\/ninamartinelli.com.br\/blog2\/\"},{\"@type\":\"ListItem\",\"position\":2,\"name\":\"Caf\u00e9 Cultura no Parque Dom Pedro Shopping tamb\u00e9m tem o charme do Quadratto Rosso\"}]},{\"@type\":\"WebSite\",\"@id\":\"https:\/\/ninamartinelli.com.br\/blog2\/#website\",\"url\":\"https:\/\/ninamartinelli.com.br\/blog2\/\",\"name\":\"Nina Martinelli\",\"description\":\"#Nina_Martinelli\",\"publisher\":{\"@id\":\"https:\/\/ninamartinelli.com.br\/blog2\/#organization\"},\"potentialAction\":[{\"@type\":\"SearchAction\",\"target\":{\"@type\":\"EntryPoint\",\"urlTemplate\":\"https:\/\/ninamartinelli.com.br\/blog2\/?s={search_term_string}\"},\"query-input\":{\"@type\":\"PropertyValueSpecification\",\"valueRequired\":true,\"valueName\":\"search_term_string\"}}],\"inLanguage\":\"pt-BR\"},{\"@type\":\"Organization\",\"@id\":\"https:\/\/ninamartinelli.com.br\/blog2\/#organization\",\"name\":\"Blog Novidades\",\"url\":\"https:\/\/ninamartinelli.com.br\/blog2\/\",\"logo\":{\"@type\":\"ImageObject\",\"inLanguage\":\"pt-BR\",\"@id\":\"https:\/\/ninamartinelli.com.br\/blog2\/#\/schema\/logo\/image\/\",\"url\":\"http:\/\/blog.ninamartinelli.com.br\/wp-content\/uploads\/2022\/03\/logo_nina_blog.png\",\"contentUrl\":\"http:\/\/blog.ninamartinelli.com.br\/wp-content\/uploads\/2022\/03\/logo_nina_blog.png\",\"width\":500,\"height\":104,\"caption\":\"Blog Novidades\"},\"image\":{\"@id\":\"https:\/\/ninamartinelli.com.br\/blog2\/#\/schema\/logo\/image\/\"}},{\"@type\":\"Person\",\"@id\":\"https:\/\/ninamartinelli.com.br\/blog2\/#\/schema\/person\/43fbfb1d4cbe3b472995206b2bb06df5\",\"name\":\"Ana Maria Devides\",\"image\":{\"@type\":\"ImageObject\",\"inLanguage\":\"pt-BR\",\"@id\":\"https:\/\/ninamartinelli.com.br\/blog2\/#\/schema\/person\/image\/\",\"url\":\"https:\/\/secure.gravatar.com\/avatar\/a03a82675d8bb3da8e5c5a6872db97be?s=96&d=mm&r=g\",\"contentUrl\":\"https:\/\/secure.gravatar.com\/avatar\/a03a82675d8bb3da8e5c5a6872db97be?s=96&d=mm&r=g\",\"caption\":\"Ana Maria Devides\"},\"url\":\"https:\/\/ninamartinelli.com.br\/blog2\/author\/assessoria-nina-martinelli\/\"}]}<\/script>\n<!-- \/ Yoast SEO plugin. -->","yoast_head_json":{"title":"Caf\u00e9 Cultura no Parque Dom Pedro Shopping tamb\u00e9m tem o charme do Quadratto Rosso","description":"Caf\u00e9 Cultura, uma das maiores redes de cafeterias do Brasil, tem mais uma loja no Estado de S\u00e3o Paulo com o revestimento cer\u00e2mico da Nina","robots":{"index":"index","follow":"follow","max-snippet":"max-snippet:-1","max-image-preview":"max-image-preview:large","max-video-preview":"max-video-preview:-1"},"canonical":"https:\/\/ninamartinelli.com.br\/blog2\/cafe-cultura-no-parque-dom-pedro-shopping-tambem-tem-o-charme-do-quadratto-rosso\/","og_locale":"pt_BR","og_type":"article","og_title":"Caf\u00e9 Cultura no Parque Dom Pedro Shopping tamb\u00e9m tem o charme do Quadratto Rosso","og_description":"Caf\u00e9 Cultura, uma das maiores redes de cafeterias do Brasil, tem mais uma loja no Estado de S\u00e3o Paulo com o revestimento cer\u00e2mico da Nina","og_url":"https:\/\/ninamartinelli.com.br\/blog2\/cafe-cultura-no-parque-dom-pedro-shopping-tambem-tem-o-charme-do-quadratto-rosso\/","og_site_name":"Blog Nina","article_published_time":"2024-12-18T10:23:02+00:00","og_image":[{"width":1280,"height":960,"url":"https:\/\/ninamartinelli.com.br\/blog2\/wp-content\/uploads\/2024\/12\/Cafe-Cultura-Dom-Pedro-3.jpeg","type":"image\/jpeg"}],"author":"Ana Maria Devides","twitter_card":"summary_large_image","twitter_misc":{"Escrito por":"Ana Maria Devides","Est. tempo de leitura":"2 minutos"},"schema":{"@context":"https:\/\/schema.org","@graph":[{"@type":"Article","@id":"https:\/\/ninamartinelli.com.br\/blog2\/cafe-cultura-no-parque-dom-pedro-shopping-tambem-tem-o-charme-do-quadratto-rosso\/#article","isPartOf":{"@id":"https:\/\/ninamartinelli.com.br\/blog2\/cafe-cultura-no-parque-dom-pedro-shopping-tambem-tem-o-charme-do-quadratto-rosso\/"},"author":{"name":"Ana Maria Devides","@id":"https:\/\/ninamartinelli.com.br\/blog2\/#\/schema\/person\/43fbfb1d4cbe3b472995206b2bb06df5"},"headline":"Caf\u00e9 Cultura no Parque Dom Pedro Shopping tamb\u00e9m tem o charme do Quadratto Rosso","datePublished":"2024-12-18T10:23:02+00:00","mainEntityOfPage":{"@id":"https:\/\/ninamartinelli.com.br\/blog2\/cafe-cultura-no-parque-dom-pedro-shopping-tambem-tem-o-charme-do-quadratto-rosso\/"},"wordCount":329,"commentCount":0,"publisher":{"@id":"https:\/\/ninamartinelli.com.br\/blog2\/#organization"},"image":{"@id":"https:\/\/ninamartinelli.com.br\/blog2\/cafe-cultura-no-parque-dom-pedro-shopping-tambem-tem-o-charme-do-quadratto-rosso\/#primaryimage"},"thumbnailUrl":"https:\/\/ninamartinelli.com.br\/blog2\/wp-content\/uploads\/2024\/12\/Cafe-Cultura-Dom-Pedro-3.jpeg","keywords":["ceramica","Projeto comercial","revestimento","Sustentabilidade"],"articleSection":["Cer\u00e2mica","LAN\u00c7AMENTOS 2024","Nina Martinelli","Revestimentos","Sustentabilidade"],"inLanguage":"pt-BR","potentialAction":[{"@type":"CommentAction","name":"Comment","target":["https:\/\/ninamartinelli.com.br\/blog2\/cafe-cultura-no-parque-dom-pedro-shopping-tambem-tem-o-charme-do-quadratto-rosso\/#respond"]}]},{"@type":"WebPage","@id":"https:\/\/ninamartinelli.com.br\/blog2\/cafe-cultura-no-parque-dom-pedro-shopping-tambem-tem-o-charme-do-quadratto-rosso\/","url":"https:\/\/ninamartinelli.com.br\/blog2\/cafe-cultura-no-parque-dom-pedro-shopping-tambem-tem-o-charme-do-quadratto-rosso\/","name":"Caf\u00e9 Cultura no Parque Dom Pedro Shopping tamb\u00e9m tem o charme do Quadratto Rosso","isPartOf":{"@id":"https:\/\/ninamartinelli.com.br\/blog2\/#website"},"primaryImageOfPage":{"@id":"https:\/\/ninamartinelli.com.br\/blog2\/cafe-cultura-no-parque-dom-pedro-shopping-tambem-tem-o-charme-do-quadratto-rosso\/#primaryimage"},"image":{"@id":"https:\/\/ninamartinelli.com.br\/blog2\/cafe-cultura-no-parque-dom-pedro-shopping-tambem-tem-o-charme-do-quadratto-rosso\/#primaryimage"},"thumbnailUrl":"https:\/\/ninamartinelli.com.br\/blog2\/wp-content\/uploads\/2024\/12\/Cafe-Cultura-Dom-Pedro-3.jpeg","datePublished":"2024-12-18T10:23:02+00:00","description":"Caf\u00e9 Cultura, uma das maiores redes de cafeterias do Brasil, tem mais uma loja no Estado de S\u00e3o Paulo com o revestimento cer\u00e2mico da Nina","breadcrumb":{"@id":"https:\/\/ninamartinelli.com.br\/blog2\/cafe-cultura-no-parque-dom-pedro-shopping-tambem-tem-o-charme-do-quadratto-rosso\/#breadcrumb"},"inLanguage":"pt-BR","potentialAction":[{"@type":"ReadAction","target":["https:\/\/ninamartinelli.com.br\/blog2\/cafe-cultura-no-parque-dom-pedro-shopping-tambem-tem-o-charme-do-quadratto-rosso\/"]}]},{"@type":"ImageObject","inLanguage":"pt-BR","@id":"https:\/\/ninamartinelli.com.br\/blog2\/cafe-cultura-no-parque-dom-pedro-shopping-tambem-tem-o-charme-do-quadratto-rosso\/#primaryimage","url":"https:\/\/ninamartinelli.com.br\/blog2\/wp-content\/uploads\/2024\/12\/Cafe-Cultura-Dom-Pedro-3.jpeg","contentUrl":"https:\/\/ninamartinelli.com.br\/blog2\/wp-content\/uploads\/2024\/12\/Cafe-Cultura-Dom-Pedro-3.jpeg","width":1280,"height":960},{"@type":"BreadcrumbList","@id":"https:\/\/ninamartinelli.com.br\/blog2\/cafe-cultura-no-parque-dom-pedro-shopping-tambem-tem-o-charme-do-quadratto-rosso\/#breadcrumb","itemListElement":[{"@type":"ListItem","position":1,"name":"In\u00edcio","item":"https:\/\/ninamartinelli.com.br\/blog2\/"},{"@type":"ListItem","position":2,"name":"Caf\u00e9 Cultura no Parque Dom Pedro Shopping tamb\u00e9m tem o charme do Quadratto Rosso"}]},{"@type":"WebSite","@id":"https:\/\/ninamartinelli.com.br\/blog2\/#website","url":"https:\/\/ninamartinelli.com.br\/blog2\/","name":"Nina Martinelli","description":"#Nina_Martinelli","publisher":{"@id":"https:\/\/ninamartinelli.com.br\/blog2\/#organization"},"potentialAction":[{"@type":"SearchAction","target":{"@type":"EntryPoint","urlTemplate":"https:\/\/ninamartinelli.com.br\/blog2\/?s={search_term_string}"},"query-input":{"@type":"PropertyValueSpecification","valueRequired":true,"valueName":"search_term_string"}}],"inLanguage":"pt-BR"},{"@type":"Organization","@id":"https:\/\/ninamartinelli.com.br\/blog2\/#organization","name":"Blog Novidades","url":"https:\/\/ninamartinelli.com.br\/blog2\/","logo":{"@type":"ImageObject","inLanguage":"pt-BR","@id":"https:\/\/ninamartinelli.com.br\/blog2\/#\/schema\/logo\/image\/","url":"http:\/\/blog.ninamartinelli.com.br\/wp-content\/uploads\/2022\/03\/logo_nina_blog.png","contentUrl":"http:\/\/blog.ninamartinelli.com.br\/wp-content\/uploads\/2022\/03\/logo_nina_blog.png","width":500,"height":104,"caption":"Blog Novidades"},"image":{"@id":"https:\/\/ninamartinelli.com.br\/blog2\/#\/schema\/logo\/image\/"}},{"@type":"Person","@id":"https:\/\/ninamartinelli.com.br\/blog2\/#\/schema\/person\/43fbfb1d4cbe3b472995206b2bb06df5","name":"Ana Maria Devides","image":{"@type":"ImageObject","inLanguage":"pt-BR","@id":"https:\/\/ninamartinelli.com.br\/blog2\/#\/schema\/person\/image\/","url":"https:\/\/secure.gravatar.com\/avatar\/a03a82675d8bb3da8e5c5a6872db97be?s=96&d=mm&r=g","contentUrl":"https:\/\/secure.gravatar.com\/avatar\/a03a82675d8bb3da8e5c5a6872db97be?s=96&d=mm&r=g","caption":"Ana Maria Devides"},"url":"https:\/\/ninamartinelli.com.br\/blog2\/author\/assessoria-nina-martinelli\/"}]}},"_links":{"self":[{"href":"https:\/\/ninamartinelli.com.br\/blog2\/wp-json\/wp\/v2\/posts\/2587","targetHints":{"allow":["GET"]}}],"collection":[{"href":"https:\/\/ninamartinelli.com.br\/blog2\/wp-json\/wp\/v2\/posts"}],"about":[{"href":"https:\/\/ninamartinelli.com.br\/blog2\/wp-json\/wp\/v2\/types\/post"}],"author":[{"embeddable":true,"href":"https:\/\/ninamartinelli.com.br\/blog2\/wp-json\/wp\/v2\/users\/2"}],"replies":[{"embeddable":true,"href":"https:\/\/ninamartinelli.com.br\/blog2\/wp-json\/wp\/v2\/comments?post=2587"}],"version-history":[{"count":1,"href":"https:\/\/ninamartinelli.com.br\/blog2\/wp-json\/wp\/v2\/posts\/2587\/revisions"}],"predecessor-version":[{"id":2591,"href":"https:\/\/ninamartinelli.com.br\/blog2\/wp-json\/wp\/v2\/posts\/2587\/revisions\/2591"}],"wp:featuredmedia":[{"embeddable":true,"href":"https:\/\/ninamartinelli.com.br\/blog2\/wp-json\/wp\/v2\/media\/2588"}],"wp:attachment":[{"href":"https:\/\/ninamartinelli.com.br\/blog2\/wp-json\/wp\/v2\/media?parent=2587"}],"wp:term":[{"taxonomy":"category","embeddable":true,"href":"https:\/\/ninamartinelli.com.br\/blog2\/wp-json\/wp\/v2\/categories?post=2587"},{"taxonomy":"post_tag","embeddable":true,"href":"https:\/\/ninamartinelli.com.br\/blog2\/wp-json\/wp\/v2\/tags?post=2587"}],"curies":[{"name":"wp","href":"https:\/\/api.w.org\/{rel}","templated":true}]}}