{"id":2580,"date":"2024-12-11T09:45:58","date_gmt":"2024-12-11T12:45:58","guid":{"rendered":"https:\/\/ninamartinelli.com.br\/blog2\/?p=2580"},"modified":"2024-12-11T09:45:58","modified_gmt":"2024-12-11T12:45:58","slug":"rusticidade-e-delicadeza-quadratto-naturalle-grigio-em-area-gourmet-em-itatiba-sp","status":"publish","type":"post","link":"https:\/\/ninamartinelli.com.br\/blog2\/rusticidade-e-delicadeza-quadratto-naturalle-grigio-em-area-gourmet-em-itatiba-sp\/","title":{"rendered":"Rusticidade e delicadeza \u2013 Quadratto Naturalle Grigio em \u00e1rea gourmet em Itatiba-SP"},"content":{"rendered":"<p>Rusticidade e delicadeza \u2013 Os especificadores t\u00eam uma import\u00e2ncia enorme para Nina Martinelli, pois s\u00e3o um elo important\u00edssimo entre a marca, as revendas e os consumidores. T\u00eam uma vis\u00e3o balizada, t\u00e9cnica e sens\u00edvel para, literalmente, especificar produtos que v\u00e3o agregar valor aos projetos de seus clientes.<\/p>\n<p>O que dizer, ent\u00e3o, quando um profissional com tamanha bagagem de conhecimento escolhe nossos produtos para sua pr\u00f3pria casa? Ou para seu escrit\u00f3rio, enfim, para um espa\u00e7o t\u00e3o crucial em sua exist\u00eancia e trajet\u00f3ria?<\/p>\n<p>Hoje trazemos um caso assim, que muito nos encanta: o da casa da arquiteta <a href=\"https:\/\/www.instagram.com\/camilafrarearq\/\">Camila Frare<\/a>, em que ela criou uma \u00e1rea gourmet\/social para receber amigos e fam\u00edlia, e que foi o ponto de partida para o pr\u00f3prio projeto da bela resid\u00eancia, na buc\u00f3lica Itatiba-SP.<\/p>\n<p>Como a fam\u00edlia agora \u00e9 composta por um casal e um beb\u00ea, eles desejavam ambientes amplos e integrados, e que dessem a sensa\u00e7\u00e3o de continuidade entre si, sem cores fortes ou pe\u00e7as enjoativas.<\/p>\n<p>Foi ent\u00e3o que o revestimento Quadratto Naturalle Grigio, da Nina Martinelli, se encaixou perfeitamente. \u201cAp\u00f3s muita pesquisa, encontramos o produto que era exatamente o que busc\u00e1vamos, mesmo sem que soub\u00e9ssemos exatamente o que busc\u00e1vamos\u201d, relembra ela.<\/p>\n<p>Confere beleza, for\u00e7a e naturalidade aos ambientes e com a pagina\u00e7\u00e3o sim\u00e9trica, amplia a sensa\u00e7\u00e3o visual de aspecto org\u00e2nico.<\/p>\n<p>Integrante da Cole\u00e7\u00e3o Simmetria, o revestimento Quadratto Naturalle Grigio \u00e9 um dos lan\u00e7amentos de maior sucesso em 2024 e vem em pe\u00e7as medindo 9x9cm feitas uma a uma, com bordas regulares e superf\u00edcie irregular que remete \u00e0s paredes rochosas ou trilhas de rocha natural.<\/p>\n<p>Com as varia\u00e7\u00f5es de relevos esculpidas pela passagem do tempo ou pela fragmenta\u00e7\u00e3o natural dos elementos, o <a href=\"https:\/\/ninamartinelli.com.br\/produtos\/quadratto-naturalle-grigio-2\/\">Quadratto Naturalle Grigio<\/a> pode ser aplicado tanto em \u00e1reas internas quanto externas, e \u00e9 disponibilizado tamb\u00e9m nos tons Naturalle, Bianco, Rosso, Grigio Escuro, Beige e Beige Mix.<\/p>\n<p>\u201cO revestimento se encaixou perfeitamente nas tonalidades e propostas est\u00e9ticas da casa, al\u00e9m de ter uma excelente rela\u00e7\u00e3o de custo X benef\u00edcio\u201d, diz Camila, que aplicou o produto numa parede de destaque da \u00e1rea gourmet, justamente onde est\u00e3o acomodados pia, churrasqueira, e uma caprichada marcenaria sob medida.<\/p>\n<p>Em frente a essa parede, a arquiteta posicionou uma ilha revestida em granito clarinho, num tamanho confort\u00e1vel, acomodando um cooktop e convidativas banquetas.<\/p>\n<p><img loading=\"lazy\" decoding=\"async\" class=\"alignnone  wp-image-2582\" src=\"https:\/\/ninamartinelli.com.br\/blog2\/wp-content\/uploads\/2024\/12\/Camila-Frare-Quadratto-2-300x225.jpeg\" alt=\"\" width=\"349\" height=\"262\" srcset=\"https:\/\/ninamartinelli.com.br\/blog2\/wp-content\/uploads\/2024\/12\/Camila-Frare-Quadratto-2-300x225.jpeg 300w, https:\/\/ninamartinelli.com.br\/blog2\/wp-content\/uploads\/2024\/12\/Camila-Frare-Quadratto-2-1024x768.jpeg 1024w, https:\/\/ninamartinelli.com.br\/blog2\/wp-content\/uploads\/2024\/12\/Camila-Frare-Quadratto-2-768x576.jpeg 768w, https:\/\/ninamartinelli.com.br\/blog2\/wp-content\/uploads\/2024\/12\/Camila-Frare-Quadratto-2-1536x1152.jpeg 1536w, https:\/\/ninamartinelli.com.br\/blog2\/wp-content\/uploads\/2024\/12\/Camila-Frare-Quadratto-2-2048x1536.jpeg 2048w\" sizes=\"auto, (max-width: 349px) 100vw, 349px\" \/> <img loading=\"lazy\" decoding=\"async\" class=\"alignnone size-medium wp-image-2583\" src=\"https:\/\/ninamartinelli.com.br\/blog2\/wp-content\/uploads\/2024\/12\/Camila-Frare-Quadratto-3-225x300.jpeg\" alt=\"\" width=\"225\" height=\"300\" srcset=\"https:\/\/ninamartinelli.com.br\/blog2\/wp-content\/uploads\/2024\/12\/Camila-Frare-Quadratto-3-225x300.jpeg 225w, https:\/\/ninamartinelli.com.br\/blog2\/wp-content\/uploads\/2024\/12\/Camila-Frare-Quadratto-3-768x1024.jpeg 768w, https:\/\/ninamartinelli.com.br\/blog2\/wp-content\/uploads\/2024\/12\/Camila-Frare-Quadratto-3-1152x1536.jpeg 1152w, https:\/\/ninamartinelli.com.br\/blog2\/wp-content\/uploads\/2024\/12\/Camila-Frare-Quadratto-3-1536x2048.jpeg 1536w, https:\/\/ninamartinelli.com.br\/blog2\/wp-content\/uploads\/2024\/12\/Camila-Frare-Quadratto-3-1024x1365.jpeg 1024w, https:\/\/ninamartinelli.com.br\/blog2\/wp-content\/uploads\/2024\/12\/Camila-Frare-Quadratto-3-scaled.jpeg 1920w\" sizes=\"auto, (max-width: 225px) 100vw, 225px\" \/> <img loading=\"lazy\" decoding=\"async\" class=\"alignnone size-medium wp-image-2584\" src=\"https:\/\/ninamartinelli.com.br\/blog2\/wp-content\/uploads\/2024\/12\/Camila-Frare-Quadratto-4-300x225.jpg\" alt=\"\" width=\"300\" height=\"225\" srcset=\"https:\/\/ninamartinelli.com.br\/blog2\/wp-content\/uploads\/2024\/12\/Camila-Frare-Quadratto-4-300x225.jpg 300w, https:\/\/ninamartinelli.com.br\/blog2\/wp-content\/uploads\/2024\/12\/Camila-Frare-Quadratto-4-1024x768.jpg 1024w, https:\/\/ninamartinelli.com.br\/blog2\/wp-content\/uploads\/2024\/12\/Camila-Frare-Quadratto-4-768x576.jpg 768w, https:\/\/ninamartinelli.com.br\/blog2\/wp-content\/uploads\/2024\/12\/Camila-Frare-Quadratto-4-1536x1152.jpg 1536w, https:\/\/ninamartinelli.com.br\/blog2\/wp-content\/uploads\/2024\/12\/Camila-Frare-Quadratto-4-2048x1536.jpg 2048w\" sizes=\"auto, (max-width: 300px) 100vw, 300px\" \/> <img loading=\"lazy\" decoding=\"async\" class=\"alignnone size-medium wp-image-2585\" src=\"https:\/\/ninamartinelli.com.br\/blog2\/wp-content\/uploads\/2024\/12\/Camila-Frare-Quadratto-5-300x225.jpeg\" alt=\"\" width=\"300\" height=\"225\" srcset=\"https:\/\/ninamartinelli.com.br\/blog2\/wp-content\/uploads\/2024\/12\/Camila-Frare-Quadratto-5-300x225.jpeg 300w, https:\/\/ninamartinelli.com.br\/blog2\/wp-content\/uploads\/2024\/12\/Camila-Frare-Quadratto-5-1024x768.jpeg 1024w, https:\/\/ninamartinelli.com.br\/blog2\/wp-content\/uploads\/2024\/12\/Camila-Frare-Quadratto-5-768x576.jpeg 768w, https:\/\/ninamartinelli.com.br\/blog2\/wp-content\/uploads\/2024\/12\/Camila-Frare-Quadratto-5-1536x1152.jpeg 1536w, https:\/\/ninamartinelli.com.br\/blog2\/wp-content\/uploads\/2024\/12\/Camila-Frare-Quadratto-5-2048x1536.jpeg 2048w\" sizes=\"auto, (max-width: 300px) 100vw, 300px\" \/><\/p>\n<p>O conjunto \u00e9 complementado com muita leveza por um piso em porcelanato fosco e uma ilumina\u00e7\u00e3o cuidadosa e quente, que mescla pontos embutidos e charmosos pendentes em corda n\u00e1utica, com l\u00e2mpadas de filamento aparente. \u201cO resultado \u00e9 apaixonante\u201d, diz a arquiteta.<\/p>\n<p>Um case de sucesso que evidencia, sem d\u00favida, a qualidade e a autenticidade dos produtos Nina Martinelli e que muito nos orgulha por, agora, compor o cen\u00e1rio onde a fam\u00edlia da arquiteta ter\u00e1, com certeza, muitos \u00f3timos momentos.<\/p>\n<p><strong>\u00a0<\/strong><\/p>\n<p><strong>Servi\u00e7o: <\/strong><\/p>\n<p><strong>Rusticidade e delicadeza<\/strong><\/p>\n<p><strong>Produto:<\/strong> Quadratto Naturalle Grigio \u2013 9x9cm<\/p>\n<p><strong>Projeto: <\/strong>Camila Frare Arquitetura e Interiores<\/p>\n<p><strong>Instagram:<\/strong> @camilafrarearq<\/p>\n<p><strong>Imagens: <\/strong>Autorais, do acervo da pr\u00f3pria arquiteta<\/p>\n<p>&nbsp;<\/p>\n","protected":false},"excerpt":{"rendered":"<p>Rusticidade e delicadeza \u2013 Os especificadores t\u00eam uma import\u00e2ncia enorme para Nina Martinelli, pois s\u00e3o<\/p>\n","protected":false},"author":2,"featured_media":2581,"comment_status":"open","ping_status":"open","sticky":false,"template":"","format":"standard","meta":{"footnotes":""},"categories":[165,1,26],"tags":[39,115,46,131],"class_list":["post-2580","post","type-post","status-publish","format-standard","has-post-thumbnail","hentry","category-lancamentos-2024","category-nina-martinelli","category-revestimentos","tag-area-externa","tag-area-gourmet","tag-revestimento","tag-sustentabilidade"],"yoast_head":"<!-- This site is optimized with the Yoast SEO plugin v26.8 - https:\/\/yoast.com\/product\/yoast-seo-wordpress\/ -->\n<title>Rusticidade e delicadeza \u2013 Quadratto Naturalle Grigio em \u00e1rea gourmet em Itatiba-SP<\/title>\n<meta name=\"description\" content=\"Rusticidade e delicadeza conquistadas com escolhas inteligentes da arquiteta para a \u00e1rea gourmet da pr\u00f3pria casa, venha ver!\" \/>\n<meta name=\"robots\" content=\"index, follow, max-snippet:-1, max-image-preview:large, max-video-preview:-1\" \/>\n<link rel=\"canonical\" href=\"https:\/\/ninamartinelli.com.br\/blog2\/rusticidade-e-delicadeza-quadratto-naturalle-grigio-em-area-gourmet-em-itatiba-sp\/\" \/>\n<meta property=\"og:locale\" content=\"pt_BR\" \/>\n<meta property=\"og:type\" content=\"article\" \/>\n<meta property=\"og:title\" content=\"Rusticidade e delicadeza \u2013 Quadratto Naturalle Grigio em \u00e1rea gourmet em Itatiba-SP\" \/>\n<meta property=\"og:description\" content=\"Rusticidade e delicadeza conquistadas com escolhas inteligentes da arquiteta para a \u00e1rea gourmet da pr\u00f3pria casa, venha ver!\" \/>\n<meta property=\"og:url\" content=\"https:\/\/ninamartinelli.com.br\/blog2\/rusticidade-e-delicadeza-quadratto-naturalle-grigio-em-area-gourmet-em-itatiba-sp\/\" \/>\n<meta property=\"og:site_name\" content=\"Blog Nina\" \/>\n<meta property=\"article:published_time\" content=\"2024-12-11T12:45:58+00:00\" \/>\n<meta property=\"og:image\" content=\"https:\/\/ninamartinelli.com.br\/blog2\/wp-content\/uploads\/2024\/12\/Camila-Frare-Quadratto-1-scaled.jpeg\" \/>\n\t<meta property=\"og:image:width\" content=\"2560\" \/>\n\t<meta property=\"og:image:height\" content=\"1920\" \/>\n\t<meta property=\"og:image:type\" content=\"image\/jpeg\" \/>\n<meta name=\"author\" content=\"Ana Maria Devides\" \/>\n<meta name=\"twitter:card\" content=\"summary_large_image\" \/>\n<meta name=\"twitter:label1\" content=\"Escrito por\" \/>\n\t<meta name=\"twitter:data1\" content=\"Ana Maria Devides\" \/>\n\t<meta name=\"twitter:label2\" content=\"Est. tempo de leitura\" \/>\n\t<meta name=\"twitter:data2\" content=\"4 minutos\" \/>\n<script type=\"application\/ld+json\" class=\"yoast-schema-graph\">{\"@context\":\"https:\/\/schema.org\",\"@graph\":[{\"@type\":\"Article\",\"@id\":\"https:\/\/ninamartinelli.com.br\/blog2\/rusticidade-e-delicadeza-quadratto-naturalle-grigio-em-area-gourmet-em-itatiba-sp\/#article\",\"isPartOf\":{\"@id\":\"https:\/\/ninamartinelli.com.br\/blog2\/rusticidade-e-delicadeza-quadratto-naturalle-grigio-em-area-gourmet-em-itatiba-sp\/\"},\"author\":{\"name\":\"Ana Maria Devides\",\"@id\":\"https:\/\/ninamartinelli.com.br\/blog2\/#\/schema\/person\/43fbfb1d4cbe3b472995206b2bb06df5\"},\"headline\":\"Rusticidade e delicadeza \u2013 Quadratto Naturalle Grigio em \u00e1rea gourmet em Itatiba-SP\",\"datePublished\":\"2024-12-11T12:45:58+00:00\",\"mainEntityOfPage\":{\"@id\":\"https:\/\/ninamartinelli.com.br\/blog2\/rusticidade-e-delicadeza-quadratto-naturalle-grigio-em-area-gourmet-em-itatiba-sp\/\"},\"wordCount\":536,\"commentCount\":0,\"publisher\":{\"@id\":\"https:\/\/ninamartinelli.com.br\/blog2\/#organization\"},\"image\":{\"@id\":\"https:\/\/ninamartinelli.com.br\/blog2\/rusticidade-e-delicadeza-quadratto-naturalle-grigio-em-area-gourmet-em-itatiba-sp\/#primaryimage\"},\"thumbnailUrl\":\"https:\/\/ninamartinelli.com.br\/blog2\/wp-content\/uploads\/2024\/12\/Camila-Frare-Quadratto-1-scaled.jpeg\",\"keywords\":[\"area externa\",\"area gourmet\",\"revestimento\",\"Sustentabilidade\"],\"articleSection\":[\"LAN\u00c7AMENTOS 2024\",\"Nina Martinelli\",\"Revestimentos\"],\"inLanguage\":\"pt-BR\",\"potentialAction\":[{\"@type\":\"CommentAction\",\"name\":\"Comment\",\"target\":[\"https:\/\/ninamartinelli.com.br\/blog2\/rusticidade-e-delicadeza-quadratto-naturalle-grigio-em-area-gourmet-em-itatiba-sp\/#respond\"]}]},{\"@type\":\"WebPage\",\"@id\":\"https:\/\/ninamartinelli.com.br\/blog2\/rusticidade-e-delicadeza-quadratto-naturalle-grigio-em-area-gourmet-em-itatiba-sp\/\",\"url\":\"https:\/\/ninamartinelli.com.br\/blog2\/rusticidade-e-delicadeza-quadratto-naturalle-grigio-em-area-gourmet-em-itatiba-sp\/\",\"name\":\"Rusticidade e delicadeza \u2013 Quadratto Naturalle Grigio em \u00e1rea gourmet em Itatiba-SP\",\"isPartOf\":{\"@id\":\"https:\/\/ninamartinelli.com.br\/blog2\/#website\"},\"primaryImageOfPage\":{\"@id\":\"https:\/\/ninamartinelli.com.br\/blog2\/rusticidade-e-delicadeza-quadratto-naturalle-grigio-em-area-gourmet-em-itatiba-sp\/#primaryimage\"},\"image\":{\"@id\":\"https:\/\/ninamartinelli.com.br\/blog2\/rusticidade-e-delicadeza-quadratto-naturalle-grigio-em-area-gourmet-em-itatiba-sp\/#primaryimage\"},\"thumbnailUrl\":\"https:\/\/ninamartinelli.com.br\/blog2\/wp-content\/uploads\/2024\/12\/Camila-Frare-Quadratto-1-scaled.jpeg\",\"datePublished\":\"2024-12-11T12:45:58+00:00\",\"description\":\"Rusticidade e delicadeza conquistadas com escolhas inteligentes da arquiteta para a \u00e1rea gourmet da pr\u00f3pria casa, venha ver!\",\"breadcrumb\":{\"@id\":\"https:\/\/ninamartinelli.com.br\/blog2\/rusticidade-e-delicadeza-quadratto-naturalle-grigio-em-area-gourmet-em-itatiba-sp\/#breadcrumb\"},\"inLanguage\":\"pt-BR\",\"potentialAction\":[{\"@type\":\"ReadAction\",\"target\":[\"https:\/\/ninamartinelli.com.br\/blog2\/rusticidade-e-delicadeza-quadratto-naturalle-grigio-em-area-gourmet-em-itatiba-sp\/\"]}]},{\"@type\":\"ImageObject\",\"inLanguage\":\"pt-BR\",\"@id\":\"https:\/\/ninamartinelli.com.br\/blog2\/rusticidade-e-delicadeza-quadratto-naturalle-grigio-em-area-gourmet-em-itatiba-sp\/#primaryimage\",\"url\":\"https:\/\/ninamartinelli.com.br\/blog2\/wp-content\/uploads\/2024\/12\/Camila-Frare-Quadratto-1-scaled.jpeg\",\"contentUrl\":\"https:\/\/ninamartinelli.com.br\/blog2\/wp-content\/uploads\/2024\/12\/Camila-Frare-Quadratto-1-scaled.jpeg\",\"width\":2560,\"height\":1920},{\"@type\":\"BreadcrumbList\",\"@id\":\"https:\/\/ninamartinelli.com.br\/blog2\/rusticidade-e-delicadeza-quadratto-naturalle-grigio-em-area-gourmet-em-itatiba-sp\/#breadcrumb\",\"itemListElement\":[{\"@type\":\"ListItem\",\"position\":1,\"name\":\"In\u00edcio\",\"item\":\"https:\/\/ninamartinelli.com.br\/blog2\/\"},{\"@type\":\"ListItem\",\"position\":2,\"name\":\"Rusticidade e delicadeza \u2013 Quadratto Naturalle Grigio em \u00e1rea gourmet em Itatiba-SP\"}]},{\"@type\":\"WebSite\",\"@id\":\"https:\/\/ninamartinelli.com.br\/blog2\/#website\",\"url\":\"https:\/\/ninamartinelli.com.br\/blog2\/\",\"name\":\"Nina Martinelli\",\"description\":\"#Nina_Martinelli\",\"publisher\":{\"@id\":\"https:\/\/ninamartinelli.com.br\/blog2\/#organization\"},\"potentialAction\":[{\"@type\":\"SearchAction\",\"target\":{\"@type\":\"EntryPoint\",\"urlTemplate\":\"https:\/\/ninamartinelli.com.br\/blog2\/?s={search_term_string}\"},\"query-input\":{\"@type\":\"PropertyValueSpecification\",\"valueRequired\":true,\"valueName\":\"search_term_string\"}}],\"inLanguage\":\"pt-BR\"},{\"@type\":\"Organization\",\"@id\":\"https:\/\/ninamartinelli.com.br\/blog2\/#organization\",\"name\":\"Blog Novidades\",\"url\":\"https:\/\/ninamartinelli.com.br\/blog2\/\",\"logo\":{\"@type\":\"ImageObject\",\"inLanguage\":\"pt-BR\",\"@id\":\"https:\/\/ninamartinelli.com.br\/blog2\/#\/schema\/logo\/image\/\",\"url\":\"http:\/\/blog.ninamartinelli.com.br\/wp-content\/uploads\/2022\/03\/logo_nina_blog.png\",\"contentUrl\":\"http:\/\/blog.ninamartinelli.com.br\/wp-content\/uploads\/2022\/03\/logo_nina_blog.png\",\"width\":500,\"height\":104,\"caption\":\"Blog Novidades\"},\"image\":{\"@id\":\"https:\/\/ninamartinelli.com.br\/blog2\/#\/schema\/logo\/image\/\"}},{\"@type\":\"Person\",\"@id\":\"https:\/\/ninamartinelli.com.br\/blog2\/#\/schema\/person\/43fbfb1d4cbe3b472995206b2bb06df5\",\"name\":\"Ana Maria Devides\",\"image\":{\"@type\":\"ImageObject\",\"inLanguage\":\"pt-BR\",\"@id\":\"https:\/\/ninamartinelli.com.br\/blog2\/#\/schema\/person\/image\/\",\"url\":\"https:\/\/secure.gravatar.com\/avatar\/a03a82675d8bb3da8e5c5a6872db97be?s=96&d=mm&r=g\",\"contentUrl\":\"https:\/\/secure.gravatar.com\/avatar\/a03a82675d8bb3da8e5c5a6872db97be?s=96&d=mm&r=g\",\"caption\":\"Ana Maria Devides\"},\"url\":\"https:\/\/ninamartinelli.com.br\/blog2\/author\/assessoria-nina-martinelli\/\"}]}<\/script>\n<!-- \/ Yoast SEO plugin. -->","yoast_head_json":{"title":"Rusticidade e delicadeza \u2013 Quadratto Naturalle Grigio em \u00e1rea gourmet em Itatiba-SP","description":"Rusticidade e delicadeza conquistadas com escolhas inteligentes da arquiteta para a \u00e1rea gourmet da pr\u00f3pria casa, venha ver!","robots":{"index":"index","follow":"follow","max-snippet":"max-snippet:-1","max-image-preview":"max-image-preview:large","max-video-preview":"max-video-preview:-1"},"canonical":"https:\/\/ninamartinelli.com.br\/blog2\/rusticidade-e-delicadeza-quadratto-naturalle-grigio-em-area-gourmet-em-itatiba-sp\/","og_locale":"pt_BR","og_type":"article","og_title":"Rusticidade e delicadeza \u2013 Quadratto Naturalle Grigio em \u00e1rea gourmet em Itatiba-SP","og_description":"Rusticidade e delicadeza conquistadas com escolhas inteligentes da arquiteta para a \u00e1rea gourmet da pr\u00f3pria casa, venha ver!","og_url":"https:\/\/ninamartinelli.com.br\/blog2\/rusticidade-e-delicadeza-quadratto-naturalle-grigio-em-area-gourmet-em-itatiba-sp\/","og_site_name":"Blog Nina","article_published_time":"2024-12-11T12:45:58+00:00","og_image":[{"width":2560,"height":1920,"url":"https:\/\/ninamartinelli.com.br\/blog2\/wp-content\/uploads\/2024\/12\/Camila-Frare-Quadratto-1-scaled.jpeg","type":"image\/jpeg"}],"author":"Ana Maria Devides","twitter_card":"summary_large_image","twitter_misc":{"Escrito por":"Ana Maria Devides","Est. tempo de leitura":"4 minutos"},"schema":{"@context":"https:\/\/schema.org","@graph":[{"@type":"Article","@id":"https:\/\/ninamartinelli.com.br\/blog2\/rusticidade-e-delicadeza-quadratto-naturalle-grigio-em-area-gourmet-em-itatiba-sp\/#article","isPartOf":{"@id":"https:\/\/ninamartinelli.com.br\/blog2\/rusticidade-e-delicadeza-quadratto-naturalle-grigio-em-area-gourmet-em-itatiba-sp\/"},"author":{"name":"Ana Maria Devides","@id":"https:\/\/ninamartinelli.com.br\/blog2\/#\/schema\/person\/43fbfb1d4cbe3b472995206b2bb06df5"},"headline":"Rusticidade e delicadeza \u2013 Quadratto Naturalle Grigio em \u00e1rea gourmet em Itatiba-SP","datePublished":"2024-12-11T12:45:58+00:00","mainEntityOfPage":{"@id":"https:\/\/ninamartinelli.com.br\/blog2\/rusticidade-e-delicadeza-quadratto-naturalle-grigio-em-area-gourmet-em-itatiba-sp\/"},"wordCount":536,"commentCount":0,"publisher":{"@id":"https:\/\/ninamartinelli.com.br\/blog2\/#organization"},"image":{"@id":"https:\/\/ninamartinelli.com.br\/blog2\/rusticidade-e-delicadeza-quadratto-naturalle-grigio-em-area-gourmet-em-itatiba-sp\/#primaryimage"},"thumbnailUrl":"https:\/\/ninamartinelli.com.br\/blog2\/wp-content\/uploads\/2024\/12\/Camila-Frare-Quadratto-1-scaled.jpeg","keywords":["area externa","area gourmet","revestimento","Sustentabilidade"],"articleSection":["LAN\u00c7AMENTOS 2024","Nina Martinelli","Revestimentos"],"inLanguage":"pt-BR","potentialAction":[{"@type":"CommentAction","name":"Comment","target":["https:\/\/ninamartinelli.com.br\/blog2\/rusticidade-e-delicadeza-quadratto-naturalle-grigio-em-area-gourmet-em-itatiba-sp\/#respond"]}]},{"@type":"WebPage","@id":"https:\/\/ninamartinelli.com.br\/blog2\/rusticidade-e-delicadeza-quadratto-naturalle-grigio-em-area-gourmet-em-itatiba-sp\/","url":"https:\/\/ninamartinelli.com.br\/blog2\/rusticidade-e-delicadeza-quadratto-naturalle-grigio-em-area-gourmet-em-itatiba-sp\/","name":"Rusticidade e delicadeza \u2013 Quadratto Naturalle Grigio em \u00e1rea gourmet em Itatiba-SP","isPartOf":{"@id":"https:\/\/ninamartinelli.com.br\/blog2\/#website"},"primaryImageOfPage":{"@id":"https:\/\/ninamartinelli.com.br\/blog2\/rusticidade-e-delicadeza-quadratto-naturalle-grigio-em-area-gourmet-em-itatiba-sp\/#primaryimage"},"image":{"@id":"https:\/\/ninamartinelli.com.br\/blog2\/rusticidade-e-delicadeza-quadratto-naturalle-grigio-em-area-gourmet-em-itatiba-sp\/#primaryimage"},"thumbnailUrl":"https:\/\/ninamartinelli.com.br\/blog2\/wp-content\/uploads\/2024\/12\/Camila-Frare-Quadratto-1-scaled.jpeg","datePublished":"2024-12-11T12:45:58+00:00","description":"Rusticidade e delicadeza conquistadas com escolhas inteligentes da arquiteta para a \u00e1rea gourmet da pr\u00f3pria casa, venha ver!","breadcrumb":{"@id":"https:\/\/ninamartinelli.com.br\/blog2\/rusticidade-e-delicadeza-quadratto-naturalle-grigio-em-area-gourmet-em-itatiba-sp\/#breadcrumb"},"inLanguage":"pt-BR","potentialAction":[{"@type":"ReadAction","target":["https:\/\/ninamartinelli.com.br\/blog2\/rusticidade-e-delicadeza-quadratto-naturalle-grigio-em-area-gourmet-em-itatiba-sp\/"]}]},{"@type":"ImageObject","inLanguage":"pt-BR","@id":"https:\/\/ninamartinelli.com.br\/blog2\/rusticidade-e-delicadeza-quadratto-naturalle-grigio-em-area-gourmet-em-itatiba-sp\/#primaryimage","url":"https:\/\/ninamartinelli.com.br\/blog2\/wp-content\/uploads\/2024\/12\/Camila-Frare-Quadratto-1-scaled.jpeg","contentUrl":"https:\/\/ninamartinelli.com.br\/blog2\/wp-content\/uploads\/2024\/12\/Camila-Frare-Quadratto-1-scaled.jpeg","width":2560,"height":1920},{"@type":"BreadcrumbList","@id":"https:\/\/ninamartinelli.com.br\/blog2\/rusticidade-e-delicadeza-quadratto-naturalle-grigio-em-area-gourmet-em-itatiba-sp\/#breadcrumb","itemListElement":[{"@type":"ListItem","position":1,"name":"In\u00edcio","item":"https:\/\/ninamartinelli.com.br\/blog2\/"},{"@type":"ListItem","position":2,"name":"Rusticidade e delicadeza \u2013 Quadratto Naturalle Grigio em \u00e1rea gourmet em Itatiba-SP"}]},{"@type":"WebSite","@id":"https:\/\/ninamartinelli.com.br\/blog2\/#website","url":"https:\/\/ninamartinelli.com.br\/blog2\/","name":"Nina Martinelli","description":"#Nina_Martinelli","publisher":{"@id":"https:\/\/ninamartinelli.com.br\/blog2\/#organization"},"potentialAction":[{"@type":"SearchAction","target":{"@type":"EntryPoint","urlTemplate":"https:\/\/ninamartinelli.com.br\/blog2\/?s={search_term_string}"},"query-input":{"@type":"PropertyValueSpecification","valueRequired":true,"valueName":"search_term_string"}}],"inLanguage":"pt-BR"},{"@type":"Organization","@id":"https:\/\/ninamartinelli.com.br\/blog2\/#organization","name":"Blog Novidades","url":"https:\/\/ninamartinelli.com.br\/blog2\/","logo":{"@type":"ImageObject","inLanguage":"pt-BR","@id":"https:\/\/ninamartinelli.com.br\/blog2\/#\/schema\/logo\/image\/","url":"http:\/\/blog.ninamartinelli.com.br\/wp-content\/uploads\/2022\/03\/logo_nina_blog.png","contentUrl":"http:\/\/blog.ninamartinelli.com.br\/wp-content\/uploads\/2022\/03\/logo_nina_blog.png","width":500,"height":104,"caption":"Blog Novidades"},"image":{"@id":"https:\/\/ninamartinelli.com.br\/blog2\/#\/schema\/logo\/image\/"}},{"@type":"Person","@id":"https:\/\/ninamartinelli.com.br\/blog2\/#\/schema\/person\/43fbfb1d4cbe3b472995206b2bb06df5","name":"Ana Maria Devides","image":{"@type":"ImageObject","inLanguage":"pt-BR","@id":"https:\/\/ninamartinelli.com.br\/blog2\/#\/schema\/person\/image\/","url":"https:\/\/secure.gravatar.com\/avatar\/a03a82675d8bb3da8e5c5a6872db97be?s=96&d=mm&r=g","contentUrl":"https:\/\/secure.gravatar.com\/avatar\/a03a82675d8bb3da8e5c5a6872db97be?s=96&d=mm&r=g","caption":"Ana Maria Devides"},"url":"https:\/\/ninamartinelli.com.br\/blog2\/author\/assessoria-nina-martinelli\/"}]}},"_links":{"self":[{"href":"https:\/\/ninamartinelli.com.br\/blog2\/wp-json\/wp\/v2\/posts\/2580","targetHints":{"allow":["GET"]}}],"collection":[{"href":"https:\/\/ninamartinelli.com.br\/blog2\/wp-json\/wp\/v2\/posts"}],"about":[{"href":"https:\/\/ninamartinelli.com.br\/blog2\/wp-json\/wp\/v2\/types\/post"}],"author":[{"embeddable":true,"href":"https:\/\/ninamartinelli.com.br\/blog2\/wp-json\/wp\/v2\/users\/2"}],"replies":[{"embeddable":true,"href":"https:\/\/ninamartinelli.com.br\/blog2\/wp-json\/wp\/v2\/comments?post=2580"}],"version-history":[{"count":1,"href":"https:\/\/ninamartinelli.com.br\/blog2\/wp-json\/wp\/v2\/posts\/2580\/revisions"}],"predecessor-version":[{"id":2586,"href":"https:\/\/ninamartinelli.com.br\/blog2\/wp-json\/wp\/v2\/posts\/2580\/revisions\/2586"}],"wp:featuredmedia":[{"embeddable":true,"href":"https:\/\/ninamartinelli.com.br\/blog2\/wp-json\/wp\/v2\/media\/2581"}],"wp:attachment":[{"href":"https:\/\/ninamartinelli.com.br\/blog2\/wp-json\/wp\/v2\/media?parent=2580"}],"wp:term":[{"taxonomy":"category","embeddable":true,"href":"https:\/\/ninamartinelli.com.br\/blog2\/wp-json\/wp\/v2\/categories?post=2580"},{"taxonomy":"post_tag","embeddable":true,"href":"https:\/\/ninamartinelli.com.br\/blog2\/wp-json\/wp\/v2\/tags?post=2580"}],"curies":[{"name":"wp","href":"https:\/\/api.w.org\/{rel}","templated":true}]}}