{"id":2558,"date":"2024-11-27T09:52:10","date_gmt":"2024-11-27T12:52:10","guid":{"rendered":"https:\/\/ninamartinelli.com.br\/blog2\/?p=2558"},"modified":"2024-11-27T09:52:10","modified_gmt":"2024-11-27T12:52:10","slug":"cafe-cultura-nova-unidade-em-sao-paulo-tem-o-charme-da-ceramica-quadratto-rosso","status":"publish","type":"post","link":"https:\/\/ninamartinelli.com.br\/blog2\/cafe-cultura-nova-unidade-em-sao-paulo-tem-o-charme-da-ceramica-quadratto-rosso\/","title":{"rendered":"Caf\u00e9 Cultura \u2013 nova unidade em S\u00e3o Paulo tem o charme da cer\u00e2mica Quadratto Rosso"},"content":{"rendered":"<p>Caf\u00e9 Cultura, uma das maiores franquias de cafeteria do Brasil, acaba de desembarcar em S\u00e3o Paulo, capital, num charmoso endere\u00e7o em <a href=\"https:\/\/capital.sp.gov.br\/busca?start=10&amp;q=Moema&amp;news=\">Moema<\/a>, trazendo seus diferenciais que s\u00e3o caf\u00e9s especiais e uma \u00f3tima gastronomia.<\/p>\n<p>Num imponente im\u00f3vel de esquina, com uma imponente fachada de vidro, o Caf\u00e9 Cultura agora na vers\u00e3o paulistana oferece um ambiente moderno e ao mesmo tempo, muito aconchegante e convidativo.<\/p>\n<p>Entre muitos m\u00f3veis com design contempor\u00e2neo, muita madeira e lumin\u00e1rias estilizadas envoltas em sacas de caf\u00e9, com plantas bem escolhidas acrescentando o verde ao ambiente, est\u00e1 o revestimento <a href=\"https:\/\/ninamartinelli.com.br\/produtos\/quadratto-rosso-2\/\">Quadratto Rosso<\/a>, da Nina Martinelli.<\/p>\n<p>Ele foi aplicado em \u00e1reas nos balc\u00f5es de atendimento e tamb\u00e9m no expositor das del\u00edcias que o Caf\u00e9 Cultura oferece para acompanhar os caf\u00e9s mais especiais.<\/p>\n<p>A cer\u00e2mica natural r\u00fastica cria um belo contraste com o piso claro, os m\u00f3veis em madeira e ferragens pretas, a ilumina\u00e7\u00e3o e o paisagismo.<\/p>\n<p><img loading=\"lazy\" decoding=\"async\" class=\" wp-image-2561 alignright\" src=\"https:\/\/ninamartinelli.com.br\/blog2\/wp-content\/uploads\/2024\/11\/cafe-cultura-sp-3-300x294.jpeg\" alt=\"\" width=\"314\" height=\"308\" srcset=\"https:\/\/ninamartinelli.com.br\/blog2\/wp-content\/uploads\/2024\/11\/cafe-cultura-sp-3-300x294.jpeg 300w, https:\/\/ninamartinelli.com.br\/blog2\/wp-content\/uploads\/2024\/11\/cafe-cultura-sp-3-1024x1003.jpeg 1024w, https:\/\/ninamartinelli.com.br\/blog2\/wp-content\/uploads\/2024\/11\/cafe-cultura-sp-3-768x752.jpeg 768w, https:\/\/ninamartinelli.com.br\/blog2\/wp-content\/uploads\/2024\/11\/cafe-cultura-sp-3-50x50.jpeg 50w, https:\/\/ninamartinelli.com.br\/blog2\/wp-content\/uploads\/2024\/11\/cafe-cultura-sp-3.jpeg 1080w\" sizes=\"auto, (max-width: 314px) 100vw, 314px\" \/><\/p>\n<p>Integrante da Cole\u00e7\u00e3o Simmetria, lan\u00e7ada em 2024 pela Nina Martinelli, e um dos modelos que mais fez sucesso na Revestir deste ano, o Quadratto Rosso \u00e9 apresentado em pe\u00e7as quadradas 7x7cm, dispostas em telas 28x28cm.<\/p>\n<p>O modelo explora a nobreza, a ancestralidade e a brasilidade da cer\u00e2mica natural, agregada com materiais reciclados. \u00c9 disponibilizado pela Nina tamb\u00e9m em v\u00e1rias outras vers\u00f5es de acabamento, textura e tons, sempre em cer\u00e2mica natural.<\/p>\n<p>O projeto da loja \u00e9 de responsabilidade do escrit\u00f3rio Be Espa\u00e7os Arquitet\u00f4nicos, de Florian\u00f3polis, Santa Catarina, ber\u00e7o da rede de cafeterias.<\/p>\n<p>O Caf\u00e9 Cultura tamb\u00e9m conta com loja em Campinas-SP e Piracicaba-SP e pretende se expandir ainda mais em terras paulistas.<\/p>\n<p><strong>Servi\u00e7o: <\/strong><\/p>\n<p><strong>Caf\u00e9 Cultura\u00a0 &#8211; Moema, S\u00e3o Paulo, Capital<\/strong><\/p>\n<p><strong>Produto:<\/strong> Quadratto Rosso 7x7cm em telas de 28x28cm<\/p>\n<p><strong>Projeto: Be Espa\u00e7os Arquitet\u00f4nicos<\/strong><\/p>\n<p><strong>Constru\u00e7\u00e3o<\/strong>: Construtora Fepan<\/p>\n<p><strong>Imagem<\/strong>: Divulga\u00e7\u00e3o\/Construtora Fepan<\/p>\n","protected":false},"excerpt":{"rendered":"<p>Caf\u00e9 Cultura, uma das maiores franquias de cafeteria do Brasil, acaba de desembarcar em S\u00e3o<\/p>\n","protected":false},"author":2,"featured_media":2559,"comment_status":"open","ping_status":"open","sticky":false,"template":"","format":"standard","meta":{"footnotes":""},"categories":[59,165,1,26,129],"tags":[45,100,37,131],"class_list":["post-2558","post","type-post","status-publish","format-standard","has-post-thumbnail","hentry","category-ceramica","category-lancamentos-2024","category-nina-martinelli","category-revestimentos","category-sustentabilidade","tag-ceramica","tag-lancamentos","tag-parede","tag-sustentabilidade"],"yoast_head":"<!-- This site is optimized with the Yoast SEO plugin v26.8 - https:\/\/yoast.com\/product\/yoast-seo-wordpress\/ -->\n<title>Caf\u00e9 Cultura \u2013 nova unidade em S\u00e3o Paulo tem o charme da cer\u00e2mica Quadratto Rosso<\/title>\n<meta name=\"description\" content=\"Caf\u00e9 Cultura, uma das maiores redes de cafeteria do Brasil, expande sua presen\u00e7a no estado de S\u00e3o Paulo com linda loja em Moema, capital\" \/>\n<meta name=\"robots\" content=\"index, follow, max-snippet:-1, max-image-preview:large, max-video-preview:-1\" \/>\n<link rel=\"canonical\" href=\"https:\/\/ninamartinelli.com.br\/blog2\/cafe-cultura-nova-unidade-em-sao-paulo-tem-o-charme-da-ceramica-quadratto-rosso\/\" \/>\n<meta property=\"og:locale\" content=\"pt_BR\" \/>\n<meta property=\"og:type\" content=\"article\" \/>\n<meta property=\"og:title\" content=\"Caf\u00e9 Cultura \u2013 nova unidade em S\u00e3o Paulo tem o charme da cer\u00e2mica Quadratto Rosso\" \/>\n<meta property=\"og:description\" content=\"Caf\u00e9 Cultura, uma das maiores redes de cafeteria do Brasil, expande sua presen\u00e7a no estado de S\u00e3o Paulo com linda loja em Moema, capital\" \/>\n<meta property=\"og:url\" content=\"https:\/\/ninamartinelli.com.br\/blog2\/cafe-cultura-nova-unidade-em-sao-paulo-tem-o-charme-da-ceramica-quadratto-rosso\/\" \/>\n<meta property=\"og:site_name\" content=\"Blog Nina\" \/>\n<meta property=\"article:published_time\" content=\"2024-11-27T12:52:10+00:00\" \/>\n<meta property=\"og:image\" content=\"https:\/\/ninamartinelli.com.br\/blog2\/wp-content\/uploads\/2024\/11\/cafe-cultura-sp-4.jpeg\" \/>\n\t<meta property=\"og:image:width\" content=\"1080\" \/>\n\t<meta property=\"og:image:height\" content=\"1030\" \/>\n\t<meta property=\"og:image:type\" content=\"image\/jpeg\" \/>\n<meta name=\"author\" content=\"Ana Maria Devides\" \/>\n<meta name=\"twitter:card\" content=\"summary_large_image\" \/>\n<meta name=\"twitter:label1\" content=\"Escrito por\" \/>\n\t<meta name=\"twitter:data1\" content=\"Ana Maria Devides\" \/>\n\t<meta name=\"twitter:label2\" content=\"Est. tempo de leitura\" \/>\n\t<meta name=\"twitter:data2\" content=\"2 minutos\" \/>\n<script type=\"application\/ld+json\" class=\"yoast-schema-graph\">{\"@context\":\"https:\/\/schema.org\",\"@graph\":[{\"@type\":\"Article\",\"@id\":\"https:\/\/ninamartinelli.com.br\/blog2\/cafe-cultura-nova-unidade-em-sao-paulo-tem-o-charme-da-ceramica-quadratto-rosso\/#article\",\"isPartOf\":{\"@id\":\"https:\/\/ninamartinelli.com.br\/blog2\/cafe-cultura-nova-unidade-em-sao-paulo-tem-o-charme-da-ceramica-quadratto-rosso\/\"},\"author\":{\"name\":\"Ana Maria Devides\",\"@id\":\"https:\/\/ninamartinelli.com.br\/blog2\/#\/schema\/person\/43fbfb1d4cbe3b472995206b2bb06df5\"},\"headline\":\"Caf\u00e9 Cultura \u2013 nova unidade em S\u00e3o Paulo tem o charme da cer\u00e2mica Quadratto Rosso\",\"datePublished\":\"2024-11-27T12:52:10+00:00\",\"mainEntityOfPage\":{\"@id\":\"https:\/\/ninamartinelli.com.br\/blog2\/cafe-cultura-nova-unidade-em-sao-paulo-tem-o-charme-da-ceramica-quadratto-rosso\/\"},\"wordCount\":337,\"commentCount\":0,\"publisher\":{\"@id\":\"https:\/\/ninamartinelli.com.br\/blog2\/#organization\"},\"image\":{\"@id\":\"https:\/\/ninamartinelli.com.br\/blog2\/cafe-cultura-nova-unidade-em-sao-paulo-tem-o-charme-da-ceramica-quadratto-rosso\/#primaryimage\"},\"thumbnailUrl\":\"https:\/\/ninamartinelli.com.br\/blog2\/wp-content\/uploads\/2024\/11\/cafe-cultura-sp-4.jpeg\",\"keywords\":[\"ceramica\",\"lan\u00e7amentos\",\"parede\",\"Sustentabilidade\"],\"articleSection\":[\"Cer\u00e2mica\",\"LAN\u00c7AMENTOS 2024\",\"Nina Martinelli\",\"Revestimentos\",\"Sustentabilidade\"],\"inLanguage\":\"pt-BR\",\"potentialAction\":[{\"@type\":\"CommentAction\",\"name\":\"Comment\",\"target\":[\"https:\/\/ninamartinelli.com.br\/blog2\/cafe-cultura-nova-unidade-em-sao-paulo-tem-o-charme-da-ceramica-quadratto-rosso\/#respond\"]}]},{\"@type\":\"WebPage\",\"@id\":\"https:\/\/ninamartinelli.com.br\/blog2\/cafe-cultura-nova-unidade-em-sao-paulo-tem-o-charme-da-ceramica-quadratto-rosso\/\",\"url\":\"https:\/\/ninamartinelli.com.br\/blog2\/cafe-cultura-nova-unidade-em-sao-paulo-tem-o-charme-da-ceramica-quadratto-rosso\/\",\"name\":\"Caf\u00e9 Cultura \u2013 nova unidade em S\u00e3o Paulo tem o charme da cer\u00e2mica Quadratto Rosso\",\"isPartOf\":{\"@id\":\"https:\/\/ninamartinelli.com.br\/blog2\/#website\"},\"primaryImageOfPage\":{\"@id\":\"https:\/\/ninamartinelli.com.br\/blog2\/cafe-cultura-nova-unidade-em-sao-paulo-tem-o-charme-da-ceramica-quadratto-rosso\/#primaryimage\"},\"image\":{\"@id\":\"https:\/\/ninamartinelli.com.br\/blog2\/cafe-cultura-nova-unidade-em-sao-paulo-tem-o-charme-da-ceramica-quadratto-rosso\/#primaryimage\"},\"thumbnailUrl\":\"https:\/\/ninamartinelli.com.br\/blog2\/wp-content\/uploads\/2024\/11\/cafe-cultura-sp-4.jpeg\",\"datePublished\":\"2024-11-27T12:52:10+00:00\",\"description\":\"Caf\u00e9 Cultura, uma das maiores redes de cafeteria do Brasil, expande sua presen\u00e7a no estado de S\u00e3o Paulo com linda loja em Moema, capital\",\"breadcrumb\":{\"@id\":\"https:\/\/ninamartinelli.com.br\/blog2\/cafe-cultura-nova-unidade-em-sao-paulo-tem-o-charme-da-ceramica-quadratto-rosso\/#breadcrumb\"},\"inLanguage\":\"pt-BR\",\"potentialAction\":[{\"@type\":\"ReadAction\",\"target\":[\"https:\/\/ninamartinelli.com.br\/blog2\/cafe-cultura-nova-unidade-em-sao-paulo-tem-o-charme-da-ceramica-quadratto-rosso\/\"]}]},{\"@type\":\"ImageObject\",\"inLanguage\":\"pt-BR\",\"@id\":\"https:\/\/ninamartinelli.com.br\/blog2\/cafe-cultura-nova-unidade-em-sao-paulo-tem-o-charme-da-ceramica-quadratto-rosso\/#primaryimage\",\"url\":\"https:\/\/ninamartinelli.com.br\/blog2\/wp-content\/uploads\/2024\/11\/cafe-cultura-sp-4.jpeg\",\"contentUrl\":\"https:\/\/ninamartinelli.com.br\/blog2\/wp-content\/uploads\/2024\/11\/cafe-cultura-sp-4.jpeg\",\"width\":1080,\"height\":1030},{\"@type\":\"BreadcrumbList\",\"@id\":\"https:\/\/ninamartinelli.com.br\/blog2\/cafe-cultura-nova-unidade-em-sao-paulo-tem-o-charme-da-ceramica-quadratto-rosso\/#breadcrumb\",\"itemListElement\":[{\"@type\":\"ListItem\",\"position\":1,\"name\":\"In\u00edcio\",\"item\":\"https:\/\/ninamartinelli.com.br\/blog2\/\"},{\"@type\":\"ListItem\",\"position\":2,\"name\":\"Caf\u00e9 Cultura \u2013 nova unidade em S\u00e3o Paulo tem o charme da cer\u00e2mica Quadratto Rosso\"}]},{\"@type\":\"WebSite\",\"@id\":\"https:\/\/ninamartinelli.com.br\/blog2\/#website\",\"url\":\"https:\/\/ninamartinelli.com.br\/blog2\/\",\"name\":\"Nina Martinelli\",\"description\":\"#Nina_Martinelli\",\"publisher\":{\"@id\":\"https:\/\/ninamartinelli.com.br\/blog2\/#organization\"},\"potentialAction\":[{\"@type\":\"SearchAction\",\"target\":{\"@type\":\"EntryPoint\",\"urlTemplate\":\"https:\/\/ninamartinelli.com.br\/blog2\/?s={search_term_string}\"},\"query-input\":{\"@type\":\"PropertyValueSpecification\",\"valueRequired\":true,\"valueName\":\"search_term_string\"}}],\"inLanguage\":\"pt-BR\"},{\"@type\":\"Organization\",\"@id\":\"https:\/\/ninamartinelli.com.br\/blog2\/#organization\",\"name\":\"Blog Novidades\",\"url\":\"https:\/\/ninamartinelli.com.br\/blog2\/\",\"logo\":{\"@type\":\"ImageObject\",\"inLanguage\":\"pt-BR\",\"@id\":\"https:\/\/ninamartinelli.com.br\/blog2\/#\/schema\/logo\/image\/\",\"url\":\"http:\/\/blog.ninamartinelli.com.br\/wp-content\/uploads\/2022\/03\/logo_nina_blog.png\",\"contentUrl\":\"http:\/\/blog.ninamartinelli.com.br\/wp-content\/uploads\/2022\/03\/logo_nina_blog.png\",\"width\":500,\"height\":104,\"caption\":\"Blog Novidades\"},\"image\":{\"@id\":\"https:\/\/ninamartinelli.com.br\/blog2\/#\/schema\/logo\/image\/\"}},{\"@type\":\"Person\",\"@id\":\"https:\/\/ninamartinelli.com.br\/blog2\/#\/schema\/person\/43fbfb1d4cbe3b472995206b2bb06df5\",\"name\":\"Ana Maria Devides\",\"image\":{\"@type\":\"ImageObject\",\"inLanguage\":\"pt-BR\",\"@id\":\"https:\/\/ninamartinelli.com.br\/blog2\/#\/schema\/person\/image\/\",\"url\":\"https:\/\/secure.gravatar.com\/avatar\/a03a82675d8bb3da8e5c5a6872db97be?s=96&d=mm&r=g\",\"contentUrl\":\"https:\/\/secure.gravatar.com\/avatar\/a03a82675d8bb3da8e5c5a6872db97be?s=96&d=mm&r=g\",\"caption\":\"Ana Maria Devides\"},\"url\":\"https:\/\/ninamartinelli.com.br\/blog2\/author\/assessoria-nina-martinelli\/\"}]}<\/script>\n<!-- \/ Yoast SEO plugin. -->","yoast_head_json":{"title":"Caf\u00e9 Cultura \u2013 nova unidade em S\u00e3o Paulo tem o charme da cer\u00e2mica Quadratto Rosso","description":"Caf\u00e9 Cultura, uma das maiores redes de cafeteria do Brasil, expande sua presen\u00e7a no estado de S\u00e3o Paulo com linda loja em Moema, capital","robots":{"index":"index","follow":"follow","max-snippet":"max-snippet:-1","max-image-preview":"max-image-preview:large","max-video-preview":"max-video-preview:-1"},"canonical":"https:\/\/ninamartinelli.com.br\/blog2\/cafe-cultura-nova-unidade-em-sao-paulo-tem-o-charme-da-ceramica-quadratto-rosso\/","og_locale":"pt_BR","og_type":"article","og_title":"Caf\u00e9 Cultura \u2013 nova unidade em S\u00e3o Paulo tem o charme da cer\u00e2mica Quadratto Rosso","og_description":"Caf\u00e9 Cultura, uma das maiores redes de cafeteria do Brasil, expande sua presen\u00e7a no estado de S\u00e3o Paulo com linda loja em Moema, capital","og_url":"https:\/\/ninamartinelli.com.br\/blog2\/cafe-cultura-nova-unidade-em-sao-paulo-tem-o-charme-da-ceramica-quadratto-rosso\/","og_site_name":"Blog Nina","article_published_time":"2024-11-27T12:52:10+00:00","og_image":[{"width":1080,"height":1030,"url":"https:\/\/ninamartinelli.com.br\/blog2\/wp-content\/uploads\/2024\/11\/cafe-cultura-sp-4.jpeg","type":"image\/jpeg"}],"author":"Ana Maria Devides","twitter_card":"summary_large_image","twitter_misc":{"Escrito por":"Ana Maria Devides","Est. tempo de leitura":"2 minutos"},"schema":{"@context":"https:\/\/schema.org","@graph":[{"@type":"Article","@id":"https:\/\/ninamartinelli.com.br\/blog2\/cafe-cultura-nova-unidade-em-sao-paulo-tem-o-charme-da-ceramica-quadratto-rosso\/#article","isPartOf":{"@id":"https:\/\/ninamartinelli.com.br\/blog2\/cafe-cultura-nova-unidade-em-sao-paulo-tem-o-charme-da-ceramica-quadratto-rosso\/"},"author":{"name":"Ana Maria Devides","@id":"https:\/\/ninamartinelli.com.br\/blog2\/#\/schema\/person\/43fbfb1d4cbe3b472995206b2bb06df5"},"headline":"Caf\u00e9 Cultura \u2013 nova unidade em S\u00e3o Paulo tem o charme da cer\u00e2mica Quadratto Rosso","datePublished":"2024-11-27T12:52:10+00:00","mainEntityOfPage":{"@id":"https:\/\/ninamartinelli.com.br\/blog2\/cafe-cultura-nova-unidade-em-sao-paulo-tem-o-charme-da-ceramica-quadratto-rosso\/"},"wordCount":337,"commentCount":0,"publisher":{"@id":"https:\/\/ninamartinelli.com.br\/blog2\/#organization"},"image":{"@id":"https:\/\/ninamartinelli.com.br\/blog2\/cafe-cultura-nova-unidade-em-sao-paulo-tem-o-charme-da-ceramica-quadratto-rosso\/#primaryimage"},"thumbnailUrl":"https:\/\/ninamartinelli.com.br\/blog2\/wp-content\/uploads\/2024\/11\/cafe-cultura-sp-4.jpeg","keywords":["ceramica","lan\u00e7amentos","parede","Sustentabilidade"],"articleSection":["Cer\u00e2mica","LAN\u00c7AMENTOS 2024","Nina Martinelli","Revestimentos","Sustentabilidade"],"inLanguage":"pt-BR","potentialAction":[{"@type":"CommentAction","name":"Comment","target":["https:\/\/ninamartinelli.com.br\/blog2\/cafe-cultura-nova-unidade-em-sao-paulo-tem-o-charme-da-ceramica-quadratto-rosso\/#respond"]}]},{"@type":"WebPage","@id":"https:\/\/ninamartinelli.com.br\/blog2\/cafe-cultura-nova-unidade-em-sao-paulo-tem-o-charme-da-ceramica-quadratto-rosso\/","url":"https:\/\/ninamartinelli.com.br\/blog2\/cafe-cultura-nova-unidade-em-sao-paulo-tem-o-charme-da-ceramica-quadratto-rosso\/","name":"Caf\u00e9 Cultura \u2013 nova unidade em S\u00e3o Paulo tem o charme da cer\u00e2mica Quadratto Rosso","isPartOf":{"@id":"https:\/\/ninamartinelli.com.br\/blog2\/#website"},"primaryImageOfPage":{"@id":"https:\/\/ninamartinelli.com.br\/blog2\/cafe-cultura-nova-unidade-em-sao-paulo-tem-o-charme-da-ceramica-quadratto-rosso\/#primaryimage"},"image":{"@id":"https:\/\/ninamartinelli.com.br\/blog2\/cafe-cultura-nova-unidade-em-sao-paulo-tem-o-charme-da-ceramica-quadratto-rosso\/#primaryimage"},"thumbnailUrl":"https:\/\/ninamartinelli.com.br\/blog2\/wp-content\/uploads\/2024\/11\/cafe-cultura-sp-4.jpeg","datePublished":"2024-11-27T12:52:10+00:00","description":"Caf\u00e9 Cultura, uma das maiores redes de cafeteria do Brasil, expande sua presen\u00e7a no estado de S\u00e3o Paulo com linda loja em Moema, capital","breadcrumb":{"@id":"https:\/\/ninamartinelli.com.br\/blog2\/cafe-cultura-nova-unidade-em-sao-paulo-tem-o-charme-da-ceramica-quadratto-rosso\/#breadcrumb"},"inLanguage":"pt-BR","potentialAction":[{"@type":"ReadAction","target":["https:\/\/ninamartinelli.com.br\/blog2\/cafe-cultura-nova-unidade-em-sao-paulo-tem-o-charme-da-ceramica-quadratto-rosso\/"]}]},{"@type":"ImageObject","inLanguage":"pt-BR","@id":"https:\/\/ninamartinelli.com.br\/blog2\/cafe-cultura-nova-unidade-em-sao-paulo-tem-o-charme-da-ceramica-quadratto-rosso\/#primaryimage","url":"https:\/\/ninamartinelli.com.br\/blog2\/wp-content\/uploads\/2024\/11\/cafe-cultura-sp-4.jpeg","contentUrl":"https:\/\/ninamartinelli.com.br\/blog2\/wp-content\/uploads\/2024\/11\/cafe-cultura-sp-4.jpeg","width":1080,"height":1030},{"@type":"BreadcrumbList","@id":"https:\/\/ninamartinelli.com.br\/blog2\/cafe-cultura-nova-unidade-em-sao-paulo-tem-o-charme-da-ceramica-quadratto-rosso\/#breadcrumb","itemListElement":[{"@type":"ListItem","position":1,"name":"In\u00edcio","item":"https:\/\/ninamartinelli.com.br\/blog2\/"},{"@type":"ListItem","position":2,"name":"Caf\u00e9 Cultura \u2013 nova unidade em S\u00e3o Paulo tem o charme da cer\u00e2mica Quadratto Rosso"}]},{"@type":"WebSite","@id":"https:\/\/ninamartinelli.com.br\/blog2\/#website","url":"https:\/\/ninamartinelli.com.br\/blog2\/","name":"Nina Martinelli","description":"#Nina_Martinelli","publisher":{"@id":"https:\/\/ninamartinelli.com.br\/blog2\/#organization"},"potentialAction":[{"@type":"SearchAction","target":{"@type":"EntryPoint","urlTemplate":"https:\/\/ninamartinelli.com.br\/blog2\/?s={search_term_string}"},"query-input":{"@type":"PropertyValueSpecification","valueRequired":true,"valueName":"search_term_string"}}],"inLanguage":"pt-BR"},{"@type":"Organization","@id":"https:\/\/ninamartinelli.com.br\/blog2\/#organization","name":"Blog Novidades","url":"https:\/\/ninamartinelli.com.br\/blog2\/","logo":{"@type":"ImageObject","inLanguage":"pt-BR","@id":"https:\/\/ninamartinelli.com.br\/blog2\/#\/schema\/logo\/image\/","url":"http:\/\/blog.ninamartinelli.com.br\/wp-content\/uploads\/2022\/03\/logo_nina_blog.png","contentUrl":"http:\/\/blog.ninamartinelli.com.br\/wp-content\/uploads\/2022\/03\/logo_nina_blog.png","width":500,"height":104,"caption":"Blog Novidades"},"image":{"@id":"https:\/\/ninamartinelli.com.br\/blog2\/#\/schema\/logo\/image\/"}},{"@type":"Person","@id":"https:\/\/ninamartinelli.com.br\/blog2\/#\/schema\/person\/43fbfb1d4cbe3b472995206b2bb06df5","name":"Ana Maria Devides","image":{"@type":"ImageObject","inLanguage":"pt-BR","@id":"https:\/\/ninamartinelli.com.br\/blog2\/#\/schema\/person\/image\/","url":"https:\/\/secure.gravatar.com\/avatar\/a03a82675d8bb3da8e5c5a6872db97be?s=96&d=mm&r=g","contentUrl":"https:\/\/secure.gravatar.com\/avatar\/a03a82675d8bb3da8e5c5a6872db97be?s=96&d=mm&r=g","caption":"Ana Maria Devides"},"url":"https:\/\/ninamartinelli.com.br\/blog2\/author\/assessoria-nina-martinelli\/"}]}},"_links":{"self":[{"href":"https:\/\/ninamartinelli.com.br\/blog2\/wp-json\/wp\/v2\/posts\/2558","targetHints":{"allow":["GET"]}}],"collection":[{"href":"https:\/\/ninamartinelli.com.br\/blog2\/wp-json\/wp\/v2\/posts"}],"about":[{"href":"https:\/\/ninamartinelli.com.br\/blog2\/wp-json\/wp\/v2\/types\/post"}],"author":[{"embeddable":true,"href":"https:\/\/ninamartinelli.com.br\/blog2\/wp-json\/wp\/v2\/users\/2"}],"replies":[{"embeddable":true,"href":"https:\/\/ninamartinelli.com.br\/blog2\/wp-json\/wp\/v2\/comments?post=2558"}],"version-history":[{"count":1,"href":"https:\/\/ninamartinelli.com.br\/blog2\/wp-json\/wp\/v2\/posts\/2558\/revisions"}],"predecessor-version":[{"id":2562,"href":"https:\/\/ninamartinelli.com.br\/blog2\/wp-json\/wp\/v2\/posts\/2558\/revisions\/2562"}],"wp:featuredmedia":[{"embeddable":true,"href":"https:\/\/ninamartinelli.com.br\/blog2\/wp-json\/wp\/v2\/media\/2559"}],"wp:attachment":[{"href":"https:\/\/ninamartinelli.com.br\/blog2\/wp-json\/wp\/v2\/media?parent=2558"}],"wp:term":[{"taxonomy":"category","embeddable":true,"href":"https:\/\/ninamartinelli.com.br\/blog2\/wp-json\/wp\/v2\/categories?post=2558"},{"taxonomy":"post_tag","embeddable":true,"href":"https:\/\/ninamartinelli.com.br\/blog2\/wp-json\/wp\/v2\/tags?post=2558"}],"curies":[{"name":"wp","href":"https:\/\/api.w.org\/{rel}","templated":true}]}}