{"id":2493,"date":"2024-09-25T10:16:32","date_gmt":"2024-09-25T13:16:32","guid":{"rendered":"https:\/\/ninamartinelli.com.br\/blog2\/?p=2493"},"modified":"2024-09-25T10:16:32","modified_gmt":"2024-09-25T13:16:32","slug":"casacor-ribeirao-preto-2024-o-cafe-que-convida-ao-relax-com-quadratto-devon","status":"publish","type":"post","link":"https:\/\/ninamartinelli.com.br\/blog2\/casacor-ribeirao-preto-2024-o-cafe-que-convida-ao-relax-com-quadratto-devon\/","title":{"rendered":"CASACOR Ribeir\u00e3o Preto 2024 \u2013 O caf\u00e9 que convida ao \u2018relax\u2019 com Quadratto Devon"},"content":{"rendered":"<p>CASACOR Ribeir\u00e3o Preto 2024 \u2013 No dicion\u00e1rio Oxford, <em>Dolce far Niente<\/em>, uma express\u00e3o italiana muito popular \u00e9 traduzido como o \u201c\u00f3cio prazeroso e relaxante\u201d. H\u00e1 outras literaturas que v\u00e3o al\u00e9m na tradu\u00e7\u00e3o expressando-a em portugu\u00eas como \u201ca doce indol\u00eancia\u201d ou ao \u201cdoce prazer de n\u00e3o fazer nada\u201d.<\/p>\n<p>Seja como for, a arquiteta <a href=\"https:\/\/www.instagram.com\/lauratomioarquiteta\/\">Laura Tomio<\/a>, uma das renomadas profissionais que assinam um ambiente na <a href=\"https:\/\/casacor.abril.com.br\/mostras\/ribeirao-preto\/\">CASACOR Ribeir\u00e3o Preto 2024<\/a>, se apossou dessa express\u00e3o para criar o conceito do Caf\u00e9 Stories, um espa\u00e7o funcional nesta que \u00e9 uma das mais prestigiadas mostras do setor no Sudeste do Brasil.<\/p>\n<p>Laura desenvolveu o conceito criando um ambiente que convida os frequentadores a relaxar, a se deixar ficar no espa\u00e7o saboreando um delicioso caf\u00e9, cookies e outros quitutes, e apreciando o momento presente, em meio a m\u00f3veis, materiais e elementos de acabamento e decorativos que favorecem essa conex\u00e3o com o \u2018agora\u2019.<\/p>\n<p>Al\u00e9m de uma marcenaria primorosa, de uma coluna central decorada com arte rupestre, de uma ilumina\u00e7\u00e3o feita com muito crit\u00e9rio, Laura se preocupou em delimitar, mas manter a integra\u00e7\u00e3o do espa\u00e7o com uma floreira toda revestida com o <a href=\"https:\/\/ninamartinelli.com.br\/produtos\/quadratto-devon-2\/\">Quadratto Devon<\/a>, da Nina Martinelli Pisos e Revestimentos.<\/p>\n<p><img loading=\"lazy\" decoding=\"async\" class=\"alignnone  wp-image-2496\" src=\"https:\/\/ninamartinelli.com.br\/blog2\/wp-content\/uploads\/2024\/09\/Quadratto-Devon-Laura-3-225x300.jpeg\" alt=\"\" width=\"288\" height=\"384\" srcset=\"https:\/\/ninamartinelli.com.br\/blog2\/wp-content\/uploads\/2024\/09\/Quadratto-Devon-Laura-3-225x300.jpeg 225w, https:\/\/ninamartinelli.com.br\/blog2\/wp-content\/uploads\/2024\/09\/Quadratto-Devon-Laura-3.jpeg 384w\" sizes=\"auto, (max-width: 288px) 100vw, 288px\" \/> <img loading=\"lazy\" decoding=\"async\" class=\"alignnone  wp-image-2497\" src=\"https:\/\/ninamartinelli.com.br\/blog2\/wp-content\/uploads\/2024\/09\/Quadratto-Devon-Laura-7-225x300.jpeg\" alt=\"\" width=\"287\" height=\"383\" srcset=\"https:\/\/ninamartinelli.com.br\/blog2\/wp-content\/uploads\/2024\/09\/Quadratto-Devon-Laura-7-225x300.jpeg 225w, https:\/\/ninamartinelli.com.br\/blog2\/wp-content\/uploads\/2024\/09\/Quadratto-Devon-Laura-7.jpeg 384w\" sizes=\"auto, (max-width: 287px) 100vw, 287px\" \/><\/p>\n<p><img loading=\"lazy\" decoding=\"async\" class=\"alignnone  wp-image-2498\" src=\"https:\/\/ninamartinelli.com.br\/blog2\/wp-content\/uploads\/2024\/09\/Quadratto-Devon-Laura-5-300x225.jpeg\" alt=\"\" width=\"327\" height=\"245\" srcset=\"https:\/\/ninamartinelli.com.br\/blog2\/wp-content\/uploads\/2024\/09\/Quadratto-Devon-Laura-5-300x225.jpeg 300w, https:\/\/ninamartinelli.com.br\/blog2\/wp-content\/uploads\/2024\/09\/Quadratto-Devon-Laura-5.jpeg 512w\" sizes=\"auto, (max-width: 327px) 100vw, 327px\" \/> <img loading=\"lazy\" decoding=\"async\" class=\"alignnone  wp-image-2499\" src=\"https:\/\/ninamartinelli.com.br\/blog2\/wp-content\/uploads\/2024\/09\/Quadratto-Devon-Laura-4-225x300.jpeg\" alt=\"\" width=\"243\" height=\"324\" srcset=\"https:\/\/ninamartinelli.com.br\/blog2\/wp-content\/uploads\/2024\/09\/Quadratto-Devon-Laura-4-225x300.jpeg 225w, https:\/\/ninamartinelli.com.br\/blog2\/wp-content\/uploads\/2024\/09\/Quadratto-Devon-Laura-4.jpeg 384w\" sizes=\"auto, (max-width: 243px) 100vw, 243px\" \/><\/p>\n<p>O modelo est\u00e1 entre os lan\u00e7amentos da Nina este ano, privilegiando formatos que exploram a simetria e o Quadratto Devon, como o pr\u00f3prio nome denota, vem em pe\u00e7as quadradas dispostas em telas medindo 26x26cm, valendo-se da ancestralidade e da brasilidade da cer\u00e2mica natural.<\/p>\n<p>O toque agrad\u00e1vel e o visual despojado, al\u00e9m da sustentabilidade, s\u00e3o assegurados pelos materiais reciclados que s\u00e3o agregados \u00e0 mistura para a produ\u00e7\u00e3o do Quadratto Devon. O modelo pode ser aplicado em ambientes internos ou externos, com muita praticidade.<\/p>\n<p>No ambiente criado por Laura, seu tom predominantemente claro estabeleceu um di\u00e1logo vibrante mas ao mesmo tempo harm\u00f4nico com o verde profundo das plantas escolhidas por <a href=\"https:\/\/www.instagram.com\/alexandretazinaffo\/\">Alexandre Tazinaffo<\/a> para criar um paisagismo tropical.<\/p>\n<p>A CASACOR Ribeir\u00e3o Preto 2024 come\u00e7ou em agosto e a visita\u00e7\u00e3o pode ser feita at\u00e9 dia 20 de outubro. A mostra, que \u00e9 das mais consagradas do segmento na regi\u00e3o Sudeste do Brasil, est\u00e1 abrigada este ano num ic\u00f4nico im\u00f3vel dos anos 1970<strong>, <\/strong>assinado pelo arquiteto Jo\u00e3o Barreto e pelo engenheiro Francisco Segnini.<\/p>\n<p>Com 2500m<sup>2 <\/sup>de \u00e1rea total e 1200 m<sup>2<\/sup> de \u00e1rea constru\u00edda, muito bem localizada no bairro Ribeir\u00e2nea.<\/p>\n<p><strong>Servi\u00e7o<\/strong><\/p>\n<p><strong>CASACOR Ribeir\u00e3o Preto 2024<\/strong> \u2013 at\u00e9 20 de outubro de 2024<\/p>\n<p><strong>Ambiente<\/strong> \u2013 Caf\u00e9 Stories<\/p>\n<p><strong>Produto: <\/strong>Quadratto Devon 26&#215;26<\/p>\n<p><strong>Projeto:<\/strong> Laura Tomio<\/p>\n<p><strong>Telefone-WhatsApp:<\/strong> (16) 99763-5010<\/p>\n<p><strong>Instagram:<\/strong> @lauratomioarquiteta<\/p>\n<p><strong>Imagens:<\/strong> Divulga\u00e7\u00e3o<\/p>\n<p><strong>Av. Cost\u00e1bile Romano, 931 &#8211; Ribeir\u00e2nia, Ribeir\u00e3o Preto <\/strong><\/p>\n<p><strong>Mais informa\u00e7\u00f5es: https:\/\/casacor.abril.com.br\/mostras\/ribeirao-preto\/<\/strong><\/p>\n<p>&nbsp;<\/p>\n","protected":false},"excerpt":{"rendered":"<p>CASACOR Ribeir\u00e3o Preto 2024 \u2013 No dicion\u00e1rio Oxford, Dolce far Niente, uma express\u00e3o italiana muito<\/p>\n","protected":false},"author":2,"featured_media":2494,"comment_status":"open","ping_status":"open","sticky":false,"template":"","format":"standard","meta":{"footnotes":""},"categories":[27,59,165,19,1,26,129],"tags":[130,100,37,46,131],"class_list":["post-2493","post","type-post","status-publish","format-standard","has-post-thumbnail","hentry","category-casa-cor","category-ceramica","category-lancamentos-2024","category-mostras-e-eventos","category-nina-martinelli","category-revestimentos","category-sustentabilidade","tag-casa-cor-ribeirao-preto","tag-lancamentos","tag-parede","tag-revestimento","tag-sustentabilidade"],"yoast_head":"<!-- This site is optimized with the Yoast SEO plugin v26.8 - https:\/\/yoast.com\/product\/yoast-seo-wordpress\/ -->\n<title>CASACOR Ribeir\u00e3o Preto 2024 \u2013 O caf\u00e9 que convida ao \u2018relax\u2019 com Quadratto Devon<\/title>\n<meta name=\"description\" content=\"CASACOR Ribeir\u00e3o Preto 2024 - Um convite ao relaxamento, \u00e0 conex\u00e3o e aprecia\u00e7\u00e3o do momento presente, no Caf\u00e9 Stories com Quadratto Devon\" \/>\n<meta name=\"robots\" content=\"index, follow, max-snippet:-1, max-image-preview:large, max-video-preview:-1\" \/>\n<link rel=\"canonical\" href=\"https:\/\/ninamartinelli.com.br\/blog2\/casacor-ribeirao-preto-2024-o-cafe-que-convida-ao-relax-com-quadratto-devon\/\" \/>\n<meta property=\"og:locale\" content=\"pt_BR\" \/>\n<meta property=\"og:type\" content=\"article\" \/>\n<meta property=\"og:title\" content=\"CASACOR Ribeir\u00e3o Preto 2024 \u2013 O caf\u00e9 que convida ao \u2018relax\u2019 com Quadratto Devon\" \/>\n<meta property=\"og:description\" content=\"CASACOR Ribeir\u00e3o Preto 2024 - Um convite ao relaxamento, \u00e0 conex\u00e3o e aprecia\u00e7\u00e3o do momento presente, no Caf\u00e9 Stories com Quadratto Devon\" \/>\n<meta property=\"og:url\" content=\"https:\/\/ninamartinelli.com.br\/blog2\/casacor-ribeirao-preto-2024-o-cafe-que-convida-ao-relax-com-quadratto-devon\/\" \/>\n<meta property=\"og:site_name\" content=\"Blog Nina\" \/>\n<meta property=\"article:published_time\" content=\"2024-09-25T13:16:32+00:00\" \/>\n<meta property=\"og:image\" content=\"https:\/\/ninamartinelli.com.br\/blog2\/wp-content\/uploads\/2024\/09\/Quadratto-Devon-Laura-1.jpeg\" \/>\n\t<meta property=\"og:image:width\" content=\"384\" \/>\n\t<meta property=\"og:image:height\" content=\"512\" \/>\n\t<meta property=\"og:image:type\" content=\"image\/jpeg\" \/>\n<meta name=\"author\" content=\"Ana Maria Devides\" \/>\n<meta name=\"twitter:card\" content=\"summary_large_image\" \/>\n<meta name=\"twitter:label1\" content=\"Escrito por\" \/>\n\t<meta name=\"twitter:data1\" content=\"Ana Maria Devides\" \/>\n\t<meta name=\"twitter:label2\" content=\"Est. tempo de leitura\" \/>\n\t<meta name=\"twitter:data2\" content=\"4 minutos\" \/>\n<script type=\"application\/ld+json\" class=\"yoast-schema-graph\">{\"@context\":\"https:\/\/schema.org\",\"@graph\":[{\"@type\":\"Article\",\"@id\":\"https:\/\/ninamartinelli.com.br\/blog2\/casacor-ribeirao-preto-2024-o-cafe-que-convida-ao-relax-com-quadratto-devon\/#article\",\"isPartOf\":{\"@id\":\"https:\/\/ninamartinelli.com.br\/blog2\/casacor-ribeirao-preto-2024-o-cafe-que-convida-ao-relax-com-quadratto-devon\/\"},\"author\":{\"name\":\"Ana Maria Devides\",\"@id\":\"https:\/\/ninamartinelli.com.br\/blog2\/#\/schema\/person\/43fbfb1d4cbe3b472995206b2bb06df5\"},\"headline\":\"CASACOR Ribeir\u00e3o Preto 2024 \u2013 O caf\u00e9 que convida ao \u2018relax\u2019 com Quadratto Devon\",\"datePublished\":\"2024-09-25T13:16:32+00:00\",\"mainEntityOfPage\":{\"@id\":\"https:\/\/ninamartinelli.com.br\/blog2\/casacor-ribeirao-preto-2024-o-cafe-que-convida-ao-relax-com-quadratto-devon\/\"},\"wordCount\":467,\"commentCount\":0,\"publisher\":{\"@id\":\"https:\/\/ninamartinelli.com.br\/blog2\/#organization\"},\"image\":{\"@id\":\"https:\/\/ninamartinelli.com.br\/blog2\/casacor-ribeirao-preto-2024-o-cafe-que-convida-ao-relax-com-quadratto-devon\/#primaryimage\"},\"thumbnailUrl\":\"https:\/\/ninamartinelli.com.br\/blog2\/wp-content\/uploads\/2024\/09\/Quadratto-Devon-Laura-1.jpeg\",\"keywords\":[\"Casa Cor Ribeir\u00e3o Preto\",\"lan\u00e7amentos\",\"parede\",\"revestimento\",\"Sustentabilidade\"],\"articleSection\":[\"CASA COR\",\"Cer\u00e2mica\",\"LAN\u00c7AMENTOS 2024\",\"Mostras e Eventos\",\"Nina Martinelli\",\"Revestimentos\",\"Sustentabilidade\"],\"inLanguage\":\"pt-BR\",\"potentialAction\":[{\"@type\":\"CommentAction\",\"name\":\"Comment\",\"target\":[\"https:\/\/ninamartinelli.com.br\/blog2\/casacor-ribeirao-preto-2024-o-cafe-que-convida-ao-relax-com-quadratto-devon\/#respond\"]}]},{\"@type\":\"WebPage\",\"@id\":\"https:\/\/ninamartinelli.com.br\/blog2\/casacor-ribeirao-preto-2024-o-cafe-que-convida-ao-relax-com-quadratto-devon\/\",\"url\":\"https:\/\/ninamartinelli.com.br\/blog2\/casacor-ribeirao-preto-2024-o-cafe-que-convida-ao-relax-com-quadratto-devon\/\",\"name\":\"CASACOR Ribeir\u00e3o Preto 2024 \u2013 O caf\u00e9 que convida ao \u2018relax\u2019 com Quadratto Devon\",\"isPartOf\":{\"@id\":\"https:\/\/ninamartinelli.com.br\/blog2\/#website\"},\"primaryImageOfPage\":{\"@id\":\"https:\/\/ninamartinelli.com.br\/blog2\/casacor-ribeirao-preto-2024-o-cafe-que-convida-ao-relax-com-quadratto-devon\/#primaryimage\"},\"image\":{\"@id\":\"https:\/\/ninamartinelli.com.br\/blog2\/casacor-ribeirao-preto-2024-o-cafe-que-convida-ao-relax-com-quadratto-devon\/#primaryimage\"},\"thumbnailUrl\":\"https:\/\/ninamartinelli.com.br\/blog2\/wp-content\/uploads\/2024\/09\/Quadratto-Devon-Laura-1.jpeg\",\"datePublished\":\"2024-09-25T13:16:32+00:00\",\"description\":\"CASACOR Ribeir\u00e3o Preto 2024 - Um convite ao relaxamento, \u00e0 conex\u00e3o e aprecia\u00e7\u00e3o do momento presente, no Caf\u00e9 Stories com Quadratto Devon\",\"breadcrumb\":{\"@id\":\"https:\/\/ninamartinelli.com.br\/blog2\/casacor-ribeirao-preto-2024-o-cafe-que-convida-ao-relax-com-quadratto-devon\/#breadcrumb\"},\"inLanguage\":\"pt-BR\",\"potentialAction\":[{\"@type\":\"ReadAction\",\"target\":[\"https:\/\/ninamartinelli.com.br\/blog2\/casacor-ribeirao-preto-2024-o-cafe-que-convida-ao-relax-com-quadratto-devon\/\"]}]},{\"@type\":\"ImageObject\",\"inLanguage\":\"pt-BR\",\"@id\":\"https:\/\/ninamartinelli.com.br\/blog2\/casacor-ribeirao-preto-2024-o-cafe-que-convida-ao-relax-com-quadratto-devon\/#primaryimage\",\"url\":\"https:\/\/ninamartinelli.com.br\/blog2\/wp-content\/uploads\/2024\/09\/Quadratto-Devon-Laura-1.jpeg\",\"contentUrl\":\"https:\/\/ninamartinelli.com.br\/blog2\/wp-content\/uploads\/2024\/09\/Quadratto-Devon-Laura-1.jpeg\",\"width\":384,\"height\":512},{\"@type\":\"BreadcrumbList\",\"@id\":\"https:\/\/ninamartinelli.com.br\/blog2\/casacor-ribeirao-preto-2024-o-cafe-que-convida-ao-relax-com-quadratto-devon\/#breadcrumb\",\"itemListElement\":[{\"@type\":\"ListItem\",\"position\":1,\"name\":\"In\u00edcio\",\"item\":\"https:\/\/ninamartinelli.com.br\/blog2\/\"},{\"@type\":\"ListItem\",\"position\":2,\"name\":\"CASACOR Ribeir\u00e3o Preto 2024 \u2013 O caf\u00e9 que convida ao \u2018relax\u2019 com Quadratto Devon\"}]},{\"@type\":\"WebSite\",\"@id\":\"https:\/\/ninamartinelli.com.br\/blog2\/#website\",\"url\":\"https:\/\/ninamartinelli.com.br\/blog2\/\",\"name\":\"Nina Martinelli\",\"description\":\"#Nina_Martinelli\",\"publisher\":{\"@id\":\"https:\/\/ninamartinelli.com.br\/blog2\/#organization\"},\"potentialAction\":[{\"@type\":\"SearchAction\",\"target\":{\"@type\":\"EntryPoint\",\"urlTemplate\":\"https:\/\/ninamartinelli.com.br\/blog2\/?s={search_term_string}\"},\"query-input\":{\"@type\":\"PropertyValueSpecification\",\"valueRequired\":true,\"valueName\":\"search_term_string\"}}],\"inLanguage\":\"pt-BR\"},{\"@type\":\"Organization\",\"@id\":\"https:\/\/ninamartinelli.com.br\/blog2\/#organization\",\"name\":\"Blog Novidades\",\"url\":\"https:\/\/ninamartinelli.com.br\/blog2\/\",\"logo\":{\"@type\":\"ImageObject\",\"inLanguage\":\"pt-BR\",\"@id\":\"https:\/\/ninamartinelli.com.br\/blog2\/#\/schema\/logo\/image\/\",\"url\":\"http:\/\/blog.ninamartinelli.com.br\/wp-content\/uploads\/2022\/03\/logo_nina_blog.png\",\"contentUrl\":\"http:\/\/blog.ninamartinelli.com.br\/wp-content\/uploads\/2022\/03\/logo_nina_blog.png\",\"width\":500,\"height\":104,\"caption\":\"Blog Novidades\"},\"image\":{\"@id\":\"https:\/\/ninamartinelli.com.br\/blog2\/#\/schema\/logo\/image\/\"}},{\"@type\":\"Person\",\"@id\":\"https:\/\/ninamartinelli.com.br\/blog2\/#\/schema\/person\/43fbfb1d4cbe3b472995206b2bb06df5\",\"name\":\"Ana Maria Devides\",\"image\":{\"@type\":\"ImageObject\",\"inLanguage\":\"pt-BR\",\"@id\":\"https:\/\/ninamartinelli.com.br\/blog2\/#\/schema\/person\/image\/\",\"url\":\"https:\/\/secure.gravatar.com\/avatar\/a03a82675d8bb3da8e5c5a6872db97be?s=96&d=mm&r=g\",\"contentUrl\":\"https:\/\/secure.gravatar.com\/avatar\/a03a82675d8bb3da8e5c5a6872db97be?s=96&d=mm&r=g\",\"caption\":\"Ana Maria Devides\"},\"url\":\"https:\/\/ninamartinelli.com.br\/blog2\/author\/assessoria-nina-martinelli\/\"}]}<\/script>\n<!-- \/ Yoast SEO plugin. -->","yoast_head_json":{"title":"CASACOR Ribeir\u00e3o Preto 2024 \u2013 O caf\u00e9 que convida ao \u2018relax\u2019 com Quadratto Devon","description":"CASACOR Ribeir\u00e3o Preto 2024 - Um convite ao relaxamento, \u00e0 conex\u00e3o e aprecia\u00e7\u00e3o do momento presente, no Caf\u00e9 Stories com Quadratto Devon","robots":{"index":"index","follow":"follow","max-snippet":"max-snippet:-1","max-image-preview":"max-image-preview:large","max-video-preview":"max-video-preview:-1"},"canonical":"https:\/\/ninamartinelli.com.br\/blog2\/casacor-ribeirao-preto-2024-o-cafe-que-convida-ao-relax-com-quadratto-devon\/","og_locale":"pt_BR","og_type":"article","og_title":"CASACOR Ribeir\u00e3o Preto 2024 \u2013 O caf\u00e9 que convida ao \u2018relax\u2019 com Quadratto Devon","og_description":"CASACOR Ribeir\u00e3o Preto 2024 - Um convite ao relaxamento, \u00e0 conex\u00e3o e aprecia\u00e7\u00e3o do momento presente, no Caf\u00e9 Stories com Quadratto Devon","og_url":"https:\/\/ninamartinelli.com.br\/blog2\/casacor-ribeirao-preto-2024-o-cafe-que-convida-ao-relax-com-quadratto-devon\/","og_site_name":"Blog Nina","article_published_time":"2024-09-25T13:16:32+00:00","og_image":[{"width":384,"height":512,"url":"https:\/\/ninamartinelli.com.br\/blog2\/wp-content\/uploads\/2024\/09\/Quadratto-Devon-Laura-1.jpeg","type":"image\/jpeg"}],"author":"Ana Maria Devides","twitter_card":"summary_large_image","twitter_misc":{"Escrito por":"Ana Maria Devides","Est. tempo de leitura":"4 minutos"},"schema":{"@context":"https:\/\/schema.org","@graph":[{"@type":"Article","@id":"https:\/\/ninamartinelli.com.br\/blog2\/casacor-ribeirao-preto-2024-o-cafe-que-convida-ao-relax-com-quadratto-devon\/#article","isPartOf":{"@id":"https:\/\/ninamartinelli.com.br\/blog2\/casacor-ribeirao-preto-2024-o-cafe-que-convida-ao-relax-com-quadratto-devon\/"},"author":{"name":"Ana Maria Devides","@id":"https:\/\/ninamartinelli.com.br\/blog2\/#\/schema\/person\/43fbfb1d4cbe3b472995206b2bb06df5"},"headline":"CASACOR Ribeir\u00e3o Preto 2024 \u2013 O caf\u00e9 que convida ao \u2018relax\u2019 com Quadratto Devon","datePublished":"2024-09-25T13:16:32+00:00","mainEntityOfPage":{"@id":"https:\/\/ninamartinelli.com.br\/blog2\/casacor-ribeirao-preto-2024-o-cafe-que-convida-ao-relax-com-quadratto-devon\/"},"wordCount":467,"commentCount":0,"publisher":{"@id":"https:\/\/ninamartinelli.com.br\/blog2\/#organization"},"image":{"@id":"https:\/\/ninamartinelli.com.br\/blog2\/casacor-ribeirao-preto-2024-o-cafe-que-convida-ao-relax-com-quadratto-devon\/#primaryimage"},"thumbnailUrl":"https:\/\/ninamartinelli.com.br\/blog2\/wp-content\/uploads\/2024\/09\/Quadratto-Devon-Laura-1.jpeg","keywords":["Casa Cor Ribeir\u00e3o Preto","lan\u00e7amentos","parede","revestimento","Sustentabilidade"],"articleSection":["CASA COR","Cer\u00e2mica","LAN\u00c7AMENTOS 2024","Mostras e Eventos","Nina Martinelli","Revestimentos","Sustentabilidade"],"inLanguage":"pt-BR","potentialAction":[{"@type":"CommentAction","name":"Comment","target":["https:\/\/ninamartinelli.com.br\/blog2\/casacor-ribeirao-preto-2024-o-cafe-que-convida-ao-relax-com-quadratto-devon\/#respond"]}]},{"@type":"WebPage","@id":"https:\/\/ninamartinelli.com.br\/blog2\/casacor-ribeirao-preto-2024-o-cafe-que-convida-ao-relax-com-quadratto-devon\/","url":"https:\/\/ninamartinelli.com.br\/blog2\/casacor-ribeirao-preto-2024-o-cafe-que-convida-ao-relax-com-quadratto-devon\/","name":"CASACOR Ribeir\u00e3o Preto 2024 \u2013 O caf\u00e9 que convida ao \u2018relax\u2019 com Quadratto Devon","isPartOf":{"@id":"https:\/\/ninamartinelli.com.br\/blog2\/#website"},"primaryImageOfPage":{"@id":"https:\/\/ninamartinelli.com.br\/blog2\/casacor-ribeirao-preto-2024-o-cafe-que-convida-ao-relax-com-quadratto-devon\/#primaryimage"},"image":{"@id":"https:\/\/ninamartinelli.com.br\/blog2\/casacor-ribeirao-preto-2024-o-cafe-que-convida-ao-relax-com-quadratto-devon\/#primaryimage"},"thumbnailUrl":"https:\/\/ninamartinelli.com.br\/blog2\/wp-content\/uploads\/2024\/09\/Quadratto-Devon-Laura-1.jpeg","datePublished":"2024-09-25T13:16:32+00:00","description":"CASACOR Ribeir\u00e3o Preto 2024 - Um convite ao relaxamento, \u00e0 conex\u00e3o e aprecia\u00e7\u00e3o do momento presente, no Caf\u00e9 Stories com Quadratto Devon","breadcrumb":{"@id":"https:\/\/ninamartinelli.com.br\/blog2\/casacor-ribeirao-preto-2024-o-cafe-que-convida-ao-relax-com-quadratto-devon\/#breadcrumb"},"inLanguage":"pt-BR","potentialAction":[{"@type":"ReadAction","target":["https:\/\/ninamartinelli.com.br\/blog2\/casacor-ribeirao-preto-2024-o-cafe-que-convida-ao-relax-com-quadratto-devon\/"]}]},{"@type":"ImageObject","inLanguage":"pt-BR","@id":"https:\/\/ninamartinelli.com.br\/blog2\/casacor-ribeirao-preto-2024-o-cafe-que-convida-ao-relax-com-quadratto-devon\/#primaryimage","url":"https:\/\/ninamartinelli.com.br\/blog2\/wp-content\/uploads\/2024\/09\/Quadratto-Devon-Laura-1.jpeg","contentUrl":"https:\/\/ninamartinelli.com.br\/blog2\/wp-content\/uploads\/2024\/09\/Quadratto-Devon-Laura-1.jpeg","width":384,"height":512},{"@type":"BreadcrumbList","@id":"https:\/\/ninamartinelli.com.br\/blog2\/casacor-ribeirao-preto-2024-o-cafe-que-convida-ao-relax-com-quadratto-devon\/#breadcrumb","itemListElement":[{"@type":"ListItem","position":1,"name":"In\u00edcio","item":"https:\/\/ninamartinelli.com.br\/blog2\/"},{"@type":"ListItem","position":2,"name":"CASACOR Ribeir\u00e3o Preto 2024 \u2013 O caf\u00e9 que convida ao \u2018relax\u2019 com Quadratto Devon"}]},{"@type":"WebSite","@id":"https:\/\/ninamartinelli.com.br\/blog2\/#website","url":"https:\/\/ninamartinelli.com.br\/blog2\/","name":"Nina Martinelli","description":"#Nina_Martinelli","publisher":{"@id":"https:\/\/ninamartinelli.com.br\/blog2\/#organization"},"potentialAction":[{"@type":"SearchAction","target":{"@type":"EntryPoint","urlTemplate":"https:\/\/ninamartinelli.com.br\/blog2\/?s={search_term_string}"},"query-input":{"@type":"PropertyValueSpecification","valueRequired":true,"valueName":"search_term_string"}}],"inLanguage":"pt-BR"},{"@type":"Organization","@id":"https:\/\/ninamartinelli.com.br\/blog2\/#organization","name":"Blog Novidades","url":"https:\/\/ninamartinelli.com.br\/blog2\/","logo":{"@type":"ImageObject","inLanguage":"pt-BR","@id":"https:\/\/ninamartinelli.com.br\/blog2\/#\/schema\/logo\/image\/","url":"http:\/\/blog.ninamartinelli.com.br\/wp-content\/uploads\/2022\/03\/logo_nina_blog.png","contentUrl":"http:\/\/blog.ninamartinelli.com.br\/wp-content\/uploads\/2022\/03\/logo_nina_blog.png","width":500,"height":104,"caption":"Blog Novidades"},"image":{"@id":"https:\/\/ninamartinelli.com.br\/blog2\/#\/schema\/logo\/image\/"}},{"@type":"Person","@id":"https:\/\/ninamartinelli.com.br\/blog2\/#\/schema\/person\/43fbfb1d4cbe3b472995206b2bb06df5","name":"Ana Maria Devides","image":{"@type":"ImageObject","inLanguage":"pt-BR","@id":"https:\/\/ninamartinelli.com.br\/blog2\/#\/schema\/person\/image\/","url":"https:\/\/secure.gravatar.com\/avatar\/a03a82675d8bb3da8e5c5a6872db97be?s=96&d=mm&r=g","contentUrl":"https:\/\/secure.gravatar.com\/avatar\/a03a82675d8bb3da8e5c5a6872db97be?s=96&d=mm&r=g","caption":"Ana Maria Devides"},"url":"https:\/\/ninamartinelli.com.br\/blog2\/author\/assessoria-nina-martinelli\/"}]}},"_links":{"self":[{"href":"https:\/\/ninamartinelli.com.br\/blog2\/wp-json\/wp\/v2\/posts\/2493","targetHints":{"allow":["GET"]}}],"collection":[{"href":"https:\/\/ninamartinelli.com.br\/blog2\/wp-json\/wp\/v2\/posts"}],"about":[{"href":"https:\/\/ninamartinelli.com.br\/blog2\/wp-json\/wp\/v2\/types\/post"}],"author":[{"embeddable":true,"href":"https:\/\/ninamartinelli.com.br\/blog2\/wp-json\/wp\/v2\/users\/2"}],"replies":[{"embeddable":true,"href":"https:\/\/ninamartinelli.com.br\/blog2\/wp-json\/wp\/v2\/comments?post=2493"}],"version-history":[{"count":3,"href":"https:\/\/ninamartinelli.com.br\/blog2\/wp-json\/wp\/v2\/posts\/2493\/revisions"}],"predecessor-version":[{"id":2501,"href":"https:\/\/ninamartinelli.com.br\/blog2\/wp-json\/wp\/v2\/posts\/2493\/revisions\/2501"}],"wp:featuredmedia":[{"embeddable":true,"href":"https:\/\/ninamartinelli.com.br\/blog2\/wp-json\/wp\/v2\/media\/2494"}],"wp:attachment":[{"href":"https:\/\/ninamartinelli.com.br\/blog2\/wp-json\/wp\/v2\/media?parent=2493"}],"wp:term":[{"taxonomy":"category","embeddable":true,"href":"https:\/\/ninamartinelli.com.br\/blog2\/wp-json\/wp\/v2\/categories?post=2493"},{"taxonomy":"post_tag","embeddable":true,"href":"https:\/\/ninamartinelli.com.br\/blog2\/wp-json\/wp\/v2\/tags?post=2493"}],"curies":[{"name":"wp","href":"https:\/\/api.w.org\/{rel}","templated":true}]}}