{"id":2455,"date":"2024-08-28T09:43:47","date_gmt":"2024-08-28T12:43:47","guid":{"rendered":"https:\/\/ninamartinelli.com.br\/blog2\/?p=2455"},"modified":"2024-08-29T17:33:30","modified_gmt":"2024-08-29T20:33:30","slug":"casacor-ribeirao-preto-2024-nina-martinelli-tem-participacao-vip-na-mostra","status":"publish","type":"post","link":"https:\/\/ninamartinelli.com.br\/blog2\/casacor-ribeirao-preto-2024-nina-martinelli-tem-participacao-vip-na-mostra\/","title":{"rendered":"CASACOR Ribeir\u00e3o Preto 2024 \u2013 Nina Martinelli tem participa\u00e7\u00e3o VIP na mostra"},"content":{"rendered":"<p><a href=\"https:\/\/casacor.abril.com.br\/mostras\/ribeirao-preto\/\">CASACOR Ribeir\u00e3o Preto 2024<\/a> \u2013 a Nina Martinelli Pisos e Revestimentos est\u00e1 presente no evento com uma participa\u00e7\u00e3o VIP, em grande estilo e em v\u00e1rios ambientes.<\/p>\n<p>A marca tem seus produtos especificados em nada menos do que seis ambientes desta que \u00e9 uma das mais importantes mostras de arquitetura e design no Sudeste brasileiro.<\/p>\n<p>Ali\u00e1s, em sua 6\u00aa edi\u00e7\u00e3o, a CASACOR Ribeir\u00e3o Preto 2024 est\u00e1 sediada num im\u00f3vel ic\u00f4nico, assinado pelo arquiteto Jo\u00e3o Barreto e pelo engenheiro Francisco Segnini. A bel\u00edssima casa data de 1975.<\/p>\n<p>Com 2500m<sup>2 <\/sup>de \u00e1rea total e 1200 m<sup>2<\/sup> de \u00e1rea constru\u00edda, muito bem localizada no bairro Ribeir\u00e2nea, o im\u00f3vel abriga para a mostra, um total de 31 ambientes assinados por grandes profissionais do mercado.<\/p>\n<p>CASACOR Ribeir\u00e3o Preto 2024 \u2013 onde tem Nina?<\/p>\n<p>Tem produto Nina Martinelli no Loft M\u00e1xima, criado por Taiza Moiteiro, que entre os acabamentos especificou no Pergolado do espa\u00e7o o piso Drenante Grigio 45&#215;45, al\u00e9m do Rustic e Rustic Ristretto Grigio Escuro.<\/p>\n<p>J\u00e1 nos dois lavabos funcionais da mostra, projetados por Victoria Santoro, arquiteta respons\u00e1vel pelo evento, Nina est\u00e1 presente com o Piso Ver\u00edssimo 12x12cm, nos tons Grigio Escuro e Beige.<\/p>\n<figure id=\"attachment_2460\" aria-describedby=\"caption-attachment-2460\" style=\"width: 612px\" class=\"wp-caption aligncenter\"><img loading=\"lazy\" decoding=\"async\" class=\"wp-image-2460\" src=\"https:\/\/ninamartinelli.com.br\/blog2\/wp-content\/uploads\/2024\/08\/casacor-ribeirao-2024-1cop-300x182.jpg\" alt=\"\" width=\"612\" height=\"371\" srcset=\"https:\/\/ninamartinelli.com.br\/blog2\/wp-content\/uploads\/2024\/08\/casacor-ribeirao-2024-1cop-300x182.jpg 300w, https:\/\/ninamartinelli.com.br\/blog2\/wp-content\/uploads\/2024\/08\/casacor-ribeirao-2024-1cop-1024x623.jpg 1024w, https:\/\/ninamartinelli.com.br\/blog2\/wp-content\/uploads\/2024\/08\/casacor-ribeirao-2024-1cop-768x467.jpg 768w, https:\/\/ninamartinelli.com.br\/blog2\/wp-content\/uploads\/2024\/08\/casacor-ribeirao-2024-1cop-1536x934.jpg 1536w, https:\/\/ninamartinelli.com.br\/blog2\/wp-content\/uploads\/2024\/08\/casacor-ribeirao-2024-1cop.jpg 2000w\" sizes=\"auto, (max-width: 612px) 100vw, 612px\" \/><figcaption id=\"caption-attachment-2460\" class=\"wp-caption-text\">Foto: Keniche Santos &#8211; CASACOR<\/figcaption><\/figure>\n<p>No Bar Il\u00e9 Omi, Victor Poiani e Bete Said especificaram o Pietra Rosso 11,5x24cm, a Borda Plana e a Pingadeira Pietra Rosso 11,5x24cm.<\/p>\n<p>Na varanda do ambiente da Piscina, Bruno Castanhari especificou o Drenante Grigio 45x45x5cm.<\/p>\n<p>J\u00e1 no Caf\u00e9 Stories, Laura Tomio explorou a sofistica\u00e7\u00e3o despojada do Quadratto Devon.<\/p>\n<p>E, por fim, no Restaurante Vista Arauco, Mariane Siqueira especificou o Rettangolo Naturalle Rosso.<\/p>\n<figure id=\"attachment_2456\" aria-describedby=\"caption-attachment-2456\" style=\"width: 283px\" class=\"wp-caption alignright\"><img loading=\"lazy\" decoding=\"async\" class=\"wp-image-2456\" src=\"https:\/\/ninamartinelli.com.br\/blog2\/wp-content\/uploads\/2024\/08\/casacor-ribeirao2024-2-300x300.png\" alt=\"\" width=\"283\" height=\"283\" srcset=\"https:\/\/ninamartinelli.com.br\/blog2\/wp-content\/uploads\/2024\/08\/casacor-ribeirao2024-2-300x300.png 300w, https:\/\/ninamartinelli.com.br\/blog2\/wp-content\/uploads\/2024\/08\/casacor-ribeirao2024-2-1024x1024.png 1024w, https:\/\/ninamartinelli.com.br\/blog2\/wp-content\/uploads\/2024\/08\/casacor-ribeirao2024-2-150x150.png 150w, https:\/\/ninamartinelli.com.br\/blog2\/wp-content\/uploads\/2024\/08\/casacor-ribeirao2024-2-768x768.png 768w, https:\/\/ninamartinelli.com.br\/blog2\/wp-content\/uploads\/2024\/08\/casacor-ribeirao2024-2-1536x1536.png 1536w, https:\/\/ninamartinelli.com.br\/blog2\/wp-content\/uploads\/2024\/08\/casacor-ribeirao2024-2-2048x2048.png 2048w, https:\/\/ninamartinelli.com.br\/blog2\/wp-content\/uploads\/2024\/08\/casacor-ribeirao2024-2-50x50.png 50w\" sizes=\"auto, (max-width: 283px) 100vw, 283px\" \/><figcaption id=\"caption-attachment-2456\" class=\"wp-caption-text\">Piso Ver\u00edssimo 12,5&#215;12,5cm no tom Grigio Escuro, um dos utilizados pela arquiteta no ambiente<\/figcaption><\/figure>\n<p>Para Jos\u00e9 Renato Videira, diretor e um dos fundadores da Nina Martinelli, essa participa\u00e7\u00e3o massiva na mostra refor\u00e7a a relev\u00e2ncia da marca perante os especificadores e revendas mais renomadas dessa important\u00edssima cidade paulista e de toda a regi\u00e3o. \u201c<em>E demonstra nosso respeito para com uma mostra que \u00e9 obrigat\u00f3ria para o segmento, quando se trata de conferir tend\u00eancias e conhecer inova\u00e7\u00f5es de excel\u00eancia em acabamentos<\/em>\u201d, diz ele.<\/p>\n<p>A CASACOR Ribeir\u00e3o Preto fica aberta at\u00e9 20 de outubro de 2024.<\/p>\n<p>&nbsp;<\/p>\n","protected":false},"excerpt":{"rendered":"<p>CASACOR Ribeir\u00e3o Preto 2024 \u2013 a Nina Martinelli Pisos e Revestimentos est\u00e1 presente no evento<\/p>\n","protected":false},"author":2,"featured_media":2463,"comment_status":"open","ping_status":"open","sticky":false,"template":"","format":"standard","meta":{"footnotes":""},"categories":[27,19,1,21,129],"tags":[130,24,131],"class_list":["post-2455","post","type-post","status-publish","format-standard","has-post-thumbnail","hentry","category-casa-cor","category-mostras-e-eventos","category-nina-martinelli","category-pisos","category-sustentabilidade","tag-casa-cor-ribeirao-preto","tag-piso","tag-sustentabilidade"],"yoast_head":"<!-- This site is optimized with the Yoast SEO plugin v26.8 - https:\/\/yoast.com\/product\/yoast-seo-wordpress\/ -->\n<title>CASACOR Ribeir\u00e3o Preto 2024 \u2013 Nina Martinelli tem participa\u00e7\u00e3o VIP na mostra<\/title>\n<meta name=\"description\" content=\"CASACOR Ribeir\u00e3o Preto 2024 - H\u00e1 produtos Nina Martinelli especificados por renomados profissionais em nada menos do que seis ambientes!\" \/>\n<meta name=\"robots\" content=\"index, follow, max-snippet:-1, max-image-preview:large, max-video-preview:-1\" \/>\n<link rel=\"canonical\" href=\"https:\/\/ninamartinelli.com.br\/blog2\/casacor-ribeirao-preto-2024-nina-martinelli-tem-participacao-vip-na-mostra\/\" \/>\n<meta property=\"og:locale\" content=\"pt_BR\" \/>\n<meta property=\"og:type\" content=\"article\" \/>\n<meta property=\"og:title\" content=\"CASACOR Ribeir\u00e3o Preto 2024 \u2013 Nina Martinelli tem participa\u00e7\u00e3o VIP na mostra\" \/>\n<meta property=\"og:description\" content=\"CASACOR Ribeir\u00e3o Preto 2024 - H\u00e1 produtos Nina Martinelli especificados por renomados profissionais em nada menos do que seis ambientes!\" \/>\n<meta property=\"og:url\" content=\"https:\/\/ninamartinelli.com.br\/blog2\/casacor-ribeirao-preto-2024-nina-martinelli-tem-participacao-vip-na-mostra\/\" \/>\n<meta property=\"og:site_name\" content=\"Blog Nina\" \/>\n<meta property=\"article:published_time\" content=\"2024-08-28T12:43:47+00:00\" \/>\n<meta property=\"article:modified_time\" content=\"2024-08-29T20:33:30+00:00\" \/>\n<meta property=\"og:image\" content=\"https:\/\/ninamartinelli.com.br\/blog2\/wp-content\/uploads\/2024\/08\/casacor-ribeirao-2024-1cop-2.jpg\" \/>\n\t<meta property=\"og:image:width\" content=\"1367\" \/>\n\t<meta property=\"og:image:height\" content=\"647\" \/>\n\t<meta property=\"og:image:type\" content=\"image\/jpeg\" \/>\n<meta name=\"author\" content=\"Ana Maria Devides\" \/>\n<meta name=\"twitter:card\" content=\"summary_large_image\" \/>\n<meta name=\"twitter:label1\" content=\"Escrito por\" \/>\n\t<meta name=\"twitter:data1\" content=\"Ana Maria Devides\" \/>\n\t<meta name=\"twitter:label2\" content=\"Est. tempo de leitura\" \/>\n\t<meta name=\"twitter:data2\" content=\"3 minutos\" \/>\n<script type=\"application\/ld+json\" class=\"yoast-schema-graph\">{\"@context\":\"https:\/\/schema.org\",\"@graph\":[{\"@type\":\"Article\",\"@id\":\"https:\/\/ninamartinelli.com.br\/blog2\/casacor-ribeirao-preto-2024-nina-martinelli-tem-participacao-vip-na-mostra\/#article\",\"isPartOf\":{\"@id\":\"https:\/\/ninamartinelli.com.br\/blog2\/casacor-ribeirao-preto-2024-nina-martinelli-tem-participacao-vip-na-mostra\/\"},\"author\":{\"name\":\"Ana Maria Devides\",\"@id\":\"https:\/\/ninamartinelli.com.br\/blog2\/#\/schema\/person\/43fbfb1d4cbe3b472995206b2bb06df5\"},\"headline\":\"CASACOR Ribeir\u00e3o Preto 2024 \u2013 Nina Martinelli tem participa\u00e7\u00e3o VIP na mostra\",\"datePublished\":\"2024-08-28T12:43:47+00:00\",\"dateModified\":\"2024-08-29T20:33:30+00:00\",\"mainEntityOfPage\":{\"@id\":\"https:\/\/ninamartinelli.com.br\/blog2\/casacor-ribeirao-preto-2024-nina-martinelli-tem-participacao-vip-na-mostra\/\"},\"wordCount\":401,\"commentCount\":0,\"publisher\":{\"@id\":\"https:\/\/ninamartinelli.com.br\/blog2\/#organization\"},\"image\":{\"@id\":\"https:\/\/ninamartinelli.com.br\/blog2\/casacor-ribeirao-preto-2024-nina-martinelli-tem-participacao-vip-na-mostra\/#primaryimage\"},\"thumbnailUrl\":\"https:\/\/ninamartinelli.com.br\/blog2\/wp-content\/uploads\/2024\/08\/casacor-ribeirao-2024-1cop-2.jpg\",\"keywords\":[\"Casa Cor Ribeir\u00e3o Preto\",\"piso\",\"Sustentabilidade\"],\"articleSection\":[\"CASA COR\",\"Mostras e Eventos\",\"Nina Martinelli\",\"Pisos\",\"Sustentabilidade\"],\"inLanguage\":\"pt-BR\",\"potentialAction\":[{\"@type\":\"CommentAction\",\"name\":\"Comment\",\"target\":[\"https:\/\/ninamartinelli.com.br\/blog2\/casacor-ribeirao-preto-2024-nina-martinelli-tem-participacao-vip-na-mostra\/#respond\"]}]},{\"@type\":\"WebPage\",\"@id\":\"https:\/\/ninamartinelli.com.br\/blog2\/casacor-ribeirao-preto-2024-nina-martinelli-tem-participacao-vip-na-mostra\/\",\"url\":\"https:\/\/ninamartinelli.com.br\/blog2\/casacor-ribeirao-preto-2024-nina-martinelli-tem-participacao-vip-na-mostra\/\",\"name\":\"CASACOR Ribeir\u00e3o Preto 2024 \u2013 Nina Martinelli tem participa\u00e7\u00e3o VIP na mostra\",\"isPartOf\":{\"@id\":\"https:\/\/ninamartinelli.com.br\/blog2\/#website\"},\"primaryImageOfPage\":{\"@id\":\"https:\/\/ninamartinelli.com.br\/blog2\/casacor-ribeirao-preto-2024-nina-martinelli-tem-participacao-vip-na-mostra\/#primaryimage\"},\"image\":{\"@id\":\"https:\/\/ninamartinelli.com.br\/blog2\/casacor-ribeirao-preto-2024-nina-martinelli-tem-participacao-vip-na-mostra\/#primaryimage\"},\"thumbnailUrl\":\"https:\/\/ninamartinelli.com.br\/blog2\/wp-content\/uploads\/2024\/08\/casacor-ribeirao-2024-1cop-2.jpg\",\"datePublished\":\"2024-08-28T12:43:47+00:00\",\"dateModified\":\"2024-08-29T20:33:30+00:00\",\"description\":\"CASACOR Ribeir\u00e3o Preto 2024 - H\u00e1 produtos Nina Martinelli especificados por renomados profissionais em nada menos do que seis ambientes!\",\"breadcrumb\":{\"@id\":\"https:\/\/ninamartinelli.com.br\/blog2\/casacor-ribeirao-preto-2024-nina-martinelli-tem-participacao-vip-na-mostra\/#breadcrumb\"},\"inLanguage\":\"pt-BR\",\"potentialAction\":[{\"@type\":\"ReadAction\",\"target\":[\"https:\/\/ninamartinelli.com.br\/blog2\/casacor-ribeirao-preto-2024-nina-martinelli-tem-participacao-vip-na-mostra\/\"]}]},{\"@type\":\"ImageObject\",\"inLanguage\":\"pt-BR\",\"@id\":\"https:\/\/ninamartinelli.com.br\/blog2\/casacor-ribeirao-preto-2024-nina-martinelli-tem-participacao-vip-na-mostra\/#primaryimage\",\"url\":\"https:\/\/ninamartinelli.com.br\/blog2\/wp-content\/uploads\/2024\/08\/casacor-ribeirao-2024-1cop-2.jpg\",\"contentUrl\":\"https:\/\/ninamartinelli.com.br\/blog2\/wp-content\/uploads\/2024\/08\/casacor-ribeirao-2024-1cop-2.jpg\",\"width\":1367,\"height\":647},{\"@type\":\"BreadcrumbList\",\"@id\":\"https:\/\/ninamartinelli.com.br\/blog2\/casacor-ribeirao-preto-2024-nina-martinelli-tem-participacao-vip-na-mostra\/#breadcrumb\",\"itemListElement\":[{\"@type\":\"ListItem\",\"position\":1,\"name\":\"In\u00edcio\",\"item\":\"https:\/\/ninamartinelli.com.br\/blog2\/\"},{\"@type\":\"ListItem\",\"position\":2,\"name\":\"CASACOR Ribeir\u00e3o Preto 2024 \u2013 Nina Martinelli tem participa\u00e7\u00e3o VIP na mostra\"}]},{\"@type\":\"WebSite\",\"@id\":\"https:\/\/ninamartinelli.com.br\/blog2\/#website\",\"url\":\"https:\/\/ninamartinelli.com.br\/blog2\/\",\"name\":\"Nina Martinelli\",\"description\":\"#Nina_Martinelli\",\"publisher\":{\"@id\":\"https:\/\/ninamartinelli.com.br\/blog2\/#organization\"},\"potentialAction\":[{\"@type\":\"SearchAction\",\"target\":{\"@type\":\"EntryPoint\",\"urlTemplate\":\"https:\/\/ninamartinelli.com.br\/blog2\/?s={search_term_string}\"},\"query-input\":{\"@type\":\"PropertyValueSpecification\",\"valueRequired\":true,\"valueName\":\"search_term_string\"}}],\"inLanguage\":\"pt-BR\"},{\"@type\":\"Organization\",\"@id\":\"https:\/\/ninamartinelli.com.br\/blog2\/#organization\",\"name\":\"Blog Novidades\",\"url\":\"https:\/\/ninamartinelli.com.br\/blog2\/\",\"logo\":{\"@type\":\"ImageObject\",\"inLanguage\":\"pt-BR\",\"@id\":\"https:\/\/ninamartinelli.com.br\/blog2\/#\/schema\/logo\/image\/\",\"url\":\"http:\/\/blog.ninamartinelli.com.br\/wp-content\/uploads\/2022\/03\/logo_nina_blog.png\",\"contentUrl\":\"http:\/\/blog.ninamartinelli.com.br\/wp-content\/uploads\/2022\/03\/logo_nina_blog.png\",\"width\":500,\"height\":104,\"caption\":\"Blog Novidades\"},\"image\":{\"@id\":\"https:\/\/ninamartinelli.com.br\/blog2\/#\/schema\/logo\/image\/\"}},{\"@type\":\"Person\",\"@id\":\"https:\/\/ninamartinelli.com.br\/blog2\/#\/schema\/person\/43fbfb1d4cbe3b472995206b2bb06df5\",\"name\":\"Ana Maria Devides\",\"image\":{\"@type\":\"ImageObject\",\"inLanguage\":\"pt-BR\",\"@id\":\"https:\/\/ninamartinelli.com.br\/blog2\/#\/schema\/person\/image\/\",\"url\":\"https:\/\/secure.gravatar.com\/avatar\/a03a82675d8bb3da8e5c5a6872db97be?s=96&d=mm&r=g\",\"contentUrl\":\"https:\/\/secure.gravatar.com\/avatar\/a03a82675d8bb3da8e5c5a6872db97be?s=96&d=mm&r=g\",\"caption\":\"Ana Maria Devides\"},\"url\":\"https:\/\/ninamartinelli.com.br\/blog2\/author\/assessoria-nina-martinelli\/\"}]}<\/script>\n<!-- \/ Yoast SEO plugin. -->","yoast_head_json":{"title":"CASACOR Ribeir\u00e3o Preto 2024 \u2013 Nina Martinelli tem participa\u00e7\u00e3o VIP na mostra","description":"CASACOR Ribeir\u00e3o Preto 2024 - H\u00e1 produtos Nina Martinelli especificados por renomados profissionais em nada menos do que seis ambientes!","robots":{"index":"index","follow":"follow","max-snippet":"max-snippet:-1","max-image-preview":"max-image-preview:large","max-video-preview":"max-video-preview:-1"},"canonical":"https:\/\/ninamartinelli.com.br\/blog2\/casacor-ribeirao-preto-2024-nina-martinelli-tem-participacao-vip-na-mostra\/","og_locale":"pt_BR","og_type":"article","og_title":"CASACOR Ribeir\u00e3o Preto 2024 \u2013 Nina Martinelli tem participa\u00e7\u00e3o VIP na mostra","og_description":"CASACOR Ribeir\u00e3o Preto 2024 - H\u00e1 produtos Nina Martinelli especificados por renomados profissionais em nada menos do que seis ambientes!","og_url":"https:\/\/ninamartinelli.com.br\/blog2\/casacor-ribeirao-preto-2024-nina-martinelli-tem-participacao-vip-na-mostra\/","og_site_name":"Blog Nina","article_published_time":"2024-08-28T12:43:47+00:00","article_modified_time":"2024-08-29T20:33:30+00:00","og_image":[{"width":1367,"height":647,"url":"https:\/\/ninamartinelli.com.br\/blog2\/wp-content\/uploads\/2024\/08\/casacor-ribeirao-2024-1cop-2.jpg","type":"image\/jpeg"}],"author":"Ana Maria Devides","twitter_card":"summary_large_image","twitter_misc":{"Escrito por":"Ana Maria Devides","Est. tempo de leitura":"3 minutos"},"schema":{"@context":"https:\/\/schema.org","@graph":[{"@type":"Article","@id":"https:\/\/ninamartinelli.com.br\/blog2\/casacor-ribeirao-preto-2024-nina-martinelli-tem-participacao-vip-na-mostra\/#article","isPartOf":{"@id":"https:\/\/ninamartinelli.com.br\/blog2\/casacor-ribeirao-preto-2024-nina-martinelli-tem-participacao-vip-na-mostra\/"},"author":{"name":"Ana Maria Devides","@id":"https:\/\/ninamartinelli.com.br\/blog2\/#\/schema\/person\/43fbfb1d4cbe3b472995206b2bb06df5"},"headline":"CASACOR Ribeir\u00e3o Preto 2024 \u2013 Nina Martinelli tem participa\u00e7\u00e3o VIP na mostra","datePublished":"2024-08-28T12:43:47+00:00","dateModified":"2024-08-29T20:33:30+00:00","mainEntityOfPage":{"@id":"https:\/\/ninamartinelli.com.br\/blog2\/casacor-ribeirao-preto-2024-nina-martinelli-tem-participacao-vip-na-mostra\/"},"wordCount":401,"commentCount":0,"publisher":{"@id":"https:\/\/ninamartinelli.com.br\/blog2\/#organization"},"image":{"@id":"https:\/\/ninamartinelli.com.br\/blog2\/casacor-ribeirao-preto-2024-nina-martinelli-tem-participacao-vip-na-mostra\/#primaryimage"},"thumbnailUrl":"https:\/\/ninamartinelli.com.br\/blog2\/wp-content\/uploads\/2024\/08\/casacor-ribeirao-2024-1cop-2.jpg","keywords":["Casa Cor Ribeir\u00e3o Preto","piso","Sustentabilidade"],"articleSection":["CASA COR","Mostras e Eventos","Nina Martinelli","Pisos","Sustentabilidade"],"inLanguage":"pt-BR","potentialAction":[{"@type":"CommentAction","name":"Comment","target":["https:\/\/ninamartinelli.com.br\/blog2\/casacor-ribeirao-preto-2024-nina-martinelli-tem-participacao-vip-na-mostra\/#respond"]}]},{"@type":"WebPage","@id":"https:\/\/ninamartinelli.com.br\/blog2\/casacor-ribeirao-preto-2024-nina-martinelli-tem-participacao-vip-na-mostra\/","url":"https:\/\/ninamartinelli.com.br\/blog2\/casacor-ribeirao-preto-2024-nina-martinelli-tem-participacao-vip-na-mostra\/","name":"CASACOR Ribeir\u00e3o Preto 2024 \u2013 Nina Martinelli tem participa\u00e7\u00e3o VIP na mostra","isPartOf":{"@id":"https:\/\/ninamartinelli.com.br\/blog2\/#website"},"primaryImageOfPage":{"@id":"https:\/\/ninamartinelli.com.br\/blog2\/casacor-ribeirao-preto-2024-nina-martinelli-tem-participacao-vip-na-mostra\/#primaryimage"},"image":{"@id":"https:\/\/ninamartinelli.com.br\/blog2\/casacor-ribeirao-preto-2024-nina-martinelli-tem-participacao-vip-na-mostra\/#primaryimage"},"thumbnailUrl":"https:\/\/ninamartinelli.com.br\/blog2\/wp-content\/uploads\/2024\/08\/casacor-ribeirao-2024-1cop-2.jpg","datePublished":"2024-08-28T12:43:47+00:00","dateModified":"2024-08-29T20:33:30+00:00","description":"CASACOR Ribeir\u00e3o Preto 2024 - H\u00e1 produtos Nina Martinelli especificados por renomados profissionais em nada menos do que seis ambientes!","breadcrumb":{"@id":"https:\/\/ninamartinelli.com.br\/blog2\/casacor-ribeirao-preto-2024-nina-martinelli-tem-participacao-vip-na-mostra\/#breadcrumb"},"inLanguage":"pt-BR","potentialAction":[{"@type":"ReadAction","target":["https:\/\/ninamartinelli.com.br\/blog2\/casacor-ribeirao-preto-2024-nina-martinelli-tem-participacao-vip-na-mostra\/"]}]},{"@type":"ImageObject","inLanguage":"pt-BR","@id":"https:\/\/ninamartinelli.com.br\/blog2\/casacor-ribeirao-preto-2024-nina-martinelli-tem-participacao-vip-na-mostra\/#primaryimage","url":"https:\/\/ninamartinelli.com.br\/blog2\/wp-content\/uploads\/2024\/08\/casacor-ribeirao-2024-1cop-2.jpg","contentUrl":"https:\/\/ninamartinelli.com.br\/blog2\/wp-content\/uploads\/2024\/08\/casacor-ribeirao-2024-1cop-2.jpg","width":1367,"height":647},{"@type":"BreadcrumbList","@id":"https:\/\/ninamartinelli.com.br\/blog2\/casacor-ribeirao-preto-2024-nina-martinelli-tem-participacao-vip-na-mostra\/#breadcrumb","itemListElement":[{"@type":"ListItem","position":1,"name":"In\u00edcio","item":"https:\/\/ninamartinelli.com.br\/blog2\/"},{"@type":"ListItem","position":2,"name":"CASACOR Ribeir\u00e3o Preto 2024 \u2013 Nina Martinelli tem participa\u00e7\u00e3o VIP na mostra"}]},{"@type":"WebSite","@id":"https:\/\/ninamartinelli.com.br\/blog2\/#website","url":"https:\/\/ninamartinelli.com.br\/blog2\/","name":"Nina Martinelli","description":"#Nina_Martinelli","publisher":{"@id":"https:\/\/ninamartinelli.com.br\/blog2\/#organization"},"potentialAction":[{"@type":"SearchAction","target":{"@type":"EntryPoint","urlTemplate":"https:\/\/ninamartinelli.com.br\/blog2\/?s={search_term_string}"},"query-input":{"@type":"PropertyValueSpecification","valueRequired":true,"valueName":"search_term_string"}}],"inLanguage":"pt-BR"},{"@type":"Organization","@id":"https:\/\/ninamartinelli.com.br\/blog2\/#organization","name":"Blog Novidades","url":"https:\/\/ninamartinelli.com.br\/blog2\/","logo":{"@type":"ImageObject","inLanguage":"pt-BR","@id":"https:\/\/ninamartinelli.com.br\/blog2\/#\/schema\/logo\/image\/","url":"http:\/\/blog.ninamartinelli.com.br\/wp-content\/uploads\/2022\/03\/logo_nina_blog.png","contentUrl":"http:\/\/blog.ninamartinelli.com.br\/wp-content\/uploads\/2022\/03\/logo_nina_blog.png","width":500,"height":104,"caption":"Blog Novidades"},"image":{"@id":"https:\/\/ninamartinelli.com.br\/blog2\/#\/schema\/logo\/image\/"}},{"@type":"Person","@id":"https:\/\/ninamartinelli.com.br\/blog2\/#\/schema\/person\/43fbfb1d4cbe3b472995206b2bb06df5","name":"Ana Maria Devides","image":{"@type":"ImageObject","inLanguage":"pt-BR","@id":"https:\/\/ninamartinelli.com.br\/blog2\/#\/schema\/person\/image\/","url":"https:\/\/secure.gravatar.com\/avatar\/a03a82675d8bb3da8e5c5a6872db97be?s=96&d=mm&r=g","contentUrl":"https:\/\/secure.gravatar.com\/avatar\/a03a82675d8bb3da8e5c5a6872db97be?s=96&d=mm&r=g","caption":"Ana Maria Devides"},"url":"https:\/\/ninamartinelli.com.br\/blog2\/author\/assessoria-nina-martinelli\/"}]}},"_links":{"self":[{"href":"https:\/\/ninamartinelli.com.br\/blog2\/wp-json\/wp\/v2\/posts\/2455","targetHints":{"allow":["GET"]}}],"collection":[{"href":"https:\/\/ninamartinelli.com.br\/blog2\/wp-json\/wp\/v2\/posts"}],"about":[{"href":"https:\/\/ninamartinelli.com.br\/blog2\/wp-json\/wp\/v2\/types\/post"}],"author":[{"embeddable":true,"href":"https:\/\/ninamartinelli.com.br\/blog2\/wp-json\/wp\/v2\/users\/2"}],"replies":[{"embeddable":true,"href":"https:\/\/ninamartinelli.com.br\/blog2\/wp-json\/wp\/v2\/comments?post=2455"}],"version-history":[{"count":3,"href":"https:\/\/ninamartinelli.com.br\/blog2\/wp-json\/wp\/v2\/posts\/2455\/revisions"}],"predecessor-version":[{"id":2465,"href":"https:\/\/ninamartinelli.com.br\/blog2\/wp-json\/wp\/v2\/posts\/2455\/revisions\/2465"}],"wp:featuredmedia":[{"embeddable":true,"href":"https:\/\/ninamartinelli.com.br\/blog2\/wp-json\/wp\/v2\/media\/2463"}],"wp:attachment":[{"href":"https:\/\/ninamartinelli.com.br\/blog2\/wp-json\/wp\/v2\/media?parent=2455"}],"wp:term":[{"taxonomy":"category","embeddable":true,"href":"https:\/\/ninamartinelli.com.br\/blog2\/wp-json\/wp\/v2\/categories?post=2455"},{"taxonomy":"post_tag","embeddable":true,"href":"https:\/\/ninamartinelli.com.br\/blog2\/wp-json\/wp\/v2\/tags?post=2455"}],"curies":[{"name":"wp","href":"https:\/\/api.w.org\/{rel}","templated":true}]}}