{"id":2392,"date":"2024-07-03T09:18:02","date_gmt":"2024-07-03T12:18:02","guid":{"rendered":"https:\/\/ninamartinelli.com.br\/blog2\/?p=2392"},"modified":"2024-07-03T09:18:02","modified_gmt":"2024-07-03T12:18:02","slug":"clima-organico-e-intimista-com-brick-naturalle-em-adega-em-goias","status":"publish","type":"post","link":"https:\/\/ninamartinelli.com.br\/blog2\/clima-organico-e-intimista-com-brick-naturalle-em-adega-em-goias\/","title":{"rendered":"Clima org\u00e2nico e intimista com Brick Naturalle em adega em Goi\u00e1s"},"content":{"rendered":"<p>Clima org\u00e2nico e intimista \u2013 um casal jovem, que gosta de viajar, ama conhecer o mundo, e que tem uma linda resid\u00eancia em Catal\u00e3o, no estado de Goi\u00e1s, projetada pelo arquiteto <a href=\"https:\/\/www.instagram.com\/arqmarcoslula\/\">Marcos Lula<\/a>, a quem foram feitos alguns pedidos especiais. Entre eles, o de que a casa tivesse uma adega, mas n\u00e3o uma adega qualquer: os clientes queriam um ambiente org\u00e2nico e intimista, acolhedor e cuidadosamente \u2018escondido\u2019, com se fosse um segredo da casa, a ser revelado s\u00f3 a pessoas muito especiais.<\/p>\n<p>Marcos Lula criou um projeto cujo conceito remete \u00e0s antigas caves de armazenagem de vinhos europeias, mas, sempre, respeitando as caracter\u00edsticas de brasilidade e leveza que marcam seus trabalhos. Al\u00e9m de idealizar um ambiente totalmente contempor\u00e2neo.<\/p>\n<p><em>\u201cA adega foi concebida para ser um lugar bem acolhedor. Era importante ter muitos materiais naturais\u201d<\/em>, diz o arquiteto.<\/p>\n<p>Para revestir paredes e teto da adega, Marcos escolheu o <a href=\"https:\/\/ninamartinelli.com.br\/produtos\/brick-naturalle-2\/\">Brick Naturalle<\/a>, da Nina Martinelli Pisos e Revestimentos. Medindo 6,5x26cm, ele faz parte de uma vasta linha de tijolos cer\u00e2micos que combinam funcionalidade, sustentabilidade e design.<\/p>\n<p>Feitos de forma sustent\u00e1vel, com uso de material reciclado, cada modelo tem um toque \u00fanico e diferenciado, permitindo a cria\u00e7\u00e3o de composi\u00e7\u00f5es personalizadas diferentes tipos e estilos de projetos. Seja para revestir paredes, lareiras, fachadas ou \u00e1reas externas, os bricks da Nina Martinelli sempre trazem autenticidade e charme.<\/p>\n<p><img loading=\"lazy\" decoding=\"async\" class=\"wp-image-2394 aligncenter\" src=\"https:\/\/ninamartinelli.com.br\/blog2\/wp-content\/uploads\/2024\/07\/adega-marcos-lula-teto-redim-200x300.jpg\" alt=\"\" width=\"328\" height=\"492\" srcset=\"https:\/\/ninamartinelli.com.br\/blog2\/wp-content\/uploads\/2024\/07\/adega-marcos-lula-teto-redim-200x300.jpg 200w, https:\/\/ninamartinelli.com.br\/blog2\/wp-content\/uploads\/2024\/07\/adega-marcos-lula-teto-redim-683x1024.jpg 683w, https:\/\/ninamartinelli.com.br\/blog2\/wp-content\/uploads\/2024\/07\/adega-marcos-lula-teto-redim-768x1152.jpg 768w, https:\/\/ninamartinelli.com.br\/blog2\/wp-content\/uploads\/2024\/07\/adega-marcos-lula-teto-redim-1024x1536.jpg 1024w, https:\/\/ninamartinelli.com.br\/blog2\/wp-content\/uploads\/2024\/07\/adega-marcos-lula-teto-redim-1365x2048.jpg 1365w, https:\/\/ninamartinelli.com.br\/blog2\/wp-content\/uploads\/2024\/07\/adega-marcos-lula-teto-redim-scaled.jpg 1707w\" sizes=\"auto, (max-width: 328px) 100vw, 328px\" \/><\/p>\n<p><img loading=\"lazy\" decoding=\"async\" class=\" wp-image-2395 aligncenter\" src=\"https:\/\/ninamartinelli.com.br\/blog2\/wp-content\/uploads\/2024\/07\/adega-marcos-lula-detalhe-redim-300x200.jpg\" alt=\"\" width=\"324\" height=\"216\" srcset=\"https:\/\/ninamartinelli.com.br\/blog2\/wp-content\/uploads\/2024\/07\/adega-marcos-lula-detalhe-redim-300x200.jpg 300w, https:\/\/ninamartinelli.com.br\/blog2\/wp-content\/uploads\/2024\/07\/adega-marcos-lula-detalhe-redim-1024x683.jpg 1024w, https:\/\/ninamartinelli.com.br\/blog2\/wp-content\/uploads\/2024\/07\/adega-marcos-lula-detalhe-redim-768x512.jpg 768w, https:\/\/ninamartinelli.com.br\/blog2\/wp-content\/uploads\/2024\/07\/adega-marcos-lula-detalhe-redim-1536x1024.jpg 1536w, https:\/\/ninamartinelli.com.br\/blog2\/wp-content\/uploads\/2024\/07\/adega-marcos-lula-detalhe-redim-2048x1365.jpg 2048w\" sizes=\"auto, (max-width: 324px) 100vw, 324px\" \/><\/p>\n<p>O Brick Naturalle eleva \u00e0 m\u00e1xima pot\u00eancia a pegada org\u00e2nica e a rusticidade, com muita com eleg\u00e2ncia, reproduzindo com perfei\u00e7\u00e3o as paredes de tijolinhos aparentes. <em>\u201cNo caso dessa adega, os tijolinhos dialogam perfeitamente com a ilumina\u00e7\u00e3o zenital, que permite a entrada controlada de luz no ambiente atrav\u00e9s do teto, e o piso revestido em pedra Piren\u00f3polis\u201d<\/em>, explica o arquiteto, que batizou o projeto de \u201cCasa Noor\u201d. <em>\u201cOs clientes s\u00e3o descendentes de \u00e1rabes e noor, em \u00e1rabe, significa brilho, clareza, luz\u201d<\/em>, detalha ele.<\/p>\n<p><em>\u201cA adega ficou linda, e tamb\u00e9m realmente acolhedora, como se fosse um ninho, um segredo da casa\u201d<\/em>, finaliza.<\/p>\n<p>O Brick Naturalle foi adquirido na revenda parceira Viv\u00e1 Revestimentos Especiais, de Goi\u00e2nia-GO.<\/p>\n<p>&nbsp;<\/p>\n<p><strong>Servi\u00e7o:<\/strong><\/p>\n<p><strong>Clima org\u00e2nico e intimista em adega em resid\u00eancia em Catal\u00e3o-GO<\/strong><\/p>\n<p><strong>Produto:<\/strong> Brick Naturalle \u2013 6,5 x 26cm<\/p>\n<p><strong>Projeto:<\/strong> Marcos Lula @arqmarcoslula<\/p>\n<p><strong>Fotos:<\/strong> Heitor Rocha <a href=\"https:\/\/www.instagram.com\/heitorrocha.arq\/\">@heitorrocha.arq<\/a><\/p>\n<p><strong>Revenda parceira<\/strong>: <a href=\"https:\/\/www.instagram.com\/viva.revestimentos\/\">Viv\u00e1 Revestimentos<\/a><\/p>\n","protected":false},"excerpt":{"rendered":"<p>Clima org\u00e2nico e intimista \u2013 um casal jovem, que gosta de viajar, ama conhecer o<\/p>\n","protected":false},"author":2,"featured_media":2393,"comment_status":"open","ping_status":"open","sticky":false,"template":"","format":"standard","meta":{"footnotes":""},"categories":[59,16,1,26,129],"tags":[78,36,37,46,131,63],"class_list":["post-2392","post","type-post","status-publish","format-standard","has-post-thumbnail","hentry","category-ceramica","category-colezione-brick","category-nina-martinelli","category-revestimentos","category-sustentabilidade","tag-adega","tag-brick","tag-parede","tag-revestimento","tag-sustentabilidade","tag-tijolinho"],"yoast_head":"<!-- This site is optimized with the Yoast SEO plugin v26.8 - https:\/\/yoast.com\/product\/yoast-seo-wordpress\/ -->\n<title>Clima org\u00e2nico e intimista com Brick Naturalle em adega em Goi\u00e1s<\/title>\n<meta name=\"description\" content=\"Clima org\u00e2nico e intimista obtido com muitos materiais naturais tornam a adega criada por Marcos Lula extremamente acolhedora\" \/>\n<meta name=\"robots\" content=\"index, follow, max-snippet:-1, max-image-preview:large, max-video-preview:-1\" \/>\n<link rel=\"canonical\" href=\"https:\/\/ninamartinelli.com.br\/blog2\/clima-organico-e-intimista-com-brick-naturalle-em-adega-em-goias\/\" \/>\n<meta property=\"og:locale\" content=\"pt_BR\" \/>\n<meta property=\"og:type\" content=\"article\" \/>\n<meta property=\"og:title\" content=\"Clima org\u00e2nico e intimista com Brick Naturalle em adega em Goi\u00e1s\" \/>\n<meta property=\"og:description\" content=\"Clima org\u00e2nico e intimista obtido com muitos materiais naturais tornam a adega criada por Marcos Lula extremamente acolhedora\" \/>\n<meta property=\"og:url\" content=\"https:\/\/ninamartinelli.com.br\/blog2\/clima-organico-e-intimista-com-brick-naturalle-em-adega-em-goias\/\" \/>\n<meta property=\"og:site_name\" content=\"Blog Nina\" \/>\n<meta property=\"article:published_time\" content=\"2024-07-03T12:18:02+00:00\" \/>\n<meta property=\"og:image\" content=\"https:\/\/ninamartinelli.com.br\/blog2\/wp-content\/uploads\/2024\/07\/adega-marcos-lula-capa-redim-scaled.jpg\" \/>\n\t<meta property=\"og:image:width\" content=\"2560\" \/>\n\t<meta property=\"og:image:height\" content=\"1707\" \/>\n\t<meta property=\"og:image:type\" content=\"image\/jpeg\" \/>\n<meta name=\"author\" content=\"Ana Maria Devides\" \/>\n<meta name=\"twitter:card\" content=\"summary_large_image\" \/>\n<meta name=\"twitter:label1\" content=\"Escrito por\" \/>\n\t<meta name=\"twitter:data1\" content=\"Ana Maria Devides\" \/>\n\t<meta name=\"twitter:label2\" content=\"Est. tempo de leitura\" \/>\n\t<meta name=\"twitter:data2\" content=\"3 minutos\" \/>\n<script type=\"application\/ld+json\" class=\"yoast-schema-graph\">{\"@context\":\"https:\/\/schema.org\",\"@graph\":[{\"@type\":\"Article\",\"@id\":\"https:\/\/ninamartinelli.com.br\/blog2\/clima-organico-e-intimista-com-brick-naturalle-em-adega-em-goias\/#article\",\"isPartOf\":{\"@id\":\"https:\/\/ninamartinelli.com.br\/blog2\/clima-organico-e-intimista-com-brick-naturalle-em-adega-em-goias\/\"},\"author\":{\"name\":\"Ana Maria Devides\",\"@id\":\"https:\/\/ninamartinelli.com.br\/blog2\/#\/schema\/person\/43fbfb1d4cbe3b472995206b2bb06df5\"},\"headline\":\"Clima org\u00e2nico e intimista com Brick Naturalle em adega em Goi\u00e1s\",\"datePublished\":\"2024-07-03T12:18:02+00:00\",\"mainEntityOfPage\":{\"@id\":\"https:\/\/ninamartinelli.com.br\/blog2\/clima-organico-e-intimista-com-brick-naturalle-em-adega-em-goias\/\"},\"wordCount\":404,\"commentCount\":0,\"publisher\":{\"@id\":\"https:\/\/ninamartinelli.com.br\/blog2\/#organization\"},\"image\":{\"@id\":\"https:\/\/ninamartinelli.com.br\/blog2\/clima-organico-e-intimista-com-brick-naturalle-em-adega-em-goias\/#primaryimage\"},\"thumbnailUrl\":\"https:\/\/ninamartinelli.com.br\/blog2\/wp-content\/uploads\/2024\/07\/adega-marcos-lula-capa-redim-scaled.jpg\",\"keywords\":[\"adega\",\"brick\",\"parede\",\"revestimento\",\"Sustentabilidade\",\"tijolinho\"],\"articleSection\":[\"Cer\u00e2mica\",\"Colezione Brick\",\"Nina Martinelli\",\"Revestimentos\",\"Sustentabilidade\"],\"inLanguage\":\"pt-BR\",\"potentialAction\":[{\"@type\":\"CommentAction\",\"name\":\"Comment\",\"target\":[\"https:\/\/ninamartinelli.com.br\/blog2\/clima-organico-e-intimista-com-brick-naturalle-em-adega-em-goias\/#respond\"]}]},{\"@type\":\"WebPage\",\"@id\":\"https:\/\/ninamartinelli.com.br\/blog2\/clima-organico-e-intimista-com-brick-naturalle-em-adega-em-goias\/\",\"url\":\"https:\/\/ninamartinelli.com.br\/blog2\/clima-organico-e-intimista-com-brick-naturalle-em-adega-em-goias\/\",\"name\":\"Clima org\u00e2nico e intimista com Brick Naturalle em adega em Goi\u00e1s\",\"isPartOf\":{\"@id\":\"https:\/\/ninamartinelli.com.br\/blog2\/#website\"},\"primaryImageOfPage\":{\"@id\":\"https:\/\/ninamartinelli.com.br\/blog2\/clima-organico-e-intimista-com-brick-naturalle-em-adega-em-goias\/#primaryimage\"},\"image\":{\"@id\":\"https:\/\/ninamartinelli.com.br\/blog2\/clima-organico-e-intimista-com-brick-naturalle-em-adega-em-goias\/#primaryimage\"},\"thumbnailUrl\":\"https:\/\/ninamartinelli.com.br\/blog2\/wp-content\/uploads\/2024\/07\/adega-marcos-lula-capa-redim-scaled.jpg\",\"datePublished\":\"2024-07-03T12:18:02+00:00\",\"description\":\"Clima org\u00e2nico e intimista obtido com muitos materiais naturais tornam a adega criada por Marcos Lula extremamente acolhedora\",\"breadcrumb\":{\"@id\":\"https:\/\/ninamartinelli.com.br\/blog2\/clima-organico-e-intimista-com-brick-naturalle-em-adega-em-goias\/#breadcrumb\"},\"inLanguage\":\"pt-BR\",\"potentialAction\":[{\"@type\":\"ReadAction\",\"target\":[\"https:\/\/ninamartinelli.com.br\/blog2\/clima-organico-e-intimista-com-brick-naturalle-em-adega-em-goias\/\"]}]},{\"@type\":\"ImageObject\",\"inLanguage\":\"pt-BR\",\"@id\":\"https:\/\/ninamartinelli.com.br\/blog2\/clima-organico-e-intimista-com-brick-naturalle-em-adega-em-goias\/#primaryimage\",\"url\":\"https:\/\/ninamartinelli.com.br\/blog2\/wp-content\/uploads\/2024\/07\/adega-marcos-lula-capa-redim-scaled.jpg\",\"contentUrl\":\"https:\/\/ninamartinelli.com.br\/blog2\/wp-content\/uploads\/2024\/07\/adega-marcos-lula-capa-redim-scaled.jpg\",\"width\":2560,\"height\":1707},{\"@type\":\"BreadcrumbList\",\"@id\":\"https:\/\/ninamartinelli.com.br\/blog2\/clima-organico-e-intimista-com-brick-naturalle-em-adega-em-goias\/#breadcrumb\",\"itemListElement\":[{\"@type\":\"ListItem\",\"position\":1,\"name\":\"In\u00edcio\",\"item\":\"https:\/\/ninamartinelli.com.br\/blog2\/\"},{\"@type\":\"ListItem\",\"position\":2,\"name\":\"Clima org\u00e2nico e intimista com Brick Naturalle em adega em Goi\u00e1s\"}]},{\"@type\":\"WebSite\",\"@id\":\"https:\/\/ninamartinelli.com.br\/blog2\/#website\",\"url\":\"https:\/\/ninamartinelli.com.br\/blog2\/\",\"name\":\"Nina Martinelli\",\"description\":\"#Nina_Martinelli\",\"publisher\":{\"@id\":\"https:\/\/ninamartinelli.com.br\/blog2\/#organization\"},\"potentialAction\":[{\"@type\":\"SearchAction\",\"target\":{\"@type\":\"EntryPoint\",\"urlTemplate\":\"https:\/\/ninamartinelli.com.br\/blog2\/?s={search_term_string}\"},\"query-input\":{\"@type\":\"PropertyValueSpecification\",\"valueRequired\":true,\"valueName\":\"search_term_string\"}}],\"inLanguage\":\"pt-BR\"},{\"@type\":\"Organization\",\"@id\":\"https:\/\/ninamartinelli.com.br\/blog2\/#organization\",\"name\":\"Blog Novidades\",\"url\":\"https:\/\/ninamartinelli.com.br\/blog2\/\",\"logo\":{\"@type\":\"ImageObject\",\"inLanguage\":\"pt-BR\",\"@id\":\"https:\/\/ninamartinelli.com.br\/blog2\/#\/schema\/logo\/image\/\",\"url\":\"http:\/\/blog.ninamartinelli.com.br\/wp-content\/uploads\/2022\/03\/logo_nina_blog.png\",\"contentUrl\":\"http:\/\/blog.ninamartinelli.com.br\/wp-content\/uploads\/2022\/03\/logo_nina_blog.png\",\"width\":500,\"height\":104,\"caption\":\"Blog Novidades\"},\"image\":{\"@id\":\"https:\/\/ninamartinelli.com.br\/blog2\/#\/schema\/logo\/image\/\"}},{\"@type\":\"Person\",\"@id\":\"https:\/\/ninamartinelli.com.br\/blog2\/#\/schema\/person\/43fbfb1d4cbe3b472995206b2bb06df5\",\"name\":\"Ana Maria Devides\",\"image\":{\"@type\":\"ImageObject\",\"inLanguage\":\"pt-BR\",\"@id\":\"https:\/\/ninamartinelli.com.br\/blog2\/#\/schema\/person\/image\/\",\"url\":\"https:\/\/secure.gravatar.com\/avatar\/a03a82675d8bb3da8e5c5a6872db97be?s=96&d=mm&r=g\",\"contentUrl\":\"https:\/\/secure.gravatar.com\/avatar\/a03a82675d8bb3da8e5c5a6872db97be?s=96&d=mm&r=g\",\"caption\":\"Ana Maria Devides\"},\"url\":\"https:\/\/ninamartinelli.com.br\/blog2\/author\/assessoria-nina-martinelli\/\"}]}<\/script>\n<!-- \/ Yoast SEO plugin. -->","yoast_head_json":{"title":"Clima org\u00e2nico e intimista com Brick Naturalle em adega em Goi\u00e1s","description":"Clima org\u00e2nico e intimista obtido com muitos materiais naturais tornam a adega criada por Marcos Lula extremamente acolhedora","robots":{"index":"index","follow":"follow","max-snippet":"max-snippet:-1","max-image-preview":"max-image-preview:large","max-video-preview":"max-video-preview:-1"},"canonical":"https:\/\/ninamartinelli.com.br\/blog2\/clima-organico-e-intimista-com-brick-naturalle-em-adega-em-goias\/","og_locale":"pt_BR","og_type":"article","og_title":"Clima org\u00e2nico e intimista com Brick Naturalle em adega em Goi\u00e1s","og_description":"Clima org\u00e2nico e intimista obtido com muitos materiais naturais tornam a adega criada por Marcos Lula extremamente acolhedora","og_url":"https:\/\/ninamartinelli.com.br\/blog2\/clima-organico-e-intimista-com-brick-naturalle-em-adega-em-goias\/","og_site_name":"Blog Nina","article_published_time":"2024-07-03T12:18:02+00:00","og_image":[{"width":2560,"height":1707,"url":"https:\/\/ninamartinelli.com.br\/blog2\/wp-content\/uploads\/2024\/07\/adega-marcos-lula-capa-redim-scaled.jpg","type":"image\/jpeg"}],"author":"Ana Maria Devides","twitter_card":"summary_large_image","twitter_misc":{"Escrito por":"Ana Maria Devides","Est. tempo de leitura":"3 minutos"},"schema":{"@context":"https:\/\/schema.org","@graph":[{"@type":"Article","@id":"https:\/\/ninamartinelli.com.br\/blog2\/clima-organico-e-intimista-com-brick-naturalle-em-adega-em-goias\/#article","isPartOf":{"@id":"https:\/\/ninamartinelli.com.br\/blog2\/clima-organico-e-intimista-com-brick-naturalle-em-adega-em-goias\/"},"author":{"name":"Ana Maria Devides","@id":"https:\/\/ninamartinelli.com.br\/blog2\/#\/schema\/person\/43fbfb1d4cbe3b472995206b2bb06df5"},"headline":"Clima org\u00e2nico e intimista com Brick Naturalle em adega em Goi\u00e1s","datePublished":"2024-07-03T12:18:02+00:00","mainEntityOfPage":{"@id":"https:\/\/ninamartinelli.com.br\/blog2\/clima-organico-e-intimista-com-brick-naturalle-em-adega-em-goias\/"},"wordCount":404,"commentCount":0,"publisher":{"@id":"https:\/\/ninamartinelli.com.br\/blog2\/#organization"},"image":{"@id":"https:\/\/ninamartinelli.com.br\/blog2\/clima-organico-e-intimista-com-brick-naturalle-em-adega-em-goias\/#primaryimage"},"thumbnailUrl":"https:\/\/ninamartinelli.com.br\/blog2\/wp-content\/uploads\/2024\/07\/adega-marcos-lula-capa-redim-scaled.jpg","keywords":["adega","brick","parede","revestimento","Sustentabilidade","tijolinho"],"articleSection":["Cer\u00e2mica","Colezione Brick","Nina Martinelli","Revestimentos","Sustentabilidade"],"inLanguage":"pt-BR","potentialAction":[{"@type":"CommentAction","name":"Comment","target":["https:\/\/ninamartinelli.com.br\/blog2\/clima-organico-e-intimista-com-brick-naturalle-em-adega-em-goias\/#respond"]}]},{"@type":"WebPage","@id":"https:\/\/ninamartinelli.com.br\/blog2\/clima-organico-e-intimista-com-brick-naturalle-em-adega-em-goias\/","url":"https:\/\/ninamartinelli.com.br\/blog2\/clima-organico-e-intimista-com-brick-naturalle-em-adega-em-goias\/","name":"Clima org\u00e2nico e intimista com Brick Naturalle em adega em Goi\u00e1s","isPartOf":{"@id":"https:\/\/ninamartinelli.com.br\/blog2\/#website"},"primaryImageOfPage":{"@id":"https:\/\/ninamartinelli.com.br\/blog2\/clima-organico-e-intimista-com-brick-naturalle-em-adega-em-goias\/#primaryimage"},"image":{"@id":"https:\/\/ninamartinelli.com.br\/blog2\/clima-organico-e-intimista-com-brick-naturalle-em-adega-em-goias\/#primaryimage"},"thumbnailUrl":"https:\/\/ninamartinelli.com.br\/blog2\/wp-content\/uploads\/2024\/07\/adega-marcos-lula-capa-redim-scaled.jpg","datePublished":"2024-07-03T12:18:02+00:00","description":"Clima org\u00e2nico e intimista obtido com muitos materiais naturais tornam a adega criada por Marcos Lula extremamente acolhedora","breadcrumb":{"@id":"https:\/\/ninamartinelli.com.br\/blog2\/clima-organico-e-intimista-com-brick-naturalle-em-adega-em-goias\/#breadcrumb"},"inLanguage":"pt-BR","potentialAction":[{"@type":"ReadAction","target":["https:\/\/ninamartinelli.com.br\/blog2\/clima-organico-e-intimista-com-brick-naturalle-em-adega-em-goias\/"]}]},{"@type":"ImageObject","inLanguage":"pt-BR","@id":"https:\/\/ninamartinelli.com.br\/blog2\/clima-organico-e-intimista-com-brick-naturalle-em-adega-em-goias\/#primaryimage","url":"https:\/\/ninamartinelli.com.br\/blog2\/wp-content\/uploads\/2024\/07\/adega-marcos-lula-capa-redim-scaled.jpg","contentUrl":"https:\/\/ninamartinelli.com.br\/blog2\/wp-content\/uploads\/2024\/07\/adega-marcos-lula-capa-redim-scaled.jpg","width":2560,"height":1707},{"@type":"BreadcrumbList","@id":"https:\/\/ninamartinelli.com.br\/blog2\/clima-organico-e-intimista-com-brick-naturalle-em-adega-em-goias\/#breadcrumb","itemListElement":[{"@type":"ListItem","position":1,"name":"In\u00edcio","item":"https:\/\/ninamartinelli.com.br\/blog2\/"},{"@type":"ListItem","position":2,"name":"Clima org\u00e2nico e intimista com Brick Naturalle em adega em Goi\u00e1s"}]},{"@type":"WebSite","@id":"https:\/\/ninamartinelli.com.br\/blog2\/#website","url":"https:\/\/ninamartinelli.com.br\/blog2\/","name":"Nina Martinelli","description":"#Nina_Martinelli","publisher":{"@id":"https:\/\/ninamartinelli.com.br\/blog2\/#organization"},"potentialAction":[{"@type":"SearchAction","target":{"@type":"EntryPoint","urlTemplate":"https:\/\/ninamartinelli.com.br\/blog2\/?s={search_term_string}"},"query-input":{"@type":"PropertyValueSpecification","valueRequired":true,"valueName":"search_term_string"}}],"inLanguage":"pt-BR"},{"@type":"Organization","@id":"https:\/\/ninamartinelli.com.br\/blog2\/#organization","name":"Blog Novidades","url":"https:\/\/ninamartinelli.com.br\/blog2\/","logo":{"@type":"ImageObject","inLanguage":"pt-BR","@id":"https:\/\/ninamartinelli.com.br\/blog2\/#\/schema\/logo\/image\/","url":"http:\/\/blog.ninamartinelli.com.br\/wp-content\/uploads\/2022\/03\/logo_nina_blog.png","contentUrl":"http:\/\/blog.ninamartinelli.com.br\/wp-content\/uploads\/2022\/03\/logo_nina_blog.png","width":500,"height":104,"caption":"Blog Novidades"},"image":{"@id":"https:\/\/ninamartinelli.com.br\/blog2\/#\/schema\/logo\/image\/"}},{"@type":"Person","@id":"https:\/\/ninamartinelli.com.br\/blog2\/#\/schema\/person\/43fbfb1d4cbe3b472995206b2bb06df5","name":"Ana Maria Devides","image":{"@type":"ImageObject","inLanguage":"pt-BR","@id":"https:\/\/ninamartinelli.com.br\/blog2\/#\/schema\/person\/image\/","url":"https:\/\/secure.gravatar.com\/avatar\/a03a82675d8bb3da8e5c5a6872db97be?s=96&d=mm&r=g","contentUrl":"https:\/\/secure.gravatar.com\/avatar\/a03a82675d8bb3da8e5c5a6872db97be?s=96&d=mm&r=g","caption":"Ana Maria Devides"},"url":"https:\/\/ninamartinelli.com.br\/blog2\/author\/assessoria-nina-martinelli\/"}]}},"_links":{"self":[{"href":"https:\/\/ninamartinelli.com.br\/blog2\/wp-json\/wp\/v2\/posts\/2392","targetHints":{"allow":["GET"]}}],"collection":[{"href":"https:\/\/ninamartinelli.com.br\/blog2\/wp-json\/wp\/v2\/posts"}],"about":[{"href":"https:\/\/ninamartinelli.com.br\/blog2\/wp-json\/wp\/v2\/types\/post"}],"author":[{"embeddable":true,"href":"https:\/\/ninamartinelli.com.br\/blog2\/wp-json\/wp\/v2\/users\/2"}],"replies":[{"embeddable":true,"href":"https:\/\/ninamartinelli.com.br\/blog2\/wp-json\/wp\/v2\/comments?post=2392"}],"version-history":[{"count":2,"href":"https:\/\/ninamartinelli.com.br\/blog2\/wp-json\/wp\/v2\/posts\/2392\/revisions"}],"predecessor-version":[{"id":2397,"href":"https:\/\/ninamartinelli.com.br\/blog2\/wp-json\/wp\/v2\/posts\/2392\/revisions\/2397"}],"wp:featuredmedia":[{"embeddable":true,"href":"https:\/\/ninamartinelli.com.br\/blog2\/wp-json\/wp\/v2\/media\/2393"}],"wp:attachment":[{"href":"https:\/\/ninamartinelli.com.br\/blog2\/wp-json\/wp\/v2\/media?parent=2392"}],"wp:term":[{"taxonomy":"category","embeddable":true,"href":"https:\/\/ninamartinelli.com.br\/blog2\/wp-json\/wp\/v2\/categories?post=2392"},{"taxonomy":"post_tag","embeddable":true,"href":"https:\/\/ninamartinelli.com.br\/blog2\/wp-json\/wp\/v2\/tags?post=2392"}],"curies":[{"name":"wp","href":"https:\/\/api.w.org\/{rel}","templated":true}]}}