{"id":2386,"date":"2024-06-26T08:52:30","date_gmt":"2024-06-26T11:52:30","guid":{"rendered":"https:\/\/ninamartinelli.com.br\/blog2\/?p=2386"},"modified":"2024-06-26T08:52:30","modified_gmt":"2024-06-26T11:52:30","slug":"oasis-de-brasilidade-e-clima-praiano-com-scortese-rosso-em-cobertura-em-santa-catarina","status":"publish","type":"post","link":"https:\/\/ninamartinelli.com.br\/blog2\/oasis-de-brasilidade-e-clima-praiano-com-scortese-rosso-em-cobertura-em-santa-catarina\/","title":{"rendered":"O\u00e1sis de brasilidade e clima praiano com Scortese Rosso em cobertura em Santa Catarina"},"content":{"rendered":"<p>O\u00e1sis de brasilidade e clima praiano \u2013 A arquiteta catarinense <a href=\"https:\/\/www.instagram.com\/mesimonb_\/\">Maria Eduarda Simon<\/a> recebeu uma miss\u00e3o e tanto de clientes que haviam comprado um apartamento de cobertura na planta na Praia Grande, em Governador Celso Ramos, no estado de Santa Catarina: transformar o lugar num ref\u00fagio moderno e aconchegante, que acolhesse muito bem os propriet\u00e1rios ou mesmo h\u00f3spedes em loca\u00e7\u00f5es por temporada.<\/p>\n<p>Com vista para o mar, a cobertura tinha uma planta original com um terra\u00e7o em uma extremidade, uma varanda com churrasqueira em outra, seguido por uma piscina em outra extremidade e os ambientes cozinha, jantar e estar entre as duas \u00e1reas, como um corredor.<\/p>\n<p>Maria Eduarda lan\u00e7ou m\u00e3o de um conceito que une brasilidade e clima praiano. <em>\u201cAquela prainha azul de \u00e1guas quentes, com um coco gelado, coisa que s\u00f3 nosso Brasil tem\u201d,<\/em> exemplifica ela.<\/p>\n<p>A profissional quis aproveitar a atmosfera da natureza externa para criar um espa\u00e7o relaxante, alegre e prop\u00edcio para se relaxar, esquecer do trabalho e aproveitar na companhia da fam\u00edlia e amigos.<\/p>\n<p><em>\u201cCom a ideia principal de ampliar ao m\u00e1ximo esse trecho entre as \u00e1reas em busca de luz natural e ventila\u00e7\u00e3o e prestigiar as \u00e1reas charmosas do apartamento, eliminei a cozinha tradicional e reuni varanda e churrasqueira, com a inclus\u00e3o de um piso artesanal cer\u00e2mico, quase que como trechos de o\u00e1sis entre os outros ambientes\u201d<\/em>, explica ela.<\/p>\n<p>O piso cer\u00e2mico especificado por Maria Eduarda, no caso, foi o <a href=\"https:\/\/ninamartinelli.com.br\/produtos\/piso-linea-scortese-rosso\/\">Linea Scortese Rosso 11,5&#215;11,5 da Nina Martinelli<\/a> Pisos e Revestimentos. \u00c9 a famosa \u201clajotinha\u201d da marca, produzida de forma totalmente artesanal, com aquele estilo r\u00fastico e \u00fanico de cada pe\u00e7a, trazendo aos ambientes aquele charme aconchegante dos terra\u00e7os e varandas de antigamente. Mas com muita sofistica\u00e7\u00e3o e eleg\u00e2ncia.<\/p>\n<p><em>\u201cA solu\u00e7\u00e3o encontrada para integrar o quebra-quebra de paredes e ambiente foi resolvida quando encontrei a <a href=\"https:\/\/www.instagram.com\/arqplace\/\">Arqplace<\/a> e esse piso Nina Martinelli, no formato quadrado, de linda cor e qualidade impec\u00e1vel al\u00e9m de uma boa rela\u00e7\u00e3o de custo x benef\u00edcio\u201d<\/em>, detalha a profissional, que diz ter amado o resultado.<\/p>\n<p><img loading=\"lazy\" decoding=\"async\" class=\"wp-image-2388 alignright\" src=\"https:\/\/ninamartinelli.com.br\/blog2\/wp-content\/uploads\/2024\/06\/Arplan-2-300x225.jpeg\" alt=\"\" width=\"367\" height=\"275\" srcset=\"https:\/\/ninamartinelli.com.br\/blog2\/wp-content\/uploads\/2024\/06\/Arplan-2-300x225.jpeg 300w, https:\/\/ninamartinelli.com.br\/blog2\/wp-content\/uploads\/2024\/06\/Arplan-2-1024x768.jpeg 1024w, https:\/\/ninamartinelli.com.br\/blog2\/wp-content\/uploads\/2024\/06\/Arplan-2-768x576.jpeg 768w, https:\/\/ninamartinelli.com.br\/blog2\/wp-content\/uploads\/2024\/06\/Arplan-2-1536x1152.jpeg 1536w, https:\/\/ninamartinelli.com.br\/blog2\/wp-content\/uploads\/2024\/06\/Arplan-2.jpeg 1600w\" sizes=\"auto, (max-width: 367px) 100vw, 367px\" \/><\/p>\n<p><em>\u201cO produto trouxe ainda mais o ar de casa brasileira\u2019, no tom que nos remete \u00e0 natureza. E o pisar descal\u00e7o no piso continua nos estimulando a sensa\u00e7\u00e3o de estar entre a restinga e a areia da praia\u201d, descreve. \u201cCom certeza n\u00e3o haver\u00e1 um que n\u00e3o queira se reunir nessa cozinha admirando a vista pra natureza e a brisa do mar ou descobrir o que vem depois do trecho de piso cer\u00e2mico natural entrando no terra\u00e7o\u201d<\/em>, acrescenta.<\/p>\n<p>Algumas curiosidades reveladas por Maria Eduarda ainda em rela\u00e7\u00e3o a esse projeto: <em>\u201cTestamos oito tons de rejunte para definir, e no final t\u00ednhamos v\u00e1rias op\u00e7\u00f5es com resultados distintos. Optamos por um tom mais claro para dar leveza e trazer destaque ao piso\u201d,<\/em> diz ela, que faz quest\u00e3o tamb\u00e9m de enaltecer o trabalho do profissional assentador, o pedreiro Carlos Eduardo Alves, de Londrina-PR<em>. \u201cA destreza dele foi muito importante. Ele abriu todas as caixas e distribuiu o mosaico de pe\u00e7as distintas para harmonizar os tons artesanais\u201d, relembra ela, referindo-se ali\u00e1s, a uma das mais importantes recomenda\u00e7\u00f5es do fabricante nesses casos. \u201cForam 48 horas trabalhadas com carinho e o piso foi considerado uma obra prima at\u00e9 por ele, o pedreiro assentador\u201d,<\/em> comemora a arquiteta.<\/p>\n<p>Maria Eduarda elogia tamb\u00e9m o atendimento da revenda parceira, a Arqplace. <em>\u201cFoi fant\u00e1stico. A entrega, os esclarecimentos das d\u00favidas, tudo perfeito\u201d,<\/em> conclui.<\/p>\n<p>&nbsp;<\/p>\n<p><strong>Servi\u00e7o:<\/strong><\/p>\n<p><strong>O\u00e1sis de brasilidade e clima praiano \u2013 Reforma de apartamento de cobertura em Santa Catarina<\/strong><\/p>\n<p><strong>Produto:<\/strong> Piso Scortese Rosso 11,5&#215;11,5<\/p>\n<p><strong>Projeto:<\/strong> Maria Eduarda Simon (@mesimonb_)<\/p>\n<p><strong>Fotos:<\/strong> acervo da arquiteta<\/p>\n<p><strong>Revenda parceira<\/strong>: Arqplace &#8211; @arqlace<\/p>\n<p><strong>Site:<\/strong> <a href=\"http:\/\/www.arqplace.com.br\">www.arqplace.com.br<\/a><\/p>\n<p>&nbsp;<\/p>\n","protected":false},"excerpt":{"rendered":"<p>O\u00e1sis de brasilidade e clima praiano \u2013 A arquiteta catarinense Maria Eduarda Simon recebeu uma<\/p>\n","protected":false},"author":2,"featured_media":2387,"comment_status":"open","ping_status":"open","sticky":false,"template":"","format":"standard","meta":{"footnotes":""},"categories":[59,129],"tags":[72,39,40,45,24,85],"class_list":["post-2386","post","type-post","status-publish","format-standard","has-post-thumbnail","hentry","category-ceramica","category-sustentabilidade","tag-apartamento","tag-area-externa","tag-area-interna","tag-ceramica","tag-piso","tag-piso-rustico"],"yoast_head":"<!-- This site is optimized with the Yoast SEO plugin v26.8 - https:\/\/yoast.com\/product\/yoast-seo-wordpress\/ -->\n<title>O\u00e1sis de brasilidade e clima praiano com Scortese Rosso em cobertura em Santa Catarina<\/title>\n<meta name=\"description\" content=\"O\u00e1sis de brasilidade e clima praiano - Piso Scortese Rosso traz pegada natural, acolhedora e relaxante a reforma em S\/C\" \/>\n<meta name=\"robots\" content=\"index, follow, max-snippet:-1, max-image-preview:large, max-video-preview:-1\" \/>\n<link rel=\"canonical\" href=\"https:\/\/ninamartinelli.com.br\/blog2\/oasis-de-brasilidade-e-clima-praiano-com-scortese-rosso-em-cobertura-em-santa-catarina\/\" \/>\n<meta property=\"og:locale\" content=\"pt_BR\" \/>\n<meta property=\"og:type\" content=\"article\" \/>\n<meta property=\"og:title\" content=\"O\u00e1sis de brasilidade e clima praiano com Scortese Rosso em cobertura em Santa Catarina\" \/>\n<meta property=\"og:description\" content=\"O\u00e1sis de brasilidade e clima praiano - Piso Scortese Rosso traz pegada natural, acolhedora e relaxante a reforma em S\/C\" \/>\n<meta property=\"og:url\" content=\"https:\/\/ninamartinelli.com.br\/blog2\/oasis-de-brasilidade-e-clima-praiano-com-scortese-rosso-em-cobertura-em-santa-catarina\/\" \/>\n<meta property=\"og:site_name\" content=\"Blog Nina\" \/>\n<meta property=\"article:published_time\" content=\"2024-06-26T11:52:30+00:00\" \/>\n<meta property=\"og:image\" content=\"https:\/\/ninamartinelli.com.br\/blog2\/wp-content\/uploads\/2024\/06\/Arqplan-1.jpeg\" \/>\n\t<meta property=\"og:image:width\" content=\"1200\" \/>\n\t<meta property=\"og:image:height\" content=\"1600\" \/>\n\t<meta property=\"og:image:type\" content=\"image\/jpeg\" \/>\n<meta name=\"author\" content=\"Ana Maria Devides\" \/>\n<meta name=\"twitter:card\" content=\"summary_large_image\" \/>\n<meta name=\"twitter:label1\" content=\"Escrito por\" \/>\n\t<meta name=\"twitter:data1\" content=\"Ana Maria Devides\" \/>\n\t<meta name=\"twitter:label2\" content=\"Est. tempo de leitura\" \/>\n\t<meta name=\"twitter:data2\" content=\"4 minutos\" \/>\n<script type=\"application\/ld+json\" class=\"yoast-schema-graph\">{\"@context\":\"https:\/\/schema.org\",\"@graph\":[{\"@type\":\"Article\",\"@id\":\"https:\/\/ninamartinelli.com.br\/blog2\/oasis-de-brasilidade-e-clima-praiano-com-scortese-rosso-em-cobertura-em-santa-catarina\/#article\",\"isPartOf\":{\"@id\":\"https:\/\/ninamartinelli.com.br\/blog2\/oasis-de-brasilidade-e-clima-praiano-com-scortese-rosso-em-cobertura-em-santa-catarina\/\"},\"author\":{\"name\":\"Ana Maria Devides\",\"@id\":\"https:\/\/ninamartinelli.com.br\/blog2\/#\/schema\/person\/43fbfb1d4cbe3b472995206b2bb06df5\"},\"headline\":\"O\u00e1sis de brasilidade e clima praiano com Scortese Rosso em cobertura em Santa Catarina\",\"datePublished\":\"2024-06-26T11:52:30+00:00\",\"mainEntityOfPage\":{\"@id\":\"https:\/\/ninamartinelli.com.br\/blog2\/oasis-de-brasilidade-e-clima-praiano-com-scortese-rosso-em-cobertura-em-santa-catarina\/\"},\"wordCount\":653,\"commentCount\":0,\"publisher\":{\"@id\":\"https:\/\/ninamartinelli.com.br\/blog2\/#organization\"},\"image\":{\"@id\":\"https:\/\/ninamartinelli.com.br\/blog2\/oasis-de-brasilidade-e-clima-praiano-com-scortese-rosso-em-cobertura-em-santa-catarina\/#primaryimage\"},\"thumbnailUrl\":\"https:\/\/ninamartinelli.com.br\/blog2\/wp-content\/uploads\/2024\/06\/Arqplan-1.jpeg\",\"keywords\":[\"apartamento\",\"area externa\",\"area interna\",\"ceramica\",\"piso\",\"piso rustico\"],\"articleSection\":[\"Cer\u00e2mica\",\"Sustentabilidade\"],\"inLanguage\":\"pt-BR\",\"potentialAction\":[{\"@type\":\"CommentAction\",\"name\":\"Comment\",\"target\":[\"https:\/\/ninamartinelli.com.br\/blog2\/oasis-de-brasilidade-e-clima-praiano-com-scortese-rosso-em-cobertura-em-santa-catarina\/#respond\"]}]},{\"@type\":\"WebPage\",\"@id\":\"https:\/\/ninamartinelli.com.br\/blog2\/oasis-de-brasilidade-e-clima-praiano-com-scortese-rosso-em-cobertura-em-santa-catarina\/\",\"url\":\"https:\/\/ninamartinelli.com.br\/blog2\/oasis-de-brasilidade-e-clima-praiano-com-scortese-rosso-em-cobertura-em-santa-catarina\/\",\"name\":\"O\u00e1sis de brasilidade e clima praiano com Scortese Rosso em cobertura em Santa Catarina\",\"isPartOf\":{\"@id\":\"https:\/\/ninamartinelli.com.br\/blog2\/#website\"},\"primaryImageOfPage\":{\"@id\":\"https:\/\/ninamartinelli.com.br\/blog2\/oasis-de-brasilidade-e-clima-praiano-com-scortese-rosso-em-cobertura-em-santa-catarina\/#primaryimage\"},\"image\":{\"@id\":\"https:\/\/ninamartinelli.com.br\/blog2\/oasis-de-brasilidade-e-clima-praiano-com-scortese-rosso-em-cobertura-em-santa-catarina\/#primaryimage\"},\"thumbnailUrl\":\"https:\/\/ninamartinelli.com.br\/blog2\/wp-content\/uploads\/2024\/06\/Arqplan-1.jpeg\",\"datePublished\":\"2024-06-26T11:52:30+00:00\",\"description\":\"O\u00e1sis de brasilidade e clima praiano - Piso Scortese Rosso traz pegada natural, acolhedora e relaxante a reforma em S\/C\",\"breadcrumb\":{\"@id\":\"https:\/\/ninamartinelli.com.br\/blog2\/oasis-de-brasilidade-e-clima-praiano-com-scortese-rosso-em-cobertura-em-santa-catarina\/#breadcrumb\"},\"inLanguage\":\"pt-BR\",\"potentialAction\":[{\"@type\":\"ReadAction\",\"target\":[\"https:\/\/ninamartinelli.com.br\/blog2\/oasis-de-brasilidade-e-clima-praiano-com-scortese-rosso-em-cobertura-em-santa-catarina\/\"]}]},{\"@type\":\"ImageObject\",\"inLanguage\":\"pt-BR\",\"@id\":\"https:\/\/ninamartinelli.com.br\/blog2\/oasis-de-brasilidade-e-clima-praiano-com-scortese-rosso-em-cobertura-em-santa-catarina\/#primaryimage\",\"url\":\"https:\/\/ninamartinelli.com.br\/blog2\/wp-content\/uploads\/2024\/06\/Arqplan-1.jpeg\",\"contentUrl\":\"https:\/\/ninamartinelli.com.br\/blog2\/wp-content\/uploads\/2024\/06\/Arqplan-1.jpeg\",\"width\":1200,\"height\":1600},{\"@type\":\"BreadcrumbList\",\"@id\":\"https:\/\/ninamartinelli.com.br\/blog2\/oasis-de-brasilidade-e-clima-praiano-com-scortese-rosso-em-cobertura-em-santa-catarina\/#breadcrumb\",\"itemListElement\":[{\"@type\":\"ListItem\",\"position\":1,\"name\":\"In\u00edcio\",\"item\":\"https:\/\/ninamartinelli.com.br\/blog2\/\"},{\"@type\":\"ListItem\",\"position\":2,\"name\":\"O\u00e1sis de brasilidade e clima praiano com Scortese Rosso em cobertura em Santa Catarina\"}]},{\"@type\":\"WebSite\",\"@id\":\"https:\/\/ninamartinelli.com.br\/blog2\/#website\",\"url\":\"https:\/\/ninamartinelli.com.br\/blog2\/\",\"name\":\"Nina Martinelli\",\"description\":\"#Nina_Martinelli\",\"publisher\":{\"@id\":\"https:\/\/ninamartinelli.com.br\/blog2\/#organization\"},\"potentialAction\":[{\"@type\":\"SearchAction\",\"target\":{\"@type\":\"EntryPoint\",\"urlTemplate\":\"https:\/\/ninamartinelli.com.br\/blog2\/?s={search_term_string}\"},\"query-input\":{\"@type\":\"PropertyValueSpecification\",\"valueRequired\":true,\"valueName\":\"search_term_string\"}}],\"inLanguage\":\"pt-BR\"},{\"@type\":\"Organization\",\"@id\":\"https:\/\/ninamartinelli.com.br\/blog2\/#organization\",\"name\":\"Blog Novidades\",\"url\":\"https:\/\/ninamartinelli.com.br\/blog2\/\",\"logo\":{\"@type\":\"ImageObject\",\"inLanguage\":\"pt-BR\",\"@id\":\"https:\/\/ninamartinelli.com.br\/blog2\/#\/schema\/logo\/image\/\",\"url\":\"http:\/\/blog.ninamartinelli.com.br\/wp-content\/uploads\/2022\/03\/logo_nina_blog.png\",\"contentUrl\":\"http:\/\/blog.ninamartinelli.com.br\/wp-content\/uploads\/2022\/03\/logo_nina_blog.png\",\"width\":500,\"height\":104,\"caption\":\"Blog Novidades\"},\"image\":{\"@id\":\"https:\/\/ninamartinelli.com.br\/blog2\/#\/schema\/logo\/image\/\"}},{\"@type\":\"Person\",\"@id\":\"https:\/\/ninamartinelli.com.br\/blog2\/#\/schema\/person\/43fbfb1d4cbe3b472995206b2bb06df5\",\"name\":\"Ana Maria Devides\",\"image\":{\"@type\":\"ImageObject\",\"inLanguage\":\"pt-BR\",\"@id\":\"https:\/\/ninamartinelli.com.br\/blog2\/#\/schema\/person\/image\/\",\"url\":\"https:\/\/secure.gravatar.com\/avatar\/a03a82675d8bb3da8e5c5a6872db97be?s=96&d=mm&r=g\",\"contentUrl\":\"https:\/\/secure.gravatar.com\/avatar\/a03a82675d8bb3da8e5c5a6872db97be?s=96&d=mm&r=g\",\"caption\":\"Ana Maria Devides\"},\"url\":\"https:\/\/ninamartinelli.com.br\/blog2\/author\/assessoria-nina-martinelli\/\"}]}<\/script>\n<!-- \/ Yoast SEO plugin. -->","yoast_head_json":{"title":"O\u00e1sis de brasilidade e clima praiano com Scortese Rosso em cobertura em Santa Catarina","description":"O\u00e1sis de brasilidade e clima praiano - Piso Scortese Rosso traz pegada natural, acolhedora e relaxante a reforma em S\/C","robots":{"index":"index","follow":"follow","max-snippet":"max-snippet:-1","max-image-preview":"max-image-preview:large","max-video-preview":"max-video-preview:-1"},"canonical":"https:\/\/ninamartinelli.com.br\/blog2\/oasis-de-brasilidade-e-clima-praiano-com-scortese-rosso-em-cobertura-em-santa-catarina\/","og_locale":"pt_BR","og_type":"article","og_title":"O\u00e1sis de brasilidade e clima praiano com Scortese Rosso em cobertura em Santa Catarina","og_description":"O\u00e1sis de brasilidade e clima praiano - Piso Scortese Rosso traz pegada natural, acolhedora e relaxante a reforma em S\/C","og_url":"https:\/\/ninamartinelli.com.br\/blog2\/oasis-de-brasilidade-e-clima-praiano-com-scortese-rosso-em-cobertura-em-santa-catarina\/","og_site_name":"Blog Nina","article_published_time":"2024-06-26T11:52:30+00:00","og_image":[{"width":1200,"height":1600,"url":"https:\/\/ninamartinelli.com.br\/blog2\/wp-content\/uploads\/2024\/06\/Arqplan-1.jpeg","type":"image\/jpeg"}],"author":"Ana Maria Devides","twitter_card":"summary_large_image","twitter_misc":{"Escrito por":"Ana Maria Devides","Est. tempo de leitura":"4 minutos"},"schema":{"@context":"https:\/\/schema.org","@graph":[{"@type":"Article","@id":"https:\/\/ninamartinelli.com.br\/blog2\/oasis-de-brasilidade-e-clima-praiano-com-scortese-rosso-em-cobertura-em-santa-catarina\/#article","isPartOf":{"@id":"https:\/\/ninamartinelli.com.br\/blog2\/oasis-de-brasilidade-e-clima-praiano-com-scortese-rosso-em-cobertura-em-santa-catarina\/"},"author":{"name":"Ana Maria Devides","@id":"https:\/\/ninamartinelli.com.br\/blog2\/#\/schema\/person\/43fbfb1d4cbe3b472995206b2bb06df5"},"headline":"O\u00e1sis de brasilidade e clima praiano com Scortese Rosso em cobertura em Santa Catarina","datePublished":"2024-06-26T11:52:30+00:00","mainEntityOfPage":{"@id":"https:\/\/ninamartinelli.com.br\/blog2\/oasis-de-brasilidade-e-clima-praiano-com-scortese-rosso-em-cobertura-em-santa-catarina\/"},"wordCount":653,"commentCount":0,"publisher":{"@id":"https:\/\/ninamartinelli.com.br\/blog2\/#organization"},"image":{"@id":"https:\/\/ninamartinelli.com.br\/blog2\/oasis-de-brasilidade-e-clima-praiano-com-scortese-rosso-em-cobertura-em-santa-catarina\/#primaryimage"},"thumbnailUrl":"https:\/\/ninamartinelli.com.br\/blog2\/wp-content\/uploads\/2024\/06\/Arqplan-1.jpeg","keywords":["apartamento","area externa","area interna","ceramica","piso","piso rustico"],"articleSection":["Cer\u00e2mica","Sustentabilidade"],"inLanguage":"pt-BR","potentialAction":[{"@type":"CommentAction","name":"Comment","target":["https:\/\/ninamartinelli.com.br\/blog2\/oasis-de-brasilidade-e-clima-praiano-com-scortese-rosso-em-cobertura-em-santa-catarina\/#respond"]}]},{"@type":"WebPage","@id":"https:\/\/ninamartinelli.com.br\/blog2\/oasis-de-brasilidade-e-clima-praiano-com-scortese-rosso-em-cobertura-em-santa-catarina\/","url":"https:\/\/ninamartinelli.com.br\/blog2\/oasis-de-brasilidade-e-clima-praiano-com-scortese-rosso-em-cobertura-em-santa-catarina\/","name":"O\u00e1sis de brasilidade e clima praiano com Scortese Rosso em cobertura em Santa Catarina","isPartOf":{"@id":"https:\/\/ninamartinelli.com.br\/blog2\/#website"},"primaryImageOfPage":{"@id":"https:\/\/ninamartinelli.com.br\/blog2\/oasis-de-brasilidade-e-clima-praiano-com-scortese-rosso-em-cobertura-em-santa-catarina\/#primaryimage"},"image":{"@id":"https:\/\/ninamartinelli.com.br\/blog2\/oasis-de-brasilidade-e-clima-praiano-com-scortese-rosso-em-cobertura-em-santa-catarina\/#primaryimage"},"thumbnailUrl":"https:\/\/ninamartinelli.com.br\/blog2\/wp-content\/uploads\/2024\/06\/Arqplan-1.jpeg","datePublished":"2024-06-26T11:52:30+00:00","description":"O\u00e1sis de brasilidade e clima praiano - Piso Scortese Rosso traz pegada natural, acolhedora e relaxante a reforma em S\/C","breadcrumb":{"@id":"https:\/\/ninamartinelli.com.br\/blog2\/oasis-de-brasilidade-e-clima-praiano-com-scortese-rosso-em-cobertura-em-santa-catarina\/#breadcrumb"},"inLanguage":"pt-BR","potentialAction":[{"@type":"ReadAction","target":["https:\/\/ninamartinelli.com.br\/blog2\/oasis-de-brasilidade-e-clima-praiano-com-scortese-rosso-em-cobertura-em-santa-catarina\/"]}]},{"@type":"ImageObject","inLanguage":"pt-BR","@id":"https:\/\/ninamartinelli.com.br\/blog2\/oasis-de-brasilidade-e-clima-praiano-com-scortese-rosso-em-cobertura-em-santa-catarina\/#primaryimage","url":"https:\/\/ninamartinelli.com.br\/blog2\/wp-content\/uploads\/2024\/06\/Arqplan-1.jpeg","contentUrl":"https:\/\/ninamartinelli.com.br\/blog2\/wp-content\/uploads\/2024\/06\/Arqplan-1.jpeg","width":1200,"height":1600},{"@type":"BreadcrumbList","@id":"https:\/\/ninamartinelli.com.br\/blog2\/oasis-de-brasilidade-e-clima-praiano-com-scortese-rosso-em-cobertura-em-santa-catarina\/#breadcrumb","itemListElement":[{"@type":"ListItem","position":1,"name":"In\u00edcio","item":"https:\/\/ninamartinelli.com.br\/blog2\/"},{"@type":"ListItem","position":2,"name":"O\u00e1sis de brasilidade e clima praiano com Scortese Rosso em cobertura em Santa Catarina"}]},{"@type":"WebSite","@id":"https:\/\/ninamartinelli.com.br\/blog2\/#website","url":"https:\/\/ninamartinelli.com.br\/blog2\/","name":"Nina Martinelli","description":"#Nina_Martinelli","publisher":{"@id":"https:\/\/ninamartinelli.com.br\/blog2\/#organization"},"potentialAction":[{"@type":"SearchAction","target":{"@type":"EntryPoint","urlTemplate":"https:\/\/ninamartinelli.com.br\/blog2\/?s={search_term_string}"},"query-input":{"@type":"PropertyValueSpecification","valueRequired":true,"valueName":"search_term_string"}}],"inLanguage":"pt-BR"},{"@type":"Organization","@id":"https:\/\/ninamartinelli.com.br\/blog2\/#organization","name":"Blog Novidades","url":"https:\/\/ninamartinelli.com.br\/blog2\/","logo":{"@type":"ImageObject","inLanguage":"pt-BR","@id":"https:\/\/ninamartinelli.com.br\/blog2\/#\/schema\/logo\/image\/","url":"http:\/\/blog.ninamartinelli.com.br\/wp-content\/uploads\/2022\/03\/logo_nina_blog.png","contentUrl":"http:\/\/blog.ninamartinelli.com.br\/wp-content\/uploads\/2022\/03\/logo_nina_blog.png","width":500,"height":104,"caption":"Blog Novidades"},"image":{"@id":"https:\/\/ninamartinelli.com.br\/blog2\/#\/schema\/logo\/image\/"}},{"@type":"Person","@id":"https:\/\/ninamartinelli.com.br\/blog2\/#\/schema\/person\/43fbfb1d4cbe3b472995206b2bb06df5","name":"Ana Maria Devides","image":{"@type":"ImageObject","inLanguage":"pt-BR","@id":"https:\/\/ninamartinelli.com.br\/blog2\/#\/schema\/person\/image\/","url":"https:\/\/secure.gravatar.com\/avatar\/a03a82675d8bb3da8e5c5a6872db97be?s=96&d=mm&r=g","contentUrl":"https:\/\/secure.gravatar.com\/avatar\/a03a82675d8bb3da8e5c5a6872db97be?s=96&d=mm&r=g","caption":"Ana Maria Devides"},"url":"https:\/\/ninamartinelli.com.br\/blog2\/author\/assessoria-nina-martinelli\/"}]}},"_links":{"self":[{"href":"https:\/\/ninamartinelli.com.br\/blog2\/wp-json\/wp\/v2\/posts\/2386","targetHints":{"allow":["GET"]}}],"collection":[{"href":"https:\/\/ninamartinelli.com.br\/blog2\/wp-json\/wp\/v2\/posts"}],"about":[{"href":"https:\/\/ninamartinelli.com.br\/blog2\/wp-json\/wp\/v2\/types\/post"}],"author":[{"embeddable":true,"href":"https:\/\/ninamartinelli.com.br\/blog2\/wp-json\/wp\/v2\/users\/2"}],"replies":[{"embeddable":true,"href":"https:\/\/ninamartinelli.com.br\/blog2\/wp-json\/wp\/v2\/comments?post=2386"}],"version-history":[{"count":2,"href":"https:\/\/ninamartinelli.com.br\/blog2\/wp-json\/wp\/v2\/posts\/2386\/revisions"}],"predecessor-version":[{"id":2390,"href":"https:\/\/ninamartinelli.com.br\/blog2\/wp-json\/wp\/v2\/posts\/2386\/revisions\/2390"}],"wp:featuredmedia":[{"embeddable":true,"href":"https:\/\/ninamartinelli.com.br\/blog2\/wp-json\/wp\/v2\/media\/2387"}],"wp:attachment":[{"href":"https:\/\/ninamartinelli.com.br\/blog2\/wp-json\/wp\/v2\/media?parent=2386"}],"wp:term":[{"taxonomy":"category","embeddable":true,"href":"https:\/\/ninamartinelli.com.br\/blog2\/wp-json\/wp\/v2\/categories?post=2386"},{"taxonomy":"post_tag","embeddable":true,"href":"https:\/\/ninamartinelli.com.br\/blog2\/wp-json\/wp\/v2\/tags?post=2386"}],"curies":[{"name":"wp","href":"https:\/\/api.w.org\/{rel}","templated":true}]}}